{"id":60689,"date":"2023-10-10T09:26:55","date_gmt":"2023-10-10T07:26:55","guid":{"rendered":"https:\/\/charleroi-pourlapalestine.be\/?p=60689"},"modified":"2023-10-10T09:27:06","modified_gmt":"2023-10-10T07:27:06","slug":"israel-massacre-des-familles-palestiniennes-entieres-dans-ses-frappes-de-represailles-contre-gaza","status":"publish","type":"post","link":"https:\/\/charleroi-pourlapalestine.be\/index.php\/2023\/10\/10\/israel-massacre-des-familles-palestiniennes-entieres-dans-ses-frappes-de-represailles-contre-gaza\/","title":{"rendered":"Isra\u00ebl massacre des familles palestiniennes enti\u00e8res dans ses frappes de repr\u00e9sailles contre Gaza"},"content":{"rendered":"<p>Dans la nuit de dimanche \u00e0 lundi, Isra\u00ebl a fait trembler le sol de Gaza en la pilonnant par air, par terre et par mer, alors qu\u2019on en est au troisi\u00e8me jour de cette confrontation majeure qui a d\u00e9but\u00e9 par une offensive surprise lanc\u00e9e par le Hamas.<\/p>\n<p>&nbsp;<\/p>\n<div id=\"attachment_60715\" style=\"width: 810px\" class=\"wp-caption aligncenter\"><img loading=\"lazy\" decoding=\"async\" aria-describedby=\"caption-attachment-60715\" class=\"wp-image-60715 size-full\" src=\"https:\/\/charleroi-pourlapalestine.be\/wp-content\/uploads\/2023\/10\/Khan-Younis-dans-le-sud-de-la-bande-de-Gaza.jpg\" alt=\"8 octobre 2023. Des Palestiniens sortent une victime des d\u00e9combres d\u2019une habitation d\u00e9truite par une frappe a\u00e9rienne d\u2019Isra\u00ebl \u00e0 Khan Younis, dans le sud de la bande de Gaza.\" width=\"800\" height=\"533\"><p id=\"caption-attachment-60715\" class=\"wp-caption-text\"><strong>8 octobre 2023. Des Palestiniens sortent une victime des d\u00e9combres d\u2019une habitation d\u00e9truite par une frappe a\u00e9rienne d\u2019Isra\u00ebl \u00e0 Khan Younis, dans le sud de la bande de Gaza.<\/strong> (Photo : Yousef Mohammad \/ DPA)<\/p><\/div>\n<p>&nbsp;<\/p>\n<p><a href=\"https:\/\/charleroi-pourlapalestine.be\/index.php\/tag\/maureen-clare-murphy\/\"><strong>Maureen Clare Murphy,<\/strong><\/a> 9 octobre 2023<\/p>\n<p>Les chiffres officiels font \u00e9tat de 700 morts en Isra\u00ebl mais l\u2019organe d\u2019information <em>Yediot Ahronot<\/em> a fait savoir lundi matin qu\u2019il estimait qu\u2019il devait y avoir au moins 1 000 morts, \u00e0 pr\u00e9sent. De son c\u00f4t\u00e9, le minist\u00e8re de la sant\u00e9 \u00e0 Gaza a d\u00e9clar\u00e9 qu\u2019\u00e0 la fin de la journ\u00e9e de dimanche, le territoire comptait au moins 413 morts.<\/p>\n<p>\u00c0 Gaza, Isra\u00ebl a tu\u00e9 de nombreux membres de plusieurs familles en bombardant leurs maisons sans avertissement pr\u00e9alable, alors que les familles s\u2019y trouvaient encore, ont expliqu\u00e9 les organisations de d\u00e9fense des droits.<\/p>\n<p>On ne peut que garantir un bain de sang pire encore, puisqu\u2019on pr\u00e9tend qu\u2019Isra\u00ebl s\u2019appr\u00eate \u00e0 lancer une <strong>invasion terrestre <\/strong>de Gaza d\u2019ici un jour ou deux, alors que l\u2019enclave est d\u00e9j\u00e0 soumise \u00e0 un blocus s\u00e9v\u00e8re depuis 2007 et que, depuis lors, elle a en outre d\u00fb subir plusieurs offensives \u00e0 grande \u00e9chelle.<\/p>\n<p>Les organisations palestiniennes de d\u00e9fense des droits humains ont mis en garde contre le fait que les d\u00e9clarations des dirigeants isra\u00e9liens, dont le Premier ministre Benjamin Netanyahou,<\/p>\n<blockquote><p>\u00ab laissaient pr\u00e9sager un nombre de victimes sans pr\u00e9c\u00e9dent, en tout premier lieu parmi les civils \u00bb.<\/p><\/blockquote>\n<p>Ces organisations ont d\u00e9clar\u00e9 que ces pertes additionnelles parmi les civils et ces destructions seraient in\u00e9vitables tant qu\u2019Isra\u00ebl continuerait de se soustraire \u00e0 toute responsabilit\u00e9<\/p>\n<blockquote><p>\u00ab dans les crimes internationaux commis contre le peuple palestinien \u00bb.<\/p><\/blockquote>\n<p>Un peu avant une r\u00e9union \u00e0 huis clos du Conseil de s\u00e9curit\u00e9 ce dimanche, Riyad Mansour, le repr\u00e9sentant de l\u2019<strong>Autorit\u00e9 palestinienne aux Nations unies<\/strong>, a dit :<\/p>\n<blockquote><p>\u00ab Nous sommes venus au Conseil de s\u00e9curit\u00e9 mois apr\u00e8s mois pour mettre en garde contre les cons\u00e9quences de l\u2019impunit\u00e9 dont jouit Isra\u00ebl et contre l\u2019inaction internationale \u00bb.<\/p>\n<p>\u00ab Ce n\u2019est pas le moment de laisser Isra\u00ebl doubler la mise sur ses choix terribles \u00bb,<\/p><\/blockquote>\n<p>a ajout\u00e9 Mansour.<\/p>\n<blockquote><p>\u00ab Mais c\u2019est le moment de dire \u00e0 Isra\u00ebl qu\u2019il doit changer de cap, qu\u2019il existe une voie vers la paix dans laquelle des Palestiniens ou des Isra\u00e9liens ne se feront pas tuer. \u00bb<\/p><\/blockquote>\n<p>Et d\u2019ajouter que les d\u00e9clarations des alli\u00e9s d\u2019Isra\u00ebl<\/p>\n<blockquote><p>\u00ab \u00e0 propos du droit d\u2019Isra\u00ebl \u00e0 se d\u00e9fendre seront interpr\u00e9t\u00e9es par Isra\u00ebl comme une autorisation de tuer \u00bb.<\/p><\/blockquote>\n<p>Mansour a encore dit que la voie vers la paix ne passait pas<\/p>\n<blockquote><p>\u00ab par une oppression et une occupation encore plus dures mais, au contraire, en y mettant un terme \u00bb.<\/p><\/blockquote>\n<p>&nbsp;<\/p>\n<h3><strong>Les EU affectent un porte-avions au soutien d\u2019Isra\u00ebl<\/strong><\/h3>\n<p>Mais les m\u00eames \u00c9tats occidentaux qui ont mis Isra\u00ebl \u00e0 l\u2019abri de ses responsabilit\u00e9s sur les forums internationaux se sont align\u00e9s derri\u00e8re lui suite \u00e0 la contre-offensive du Hamas face aux agressions isra\u00e9liennes et aux attaques de ses colons contre les Palestiniens en Cisjordanie, tout particuli\u00e8rement \u00e0 J\u00e9rusalem et dans la ville de Huwwara.<\/p>\n<p>Les EU ont exig\u00e9 que le Conseil de s\u00e9curit\u00e9 condamne <em>\u00ab les attaques terroristes haineuses \u00bb,<\/em> mais ils ne sont pas parvenus \u00e0 convaincre la totalit\u00e9 des 15 \u00c9tats membres d\u2019abonder dans leur sens.<\/p>\n<p>Washington a d\u00e9clar\u00e9 dimanche qu\u2019il <em>\u00ab livrerait rapidement \u00bb<\/em> des \u00e9quipements et armes suppl\u00e9mentaires \u00e0 l\u2019arm\u00e9e isra\u00e9lienne et qu\u2019ils allaient rediriger un porte-avions vers la M\u00e9diterran\u00e9e orientale.<\/p>\n<p><strong>Hashem Safieddine<\/strong>, une importante personnalit\u00e9 du <strong>Hezbollah<\/strong> au Liban \u2013 qui, dimanche, a bombard\u00e9 une partie du pays occup\u00e9e par Isra\u00ebl \u2013, <strong>a mis en garde les EU et Isra\u00ebl contre le risque d\u2019escalade r\u00e9gionale d\u2019une telle mesure.<\/strong><\/p>\n<p>Dimanche soir, l\u2019arm\u00e9e isra\u00e9lienne a fait savoir qu\u2019elle \u00e9tait toujours engag\u00e9e dans la lutte contre les combattants palestiniens dans les zones d\u00e9sormais militaris\u00e9es entourant Gaza et elle a en outre pr\u00e9tendu avoir tu\u00e9 des \u00ab centaines \u00bb de ces combattants depuis samedi.<\/p>\n<p>Une vid\u00e9o montrait les d\u00e9g\u00e2ts g\u00e9n\u00e9ralis\u00e9s inflig\u00e9s \u00e0 <strong>Ashkelon,<\/strong> une ville c\u00f4ti\u00e8re du sud d\u2019Isra\u00ebl, apr\u00e8s un tir de roquettes effectu\u00e9 depuis Gaza dimanche soir.<\/p>\n<blockquote class=\"twitter-tweet\" data-width=\"500\" data-dnt=\"true\">\n<p lang=\"ar\" dir=\"rtl\">\u0645\u0634\u0627\u0647\u062f \u062a\u0648\u062b\u0642 \u0622\u062b\u0627\u0631 \u0627\u0644\u062f\u0645\u0627\u0631 \u0627\u0644\u0648\u0627\u0633\u0639 \u0641\u064a \u0639\u0633\u0642\u0644\u0627\u0646 \u0628\u0641\u0639\u0644 \u0627\u0644\u0635\u0648\u0627\u0631\u064a\u062e \u0627\u0644\u062a\u064a \u0623\u0637\u0644\u0642\u062a\u0647\u0627 \u0643\u062a\u0627\u0626\u0628 \u0627\u0644\u0642\u0633\u0627\u0645 \u0645\u0646 \u0642\u0637\u0627\u0639 <a href=\"https:\/\/twitter.com\/hashtag\/%D8%BA%D8%B2%D8%A9?src=hash&amp;ref_src=twsrc%5Etfw\">#\u063a\u0632\u0629<\/a> \u0636\u0645\u0646 <a href=\"https:\/\/twitter.com\/hashtag\/%D8%B9%D9%85%D9%84%D9%8A%D8%A9_%D8%B7%D9%88%D9%81%D8%A7%D9%86_%D8%A7%D9%84%D8%A3%D9%82%D8%B5%D9%89?src=hash&amp;ref_src=twsrc%5Etfw\">#\u0639\u0645\u0644\u064a\u0629_\u0637\u0648\u0641\u0627\u0646_\u0627\u0644\u0623\u0642\u0635\u0649<\/a> <a href=\"https:\/\/twitter.com\/hashtag\/%D8%A7%D9%84%D8%A3%D8%AE%D8%A8%D8%A7%D8%B1?src=hash&amp;ref_src=twsrc%5Etfw\">#\u0627\u0644\u0623\u062e\u0628\u0627\u0631<\/a> <a href=\"https:\/\/t.co\/PPZXZxkgU2\">pic.twitter.com\/PPZXZxkgU2<\/a><\/p>\n<p>&mdash; \u0642\u0646\u0627\u0629 \u0627\u0644\u062c\u0632\u064a\u0631\u0629 (@AJArabic) <a href=\"https:\/\/twitter.com\/AJArabic\/status\/1711138295885840659?ref_src=twsrc%5Etfw\">October 8, 2023<\/a><\/p><\/blockquote>\n<p><script async src=\"https:\/\/platform.twitter.com\/widgets.js\" charset=\"utf-8\"><\/script><\/p>\n<p>&nbsp;<\/p>\n<p>Ce dimanche, malgr\u00e9 les efforts ti\u00e8des des personnalit\u00e9s militaires en vue de faire basculer les \u00e9v\u00e9nements comme s\u2019ils se d\u00e9roulaient \u00e0 son avantage, Isra\u00ebl se d\u00e9battait toujours pour en arriver \u00e0 percevoir ce qu\u2019on ne peut d\u00e9crire que comme<strong> un colossal \u00e9chec strat\u00e9gique et op\u00e9rationnel.<\/strong><\/p>\n<blockquote class=\"twitter-tweet\" data-width=\"500\" data-dnt=\"true\">\n<p lang=\"en\" dir=\"ltr\">The resistance liberated an area of occupied Palestine bigger than Gaza. The enemy defense appears to have been totally unprepared. <a href=\"https:\/\/t.co\/gWfT6qUPxC\">https:\/\/t.co\/gWfT6qUPxC<\/a><\/p>\n<p>&mdash; Ali Abunimah (@AliAbunimah) <a href=\"https:\/\/twitter.com\/AliAbunimah\/status\/1710927595674513590?ref_src=twsrc%5Etfw\">October 8, 2023<\/a><\/p><\/blockquote>\n<p><script async src=\"https:\/\/platform.twitter.com\/widgets.js\" charset=\"utf-8\"><\/script><\/p>\n<blockquote class=\"twitter-tweet\" data-width=\"500\" data-dnt=\"true\">\n<p lang=\"en\" dir=\"ltr\">Almost 24 hours after attack began, IDF spox tells BBCWS that &quot;the scope of the attack is not final [ie. not known)&quot;; &quot;fighting is still raging&quot;; IDF have &quot;yet to establish effective control over Israeli communities&quot; in South. [BBC Newshour 7\/10]<\/p>\n<p>&mdash; Jon Elmer (@jonelmer) <a href=\"https:\/\/twitter.com\/jonelmer\/status\/1710845699485557065?ref_src=twsrc%5Etfw\">October 8, 2023<\/a><\/p><\/blockquote>\n<p><script async src=\"https:\/\/platform.twitter.com\/widgets.js\" charset=\"utf-8\"><\/script><\/p>\n<p>&nbsp;<\/p>\n<p>Dimanche, \u00e0 <strong>Sderot,<\/strong> une colonie isra\u00e9lienne \u00e0 proximit\u00e9 de Gaza dont les autorit\u00e9s isra\u00e9liennes croyaient qu\u2019elle avait \u00e9t\u00e9 infiltr\u00e9e par des combattants palestiniens, ces m\u00eames autorit\u00e9s ont ordonn\u00e9 aux r\u00e9sidents de l\u2019endroit de se terrer dans leurs foyers.<\/p>\n<p><img loading=\"lazy\" decoding=\"async\" class=\"aligncenter wp-image-60723 size-full\" src=\"https:\/\/charleroi-pourlapalestine.be\/wp-content\/uploads\/2023\/10\/kibbutz.jpg\" alt=\"Une colonie isra\u00e9lienne \u00e0 proximit\u00e9 de Gaza\" width=\"800\" height=\"533\"><\/p>\n<p>&nbsp;<\/p>\n<p>Un peu plus t\u00f4t dans la journ\u00e9e, l\u2019arm\u00e9e avait \u00e9galement transmis des ordres de confinement \u00e0 demeure aux r\u00e9sidents du kibboutz de <strong>Mefalsim,<\/strong> une autre colonie situ\u00e9e \u00e0 proximit\u00e9 de Gaza. En tout, environ vingt-cinq colonies des environs de Gaza \u00e9taient \u00e9vacu\u00e9es par l\u2019arm\u00e9e.<\/p>\n<p>&nbsp;<\/p>\n<h3><strong>Des centaines de morts en Isra\u00ebl<\/strong><\/h3>\n<p>Le minist\u00e8re isra\u00e9lien de la sant\u00e9 a rapport\u00e9 que le nombre de d\u00e9c\u00e8s avait grimp\u00e9 \u00e0 700 et le nombre de bless\u00e9s \u00e0 2 200. Des rapports des m\u00e9dias ont fait savoir que 360 bless\u00e9s se trouvaient dans un \u00e9tat critique \u00e0 la fin de la nuit de dimanche \u00e0 lundi.<\/p>\n<p>Des ressortissants \u00e9trangers figuraient parmi les morts, dont 10 citoyens du N\u00e9pal tu\u00e9s au kibboutz d\u2019<strong>Alumim,<\/strong> une colonie situ\u00e9e \u00e0 proximit\u00e9 de Gaza.<\/p>\n<p>Trois ressortissants britanniques \u00e9taient port\u00e9s manquants, peut-\u00eatre morts, dont un homme qui servait dans l\u2019arm\u00e9e isra\u00e9lienne. Un ressortissant fran\u00e7ais engag\u00e9 dans l\u2019arm\u00e9e isra\u00e9lienne figure \u00e9galement au nombre des morts et on est \u00e9galement sans nouvelles de plusieurs de ses concitoyens.<\/p>\n<p><strong>Antony Blinken,<\/strong> le secr\u00e9taire d\u2019\u00c9tat am\u00e9ricain, a d\u00e9clar\u00e9 que Washington&nbsp;\u00ab s\u2019employait tr\u00e8s activement \u00e0 v\u00e9rifier \u00bb les rapports pr\u00e9tendant que plusieurs Am\u00e9ricains se trouvaient parmi les morts et les personnes captur\u00e9es et d\u00e9tenues \u00e0 Gaza.<\/p>\n<p>La Tha\u00eflande a d\u00e9clar\u00e9 que deux de ses ressortissants avaient \u00e9t\u00e9 tu\u00e9s et que 11 autres \u00e9taient d\u00e9tenus par le Hamas \u00e0 Gaza.<\/p>\n<p>Un \u00e9tudiant cambodgien ferait \u00e9galement partie des morts.<\/p>\n<p>Certains gouvernements ont invit\u00e9 leurs citoyens \u00e0 quitter Isra\u00ebl et certains ont d\u00e9j\u00e0 \u00e9vacu\u00e9 leurs ressortissants du pays.<\/p>\n<div id=\"attachment_60727\" style=\"width: 810px\" class=\"wp-caption aligncenter\"><img loading=\"lazy\" decoding=\"async\" aria-describedby=\"caption-attachment-60727\" class=\"wp-image-60727 size-full\" src=\"https:\/\/charleroi-pourlapalestine.be\/wp-content\/uploads\/2023\/10\/Gaza.-La-police-et-les-medias-sont-presents-sur-le-site-dun-immeuble-detruit.jpg\" alt=\"La police et les m\u00e9dias sont pr\u00e9sents sur le site d\u2019un immeuble d\u00e9truit lors d\u2019une attaque \u00e0 la roquette \u00e0 Tel-Aviv, le 8 octobre. (Photo : Abir Sultan \/ EFE)\" width=\"800\" height=\"533\"><p id=\"caption-attachment-60727\" class=\"wp-caption-text\"><strong>La police et les m\u00e9dias sont pr\u00e9sents sur le site d\u2019un immeuble d\u00e9truit lors d\u2019une attaque \u00e0 la roquette \u00e0 Tel-Aviv, le 8 octobre.<\/strong> (Photo : Abir Sultan \/ EFE)<\/p><\/div>\n<p>&nbsp;<\/p>\n<p>Plusieurs compagnies a\u00e9riennes ont consid\u00e9rablement r\u00e9duit leurs vols en direction et en provenance de Tel-Aviv, avant et apr\u00e8s le ciblage de l\u2019a\u00e9roport par une salve de roquettes depuis Gaza, dimanche soir.<\/p>\n<p>Les autorit\u00e9s isra\u00e9liennes ont d\u00e9clar\u00e9 que les corps de 250 personnes avaient \u00e9t\u00e9 retrouv\u00e9s sur le site d\u2019un festival musical nocturne qui avait \u00e9t\u00e9 pris d\u2019assaut par les combattants palestiniens au d\u00e9but de l\u2019attaque de samedi.<\/p>\n<p>Une vid\u00e9o du festival, organis\u00e9 \u00e0 quelques milles \u00e0 peine de la bande de Gaza, montre des roquettes faisant des lignes dans un ciel o\u00f9 des parapentes palestiniens sont \u00e9galement visibles :<\/p>\n<blockquote class=\"twitter-tweet\" data-width=\"500\" data-dnt=\"true\">\n<p lang=\"en\" dir=\"ltr\">A few thousand young Israelis were gathered at a music festival after dawn on Saturday when rockets began arcing in the sky, and the festival devolved into terrifying chaos. At least 109 people were believed to have been killed, Israeli officials said. <a href=\"https:\/\/t.co\/ij3n0MdrSU\">https:\/\/t.co\/ij3n0MdrSU<\/a> <a href=\"https:\/\/t.co\/SAmp0NRG9h\">pic.twitter.com\/SAmp0NRG9h<\/a><\/p>\n<p>&mdash; The New York Times (@nytimes) <a href=\"https:\/\/twitter.com\/nytimes\/status\/1711119284095594621?ref_src=twsrc%5Etfw\">October 8, 2023<\/a><\/p><\/blockquote>\n<p><script async src=\"https:\/\/platform.twitter.com\/widgets.js\" charset=\"utf-8\"><\/script><\/p>\n<blockquote class=\"twitter-tweet\" data-width=\"500\" data-dnt=\"true\">\n<p lang=\"en\" dir=\"ltr\">but this is not considered depraved and inhuman. It is considered normal Western civilized behavior to go to the fence of a concentration camp and have a party. Who cares, Palestinians, like Iraqis, Afghans, Yemenis, Syrians, Libyans are sub-human anyway <a href=\"https:\/\/t.co\/9Tq2Cq9I5d\">pic.twitter.com\/9Tq2Cq9I5d<\/a><\/p>\n<p>&mdash; \u2600\ufe0f\ud83d\udc40 (@zei_squirrel) <a href=\"https:\/\/twitter.com\/zei_squirrel\/status\/1710952479716720797?ref_src=twsrc%5Etfw\">October 8, 2023<\/a><\/p><\/blockquote>\n<p><script async src=\"https:\/\/platform.twitter.com\/widgets.js\" charset=\"utf-8\"><\/script><\/p>\n<p>&nbsp;<\/p>\n<p>Une vid\u00e9o montrait le corps d\u2019au moins<strong> un festivalier<\/strong> gisant dans la benne d\u2019un camion conduit \u00e0 Gaza par des militants.<\/p>\n<p>Une autre vid\u00e9o montrait <strong>un autre festivalier<\/strong> captur\u00e9 vivant par des combattants palestiniens roulant \u00e0 moto.<\/p>\n<p>Dimanche, les familles des Isra\u00e9liens port\u00e9s manquants ont tenu une conf\u00e9rence de presse pour r\u00e9clamer plus d\u2019infos au gouvernement ainsi qu\u2019une rencontre avec des responsables.<\/p>\n<p><strong>Quarante membres de la police isra\u00e9lienne des fronti\u00e8res ont \u00e9t\u00e9 tu\u00e9s et bless\u00e9s,<\/strong> alors qu\u2019on ne sait pas ce que sont devenus 18 autres hommes de cette m\u00eame, pr\u00e9tendent des comptes rendus des m\u00e9dias.<\/p>\n<p><strong>Des douzaines de soldats et de grad\u00e9s isra\u00e9liens ont \u00e9t\u00e9 tu\u00e9s, ainsi que des douzaines de policiers de tous rangs.<\/strong><\/p>\n<p>Dimanche, au moins un motocycliste isra\u00e9lien a \u00e9t\u00e9 tu\u00e9 pr\u00e8s d\u2019<strong>Ashkelon<\/strong> par la police qui l\u2019a pris pour un combattant palestinien. Un autre Isra\u00e9lien a \u00e9t\u00e9 abattu \u00e0 <strong>Sderot<\/strong> dans des circonstances similaires, mais il a surv\u00e9cu.<\/p>\n<p>Isra\u00ebl a d\u00e9clar\u00e9 qu\u2019on estimait que <strong>plus de 100 personnes avaient \u00e9t\u00e9 captur\u00e9es par les combattants palestiniens<\/strong> et emmen\u00e9es \u00e0 Gaza.<strong> Le chiffre a \u00e9t\u00e9 confirm\u00e9 dimanche soir par des responsables du Hamas.<\/strong> Des ressortissants \u00e9trangers figurent parmi ces personnes d\u00e9tenues \u00e0 Gaza, dont un homme et une femme originaires du Mexique.<\/p>\n<p>Nombre d\u2019Isra\u00e9liens n\u2019ont appris le sort des membres de leurs familles que via des images vid\u00e9o prises \u00e0 Gaza. Une femme a d\u00e9clar\u00e9 \u00e0 une radio isra\u00e9lienne qu\u2019on avait dit sa famille que son fr\u00e8re, un soldat isra\u00e9lien port\u00e9 manquant, \u00e9tait mort. On l\u2019avait appel\u00e9 sur son t\u00e9l\u00e9phone mobile et c\u2019\u00e9tait un combattant palestinien qui avait r\u00e9pondu.<\/p>\n<p>En effet, <strong>l\u2019arm\u00e9e isra\u00e9lienne n\u2019a pas compris que les combattants du Hamas avaient infiltr\u00e9 les colonies de la r\u00e9gion de Gaza, avant que des images et des vid\u00e9os montrant des Isra\u00e9liens captur\u00e9s et emmen\u00e9s \u00e0 Gaza n\u2019aient commenc\u00e9 \u00e0 circuler sur les m\u00e9dias sociaux.<\/strong><\/p>\n<blockquote class=\"twitter-tweet\" data-width=\"500\" data-dnt=\"true\">\n<p lang=\"en\" dir=\"ltr\">The IDF learned their soldiers were being captured and that Qassam&#39;s frogmen were coming on land by watching Qassam&#39;s videos. [Ha&#39;aretz 8\/10] <a href=\"https:\/\/t.co\/RTknw8mepR\">pic.twitter.com\/RTknw8mepR<\/a><\/p>\n<p>&mdash; Jon Elmer (@jonelmer) <a href=\"https:\/\/twitter.com\/jonelmer\/status\/1711079033746710769?ref_src=twsrc%5Etfw\">October 8, 2023<\/a><\/p><\/blockquote>\n<p><script async src=\"https:\/\/platform.twitter.com\/widgets.js\" charset=\"utf-8\"><\/script><\/p>\n<p>&nbsp;<\/p>\n<p>Dimanche, pendant plusieurs heures, des corps sont rest\u00e9s \u00e9parpill\u00e9s sur une route \u00e0 l\u2019entr\u00e9e de Sderot, <em>\u00ab preuve de l\u2019incomp\u00e9tence des forces de s\u00e9curit\u00e9 et de secours \u00bb,<\/em> a expliqu\u00e9 <em>Haaretz<\/em>, le quotidien de Tel-Aviv.<\/p>\n<p>Dans d\u2019un autre endroit non loin de Sderot, poursuivait <em>Haaretz<\/em>, <em>\u00ab toute une s\u00e9rie de voitures contenaient des corps de victimes qui \u00e9taient rest\u00e9es l\u00e0 pendant des heures apr\u00e8s avoir \u00e9t\u00e9 tu\u00e9es \u00bb.<\/em><\/p>\n<p>&nbsp;<\/p>\n<h3><strong>Isra\u00ebl cible des civils de Gaza dans ses frappes de repr\u00e9sailles<\/strong><\/h3>\n<p>Les dirigeants isra\u00e9liens ont promis<strong> un recours \u00e0 la force sans pr\u00e9c\u00e9dent<\/strong> afin de se venger de l\u2019attaque surprise et Netanyahou a expliqu\u00e9 que l\u2019offensive isra\u00e9lienne <em>\u00ab se poursuivrait sans limite ni r\u00e9pit tant que les objectifs n\u2019auraient pas \u00e9t\u00e9 atteints \u00bb.<\/em><\/p>\n<p>Jusqu\u2019ici, cela s\u2019est traduit par un <strong>ciblage g\u00e9n\u00e9ralis\u00e9 des civils et des infrastructures civiles de Gaza.<\/strong><\/p>\n<p><strong>L\u2019arm\u00e9e isra\u00e9lienne a fait savoir dimanche qu\u2019elle avait largu\u00e9 100 tonnes de munitions sur Shujaiya, un quartier de la partie orientale de Gaza, qui avait d\u00e9j\u00e0 \u00e9t\u00e9 le site d\u2019un massacre de 55 Palestiniens par l\u2019arm\u00e9e isra\u00e9lienne en juillet 2014.<\/strong><\/p>\n<p>Le minist\u00e8re de la sant\u00e9 de Gaza a fait \u00e9tat de plus de 400 morts suite aux frappes de repr\u00e9sailles isra\u00e9liennes contre le territoire. Parmi ces morts figurent 78 enfants. Quelque 2 300 personnes ont \u00e9galement \u00e9t\u00e9 bless\u00e9es.<\/p>\n<p>Defense for Children International \u2013 Palestine (DCI-P) a confirm\u00e9 la mort d\u2019au moins 33 enfants palestiniens \u00e0 Gaza depuis dimanche matin.<\/p>\n<p>Le Centre palestinien pour les droits humains (CPDH), dont le si\u00e8ge est \u00e0 Gaza, a d\u00e9clar\u00e9 que les frappes de repr\u00e9sailles avaient vis\u00e9 des <em>\u00ab douzaines d\u2019objectifs civils \u00bb,<\/em> bombardant et d\u00e9truisant des <em>\u00ab tours r\u00e9sidentielles et des habitations alors que leurs habitants \u00e9taient toujours \u00e0 l\u2019int\u00e9rieur \u00bb.<\/em><\/p>\n<p>Les organisations palestiniennes des droits humains ont r\u00e9clam\u00e9 \u00ab<em> l\u2019intervention imm\u00e9diate et urgente de la communaut\u00e9 internationale \u00bb<\/em> et ont bl\u00e2m\u00e9 l\u2019escalade de la violence suite \u00e0 <em>\u00ab l\u2019\u00e9chec d\u00e9lib\u00e9r\u00e9 et la r\u00e9ticence (\u2026) \u00e0 vouloir aborder les causes fondamentales de l\u2019actuelle situation en Palestine \u00bb.<\/em><\/p>\n<p>Le CPDH a expliqu\u00e9 que l\u2019arm\u00e9e isra\u00e9lienne avait demand\u00e9 (ou ordonn\u00e9 via des d\u00e9clarations publiques) aux r\u00e9sidents palestiniens des divers quartiers de Gaza d\u2019\u00e9vacuer leurs logements et que <em>\u00ab cette mesure \u00e9quivaut \u00e0 une forme de d\u00e9portation forc\u00e9e \u00bb.<\/em><\/p>\n<p>Les Nations unies ont d\u00e9clar\u00e9 que, dimanche soir, environ <strong>125 000 Palestiniens de Gaza<\/strong> avaient d\u00e9j\u00e0 \u00e9t\u00e9 \u00e9loign\u00e9s de leurs foyers. Pr\u00e8s de 75 000 personnes s\u2019\u00e9taient r\u00e9fugi\u00e9es dans 64 \u00e9coles.<\/p>\n<p><strong>Des patients n\u00e9cessitant des soins<\/strong> n\u2019ont pu se rendre en Cisjordanie ni \u00e0 J\u00e9rusalem-Est ni en Isra\u00ebl pour honorer leurs rendez-vous, du fait que les check-points contr\u00f4l\u00e9s par Isra\u00ebl sont rest\u00e9s ferm\u00e9s.<\/p>\n<p>Le CPDH a pr\u00e9venu que les coupures par Isra\u00ebl dans la <strong>fourniture d\u2019\u00e9lectricit\u00e9<\/strong> \u00e0 Gaza, une forme de punition collective ill\u00e9gale selon les lois internationales,<em> \u00ab provoqueront sans nul doute une catastrophe humanitaire des plus critiques \u00bb.<\/em><\/p>\n<p>Les Nations unies ont dit que la<strong> disponibilit\u00e9 de courant<\/strong> avait \u00e9t\u00e9 ramen\u00e9e \u00e0 trois ou quatre heures par jour et que la centrale de la bande de Gaza, \u00e0 pr\u00e9sent la seule source d\u2019\u00e9lectricit\u00e9 de tout le territoire,<em> \u00ab pouvait tomber \u00e0 court de carburant d\u2019ici quelques jours \u00bb.<\/em><\/p>\n<p>Le CPDH a encore fait savoir que<strong> les compagnies isra\u00e9liennes, qui assurent 50 pour 100 des besoins en eau de Gaza, avaient cess\u00e9 d\u2019alimenter le territoire.<\/strong><\/p>\n<p>L\u2019UNRWA, l\u2019agence de l\u2019ONU pour les r\u00e9fugi\u00e9s palestiniens, a d\u00e9clar\u00e9 qu\u2019elle avait <strong>suspendu sa distribution d\u2019aide alimentaire \u00e0 quelque 113 000 familles de Gaza.<\/strong> Elle a ajout\u00e9 que deux de ses \u00e9tudiants faisaient partie des personnes qui avaient \u00e9t\u00e9 tu\u00e9es.<\/p>\n<p><strong>L\u2019immense majorit\u00e9 de la population de Gaza, de plus de deux millions de Palestiniens, est constitu\u00e9e de r\u00e9fugi\u00e9s de terres se trouvant \u00e0 l\u2019int\u00e9rieur d\u2019Isra\u00ebl, y compris les zones situ\u00e9es \u00e0 la p\u00e9riph\u00e9rie de l\u2019enclave c\u00f4ti\u00e8re.<\/strong><\/p>\n<p>L\u2019UNRWA a encore fait savoir qu\u2019<strong>une de ses \u00e9coles<\/strong> qui abritait des personnes d\u00e9plac\u00e9es avait \u00e9t\u00e9 directement touch\u00e9e par une frappe isra\u00e9lienne.<\/p>\n<blockquote class=\"twitter-tweet\" data-width=\"500\" data-dnt=\"true\">\n<p lang=\"en\" dir=\"ltr\">\ud83d\udd3aToday an <a href=\"https:\/\/twitter.com\/UNRWA?ref_src=twsrc%5Etfw\">@UNRWA<\/a> school sheltering displaced families in the\ud83d\udccd<a href=\"https:\/\/twitter.com\/hashtag\/GazaStrip?src=hash&amp;ref_src=twsrc%5Etfw\">#GazaStrip<\/a> was directly hit<\/p>\n<p>\ud83d\udd3aOver 70,000 displaced people in 64 <a href=\"https:\/\/twitter.com\/UNRWA?ref_src=twsrc%5Etfw\">@UNRWA<\/a> shelters &#8211; numbers likely to increase as heavy shelling and airstrikes continue<\/p>\n<p>Latest Update \u2b07\ufe0f <a href=\"https:\/\/t.co\/46SdNCdtFS\">https:\/\/t.co\/46SdNCdtFS<\/a> <a href=\"https:\/\/t.co\/NngVLqbm9x\">pic.twitter.com\/NngVLqbm9x<\/a><\/p>\n<p>&mdash; UNRWA (@UNRWA) <a href=\"https:\/\/twitter.com\/UNRWA\/status\/1711075714139918661?ref_src=twsrc%5Etfw\">October 8, 2023<\/a><\/p><\/blockquote>\n<p><script async src=\"https:\/\/platform.twitter.com\/widgets.js\" charset=\"utf-8\"><\/script><\/p>\n<p>Le CPDH a insist\u00e9 sur le fait que les Palestiniens de Gaza \u2013 l\u2019une des zones les plus dens\u00e9ment peupl\u00e9es de la plan\u00e8te \u2013 manquent de protection<\/p>\n<blockquote><p><strong>\u00ab du fait qu\u2019il n\u2019y a pas d\u2019abris ni publics ni priv\u00e9s, ni non plus de corridors humanitaires offrant la moindre s\u00e9curit\u00e9 \u00bb.<\/strong><\/p><\/blockquote>\n<p>&nbsp;<\/p>\n<h3><strong>Des familles de Gaza ont \u00e9t\u00e9 tout simplement oblit\u00e9r\u00e9es<\/strong><\/h3>\n<p>Depuis samedi, <strong>plusieurs familles de Gaza ont perdu trois ou quatre membres<\/strong> au cours de chacune des frappes isra\u00e9liennes \u2013 cette tactique a d\u00e9j\u00e0 \u00e9t\u00e9 utilis\u00e9e par Isra\u00ebl lors de pr\u00e9c\u00e9dentes attaques contre le territoire.<\/p>\n<blockquote class=\"twitter-tweet\" data-width=\"500\" data-dnt=\"true\">\n<p lang=\"en\" dir=\"ltr\">Israeli airstrikes on Gaza are intensifying &amp; the numbers of those killed is also rising. War planes are roaring like crazy over the city dropping their massive bombs on houses &amp; residential buildings. I literately feel the ground shaking beneath me!<a href=\"https:\/\/twitter.com\/hashtag\/GazaUnderAttack?src=hash&amp;ref_src=twsrc%5Etfw\">#GazaUnderAttack<\/a><\/p>\n<p>&mdash; J. Shawa \ud83c\uddf5\ud83c\uddf8 \u062c\u0627\u0633\u0645 \u0627\u0644\u0634\u0648\u0627 (@shawajason) <a href=\"https:\/\/twitter.com\/shawajason\/status\/1711065274886099290?ref_src=twsrc%5Etfw\">October 8, 2023<\/a><\/p><\/blockquote>\n<p><script async src=\"https:\/\/platform.twitter.com\/widgets.js\" charset=\"utf-8\"><\/script><\/p>\n<blockquote class=\"twitter-tweet\" data-width=\"500\" data-dnt=\"true\">\n<p lang=\"en\" dir=\"ltr\">The photo below shows the ruins of the Shaban family&#39;s house in Gaza City. It was hit by an Israeli attack that killed the family of six, two parents and their four children. No warning was given for evacuation. <a href=\"https:\/\/t.co\/iKeOTpMP6N\">pic.twitter.com\/iKeOTpMP6N<\/a><\/p>\n<p>&mdash; Al-Mezan \u0627\u0644\u0645\u064a\u0632\u0627\u0646 (@AlMezanCenter) <a href=\"https:\/\/twitter.com\/AlMezanCenter\/status\/1711082437139177569?ref_src=twsrc%5Etfw\">October 8, 2023<\/a><\/p><\/blockquote>\n<p><script async src=\"https:\/\/platform.twitter.com\/widgets.js\" charset=\"utf-8\"><\/script><\/p>\n<p>&nbsp;<\/p>\n<p>Une maison de trois \u00e9tages \u00e0 Abasan al-Kabira, \u00e0 l\u2019est de <strong>Khan Younis<\/strong>, dans le sud de la bande de Gaza, a \u00e9t\u00e9 touch\u00e9e dimanche par une frappe isra\u00e9lienne et ce, sans le moindre avertissement. <em>Al Mezan<\/em>, une autre organisation des droits humains qui a son si\u00e8ge \u00e0 Gaza, a d\u00e9clar\u00e9 que <strong>18 membres de la famille Abu Daqqa, dont des femmes et des enfants, avaient \u00e9t\u00e9 tu\u00e9s au cours de cette frappe.<\/strong><\/p>\n<p>Dix-sept personnes ont \u00e9t\u00e9 tu\u00e9es lors d\u2019une frappe isra\u00e9lienne sur une maison appartenant \u00e0 la famille <strong>Abu Quta<\/strong>.<\/p>\n<blockquote><p>\u00ab De nombreux membres de cette famille sont toujours enterr\u00e9s sous les d\u00e9combres \u00bb,<\/p><\/blockquote>\n<p>ont fait savoir dimanche les organisations des droits humains.<\/p>\n<blockquote class=\"twitter-tweet\" data-width=\"500\" data-dnt=\"true\">\n<p lang=\"en\" dir=\"ltr\">The photo below shows the ruins of the Abu Daqqa family home in Khan Younis. Overnight, an Israeli attack targeted the Abu Daqqa family home, killing eighteen members, including women and children. <a href=\"https:\/\/t.co\/E63QGuujx4\">pic.twitter.com\/E63QGuujx4<\/a><\/p>\n<p>&mdash; Al-Mezan \u0627\u0644\u0645\u064a\u0632\u0627\u0646 (@AlMezanCenter) <a href=\"https:\/\/twitter.com\/AlMezanCenter\/status\/1711090735569596886?ref_src=twsrc%5Etfw\">October 8, 2023<\/a><\/p><\/blockquote>\n<p><script async src=\"https:\/\/platform.twitter.com\/widgets.js\" charset=\"utf-8\"><\/script><\/p>\n<blockquote class=\"twitter-tweet\" data-width=\"500\" data-dnt=\"true\">\n<p lang=\"en\" dir=\"ltr\">An Israeli airstrike in southern Gaza killed 19 members of the same family after they stayed home thinking they&#39;d be safe following a warning strike about hundred meters away <a href=\"https:\/\/t.co\/IqbaPWdX5W\">https:\/\/t.co\/IqbaPWdX5W<\/a> <a href=\"https:\/\/t.co\/o0k5PzOzrW\">pic.twitter.com\/o0k5PzOzrW<\/a><\/p>\n<p>&mdash; Evan Hill (@evanhill) <a href=\"https:\/\/twitter.com\/evanhill\/status\/1711206582397116497?ref_src=twsrc%5Etfw\">October 9, 2023<\/a><\/p><\/blockquote>\n<p><script async src=\"https:\/\/platform.twitter.com\/widgets.js\" charset=\"utf-8\"><\/script><\/p>\n<p>&nbsp;<\/p>\n<p><strong>Six membres de la famille Shaban<\/strong> \u00e0 Gaza m\u00eame \u2013 les deux parents et quatre de leurs enfants \u2013 ont \u00e9t\u00e9 tu\u00e9s lors d\u2019une attaque isra\u00e9lienne contre leur maison.<\/p>\n<p>Quatre membres de la famille Abu Aoun ont \u00e9t\u00e9 tu\u00e9s lors d\u2019une frappe isra\u00e9lienne dimanche, de m\u00eame que deux parents et cinq enfants de la famille Abu Rakab, du village d\u2019al-Zawaida, dans le centre de Gaza.<\/p>\n<p>Isra\u00ebl a bombard\u00e9 \u00ab une zone dens\u00e9ment peupl\u00e9e \u00bb o\u00f9 se trouve le bureau d\u2019un responsable du Hamas, Yahya Sinwar, a d\u00e9clar\u00e9 le CPDH.<\/p>\n<div id=\"attachment_60734\" style=\"width: 810px\" class=\"wp-caption aligncenter\"><img loading=\"lazy\" decoding=\"async\" aria-describedby=\"caption-attachment-60734\" class=\"wp-image-60734 size-full\" src=\"https:\/\/charleroi-pourlapalestine.be\/wp-content\/uploads\/2023\/10\/8-octobre-2023.-Des-Palestiniens-en-deuil-lors-des-funerailles-de-la-famille-Abu-Quta-et-de-ses-voisins.jpg\" alt=\"8 octobre 2023. Des Palestiniens en deuil lors des fun\u00e9railles de la famille Abu Quta et de ses voisins, tu\u00e9s par les frappes isra\u00e9liennes \u00e0 Rafah, dans le sud de Gaza.\" width=\"800\" height=\"533\"><p id=\"caption-attachment-60734\" class=\"wp-caption-text\"><strong>8 octobre 2023. Des Palestiniens en deuil lors des fun\u00e9railles de la famille Abu Quta et de ses voisins, tu\u00e9s par les frappes isra\u00e9liennes \u00e0 Rafah, dans le sud de Gaza<\/strong>. (Photo : Mahmoud Fareed \/ APA images)<\/p><\/div>\n<p><strong>&nbsp;<\/strong><\/p>\n<p>Isra\u00ebl a bombard\u00e9 les habitations d\u2019autres dirigeants du Hamas, dont Ghazi Hammad, Salah Bardawil et Nizar Awadallah, tuant le fils de ce dernier, Muhammad.<\/p>\n<p>Six travailleurs m\u00e9dicaux ont \u00e9t\u00e9 tu\u00e9s et quatre autres bless\u00e9s dans des frappes isra\u00e9liennes qui ont endommag\u00e9 sept b\u00e2timents m\u00e9dicaux et neuf ambulances, ont fait savoir les Nations unies.<\/p>\n<blockquote class=\"twitter-tweet\" data-width=\"500\" data-dnt=\"true\">\n<p lang=\"en\" dir=\"ltr\">MAP\u2019s Mahmoud Shalabi has told <a href=\"https:\/\/twitter.com\/BBCWorld?ref_src=twsrc%5Etfw\">@BBCWorld<\/a> that <a href=\"https:\/\/twitter.com\/hashtag\/Gaza?src=hash&amp;ref_src=twsrc%5Etfw\">#Gaza<\/a>\u2019s main hospital is like a \u201cslaughterhouse\u201d.<\/p>\n<p>\u201cThere were many dead bodies in the morgue and many medical staff were unable to cope with the huge influx of casualties they were receiving.\u201d<a href=\"https:\/\/t.co\/nLl0SavOJe\">https:\/\/t.co\/nLl0SavOJe<\/a><\/p>\n<p>&mdash; Medical Aid for Palestinians (@MedicalAidPal) <a href=\"https:\/\/twitter.com\/MedicalAidPal\/status\/1711020694832640459?ref_src=twsrc%5Etfw\">October 8, 2023<\/a><\/p><\/blockquote>\n<p><script async src=\"https:\/\/platform.twitter.com\/widgets.js\" charset=\"utf-8\"><\/script><\/p>\n<p>&nbsp;<\/p>\n<p><strong>Les h\u00f4pitaux de Gaza<\/strong>, tr\u00e8s r\u00e9guli\u00e8rement sous-\u00e9quip\u00e9s, ont demand\u00e9 des dons de sang du fait que leur personnel est d\u00e9sesp\u00e9r\u00e9ment confront\u00e9 \u00e0 un nombre \u00e9norme de victimes.<\/p>\n<p>Isra\u00ebl a bombard\u00e9 de multiples banques, mosqu\u00e9es et b\u00e2timents gouvernementaux sur l\u2019ensemble du territoire et, samedi et dimanche, a d\u00e9truit quatre tours commerciales et r\u00e9sidentielles. L\u2019une des tours cibl\u00e9es, la tour Watan, \u00ab sert de hub pour les fournisseurs d\u2019internet de Gaza \u00bb, a rapport\u00e9 la BBC.<\/p>\n<blockquote class=\"twitter-tweet\" data-width=\"500\" data-dnt=\"true\">\n<p lang=\"ar\" dir=\"rtl\">\u0627\u0646\u0647\u0627\u0631\u062a \u0642\u0628\u0629 \u0627\u0644\u0645\u0633\u062c\u062f \u0628\u0641\u0639\u0644 \u0627\u0644\u0642\u0635\u0641 \u0627\u0644\u0625\u0633\u0631\u0627\u0626\u064a\u0644\u064a.. \u0645\u0634\u0627\u0647\u062f \u062a\u0648\u062b\u0642 \u0622\u062b\u0627\u0631 \u0627\u0644\u062f\u0645\u0627\u0631 \u0627\u0644\u0648\u0627\u0633\u0639 \u062c\u0631\u0627\u0621 \u0627\u0633\u062a\u0647\u062f\u0627\u0641 \u0642\u0648\u0627\u062a \u0627\u0644\u0627\u062d\u062a\u0644\u0627\u0644 \u0644\u0645\u0633\u062c\u062f \u0641\u064a \u0642\u0637\u0627\u0639 <a href=\"https:\/\/twitter.com\/hashtag\/%D8%BA%D8%B2%D8%A9?src=hash&amp;ref_src=twsrc%5Etfw\">#\u063a\u0632\u0629<\/a><a href=\"https:\/\/twitter.com\/hashtag\/%D8%B9%D9%85%D9%84%D9%8A%D8%A9_%D8%B7%D9%88%D9%81%D8%A7%D9%86_%D8%A7%D9%84%D8%A3%D9%82%D8%B5%D9%89?src=hash&amp;ref_src=twsrc%5Etfw\">#\u0639\u0645\u0644\u064a\u0629_\u0637\u0648\u0641\u0627\u0646_\u0627\u0644\u0623\u0642\u0635\u0649<\/a> <a href=\"https:\/\/t.co\/YueEz8u73o\">pic.twitter.com\/YueEz8u73o<\/a><\/p>\n<p>&mdash; \u0642\u0646\u0627\u0629 \u0627\u0644\u062c\u0632\u064a\u0631\u0629 (@AJArabic) <a href=\"https:\/\/twitter.com\/AJArabic\/status\/1711114239086076000?ref_src=twsrc%5Etfw\">October 8, 2023<\/a><\/p><\/blockquote>\n<p><script async src=\"https:\/\/platform.twitter.com\/widgets.js\" charset=\"utf-8\"><\/script><\/p>\n<p>&nbsp;<\/p>\n<p>&nbsp;<\/p>\n<h3><strong>La r\u00e9sistance palestinienne persiste dans ses efforts<\/strong><\/h3>\n<p>Dimanche, les organisations de la r\u00e9sistance palestinienne ont lanc\u00e9 de nouvelles salves de roquettes vers Isra\u00ebl dans le m\u00eame temps que leurs combattants continuaient d\u2019op\u00e9rer \u00e0 l\u2019int\u00e9rieur des colonies \u00e0 proximit\u00e9 de la fronti\u00e8re de Gaza.<\/p>\n<p>Le <strong>Djihad islamique<\/strong> a annonc\u00e9 qu\u2019il avait lanc\u00e9 une vague de roquettes en guise de soutien au D\u00e9luge d\u2019al-Aqsa, l\u2019offensive surprise entam\u00e9e par le Hamas samedi matin.<\/p>\n<p><strong>La faction de r\u00e9sistance faction a d\u00e9clar\u00e9 qu\u2019elle d\u00e9tenait 30 captifs isra\u00e9liens \u00e0 Gaza et que ceux-ci ne seraient restitu\u00e9s que dans l\u2019\u00e9ventualit\u00e9<\/strong> <strong>d\u2019un \u00e9change de prisonniers.<\/strong><\/p>\n<p>Ziyad Nakhaleh, le chef du Djihad islamique, a expliqu\u00e9 que les combattants de la r\u00e9sistance avaient humili\u00e9 Isra\u00ebl, qui avait d\u00fb se r\u00e9soudre \u00e0 appeler Washington \u00e0 l\u2019aide d\u00e8s les premi\u00e8res heures de l\u2019offensive.<\/p>\n<p>Et d\u2019ajouter que<\/p>\n<blockquote><p>\u00ab l\u2019arm\u00e9e isra\u00e9lienne est plus faible que ne le croient bien des personnes dans le monde \u00bb.<\/p><\/blockquote>\n<p>Il a invit\u00e9 instamment le gouvernement \u00e0<\/p>\n<blockquote><p>\u00ab se faire \u00e0 cette v\u00e9rit\u00e9. La fa\u00e7on la plus facile d\u2019\u00e9viter de perdre plus de prisonniers encore consiste \u00e0 reconna\u00eetre la d\u00e9faite \u00bb.<\/p><\/blockquote>\n<p><strong>Abu Obeida<\/strong>, le porte-parole des<strong> Brigades Qassam,<\/strong> a d\u00e9clar\u00e9 dimanche qu\u2019il avait reconstitu\u00e9 ses effectifs combattants et qu\u2019il avait envoy\u00e9 des<strong> renforts \u00e0 l\u2019int\u00e9rieur du territoire isra\u00e9lien<\/strong>.<\/p>\n<blockquote><p>\u00ab Dans le cadre de la bataille en cours du D\u00e9luge d\u2019al-Aqsa, nos combattants continuent de s\u2019engager dans des affrontements acharn\u00e9s et h\u00e9ro\u00efques, combattant sur de multiples fronts et infligeant des pertes \u00e0 l\u2019ennemi \u00bb,<\/p><\/blockquote>\n<p>a-t-il encore dit.<\/p>\n<div id=\"attachment_60738\" style=\"width: 810px\" class=\"wp-caption aligncenter\"><img loading=\"lazy\" decoding=\"async\" aria-describedby=\"caption-attachment-60738\" class=\"wp-image-60738 size-full\" src=\"https:\/\/charleroi-pourlapalestine.be\/wp-content\/uploads\/2023\/10\/Une-frappe-israelienne-contre-une-tour-a-Gaza-le-7-octobre.jpg\" alt=\"Une frappe isra\u00e9lienne contre une tour \u00e0 Gaza, le 7 octobre. \" width=\"800\" height=\"533\"><p id=\"caption-attachment-60738\" class=\"wp-caption-text\"><strong>Une frappe isra\u00e9lienne contre une tour \u00e0 Gaza, le 7 octobre<\/strong>. (Photo : APA images).<\/p><\/div>\n<p><strong>Abu Obeida a d\u00e9clar\u00e9 dimanche dernier que le Hamas avait \u00e9t\u00e9 en mesure de capturer davantage de soldats isra\u00e9liens encore<\/strong> et de les emmener \u00e0 Gaza ce jour m\u00eame et que ses combattants \u00e9taient toujours engag\u00e9s contre les forces isra\u00e9liennes dans plusieurs zones et qu\u2019elles avaient atteint une zone situ\u00e9e \u00e0 proximit\u00e9 d\u2019Ashkelon.<\/p>\n<p>Il a encore dit que les combattants du Hamas \u00e9taient en mesure de se retirer en toute s\u00fbret\u00e9 d\u2019une base militaire h\u00e9bergeant l\u2019Unit\u00e9 8200 des renseignements de l\u2019arm\u00e9e isra\u00e9lienne<\/p>\n<blockquote><p>\u00ab apr\u00e8s l\u2019accomplissement de leur mission sur place et la mise hors combat d\u2019un nombre important de soldats ennemis \u00bb.<\/p><\/blockquote>\n<p>Abu Obeida a ajout\u00e9 que, sur le champ de bataille, les combattants du Hamas avaient signal\u00e9 plusieurs cas dans lesquels<\/p>\n<blockquote><p>\u00ab l\u2019ennemi avait tu\u00e9 un certain nombre de ses propres soldats apr\u00e8s que nos combattants avaient \u00e9t\u00e9 \u00e0 m\u00eame de les capturer \u00bb.<\/p><\/blockquote>\n<p>Il faisait allusion \u00e0 la <strong>Directive Hannibal<\/strong> \u2013<strong> un protocole militaire qui autorise des tirs massifs afin d\u2019emp\u00eacher qu\u2019un soldat puisse \u00eatre captur\u00e9 vivant.<\/strong> Isra\u00ebl avait recouru \u00e0 cette directive \u00e0 Gaza en ao\u00fbt 2014, tuant ainsi des douzaines de civils palestiniens lorsque ses forces visaient des endroits o\u00f9, croyaient-elles, pouvait \u00eatre d\u00e9tenu un soldat manquant.<\/p>\n<p>Pendant ce temps, <strong>en Cisjordanie<\/strong>, rapporte <em>Al Jazeera<\/em>, au moins deux douzaines d\u2019op\u00e9rations de tirs ont eu lieu contre des positions isra\u00e9liennes en Cisjordanie, o\u00f9 les Palestiniens avaient organis\u00e9 une<strong> gr\u00e8ve g\u00e9n\u00e9rale<\/strong> dimanche.<\/p>\n<p>Les forces isra\u00e9liennes ont tu\u00e9 plusieurs Palestiniens en Cisjordanie, ce dimanche, dont u<strong>n jeune tu\u00e9 d\u2019une balle dans la nuque \u00e0 Beita<\/strong>, pr\u00e8s de Naplouse, t<strong>rois autres personnes abattues et tu\u00e9es au cours d\u2019affrontements au check-point de Qalandiya,<\/strong> pr\u00e8s de Ramallah, <strong>un jeune encore \u00e0 H\u00e9bron, tu\u00e9 d\u2019une balle dans la nuque lors de confrontations au check-point d\u2019al-Jalameh, au nord de J\u00e9nine.<\/strong><\/p>\n<p style=\"text-align: center;\">*****&nbsp;<\/p>\n<p><strong><img loading=\"lazy\" decoding=\"async\" class=\"alignleft wp-image-45540 size-full\" src=\"https:\/\/charleroi-pourlapalestine.be\/wp-content\/uploads\/2022\/10\/Maureen-Clare-Murphy-e1665914569514.jpg\" sizes=\"auto, (max-width: 150px) 100vw, 150px\" srcset=\"https:\/\/charleroi-pourlapalestine.be\/wp-content\/uploads\/2022\/10\/Maureen-Clare-Murphy-e1665914569514.jpg 150w, https:\/\/charleroi-pourlapalestine.be\/wp-content\/uploads\/2022\/10\/Maureen-Clare-Murphy-e1665914569514-80x80.jpg 80w\" alt=\"\" width=\"150\" height=\"150\">Maureen Clare Murphy<\/strong> est r\u00e9dactrice en chef de <a href=\"https:\/\/electronicintifada.net\/blogs\/maureen-clare-murphy\/eight-killed-israel-bombs-bulldozes-jenin-refugee-camp\" target=\"_blank\" rel=\"noopener\">The Electronic Intifada.<\/a><\/p>\n<div class=\"pf-content\">\n<p>&nbsp;&nbsp;&nbsp;&nbsp;&nbsp;&nbsp;&nbsp;&nbsp;&nbsp;&nbsp;&nbsp;&nbsp;&nbsp;&nbsp;&nbsp;&nbsp;&nbsp;&nbsp;&nbsp;&nbsp;&nbsp;&nbsp;&nbsp;&nbsp;&nbsp;&nbsp;&nbsp;&nbsp;&nbsp;&nbsp;&nbsp;&nbsp;&nbsp;&nbsp;&nbsp;&nbsp;&nbsp;&nbsp;&nbsp; ******<br \/>\nPubli\u00e9 le 9 octobre 2023 sur <a href=\"https:\/\/electronicintifada.net\/blogs\/maureen-clare-murphy\/israel-massacres-palestinian-families-gaza-reprisal-strikes\" target=\"_blank\" rel=\"noopener\"><strong>The Electronic Intifada<\/strong><\/a><br \/>\nTraduction : Jean-Marie Fl\u00e9mal, <strong><a href=\"http:\/\/www.pourlapalestine.be\/\">Charleroi pour la Palestine<\/a><\/strong><\/p>\n<\/div>\n<p><strong>NDLR : Afin de pouvoir lire les \u201ctweets\u201d et vid\u00e9os repris dans l\u2019article, ouvrez un compte Twitter (X).<\/strong><\/p>\n","protected":false},"excerpt":{"rendered":"<p>Dans la nuit de dimanche \u00e0 lundi, Isra\u00ebl a fait trembler le sol de Gaza en la pilonnant par air, par terre et par mer, alors qu\u2019on en est au troisi\u00e8me jour de cette confrontation majeure qui a d\u00e9but\u00e9 par une offensive surprise lanc\u00e9e par le Hamas.<\/p>\n","protected":false},"author":1,"featured_media":0,"comment_status":"closed","ping_status":"closed","sticky":false,"template":"","format":"standard","meta":{"ngg_post_thumbnail":0,"footnotes":""},"categories":[46,6,25],"tags":[],"class_list":["post-60689","post","type-post","status-publish","format-standard","hentry","category-les-agressions-militaires","category-gaza","category-la-resistance-palestinienne"],"yoast_head":"<!-- This site is optimized with the Yoast SEO plugin v27.3 - https:\/\/yoast.com\/product\/yoast-seo-wordpress\/ -->\n<title>Isra\u00ebl massacre des familles palestiniennes enti\u00e8res dans ses frappes de repr\u00e9sailles contre Gaza<\/title>\n<meta name=\"description\" content=\"Dans la nuit de dimanche \u00e0 lundi, Isra\u00ebl a fait trembler le sol de Gaza en la pilonnant par air, par terre et par mer\" \/>\n<meta name=\"robots\" content=\"index, follow, max-snippet:-1, max-image-preview:large, max-video-preview:-1\" \/>\n<link rel=\"canonical\" href=\"https:\/\/charleroi-pourlapalestine.be\/index.php\/2023\/10\/10\/israel-massacre-des-familles-palestiniennes-entieres-dans-ses-frappes-de-represailles-contre-gaza\/\" \/>\n<script type=\"application\/ld+json\" class=\"yoast-schema-graph\">{\"@context\":\"https:\\\/\\\/schema.org\",\"@graph\":[{\"@type\":\"Article\",\"@id\":\"https:\\\/\\\/charleroi-pourlapalestine.be\\\/index.php\\\/2023\\\/10\\\/10\\\/israel-massacre-des-familles-palestiniennes-entieres-dans-ses-frappes-de-represailles-contre-gaza\\\/#article\",\"isPartOf\":{\"@id\":\"https:\\\/\\\/charleroi-pourlapalestine.be\\\/index.php\\\/2023\\\/10\\\/10\\\/israel-massacre-des-familles-palestiniennes-entieres-dans-ses-frappes-de-represailles-contre-gaza\\\/\"},\"author\":{\"name\":\"admin1873\",\"@id\":\"https:\\\/\\\/charleroi-pourlapalestine.be\\\/#\\\/schema\\\/person\\\/c19ff515112f1299d8c12671d8fe3faa\"},\"headline\":\"Isra\u00ebl massacre des familles palestiniennes enti\u00e8res dans ses frappes de repr\u00e9sailles contre Gaza\",\"datePublished\":\"2023-10-10T07:26:55+00:00\",\"dateModified\":\"2023-10-10T07:27:06+00:00\",\"mainEntityOfPage\":{\"@id\":\"https:\\\/\\\/charleroi-pourlapalestine.be\\\/index.php\\\/2023\\\/10\\\/10\\\/israel-massacre-des-familles-palestiniennes-entieres-dans-ses-frappes-de-represailles-contre-gaza\\\/\"},\"wordCount\":4116,\"publisher\":{\"@id\":\"https:\\\/\\\/charleroi-pourlapalestine.be\\\/#organization\"},\"image\":{\"@id\":\"https:\\\/\\\/charleroi-pourlapalestine.be\\\/index.php\\\/2023\\\/10\\\/10\\\/israel-massacre-des-familles-palestiniennes-entieres-dans-ses-frappes-de-represailles-contre-gaza\\\/#primaryimage\"},\"thumbnailUrl\":\"https:\\\/\\\/charleroi-pourlapalestine.be\\\/wp-content\\\/uploads\\\/2023\\\/10\\\/Khan-Younis-dans-le-sud-de-la-bande-de-Gaza.jpg\",\"articleSection\":[\"Agressions militaires\",\"Gaza\",\"R\u00e9sistance\"],\"inLanguage\":\"fr-FR\"},{\"@type\":\"WebPage\",\"@id\":\"https:\\\/\\\/charleroi-pourlapalestine.be\\\/index.php\\\/2023\\\/10\\\/10\\\/israel-massacre-des-familles-palestiniennes-entieres-dans-ses-frappes-de-represailles-contre-gaza\\\/\",\"url\":\"https:\\\/\\\/charleroi-pourlapalestine.be\\\/index.php\\\/2023\\\/10\\\/10\\\/israel-massacre-des-familles-palestiniennes-entieres-dans-ses-frappes-de-represailles-contre-gaza\\\/\",\"name\":\"Isra\u00ebl massacre des familles palestiniennes enti\u00e8res dans ses frappes de repr\u00e9sailles contre Gaza\",\"isPartOf\":{\"@id\":\"https:\\\/\\\/charleroi-pourlapalestine.be\\\/#website\"},\"primaryImageOfPage\":{\"@id\":\"https:\\\/\\\/charleroi-pourlapalestine.be\\\/index.php\\\/2023\\\/10\\\/10\\\/israel-massacre-des-familles-palestiniennes-entieres-dans-ses-frappes-de-represailles-contre-gaza\\\/#primaryimage\"},\"image\":{\"@id\":\"https:\\\/\\\/charleroi-pourlapalestine.be\\\/index.php\\\/2023\\\/10\\\/10\\\/israel-massacre-des-familles-palestiniennes-entieres-dans-ses-frappes-de-represailles-contre-gaza\\\/#primaryimage\"},\"thumbnailUrl\":\"https:\\\/\\\/charleroi-pourlapalestine.be\\\/wp-content\\\/uploads\\\/2023\\\/10\\\/Khan-Younis-dans-le-sud-de-la-bande-de-Gaza.jpg\",\"datePublished\":\"2023-10-10T07:26:55+00:00\",\"dateModified\":\"2023-10-10T07:27:06+00:00\",\"description\":\"Dans la nuit de dimanche \u00e0 lundi, Isra\u00ebl a fait trembler le sol de Gaza en la pilonnant par air, par terre et par mer\",\"breadcrumb\":{\"@id\":\"https:\\\/\\\/charleroi-pourlapalestine.be\\\/index.php\\\/2023\\\/10\\\/10\\\/israel-massacre-des-familles-palestiniennes-entieres-dans-ses-frappes-de-represailles-contre-gaza\\\/#breadcrumb\"},\"inLanguage\":\"fr-FR\",\"potentialAction\":[{\"@type\":\"ReadAction\",\"target\":[\"https:\\\/\\\/charleroi-pourlapalestine.be\\\/index.php\\\/2023\\\/10\\\/10\\\/israel-massacre-des-familles-palestiniennes-entieres-dans-ses-frappes-de-represailles-contre-gaza\\\/\"]}]},{\"@type\":\"ImageObject\",\"inLanguage\":\"fr-FR\",\"@id\":\"https:\\\/\\\/charleroi-pourlapalestine.be\\\/index.php\\\/2023\\\/10\\\/10\\\/israel-massacre-des-familles-palestiniennes-entieres-dans-ses-frappes-de-represailles-contre-gaza\\\/#primaryimage\",\"url\":\"\",\"contentUrl\":\"\"},{\"@type\":\"BreadcrumbList\",\"@id\":\"https:\\\/\\\/charleroi-pourlapalestine.be\\\/index.php\\\/2023\\\/10\\\/10\\\/israel-massacre-des-familles-palestiniennes-entieres-dans-ses-frappes-de-represailles-contre-gaza\\\/#breadcrumb\",\"itemListElement\":[{\"@type\":\"ListItem\",\"position\":1,\"name\":\"Accueil\",\"item\":\"https:\\\/\\\/charleroi-pourlapalestine.be\\\/\"},{\"@type\":\"ListItem\",\"position\":2,\"name\":\"Isra\u00ebl massacre des familles palestiniennes enti\u00e8res dans ses frappes de repr\u00e9sailles contre Gaza\"}]},{\"@type\":\"WebSite\",\"@id\":\"https:\\\/\\\/charleroi-pourlapalestine.be\\\/#website\",\"url\":\"https:\\\/\\\/charleroi-pourlapalestine.be\\\/\",\"name\":\"Charleroi Pour la Palestine\",\"description\":\"\",\"publisher\":{\"@id\":\"https:\\\/\\\/charleroi-pourlapalestine.be\\\/#organization\"},\"potentialAction\":[{\"@type\":\"SearchAction\",\"target\":{\"@type\":\"EntryPoint\",\"urlTemplate\":\"https:\\\/\\\/charleroi-pourlapalestine.be\\\/?s={search_term_string}\"},\"query-input\":{\"@type\":\"PropertyValueSpecification\",\"valueRequired\":true,\"valueName\":\"search_term_string\"}}],\"inLanguage\":\"fr-FR\"},{\"@type\":\"Organization\",\"@id\":\"https:\\\/\\\/charleroi-pourlapalestine.be\\\/#organization\",\"name\":\"Plate-forme Charleroi-Palestine\",\"url\":\"https:\\\/\\\/charleroi-pourlapalestine.be\\\/\",\"logo\":{\"@type\":\"ImageObject\",\"inLanguage\":\"fr-FR\",\"@id\":\"https:\\\/\\\/charleroi-pourlapalestine.be\\\/#\\\/schema\\\/logo\\\/image\\\/\",\"url\":\"https:\\\/\\\/charleroi-pourlapalestine.be\\\/wp-content\\\/uploads\\\/2020\\\/01\\\/logo-Copy.jpg\",\"contentUrl\":\"https:\\\/\\\/charleroi-pourlapalestine.be\\\/wp-content\\\/uploads\\\/2020\\\/01\\\/logo-Copy.jpg\",\"width\":180,\"height\":180,\"caption\":\"Plate-forme Charleroi-Palestine\"},\"image\":{\"@id\":\"https:\\\/\\\/charleroi-pourlapalestine.be\\\/#\\\/schema\\\/logo\\\/image\\\/\"},\"sameAs\":[\"https:\\\/\\\/www.facebook.com\\\/PlateformeCharleroiPalestine\\\/\",\"https:\\\/\\\/x.com\\\/LaCharleroi\"]},{\"@type\":\"Person\",\"@id\":\"https:\\\/\\\/charleroi-pourlapalestine.be\\\/#\\\/schema\\\/person\\\/c19ff515112f1299d8c12671d8fe3faa\",\"name\":\"admin1873\",\"url\":\"https:\\\/\\\/charleroi-pourlapalestine.be\\\/index.php\\\/author\\\/admin1873\\\/\"}]}<\/script>\n<!-- \/ Yoast SEO plugin. -->","yoast_head_json":{"title":"Isra\u00ebl massacre des familles palestiniennes enti\u00e8res dans ses frappes de repr\u00e9sailles contre Gaza","description":"Dans la nuit de dimanche \u00e0 lundi, Isra\u00ebl a fait trembler le sol de Gaza en la pilonnant par air, par terre et par mer","robots":{"index":"index","follow":"follow","max-snippet":"max-snippet:-1","max-image-preview":"max-image-preview:large","max-video-preview":"max-video-preview:-1"},"canonical":"https:\/\/charleroi-pourlapalestine.be\/index.php\/2023\/10\/10\/israel-massacre-des-familles-palestiniennes-entieres-dans-ses-frappes-de-represailles-contre-gaza\/","schema":{"@context":"https:\/\/schema.org","@graph":[{"@type":"Article","@id":"https:\/\/charleroi-pourlapalestine.be\/index.php\/2023\/10\/10\/israel-massacre-des-familles-palestiniennes-entieres-dans-ses-frappes-de-represailles-contre-gaza\/#article","isPartOf":{"@id":"https:\/\/charleroi-pourlapalestine.be\/index.php\/2023\/10\/10\/israel-massacre-des-familles-palestiniennes-entieres-dans-ses-frappes-de-represailles-contre-gaza\/"},"author":{"name":"admin1873","@id":"https:\/\/charleroi-pourlapalestine.be\/#\/schema\/person\/c19ff515112f1299d8c12671d8fe3faa"},"headline":"Isra\u00ebl massacre des familles palestiniennes enti\u00e8res dans ses frappes de repr\u00e9sailles contre Gaza","datePublished":"2023-10-10T07:26:55+00:00","dateModified":"2023-10-10T07:27:06+00:00","mainEntityOfPage":{"@id":"https:\/\/charleroi-pourlapalestine.be\/index.php\/2023\/10\/10\/israel-massacre-des-familles-palestiniennes-entieres-dans-ses-frappes-de-represailles-contre-gaza\/"},"wordCount":4116,"publisher":{"@id":"https:\/\/charleroi-pourlapalestine.be\/#organization"},"image":{"@id":"https:\/\/charleroi-pourlapalestine.be\/index.php\/2023\/10\/10\/israel-massacre-des-familles-palestiniennes-entieres-dans-ses-frappes-de-represailles-contre-gaza\/#primaryimage"},"thumbnailUrl":"https:\/\/charleroi-pourlapalestine.be\/wp-content\/uploads\/2023\/10\/Khan-Younis-dans-le-sud-de-la-bande-de-Gaza.jpg","articleSection":["Agressions militaires","Gaza","R\u00e9sistance"],"inLanguage":"fr-FR"},{"@type":"WebPage","@id":"https:\/\/charleroi-pourlapalestine.be\/index.php\/2023\/10\/10\/israel-massacre-des-familles-palestiniennes-entieres-dans-ses-frappes-de-represailles-contre-gaza\/","url":"https:\/\/charleroi-pourlapalestine.be\/index.php\/2023\/10\/10\/israel-massacre-des-familles-palestiniennes-entieres-dans-ses-frappes-de-represailles-contre-gaza\/","name":"Isra\u00ebl massacre des familles palestiniennes enti\u00e8res dans ses frappes de repr\u00e9sailles contre Gaza","isPartOf":{"@id":"https:\/\/charleroi-pourlapalestine.be\/#website"},"primaryImageOfPage":{"@id":"https:\/\/charleroi-pourlapalestine.be\/index.php\/2023\/10\/10\/israel-massacre-des-familles-palestiniennes-entieres-dans-ses-frappes-de-represailles-contre-gaza\/#primaryimage"},"image":{"@id":"https:\/\/charleroi-pourlapalestine.be\/index.php\/2023\/10\/10\/israel-massacre-des-familles-palestiniennes-entieres-dans-ses-frappes-de-represailles-contre-gaza\/#primaryimage"},"thumbnailUrl":"https:\/\/charleroi-pourlapalestine.be\/wp-content\/uploads\/2023\/10\/Khan-Younis-dans-le-sud-de-la-bande-de-Gaza.jpg","datePublished":"2023-10-10T07:26:55+00:00","dateModified":"2023-10-10T07:27:06+00:00","description":"Dans la nuit de dimanche \u00e0 lundi, Isra\u00ebl a fait trembler le sol de Gaza en la pilonnant par air, par terre et par mer","breadcrumb":{"@id":"https:\/\/charleroi-pourlapalestine.be\/index.php\/2023\/10\/10\/israel-massacre-des-familles-palestiniennes-entieres-dans-ses-frappes-de-represailles-contre-gaza\/#breadcrumb"},"inLanguage":"fr-FR","potentialAction":[{"@type":"ReadAction","target":["https:\/\/charleroi-pourlapalestine.be\/index.php\/2023\/10\/10\/israel-massacre-des-familles-palestiniennes-entieres-dans-ses-frappes-de-represailles-contre-gaza\/"]}]},{"@type":"ImageObject","inLanguage":"fr-FR","@id":"https:\/\/charleroi-pourlapalestine.be\/index.php\/2023\/10\/10\/israel-massacre-des-familles-palestiniennes-entieres-dans-ses-frappes-de-represailles-contre-gaza\/#primaryimage","url":"","contentUrl":""},{"@type":"BreadcrumbList","@id":"https:\/\/charleroi-pourlapalestine.be\/index.php\/2023\/10\/10\/israel-massacre-des-familles-palestiniennes-entieres-dans-ses-frappes-de-represailles-contre-gaza\/#breadcrumb","itemListElement":[{"@type":"ListItem","position":1,"name":"Accueil","item":"https:\/\/charleroi-pourlapalestine.be\/"},{"@type":"ListItem","position":2,"name":"Isra\u00ebl massacre des familles palestiniennes enti\u00e8res dans ses frappes de repr\u00e9sailles contre Gaza"}]},{"@type":"WebSite","@id":"https:\/\/charleroi-pourlapalestine.be\/#website","url":"https:\/\/charleroi-pourlapalestine.be\/","name":"Charleroi Pour la Palestine","description":"","publisher":{"@id":"https:\/\/charleroi-pourlapalestine.be\/#organization"},"potentialAction":[{"@type":"SearchAction","target":{"@type":"EntryPoint","urlTemplate":"https:\/\/charleroi-pourlapalestine.be\/?s={search_term_string}"},"query-input":{"@type":"PropertyValueSpecification","valueRequired":true,"valueName":"search_term_string"}}],"inLanguage":"fr-FR"},{"@type":"Organization","@id":"https:\/\/charleroi-pourlapalestine.be\/#organization","name":"Plate-forme Charleroi-Palestine","url":"https:\/\/charleroi-pourlapalestine.be\/","logo":{"@type":"ImageObject","inLanguage":"fr-FR","@id":"https:\/\/charleroi-pourlapalestine.be\/#\/schema\/logo\/image\/","url":"https:\/\/charleroi-pourlapalestine.be\/wp-content\/uploads\/2020\/01\/logo-Copy.jpg","contentUrl":"https:\/\/charleroi-pourlapalestine.be\/wp-content\/uploads\/2020\/01\/logo-Copy.jpg","width":180,"height":180,"caption":"Plate-forme Charleroi-Palestine"},"image":{"@id":"https:\/\/charleroi-pourlapalestine.be\/#\/schema\/logo\/image\/"},"sameAs":["https:\/\/www.facebook.com\/PlateformeCharleroiPalestine\/","https:\/\/x.com\/LaCharleroi"]},{"@type":"Person","@id":"https:\/\/charleroi-pourlapalestine.be\/#\/schema\/person\/c19ff515112f1299d8c12671d8fe3faa","name":"admin1873","url":"https:\/\/charleroi-pourlapalestine.be\/index.php\/author\/admin1873\/"}]}},"_links":{"self":[{"href":"https:\/\/charleroi-pourlapalestine.be\/index.php\/wp-json\/wp\/v2\/posts\/60689","targetHints":{"allow":["GET"]}}],"collection":[{"href":"https:\/\/charleroi-pourlapalestine.be\/index.php\/wp-json\/wp\/v2\/posts"}],"about":[{"href":"https:\/\/charleroi-pourlapalestine.be\/index.php\/wp-json\/wp\/v2\/types\/post"}],"author":[{"embeddable":true,"href":"https:\/\/charleroi-pourlapalestine.be\/index.php\/wp-json\/wp\/v2\/users\/1"}],"replies":[{"embeddable":true,"href":"https:\/\/charleroi-pourlapalestine.be\/index.php\/wp-json\/wp\/v2\/comments?post=60689"}],"version-history":[{"count":0,"href":"https:\/\/charleroi-pourlapalestine.be\/index.php\/wp-json\/wp\/v2\/posts\/60689\/revisions"}],"wp:attachment":[{"href":"https:\/\/charleroi-pourlapalestine.be\/index.php\/wp-json\/wp\/v2\/media?parent=60689"}],"wp:term":[{"taxonomy":"category","embeddable":true,"href":"https:\/\/charleroi-pourlapalestine.be\/index.php\/wp-json\/wp\/v2\/categories?post=60689"},{"taxonomy":"post_tag","embeddable":true,"href":"https:\/\/charleroi-pourlapalestine.be\/index.php\/wp-json\/wp\/v2\/tags?post=60689"}],"curies":[{"name":"wp","href":"https:\/\/api.w.org\/{rel}","templated":true}]}}