{"id":60782,"date":"2023-10-10T20:44:47","date_gmt":"2023-10-10T18:44:47","guid":{"rendered":"https:\/\/charleroi-pourlapalestine.be\/?p=60782"},"modified":"2023-10-10T20:44:58","modified_gmt":"2023-10-10T18:44:58","slug":"israel-coupe-les-vivres-et-leau-a-des-millions-de-palestiniens-quil-traite-de-betes-humaines","status":"publish","type":"post","link":"https:\/\/charleroi-pourlapalestine.be\/index.php\/2023\/10\/10\/israel-coupe-les-vivres-et-leau-a-des-millions-de-palestiniens-quil-traite-de-betes-humaines\/","title":{"rendered":"Isra\u00ebl coupe les vivres et l\u2019eau \u00e0 des millions de Palestiniens qu\u2019il traite de <em>\u00ab b\u00eates humaines \u00bb<\/em>"},"content":{"rendered":"<p>Ce lundi, Isra\u00ebl a annonc\u00e9 un si\u00e8ge complet et une guerre totale contre Gaza. C\u2019est le troisi\u00e8me jour cons\u00e9cutif qu\u2019il bombarde sans rel\u00e2che l\u2019enclave c\u00f4ti\u00e8re.<\/p>\n<p>&nbsp;<\/p>\n<div id=\"attachment_60799\" style=\"width: 810px\" class=\"wp-caption aligncenter\"><img loading=\"lazy\" decoding=\"async\" aria-describedby=\"caption-attachment-60799\" class=\"wp-image-60799 size-full\" src=\"https:\/\/charleroi-pourlapalestine.be\/wp-content\/uploads\/2023\/10\/9-octobre-2023.-Des-enfants-blesses-en-traitement-a-lhopital-al-Shifa-de-Gaza.jpg\" alt=\"9 octobre 2023. Des enfants bless\u00e9s en traitement \u00e0 l\u2019h\u00f4pital al-Shifa de Gaza\" width=\"800\" height=\"533\"><p id=\"caption-attachment-60799\" class=\"wp-caption-text\"><\/strong> <strong>9 octobre 2023. Des enfants bless\u00e9s en traitement \u00e0 l\u2019h\u00f4pital al-Shifa de Gaza<\/strong>. &nbsp;(Photo : Atia Darwish \/ APA images)<\/p><\/div>\n<p>&nbsp;<\/p>\n<p><a href=\"https:\/\/charleroi-pourlapalestine.be\/index.php\/tag\/maureen-clare-murphy\/\">Maureen Clare Murphy,<\/a> 10 octobre 2023<\/p>\n<p>&nbsp;<\/p>\n<p>Dans la soir\u00e9e de lundi, troisi\u00e8me jour des actuels affrontements entre l\u2019arm\u00e9e isra\u00e9lienne et la r\u00e9sistance palestinienne dirig\u00e9e par le Hamas, on faisait \u00e9tat de pr\u00e8s de <strong>700 tu\u00e9s palestiniens<\/strong> lors des frappes de repr\u00e9sailles isra\u00e9liennes par air, mer et terre contre la bande de Gaza.<\/p>\n<p>Le nombre de tu\u00e9s en Isra\u00ebl s\u2019\u00e9levait \u00e0 900, ce lundi, alors que<strong> la gu\u00e9rilla palestinienne continuait d\u2019op\u00e9rer en territoire isra\u00e9lien,<\/strong> non loin de la fronti\u00e8re de Gaza. L\u2019arm\u00e9e isra\u00e9lienne a conseill\u00e9 au public de faire le plein de vivres et d\u2019eau, alors qu\u2019elle mobilisait en vue d\u2019une offensive terrestre contre Gaza, o\u00f9 les Palestiniens d\u00e9tenaient des douzaines d\u2019Isra\u00e9liens captur\u00e9s samedi.<\/p>\n<p>Lundi, dans l\u2019intervalle, Isra\u00ebl envoyait des chars et des troupes \u00e0 la fronti\u00e8re avec le <strong>Liban<\/strong>, o\u00f9 ses forces ont tu\u00e9 un certain nombre de combattants du Hezbollah. En guise de riposte, celui-ci a tir\u00e9 une salve de roquettes, mena\u00e7ant ainsi d\u2019intensifier l\u2019escalade. Plus tard, les m\u00e9dias isra\u00e9liens ont rapport\u00e9 qu\u2019un soldat isra\u00e9lien avait \u00e9galement \u00e9t\u00e9 tu\u00e9 lors des \u00e9changes de tirs.<\/p>\n<p>Lundi, <strong>la Cisjordanie s\u2019est retrouv\u00e9e sous blocus<\/strong>, puisque Isra\u00ebl emp\u00eachait tout mouvement palestinien entre les villes et avait ferm\u00e9 le pont Allenby donnant acc\u00e8s \u00e0 la Cisjordanie, de m\u00eame que le checkpoint de Qalandiya entre Ramallah et J\u00e9rusalem.<\/p>\n<p><em>\u00ab Cela effraie les gens, ici \u00bb,<\/em>&nbsp; a d\u00e9clar\u00e9 Imran Khan, un correspondant d\u2019<em>Al Jazeera<\/em> au cours d\u2019une \u00e9mission en direct. Les gens se sont mis \u00e0 stocker de la nourriture, du fait qu\u2019<em>\u00ab il r\u00e8gne un v\u00e9ritable sentiments de peur qui ne s\u2019att\u00e9nue en aucun cas \u00bb<\/em>, a-t-il ajout\u00e9.<\/p>\n<p><strong>Cinq Palestiniens au moins ont \u00e9t\u00e9 abattus et tu\u00e9s par les soldats isra\u00e9liens en Cisjordanie<\/strong>, ce lundi : Muhammad Hammad, 20 ans, au camp de r\u00e9fugi\u00e9s d\u2019al-Aroub ; Muntasir Zaaqiq, 31 ans, \u00e0 Beit Umar ; Ahmad Abu Turki, 28 ans, \u00e0 H\u00e9bron ; Adam al-Julani, 16 ans, au checkpoint de Qalandiya entre Ramallah et J\u00e9rusalem ; et Rajeh Taha, \u00e0 H\u00e9bron. L\u2019agence officielle d\u2019information en Palestine, WAFA, a d\u00e9clar\u00e9 que, dans le territoire, 18 Palestiniens, dont trois enfants, avaient \u00e9t\u00e9 tu\u00e9s depuis samedi.<\/p>\n<p>Dans l\u2019intervalle, les m\u00e9dias isra\u00e9liens ont rapport\u00e9 que<strong> l\u2019arm\u00e9e isra\u00e9lienne allait \u00e9quiper les colons dans le territoire d\u2019environ mille fusils,<\/strong> probablement livr\u00e9s dans le cadre de l\u2019aide militaire am\u00e9ricaine \u00e0 Isra\u00ebl. Cela va armer et encourager plus encore les colons qui, ces derniers mois, ont d\u00e9j\u00e0 men\u00e9 nombre de pogroms meurtriers au sein des communaut\u00e9s palestiniennes.<\/p>\n<blockquote class=\"twitter-tweet\" data-width=\"500\" data-dnt=\"true\">\n<p lang=\"en\" dir=\"ltr\">The Israeli military will provide settlers throughout the West Bank around 1000 M16 rifles (presumably actually US Made M4). <\/p>\n<p>A fear that these weapons find their way to the hands of Jewish supremacist vigilantes, who are under even less control than soldiers. <a href=\"https:\/\/t.co\/lkuy5sMvjV\">https:\/\/t.co\/lkuy5sMvjV<\/a><\/p>\n<p>&mdash; Sarit Michaeli (@saritm0) <a href=\"https:\/\/twitter.com\/saritm0\/status\/1711350527374565667?ref_src=twsrc%5Etfw\">October 9, 2023<\/a><\/p><\/blockquote>\n<p><script async src=\"https:\/\/platform.twitter.com\/widgets.js\" charset=\"utf-8\"><\/script><\/p>\n<p>&nbsp;<\/p>\n<h3><strong>Les dirigeants isra\u00e9liens annoncent des crimes de guerre dans un langage g\u00e9nocidaire <\/strong><\/h3>\n<p>Alors que lundi \u00e0 Gaza, les Palestiniens d\u00e9gageaient des d\u00e9combres les victimes des frappes isra\u00e9liennes, le ministre isra\u00e9lien de la d\u00e9fense, <strong>Yoav Galant<\/strong>, annon\u00e7ait :<\/p>\n<blockquote><p>\u00ab Nous allons imposer un si\u00e8ge complet \u00e0 Gaza. Pas d\u2019\u00e9lectricit\u00e9, pas de nourriture, pas d\u2019eau, pas de carburant \u2013 tout sera bloqu\u00e9. \u00bb<\/p>\n<p>\u00ab Ce sont des b\u00eates humaines, que nous combattons et nous agirons en cons\u00e9quence \u00bb,<\/p><\/blockquote>\n<p>a-t-il dit de la population de Gaza, de plus de deux millions de Palestiniens, dont une moiti\u00e9 d\u2019enfants, et dont la plupart sont des r\u00e9fugi\u00e9s des r\u00e9gions situ\u00e9es de l\u2019autre c\u00f4t\u00e9 de la fronti\u00e8re de Gaza que les gu\u00e9rilleros ont rompue samedi dernier.<\/p>\n<p><strong>Benjamin Netanyahou,<\/strong> le Premier ministre d\u2019Isra\u00ebl, a utilis\u00e9 un langage tout aussi d\u00e9shumanisant dans sa d\u00e9claration de guerre officielle de ce lundi, d\u00e9crivant<\/p>\n<blockquote><p>\u00ab un ennemi abominable, des b\u00eates humaines qui se glorifient d\u2019assassiner des femmes, des enfants et des personnes \u00e2g\u00e9es \u00bb.<\/p><\/blockquote>\n<p>Netanyahou a remerci\u00e9 <em>\u00ab les nombreux dirigeants mondiaux \u00bb<\/em>, pour leur <em>\u00ab soutien sans pr\u00e9c\u00e9dent \u00e0 Isra\u00ebl \u00bb \u2013<\/em> sugg\u00e9rant par-l\u00e0 que les puissants alli\u00e9s d\u2019Isra\u00ebl ont donn\u00e9 au Premier ministre carte blanche pour faire ce que bon lui semblerait \u00e0 Gaza, qu\u2019importe le co\u00fbt pour la population civile.<\/p>\n<p>En effet, aussi bien le d\u00e9partement d\u2019Etat am\u00e9ricain que le Bureau du gouvernement am\u00e9ricain traitant des Affaires palestiniennes ont supprim\u00e9 des d\u00e9clarations publi\u00e9es dans les m\u00e9dias sociaux et qui encourageaient les efforts turcs vers un cessez-le-feu et exhortaient \u00e0 la retenue.<\/p>\n<p>Ces d\u00e9clarations ont \u00e9t\u00e9 remplac\u00e9es par des condamnations sans \u00e9quivoque des attaques palestiniennes et par un soutien au <em>\u00ab droit d\u2019Isra\u00ebl de se d\u00e9fendre \u00bb.<\/em><\/p>\n<blockquote class=\"twitter-tweet\" data-width=\"500\" data-dnt=\"true\">\n<p lang=\"en\" dir=\"ltr\">Cowards! Blinken quickly deletes a tweet calling for cease-fire. <\/p>\n<p>US mission to oPt deletes a tweet calling for restraint&#8230;<\/p>\n<p>Western officials are giving Israel the greenlight to flatten Gaza.<\/p>\n<p>Palestinian &amp; Israeli blood will be on their complicit hands&#8230; <a href=\"https:\/\/t.co\/oto1GHidms\">pic.twitter.com\/oto1GHidms<\/a><\/p>\n<p>&mdash; Muhammad Shehada (@muhammadshehad2) <a href=\"https:\/\/twitter.com\/muhammadshehad2\/status\/1711383961639813532?ref_src=twsrc%5Etfw\">October 9, 2023<\/a><\/p><\/blockquote>\n<p><script async src=\"https:\/\/platform.twitter.com\/widgets.js\" charset=\"utf-8\"><\/script><\/p>\n<p>&nbsp;<\/p>\n<p><strong>Les dirigeants des EU, du Royaume-Uni, de la France, de l\u2019Allemagne et de l\u2019Italie<\/strong> ont laiss\u00e9 de c\u00f4t\u00e9 leur pr\u00e9tention habituelle \u00e0 se soucier de la protection des civils et ont sorti ce lundi une d\u00e9claration commune soutenant sans \u00e9quivoque <em>\u00ab le droit d\u2019Isra\u00ebl de se d\u00e9fendre \u00bb<\/em> et rejetant sur le Hamas le bl\u00e2me pour les crimes de guerre isra\u00e9liens \u00e0 venir.<\/p>\n<blockquote><p>\u00ab Nous tous reconnaissons les aspirations l\u00e9gitimes du peuple palestinien et soutenons une \u00e9galit\u00e9 dans les mesures de justice et de libert\u00e9 tant pour les Isra\u00e9liens que pour les Palestiniens \u00bb,<\/p><\/blockquote>\n<p>ont d\u00e9clar\u00e9 les dirigeants.<\/p>\n<blockquote><p>\u00ab Mais qu\u2019on ne s\u2019y trompe pas : Le Hamas ne repr\u00e9sente pas ces aspirations et il n\u2019a rien d\u2019autre \u00e0 proposer au peuple palestinien que plus de terreur et de bains de sang encore. \u00bb<\/p><\/blockquote>\n<p>&nbsp;<\/p>\n<div id=\"attachment_60805\" style=\"width: 810px\" class=\"wp-caption aligncenter\"><img loading=\"lazy\" decoding=\"async\" aria-describedby=\"caption-attachment-60805\" class=\"wp-image-60805 size-full\" src=\"https:\/\/charleroi-pourlapalestine.be\/wp-content\/uploads\/2023\/10\/9-octobre-2023.-Des-Palestiniens-transportent-une-personne-blessee-ou-tuee-vers-lHopital-indonesien-de-Jabaliya-dans-le-nord-de-la-bande-de-Gaza.jpg\" alt=\"9 octobre 2023. Des Palestiniens transportent une personne bless\u00e9e ou tu\u00e9e vers l\u2019H\u00f4pital indon\u00e9sien de Jabaliya, dans le nord de la bande de Gaza.\" width=\"800\" height=\"533\"><p id=\"caption-attachment-60805\" class=\"wp-caption-text\"><strong>9 octobre 2023. Des Palestiniens transportent une personne bless\u00e9e ou tu\u00e9e vers l\u2019H\u00f4pital indon\u00e9sien de Jabaliya, dans le nord de la bande de Gaza<\/strong>. (Photo : Bashar Taleb \/ APA images)<\/p><\/div>\n<p>&nbsp;<\/p>\n<p><strong>Human Rights Watch<\/strong>, dont le si\u00e8ge se trouve \u00e0 New York, a d\u00e9clar\u00e9 que la d\u00e9claration du ministre isra\u00e9lien de la d\u00e9fense \u00e9quivalait \u00e0 <em><strong>\u00ab un appel \u00e0 commettre un crime de guerre \u00bb<\/strong><\/em> et a demand\u00e9 instamment \u00e0 la Cour p\u00e9nale internationale de <em>\u00ab prendre note \u00bb<\/em>, encore que le procureur principal de cette m\u00eame cour ait apparemment annul\u00e9 la priorit\u00e9 de son enqu\u00eate sur la Palestine.<\/p>\n<p><strong>Al-Haq,<\/strong> une organisation palestinienne de d\u00e9fense des droits humains, a d\u00e9clar\u00e9 que la d\u00e9claration de Galant <em>\u00ab \u00e9tait porteuse d\u2019un langage g\u00e9nocidaire \u00bb.<\/em><\/p>\n<p>L\u2019appel \u00e0 couper les besoins \u00e9l\u00e9mentaires destin\u00e9s \u00e0 la survie humaine au beau milieu d\u2019attaques syst\u00e9matiques et \u00e0 grande \u00e9chelle contre des civils <strong><em>\u00ab peut atteindre le seul d\u2019\u2019extermination\u2019 \u00bb<\/em><\/strong>, a ajout\u00e9 Al-Haq.<\/p>\n<p>L\u2019organisation de d\u00e9fense des droits a expliqu\u00e9 que l\u2019appel de Netanyahou \u00e0 r\u00e9duire Gaza en <em>\u00ab ruine \u00bb \u00ab rappelle la politique de la \u2018terre br\u00fbl\u00e9e\u2019 poursuivie \u00e0 Nuremberg \u00bb.<\/em><\/p>\n<p>La <em>\u00ab politique de la terre br\u00fbl\u00e9e \u00bb<\/em> est<\/p>\n<blockquote><p>\u00ab une tactique militaire consistant \u00e0 d\u00e9truire tout ce qui permet \u00e0 l\u2019ennemi de faire la guerre, y compris les r\u00e9coltes, le b\u00e9tail, les b\u00e2timents et infrastructures \u00bb,<\/p><\/blockquote>\n<p>peut-on lire dans l\u2019Encyclop\u00e9die britannique.<\/p>\n<p>Les dirigeants et officiers du r\u00e9gime nazi ont \u00e9t\u00e9 poursuivis \u00e0 Nuremberg pour des crimes graves, y compris leurs campagnes de terre br\u00fbl\u00e9e. Ces proc\u00e8s ont fourni<\/p>\n<blockquote><p>\u00ab la base des l\u00e9gislations modernes concernant les crimes de guerre et crimes contre l\u2019humanit\u00e9 et ont servi de mod\u00e8le aux r\u00e9centes poursuites internationales de tels crimes \u00bb,<\/p><\/blockquote>\n<p>explique la Facult\u00e9 de Droit de Harvard.<\/p>\n<p>&nbsp;<\/p>\n<h3><strong>Isra\u00ebl entend frapper le Hamas, m\u00eame si cela doit nuire aux otages<\/strong><\/h3>\n<p>Une source importante du gouvernement isra\u00e9lien a expliqu\u00e9 \u00e0 des journalistes ce lundi qu\u2019Isra\u00ebl allait frapper toutes les cibles du Hamas \u00e0 Gaza, m\u00eame si, ce faisant, cela pouvait nuire aux otages isra\u00e9liens d\u00e9tenus sur le territoire.<\/p>\n<p><strong>Isra\u00ebl a \u00e9galement laiss\u00e9 tomber sa pratique occasionnelle consistant \u00e0 pr\u00e9venir les r\u00e9sidents palestiniens qu\u2019il \u00e9tait sur le point de d\u00e9truire un b\u00e2timent lors d\u2019une prochaine frappe.<\/strong><\/p>\n<p>Les Brigades Qassam, l\u2019aile arm\u00e9e du Hamas, ont menac\u00e9 d\u2019ex\u00e9cuter les prisonniers isra\u00e9liens en r\u00e9ponse aux frappes a\u00e9riennes qui ont tu\u00e9 des douzaines de familles palestiniennes dans leurs foyers.<\/p>\n<p>Abu Obeida, le porte-parole des Brigades Qassam, a dit que l\u2019un de ses captifs serait ex\u00e9cut\u00e9 chaque fois qu\u2019Isra\u00ebl bombarderait la maison d\u2019une famille gazaouie sans avertissement pr\u00e9alable.<\/p>\n<p>Marwan Bishara, un analyste politique d\u2019<em>Al Jazeera<\/em>, a dit que la menace d\u2019ex\u00e9cuter des prisonniers montrait que<\/p>\n<blockquote><p>\u00ab le Hamas subit une pression de plus en plus grande en vue de r\u00e9agir aux bombardements en cours et au massacre de la population civile de Gaza \u00bb.<\/p><\/blockquote>\n<p><strong>Bishara a fait remarquer qu\u2019il y avait une relation directe entre l\u2019oppression et la force utilis\u00e9e contre les Palestiniens d\u2019une part et la s\u00e9v\u00e9rit\u00e9 des tactiques de la r\u00e9sistance.<\/strong><\/p>\n<p>La menace d\u2019ex\u00e9cuter les captifs \u2013 qui, apparemment, n\u2019avait pas encore \u00e9t\u00e9 mise \u00e0 ex\u00e9cution lundi soir, m\u00eame si Isra\u00ebl continuait sans rel\u00e2che \u00e0 bombarder et \u00e0 tuer des civils \u00e0 Gaza \u2013 a \u00e9t\u00e9 vivement condamn\u00e9e par les organisations de d\u00e9fense des droits humains.<\/p>\n<blockquote class=\"twitter-tweet\" data-width=\"500\" data-dnt=\"true\">\n<p lang=\"en\" dir=\"ltr\">Grotesque. These threatened acts would amount to flagrant war crimes by Hamas\u2019 armed wing. The <a href=\"https:\/\/twitter.com\/IntlCrimCourt?ref_src=twsrc%5Etfw\">@IntlCrimCourt<\/a> will be watching.<\/p>\n<p>Quote from <a href=\"https:\/\/twitter.com\/OmarSShakir?ref_src=twsrc%5Etfw\">@OmarSShakir<\/a> \u2935\ufe0f <a href=\"https:\/\/t.co\/FuNtvHe0YG\">https:\/\/t.co\/FuNtvHe0YG<\/a> <a href=\"https:\/\/t.co\/6cnHODLWyZ\">pic.twitter.com\/6cnHODLWyZ<\/a><\/p>\n<p>&mdash; Human Rights Watch (@hrw) <a href=\"https:\/\/twitter.com\/hrw\/status\/1711481282104848866?ref_src=twsrc%5Etfw\">October 9, 2023<\/a><\/p><\/blockquote>\n<p><script async src=\"https:\/\/platform.twitter.com\/widgets.js\" charset=\"utf-8\"><\/script><\/p>\n<p>&nbsp;<\/p>\n<p>Des comptes rendus m\u00e9diatiques ont fait savoir que <strong>des pourparlers en vue d\u2019un \u00e9change de prisonniers<\/strong> \u00e9taient en cours, et l\u2019agence d\u2019information Reuters a d\u00e9clar\u00e9 que le Qatar n\u00e9gociait la lib\u00e9ration des femmes et des enfants d\u00e9tenus par les gu\u00e9rilleros palestiniens \u00e0 Gaza, et ce, en \u00e9change de 36 femmes palestiniennes emprisonn\u00e9es en Isra\u00ebl.<\/p>\n<p>Dans une interview accord\u00e9e \u00e0 <em>Al Jazeera<\/em>, Moussa Abu Marzouk, un important responsable du Hamas, a expliqu\u00e9 que l\u2019organisation \u00e9tait ouverte \u00e0 une tr\u00eave avec Isra\u00ebl, du fait qu\u2019elle avait<em> \u00ab r\u00e9alis\u00e9 ses objectifs \u00bb.<\/em><\/p>\n<p>Les m\u00e9dias isra\u00e9liens ont fait savoir lundi soir qu\u2019il y avait eu un sursis de deux heures dans les tirs de roquettes (apr\u00e8s trois jours de salves permanentes), indiquant que le Hamas \u00e9tait ouvert \u00e0 un cessez-le-feu.<\/p>\n<p>En attendant, a-t-on rapport\u00e9, <strong>Isra\u00ebl avait rejet\u00e9 un \u00e9change de prisonniers<\/strong> et il est apparu que ses dirigeants avaient l\u2019intention de se venger de la violation par surprise, par la voie maritime, a\u00e9rienne et terrestre, de la fronti\u00e8re puissamment militaris\u00e9e de Gaza samedi d\u00e8s l\u2019aube.<\/p>\n<p>Samedi, Netanyahou s\u2019est concentr\u00e9 sur la vengeance, en d\u00e9clarant :<\/p>\n<blockquote><p>\u00ab Nous les d\u00e9truirons et nous vengerons par la force cette journ\u00e9e sombre qu\u2019ils ont impos\u00e9e \u00e0 l\u2019\u00c9tat d\u2019Isra\u00ebl et \u00e0 ses citoyens \u00bb.<\/p><\/blockquote>\n<p>Selon le quotidien de Tel-Aviv, <em>Haaretz<\/em>,<strong> Bezalel Smotrich<\/strong>, le ministre des finances isra\u00e9lien, d\u2019extr\u00eame droite, a d\u00e9clar\u00e9 lors d\u2019une r\u00e9union de cabinet que<\/p>\n<blockquote><p>\u00ab nous devons \u00eatre cruels maintenant et ne pas trop prendre les captifs en consid\u00e9ration \u00bb.<\/p>\n<p>\u00ab Ce ne sont pas les propos d\u2019un dirigeant engag\u00e9 \u00e0 ramener les captifs \u00bb,<\/p><\/blockquote>\n<p>a d\u00e9clar\u00e9 <em>Haaretz<\/em> dans un \u00e9ditorial lundi :<\/p>\n<blockquote><p>\u00ab La vengeance ne les ram\u00e8nera pas. Seules des n\u00e9gociations le feront. \u00bb<\/p><\/blockquote>\n<p>Mais Netanyahou a dit \u00e0 Biden, ce lundi :<\/p>\n<blockquote><p>\u00ab Il nous faut y aller [\u00e0 Gaza]. Nous ne pouvons n\u00e9gocier maintenant \u00bb.<\/p><\/blockquote>\n<p>Et d\u2019ajouter :<\/p>\n<blockquote><p>\u00ab Nous devons restaurer la dissuasion. \u00bb<\/p><\/blockquote>\n<p><strong>Biden<\/strong>, dit-on, n\u2019a pas tent\u00e9 de dissuader Netanyahou, malgr\u00e9 le tribut \u00e9lev\u00e9 en termes de vies humaines qu\u2019une invasion terrestre requerrait certainement.<\/p>\n<div id=\"attachment_60808\" style=\"width: 810px\" class=\"wp-caption aligncenter\"><img loading=\"lazy\" decoding=\"async\" aria-describedby=\"caption-attachment-60808\" class=\"wp-image-60808 size-full\" src=\"https:\/\/charleroi-pourlapalestine.be\/wp-content\/uploads\/2023\/10\/9-octobre-2023.-Des-soldats-israeliens-se-mettent-a-couvert-lors-quune-frappe-de-roquette-de-Gaza-sur-Sderot.jpg\" alt=\"9 octobre 2023. Des soldats isra\u00e9liens se mettent \u00e0 couvert lors qu\u2019une frappe de roquette de Gaza sur Sderot.\" width=\"800\" height=\"533\"><p id=\"caption-attachment-60808\" class=\"wp-caption-text\"><\/strong> <strong>9 octobre 2023. Des soldats isra\u00e9liens se mettent \u00e0 couvert lors qu\u2019une frappe de roquette de Gaza sur Sderot.<\/strong> (Photo : Atef Safadi \/ EFE)<\/p><\/div>\n<p>&nbsp;<\/p>\n<p>Et, effectivement, un tribut \u00e9lev\u00e9 en vies humaines semble \u00eatre un point de d\u00e9part, pour Netanyahou, qui a d\u00e9clar\u00e9 :<\/p>\n<blockquote><p>\u00ab Isra\u00ebl n\u2019avait pas d\u2019autre choix que de r\u00e9pondre par la force, car un pays ne peut faire montre de faiblesse, dans le Moyen-Orient \u00bb,<\/p><\/blockquote>\n<p>rapportait <em>Axios.<\/em><\/p>\n<p>En attendant, lundi, Netanyahou s\u2019est adress\u00e9 \u00e0 des hommes politiques locaux, dans le sud d\u2019Isra\u00ebl, et leur a dit :<\/p>\n<blockquote><p>\u00ab Je sais que vous avez v\u00e9cu des situations tr\u00e8s dures et terribles. Ce que le Hamas va vivre sera tr\u00e8s dur et terrible. \u00bb<\/p><\/blockquote>\n<p>Et d\u2019ajouter :<\/p>\n<blockquote><p>\u00ab Je vous demande d\u2019\u00eatre forts, parce que nous allons changer le Moyen-Orient. \u00bb<\/p><\/blockquote>\n<p>Orly Noy, un journaliste isra\u00e9lien, pr\u00e9sident de l\u2019organisation de d\u00e9fense des droits humains<strong> B\u2019Tselem<\/strong>, a expliqu\u00e9 dans la publication am\u00e9ricaine <em>Democracy Now!<\/em> que, dans le sillage d\u2019un \u00e9tonnant \u00e9chec des renseignements se traduisant par des centaines de morts isra\u00e9liens,<\/p>\n<blockquote><p>\u00ab le gouvernement isra\u00e9lien fait la seule chose qu\u2019Isra\u00ebl sache faire, qui consiste \u00e0 se venger \u2013 avec plus de force, et plus de mort encore \u00bb.<\/p>\n<p>\u00ab Il y a un tr\u00e8s fort sentiment de demande de vengeance au sein du public isra\u00e9lien \u00bb,<\/p><\/blockquote>\n<p>a ajout\u00e9 Noy.<\/p>\n<blockquote class=\"twitter-tweet\" data-width=\"500\" data-dnt=\"true\">\n<p lang=\"en\" dir=\"ltr\">Israeli activist <a href=\"https:\/\/twitter.com\/NoyOrly?ref_src=twsrc%5Etfw\">@NoyOrly<\/a> of human rights center <a href=\"https:\/\/twitter.com\/btselem?ref_src=twsrc%5Etfw\">@btselem<\/a> explains the Israeli intelligence &quot;failures&quot; that led to Hamas&#39;s &quot;heinous&quot; attack.<\/p>\n<p>Now, she says &quot;the Israeli government is doing the only thing that Israel knows to do, which is revenge \u2014 and more force and more death.&quot; <a href=\"https:\/\/t.co\/vIg5DbrOAF\">pic.twitter.com\/vIg5DbrOAF<\/a><\/p>\n<p>&mdash; Democracy Now! (@democracynow) <a href=\"https:\/\/twitter.com\/democracynow\/status\/1711367882469253135?ref_src=twsrc%5Etfw\">October 9, 2023<\/a><\/p><\/blockquote>\n<p><script async src=\"https:\/\/platform.twitter.com\/widgets.js\" charset=\"utf-8\"><\/script><\/p>\n<p>&nbsp;<\/p>\n<p>Le chagrin \u00e9tait palpable, lundi, \u00e0 Gaza, et l\u2019air \u00e9tait rempli de d\u00e9bris et de relents chimiques nocifs provenant des frappes incessantes d\u2019Isra\u00ebl.<\/p>\n<blockquote class=\"twitter-tweet\" data-width=\"500\" data-dnt=\"true\">\n<p lang=\"en\" dir=\"ltr\">Explosions are heard in the background as Refaat Alareer gives his testimony of living under Israeli airstrikes in Gaza. <\/p>\n<p>&quot;The whole room is filled with gunpowder,&quot; <a href=\"https:\/\/twitter.com\/itranslate123?ref_src=twsrc%5Etfw\">@itranslate123<\/a> says. &quot;We don&#39;t deserve this. We&#39;re not animals like the Israelis think. Our kids deserve better.&quot; <a href=\"https:\/\/t.co\/Q9UVSY5Wpp\">pic.twitter.com\/Q9UVSY5Wpp<\/a><\/p>\n<p>&mdash; Electronic Intifada (@intifada) <a href=\"https:\/\/twitter.com\/intifada\/status\/1711459166059934085?ref_src=twsrc%5Etfw\">October 9, 2023<\/a><\/p><\/blockquote>\n<p><script async src=\"https:\/\/platform.twitter.com\/widgets.js\" charset=\"utf-8\"><\/script><\/p>\n<p>&nbsp;<\/p>\n<p><strong>Des quelque 700 Palestiniens qu\u2019on dit avoir \u00e9t\u00e9 tu\u00e9s \u00e0 Gaza jusqu\u2019\u00e0 ce lundi soir, 140 \u00e9taient des enfants et plus de 100 \u00e9taient des femmes \u2013 ce qui sugg\u00e8re qu\u2019un nombre important de morts \u00e9taient des civils.<\/strong><\/p>\n<p>Au moins 50 personnes ont \u00e9t\u00e9 tu\u00e9es lundi au cours d\u2019une seule attaque isra\u00e9lienne contre le camp de r\u00e9fugi\u00e9s de <strong>Jabaliya<\/strong>, dans le nord de Gaza, et o\u00f9 vivent<strong> 120 000 Palestiniens.<\/strong><\/p>\n<blockquote class=\"twitter-tweet\" data-width=\"500\" data-dnt=\"true\">\n<p lang=\"en\" dir=\"ltr\">Literally dozens of dead bodies are being evacuated from Jabalia refugee camp&#39;s central market bombed by Israel shortly ago. Those are people who Israel instructed to move to the UNRWA schools located there. <a href=\"https:\/\/twitter.com\/Belalmd12?ref_src=twsrc%5Etfw\">@Belalmd12<\/a> <a href=\"https:\/\/t.co\/X5SrRxQdmK\">pic.twitter.com\/X5SrRxQdmK<\/a><\/p>\n<p>&mdash; Ramy Abdu| \u0631\u0627\u0645\u064a \u0639\u0628\u062f\u0647 (@RamAbdu) <a href=\"https:\/\/twitter.com\/RamAbdu\/status\/1711324660636209372?ref_src=twsrc%5Etfw\">October 9, 2023<\/a><\/p><\/blockquote>\n<p><script async src=\"https:\/\/platform.twitter.com\/widgets.js\" charset=\"utf-8\"><\/script><\/p>\n<blockquote class=\"twitter-tweet\" data-width=\"500\" data-dnt=\"true\">\n<p lang=\"en\" dir=\"ltr\">\ud83d\udea8 MASSACRE OF CIVILIANS IN THE JABALYIA REFUGEE CAMP IN <a href=\"https:\/\/twitter.com\/hashtag\/GAZA?src=hash&amp;ref_src=twsrc%5Etfw\">#GAZA<\/a>: Israel has bombed the market in Jabalyia refugee camp, one of the most densely populated areas on the planet, killing at least 50 Palestinians in a single attack. Many bodies are still under the rubble.<\/p>\n<p>&mdash; Al-Mezan \u0627\u0644\u0645\u064a\u0632\u0627\u0646 (@AlMezanCenter) <a href=\"https:\/\/twitter.com\/AlMezanCenter\/status\/1711332170126565776?ref_src=twsrc%5Etfw\">October 9, 2023<\/a><\/p><\/blockquote>\n<p><script async src=\"https:\/\/platform.twitter.com\/widgets.js\" charset=\"utf-8\"><\/script><\/p>\n<blockquote class=\"twitter-tweet\" data-width=\"500\" data-dnt=\"true\">\n<p lang=\"en\" dir=\"ltr\">This \u200b\u200bPalestinian woman is in mourning after more than 20 members of her family were killed in the latest Israeli air attacks on Gaza&#39;s Beit Hanoun \u2935\ufe0f <a href=\"https:\/\/t.co\/Cka6y1d29Q\">pic.twitter.com\/Cka6y1d29Q<\/a><\/p>\n<p>&mdash; Al Jazeera English (@AJEnglish) <a href=\"https:\/\/twitter.com\/AJEnglish\/status\/1711361071456407664?ref_src=twsrc%5Etfw\">October 9, 2023<\/a><\/p><\/blockquote>\n<p><script async src=\"https:\/\/platform.twitter.com\/widgets.js\" charset=\"utf-8\"><\/script><\/p>\n<p>&nbsp;<\/p>\n<p>Quatorze personnes de la famille Madhoun ont perdu la vie lors d\u2019une frappe isra\u00e9lienne \u00e0 <strong>Beit Lahiya,<\/strong> dans le nord de Gaza, rapportait WAFA lundi.<\/p>\n<p>Les organisations de d\u00e9fense des droits humains ont continu\u00e9 de faire \u00e9tat des familles palestiniennes qui avaient \u00e9t\u00e9 litt\u00e9ralement oblit\u00e9r\u00e9es dans leurs foyers par les frappes isra\u00e9liennes au cours de la journ\u00e9e :<\/p>\n<blockquote class=\"twitter-tweet\" data-width=\"500\" data-dnt=\"true\">\n<p lang=\"en\" dir=\"ltr\">Yesterday, Sunday October 8th,  12:30pm, Israel bombed a 4-storey building in Beit Hanoun, belonging to the Za\u2019aneen family, which was home to 4 families. Every person in the building was killed &#8211; 20 Palestinians, including 5 women and 11 children. <a href=\"https:\/\/twitter.com\/hashtag\/Gaza?src=hash&amp;ref_src=twsrc%5Etfw\">#Gaza<\/a><\/p>\n<p>&mdash; Al-Haq \u0627\u0644\u062d\u0642 (@alhaq_org) <a href=\"https:\/\/twitter.com\/alhaq_org\/status\/1711348471939150195?ref_src=twsrc%5Etfw\">October 9, 2023<\/a><\/p><\/blockquote>\n<p><script async src=\"https:\/\/platform.twitter.com\/widgets.js\" charset=\"utf-8\"><\/script><\/p>\n<blockquote class=\"twitter-tweet\" data-width=\"500\" data-dnt=\"true\">\n<p lang=\"en\" dir=\"ltr\">At 3:00 am this morning, 9 October, Israeli forces without warning bombed a building, home to 5 Qatanani families (4 floors), killing 13 family members, including 4 women and 5 children. <a href=\"https:\/\/twitter.com\/hashtag\/Gaza?src=hash&amp;ref_src=twsrc%5Etfw\">#Gaza<\/a><\/p>\n<p>&mdash; Al-Haq \u0627\u0644\u062d\u0642 (@alhaq_org) <a href=\"https:\/\/twitter.com\/alhaq_org\/status\/1711340044361850898?ref_src=twsrc%5Etfw\">October 9, 2023<\/a><\/p><\/blockquote>\n<p><script async src=\"https:\/\/platform.twitter.com\/widgets.js\" charset=\"utf-8\"><\/script><\/p>\n<blockquote class=\"twitter-tweet\" data-width=\"500\" data-dnt=\"true\">\n<p lang=\"en\" dir=\"ltr\">Footage released by Israeli forces showing entire neighbourhoods being wiped out in Gaza<\/p>\n<p>Genocide, in every sense of the word it&#39;s genocide. <a href=\"https:\/\/t.co\/I2NjiFYqmh\">pic.twitter.com\/I2NjiFYqmh<\/a><\/p>\n<p>&mdash; Maha Hussaini (@MahaGaza) <a href=\"https:\/\/twitter.com\/MahaGaza\/status\/1711371294921400533?ref_src=twsrc%5Etfw\">October 9, 2023<\/a><\/p><\/blockquote>\n<p><script async src=\"https:\/\/platform.twitter.com\/widgets.js\" charset=\"utf-8\"><\/script><\/p>\n<p>&nbsp;<\/p>\n<p>Une prise de vue a\u00e9rienne de l\u2019arm\u00e9e isra\u00e9lienne montre qu\u2019elle a compl\u00e8tement an\u00e9anti tout un quartier de Gaza :<\/p>\n<blockquote class=\"twitter-tweet\" data-width=\"500\" data-dnt=\"true\">\n<p lang=\"en\" dir=\"ltr\">Israeli military forces just released aerial footage of Gaza showing that they have wiped out an entire neighborhood. <a href=\"https:\/\/twitter.com\/hashtag\/GazaUnderAttack?src=hash&amp;ref_src=twsrc%5Etfw\">#GazaUnderAttack<\/a> <a href=\"https:\/\/t.co\/WpsOzLozJS\">pic.twitter.com\/WpsOzLozJS<\/a><\/p>\n<p>&mdash; Ramy Abdu| \u0631\u0627\u0645\u064a \u0639\u0628\u062f\u0647 (@RamAbdu) <a href=\"https:\/\/twitter.com\/RamAbdu\/status\/1711373382309052856?ref_src=twsrc%5Etfw\">October 9, 2023<\/a><\/p><\/blockquote>\n<p><script async src=\"https:\/\/platform.twitter.com\/widgets.js\" charset=\"utf-8\"><\/script><\/p>\n<p>&nbsp;<\/p>\n<p>Les Brigades Qassam ont d\u00e9clar\u00e9 lundi que quatre Isra\u00e9liens qu\u2019elles d\u00e9tenaient \u00e0 Gaza avaient \u00e9t\u00e9 tu\u00e9s lors de frappes isra\u00e9liennes en m\u00eame temps que les Palestiniens qui les gardaient.<\/p>\n<p>&nbsp;<\/p>\n<h3><strong>Des journalistes tu\u00e9s, bless\u00e9s et port\u00e9s manquants<\/strong><\/h3>\n<p>Depuis samedi, Isra\u00ebl a tu\u00e9, bless\u00e9 et arr\u00eat\u00e9 plusieurs journalistes palestiniens \u00e0 Gaza, o\u00f9 il y a tr\u00e8s peu de pr\u00e9sence de m\u00e9dias internationaux de langue anglaise en dehors des correspondants palestiniens qui vivent sur le territoire.<\/p>\n<blockquote class=\"twitter-tweet\" data-width=\"500\" data-dnt=\"true\">\n<p lang=\"en\" dir=\"ltr\">Since there\u2019s no real mainstream international reporting in <a href=\"https:\/\/twitter.com\/hashtag\/Gaza?src=hash&amp;ref_src=twsrc%5Etfw\">#Gaza<\/a>, will share some things from Arabic: A doctor at Al-Shifa Hospital in Gaza, while working and rescuing the injured, was surprised to find her husband among the dead. <a href=\"https:\/\/t.co\/LKAC6BarA8\">https:\/\/t.co\/LKAC6BarA8<\/a><\/p>\n<p>&mdash; Lama Al-Arian (@lalarian) <a href=\"https:\/\/twitter.com\/lalarian\/status\/1711400438908555500?ref_src=twsrc%5Etfw\">October 9, 2023<\/a><\/p><\/blockquote>\n<p><script async src=\"https:\/\/platform.twitter.com\/widgets.js\" charset=\"utf-8\"><\/script><\/p>\n<p>&nbsp;<\/p>\n<p>Le Comit\u00e9 de protection des journalistes, dont le si\u00e8ge est \u00e0 New York, a expliqu\u00e9 lundi qu\u2019il \u00e9tait<\/p>\n<blockquote><p>\u00ab troubl\u00e9 par des rapports selon lesquels six journalistes au moins se trouvaient parmi les civils qui avaient \u00e9t\u00e9 tu\u00e9s, bless\u00e9s ou port\u00e9s manquants au cours de l\u2019actuel conflit entre Isra\u00ebl et Gaza \u00bb.<\/p><\/blockquote>\n<p><strong>Trois journalistes palestiniens ont \u00e9t\u00e9 abattus et tu\u00e9s en plein travail samedi<\/strong> : le photographe d\u2019Ain Media, Ibrahim Mohammad Lafi, tu\u00e9 au checkpoint d\u2019Erez dans le nord de Gaza ; Mohammad Jarghoun, un journaliste de Smart Media tu\u00e9 \u00e0 l\u2019est de Rafah, dans le sud de Gaza ; et le journaliste freelance Muhammad al-Salhi, abattu dans le centre de Gaza.<\/p>\n<p><strong>Deux photographes palestiniens<\/strong> \u2013 Nidal al-Wahidi et Haitham Abdelwahid \u2013 sont port\u00e9s manquants depuis samedi. Il para\u00eet que la famille d\u2019Al-Wahidi a d\u00e9clar\u00e9 qu\u2019il \u00e9tait vivant et qu\u2019il avait \u00e9t\u00e9 arr\u00eat\u00e9 par les forces isra\u00e9liennes alors qu\u2019il couvrait la prise du checkpoint d\u2019Erez samedi par les gu\u00e9rilleros.<\/p>\n<blockquote class=\"twitter-tweet\" data-width=\"500\" data-dnt=\"true\">\n<p lang=\"en\" dir=\"ltr\">After many conflicting reports, Nidal\u2019s family has released a statement that he is alive, but he has been arrested by Israeli forces while he was covering the events at Erez. Relieved to know he is alive. Freedom for Nidal &amp; all the Palestinian prisoners. <a href=\"https:\/\/t.co\/5kTM1K1rLG\">https:\/\/t.co\/5kTM1K1rLG<\/a><\/p>\n<p>&mdash; Yumna (@yumna_patel) <a href=\"https:\/\/twitter.com\/yumna_patel\/status\/1711065293970165834?ref_src=twsrc%5Etfw\">October 8, 2023<\/a><\/p><\/blockquote>\n<p><script async src=\"https:\/\/platform.twitter.com\/widgets.js\" charset=\"utf-8\"><\/script><\/p>\n<p>&nbsp;<\/p>\n<p>Une \u00e9quipe de t\u00e9l\u00e9vision travaillant pour Sky News Arabia a d\u00e9clar\u00e9 que la police isra\u00e9lienne avait agress\u00e9 ses membres et qu\u2019elle avait endommag\u00e9 leurs \u00e9quipements d\u2019Ashkelon, une ville du sud d\u2019Isra\u00ebl qui avait \u00e9t\u00e9 touch\u00e9e par des roquettes tir\u00e9es depuis Gaza.<\/p>\n<blockquote><p>\u00ab Firas Lutfi, le correspondant de la cha\u00eene, a dit que la police isra\u00e9lienne avait point\u00e9 ses armes vers sa t\u00eate, qu\u2019elle l\u2019avait forc\u00e9 \u00e0 se d\u00e9shabiller, qu\u2019elle avait confisqu\u00e9 les t\u00e9l\u00e9phones de l\u2019\u00e9quipe avant de lui faire quitter les lieux sous escorte polici\u00e8re \u00bb,<\/p><\/blockquote>\n<p>a d\u00e9clar\u00e9 la Comit\u00e9 de protection des journalistes.<\/p>\n<p>Peu avant la publication du pr\u00e9sent article, <em>Al Jazeera<\/em> a fait savoir que plusieurs journalistes avaient \u00e9t\u00e9 tu\u00e9s et bless\u00e9s au cours d\u2019un raid a\u00e9rien isra\u00e9lien qui visait une tour r\u00e9sidentielle situ\u00e9e dans l\u2019ouest de la ville de Gaza.<\/p>\n<blockquote class=\"twitter-tweet\" data-width=\"500\" data-dnt=\"true\">\n<p lang=\"en\" dir=\"ltr\">Palestinian journalists Saeed al-Taweel and Muhammad Sobh were reportedly killed during Israeli bombing tonight, making it five Palestinian journalists killed since the fighting began. <a href=\"https:\/\/t.co\/5kwZ1khrow\">https:\/\/t.co\/5kwZ1khrow<\/a><\/p>\n<p>&mdash; Evan Hill (@evanhill) <a href=\"https:\/\/twitter.com\/evanhill\/status\/1711556527872463191?ref_src=twsrc%5Etfw\">October 10, 2023<\/a><\/p><\/blockquote>\n<p><script async src=\"https:\/\/platform.twitter.com\/widgets.js\" charset=\"utf-8\"><\/script><\/p>\n<p style=\"text-align: center;\">*****&nbsp;<\/p>\n<p><strong><img loading=\"lazy\" decoding=\"async\" class=\"alignleft wp-image-45540 size-full\" src=\"https:\/\/charleroi-pourlapalestine.be\/wp-content\/uploads\/2022\/10\/Maureen-Clare-Murphy-e1665914569514.jpg\" sizes=\"auto, (max-width: 150px) 100vw, 150px\" srcset=\"https:\/\/charleroi-pourlapalestine.be\/wp-content\/uploads\/2022\/10\/Maureen-Clare-Murphy-e1665914569514.jpg 150w, https:\/\/charleroi-pourlapalestine.be\/wp-content\/uploads\/2022\/10\/Maureen-Clare-Murphy-e1665914569514-80x80.jpg 80w\" alt=\"\" width=\"150\" height=\"150\">Maureen Clare Murphy<\/strong> est r\u00e9dactrice en chef de The Electronic Intifada.<\/p>\n<div class=\"pf-content\">\n<p>&nbsp;&nbsp;&nbsp;&nbsp;&nbsp;&nbsp;&nbsp;&nbsp;&nbsp;&nbsp;&nbsp;&nbsp;&nbsp;&nbsp;&nbsp;&nbsp;&nbsp;&nbsp;&nbsp;&nbsp;&nbsp;&nbsp;&nbsp;&nbsp;&nbsp;&nbsp;&nbsp;&nbsp;&nbsp;&nbsp;&nbsp;&nbsp;&nbsp;&nbsp;&nbsp;&nbsp;&nbsp;&nbsp;&nbsp; ******<br \/>\nPubli\u00e9 le 10 octobre 2023 sur <a href=\"https:\/\/electronicintifada.net\/blogs\/maureen-clare-murphy\/israel-cuts-food-water-millions-palestinians-it-calls-human-animals\"><strong>The Electronic Intifada<\/strong><\/a><br \/>\nTraduction : Jean-Marie Fl\u00e9mal, <strong><a href=\"http:\/\/www.pourlapalestine.be\/\">Charleroi pour la Palestine<\/a><\/strong><\/p>\n<\/div>\n<p><strong>NDLR : Afin de pouvoir lire les \u201ctweets\u201d et vid\u00e9os repris dans l\u2019article, ouvrez un compte Twitter (X).<\/strong><\/p>\n<p>&nbsp;<\/p>\n","protected":false},"excerpt":{"rendered":"<p>Les dirigeants isra\u00e9liens annoncent des crimes de guerre dans un langage g\u00e9nocidaire : \u00ab Ce sont des b\u00eates humaines, que nous combattons et nous agirons en cons\u00e9quence \u00bb<\/p>\n","protected":false},"author":1,"featured_media":0,"comment_status":"closed","ping_status":"closed","sticky":false,"template":"","format":"standard","meta":{"ngg_post_thumbnail":0,"footnotes":""},"categories":[7,40,52,6,344,191],"tags":[],"class_list":["post-60782","post","type-post","status-publish","format-standard","hentry","category-cisjordanie","category-les-crimes-de-guerre","category-la-cour-penale-internationale","category-gaza","category-genocide","category-liban"],"yoast_head":"<!-- This site is optimized with the Yoast SEO plugin v27.3 - https:\/\/yoast.com\/product\/yoast-seo-wordpress\/ -->\n<title>Isra\u00ebl coupe les vivres et l\u2019eau \u00e0 des millions de Palestiniens qu\u2019il traite de \u00ab b\u00eates humaines \u00bb<\/title>\n<meta name=\"description\" content=\"Ce lundi, Isra\u00ebl a annonc\u00e9 un si\u00e8ge complet et une guerre totale contre Gaza au 3e jour qu\u2019il bombarde sans rel\u00e2che l\u2019enclave c\u00f4ti\u00e8re\" \/>\n<meta name=\"robots\" content=\"index, follow, max-snippet:-1, max-image-preview:large, max-video-preview:-1\" \/>\n<link rel=\"canonical\" href=\"https:\/\/charleroi-pourlapalestine.be\/index.php\/2023\/10\/10\/israel-coupe-les-vivres-et-leau-a-des-millions-de-palestiniens-quil-traite-de-betes-humaines\/\" \/>\n<script type=\"application\/ld+json\" class=\"yoast-schema-graph\">{\"@context\":\"https:\\\/\\\/schema.org\",\"@graph\":[{\"@type\":\"Article\",\"@id\":\"https:\\\/\\\/charleroi-pourlapalestine.be\\\/index.php\\\/2023\\\/10\\\/10\\\/israel-coupe-les-vivres-et-leau-a-des-millions-de-palestiniens-quil-traite-de-betes-humaines\\\/#article\",\"isPartOf\":{\"@id\":\"https:\\\/\\\/charleroi-pourlapalestine.be\\\/index.php\\\/2023\\\/10\\\/10\\\/israel-coupe-les-vivres-et-leau-a-des-millions-de-palestiniens-quil-traite-de-betes-humaines\\\/\"},\"author\":{\"name\":\"admin1873\",\"@id\":\"https:\\\/\\\/charleroi-pourlapalestine.be\\\/#\\\/schema\\\/person\\\/c19ff515112f1299d8c12671d8fe3faa\"},\"headline\":\"Isra\u00ebl coupe les vivres et l\u2019eau \u00e0 des millions de Palestiniens qu\u2019il traite de \u00ab b\u00eates humaines \u00bb\",\"datePublished\":\"2023-10-10T18:44:47+00:00\",\"dateModified\":\"2023-10-10T18:44:58+00:00\",\"mainEntityOfPage\":{\"@id\":\"https:\\\/\\\/charleroi-pourlapalestine.be\\\/index.php\\\/2023\\\/10\\\/10\\\/israel-coupe-les-vivres-et-leau-a-des-millions-de-palestiniens-quil-traite-de-betes-humaines\\\/\"},\"wordCount\":3419,\"publisher\":{\"@id\":\"https:\\\/\\\/charleroi-pourlapalestine.be\\\/#organization\"},\"image\":{\"@id\":\"https:\\\/\\\/charleroi-pourlapalestine.be\\\/index.php\\\/2023\\\/10\\\/10\\\/israel-coupe-les-vivres-et-leau-a-des-millions-de-palestiniens-quil-traite-de-betes-humaines\\\/#primaryimage\"},\"thumbnailUrl\":\"https:\\\/\\\/charleroi-pourlapalestine.be\\\/wp-content\\\/uploads\\\/2023\\\/10\\\/9-octobre-2023.-Des-enfants-blesses-en-traitement-a-lhopital-al-Shifa-de-Gaza.jpg\",\"articleSection\":[\"Cisjordanie\",\"Crimes de guerre\",\"Etats-Unis\",\"Gaza\",\"G\u00e9nocide\",\"Liban\"],\"inLanguage\":\"fr-FR\"},{\"@type\":\"WebPage\",\"@id\":\"https:\\\/\\\/charleroi-pourlapalestine.be\\\/index.php\\\/2023\\\/10\\\/10\\\/israel-coupe-les-vivres-et-leau-a-des-millions-de-palestiniens-quil-traite-de-betes-humaines\\\/\",\"url\":\"https:\\\/\\\/charleroi-pourlapalestine.be\\\/index.php\\\/2023\\\/10\\\/10\\\/israel-coupe-les-vivres-et-leau-a-des-millions-de-palestiniens-quil-traite-de-betes-humaines\\\/\",\"name\":\"Isra\u00ebl coupe les vivres et l\u2019eau \u00e0 des millions de Palestiniens qu\u2019il traite de \u00ab b\u00eates humaines \u00bb\",\"isPartOf\":{\"@id\":\"https:\\\/\\\/charleroi-pourlapalestine.be\\\/#website\"},\"primaryImageOfPage\":{\"@id\":\"https:\\\/\\\/charleroi-pourlapalestine.be\\\/index.php\\\/2023\\\/10\\\/10\\\/israel-coupe-les-vivres-et-leau-a-des-millions-de-palestiniens-quil-traite-de-betes-humaines\\\/#primaryimage\"},\"image\":{\"@id\":\"https:\\\/\\\/charleroi-pourlapalestine.be\\\/index.php\\\/2023\\\/10\\\/10\\\/israel-coupe-les-vivres-et-leau-a-des-millions-de-palestiniens-quil-traite-de-betes-humaines\\\/#primaryimage\"},\"thumbnailUrl\":\"https:\\\/\\\/charleroi-pourlapalestine.be\\\/wp-content\\\/uploads\\\/2023\\\/10\\\/9-octobre-2023.-Des-enfants-blesses-en-traitement-a-lhopital-al-Shifa-de-Gaza.jpg\",\"datePublished\":\"2023-10-10T18:44:47+00:00\",\"dateModified\":\"2023-10-10T18:44:58+00:00\",\"description\":\"Ce lundi, Isra\u00ebl a annonc\u00e9 un si\u00e8ge complet et une guerre totale contre Gaza au 3e jour qu\u2019il bombarde sans rel\u00e2che l\u2019enclave c\u00f4ti\u00e8re\",\"breadcrumb\":{\"@id\":\"https:\\\/\\\/charleroi-pourlapalestine.be\\\/index.php\\\/2023\\\/10\\\/10\\\/israel-coupe-les-vivres-et-leau-a-des-millions-de-palestiniens-quil-traite-de-betes-humaines\\\/#breadcrumb\"},\"inLanguage\":\"fr-FR\",\"potentialAction\":[{\"@type\":\"ReadAction\",\"target\":[\"https:\\\/\\\/charleroi-pourlapalestine.be\\\/index.php\\\/2023\\\/10\\\/10\\\/israel-coupe-les-vivres-et-leau-a-des-millions-de-palestiniens-quil-traite-de-betes-humaines\\\/\"]}]},{\"@type\":\"ImageObject\",\"inLanguage\":\"fr-FR\",\"@id\":\"https:\\\/\\\/charleroi-pourlapalestine.be\\\/index.php\\\/2023\\\/10\\\/10\\\/israel-coupe-les-vivres-et-leau-a-des-millions-de-palestiniens-quil-traite-de-betes-humaines\\\/#primaryimage\",\"url\":\"\",\"contentUrl\":\"\"},{\"@type\":\"BreadcrumbList\",\"@id\":\"https:\\\/\\\/charleroi-pourlapalestine.be\\\/index.php\\\/2023\\\/10\\\/10\\\/israel-coupe-les-vivres-et-leau-a-des-millions-de-palestiniens-quil-traite-de-betes-humaines\\\/#breadcrumb\",\"itemListElement\":[{\"@type\":\"ListItem\",\"position\":1,\"name\":\"Accueil\",\"item\":\"https:\\\/\\\/charleroi-pourlapalestine.be\\\/\"},{\"@type\":\"ListItem\",\"position\":2,\"name\":\"Isra\u00ebl coupe les vivres et l\u2019eau \u00e0 des millions de Palestiniens qu\u2019il traite de \u00ab b\u00eates humaines \u00bb\"}]},{\"@type\":\"WebSite\",\"@id\":\"https:\\\/\\\/charleroi-pourlapalestine.be\\\/#website\",\"url\":\"https:\\\/\\\/charleroi-pourlapalestine.be\\\/\",\"name\":\"Charleroi Pour la Palestine\",\"description\":\"\",\"publisher\":{\"@id\":\"https:\\\/\\\/charleroi-pourlapalestine.be\\\/#organization\"},\"potentialAction\":[{\"@type\":\"SearchAction\",\"target\":{\"@type\":\"EntryPoint\",\"urlTemplate\":\"https:\\\/\\\/charleroi-pourlapalestine.be\\\/?s={search_term_string}\"},\"query-input\":{\"@type\":\"PropertyValueSpecification\",\"valueRequired\":true,\"valueName\":\"search_term_string\"}}],\"inLanguage\":\"fr-FR\"},{\"@type\":\"Organization\",\"@id\":\"https:\\\/\\\/charleroi-pourlapalestine.be\\\/#organization\",\"name\":\"Plate-forme Charleroi-Palestine\",\"url\":\"https:\\\/\\\/charleroi-pourlapalestine.be\\\/\",\"logo\":{\"@type\":\"ImageObject\",\"inLanguage\":\"fr-FR\",\"@id\":\"https:\\\/\\\/charleroi-pourlapalestine.be\\\/#\\\/schema\\\/logo\\\/image\\\/\",\"url\":\"https:\\\/\\\/charleroi-pourlapalestine.be\\\/wp-content\\\/uploads\\\/2020\\\/01\\\/logo-Copy.jpg\",\"contentUrl\":\"https:\\\/\\\/charleroi-pourlapalestine.be\\\/wp-content\\\/uploads\\\/2020\\\/01\\\/logo-Copy.jpg\",\"width\":180,\"height\":180,\"caption\":\"Plate-forme Charleroi-Palestine\"},\"image\":{\"@id\":\"https:\\\/\\\/charleroi-pourlapalestine.be\\\/#\\\/schema\\\/logo\\\/image\\\/\"},\"sameAs\":[\"https:\\\/\\\/www.facebook.com\\\/PlateformeCharleroiPalestine\\\/\",\"https:\\\/\\\/x.com\\\/LaCharleroi\"]},{\"@type\":\"Person\",\"@id\":\"https:\\\/\\\/charleroi-pourlapalestine.be\\\/#\\\/schema\\\/person\\\/c19ff515112f1299d8c12671d8fe3faa\",\"name\":\"admin1873\",\"url\":\"https:\\\/\\\/charleroi-pourlapalestine.be\\\/index.php\\\/author\\\/admin1873\\\/\"}]}<\/script>\n<!-- \/ Yoast SEO plugin. -->","yoast_head_json":{"title":"Isra\u00ebl coupe les vivres et l\u2019eau \u00e0 des millions de Palestiniens qu\u2019il traite de \u00ab b\u00eates humaines \u00bb","description":"Ce lundi, Isra\u00ebl a annonc\u00e9 un si\u00e8ge complet et une guerre totale contre Gaza au 3e jour qu\u2019il bombarde sans rel\u00e2che l\u2019enclave c\u00f4ti\u00e8re","robots":{"index":"index","follow":"follow","max-snippet":"max-snippet:-1","max-image-preview":"max-image-preview:large","max-video-preview":"max-video-preview:-1"},"canonical":"https:\/\/charleroi-pourlapalestine.be\/index.php\/2023\/10\/10\/israel-coupe-les-vivres-et-leau-a-des-millions-de-palestiniens-quil-traite-de-betes-humaines\/","schema":{"@context":"https:\/\/schema.org","@graph":[{"@type":"Article","@id":"https:\/\/charleroi-pourlapalestine.be\/index.php\/2023\/10\/10\/israel-coupe-les-vivres-et-leau-a-des-millions-de-palestiniens-quil-traite-de-betes-humaines\/#article","isPartOf":{"@id":"https:\/\/charleroi-pourlapalestine.be\/index.php\/2023\/10\/10\/israel-coupe-les-vivres-et-leau-a-des-millions-de-palestiniens-quil-traite-de-betes-humaines\/"},"author":{"name":"admin1873","@id":"https:\/\/charleroi-pourlapalestine.be\/#\/schema\/person\/c19ff515112f1299d8c12671d8fe3faa"},"headline":"Isra\u00ebl coupe les vivres et l\u2019eau \u00e0 des millions de Palestiniens qu\u2019il traite de \u00ab b\u00eates humaines \u00bb","datePublished":"2023-10-10T18:44:47+00:00","dateModified":"2023-10-10T18:44:58+00:00","mainEntityOfPage":{"@id":"https:\/\/charleroi-pourlapalestine.be\/index.php\/2023\/10\/10\/israel-coupe-les-vivres-et-leau-a-des-millions-de-palestiniens-quil-traite-de-betes-humaines\/"},"wordCount":3419,"publisher":{"@id":"https:\/\/charleroi-pourlapalestine.be\/#organization"},"image":{"@id":"https:\/\/charleroi-pourlapalestine.be\/index.php\/2023\/10\/10\/israel-coupe-les-vivres-et-leau-a-des-millions-de-palestiniens-quil-traite-de-betes-humaines\/#primaryimage"},"thumbnailUrl":"https:\/\/charleroi-pourlapalestine.be\/wp-content\/uploads\/2023\/10\/9-octobre-2023.-Des-enfants-blesses-en-traitement-a-lhopital-al-Shifa-de-Gaza.jpg","articleSection":["Cisjordanie","Crimes de guerre","Etats-Unis","Gaza","G\u00e9nocide","Liban"],"inLanguage":"fr-FR"},{"@type":"WebPage","@id":"https:\/\/charleroi-pourlapalestine.be\/index.php\/2023\/10\/10\/israel-coupe-les-vivres-et-leau-a-des-millions-de-palestiniens-quil-traite-de-betes-humaines\/","url":"https:\/\/charleroi-pourlapalestine.be\/index.php\/2023\/10\/10\/israel-coupe-les-vivres-et-leau-a-des-millions-de-palestiniens-quil-traite-de-betes-humaines\/","name":"Isra\u00ebl coupe les vivres et l\u2019eau \u00e0 des millions de Palestiniens qu\u2019il traite de \u00ab b\u00eates humaines \u00bb","isPartOf":{"@id":"https:\/\/charleroi-pourlapalestine.be\/#website"},"primaryImageOfPage":{"@id":"https:\/\/charleroi-pourlapalestine.be\/index.php\/2023\/10\/10\/israel-coupe-les-vivres-et-leau-a-des-millions-de-palestiniens-quil-traite-de-betes-humaines\/#primaryimage"},"image":{"@id":"https:\/\/charleroi-pourlapalestine.be\/index.php\/2023\/10\/10\/israel-coupe-les-vivres-et-leau-a-des-millions-de-palestiniens-quil-traite-de-betes-humaines\/#primaryimage"},"thumbnailUrl":"https:\/\/charleroi-pourlapalestine.be\/wp-content\/uploads\/2023\/10\/9-octobre-2023.-Des-enfants-blesses-en-traitement-a-lhopital-al-Shifa-de-Gaza.jpg","datePublished":"2023-10-10T18:44:47+00:00","dateModified":"2023-10-10T18:44:58+00:00","description":"Ce lundi, Isra\u00ebl a annonc\u00e9 un si\u00e8ge complet et une guerre totale contre Gaza au 3e jour qu\u2019il bombarde sans rel\u00e2che l\u2019enclave c\u00f4ti\u00e8re","breadcrumb":{"@id":"https:\/\/charleroi-pourlapalestine.be\/index.php\/2023\/10\/10\/israel-coupe-les-vivres-et-leau-a-des-millions-de-palestiniens-quil-traite-de-betes-humaines\/#breadcrumb"},"inLanguage":"fr-FR","potentialAction":[{"@type":"ReadAction","target":["https:\/\/charleroi-pourlapalestine.be\/index.php\/2023\/10\/10\/israel-coupe-les-vivres-et-leau-a-des-millions-de-palestiniens-quil-traite-de-betes-humaines\/"]}]},{"@type":"ImageObject","inLanguage":"fr-FR","@id":"https:\/\/charleroi-pourlapalestine.be\/index.php\/2023\/10\/10\/israel-coupe-les-vivres-et-leau-a-des-millions-de-palestiniens-quil-traite-de-betes-humaines\/#primaryimage","url":"","contentUrl":""},{"@type":"BreadcrumbList","@id":"https:\/\/charleroi-pourlapalestine.be\/index.php\/2023\/10\/10\/israel-coupe-les-vivres-et-leau-a-des-millions-de-palestiniens-quil-traite-de-betes-humaines\/#breadcrumb","itemListElement":[{"@type":"ListItem","position":1,"name":"Accueil","item":"https:\/\/charleroi-pourlapalestine.be\/"},{"@type":"ListItem","position":2,"name":"Isra\u00ebl coupe les vivres et l\u2019eau \u00e0 des millions de Palestiniens qu\u2019il traite de \u00ab b\u00eates humaines \u00bb"}]},{"@type":"WebSite","@id":"https:\/\/charleroi-pourlapalestine.be\/#website","url":"https:\/\/charleroi-pourlapalestine.be\/","name":"Charleroi Pour la Palestine","description":"","publisher":{"@id":"https:\/\/charleroi-pourlapalestine.be\/#organization"},"potentialAction":[{"@type":"SearchAction","target":{"@type":"EntryPoint","urlTemplate":"https:\/\/charleroi-pourlapalestine.be\/?s={search_term_string}"},"query-input":{"@type":"PropertyValueSpecification","valueRequired":true,"valueName":"search_term_string"}}],"inLanguage":"fr-FR"},{"@type":"Organization","@id":"https:\/\/charleroi-pourlapalestine.be\/#organization","name":"Plate-forme Charleroi-Palestine","url":"https:\/\/charleroi-pourlapalestine.be\/","logo":{"@type":"ImageObject","inLanguage":"fr-FR","@id":"https:\/\/charleroi-pourlapalestine.be\/#\/schema\/logo\/image\/","url":"https:\/\/charleroi-pourlapalestine.be\/wp-content\/uploads\/2020\/01\/logo-Copy.jpg","contentUrl":"https:\/\/charleroi-pourlapalestine.be\/wp-content\/uploads\/2020\/01\/logo-Copy.jpg","width":180,"height":180,"caption":"Plate-forme Charleroi-Palestine"},"image":{"@id":"https:\/\/charleroi-pourlapalestine.be\/#\/schema\/logo\/image\/"},"sameAs":["https:\/\/www.facebook.com\/PlateformeCharleroiPalestine\/","https:\/\/x.com\/LaCharleroi"]},{"@type":"Person","@id":"https:\/\/charleroi-pourlapalestine.be\/#\/schema\/person\/c19ff515112f1299d8c12671d8fe3faa","name":"admin1873","url":"https:\/\/charleroi-pourlapalestine.be\/index.php\/author\/admin1873\/"}]}},"_links":{"self":[{"href":"https:\/\/charleroi-pourlapalestine.be\/index.php\/wp-json\/wp\/v2\/posts\/60782","targetHints":{"allow":["GET"]}}],"collection":[{"href":"https:\/\/charleroi-pourlapalestine.be\/index.php\/wp-json\/wp\/v2\/posts"}],"about":[{"href":"https:\/\/charleroi-pourlapalestine.be\/index.php\/wp-json\/wp\/v2\/types\/post"}],"author":[{"embeddable":true,"href":"https:\/\/charleroi-pourlapalestine.be\/index.php\/wp-json\/wp\/v2\/users\/1"}],"replies":[{"embeddable":true,"href":"https:\/\/charleroi-pourlapalestine.be\/index.php\/wp-json\/wp\/v2\/comments?post=60782"}],"version-history":[{"count":0,"href":"https:\/\/charleroi-pourlapalestine.be\/index.php\/wp-json\/wp\/v2\/posts\/60782\/revisions"}],"wp:attachment":[{"href":"https:\/\/charleroi-pourlapalestine.be\/index.php\/wp-json\/wp\/v2\/media?parent=60782"}],"wp:term":[{"taxonomy":"category","embeddable":true,"href":"https:\/\/charleroi-pourlapalestine.be\/index.php\/wp-json\/wp\/v2\/categories?post=60782"},{"taxonomy":"post_tag","embeddable":true,"href":"https:\/\/charleroi-pourlapalestine.be\/index.php\/wp-json\/wp\/v2\/tags?post=60782"}],"curies":[{"name":"wp","href":"https:\/\/api.w.org\/{rel}","templated":true}]}}