{"id":6157,"date":"2020-02-24T13:24:12","date_gmt":"2020-02-24T12:24:12","guid":{"rendered":"https:\/\/charleroi-pourlapalestine.be\/?p=6157"},"modified":"2020-02-25T04:40:52","modified_gmt":"2020-02-25T03:40:52","slug":"bacbi-nous-avons-honte-detre-belges","status":"publish","type":"post","link":"https:\/\/charleroi-pourlapalestine.be\/index.php\/2020\/02\/24\/bacbi-nous-avons-honte-detre-belges\/","title":{"rendered":"BACBI : <em>\u00ab\u00a0Nous avons honte d\u2019\u00eatre belges\u00a0\u00bb<\/em>"},"content":{"rendered":"<h4>BACBI, Communiqu\u00e9 de presse, le 24 f\u00e9vrier 2020<\/h4>\n<div id=\"attachment_5483\" style=\"width: 530px\" class=\"wp-caption aligncenter\"><img loading=\"lazy\" decoding=\"async\" aria-describedby=\"caption-attachment-5483\" class=\"wp-image-5483 size-full\" src=\"https:\/\/charleroi-pourlapalestine.be\/wp-content\/uploads\/2020\/02\/Malek-Issa-Copy.jpg\" alt=\"BACBI : le petit Malek Issa, 9 ans, qui rentrait de l'\u00e9cole, \u00e0 J\u00e9rusalem-Est occup\u00e9e, a sans raison aucune \u00e9t\u00e9 abattu d'une balle en plein visage par un policier isra\u00e9lien\" width=\"520\" height=\"300\"><p id=\"caption-attachment-5483\" class=\"wp-caption-text\">Malek Issa<\/p><\/div>\n<p>La repr\u00e9sentation belge au Conseil de S\u00e9curit\u00e9, actuelle pr\u00e9sidente du Conseil, a honteusement d\u00e9cid\u00e9 de retirer l&rsquo;invitation de l&rsquo;ONG palestinienne Defense for Children International &#8211; Palestine \u00e0 un briefing sur le Moyen-Orient (voir Le Soir, De Standaard et Pickx).<\/p>\n<p>En tant qu&rsquo;universitaires, artistes et travailleurs culturels belges, nous avons profond\u00e9ment honte d\u2019\u00eatre <em>\u00ab&nbsp;belges&nbsp;\u00bb<\/em>.<\/p>\n<p>Il y a quelques jours \u00e0 peine, le petit <a href=\"https:\/\/charleroi-pourlapalestine.be\/index.php\/2020\/02\/19\/un-policier-israelien-tire-dans-le-visage-de-malek-un-garconnet-palestinien\/\">Malek Issa<\/a>, 9 ans, qui rentrait de l&rsquo;\u00e9cole, \u00e0 J\u00e9rusalem-Est occup\u00e9e, a sans raison aucune \u00e9t\u00e9 abattu d&rsquo;une balle en plein visage par un policier isra\u00e9lien.<\/p>\n<p>Il a perdu son \u0153il gauche et, survivant, risque d&rsquo;\u00eatre compl\u00e8tement aveugle pour le reste de ses jours.<\/p>\n<p>Ce crime contre un enfant palestinien n&rsquo;est que le dernier (pour l&rsquo;instant) d&rsquo;une tr\u00e8s longue s\u00e9rie d\u2019exactions contre des mineurs commises par des repr\u00e9sentants de l&rsquo;\u00c9tat isra\u00e9lien depuis 1967, dans les Territoires palestiniens occup\u00e9s.<\/p>\n<p>Entre 2000 et aujourd\u2019hui, 2 141 enfants palestiniens ont \u00e9t\u00e9 tu\u00e9s, alors qu&rsquo;ils n&rsquo;\u00e9taient impliqu\u00e9s dans aucune hostilit\u00e9. Isra\u00ebl est le seul pays au monde o\u00f9 les enfants, s&rsquo;ils se trouvent \u00eatre palestiniens, sont jug\u00e9s par un tribunal militaire.<\/p>\n<p>L&rsquo;ONG<strong> DCI-P<\/strong> est l&rsquo;une des organisations de d\u00e9fense des Droits de l&rsquo;Homme qui, depuis de nombreuses ann\u00e9es, milite pour la protection des enfants palestiniens contre les crimes isra\u00e9liens, dans les rues mais aussi dans les commissariats de police et les prisons.<\/p>\n<p>L\u2019ONG renomm\u00e9e jouit d\u2019un statut consultatif aupr\u00e8s d\u2019organes de l\u2019ONU dont l\u2019Unicef et au Conseil de l\u2019Europe.<\/p>\n<p>La discr\u00e9diter ainsi publiquement pour complaire \u00e0 un r\u00e9gime colonial violent (une fois de plus, selon l&rsquo;ambassadeur d&rsquo;Isra\u00ebl en Belgique il s\u2019agirait d\u2019\u00a0\u00bbune ONG li\u00e9e au terrorisme\u00a0\u00bb) est inadmissible.<\/p>\n<p>L&rsquo;explication du gouvernement belge selon laquelle il s&rsquo;agit simplement d&rsquo;un report (le <em>\u00ab\u00a0briefing\u00a0\u00bb<\/em> ayant d\u00e9j\u00e0 \u00e9t\u00e9 transform\u00e9 en <em>\u00ab\u00a0consultations \u00e0 huis clos\u00a0\u00bb<\/em>, de sorte que le conseiller principal de la DCI-P, <strong>Brad Parker<\/strong>, n\u2019aurait pas l\u2019occasion de s\u2019adresser au Conseil), n&rsquo;est gu\u00e8re cr\u00e9dible au vu des pressions r\u00e9ussies exerc\u00e9es par Isra\u00ebl (quiconque c\u00e8de \u00e0 l&rsquo;intimidation une fois, fera de m\u00eame la prochaine fois).<\/p>\n<p>En tant que citoyens bruxellois, flamands et wallons, nous avons profond\u00e9ment honte de notre pays.<\/p>\n<p>Nous exigeons la r\u00e9vocation imm\u00e9diate de cette d\u00e9cision inacceptable de la repr\u00e9sentation belge ainsi que l&rsquo;assurance que notre ministre belge des Affaires \u00e9trang\u00e8res dans la suite de sa pr\u00e9sidence du Conseil de S\u00e9curit\u00e9 sera d\u00e9sormais toujours du c\u00f4t\u00e9 de ceux qui d\u00e9fendent les Droits de l&rsquo;Homme et les trait\u00e9s internationaux, non seulement dans les mots mais aussi dans les faits.<\/p>\n<p>Prof. Karel Arnaut (KU Leuven), Prof. Patrick Deboosere (VUB), Prof. Lieven De Cauter (KU Leuven), Em. Prof. Herman De Ley (UGent), Em. Prof. Marc De Meyere (UGent), Prof. Serge Deruette (UMons), Lieve Franssen (dirigent Brussels Brecht-Eislerkoor), Carl Gid\u00e9 (directeur g\u00e9n\u00e9ral CAMPO), Prof. Perrine Humblet (ULB), Joris Iven (po\u00e8te), Prof. Hon. Marc Jacquemain (ULi\u00e8ge), Em. Prof. Madeline Lutjeharms (VUB), Mong Rosseel (musicien et cr\u00e9ateur de th\u00e9\u00e2tre), Prof. Hon. Christiane Schomblond (ULB), Dr. Nozomi Takahashi (UGent).<\/p>\n<h4><a href=\"https:\/\/www.bacbi.be\/Home.htm\" target=\"_blank\" rel=\"noopener noreferrer\">BACBI \u2013 Campagne belge pour le boycott acad\u00e9mique et culturel d\u2019Isra\u00ebl<\/a><\/h4>\n<p>Lisez \u00e9galement :<\/p>\n<p><a href=\"https:\/\/charleroi-pourlapalestine.be\/index.php\/2020\/02\/11\/israel-met-les-pressions-sur-la-belgique\/\">Isra\u00ebl met les pressions sur la Belgique<\/a><\/p>\n<p><a href=\"https:\/\/charleroi-pourlapalestine.be\/index.php\/2020\/02\/14\/communique-de-presse-de-long-defense-des-enfants-international-dei-belgique\/\">Communiqu\u00e9 de presse de l&rsquo;ONG D\u00e9fense des Enfants International &#8211; Belgique<\/a><\/p>\n<p><a href=\"http:\/\/www.association-belgo-palestinienne.be\/droits-des-enfants-la-belgique-cede-devant-le-diktat-disrael\/\" target=\"_blank\" rel=\"noopener noreferrer\">Communiqu\u00e9 de presse de l&rsquo;ABP. \u00ab\u00a0Droits des enfants : la Belgique c\u00e8de devant l&rsquo;Etat d&rsquo;Isra\u00ebl\u00a0\u00bb<\/a><\/p>\n<p>&nbsp;<\/p>\n<p>&nbsp;<\/p>\n","protected":false},"excerpt":{"rendered":"<p>BACBI, la Campagne belge pour le boycott acad\u00e9mique et culturel d&rsquo;Isra\u00ebl : \u00ab\u00a0Nous exigeons la r\u00e9vocation imm\u00e9diate de cette d\u00e9cision inacceptable\u00a0\u00bb <\/p>\n","protected":false},"author":1,"featured_media":0,"comment_status":"closed","ping_status":"closed","sticky":false,"template":"","format":"standard","meta":{"ngg_post_thumbnail":0,"footnotes":""},"categories":[64,354,17,47,13],"tags":[],"class_list":["post-6157","post","type-post","status-publish","format-standard","hentry","category-la-belgique","category-dci-p","category-les-enfants-jeunes","category-loccupation-militaire","category-les-prisionners-palestiniens"],"yoast_head":"<!-- This site is optimized with the Yoast SEO plugin v27.3 - https:\/\/yoast.com\/product\/yoast-seo-wordpress\/ -->\n<title>BACBI : \u00ab Nous avons honte d\u2019\u00eatre belges \u00bb - communiqu\u00e9 de presse<\/title>\n<meta name=\"description\" content=\"BACBI, la Campagne belge pour le boycott acad\u00e9mique et culturel d&#039;Isra\u00ebl : &quot;Nous exigeons la r\u00e9vocation imm\u00e9diate de cette d\u00e9cision inacceptable&quot;\" \/>\n<meta name=\"robots\" content=\"index, follow, max-snippet:-1, max-image-preview:large, max-video-preview:-1\" \/>\n<link rel=\"canonical\" href=\"https:\/\/charleroi-pourlapalestine.be\/index.php\/2020\/02\/24\/bacbi-nous-avons-honte-detre-belges\/\" \/>\n<script type=\"application\/ld+json\" class=\"yoast-schema-graph\">{\"@context\":\"https:\\\/\\\/schema.org\",\"@graph\":[{\"@type\":\"Article\",\"@id\":\"https:\\\/\\\/charleroi-pourlapalestine.be\\\/index.php\\\/2020\\\/02\\\/24\\\/bacbi-nous-avons-honte-detre-belges\\\/#article\",\"isPartOf\":{\"@id\":\"https:\\\/\\\/charleroi-pourlapalestine.be\\\/index.php\\\/2020\\\/02\\\/24\\\/bacbi-nous-avons-honte-detre-belges\\\/\"},\"author\":{\"name\":\"admin1873\",\"@id\":\"https:\\\/\\\/charleroi-pourlapalestine.be\\\/#\\\/schema\\\/person\\\/c19ff515112f1299d8c12671d8fe3faa\"},\"headline\":\"BACBI : \u00ab\u00a0Nous avons honte d\u2019\u00eatre belges\u00a0\u00bb\",\"datePublished\":\"2020-02-24T12:24:12+00:00\",\"dateModified\":\"2020-02-25T03:40:52+00:00\",\"mainEntityOfPage\":{\"@id\":\"https:\\\/\\\/charleroi-pourlapalestine.be\\\/index.php\\\/2020\\\/02\\\/24\\\/bacbi-nous-avons-honte-detre-belges\\\/\"},\"wordCount\":641,\"publisher\":{\"@id\":\"https:\\\/\\\/charleroi-pourlapalestine.be\\\/#organization\"},\"image\":{\"@id\":\"https:\\\/\\\/charleroi-pourlapalestine.be\\\/index.php\\\/2020\\\/02\\\/24\\\/bacbi-nous-avons-honte-detre-belges\\\/#primaryimage\"},\"thumbnailUrl\":\"https:\\\/\\\/charleroi-pourlapalestine.be\\\/wp-content\\\/uploads\\\/2020\\\/02\\\/Malek-Issa-Copy.jpg\",\"articleSection\":[\"Belgique\",\"DCI-P\",\"Enfants\",\"Occupation\",\"Prisonniers\"],\"inLanguage\":\"fr-FR\"},{\"@type\":\"WebPage\",\"@id\":\"https:\\\/\\\/charleroi-pourlapalestine.be\\\/index.php\\\/2020\\\/02\\\/24\\\/bacbi-nous-avons-honte-detre-belges\\\/\",\"url\":\"https:\\\/\\\/charleroi-pourlapalestine.be\\\/index.php\\\/2020\\\/02\\\/24\\\/bacbi-nous-avons-honte-detre-belges\\\/\",\"name\":\"BACBI : \u00ab Nous avons honte d\u2019\u00eatre belges \u00bb - communiqu\u00e9 de presse\",\"isPartOf\":{\"@id\":\"https:\\\/\\\/charleroi-pourlapalestine.be\\\/#website\"},\"primaryImageOfPage\":{\"@id\":\"https:\\\/\\\/charleroi-pourlapalestine.be\\\/index.php\\\/2020\\\/02\\\/24\\\/bacbi-nous-avons-honte-detre-belges\\\/#primaryimage\"},\"image\":{\"@id\":\"https:\\\/\\\/charleroi-pourlapalestine.be\\\/index.php\\\/2020\\\/02\\\/24\\\/bacbi-nous-avons-honte-detre-belges\\\/#primaryimage\"},\"thumbnailUrl\":\"https:\\\/\\\/charleroi-pourlapalestine.be\\\/wp-content\\\/uploads\\\/2020\\\/02\\\/Malek-Issa-Copy.jpg\",\"datePublished\":\"2020-02-24T12:24:12+00:00\",\"dateModified\":\"2020-02-25T03:40:52+00:00\",\"description\":\"BACBI, la Campagne belge pour le boycott acad\u00e9mique et culturel d'Isra\u00ebl : \\\"Nous exigeons la r\u00e9vocation imm\u00e9diate de cette d\u00e9cision inacceptable\\\"\",\"breadcrumb\":{\"@id\":\"https:\\\/\\\/charleroi-pourlapalestine.be\\\/index.php\\\/2020\\\/02\\\/24\\\/bacbi-nous-avons-honte-detre-belges\\\/#breadcrumb\"},\"inLanguage\":\"fr-FR\",\"potentialAction\":[{\"@type\":\"ReadAction\",\"target\":[\"https:\\\/\\\/charleroi-pourlapalestine.be\\\/index.php\\\/2020\\\/02\\\/24\\\/bacbi-nous-avons-honte-detre-belges\\\/\"]}]},{\"@type\":\"ImageObject\",\"inLanguage\":\"fr-FR\",\"@id\":\"https:\\\/\\\/charleroi-pourlapalestine.be\\\/index.php\\\/2020\\\/02\\\/24\\\/bacbi-nous-avons-honte-detre-belges\\\/#primaryimage\",\"url\":\"\",\"contentUrl\":\"\"},{\"@type\":\"BreadcrumbList\",\"@id\":\"https:\\\/\\\/charleroi-pourlapalestine.be\\\/index.php\\\/2020\\\/02\\\/24\\\/bacbi-nous-avons-honte-detre-belges\\\/#breadcrumb\",\"itemListElement\":[{\"@type\":\"ListItem\",\"position\":1,\"name\":\"Accueil\",\"item\":\"https:\\\/\\\/charleroi-pourlapalestine.be\\\/\"},{\"@type\":\"ListItem\",\"position\":2,\"name\":\"BACBI : \u00ab\u00a0Nous avons honte d\u2019\u00eatre belges\u00a0\u00bb\"}]},{\"@type\":\"WebSite\",\"@id\":\"https:\\\/\\\/charleroi-pourlapalestine.be\\\/#website\",\"url\":\"https:\\\/\\\/charleroi-pourlapalestine.be\\\/\",\"name\":\"Charleroi Pour la Palestine\",\"description\":\"\",\"publisher\":{\"@id\":\"https:\\\/\\\/charleroi-pourlapalestine.be\\\/#organization\"},\"potentialAction\":[{\"@type\":\"SearchAction\",\"target\":{\"@type\":\"EntryPoint\",\"urlTemplate\":\"https:\\\/\\\/charleroi-pourlapalestine.be\\\/?s={search_term_string}\"},\"query-input\":{\"@type\":\"PropertyValueSpecification\",\"valueRequired\":true,\"valueName\":\"search_term_string\"}}],\"inLanguage\":\"fr-FR\"},{\"@type\":\"Organization\",\"@id\":\"https:\\\/\\\/charleroi-pourlapalestine.be\\\/#organization\",\"name\":\"Plate-forme Charleroi-Palestine\",\"url\":\"https:\\\/\\\/charleroi-pourlapalestine.be\\\/\",\"logo\":{\"@type\":\"ImageObject\",\"inLanguage\":\"fr-FR\",\"@id\":\"https:\\\/\\\/charleroi-pourlapalestine.be\\\/#\\\/schema\\\/logo\\\/image\\\/\",\"url\":\"https:\\\/\\\/charleroi-pourlapalestine.be\\\/wp-content\\\/uploads\\\/2020\\\/01\\\/logo-Copy.jpg\",\"contentUrl\":\"https:\\\/\\\/charleroi-pourlapalestine.be\\\/wp-content\\\/uploads\\\/2020\\\/01\\\/logo-Copy.jpg\",\"width\":180,\"height\":180,\"caption\":\"Plate-forme Charleroi-Palestine\"},\"image\":{\"@id\":\"https:\\\/\\\/charleroi-pourlapalestine.be\\\/#\\\/schema\\\/logo\\\/image\\\/\"},\"sameAs\":[\"https:\\\/\\\/www.facebook.com\\\/PlateformeCharleroiPalestine\\\/\",\"https:\\\/\\\/x.com\\\/LaCharleroi\"]},{\"@type\":\"Person\",\"@id\":\"https:\\\/\\\/charleroi-pourlapalestine.be\\\/#\\\/schema\\\/person\\\/c19ff515112f1299d8c12671d8fe3faa\",\"name\":\"admin1873\",\"url\":\"https:\\\/\\\/charleroi-pourlapalestine.be\\\/index.php\\\/author\\\/admin1873\\\/\"}]}<\/script>\n<!-- \/ Yoast SEO plugin. -->","yoast_head_json":{"title":"BACBI : \u00ab Nous avons honte d\u2019\u00eatre belges \u00bb - communiqu\u00e9 de presse","description":"BACBI, la Campagne belge pour le boycott acad\u00e9mique et culturel d'Isra\u00ebl : \"Nous exigeons la r\u00e9vocation imm\u00e9diate de cette d\u00e9cision inacceptable\"","robots":{"index":"index","follow":"follow","max-snippet":"max-snippet:-1","max-image-preview":"max-image-preview:large","max-video-preview":"max-video-preview:-1"},"canonical":"https:\/\/charleroi-pourlapalestine.be\/index.php\/2020\/02\/24\/bacbi-nous-avons-honte-detre-belges\/","schema":{"@context":"https:\/\/schema.org","@graph":[{"@type":"Article","@id":"https:\/\/charleroi-pourlapalestine.be\/index.php\/2020\/02\/24\/bacbi-nous-avons-honte-detre-belges\/#article","isPartOf":{"@id":"https:\/\/charleroi-pourlapalestine.be\/index.php\/2020\/02\/24\/bacbi-nous-avons-honte-detre-belges\/"},"author":{"name":"admin1873","@id":"https:\/\/charleroi-pourlapalestine.be\/#\/schema\/person\/c19ff515112f1299d8c12671d8fe3faa"},"headline":"BACBI : \u00ab\u00a0Nous avons honte d\u2019\u00eatre belges\u00a0\u00bb","datePublished":"2020-02-24T12:24:12+00:00","dateModified":"2020-02-25T03:40:52+00:00","mainEntityOfPage":{"@id":"https:\/\/charleroi-pourlapalestine.be\/index.php\/2020\/02\/24\/bacbi-nous-avons-honte-detre-belges\/"},"wordCount":641,"publisher":{"@id":"https:\/\/charleroi-pourlapalestine.be\/#organization"},"image":{"@id":"https:\/\/charleroi-pourlapalestine.be\/index.php\/2020\/02\/24\/bacbi-nous-avons-honte-detre-belges\/#primaryimage"},"thumbnailUrl":"https:\/\/charleroi-pourlapalestine.be\/wp-content\/uploads\/2020\/02\/Malek-Issa-Copy.jpg","articleSection":["Belgique","DCI-P","Enfants","Occupation","Prisonniers"],"inLanguage":"fr-FR"},{"@type":"WebPage","@id":"https:\/\/charleroi-pourlapalestine.be\/index.php\/2020\/02\/24\/bacbi-nous-avons-honte-detre-belges\/","url":"https:\/\/charleroi-pourlapalestine.be\/index.php\/2020\/02\/24\/bacbi-nous-avons-honte-detre-belges\/","name":"BACBI : \u00ab Nous avons honte d\u2019\u00eatre belges \u00bb - communiqu\u00e9 de presse","isPartOf":{"@id":"https:\/\/charleroi-pourlapalestine.be\/#website"},"primaryImageOfPage":{"@id":"https:\/\/charleroi-pourlapalestine.be\/index.php\/2020\/02\/24\/bacbi-nous-avons-honte-detre-belges\/#primaryimage"},"image":{"@id":"https:\/\/charleroi-pourlapalestine.be\/index.php\/2020\/02\/24\/bacbi-nous-avons-honte-detre-belges\/#primaryimage"},"thumbnailUrl":"https:\/\/charleroi-pourlapalestine.be\/wp-content\/uploads\/2020\/02\/Malek-Issa-Copy.jpg","datePublished":"2020-02-24T12:24:12+00:00","dateModified":"2020-02-25T03:40:52+00:00","description":"BACBI, la Campagne belge pour le boycott acad\u00e9mique et culturel d'Isra\u00ebl : \"Nous exigeons la r\u00e9vocation imm\u00e9diate de cette d\u00e9cision inacceptable\"","breadcrumb":{"@id":"https:\/\/charleroi-pourlapalestine.be\/index.php\/2020\/02\/24\/bacbi-nous-avons-honte-detre-belges\/#breadcrumb"},"inLanguage":"fr-FR","potentialAction":[{"@type":"ReadAction","target":["https:\/\/charleroi-pourlapalestine.be\/index.php\/2020\/02\/24\/bacbi-nous-avons-honte-detre-belges\/"]}]},{"@type":"ImageObject","inLanguage":"fr-FR","@id":"https:\/\/charleroi-pourlapalestine.be\/index.php\/2020\/02\/24\/bacbi-nous-avons-honte-detre-belges\/#primaryimage","url":"","contentUrl":""},{"@type":"BreadcrumbList","@id":"https:\/\/charleroi-pourlapalestine.be\/index.php\/2020\/02\/24\/bacbi-nous-avons-honte-detre-belges\/#breadcrumb","itemListElement":[{"@type":"ListItem","position":1,"name":"Accueil","item":"https:\/\/charleroi-pourlapalestine.be\/"},{"@type":"ListItem","position":2,"name":"BACBI : \u00ab\u00a0Nous avons honte d\u2019\u00eatre belges\u00a0\u00bb"}]},{"@type":"WebSite","@id":"https:\/\/charleroi-pourlapalestine.be\/#website","url":"https:\/\/charleroi-pourlapalestine.be\/","name":"Charleroi Pour la Palestine","description":"","publisher":{"@id":"https:\/\/charleroi-pourlapalestine.be\/#organization"},"potentialAction":[{"@type":"SearchAction","target":{"@type":"EntryPoint","urlTemplate":"https:\/\/charleroi-pourlapalestine.be\/?s={search_term_string}"},"query-input":{"@type":"PropertyValueSpecification","valueRequired":true,"valueName":"search_term_string"}}],"inLanguage":"fr-FR"},{"@type":"Organization","@id":"https:\/\/charleroi-pourlapalestine.be\/#organization","name":"Plate-forme Charleroi-Palestine","url":"https:\/\/charleroi-pourlapalestine.be\/","logo":{"@type":"ImageObject","inLanguage":"fr-FR","@id":"https:\/\/charleroi-pourlapalestine.be\/#\/schema\/logo\/image\/","url":"https:\/\/charleroi-pourlapalestine.be\/wp-content\/uploads\/2020\/01\/logo-Copy.jpg","contentUrl":"https:\/\/charleroi-pourlapalestine.be\/wp-content\/uploads\/2020\/01\/logo-Copy.jpg","width":180,"height":180,"caption":"Plate-forme Charleroi-Palestine"},"image":{"@id":"https:\/\/charleroi-pourlapalestine.be\/#\/schema\/logo\/image\/"},"sameAs":["https:\/\/www.facebook.com\/PlateformeCharleroiPalestine\/","https:\/\/x.com\/LaCharleroi"]},{"@type":"Person","@id":"https:\/\/charleroi-pourlapalestine.be\/#\/schema\/person\/c19ff515112f1299d8c12671d8fe3faa","name":"admin1873","url":"https:\/\/charleroi-pourlapalestine.be\/index.php\/author\/admin1873\/"}]}},"_links":{"self":[{"href":"https:\/\/charleroi-pourlapalestine.be\/index.php\/wp-json\/wp\/v2\/posts\/6157","targetHints":{"allow":["GET"]}}],"collection":[{"href":"https:\/\/charleroi-pourlapalestine.be\/index.php\/wp-json\/wp\/v2\/posts"}],"about":[{"href":"https:\/\/charleroi-pourlapalestine.be\/index.php\/wp-json\/wp\/v2\/types\/post"}],"author":[{"embeddable":true,"href":"https:\/\/charleroi-pourlapalestine.be\/index.php\/wp-json\/wp\/v2\/users\/1"}],"replies":[{"embeddable":true,"href":"https:\/\/charleroi-pourlapalestine.be\/index.php\/wp-json\/wp\/v2\/comments?post=6157"}],"version-history":[{"count":0,"href":"https:\/\/charleroi-pourlapalestine.be\/index.php\/wp-json\/wp\/v2\/posts\/6157\/revisions"}],"wp:attachment":[{"href":"https:\/\/charleroi-pourlapalestine.be\/index.php\/wp-json\/wp\/v2\/media?parent=6157"}],"wp:term":[{"taxonomy":"category","embeddable":true,"href":"https:\/\/charleroi-pourlapalestine.be\/index.php\/wp-json\/wp\/v2\/categories?post=6157"},{"taxonomy":"post_tag","embeddable":true,"href":"https:\/\/charleroi-pourlapalestine.be\/index.php\/wp-json\/wp\/v2\/tags?post=6157"}],"curies":[{"name":"wp","href":"https:\/\/api.w.org\/{rel}","templated":true}]}}