{"id":61896,"date":"2023-10-26T10:57:02","date_gmt":"2023-10-26T08:57:02","guid":{"rendered":"https:\/\/charleroi-pourlapalestine.be\/?p=61896"},"modified":"2023-11-01T13:42:19","modified_gmt":"2023-11-01T12:42:19","slug":"massacres-du-hamas-que-sest-il-reellement-passe-le-7-octobre","status":"publish","type":"post","link":"https:\/\/charleroi-pourlapalestine.be\/index.php\/2023\/10\/26\/massacres-du-hamas-que-sest-il-reellement-passe-le-7-octobre\/","title":{"rendered":"\u2018Massacres du Hamas\u2019 : que s\u2019est-il r\u00e9ellement pass\u00e9 le 7 octobre ?"},"content":{"rendered":"<p>Tel-Aviv a diffus\u00e9 de fausses informations sur les massacres commises par le Hamas pour justifier son attaque a\u00e9rienne d\u00e9vastatrice contre les civils palestiniens \u00e0 Gaza.<\/p>\n<div id=\"attachment_61901\" style=\"width: 1072px\" class=\"wp-caption aligncenter\"><img loading=\"lazy\" decoding=\"async\" aria-describedby=\"caption-attachment-61901\" class=\"wp-image-61901 size-full\" src=\"https:\/\/charleroi-pourlapalestine.be\/wp-content\/uploads\/2023\/10\/The-craddle.png\" alt=\"\u2018Massacres du Hamas\u2019 : que s\u2019est-il r\u00e9ellement pass\u00e9 le 7 octobre ?\" width=\"1062\" height=\"507\"><p id=\"caption-attachment-61901\" class=\"wp-caption-text\">Photo composition : The Craddle<\/p><\/div>\n<p>&nbsp;<\/p>\n<p><strong><a href=\"https:\/\/charleroi-pourlapalestine.be\/?s=robert+inlakesh\" target=\"_blank\" rel=\"noopener\">Robert Inlakesh<\/a>, <\/strong>24 octobre 2023<strong><br \/>\n<\/strong><\/p>\n<p>Au lieu du massacre massif de civils revendiqu\u00e9 par Isra\u00ebl, des chiffres incomplets publi\u00e9s par le journal h\u00e9breu <em>Haaretz<\/em> montrent que pr\u00e8s de la moiti\u00e9 des Isra\u00e9liens tu\u00e9s ce jour-l\u00e0 \u00e9taient en fait des combattants \u2013 soldats ou policiers.<\/p>\n<p><strong>Dans l\u2019intervalle, deux semaines de couverture m\u00e9diatique occidentale selon laquelle le Hamas aurait tu\u00e9 environ 1 400 civils isra\u00e9liens lors de son attaque militaire du 7 octobre ont permis d\u2019enflammer les \u00e9motions et de cr\u00e9er le climat propice \u00e0 la destruction sans retenue par Isra\u00ebl de la bande de Gaza et de sa population civile.<\/strong><\/p>\n<p>Les comptes rendus du nombre de morts isra\u00e9liens ont \u00e9t\u00e9 filtr\u00e9s et fa\u00e7onn\u00e9s de mani\u00e8re \u00e0 sugg\u00e9rer qu\u2019un massacre massif de civils avait eu lieu ce jour-l\u00e0, les b\u00e9b\u00e9s, les enfants et les femmes \u00e9tant les principales cibles d\u2019une attaque terroriste.<\/p>\n<p>Aujourd\u2019hui, les statistiques d\u00e9taill\u00e9es sur les victimes publi\u00e9es par <a href=\"https:\/\/www.haaretz.com\/israel-news\/2023-10-19\/ty-article-magazine\/israels-dead-the-names-of-those-killed-in-hamas-massacres-and-the-israel-hamas-war\/0000018b-325c-d450-a3af-7b5cf0210000\" target=\"_blank\" rel=\"noopener\">le quotidien isra\u00e9lien <em>Haaretz<\/em><\/a> brossent un tableau tout \u00e0 fait diff\u00e9rent. \u00c0 la date du 23 octobre, le journal a publi\u00e9 des informations sur 683 Isra\u00e9liens tu\u00e9s au cours de l\u2019offensive men\u00e9e par le Hamas, y compris leurs noms et les lieux o\u00f9 ils ont \u00e9t\u00e9 tu\u00e9s le 7 octobre.<\/p>\n<p><strong>Parmi elles, 331 victimes \u2013 soit 48,4 % \u2013 ont \u00e9t\u00e9 confirm\u00e9es comme \u00e9tant des soldats et des officiers de police, dont de nombreuses femmes.<\/strong> Treize autres sont d\u00e9crits comme des membres des services de secours, et les 339 autres sont ostensiblement consid\u00e9r\u00e9s comme des civils.<\/p>\n<p>Bien que cette liste ne soit pas exhaustive et ne repr\u00e9sente qu\u2019environ la moiti\u00e9 du nombre de morts d\u00e9clar\u00e9 par Isra\u00ebl, pr\u00e8s de la moiti\u00e9 des personnes tu\u00e9es dans la m\u00eal\u00e9e sont clairement identifi\u00e9es comme des combattants isra\u00e9liens.<\/p>\n<p><strong>Jusqu\u2019\u00e0 pr\u00e9sent, aucun d\u00e9c\u00e8s d\u2019enfant de moins de trois ans n\u2019a \u00e9t\u00e9 enregistr\u00e9,<\/strong> ce qui remet en question la th\u00e8se isra\u00e9lienne selon laquelle les b\u00e9b\u00e9s auraient \u00e9t\u00e9 pris pour cible par les r\u00e9sistants palestiniens. Sur les 683 victimes recens\u00e9es \u00e0 ce jour, sept \u00e9taient \u00e2g\u00e9es de 4 \u00e0 7 ans et neuf de 10 \u00e0 17 ans. Les 667 autres victimes semblent \u00eatre des adultes.R\u00e9partition par \u00e2ge des Isra\u00e9liens tu\u00e9s lors de l\u2019op\u00e9ration du Hamas du 7 octobre (au 23 octobre).<\/p>\n<div id=\"attachment_61903\" style=\"width: 806px\" class=\"wp-caption aligncenter\"><img loading=\"lazy\" decoding=\"async\" aria-describedby=\"caption-attachment-61903\" class=\"wp-image-61903 size-full\" src=\"https:\/\/charleroi-pourlapalestine.be\/wp-content\/uploads\/2023\/10\/Repartition-par-age-des-Israeliens-tues-lors-de-loperation-du-Hamas-du-7-octobre-au-23-octobre.png\" alt=\"R\u00e9partition par \u00e2ge des Isra\u00e9liens tu\u00e9s lors de l\u2019op\u00e9ration du Hamas du 7 octobre (au 23 octobre).\" width=\"796\" height=\"518\"><p id=\"caption-attachment-61903\" class=\"wp-caption-text\"><strong>R\u00e9partition par \u00e2ge des Isra\u00e9liens tu\u00e9s lors de l\u2019op\u00e9ration du Hamas du 7 octobre (au 23 octobre).<\/strong><\/p><\/div>\n<p>&nbsp;<\/p>\n<p>Le nombre et la proportion de <strong>civils et d\u2019enfants palestiniens<\/strong> parmi les personnes tu\u00e9es par les bombardements isra\u00e9liens au cours des deux derni\u00e8res semaines \u2013 <strong>plus de 5 791 morts, dont 2 360 enfants et 1 292 femmes,<\/strong> et plus de 18 000 bless\u00e9s \u2013 sont bien plus \u00e9lev\u00e9s que tous les chiffres isra\u00e9liens relatifs aux \u00e9v\u00e9nements du 7 octobre.<\/p>\n<p>&nbsp;<\/p>\n<h3>Retour sur les lieux du crime<\/h3>\n<p>L\u2019audacieuse op\u00e9ration militaire men\u00e9e par le Hamas, sous le nom de code <em>\u00ab D\u00e9luge d\u2019Al-Aqsa \u00bb<\/em>, s\u2019est d\u00e9roul\u00e9e sous la forme d\u2019un raid spectaculaire \u00e0 l\u2019aube, vers 6h30 (heure de Palestine), <a href=\"https:\/\/abcnews.go.com\/International\/timeline-surprise-rocket-attack-hamas-israel\/story?id=103816006\" target=\"_blank\" rel=\"noopener\">le 7 octobre<\/a>. Ce raid a \u00e9t\u00e9 accompagn\u00e9 d\u2019une cacophonie de sir\u00e8nes brisant le silence de J\u00e9rusalem occup\u00e9e, signalant le d\u00e9but de ce qui est devenu un \u00e9v\u00e9nement extraordinaire dans les 75 ans d\u2019histoire de l\u2019\u00c9tat d\u2019occupation.<\/p>\n<p>Selon le porte-parole de la branche arm\u00e9e du Hamas, les Brigades Al-Qassam, environ 1 500 combattants palestiniens ont franchi la formidable barri\u00e8re de s\u00e9paration entre Gaza et Isra\u00ebl.<\/p>\n<p>Toutefois, cette perc\u00e9e ne s\u2019est pas limit\u00e9e aux seules forces du Hamas ; de nombreux combattants arm\u00e9s appartenant \u00e0 d\u2019autres factions telles que le Jihad islamique palestinien (PIJ) ont ensuite franchi la ligne d\u2019armistice, de m\u00eame que certains Palestiniens non affili\u00e9s \u00e0 une milice organis\u00e9e.<\/p>\n<p>Lorsqu\u2019il est devenu \u00e9vident qu\u2019il ne s\u2019agissait pas d\u2019une op\u00e9ration de r\u00e9sistance ordinaire, des centaines de vid\u00e9os ont rapidement inond\u00e9 les r\u00e9seaux sociaux, dont la plupart ont \u00e9t\u00e9 visionn\u00e9es par <em>The Cradle<\/em>, montrant des soldats et des colons isra\u00e9liens morts, des \u00e9changes de tirs f\u00e9roces entre les diff\u00e9rentes parties et des Isra\u00e9liens captur\u00e9s \u00e0 Gaza.<\/p>\n<p>Ces vid\u00e9os ont soit \u00e9t\u00e9 film\u00e9es par les t\u00e9l\u00e9phones d\u2019Isra\u00e9liens, soit diffus\u00e9es par des combattants palestiniens filmant leur propre op\u00e9ration. Ce n\u2019est que quelques heures plus tard que des all\u00e9gations plus macabres et carr\u00e9ment douteuses ont commenc\u00e9 \u00e0 faire surface.<\/p>\n<p>&nbsp;<\/p>\n<h3>Des all\u00e9gations non fond\u00e9es d\u2019 <em>\u00ab atrocit\u00e9s \u00bb<\/em> commises par le Hamas<\/h3>\n<p>Aviva Klompas, ancienne r\u00e9dactrice de discours pour la mission isra\u00e9lienne aupr\u00e8s de l\u2019ONU, a \u00e9t\u00e9 la premi\u00e8re Isra\u00e9lienne de renom \u00e0 diffuser l\u2019affirmation selon laquelle des <a href=\"https:\/\/twitter.com\/AvivaKlompas\/status\/1710751407064703110\" target=\"_blank\" rel=\"noopener\"><em>\u00ab filles isra\u00e9liennes auraient \u00e9t\u00e9 viol\u00e9es et leurs corps tra\u00een\u00e9s dans la rue \u00bb.<\/em><\/a><\/p>\n<p>Elle a publi\u00e9 cette information sur X (ex-Twitter) \u00e0 21 h 18 (heure de Palestine), le 7 octobre, bien qu\u2019un article d\u2019opinion publi\u00e9 par Klompas dans Newsweek \u00e0 12 h 28 (heure de Palestine), le 8 octobre, n\u2019ait fait mention d\u2019aucune violence sexuelle.<\/p>\n<p>Klompas est \u00e9galement cofondatrice de <a href=\"https:\/\/boundlessisrael.org\/\" target=\"_blank\" rel=\"noopener\">Boundless Israel<\/a>, un <em>\u00ab groupe de r\u00e9flexion et d\u2019action \u00bb<\/em> qui \u0153uvre \u00e0 <em>\u00ab revitaliser l\u2019\u00e9ducation sur Isra\u00ebl et de prendre des mesures collectives audacieuses pour lutter contre la haine des Juifs \u00bb.<\/em> Il s\u2019agit d\u2019un groupe de bienfaisance se d\u00e9finissant comme<strong><em> \u00ab sioniste inconditionnel \u00bb<\/em><\/strong> et qui s\u2019efforce de promouvoir les r\u00e9cits isra\u00e9liens sur les r\u00e9seaux sociaux.<\/p>\n<p>Le seul cas pr\u00e9sent\u00e9 comme une preuve de viol est celui d\u2019une jeune femme germano-isra\u00e9lienne nomm\u00e9e Shani Louk, qui a \u00e9t\u00e9 film\u00e9e face contre terre \u00e0 l\u2019arri\u00e8re d\u2019une camionnette et dont la mort a \u00e9t\u00e9 largement pr\u00e9sum\u00e9e.<\/p>\n<blockquote class=\"twitter-tweet\" data-width=\"500\" data-dnt=\"true\">\n<p lang=\"fr\" dir=\"ltr\">La femme \u00ab Shani \u00bb n\u2019a pas \u00e9t\u00e9 viol\u00e9e ni d\u00e9shabill\u00e9e. Elle \u00e9tait d\u00e9j\u00e0 en bikini lorsqu&#39;elle est d\u00e9c\u00e9d\u00e9e pendant la lutte. Son corps a \u00e9t\u00e9 retrouv\u00e9 et ramass\u00e9 par des hommes en uniforme et un enfant lui a crach\u00e9 dessus, ce qui est regrettable. Ce sont les Isra\u00e9liens qui violent,\u2026 <a href=\"https:\/\/t.co\/uTES5NWcAE\">pic.twitter.com\/uTES5NWcAE<\/a><\/p>\n<p>&mdash; Le Cri des Peuples (@lecridespeuples) <a href=\"https:\/\/twitter.com\/lecridespeuples\/status\/1711296642693910534?ref_src=twsrc%5Etfw\">October 9, 2023<\/a><\/p><\/blockquote>\n<p><script async src=\"https:\/\/platform.twitter.com\/widgets.js\" charset=\"utf-8\"><\/script><\/p>\n<p>&nbsp;<\/p>\n<p>Il n\u2019est pas clair que les combattants film\u00e9s avec Louk dans le v\u00e9hicule en direction de Gaza soient des membres du Hamas, car ils ne portent pas les uniformes ou les insignes des troupes Al-Qassam identifiables dans d\u2019autres vid\u00e9os du Hamas \u2013 certains portent m\u00eame des v\u00eatements civils d\u00e9contract\u00e9s et des sandales.<\/p>\n<p>Plus tard, sa m\u00e8re a affirm\u00e9 avoir<a href=\"https:\/\/www.youtube.com\/watch?v=yAccSuio4is\" target=\"_blank\" rel=\"noopener\"> la preuve<\/a> que sa fille \u00e9tait toujours en vie, mais qu\u2019elle avait \u00e9t\u00e9 gravement bless\u00e9e \u00e0 la t\u00eate. Cela concorde avec les informations publi\u00e9es par le Hamas, selon lesquelles Louk \u00e9tait soign\u00e9e pour ses blessures dans un h\u00f4pital de Gaza non sp\u00e9cifi\u00e9.<\/p>\n<p>Pour compliquer encore les choses, le jour o\u00f9 ces all\u00e9gations de viol ont \u00e9t\u00e9 formul\u00e9es, les Isra\u00e9liens n\u2019auraient pas encore pu avoir acc\u00e8s \u00e0 ces informations. Leurs forces arm\u00e9es n\u2019avaient pas encore p\u00e9n\u00e9tr\u00e9 dans la plupart des zones lib\u00e9r\u00e9es par la r\u00e9sistance et \u00e9taient toujours engag\u00e9es dans des affrontements arm\u00e9s avec elle sur de multiples fronts.<\/p>\n<p>N\u00e9anmoins, ces plaintes pour viol ont pris de l\u2019ampleur, le pr\u00e9sident am\u00e9ricain Joe Biden affirmant m\u00eame, lors d\u2019un discours prononc\u00e9 quelques jours plus tard, que les femmes isra\u00e9liennes \u00e9taient <em>\u00ab viol\u00e9es, agress\u00e9es, exhib\u00e9es comme des troph\u00e9es \u00bb<\/em> par les combattants du Hamas. Il est important de noter que l\u2019article du Forward du 11 octobre rapporte que l\u2019arm\u00e9e isra\u00e9lienne a reconnu qu\u2019elle n\u2019avait <a href=\"https:\/\/forward.com\/news\/564318\/sexual-assault-rape-proof-hamas-idf-israel-gaza\/\" target=\"_blank\" rel=\"noopener\">aucune preuve de ces all\u00e9gations<\/a> \u00e0 ce moment-l\u00e0.<\/p>\n<p>Lorsque l\u2019arm\u00e9e a ensuite formul\u00e9 ses propres all\u00e9gations de d\u00e9capitation, d\u2019amputation des pieds et de viols, Reuters a soulign\u00e9 que <em>\u00ab le personnel militaire charg\u00e9 de superviser le processus d\u2019identification n\u2019a pr\u00e9sent\u00e9 aucune preuve m\u00e9dico-l\u00e9gale sous la forme de photos ou de dossiers m\u00e9dicaux \u00bb.<\/em> \u00c0 ce jour, aucune preuve cr\u00e9dible de ces atrocit\u00e9s n\u2019a \u00e9t\u00e9 pr\u00e9sent\u00e9e.<\/p>\n<p>D\u2019autres all\u00e9gations scandaleuses, comme celle selon laquelle le Hamas aurait <a href=\"https:\/\/www.nbcnews.com\/tech\/internet\/unverified-allegations-beheaded-babies-israel-hamas-war-inflame-social-rcna119902\" target=\"_blank\" rel=\"noopener\"><em>\u00ab d\u00e9capit\u00e9 40 b\u00e9b\u00e9s \u00bb<\/em><\/a>, ont fait les gros titres et les premi\u00e8res pages d\u2019innombrables organes de presse occidentaux. M\u00eame Joe Biden a affirm\u00e9 avoir vu <em>\u00ab des photos confirm\u00e9es de terroristes d\u00e9capitant des b\u00e9b\u00e9s \u00bb<\/em>. Ces all\u00e9gations \u00e9manent de David Ben Zion, colon r\u00e9serviste et soldat isra\u00e9lien, qui a d\u00e9j\u00e0 incit\u00e9 \u00e0 de violentes \u00e9meutes contre les Palestiniens et appel\u00e9 \u00e0 l\u2019an\u00e9antissement de la ville de Huwara, en Cisjordanie. Aucune preuve n\u2019a jamais \u00e9t\u00e9 produite pour \u00e9tayer ces affirmations et la Maison Blanche elle-m\u00eame a confirm\u00e9 par la suite que Joe Biden n\u2019avait jamais vu de telles photos.<\/p>\n<h3>\n<p>Le plan du Hamas<\/h3>\n<p>Il n\u2019existe pratiquement aucune preuve cr\u00e9dible que les combattants palestiniens avaient pr\u00e9vu de tuer ou de blesser des civils isra\u00e9liens non arm\u00e9s le 7 octobre, ou qu\u2019ils ont d\u00e9lib\u00e9r\u00e9ment cherch\u00e9 \u00e0 le faire. Les images disponibles montrent qu\u2019ils se sont principalement attaqu\u00e9s aux forces arm\u00e9es isra\u00e9liennes, causant la mort de centaines de soldats d\u2019occupation. Comme l\u2019a clairement indiqu\u00e9 le porte-parole des <strong>Brigades Qassam, Abu Obeida,<\/strong> le 12 octobre :<\/p>\n<blockquote><p>L\u2019op\u00e9ration <em>\u00ab D\u00e9luge d\u2019Al-Aqsa \u00bb<\/em> visait \u00e0 <strong>d\u00e9truire la Division de Gaza (une unit\u00e9 de l\u2019arm\u00e9e isra\u00e9lienne aux fronti\u00e8res de Gaza)<\/strong>, qui a \u00e9t\u00e9 attaqu\u00e9e en 15 points, suivie d\u2019une attaque contre 10 autres points d\u2019intervention militaire. Nous avons attaqu\u00e9 le site de Zikim et plusieurs autres colonies \u00e0 l\u2019ext\u00e9rieur du quartier g\u00e9n\u00e9ral de la division de Gaza.<\/p><\/blockquote>\n<p>Abu Obeida et d\u2019autres responsables de la r\u00e9sistance affirment que l\u2019autre objectif cl\u00e9 de leur op\u00e9ration \u00e9tait de <strong>capturer des prisonniers isra\u00e9liens qu\u2019ils pourraient \u00e9changer contre les quelque 5 300 prisonniers palestiniens d\u00e9tenus dans les centres de d\u00e9tention isra\u00e9liens, dont un grand nombre de femmes et d\u2019enfants.<\/strong><\/p>\n<p>Le chef adjoint du bureau politique du Hamas, <strong>Saleh Al-Arouri,<\/strong> a soulign\u00e9 dans une <a href=\"https:\/\/ultrapal.ultrasawt.com\/%D8%B5%D8%A7%D9%84%D8%AD-%D8%A7%D9%84%D8%B9%D8%A7%D8%B1%D9%88%D8%B1%D9%8A-%D8%AD%D8%B1%D9%8A%D8%A9-%D8%A3%D8%B3%D8%B1%D8%A7%D9%86%D8%A7-%D8%B9%D9%84%D9%89-%D8%A7%D9%84%D8%A3%D8%A8%D9%88%D8%A7%D8%A8-%D9%88%D9%85%D8%B3%D8%AA%D8%B9%D8%AF%D9%88%D9%86-%D9%84%D9%83%D9%84-%D8%A7%D9%84%D8%AE%D9%8A%D8%A7%D8%B1%D8%A7%D8%AA-%D8%AD%D8%AA%D9%89-%D8%A7%D9%84%D8%AD%D8%B1%D8%A8-%D8%A7%D9%84%D8%B4%D8%A7%D9%85%D9%84%D8%A9\/%D8%A7%D9%84%D8%AA%D8%B1%D8%A7-%D9%81%D9%84%D8%B3%D8%B7%D9%8A%D9%86\/%D8%A3%D8%AE%D8%A8%D8%A7%D8%B1\" target=\"_blank\" rel=\"noopener\">interview<\/a> apr\u00e8s l\u2019op\u00e9ration :<\/p>\n<blockquote><p>\u00ab Nous disposons d\u2019un nombre important et qualitatif d\u2019officiers sup\u00e9rieurs. Tout ce que nous pouvons dire maintenant, c\u2019est que la libert\u00e9 de nos prisonniers est \u00e0 port\u00e9e de main. \u00bb<\/p><\/blockquote>\n<p>Les deux parties jouent ce jeu : depuis le d\u00e9but de son assaut militaire contre Gaza, <a href=\"https:\/\/new.thecradle.co\/articles\/mass-arrest-campaign-continues-across-occupied-west-bank\" target=\"_blank\" rel=\"noopener\">Isra\u00ebl a arr\u00eat\u00e9 et emprisonn\u00e9 plus de 1 200 Palestiniens en Cisjordanie occup\u00e9e.<\/a> \u00c0 ce jour, 38 accords d\u2019\u00e9change de prisonniers ont \u00e9t\u00e9 conclus entre les factions de la r\u00e9sistance et Tel-Aviv, accords auxquels les Isra\u00e9liens r\u00e9sistent souvent <a href=\"https:\/\/new.thecradle.co\/articles\/resistence-threatens-to-take-more-israeli-captives-if-prisoner-swap-stalls\" target=\"_blank\" rel=\"noopener\">jusqu\u2019\u00e0 la derni\u00e8re minute.<\/a><\/p>\n<p>Tandis que ce type de t\u00e9moignages afflue, des rapports indiquent que les autorit\u00e9s isra\u00e9liennes ont intensifi\u00e9 les <a href=\"https:\/\/twitter.com\/Timesofgaza\/status\/1713925444934795696?s=20\" target=\"_blank\" rel=\"noopener\">mauvais traitements<\/a>, la torture et m\u00eame<a href=\"https:\/\/charleroi-pourlapalestine.be\/index.php\/2023\/10\/24\/le-martyre-domar-daraghmeh-dans-les-prisons-sionistes-les-prisonniers-sous-attaque-en-plein-genocide-a-gaza\/\"> l\u2019assassinat<\/a> des <a href=\"https:\/\/charleroi-pourlapalestine.be\/index.php\/2023\/10\/25\/une-campagne-dassassinat-et-de-torture-le-martyre-du-prisonnier-palestinien-arafat-yasser-hamdan\/\">prisonniers palestiniens<\/a> qu\u2019elles d\u00e9tiennent \u2013 une violation des conventions de Gen\u00e8ve que, ironiquement, un acteur non \u00e9tatique tel que le Hamas semble avoir respect\u00e9e \u00e0 la lettre.<\/p>\n<p>En ce qui concerne les \u00e9v\u00e9nements du 7 octobre, il existe certainement des vid\u00e9os montrant des Isra\u00e9liens peut-\u00eatre non arm\u00e9s, tu\u00e9s dans leurs v\u00e9hicules ou \u00e0 l\u2019entr\u00e9e d\u2019installations, afin que les troupes palestiniennes puissent y acc\u00e9der.<\/p>\n<p>D\u2019autres vid\u00e9os montrent des combattants engag\u00e9s dans des \u00e9changes de tirs avec des forces isra\u00e9liennes arm\u00e9es, alors que <a href=\"https:\/\/www.youtube.com\/watch?v=rVL1AnPq6vs\" target=\"_blank\" rel=\"noopener\">des Isra\u00e9liens non arm\u00e9s s\u2019abritent entre les deux<\/a>, ainsi que des combattants tirant en direction de maisons et lan\u00e7ant des grenades dans des zones fortifi\u00e9es. Des t\u00e9moignages sugg\u00e8rent \u00e9galement que <a href=\"https:\/\/www.businessinsider.com\/off-duty-israeli-soldier-nova-music-festival-blocked-grenades-hamas-2023-10?r=US&amp;IR=T\" target=\"_blank\" rel=\"noopener\">des grenades ont \u00e9t\u00e9 lanc\u00e9es<\/a> dans des abris anti-bombes, sans que l\u2019on sache exactement par qui.<\/p>\n<p>M\u00eame lors de la <em>\u00ab rave de la paix \u00bb<\/em> isra\u00e9lienne, qui a \u00e9t\u00e9 cit\u00e9e comme l\u2019attaque la plus meurtri\u00e8re commise par les combattants palestiniens au cours de leur op\u00e9ration, des vid\u00e9os ont \u00e9t\u00e9 diffus\u00e9es, qui semblent montrer les forces isra\u00e9liennes ouvrant le feu \u00e0 travers une foule de civils non arm\u00e9s, vers des cibles qu\u2019elles pensent \u00eatre des membres du Hamas. ABC News a \u00e9galement rapport\u00e9 qu\u2019<a href=\"https:\/\/twitter.com\/MichaKobs\/status\/1715617139229425756\" target=\"_blank\" rel=\"noopener\">un char isra\u00e9lien<\/a> s\u2019\u00e9tait dirig\u00e9 vers le site du festival.<\/p>\n<blockquote class=\"twitter-tweet\" data-width=\"500\" data-dnt=\"true\">\n<p lang=\"fr\" dir=\"ltr\">Vous renseignez pas avant de valider la propagande isra\u00e9lienne g\u00e9nocidaire surtout. Vous risqueriez de tomber cette preuve que le Hamas a r\u00e9pondu aux tirs qui venaient de la rave, o\u00f9 se trouvaient nombre de policiers et soldats isra\u00e9liens.<a href=\"https:\/\/t.co\/IC2uQWbiq8\">https:\/\/t.co\/IC2uQWbiq8<\/a><\/p>\n<p>&mdash; Le Cri des Peuples (@lecridespeuples) <a href=\"https:\/\/twitter.com\/lecridespeuples\/status\/1712111274857820416?ref_src=twsrc%5Etfw\">October 11, 2023<\/a><\/p><\/blockquote>\n<p><script async src=\"https:\/\/platform.twitter.com\/widgets.js\" charset=\"utf-8\"><\/script><\/p>\n<p>&nbsp;<\/p>\n<h3>Un massacre isra\u00e9lien au kibboutz Be\u2019eri ?<\/h3>\n<p>Dans son reportage sur les \u00e9v\u00e9nements survenus au kibboutz Be\u2019eri, ABC News a photographi\u00e9 des pi\u00e8ces d\u2019artillerie <a href=\"https:\/\/abcnews.go.com\/International\/israels-ground-zero-beeri-kibbutz-bloodiest-scenes-hamas\/story?id=103936668\" target=\"_blank\" rel=\"noopener\">ressemblant \u00e0 des munitions isra\u00e9liennes<\/a> \u00e0 l\u2019ext\u00e9rieur d\u2019une maison bombard\u00e9e. Le journaliste, David Muir, a indiqu\u00e9 que des combattants du Hamas, couverts de sacs en plastique, avaient \u00e9t\u00e9 retrouv\u00e9s sur les lieux.<\/p>\n<p>En outre, des vid\u00e9os de la sc\u00e8ne montrent des maisons qui semblent avoir \u00e9t\u00e9 frapp\u00e9es par des munitions que les combattants du Hamas ne poss\u00e9daient pas. Muir a indiqu\u00e9 qu\u2019environ 14 personnes \u00e9taient retenues en otage dans un b\u00e2timent par des combattants palestiniens.<\/p>\n<p>Un article de <em>Haaretz<\/em> en h\u00e9breu publi\u00e9 le 20 octobre, qui n\u2019appara\u00eet en anglais que dans <a href=\"https:\/\/mondoweiss.net\/2023\/10\/a-growing-number-of-reports-indicate-israeli-forces-responsible-for-israeli-civilian-and-military-deaths-following-october-7-attack\/\" target=\"_blank\" rel=\"noopener\">un article incontournable de Mondoweiss,<\/a> d\u00e9peint une histoire tr\u00e8s diff\u00e9rente de ce qui s\u2019est pass\u00e9 \u00e0 Be\u2019eri ce jour-l\u00e0. Un habitant du kibboutz qui s\u2019\u00e9tait absent\u00e9 de son domicile \u2013 et dont la compagne a \u00e9t\u00e9 tu\u00e9e dans la m\u00eal\u00e9e \u2013 r\u00e9v\u00e8le de nouveaux d\u00e9tails stup\u00e9fiants :<\/p>\n<blockquote><p>Sa voix tremble lorsqu\u2019il \u00e9voque sa compagne, qui \u00e9tait alors assi\u00e9g\u00e9e dans son abri. Selon lui, ce n\u2019est que dans la nuit de lundi \u00e0 mardi (9 octobre) et apr\u00e8s que les commandants sur le terrain ont pris des d\u00e9cisions difficiles \u2013 y compris le bombardement des maisons avec tous leurs occupants \u00e0 l\u2019int\u00e9rieur afin d\u2019\u00e9liminer les terroristes et les otages \u2013 que Tsahal a achev\u00e9 la prise de contr\u00f4le du kibboutz. Le prix \u00e0 payer a \u00e9t\u00e9 terrible : au moins 112 personnes de Be\u2019eri ont \u00e9t\u00e9 tu\u00e9es. D\u2019autres ont \u00e9t\u00e9 kidnapp\u00e9es. Hier, 11 jours apr\u00e8s le massacre, les corps d\u2019une m\u00e8re et de son fils ont \u00e9t\u00e9 d\u00e9couverts dans l\u2019une des maisons d\u00e9truites. On pense que d\u2019autres corps gisent encore dans les d\u00e9combres.<\/p><\/blockquote>\n<p>Les photos de la destruction de Be\u2019eri corroborent son r\u00e9cit. Seules les munitions lourdes de l\u2019arm\u00e9e isra\u00e9lienne ont pu d\u00e9truire des maisons d\u2019habitation de cette mani\u00e8re.<\/p>\n<div id=\"attachment_61924\" style=\"width: 802px\" class=\"wp-caption aligncenter\"><img loading=\"lazy\" decoding=\"async\" aria-describedby=\"caption-attachment-61924\" class=\"wp-image-61924 size-full\" src=\"https:\/\/charleroi-pourlapalestine.be\/wp-content\/uploads\/2023\/10\/Le-kibboutz-de-Beeri-apres-larret-des-combats.png\" alt=\"Le kibboutz de Be\u2019eri apr\u00e8s l\u2019arr\u00eat des combats\" width=\"792\" height=\"762\"><p id=\"caption-attachment-61924\" class=\"wp-caption-text\"><strong>Le kibboutz de Be\u2019eri apr\u00e8s l\u2019arr\u00eat des combats<\/strong><\/p><\/div>\n<p>&nbsp;<\/p>\n<h3>Comportements du Hamas : preuves contre all\u00e9gations<\/h3>\n<p><a href=\"https:\/\/charleroi-pourlapalestine.be\/index.php\/2023\/10\/17\/les-forces-israeliennes-ont-tire-sur-leurs-compatriotes-civils-affirme-une-survivante-dun-kibboutz\/\"><strong>Yasmin Porat<\/strong>, une survivante du kibboutz Be\u2019eri<\/a>, a d\u00e9clar\u00e9 dans une interview accord\u00e9e \u00e0 une \u00e9mission de radio isra\u00e9lienne anim\u00e9e par le radiodiffuseur public Kan, que les forces isra\u00e9liennes <em>\u00ab ont \u00e9limin\u00e9 tout le monde, y compris les otages \u00bb,<\/em> ajoutant qu\u2019 <em>\u00ab il y a eu des tirs crois\u00e9s tr\u00e8s, tr\u00e8s nourris \u00bb<\/em> et qu\u2019il y a m\u00eame eu des tirs d\u2019obus de chars.<\/p>\n<p>Mme Porat avait assist\u00e9 \u00e0 la rave de Nova et a t\u00e9moign\u00e9 du traitement humain dont elle a fait l\u2019objet au cours de diff\u00e9rentes interviews qu\u2019elle a accord\u00e9es aux m\u00e9dias isra\u00e9liens. Elle a expliqu\u00e9 que lorsqu\u2019elle \u00e9tait prisonni\u00e8re, les combattants du Hamas<em> \u00ab nous gardaient \u00bb<\/em>, lui disant en h\u00e9breu :<\/p>\n<blockquote><p>\u00ab Regarde-moi bien, nous n\u2019allons pas te tuer. Nous voulons vous emmener \u00e0 Gaza. Nous n\u2019allons pas vous tuer. Alors restez calme, vous n\u2019allez pas mourir \u00bb.<\/p><\/blockquote>\n<p>Elle a \u00e9galement ajout\u00e9 ce qui suit :<\/p>\n<blockquote><p>Ils nous donnent \u00e0 boire ici et l\u00e0. Quand ils voient que nous sommes nerveux, ils nous calment. C\u2019\u00e9tait tr\u00e8s effrayant, mais personne ne nous a trait\u00e9s violemment. Heureusement, il ne m\u2019est pas arriv\u00e9 ce que j\u2019ai entendu dans les m\u00e9dias.<\/p><\/blockquote>\n<p>De plus en plus, et au grand dam de certains responsables et organes de presse isra\u00e9liens, de nouveaux t\u00e9moins oculaires isra\u00e9liens et survivants de l\u2019effusion de sang affirment qu\u2019ils ont \u00e9t\u00e9 bien trait\u00e9s par les combattants palestiniens. Le 24 octobre, la cha\u00eene publique isra\u00e9lienne Kan a d\u00e9plor\u00e9 le fait que la prisonni\u00e8re Yocheved Lifshitz, lib\u00e9r\u00e9e par le Hamas la veille, ait \u00e9t\u00e9 autoris\u00e9e \u00e0 faire des d\u00e9clarations en direct \u00e0 l\u2019antenne.<\/p>\n<p>Alors qu\u2019elle \u00e9tait remise \u00e0 des interm\u00e9diaires de la Croix-Rouge, <a href=\"https:\/\/charleroi-pourlapalestine.be\/index.php\/2023\/10\/25\/israel-furieux-que-la-captive-agee-ait-parle-de-traitement-humain-de-la-part-du-hamas\/\">la prisonni\u00e8re isra\u00e9lienne \u00e2g\u00e9e a \u00e9t\u00e9 film\u00e9e en train de se retourner pour serrer la main de son ravisseur du Hamas lors de ses derniers adieux.<\/a> Les images en direct de Mme Lifshitz, au cours de laquelle elle a parl\u00e9 de son calvaire de deux semaines, ont<em> \u00ab humanis\u00e9 \u00bb<\/em> encore davantage ses ravisseurs du Hamas, puisqu\u2019elle a racont\u00e9 sa vie quotidienne avec les combattants :<\/p>\n<blockquote><p>Ils \u00e9taient tr\u00e8s amicaux avec nous. Ils ont pris soin de nous. On nous a donn\u00e9 des m\u00e9dicaments et on nous a soign\u00e9s. L\u2019un des hommes qui nous accompagnait a \u00e9t\u00e9 gravement bless\u00e9 dans un accident de moto. Les ambulanciers (du Hamas) ont soign\u00e9 ses blessures, on lui a donn\u00e9 des m\u00e9dicaments et des antibiotiques. Les gens \u00e9taient amicaux. Ils ont gard\u00e9 l\u2019endroit tr\u00e8s propre. Ils se sont beaucoup pr\u00e9occup\u00e9s de nous.<\/p><\/blockquote>\n<p>&nbsp;<\/p>\n<h3>Plus de questions que de r\u00e9ponses<\/h3>\n<p>Il est essentiel de reconna\u00eetre que dans de nombreux rapports de journalistes occidentaux sur le terrain,<strong> la majorit\u00e9 des informations concernant les actions des combattants du Hamas proviennent de l\u2019arm\u00e9e isra\u00e9lienne<\/strong>, qui participe activement au conflit.<\/p>\n<p>De nouveaux \u00e9l\u00e9ments indiquent aujourd\u2019hui qu\u2019il est fort probable, notamment en raison de l\u2019ampleur des d\u00e9g\u00e2ts caus\u00e9s aux infrastructures, que les forces militaires isra\u00e9liennes aient pu d\u00e9lib\u00e9r\u00e9ment tuer des captifs, tirer sur des cibles erron\u00e9es ou confondre des Isra\u00e9liens avec des Palestiniens lors de leurs \u00e9changes de tirs. Si l\u2019arm\u00e9e isra\u00e9lienne est la seule source d\u2019information pour une all\u00e9gation s\u00e9rieuse, il faut tenir compte du fait qu\u2019elle a des raisons de dissimuler les cas de tirs amis.<\/p>\n<blockquote class=\"twitter-tweet\" data-width=\"500\" data-dnt=\"true\">\n<p lang=\"fr\" dir=\"ltr\">Les forces d&#39;occupation isra\u00e9liennes ont tu\u00e9 au moins 26 captifs isra\u00e9liens \u00e0 Gaza. Vous avez bien lu. C&#39;est l&#39;application de la directive Hannibal qui consid\u00e8re qu&#39;il vaut mieux tuer des propres prisonniers\/otages que les laisser vivants entre les mains du Hamas. <\/p>\n<p>Les membres\u2026 <a href=\"https:\/\/t.co\/OC3wMuxj2N\">https:\/\/t.co\/OC3wMuxj2N<\/a><\/p>\n<p>&mdash; Le Cri des Peuples (@lecridespeuples) <a href=\"https:\/\/twitter.com\/lecridespeuples\/status\/1713191567631028423?ref_src=twsrc%5Etfw\">October 14, 2023<\/a><\/p><\/blockquote>\n<p><script async src=\"https:\/\/platform.twitter.com\/widgets.js\" charset=\"utf-8\"><\/script><\/p>\n<p>&nbsp;<\/p>\n<p>Les tirs amis isra\u00e9liens \u00e9taient monnaie courante, m\u00eame dans les jours qui ont suivi, de la part d\u2019une arm\u00e9e qui n\u2019avait que tr\u00e8s peu d\u2019exp\u00e9rience du combat. Dans la ville d\u2019Ashkelon, le 8 octobre, des soldats isra\u00e9liens ont abattu et insult\u00e9 le corps d\u2019un homme qu\u2019ils croyaient \u00eatre un combattant du Hamas, mais ils se sont rendu compte plus tard qu\u2019ils avaient ex\u00e9cut\u00e9 un compatriote isra\u00e9lien. Ce n\u2019est que l\u2019un des<a href=\"https:\/\/www.timesofisrael.com\/israeli-man-shot-dead-by-police-after-reportedly-being-mistaken-for-terrorist\/\" target=\"_blank\" rel=\"noopener\"> trois exemples de tirs amis<\/a> qui ont eu lieu en une seule journ\u00e9e et qui ont entra\u00een\u00e9 la mort d\u2019Isra\u00e9liens tu\u00e9s par leurs propres troupes.<\/p>\n<p>Dans le brouillard de la guerre, les parties au conflit ont des points de vue diff\u00e9rents sur ce qui s\u2019est pass\u00e9 lors du raid initial et de ses suites. Il n\u2019est pas contest\u00e9 que les groupes arm\u00e9s palestiniens ont inflig\u00e9 des pertes significatives \u00e0 l\u2019arm\u00e9e isra\u00e9lienne, mais le reste fera l\u2019objet de nombreux d\u00e9bats dans les semaines et les mois \u00e0 venir.<\/p>\n<p>Il est urgent de mener une enqu\u00eate internationale ind\u00e9pendante et impartiale, qui ait acc\u00e8s aux informations de toutes les parties impliqu\u00e9es dans le conflit. Ni les Isra\u00e9liens ni les Am\u00e9ricains n\u2019y consentiront, ce qui laisse supposer que Tel-Aviv a beaucoup \u00e0 cacher.<\/p>\n<p><strong>Pendant ce temps, les civils palestiniens de Gaza subissent des attaques incessantes et aveugles avec les armes lourdes les plus sophistiqu\u00e9es qui existent, et vivent sous la menace persistante d\u2019un d\u00e9placement forc\u00e9 et potentiellement irr\u00e9versible. Ce blitz a\u00e9rien isra\u00e9lien n\u2019a \u00e9t\u00e9 rendu possible que par le flot d\u2019histoires non fond\u00e9es sur les <em>\u00ab atrocit\u00e9s du Hamas \u00bb<\/em> que les m\u00e9dias ont commenc\u00e9 \u00e0 faire circuler le 7 octobre et apr\u00e8s cette date.<\/strong><\/p>\n<p style=\"text-align: center;\">*****<\/p>\n<p>Publi\u00e9 le 24 octobre sur <a href=\"https:\/\/new.thecradle.co\/articles\/what-really-happened-on-7th-october\" target=\"_blank\" rel=\"noopener\">The Cradle<\/a>, 24 octobre 2023<br \/>\nTraduction : <a href=\"https:\/\/lecridespeuples.fr\/2023\/10\/25\/deluge-dal-aqsa-que-sest-il-reellement-passe-le-7-octobre\/\" target=\"_blank\" rel=\"noopener\">Le Cri des Peuples<\/a><\/p>\n","protected":false},"excerpt":{"rendered":"<p>Deux semaines apr\u00e8s l\u2019assaut du Hamas contre Isra\u00ebl le 7 octobre, une image plus claire de ce qui s\u2019est pass\u00e9 \u2013 qui a \u00e9t\u00e9 tu\u00e9 et par qui \u2013 commence \u00e0 \u00e9merger.<\/p>\n","protected":false},"author":1,"featured_media":0,"comment_status":"closed","ping_status":"closed","sticky":false,"template":"","format":"standard","meta":{"ngg_post_thumbnail":0,"footnotes":""},"categories":[390,197,95],"tags":[],"class_list":["post-61896","post","type-post","status-publish","format-standard","hentry","category-armee-israelienne","category-hamas","category-hasbara-propagande-israelienne"],"yoast_head":"<!-- This site is optimized with the Yoast SEO plugin v27.3 - https:\/\/yoast.com\/product\/yoast-seo-wordpress\/ -->\n<title>\u2018Massacres du Hamas\u2019 : que s\u2019est-il r\u00e9ellement pass\u00e9 le 7 octobre ?<\/title>\n<meta name=\"description\" content=\"Deux semaines apr\u00e8s l\u2019assaut du Hamas contre Isra\u00ebl, une image plus claire de ce qui s\u2019est pass\u00e9 commence \u00e0 \u00e9merger.\" \/>\n<meta name=\"robots\" content=\"index, follow, max-snippet:-1, max-image-preview:large, max-video-preview:-1\" \/>\n<link rel=\"canonical\" href=\"https:\/\/charleroi-pourlapalestine.be\/index.php\/2023\/10\/26\/massacres-du-hamas-que-sest-il-reellement-passe-le-7-octobre\/\" \/>\n<script type=\"application\/ld+json\" class=\"yoast-schema-graph\">{\"@context\":\"https:\\\/\\\/schema.org\",\"@graph\":[{\"@type\":\"Article\",\"@id\":\"https:\\\/\\\/charleroi-pourlapalestine.be\\\/index.php\\\/2023\\\/10\\\/26\\\/massacres-du-hamas-que-sest-il-reellement-passe-le-7-octobre\\\/#article\",\"isPartOf\":{\"@id\":\"https:\\\/\\\/charleroi-pourlapalestine.be\\\/index.php\\\/2023\\\/10\\\/26\\\/massacres-du-hamas-que-sest-il-reellement-passe-le-7-octobre\\\/\"},\"author\":{\"name\":\"admin1873\",\"@id\":\"https:\\\/\\\/charleroi-pourlapalestine.be\\\/#\\\/schema\\\/person\\\/c19ff515112f1299d8c12671d8fe3faa\"},\"headline\":\"\u2018Massacres du Hamas\u2019 : que s\u2019est-il r\u00e9ellement pass\u00e9 le 7 octobre ?\",\"datePublished\":\"2023-10-26T08:57:02+00:00\",\"dateModified\":\"2023-11-01T12:42:19+00:00\",\"mainEntityOfPage\":{\"@id\":\"https:\\\/\\\/charleroi-pourlapalestine.be\\\/index.php\\\/2023\\\/10\\\/26\\\/massacres-du-hamas-que-sest-il-reellement-passe-le-7-octobre\\\/\"},\"wordCount\":3520,\"publisher\":{\"@id\":\"https:\\\/\\\/charleroi-pourlapalestine.be\\\/#organization\"},\"image\":{\"@id\":\"https:\\\/\\\/charleroi-pourlapalestine.be\\\/index.php\\\/2023\\\/10\\\/26\\\/massacres-du-hamas-que-sest-il-reellement-passe-le-7-octobre\\\/#primaryimage\"},\"thumbnailUrl\":\"https:\\\/\\\/charleroi-pourlapalestine.be\\\/wp-content\\\/uploads\\\/2023\\\/10\\\/The-craddle.png\",\"articleSection\":[\"arm\u00e9e isra\u00e9lienne\",\"Hamas\",\"Hasbara\"],\"inLanguage\":\"fr-FR\"},{\"@type\":\"WebPage\",\"@id\":\"https:\\\/\\\/charleroi-pourlapalestine.be\\\/index.php\\\/2023\\\/10\\\/26\\\/massacres-du-hamas-que-sest-il-reellement-passe-le-7-octobre\\\/\",\"url\":\"https:\\\/\\\/charleroi-pourlapalestine.be\\\/index.php\\\/2023\\\/10\\\/26\\\/massacres-du-hamas-que-sest-il-reellement-passe-le-7-octobre\\\/\",\"name\":\"\u2018Massacres du Hamas\u2019 : que s\u2019est-il r\u00e9ellement pass\u00e9 le 7 octobre ?\",\"isPartOf\":{\"@id\":\"https:\\\/\\\/charleroi-pourlapalestine.be\\\/#website\"},\"primaryImageOfPage\":{\"@id\":\"https:\\\/\\\/charleroi-pourlapalestine.be\\\/index.php\\\/2023\\\/10\\\/26\\\/massacres-du-hamas-que-sest-il-reellement-passe-le-7-octobre\\\/#primaryimage\"},\"image\":{\"@id\":\"https:\\\/\\\/charleroi-pourlapalestine.be\\\/index.php\\\/2023\\\/10\\\/26\\\/massacres-du-hamas-que-sest-il-reellement-passe-le-7-octobre\\\/#primaryimage\"},\"thumbnailUrl\":\"https:\\\/\\\/charleroi-pourlapalestine.be\\\/wp-content\\\/uploads\\\/2023\\\/10\\\/The-craddle.png\",\"datePublished\":\"2023-10-26T08:57:02+00:00\",\"dateModified\":\"2023-11-01T12:42:19+00:00\",\"description\":\"Deux semaines apr\u00e8s l\u2019assaut du Hamas contre Isra\u00ebl, une image plus claire de ce qui s\u2019est pass\u00e9 commence \u00e0 \u00e9merger.\",\"breadcrumb\":{\"@id\":\"https:\\\/\\\/charleroi-pourlapalestine.be\\\/index.php\\\/2023\\\/10\\\/26\\\/massacres-du-hamas-que-sest-il-reellement-passe-le-7-octobre\\\/#breadcrumb\"},\"inLanguage\":\"fr-FR\",\"potentialAction\":[{\"@type\":\"ReadAction\",\"target\":[\"https:\\\/\\\/charleroi-pourlapalestine.be\\\/index.php\\\/2023\\\/10\\\/26\\\/massacres-du-hamas-que-sest-il-reellement-passe-le-7-octobre\\\/\"]}]},{\"@type\":\"ImageObject\",\"inLanguage\":\"fr-FR\",\"@id\":\"https:\\\/\\\/charleroi-pourlapalestine.be\\\/index.php\\\/2023\\\/10\\\/26\\\/massacres-du-hamas-que-sest-il-reellement-passe-le-7-octobre\\\/#primaryimage\",\"url\":\"\",\"contentUrl\":\"\"},{\"@type\":\"BreadcrumbList\",\"@id\":\"https:\\\/\\\/charleroi-pourlapalestine.be\\\/index.php\\\/2023\\\/10\\\/26\\\/massacres-du-hamas-que-sest-il-reellement-passe-le-7-octobre\\\/#breadcrumb\",\"itemListElement\":[{\"@type\":\"ListItem\",\"position\":1,\"name\":\"Accueil\",\"item\":\"https:\\\/\\\/charleroi-pourlapalestine.be\\\/\"},{\"@type\":\"ListItem\",\"position\":2,\"name\":\"\u2018Massacres du Hamas\u2019 : que s\u2019est-il r\u00e9ellement pass\u00e9 le 7 octobre ?\"}]},{\"@type\":\"WebSite\",\"@id\":\"https:\\\/\\\/charleroi-pourlapalestine.be\\\/#website\",\"url\":\"https:\\\/\\\/charleroi-pourlapalestine.be\\\/\",\"name\":\"Charleroi Pour la Palestine\",\"description\":\"\",\"publisher\":{\"@id\":\"https:\\\/\\\/charleroi-pourlapalestine.be\\\/#organization\"},\"potentialAction\":[{\"@type\":\"SearchAction\",\"target\":{\"@type\":\"EntryPoint\",\"urlTemplate\":\"https:\\\/\\\/charleroi-pourlapalestine.be\\\/?s={search_term_string}\"},\"query-input\":{\"@type\":\"PropertyValueSpecification\",\"valueRequired\":true,\"valueName\":\"search_term_string\"}}],\"inLanguage\":\"fr-FR\"},{\"@type\":\"Organization\",\"@id\":\"https:\\\/\\\/charleroi-pourlapalestine.be\\\/#organization\",\"name\":\"Plate-forme Charleroi-Palestine\",\"url\":\"https:\\\/\\\/charleroi-pourlapalestine.be\\\/\",\"logo\":{\"@type\":\"ImageObject\",\"inLanguage\":\"fr-FR\",\"@id\":\"https:\\\/\\\/charleroi-pourlapalestine.be\\\/#\\\/schema\\\/logo\\\/image\\\/\",\"url\":\"https:\\\/\\\/charleroi-pourlapalestine.be\\\/wp-content\\\/uploads\\\/2020\\\/01\\\/logo-Copy.jpg\",\"contentUrl\":\"https:\\\/\\\/charleroi-pourlapalestine.be\\\/wp-content\\\/uploads\\\/2020\\\/01\\\/logo-Copy.jpg\",\"width\":180,\"height\":180,\"caption\":\"Plate-forme Charleroi-Palestine\"},\"image\":{\"@id\":\"https:\\\/\\\/charleroi-pourlapalestine.be\\\/#\\\/schema\\\/logo\\\/image\\\/\"},\"sameAs\":[\"https:\\\/\\\/www.facebook.com\\\/PlateformeCharleroiPalestine\\\/\",\"https:\\\/\\\/x.com\\\/LaCharleroi\"]},{\"@type\":\"Person\",\"@id\":\"https:\\\/\\\/charleroi-pourlapalestine.be\\\/#\\\/schema\\\/person\\\/c19ff515112f1299d8c12671d8fe3faa\",\"name\":\"admin1873\",\"url\":\"https:\\\/\\\/charleroi-pourlapalestine.be\\\/index.php\\\/author\\\/admin1873\\\/\"}]}<\/script>\n<!-- \/ Yoast SEO plugin. -->","yoast_head_json":{"title":"\u2018Massacres du Hamas\u2019 : que s\u2019est-il r\u00e9ellement pass\u00e9 le 7 octobre ?","description":"Deux semaines apr\u00e8s l\u2019assaut du Hamas contre Isra\u00ebl, une image plus claire de ce qui s\u2019est pass\u00e9 commence \u00e0 \u00e9merger.","robots":{"index":"index","follow":"follow","max-snippet":"max-snippet:-1","max-image-preview":"max-image-preview:large","max-video-preview":"max-video-preview:-1"},"canonical":"https:\/\/charleroi-pourlapalestine.be\/index.php\/2023\/10\/26\/massacres-du-hamas-que-sest-il-reellement-passe-le-7-octobre\/","schema":{"@context":"https:\/\/schema.org","@graph":[{"@type":"Article","@id":"https:\/\/charleroi-pourlapalestine.be\/index.php\/2023\/10\/26\/massacres-du-hamas-que-sest-il-reellement-passe-le-7-octobre\/#article","isPartOf":{"@id":"https:\/\/charleroi-pourlapalestine.be\/index.php\/2023\/10\/26\/massacres-du-hamas-que-sest-il-reellement-passe-le-7-octobre\/"},"author":{"name":"admin1873","@id":"https:\/\/charleroi-pourlapalestine.be\/#\/schema\/person\/c19ff515112f1299d8c12671d8fe3faa"},"headline":"\u2018Massacres du Hamas\u2019 : que s\u2019est-il r\u00e9ellement pass\u00e9 le 7 octobre ?","datePublished":"2023-10-26T08:57:02+00:00","dateModified":"2023-11-01T12:42:19+00:00","mainEntityOfPage":{"@id":"https:\/\/charleroi-pourlapalestine.be\/index.php\/2023\/10\/26\/massacres-du-hamas-que-sest-il-reellement-passe-le-7-octobre\/"},"wordCount":3520,"publisher":{"@id":"https:\/\/charleroi-pourlapalestine.be\/#organization"},"image":{"@id":"https:\/\/charleroi-pourlapalestine.be\/index.php\/2023\/10\/26\/massacres-du-hamas-que-sest-il-reellement-passe-le-7-octobre\/#primaryimage"},"thumbnailUrl":"https:\/\/charleroi-pourlapalestine.be\/wp-content\/uploads\/2023\/10\/The-craddle.png","articleSection":["arm\u00e9e isra\u00e9lienne","Hamas","Hasbara"],"inLanguage":"fr-FR"},{"@type":"WebPage","@id":"https:\/\/charleroi-pourlapalestine.be\/index.php\/2023\/10\/26\/massacres-du-hamas-que-sest-il-reellement-passe-le-7-octobre\/","url":"https:\/\/charleroi-pourlapalestine.be\/index.php\/2023\/10\/26\/massacres-du-hamas-que-sest-il-reellement-passe-le-7-octobre\/","name":"\u2018Massacres du Hamas\u2019 : que s\u2019est-il r\u00e9ellement pass\u00e9 le 7 octobre ?","isPartOf":{"@id":"https:\/\/charleroi-pourlapalestine.be\/#website"},"primaryImageOfPage":{"@id":"https:\/\/charleroi-pourlapalestine.be\/index.php\/2023\/10\/26\/massacres-du-hamas-que-sest-il-reellement-passe-le-7-octobre\/#primaryimage"},"image":{"@id":"https:\/\/charleroi-pourlapalestine.be\/index.php\/2023\/10\/26\/massacres-du-hamas-que-sest-il-reellement-passe-le-7-octobre\/#primaryimage"},"thumbnailUrl":"https:\/\/charleroi-pourlapalestine.be\/wp-content\/uploads\/2023\/10\/The-craddle.png","datePublished":"2023-10-26T08:57:02+00:00","dateModified":"2023-11-01T12:42:19+00:00","description":"Deux semaines apr\u00e8s l\u2019assaut du Hamas contre Isra\u00ebl, une image plus claire de ce qui s\u2019est pass\u00e9 commence \u00e0 \u00e9merger.","breadcrumb":{"@id":"https:\/\/charleroi-pourlapalestine.be\/index.php\/2023\/10\/26\/massacres-du-hamas-que-sest-il-reellement-passe-le-7-octobre\/#breadcrumb"},"inLanguage":"fr-FR","potentialAction":[{"@type":"ReadAction","target":["https:\/\/charleroi-pourlapalestine.be\/index.php\/2023\/10\/26\/massacres-du-hamas-que-sest-il-reellement-passe-le-7-octobre\/"]}]},{"@type":"ImageObject","inLanguage":"fr-FR","@id":"https:\/\/charleroi-pourlapalestine.be\/index.php\/2023\/10\/26\/massacres-du-hamas-que-sest-il-reellement-passe-le-7-octobre\/#primaryimage","url":"","contentUrl":""},{"@type":"BreadcrumbList","@id":"https:\/\/charleroi-pourlapalestine.be\/index.php\/2023\/10\/26\/massacres-du-hamas-que-sest-il-reellement-passe-le-7-octobre\/#breadcrumb","itemListElement":[{"@type":"ListItem","position":1,"name":"Accueil","item":"https:\/\/charleroi-pourlapalestine.be\/"},{"@type":"ListItem","position":2,"name":"\u2018Massacres du Hamas\u2019 : que s\u2019est-il r\u00e9ellement pass\u00e9 le 7 octobre ?"}]},{"@type":"WebSite","@id":"https:\/\/charleroi-pourlapalestine.be\/#website","url":"https:\/\/charleroi-pourlapalestine.be\/","name":"Charleroi Pour la Palestine","description":"","publisher":{"@id":"https:\/\/charleroi-pourlapalestine.be\/#organization"},"potentialAction":[{"@type":"SearchAction","target":{"@type":"EntryPoint","urlTemplate":"https:\/\/charleroi-pourlapalestine.be\/?s={search_term_string}"},"query-input":{"@type":"PropertyValueSpecification","valueRequired":true,"valueName":"search_term_string"}}],"inLanguage":"fr-FR"},{"@type":"Organization","@id":"https:\/\/charleroi-pourlapalestine.be\/#organization","name":"Plate-forme Charleroi-Palestine","url":"https:\/\/charleroi-pourlapalestine.be\/","logo":{"@type":"ImageObject","inLanguage":"fr-FR","@id":"https:\/\/charleroi-pourlapalestine.be\/#\/schema\/logo\/image\/","url":"https:\/\/charleroi-pourlapalestine.be\/wp-content\/uploads\/2020\/01\/logo-Copy.jpg","contentUrl":"https:\/\/charleroi-pourlapalestine.be\/wp-content\/uploads\/2020\/01\/logo-Copy.jpg","width":180,"height":180,"caption":"Plate-forme Charleroi-Palestine"},"image":{"@id":"https:\/\/charleroi-pourlapalestine.be\/#\/schema\/logo\/image\/"},"sameAs":["https:\/\/www.facebook.com\/PlateformeCharleroiPalestine\/","https:\/\/x.com\/LaCharleroi"]},{"@type":"Person","@id":"https:\/\/charleroi-pourlapalestine.be\/#\/schema\/person\/c19ff515112f1299d8c12671d8fe3faa","name":"admin1873","url":"https:\/\/charleroi-pourlapalestine.be\/index.php\/author\/admin1873\/"}]}},"_links":{"self":[{"href":"https:\/\/charleroi-pourlapalestine.be\/index.php\/wp-json\/wp\/v2\/posts\/61896","targetHints":{"allow":["GET"]}}],"collection":[{"href":"https:\/\/charleroi-pourlapalestine.be\/index.php\/wp-json\/wp\/v2\/posts"}],"about":[{"href":"https:\/\/charleroi-pourlapalestine.be\/index.php\/wp-json\/wp\/v2\/types\/post"}],"author":[{"embeddable":true,"href":"https:\/\/charleroi-pourlapalestine.be\/index.php\/wp-json\/wp\/v2\/users\/1"}],"replies":[{"embeddable":true,"href":"https:\/\/charleroi-pourlapalestine.be\/index.php\/wp-json\/wp\/v2\/comments?post=61896"}],"version-history":[{"count":0,"href":"https:\/\/charleroi-pourlapalestine.be\/index.php\/wp-json\/wp\/v2\/posts\/61896\/revisions"}],"wp:attachment":[{"href":"https:\/\/charleroi-pourlapalestine.be\/index.php\/wp-json\/wp\/v2\/media?parent=61896"}],"wp:term":[{"taxonomy":"category","embeddable":true,"href":"https:\/\/charleroi-pourlapalestine.be\/index.php\/wp-json\/wp\/v2\/categories?post=61896"},{"taxonomy":"post_tag","embeddable":true,"href":"https:\/\/charleroi-pourlapalestine.be\/index.php\/wp-json\/wp\/v2\/tags?post=61896"}],"curies":[{"name":"wp","href":"https:\/\/api.w.org\/{rel}","templated":true}]}}