{"id":62044,"date":"2023-10-27T22:20:45","date_gmt":"2023-10-27T20:20:45","guid":{"rendered":"https:\/\/charleroi-pourlapalestine.be\/?p=62044"},"modified":"2023-10-27T22:23:52","modified_gmt":"2023-10-27T20:23:52","slug":"blackout-des-communications-a-gaza-au-moment-ou-israel-intensifie-son-agression","status":"publish","type":"post","link":"https:\/\/charleroi-pourlapalestine.be\/index.php\/2023\/10\/27\/blackout-des-communications-a-gaza-au-moment-ou-israel-intensifie-son-agression\/","title":{"rendered":"Blackout des communications \u00e0 Gaza au moment o\u00f9 Isra\u00ebl intensifie son agression"},"content":{"rendered":"<p>Toutes les communications entre Gaza et le monde ext\u00e9rieur ont \u00e9t\u00e9 coup\u00e9es vendredi soir, alors qu\u2019on rapporte une intensification des bombardements isra\u00e9liens en m\u00eame temps qu\u2019une possible invasion terrestre.<\/p>\n<p>&nbsp;<\/p>\n<div id=\"attachment_62048\" style=\"width: 810px\" class=\"wp-caption aligncenter\"><img loading=\"lazy\" decoding=\"async\" aria-describedby=\"caption-attachment-62048\" class=\"wp-image-62048 size-full\" src=\"https:\/\/charleroi-pourlapalestine.be\/wp-content\/uploads\/2023\/10\/Gaza-25-octobre.jpg\" alt=\"Des param\u00e9dicaux et des civils secourent des Palestiniens venant de buildings bombard\u00e9s par Isra\u00ebl \u00e0 Gaza, le 25 octobre. Le 27, la Soci\u00e9t\u00e9 du Croissant-Rouge de Palestine a d\u00e9clar\u00e9 qu\u2019elle avait perdu le contact de toutes ses \u00e9quipes, vu le blackout total des communications \u00e0 Gaza. \" width=\"800\" height=\"533\"><p id=\"caption-attachment-62048\" class=\"wp-caption-text\"><strong>Des param\u00e9dicaux et des civils secourent des Palestiniens venant de buildings bombard\u00e9s par Isra\u00ebl \u00e0 Gaza, le 25 octobre. Le 27, la Soci\u00e9t\u00e9 du Croissant-Rouge de Palestine a d\u00e9clar\u00e9 qu\u2019elle avait perdu le contact de toutes ses \u00e9quipes, vu le blackout total des communications \u00e0 Gaza.<\/strong> (Photo : Saeed Jaras \/ APA images)<\/p><\/div>\n<p>&nbsp;<\/p>\n<p><a href=\"https:\/\/charleroi-pourlapalestine.be\/index.php\/tag\/ali-abunimah\/\" target=\"_blank\" rel=\"noopener\"><strong>Ali Abunimah<\/strong><\/a>, 27 octobre 2023<\/p>\n<blockquote><p>\u00ab Nous avons compl\u00e8tement perdu le contact avec le centre des op\u00e9rations dans la bande de Gaza ainsi qu\u2019avec toutes nos \u00e9quipes op\u00e9rant sur place, du fait que les autorit\u00e9s isra\u00e9liennes ont coup\u00e9 toutes les communications fixes, cellulaires et internet \u00bb,<\/p><\/blockquote>\n<p>a d\u00e9clar\u00e9 la Soci\u00e9t\u00e9 du Croissant-Rouge de Palestine (SCRP) peu apr\u00e8s 20 heures, heure locale de Gaza.<\/p>\n<blockquote><p>\u00ab Nous sommes profond\u00e9ment inquiets \u00e0 propos de la capacit\u00e9 de nos \u00e9quipes \u00e0 continuer de fournir leurs services m\u00e9dicaux d\u2019urgence, tout particuli\u00e8rement depuis que cette grave perturbation affecte le num\u00e9ro d\u2019urgence centrale, le <em>\u00ab 101 \u00bb<\/em> et qu\u2019elle entrave l\u2019arriv\u00e9e des ambulances aupr\u00e8s des bless\u00e9s \u00bb,<\/p><\/blockquote>\n<p>a ajout\u00e9 la SCRP.<\/p>\n<p>Le SCRP a pr\u00e9venu qu\u2019Isra\u00ebl<\/p>\n<blockquote><p>\u00ab allait continuer de commettre des crimes de guerre tout en isolant Gaza du monde ext\u00e9rieur \u00bb.<\/p><\/blockquote>\n<p>&nbsp;<\/p>\n<blockquote class=\"twitter-tweet\" data-width=\"500\" data-dnt=\"true\">\n<p lang=\"en\" dir=\"ltr\">\ud83d\udea8\ud83d\udd34 PRCS: We have completely lost contact with the operations room in <a href=\"https:\/\/twitter.com\/hashtag\/Gaza?src=hash&amp;ref_src=twsrc%5Etfw\">#Gaza<\/a> Strip and all our teams operating there due to the Israeli authorities cutting off all landline, cellular and internet communications. We are deeply concerned about the ability of our teams to continue\u2026<\/p>\n<p>&mdash; PRCS (@PalestineRCS) <a href=\"https:\/\/twitter.com\/PalestineRCS\/status\/1717953723605901373?ref_src=twsrc%5Etfw\">October 27, 2023<\/a><\/p><\/blockquote>\n<p><script async src=\"https:\/\/platform.twitter.com\/widgets.js\" charset=\"utf-8\"><\/script><\/p>\n<blockquote><p>\u00ab Les h\u00f4pitaux et les op\u00e9rations humanitaires ne peuvent poursuivre leur t\u00e2che sans communications, \u00e9nergie, nourriture, eau, m\u00e9dicaments \u00bb,<\/p><\/blockquote>\n<p>a d\u00e9clar\u00e9 vendredi Lynn Hastings, la coordinatrice humanitaire de l\u2019ONU.<\/p>\n<p>La s\u00e9curit\u00e9 des civils, y compris les travailleurs m\u00e9dicaux, les journalistes et le personnel de l\u2019ONU court <em>\u00ab un risque tr\u00e8s grave \u00bb,<\/em> a-t-elle mis en garde, ajoutant que<em> \u00ab les guerres ont des r\u00e8gles et que les civils doivent \u00eatre prot\u00e9g\u00e9s \u00bb.<\/em><\/p>\n<blockquote class=\"twitter-tweet\" data-width=\"500\" data-dnt=\"true\">\n<p lang=\"en\" dir=\"ltr\">Scenes of intense and unprecedented airstrikes across <a href=\"https:\/\/twitter.com\/hashtag\/Gaza?src=hash&amp;ref_src=twsrc%5Etfw\">#Gaza<\/a>. <a href=\"https:\/\/t.co\/SANkICYyM9\">pic.twitter.com\/SANkICYyM9<\/a><\/p>\n<p>&mdash; Quds News Network (@QudsNen) <a href=\"https:\/\/twitter.com\/QudsNen\/status\/1717946779180614106?ref_src=twsrc%5Etfw\">October 27, 2023<\/a><\/p><\/blockquote>\n<p><script async src=\"https:\/\/platform.twitter.com\/widgets.js\" charset=\"utf-8\"><\/script><\/p>\n<p>La soci\u00e9t\u00e9 palestinienne des t\u00e9l\u00e9communications, Jawwal, a annonc\u00e9 que la t\u00e9l\u00e9phonie mobile et les services d\u2019internet vers Gaza avaient \u00e9t\u00e9 coup\u00e9s en raison des lourds bombardements isra\u00e9liens.<\/p>\n<p>NetBlocks, une organisation qui contr\u00f4le l\u2019acc\u00e8s \u00e0 internet au niveau mondial, a confirm\u00e9 <em>\u00ab un effondrement de la connectivit\u00e9 dans la bande de Gaza \u00bb.<\/em><\/p>\n<p>&nbsp;<\/p>\n<blockquote class=\"twitter-tweet\" data-width=\"500\" data-dnt=\"true\">\n<p lang=\"en\" dir=\"ltr\">\u26a0 Confirmed: Live network data show a collapse in connectivity in the <a href=\"https:\/\/twitter.com\/hashtag\/Gaza?src=hash&amp;ref_src=twsrc%5Etfw\">#Gaza<\/a> Strip with high impact to Paltel, amid reports of heavy bombardment; the company is the last remaining major operator to supply service as connectivity declines amid ongoing fighting with Israel \ud83d\udcc9 <a href=\"https:\/\/t.co\/nDPf7HnjKF\">pic.twitter.com\/nDPf7HnjKF<\/a><\/p>\n<p>&mdash; NetBlocks (@netblocks) <a href=\"https:\/\/twitter.com\/netblocks\/status\/1717942556703551590?ref_src=twsrc%5Etfw\">October 27, 2023<\/a><\/p><\/blockquote>\n<p><script async src=\"https:\/\/platform.twitter.com\/widgets.js\" charset=\"utf-8\"><\/script><\/p>\n<blockquote class=\"twitter-tweet\" data-width=\"500\" data-dnt=\"true\">\n<p lang=\"en\" dir=\"ltr\">BREAKING: <a href=\"https:\/\/twitter.com\/hashtag\/Gaza?src=hash&amp;ref_src=twsrc%5Etfw\">#Gaza<\/a> facing total communication blackout as on-ground and air offensive intensifies. <a href=\"https:\/\/twitter.com\/Oxfam?ref_src=twsrc%5Etfw\">@oxfam<\/a> is deeply concerned about the situation, especially the total loss of communication with Gaza. We demand a <a href=\"https:\/\/twitter.com\/hashtag\/CeasefireNOW?src=hash&amp;ref_src=twsrc%5Etfw\">#CeasefireNOW<\/a> to protect innocent lives. <a href=\"https:\/\/t.co\/lw8yjc6b4J\">pic.twitter.com\/lw8yjc6b4J<\/a><\/p>\n<p>&mdash; Oxfam in Jerusalem (@oxfamjerusalem) <a href=\"https:\/\/twitter.com\/oxfamjerusalem\/status\/1717969548337426628?ref_src=twsrc%5Etfw\">October 27, 2023<\/a><\/p><\/blockquote>\n<p><script async src=\"https:\/\/platform.twitter.com\/widgets.js\" charset=\"utf-8\"><\/script><\/p>\n<p>L\u2019organisation palestinienne des droits humains Al-Haq a d\u00e9clar\u00e9 qu\u2019elle \u00e9tait<em> \u00ab alarm\u00e9e par ce qui semble \u00eatre un blackout intentionnel sur Gaza \u00bb<\/em> et a rappel\u00e9 <em>\u00ab \u00e0 la communaut\u00e9 internationale qu\u2019elle \u00e9tait tenue par les lois internationales de pr\u00e9venir tout g\u00e9nocide \u00bb.<\/em><\/p>\n<p>Vendredi, <strong><em>The Electronic Intifada<\/em> a \u00e9galement perdu le contact avec ses coll\u00e8gues de Gaza<\/strong>, avec qui elle avait \u00e9t\u00e9 en contact plus t\u00f4t dans la journ\u00e9e, et d\u2019autres m\u00e9dias et organisations des droits humains ont rapport\u00e9 eux aussi qu\u2019ils avaient compl\u00e8tement perdu le contact avec les gens du territoire.<\/p>\n<blockquote class=\"twitter-tweet\" data-width=\"500\" data-dnt=\"true\">\n<p lang=\"en\" dir=\"ltr\">All network\/cellular communication services in <a href=\"https:\/\/twitter.com\/hashtag\/Gaza?src=hash&amp;ref_src=twsrc%5Etfw\">#Gaza<\/a> have been disrupted. <\/p>\n<p>We have completely lost contact with all our staff. <\/p>\n<p>The only comms from Gaza are via satellite.<\/p>\n<p>In recent hours, Israel reportedly increased its attacks on Gaza\u2014all shrouded in a curtain of darkness. <a href=\"https:\/\/t.co\/ZPk6owBiFk\">https:\/\/t.co\/ZPk6owBiFk<\/a><\/p>\n<p>&mdash; Al-Mezan \u0627\u0644\u0645\u064a\u0632\u0627\u0646 (@AlMezanCenter) <a href=\"https:\/\/twitter.com\/AlMezanCenter\/status\/1717955759730782645?ref_src=twsrc%5Etfw\">October 27, 2023<\/a><\/p><\/blockquote>\n<p><script async src=\"https:\/\/platform.twitter.com\/widgets.js\" charset=\"utf-8\"><\/script><\/p>\n<blockquote class=\"twitter-tweet\" data-width=\"500\" data-dnt=\"true\">\n<p lang=\"en\" dir=\"ltr\">Our correspondent in his last report as Israel imposed total blackout.  &quot;Please guys if you can hear us send the message to the world we are isolated now in Gaza. Again guys if you can hear us &#8230; we are isolated we don&#39;t have phone signals or tech connections..&quot; <a href=\"https:\/\/t.co\/Oo1cfTLuj2\">pic.twitter.com\/Oo1cfTLuj2<\/a><\/p>\n<p>&mdash; Gabriel Elizondo (@elizondogabriel) <a href=\"https:\/\/twitter.com\/elizondogabriel\/status\/1717947929816646064?ref_src=twsrc%5Etfw\">October 27, 2023<\/a><\/p><\/blockquote>\n<p><script async src=\"https:\/\/platform.twitter.com\/widgets.js\" charset=\"utf-8\"><\/script><\/p>\n<blockquote><p>\u00ab Avec cet apparent blackout digital \u00e0 Gaza, certains Palestiniens qui sont encore parvenus \u00e0 communiquer avec le monde ext\u00e9rieur ont expliqu\u00e9 que la crainte et la panique se r\u00e9pandaient \u00e0 propos de ce que l\u2019arm\u00e9e isra\u00e9lienne pourrait bien planifier avec l\u2019intensification de ses frappes a\u00e9riennes \u00bb,<\/p><\/blockquote>\n<p>a rapport\u00e9 <em>The New York Times<\/em>.<\/p>\n<p style=\"text-align: center;\">*****<\/p>\n<div class=\"wp-block-image\">\n<figure class=\"alignleft\"><img loading=\"lazy\" decoding=\"async\" class=\"wp-image-2800\" src=\"https:\/\/charleroi-pourlapalestine.be\/wp-content\/uploads\/2020\/01\/Ali-Abunimah-Copy-150x150.jpg\" sizes=\"auto, (max-width: 150px) 100vw, 150px\" srcset=\"https:\/\/charleroi-pourlapalestine.be\/wp-content\/uploads\/2020\/01\/Ali-Abunimah-Copy-150x150.jpg 150w, https:\/\/charleroi-pourlapalestine.be\/wp-content\/uploads\/2020\/01\/Ali-Abunimah-Copy-160x160.jpg 160w\" alt=\"\" width=\"150\" height=\"150\"><\/figure>\n<\/div>\n<p><strong>Ali Abunimah,<\/strong> cofondateur et directeur ex\u00e9cutif de <a href=\"https:\/\/electronicintifada.net\/blogs\/ali-abunimah\/israel-arrests-bds-coordinator-night-raid\" target=\"_blank\" rel=\"noopener noreferrer\"><em>The Electronic Intifada<\/em><\/a>, est l\u2019auteur de <em>The Battle for Justice in Palestine<\/em>, paru chez Haymarket Books.<\/p>\n<div class=\"pf-content\">\n<p>Il a aussi \u00e9crit : <em>One Country : A Bold Proposal to end the Israeli-Palestinian Impasse<\/em><\/p>\n<p style=\"text-align: center;\">&nbsp;*****<\/p>\n<p>Publi\u00e9 le 27 octobre 2023 sur <a href=\"https:\/\/electronicintifada.net\/blogs\/ali-abunimah\/gaza-communications-blackout-israel-intensifies-attack\" target=\"_blank\" rel=\"noopener\"><strong>The Electro<\/strong><strong>n<\/strong><strong>ic<\/strong><strong>Intifada<\/strong><\/a><br \/>\nTraduction : Jean-Marie Fl\u00e9mal, <strong><a href=\"http:\/\/www.pourlapalestine.be\/\">Charleroi pour la Palestine<\/a><\/strong><\/p>\n<\/div>\n<p>&nbsp;<\/p>\n<p><strong>NDLR : Afin de pouvoir lire les \u201ctweets\u201d et vid\u00e9os repris dans l\u2019article, ouvrez un compte Twitter (X).<\/strong><\/p>\n","protected":false},"excerpt":{"rendered":"<p>La Soci\u00e9t\u00e9 du Croissant-Rouge de Palestine a d\u00e9clar\u00e9 qu\u2019elle avait perdu le contact de toutes ses \u00e9quipes, vu le blackout total des communications \u00e0 Gaza<\/p>\n","protected":false},"author":1,"featured_media":0,"comment_status":"closed","ping_status":"closed","sticky":false,"template":"","format":"standard","meta":{"ngg_post_thumbnail":0,"footnotes":""},"categories":[40,6,344],"tags":[],"class_list":["post-62044","post","type-post","status-publish","format-standard","hentry","category-les-crimes-de-guerre","category-gaza","category-genocide"],"yoast_head":"<!-- This site is optimized with the Yoast SEO plugin v27.3 - https:\/\/yoast.com\/product\/yoast-seo-wordpress\/ -->\n<title>Blackout des communications \u00e0 Gaza au moment o\u00f9 Isra\u00ebl intensifie son agression<\/title>\n<meta name=\"description\" content=\"Le 27, la Soci\u00e9t\u00e9 du Croissant-Rouge de Palestine a d\u00e9clar\u00e9 qu\u2019elle avait perdu le contact de toutes ses \u00e9quipes \u00e0 Gaza\" \/>\n<meta name=\"robots\" content=\"index, follow, max-snippet:-1, max-image-preview:large, max-video-preview:-1\" \/>\n<link rel=\"canonical\" href=\"https:\/\/charleroi-pourlapalestine.be\/index.php\/2023\/10\/27\/blackout-des-communications-a-gaza-au-moment-ou-israel-intensifie-son-agression\/\" \/>\n<script type=\"application\/ld+json\" class=\"yoast-schema-graph\">{\"@context\":\"https:\\\/\\\/schema.org\",\"@graph\":[{\"@type\":\"Article\",\"@id\":\"https:\\\/\\\/charleroi-pourlapalestine.be\\\/index.php\\\/2023\\\/10\\\/27\\\/blackout-des-communications-a-gaza-au-moment-ou-israel-intensifie-son-agression\\\/#article\",\"isPartOf\":{\"@id\":\"https:\\\/\\\/charleroi-pourlapalestine.be\\\/index.php\\\/2023\\\/10\\\/27\\\/blackout-des-communications-a-gaza-au-moment-ou-israel-intensifie-son-agression\\\/\"},\"author\":{\"name\":\"admin1873\",\"@id\":\"https:\\\/\\\/charleroi-pourlapalestine.be\\\/#\\\/schema\\\/person\\\/c19ff515112f1299d8c12671d8fe3faa\"},\"headline\":\"Blackout des communications \u00e0 Gaza au moment o\u00f9 Isra\u00ebl intensifie son agression\",\"datePublished\":\"2023-10-27T20:20:45+00:00\",\"dateModified\":\"2023-10-27T20:23:52+00:00\",\"mainEntityOfPage\":{\"@id\":\"https:\\\/\\\/charleroi-pourlapalestine.be\\\/index.php\\\/2023\\\/10\\\/27\\\/blackout-des-communications-a-gaza-au-moment-ou-israel-intensifie-son-agression\\\/\"},\"wordCount\":851,\"publisher\":{\"@id\":\"https:\\\/\\\/charleroi-pourlapalestine.be\\\/#organization\"},\"image\":{\"@id\":\"https:\\\/\\\/charleroi-pourlapalestine.be\\\/index.php\\\/2023\\\/10\\\/27\\\/blackout-des-communications-a-gaza-au-moment-ou-israel-intensifie-son-agression\\\/#primaryimage\"},\"thumbnailUrl\":\"https:\\\/\\\/charleroi-pourlapalestine.be\\\/wp-content\\\/uploads\\\/2023\\\/10\\\/Gaza-25-octobre.jpg\",\"articleSection\":[\"Crimes de guerre\",\"Gaza\",\"G\u00e9nocide\"],\"inLanguage\":\"fr-FR\"},{\"@type\":\"WebPage\",\"@id\":\"https:\\\/\\\/charleroi-pourlapalestine.be\\\/index.php\\\/2023\\\/10\\\/27\\\/blackout-des-communications-a-gaza-au-moment-ou-israel-intensifie-son-agression\\\/\",\"url\":\"https:\\\/\\\/charleroi-pourlapalestine.be\\\/index.php\\\/2023\\\/10\\\/27\\\/blackout-des-communications-a-gaza-au-moment-ou-israel-intensifie-son-agression\\\/\",\"name\":\"Blackout des communications \u00e0 Gaza au moment o\u00f9 Isra\u00ebl intensifie son agression\",\"isPartOf\":{\"@id\":\"https:\\\/\\\/charleroi-pourlapalestine.be\\\/#website\"},\"primaryImageOfPage\":{\"@id\":\"https:\\\/\\\/charleroi-pourlapalestine.be\\\/index.php\\\/2023\\\/10\\\/27\\\/blackout-des-communications-a-gaza-au-moment-ou-israel-intensifie-son-agression\\\/#primaryimage\"},\"image\":{\"@id\":\"https:\\\/\\\/charleroi-pourlapalestine.be\\\/index.php\\\/2023\\\/10\\\/27\\\/blackout-des-communications-a-gaza-au-moment-ou-israel-intensifie-son-agression\\\/#primaryimage\"},\"thumbnailUrl\":\"https:\\\/\\\/charleroi-pourlapalestine.be\\\/wp-content\\\/uploads\\\/2023\\\/10\\\/Gaza-25-octobre.jpg\",\"datePublished\":\"2023-10-27T20:20:45+00:00\",\"dateModified\":\"2023-10-27T20:23:52+00:00\",\"description\":\"Le 27, la Soci\u00e9t\u00e9 du Croissant-Rouge de Palestine a d\u00e9clar\u00e9 qu\u2019elle avait perdu le contact de toutes ses \u00e9quipes \u00e0 Gaza\",\"breadcrumb\":{\"@id\":\"https:\\\/\\\/charleroi-pourlapalestine.be\\\/index.php\\\/2023\\\/10\\\/27\\\/blackout-des-communications-a-gaza-au-moment-ou-israel-intensifie-son-agression\\\/#breadcrumb\"},\"inLanguage\":\"fr-FR\",\"potentialAction\":[{\"@type\":\"ReadAction\",\"target\":[\"https:\\\/\\\/charleroi-pourlapalestine.be\\\/index.php\\\/2023\\\/10\\\/27\\\/blackout-des-communications-a-gaza-au-moment-ou-israel-intensifie-son-agression\\\/\"]}]},{\"@type\":\"ImageObject\",\"inLanguage\":\"fr-FR\",\"@id\":\"https:\\\/\\\/charleroi-pourlapalestine.be\\\/index.php\\\/2023\\\/10\\\/27\\\/blackout-des-communications-a-gaza-au-moment-ou-israel-intensifie-son-agression\\\/#primaryimage\",\"url\":\"\",\"contentUrl\":\"\"},{\"@type\":\"BreadcrumbList\",\"@id\":\"https:\\\/\\\/charleroi-pourlapalestine.be\\\/index.php\\\/2023\\\/10\\\/27\\\/blackout-des-communications-a-gaza-au-moment-ou-israel-intensifie-son-agression\\\/#breadcrumb\",\"itemListElement\":[{\"@type\":\"ListItem\",\"position\":1,\"name\":\"Accueil\",\"item\":\"https:\\\/\\\/charleroi-pourlapalestine.be\\\/\"},{\"@type\":\"ListItem\",\"position\":2,\"name\":\"Blackout des communications \u00e0 Gaza au moment o\u00f9 Isra\u00ebl intensifie son agression\"}]},{\"@type\":\"WebSite\",\"@id\":\"https:\\\/\\\/charleroi-pourlapalestine.be\\\/#website\",\"url\":\"https:\\\/\\\/charleroi-pourlapalestine.be\\\/\",\"name\":\"Charleroi Pour la Palestine\",\"description\":\"\",\"publisher\":{\"@id\":\"https:\\\/\\\/charleroi-pourlapalestine.be\\\/#organization\"},\"potentialAction\":[{\"@type\":\"SearchAction\",\"target\":{\"@type\":\"EntryPoint\",\"urlTemplate\":\"https:\\\/\\\/charleroi-pourlapalestine.be\\\/?s={search_term_string}\"},\"query-input\":{\"@type\":\"PropertyValueSpecification\",\"valueRequired\":true,\"valueName\":\"search_term_string\"}}],\"inLanguage\":\"fr-FR\"},{\"@type\":\"Organization\",\"@id\":\"https:\\\/\\\/charleroi-pourlapalestine.be\\\/#organization\",\"name\":\"Plate-forme Charleroi-Palestine\",\"url\":\"https:\\\/\\\/charleroi-pourlapalestine.be\\\/\",\"logo\":{\"@type\":\"ImageObject\",\"inLanguage\":\"fr-FR\",\"@id\":\"https:\\\/\\\/charleroi-pourlapalestine.be\\\/#\\\/schema\\\/logo\\\/image\\\/\",\"url\":\"https:\\\/\\\/charleroi-pourlapalestine.be\\\/wp-content\\\/uploads\\\/2020\\\/01\\\/logo-Copy.jpg\",\"contentUrl\":\"https:\\\/\\\/charleroi-pourlapalestine.be\\\/wp-content\\\/uploads\\\/2020\\\/01\\\/logo-Copy.jpg\",\"width\":180,\"height\":180,\"caption\":\"Plate-forme Charleroi-Palestine\"},\"image\":{\"@id\":\"https:\\\/\\\/charleroi-pourlapalestine.be\\\/#\\\/schema\\\/logo\\\/image\\\/\"},\"sameAs\":[\"https:\\\/\\\/www.facebook.com\\\/PlateformeCharleroiPalestine\\\/\",\"https:\\\/\\\/x.com\\\/LaCharleroi\"]},{\"@type\":\"Person\",\"@id\":\"https:\\\/\\\/charleroi-pourlapalestine.be\\\/#\\\/schema\\\/person\\\/c19ff515112f1299d8c12671d8fe3faa\",\"name\":\"admin1873\",\"url\":\"https:\\\/\\\/charleroi-pourlapalestine.be\\\/index.php\\\/author\\\/admin1873\\\/\"}]}<\/script>\n<!-- \/ Yoast SEO plugin. -->","yoast_head_json":{"title":"Blackout des communications \u00e0 Gaza au moment o\u00f9 Isra\u00ebl intensifie son agression","description":"Le 27, la Soci\u00e9t\u00e9 du Croissant-Rouge de Palestine a d\u00e9clar\u00e9 qu\u2019elle avait perdu le contact de toutes ses \u00e9quipes \u00e0 Gaza","robots":{"index":"index","follow":"follow","max-snippet":"max-snippet:-1","max-image-preview":"max-image-preview:large","max-video-preview":"max-video-preview:-1"},"canonical":"https:\/\/charleroi-pourlapalestine.be\/index.php\/2023\/10\/27\/blackout-des-communications-a-gaza-au-moment-ou-israel-intensifie-son-agression\/","schema":{"@context":"https:\/\/schema.org","@graph":[{"@type":"Article","@id":"https:\/\/charleroi-pourlapalestine.be\/index.php\/2023\/10\/27\/blackout-des-communications-a-gaza-au-moment-ou-israel-intensifie-son-agression\/#article","isPartOf":{"@id":"https:\/\/charleroi-pourlapalestine.be\/index.php\/2023\/10\/27\/blackout-des-communications-a-gaza-au-moment-ou-israel-intensifie-son-agression\/"},"author":{"name":"admin1873","@id":"https:\/\/charleroi-pourlapalestine.be\/#\/schema\/person\/c19ff515112f1299d8c12671d8fe3faa"},"headline":"Blackout des communications \u00e0 Gaza au moment o\u00f9 Isra\u00ebl intensifie son agression","datePublished":"2023-10-27T20:20:45+00:00","dateModified":"2023-10-27T20:23:52+00:00","mainEntityOfPage":{"@id":"https:\/\/charleroi-pourlapalestine.be\/index.php\/2023\/10\/27\/blackout-des-communications-a-gaza-au-moment-ou-israel-intensifie-son-agression\/"},"wordCount":851,"publisher":{"@id":"https:\/\/charleroi-pourlapalestine.be\/#organization"},"image":{"@id":"https:\/\/charleroi-pourlapalestine.be\/index.php\/2023\/10\/27\/blackout-des-communications-a-gaza-au-moment-ou-israel-intensifie-son-agression\/#primaryimage"},"thumbnailUrl":"https:\/\/charleroi-pourlapalestine.be\/wp-content\/uploads\/2023\/10\/Gaza-25-octobre.jpg","articleSection":["Crimes de guerre","Gaza","G\u00e9nocide"],"inLanguage":"fr-FR"},{"@type":"WebPage","@id":"https:\/\/charleroi-pourlapalestine.be\/index.php\/2023\/10\/27\/blackout-des-communications-a-gaza-au-moment-ou-israel-intensifie-son-agression\/","url":"https:\/\/charleroi-pourlapalestine.be\/index.php\/2023\/10\/27\/blackout-des-communications-a-gaza-au-moment-ou-israel-intensifie-son-agression\/","name":"Blackout des communications \u00e0 Gaza au moment o\u00f9 Isra\u00ebl intensifie son agression","isPartOf":{"@id":"https:\/\/charleroi-pourlapalestine.be\/#website"},"primaryImageOfPage":{"@id":"https:\/\/charleroi-pourlapalestine.be\/index.php\/2023\/10\/27\/blackout-des-communications-a-gaza-au-moment-ou-israel-intensifie-son-agression\/#primaryimage"},"image":{"@id":"https:\/\/charleroi-pourlapalestine.be\/index.php\/2023\/10\/27\/blackout-des-communications-a-gaza-au-moment-ou-israel-intensifie-son-agression\/#primaryimage"},"thumbnailUrl":"https:\/\/charleroi-pourlapalestine.be\/wp-content\/uploads\/2023\/10\/Gaza-25-octobre.jpg","datePublished":"2023-10-27T20:20:45+00:00","dateModified":"2023-10-27T20:23:52+00:00","description":"Le 27, la Soci\u00e9t\u00e9 du Croissant-Rouge de Palestine a d\u00e9clar\u00e9 qu\u2019elle avait perdu le contact de toutes ses \u00e9quipes \u00e0 Gaza","breadcrumb":{"@id":"https:\/\/charleroi-pourlapalestine.be\/index.php\/2023\/10\/27\/blackout-des-communications-a-gaza-au-moment-ou-israel-intensifie-son-agression\/#breadcrumb"},"inLanguage":"fr-FR","potentialAction":[{"@type":"ReadAction","target":["https:\/\/charleroi-pourlapalestine.be\/index.php\/2023\/10\/27\/blackout-des-communications-a-gaza-au-moment-ou-israel-intensifie-son-agression\/"]}]},{"@type":"ImageObject","inLanguage":"fr-FR","@id":"https:\/\/charleroi-pourlapalestine.be\/index.php\/2023\/10\/27\/blackout-des-communications-a-gaza-au-moment-ou-israel-intensifie-son-agression\/#primaryimage","url":"","contentUrl":""},{"@type":"BreadcrumbList","@id":"https:\/\/charleroi-pourlapalestine.be\/index.php\/2023\/10\/27\/blackout-des-communications-a-gaza-au-moment-ou-israel-intensifie-son-agression\/#breadcrumb","itemListElement":[{"@type":"ListItem","position":1,"name":"Accueil","item":"https:\/\/charleroi-pourlapalestine.be\/"},{"@type":"ListItem","position":2,"name":"Blackout des communications \u00e0 Gaza au moment o\u00f9 Isra\u00ebl intensifie son agression"}]},{"@type":"WebSite","@id":"https:\/\/charleroi-pourlapalestine.be\/#website","url":"https:\/\/charleroi-pourlapalestine.be\/","name":"Charleroi Pour la Palestine","description":"","publisher":{"@id":"https:\/\/charleroi-pourlapalestine.be\/#organization"},"potentialAction":[{"@type":"SearchAction","target":{"@type":"EntryPoint","urlTemplate":"https:\/\/charleroi-pourlapalestine.be\/?s={search_term_string}"},"query-input":{"@type":"PropertyValueSpecification","valueRequired":true,"valueName":"search_term_string"}}],"inLanguage":"fr-FR"},{"@type":"Organization","@id":"https:\/\/charleroi-pourlapalestine.be\/#organization","name":"Plate-forme Charleroi-Palestine","url":"https:\/\/charleroi-pourlapalestine.be\/","logo":{"@type":"ImageObject","inLanguage":"fr-FR","@id":"https:\/\/charleroi-pourlapalestine.be\/#\/schema\/logo\/image\/","url":"https:\/\/charleroi-pourlapalestine.be\/wp-content\/uploads\/2020\/01\/logo-Copy.jpg","contentUrl":"https:\/\/charleroi-pourlapalestine.be\/wp-content\/uploads\/2020\/01\/logo-Copy.jpg","width":180,"height":180,"caption":"Plate-forme Charleroi-Palestine"},"image":{"@id":"https:\/\/charleroi-pourlapalestine.be\/#\/schema\/logo\/image\/"},"sameAs":["https:\/\/www.facebook.com\/PlateformeCharleroiPalestine\/","https:\/\/x.com\/LaCharleroi"]},{"@type":"Person","@id":"https:\/\/charleroi-pourlapalestine.be\/#\/schema\/person\/c19ff515112f1299d8c12671d8fe3faa","name":"admin1873","url":"https:\/\/charleroi-pourlapalestine.be\/index.php\/author\/admin1873\/"}]}},"_links":{"self":[{"href":"https:\/\/charleroi-pourlapalestine.be\/index.php\/wp-json\/wp\/v2\/posts\/62044","targetHints":{"allow":["GET"]}}],"collection":[{"href":"https:\/\/charleroi-pourlapalestine.be\/index.php\/wp-json\/wp\/v2\/posts"}],"about":[{"href":"https:\/\/charleroi-pourlapalestine.be\/index.php\/wp-json\/wp\/v2\/types\/post"}],"author":[{"embeddable":true,"href":"https:\/\/charleroi-pourlapalestine.be\/index.php\/wp-json\/wp\/v2\/users\/1"}],"replies":[{"embeddable":true,"href":"https:\/\/charleroi-pourlapalestine.be\/index.php\/wp-json\/wp\/v2\/comments?post=62044"}],"version-history":[{"count":0,"href":"https:\/\/charleroi-pourlapalestine.be\/index.php\/wp-json\/wp\/v2\/posts\/62044\/revisions"}],"wp:attachment":[{"href":"https:\/\/charleroi-pourlapalestine.be\/index.php\/wp-json\/wp\/v2\/media?parent=62044"}],"wp:term":[{"taxonomy":"category","embeddable":true,"href":"https:\/\/charleroi-pourlapalestine.be\/index.php\/wp-json\/wp\/v2\/categories?post=62044"},{"taxonomy":"post_tag","embeddable":true,"href":"https:\/\/charleroi-pourlapalestine.be\/index.php\/wp-json\/wp\/v2\/tags?post=62044"}],"curies":[{"name":"wp","href":"https:\/\/api.w.org\/{rel}","templated":true}]}}