{"id":62475,"date":"2023-11-10T12:12:24","date_gmt":"2023-11-10T11:12:24","guid":{"rendered":"https:\/\/charleroi-pourlapalestine.be\/?p=62475"},"modified":"2023-11-10T12:12:28","modified_gmt":"2023-11-10T11:12:28","slug":"le-gouvernement-allemand-interdit-et-dissout-le-reseau-international-samidoun","status":"publish","type":"post","link":"https:\/\/charleroi-pourlapalestine.be\/index.php\/2023\/11\/10\/le-gouvernement-allemand-interdit-et-dissout-le-reseau-international-samidoun\/","title":{"rendered":"Le gouvernement allemand interdit et dissout le r\u00e9seau international Samidoun"},"content":{"rendered":"<p>Jeudi 2 novembre, la ministre allemande de l\u2019int\u00e9rieur Nancy Faeser (connue auparavant pour ses multiples campagnes de propagande anti-arabe) a annonc\u00e9 l\u2019interdiction de Samidoun.<\/p>\n<p>&nbsp;<\/p>\n<div id=\"attachment_62477\" style=\"width: 917px\" class=\"wp-caption aligncenter\"><img loading=\"lazy\" decoding=\"async\" aria-describedby=\"caption-attachment-62477\" class=\"wp-image-62477 size-full\" src=\"https:\/\/charleroi-pourlapalestine.be\/wp-content\/uploads\/2023\/11\/LAllemagne-interdit-Samidoun-.png\" alt=\"Soutien \u00e0 Samidoun Allemagne lors d'une manifestation \u00e0 Madrid\" width=\"907\" height=\"676\"><p id=\"caption-attachment-62477\" class=\"wp-caption-text\"><strong>Soutien \u00e0 Samidoun Allemagne lors d&rsquo;une manifestation \u00e0 Madrid<\/strong><\/p><\/div>\n<p>&nbsp;<\/p>\n<p><a href=\"https:\/\/charleroi-pourlapalestine.be\/index.php\/tag\/samidoun\/\" target=\"_blank\" rel=\"noopener\"><strong>Samidoun<\/strong><\/a>, 3 novembre 2023<\/p>\n<p><strong>L\u2019interdiction de Samidoun par les autorit\u00e9s allemandes est une participation active au g\u00e9nocide en cours \u00e0 Gaza.<\/strong> L\u2019objectif d\u2019une telle interdiction est de r\u00e9primer la dissidence avec toute la force de l\u2019\u00c9tat. Elle va de pair avec l\u2019interdiction de manifester, l\u2019agression par la police de personnes dans la rue pour avoir port\u00e9 un keffieh ou un drapeau palestinien, l\u2019interdiction de dire <em>\u201cDu fleuve \u00e0 la mer, la Palestine sera libre\u201d<\/em>, l\u2019imposition d\u2019interdictions politiques, les efforts visant \u00e0 expulser les militants ou \u00e0 leur retirer leur permis de s\u00e9jour.<\/p>\n<p><strong>Il s\u2019agit l\u00e0 d\u2019une complicit\u00e9 et d\u2019une participation au g\u00e9nocide<\/strong>. \u00c0 l\u2019heure o\u00f9 nous \u00e9crivons, les forces d\u2019occupation isra\u00e9liennes viennent de perp\u00e9trer un nouveau massacre dans le camp de r\u00e9fugi\u00e9s d\u2019<strong>al-Bureij,<\/strong> au centre de Gaza, en bombardant 30 maisons dans un camp tr\u00e8s peupl\u00e9. L\u2019\u00c9tat allemand et le minist\u00e8re de l\u2019Int\u00e9rieur choisissent de soutenir ces attaques en menant une campagne de terreur et de r\u00e9pression contre ceux qui osent s\u2019\u00e9lever contre ces crimes continus, qui veulent mobiliser les gens pour mettre fin \u00e0 la destruction, \u00e0 la guerre, \u00e0 l\u2019occupation et au colonialisme.<\/p>\n<p><strong>L\u2019\u00c9tat allemand et toutes les puissances imp\u00e9rialistes, \u00e0 l\u2019instar du pr\u00e9sident am\u00e9ricain Biden, sont partenaires<\/strong> non seulement de la diffamation et de la d\u00e9shumanisation du peuple palestinien, mais aussi des crimes de guerre meurtriers et des crimes contre l\u2019humanit\u00e9 perp\u00e9tr\u00e9s par le r\u00e9gime d\u2019occupation. <strong>La complicit\u00e9 dans un g\u00e9nocide<\/strong> est ill\u00e9gale en vertu du droit international, tout comme la pers\u00e9cution d\u2019organisations parce qu\u2019elles s\u2019opposent \u00e0 l\u2019apartheid, et nous sommes d\u00e9termin\u00e9s \u00e0 demander des comptes \u00e0 l\u2019Allemagne pour ses crimes contre Samidoun, mais aussi contre le peuple palestinien dans son ensemble.<\/p>\n<p><strong>Cette attaque devrait inqui\u00e9ter s\u00e9rieusement tous ceux qui m\u00e8nent un travail politique, en particulier pour la lib\u00e9ration de la Palestine.<\/strong> Elle vise \u00e0 introduire une norme selon laquelle les organisations peuvent \u00eatre interdites pour avoir organis\u00e9 des manifestations, des conf\u00e9rences, publi\u00e9 des affiches et s\u2019\u00eatre engag\u00e9es dans un travail public et politique qui remet en question l\u2019\u00c9tat allemand et sa complicit\u00e9 dans les crimes de guerre isra\u00e9liens, les crimes contre l\u2019humanit\u00e9 et le g\u00e9nocide en cours \u00e0 Gaza. Cette mesure intervient \u00e0 un moment o\u00f9 plus de personnes que jamais s\u2019expriment en faveur de la justice et de la lib\u00e9ration de la Palestine et se veut une attaque contre le mouvement dans son ensemble.<\/p>\n<p><strong>S\u2019il est possible d\u2019interdire Samidoun, alors il est possible d\u2019interdire toute organisation ou groupe politique en Allemagne qui conteste la politique de l\u2019\u00c9tat allemand et son r\u00f4le imp\u00e9rialiste<\/strong>. Cette action va de pair avec le r\u00e9approvisionnement continu des \u00c9tats-Unis en bombes destin\u00e9es au peuple palestinien de Gaza. Elle vise \u00e0 soutenir l\u2019effort de guerre isra\u00e9lien en privant le peuple palestinien d\u2019un soutien populaire dans les rues.<\/p>\n<p><strong>Il s\u2019agit \u00e9galement d\u2019une attaque raciste contre la communaut\u00e9 palestinienne et arabe<\/strong>. En Allemagne, Samidoun est dirig\u00e9 par de <strong>jeunes r\u00e9fugi\u00e9s palestiniens,<\/strong> et les m\u00e9dias allemands se sont engag\u00e9s dans une campagne de diffamation ouvertement raciste destin\u00e9e \u00e0 inciter les forces les plus racistes et les plus fascistes du pays \u00e0 s\u2019en prendre \u00e0 la communaut\u00e9 palestinienne, qui est la plus importante d\u2019Europe. La police berlinoise s\u2019est engag\u00e9e dans un assaut permanent, cibl\u00e9 et offensif contre les quartiers et les communaut\u00e9s arabes. Les militants de Samidoun ont fait l\u2019objet d\u2019une r\u00e9pression s\u00e9v\u00e8re, <strong>Zaid Abdulnasser<\/strong> ayant \u00e9t\u00e9 menac\u00e9 de se voir retirer son titre de s\u00e9jour et <strong>Musaab Abu Atta<\/strong> ayant fait l\u2019objet d\u2019une interdiction politique. D\u2019autres militants ont \u00e9t\u00e9 menac\u00e9s d\u2019expulsion pour avoir simplement particip\u00e9 \u00e0 des manifestations et \u00e0 des \u00e9v\u00e9nements. Cette interdiction vise \u00e0 maintenir les communaut\u00e9s dans le silence par la terreur et la peur, \u00e0 r\u00e9primer la voix de la jeunesse et \u00e0 renforcer les forces les plus racistes et les plus fascistes contre le peuple palestinien, tant en Allemagne qu\u2019en Palestine.<\/p>\n<p><strong>L\u2019attaque contre Samidoun fait partie int\u00e9grante de l\u2019attaque contre le peuple palestinien dans son ensemble.<\/strong> Elle refl\u00e8te les int\u00e9r\u00eats imp\u00e9rialistes de l\u2019\u00c9tat allemand. Loin d\u2019exprimer un sentiment de culpabilit\u00e9 ou de responsabilit\u00e9 pour les crimes nazis et le g\u00e9nocide, cette action t\u00e9moigne de l\u2019engagement agressif de l\u2019\u00c9tat allemand \u00e0 promouvoir le racisme, la r\u00e9pression et les crimes de guerre. Nous devons \u00eatre clairs : l\u2019Allemagne n\u2019a aucune l\u00e9gitimit\u00e9 ou autorit\u00e9 pour parler des droits de l\u2019homme, des libert\u00e9s ou de la d\u00e9mocratie. Elle s\u2019emploie \u00e0 priver de toutes ces choses quiconque s\u2019\u00e9l\u00e8ve contre le g\u00e9nocide et le colonialisme en Palestine.<\/p>\n<p><strong>Samidoun a \u00e9galement \u00e9t\u00e9 particuli\u00e8rement vis\u00e9 parce que nous d\u00e9fendons les prisonniers palestiniens<\/strong>, en premi\u00e8re ligne de la lutte, confront\u00e9s \u00e0 la r\u00e9pression, et que nous exprimons notre solidarit\u00e9 et la l\u00e9gitimit\u00e9 de la r\u00e9sistance palestinienne. Alors que l\u2019Allemagne r\u00e9prime la communaut\u00e9 palestinienne et interdit Samidoun, ses antennes officielles \u00e0 l\u2019\u00e9tranger ont souvent cherch\u00e9 \u00e0 influencer et \u00e0 orienter la politique palestinienne par le biais de financements conditionnels et d\u2019entreprises coloniales similaires. Par cette interdiction, l\u2019\u00c9tat allemand souhaite non seulement soutenir le g\u00e9nocide, mais aussi <strong>criminaliser la r\u00e9sistance<\/strong>, m\u00eame verbale, \u00e0 ce g\u00e9nocide. <strong>Le peuple palestinien, comme tous les peuples colonis\u00e9s et opprim\u00e9s, a le droit de r\u00e9sister pour se lib\u00e9rer et lib\u00e9rer sa terre du colonialisme et de l\u2019occupation, du fleuve \u00e0 la mer<\/strong>. Ceux qui r\u00e9sistent \u00e0 l\u2019occupation et \u00e0 l\u2019oppression \u2014 la r\u00e9sistance palestinienne \u2014 ne sont pas seulement les h\u00e9ros du peuple palestinien, ils sont les d\u00e9fenseurs de l\u2019humanit\u00e9 toute enti\u00e8re.<\/p>\n<p>En ce moment, nous exhortons tous les militants et sympathisants de la Palestine, et tous ceux qui sont attach\u00e9s \u00e0 la libert\u00e9 et \u00e0 la justice, <strong>\u00e0 s\u2019\u00e9lever contre le g\u00e9nocide \u00e0 Gaza, \u00e0 s\u2019\u00e9lever contre l\u2019interdiction de Samidoun et \u00e0 affirmer haut et fort que la Palestine sera libre du fleuve \u00e0 la mer<\/strong>,<strong> et que les Palestiniens ont le droit de r\u00e9sister \u00e0 l\u2019occupation et \u00e0 l\u2019oppression<\/strong>. Par cette action, par les demandes r\u00e9p\u00e9t\u00e9es de la police \u00e0 l\u2019encontre des organisateurs de la manifestation, l\u2019\u00c9tat allemand veut r\u00e9primer ces v\u00e9rit\u00e9s et cette r\u00e9alit\u00e9. Il veut s\u2019assurer notre silence et m\u00eame notre complicit\u00e9, et nous ne le lui permettrons pas.<\/p>\n<p>Nous r\u00e9it\u00e9rons nos propos lors de l\u2019annonce par le chancelier allemand Olaf Scholz de la demande d\u2019interdiction de Samidoun : <strong>En arabe, le mot <em>\u201cSamidoun\u201d<\/em> signifie<em> \u201cceux qui sont in\u00e9branlables\u201d<\/em>.<\/strong> Nous utilisons ce nom pour d\u00e9signer les prisonniers palestiniens qui restent derri\u00e8re les barreaux et luttent pour leur libert\u00e9. <strong>Aujourd\u2019hui, nous affirmons que nous resterons in\u00e9branlables et engag\u00e9s aux c\u00f4t\u00e9s du peuple palestinien jusqu\u2019\u00e0 la victoire, le retour et la lib\u00e9ration.<\/strong><\/p>\n<p style=\"text-align: center;\">*****<\/p>\n<p>Publi\u00e9 le 3 novembre 2023 sur<a href=\"https:\/\/samidoun.net\/fr\/2023\/11\/le-gouvernement-allemand-interdit-et-dissout-le-reseau-international-samidoun\/\" target=\"_blank\" rel=\"noopener\"><strong> Samidoun<\/strong><\/a><\/p>\n","protected":false},"excerpt":{"rendered":"<p>\u201cSamidoun\u201d signifie \u201cceux qui sont in\u00e9branlables\u201d. Aujourd\u2019hui, nous affirmons que nous resterons in\u00e9branlables et engag\u00e9s aux c\u00f4t\u00e9s du peuple palestinien jusqu\u2019\u00e0 la victoire, le retour et la lib\u00e9ration.<\/p>\n","protected":false},"author":1,"featured_media":0,"comment_status":"closed","ping_status":"closed","sticky":false,"template":"","format":"standard","meta":{"ngg_post_thumbnail":0,"footnotes":""},"categories":[329,454,6,344,87,13,866],"tags":[],"class_list":["post-62475","post","type-post","status-publish","format-standard","hentry","category-allemagne","category-criminalisation","category-gaza","category-genocide","category-liberte-dexpression","category-les-prisionners-palestiniens","category-samidoun"],"yoast_head":"<!-- This site is optimized with the Yoast SEO plugin v27.3 - https:\/\/yoast.com\/product\/yoast-seo-wordpress\/ -->\n<title>Le gouvernement allemand interdit et dissout le r\u00e9seau international Samidoun<\/title>\n<meta name=\"description\" content=\"S\u2019il est possible d\u2019interdire Samidoun alors il est possible d\u2019interdire toute organisation qui conteste la politique de l\u2019\u00c9tat allemand\" \/>\n<meta name=\"robots\" content=\"index, follow, max-snippet:-1, max-image-preview:large, max-video-preview:-1\" \/>\n<link rel=\"canonical\" href=\"https:\/\/charleroi-pourlapalestine.be\/index.php\/2023\/11\/10\/le-gouvernement-allemand-interdit-et-dissout-le-reseau-international-samidoun\/\" \/>\n<script type=\"application\/ld+json\" class=\"yoast-schema-graph\">{\"@context\":\"https:\\\/\\\/schema.org\",\"@graph\":[{\"@type\":\"Article\",\"@id\":\"https:\\\/\\\/charleroi-pourlapalestine.be\\\/index.php\\\/2023\\\/11\\\/10\\\/le-gouvernement-allemand-interdit-et-dissout-le-reseau-international-samidoun\\\/#article\",\"isPartOf\":{\"@id\":\"https:\\\/\\\/charleroi-pourlapalestine.be\\\/index.php\\\/2023\\\/11\\\/10\\\/le-gouvernement-allemand-interdit-et-dissout-le-reseau-international-samidoun\\\/\"},\"author\":{\"name\":\"admin1873\",\"@id\":\"https:\\\/\\\/charleroi-pourlapalestine.be\\\/#\\\/schema\\\/person\\\/c19ff515112f1299d8c12671d8fe3faa\"},\"headline\":\"Le gouvernement allemand interdit et dissout le r\u00e9seau international Samidoun\",\"datePublished\":\"2023-11-10T11:12:24+00:00\",\"dateModified\":\"2023-11-10T11:12:28+00:00\",\"mainEntityOfPage\":{\"@id\":\"https:\\\/\\\/charleroi-pourlapalestine.be\\\/index.php\\\/2023\\\/11\\\/10\\\/le-gouvernement-allemand-interdit-et-dissout-le-reseau-international-samidoun\\\/\"},\"wordCount\":1266,\"publisher\":{\"@id\":\"https:\\\/\\\/charleroi-pourlapalestine.be\\\/#organization\"},\"image\":{\"@id\":\"https:\\\/\\\/charleroi-pourlapalestine.be\\\/index.php\\\/2023\\\/11\\\/10\\\/le-gouvernement-allemand-interdit-et-dissout-le-reseau-international-samidoun\\\/#primaryimage\"},\"thumbnailUrl\":\"https:\\\/\\\/charleroi-pourlapalestine.be\\\/wp-content\\\/uploads\\\/2023\\\/11\\\/LAllemagne-interdit-Samidoun-.png\",\"articleSection\":[\"Allemagne\",\"criminalisation\",\"Gaza\",\"G\u00e9nocide\",\"Libert\u00e9 d'expression\",\"Prisonniers\",\"Samidoun\"],\"inLanguage\":\"fr-FR\"},{\"@type\":\"WebPage\",\"@id\":\"https:\\\/\\\/charleroi-pourlapalestine.be\\\/index.php\\\/2023\\\/11\\\/10\\\/le-gouvernement-allemand-interdit-et-dissout-le-reseau-international-samidoun\\\/\",\"url\":\"https:\\\/\\\/charleroi-pourlapalestine.be\\\/index.php\\\/2023\\\/11\\\/10\\\/le-gouvernement-allemand-interdit-et-dissout-le-reseau-international-samidoun\\\/\",\"name\":\"Le gouvernement allemand interdit et dissout le r\u00e9seau international Samidoun\",\"isPartOf\":{\"@id\":\"https:\\\/\\\/charleroi-pourlapalestine.be\\\/#website\"},\"primaryImageOfPage\":{\"@id\":\"https:\\\/\\\/charleroi-pourlapalestine.be\\\/index.php\\\/2023\\\/11\\\/10\\\/le-gouvernement-allemand-interdit-et-dissout-le-reseau-international-samidoun\\\/#primaryimage\"},\"image\":{\"@id\":\"https:\\\/\\\/charleroi-pourlapalestine.be\\\/index.php\\\/2023\\\/11\\\/10\\\/le-gouvernement-allemand-interdit-et-dissout-le-reseau-international-samidoun\\\/#primaryimage\"},\"thumbnailUrl\":\"https:\\\/\\\/charleroi-pourlapalestine.be\\\/wp-content\\\/uploads\\\/2023\\\/11\\\/LAllemagne-interdit-Samidoun-.png\",\"datePublished\":\"2023-11-10T11:12:24+00:00\",\"dateModified\":\"2023-11-10T11:12:28+00:00\",\"description\":\"S\u2019il est possible d\u2019interdire Samidoun alors il est possible d\u2019interdire toute organisation qui conteste la politique de l\u2019\u00c9tat allemand\",\"breadcrumb\":{\"@id\":\"https:\\\/\\\/charleroi-pourlapalestine.be\\\/index.php\\\/2023\\\/11\\\/10\\\/le-gouvernement-allemand-interdit-et-dissout-le-reseau-international-samidoun\\\/#breadcrumb\"},\"inLanguage\":\"fr-FR\",\"potentialAction\":[{\"@type\":\"ReadAction\",\"target\":[\"https:\\\/\\\/charleroi-pourlapalestine.be\\\/index.php\\\/2023\\\/11\\\/10\\\/le-gouvernement-allemand-interdit-et-dissout-le-reseau-international-samidoun\\\/\"]}]},{\"@type\":\"ImageObject\",\"inLanguage\":\"fr-FR\",\"@id\":\"https:\\\/\\\/charleroi-pourlapalestine.be\\\/index.php\\\/2023\\\/11\\\/10\\\/le-gouvernement-allemand-interdit-et-dissout-le-reseau-international-samidoun\\\/#primaryimage\",\"url\":\"\",\"contentUrl\":\"\"},{\"@type\":\"BreadcrumbList\",\"@id\":\"https:\\\/\\\/charleroi-pourlapalestine.be\\\/index.php\\\/2023\\\/11\\\/10\\\/le-gouvernement-allemand-interdit-et-dissout-le-reseau-international-samidoun\\\/#breadcrumb\",\"itemListElement\":[{\"@type\":\"ListItem\",\"position\":1,\"name\":\"Accueil\",\"item\":\"https:\\\/\\\/charleroi-pourlapalestine.be\\\/\"},{\"@type\":\"ListItem\",\"position\":2,\"name\":\"Le gouvernement allemand interdit et dissout le r\u00e9seau international Samidoun\"}]},{\"@type\":\"WebSite\",\"@id\":\"https:\\\/\\\/charleroi-pourlapalestine.be\\\/#website\",\"url\":\"https:\\\/\\\/charleroi-pourlapalestine.be\\\/\",\"name\":\"Charleroi Pour la Palestine\",\"description\":\"\",\"publisher\":{\"@id\":\"https:\\\/\\\/charleroi-pourlapalestine.be\\\/#organization\"},\"potentialAction\":[{\"@type\":\"SearchAction\",\"target\":{\"@type\":\"EntryPoint\",\"urlTemplate\":\"https:\\\/\\\/charleroi-pourlapalestine.be\\\/?s={search_term_string}\"},\"query-input\":{\"@type\":\"PropertyValueSpecification\",\"valueRequired\":true,\"valueName\":\"search_term_string\"}}],\"inLanguage\":\"fr-FR\"},{\"@type\":\"Organization\",\"@id\":\"https:\\\/\\\/charleroi-pourlapalestine.be\\\/#organization\",\"name\":\"Plate-forme Charleroi-Palestine\",\"url\":\"https:\\\/\\\/charleroi-pourlapalestine.be\\\/\",\"logo\":{\"@type\":\"ImageObject\",\"inLanguage\":\"fr-FR\",\"@id\":\"https:\\\/\\\/charleroi-pourlapalestine.be\\\/#\\\/schema\\\/logo\\\/image\\\/\",\"url\":\"https:\\\/\\\/charleroi-pourlapalestine.be\\\/wp-content\\\/uploads\\\/2020\\\/01\\\/logo-Copy.jpg\",\"contentUrl\":\"https:\\\/\\\/charleroi-pourlapalestine.be\\\/wp-content\\\/uploads\\\/2020\\\/01\\\/logo-Copy.jpg\",\"width\":180,\"height\":180,\"caption\":\"Plate-forme Charleroi-Palestine\"},\"image\":{\"@id\":\"https:\\\/\\\/charleroi-pourlapalestine.be\\\/#\\\/schema\\\/logo\\\/image\\\/\"},\"sameAs\":[\"https:\\\/\\\/www.facebook.com\\\/PlateformeCharleroiPalestine\\\/\",\"https:\\\/\\\/x.com\\\/LaCharleroi\"]},{\"@type\":\"Person\",\"@id\":\"https:\\\/\\\/charleroi-pourlapalestine.be\\\/#\\\/schema\\\/person\\\/c19ff515112f1299d8c12671d8fe3faa\",\"name\":\"admin1873\",\"url\":\"https:\\\/\\\/charleroi-pourlapalestine.be\\\/index.php\\\/author\\\/admin1873\\\/\"}]}<\/script>\n<!-- \/ Yoast SEO plugin. -->","yoast_head_json":{"title":"Le gouvernement allemand interdit et dissout le r\u00e9seau international Samidoun","description":"S\u2019il est possible d\u2019interdire Samidoun alors il est possible d\u2019interdire toute organisation qui conteste la politique de l\u2019\u00c9tat allemand","robots":{"index":"index","follow":"follow","max-snippet":"max-snippet:-1","max-image-preview":"max-image-preview:large","max-video-preview":"max-video-preview:-1"},"canonical":"https:\/\/charleroi-pourlapalestine.be\/index.php\/2023\/11\/10\/le-gouvernement-allemand-interdit-et-dissout-le-reseau-international-samidoun\/","schema":{"@context":"https:\/\/schema.org","@graph":[{"@type":"Article","@id":"https:\/\/charleroi-pourlapalestine.be\/index.php\/2023\/11\/10\/le-gouvernement-allemand-interdit-et-dissout-le-reseau-international-samidoun\/#article","isPartOf":{"@id":"https:\/\/charleroi-pourlapalestine.be\/index.php\/2023\/11\/10\/le-gouvernement-allemand-interdit-et-dissout-le-reseau-international-samidoun\/"},"author":{"name":"admin1873","@id":"https:\/\/charleroi-pourlapalestine.be\/#\/schema\/person\/c19ff515112f1299d8c12671d8fe3faa"},"headline":"Le gouvernement allemand interdit et dissout le r\u00e9seau international Samidoun","datePublished":"2023-11-10T11:12:24+00:00","dateModified":"2023-11-10T11:12:28+00:00","mainEntityOfPage":{"@id":"https:\/\/charleroi-pourlapalestine.be\/index.php\/2023\/11\/10\/le-gouvernement-allemand-interdit-et-dissout-le-reseau-international-samidoun\/"},"wordCount":1266,"publisher":{"@id":"https:\/\/charleroi-pourlapalestine.be\/#organization"},"image":{"@id":"https:\/\/charleroi-pourlapalestine.be\/index.php\/2023\/11\/10\/le-gouvernement-allemand-interdit-et-dissout-le-reseau-international-samidoun\/#primaryimage"},"thumbnailUrl":"https:\/\/charleroi-pourlapalestine.be\/wp-content\/uploads\/2023\/11\/LAllemagne-interdit-Samidoun-.png","articleSection":["Allemagne","criminalisation","Gaza","G\u00e9nocide","Libert\u00e9 d'expression","Prisonniers","Samidoun"],"inLanguage":"fr-FR"},{"@type":"WebPage","@id":"https:\/\/charleroi-pourlapalestine.be\/index.php\/2023\/11\/10\/le-gouvernement-allemand-interdit-et-dissout-le-reseau-international-samidoun\/","url":"https:\/\/charleroi-pourlapalestine.be\/index.php\/2023\/11\/10\/le-gouvernement-allemand-interdit-et-dissout-le-reseau-international-samidoun\/","name":"Le gouvernement allemand interdit et dissout le r\u00e9seau international Samidoun","isPartOf":{"@id":"https:\/\/charleroi-pourlapalestine.be\/#website"},"primaryImageOfPage":{"@id":"https:\/\/charleroi-pourlapalestine.be\/index.php\/2023\/11\/10\/le-gouvernement-allemand-interdit-et-dissout-le-reseau-international-samidoun\/#primaryimage"},"image":{"@id":"https:\/\/charleroi-pourlapalestine.be\/index.php\/2023\/11\/10\/le-gouvernement-allemand-interdit-et-dissout-le-reseau-international-samidoun\/#primaryimage"},"thumbnailUrl":"https:\/\/charleroi-pourlapalestine.be\/wp-content\/uploads\/2023\/11\/LAllemagne-interdit-Samidoun-.png","datePublished":"2023-11-10T11:12:24+00:00","dateModified":"2023-11-10T11:12:28+00:00","description":"S\u2019il est possible d\u2019interdire Samidoun alors il est possible d\u2019interdire toute organisation qui conteste la politique de l\u2019\u00c9tat allemand","breadcrumb":{"@id":"https:\/\/charleroi-pourlapalestine.be\/index.php\/2023\/11\/10\/le-gouvernement-allemand-interdit-et-dissout-le-reseau-international-samidoun\/#breadcrumb"},"inLanguage":"fr-FR","potentialAction":[{"@type":"ReadAction","target":["https:\/\/charleroi-pourlapalestine.be\/index.php\/2023\/11\/10\/le-gouvernement-allemand-interdit-et-dissout-le-reseau-international-samidoun\/"]}]},{"@type":"ImageObject","inLanguage":"fr-FR","@id":"https:\/\/charleroi-pourlapalestine.be\/index.php\/2023\/11\/10\/le-gouvernement-allemand-interdit-et-dissout-le-reseau-international-samidoun\/#primaryimage","url":"","contentUrl":""},{"@type":"BreadcrumbList","@id":"https:\/\/charleroi-pourlapalestine.be\/index.php\/2023\/11\/10\/le-gouvernement-allemand-interdit-et-dissout-le-reseau-international-samidoun\/#breadcrumb","itemListElement":[{"@type":"ListItem","position":1,"name":"Accueil","item":"https:\/\/charleroi-pourlapalestine.be\/"},{"@type":"ListItem","position":2,"name":"Le gouvernement allemand interdit et dissout le r\u00e9seau international Samidoun"}]},{"@type":"WebSite","@id":"https:\/\/charleroi-pourlapalestine.be\/#website","url":"https:\/\/charleroi-pourlapalestine.be\/","name":"Charleroi Pour la Palestine","description":"","publisher":{"@id":"https:\/\/charleroi-pourlapalestine.be\/#organization"},"potentialAction":[{"@type":"SearchAction","target":{"@type":"EntryPoint","urlTemplate":"https:\/\/charleroi-pourlapalestine.be\/?s={search_term_string}"},"query-input":{"@type":"PropertyValueSpecification","valueRequired":true,"valueName":"search_term_string"}}],"inLanguage":"fr-FR"},{"@type":"Organization","@id":"https:\/\/charleroi-pourlapalestine.be\/#organization","name":"Plate-forme Charleroi-Palestine","url":"https:\/\/charleroi-pourlapalestine.be\/","logo":{"@type":"ImageObject","inLanguage":"fr-FR","@id":"https:\/\/charleroi-pourlapalestine.be\/#\/schema\/logo\/image\/","url":"https:\/\/charleroi-pourlapalestine.be\/wp-content\/uploads\/2020\/01\/logo-Copy.jpg","contentUrl":"https:\/\/charleroi-pourlapalestine.be\/wp-content\/uploads\/2020\/01\/logo-Copy.jpg","width":180,"height":180,"caption":"Plate-forme Charleroi-Palestine"},"image":{"@id":"https:\/\/charleroi-pourlapalestine.be\/#\/schema\/logo\/image\/"},"sameAs":["https:\/\/www.facebook.com\/PlateformeCharleroiPalestine\/","https:\/\/x.com\/LaCharleroi"]},{"@type":"Person","@id":"https:\/\/charleroi-pourlapalestine.be\/#\/schema\/person\/c19ff515112f1299d8c12671d8fe3faa","name":"admin1873","url":"https:\/\/charleroi-pourlapalestine.be\/index.php\/author\/admin1873\/"}]}},"_links":{"self":[{"href":"https:\/\/charleroi-pourlapalestine.be\/index.php\/wp-json\/wp\/v2\/posts\/62475","targetHints":{"allow":["GET"]}}],"collection":[{"href":"https:\/\/charleroi-pourlapalestine.be\/index.php\/wp-json\/wp\/v2\/posts"}],"about":[{"href":"https:\/\/charleroi-pourlapalestine.be\/index.php\/wp-json\/wp\/v2\/types\/post"}],"author":[{"embeddable":true,"href":"https:\/\/charleroi-pourlapalestine.be\/index.php\/wp-json\/wp\/v2\/users\/1"}],"replies":[{"embeddable":true,"href":"https:\/\/charleroi-pourlapalestine.be\/index.php\/wp-json\/wp\/v2\/comments?post=62475"}],"version-history":[{"count":0,"href":"https:\/\/charleroi-pourlapalestine.be\/index.php\/wp-json\/wp\/v2\/posts\/62475\/revisions"}],"wp:attachment":[{"href":"https:\/\/charleroi-pourlapalestine.be\/index.php\/wp-json\/wp\/v2\/media?parent=62475"}],"wp:term":[{"taxonomy":"category","embeddable":true,"href":"https:\/\/charleroi-pourlapalestine.be\/index.php\/wp-json\/wp\/v2\/categories?post=62475"},{"taxonomy":"post_tag","embeddable":true,"href":"https:\/\/charleroi-pourlapalestine.be\/index.php\/wp-json\/wp\/v2\/tags?post=62475"}],"curies":[{"name":"wp","href":"https:\/\/api.w.org\/{rel}","templated":true}]}}