{"id":62702,"date":"2023-11-10T16:59:54","date_gmt":"2023-11-10T15:59:54","guid":{"rendered":"https:\/\/charleroi-pourlapalestine.be\/?p=62702"},"modified":"2023-11-10T16:59:58","modified_gmt":"2023-11-10T15:59:58","slug":"le-chef-de-larmee-israelienne-encense-les-collabos-de-lap-en-cisjordanie-occupee","status":"publish","type":"post","link":"https:\/\/charleroi-pourlapalestine.be\/index.php\/2023\/11\/10\/le-chef-de-larmee-israelienne-encense-les-collabos-de-lap-en-cisjordanie-occupee\/","title":{"rendered":"Le chef de l\u2019arm\u00e9e isra\u00e9lienne encense les collabos de l\u2019AP en Cisjordanie occup\u00e9e"},"content":{"rendered":"<p>Mercredi, Herzi Halevi, <strong>le chef de l\u2019arm\u00e9e isra\u00e9lienne qui m\u00e8ne une campagne d\u2019extermination g\u00e9nocidaire \u00e0 Gaza, a<\/strong> <strong>f\u00e9licit\u00e9 l\u2019Autorit\u00e9 palestinienne pour sa collaboration avec les forces d\u2019occupation en Cisjordanie<\/strong>. Comme l\u2019a r\u00e9sum\u00e9 le journal de Tel-Aviv, <em>Haaretz<\/em>, Halevi a d\u00e9clar\u00e9 que l\u2019AP <em>\u00ab&nbsp;s\u2019est employ\u00e9e ces derni\u00e8res semaines \u00e0 emp\u00eacher des manifestations et des marches de soutien au Hamas et \u00e0 son massacre&nbsp;\u00bb<\/em>.<\/p>\n<p>&nbsp;<\/p>\n<div id=\"attachment_62705\" style=\"width: 810px\" class=\"wp-caption aligncenter\"><img loading=\"lazy\" decoding=\"async\" aria-describedby=\"caption-attachment-62705\" class=\"wp-image-62705 size-full\" src=\"https:\/\/charleroi-pourlapalestine.be\/wp-content\/uploads\/2023\/11\/Blinken-et-Abbas.jpeg\" alt=\"Le chef de l\u2019Autorit\u00e9 palestinienne Mahmoud Abbas, \u00e0 droite sur la photo, accueille le secr\u00e9taire d\u2019\u00c9tat am\u00e9ricain Antony Blinken \u00e0 Ramallah, occup\u00e9e par Isra\u00ebl, le 5 novembre. Washington d\u00e9sire que l\u2019AP joue un r\u00f4le collaborationniste \u00e0 Gaza, suite \u00e0 la d\u00e9faite \u2013 esp\u00e9r\u00e9e \u2013 de la r\u00e9sistance palestinienne. \" width=\"800\" height=\"533\"><p id=\"caption-attachment-62705\" class=\"wp-caption-text\"><strong>Le chef de l\u2019Autorit\u00e9 palestinienne Mahmoud Abbas, \u00e0 droite sur la photo, accueille le secr\u00e9taire d\u2019\u00c9tat am\u00e9ricain Antony Blinken \u00e0 Ramallah, occup\u00e9e par Isra\u00ebl, le 5 novembre. Washington d\u00e9sire que l\u2019AP joue un r\u00f4le collaborationniste \u00e0 Gaza, suite \u00e0 la d\u00e9faite \u2013 esp\u00e9r\u00e9e \u2013 de la r\u00e9sistance palestinienne<\/strong>. (Photo&nbsp;: Thaer Ganaim \/ APA images)<\/p><\/div>\n<p>&nbsp;<\/p>\n<p><a href=\"https:\/\/charleroi-pourlapalestine.be\/index.php\/tag\/ali-abunimah\/\"><strong>Ali Abunimah<\/strong><\/a>, 9 novembre 2023<\/p>\n<p>Le chef de l\u2019arm\u00e9e a adress\u00e9 ses commentaires aux d\u00e9put\u00e9s isra\u00e9liens \u00e0 Hakirya, le centre de commandement de l\u2019arm\u00e9e isra\u00e9lienne au c\u0153ur d\u2019un quartier civil de Tel-Aviv.<\/p>\n<p>Halevi a rejet\u00e9 une all\u00e9gation de Zvi Sukkot, un d\u00e9put\u00e9 du parti d\u2019extr\u00eame droite Force juive, disant que, par solidarit\u00e9 envers le Hamas, les forces s\u00e9curitaires de l\u2019Autorit\u00e9 palestinienne s\u2019appr\u00eataient \u00e0 se retourner contre leurs partenaires isra\u00e9liens.<\/p>\n<p>Selon <em>Haaretz<\/em>, <em>\u00ab&nbsp;Halevi a r\u00e9pondu que, dans les renseignements collect\u00e9s, il ne voyait pas d\u2019informations prouvant cela&nbsp;\u00bb<\/em> et il a fait remarquer <strong><em>\u00ab&nbsp;que l\u2019AP s\u2019emploie quotidiennement \u00e0 emp\u00eacher des manifestations de soutien au Hamas et ce, avant toute chose, en raison de ses propres int\u00e9r\u00eats&nbsp;\u00bb. &nbsp;<\/em><\/strong><\/p>\n<p>L\u2019affirmation de Halevi corrobore celle du ministre isra\u00e9lien de la d\u00e9fense, Yoav Galant, qui, en d\u00e9but de mois, avait publiquement demand\u00e9 que les rentr\u00e9es de taxation collect\u00e9es par Isra\u00ebl au nom de l\u2019AP soient rendues \u00e0 Ramallah.<\/p>\n<p><strong><em>\u00ab&nbsp;L\u2019\u00c9tat d\u2019Isra\u00ebl a int\u00e9r\u00eat de maintenir la stabilit\u00e9 en Jud\u00e9e et Samarie \u00e0 tout moment et particuli\u00e8rement pour l\u2019instant&nbsp;\u00bb<\/em><\/strong>, avait d\u00e9clar\u00e9 Galant, en recourant \u00e0 la terminologie pseudo-biblique pour d\u00e9signer la Cisjordanie occup\u00e9e.<\/p>\n<p><strong><em>\u00ab&nbsp;Les fonds devraient \u00eatre transf\u00e9r\u00e9s imm\u00e9diatement de fa\u00e7on \u00e0 pouvoir \u00eatre utilis\u00e9s par le m\u00e9canisme op\u00e9rationnel de l\u2019Autorit\u00e9 palestinienne et par ses secteurs qui s\u2019occupent de la pr\u00e9vention du terrorisme.&nbsp;\u00bb<\/em><\/strong><\/p>\n<p>Isra\u00ebl fait r\u00e9f\u00e9rence \u00e0 n\u2019importe quelle sorte de protestation ou de r\u00e9sistance \u00e0 sa dictature militaire sur les Palestiniens \u2013 m\u00eame les protestations sans armes, les boycotts et la d\u00e9fense des droits humains \u2013 comme \u00e9tant du <strong><em>\u00ab&nbsp;terrorisme&nbsp;\u00bb.<\/em><\/strong><\/p>\n<p>&nbsp;<\/p>\n<h3><strong>Amener l\u2019AP \u00e0 Gaza sur des chars isra\u00e9liens&nbsp;? <\/strong><\/h3>\n<p>Les d\u00e9put\u00e9s isra\u00e9liens ont insist\u00e9 aupr\u00e8s de Halevi pour qu\u2019il leur explique pourquoi Isra\u00ebl ne se montrait pas plus brutal encore envers les Palestiniens de la Cisjordanie occup\u00e9e.<\/p>\n<p>Selon <em>Haaretz<\/em>, <em>\u00ab&nbsp;Halevi a r\u00e9pondu que les FDI entendaient pr\u00e9server un front calme en Cisjordanie et non pas introduire un nouveau front dans les combats&nbsp;\u00bb.<\/em><\/p>\n<p><em>\u00ab&nbsp;Le chef d\u2019\u00e9tat-major a \u00e9galement d\u00e9clar\u00e9 que les \u00c9tats-Unis avaient tout int\u00e9r\u00eat \u00e0 maintenir le calme en Cisjordanie et \u00e0 ne pas malmener l\u2019AP en ce moment&nbsp;\u00bb<\/em>, a ajout\u00e9 le journal. &nbsp;<\/p>\n<p><strong>L\u2019Autorit\u00e9 palestinienne a \u00e9t\u00e9 cr\u00e9\u00e9e au d\u00e9but des ann\u00e9es 1990, dans le sillage des accords d\u2019Oslo, afin d\u2019agir comme auxiliaire autochtone pour le compte de l\u2019occupation isra\u00e9lienne. Elle a jou\u00e9 ce r\u00f4le \u2013 que le chef de l\u2019AP, Mahmoud Abbas, qualifie de <em>\u00ab&nbsp;sacr\u00e9&nbsp;\u00bb<\/em> \u2013 sans interruption depuis ce jour-l\u00e0.<\/strong><\/p>\n<p><em>\u00ab&nbsp;Nous avons besoin de l\u2019Autorit\u00e9 palestinienne&nbsp;\u00bb,<\/em> avait d\u00e9clar\u00e9 Benjamin Netanyahou en juillet. <em>\u00ab&nbsp;Nous ne pouvons la laisser s\u2019effondrer.&nbsp;\u00bb<\/em><\/p>\n<p><em>\u00ab&nbsp;Elle fait notre boulot \u00e0 notre place&nbsp;\u00bb<\/em>, avait ajout\u00e9 le Premier ministre isra\u00e9lien.<\/p>\n<p><strong>Mais les \u00c9tats-Unis \u2013 comme l\u2019a fait remarquer Halevi \u2013 sont particuli\u00e8rement concern\u00e9s actuellement par la sauvegarde de l\u2019AP.<\/strong><\/p>\n<p>Mercredi, le secr\u00e9taire d\u2019\u00c9tat Antony Blinken a sugg\u00e9r\u00e9 que, suite \u00e0 une d\u00e9faite esp\u00e9r\u00e9e de la r\u00e9sistance palestinienne \u00e0 Gaza des mains des Isra\u00e9liens, l\u2019Autorit\u00e9 palestinienne pourrait y \u00eatre amen\u00e9e au pouvoir sur les ruines de Gaza pour le compte du r\u00e9gime isra\u00e9lien en train d\u2019y perp\u00e9trer un g\u00e9nocide.<\/p>\n<p><strong>Il s\u2019av\u00e8re qu\u2019Abbas est d\u00e9sireux d\u2019\u00e9tendre son pouvoir collaborationniste \u00e0 Gaza \u00e9galement<\/strong> \u2013 c\u2019est sans aucun doute la raison pour laquelle ses forces s\u00e9curitaires font tout ce qu\u2019elles peuvent pour aider Isra\u00ebl \u00e0 r\u00e9primer la r\u00e9sistance de la Cisjordanie au g\u00e9nocide commis \u00e0 Gaza.<\/p>\n<p><strong>Hussein al-Sheikh, le secr\u00e9taire g\u00e9n\u00e9ral de l\u2019Organisation de lib\u00e9ration de la Palestine contr\u00f4l\u00e9e par Abbas<\/strong> a expliqu\u00e9 cette semaine au <em>New York Times<\/em> que l\u2019AP \u00e9tait dispos\u00e9e \u00e0 aider Isra\u00ebl \u00e0 administrer Gaza, mais qu\u2019elle voulait<em> \u00ab&nbsp;une initiative am\u00e9ricaine s\u00e9rieuse&nbsp;\u00bb<\/em> en vue de faire progresser une pr\u00e9tendue solution \u00e0 deux \u00c9tats. &nbsp;<\/p>\n<p><em>\u00ab&nbsp;L\u2019actuelle administration am\u00e9ricaine est capable de le faire&nbsp;\u00bb<\/em>, a ajout\u00e9 al-Sheikh.<\/p>\n<p>Le fait que l\u2019AP continue d\u2019encenser les EU alors que Washington arme Isra\u00ebl afin d\u2019exterminer quotidiennement des centaines de Palestiniens souligne bien pourquoi<strong> le r\u00e9gime de Ramallah soutenu par Isra\u00ebl r\u00e9pugne \u00e0 la grande majorit\u00e9 des Palestiniens tant \u00e0 l\u2019int\u00e9rieur qu\u2019\u00e0 l\u2019ext\u00e9rieur de leur p<\/strong>atrie.<\/p>\n<p>Un sondage organis\u00e9 en juin a d\u00e9couvert que 63 pour 100 des Palestiniens de la Cisjordanie occup\u00e9e et de la bande de Gaza percevaient la poursuite de l\u2019existence de l\u2019AP comme servant les int\u00e9r\u00eats d\u2019Isra\u00ebl. Exactement un quart des personnes interrog\u00e9es pensaient que l\u2019effondrement ou la dissolution de l\u2019AP servirait les int\u00e9r\u00eats des Palestiniens.<\/p>\n<p>Le m\u00eame sondage a d\u00e9couvert que 80 pour 100 des Palestiniens voulaient qu\u2019Abbas d\u00e9missionne en tant que chef de l\u2019AP \u2013 un poste auquel il s\u2019est accroch\u00e9 gr\u00e2ce au soutien isra\u00e9lien et am\u00e9ricain, mais sans d\u00e9sormais la moindre l\u00e9galit\u00e9 depuis que son mandat de cinq ans a expir\u00e9 en 2009. &nbsp;<\/p>\n<p>Dans le cadre d\u2019\u00e9lections pr\u00e9sidentielles entre Abbas et le chef du Hamas Ismail Haniyeh, 56 pour 100 des personnes interrog\u00e9es ont d\u00e9clar\u00e9 qu\u2019elles voteraient pour Haniyeh, et 33 pour 100 seulement pour Abbas.<\/p>\n<p>Ces chiffres ne sont gu\u00e8re susceptibles d\u2019avoir bascul\u00e9 en direction de l\u2019AP ces derni\u00e8res semaines. &nbsp;<\/p>\n<p>Et, plus Washington et Tel-Aviv parlent de ramener les collabos de l\u2019Autorit\u00e9 palestinienne sur le dos des chars isra\u00e9liens, moins il est probable qu\u2019elle soit jamais accept\u00e9e \u2013 et encore, ceci suppose qu\u2019Isra\u00ebl puisse imposer sa volont\u00e9 \u00e0 Gaza, ce qui n\u2019est pas s\u00fbr du tout.<\/p>\n<p>&nbsp;<\/p>\n<h3><strong>Isra\u00ebl totalement d\u00e9pendant des EU<\/strong><\/h3>\n<p>Dans son briefing organis\u00e9 pour les d\u00e9put\u00e9s, le chef de l\u2019arm\u00e9e isra\u00e9lienne, Halevi, a confirm\u00e9 <strong>l\u2019ampleur de la d\u00e9pendance d\u2019Isra\u00ebl vis-\u00e0-vis des \u00c9tats-Unis afin de perp\u00e9trer son g\u00e9nocide \u00e0 Gaza. &nbsp;<\/strong><\/p>\n<blockquote><p>\u00ab&nbsp;Le chef d\u2019\u00e9tat-major a tent\u00e9 d\u2019expliquer l\u2019importance de la coordination et de l\u2019assistance des EU dans la guerre, faisant remarquer que les FDI [l\u2019arm\u00e9e isra\u00e9lienne] \u00e9tait tenue d\u2019acqu\u00e9rir les armes uniques dont les Am\u00e9ricains disposent et que la coop\u00e9ration avec ces derniers au niveau des renseignements \u00e9tait d\u2019une importance cruciale pour les activit\u00e9s de l\u2019arm\u00e9e&nbsp;\u00bb,<\/p><\/blockquote>\n<p>a rapport\u00e9 <em>Haaretz<\/em>.<\/p>\n<blockquote><p>\u00ab&nbsp;Il est tr\u00e8s important, de ces jours-ci, d\u2019\u00e9couter les Am\u00e9ricains sur la question de la Cisjordanie&nbsp;\u00bb,<\/p><\/blockquote>\n<p>a ajout\u00e9 Halevi.<\/p>\n<p>\u00c0 la fin du mois dernier, le secr\u00e9taire am\u00e9ricain \u00e0 la d\u00e9fense, Lloyd Austin, a confirm\u00e9 qu\u2019Isra\u00ebl restait compl\u00e8tement d\u00e9pendant des \u00c9tats-Unis. &nbsp;&nbsp;<\/p>\n<p>Il t\u00e9moignait lors d\u2019une session de la commission s\u00e9natoriale des appropriations concernant la demande par l\u2019administration Biden de plusieurs milliards de USD de financement militaire additionnel en faveur d\u2019Isra\u00ebl et de l\u2019Ukraine. &nbsp;<\/p>\n<p><em>\u00ab&nbsp;Isra\u00ebl pourrait-il s\u2019en tirer sans notre soutien&nbsp;?&nbsp;\u00bb<\/em>, a demand\u00e9 le s\u00e9nateur Joe Manchin, un d\u00e9mocrate de Virginie-Occidentale.<\/p>\n<p><strong><em>\u00ab&nbsp;Non, je pense que nous devons continuer de les soutenir&nbsp;\u00bb,<\/em><\/strong> a r\u00e9pondu Austin. &nbsp;<\/p>\n<p>&nbsp;<\/p>\n<h3><strong>Un<em> \u00ab&nbsp;calme&nbsp;\u00bb<\/em> mortel<\/strong><\/h3>\n<p>Malgr\u00e9 l\u2019assertion de Halevi, la Cisjordanie a \u00e9t\u00e9 tout sauf <em>\u00ab&nbsp;calme&nbsp;\u00bb<\/em>, au beau milieu d\u2019une <strong>nette recrudescence des meurtres de Palestiniens par l\u2019arm\u00e9e isra\u00e9lienne et les colons juifs.<\/strong><\/p>\n<p><strong>Depuis le d\u00e9but de l\u2019ann\u00e9e, quelque 2&nbsp;000 Palestiniens ont subi un nettoyage ethnique<\/strong> en \u00e9tant chass\u00e9s de leurs maisons par les colons isra\u00e9liens \u2013 une augmentation de plus de 40 pour 100 par rapport \u00e0 l\u2019ann\u00e9e 2022.<\/p>\n<p>Ces attaques n\u2019ont fait que s\u2019acc\u00e9l\u00e9rer depuis qu\u2019Isra\u00ebl a entam\u00e9 sa campagne de bombardement contre Gaza.<\/p>\n<p><strong>En Cisjordanie, les soldats et les colons isra\u00e9liens ont tu\u00e9 plus de 150 Palestiniens depuis le 7 octobre, dont 44 enfants. &nbsp;<\/strong><\/p>\n<p><strong>Le nombre de morts en Cisjordanie \u2013 plus de 400 depuis le commencement de l\u2019ann\u00e9e \u2013 est le plus \u00e9lev\u00e9 depuis 2005<\/strong>, l\u2019ann\u00e9e o\u00f9 l\u2019ONU s\u2019est mise \u00e0 les r\u00e9pertorier.<\/p>\n<p>Pr\u00e8s de 2&nbsp;400 Palestiniens ont \u00e9t\u00e9 bless\u00e9s.<\/p>\n<p>Le nombre de victimes en Cisjordanie s\u2019est encore accru jeudi, puisque les forces d\u2019occupation isra\u00e9liennes ont effectu\u00e9 <strong>un nouveau raid meurtrier contre le camp de r\u00e9fugi\u00e9s de J\u00e9nine.<\/strong><\/p>\n<p><strong>Au moins 10 Palestiniens ont \u00e9t\u00e9 tu\u00e9s et 20 autres bless\u00e9s.<\/strong><\/p>\n<p style=\"text-align: center;\">*****<\/p>\n<div class=\"wp-block-image\">\n<figure class=\"alignleft\"><img loading=\"lazy\" decoding=\"async\" class=\"wp-image-2800\" src=\"https:\/\/charleroi-pourlapalestine.be\/wp-content\/uploads\/2020\/01\/Ali-Abunimah-Copy-150x150.jpg\" sizes=\"auto, (max-width: 150px) 100vw, 150px\" srcset=\"https:\/\/charleroi-pourlapalestine.be\/wp-content\/uploads\/2020\/01\/Ali-Abunimah-Copy-150x150.jpg 150w, https:\/\/charleroi-pourlapalestine.be\/wp-content\/uploads\/2020\/01\/Ali-Abunimah-Copy-160x160.jpg 160w\" alt=\"\" width=\"150\" height=\"150\"><\/figure>\n<\/div>\n<p><strong>Ali Abunimah,<\/strong> cofondateur et directeur ex\u00e9cutif de <a href=\"https:\/\/electronicintifada.net\/blogs\/ali-abunimah\/israel-arrests-bds-coordinator-night-raid\" target=\"_blank\" rel=\"noopener noreferrer\"><em>The Electronic Intifada<\/em><\/a>, est l\u2019auteur de <em>The Battle for Justice in Palestine<\/em>, paru chez Haymarket Books.<\/p>\n<div class=\"pf-content\">\n<p>Il a aussi \u00e9crit : <em>One Country : A Bold Proposal to end the Israeli-Palestinian Impasse<\/em><\/p>\n<p style=\"text-align: center;\">&nbsp;*****<\/p>\n<p>&nbsp;<\/p>\n<p>Publi\u00e9 le 9 novembre 2023 sur <a href=\"https:\/\/electronicintifada.net\/blogs\/ali-abunimah\/israeli-army-chief-praises-pa-collaborators-occupied-west-bank\" target=\"_blank\" rel=\"noopener\"><strong>The Electro<\/strong><strong>n<\/strong><strong>ic<\/strong><strong>Intifada<\/strong><\/a><br \/>\nTraduction : Jean-Marie Fl\u00e9mal, <strong><a href=\"http:\/\/www.pourlapalestine.be\/\">Charleroi pour la Palestine<\/a><\/strong><\/p>\n<\/div>\n","protected":false},"excerpt":{"rendered":"<p>Les soldats et les colons isra\u00e9liens ont tu\u00e9 plus de 150 Palestiniens depuis le 7 octobre, dont 44 enfants. \u00a0Plus de 400 Palestiniens ont \u00e9t\u00e9 tu\u00e9s en Cisjordanie depuis le commencement de l\u2019ann\u00e9e.<\/p>\n","protected":false},"author":1,"featured_media":0,"comment_status":"closed","ping_status":"closed","sticky":false,"template":"","format":"standard","meta":{"ngg_post_thumbnail":0,"footnotes":""},"categories":[24,7,177,52,6,344],"tags":[],"class_list":["post-62702","post","type-post","status-publish","format-standard","hentry","category-lautorite-palestinienne","category-cisjordanie","category-collaboration","category-la-cour-penale-internationale","category-gaza","category-genocide"],"yoast_head":"<!-- This site is optimized with the Yoast SEO plugin v27.3 - https:\/\/yoast.com\/product\/yoast-seo-wordpress\/ -->\n<title>Le chef de l\u2019arm\u00e9e isra\u00e9lienne encense les collabos de l\u2019AP en Cisjordanie occup\u00e9e<\/title>\n<meta name=\"description\" content=\"L\u2019AP s\u2019emploie quotidiennement \u00e0 emp\u00eacher des manifestations de soutien au Hamas et ce, avant toute chose, en raison de ses propres int\u00e9r\u00eats\" \/>\n<meta name=\"robots\" content=\"index, follow, max-snippet:-1, max-image-preview:large, max-video-preview:-1\" \/>\n<link rel=\"canonical\" href=\"https:\/\/charleroi-pourlapalestine.be\/index.php\/2023\/11\/10\/le-chef-de-larmee-israelienne-encense-les-collabos-de-lap-en-cisjordanie-occupee\/\" \/>\n<script type=\"application\/ld+json\" class=\"yoast-schema-graph\">{\"@context\":\"https:\\\/\\\/schema.org\",\"@graph\":[{\"@type\":\"Article\",\"@id\":\"https:\\\/\\\/charleroi-pourlapalestine.be\\\/index.php\\\/2023\\\/11\\\/10\\\/le-chef-de-larmee-israelienne-encense-les-collabos-de-lap-en-cisjordanie-occupee\\\/#article\",\"isPartOf\":{\"@id\":\"https:\\\/\\\/charleroi-pourlapalestine.be\\\/index.php\\\/2023\\\/11\\\/10\\\/le-chef-de-larmee-israelienne-encense-les-collabos-de-lap-en-cisjordanie-occupee\\\/\"},\"author\":{\"name\":\"admin1873\",\"@id\":\"https:\\\/\\\/charleroi-pourlapalestine.be\\\/#\\\/schema\\\/person\\\/c19ff515112f1299d8c12671d8fe3faa\"},\"headline\":\"Le chef de l\u2019arm\u00e9e isra\u00e9lienne encense les collabos de l\u2019AP en Cisjordanie occup\u00e9e\",\"datePublished\":\"2023-11-10T15:59:54+00:00\",\"dateModified\":\"2023-11-10T15:59:58+00:00\",\"mainEntityOfPage\":{\"@id\":\"https:\\\/\\\/charleroi-pourlapalestine.be\\\/index.php\\\/2023\\\/11\\\/10\\\/le-chef-de-larmee-israelienne-encense-les-collabos-de-lap-en-cisjordanie-occupee\\\/\"},\"wordCount\":1711,\"publisher\":{\"@id\":\"https:\\\/\\\/charleroi-pourlapalestine.be\\\/#organization\"},\"image\":{\"@id\":\"https:\\\/\\\/charleroi-pourlapalestine.be\\\/index.php\\\/2023\\\/11\\\/10\\\/le-chef-de-larmee-israelienne-encense-les-collabos-de-lap-en-cisjordanie-occupee\\\/#primaryimage\"},\"thumbnailUrl\":\"https:\\\/\\\/charleroi-pourlapalestine.be\\\/wp-content\\\/uploads\\\/2023\\\/11\\\/Blinken-et-Abbas.jpeg\",\"articleSection\":[\"Autorit\u00e9 palestinienne\",\"Cisjordanie\",\"Collaboration\",\"Etats-Unis\",\"Gaza\",\"G\u00e9nocide\"],\"inLanguage\":\"fr-FR\"},{\"@type\":\"WebPage\",\"@id\":\"https:\\\/\\\/charleroi-pourlapalestine.be\\\/index.php\\\/2023\\\/11\\\/10\\\/le-chef-de-larmee-israelienne-encense-les-collabos-de-lap-en-cisjordanie-occupee\\\/\",\"url\":\"https:\\\/\\\/charleroi-pourlapalestine.be\\\/index.php\\\/2023\\\/11\\\/10\\\/le-chef-de-larmee-israelienne-encense-les-collabos-de-lap-en-cisjordanie-occupee\\\/\",\"name\":\"Le chef de l\u2019arm\u00e9e isra\u00e9lienne encense les collabos de l\u2019AP en Cisjordanie occup\u00e9e\",\"isPartOf\":{\"@id\":\"https:\\\/\\\/charleroi-pourlapalestine.be\\\/#website\"},\"primaryImageOfPage\":{\"@id\":\"https:\\\/\\\/charleroi-pourlapalestine.be\\\/index.php\\\/2023\\\/11\\\/10\\\/le-chef-de-larmee-israelienne-encense-les-collabos-de-lap-en-cisjordanie-occupee\\\/#primaryimage\"},\"image\":{\"@id\":\"https:\\\/\\\/charleroi-pourlapalestine.be\\\/index.php\\\/2023\\\/11\\\/10\\\/le-chef-de-larmee-israelienne-encense-les-collabos-de-lap-en-cisjordanie-occupee\\\/#primaryimage\"},\"thumbnailUrl\":\"https:\\\/\\\/charleroi-pourlapalestine.be\\\/wp-content\\\/uploads\\\/2023\\\/11\\\/Blinken-et-Abbas.jpeg\",\"datePublished\":\"2023-11-10T15:59:54+00:00\",\"dateModified\":\"2023-11-10T15:59:58+00:00\",\"description\":\"L\u2019AP s\u2019emploie quotidiennement \u00e0 emp\u00eacher des manifestations de soutien au Hamas et ce, avant toute chose, en raison de ses propres int\u00e9r\u00eats\",\"breadcrumb\":{\"@id\":\"https:\\\/\\\/charleroi-pourlapalestine.be\\\/index.php\\\/2023\\\/11\\\/10\\\/le-chef-de-larmee-israelienne-encense-les-collabos-de-lap-en-cisjordanie-occupee\\\/#breadcrumb\"},\"inLanguage\":\"fr-FR\",\"potentialAction\":[{\"@type\":\"ReadAction\",\"target\":[\"https:\\\/\\\/charleroi-pourlapalestine.be\\\/index.php\\\/2023\\\/11\\\/10\\\/le-chef-de-larmee-israelienne-encense-les-collabos-de-lap-en-cisjordanie-occupee\\\/\"]}]},{\"@type\":\"ImageObject\",\"inLanguage\":\"fr-FR\",\"@id\":\"https:\\\/\\\/charleroi-pourlapalestine.be\\\/index.php\\\/2023\\\/11\\\/10\\\/le-chef-de-larmee-israelienne-encense-les-collabos-de-lap-en-cisjordanie-occupee\\\/#primaryimage\",\"url\":\"\",\"contentUrl\":\"\"},{\"@type\":\"BreadcrumbList\",\"@id\":\"https:\\\/\\\/charleroi-pourlapalestine.be\\\/index.php\\\/2023\\\/11\\\/10\\\/le-chef-de-larmee-israelienne-encense-les-collabos-de-lap-en-cisjordanie-occupee\\\/#breadcrumb\",\"itemListElement\":[{\"@type\":\"ListItem\",\"position\":1,\"name\":\"Accueil\",\"item\":\"https:\\\/\\\/charleroi-pourlapalestine.be\\\/\"},{\"@type\":\"ListItem\",\"position\":2,\"name\":\"Le chef de l\u2019arm\u00e9e isra\u00e9lienne encense les collabos de l\u2019AP en Cisjordanie occup\u00e9e\"}]},{\"@type\":\"WebSite\",\"@id\":\"https:\\\/\\\/charleroi-pourlapalestine.be\\\/#website\",\"url\":\"https:\\\/\\\/charleroi-pourlapalestine.be\\\/\",\"name\":\"Charleroi Pour la Palestine\",\"description\":\"\",\"publisher\":{\"@id\":\"https:\\\/\\\/charleroi-pourlapalestine.be\\\/#organization\"},\"potentialAction\":[{\"@type\":\"SearchAction\",\"target\":{\"@type\":\"EntryPoint\",\"urlTemplate\":\"https:\\\/\\\/charleroi-pourlapalestine.be\\\/?s={search_term_string}\"},\"query-input\":{\"@type\":\"PropertyValueSpecification\",\"valueRequired\":true,\"valueName\":\"search_term_string\"}}],\"inLanguage\":\"fr-FR\"},{\"@type\":\"Organization\",\"@id\":\"https:\\\/\\\/charleroi-pourlapalestine.be\\\/#organization\",\"name\":\"Plate-forme Charleroi-Palestine\",\"url\":\"https:\\\/\\\/charleroi-pourlapalestine.be\\\/\",\"logo\":{\"@type\":\"ImageObject\",\"inLanguage\":\"fr-FR\",\"@id\":\"https:\\\/\\\/charleroi-pourlapalestine.be\\\/#\\\/schema\\\/logo\\\/image\\\/\",\"url\":\"https:\\\/\\\/charleroi-pourlapalestine.be\\\/wp-content\\\/uploads\\\/2020\\\/01\\\/logo-Copy.jpg\",\"contentUrl\":\"https:\\\/\\\/charleroi-pourlapalestine.be\\\/wp-content\\\/uploads\\\/2020\\\/01\\\/logo-Copy.jpg\",\"width\":180,\"height\":180,\"caption\":\"Plate-forme Charleroi-Palestine\"},\"image\":{\"@id\":\"https:\\\/\\\/charleroi-pourlapalestine.be\\\/#\\\/schema\\\/logo\\\/image\\\/\"},\"sameAs\":[\"https:\\\/\\\/www.facebook.com\\\/PlateformeCharleroiPalestine\\\/\",\"https:\\\/\\\/x.com\\\/LaCharleroi\"]},{\"@type\":\"Person\",\"@id\":\"https:\\\/\\\/charleroi-pourlapalestine.be\\\/#\\\/schema\\\/person\\\/c19ff515112f1299d8c12671d8fe3faa\",\"name\":\"admin1873\",\"url\":\"https:\\\/\\\/charleroi-pourlapalestine.be\\\/index.php\\\/author\\\/admin1873\\\/\"}]}<\/script>\n<!-- \/ Yoast SEO plugin. -->","yoast_head_json":{"title":"Le chef de l\u2019arm\u00e9e isra\u00e9lienne encense les collabos de l\u2019AP en Cisjordanie occup\u00e9e","description":"L\u2019AP s\u2019emploie quotidiennement \u00e0 emp\u00eacher des manifestations de soutien au Hamas et ce, avant toute chose, en raison de ses propres int\u00e9r\u00eats","robots":{"index":"index","follow":"follow","max-snippet":"max-snippet:-1","max-image-preview":"max-image-preview:large","max-video-preview":"max-video-preview:-1"},"canonical":"https:\/\/charleroi-pourlapalestine.be\/index.php\/2023\/11\/10\/le-chef-de-larmee-israelienne-encense-les-collabos-de-lap-en-cisjordanie-occupee\/","schema":{"@context":"https:\/\/schema.org","@graph":[{"@type":"Article","@id":"https:\/\/charleroi-pourlapalestine.be\/index.php\/2023\/11\/10\/le-chef-de-larmee-israelienne-encense-les-collabos-de-lap-en-cisjordanie-occupee\/#article","isPartOf":{"@id":"https:\/\/charleroi-pourlapalestine.be\/index.php\/2023\/11\/10\/le-chef-de-larmee-israelienne-encense-les-collabos-de-lap-en-cisjordanie-occupee\/"},"author":{"name":"admin1873","@id":"https:\/\/charleroi-pourlapalestine.be\/#\/schema\/person\/c19ff515112f1299d8c12671d8fe3faa"},"headline":"Le chef de l\u2019arm\u00e9e isra\u00e9lienne encense les collabos de l\u2019AP en Cisjordanie occup\u00e9e","datePublished":"2023-11-10T15:59:54+00:00","dateModified":"2023-11-10T15:59:58+00:00","mainEntityOfPage":{"@id":"https:\/\/charleroi-pourlapalestine.be\/index.php\/2023\/11\/10\/le-chef-de-larmee-israelienne-encense-les-collabos-de-lap-en-cisjordanie-occupee\/"},"wordCount":1711,"publisher":{"@id":"https:\/\/charleroi-pourlapalestine.be\/#organization"},"image":{"@id":"https:\/\/charleroi-pourlapalestine.be\/index.php\/2023\/11\/10\/le-chef-de-larmee-israelienne-encense-les-collabos-de-lap-en-cisjordanie-occupee\/#primaryimage"},"thumbnailUrl":"https:\/\/charleroi-pourlapalestine.be\/wp-content\/uploads\/2023\/11\/Blinken-et-Abbas.jpeg","articleSection":["Autorit\u00e9 palestinienne","Cisjordanie","Collaboration","Etats-Unis","Gaza","G\u00e9nocide"],"inLanguage":"fr-FR"},{"@type":"WebPage","@id":"https:\/\/charleroi-pourlapalestine.be\/index.php\/2023\/11\/10\/le-chef-de-larmee-israelienne-encense-les-collabos-de-lap-en-cisjordanie-occupee\/","url":"https:\/\/charleroi-pourlapalestine.be\/index.php\/2023\/11\/10\/le-chef-de-larmee-israelienne-encense-les-collabos-de-lap-en-cisjordanie-occupee\/","name":"Le chef de l\u2019arm\u00e9e isra\u00e9lienne encense les collabos de l\u2019AP en Cisjordanie occup\u00e9e","isPartOf":{"@id":"https:\/\/charleroi-pourlapalestine.be\/#website"},"primaryImageOfPage":{"@id":"https:\/\/charleroi-pourlapalestine.be\/index.php\/2023\/11\/10\/le-chef-de-larmee-israelienne-encense-les-collabos-de-lap-en-cisjordanie-occupee\/#primaryimage"},"image":{"@id":"https:\/\/charleroi-pourlapalestine.be\/index.php\/2023\/11\/10\/le-chef-de-larmee-israelienne-encense-les-collabos-de-lap-en-cisjordanie-occupee\/#primaryimage"},"thumbnailUrl":"https:\/\/charleroi-pourlapalestine.be\/wp-content\/uploads\/2023\/11\/Blinken-et-Abbas.jpeg","datePublished":"2023-11-10T15:59:54+00:00","dateModified":"2023-11-10T15:59:58+00:00","description":"L\u2019AP s\u2019emploie quotidiennement \u00e0 emp\u00eacher des manifestations de soutien au Hamas et ce, avant toute chose, en raison de ses propres int\u00e9r\u00eats","breadcrumb":{"@id":"https:\/\/charleroi-pourlapalestine.be\/index.php\/2023\/11\/10\/le-chef-de-larmee-israelienne-encense-les-collabos-de-lap-en-cisjordanie-occupee\/#breadcrumb"},"inLanguage":"fr-FR","potentialAction":[{"@type":"ReadAction","target":["https:\/\/charleroi-pourlapalestine.be\/index.php\/2023\/11\/10\/le-chef-de-larmee-israelienne-encense-les-collabos-de-lap-en-cisjordanie-occupee\/"]}]},{"@type":"ImageObject","inLanguage":"fr-FR","@id":"https:\/\/charleroi-pourlapalestine.be\/index.php\/2023\/11\/10\/le-chef-de-larmee-israelienne-encense-les-collabos-de-lap-en-cisjordanie-occupee\/#primaryimage","url":"","contentUrl":""},{"@type":"BreadcrumbList","@id":"https:\/\/charleroi-pourlapalestine.be\/index.php\/2023\/11\/10\/le-chef-de-larmee-israelienne-encense-les-collabos-de-lap-en-cisjordanie-occupee\/#breadcrumb","itemListElement":[{"@type":"ListItem","position":1,"name":"Accueil","item":"https:\/\/charleroi-pourlapalestine.be\/"},{"@type":"ListItem","position":2,"name":"Le chef de l\u2019arm\u00e9e isra\u00e9lienne encense les collabos de l\u2019AP en Cisjordanie occup\u00e9e"}]},{"@type":"WebSite","@id":"https:\/\/charleroi-pourlapalestine.be\/#website","url":"https:\/\/charleroi-pourlapalestine.be\/","name":"Charleroi Pour la Palestine","description":"","publisher":{"@id":"https:\/\/charleroi-pourlapalestine.be\/#organization"},"potentialAction":[{"@type":"SearchAction","target":{"@type":"EntryPoint","urlTemplate":"https:\/\/charleroi-pourlapalestine.be\/?s={search_term_string}"},"query-input":{"@type":"PropertyValueSpecification","valueRequired":true,"valueName":"search_term_string"}}],"inLanguage":"fr-FR"},{"@type":"Organization","@id":"https:\/\/charleroi-pourlapalestine.be\/#organization","name":"Plate-forme Charleroi-Palestine","url":"https:\/\/charleroi-pourlapalestine.be\/","logo":{"@type":"ImageObject","inLanguage":"fr-FR","@id":"https:\/\/charleroi-pourlapalestine.be\/#\/schema\/logo\/image\/","url":"https:\/\/charleroi-pourlapalestine.be\/wp-content\/uploads\/2020\/01\/logo-Copy.jpg","contentUrl":"https:\/\/charleroi-pourlapalestine.be\/wp-content\/uploads\/2020\/01\/logo-Copy.jpg","width":180,"height":180,"caption":"Plate-forme Charleroi-Palestine"},"image":{"@id":"https:\/\/charleroi-pourlapalestine.be\/#\/schema\/logo\/image\/"},"sameAs":["https:\/\/www.facebook.com\/PlateformeCharleroiPalestine\/","https:\/\/x.com\/LaCharleroi"]},{"@type":"Person","@id":"https:\/\/charleroi-pourlapalestine.be\/#\/schema\/person\/c19ff515112f1299d8c12671d8fe3faa","name":"admin1873","url":"https:\/\/charleroi-pourlapalestine.be\/index.php\/author\/admin1873\/"}]}},"_links":{"self":[{"href":"https:\/\/charleroi-pourlapalestine.be\/index.php\/wp-json\/wp\/v2\/posts\/62702","targetHints":{"allow":["GET"]}}],"collection":[{"href":"https:\/\/charleroi-pourlapalestine.be\/index.php\/wp-json\/wp\/v2\/posts"}],"about":[{"href":"https:\/\/charleroi-pourlapalestine.be\/index.php\/wp-json\/wp\/v2\/types\/post"}],"author":[{"embeddable":true,"href":"https:\/\/charleroi-pourlapalestine.be\/index.php\/wp-json\/wp\/v2\/users\/1"}],"replies":[{"embeddable":true,"href":"https:\/\/charleroi-pourlapalestine.be\/index.php\/wp-json\/wp\/v2\/comments?post=62702"}],"version-history":[{"count":0,"href":"https:\/\/charleroi-pourlapalestine.be\/index.php\/wp-json\/wp\/v2\/posts\/62702\/revisions"}],"wp:attachment":[{"href":"https:\/\/charleroi-pourlapalestine.be\/index.php\/wp-json\/wp\/v2\/media?parent=62702"}],"wp:term":[{"taxonomy":"category","embeddable":true,"href":"https:\/\/charleroi-pourlapalestine.be\/index.php\/wp-json\/wp\/v2\/categories?post=62702"},{"taxonomy":"post_tag","embeddable":true,"href":"https:\/\/charleroi-pourlapalestine.be\/index.php\/wp-json\/wp\/v2\/tags?post=62702"}],"curies":[{"name":"wp","href":"https:\/\/api.w.org\/{rel}","templated":true}]}}