{"id":638,"date":"2019-11-02T16:35:12","date_gmt":"2019-11-02T15:35:12","guid":{"rendered":"https:\/\/charleroi-pourlapalestine.be\/?p=638"},"modified":"2020-02-25T05:29:15","modified_gmt":"2020-02-25T04:29:15","slug":"cpi-le-jaccuse-de-norman-finkelstein","status":"publish","type":"post","link":"https:\/\/charleroi-pourlapalestine.be\/index.php\/2019\/11\/02\/cpi-le-jaccuse-de-norman-finkelstein\/","title":{"rendered":"Norman Finkelstein et la Cour P\u00e9nale Internationale : <em>\u00ab\u00a0J\u2019accuse\u00a0\u00bb<\/em>"},"content":{"rendered":"\n<h1 class=\"wp-block-heading\"><\/h1>\n\n\n\n<p>Norman Finkelstein, le  politologue am\u00e9ricain d\u00e9nonce dans un livre qu\u2019il vient de publier  (en  anglais)  le refus de de <strong>Fatou Bensaouda<\/strong>, <strong>Procureure G\u00e9n\u00e9rale de la  Cour  P\u00e9nale Internationale (CPI), <\/strong>d\u2019enqu\u00eater sur les crimes  isra\u00e9liens. <\/p>\n\n\n\n<p><\/p>\n\n\n\n<div class=\"wp-block-image\"><figure class=\"aligncenter\"><img decoding=\"async\" src=\"http:\/\/www.europalestine.com\/IMG\/jpg\/norman_finkelstein_drapeau_palestinien.jpg?1572853750\" alt=\"\"\/><figcaption>Norman Finkelstein<\/figcaption><\/figure><\/div>\n\n\n\n<p> <br><strong>Norman Finkelstein<\/strong> accuse la procureure g\u00e9n\u00e9rale de la <strong>Cour P\u00e9nale Internationale <\/strong>de vouloir <em>\u00ab\u00a0blanchir Isra\u00ebl de ses crimes\u00a0\u00bb<\/em>.<\/p>\n\n\n\n<p>Dans un chapitre de son livre intitul\u00e9<em> \u00ab\u00a0J\u2019accuse&nbsp;!\u00a0\u00bb<\/em>, <strong>Norman  Finkelstein<\/strong> reproche notamment \u00e0 <strong>Fatou Bensouda<\/strong> de couvrir la  responsabilit\u00e9 isra\u00e9lienne dans l\u2019affaire du <strong>Mavi Marmara<\/strong>, un raid  meurtrier de la marine sur une flottille humanitaire \u00e0 destination de <strong> Gaza <\/strong>en 2010.<\/p>\n\n\n\n<p><strong>Finkelstein<\/strong> rappelle que <em>\u00ab\u00a0la procureure g\u00e9n\u00e9rale a honteusement  d\u00e9cr\u00e9t\u00e9 que le crime n\u2019\u00e9tait pas \u00ab\u00a0suffisamment massif \u00ab\u00a0<\/em> pour m\u00e9riter une  enqu\u00eate. Il ajoute <em>\u00ab\u00a0elle a pu parvenir \u00e0 cette conclusion d\u2019une part en  d\u00e9formant grossi\u00e8rement les faits, et d\u2019autre part en les sortant de  leur contexte, \u00e0 savoir le blocus isra\u00e9lien ill\u00e9gal de Gaza et la  situation humanitaire catastrophique sur place\u00a0\u00bb<\/em>.<\/p>\n\n\n\n<p><em>\u00ab\u00a0Mais bien que <strong>Fatou Bensaouda<\/strong> ait d\u00e9clar\u00e9 deux fois l\u2019affaire close,  des pressions venues de l\u2019int\u00e9rieur de la <strong>CPI<\/strong> l\u2019ont contrainte \u00e0 revoir  sa position. Car la preuve irr\u00e9futable que la justice a \u00e9t\u00e9 pervertie  se trouve inscrite dans les archives profuses de la <strong>Cour<\/strong>\u00ab\u00a0, <\/em> explique-t-il.<\/p>\n\n\n\n<p>L\u2019affaire du <strong>Mavi Marmara<\/strong> a d\u00e9but\u00e9 en 2013, quand les <strong>Comores<\/strong> (le  bateau attaqu\u00e9 naviguait sous leur pavillon) ont demand\u00e9 l\u2019ouverture  d\u2019une enqu\u00eate aupr\u00e8s de la <strong>CPI<\/strong>. Le raid isra\u00e9lien sur la flottille  humanitaire avait fait neuf morts et trente bless\u00e9s, dont l\u2019un d\u00e9c\u00e9dera  apr\u00e8s quatre ans de coma.<\/p>\n\n\n\n<p><strong>Norman Finkelstein<\/strong> souligne \u00e9galement que la<strong> Palestine<\/strong> a d\u00e9pos\u00e9 deux  plaintes aupr\u00e8s de la <strong>Cour P\u00e9nale Internationale<\/strong> au sujet de la  colonisation de la <strong>Cisjordanie<\/strong>, et de l\u2019attaque isra\u00e9lienne de <strong>Gaza<\/strong> \u00e0  l\u2019\u00e9t\u00e9 2014, <em>\u00ab\u00a0mais Mme&nbsp;Bensaouda n\u2019a toujours pas d\u00e9cid\u00e9 d\u2019ouvrir  l\u2019enqu\u00eate\u00a0\u00bb.<\/em><\/p>\n\n\n\n<p><em>\u00ab\u00a0Pourtant les quinze juges de la <strong>CPI<\/strong> ont unanimement d\u00e9clar\u00e9 les  colonies isra\u00e9liennes ill\u00e9gales il y a un peu plus de dix ans, et l\u2019<strong>ONU<\/strong> a  fait de m\u00eame plus r\u00e9cemment, les d\u00e9clarant sans validit\u00e9 l\u00e9gale et  constituant une violation flagrante du droit international.\u00a0\u00bb<\/em><\/p>\n\n\n\n<p><em>\u00ab\u00a0Quant \u00e0 l\u2019op\u00e9ration <strong>\u00ab\u00a0Bordure Protectrice\u00a0\u00bb<\/strong>, c\u2019est \u00e0 dire les  bombardements massifs et continus de la population palestinienne en  2014, seul un procureur songeant \u00e0 sa carri\u00e8re avant d\u2019analyser les  faits pourrait estimer que le meurtre de 550 enfants palestiniens, et la  destruction m\u00e9thodique de 18.000 habitations \u00e0 <strong>Gaza<\/strong> (pour un enfant  mort et une maison d\u00e9truite en <strong>Isra\u00ebl) <\/strong>constituent \u00ab\u00a0une situation  l\u00e9galement complexe\u00a0\u00bb<\/em>, \u00e9crit encore <strong>Finkelstein.<\/strong><\/p>\n\n\n\n<p><em>\u00ab\u00a0La procureure g\u00e9n\u00e9rale va probablement invoquer le principe de  compl\u00e9mentarit\u00e9, en vertu duquel la <strong>CPI<\/strong> ne peut ouvrir un dossier que si  les tribunaux nationaux n\u2019en ont pas eux-m\u00eames la capacit\u00e9.\u00a0\u00bb (Or on  connait la justice de l\u2019occupant isra\u00e9lien&#8230;)<\/em><\/p>\n\n\n\n<p><\/p>\n\n\n\n<p> \u00ab\u00a0<em>Si Madame Fatou Bensouda est l\u00e0 pour rendre la justice, elle doit  choisir entre ouvrir une enqu\u00eate sur les accusations de crimes  isra\u00e9liens, soit d\u00e9missionner\u00a0\u00bb<\/em>, conclut l\u2019auteur.<\/p>\n\n\n\n<figure class=\"wp-block-image\"><img decoding=\"async\" src=\"http:\/\/www.europalestine.com\/local\/cache-vignettes\/L8xH11\/puce-32883.gif?1551269624\" alt=\"-\"\/><\/figure>\n\n\n\n<p>&nbsp;<\/p>\n\n\n\n<figure class=\"wp-block-image\"><img decoding=\"async\" src=\"http:\/\/www.europalestine.com\/IMG\/jpg\/dessin_latuff_cpi_re_duit.jpg?1572854497\" alt=\"\"\/><figcaption>Carlos Latuff<br><\/figcaption><\/figure>\n\n\n\n<p>Publi\u00e9 le<abbr title=\"2019-11-04T08:00:30Z\"> 30 octobre 2019 sur <\/abbr><a rel=\"noreferrer noopener\" aria-label=\"https:\/\/www.middleeastmonitor.com\/ (s\u2019ouvre dans un nouvel onglet)\" href=\"https:\/\/www.middleeastmonitor.com\/\" target=\"_blank\">https:\/\/www.middleeastmonitor.com\/<\/a><\/p>\n\n\n\n<p>Traduit pas Sarah V. pour CAPJPO-EuroPalestine<\/p>\n","protected":false},"excerpt":{"rendered":"<p>Norman Finkelstein d\u00e9nonce le refus de de Fatou Bensaouda, Procureure G\u00e9n\u00e9rale de la  Cour  P\u00e9nale Internationale (CPI), d\u2019enqu\u00eater sur les crimes  isra\u00e9liens. <\/p>\n","protected":false},"author":1,"featured_media":0,"comment_status":"closed","ping_status":"open","sticky":false,"template":"","format":"standard","meta":{"ngg_post_thumbnail":0,"footnotes":""},"categories":[40,52,125],"tags":[],"class_list":["post-638","post","type-post","status-publish","format-standard","hentry","category-les-crimes-de-guerre","category-la-cour-penale-internationale","category-impunite"],"yoast_head":"<!-- This site is optimized with the Yoast SEO plugin v27.3 - https:\/\/yoast.com\/product\/yoast-seo-wordpress\/ -->\n<title>Norman Finkelstein et la Cour P\u00e9nale Internationale : &quot;J\u2019accuse&quot;<\/title>\n<meta name=\"description\" content=\"Norman Finkelstein d\u00e9nonce le refus de de Fatou Bensaouda, Procureure G\u00e9n\u00e9rale de la Cour P\u00e9nale Internationale (CPI), d\u2019enqu\u00eater sur les crimes isra\u00e9liens.\" \/>\n<meta name=\"robots\" content=\"index, follow, max-snippet:-1, max-image-preview:large, max-video-preview:-1\" \/>\n<link rel=\"canonical\" href=\"https:\/\/charleroi-pourlapalestine.be\/index.php\/2019\/11\/02\/cpi-le-jaccuse-de-norman-finkelstein\/\" \/>\n<script type=\"application\/ld+json\" class=\"yoast-schema-graph\">{\"@context\":\"https:\\\/\\\/schema.org\",\"@graph\":[{\"@type\":\"Article\",\"@id\":\"https:\\\/\\\/charleroi-pourlapalestine.be\\\/index.php\\\/2019\\\/11\\\/02\\\/cpi-le-jaccuse-de-norman-finkelstein\\\/#article\",\"isPartOf\":{\"@id\":\"https:\\\/\\\/charleroi-pourlapalestine.be\\\/index.php\\\/2019\\\/11\\\/02\\\/cpi-le-jaccuse-de-norman-finkelstein\\\/\"},\"author\":{\"name\":\"admin1873\",\"@id\":\"https:\\\/\\\/charleroi-pourlapalestine.be\\\/#\\\/schema\\\/person\\\/c19ff515112f1299d8c12671d8fe3faa\"},\"headline\":\"Norman Finkelstein et la Cour P\u00e9nale Internationale : \u00ab\u00a0J\u2019accuse\u00a0\u00bb\",\"datePublished\":\"2019-11-02T15:35:12+00:00\",\"dateModified\":\"2020-02-25T04:29:15+00:00\",\"mainEntityOfPage\":{\"@id\":\"https:\\\/\\\/charleroi-pourlapalestine.be\\\/index.php\\\/2019\\\/11\\\/02\\\/cpi-le-jaccuse-de-norman-finkelstein\\\/\"},\"wordCount\":568,\"publisher\":{\"@id\":\"https:\\\/\\\/charleroi-pourlapalestine.be\\\/#organization\"},\"image\":{\"@id\":\"https:\\\/\\\/charleroi-pourlapalestine.be\\\/index.php\\\/2019\\\/11\\\/02\\\/cpi-le-jaccuse-de-norman-finkelstein\\\/#primaryimage\"},\"thumbnailUrl\":\"http:\\\/\\\/www.europalestine.com\\\/IMG\\\/jpg\\\/norman_finkelstein_drapeau_palestinien.jpg?1572853750\",\"articleSection\":[\"Crimes de guerre\",\"Etats-Unis\",\"Impunit\u00e9\"],\"inLanguage\":\"fr-FR\"},{\"@type\":\"WebPage\",\"@id\":\"https:\\\/\\\/charleroi-pourlapalestine.be\\\/index.php\\\/2019\\\/11\\\/02\\\/cpi-le-jaccuse-de-norman-finkelstein\\\/\",\"url\":\"https:\\\/\\\/charleroi-pourlapalestine.be\\\/index.php\\\/2019\\\/11\\\/02\\\/cpi-le-jaccuse-de-norman-finkelstein\\\/\",\"name\":\"Norman Finkelstein et la Cour P\u00e9nale Internationale : \\\"J\u2019accuse\\\"\",\"isPartOf\":{\"@id\":\"https:\\\/\\\/charleroi-pourlapalestine.be\\\/#website\"},\"primaryImageOfPage\":{\"@id\":\"https:\\\/\\\/charleroi-pourlapalestine.be\\\/index.php\\\/2019\\\/11\\\/02\\\/cpi-le-jaccuse-de-norman-finkelstein\\\/#primaryimage\"},\"image\":{\"@id\":\"https:\\\/\\\/charleroi-pourlapalestine.be\\\/index.php\\\/2019\\\/11\\\/02\\\/cpi-le-jaccuse-de-norman-finkelstein\\\/#primaryimage\"},\"thumbnailUrl\":\"http:\\\/\\\/www.europalestine.com\\\/IMG\\\/jpg\\\/norman_finkelstein_drapeau_palestinien.jpg?1572853750\",\"datePublished\":\"2019-11-02T15:35:12+00:00\",\"dateModified\":\"2020-02-25T04:29:15+00:00\",\"description\":\"Norman Finkelstein d\u00e9nonce le refus de de Fatou Bensaouda, Procureure G\u00e9n\u00e9rale de la Cour P\u00e9nale Internationale (CPI), d\u2019enqu\u00eater sur les crimes isra\u00e9liens.\",\"breadcrumb\":{\"@id\":\"https:\\\/\\\/charleroi-pourlapalestine.be\\\/index.php\\\/2019\\\/11\\\/02\\\/cpi-le-jaccuse-de-norman-finkelstein\\\/#breadcrumb\"},\"inLanguage\":\"fr-FR\",\"potentialAction\":[{\"@type\":\"ReadAction\",\"target\":[\"https:\\\/\\\/charleroi-pourlapalestine.be\\\/index.php\\\/2019\\\/11\\\/02\\\/cpi-le-jaccuse-de-norman-finkelstein\\\/\"]}]},{\"@type\":\"ImageObject\",\"inLanguage\":\"fr-FR\",\"@id\":\"https:\\\/\\\/charleroi-pourlapalestine.be\\\/index.php\\\/2019\\\/11\\\/02\\\/cpi-le-jaccuse-de-norman-finkelstein\\\/#primaryimage\",\"url\":\"http:\\\/\\\/www.europalestine.com\\\/IMG\\\/jpg\\\/norman_finkelstein_drapeau_palestinien.jpg?1572853750\",\"contentUrl\":\"http:\\\/\\\/www.europalestine.com\\\/IMG\\\/jpg\\\/norman_finkelstein_drapeau_palestinien.jpg?1572853750\"},{\"@type\":\"BreadcrumbList\",\"@id\":\"https:\\\/\\\/charleroi-pourlapalestine.be\\\/index.php\\\/2019\\\/11\\\/02\\\/cpi-le-jaccuse-de-norman-finkelstein\\\/#breadcrumb\",\"itemListElement\":[{\"@type\":\"ListItem\",\"position\":1,\"name\":\"Accueil\",\"item\":\"https:\\\/\\\/charleroi-pourlapalestine.be\\\/\"},{\"@type\":\"ListItem\",\"position\":2,\"name\":\"Norman Finkelstein et la Cour P\u00e9nale Internationale : &#8220;J\u2019accuse&#8221;\"}]},{\"@type\":\"WebSite\",\"@id\":\"https:\\\/\\\/charleroi-pourlapalestine.be\\\/#website\",\"url\":\"https:\\\/\\\/charleroi-pourlapalestine.be\\\/\",\"name\":\"Charleroi Pour la Palestine\",\"description\":\"\",\"publisher\":{\"@id\":\"https:\\\/\\\/charleroi-pourlapalestine.be\\\/#organization\"},\"potentialAction\":[{\"@type\":\"SearchAction\",\"target\":{\"@type\":\"EntryPoint\",\"urlTemplate\":\"https:\\\/\\\/charleroi-pourlapalestine.be\\\/?s={search_term_string}\"},\"query-input\":{\"@type\":\"PropertyValueSpecification\",\"valueRequired\":true,\"valueName\":\"search_term_string\"}}],\"inLanguage\":\"fr-FR\"},{\"@type\":\"Organization\",\"@id\":\"https:\\\/\\\/charleroi-pourlapalestine.be\\\/#organization\",\"name\":\"Plate-forme Charleroi-Palestine\",\"url\":\"https:\\\/\\\/charleroi-pourlapalestine.be\\\/\",\"logo\":{\"@type\":\"ImageObject\",\"inLanguage\":\"fr-FR\",\"@id\":\"https:\\\/\\\/charleroi-pourlapalestine.be\\\/#\\\/schema\\\/logo\\\/image\\\/\",\"url\":\"https:\\\/\\\/charleroi-pourlapalestine.be\\\/wp-content\\\/uploads\\\/2020\\\/01\\\/logo-Copy.jpg\",\"contentUrl\":\"https:\\\/\\\/charleroi-pourlapalestine.be\\\/wp-content\\\/uploads\\\/2020\\\/01\\\/logo-Copy.jpg\",\"width\":180,\"height\":180,\"caption\":\"Plate-forme Charleroi-Palestine\"},\"image\":{\"@id\":\"https:\\\/\\\/charleroi-pourlapalestine.be\\\/#\\\/schema\\\/logo\\\/image\\\/\"},\"sameAs\":[\"https:\\\/\\\/www.facebook.com\\\/PlateformeCharleroiPalestine\\\/\",\"https:\\\/\\\/x.com\\\/LaCharleroi\"]},{\"@type\":\"Person\",\"@id\":\"https:\\\/\\\/charleroi-pourlapalestine.be\\\/#\\\/schema\\\/person\\\/c19ff515112f1299d8c12671d8fe3faa\",\"name\":\"admin1873\",\"url\":\"https:\\\/\\\/charleroi-pourlapalestine.be\\\/index.php\\\/author\\\/admin1873\\\/\"}]}<\/script>\n<!-- \/ Yoast SEO plugin. -->","yoast_head_json":{"title":"Norman Finkelstein et la Cour P\u00e9nale Internationale : \"J\u2019accuse\"","description":"Norman Finkelstein d\u00e9nonce le refus de de Fatou Bensaouda, Procureure G\u00e9n\u00e9rale de la Cour P\u00e9nale Internationale (CPI), d\u2019enqu\u00eater sur les crimes isra\u00e9liens.","robots":{"index":"index","follow":"follow","max-snippet":"max-snippet:-1","max-image-preview":"max-image-preview:large","max-video-preview":"max-video-preview:-1"},"canonical":"https:\/\/charleroi-pourlapalestine.be\/index.php\/2019\/11\/02\/cpi-le-jaccuse-de-norman-finkelstein\/","schema":{"@context":"https:\/\/schema.org","@graph":[{"@type":"Article","@id":"https:\/\/charleroi-pourlapalestine.be\/index.php\/2019\/11\/02\/cpi-le-jaccuse-de-norman-finkelstein\/#article","isPartOf":{"@id":"https:\/\/charleroi-pourlapalestine.be\/index.php\/2019\/11\/02\/cpi-le-jaccuse-de-norman-finkelstein\/"},"author":{"name":"admin1873","@id":"https:\/\/charleroi-pourlapalestine.be\/#\/schema\/person\/c19ff515112f1299d8c12671d8fe3faa"},"headline":"Norman Finkelstein et la Cour P\u00e9nale Internationale : \u00ab\u00a0J\u2019accuse\u00a0\u00bb","datePublished":"2019-11-02T15:35:12+00:00","dateModified":"2020-02-25T04:29:15+00:00","mainEntityOfPage":{"@id":"https:\/\/charleroi-pourlapalestine.be\/index.php\/2019\/11\/02\/cpi-le-jaccuse-de-norman-finkelstein\/"},"wordCount":568,"publisher":{"@id":"https:\/\/charleroi-pourlapalestine.be\/#organization"},"image":{"@id":"https:\/\/charleroi-pourlapalestine.be\/index.php\/2019\/11\/02\/cpi-le-jaccuse-de-norman-finkelstein\/#primaryimage"},"thumbnailUrl":"http:\/\/www.europalestine.com\/IMG\/jpg\/norman_finkelstein_drapeau_palestinien.jpg?1572853750","articleSection":["Crimes de guerre","Etats-Unis","Impunit\u00e9"],"inLanguage":"fr-FR"},{"@type":"WebPage","@id":"https:\/\/charleroi-pourlapalestine.be\/index.php\/2019\/11\/02\/cpi-le-jaccuse-de-norman-finkelstein\/","url":"https:\/\/charleroi-pourlapalestine.be\/index.php\/2019\/11\/02\/cpi-le-jaccuse-de-norman-finkelstein\/","name":"Norman Finkelstein et la Cour P\u00e9nale Internationale : \"J\u2019accuse\"","isPartOf":{"@id":"https:\/\/charleroi-pourlapalestine.be\/#website"},"primaryImageOfPage":{"@id":"https:\/\/charleroi-pourlapalestine.be\/index.php\/2019\/11\/02\/cpi-le-jaccuse-de-norman-finkelstein\/#primaryimage"},"image":{"@id":"https:\/\/charleroi-pourlapalestine.be\/index.php\/2019\/11\/02\/cpi-le-jaccuse-de-norman-finkelstein\/#primaryimage"},"thumbnailUrl":"http:\/\/www.europalestine.com\/IMG\/jpg\/norman_finkelstein_drapeau_palestinien.jpg?1572853750","datePublished":"2019-11-02T15:35:12+00:00","dateModified":"2020-02-25T04:29:15+00:00","description":"Norman Finkelstein d\u00e9nonce le refus de de Fatou Bensaouda, Procureure G\u00e9n\u00e9rale de la Cour P\u00e9nale Internationale (CPI), d\u2019enqu\u00eater sur les crimes isra\u00e9liens.","breadcrumb":{"@id":"https:\/\/charleroi-pourlapalestine.be\/index.php\/2019\/11\/02\/cpi-le-jaccuse-de-norman-finkelstein\/#breadcrumb"},"inLanguage":"fr-FR","potentialAction":[{"@type":"ReadAction","target":["https:\/\/charleroi-pourlapalestine.be\/index.php\/2019\/11\/02\/cpi-le-jaccuse-de-norman-finkelstein\/"]}]},{"@type":"ImageObject","inLanguage":"fr-FR","@id":"https:\/\/charleroi-pourlapalestine.be\/index.php\/2019\/11\/02\/cpi-le-jaccuse-de-norman-finkelstein\/#primaryimage","url":"http:\/\/www.europalestine.com\/IMG\/jpg\/norman_finkelstein_drapeau_palestinien.jpg?1572853750","contentUrl":"http:\/\/www.europalestine.com\/IMG\/jpg\/norman_finkelstein_drapeau_palestinien.jpg?1572853750"},{"@type":"BreadcrumbList","@id":"https:\/\/charleroi-pourlapalestine.be\/index.php\/2019\/11\/02\/cpi-le-jaccuse-de-norman-finkelstein\/#breadcrumb","itemListElement":[{"@type":"ListItem","position":1,"name":"Accueil","item":"https:\/\/charleroi-pourlapalestine.be\/"},{"@type":"ListItem","position":2,"name":"Norman Finkelstein et la Cour P\u00e9nale Internationale : &#8220;J\u2019accuse&#8221;"}]},{"@type":"WebSite","@id":"https:\/\/charleroi-pourlapalestine.be\/#website","url":"https:\/\/charleroi-pourlapalestine.be\/","name":"Charleroi Pour la Palestine","description":"","publisher":{"@id":"https:\/\/charleroi-pourlapalestine.be\/#organization"},"potentialAction":[{"@type":"SearchAction","target":{"@type":"EntryPoint","urlTemplate":"https:\/\/charleroi-pourlapalestine.be\/?s={search_term_string}"},"query-input":{"@type":"PropertyValueSpecification","valueRequired":true,"valueName":"search_term_string"}}],"inLanguage":"fr-FR"},{"@type":"Organization","@id":"https:\/\/charleroi-pourlapalestine.be\/#organization","name":"Plate-forme Charleroi-Palestine","url":"https:\/\/charleroi-pourlapalestine.be\/","logo":{"@type":"ImageObject","inLanguage":"fr-FR","@id":"https:\/\/charleroi-pourlapalestine.be\/#\/schema\/logo\/image\/","url":"https:\/\/charleroi-pourlapalestine.be\/wp-content\/uploads\/2020\/01\/logo-Copy.jpg","contentUrl":"https:\/\/charleroi-pourlapalestine.be\/wp-content\/uploads\/2020\/01\/logo-Copy.jpg","width":180,"height":180,"caption":"Plate-forme Charleroi-Palestine"},"image":{"@id":"https:\/\/charleroi-pourlapalestine.be\/#\/schema\/logo\/image\/"},"sameAs":["https:\/\/www.facebook.com\/PlateformeCharleroiPalestine\/","https:\/\/x.com\/LaCharleroi"]},{"@type":"Person","@id":"https:\/\/charleroi-pourlapalestine.be\/#\/schema\/person\/c19ff515112f1299d8c12671d8fe3faa","name":"admin1873","url":"https:\/\/charleroi-pourlapalestine.be\/index.php\/author\/admin1873\/"}]}},"_links":{"self":[{"href":"https:\/\/charleroi-pourlapalestine.be\/index.php\/wp-json\/wp\/v2\/posts\/638","targetHints":{"allow":["GET"]}}],"collection":[{"href":"https:\/\/charleroi-pourlapalestine.be\/index.php\/wp-json\/wp\/v2\/posts"}],"about":[{"href":"https:\/\/charleroi-pourlapalestine.be\/index.php\/wp-json\/wp\/v2\/types\/post"}],"author":[{"embeddable":true,"href":"https:\/\/charleroi-pourlapalestine.be\/index.php\/wp-json\/wp\/v2\/users\/1"}],"replies":[{"embeddable":true,"href":"https:\/\/charleroi-pourlapalestine.be\/index.php\/wp-json\/wp\/v2\/comments?post=638"}],"version-history":[{"count":0,"href":"https:\/\/charleroi-pourlapalestine.be\/index.php\/wp-json\/wp\/v2\/posts\/638\/revisions"}],"wp:attachment":[{"href":"https:\/\/charleroi-pourlapalestine.be\/index.php\/wp-json\/wp\/v2\/media?parent=638"}],"wp:term":[{"taxonomy":"category","embeddable":true,"href":"https:\/\/charleroi-pourlapalestine.be\/index.php\/wp-json\/wp\/v2\/categories?post=638"},{"taxonomy":"post_tag","embeddable":true,"href":"https:\/\/charleroi-pourlapalestine.be\/index.php\/wp-json\/wp\/v2\/tags?post=638"}],"curies":[{"name":"wp","href":"https:\/\/api.w.org\/{rel}","templated":true}]}}