{"id":64909,"date":"2023-12-20T00:38:56","date_gmt":"2023-12-19T23:38:56","guid":{"rendered":"https:\/\/charleroi-pourlapalestine.be\/?p=64909"},"modified":"2023-12-20T00:39:08","modified_gmt":"2023-12-19T23:39:08","slug":"israel-attaque-les-hopitaux-tant-dans-le-nord-que-dans-le-sud-de-gaza","status":"publish","type":"post","link":"https:\/\/charleroi-pourlapalestine.be\/index.php\/2023\/12\/20\/israel-attaque-les-hopitaux-tant-dans-le-nord-que-dans-le-sud-de-gaza\/","title":{"rendered":"Isra\u00ebl attaque les h\u00f4pitaux tant dans le nord que dans le sud de Gaza"},"content":{"rendered":"<p>Isra\u00ebl continue \u00e0 pilonner Gaza, par air, terre et mer, tuant \u00e0 certains moments des dizaines de personnes d\u2019une m\u00eame famille au cours de ce qui s\u2019est mu\u00e9 en une horrible routine quotidienne pour un territoire qui souffre depuis trop longtemps.<\/p>\n<p>&nbsp;<\/p>\n<div id=\"attachment_64911\" style=\"width: 810px\" class=\"wp-caption aligncenter\"><img loading=\"lazy\" decoding=\"async\" aria-describedby=\"caption-attachment-64911\" class=\"wp-image-64911 size-full\" src=\"https:\/\/charleroi-pourlapalestine.be\/wp-content\/uploads\/2023\/12\/14-decembre.-Des-Palestiniens-cherchent-des-survivants-apres-un-bombardement-israelien-a-Rafah-dans-le-sud-de-Gaza.jpg\" alt=\"14 d\u00e9cembre. Des Palestiniens cherchent des survivants apr\u00e8s un bombardement d'Isra\u00ebl \u00e0 Rafah, dans le sud de Gaza\" width=\"800\" height=\"533\" srcset=\"https:\/\/charleroi-pourlapalestine.be\/wp-content\/uploads\/2023\/12\/14-decembre.-Des-Palestiniens-cherchent-des-survivants-apres-un-bombardement-israelien-a-Rafah-dans-le-sud-de-Gaza.jpg 800w, https:\/\/charleroi-pourlapalestine.be\/wp-content\/uploads\/2023\/12\/14-decembre.-Des-Palestiniens-cherchent-des-survivants-apres-un-bombardement-israelien-a-Rafah-dans-le-sud-de-Gaza-300x200.jpg 300w, https:\/\/charleroi-pourlapalestine.be\/wp-content\/uploads\/2023\/12\/14-decembre.-Des-Palestiniens-cherchent-des-survivants-apres-un-bombardement-israelien-a-Rafah-dans-le-sud-de-Gaza-768x512.jpg 768w\" sizes=\"auto, (max-width: 800px) 100vw, 800px\" \/><p id=\"caption-attachment-64911\" class=\"wp-caption-text\"><strong>14 d\u00e9cembre. Des Palestiniens cherchent des survivants apr\u00e8s un bombardement isra\u00e9lien \u00e0 Rafah, dans le sud de Gaz <em>. <\/em><\/strong>(Photo : Bashar Taleb \/ APA images)<strong><br \/><\/strong><\/p><\/div>\n<p>&nbsp;<\/p>\n<p><strong>Maureen Clare Murphy<\/strong>, 18 d\u00e9cembre 2023<\/p>\n<blockquote class=\"twitter-tweet\" data-width=\"500\" data-dnt=\"true\">\n<p lang=\"en\" dir=\"ltr\">109 (!) members of the Dughmosh family, killed in Israeli airstrikes on the homes they were sheltering last night. <a href=\"https:\/\/t.co\/dLzMyNxdKr\">https:\/\/t.co\/dLzMyNxdKr<\/a><\/p>\n<p>&mdash; Mohammad Alsaafin (@malsaafin) <a href=\"https:\/\/twitter.com\/malsaafin\/status\/1736503844031406186?ref_src=twsrc%5Etfw\">December 17, 2023<\/a><\/p><\/blockquote>\n<p><script async src=\"https:\/\/platform.twitter.com\/widgets.js\" charset=\"utf-8\"><\/script><\/p>\n<p>&nbsp;<\/p>\n<p>Des zones enti\u00e8res du <strong>sud de Gaza<\/strong> sont frapp\u00e9es, m\u00eame apr\u00e8s l\u2019arriv\u00e9e de centaines de milliers de personnes qui fuyaient le nord, et des organisations de d\u00e9fense des droits humains affirment qu\u2019<em>\u00ab il n\u2019y a plus un seul endroit s\u00fbr \u00bb<\/em> sur tout le territoire.<\/p>\n<p>Ces derniers jours, les forces isra\u00e9liennes ont attaqu\u00e9 un complexe de<strong> l\u2019\u00c9glise catholique \u00e0 Gaza<\/strong>, ex\u00e9cut\u00e9 trois captifs qui cherchaient \u00e0 se mettre \u00e0 l\u2019abri et <strong>pris d\u2019assaut des h\u00f4pitaux tant dans le nord que dans le sud<\/strong> de l\u2019enclave.<\/p>\n<p>Les forces isra\u00e9liennes ont abattu et tu\u00e9 deux femmes \u2013 une m\u00e8re et sa fille \u2013 \u00e0 l\u2019int\u00e9rieur du complexe de la <strong>Paroisse de la Sainte Famille<\/strong> \u00e0 <strong>Gaza<\/strong> m\u00eame, <em>\u00ab o\u00f9 la majorit\u00e9 des familles chr\u00e9tiennes se sont r\u00e9fugi\u00e9es depuis le d\u00e9but de la guerre \u00bb<\/em>, a d\u00e9clar\u00e9 samedi le patriarcat latin de J\u00e9rusalem.<\/p>\n<p>Les femmes, identifi\u00e9es comme Nahida et Samar Anton, <em>\u00ab ont \u00e9t\u00e9 abattues de sang-froid \u00e0 l\u2019int\u00e9rieur des b\u00e2timents de la paroisse, o\u00f9 il n\u2019y a pas de bellig\u00e9rants \u00bb<\/em>, a ajout\u00e9 le patriarcat.<\/p>\n<p>L\u2019\u00e9quipage d\u2019un char isra\u00e9lien a \u00e9galement ouvert le feu sur un couvent du complexe eccl\u00e9siastique, a ajout\u00e9 le patriarcat, d\u00e9truisant son g\u00e9n\u00e9rateur et ses r\u00e9serves de carburant et provoquant ainsi <em>\u00ab une explosion et un \u00e9norme incendie \u00bb.<\/em><\/p>\n<p>L\u2019attaque a chass\u00e9 54 personnes atteintes de handicaps et qui se retrouvent d\u00e9sormais <em>\u00ab sans possibilit\u00e9 d\u2019acc\u00e8s aux respirateurs dont certaines ne peuvent se passer pour survivre \u00bb.<\/em><\/p>\n<p>Lors de sa b\u00e9n\u00e9diction hebdomadaire, <strong>le pape Fran\u00e7ois a condamn\u00e9 l\u2019attaque en la qualifiant de <em>\u00ab terrorisme \u00bb<\/em><\/strong> :<\/p>\n<blockquote class=\"twitter-tweet\" data-width=\"500\" data-dnt=\"true\">\n<p lang=\"en\" dir=\"ltr\">VATICAN <\/p>\n<p>Pope Francis has spoken very strongly about the killing of Catholics in Gaza <a href=\"https:\/\/t.co\/POrvvu10PH\">pic.twitter.com\/POrvvu10PH<\/a><\/p>\n<p>&mdash; Catholic Arena (@CatholicArena) <a href=\"https:\/\/twitter.com\/CatholicArena\/status\/1736403057804533886?ref_src=twsrc%5Etfw\">December 17, 2023<\/a><\/p><\/blockquote>\n<p><script async src=\"https:\/\/platform.twitter.com\/widgets.js\" charset=\"utf-8\"><\/script><\/p>\n<p>&nbsp;<\/p>\n<p>Samedi \u00e9galement, les forces isra\u00e9liennes ont frapp\u00e9 l\u2019immeuble de la <strong>YMCA<\/strong>, dans le quartier d\u2019al-Rimal \u00e0 Gaza, \u00ab <em>tuant six Palestiniens et en blessant de nombreux autres<\/em> \u00bb, a fait savoir le <strong>Bureau des Nations unies pour la Coordination des affaires humanitaires (OCHA).<\/strong><\/p>\n<p>Quelque 250 d\u00e9plac\u00e9s internes s\u2019abritaient dans le b\u00e2timent, \u00e0 ce moment.<\/p>\n<p>Les frappes a\u00e9riennes les plus intenses se sont produites \u00e0<strong> Khan Younis<\/strong>, dans la partie sud du territoire, ainsi que dans les faubourgs gazaouis de <strong>Shujaiya, al-Tuffah <\/strong>et <strong>al-Daraj<\/strong>, selon l\u2019OCHA.<\/p>\n<p>Le bureau des Nations unies a ajout\u00e9 que<\/p>\n<blockquote><p>\u00ab d\u2019intenses op\u00e9rations terrestres et combats entre les forces isra\u00e9liennes et les organisations arm\u00e9es palestiniennes se poursuivaient le 16 d\u00e9cembre, plus particuli\u00e8rement \u00e0 Khan Younis et \u00e0 Rafah, dans le sud de Gaza \u00bb,<\/p><\/blockquote>\n<p>alors que les combattants palestiniens continuaient de lancer des roquettes en direction d\u2019Isra\u00ebl.<\/p>\n<p>Gaza est soumise depuis jeudi \u00e0 son <strong>cinqui\u00e8me blackout<\/strong> \u2013 le plus long depuis le d\u00e9but \u2013 de ses services de t\u00e9l\u00e9communications et d\u2019internet. Les services de t\u00e9l\u00e9communications ont \u00e9t\u00e9 partiellement restaur\u00e9s dimanche.<\/p>\n<p>&nbsp;<\/p>\n<h3><strong>18 800 tu\u00e9s, 8 000 personnes port\u00e9es manquantes<\/strong><\/h3>\n<p>Le minist\u00e8re palestinien de la sant\u00e9 \u00e0 Gaza a d\u00e9clar\u00e9 jeudi \u2013 la derni\u00e8re fois o\u00f9 les chiffres des victimes ont \u00e9t\u00e9 mis \u00e0 jour \u2013 que pr\u00e8s de 18 800 Palestiniens avaient \u00e9t\u00e9 tu\u00e9s sur tout le territoire depuis le 7 octobre, dont environ <strong>70 pour 100 de femmes et d\u2019enfants<\/strong>. On estime \u00e9galement que plus de <strong>50 000 personnes ont \u00e9t\u00e9 bless\u00e9es.<\/strong><\/p>\n<p>La <strong>D\u00e9fense civile palestinienne<\/strong> a d\u00e9clar\u00e9 la semaine derni\u00e8re que 8 000 personnes \u00e9taient port\u00e9es manquantes et se trouvaient toujours sous les d\u00e9combres des b\u00e2timents d\u00e9truits par les frappes isra\u00e9liennes.<\/p>\n<p>Environ 120 soldats isra\u00e9liens ont \u00e9t\u00e9 tu\u00e9s lors de l\u2019invasion terrestre de Gaza.<\/p>\n<p>Vendredi, <strong>l\u2019arm\u00e9e isra\u00e9lienne a tu\u00e9 trois captifs<\/strong> d\u00e9tenus \u00e0 Gaza depuis le 7 octobre. Les trois jeunes hommes, qui s\u2019\u00e9taient peut-\u00eatre \u00e9chapp\u00e9s ou avaient \u00e9t\u00e9 lib\u00e9r\u00e9s et abandonn\u00e9s par leurs ravisseurs, \u00e9taient torse nu et agitaient des drapeaux blancs au moment o\u00f9 ils ont \u00e9t\u00e9 ex\u00e9cut\u00e9s par des soldats isra\u00e9liens \u00e0 Shujaiya, \u00e0 l\u2019est de la ville de Gaza.<\/p>\n<p>Au sommet du b\u00e2timent o\u00f9 ils ont \u00e9t\u00e9 tu\u00e9s, ils avaient \u00e9galement inscrit en h\u00e9breu, sur un panneau blanc, un message SOS disant<em> \u00ab Sauvez 3 otages \u00bb<\/em> :<\/p>\n<blockquote class=\"twitter-tweet\" data-width=\"500\" data-dnt=\"true\">\n<p lang=\"iw\" dir=\"rtl\">&quot;\u05d4\u05e6\u05d9\u05dc\u05d5 3 \u05d7\u05d8\u05d5\u05e4\u05d9\u05dd&quot; &#8211; \u05d6\u05d4 \u05d4\u05e9\u05dc\u05d8 \u05e9\u05ea\u05dc\u05d5 \u05e9\u05dc\u05d5\u05e9\u05ea \u05d4\u05d7\u05d8\u05d5\u05e4\u05d9\u05dd \u05d4\u05d0\u05de\u05d9\u05e6\u05d9\u05dd, \u05d0\u05d5\u05ea\u05d5 \u05db\u05ea\u05d1\u05d5 \u05d1\u05d0\u05de\u05e6\u05e2\u05d5\u05ea \u05e9\u05d0\u05e8\u05d9\u05d5\u05ea \u05d0\u05d5\u05db\u05dc, \u05db\u05de\u05d4 \u05d9\u05de\u05d9\u05dd \u05dc\u05e4\u05e0\u05d9 \u05d4\u05d9\u05e8\u05e6\u05d7\u05dd \u05d1\u05d9\u05d3\u05d9 \u05e6\u05d4&quot;\u05dc.<br \/>\u05d1\u05e6\u05d1\u05d0 \u05e8\u05d0\u05d5 \u05d0\u05ea \u05d4\u05e9\u05dc\u05d8\u05d9\u05dd \u05d1\u05d9\u05de\u05d9\u05dd \u05e9\u05dc\u05e4\u05e0\u05d9 \u05d4\u05e8\u05e6\u05d7, \u05d0\u05d1\u05dc \u05e4\u05e9\u05d5\u05d8 \u05d4\u05ea\u05e2\u05dc\u05de\u05d5 \u05de\u05d4\u05dd! \u05dc\u05d3\u05d1\u05e8\u05d9\u05d4\u05dd \u05d1\u05d8\u05e2\u05e0\u05d4 \u05db\u05d9 \u05d7\u05e9\u05e9\u05d5 \u05e9\u05d4\u05d1\u05e0\u05d9\u05d9\u05df \u05de\u05de\u05d5\u05dc\u05db\u05d3. \u05d6\u05d4 \u05dc\u05d0 \u05de\u05e0\u05e2 \u05de\u05d4\u05dd \u05dc\u05d4\u05d9\u05db\u05e0\u05e1 \u05dc\u05d1\u05e0\u05d9\u05d9\u05df \u05dc\u05d0\u05d7\u05e8 \u05d4\u05e8\u05e6\u05d7 \u05db\u05d3\u05d9 \u05dc\u05d1\u05d3\u05d5\u05e7 \u05d0\u05dd \u05d4\u05d7\u05d8\u05d5\u05e4\u05d9\u05dd \u05e9\u05d4\u05d5 \u05d1\u05d5. <a href=\"https:\/\/t.co\/ahLGikCSG9\">pic.twitter.com\/ahLGikCSG9<\/a><\/p>\n<p>&mdash; B.M. (@ireallyhateyou) <a href=\"https:\/\/twitter.com\/ireallyhateyou\/status\/1736451267688386715?ref_src=twsrc%5Etfw\">December 17, 2023<\/a><\/p><\/blockquote>\n<p><script async src=\"https:\/\/platform.twitter.com\/widgets.js\" charset=\"utf-8\"><\/script><\/p>\n<p>Au moins un autre captif a \u00e9t\u00e9 tu\u00e9 au cours d\u2019une tentative de sauvetage avort\u00e9e et d\u2019autres, rapport\u00e9s comme morts par l\u2019arm\u00e9e isra\u00e9lienne, peuvent avoir perdu la vie dans des circonstances similaires.<\/p>\n<p>Le sort des captifs tu\u00e9s vendredi par les troupes isra\u00e9liennes met en lumi\u00e8re le laxisme qui r\u00e8gne dans l\u2019arm\u00e9e \u00e0 propos des instructions d\u2019engagement de tir \u00e0 Gaza.<\/p>\n<p><strong>Sarah Leah Whitson<\/strong>, la directrice de l\u2019organisation de contr\u00f4le des droits humains <strong>DAWN<\/strong>, install\u00e9e \u00e0 Washington, a d\u00e9clar\u00e9 que ce n\u2019\u00e9tait vraisemblablement pas la premi\u00e8re fois que l\u2019arm\u00e9e, \u00e0 Gaza, abattit des civils agitant des drapeaux blancs.<\/p>\n<blockquote><p>\u00ab Litt\u00e9ralement, toutes les actions isra\u00e9liennes que nous critiquons depuis vingt ans en tant que violations des lois humanitaires internationales, sont comparativement bien pires encore aujourd\u2019hui \u00bb,<\/p><\/blockquote>\n<p>a-t-elle ajout\u00e9.<\/p>\n<blockquote><p>\u00ab Voil\u00e0 ce qu\u2019engendre l\u2019impunit\u00e9 ! \u00bb<\/p><\/blockquote>\n<p>&nbsp;<\/p>\n<p><strong>Isra\u00ebl mis sous pression afin de n\u00e9gocier<\/strong><\/p>\n<p>Certains membres des familles des captifs et de ceux qui ont \u00e9t\u00e9 lib\u00e9r\u00e9s au cours de la tr\u00eave temporaire ont demand\u00e9 au cabinet de la guerre du Premier ministre isra\u00e9lien Benjamin <strong>Netanyahou<\/strong> d\u2019assurer leur lib\u00e9ration en reprenant les n\u00e9gociations en vue d\u2019un \u00e9change de prisonniers avec le Hamas.<\/p>\n<p>Isra\u00ebl insiste en disant que seule une pression militaire lib\u00e9rera les captifs, alors que les <strong>Brigades Qassam,<\/strong> l\u2019aile arm\u00e9e du Hamas, affirme que les captifs ne seront lib\u00e9r\u00e9s que selon ses propres conditions.<\/p>\n<p>Ce week-end, le chef du <strong>Mossad,<\/strong> l\u2019agence d\u2019espionnage interne d\u2019Isra\u00ebl, a rencontr\u00e9 le <strong>Premier ministre du Qatar<\/strong> en vue de reprendre les pourparlers portant sur l\u2019\u00e9change de prisonniers. La monarchie du Golfe, rejointe par l\u2019\u00c9gypte, avait d\u00e9j\u00e0 n\u00e9goci\u00e9 en novembre un accord pr\u00e9voyant le transfert de douzaines de captifs en \u00e9change de la lib\u00e9ration des femmes et des enfants palestiniens d\u00e9tenus par Isra\u00ebl.<\/p>\n<p>Dimanche, des sources de la s\u00e9curit\u00e9 \u00e9gyptienne ont inform\u00e9 Reuters que<\/p>\n<blockquote><p>\u00ab Isra\u00ebl et le Hamas sont tous deux ouverts \u00e0 une reprise du cessez-le-feu et \u00e0 une lib\u00e9ration d\u2019otages, bien qu\u2019il subsiste des d\u00e9saccords quant \u00e0 la fa\u00e7on dont cela se fera \u00bb.<\/p><\/blockquote>\n<p>Le <strong>Hamas<\/strong> insiste pour allonger unilat\u00e9ralement la liste des prisonniers devant \u00eatre lib\u00e9r\u00e9s<\/p>\n<blockquote><p>\u00ab et pour exiger que les forces isra\u00e9liennes se retirent derri\u00e8re des lignes pr\u00e9\u00e9tablies \u00bb,<\/p><\/blockquote>\n<p>a rapport\u00e9 Reuters.<\/p>\n<p>De son c\u00f4t\u00e9, Isra\u00ebl exige un calendrier et il veut voir la liste du Hamas <em>\u00ab avant de fixer le moment et la dur\u00e9e du cessez-le-feu \u00bb,<\/em> dit encore l\u2019agence de presse.<em> \u00ab Isra\u00ebl refuse de se retirer, ont ajout\u00e9 les sources. \u00bb<\/em><\/p>\n<p>Tant les Brigades Qassam dans une vid\u00e9o sur la guerre psychologique publi\u00e9e sur Telegram que les membres des familles des captifs et de ceux qui ont \u00e9t\u00e9 rel\u00e2ch\u00e9s disent que le temps court pour les quelque 130 captifs toujours d\u00e9tenus \u00e0 Gaza.<\/p>\n<p>L\u2019ex\u00e9cution de trois captifs par l\u2019arm\u00e9e isra\u00e9lienne ne fera qu\u2019accro\u00eetre la pression interne et internationale en vue de reprendre les n\u00e9gociations visant \u00e0 assurer la lib\u00e9ration des otages, d\u2019autant que le Hamas r\u00e9clame un cessez-le-feu comme condition pr\u00e9alable.<\/p>\n<p>&nbsp;<\/p>\n<h3><strong>Le Conseil de s\u00e9curit\u00e9 de l\u2019ONU envisage une nouvelle r\u00e9solution<\/strong><\/h3>\n<p>Le 8 d\u00e9cembre, alors que la campagne isra\u00e9lienne est de moins en moins soutenue au niveau international, l\u2019administration <strong>Biden<\/strong> a achet\u00e9 Netanyahou et son cabinet de la guerre en<strong> s\u2019opposant \u00e0 une r\u00e9solution du Conseil de s\u00e9curit\u00e9 de l\u2019ONU<\/strong> qui r\u00e9clamait un cessez-le-feu imm\u00e9diat.<\/p>\n<p>On s\u2019attend \u00e0 ce que le Conseil de s\u00e9curit\u00e9 se prononce d\u00e8s lundi sur une r\u00e9solution demandant qu\u2019Isra\u00ebl et le Hamas permettent la livraison d\u2019aide \u00e0 Gaza par voie a\u00e9rienne, terrestre et maritime, de m\u00eame qu\u2019une<\/p>\n<blockquote><p>\u00ab cessation urgente et durable des hostilit\u00e9s \u00bb.<\/p><\/blockquote>\n<blockquote class=\"twitter-tweet\" data-width=\"500\" data-dnt=\"true\">\n<p lang=\"en\" dir=\"ltr\">NEW: <a href=\"https:\/\/twitter.com\/UAEMissionToUN?ref_src=twsrc%5Etfw\">@UAEMissionToUN<\/a> circulates final version of <a href=\"https:\/\/twitter.com\/hashtag\/UNSC?src=hash&amp;ref_src=twsrc%5Etfw\">#UNSC<\/a> draft resolution aimed at scaling up <a href=\"https:\/\/twitter.com\/hashtag\/Gaza?src=hash&amp;ref_src=twsrc%5Etfw\">#Gaza<\/a> humanitarian aid. Draft reso demands that parties allow\/facilitate use of all land, sea and air routes to and throughout the entire Strip, including border crossings and the\u2026 <a href=\"https:\/\/t.co\/IWKpKbuzJw\">pic.twitter.com\/IWKpKbuzJw<\/a><\/p>\n<p>&mdash; Rami Ayari (@Raminho) <a href=\"https:\/\/twitter.com\/Raminho\/status\/1735886501500604852?ref_src=twsrc%5Etfw\">December 16, 2023<\/a><\/p><\/blockquote>\n<p><script async src=\"https:\/\/platform.twitter.com\/widgets.js\" charset=\"utf-8\"><\/script><\/p>\n<p>&nbsp;<\/p>\n<p>Citant des diplomates, Reuters a fait savoir dimanche que le sort de la proposition<\/p>\n<blockquote><p>\u00ab s\u2019appuie sur les n\u00e9gociations finales entre les \u00c9tats-Unis, alli\u00e9s d\u2019Isra\u00ebl et puissance s\u2019opposant au veto, et les \u00c9mirats arabes unis, qui en ont r\u00e9dig\u00e9 le texte \u00bb.<\/p><\/blockquote>\n<p>Les EU cherchent \u00e0 <em>\u00ab att\u00e9nuer le langage concernant la cessation des hostilit\u00e9s \u00bb<\/em>, a ajout\u00e9 Reuters, avec un projet de texte r\u00e9clamant pour l\u2019instant<\/p>\n<blockquote><p>\u00ab une cessation urgente et durable des hostilit\u00e9s dans le but de permettre un acc\u00e8s humanitaire en toute s\u00e9curit\u00e9 et sans entrave \u00bb.<\/p><\/blockquote>\n<p>Entre-temps, <strong>l\u2019organisation rebelle y\u00e9m\u00e9nite Ansar Allah<\/strong> a impos\u00e9 un blocus naval effectif en <strong>mer Rouge<\/strong>, et d\u2019importantes compagnies de fret disent qu\u2019elles pr\u00e9f\u00e9reraient \u00e9viter le canal de Suez.<\/p>\n<p>Ces derni\u00e8res semaines, Ansar Allah \u2013 qu\u2019on appelle \u00e9galement les <strong>Houthis<\/strong> \u2013 a <a href=\"https:\/\/charleroi-pourlapalestine.be\/index.php\/2023\/12\/03\/comment-le-yemen-fait-grimper-le-cout-de-la-guerre-en-israel\/\">attaqu\u00e9 et intercept\u00e9 des navires marchands<\/a> et lanc\u00e9 des drones et des missiles vers Isra\u00ebl.<\/p>\n<p>L\u2019organisation rebelle a expliqu\u00e9 dans une d\u00e9claration publi\u00e9e sur Telegram qu\u2019elle continuera d\u2019emp\u00eacher les navires \u00e0 destination des ports isra\u00e9liens de voyager tant que de la nourriture et des m\u00e9dicaments n\u2019auront pas \u00e9t\u00e9 livr\u00e9s <em>\u00ab \u00e0 nos fr\u00e8res r\u00e9solus de la bande de Gaza \u00bb.<\/em><\/p>\n<p>En sus d\u2019une<strong> famine sans pr\u00e9c\u00e9dent<\/strong> et des <strong>maladies dues au si\u00e8ge<\/strong> par Isra\u00ebl et provoquant une vague suppl\u00e9mentaire de mortalit\u00e9, l\u2019arm\u00e9e isra\u00e9lienne a accru ses attaques contre les h\u00f4pitaux dans plusieurs zones de Gaza.<\/p>\n<p>Cela fait des semaines que des experts ind\u00e9pendants des droits humains mettent en garde contre <em>\u00ab un g\u00e9nocide en devenir \u00bb<\/em> contre le peuple palestinien, et tout particuli\u00e8rement \u00e0 Gaza.<\/p>\n<p>\u00c0 la mi-novembre, des experts des droits ont d\u00e9clar\u00e9 que la destruction par Isra\u00ebl des infrastructures civiles \u00e0 Gaza, dont des dizaines de milliers d\u2019unit\u00e9s de logement,<\/p>\n<blockquote><p>\u00ab en sus des h\u00f4pitaux, des \u00e9coles, des mosqu\u00e9es, des boulangeries, des canalisations d\u2019eau, des syst\u00e8mes d\u2019\u00e9gouttage et des r\u00e9seaux \u00e9lectriques (\u2026) mena\u00e7ait de rendre impossible la continuation \u00e0 Gaza de l\u2019existence des Palestiniens \u00bb.<\/p><\/blockquote>\n<p>Ces experts ont dit que cette<\/p>\n<blockquote><p>\u00ab famine intentionnelle \u00e9quivalait \u00e0 un crime de guerre \u00bb.<\/p><\/blockquote>\n<p>Dimanche, sous pression am\u00e9ricaine, Isra\u00ebl ouvrait de nouveau le passage commercial de <strong>Kerem Shalom<\/strong> (Karem Abu Salem) dans le sud de Gaza, ce qui devrait permettre le transfert de l\u2019aide humanitaire suppl\u00e9mentaire actuellement stock\u00e9e en \u00c9gypte.<\/p>\n<p>Les agences humanitaires pr\u00e9tendent toutefois que les frappes a\u00e9riennes isra\u00e9liennes rendent impossible toute livraison d\u2019aide.<\/p>\n<p>Juliette Touma, une porte-parole de l\u2019<strong>UNRWA,<\/strong> l\u2019agence de l\u2019ONU pour les r\u00e9fugi\u00e9s palestiniens, a expliqu\u00e9 r\u00e9cemment \u00e0 la BBC que <em>\u00ab l\u2019on ne peut d\u00e9livrer de l\u2019aide sous un ciel rempli de frappes a\u00e9riennes \u00bb.<\/em><\/p>\n<p>Entre-temps, des foules ont arr\u00eat\u00e9 des camions qui entraient \u00e0 Gaza par le passage de<strong> Rafah<\/strong>, \u00e0 la fronti\u00e8re \u00e9gyptienne, et ont d\u00e9charg\u00e9 l\u2019aide \u2013 un signe du d\u00e9sespoir s\u00e9v\u00e8re qui s\u2019est install\u00e9 apr\u00e8s plus de 70 jours de bombardements intensifs et de si\u00e8ge.<\/p>\n<p>&nbsp;<\/p>\n<h3><strong>Les forces isra\u00e9liennes entravent l\u2019aide m\u00e9dicale et emp\u00eachent les enterrements<\/strong><\/h3>\n<p>La situation humanitaire est particuli\u00e8rement p\u00e9nible pour les Palestiniens qui <em>\u00ab se sont retrouv\u00e9s coinc\u00e9s dans des zones o\u00f9 sont d\u00e9ploy\u00e9es les forces occupantes isra\u00e9liennes \u00bb,<\/em> ont d\u00e9clar\u00e9 dimanche trois importantes organisations des droits humains.<\/p>\n<p><strong>L\u2019arm\u00e9e isra\u00e9lienne refuse au Croissant-Rouge palestinien et au Comit\u00e9 international de la Croix-Rouge (CICR) l\u2019acc\u00e8s \u00e0 ces zone<\/strong>s, <em>\u00ab entravant de la sorte la livraison de l\u2019aide m\u00e9dicale, d\u2019une importance cruciale \u00bb<\/em> et emp\u00eachant l\u2019\u00e9vacuation des morts.<\/p>\n<p><strong>Pr\u00e8s de trois douzaines de travailleurs de la D\u00e9fense civile palestinienne ont \u00e9t\u00e9 tu\u00e9s<\/strong> et plus de cent ont \u00e9t\u00e9 bless\u00e9s depuis le 7 octobre.<\/p>\n<p>Vendredi, les forces isra\u00e9liennes ont cibl\u00e9 et <strong>tu\u00e9 trois travailleurs de la d\u00e9fense civile,<\/strong> ainsi que le cam\u00e9raman d\u2019<em>Al Jazeera<\/em>, <strong>Samer Abu Daqqa<\/strong>, alors qu\u2019ils tentaient d\u2019\u00e9vacuer une famille \u00e0 Khan Younis, dans le sud de Gaza et \u2013 circonstance aggravante ! \u2013 alors que l\u2019arm\u00e9e les avait autoris\u00e9s \u00e0 p\u00e9n\u00e9trer dans la zone.<\/p>\n<p><strong>Abu Daqqa<\/strong> avait saign\u00e9 pendant des heures, les forces isra\u00e9liennes ayant emp\u00each\u00e9 les param\u00e9dicaux de le rejoindre pour lui porter secours. Le chef du bureau local d\u2019<em>Al Jazeera<\/em>, <strong>Wael al-Dahdouh<\/strong>, a \u00e9t\u00e9 bless\u00e9 par la m\u00eame frappe de drone qui a tu\u00e9 Abu Daqqa.<\/p>\n<p>Ailleurs \u00e0 Gaza, un autre journaliste \u2013 le correspondant d\u2019<em>al-Mashhad<\/em>, <strong>Mohammed Balousha \u2013<\/strong> a \u00e9t\u00e9 touch\u00e9 par balle aux deux jambes peu de temps apr\u00e8s qu\u2019Abu Daqqa avait \u00e9t\u00e9 mortellement bless\u00e9. Il a d\u00fb lui aussi attendre des heures avant que des sauveteurs puissent le secourir et l\u2019\u00e9vacuer. Son \u00e9tat est stable, pr\u00e9tend-on.<\/p>\n<p>Quelques semaines avant cela, Balousha avait comment\u00e9 <strong>la macabre d\u00e9couverte des corps en d\u00e9composition de plusieurs b\u00e9b\u00e9s<\/strong> qui \u00e9taient morts dans leurs lits d\u2019h\u00f4pital, alors qu\u2019ils \u00e9taient toujours reli\u00e9s \u00e0 leurs appareils m\u00e9dicaux, 17 jours apr\u00e8s qu\u2019Isra\u00ebl avait oblig\u00e9 \u00e0 la pointe du fusil tout le personnel de l\u2019h\u00f4pital p\u00e9diatrique d\u2019<strong>al-Nasr<\/strong> \u00e0 vider les lieux.<\/p>\n<p>Trois organisations palestiniennes des droits humains \u2013 <strong>Al-Haq, Al Mezan et le Centre palestinien pour les droits humains (CPDH)<\/strong> \u2013 affirment avoir r\u00e9pertori\u00e9 des incidents au coures desquels des Palestiniens sont morts de leurs blessures apr\u00e8s que les forces terrestres isra\u00e9liennes ont emp\u00each\u00e9 des ambulances de les atteindre.<\/p>\n<blockquote><p>\u00ab Dans ces p\u00e9nibles circonstances, les civils se trouvent incapables d\u2019acc\u00e9der au moindre traitement m\u00e9dical pour leurs blessures \u00bb,<\/p><\/blockquote>\n<p>ont d\u00e9clar\u00e9 les trois organisations.<\/p>\n<p>Les \u00e9quipes de secours sont dans l\u2019impossibilit\u00e9 d\u2019atteindre les gens qui ont besoin d\u2019elles ou de <em>\u00ab retrouver les corps des personnes tu\u00e9es \u00bb<\/em>, ont ajout\u00e9 les organisations de d\u00e9fense des droits.<\/p>\n<blockquote><p>\u00ab Dans certaines zones, des milliers de corps palestiniens sont rest\u00e9s inaccessibles sous les d\u00e9combres et dans les rues, et on ne les a jamais r\u00e9cup\u00e9r\u00e9s \u00bb,<\/p><\/blockquote>\n<p>ont d\u00e9clar\u00e9 les organisations.<\/p>\n<blockquote><p>\u00ab Non seulement cela laisse leurs familles dans l\u2019angoisse, dans l\u2019impossibilit\u00e9 de savoir avec certitude ce qu\u2019il est advenu d\u2019eux et de vivre leur deuil normalement, mais cela pr\u00e9sente \u00e9galement le risque significatif de voir se propager des maladies graves parmi la population. \u00bb<\/p><\/blockquote>\n<p>Les corps que l\u2019on retrouve sont enterr\u00e9s dans les sites accessibles les plus proches, disent encore les organisations,<\/p>\n<blockquote><p>\u00ab dans les jardins, sur les places de march\u00e9 ou \u00e0 des croisements de routes \u00bb.<\/p><\/blockquote>\n<blockquote class=\"twitter-tweet\" data-width=\"500\" data-dnt=\"true\">\n<p lang=\"en\" dir=\"ltr\">Gravestones, tents, garbage, and no medical supplies whatsoever, this is the current scene at Al-shifa.<br \/>What was once a hospital, is now a shelter and graveyard.<\/p>\n<p>\ud83d\udccdAl-Shifa hospital, Gaza City, Palestine.<a href=\"https:\/\/twitter.com\/hashtag\/Gaza?src=hash&amp;ref_src=twsrc%5Etfw\">#Gaza<\/a> <a href=\"https:\/\/t.co\/ENUHXWZrE2\">pic.twitter.com\/ENUHXWZrE2<\/a><\/p>\n<p>&mdash; Bayan (@BayanPalestine) <a href=\"https:\/\/twitter.com\/BayanPalestine\/status\/1736313306078478666?ref_src=twsrc%5Etfw\">December 17, 2023<\/a><\/p><\/blockquote>\n<p><script async src=\"https:\/\/platform.twitter.com\/widgets.js\" charset=\"utf-8\"><\/script><\/p>\n<blockquote class=\"twitter-tweet\" data-width=\"500\" data-dnt=\"true\">\n<p lang=\"en\" dir=\"ltr\">New mass grave discovered near Fahmi al-Jarjawi School, containing the remains of dozens of victims in Gaza. So far, 122 mass graves have been documented by <a href=\"https:\/\/twitter.com\/EuroMedHR?ref_src=twsrc%5Etfw\">@EuroMedHR<\/a>, revealing the tragic toll of civilian lives claimed by Israeli genocide. <a href=\"https:\/\/t.co\/Q5NkCp5wDA\">pic.twitter.com\/Q5NkCp5wDA<\/a><\/p>\n<p>&mdash; Ramy Abdu| \u0631\u0627\u0645\u064a \u0639\u0628\u062f\u0647 (@RamAbdu) <a href=\"https:\/\/twitter.com\/RamAbdu\/status\/1736285883177832537?ref_src=twsrc%5Etfw\">December 17, 2023<\/a><\/p><\/blockquote>\n<p><script async src=\"https:\/\/platform.twitter.com\/widgets.js\" charset=\"utf-8\"><\/script><\/p>\n<p>&nbsp;<\/p>\n<h3><strong>Les forces isra\u00e9liennes attaquent les h\u00f4pitaux<\/strong><\/h3>\n<p>La <strong>Soci\u00e9t\u00e9 du Croissant-Rouge de Palestine<\/strong> (SCRP) a d\u00e9clar\u00e9 dimanche dernier que des tirs de l\u2019artillerie isra\u00e9lienne avaient touch\u00e9 la <strong>section maternit\u00e9 du complexe m\u00e9dical Nasser \u00e0 Khan Younis<\/strong>, dans le sud de Gaza,<\/p>\n<blockquote><p>\u00ab faisant plusieurs victimes \u00bb.<\/p><\/blockquote>\n<p>Le ministre de la sant\u00e9 de Gaza, <em>Al Jazeera<\/em> et divers organes de presse palestiniens ont rapport\u00e9 que <strong>Dunya Abu Muhsen, 13 ans,<\/strong> qui \u00e9tait trait\u00e9e pour un pied amput\u00e9, avait \u00e9t\u00e9 tu\u00e9e dans l\u2019incident :<\/p>\n<blockquote class=\"twitter-tweet\" data-width=\"500\" data-dnt=\"true\">\n<p lang=\"ar\" dir=\"rtl\">\u062a\u063a\u0637\u064a\u0629 \u0635\u062d\u0641\u064a\u0629: \u0642\u0640\u060c\u0640\u062a\u0640\u0644\u0647\u0627 \u0627\u0644\u0627\u062d\u0640\u062a\u0640\u0640\u0644\u0627\u0644 \u0642\u0628\u0644 \u0623\u0646 \u062a\u062d\u0642\u0642 \u062d\u0644\u0645\u0647\u0627 \u0628\u0639\u0644\u0627\u062c \u0642\u062f\u0645\u0647\u0627 \u0627\u0644\u0645\u0628\u062a\u0648\u0631\u0629..<\/p>\n<p>\u062f\u0646\u064a\u0627 \u0623\u0628\u0648 \u0645\u062d\u0633\u0646\u060c \u0627\u0631\u062a\u0640\u0642\u0640\u062a \u0625\u062b\u0631 \u0627\u0633\u062a\u0647\u062f\u0627\u0641 \u0645\u0628\u0646\u0649 \u0628\u0645\u062c\u0645\u0639 \u0646\u0627\u0635\u0631 \u0627\u0644\u0637\u0628\u064a \u0628\u0642\u0630\u064a\u0640\u0641\u0640\u0629 \u0645\u0646 \u0622\u0644\u064a\u0627\u062a \u0627\u0644\u0627\u062d\u0640\u062a\u0640\u0644\u0627\u0644 \u0627\u0644\u0645\u062a\u0648\u063a\u0644\u0629 \u0628\u062e\u0627\u0646\u064a\u0648\u0646\u0633. <a href=\"https:\/\/t.co\/2YgAzpEr3o\">pic.twitter.com\/2YgAzpEr3o<\/a><\/p>\n<p>&mdash; \u0634\u0628\u0643\u0629 \u0642\u062f\u0633 \u0627\u0644\u0625\u062e\u0628\u0627\u0631\u064a\u0629 (@qudsn) <a href=\"https:\/\/twitter.com\/qudsn\/status\/1736505111340343491?ref_src=twsrc%5Etfw\">December 17, 2023<\/a><\/p><\/blockquote>\n<p><script async src=\"https:\/\/platform.twitter.com\/widgets.js\" charset=\"utf-8\"><\/script><\/p>\n<p>Une vid\u00e9o r\u00e9alis\u00e9e \u00e0 l\u2019int\u00e9rieur de l\u2019h\u00f4pital montre une sc\u00e8ne chaotique dans une chambre pleine de fum\u00e9e au moment o\u00f9 des hommes emportent une personne qui, de toute \u00e9vidence, vient de perdre la vie :<\/p>\n<blockquote class=\"twitter-tweet\" data-width=\"500\" data-dnt=\"true\">\n<p lang=\"en\" dir=\"ltr\">12-year-old Dunia lost her leg in an Israeli airstrike that killed her whole family.<\/p>\n<p>We filmed this video with Dunia during the seven-day truce, and yesterday an Israeli tank-fired shell killed her while she was recovering in Naser Hospital in Khan Younis. <a href=\"https:\/\/t.co\/RDD3EyLpmj\">pic.twitter.com\/RDD3EyLpmj<\/a><\/p>\n<p>&mdash; Defense for Children (@DCIPalestine) <a href=\"https:\/\/twitter.com\/DCIPalestine\/status\/1736764560776867896?ref_src=twsrc%5Etfw\">December 18, 2023<\/a><\/p><\/blockquote>\n<p><script async src=\"https:\/\/platform.twitter.com\/widgets.js\" charset=\"utf-8\"><\/script><\/p>\n<p>&nbsp;<\/p>\n<p>Des photos du site de la frappe montrent des trous b\u00e9ants dans les murs et un oreiller macul\u00e9 de sang :<\/p>\n<blockquote class=\"twitter-tweet\" data-width=\"500\" data-dnt=\"true\">\n<p lang=\"en\" dir=\"ltr\"><a href=\"https:\/\/twitter.com\/hashtag\/BREAKING?src=hash&amp;ref_src=twsrc%5Etfw\">#BREAKING<\/a>| The Palestinian Red Crescent the Israeli shelling of the maternity ward in Nasser Medical Complex in Khan Yunis, <a href=\"https:\/\/twitter.com\/hashtag\/Gaza?src=hash&amp;ref_src=twsrc%5Etfw\">#Gaza<\/a> &quot;is a serious indication of targeting hospitals and medical centers that enjoy protection and immunity according to international humanitarian law. We\u2026 <a href=\"https:\/\/t.co\/Q2lU9M5eyW\">pic.twitter.com\/Q2lU9M5eyW<\/a><\/p>\n<p>&mdash; Quds News Network (@QudsNen) <a href=\"https:\/\/twitter.com\/QudsNen\/status\/1736501505769787775?ref_src=twsrc%5Etfw\">December 17, 2023<\/a><\/p><\/blockquote>\n<p><script async src=\"https:\/\/platform.twitter.com\/widgets.js\" charset=\"utf-8\"><\/script><\/p>\n<p>&nbsp;<\/p>\n<p>Dimanche soir \u00e9galement, le minist\u00e8re palestinien de la sant\u00e9 \u00e0 Gaza a d\u00e9clar\u00e9 que les forces isra\u00e9liennes avaient pris d\u2019assaut <strong>l\u2019h\u00f4pital al-Awda<\/strong>, qui \u00e9tait en \u00e9tat de si\u00e8ge depuis plusieurs jours.<\/p>\n<p>Des membres du personnel m\u00e9dical, ainsi que <strong>des patients et des gens qui les accompagnaient, ont \u00e9t\u00e9 abattus \u00e0 l\u2019h\u00f4pital par les snipers de l\u2019arm\u00e9e isra\u00e9lienne.<\/strong> Une infirmi\u00e8re a \u00e9t\u00e9 tu\u00e9e, de m\u00eame que la belle-s\u0153ur d\u2019une femme enceinte au moment o\u00f9 les deux femmes \u00e9taient arriv\u00e9es sur les lieux pour contacter les services m\u00e9dicaux.<\/p>\n<p>Le minist\u00e8re a d\u00e9clar\u00e9 dimanche que les membres du personnel m\u00e9dical avaient d\u00fb se d\u00e9shabiller, qu\u2019ils avaient \u00e9t\u00e9 enferm\u00e9s puis interrog\u00e9s pendant des heures avant d\u2019\u00eatre rel\u00e2ch\u00e9s. Le directeur de l\u2019h\u00f4pital, <strong>Ahmad Muhanna,<\/strong> avait \u00e9t\u00e9 arr\u00eat\u00e9 lui aussi et emmen\u00e9 vers une destination inconnue.<\/p>\n<p>Jeudi, le minist\u00e8re a d\u00e9clar\u00e9 qu\u2019<strong>Isra\u00ebl d\u00e9tenait 38 travailleurs des soins de sant\u00e9 de Gaza, dont Muhammad Abu Salmiya, le directeur de l\u2019h\u00f4pital al-Shifa.<\/strong><\/p>\n<p>&nbsp;<\/p>\n<h3><strong>La prise d\u2019assaut de l\u2019h\u00f4pital Kamal Adwan<\/strong><\/h3>\n<p>Samedi, dans le nord de Gaza, les forces d\u2019occupation isra\u00e9liennes se sont retir\u00e9es de <strong>l\u2019h\u00f4pital Kamal Adwan<\/strong> \u00e0 <strong>Beit Lahiya<\/strong> apr\u00e8s l\u2019avoir pris d\u2019assaut mardi et avoir arr\u00eat\u00e9 son directeur et son personnel m\u00e9dical.<\/p>\n<p><strong>Ce m\u00eame personnel m\u00e9dical s\u2019\u00e9tait d\u00e9j\u00e0 trouv\u00e9 sous le feu dimanche<\/strong> alors qu\u2019une conf\u00e9rence de presse avait lieu dans la cour de l\u2019h\u00f4pital. Une vid\u00e9o montre l\u2019\u00e9quipe se baissant pour plus de s\u00fbret\u00e9 au moment o\u00f9 des coups de feu se font entendre alors qu\u2019une personne est en train de faire une d\u00e9claration \u00e0 propos d\u2019une attaque isra\u00e9lienne perp\u00e9tr\u00e9e la veille :<\/p>\n<blockquote class=\"twitter-tweet\" data-width=\"500\" data-dnt=\"true\">\n<p lang=\"en\" dir=\"ltr\">Gunfire interrupts a press conference held by health officials and doctors in the destroyed grounds of Kamal Adwan Hospital in northern Gaza.<\/p>\n<p>Reporters there say the gunfire came from an Israeli quadcopter drone. <a href=\"https:\/\/t.co\/32fGXzYsxR\">pic.twitter.com\/32fGXzYsxR<\/a><\/p>\n<p>&mdash; Mohammad Alsaafin (@malsaafin) <a href=\"https:\/\/twitter.com\/malsaafin\/status\/1736400482392830166?ref_src=twsrc%5Etfw\">December 17, 2023<\/a><\/p><\/blockquote>\n<p><script async src=\"https:\/\/platform.twitter.com\/widgets.js\" charset=\"utf-8\"><\/script><\/p>\n<p>&nbsp;<\/p>\n<p>Samedi, l\u2019arm\u00e9e isra\u00e9lienne aurait utilis\u00e9 <strong>un bulldozer pour arracher des tentes<\/strong> appartenant \u00e0 des personnes d\u00e9plac\u00e9es qui s\u2019\u00e9taient r\u00e9fugi\u00e9es dans la cour de l\u2019h\u00f4pital.<\/p>\n<p><em>Al Jazeera <\/em>a interview\u00e9 des t\u00e9moins qui ont dit<\/p>\n<blockquote><p><em>\u00ab que les civils avaient \u00e9t\u00e9 d\u00e9lib\u00e9r\u00e9ment cibl\u00e9s \u00bb<\/em> lors de l\u2019attaque du bulldozer et que certains <em>\u00ab avaient \u00e9t\u00e9 enterr\u00e9s vivants \u00bb.<\/em><\/p><\/blockquote>\n<p>Des vid\u00e9os partag\u00e9es dans les m\u00e9dias sociaux montrent des parties de corps humains d\u00e9passant des d\u00e9combres en face de l\u2019h\u00f4pital et des traces de pneus d\u2019engins lourds dans le sable.<\/p>\n<blockquote class=\"twitter-tweet\" data-width=\"500\" data-dnt=\"true\">\n<p lang=\"ar\" dir=\"rtl\">\u0645\u0634\u0627\u0647\u062f \u0645\u0631\u0648\u0639\u0629 \u062a\u0641\u0648\u0642 \u0627\u0644\u0648\u0635\u0641 \u0645\u0646 \u062f\u0627\u062e\u0644 \u0645\u0633\u062a\u0634\u0641\u0649 \u0643\u0645\u0627\u0644 \u0639\u062f\u0648\u0627\u0646 \u0628\u0639\u062f \u0627\u0646\u0633\u062d\u0627\u0628 \u0622\u0644\u064a\u0627\u062a \u062c\u064a\u0634 \u0627\u0644\u0627\u062d\u062a\u0644\u0627\u0644 \u0627\u0644\u0625\u0633\u0631\u0627\u0626\u064a\u0644\u064a \u0645\u0646 \u062f\u0627\u062e\u0644\u0647 <a href=\"https:\/\/t.co\/gBn6PImSYa\">pic.twitter.com\/gBn6PImSYa<\/a><\/p>\n<p>&mdash; \u0623\u0646\u0633 \u0627\u0644\u0634\u0631\u064a\u0641 Anas Al-Sharif (@AnasAlSharif0) <a href=\"https:\/\/twitter.com\/AnasAlSharif0\/status\/1735982715940253960?ref_src=twsrc%5Etfw\">December 16, 2023<\/a><\/p><\/blockquote>\n<p><script async src=\"https:\/\/platform.twitter.com\/widgets.js\" charset=\"utf-8\"><\/script><\/p>\n<div class=\"video-container\"><iframe loading=\"lazy\" title=\"Hospital bulldozed and shelled: Kamal Adwan was only hospital in northern Gaza\" width=\"500\" height=\"281\" src=\"https:\/\/www.youtube.com\/embed\/elLWLGVN158?feature=oembed&#038;wmode=opaque\" frameborder=\"0\" allow=\"accelerometer; autoplay; clipboard-write; encrypted-media; gyroscope; picture-in-picture; web-share\" referrerpolicy=\"strict-origin-when-cross-origin\" allowfullscreen><\/iframe><\/div>\n<p>&nbsp;<\/p>\n<p>Les organisations palestiniennes<strong> Al-Haq, Al Mezan et CPDH<\/strong> ont d\u00e9clar\u00e9 que, samedi, les forces isra\u00e9liennes avaient <em>\u00ab proc\u00e9d\u00e9 \u00e0 de nombreuses excavations dans la cour de l\u2019h\u00f4pital \u00bb<\/em>. Elles avaient d\u00e9gag\u00e9 <em>\u00ab une fosse commune dans laquelle les corps de 26 personnes \u00bb<\/em> avaient \u00e9t\u00e9 ensevelis.<\/p>\n<p>Les organisations de d\u00e9fense des droits avaient r\u00e9clam\u00e9 une enqu\u00eate internationale sur les <em>\u00ab graves violations \u00bb<\/em> commises \u00e0<strong> l\u2019h\u00f4pital Kamal Adwan<\/strong> et sur le ciblage par Isra\u00ebl des sites de soins de sant\u00e9 dans tout Gaza.<\/p>\n<p>Des tirs d\u2019obus isra\u00e9liens ont <strong>d\u00e9truit la pharmacie de l\u2019h\u00f4pital<\/strong>, ont dit des m\u00e9decins de Kamal Adwan \u00e0 <em>Al Jazeera<\/em>, et certains patients sont morts au cours du si\u00e8ge impos\u00e9 par Isra\u00ebl en raison d\u2019un manque de fournitures m\u00e9dicales et d\u2019eau potable.<\/p>\n<p><strong>Tedros Adhanom Ghebreyesus<\/strong>, le chef de l\u2019<strong>Organisation mondiale de la Sant\u00e9 (OMS)<\/strong> a d\u00e9clar\u00e9 que, lors de l\u2019attaque contre Kamal Adwan,<\/p>\n<blockquote><p>\u00ab bien des patients avaient d\u00fb \u00e9vacuer eux-m\u00eames en courant d\u2019\u00e9normes risques pour leur sant\u00e9 et leur s\u00e9curit\u00e9, du fait qu\u2019il \u00e9tait impossible pour les ambulances d\u2019acc\u00e9der \u00e0 l\u2019h\u00f4pital \u00bb.<\/p><\/blockquote>\n<p>Parmi les huit patients au moins qui ont p\u00e9ri pendant le si\u00e8ge,<\/p>\n<blockquote><p>\u00ab plusieurs sont morts en raison du manque de soins de sant\u00e9 ad\u00e9quats ; parmi eux, un enfant de neuf ans \u00bb.<\/p><\/blockquote>\n<p>Ghebreyesus a expliqu\u00e9 que l\u2019OMS \u00e9tait \u00ab<em> extr\u00eamement inqui\u00e8te<\/em> \u00bb pour les personnes d\u00e9plac\u00e9es r\u00e9fugi\u00e9es \u00e0 l\u2019h\u00f4pital mais il n\u2019a pas comment\u00e9 <strong>l\u2019attaque du bulldozer<\/strong> rapport\u00e9e dans la cour de l\u2019h\u00f4pital.<\/p>\n<blockquote><p>\u00ab Le syst\u00e8me de sant\u00e9 de Gaza \u00e9tait d\u00e9j\u00e0 sur les genoux, et la perte d\u2019un nouvel h\u00f4pital, m\u00eame s\u2019il ne fonctionnait qu\u2019au minimum de ses capacit\u00e9s, est un coup s\u00e9v\u00e8re \u00bb,<\/p><\/blockquote>\n<p>a-t-il ajout\u00e9.<\/p>\n<p>L\u2019arm\u00e9e isra\u00e9lienne a publi\u00e9 une vid\u00e9o de propagande grossi\u00e8re pr\u00e9tendant montrer des armes dissimul\u00e9es dans des incubateurs de l\u2019unit\u00e9 des soins n\u00e9onataux intensifs de Kamal Adwan et affirmant que<\/p>\n<blockquote><p>\u00ab le Hamas se servait de l\u2019h\u00f4pital comme d\u2019un centre de commandement \u00bb.<\/p><\/blockquote>\n<p>L\u2019arm\u00e9e avait diffus\u00e9 des <strong>vid\u00e9os de propagande<\/strong> tout aussi peu convaincantes \u00e0 la suite de son attaque contre l\u2019h\u00f4pital al-Shifa au mois de novembre.<\/p>\n<p>&nbsp;<\/p>\n<h3><strong><em>\u00ab Bain de sang \u00bb<\/em> \u00e0 l\u2019h\u00f4pital al-Shifa<\/strong><\/h3>\n<p>L\u2019OMS a d\u00e9clar\u00e9 samedi qu\u2019elle avait livr\u00e9 des fournitures et des m\u00e9dicaments \u00e0 l\u2019h\u00f4pital al-Shifa actuellement en <em>\u00ab mode de fonctionnement minimal \u00bb.<\/em><\/p>\n<blockquote><p>\u00ab Nagu\u00e8re, al-Shifa \u00e9tait le plus important et le plus grand h\u00f4pital de r\u00e9f\u00e9rence \u00e0 Gaza \u00bb,<\/p><\/blockquote>\n<p>a d\u00e9clar\u00e9 l\u2019OMS. Aujourd\u2019hui, seule <em>\u00ab une poign\u00e9e de m\u00e9decins et quelques infirmi\u00e8res \u00bb<\/em> sont pr\u00e9sents, en compagnie de 70 volontaires, et travaillent dans des conditions des plus p\u00e9nibles.<\/p>\n<blockquote><p>\u00ab L\u2019h\u00f4pital n\u2019est en mesure que de fournir une stabilisation de base des traumatismes, il ne dispose pas de sang pour les transfusions, et manque cruellement de bras pour accueillir l\u2019afflux constant de patients \u00bb,<\/p><\/blockquote>\n<p>a expliqu\u00e9 l\u2019OMS.<\/p>\n<p>Les travailleurs m\u00e9dicaux du site disent que le d\u00e9partement des urgences est<\/p>\n<blockquote><p>\u00ab un bain de sang, avec des centaines de patients \u00e0 l\u2019int\u00e9rieur et de nouveaux patients qui ne cessent d\u2019arriver \u00e0 chaque minute \u00bb.<\/p><\/blockquote>\n<p>L\u2019OMS a encore d\u00e9clar\u00e9 qu\u2019une <em>\u00ab r\u00e9ponse humanitaire \u00e0 plusieurs volets \u00e9tait n\u00e9cessaire \u00bb<\/em> pour fournir <em>\u00ab \u00e0 des dizaines de milliers de personnes d\u00e9plac\u00e9es \u00bb<\/em> un refuge sur les terrains des h\u00f4pitaux, ainsi que <em>\u00ab de la nourriture, de l\u2019eau et un abri \u00bb.<\/em><\/p>\n<p><strong>L\u2019h\u00f4pital al-Ahli<\/strong> de Gaza est le seul h\u00f4pital sur les 24 que compte le nord de Gaza qui reste en partie op\u00e9rationnel apr\u00e8s plus de deux mois de frappes isra\u00e9liennes et de si\u00e8ge. Deux autres h\u00f4pitaux seulement restent fonctionnels, mais tr\u00e8s, tr\u00e8s peu, selon l\u2019OMS.<\/p>\n<p style=\"text-align: center;\">*****<\/p>\n<p><strong><img loading=\"lazy\" decoding=\"async\" class=\"alignleft wp-image-45540 size-full\" src=\"https:\/\/charleroi-pourlapalestine.be\/wp-content\/uploads\/2022\/10\/Maureen-Clare-Murphy-e1665914569514.jpg\" sizes=\"auto, (max-width: 150px) 100vw, 150px\" srcset=\"https:\/\/charleroi-pourlapalestine.be\/wp-content\/uploads\/2022\/10\/Maureen-Clare-Murphy-e1665914569514.jpg 150w, https:\/\/charleroi-pourlapalestine.be\/wp-content\/uploads\/2022\/10\/Maureen-Clare-Murphy-e1665914569514-80x80.jpg 80w\" alt=\"\" width=\"150\" height=\"150\"><a href=\"https:\/\/charleroi-pourlapalestine.be\/index.php\/tag\/maureen-clare-murphy\/\">Maureen Clare Murphy<\/a><\/strong> est r\u00e9dactrice en chef de The Electronic Intifada.<\/p>\n<div class=\"pf-content\">\n<p>&nbsp;&nbsp;&nbsp;&nbsp;&nbsp;&nbsp;&nbsp;&nbsp;&nbsp;&nbsp;&nbsp;&nbsp;&nbsp;&nbsp;&nbsp;&nbsp;&nbsp;&nbsp;&nbsp;&nbsp;&nbsp;&nbsp;&nbsp;&nbsp;&nbsp;&nbsp;&nbsp;&nbsp;&nbsp;&nbsp;&nbsp;&nbsp;&nbsp;&nbsp;&nbsp;&nbsp;&nbsp;&nbsp;&nbsp; ******<br \/>\nPubli\u00e9 le 18 d\u00e9cembre 2023 sur <a href=\"https:\/\/electronicintifada.net\/blogs\/maureen-clare-murphy\/israel-attacks-hospitals-gazas-north-and-south\" target=\"_blank\" rel=\"noopener\"><strong>The Electronic Intifada<\/strong><\/a><br \/>\nTraduction : Jean-Marie Fl\u00e9mal, <strong><a href=\"http:\/\/www.pourlapalestine.be\/\">Charleroi pour la Palestine<\/a><\/strong><\/p>\n<\/div>\n<p><strong><br \/>\nNDLR : Afin de pouvoir lire les \u201ctweets\u201d et vid\u00e9os repris dans l\u2019article, ouvrez un compte Twitter (X)<\/strong><\/p>\n","protected":false},"excerpt":{"rendered":"<p>En sus d\u2019une famine sans pr\u00e9c\u00e9dent et des maladies dues au si\u00e8ge par Isra\u00ebl et provoquant une vague suppl\u00e9mentaire de mortalit\u00e9, l\u2019arm\u00e9e isra\u00e9lienne a accru ses attaques contre les h\u00f4pitaux dans plusieurs zones de Gaza.<\/p>\n","protected":false},"author":1,"featured_media":64911,"comment_status":"closed","ping_status":"closed","sticky":false,"template":"","format":"standard","meta":{"ngg_post_thumbnail":0,"footnotes":""},"categories":[6,344,924],"tags":[],"class_list":["post-64909","post","type-post","status-publish","format-standard","has-post-thumbnail","hentry","category-gaza","category-genocide","category-hopitaux"],"yoast_head":"<!-- This site is optimized with the Yoast SEO plugin v27.3 - https:\/\/yoast.com\/product\/yoast-seo-wordpress\/ -->\n<title>Isra\u00ebl attaque les h\u00f4pitaux tant dans le nord que dans le sud de Gaza<\/title>\n<meta name=\"description\" content=\"Isra\u00ebl continue \u00e0 pilonner Gaza, par air, terre et mer, tuant \u00e0 certains moments des dizaines de personnes d\u2019une m\u00eame famille\" \/>\n<meta name=\"robots\" content=\"index, follow, max-snippet:-1, max-image-preview:large, max-video-preview:-1\" \/>\n<link rel=\"canonical\" href=\"https:\/\/charleroi-pourlapalestine.be\/index.php\/2023\/12\/20\/israel-attaque-les-hopitaux-tant-dans-le-nord-que-dans-le-sud-de-gaza\/\" \/>\n<script type=\"application\/ld+json\" class=\"yoast-schema-graph\">{\"@context\":\"https:\\\/\\\/schema.org\",\"@graph\":[{\"@type\":\"Article\",\"@id\":\"https:\\\/\\\/charleroi-pourlapalestine.be\\\/index.php\\\/2023\\\/12\\\/20\\\/israel-attaque-les-hopitaux-tant-dans-le-nord-que-dans-le-sud-de-gaza\\\/#article\",\"isPartOf\":{\"@id\":\"https:\\\/\\\/charleroi-pourlapalestine.be\\\/index.php\\\/2023\\\/12\\\/20\\\/israel-attaque-les-hopitaux-tant-dans-le-nord-que-dans-le-sud-de-gaza\\\/\"},\"author\":{\"name\":\"admin1873\",\"@id\":\"https:\\\/\\\/charleroi-pourlapalestine.be\\\/#\\\/schema\\\/person\\\/c19ff515112f1299d8c12671d8fe3faa\"},\"headline\":\"Isra\u00ebl attaque les h\u00f4pitaux tant dans le nord que dans le sud de Gaza\",\"datePublished\":\"2023-12-19T23:38:56+00:00\",\"dateModified\":\"2023-12-19T23:39:08+00:00\",\"mainEntityOfPage\":{\"@id\":\"https:\\\/\\\/charleroi-pourlapalestine.be\\\/index.php\\\/2023\\\/12\\\/20\\\/israel-attaque-les-hopitaux-tant-dans-le-nord-que-dans-le-sud-de-gaza\\\/\"},\"wordCount\":4290,\"publisher\":{\"@id\":\"https:\\\/\\\/charleroi-pourlapalestine.be\\\/#organization\"},\"image\":{\"@id\":\"https:\\\/\\\/charleroi-pourlapalestine.be\\\/index.php\\\/2023\\\/12\\\/20\\\/israel-attaque-les-hopitaux-tant-dans-le-nord-que-dans-le-sud-de-gaza\\\/#primaryimage\"},\"thumbnailUrl\":\"https:\\\/\\\/charleroi-pourlapalestine.be\\\/wp-content\\\/uploads\\\/2023\\\/12\\\/14-decembre.-Des-Palestiniens-cherchent-des-survivants-apres-un-bombardement-israelien-a-Rafah-dans-le-sud-de-Gaza.jpg\",\"articleSection\":[\"Gaza\",\"G\u00e9nocide\",\"H\u00f4pitaux\"],\"inLanguage\":\"fr-FR\"},{\"@type\":\"WebPage\",\"@id\":\"https:\\\/\\\/charleroi-pourlapalestine.be\\\/index.php\\\/2023\\\/12\\\/20\\\/israel-attaque-les-hopitaux-tant-dans-le-nord-que-dans-le-sud-de-gaza\\\/\",\"url\":\"https:\\\/\\\/charleroi-pourlapalestine.be\\\/index.php\\\/2023\\\/12\\\/20\\\/israel-attaque-les-hopitaux-tant-dans-le-nord-que-dans-le-sud-de-gaza\\\/\",\"name\":\"Isra\u00ebl attaque les h\u00f4pitaux tant dans le nord que dans le sud de Gaza\",\"isPartOf\":{\"@id\":\"https:\\\/\\\/charleroi-pourlapalestine.be\\\/#website\"},\"primaryImageOfPage\":{\"@id\":\"https:\\\/\\\/charleroi-pourlapalestine.be\\\/index.php\\\/2023\\\/12\\\/20\\\/israel-attaque-les-hopitaux-tant-dans-le-nord-que-dans-le-sud-de-gaza\\\/#primaryimage\"},\"image\":{\"@id\":\"https:\\\/\\\/charleroi-pourlapalestine.be\\\/index.php\\\/2023\\\/12\\\/20\\\/israel-attaque-les-hopitaux-tant-dans-le-nord-que-dans-le-sud-de-gaza\\\/#primaryimage\"},\"thumbnailUrl\":\"https:\\\/\\\/charleroi-pourlapalestine.be\\\/wp-content\\\/uploads\\\/2023\\\/12\\\/14-decembre.-Des-Palestiniens-cherchent-des-survivants-apres-un-bombardement-israelien-a-Rafah-dans-le-sud-de-Gaza.jpg\",\"datePublished\":\"2023-12-19T23:38:56+00:00\",\"dateModified\":\"2023-12-19T23:39:08+00:00\",\"description\":\"Isra\u00ebl continue \u00e0 pilonner Gaza, par air, terre et mer, tuant \u00e0 certains moments des dizaines de personnes d\u2019une m\u00eame famille\",\"breadcrumb\":{\"@id\":\"https:\\\/\\\/charleroi-pourlapalestine.be\\\/index.php\\\/2023\\\/12\\\/20\\\/israel-attaque-les-hopitaux-tant-dans-le-nord-que-dans-le-sud-de-gaza\\\/#breadcrumb\"},\"inLanguage\":\"fr-FR\",\"potentialAction\":[{\"@type\":\"ReadAction\",\"target\":[\"https:\\\/\\\/charleroi-pourlapalestine.be\\\/index.php\\\/2023\\\/12\\\/20\\\/israel-attaque-les-hopitaux-tant-dans-le-nord-que-dans-le-sud-de-gaza\\\/\"]}]},{\"@type\":\"ImageObject\",\"inLanguage\":\"fr-FR\",\"@id\":\"https:\\\/\\\/charleroi-pourlapalestine.be\\\/index.php\\\/2023\\\/12\\\/20\\\/israel-attaque-les-hopitaux-tant-dans-le-nord-que-dans-le-sud-de-gaza\\\/#primaryimage\",\"url\":\"https:\\\/\\\/charleroi-pourlapalestine.be\\\/wp-content\\\/uploads\\\/2023\\\/12\\\/14-decembre.-Des-Palestiniens-cherchent-des-survivants-apres-un-bombardement-israelien-a-Rafah-dans-le-sud-de-Gaza.jpg\",\"contentUrl\":\"https:\\\/\\\/charleroi-pourlapalestine.be\\\/wp-content\\\/uploads\\\/2023\\\/12\\\/14-decembre.-Des-Palestiniens-cherchent-des-survivants-apres-un-bombardement-israelien-a-Rafah-dans-le-sud-de-Gaza.jpg\",\"width\":800,\"height\":533},{\"@type\":\"BreadcrumbList\",\"@id\":\"https:\\\/\\\/charleroi-pourlapalestine.be\\\/index.php\\\/2023\\\/12\\\/20\\\/israel-attaque-les-hopitaux-tant-dans-le-nord-que-dans-le-sud-de-gaza\\\/#breadcrumb\",\"itemListElement\":[{\"@type\":\"ListItem\",\"position\":1,\"name\":\"Accueil\",\"item\":\"https:\\\/\\\/charleroi-pourlapalestine.be\\\/\"},{\"@type\":\"ListItem\",\"position\":2,\"name\":\"Isra\u00ebl attaque les h\u00f4pitaux tant dans le nord que dans le sud de Gaza\"}]},{\"@type\":\"WebSite\",\"@id\":\"https:\\\/\\\/charleroi-pourlapalestine.be\\\/#website\",\"url\":\"https:\\\/\\\/charleroi-pourlapalestine.be\\\/\",\"name\":\"Charleroi Pour la Palestine\",\"description\":\"\",\"publisher\":{\"@id\":\"https:\\\/\\\/charleroi-pourlapalestine.be\\\/#organization\"},\"potentialAction\":[{\"@type\":\"SearchAction\",\"target\":{\"@type\":\"EntryPoint\",\"urlTemplate\":\"https:\\\/\\\/charleroi-pourlapalestine.be\\\/?s={search_term_string}\"},\"query-input\":{\"@type\":\"PropertyValueSpecification\",\"valueRequired\":true,\"valueName\":\"search_term_string\"}}],\"inLanguage\":\"fr-FR\"},{\"@type\":\"Organization\",\"@id\":\"https:\\\/\\\/charleroi-pourlapalestine.be\\\/#organization\",\"name\":\"Plate-forme Charleroi-Palestine\",\"url\":\"https:\\\/\\\/charleroi-pourlapalestine.be\\\/\",\"logo\":{\"@type\":\"ImageObject\",\"inLanguage\":\"fr-FR\",\"@id\":\"https:\\\/\\\/charleroi-pourlapalestine.be\\\/#\\\/schema\\\/logo\\\/image\\\/\",\"url\":\"https:\\\/\\\/charleroi-pourlapalestine.be\\\/wp-content\\\/uploads\\\/2020\\\/01\\\/logo-Copy.jpg\",\"contentUrl\":\"https:\\\/\\\/charleroi-pourlapalestine.be\\\/wp-content\\\/uploads\\\/2020\\\/01\\\/logo-Copy.jpg\",\"width\":180,\"height\":180,\"caption\":\"Plate-forme Charleroi-Palestine\"},\"image\":{\"@id\":\"https:\\\/\\\/charleroi-pourlapalestine.be\\\/#\\\/schema\\\/logo\\\/image\\\/\"},\"sameAs\":[\"https:\\\/\\\/www.facebook.com\\\/PlateformeCharleroiPalestine\\\/\",\"https:\\\/\\\/x.com\\\/LaCharleroi\"]},{\"@type\":\"Person\",\"@id\":\"https:\\\/\\\/charleroi-pourlapalestine.be\\\/#\\\/schema\\\/person\\\/c19ff515112f1299d8c12671d8fe3faa\",\"name\":\"admin1873\",\"url\":\"https:\\\/\\\/charleroi-pourlapalestine.be\\\/index.php\\\/author\\\/admin1873\\\/\"}]}<\/script>\n<!-- \/ Yoast SEO plugin. -->","yoast_head_json":{"title":"Isra\u00ebl attaque les h\u00f4pitaux tant dans le nord que dans le sud de Gaza","description":"Isra\u00ebl continue \u00e0 pilonner Gaza, par air, terre et mer, tuant \u00e0 certains moments des dizaines de personnes d\u2019une m\u00eame famille","robots":{"index":"index","follow":"follow","max-snippet":"max-snippet:-1","max-image-preview":"max-image-preview:large","max-video-preview":"max-video-preview:-1"},"canonical":"https:\/\/charleroi-pourlapalestine.be\/index.php\/2023\/12\/20\/israel-attaque-les-hopitaux-tant-dans-le-nord-que-dans-le-sud-de-gaza\/","schema":{"@context":"https:\/\/schema.org","@graph":[{"@type":"Article","@id":"https:\/\/charleroi-pourlapalestine.be\/index.php\/2023\/12\/20\/israel-attaque-les-hopitaux-tant-dans-le-nord-que-dans-le-sud-de-gaza\/#article","isPartOf":{"@id":"https:\/\/charleroi-pourlapalestine.be\/index.php\/2023\/12\/20\/israel-attaque-les-hopitaux-tant-dans-le-nord-que-dans-le-sud-de-gaza\/"},"author":{"name":"admin1873","@id":"https:\/\/charleroi-pourlapalestine.be\/#\/schema\/person\/c19ff515112f1299d8c12671d8fe3faa"},"headline":"Isra\u00ebl attaque les h\u00f4pitaux tant dans le nord que dans le sud de Gaza","datePublished":"2023-12-19T23:38:56+00:00","dateModified":"2023-12-19T23:39:08+00:00","mainEntityOfPage":{"@id":"https:\/\/charleroi-pourlapalestine.be\/index.php\/2023\/12\/20\/israel-attaque-les-hopitaux-tant-dans-le-nord-que-dans-le-sud-de-gaza\/"},"wordCount":4290,"publisher":{"@id":"https:\/\/charleroi-pourlapalestine.be\/#organization"},"image":{"@id":"https:\/\/charleroi-pourlapalestine.be\/index.php\/2023\/12\/20\/israel-attaque-les-hopitaux-tant-dans-le-nord-que-dans-le-sud-de-gaza\/#primaryimage"},"thumbnailUrl":"https:\/\/charleroi-pourlapalestine.be\/wp-content\/uploads\/2023\/12\/14-decembre.-Des-Palestiniens-cherchent-des-survivants-apres-un-bombardement-israelien-a-Rafah-dans-le-sud-de-Gaza.jpg","articleSection":["Gaza","G\u00e9nocide","H\u00f4pitaux"],"inLanguage":"fr-FR"},{"@type":"WebPage","@id":"https:\/\/charleroi-pourlapalestine.be\/index.php\/2023\/12\/20\/israel-attaque-les-hopitaux-tant-dans-le-nord-que-dans-le-sud-de-gaza\/","url":"https:\/\/charleroi-pourlapalestine.be\/index.php\/2023\/12\/20\/israel-attaque-les-hopitaux-tant-dans-le-nord-que-dans-le-sud-de-gaza\/","name":"Isra\u00ebl attaque les h\u00f4pitaux tant dans le nord que dans le sud de Gaza","isPartOf":{"@id":"https:\/\/charleroi-pourlapalestine.be\/#website"},"primaryImageOfPage":{"@id":"https:\/\/charleroi-pourlapalestine.be\/index.php\/2023\/12\/20\/israel-attaque-les-hopitaux-tant-dans-le-nord-que-dans-le-sud-de-gaza\/#primaryimage"},"image":{"@id":"https:\/\/charleroi-pourlapalestine.be\/index.php\/2023\/12\/20\/israel-attaque-les-hopitaux-tant-dans-le-nord-que-dans-le-sud-de-gaza\/#primaryimage"},"thumbnailUrl":"https:\/\/charleroi-pourlapalestine.be\/wp-content\/uploads\/2023\/12\/14-decembre.-Des-Palestiniens-cherchent-des-survivants-apres-un-bombardement-israelien-a-Rafah-dans-le-sud-de-Gaza.jpg","datePublished":"2023-12-19T23:38:56+00:00","dateModified":"2023-12-19T23:39:08+00:00","description":"Isra\u00ebl continue \u00e0 pilonner Gaza, par air, terre et mer, tuant \u00e0 certains moments des dizaines de personnes d\u2019une m\u00eame famille","breadcrumb":{"@id":"https:\/\/charleroi-pourlapalestine.be\/index.php\/2023\/12\/20\/israel-attaque-les-hopitaux-tant-dans-le-nord-que-dans-le-sud-de-gaza\/#breadcrumb"},"inLanguage":"fr-FR","potentialAction":[{"@type":"ReadAction","target":["https:\/\/charleroi-pourlapalestine.be\/index.php\/2023\/12\/20\/israel-attaque-les-hopitaux-tant-dans-le-nord-que-dans-le-sud-de-gaza\/"]}]},{"@type":"ImageObject","inLanguage":"fr-FR","@id":"https:\/\/charleroi-pourlapalestine.be\/index.php\/2023\/12\/20\/israel-attaque-les-hopitaux-tant-dans-le-nord-que-dans-le-sud-de-gaza\/#primaryimage","url":"https:\/\/charleroi-pourlapalestine.be\/wp-content\/uploads\/2023\/12\/14-decembre.-Des-Palestiniens-cherchent-des-survivants-apres-un-bombardement-israelien-a-Rafah-dans-le-sud-de-Gaza.jpg","contentUrl":"https:\/\/charleroi-pourlapalestine.be\/wp-content\/uploads\/2023\/12\/14-decembre.-Des-Palestiniens-cherchent-des-survivants-apres-un-bombardement-israelien-a-Rafah-dans-le-sud-de-Gaza.jpg","width":800,"height":533},{"@type":"BreadcrumbList","@id":"https:\/\/charleroi-pourlapalestine.be\/index.php\/2023\/12\/20\/israel-attaque-les-hopitaux-tant-dans-le-nord-que-dans-le-sud-de-gaza\/#breadcrumb","itemListElement":[{"@type":"ListItem","position":1,"name":"Accueil","item":"https:\/\/charleroi-pourlapalestine.be\/"},{"@type":"ListItem","position":2,"name":"Isra\u00ebl attaque les h\u00f4pitaux tant dans le nord que dans le sud de Gaza"}]},{"@type":"WebSite","@id":"https:\/\/charleroi-pourlapalestine.be\/#website","url":"https:\/\/charleroi-pourlapalestine.be\/","name":"Charleroi Pour la Palestine","description":"","publisher":{"@id":"https:\/\/charleroi-pourlapalestine.be\/#organization"},"potentialAction":[{"@type":"SearchAction","target":{"@type":"EntryPoint","urlTemplate":"https:\/\/charleroi-pourlapalestine.be\/?s={search_term_string}"},"query-input":{"@type":"PropertyValueSpecification","valueRequired":true,"valueName":"search_term_string"}}],"inLanguage":"fr-FR"},{"@type":"Organization","@id":"https:\/\/charleroi-pourlapalestine.be\/#organization","name":"Plate-forme Charleroi-Palestine","url":"https:\/\/charleroi-pourlapalestine.be\/","logo":{"@type":"ImageObject","inLanguage":"fr-FR","@id":"https:\/\/charleroi-pourlapalestine.be\/#\/schema\/logo\/image\/","url":"https:\/\/charleroi-pourlapalestine.be\/wp-content\/uploads\/2020\/01\/logo-Copy.jpg","contentUrl":"https:\/\/charleroi-pourlapalestine.be\/wp-content\/uploads\/2020\/01\/logo-Copy.jpg","width":180,"height":180,"caption":"Plate-forme Charleroi-Palestine"},"image":{"@id":"https:\/\/charleroi-pourlapalestine.be\/#\/schema\/logo\/image\/"},"sameAs":["https:\/\/www.facebook.com\/PlateformeCharleroiPalestine\/","https:\/\/x.com\/LaCharleroi"]},{"@type":"Person","@id":"https:\/\/charleroi-pourlapalestine.be\/#\/schema\/person\/c19ff515112f1299d8c12671d8fe3faa","name":"admin1873","url":"https:\/\/charleroi-pourlapalestine.be\/index.php\/author\/admin1873\/"}]}},"_links":{"self":[{"href":"https:\/\/charleroi-pourlapalestine.be\/index.php\/wp-json\/wp\/v2\/posts\/64909","targetHints":{"allow":["GET"]}}],"collection":[{"href":"https:\/\/charleroi-pourlapalestine.be\/index.php\/wp-json\/wp\/v2\/posts"}],"about":[{"href":"https:\/\/charleroi-pourlapalestine.be\/index.php\/wp-json\/wp\/v2\/types\/post"}],"author":[{"embeddable":true,"href":"https:\/\/charleroi-pourlapalestine.be\/index.php\/wp-json\/wp\/v2\/users\/1"}],"replies":[{"embeddable":true,"href":"https:\/\/charleroi-pourlapalestine.be\/index.php\/wp-json\/wp\/v2\/comments?post=64909"}],"version-history":[{"count":0,"href":"https:\/\/charleroi-pourlapalestine.be\/index.php\/wp-json\/wp\/v2\/posts\/64909\/revisions"}],"wp:featuredmedia":[{"embeddable":true,"href":"https:\/\/charleroi-pourlapalestine.be\/index.php\/wp-json\/wp\/v2\/media\/64911"}],"wp:attachment":[{"href":"https:\/\/charleroi-pourlapalestine.be\/index.php\/wp-json\/wp\/v2\/media?parent=64909"}],"wp:term":[{"taxonomy":"category","embeddable":true,"href":"https:\/\/charleroi-pourlapalestine.be\/index.php\/wp-json\/wp\/v2\/categories?post=64909"},{"taxonomy":"post_tag","embeddable":true,"href":"https:\/\/charleroi-pourlapalestine.be\/index.php\/wp-json\/wp\/v2\/tags?post=64909"}],"curies":[{"name":"wp","href":"https:\/\/api.w.org\/{rel}","templated":true}]}}