{"id":66183,"date":"2024-01-12T11:00:40","date_gmt":"2024-01-12T10:00:40","guid":{"rendered":"https:\/\/charleroi-pourlapalestine.be\/?p=66183"},"modified":"2024-01-12T11:00:45","modified_gmt":"2024-01-12T10:00:45","slug":"jaurais-pu-etre-lun-de-ceux-qui-ont-brise-le-siege-de-gaza-le-7-octobre","status":"publish","type":"post","link":"https:\/\/charleroi-pourlapalestine.be\/index.php\/2024\/01\/12\/jaurais-pu-etre-lun-de-ceux-qui-ont-brise-le-siege-de-gaza-le-7-octobre\/","title":{"rendered":"J\u2019aurais pu \u00eatre l\u2019un de ceux qui ont bris\u00e9 le si\u00e8ge de Gaza le 7 octobre"},"content":{"rendered":"<header class=\"entry-header clearfix\">\n<p class=\"entry-title\">Rien ne peut occulter la d\u00e9termination et le courage de ces jeunes qui ont r\u00e9ussi \u00e0 remettre le pied sur leur terre le 7 octobre. J\u2019aurais pu \u00eatre l\u2019un d\u2019entre eux si j\u2019avais \u00e9t\u00e9 beaucoup plus jeune et que je vivais toujours dans le camp de concentration appel\u00e9 Gaza.<\/p>\n<div class=\"mh-meta entry-meta\">&nbsp;<\/div>\n<\/header>\n<div class=\"entry-content clearfix\">\n<figure class=\"entry-thumbnail\"><figcaption class=\"wp-caption-text\">\n<div id=\"attachment_66185\" style=\"width: 688px\" class=\"wp-caption aligncenter\"><img loading=\"lazy\" decoding=\"async\" aria-describedby=\"caption-attachment-66185\" class=\"wp-image-66185 size-full\" src=\"https:\/\/charleroi-pourlapalestine.be\/wp-content\/uploads\/2024\/01\/Brigades-Abu-Ali-Mustafa.jpg\" alt=\"Gaza, 2 juin 2021 - Brigades Abu Ali Mustafa, du FPLP - Photo: Mahmoud Ajjour\/The Palestine Chronicle\" width=\"678\" height=\"455\" srcset=\"https:\/\/charleroi-pourlapalestine.be\/wp-content\/uploads\/2024\/01\/Brigades-Abu-Ali-Mustafa.jpg 678w, https:\/\/charleroi-pourlapalestine.be\/wp-content\/uploads\/2024\/01\/Brigades-Abu-Ali-Mustafa-300x201.jpg 300w\" sizes=\"auto, (max-width: 678px) 100vw, 678px\" \/><p id=\"caption-attachment-66185\" class=\"wp-caption-text\"><strong>Gaza, 2 juin 2021 &#8211; Brigades Abu Ali Mustafa, du FPLP <\/strong>&#8211; Photo: Mahmoud Ajjour\/The Palestine Chronicle<\/p><\/div>\n<\/figcaption><\/figure>\n<div class=\"mh-social-top\">\n<div class=\"mh-share-buttons clearfix\">&nbsp;<\/div>\n<\/div>\n<p>Par<strong> <a title=\"Afficher tous les articles pour Salman Abu Sitta\" href=\"https:\/\/www.chroniquepalestine.com\/writers\/salman-abu-sitta\">Salman Abu Sitta<\/a><\/strong><\/p>\n<p>Oui, j\u2019aurais pu \u00eatre l\u2019un de ceux qui ont franchi la cl\u00f4ture si j\u2019avais \u00e9t\u00e9 beaucoup plus jeune et si je vivais toujours dans le camp de concentration qu\u2019est la bande de Gaza.<\/p>\n<p>Mon histoire est la m\u00eame que celle de tous les autres. Le 14 mai 1948, ma famille a \u00e9t\u00e9 attaqu\u00e9e sur notre terre, <em>\u00ab Ma\u2019in Abu Sitta \u00bb, <\/em>par une force de la Haganah de 24 v\u00e9hicules blind\u00e9s, qui a tout d\u00e9truit et tout br\u00fbl\u00e9. Les soldats ont d\u00e9moli l\u2019\u00e9cole que mon p\u00e8re avait construite en 1920 ; ils ont vol\u00e9 le moteur et l\u2019\u00e9quipement du moulin \u00e0 farine et la pompe du puits ; ils ont tu\u00e9 tous ceux qu\u2019ils voyaient.<\/p>\n<p>Ce jour-l\u00e0, le jour o\u00f9 Ben-Gourion a annonc\u00e9 la cr\u00e9ation de son Etat, je suis devenu un <a href=\"https:\/\/www.chroniquepalestine.com\/tag\/refugies\">r\u00e9fugi\u00e9<\/a>. Nous avons \u00e9t\u00e9 repouss\u00e9s et enferm\u00e9s dans la prison \u00e0 ciel ouvert appel\u00e9e la bande de Gaza, \u00e0 4 kilom\u00e8tres de chez moi.<\/p>\n<p>Je n\u2019\u00e9tais pas seul. Les Palestiniens vivant dans 247 villes et villages du sud de la Palestine ont \u00e9t\u00e9 chass\u00e9s vers cette enclave par des dizaines de massacres, comme \u00e0 Bureir, Abu Shusha, Ed Dawayima, et bien d\u2019autres.<\/p>\n<p>La minuscule bande de Gaza, qui ne repr\u00e9sente que 1,3 % de la Palestine, est devenue le foyer temporaire de 2,3 millions de r\u00e9fugi\u00e9s palestiniens. Les attaques isra\u00e9liennes contre les Gazaouis, par terre, air et mer, assorties d\u2019un <a href=\"https:\/\/www.chroniquepalestine.com\/il-ne-manque-plus-qu-un-arbeit-macht-frei-a-entree-ghetto-gaza\/\">si\u00e8ge absolu<\/a>, n\u2019ont jamais cess\u00e9 pendant 75 ans.<\/p>\n<p>&nbsp;<\/p>\n<div id=\"attachment_66191\" style=\"width: 710px\" class=\"wp-caption alignnone\"><img loading=\"lazy\" decoding=\"async\" aria-describedby=\"caption-attachment-66191\" class=\"wp-image-66191 size-full\" src=\"https:\/\/charleroi-pourlapalestine.be\/wp-content\/uploads\/2024\/01\/Combattants-des-brigades-Al-Qassem.jpg\" alt=\"Combattants des Brigades al-Qassam, la branche arm\u00e9e du mouvement Hamas (r\u00e9sistance islamique) \u00e0 Gaza \u2013 Photo : Archives\" width=\"700\" height=\"472\" srcset=\"https:\/\/charleroi-pourlapalestine.be\/wp-content\/uploads\/2024\/01\/Combattants-des-brigades-Al-Qassem.jpg 700w, https:\/\/charleroi-pourlapalestine.be\/wp-content\/uploads\/2024\/01\/Combattants-des-brigades-Al-Qassem-300x202.jpg 300w\" sizes=\"auto, (max-width: 700px) 100vw, 700px\" \/><p id=\"caption-attachment-66191\" class=\"wp-caption-text\"><strong>Combattants des Brigades al-Qassam, la branche arm\u00e9e du mouvement Hamas (r\u00e9sistance islamique) \u00e0 Gaza<\/strong> \u2013 Photo : Archives Chronique de Palestine<\/p><\/div>\n<figure id=\"attachment_36125\" class=\"wp-caption aligncenter\" aria-describedby=\"caption-attachment-36125\"><\/figure>\n<p>Je suis all\u00e9 \u00e0 l\u2019\u00e9cole en \u00c9gypte et, pendant ce temps-l\u00e0, mes cousins n\u2019h\u00e9sitaient pas \u00e0 franchir la cl\u00f4ture de barbel\u00e9s appel\u00e9e la Ligne d\u2019armistice pour essayer de retourner chez eux, comme le 7 octobre.<\/p>\n<p>Ils ont r\u00e9ussi \u00e0 franchir les barbel\u00e9s et ils ont attaqu\u00e9 les occupants de notre terre. Ils ont retrouv\u00e9 un parent \u00e2g\u00e9 qui \u00e9tait rest\u00e9 au village. Ils ont donn\u00e9 \u00e0 boire au b\u00e9tail restant et, d\u2019une mani\u00e8re g\u00e9n\u00e9rale, ils ont essay\u00e9 de faire revivre Ma\u2019in Abu Sitta, notre terre.<\/p>\n<p>Je n\u2019oublierai jamais mon cousin, Hassan Madi, avec son visage souriant et ouvert. Il revenait souvent nous raconter ce qui \u00e9tait arriv\u00e9 \u00e0 nos bosquets et ce que les colons avaient fait chez nous. C\u2019\u00e9tait un <em>fida\u2019i<\/em> tr\u00e8s courageux. Il avait l\u2019habitude de se faufiler dans le camp voisin des colons et de les \u00e9couter parler. Il a \u00e9t\u00e9 tu\u00e9 par une mine enterr\u00e9e sur le chemin qu\u2019il suivait.<\/p>\n<p>Quinze autres jeunes de ma famille ont \u00e9t\u00e9 tu\u00e9s dans les ann\u00e9es qui ont suivi 1948. Entre 1948 et 1956, on estime \u00e0 5000 le nombre de Palestiniens tu\u00e9s en essayant de rentrer chez eux.<\/p>\n<p>Les colons ont install\u00e9 des unit\u00e9s pr\u00e9fabriqu\u00e9es sur mes terres, qui sont devenues des kibboutz. Leurs noms reviennent souvent dans les m\u00e9dias aujourd\u2019hui. Nirim a \u00e9t\u00e9 construit sur les terres de mon p\u00e8re.<\/p>\n<p>Je suis n\u00e9 \u00e0 quelques m\u00e8tres de ce kibboutz.<\/p>\n<p>Le kibboutz Ein Hashlosha, \u00e0 quelques kilom\u00e8tres au nord, est construit sur des terres qui appartenaient \u00e0 mon p\u00e8re et \u00e0 ses cousins, un immense champ de bl\u00e9 et d\u2019orge.<\/p>\n<p>Nir Oz a \u00e9t\u00e9 construit sur les terres de l\u2019oncle de mon p\u00e8re, Haj Mahmoud. Son fils Hamed, ing\u00e9nieur civil, a consacr\u00e9 sa vie \u00e0 la lib\u00e9ration de la Palestine et a jou\u00e9 un r\u00f4le cl\u00e9 dans la cr\u00e9ation de l\u2019OLP en 1964. Il a \u00e9t\u00e9 membre du comit\u00e9 ex\u00e9cutif pendant plus de 40 ans.<\/p>\n<p>Le quatri\u00e8me kibboutz b\u00e2ti sur nos terres a pris le nom de Magen. C\u2019\u00e9tait le site religieux de Sheikh Nuran, un lieu v\u00e9n\u00e9r\u00e9 o\u00f9 les femmes venaient faire b\u00e9nir leurs nouveau-n\u00e9s. C\u2019\u00e9tait l\u2019ancien site de Saint Hilarion, une figure cl\u00e9 de la Palestine chr\u00e9tienne. Il s\u2019agissait de sa retraite religieuse dans la Palestine byzantine du IVe si\u00e8cle.<\/p>\n<p>N\u2019oubliez pas de vous rappeler, lorsque vous entendez aujourd\u2019hui le nom de ces kibboutz, sur quelle terre ils ont \u00e9t\u00e9 construits. Vous ne devez jamais oublier que les propri\u00e9taires de ces terres n\u2019ont jamais renonc\u00e9 \u00e0 leur droit de rentrer chez eux.<\/p>\n<p>Cela s\u2019applique \u00e0 plus de deux millions de Palestiniens dans la bande de Gaza. Lorsque vous entendez parler d\u2019otages, rappelez-vous que ce sont eux les v\u00e9ritables otages, et cela depuis plus de 27 000 jours. Ils venaient de 247 villes et villages du sud et du centre de la Palestine.<\/p>\n<p><strong>Voir la <em>carte 1<\/em> qui montre l\u2019origine des r\u00e9fugi\u00e9s de Gaza<\/strong>.<\/p>\n<figure id=\"attachment_36746\" class=\"wp-caption alignleft\" aria-describedby=\"caption-attachment-36746\"><img loading=\"lazy\" decoding=\"async\" class=\"size-full wp-image-36746\" src=\"https:\/\/www.chroniquepalestine.com\/wp-content\/uploads\/2024\/01\/01-11.jpg\" sizes=\"auto, (max-width: 350px) 100vw, 350px\" srcset=\"https:\/\/www.chroniquepalestine.com\/wp-content\/uploads\/2024\/01\/01-11.jpg 350w, https:\/\/www.chroniquepalestine.com\/wp-content\/uploads\/2024\/01\/01-11-168x300.jpg 168w\" alt=\"\" width=\"350\" height=\"626\"><figcaption id=\"caption-attachment-36746\" class=\"wp-caption-text\">&nbsp;<strong>Origines des familles r\u00e9fugi\u00e9es dans la bande de Gaza \u2013 Carte 1<\/strong><\/p>\n<p>&nbsp;<\/p>\n<\/figcaption><\/figure>\n<p>Ces r\u00e9fugi\u00e9s sont entass\u00e9s dans des camps qui ont une densit\u00e9 de 8 000 personnes\/km2.<\/p>\n<p>Non seulement ils ont \u00e9t\u00e9 expuls\u00e9s et sont devenus des r\u00e9fugi\u00e9s en 1948, mais les camps de r\u00e9fugi\u00e9s eux-m\u00eames ont \u00e9t\u00e9 attaqu\u00e9s en 1953, 1956, 1967, 1971 et 1987, et, avec une r\u00e9gularit\u00e9 f\u00e9roce, depuis 2006 jusqu\u2019\u00e0 aujourd\u2019hui.<\/p>\n<p>Et, ce qui est in\u00e9dit dans l\u2019histoire coloniale, le lent et r\u00e9gulier nettoyage ethnique des Palestiniens a brutalement pris la forme, en 2023, d\u2019un g\u00e9nocide aux proportions in\u00e9gal\u00e9es.<\/p>\n<p>La violence et la f\u00e9rocit\u00e9 des attaques, le nombre de femmes et d\u2019enfants assassin\u00e9s, la superficie des zones d\u2019habitation d\u00e9truites et le nombre de bombes largu\u00e9es sur un endroit aussi minuscule en moins de trois mois d\u00e9passent tout ce que l\u2019on a connu au cours des deux guerres mondiales.<\/p>\n<p>La bande de Gaza fait partie de l\u2019accord d\u2019armistice sign\u00e9 entre l\u2019\u00c9gypte et Isra\u00ebl le 24 f\u00e9vrier 1949.<\/p>\n<p>L\u2019article 2 de l\u2019accord stipule que la ligne de d\u00e9marcation ne conf\u00e8re ni ne prive de droits les parties bellig\u00e9rantes.<\/p>\n<p>Il s\u2019agit simplement de la ligne \u00e0 laquelle les bellig\u00e9rants se sont arr\u00eat\u00e9s \u00e0 cette date.<\/p>\n<p><strong>Voir la carte 2 de la ligne d\u2019armistice de Gaza ci-dessous.<\/strong><\/p>\n<figure id=\"attachment_36749\" class=\"wp-caption aligncenter\" aria-describedby=\"caption-attachment-36749\"><img loading=\"lazy\" decoding=\"async\" class=\"size-full wp-image-36749\" src=\"https:\/\/www.chroniquepalestine.com\/wp-content\/uploads\/2024\/01\/01-12.jpg\" sizes=\"auto, (max-width: 700px) 100vw, 700px\" srcset=\"https:\/\/www.chroniquepalestine.com\/wp-content\/uploads\/2024\/01\/01-12.jpg 700w, https:\/\/www.chroniquepalestine.com\/wp-content\/uploads\/2024\/01\/01-12-300x207.jpg 300w\" alt=\"\" width=\"700\" height=\"483\"><figcaption id=\"caption-attachment-36749\" class=\"wp-caption-text\">&nbsp;<strong>Gaza \u2013 Les lignes d\u2019armistice de 1949 et 1950 \u2013 Carte 2<\/strong><\/p>\n<p>&nbsp;<\/p>\n<\/figcaption><\/figure>\n<p>Isra\u00ebl n\u2019a pas de fronti\u00e8res, selon ses propres dirigeants, et il n\u2019y aucun article du droit international les d\u00e9finissant. En 1948, Isra\u00ebl a occup\u00e9 20 500 km2 (80 % de la Palestine) dont seulement 6 % ont \u00e9t\u00e9 obtenus gr\u00e2ce au Mandat britannique. Isra\u00ebl s\u2019est appropri\u00e9 le reste \u00e0 la pointe du fusil.<\/p>\n<p>Un an apr\u00e8s l\u2019accord officiel d\u2019armistice de f\u00e9vrier 1950, Isra\u00ebl s\u2019est plaint que de nombreux r\u00e9fugi\u00e9s avaient franchi la ligne de d\u00e9marcation et a propos\u00e9 \u00e0 l\u2019\u00c9gypte d\u2019\u00e9tablir une ligne temporaire, appel\u00e9e <em>modus vivendi<\/em>, afin d\u2019\u00e9viter les affrontements, \u00e0 condition que l\u2019accord initial reste en vigueur.<\/p>\n<p>Cette ligne a r\u00e9duit la superficie de la bande de Gaza de 555 km2 \u00e0 365 km2 aujourd\u2019hui. Comme le montre la carte 2, cette ligne temporaire est devenue officieusement la ligne r\u00e9guli\u00e8re figurant sur les cartes et contr\u00f4l\u00e9e par Isra\u00ebl.<\/p>\n<p>L\u2019horrible r\u00e9alit\u00e9 est qu\u2019un grand nombre des kibboutz attaqu\u00e9s, Nirim, Nir Oz et Ein Hashlosha, qui ont \u00e9t\u00e9 construits sur mes terres et celles d\u2019autres palestiniens, se trouvent en fait \u00e0 l\u2019int\u00e9rieur de la bande de Gaza proprement dite, comme le montre clairement la carte 2.<\/p>\n<p>Isra\u00ebl n\u2019a eu de cesse d\u2019essayer de grignoter de plus en plus la bande de Gaza pour en faire une \u00ab zone tampon \u00bb. Aucun organisme international n\u2019a jamais contest\u00e9 la continuelle r\u00e9duction de la minuscule bande de Gaza par Isra\u00ebl.<\/p>\n<p>Pendant ce temps, la guerre contre les jeunes qui ont franchi la ligne de d\u00e9marcation pour rentrer chez eux s\u2019intensifie. Ils doivent faire face aux bombes qui tombent \u00e0 Gaza et \u00e0 une campagne de diffamation incessante \u00e0 l\u2019\u00e9tranger.<\/p>\n<p>Les <a href=\"https:\/\/www.chroniquepalestine.com\/medias-ignorent-preuves-tuerie-provoquee-par-israel-7-octobre\/\">mensonges<\/a> et les <a href=\"https:\/\/www.chroniquepalestine.com\/israel-a-probablement-tue-ses-propres-colons-le-7-octobre\/\">accusations diffamatoires<\/a> les plus abjectes se multiplient. Les affirmations selon lesquelles ils avaient <a href=\"https:\/\/mondoweiss.net\/2023\/10\/there-is-no-proof-palestinian-fighters-beheaded-babies-the-only-source-is-a-radical-settler\/\">d\u00e9capit\u00e9<\/a> des b\u00e9b\u00e9s et <a href=\"https:\/\/www.chroniquepalestine.com\/reportages-sur-violences-sexuelles-commises-7-octobre-manquent-credibilite\/\">viol\u00e9<\/a> des femmes en masse, se sont \u00e9videmment r\u00e9v\u00e9l\u00e9es enti\u00e8rement fausses, mais leur effet perdure.<\/p>\n<p>Mais tous ceux qui les connaissent \u00e0 Gaza savent bien qu\u2019ils respectent un code moral strict.<\/p>\n<p>Rien ne peut cacher la d\u00e9termination et le courage de ces jeunes. Ils ont tenu bon pendant 90 jours, plus longtemps que lors de n\u2019importe quelle guerre d\u2019Isra\u00ebl contre ses voisins.<\/p>\n<p>Lorsque la poussi\u00e8re retombera, si elle retombe, l\u2019histoire montrera qui a d\u00e9fendu h\u00e9ro\u00efquement sa patrie et qui, en revanche, a commis des quantit\u00e9s incroyables de crimes odieux. Ce qui se passe en ce moment \u00e0 Gaza marquera l\u2019histoire des deux peuples.<\/p>\n<p style=\"text-align: center;\">*****<\/p>\n<header class=\"page-header\">\n<h3>Auteur : <a title=\"Afficher tous les articles pour Salman Abu Sitta\" href=\"https:\/\/www.chroniquepalestine.com\/writers\/salman-abu-sitta\">Salman Abu Sitta<\/a><\/h3>\n<div class=\"entry-content\">\n<p><img loading=\"lazy\" decoding=\"async\" class=\"alignleft size-full wp-image-30008\" src=\"https:\/\/www.chroniquepalestine.com\/wp-content\/uploads\/2022\/12\/00-6.jpg\" alt=\"\" width=\"130\" height=\"109\"> * Le Dr Salman Abu Sitta est n\u00e9 en 1937 \u00e0 Ma&rsquo;in Abu Sitta, dans le district de Beersheba de la Palestine mandataire. Ing\u00e9nieur de profession et chercheur, il est surtout connu pour son projet novateur de cartographie de la Palestine aux 21e, 20e et 19e si\u00e8cles et pour l&rsquo;\u00e9laboration d&rsquo;un plan pratique pour la mise en \u0153uvre du droit au retour des r\u00e9fugi\u00e9s palestiniens.<br \/>\nLe travail d&rsquo;Abu Sitta consiste non seulement \u00e0 documenter la Nakba, mais aussi \u00e0 veiller \u00e0 ce que <em>\u00ab les souvenirs et l&rsquo;identit\u00e9 de la patrie occup\u00e9e ne soient jamais perdus \u00bb<\/em>. Il est l&rsquo;auteur de plusieurs ouvrages et tr\u00e8s nombreux articles et documents sur la Palestine, dont <a href=\"https:\/\/www.plands.org\/en\/maps-atlases\/atlases\/atlas-of-palestine-1917-1966\">The Atlas of Palestine, 1917-1966<\/a>. Il est le fondateur et le pr\u00e9sident de la <a href=\"https:\/\/www.plands.org\/en\/home\">Palestine Land Society<\/a>.<\/p>\n<\/div>\n<\/header>\n<p style=\"text-align: center;\">*****<\/p>\n<p>Publi\u00e9 le 4 janvier 2024 sur <a href=\"https:\/\/mondoweiss.net\/2024\/01\/i-could-have-been-one-of-those-who-broke-through-the-siege-on-october-7\/\">Mondoweiss<\/a><br \/>\nTraduction : <a href=\"https:\/\/www.chroniquepalestine.com\/etre-un-de-ceux-qui-ont-brise-le-siege-de-gaza-le-7-octobre\">Chronique de Palestine<\/a> \u2013 Dominique Muselet<\/p>\n<p style=\"text-align: center;\">*****<\/p>\n<\/div>\n<p>Lisez \u00e9galement ces articles \u00e9crits par <strong>Salman Abu Sitta<\/strong> et publi\u00e9s sur ce site :<\/p>\n<p><a href=\"https:\/\/charleroi-pourlapalestine.be\/index.php\/2022\/12\/14\/dr-salman-abu-sitta\/\"><strong>Dr. Salman Abu Sitta : \u201cQue la Palestine soit libre, du fleuve jusqu\u2019\u00e0 la mer\u201d<\/strong><\/a><br \/>\n<strong><a href=\"https:\/\/charleroi-pourlapalestine.be\/index.php\/2022\/02\/01\/le-retour-a-gaza\/\">Le Retour ? A Gaza !<\/a><\/strong><\/p>\n<p>&nbsp;<\/p>\n","protected":false},"excerpt":{"rendered":"<p>Dr Salman Abu Sitta : \u00ab\u00a0Oui, j\u2019aurais pu \u00eatre l\u2019un de ceux qui ont franchi la cl\u00f4ture si j\u2019avais \u00e9t\u00e9 beaucoup plus jeune et si je vivais toujours dans le camp de concentration qu\u2019est la bande de Gaza.<\/p>\n","protected":false},"author":1,"featured_media":66185,"comment_status":"closed","ping_status":"closed","sticky":false,"template":"","format":"standard","meta":{"ngg_post_thumbnail":0,"footnotes":""},"categories":[927,6,25],"tags":[558],"class_list":["post-66183","post","type-post","status-publish","format-standard","has-post-thumbnail","hentry","category-7-octobre-2023","category-gaza","category-la-resistance-palestinienne","tag-salman-abu-sitta"],"yoast_head":"<!-- This site is optimized with the Yoast SEO plugin v27.3 - https:\/\/yoast.com\/product\/yoast-seo-wordpress\/ -->\n<title>J\u2019aurais pu \u00eatre l\u2019un de ceux qui ont bris\u00e9 le si\u00e8ge de Gaza le 7 octobre<\/title>\n<meta name=\"description\" content=\"Oui, j\u2019aurais pu \u00eatre l\u2019un de ceux qui ont franchi la cl\u00f4ture si je vivais toujours dans le camp de concentration qu\u2019est la bande de Gaza\" \/>\n<meta name=\"robots\" content=\"index, follow, max-snippet:-1, max-image-preview:large, max-video-preview:-1\" \/>\n<link rel=\"canonical\" href=\"https:\/\/charleroi-pourlapalestine.be\/index.php\/2024\/01\/12\/jaurais-pu-etre-lun-de-ceux-qui-ont-brise-le-siege-de-gaza-le-7-octobre\/\" \/>\n<script type=\"application\/ld+json\" class=\"yoast-schema-graph\">{\"@context\":\"https:\\\/\\\/schema.org\",\"@graph\":[{\"@type\":\"Article\",\"@id\":\"https:\\\/\\\/charleroi-pourlapalestine.be\\\/index.php\\\/2024\\\/01\\\/12\\\/jaurais-pu-etre-lun-de-ceux-qui-ont-brise-le-siege-de-gaza-le-7-octobre\\\/#article\",\"isPartOf\":{\"@id\":\"https:\\\/\\\/charleroi-pourlapalestine.be\\\/index.php\\\/2024\\\/01\\\/12\\\/jaurais-pu-etre-lun-de-ceux-qui-ont-brise-le-siege-de-gaza-le-7-octobre\\\/\"},\"author\":{\"name\":\"admin1873\",\"@id\":\"https:\\\/\\\/charleroi-pourlapalestine.be\\\/#\\\/schema\\\/person\\\/c19ff515112f1299d8c12671d8fe3faa\"},\"headline\":\"J\u2019aurais pu \u00eatre l\u2019un de ceux qui ont bris\u00e9 le si\u00e8ge de Gaza le 7 octobre\",\"datePublished\":\"2024-01-12T10:00:40+00:00\",\"dateModified\":\"2024-01-12T10:00:45+00:00\",\"mainEntityOfPage\":{\"@id\":\"https:\\\/\\\/charleroi-pourlapalestine.be\\\/index.php\\\/2024\\\/01\\\/12\\\/jaurais-pu-etre-lun-de-ceux-qui-ont-brise-le-siege-de-gaza-le-7-octobre\\\/\"},\"wordCount\":1761,\"publisher\":{\"@id\":\"https:\\\/\\\/charleroi-pourlapalestine.be\\\/#organization\"},\"image\":{\"@id\":\"https:\\\/\\\/charleroi-pourlapalestine.be\\\/index.php\\\/2024\\\/01\\\/12\\\/jaurais-pu-etre-lun-de-ceux-qui-ont-brise-le-siege-de-gaza-le-7-octobre\\\/#primaryimage\"},\"thumbnailUrl\":\"https:\\\/\\\/charleroi-pourlapalestine.be\\\/wp-content\\\/uploads\\\/2024\\\/01\\\/Brigades-Abu-Ali-Mustafa.jpg\",\"keywords\":[\"Salman Abu Sitta\"],\"articleSection\":[\"7 octobre 2023\",\"Gaza\",\"R\u00e9sistance\"],\"inLanguage\":\"fr-FR\"},{\"@type\":\"WebPage\",\"@id\":\"https:\\\/\\\/charleroi-pourlapalestine.be\\\/index.php\\\/2024\\\/01\\\/12\\\/jaurais-pu-etre-lun-de-ceux-qui-ont-brise-le-siege-de-gaza-le-7-octobre\\\/\",\"url\":\"https:\\\/\\\/charleroi-pourlapalestine.be\\\/index.php\\\/2024\\\/01\\\/12\\\/jaurais-pu-etre-lun-de-ceux-qui-ont-brise-le-siege-de-gaza-le-7-octobre\\\/\",\"name\":\"J\u2019aurais pu \u00eatre l\u2019un de ceux qui ont bris\u00e9 le si\u00e8ge de Gaza le 7 octobre\",\"isPartOf\":{\"@id\":\"https:\\\/\\\/charleroi-pourlapalestine.be\\\/#website\"},\"primaryImageOfPage\":{\"@id\":\"https:\\\/\\\/charleroi-pourlapalestine.be\\\/index.php\\\/2024\\\/01\\\/12\\\/jaurais-pu-etre-lun-de-ceux-qui-ont-brise-le-siege-de-gaza-le-7-octobre\\\/#primaryimage\"},\"image\":{\"@id\":\"https:\\\/\\\/charleroi-pourlapalestine.be\\\/index.php\\\/2024\\\/01\\\/12\\\/jaurais-pu-etre-lun-de-ceux-qui-ont-brise-le-siege-de-gaza-le-7-octobre\\\/#primaryimage\"},\"thumbnailUrl\":\"https:\\\/\\\/charleroi-pourlapalestine.be\\\/wp-content\\\/uploads\\\/2024\\\/01\\\/Brigades-Abu-Ali-Mustafa.jpg\",\"datePublished\":\"2024-01-12T10:00:40+00:00\",\"dateModified\":\"2024-01-12T10:00:45+00:00\",\"description\":\"Oui, j\u2019aurais pu \u00eatre l\u2019un de ceux qui ont franchi la cl\u00f4ture si je vivais toujours dans le camp de concentration qu\u2019est la bande de Gaza\",\"breadcrumb\":{\"@id\":\"https:\\\/\\\/charleroi-pourlapalestine.be\\\/index.php\\\/2024\\\/01\\\/12\\\/jaurais-pu-etre-lun-de-ceux-qui-ont-brise-le-siege-de-gaza-le-7-octobre\\\/#breadcrumb\"},\"inLanguage\":\"fr-FR\",\"potentialAction\":[{\"@type\":\"ReadAction\",\"target\":[\"https:\\\/\\\/charleroi-pourlapalestine.be\\\/index.php\\\/2024\\\/01\\\/12\\\/jaurais-pu-etre-lun-de-ceux-qui-ont-brise-le-siege-de-gaza-le-7-octobre\\\/\"]}]},{\"@type\":\"ImageObject\",\"inLanguage\":\"fr-FR\",\"@id\":\"https:\\\/\\\/charleroi-pourlapalestine.be\\\/index.php\\\/2024\\\/01\\\/12\\\/jaurais-pu-etre-lun-de-ceux-qui-ont-brise-le-siege-de-gaza-le-7-octobre\\\/#primaryimage\",\"url\":\"https:\\\/\\\/charleroi-pourlapalestine.be\\\/wp-content\\\/uploads\\\/2024\\\/01\\\/Brigades-Abu-Ali-Mustafa.jpg\",\"contentUrl\":\"https:\\\/\\\/charleroi-pourlapalestine.be\\\/wp-content\\\/uploads\\\/2024\\\/01\\\/Brigades-Abu-Ali-Mustafa.jpg\",\"width\":678,\"height\":455},{\"@type\":\"BreadcrumbList\",\"@id\":\"https:\\\/\\\/charleroi-pourlapalestine.be\\\/index.php\\\/2024\\\/01\\\/12\\\/jaurais-pu-etre-lun-de-ceux-qui-ont-brise-le-siege-de-gaza-le-7-octobre\\\/#breadcrumb\",\"itemListElement\":[{\"@type\":\"ListItem\",\"position\":1,\"name\":\"Accueil\",\"item\":\"https:\\\/\\\/charleroi-pourlapalestine.be\\\/\"},{\"@type\":\"ListItem\",\"position\":2,\"name\":\"J\u2019aurais pu \u00eatre l\u2019un de ceux qui ont bris\u00e9 le si\u00e8ge de Gaza le 7 octobre\"}]},{\"@type\":\"WebSite\",\"@id\":\"https:\\\/\\\/charleroi-pourlapalestine.be\\\/#website\",\"url\":\"https:\\\/\\\/charleroi-pourlapalestine.be\\\/\",\"name\":\"Charleroi Pour la Palestine\",\"description\":\"\",\"publisher\":{\"@id\":\"https:\\\/\\\/charleroi-pourlapalestine.be\\\/#organization\"},\"potentialAction\":[{\"@type\":\"SearchAction\",\"target\":{\"@type\":\"EntryPoint\",\"urlTemplate\":\"https:\\\/\\\/charleroi-pourlapalestine.be\\\/?s={search_term_string}\"},\"query-input\":{\"@type\":\"PropertyValueSpecification\",\"valueRequired\":true,\"valueName\":\"search_term_string\"}}],\"inLanguage\":\"fr-FR\"},{\"@type\":\"Organization\",\"@id\":\"https:\\\/\\\/charleroi-pourlapalestine.be\\\/#organization\",\"name\":\"Plate-forme Charleroi-Palestine\",\"url\":\"https:\\\/\\\/charleroi-pourlapalestine.be\\\/\",\"logo\":{\"@type\":\"ImageObject\",\"inLanguage\":\"fr-FR\",\"@id\":\"https:\\\/\\\/charleroi-pourlapalestine.be\\\/#\\\/schema\\\/logo\\\/image\\\/\",\"url\":\"https:\\\/\\\/charleroi-pourlapalestine.be\\\/wp-content\\\/uploads\\\/2020\\\/01\\\/logo-Copy.jpg\",\"contentUrl\":\"https:\\\/\\\/charleroi-pourlapalestine.be\\\/wp-content\\\/uploads\\\/2020\\\/01\\\/logo-Copy.jpg\",\"width\":180,\"height\":180,\"caption\":\"Plate-forme Charleroi-Palestine\"},\"image\":{\"@id\":\"https:\\\/\\\/charleroi-pourlapalestine.be\\\/#\\\/schema\\\/logo\\\/image\\\/\"},\"sameAs\":[\"https:\\\/\\\/www.facebook.com\\\/PlateformeCharleroiPalestine\\\/\",\"https:\\\/\\\/x.com\\\/LaCharleroi\"]},{\"@type\":\"Person\",\"@id\":\"https:\\\/\\\/charleroi-pourlapalestine.be\\\/#\\\/schema\\\/person\\\/c19ff515112f1299d8c12671d8fe3faa\",\"name\":\"admin1873\",\"url\":\"https:\\\/\\\/charleroi-pourlapalestine.be\\\/index.php\\\/author\\\/admin1873\\\/\"}]}<\/script>\n<!-- \/ Yoast SEO plugin. -->","yoast_head_json":{"title":"J\u2019aurais pu \u00eatre l\u2019un de ceux qui ont bris\u00e9 le si\u00e8ge de Gaza le 7 octobre","description":"Oui, j\u2019aurais pu \u00eatre l\u2019un de ceux qui ont franchi la cl\u00f4ture si je vivais toujours dans le camp de concentration qu\u2019est la bande de Gaza","robots":{"index":"index","follow":"follow","max-snippet":"max-snippet:-1","max-image-preview":"max-image-preview:large","max-video-preview":"max-video-preview:-1"},"canonical":"https:\/\/charleroi-pourlapalestine.be\/index.php\/2024\/01\/12\/jaurais-pu-etre-lun-de-ceux-qui-ont-brise-le-siege-de-gaza-le-7-octobre\/","schema":{"@context":"https:\/\/schema.org","@graph":[{"@type":"Article","@id":"https:\/\/charleroi-pourlapalestine.be\/index.php\/2024\/01\/12\/jaurais-pu-etre-lun-de-ceux-qui-ont-brise-le-siege-de-gaza-le-7-octobre\/#article","isPartOf":{"@id":"https:\/\/charleroi-pourlapalestine.be\/index.php\/2024\/01\/12\/jaurais-pu-etre-lun-de-ceux-qui-ont-brise-le-siege-de-gaza-le-7-octobre\/"},"author":{"name":"admin1873","@id":"https:\/\/charleroi-pourlapalestine.be\/#\/schema\/person\/c19ff515112f1299d8c12671d8fe3faa"},"headline":"J\u2019aurais pu \u00eatre l\u2019un de ceux qui ont bris\u00e9 le si\u00e8ge de Gaza le 7 octobre","datePublished":"2024-01-12T10:00:40+00:00","dateModified":"2024-01-12T10:00:45+00:00","mainEntityOfPage":{"@id":"https:\/\/charleroi-pourlapalestine.be\/index.php\/2024\/01\/12\/jaurais-pu-etre-lun-de-ceux-qui-ont-brise-le-siege-de-gaza-le-7-octobre\/"},"wordCount":1761,"publisher":{"@id":"https:\/\/charleroi-pourlapalestine.be\/#organization"},"image":{"@id":"https:\/\/charleroi-pourlapalestine.be\/index.php\/2024\/01\/12\/jaurais-pu-etre-lun-de-ceux-qui-ont-brise-le-siege-de-gaza-le-7-octobre\/#primaryimage"},"thumbnailUrl":"https:\/\/charleroi-pourlapalestine.be\/wp-content\/uploads\/2024\/01\/Brigades-Abu-Ali-Mustafa.jpg","keywords":["Salman Abu Sitta"],"articleSection":["7 octobre 2023","Gaza","R\u00e9sistance"],"inLanguage":"fr-FR"},{"@type":"WebPage","@id":"https:\/\/charleroi-pourlapalestine.be\/index.php\/2024\/01\/12\/jaurais-pu-etre-lun-de-ceux-qui-ont-brise-le-siege-de-gaza-le-7-octobre\/","url":"https:\/\/charleroi-pourlapalestine.be\/index.php\/2024\/01\/12\/jaurais-pu-etre-lun-de-ceux-qui-ont-brise-le-siege-de-gaza-le-7-octobre\/","name":"J\u2019aurais pu \u00eatre l\u2019un de ceux qui ont bris\u00e9 le si\u00e8ge de Gaza le 7 octobre","isPartOf":{"@id":"https:\/\/charleroi-pourlapalestine.be\/#website"},"primaryImageOfPage":{"@id":"https:\/\/charleroi-pourlapalestine.be\/index.php\/2024\/01\/12\/jaurais-pu-etre-lun-de-ceux-qui-ont-brise-le-siege-de-gaza-le-7-octobre\/#primaryimage"},"image":{"@id":"https:\/\/charleroi-pourlapalestine.be\/index.php\/2024\/01\/12\/jaurais-pu-etre-lun-de-ceux-qui-ont-brise-le-siege-de-gaza-le-7-octobre\/#primaryimage"},"thumbnailUrl":"https:\/\/charleroi-pourlapalestine.be\/wp-content\/uploads\/2024\/01\/Brigades-Abu-Ali-Mustafa.jpg","datePublished":"2024-01-12T10:00:40+00:00","dateModified":"2024-01-12T10:00:45+00:00","description":"Oui, j\u2019aurais pu \u00eatre l\u2019un de ceux qui ont franchi la cl\u00f4ture si je vivais toujours dans le camp de concentration qu\u2019est la bande de Gaza","breadcrumb":{"@id":"https:\/\/charleroi-pourlapalestine.be\/index.php\/2024\/01\/12\/jaurais-pu-etre-lun-de-ceux-qui-ont-brise-le-siege-de-gaza-le-7-octobre\/#breadcrumb"},"inLanguage":"fr-FR","potentialAction":[{"@type":"ReadAction","target":["https:\/\/charleroi-pourlapalestine.be\/index.php\/2024\/01\/12\/jaurais-pu-etre-lun-de-ceux-qui-ont-brise-le-siege-de-gaza-le-7-octobre\/"]}]},{"@type":"ImageObject","inLanguage":"fr-FR","@id":"https:\/\/charleroi-pourlapalestine.be\/index.php\/2024\/01\/12\/jaurais-pu-etre-lun-de-ceux-qui-ont-brise-le-siege-de-gaza-le-7-octobre\/#primaryimage","url":"https:\/\/charleroi-pourlapalestine.be\/wp-content\/uploads\/2024\/01\/Brigades-Abu-Ali-Mustafa.jpg","contentUrl":"https:\/\/charleroi-pourlapalestine.be\/wp-content\/uploads\/2024\/01\/Brigades-Abu-Ali-Mustafa.jpg","width":678,"height":455},{"@type":"BreadcrumbList","@id":"https:\/\/charleroi-pourlapalestine.be\/index.php\/2024\/01\/12\/jaurais-pu-etre-lun-de-ceux-qui-ont-brise-le-siege-de-gaza-le-7-octobre\/#breadcrumb","itemListElement":[{"@type":"ListItem","position":1,"name":"Accueil","item":"https:\/\/charleroi-pourlapalestine.be\/"},{"@type":"ListItem","position":2,"name":"J\u2019aurais pu \u00eatre l\u2019un de ceux qui ont bris\u00e9 le si\u00e8ge de Gaza le 7 octobre"}]},{"@type":"WebSite","@id":"https:\/\/charleroi-pourlapalestine.be\/#website","url":"https:\/\/charleroi-pourlapalestine.be\/","name":"Charleroi Pour la Palestine","description":"","publisher":{"@id":"https:\/\/charleroi-pourlapalestine.be\/#organization"},"potentialAction":[{"@type":"SearchAction","target":{"@type":"EntryPoint","urlTemplate":"https:\/\/charleroi-pourlapalestine.be\/?s={search_term_string}"},"query-input":{"@type":"PropertyValueSpecification","valueRequired":true,"valueName":"search_term_string"}}],"inLanguage":"fr-FR"},{"@type":"Organization","@id":"https:\/\/charleroi-pourlapalestine.be\/#organization","name":"Plate-forme Charleroi-Palestine","url":"https:\/\/charleroi-pourlapalestine.be\/","logo":{"@type":"ImageObject","inLanguage":"fr-FR","@id":"https:\/\/charleroi-pourlapalestine.be\/#\/schema\/logo\/image\/","url":"https:\/\/charleroi-pourlapalestine.be\/wp-content\/uploads\/2020\/01\/logo-Copy.jpg","contentUrl":"https:\/\/charleroi-pourlapalestine.be\/wp-content\/uploads\/2020\/01\/logo-Copy.jpg","width":180,"height":180,"caption":"Plate-forme Charleroi-Palestine"},"image":{"@id":"https:\/\/charleroi-pourlapalestine.be\/#\/schema\/logo\/image\/"},"sameAs":["https:\/\/www.facebook.com\/PlateformeCharleroiPalestine\/","https:\/\/x.com\/LaCharleroi"]},{"@type":"Person","@id":"https:\/\/charleroi-pourlapalestine.be\/#\/schema\/person\/c19ff515112f1299d8c12671d8fe3faa","name":"admin1873","url":"https:\/\/charleroi-pourlapalestine.be\/index.php\/author\/admin1873\/"}]}},"_links":{"self":[{"href":"https:\/\/charleroi-pourlapalestine.be\/index.php\/wp-json\/wp\/v2\/posts\/66183","targetHints":{"allow":["GET"]}}],"collection":[{"href":"https:\/\/charleroi-pourlapalestine.be\/index.php\/wp-json\/wp\/v2\/posts"}],"about":[{"href":"https:\/\/charleroi-pourlapalestine.be\/index.php\/wp-json\/wp\/v2\/types\/post"}],"author":[{"embeddable":true,"href":"https:\/\/charleroi-pourlapalestine.be\/index.php\/wp-json\/wp\/v2\/users\/1"}],"replies":[{"embeddable":true,"href":"https:\/\/charleroi-pourlapalestine.be\/index.php\/wp-json\/wp\/v2\/comments?post=66183"}],"version-history":[{"count":0,"href":"https:\/\/charleroi-pourlapalestine.be\/index.php\/wp-json\/wp\/v2\/posts\/66183\/revisions"}],"wp:featuredmedia":[{"embeddable":true,"href":"https:\/\/charleroi-pourlapalestine.be\/index.php\/wp-json\/wp\/v2\/media\/66185"}],"wp:attachment":[{"href":"https:\/\/charleroi-pourlapalestine.be\/index.php\/wp-json\/wp\/v2\/media?parent=66183"}],"wp:term":[{"taxonomy":"category","embeddable":true,"href":"https:\/\/charleroi-pourlapalestine.be\/index.php\/wp-json\/wp\/v2\/categories?post=66183"},{"taxonomy":"post_tag","embeddable":true,"href":"https:\/\/charleroi-pourlapalestine.be\/index.php\/wp-json\/wp\/v2\/tags?post=66183"}],"curies":[{"name":"wp","href":"https:\/\/api.w.org\/{rel}","templated":true}]}}