{"id":67239,"date":"2024-01-21T12:56:32","date_gmt":"2024-01-21T11:56:32","guid":{"rendered":"https:\/\/charleroi-pourlapalestine.be\/?p=67239"},"modified":"2024-01-21T12:56:46","modified_gmt":"2024-01-21T11:56:46","slug":"le-soutien-de-biden-au-genocide-a-gaza-attise-une-guerre-plus-etendue-encore","status":"publish","type":"post","link":"https:\/\/charleroi-pourlapalestine.be\/index.php\/2024\/01\/21\/le-soutien-de-biden-au-genocide-a-gaza-attise-une-guerre-plus-etendue-encore\/","title":{"rendered":"Le soutien de Biden au g\u00e9nocide \u00e0 Gaza attise une guerre plus \u00e9tendue encore"},"content":{"rendered":"<p>Depuis plus de cent jours, on estime que l\u2019engagement in\u00e9branlable du pr\u00e9sident Joe Biden en faveur du g\u00e9nocide isra\u00e9lien \u00e0 Gaza a co\u00fbt\u00e9 la vie \u00e0 32 200 Palestiniens, mis \u00e0 rude \u00e9preuve l\u2019int\u00e9grit\u00e9 des lois internationales et semble \u00e0 pr\u00e9sent menacer les int\u00e9r\u00eats m\u00eames des \u00c9tats-Unis, puisque Washington intensifie une guerre r\u00e9gionale qu\u2019il n\u2019a pourtant pas voulue, pr\u00e9tend-il.<\/p>\n<p>&nbsp;<\/p>\n<div id=\"attachment_67240\" style=\"width: 1020px\" class=\"wp-caption aligncenter\"><img loading=\"lazy\" decoding=\"async\" aria-describedby=\"caption-attachment-67240\" class=\"wp-image-67240 size-full\" src=\"https:\/\/charleroi-pourlapalestine.be\/wp-content\/uploads\/2024\/01\/Yemen-.png\" alt=\"Le soutien de Biden au g\u00e9nocide \u00e0 Gaza attise une guerre plus \u00e9tendue encore. Hhoto : 12 janvier 2024. Sana\u2019a, Y\u00e9men. Un ado tient une roquette factice lors d\u2019une manifestation contre l\u2019op\u00e9ration men\u00e9e par les EU afin de prot\u00e9ger la navigation commerciale en mer Rouge. (Photo : Osamah Yahya \/ ZUMA Press Wire)\" width=\"1010\" height=\"700\" srcset=\"https:\/\/charleroi-pourlapalestine.be\/wp-content\/uploads\/2024\/01\/Yemen-.png 1010w, https:\/\/charleroi-pourlapalestine.be\/wp-content\/uploads\/2024\/01\/Yemen--300x208.png 300w, https:\/\/charleroi-pourlapalestine.be\/wp-content\/uploads\/2024\/01\/Yemen--768x532.png 768w\" sizes=\"auto, (max-width: 1010px) 100vw, 1010px\" \/><p id=\"caption-attachment-67240\" class=\"wp-caption-text\">12 janvier 2024. Sana\u2019a, Y\u00e9men. Un ado tient une roquette factice lors d\u2019une manifestation contre l\u2019op\u00e9ration men\u00e9e par les EU afin de prot\u00e9ger la navigation commerciale en mer Rouge. (Photo : Osamah Yahya \/ ZUMA Press Wire)<\/p><\/div>\n<p>&nbsp;<\/p>\n<p><strong>Maureen Clare Murphy,<\/strong> 19 janvier 2024<\/p>\n<p>Biden s\u2019est fermement positionn\u00e9 comme un partenaire \u00e0 part enti\u00e8re de la campagne militaire d\u2019Isra\u00ebl, bien que, plus d\u2019une fois, il ait reconnu la nature indiscrimin\u00e9e de ses bombardements sur Gaza en admettant essentiellement qu\u2019il contribuait ainsi \u00e0 des crimes de guerre en les encourageant.<\/p>\n<p>Et c\u2019est ainsi que Biden et ses secr\u00e9taires d\u2019\u00c9tat et \u00e0 la d\u00e9fense sont poursuivis pour leur incapacit\u00e9 \u00e0 emp\u00eacher un g\u00e9nocide et pour leur complicit\u00e9 dans ce m\u00eame g\u00e9nocide qui se d\u00e9roule \u00e0 Gaza.<\/p>\n<p>Le soutien inconditionnel \u2013 <em>\u00ab sans la moindre divergence \u00bb<\/em> \u2013 de l\u2019administration Biden \u00e0 Isra\u00ebl a donn\u00e9 tellement de latitude que Tel-Aviv ne dispose d\u2019aucun moyen de faire marche arri\u00e8re dans ses objectifs de guerre d\u00e9clar\u00e9s, bien qu\u2019il n\u2019en ait r\u00e9alis\u00e9 aucun jusqu\u2019\u00e0 pr\u00e9sent. Des douzaines de captifs sont toujours \u00e0 Gaza et le commandement du Hamas est rest\u00e9 intact, sans parler de la r\u00e9sistance men\u00e9e par les multiples factions contre les forces terrestres isra\u00e9liennes.<\/p>\n<p>Aucune victoire ne se profile \u00e0 l\u2019horizon pour Isra\u00ebl, et c\u2019est le moins qu\u2019on puisse dire.<\/p>\n<blockquote class=\"twitter-tweet\" data-width=\"500\" data-dnt=\"true\">\n<p lang=\"en\" dir=\"ltr\">What&#39;s unsettling isn&#39;t just the US&#39; indifference to genocide, but its disregard for reason: having experienced invasion, occupation and siege, Hamas, Hizbullah and Ansarullah will keep fighting because they don&#39;t have much to lose. Israel has much more to lose in relative terms<\/p>\n<p>&mdash; Amal Saad (@amalsaad_lb) <a href=\"https:\/\/twitter.com\/amalsaad_lb\/status\/1746609207275598123?ref_src=twsrc%5Etfw\">January 14, 2024<\/a><\/p><\/blockquote>\n<p><script async src=\"https:\/\/platform.twitter.com\/widgets.js\" charset=\"utf-8\"><\/script><\/p>\n<p>&nbsp;<\/p>\n<p>Les EU s\u2019enfoncent eux-m\u00eames dans une position tout aussi insoluble en alimentant en bombes une poudri\u00e8re r\u00e9gionale, d\u00e9clenchant ainsi une s\u00e9rie de cons\u00e9quences qu\u2019il leur sera de plus en plus difficile de contr\u00f4ler.<\/p>\n<p>Washington bombarde maintenant le Y\u00e9men, bien qu\u2019il reconnaisse que cela n\u2019a gu\u00e8re d\u2019effet dissuasif, apr\u00e8s que les EU et le Royaume-Uni ont lanc\u00e9 des frappes a\u00e9riennes sur le pays la semaine derni\u00e8re, suite \u00e0 une pr\u00e9tendue attaque de missiles et de drones en direction d\u2019un cargo am\u00e9ricain et des navires de guerre qui l\u2019escortaient, quelques jours plus t\u00f4t.<\/p>\n<blockquote class=\"twitter-tweet\" data-width=\"500\" data-dnt=\"true\">\n<p lang=\"en\" dir=\"ltr\">That about sums up the administration&#39;s Mideast policy <a href=\"https:\/\/t.co\/KqmgywJhMK\">https:\/\/t.co\/KqmgywJhMK<\/a><\/p>\n<p>&mdash; Alex Kane (@alexbkane) <a href=\"https:\/\/twitter.com\/alexbkane\/status\/1748047407630131345?ref_src=twsrc%5Etfw\">January 18, 2024<\/a><\/p><\/blockquote>\n<p><script async src=\"https:\/\/platform.twitter.com\/widgets.js\" charset=\"utf-8\"><\/script><\/p>\n<p>L\u2019administration Biden pr\u00e9tend que les EU ne sont <em>\u00ab pas int\u00e9ress\u00e9s (\u2026) par une guerre contre le Y\u00e9men \u00bb<\/em>, comme l\u2019a d\u00e9clar\u00e9 vendredi dernier le porte-parole de la s\u00e9curit\u00e9 nationale de la Maison-Blanche, John Kirby. <em>The New York Times<\/em> s\u2019interrogeait le m\u00eame jour :<\/p>\n<blockquote><p>\u00ab La guerre r\u00e9gionale dont personne ne voulait est l\u00e0. Quelle sera son ampleur ? \u00bb<\/p><\/blockquote>\n<p>La r\u00e9ponse d\u00e9pend du temps pendant lequel les EU prolongeront le g\u00e9nocide \u00e0 Gaza, puisque ces escalades r\u00e9gionales sont une cons\u00e9quence directe de la politique moralement et strat\u00e9giquement d\u00e9sastreuse de Washington.<\/p>\n<p>Les frappes a\u00e9riennes des EU et du Royaume-Uni au Y\u00e9men ont \u00e9t\u00e9 lanc\u00e9es le premier jour des sessions autour du g\u00e9nocide \u00e0 la <strong>Cour internationale de justice<\/strong> de La Haye cette semaine.<\/p>\n<p>Les EU s\u2019opposent \u00e0 ces proc\u00e9dures (c\u2019est avec arrogance que le secr\u00e9taire d\u2019\u00c9tat Antony Blinken a rejet\u00e9 la plainte sud-africaine pour g\u00e9nocide contre Isra\u00ebl, la qualifiant de d\u00e9tournement d\u2019attention<em> \u00ab sans m\u00e9rite \u00bb,<\/em> alors que le porte-parole de la Maison-Blanche, John Kirby, disait qu\u2019elle \u00e9tait <em>\u00ab d\u00e9nu\u00e9e du moindre fondement factuel imaginable \u00bb<\/em>). Washington s\u2019oppose \u00e0 toute mesure r\u00e9elle en vue de r\u00e9clamer des comptes \u00e0 Isra\u00ebl, de m\u00eame qu\u2019il s\u2019oppose aussi au moindre effort vers la mise en place d\u2019un cessez-le-feu, en emp\u00eachant \u00e0 l\u2019avance le Conseil de s\u00e9curit\u00e9 de l\u2019ONU de lancer un appel juridiquement contraignant en faveur d\u2019une telle mesure.<\/p>\n<p>Biden est lui-m\u00eame responsable de cette situation difficile au niveau r\u00e9gional puisqu\u2019il s\u2019est immisc\u00e9 comme partenaire \u00e0 part enti\u00e8re dans le g\u00e9nocide isra\u00e9lien contre les Palestiniens \u00e0 Gaza.<\/p>\n<p>Le soutien de son administration \u00e0 la campagne militaire isra\u00e9lienne, qui a d\u00e9sormais franchi le cap des cent jours, s\u2019est traduit par des hostilit\u00e9s entre Isra\u00ebl et le <strong>Liban<\/strong>, lesquelles sont au bord d\u2019une guerre \u00e0 grande \u00e9chelle.<\/p>\n<p>Le soutien mat\u00e9riel et diplomatique de Washington \u00e0 la campagne g\u00e9nocidaire a incit\u00e9 des attaques contre des cibles am\u00e9ricaines en<strong> Syrie<\/strong> et en<strong> Irak<\/strong>, o\u00f9 les frappes am\u00e9ricaines du 4 janvier \u2013 qui ont tu\u00e9 un dirigeant de milice \u00e0 Bagdad \u2013 ont soulev\u00e9 la col\u00e8re du gouvernement de ce pays.<\/p>\n<p>Et, aujourd\u2019hui, les EU sont engag\u00e9s dans une confrontation militaire directe avec<strong> Ansar Allah<\/strong> (les partisans de Dieu), le gouvernement de facto du Y\u00e9men, qui, depuis des semaines, entretient un blocus maritime cens\u00e9 emp\u00eacher les navires commerciaux d\u2019atteindre les ports isra\u00e9liens.<\/p>\n<h3><strong><br \/>\nLes objectifs d\u2019Ansar Allah<\/strong><\/h3>\n<p>Ansar Allah a fait savoir clairement que son intervention en mer Rouge visait \u00e0<strong> exiger un co\u00fbt \u00e9conomique de la part d\u2019Isra\u00ebl pour le g\u00e9nocide \u00e0 Gaza<\/strong>, une forme de pression destin\u00e9e \u00e0 mettre un terme au bain de sang et \u00e0 la catastrophe humanitaire.<\/p>\n<p><strong>La solidarit\u00e9 du Y\u00e9men avec Gaza<\/strong> a \u00e9t\u00e9 forc\u00e9e par l\u2019exp\u00e9rience y\u00e9m\u00e9nite m\u00eame d\u2019une occupation militaire \u00e9trang\u00e8re et d\u2019une famine issue d\u2019un blocus et d\u2019une soumission, des ann\u00e9es durant, \u00e0 une campagne a\u00e9rienne de l\u2019Arabie saoudite appuy\u00e9e par Washington et Londres. Il est certain qu\u2019Ansar Allah et ses partisans per\u00e7oivent le sort des Palestiniens \u00e0 Gaza et celui du peuple du Y\u00e9men comme \u00e9tant interconnect\u00e9s et qu\u2019entreprendre des actions en vue de court-circuiter le g\u00e9nocide \u00e0 Gaza sert \u00e9galement \u00e0 prot\u00e9ger la s\u00e9curit\u00e9 \u00e0 long terme du Y\u00e9men lui-m\u00eame.<\/p>\n<blockquote class=\"twitter-tweet\" data-width=\"500\" data-dnt=\"true\">\n<p lang=\"en\" dir=\"ltr\">Any reporter who takes Biden at his word when he says the US is committed to protecting free flow of goods is &#8212; at best &#8212; being foolish, and &#8212; at worst &#8212; deeply complicit. The US-backed blockade on Yemen has been a nightmare beyond words, almost entirely ignored in US press. <a href=\"https:\/\/t.co\/nC9tW5zIWp\">https:\/\/t.co\/nC9tW5zIWp<\/a><\/p>\n<p>&mdash; Sarah Lazare (@sarahlazare) <a href=\"https:\/\/twitter.com\/sarahlazare\/status\/1746360309416092133?ref_src=twsrc%5Etfw\">January 14, 2024<\/a><\/p><\/blockquote>\n<p><script async src=\"https:\/\/platform.twitter.com\/widgets.js\" charset=\"utf-8\"><\/script><\/p>\n<blockquote class=\"twitter-tweet\" data-width=\"500\" data-dnt=\"true\">\n<p lang=\"en\" dir=\"ltr\">The US-backed blockade on Yemen isn&#39;t ancient history. The restrictions are still ongoing, with dire consequences for those who face severe illness. <a href=\"https:\/\/t.co\/MqcBVeWAcg\">https:\/\/t.co\/MqcBVeWAcg<\/a> <a href=\"https:\/\/t.co\/geeMU2uaD8\">pic.twitter.com\/geeMU2uaD8<\/a><\/p>\n<p>&mdash; Sarah Lazare (@sarahlazare) <a href=\"https:\/\/twitter.com\/sarahlazare\/status\/1746368810154627367?ref_src=twsrc%5Etfw\">January 14, 2024<\/a><\/p><\/blockquote>\n<p><script async src=\"https:\/\/platform.twitter.com\/widgets.js\" charset=\"utf-8\"><\/script><\/p>\n<p>https:\/\/twitter.com\/El_Arvare\/status\/1746529774648922163?ref_src=twsrc%5Etfw%7Ctwcamp%5Etweetembed%7Ctwterm%5E1746529774648922163%7Ctwgr%5Ec83f76d7adacc367ca0c5a637674a47723141dc2%7Ctwcon%5Es1_&#038;ref_url=https%3A%2F%2Felectronicintifada.net%2Fcontent%2Fbidens-support-gaza-genocide-fueling-bigger-war%2F44026<\/p>\n<p>&nbsp;<\/p>\n<p>L\u2019objectif d\u2019Ansar Allah est en contradiction directe avec la politique am\u00e9ricaine de prolongation de la guerre et de protection d\u2019Isra\u00ebl de toute pression significative en vue d\u2019y mettre un terme.<\/p>\n<p>Jake Sullivan, le conseiller de Biden en mati\u00e8re de s\u00e9curit\u00e9 nationale, a d\u00e9clar\u00e9 cette semaine que les bombardements du Y\u00e9men par les EU et la Grande-Bretagne en r\u00e9ponse \u00e0 l\u2019intervention d\u2019Ansar constituaient une <em>\u00ab action d\u00e9fensive \u00bb<\/em>. Il a pr\u00e9tendu que son administration cr\u00e9ait<\/p>\n<blockquote><p>\u00ab les conditions en faveur de la d\u00e9sescalade \u00bb par le biais d\u2019une \u00ab combinaison de dissuasion constante et de diplomatie in\u00e9branlable \u00bb.<\/p><\/blockquote>\n<p>Les assertions de Sullivan se situent naturellement \u00e0 l\u2019oppos\u00e9 de la r\u00e9alit\u00e9 \u2013 il serait assez difficile pour Washington de revendiquer son autod\u00e9fense dans la mer Rouge \u2013 et les frappes violent \u00e0 la fois la Charte des Nations unies et la Constitution am\u00e9ricaine. Mercredi, loin d\u2019un geste diplomatique, le d\u00e9partement d\u2019\u00c9tat a qualifi\u00e9 Ansar Allah d\u2019organisation terroriste, pr\u00e9parant ainsi la voie \u00e0 des sanctions qui,<\/p>\n<blockquote><p>\u00ab en tout premier lieu, porteront pr\u00e9judice \u00e0 des civils \u00bb,<\/p><\/blockquote>\n<p>comme l\u2019a expliqu\u00e9 le lendemain DAWN, l\u2019organisation de surveillance des droits humains.<\/p>\n<p><strong>Mohammed Al-Bukhaiti<\/strong>, un membre de l\u2019aile politique d\u2019Ansar Allah, a d\u00e9clar\u00e9 qu\u2019avant les frappes a\u00e9riennes am\u00e9ricano-britanniques contre le Y\u00e9men, son organisation n\u2019avait cibl\u00e9 que des navires en route vers des ports isra\u00e9liens ou appartenant \u00e0 des identit\u00e9s isra\u00e9liennes (toutefois, DAWN dit qu\u2019il s\u2019est av\u00e9r\u00e9 que <em>\u00ab certains des navires attaqu\u00e9s par Ansar Allah n\u2019avaient aucune connexion avec Isra\u00ebl \u00bb)<\/em>. Al-Bukhaiti a ajout\u00e9 que le but n\u2019\u00e9tait pas de couler ou de saisir les navires, mais de les obliger \u00e0 changer de route et \u00e0 d\u00e9gager ainsi un moyen d\u2019appliquer des pressions \u00e9conomiques sur Isra\u00ebl.<\/p>\n<p>Les attaques y\u00e9m\u00e9nites contre le transport maritime n\u2019ont pas r\u00e9sult\u00e9 en rapports mentionnant des bless\u00e9s ou des morts, au contraire des frappes mortelles des EU et de la Grande-Bretagne.<\/p>\n<blockquote class=\"twitter-tweet\" data-width=\"500\" data-dnt=\"true\">\n<p lang=\"en\" dir=\"ltr\">[Thread] Al-Mayadeen interview with Mohammed Al-Bukhaiti (AnsarAllah political bureau)<\/p>\n<p>\u201cWe will take revenge on what the US-UK committed\u2026now British &amp; American ships won\u2019t dare to use what? The Red Sea. Praise be to god that our enemies are idiots.\u201d <a href=\"https:\/\/t.co\/d9LgImu3Fu\">pic.twitter.com\/d9LgImu3Fu<\/a><\/p>\n<p>&mdash; deeeeeee (@revolutionaryem) <a href=\"https:\/\/twitter.com\/revolutionaryem\/status\/1746022635949928769?ref_src=twsrc%5Etfw\">January 13, 2024<\/a><\/p><\/blockquote>\n<p><script async src=\"https:\/\/platform.twitter.com\/widgets.js\" charset=\"utf-8\"><\/script><\/p>\n<p>&nbsp;<\/p>\n<p>Al-Bukhaiti a d\u00e9clar\u00e9 que les frappes am\u00e9ricano-britanniques avaient \u00e9tabli de nouvelles r\u00e8gles permanentes d\u2019engagement en mer Rouge.<\/p>\n<blockquote><p>\u00ab C\u2019est le moment que nous avons attendu : que la bataille se joue directement entre nous et l\u2019Am\u00e9rique et la Grande-Bretagne \u00bb,<\/p><\/blockquote>\n<p>a dit Al-Bukhaiti, ajoutant que, d\u00e9sormais, le monde distinguait clairement les deux camps :<\/p>\n<blockquote><p>\u00ab Le Y\u00e9men, qui tente courageusement de faire cesser le g\u00e9nocide [\u00e0 Gaza] et l\u2019Am\u00e9rique et la Grande-Bretagne, qui prot\u00e8gent les perp\u00e9trateurs. \u00bb<\/p><\/blockquote>\n<p>Lundi, Yahya Sare\u2019e, le porte-parole des Forces arm\u00e9es y\u00e9m\u00e9nites, a d\u00e9clar\u00e9 que<\/p>\n<blockquote><p>\u00ab tous les navires et vaisseaux de guerre am\u00e9ricains et britanniques impliqu\u00e9s dans l\u2019agression contre notre pays sont consid\u00e9r\u00e9s comme des cibles hostiles par les Forces arm\u00e9es y\u00e9m\u00e9nites \u00bb.<\/p><\/blockquote>\n<p>Il a r\u00e9p\u00e9t\u00e9 que le blocus contre la navigation isra\u00e9lienne allait se poursuivre&nbsp;<\/p>\n<blockquote><p>\u00ab\u00a0jusqu\u2019\u00e0 ce que cesse l\u2019agression et que soit lev\u00e9 le si\u00e8ge du peuple palestinien dans la bande de Gaza \u00bb.<\/p><\/blockquote>\n<p>Plus tard, le m\u00eame jour, les <strong>Gardes de la R\u00e9volution iranienne<\/strong> ont attaqu\u00e9 ce qu\u2019ils ont qualifi\u00e9 de centres d\u2019espionnage dans la r\u00e9gion semi-autonome du Kurdistan irakien,<\/p>\n<blockquote><p>\u00ab dans une zone situ\u00e9e non loin du consulat des EU \u00bb,<\/p><\/blockquote>\n<p>selon <em>Reuters<\/em>.<\/p>\n<blockquote class=\"twitter-tweet\" data-width=\"500\" data-dnt=\"true\">\n<p lang=\"en\" dir=\"ltr\">This was just minutes ago near the US consulate in Erbil, Iraq. Possibly by the Iranian IRGC. Six explosions via missiles &amp; drones, per media reports. Unclear if there are any casualties. This follows a Houthi attack on a US ship earlier today. <\/p>\n<p>Biden&#39;s unwise escalation in the\u2026 <a href=\"https:\/\/t.co\/i9iDHvSrdo\">pic.twitter.com\/i9iDHvSrdo<\/a><\/p>\n<p>&mdash; Trita Parsi (@tparsi) <a href=\"https:\/\/twitter.com\/tparsi\/status\/1747016821570502693?ref_src=twsrc%5Etfw\">January 15, 2024<\/a><\/p><\/blockquote>\n<p><script async src=\"https:\/\/platform.twitter.com\/widgets.js\" charset=\"utf-8\"><\/script><\/p>\n<blockquote class=\"twitter-tweet\" data-width=\"500\" data-dnt=\"true\">\n<p lang=\"en\" dir=\"ltr\">Middle East is imploding, in one day <\/p>\n<p>&#8211; Attack on US ship by Yemen Houthis<br \/>&#8211; US intercepting 2nd attack in Red Sea<br \/>&#8211; Israel strikes in Gaza<br \/>&#8211; Stabbing &amp; car ramming near Tel Aviv<br \/>&#8211; IRGC attack in Iraq<br \/>&#8211; IRGC attack in Syria<\/p>\n<p>Even for Middle East, this is beyond usual instability<\/p>\n<p>&mdash; Joyce Karam (@Joyce_Karam) <a href=\"https:\/\/twitter.com\/Joyce_Karam\/status\/1747015855513211022?ref_src=twsrc%5Etfw\">January 15, 2024<\/a><\/p><\/blockquote>\n<p><script async src=\"https:\/\/platform.twitter.com\/widgets.js\" charset=\"utf-8\"><\/script><\/p>\n<p>&nbsp;<\/p>\n<p>Les cons\u00e9quences du g\u00e9nocide am\u00e9ricano-isra\u00e9lien \u00e0 Gaza se sont propag\u00e9es plus loin, g\u00e9ographiquement parlant, puisque, cette semaine, l\u2019<strong>Iran<\/strong> et le <strong>Pakistan<\/strong> se sont oppos\u00e9s via des frappes a\u00e9riennes l\u2019un contre l\u2019autre le long de leur fronti\u00e8re commune.<\/p>\n<p>Plus la guerre s\u2019\u00e9tirera en longueur \u00e0 Gaza, plus grand sera le risque d\u2019une escalade r\u00e9gionale plus grave encore, ont expliqu\u00e9 clairement le secr\u00e9taire g\u00e9n\u00e9ral de l\u2019ONU et d\u2019autres hauts responsables.<\/p>\n<p>Il s\u2019av\u00e8re que c\u2019est ce que cherche le Premier ministre isra\u00e9lien <strong>Benjamin Netanyahou<\/strong> : une conflagration tr\u00e8s longue et compliqu\u00e9e, afin de sauver sa propre peau et de forcer les EU \u00e0 intervenir dans une potentielle confrontation militaire avec l\u2019Iran.<\/p>\n<p>Dans son discours \u00e0 l\u2019occasion des cent jours de guerre, Netanyahou a d\u00e9clar\u00e9 qu\u2019en sus de sa campagne \u00e0 Gaza, Isra\u00ebl avait<\/p>\n<blockquote><p>\u00ab une autre mission existentielle constante, \u00e0 savoir emp\u00eacher l\u2019Iran de pouvoir se constituer un armement nucl\u00e9aire \u00bb.<\/p>\n<p>\u00ab <em>Telle est ma mission. Telle est notre mission \u00bb<\/em>, a ajout\u00e9 Netanyahou. \u00ab J<em>e l\u2019ai dit au secr\u00e9taire d\u2019\u00c9tat Blinken. Ce doit \u00eatre votre principale mission aussi. \u00bb<\/em><\/p><\/blockquote>\n<p>&nbsp;<\/p>\n<h3><strong>Pas de bons choix ? <\/strong><\/h3>\n<p>La semaine derni\u00e8re, un gros titre dans <em>Foreign Policy<\/em> disait :<\/p>\n<blockquote><p>\u00ab Biden n\u2019op\u00e8re pas de bons choix au Y\u00e9men. \u00bb<\/p><\/blockquote>\n<p>Cela semble pr\u00e9supposer qu\u2019un cessez-le-feu \u00e0 Gaza n\u2019est pas une option ou, si c\u2019en est une, qu\u2019elle n\u2019est pas bonne et que le recours \u00e0 la force est le seul plan d\u2019action disponible pour Biden (bien que manifestement inefficace, puisque les EU reconnaissent maintenant que leurs frappes a\u00e9riennes ont \u00e0 peine fait une br\u00e8che dans les capacit\u00e9s militaires d\u2019Ansar Allah).<\/p>\n<p>Mais, du fait que s\u2019engager dans la voie diplomatique pour mettre un terme au g\u00e9nocide \u00e0 Gaza n\u2019est pas per\u00e7u comme un choix raisonnable par Biden (et, apparemment, pas davantage par les porte-parole de l\u2019empire), les EU sont dispos\u00e9s \u00e0 risquer les vies des habitants de la r\u00e9gion de m\u00eame que celles de leurs forces arm\u00e9es \u2013 le tout pour servir un but on ne peut plus r\u00e9pr\u00e9hensible.<\/p>\n<blockquote class=\"twitter-tweet\" data-width=\"500\" data-dnt=\"true\">\n<p lang=\"en\" dir=\"ltr\">I have what some may consider a dumb idea, but here it is:  stop the bombing of Gaza, then the attacks on commercial shipping will end. Why not try that approach?<\/p>\n<p>&mdash; Rep. Hank Johnson (@RepHankJohnson) <a href=\"https:\/\/twitter.com\/RepHankJohnson\/status\/1745958838786822608?ref_src=twsrc%5Etfw\">January 13, 2024<\/a><\/p><\/blockquote>\n<p><script async src=\"https:\/\/platform.twitter.com\/widgets.js\" charset=\"utf-8\"><\/script><\/p>\n<p>&nbsp;<\/p>\n<p>Aussi moralement d\u00e9go\u00fbtante que puisse \u00eatre l\u2019actuelle politique de Biden, elle ne constitue rien d\u2019autre qu\u2019un prolongement de sa d\u00e9sastreuse politique moyen-orientale dans son ensemble qui, jusqu\u2019au 7 octobre, cherchait \u00e0 contourner les Palestiniens, y compris ceux qui \u00e9taient en \u00e9tat de si\u00e8ge \u00e0 Gaza, et la totalit\u00e9 de leurs aspirations et de leurs droits inali\u00e9nables.<\/p>\n<p>Le soutien am\u00e9ricain \u00e0 la campagne militaire isra\u00e9lienne \u00e0 Gaza est une extension d\u2019efforts de longue haleine en vue d\u2019imposer un changement de r\u00e9gime dans le territoire apr\u00e8s que le Hamas a pris le contr\u00f4le de ses affaires internes en 2007 et qu\u2019Isra\u00ebl a impos\u00e9 un blocus s\u00e9v\u00e8re accompagn\u00e9 de punitions collectives appliqu\u00e9es par l\u2019\u00c9gypte et ses alli\u00e9s.<\/p>\n<p>Le si\u00e8ge de Gaza \u00e9tait et est toujours une forme de punition collective visant \u00e0 appliquer des pressions \u00e9conomiques s\u00e9v\u00e8res sur les Palestiniens, dans le but d\u2019obtenir d\u2019eux qu\u2019ils se tournent contre le Hamas, lequel refuse de renoncer \u00e0 la lutte arm\u00e9e contre l\u2019occupation et la colonisation isra\u00e9liennes.<\/p>\n<p>Entre-temps, Washington soutient l\u2019Autorit\u00e9 palestinienne, qui est profond\u00e9ment impopulaire parmi les Palestiniens, puisqu\u2019elle fait \u00e0 peine plus que servir de bras policier autoritaire de l\u2019occupation isra\u00e9lienne.<\/p>\n<p>Des n\u00e9gociations bilat\u00e9rales ont \u00e9t\u00e9 bloqu\u00e9es du fait que les dirigeants isra\u00e9liens de plusieurs gouvernements ont \u00e9t\u00e9 fermes dans leur opposition \u00e0 un \u00c9tat palestinien.<\/p>\n<p>Ayant tr\u00e8s correctement identifi\u00e9 une impasse, mais sans aborder le r\u00f4le cl\u00e9 jou\u00e9 par les EU dans le soutien mat\u00e9riel \u00e0 une occupation \u00e9ternelle de la part d\u2019Isra\u00ebl, les deux derni\u00e8res administrations de Washington ont cherch\u00e9 \u00e0 marginaliser totalement les revendications du peuple palestinien \u00e0 propos de ses droits. Ces deux administrations ont poursuivi les accords de normalisation entre Isra\u00ebl et les \u00c9tats voisins despotiques tout en traitant la situation palestinienne comme s\u2019il s\u2019agissait de quelque chose qu\u2019on pouvait ignorer ou <em>\u00ab g\u00e9rer ind\u00e9finiment selon un mode conflictuel \u00bb.<\/em><\/p>\n<p>Les variations souvent r\u00e9p\u00e9t\u00e9es de l\u2019administration Biden de la rengaine disant que<\/p>\n<blockquote><p>\u00ab Isra\u00e9liens et Palestiniens m\u00e9ritent des mesures \u00e9gales de libert\u00e9, de dignit\u00e9, de s\u00e9curit\u00e9 et de prosp\u00e9rit\u00e9 \u00bb<\/p><\/blockquote>\n<p>ne sont pas tr\u00e8s \u00e9loign\u00e9es du langage <em>\u00ab Peace to Prosperity \u00bb<\/em> (paix \u00e0 la prosp\u00e9rit\u00e9) utilis\u00e9 par l\u2019administration <strong>Trump<\/strong> pour d\u00e9crire son cadre structurel \u00e0 l\u2019\u00e9gard des Palestiniens et des Isra\u00e9liens.<\/p>\n<p>Ce programme <em>\u00ab Peace to Prosperity \u00bb<\/em> de l\u2019administration Trump a tent\u00e9 de se substituer au but palestinien de lib\u00e9ration nationale, et ce, via des incitations \u00e9conomiques, tout en maintenant un \u00e9tat permanent d\u2019occupation militaire et d\u2019apartheid.<\/p>\n<p>La chose en soi \u00e9tait une resuc\u00e9e de l\u2019approche de l\u2019administration <strong>Obama<\/strong> consistant \u00e0 soutenir la \u00ab<em> paix \u00e9conomique<\/em> \u00bb en Cisjordanie occup\u00e9e sous la banni\u00e8re de la <em>\u00ab construction d\u2019un \u00c9tat \u00bb<\/em> palestinien.<\/p>\n<p>Adalah, une organisation qui milite pour les droits des Palestinien en Isra\u00ebl, a dit que la proposition de Trump n\u2019\u00e9tait<\/p>\n<blockquote><p>\u00ab rien de plus qu\u2019une tentative en vue de contourner les barri\u00e8res juridiques internationales et d\u2019ignorer le droit des Palestiniens \u00e0 l\u2019autod\u00e9termination \u00bb.<\/p><\/blockquote>\n<blockquote class=\"twitter-tweet\" data-width=\"500\" data-dnt=\"true\">\n<p lang=\"en\" dir=\"ltr\">Israelis and Palestinians deserve equal measures of freedom, dignity, security, and prosperity.<\/p>\n<p>&mdash; Secretary Antony Blinken (@SecBlinken) <a href=\"https:\/\/twitter.com\/SecBlinken\/status\/1392639707582976008?ref_src=twsrc%5Etfw\">May 13, 2021<\/a><\/p><\/blockquote>\n<p><script async src=\"https:\/\/platform.twitter.com\/widgets.js\" charset=\"utf-8\"><\/script><\/p>\n<p>&nbsp;<\/p>\n<h3><strong>L\u2019h\u00e9ritage de Biden<\/strong><\/h3>\n<p>Fondamentalement, peu de chose a chang\u00e9 quand Biden est entr\u00e9 en fonction, puisque son administration a continu\u00e9 d\u2019encourager la politique cl\u00e9 de normalisation de Trump tout en mettant les Palestiniens sur la touche.<\/p>\n<p>Avant le 7 octobre, l\u2019administration Biden avait mis sous l\u2019\u00e9teignoir les demandes relatives aux droits d\u2019un peuple colonis\u00e9 en recourant au langage des <em>\u00ab tensions entre Isra\u00e9liens et Palestiniens \u00bb<\/em>, comme l\u2019illustrait parfaitement un discours optimiste prononc\u00e9 par le conseiller en s\u00e9curit\u00e9 nationale, Jack Sullivan, lors de l\u2019Atlantic Festival, fin septembre.<\/p>\n<blockquote><p>\u00ab La quantit\u00e9 de temps que je dois passer sur la crise et le conflit au Moyen-Orient aujourd\u2019hui, en comparaison avec tous mes pr\u00e9d\u00e9cesseurs, en remontant jusqu\u2019au 11 septembre a \u00e9t\u00e9 significativement r\u00e9duite \u00bb,<\/p><\/blockquote>\n<p>avait dit Sullivan \u00e0 l\u2019\u00e9poque.<\/p>\n<p>La crise du Moyen-Orient constituera certainement l\u2019h\u00e9ritage de Biden sur le plan de la politique \u00e9trang\u00e8re, avec les horreurs du g\u00e9nocide \u00e0 Gaza qui \u00e9clipsent potentiellement ne serait-ce que la d\u00e9sastreuse guerre par procuration encourag\u00e9e par Washington et qui s\u2019est traduite par une impasse sanglante en Ukraine.<\/p>\n<p><strong>L\u2019op\u00e9ration militaire du Hamas, le 7 octobre<\/strong>, cherchait \u00e0 perturber les efforts en vue de liquider la cause palestinienne apr\u00e8s un quart de si\u00e8cle de <em>\u00ab processus de paix<\/em> \u00bb bidon dirig\u00e9 par les EU et qui n\u2019a fait que donner du temps \u00e0 Isra\u00ebl pour confisquer plus de terre palestinienne encore et y installer ses colonies.<\/p>\n<p><strong>Osama Hamdan,<\/strong> un membre du<strong> bureau politique du Hamas,<\/strong> a expliqu\u00e9 dans la publication turque <em>TRT<\/em> que cette op\u00e9ration militaire \u00e9tait une r\u00e9ponse \u00e0 la colonisation acc\u00e9l\u00e9r\u00e9e de la terre palestinienne par le gouvernement Netanyahou. Il avait ajout\u00e9 que l\u2019op\u00e9ration avait pleinement r\u00e9alis\u00e9 son objectif, qui consistait \u00e0 remettre la cause de la lib\u00e9ration palestinienne \u00e0 l\u2019ordre du jour international.<\/p>\n<p><strong>Vid\u00e9o :<\/strong> Pourquoi le Hamas a-t-il attaqu\u00e9 Isra\u00ebl le 7 octobre ? (TRT, sur YouTube)<\/p>\n<div class=\"video-container\"><iframe loading=\"lazy\" title=\"Why did Hamas attack Israel on October 7?\" width=\"500\" height=\"281\" src=\"https:\/\/www.youtube.com\/embed\/Kth_d8mboIk?start=5&#038;feature=oembed&#038;wmode=opaque\" frameborder=\"0\" allow=\"accelerometer; autoplay; clipboard-write; encrypted-media; gyroscope; picture-in-picture; web-share\" referrerpolicy=\"strict-origin-when-cross-origin\" allowfullscreen><\/iframe><\/div>\n<p>&nbsp;<\/p>\n<blockquote><p>\u00ab Si, en effet, le but du Hamas \u00e9tait de porter la cause palestinienne exactement aux premi\u00e8res loges du dialogue international, vous avez mille fois raison, il y est parvenu \u00bb,<\/p><\/blockquote>\n<p>avait r\u00e9pondu l\u2019interviewer de <em>TRT<\/em>.<\/p>\n<blockquote><p>\u00ab Il y a des pays qui avaient peut-\u00eatre rang\u00e9 la solution \u00e0 deux \u00c9tats et l\u2019avenir des Palestiniens quelque part \u00e0 l\u2019arri\u00e8re-plan de leurs activit\u00e9s mais, aujourd\u2019hui, le monde entier en parle \u00bb,<\/p><\/blockquote>\n<p>avait ajout\u00e9 le pr\u00e9sentateur de <em>TRT<\/em>.<\/p>\n<p>De m\u00eame, l\u2019ouverture par le Hezbollah du front longeant la fronti\u00e8re libanaise avec Isra\u00ebl, le 8 octobre, en solidarit\u00e9 avec Gaza, et l\u2019intervention militaire des organisations de la r\u00e9sistance au Y\u00e9men et en Irak remod\u00e8lent la dynamique de pouvoir dans la r\u00e9gion.<\/p>\n<p>Lors d\u2019un discours r\u00e9cent, le dirigeant du Hezbollah, <strong>Hassan Nasrallah,<\/strong> a insist\u00e9 en disant que seul un cessez-le-feu \u00e0 Gaza permettrait des pourparlers en vue de faire cesser les hostilit\u00e9s du c\u00f4t\u00e9 de la fronti\u00e8re libano-isra\u00e9lienne.<\/p>\n<p>De m\u00eame, Nasrallah a d\u00e9clar\u00e9 que la s\u00e9curit\u00e9 en mer Rouge \u00e9tait enti\u00e8rement d\u00e9pendante de la fin de l\u2019agression isra\u00e9lienne contre Gaza.<\/p>\n<p>Il avait \u00e9galement rejet\u00e9 les tentatives des EU en vue de classer les organisations de r\u00e9sistance comme des mandataires de T\u00e9h\u00e9ran, et il avait dit que le Y\u00e9men agissait ind\u00e9pendamment et que<\/p>\n<blockquote><p>\u00ab la r\u00e9ponse y\u00e9m\u00e9nite avait \u00e9t\u00e9 d\u00e9cid\u00e9e par les seuls Y\u00e9m\u00e9nites \u00bb.<\/p><\/blockquote>\n<p><strong><br \/>\nBiden double la mise<\/strong><\/p>\n<p>Biden double la mise sur la politique qui a cr\u00e9\u00e9 les conditions de la crise catastrophique en Palestine et de l\u2019escalade vers une guerre r\u00e9gionale.<\/p>\n<p><em>Axios<\/em> rapporte que les EU ont \u00e9t\u00e9 frustr\u00e9s, avec Isra\u00ebl, du fait que, pour certaines raisons, le gouvernement de Netanyahou refuse de<\/p>\n<blockquote><p>\u00ab discuter s\u00e9rieusement des plans d\u2019apr\u00e8s-guerre et rejette le plan am\u00e9ricain pr\u00e9voyant de r\u00e9former l\u2019Autorit\u00e9 palestinienne et de lui donner un r\u00f4le \u00e0 Gaza d\u00e9barrass\u00e9 du Hamas \u00bb.<\/p><\/blockquote>\n<p>Un responsable am\u00e9ricain a dit \u00e0 <em>Axios<\/em> que Blinken aurait d\u00e9clar\u00e9 \u00e0 Netanyahou et \u00e0 son cabinet de guerre que leurs plans d\u2019apr\u00e8s-guerre pour Gaza \u2013 qui envisagent<\/p>\n<blockquote><p>\u00ab un groupe de travail multinational afin de reconstruire l\u2019enclave \u00bb<\/p><\/blockquote>\n<p>sans la pr\u00e9sence de l\u2019Autorit\u00e9 palestinienne, comme le rapporte <em>Reuters<\/em> \u2013 constituaient une approche utopique.<\/p>\n<p>Mais l\u2019administration Biden souffre de ses propres d\u00e9lires \u2013 pour commencer, le fait de pr\u00e9sumer qu\u2019il y aura un <em>\u00ab Gaza apr\u00e8s le Hamas \u00bb<\/em> (comme l\u2019a fait remarquer Nasrallah, du Hezbollah, l\u2019arm\u00e9e isra\u00e9lienne n\u2019a rien accompli, ces cent derniers jours, hormis tuer et d\u00e9truire) et, ensuite, le sentiment qu\u2019elle pourrait imposer de nouveau l\u2019Autorit\u00e9 palestinienne \u00e0 une population qui la tient en grand m\u00e9pris.<\/p>\n<p>Elle est incapable de concevoir la notion selon laquelle les Palestiniens \u2013 et les Palestiniens seuls \u2013 devraient d\u00e9terminer la fa\u00e7on d\u2019\u00eatre gouvern\u00e9s. En effet, ce rejet cat\u00e9gorique de l\u2019autod\u00e9termination palestinienne occupe le c\u0153ur du conflit et s\u2019obstiner \u00e0 la rejeter ne fera que garantir plus de souffrance et de bain de sang encore.<\/p>\n<p>Et pourtant l\u2019administration Biden suit toujours le m\u00eame cap.<\/p>\n<p>Selon <em>HuffPost<\/em>, le conseiller politique \u00e0 la Maison-Blanche Brett McGurk, qui a jou\u00e9 un r\u00f4le cl\u00e9 dans le modelage de la politique du Moyen-Orient tant sous Trump que sous Biden, \u00ab dirige \u00e0 Washington le planning pour le Gaza d\u2019apr\u00e8s-guerre \u00bb. McGurk envisage la reconstruction de Gaza avec, comme pierre angulaire, la normalisation des liens entre Isra\u00ebl et l\u2019Arabie saoudite.<\/p>\n<blockquote><p>\u00ab Le plan de McGurk recourrait \u00e0 un encouragement de l\u2019aide \u00e0 la reconstruction \u00e9manant de l\u2019Arabie saoudite et peut-\u00eatre aussi d\u2019autres pays riches du Golfe, tels le Qatar et les \u00c9mirats arabes unis, afin de faire pression en m\u00eame temps sur les Palestiniens et les Isra\u00e9liens \u00bb,<\/p><\/blockquote>\n<p>rapportait <em>HuffPost<\/em>, qui citait trois responsables am\u00e9ricains sans toutefois les nommer.<\/p>\n<blockquote><p>\u00ab Selon cette vision, les dirigeants palestiniens accepteraient un nouveau gouvernement \u00e0 la fois pour Gaza et pour la Cisjordanie occup\u00e9es et ils seraient d\u2019accord pour r\u00e9duire leurs critiques \u00e0 l\u2019\u00e9gard d\u2019Isra\u00ebl, dans le m\u00eame temps qu\u2019Isra\u00ebl accepterait que son influence reste limit\u00e9e \u00e0 Gaza. \u00bb<\/p><\/blockquote>\n<p>Selon <em>HuffPost,<\/em> des esprits critiques au sein du gouvernement am\u00e9ricain disent que le programme de McGurk refl\u00e8te<\/p>\n<blockquote><p><em>\u00ab l\u2019approche de l\u2019administration Biden d\u2019avant le 7 octobre pr\u00e9voyant de traiter les Palestiniens comme une question secondaire<\/em> \u00bb et que ce m\u00eame programme pourrait condamner la r\u00e9gion \u00e0 des <em>\u00ab cycles de violence sans pr\u00e9c\u00e9dent \u00bb.<\/em><\/p><\/blockquote>\n<p>Traiter les Palestiniens comme une question secondaire pourrait constituer une description trop g\u00e9n\u00e9reuse des calculs de l\u2019administration Biden. Dans sa d\u00e9claration <em>\u00ab marquant les 100 jours de captivit\u00e9 des otages \u00e0 Gaza \u00bb,<\/em> Biden n\u2019a aucunement fait mention des dizaines de milliers de Palestiniens tu\u00e9s pendant ce temps, ni des centaines de Palestiniens arr\u00eat\u00e9s par les troupes isra\u00e9liennes tant \u00e0 Gaza qu\u2019en Cisjordanie.<\/p>\n<p>Il semblerait que ni les souffrances des Palestiniens ni leurs aspirations politiques ne re\u00e7oivent la moindre consid\u00e9ration ou sympathie de la part de la Maison-Blanche de Biden.<\/p>\n<blockquote class=\"twitter-tweet\" data-width=\"500\" data-dnt=\"true\">\n<p lang=\"en\" dir=\"ltr\">This is sick, but it\u2019s not surprising. Why would the White House care about the horrific consequences of the Israeli genocide they have enthusiastically armed and endorsed?<\/p>\n<p>Arabs are not human to them. Palestinians especially are not worthy of life to Joe Biden and his\u2026 <a href=\"https:\/\/t.co\/fu3QXNrQis\">https:\/\/t.co\/fu3QXNrQis<\/a><\/p>\n<p>&mdash; Rania Khalek (@RaniaKhalek) <a href=\"https:\/\/twitter.com\/RaniaKhalek\/status\/1746705008161153377?ref_src=twsrc%5Etfw\">January 15, 2024<\/a><\/p><\/blockquote>\n<p><script async src=\"https:\/\/platform.twitter.com\/widgets.js\" charset=\"utf-8\"><\/script><\/p>\n<p>&nbsp;<\/p>\n<p>Le programme d<em>\u2019\u00ab apr\u00e8s-guerre \u00bb<\/em> de McGurk d\u00e9note non seulement l\u2019indiff\u00e9rence de Washington envers les droits et desiderata des Palestiniens, mais aussi un refus de reconna\u00eetre la nouvelle r\u00e9alit\u00e9 model\u00e9e depuis le 7 octobre par des forces de r\u00e9sistance de diverses nationalit\u00e9s.<\/p>\n<p>Ces forces de r\u00e9sistance sont une r\u00e9ponse autochtone \u00e0 une occupation et une guerre \u00e9trang\u00e8res impos\u00e9es ou soutenues par les EU.<\/p>\n<p>Du fait que ces organisations de r\u00e9sistance sont arriv\u00e9es \u00e0 un \u00e9tat de maturation, Isra\u00ebl, qui est arm\u00e9 et prot\u00e9g\u00e9 par Washington, ne peut plus faire ce qu\u2019il veut aux Palestiniens sans que cela encoure d\u00e9sormais des frais, tant \u00e0 lui-m\u00eame qu\u2019\u00e0 son principal bienfaiteur.<\/p>\n<p><strong>Le g\u00e9nocide \u00e0 Gaza renforce la croyance dans la r\u00e9gion que la r\u00e9sistance est imp\u00e9rative<\/strong> \u2013 pas simplement comme dissuasion \u00e0 la menace existentielle pos\u00e9e par Isra\u00ebl,<strong> mais comme seule et unique voie r\u00e9aliste de lib\u00e9ration, de souverainet\u00e9 et d\u2019autod\u00e9termination.<\/strong><\/p>\n<p style=\"text-align: center;\">*****<\/p>\n<p><strong><img loading=\"lazy\" decoding=\"async\" class=\"alignleft wp-image-45540 size-full\" src=\"https:\/\/charleroi-pourlapalestine.be\/wp-content\/uploads\/2022\/10\/Maureen-Clare-Murphy-e1665914569514.jpg\" sizes=\"auto, (max-width: 150px) 100vw, 150px\" srcset=\"https:\/\/charleroi-pourlapalestine.be\/wp-content\/uploads\/2022\/10\/Maureen-Clare-Murphy-e1665914569514.jpg 150w, https:\/\/charleroi-pourlapalestine.be\/wp-content\/uploads\/2022\/10\/Maureen-Clare-Murphy-e1665914569514-80x80.jpg 80w\" alt=\"\" width=\"150\" height=\"150\"><a href=\"https:\/\/charleroi-pourlapalestine.be\/index.php\/tag\/maureen-clare-murphy\/\">Maureen Clare Murphy<\/a><\/strong> est r\u00e9dactrice en chef de The Electronic Intifada.<\/p>\n<div class=\"pf-content\">\n<p>&nbsp;&nbsp;&nbsp;&nbsp;&nbsp;&nbsp;&nbsp;&nbsp;&nbsp;&nbsp;&nbsp;&nbsp;&nbsp;&nbsp;&nbsp;&nbsp;&nbsp;&nbsp;&nbsp;&nbsp;&nbsp;&nbsp;&nbsp;&nbsp;&nbsp;&nbsp;&nbsp;&nbsp;&nbsp;&nbsp;&nbsp;&nbsp;&nbsp;&nbsp;&nbsp;&nbsp;&nbsp;&nbsp;&nbsp; ******<br \/>\nPubli\u00e9 le 19 janvier 2024 sur <a href=\"https:\/\/electronicintifada.net\/content\/bidens-support-gaza-genocide-fueling-bigger-war\/44026\" target=\"_blank\" rel=\"noopener\"><strong>The Electronic Intifada<\/strong><\/a><br \/>\nTraduction : Jean-Marie Fl\u00e9mal, <strong><a href=\"http:\/\/www.pourlapalestine.be\/\">Charleroi pour la Palestine<\/a><\/strong><\/p>\n<\/div>\n<p><strong><br \/>\nNDLR : Afin de pouvoir lire les \u201ctweets\u201d et vid\u00e9os repris dans l\u2019article, ouvrez un compte Twitter (X)<\/strong><\/p>\n<p>&nbsp;<\/p>\n","protected":false},"excerpt":{"rendered":"<p>Le g\u00e9nocide \u00e0 Gaza renforce la croyance dans la r\u00e9gion que la r\u00e9sistance est imp\u00e9rative \u2013 pas simplement comme dissuasion \u00e0 la menace existentielle pos\u00e9e par Isra\u00ebl, mais comme seule et unique voie r\u00e9aliste de lib\u00e9ration, de souverainet\u00e9 et d\u2019autod\u00e9termination.<\/p>\n","protected":false},"author":1,"featured_media":67240,"comment_status":"closed","ping_status":"closed","sticky":false,"template":"","format":"standard","meta":{"ngg_post_thumbnail":0,"footnotes":""},"categories":[936,52,926,652,191,25,194,707],"tags":[],"class_list":["post-67239","post","type-post","status-publish","format-standard","has-post-thumbnail","hentry","category-cij","category-la-cour-penale-internationale","category-gaza-2","category-irak","category-liban","category-la-resistance-palestinienne","category-syrie","category-yemen"],"yoast_head":"<!-- This site is optimized with the Yoast SEO plugin v27.3 - https:\/\/yoast.com\/product\/yoast-seo-wordpress\/ -->\n<title>Le soutien de Biden au g\u00e9nocide \u00e0 Gaza attise une guerre plus \u00e9tendue encore<\/title>\n<meta name=\"description\" content=\"Biden double la mise sur la politique qui a cr\u00e9\u00e9 les conditions de la crise catastrophique en Palestine et de l\u2019escalade vers une guerre r\u00e9gionale.\" \/>\n<meta name=\"robots\" content=\"index, follow, max-snippet:-1, max-image-preview:large, max-video-preview:-1\" \/>\n<link rel=\"canonical\" href=\"https:\/\/charleroi-pourlapalestine.be\/index.php\/2024\/01\/21\/le-soutien-de-biden-au-genocide-a-gaza-attise-une-guerre-plus-etendue-encore\/\" \/>\n<script type=\"application\/ld+json\" class=\"yoast-schema-graph\">{\"@context\":\"https:\\\/\\\/schema.org\",\"@graph\":[{\"@type\":\"Article\",\"@id\":\"https:\\\/\\\/charleroi-pourlapalestine.be\\\/index.php\\\/2024\\\/01\\\/21\\\/le-soutien-de-biden-au-genocide-a-gaza-attise-une-guerre-plus-etendue-encore\\\/#article\",\"isPartOf\":{\"@id\":\"https:\\\/\\\/charleroi-pourlapalestine.be\\\/index.php\\\/2024\\\/01\\\/21\\\/le-soutien-de-biden-au-genocide-a-gaza-attise-une-guerre-plus-etendue-encore\\\/\"},\"author\":{\"name\":\"admin1873\",\"@id\":\"https:\\\/\\\/charleroi-pourlapalestine.be\\\/#\\\/schema\\\/person\\\/c19ff515112f1299d8c12671d8fe3faa\"},\"headline\":\"Le soutien de Biden au g\u00e9nocide \u00e0 Gaza attise une guerre plus \u00e9tendue encore\",\"datePublished\":\"2024-01-21T11:56:32+00:00\",\"dateModified\":\"2024-01-21T11:56:46+00:00\",\"mainEntityOfPage\":{\"@id\":\"https:\\\/\\\/charleroi-pourlapalestine.be\\\/index.php\\\/2024\\\/01\\\/21\\\/le-soutien-de-biden-au-genocide-a-gaza-attise-une-guerre-plus-etendue-encore\\\/\"},\"wordCount\":4381,\"publisher\":{\"@id\":\"https:\\\/\\\/charleroi-pourlapalestine.be\\\/#organization\"},\"image\":{\"@id\":\"https:\\\/\\\/charleroi-pourlapalestine.be\\\/index.php\\\/2024\\\/01\\\/21\\\/le-soutien-de-biden-au-genocide-a-gaza-attise-une-guerre-plus-etendue-encore\\\/#primaryimage\"},\"thumbnailUrl\":\"https:\\\/\\\/charleroi-pourlapalestine.be\\\/wp-content\\\/uploads\\\/2024\\\/01\\\/Yemen-.png\",\"articleSection\":[\"CIJ\",\"Etats-Unis\",\"Gaza\",\"Irak\",\"Liban\",\"R\u00e9sistance\",\"Syrie\",\"Yemen\"],\"inLanguage\":\"fr-FR\"},{\"@type\":\"WebPage\",\"@id\":\"https:\\\/\\\/charleroi-pourlapalestine.be\\\/index.php\\\/2024\\\/01\\\/21\\\/le-soutien-de-biden-au-genocide-a-gaza-attise-une-guerre-plus-etendue-encore\\\/\",\"url\":\"https:\\\/\\\/charleroi-pourlapalestine.be\\\/index.php\\\/2024\\\/01\\\/21\\\/le-soutien-de-biden-au-genocide-a-gaza-attise-une-guerre-plus-etendue-encore\\\/\",\"name\":\"Le soutien de Biden au g\u00e9nocide \u00e0 Gaza attise une guerre plus \u00e9tendue encore\",\"isPartOf\":{\"@id\":\"https:\\\/\\\/charleroi-pourlapalestine.be\\\/#website\"},\"primaryImageOfPage\":{\"@id\":\"https:\\\/\\\/charleroi-pourlapalestine.be\\\/index.php\\\/2024\\\/01\\\/21\\\/le-soutien-de-biden-au-genocide-a-gaza-attise-une-guerre-plus-etendue-encore\\\/#primaryimage\"},\"image\":{\"@id\":\"https:\\\/\\\/charleroi-pourlapalestine.be\\\/index.php\\\/2024\\\/01\\\/21\\\/le-soutien-de-biden-au-genocide-a-gaza-attise-une-guerre-plus-etendue-encore\\\/#primaryimage\"},\"thumbnailUrl\":\"https:\\\/\\\/charleroi-pourlapalestine.be\\\/wp-content\\\/uploads\\\/2024\\\/01\\\/Yemen-.png\",\"datePublished\":\"2024-01-21T11:56:32+00:00\",\"dateModified\":\"2024-01-21T11:56:46+00:00\",\"description\":\"Biden double la mise sur la politique qui a cr\u00e9\u00e9 les conditions de la crise catastrophique en Palestine et de l\u2019escalade vers une guerre r\u00e9gionale.\",\"breadcrumb\":{\"@id\":\"https:\\\/\\\/charleroi-pourlapalestine.be\\\/index.php\\\/2024\\\/01\\\/21\\\/le-soutien-de-biden-au-genocide-a-gaza-attise-une-guerre-plus-etendue-encore\\\/#breadcrumb\"},\"inLanguage\":\"fr-FR\",\"potentialAction\":[{\"@type\":\"ReadAction\",\"target\":[\"https:\\\/\\\/charleroi-pourlapalestine.be\\\/index.php\\\/2024\\\/01\\\/21\\\/le-soutien-de-biden-au-genocide-a-gaza-attise-une-guerre-plus-etendue-encore\\\/\"]}]},{\"@type\":\"ImageObject\",\"inLanguage\":\"fr-FR\",\"@id\":\"https:\\\/\\\/charleroi-pourlapalestine.be\\\/index.php\\\/2024\\\/01\\\/21\\\/le-soutien-de-biden-au-genocide-a-gaza-attise-une-guerre-plus-etendue-encore\\\/#primaryimage\",\"url\":\"https:\\\/\\\/charleroi-pourlapalestine.be\\\/wp-content\\\/uploads\\\/2024\\\/01\\\/Yemen-.png\",\"contentUrl\":\"https:\\\/\\\/charleroi-pourlapalestine.be\\\/wp-content\\\/uploads\\\/2024\\\/01\\\/Yemen-.png\",\"width\":1010,\"height\":700},{\"@type\":\"BreadcrumbList\",\"@id\":\"https:\\\/\\\/charleroi-pourlapalestine.be\\\/index.php\\\/2024\\\/01\\\/21\\\/le-soutien-de-biden-au-genocide-a-gaza-attise-une-guerre-plus-etendue-encore\\\/#breadcrumb\",\"itemListElement\":[{\"@type\":\"ListItem\",\"position\":1,\"name\":\"Accueil\",\"item\":\"https:\\\/\\\/charleroi-pourlapalestine.be\\\/\"},{\"@type\":\"ListItem\",\"position\":2,\"name\":\"Le soutien de Biden au g\u00e9nocide \u00e0 Gaza attise une guerre plus \u00e9tendue encore\"}]},{\"@type\":\"WebSite\",\"@id\":\"https:\\\/\\\/charleroi-pourlapalestine.be\\\/#website\",\"url\":\"https:\\\/\\\/charleroi-pourlapalestine.be\\\/\",\"name\":\"Charleroi Pour la Palestine\",\"description\":\"\",\"publisher\":{\"@id\":\"https:\\\/\\\/charleroi-pourlapalestine.be\\\/#organization\"},\"potentialAction\":[{\"@type\":\"SearchAction\",\"target\":{\"@type\":\"EntryPoint\",\"urlTemplate\":\"https:\\\/\\\/charleroi-pourlapalestine.be\\\/?s={search_term_string}\"},\"query-input\":{\"@type\":\"PropertyValueSpecification\",\"valueRequired\":true,\"valueName\":\"search_term_string\"}}],\"inLanguage\":\"fr-FR\"},{\"@type\":\"Organization\",\"@id\":\"https:\\\/\\\/charleroi-pourlapalestine.be\\\/#organization\",\"name\":\"Plate-forme Charleroi-Palestine\",\"url\":\"https:\\\/\\\/charleroi-pourlapalestine.be\\\/\",\"logo\":{\"@type\":\"ImageObject\",\"inLanguage\":\"fr-FR\",\"@id\":\"https:\\\/\\\/charleroi-pourlapalestine.be\\\/#\\\/schema\\\/logo\\\/image\\\/\",\"url\":\"https:\\\/\\\/charleroi-pourlapalestine.be\\\/wp-content\\\/uploads\\\/2020\\\/01\\\/logo-Copy.jpg\",\"contentUrl\":\"https:\\\/\\\/charleroi-pourlapalestine.be\\\/wp-content\\\/uploads\\\/2020\\\/01\\\/logo-Copy.jpg\",\"width\":180,\"height\":180,\"caption\":\"Plate-forme Charleroi-Palestine\"},\"image\":{\"@id\":\"https:\\\/\\\/charleroi-pourlapalestine.be\\\/#\\\/schema\\\/logo\\\/image\\\/\"},\"sameAs\":[\"https:\\\/\\\/www.facebook.com\\\/PlateformeCharleroiPalestine\\\/\",\"https:\\\/\\\/x.com\\\/LaCharleroi\"]},{\"@type\":\"Person\",\"@id\":\"https:\\\/\\\/charleroi-pourlapalestine.be\\\/#\\\/schema\\\/person\\\/c19ff515112f1299d8c12671d8fe3faa\",\"name\":\"admin1873\",\"url\":\"https:\\\/\\\/charleroi-pourlapalestine.be\\\/index.php\\\/author\\\/admin1873\\\/\"}]}<\/script>\n<!-- \/ Yoast SEO plugin. -->","yoast_head_json":{"title":"Le soutien de Biden au g\u00e9nocide \u00e0 Gaza attise une guerre plus \u00e9tendue encore","description":"Biden double la mise sur la politique qui a cr\u00e9\u00e9 les conditions de la crise catastrophique en Palestine et de l\u2019escalade vers une guerre r\u00e9gionale.","robots":{"index":"index","follow":"follow","max-snippet":"max-snippet:-1","max-image-preview":"max-image-preview:large","max-video-preview":"max-video-preview:-1"},"canonical":"https:\/\/charleroi-pourlapalestine.be\/index.php\/2024\/01\/21\/le-soutien-de-biden-au-genocide-a-gaza-attise-une-guerre-plus-etendue-encore\/","schema":{"@context":"https:\/\/schema.org","@graph":[{"@type":"Article","@id":"https:\/\/charleroi-pourlapalestine.be\/index.php\/2024\/01\/21\/le-soutien-de-biden-au-genocide-a-gaza-attise-une-guerre-plus-etendue-encore\/#article","isPartOf":{"@id":"https:\/\/charleroi-pourlapalestine.be\/index.php\/2024\/01\/21\/le-soutien-de-biden-au-genocide-a-gaza-attise-une-guerre-plus-etendue-encore\/"},"author":{"name":"admin1873","@id":"https:\/\/charleroi-pourlapalestine.be\/#\/schema\/person\/c19ff515112f1299d8c12671d8fe3faa"},"headline":"Le soutien de Biden au g\u00e9nocide \u00e0 Gaza attise une guerre plus \u00e9tendue encore","datePublished":"2024-01-21T11:56:32+00:00","dateModified":"2024-01-21T11:56:46+00:00","mainEntityOfPage":{"@id":"https:\/\/charleroi-pourlapalestine.be\/index.php\/2024\/01\/21\/le-soutien-de-biden-au-genocide-a-gaza-attise-une-guerre-plus-etendue-encore\/"},"wordCount":4381,"publisher":{"@id":"https:\/\/charleroi-pourlapalestine.be\/#organization"},"image":{"@id":"https:\/\/charleroi-pourlapalestine.be\/index.php\/2024\/01\/21\/le-soutien-de-biden-au-genocide-a-gaza-attise-une-guerre-plus-etendue-encore\/#primaryimage"},"thumbnailUrl":"https:\/\/charleroi-pourlapalestine.be\/wp-content\/uploads\/2024\/01\/Yemen-.png","articleSection":["CIJ","Etats-Unis","Gaza","Irak","Liban","R\u00e9sistance","Syrie","Yemen"],"inLanguage":"fr-FR"},{"@type":"WebPage","@id":"https:\/\/charleroi-pourlapalestine.be\/index.php\/2024\/01\/21\/le-soutien-de-biden-au-genocide-a-gaza-attise-une-guerre-plus-etendue-encore\/","url":"https:\/\/charleroi-pourlapalestine.be\/index.php\/2024\/01\/21\/le-soutien-de-biden-au-genocide-a-gaza-attise-une-guerre-plus-etendue-encore\/","name":"Le soutien de Biden au g\u00e9nocide \u00e0 Gaza attise une guerre plus \u00e9tendue encore","isPartOf":{"@id":"https:\/\/charleroi-pourlapalestine.be\/#website"},"primaryImageOfPage":{"@id":"https:\/\/charleroi-pourlapalestine.be\/index.php\/2024\/01\/21\/le-soutien-de-biden-au-genocide-a-gaza-attise-une-guerre-plus-etendue-encore\/#primaryimage"},"image":{"@id":"https:\/\/charleroi-pourlapalestine.be\/index.php\/2024\/01\/21\/le-soutien-de-biden-au-genocide-a-gaza-attise-une-guerre-plus-etendue-encore\/#primaryimage"},"thumbnailUrl":"https:\/\/charleroi-pourlapalestine.be\/wp-content\/uploads\/2024\/01\/Yemen-.png","datePublished":"2024-01-21T11:56:32+00:00","dateModified":"2024-01-21T11:56:46+00:00","description":"Biden double la mise sur la politique qui a cr\u00e9\u00e9 les conditions de la crise catastrophique en Palestine et de l\u2019escalade vers une guerre r\u00e9gionale.","breadcrumb":{"@id":"https:\/\/charleroi-pourlapalestine.be\/index.php\/2024\/01\/21\/le-soutien-de-biden-au-genocide-a-gaza-attise-une-guerre-plus-etendue-encore\/#breadcrumb"},"inLanguage":"fr-FR","potentialAction":[{"@type":"ReadAction","target":["https:\/\/charleroi-pourlapalestine.be\/index.php\/2024\/01\/21\/le-soutien-de-biden-au-genocide-a-gaza-attise-une-guerre-plus-etendue-encore\/"]}]},{"@type":"ImageObject","inLanguage":"fr-FR","@id":"https:\/\/charleroi-pourlapalestine.be\/index.php\/2024\/01\/21\/le-soutien-de-biden-au-genocide-a-gaza-attise-une-guerre-plus-etendue-encore\/#primaryimage","url":"https:\/\/charleroi-pourlapalestine.be\/wp-content\/uploads\/2024\/01\/Yemen-.png","contentUrl":"https:\/\/charleroi-pourlapalestine.be\/wp-content\/uploads\/2024\/01\/Yemen-.png","width":1010,"height":700},{"@type":"BreadcrumbList","@id":"https:\/\/charleroi-pourlapalestine.be\/index.php\/2024\/01\/21\/le-soutien-de-biden-au-genocide-a-gaza-attise-une-guerre-plus-etendue-encore\/#breadcrumb","itemListElement":[{"@type":"ListItem","position":1,"name":"Accueil","item":"https:\/\/charleroi-pourlapalestine.be\/"},{"@type":"ListItem","position":2,"name":"Le soutien de Biden au g\u00e9nocide \u00e0 Gaza attise une guerre plus \u00e9tendue encore"}]},{"@type":"WebSite","@id":"https:\/\/charleroi-pourlapalestine.be\/#website","url":"https:\/\/charleroi-pourlapalestine.be\/","name":"Charleroi Pour la Palestine","description":"","publisher":{"@id":"https:\/\/charleroi-pourlapalestine.be\/#organization"},"potentialAction":[{"@type":"SearchAction","target":{"@type":"EntryPoint","urlTemplate":"https:\/\/charleroi-pourlapalestine.be\/?s={search_term_string}"},"query-input":{"@type":"PropertyValueSpecification","valueRequired":true,"valueName":"search_term_string"}}],"inLanguage":"fr-FR"},{"@type":"Organization","@id":"https:\/\/charleroi-pourlapalestine.be\/#organization","name":"Plate-forme Charleroi-Palestine","url":"https:\/\/charleroi-pourlapalestine.be\/","logo":{"@type":"ImageObject","inLanguage":"fr-FR","@id":"https:\/\/charleroi-pourlapalestine.be\/#\/schema\/logo\/image\/","url":"https:\/\/charleroi-pourlapalestine.be\/wp-content\/uploads\/2020\/01\/logo-Copy.jpg","contentUrl":"https:\/\/charleroi-pourlapalestine.be\/wp-content\/uploads\/2020\/01\/logo-Copy.jpg","width":180,"height":180,"caption":"Plate-forme Charleroi-Palestine"},"image":{"@id":"https:\/\/charleroi-pourlapalestine.be\/#\/schema\/logo\/image\/"},"sameAs":["https:\/\/www.facebook.com\/PlateformeCharleroiPalestine\/","https:\/\/x.com\/LaCharleroi"]},{"@type":"Person","@id":"https:\/\/charleroi-pourlapalestine.be\/#\/schema\/person\/c19ff515112f1299d8c12671d8fe3faa","name":"admin1873","url":"https:\/\/charleroi-pourlapalestine.be\/index.php\/author\/admin1873\/"}]}},"_links":{"self":[{"href":"https:\/\/charleroi-pourlapalestine.be\/index.php\/wp-json\/wp\/v2\/posts\/67239","targetHints":{"allow":["GET"]}}],"collection":[{"href":"https:\/\/charleroi-pourlapalestine.be\/index.php\/wp-json\/wp\/v2\/posts"}],"about":[{"href":"https:\/\/charleroi-pourlapalestine.be\/index.php\/wp-json\/wp\/v2\/types\/post"}],"author":[{"embeddable":true,"href":"https:\/\/charleroi-pourlapalestine.be\/index.php\/wp-json\/wp\/v2\/users\/1"}],"replies":[{"embeddable":true,"href":"https:\/\/charleroi-pourlapalestine.be\/index.php\/wp-json\/wp\/v2\/comments?post=67239"}],"version-history":[{"count":0,"href":"https:\/\/charleroi-pourlapalestine.be\/index.php\/wp-json\/wp\/v2\/posts\/67239\/revisions"}],"wp:featuredmedia":[{"embeddable":true,"href":"https:\/\/charleroi-pourlapalestine.be\/index.php\/wp-json\/wp\/v2\/media\/67240"}],"wp:attachment":[{"href":"https:\/\/charleroi-pourlapalestine.be\/index.php\/wp-json\/wp\/v2\/media?parent=67239"}],"wp:term":[{"taxonomy":"category","embeddable":true,"href":"https:\/\/charleroi-pourlapalestine.be\/index.php\/wp-json\/wp\/v2\/categories?post=67239"},{"taxonomy":"post_tag","embeddable":true,"href":"https:\/\/charleroi-pourlapalestine.be\/index.php\/wp-json\/wp\/v2\/tags?post=67239"}],"curies":[{"name":"wp","href":"https:\/\/api.w.org\/{rel}","templated":true}]}}