{"id":68298,"date":"2024-02-10T14:44:19","date_gmt":"2024-02-10T13:44:19","guid":{"rendered":"https:\/\/charleroi-pourlapalestine.be\/?p=68298"},"modified":"2024-02-13T10:11:32","modified_gmt":"2024-02-13T09:11:32","slug":"expulsions-massives-en-vue-netanyahou-veut-un-plan-doffensive-contre-rafah","status":"publish","type":"post","link":"https:\/\/charleroi-pourlapalestine.be\/index.php\/2024\/02\/10\/expulsions-massives-en-vue-netanyahou-veut-un-plan-doffensive-contre-rafah\/","title":{"rendered":"Craintes d&rsquo;expulsions massives alors que Netanyahou ordonne un plan d&rsquo;assaut de Rafah"},"content":{"rendered":"<p>Les responsables des Nations unies et des agences humanitaires internationales insistent d\u2019urgence aupr\u00e8s d\u2019Isra\u00ebl pour qu\u2019il renonce \u00e0 une invasion de Rafah, dans le sud de la bande de Gaza. \u00c0 de multiples reprises, les organisations palestiniennes des droits humains ont pr\u00e9venu qu\u2019une telle offensive se traduirait en une expulsion de masse vers l\u2019\u00c9gypte.<\/p>\n<p>&nbsp;<\/p>\n<div id=\"attachment_68299\" style=\"width: 810px\" class=\"wp-caption aligncenter\"><img loading=\"lazy\" decoding=\"async\" aria-describedby=\"caption-attachment-68299\" class=\"wp-image-68299 size-full\" src=\"https:\/\/charleroi-pourlapalestine.be\/wp-content\/uploads\/2024\/02\/Des-Palestiniens-dans-un-campement-pour-personnes-deplacees-a-Rafah.jpg\" alt=\"8 f\u00e9vrier 2024. Des Palestiniens dans un campement pour personnes d\u00e9plac\u00e9es \u00e0 Rafah, dans le sud de la bande de Gaza. \" width=\"800\" height=\"450\" srcset=\"https:\/\/charleroi-pourlapalestine.be\/wp-content\/uploads\/2024\/02\/Des-Palestiniens-dans-un-campement-pour-personnes-deplacees-a-Rafah.jpg 800w, https:\/\/charleroi-pourlapalestine.be\/wp-content\/uploads\/2024\/02\/Des-Palestiniens-dans-un-campement-pour-personnes-deplacees-a-Rafah-300x169.jpg 300w, https:\/\/charleroi-pourlapalestine.be\/wp-content\/uploads\/2024\/02\/Des-Palestiniens-dans-un-campement-pour-personnes-deplacees-a-Rafah-768x432.jpg 768w\" sizes=\"auto, (max-width: 800px) 100vw, 800px\" \/><p id=\"caption-attachment-68299\" class=\"wp-caption-text\"><strong>8 f\u00e9vrier 2024. Des Palestiniens dans un campement pour personnes d\u00e9plac\u00e9es \u00e0 Rafah, dans le sud de la bande de Gaza.<\/strong> (Photo : Bashar Taleb \/ APA images)<\/p><\/div>\n<p>&nbsp;<\/p>\n<p><strong>Maureen Clare Murphy,<\/strong> 10 f\u00e9vrier 2<\/p>\n<p>La majorit\u00e9 de la population de Gaza (2,3 millions d\u2019habitants) est actuellement coinc\u00e9e \u00e0 Rafah et il ne lui reste \u00ab <strong><em>nulle part o\u00f9 s\u2019enfuir<\/em><\/strong> \u00bb, selon Save the Children (Sauvez les enfants).<\/p>\n<p>Un grand nombre des Palestiniens actuellement r\u00e9fugi\u00e9s \u00e0 Rafah apr\u00e8s avoir \u00e9t\u00e9 d\u00e9plac\u00e9s d\u2019autres r\u00e9gions de Gaza sont \u00ab <strong><em>parqu\u00e9s contre la fronti\u00e8re avec l\u2019\u00c9gypte et vivent dans des tentes improvis\u00e9es<\/em> <\/strong>\u00bb, affirme Reuters.<\/p>\n<p>&nbsp;<\/p>\n<blockquote class=\"twitter-tweet\" data-width=\"500\" data-dnt=\"true\">\n<p lang=\"en\" dir=\"ltr\">Satellite imagery of rural areas of Rafah show a mass of tents and other temporary structures that have risen since mid-October. In urban areas of Rafah, a mass of people and new temporary structures can be seen on the streets \u2b07\ufe0f<\/p>\n<p>\u00a9 Planet Labs <a href=\"https:\/\/t.co\/MfhRQKDWIp\">pic.twitter.com\/MfhRQKDWIp<\/a><\/p>\n<p>&mdash; Amnesty International (@amnesty) <a href=\"https:\/\/twitter.com\/amnesty\/status\/1756044416219856988?ref_src=twsrc%5Etfw\">February 9, 2024<\/a><\/p><\/blockquote>\n<p><script async src=\"https:\/\/platform.twitter.com\/widgets.js\" charset=\"utf-8\"><\/script><\/p>\n<p>&nbsp;<\/p>\n<p>Jan Egeland, le chef du Conseil norv\u00e9gien des r\u00e9fugi\u00e9s, a d\u00e9clar\u00e9 que si l\u2019arm\u00e9e isra\u00e9lienne refait \u00e0 Rafah ce qu\u2019elle a fait \u00e0 Gaz a m\u00eame et \u00e0 Khan Younis,<\/p>\n<blockquote><p>\u00ab il y aura un bain de sang et cela fera tache sur la conscience (\u2026) des alli\u00e9s d\u2019Isra\u00ebl \u00bb.<\/p>\n<p>\u00ab <em><strong>C\u2019est le plus grand camp de r\u00e9fugi\u00e9s sur terre et on ne peut avoir de guerre dans un camp de r\u00e9fugi\u00e9s<\/strong><\/em> \u00bb,<\/p><\/blockquote>\n<p>a d\u00e9clar\u00e9 Egeland \u00e0 la BBC.<\/p>\n<blockquote class=\"twitter-tweet\" data-width=\"500\" data-dnt=\"true\">\n<p lang=\"en\" dir=\"ltr\">.<a href=\"https:\/\/twitter.com\/NRC_Egeland?ref_src=twsrc%5Etfw\">@NRC_Egeland<\/a>: &quot;Rafah has now become the largest refugee camp on earth. 1m people fled here because it was supposed to be safe. They&#39;ve joined the population which is there already. Its the most crowded.. largest refugee camp on earth, &amp; you cannot have a war in a refugee camp&quot; <a href=\"https:\/\/t.co\/dvjgOgG9yJ\">pic.twitter.com\/dvjgOgG9yJ<\/a><\/p>\n<p>&mdash; Saul Staniforth (@SaulStaniforth) <a href=\"https:\/\/twitter.com\/SaulStaniforth\/status\/1755976786951696599?ref_src=twsrc%5Etfw\">February 9, 2024<\/a><\/p><\/blockquote>\n<p><script async src=\"https:\/\/platform.twitter.com\/widgets.js\" charset=\"utf-8\"><\/script><\/p>\n<p>&nbsp;<\/p>\n<p>Vendredi, le Premier ministre isra\u00e9lien Benjamin <strong>Netanyahou<\/strong> a ordonn\u00e9 \u00e0 l\u2019arm\u00e9e d\u2019\u00e9laborer un plan <em>\u00ab combin\u00e9 \u00bb<\/em> afin d\u2019\u00e9vacuer les civils de Rafah et de d\u00e9truire les quatre bataillons du Hamas pr\u00e9sents dans la zone.<\/p>\n<p>Antony<strong> Blinken<\/strong>, le secr\u00e9taire d\u2019\u00c9tat am\u00e9ricain, a d\u00e9clar\u00e9 mercredi que<\/p>\n<blockquote><p>\u00ab toute op\u00e9ration militaire entreprise par Isra\u00ebl requiert que les civils passent en tout premier lieu (\u2026) et c\u2019est particuli\u00e8rement vrai dans le cas de Rafah \u00bb.<\/p><\/blockquote>\n<p>Lors d\u2019un briefing de presse du d\u00e9partement d\u2019\u00c9tat ce jeudi, le porte-parole Vedant Patel a dit que <em>\u00ab nous n\u2019avons toujours pas vu la moindre preuve d\u2019un planning s\u00e9rieux \u00bb<\/em> d\u2019une op\u00e9ration \u00e0 Rafah.<\/p>\n<p>Patel a ajout\u00e9 que<\/p>\n<blockquote><p>\u00ab mener une telle op\u00e9ration \u00e0 ce moment, sans planification et sans y avoir beaucoup r\u00e9fl\u00e9chi (\u2026) serait un d\u00e9sastre \u00bb.<\/p><\/blockquote>\n<p>&nbsp;<\/p>\n<h3>\u00ab Que des conseils de prudence \u00bb<\/h3>\n<p>Le scepticisme de Washington n\u2019offrira que peu de soulagement aux Palestiniens pr\u00e9par\u00e9s \u00e0 ce qui pourrait \u00eatre la pire violence d\u2019une campagne militaire dont la<strong> Cour internationale de justice<\/strong> a estim\u00e9 qu\u2019il s\u2019agissait vraisemblablement d\u2019un g\u00e9nocide.<\/p>\n<p>Comme le fait remarquer Reuters, les EU ne proposent <em>\u00ab que des conseils de prudence \u00bb<\/em> et<\/p>\n<blockquote><p>\u00ab il n\u2019y avait rien qui permettait de sugg\u00e9rer que la rh\u00e9torique venant de Washington serait appuy\u00e9e par une action \u00bb.<\/p><\/blockquote>\n<p>De m\u00eame, le responsable de la politique de l\u2019Union europ\u00e9enne, <strong>Josep Borrell<\/strong>, a \u00e9t\u00e9 incapable d\u2019appuyer ses propos alarmistes sur Rafah par l\u2019une ou l\u2019autre action significative en vue de pr\u00e9venir les <em>\u00ab cons\u00e9quences catastrophiques \u00bb<\/em> contre lesquelles il mettait en garde.<\/p>\n<p>Et Dennis Francis, le pr\u00e9sident de l\u2019Assembl\u00e9e g\u00e9n\u00e9rale de l\u2019ONU, a plaid\u00e9 <em>\u00ab au nom des multitudes de civils innocents qui n\u2019ont pas d\u2019endroit s\u00fbr o\u00f9 aller \u00bb.<\/em><\/p>\n<p>Mais Francis n\u2019a pas recommand\u00e9 la moindre action du corps mondial qui pourrait contraindre \u00e0 y r\u00e9fl\u00e9chir \u00e0 deux fois le cabinet de guerre pr\u00e9sid\u00e9 par Netanyahou \u2013 dont on pense largement qu\u2019il prolonge la campagne militaire \u00e0 Gaza afin de sauver sa carri\u00e8re politique, car il doit r\u00e9pondre en justice \u00e0 des accusations de corruption.<\/p>\n<p>La promesse r\u00e9p\u00e9t\u00e9e de Netanyahou de <em>\u00ab victoire absolue \u00bb<\/em> sur le<strong> Hamas<\/strong> est infirm\u00e9e par une \u00e9valuation des responsables de renseignements am\u00e9ricains, qui ont dit cette semaine \u00e0 des membres du Congr\u00e8s qu\u2019<\/p>\n<p>\u00ab Isra\u00ebl avait d\u00e9grad\u00e9 les capacit\u00e9s de combat du Hamas, mais n\u2019\u00e9tait pas pr\u00e8s d\u2019\u00e9liminer l\u2019organisation \u00bb,<\/p>\n<p>a rapport\u00e9 The New York Times.<\/p>\n<blockquote><p>\u00ab Netanyahou a dit le mois dernier qu\u2019Isra\u00ebl avait d\u00e9truit les deux tiers des r\u00e9giments de combat du Hamas \u00bb,<\/p><\/blockquote>\n<p>ajoutait le Times.<\/p>\n<blockquote><p>\u00ab Les responsables am\u00e9ricains disent en priv\u00e9 que leurs estimations sont inf\u00e9rieures et qu\u2019un tiers peut-\u00eatre des combattants du Hamas ont \u00e9t\u00e9 tu\u00e9s. \u00bb<\/p><\/blockquote>\n<p>En attendant, le Hamas a la haute main dans les n\u00e9gociations en vue d\u2019un \u00e9change de prisonniers et d\u2019un cessez-le-feu, s\u2019il faut en croire le n\u00e9gociateur isra\u00e9lien Gershon Baskin. Apr\u00e8s quatre mois, le fait qu\u2019Isra\u00ebl doit encore n\u00e9gocier avec une organisation qu\u2019il a promis de d\u00e9truire est en soi un aveu de d\u00e9faite.<\/p>\n<p>&nbsp;<\/p>\n<h3>Un plan de d\u00e9portation des Palestiniens<\/h3>\n<p>Isra\u00ebl n\u2019a ni vaincu le Hamas en recourant \u00e0 la force de son arm\u00e9e, ni non plus assur\u00e9 la lib\u00e9ration des Isra\u00e9liens ou des ressortissants \u00e9trangers captur\u00e9s et d\u00e9tenus \u00e0 Gaza depuis le 7 octobre.<\/p>\n<p>Mais il semble bien en route pour r\u00e9aliser ce qui pourrait \u00eatre le v\u00e9ritable but strat\u00e9gique de la campagne de Gaza \u2013 une expulsion de masse des Palestiniens hors de l\u2019enclave.<\/p>\n<blockquote class=\"twitter-tweet\" data-width=\"500\" data-dnt=\"true\">\n<p lang=\"en\" dir=\"ltr\">To go where? <\/p>\n<p>The ethnic cleansing endgame is all but clear now. <a href=\"https:\/\/t.co\/HrxltYTsFB\">https:\/\/t.co\/HrxltYTsFB<\/a><\/p>\n<p>&mdash; Karen Attiah (@KarenAttiah) <a href=\"https:\/\/twitter.com\/KarenAttiah\/status\/1756026373381001251?ref_src=twsrc%5Etfw\">February 9, 2024<\/a><\/p><\/blockquote>\n<p><script async src=\"https:\/\/platform.twitter.com\/widgets.js\" charset=\"utf-8\"><\/script><\/p>\n<p>&nbsp;<\/p>\n<p><strong>Itay Epshtain<\/strong>, un sp\u00e9cialiste des lois humanitaires, a fait savoir que la d\u00e9claration de Netanyahou vendredi<\/p>\n<blockquote><p>\u00ab confirme les plans op\u00e9rationnels en vue de transf\u00e9rer \u2013 et peut-\u00eatre aussi de d\u00e9porter \u2013 1,3 million de Palestiniens \u00bb.<\/p><\/blockquote>\n<p>Epshtain a ajout\u00e9 que Meir Ben-Shabbat, ancien conseiller en s\u00e9curit\u00e9 nationale et proche confident de Netanyahou, est l\u2019auteur d\u2019une directive soutenue par le minist\u00e8re isra\u00e9lien des renseignements en vue de d\u00e9porter en masse les Palestiniens de Gaza vers l\u2019\u00c9gypte.<\/p>\n<p>Selon Epshtain, cette directive \u00e9pingle quatre \u00e9tapes : \u00e9vacuation des civils palestiniens du nord de Gaza ; op\u00e9rations terrestres dans le nord et, ensuite, dans le sud ; maintien des routes d\u2019\u00e9vacuation de Rafah vers l\u2019\u00c9gypte ; et mise en place de campements dans la p\u00e9ninsule \u00e9gyptienne du Sina\u00ef et repeuplement \u00e9ventuel de ce pays par les Palestiniens.<\/p>\n<p>Epshtain a expliqu\u00e9 que <em>\u00ab la phase 3 est lanc\u00e9e, \u00e0 pr\u00e9sent, et elle pourrait tr\u00e8s bien mener \u00e0 la phase 4 \u00bb.<\/em><\/p>\n<blockquote class=\"twitter-tweet\" data-width=\"500\" data-dnt=\"true\">\n<p lang=\"en\" dir=\"ltr\">Rafah is 63 square km. It hosts 1.4 m Gaza Palestinians, 22,200 per sq km. There&#39;s nothing they can evacuate to as their homes have been destroyed. Israel uses the &quot;evacuations&quot; as a tool of settler elimination (bombing where it orders them to flee) and displacement towards Egypt <a href=\"https:\/\/t.co\/YSO8s6H0zE\">pic.twitter.com\/YSO8s6H0zE<\/a><\/p>\n<p>&mdash; Nicola Perugini (@PeruginiNic) <a href=\"https:\/\/twitter.com\/PeruginiNic\/status\/1755968372234179039?ref_src=twsrc%5Etfw\">February 9, 2024<\/a><\/p><\/blockquote>\n<p><script async src=\"https:\/\/platform.twitter.com\/widgets.js\" charset=\"utf-8\"><\/script><\/p>\n<p>Les deux tiers de la population de Gaza sont d\u00e9j\u00e0 des r\u00e9fugi\u00e9s qui ont \u00e9t\u00e9 chass\u00e9s de force de leur patrie \u00e0 l\u2019\u00e9poque de la cr\u00e9ation d\u2019Isra\u00ebl en 1948, que les Palestiniens appellent la Nakba ou <em>\u00ab catastrophe \u00bb.<\/em><\/p>\n<p>Isra\u00ebl emp\u00eache les r\u00e9fugi\u00e9s palestiniens d\u2019exercer leur droit au retour dans des terres qu\u2019il occupe actuellement parce que permettre la chose<\/p>\n<blockquote><p>\u00ab alt\u00e9rerait le caract\u00e8re d\u00e9mographique d\u2019Isra\u00ebl au point d\u2019\u00e9liminer ce dernier en tant qu\u2019\u00c9tat juif \u00bb,<\/p><\/blockquote>\n<p>a d\u00e9clar\u00e9 la Commission \u00e9conomique et sociale de l\u2019ONU pour l\u2019Asie occidentale dans un rapport de 2017.<\/p>\n<h3><strong><br \/>\nIsra\u00ebl intensifie ses raids a\u00e9riens contre Rafah<\/strong><\/h3>\n<p>Craignant un autre exode de masse comme celui de la Nakba, l\u2019\u00c9gypte a renforc\u00e9 sa pr\u00e9sence militaire le long de sa fronti\u00e8re d\u00e9j\u00e0 passablement barricad\u00e9e avec Gaza.<\/p>\n<p>Trois organisations palestiniennes des droits humains ont dit jeudi qu\u2019Isra\u00ebl avait intensifi\u00e9 ses raids a\u00e9riens contre Rafah ces quelques derniers jours, lan\u00e7ant des douzaines de frappes qui ont tu\u00e9 59 Palestiniens,<\/p>\n<blockquote><p>\u00ab dont 21 enfants, 11 femmes et un journaliste \u00bb.<\/p><\/blockquote>\n<p>Les organisations des droits humains \u2013 Al-Haq, Al Mezan et le Centre palestinien pour les droits humains (CPDH) \u2013 ont ajout\u00e9 que<\/p>\n<blockquote><p>\u00ab d\u2019autres avaient \u00e9t\u00e9 port\u00e9s manquants et que des douzaines \u00e9taient bless\u00e9s, dont certains avaient d\u00fb \u00eatre amput\u00e9s \u00bb.<\/p><\/blockquote>\n<p>Dans l\u2019intervalle, Isra\u00ebl poursuit le transfert forc\u00e9 des Palestiniens restants de la ville de Gaza vers le sud, du c\u00f4t\u00e9 de Deir al-Balah, dans la partie centrale de Gaza, ont dit les organisations des droits. Les gens de Khan Younis, dans le sud de Gaza, continuent de recevoir l\u2019ordre de se rendre \u00e0 al-Mawasi sur la cot\u00e9, et m\u00eame un peu plus au sud encore, \u00e0 Rafah.<\/p>\n<h3><strong>\u00ab Une autre tournure d\u00e9vastatrice \u00bb<\/strong><\/h3>\n<p>Catherine Russell, la directrice du fonds de l\u2019ONU pour les enfants, l\u2019UNICEF, a d\u00e9clar\u00e9 jeudi que plus de 600 000 enfants et leurs familles<\/p>\n<blockquote><p><em>\u00ab avaient \u00e9t\u00e9 d\u00e9plac\u00e9s \u2013 et, pour bon nombre d\u2019entre eux, plus d\u2019une fois \u00bb<\/em> vers Rafah.<\/p><\/blockquote>\n<p>Russell a longtemps \u00e9t\u00e9 la conseill\u00e8re du pr\u00e9sident am\u00e9ricain Joe Biden et de son \u00e9pouse Jill. Son mari avait \u00e9t\u00e9 le conseiller en s\u00e9curit\u00e9 nationale du pr\u00e9sident Barack Obama et son beau-fr\u00e8re est le conseiller en chef de Biden.<\/p>\n<p>Biden est largement per\u00e7u comme complice et m\u00eame comme partenaire \u00e0 part enti\u00e8re de la campagne g\u00e9nocidaire d\u2019Isra\u00ebl \u00e0 Gaza.<\/p>\n<p>Russell a d\u00e9clar\u00e9 qu\u2019une escalade des combats \u00e0 Rafah<\/p>\n<blockquote><p>\u00ab constituera une nouvelle tournure d\u00e9vastatrice dans une guerre dont on dit qu\u2019elle a d\u00e9j\u00e0 tu\u00e9 plus de 27 000 personnes \u2013 la plupart \u00e9tant des femmes et des enfants \u00bb.<\/p><\/blockquote>\n<p>Cindy McCain, la responsable du Programme alimentaire mondial de l\u2019ONU, n\u2019a pas fait la moindre d\u00e9claration sur la menace d\u2019expansion de l\u2019op\u00e9ration terrestre d\u2019Isra\u00ebl sur Rafah. Comme Russell, McCain a une relation \u00e9troite avec Biden et elle a quitt\u00e9 les rangs du Parti r\u00e9publicain pour le soutenir lors de l\u2019\u00e9lection de 2020.<\/p>\n<p>C\u2019est Biden qui a propos\u00e9 McCain au poste \u00e0 l\u2019ONU, et elle y a \u00e9t\u00e9 d\u00e9sign\u00e9e officiellement par le secr\u00e9taire g\u00e9n\u00e9ral.<\/p>\n<p>McCain a d\u00fb affronter une r\u00e9volte au sein du Programme alimentaire mondial en raison de sa fa\u00e7on de traiter la crise \u00e0 Gaza.<\/p>\n<p>L\u2019agence de l\u2019ONU pour les r\u00e9fugi\u00e9s palestiniens, l\u2019UNRWA, et la Conseil norv\u00e9gien des r\u00e9fugi\u00e9s, disent tous deux qu\u2019une large offensive \u00e0 Rafah mettrait les op\u00e9rations d\u2019aide \u00e0 l\u2019arr\u00eat.<\/p>\n<blockquote class=\"twitter-tweet\" data-width=\"500\" data-dnt=\"true\">\n<p lang=\"en\" dir=\"ltr\">\ud83d\udccd<a href=\"https:\/\/twitter.com\/hashtag\/Gaza?src=hash&amp;ref_src=twsrc%5Etfw\">#Gaza<\/a> &quot;If there is a large offensive in Rafah, we could see hundreds &amp; hundreds of thousands of people on the move again, trying to flee the fighting <\/p>\n<p>We will not be able to effectively or safely run operations from a city under assault from the Israeli army.&quot; @TomWhiteGaza <a href=\"https:\/\/t.co\/5hcr7WXU0J\">pic.twitter.com\/5hcr7WXU0J<\/a><\/p>\n<p>&mdash; UNRWA (@UNRWA) <a href=\"https:\/\/twitter.com\/UNRWA\/status\/1755864707406209230?ref_src=twsrc%5Etfw\">February 9, 2024<\/a><\/p><\/blockquote>\n<p><script async src=\"https:\/\/platform.twitter.com\/widgets.js\" charset=\"utf-8\"><\/script><\/p>\n<p>&nbsp;<\/p>\n<p><strong>L\u2019UNRWA<\/strong> est le plus important fournisseur d\u2019assistance humanitaire \u00e0 Gaza. Mais son avenir est gravement compromis apr\u00e8s que les EU et d\u2019autres \u00c9tats donateurs majeurs ont gel\u00e9 leurs contributions en r\u00e9ponse \u00e0 des all\u00e9gations non v\u00e9rifi\u00e9es avanc\u00e9es par Isra\u00ebl et disant qu\u2019une poign\u00e9e de membres de l\u2019agence \u00e9taient impliqu\u00e9s dans l\u2019attaque du Hamas le 7 octobre.<\/p>\n<p>Toute suspension de l\u2019aide d\u00e9j\u00e0 tr\u00e8s limit\u00e9e qui entre actuellement \u00e0 Gaza \u2013 sous si\u00e8ge isra\u00e9lien total depuis le 7 octobre \u2013 constituerait une catastrophe en soi.<\/p>\n<p>Pr\u00e8s d\u2019un enfant sur dix \u00e0 Gaza souffre de malnutrition aigu\u00eb, selon des donn\u00e9es initiales de l\u2019ONU, et les organisations humanitaires mettent en garde contre le fait que la famine est de plus en plus probable chaque jour qui passe.<\/p>\n<p style=\"text-align: center;\">*****<\/p>\n<p><strong><img loading=\"lazy\" decoding=\"async\" class=\"alignleft wp-image-45540 size-full\" src=\"https:\/\/charleroi-pourlapalestine.be\/wp-content\/uploads\/2022\/10\/Maureen-Clare-Murphy-e1665914569514.jpg\" sizes=\"auto, (max-width: 150px) 100vw, 150px\" srcset=\"https:\/\/charleroi-pourlapalestine.be\/wp-content\/uploads\/2022\/10\/Maureen-Clare-Murphy-e1665914569514.jpg 150w, https:\/\/charleroi-pourlapalestine.be\/wp-content\/uploads\/2022\/10\/Maureen-Clare-Murphy-e1665914569514-80x80.jpg 80w\" alt=\"\" width=\"150\" height=\"150\">Maureen Clare Murphy<\/strong> est r\u00e9dactrice en chef de The Electronic Intifada.<\/p>\n<div class=\"pf-content\">\n<p>&nbsp;&nbsp;&nbsp;&nbsp;&nbsp;&nbsp;&nbsp;&nbsp;&nbsp;&nbsp;&nbsp;&nbsp;&nbsp;&nbsp;&nbsp;&nbsp;&nbsp;&nbsp;&nbsp;&nbsp;&nbsp;&nbsp;&nbsp;&nbsp;&nbsp;&nbsp;&nbsp;&nbsp;&nbsp;&nbsp;&nbsp;&nbsp;&nbsp;&nbsp;&nbsp;&nbsp;&nbsp;&nbsp;&nbsp; ******<br \/>\nPubli\u00e9 le 10 f\u00e9vrier 2024 sur <a href=\"https:\/\/electronicintifada.net\/blogs\/maureen-clare-murphy\/fears-mass-expulsion-netanyahu-orders-plan-rafah-assault\" target=\"_blank\" rel=\"noopener\"><strong>The Electronic Intifada<\/strong><\/a><br \/>\nTraduction : Jean-Marie Fl\u00e9mal, <a href=\"https:\/\/charleroi-pourlapalestine.be\/\"><strong>Charleroi pour la Palestine<\/strong><\/a><\/p>\n<\/div>\n<p><strong><br \/>\nNDLR : Afin de pouvoir lire les \u201ctweets\u201d et vid\u00e9os repris dans l\u2019article, ouvrez un compte X (ancien Twitter)<\/strong><\/p>\n<p>&nbsp;<\/p>\n","protected":false},"excerpt":{"rendered":"<p>La majorit\u00e9 de la population de Gaza (2,3 millions d\u2019habitants) est actuellement coinc\u00e9e \u00e0 Rafah et il ne lui reste \u00ab nulle part o\u00f9 s\u2019enfuir \u00bb<\/p>\n","protected":false},"author":1,"featured_media":68299,"comment_status":"closed","ping_status":"closed","sticky":false,"template":"","format":"standard","meta":{"ngg_post_thumbnail":0,"footnotes":""},"categories":[926,344],"tags":[],"class_list":["post-68298","post","type-post","status-publish","format-standard","has-post-thumbnail","hentry","category-gaza-2","category-genocide"],"yoast_head":"<!-- This site is optimized with the Yoast SEO plugin v27.3 - https:\/\/yoast.com\/product\/yoast-seo-wordpress\/ -->\n<title>Craintes d&#039;expulsions massives alors que Netanyahou ordonne un plan d&#039;assaut de Rafah<\/title>\n<meta name=\"description\" content=\"La majorit\u00e9 de la population de Gaza est actuellement coinc\u00e9e \u00e0 Rafah et il ne lui reste \u00ab nulle part o\u00f9 s\u2019enfuir \u00bb\" \/>\n<meta name=\"robots\" content=\"index, follow, max-snippet:-1, max-image-preview:large, max-video-preview:-1\" \/>\n<link rel=\"canonical\" href=\"https:\/\/charleroi-pourlapalestine.be\/index.php\/2024\/02\/10\/expulsions-massives-en-vue-netanyahou-veut-un-plan-doffensive-contre-rafah\/\" \/>\n<script type=\"application\/ld+json\" class=\"yoast-schema-graph\">{\"@context\":\"https:\\\/\\\/schema.org\",\"@graph\":[{\"@type\":\"Article\",\"@id\":\"https:\\\/\\\/charleroi-pourlapalestine.be\\\/index.php\\\/2024\\\/02\\\/10\\\/expulsions-massives-en-vue-netanyahou-veut-un-plan-doffensive-contre-rafah\\\/#article\",\"isPartOf\":{\"@id\":\"https:\\\/\\\/charleroi-pourlapalestine.be\\\/index.php\\\/2024\\\/02\\\/10\\\/expulsions-massives-en-vue-netanyahou-veut-un-plan-doffensive-contre-rafah\\\/\"},\"author\":{\"name\":\"admin1873\",\"@id\":\"https:\\\/\\\/charleroi-pourlapalestine.be\\\/#\\\/schema\\\/person\\\/c19ff515112f1299d8c12671d8fe3faa\"},\"headline\":\"Craintes d&rsquo;expulsions massives alors que Netanyahou ordonne un plan d&rsquo;assaut de Rafah\",\"datePublished\":\"2024-02-10T13:44:19+00:00\",\"dateModified\":\"2024-02-13T09:11:32+00:00\",\"mainEntityOfPage\":{\"@id\":\"https:\\\/\\\/charleroi-pourlapalestine.be\\\/index.php\\\/2024\\\/02\\\/10\\\/expulsions-massives-en-vue-netanyahou-veut-un-plan-doffensive-contre-rafah\\\/\"},\"wordCount\":2107,\"publisher\":{\"@id\":\"https:\\\/\\\/charleroi-pourlapalestine.be\\\/#organization\"},\"image\":{\"@id\":\"https:\\\/\\\/charleroi-pourlapalestine.be\\\/index.php\\\/2024\\\/02\\\/10\\\/expulsions-massives-en-vue-netanyahou-veut-un-plan-doffensive-contre-rafah\\\/#primaryimage\"},\"thumbnailUrl\":\"https:\\\/\\\/charleroi-pourlapalestine.be\\\/wp-content\\\/uploads\\\/2024\\\/02\\\/Des-Palestiniens-dans-un-campement-pour-personnes-deplacees-a-Rafah.jpg\",\"articleSection\":[\"Gaza\",\"G\u00e9nocide\"],\"inLanguage\":\"fr-FR\"},{\"@type\":\"WebPage\",\"@id\":\"https:\\\/\\\/charleroi-pourlapalestine.be\\\/index.php\\\/2024\\\/02\\\/10\\\/expulsions-massives-en-vue-netanyahou-veut-un-plan-doffensive-contre-rafah\\\/\",\"url\":\"https:\\\/\\\/charleroi-pourlapalestine.be\\\/index.php\\\/2024\\\/02\\\/10\\\/expulsions-massives-en-vue-netanyahou-veut-un-plan-doffensive-contre-rafah\\\/\",\"name\":\"Craintes d'expulsions massives alors que Netanyahou ordonne un plan d'assaut de Rafah\",\"isPartOf\":{\"@id\":\"https:\\\/\\\/charleroi-pourlapalestine.be\\\/#website\"},\"primaryImageOfPage\":{\"@id\":\"https:\\\/\\\/charleroi-pourlapalestine.be\\\/index.php\\\/2024\\\/02\\\/10\\\/expulsions-massives-en-vue-netanyahou-veut-un-plan-doffensive-contre-rafah\\\/#primaryimage\"},\"image\":{\"@id\":\"https:\\\/\\\/charleroi-pourlapalestine.be\\\/index.php\\\/2024\\\/02\\\/10\\\/expulsions-massives-en-vue-netanyahou-veut-un-plan-doffensive-contre-rafah\\\/#primaryimage\"},\"thumbnailUrl\":\"https:\\\/\\\/charleroi-pourlapalestine.be\\\/wp-content\\\/uploads\\\/2024\\\/02\\\/Des-Palestiniens-dans-un-campement-pour-personnes-deplacees-a-Rafah.jpg\",\"datePublished\":\"2024-02-10T13:44:19+00:00\",\"dateModified\":\"2024-02-13T09:11:32+00:00\",\"description\":\"La majorit\u00e9 de la population de Gaza est actuellement coinc\u00e9e \u00e0 Rafah et il ne lui reste \u00ab nulle part o\u00f9 s\u2019enfuir \u00bb\",\"breadcrumb\":{\"@id\":\"https:\\\/\\\/charleroi-pourlapalestine.be\\\/index.php\\\/2024\\\/02\\\/10\\\/expulsions-massives-en-vue-netanyahou-veut-un-plan-doffensive-contre-rafah\\\/#breadcrumb\"},\"inLanguage\":\"fr-FR\",\"potentialAction\":[{\"@type\":\"ReadAction\",\"target\":[\"https:\\\/\\\/charleroi-pourlapalestine.be\\\/index.php\\\/2024\\\/02\\\/10\\\/expulsions-massives-en-vue-netanyahou-veut-un-plan-doffensive-contre-rafah\\\/\"]}]},{\"@type\":\"ImageObject\",\"inLanguage\":\"fr-FR\",\"@id\":\"https:\\\/\\\/charleroi-pourlapalestine.be\\\/index.php\\\/2024\\\/02\\\/10\\\/expulsions-massives-en-vue-netanyahou-veut-un-plan-doffensive-contre-rafah\\\/#primaryimage\",\"url\":\"https:\\\/\\\/charleroi-pourlapalestine.be\\\/wp-content\\\/uploads\\\/2024\\\/02\\\/Des-Palestiniens-dans-un-campement-pour-personnes-deplacees-a-Rafah.jpg\",\"contentUrl\":\"https:\\\/\\\/charleroi-pourlapalestine.be\\\/wp-content\\\/uploads\\\/2024\\\/02\\\/Des-Palestiniens-dans-un-campement-pour-personnes-deplacees-a-Rafah.jpg\",\"width\":800,\"height\":450},{\"@type\":\"BreadcrumbList\",\"@id\":\"https:\\\/\\\/charleroi-pourlapalestine.be\\\/index.php\\\/2024\\\/02\\\/10\\\/expulsions-massives-en-vue-netanyahou-veut-un-plan-doffensive-contre-rafah\\\/#breadcrumb\",\"itemListElement\":[{\"@type\":\"ListItem\",\"position\":1,\"name\":\"Accueil\",\"item\":\"https:\\\/\\\/charleroi-pourlapalestine.be\\\/\"},{\"@type\":\"ListItem\",\"position\":2,\"name\":\"Craintes d&#8217;expulsions massives alors que Netanyahou ordonne un plan d&#8217;assaut de Rafah\"}]},{\"@type\":\"WebSite\",\"@id\":\"https:\\\/\\\/charleroi-pourlapalestine.be\\\/#website\",\"url\":\"https:\\\/\\\/charleroi-pourlapalestine.be\\\/\",\"name\":\"Charleroi Pour la Palestine\",\"description\":\"\",\"publisher\":{\"@id\":\"https:\\\/\\\/charleroi-pourlapalestine.be\\\/#organization\"},\"potentialAction\":[{\"@type\":\"SearchAction\",\"target\":{\"@type\":\"EntryPoint\",\"urlTemplate\":\"https:\\\/\\\/charleroi-pourlapalestine.be\\\/?s={search_term_string}\"},\"query-input\":{\"@type\":\"PropertyValueSpecification\",\"valueRequired\":true,\"valueName\":\"search_term_string\"}}],\"inLanguage\":\"fr-FR\"},{\"@type\":\"Organization\",\"@id\":\"https:\\\/\\\/charleroi-pourlapalestine.be\\\/#organization\",\"name\":\"Plate-forme Charleroi-Palestine\",\"url\":\"https:\\\/\\\/charleroi-pourlapalestine.be\\\/\",\"logo\":{\"@type\":\"ImageObject\",\"inLanguage\":\"fr-FR\",\"@id\":\"https:\\\/\\\/charleroi-pourlapalestine.be\\\/#\\\/schema\\\/logo\\\/image\\\/\",\"url\":\"https:\\\/\\\/charleroi-pourlapalestine.be\\\/wp-content\\\/uploads\\\/2020\\\/01\\\/logo-Copy.jpg\",\"contentUrl\":\"https:\\\/\\\/charleroi-pourlapalestine.be\\\/wp-content\\\/uploads\\\/2020\\\/01\\\/logo-Copy.jpg\",\"width\":180,\"height\":180,\"caption\":\"Plate-forme Charleroi-Palestine\"},\"image\":{\"@id\":\"https:\\\/\\\/charleroi-pourlapalestine.be\\\/#\\\/schema\\\/logo\\\/image\\\/\"},\"sameAs\":[\"https:\\\/\\\/www.facebook.com\\\/PlateformeCharleroiPalestine\\\/\",\"https:\\\/\\\/x.com\\\/LaCharleroi\"]},{\"@type\":\"Person\",\"@id\":\"https:\\\/\\\/charleroi-pourlapalestine.be\\\/#\\\/schema\\\/person\\\/c19ff515112f1299d8c12671d8fe3faa\",\"name\":\"admin1873\",\"url\":\"https:\\\/\\\/charleroi-pourlapalestine.be\\\/index.php\\\/author\\\/admin1873\\\/\"}]}<\/script>\n<!-- \/ Yoast SEO plugin. -->","yoast_head_json":{"title":"Craintes d'expulsions massives alors que Netanyahou ordonne un plan d'assaut de Rafah","description":"La majorit\u00e9 de la population de Gaza est actuellement coinc\u00e9e \u00e0 Rafah et il ne lui reste \u00ab nulle part o\u00f9 s\u2019enfuir \u00bb","robots":{"index":"index","follow":"follow","max-snippet":"max-snippet:-1","max-image-preview":"max-image-preview:large","max-video-preview":"max-video-preview:-1"},"canonical":"https:\/\/charleroi-pourlapalestine.be\/index.php\/2024\/02\/10\/expulsions-massives-en-vue-netanyahou-veut-un-plan-doffensive-contre-rafah\/","schema":{"@context":"https:\/\/schema.org","@graph":[{"@type":"Article","@id":"https:\/\/charleroi-pourlapalestine.be\/index.php\/2024\/02\/10\/expulsions-massives-en-vue-netanyahou-veut-un-plan-doffensive-contre-rafah\/#article","isPartOf":{"@id":"https:\/\/charleroi-pourlapalestine.be\/index.php\/2024\/02\/10\/expulsions-massives-en-vue-netanyahou-veut-un-plan-doffensive-contre-rafah\/"},"author":{"name":"admin1873","@id":"https:\/\/charleroi-pourlapalestine.be\/#\/schema\/person\/c19ff515112f1299d8c12671d8fe3faa"},"headline":"Craintes d&rsquo;expulsions massives alors que Netanyahou ordonne un plan d&rsquo;assaut de Rafah","datePublished":"2024-02-10T13:44:19+00:00","dateModified":"2024-02-13T09:11:32+00:00","mainEntityOfPage":{"@id":"https:\/\/charleroi-pourlapalestine.be\/index.php\/2024\/02\/10\/expulsions-massives-en-vue-netanyahou-veut-un-plan-doffensive-contre-rafah\/"},"wordCount":2107,"publisher":{"@id":"https:\/\/charleroi-pourlapalestine.be\/#organization"},"image":{"@id":"https:\/\/charleroi-pourlapalestine.be\/index.php\/2024\/02\/10\/expulsions-massives-en-vue-netanyahou-veut-un-plan-doffensive-contre-rafah\/#primaryimage"},"thumbnailUrl":"https:\/\/charleroi-pourlapalestine.be\/wp-content\/uploads\/2024\/02\/Des-Palestiniens-dans-un-campement-pour-personnes-deplacees-a-Rafah.jpg","articleSection":["Gaza","G\u00e9nocide"],"inLanguage":"fr-FR"},{"@type":"WebPage","@id":"https:\/\/charleroi-pourlapalestine.be\/index.php\/2024\/02\/10\/expulsions-massives-en-vue-netanyahou-veut-un-plan-doffensive-contre-rafah\/","url":"https:\/\/charleroi-pourlapalestine.be\/index.php\/2024\/02\/10\/expulsions-massives-en-vue-netanyahou-veut-un-plan-doffensive-contre-rafah\/","name":"Craintes d'expulsions massives alors que Netanyahou ordonne un plan d'assaut de Rafah","isPartOf":{"@id":"https:\/\/charleroi-pourlapalestine.be\/#website"},"primaryImageOfPage":{"@id":"https:\/\/charleroi-pourlapalestine.be\/index.php\/2024\/02\/10\/expulsions-massives-en-vue-netanyahou-veut-un-plan-doffensive-contre-rafah\/#primaryimage"},"image":{"@id":"https:\/\/charleroi-pourlapalestine.be\/index.php\/2024\/02\/10\/expulsions-massives-en-vue-netanyahou-veut-un-plan-doffensive-contre-rafah\/#primaryimage"},"thumbnailUrl":"https:\/\/charleroi-pourlapalestine.be\/wp-content\/uploads\/2024\/02\/Des-Palestiniens-dans-un-campement-pour-personnes-deplacees-a-Rafah.jpg","datePublished":"2024-02-10T13:44:19+00:00","dateModified":"2024-02-13T09:11:32+00:00","description":"La majorit\u00e9 de la population de Gaza est actuellement coinc\u00e9e \u00e0 Rafah et il ne lui reste \u00ab nulle part o\u00f9 s\u2019enfuir \u00bb","breadcrumb":{"@id":"https:\/\/charleroi-pourlapalestine.be\/index.php\/2024\/02\/10\/expulsions-massives-en-vue-netanyahou-veut-un-plan-doffensive-contre-rafah\/#breadcrumb"},"inLanguage":"fr-FR","potentialAction":[{"@type":"ReadAction","target":["https:\/\/charleroi-pourlapalestine.be\/index.php\/2024\/02\/10\/expulsions-massives-en-vue-netanyahou-veut-un-plan-doffensive-contre-rafah\/"]}]},{"@type":"ImageObject","inLanguage":"fr-FR","@id":"https:\/\/charleroi-pourlapalestine.be\/index.php\/2024\/02\/10\/expulsions-massives-en-vue-netanyahou-veut-un-plan-doffensive-contre-rafah\/#primaryimage","url":"https:\/\/charleroi-pourlapalestine.be\/wp-content\/uploads\/2024\/02\/Des-Palestiniens-dans-un-campement-pour-personnes-deplacees-a-Rafah.jpg","contentUrl":"https:\/\/charleroi-pourlapalestine.be\/wp-content\/uploads\/2024\/02\/Des-Palestiniens-dans-un-campement-pour-personnes-deplacees-a-Rafah.jpg","width":800,"height":450},{"@type":"BreadcrumbList","@id":"https:\/\/charleroi-pourlapalestine.be\/index.php\/2024\/02\/10\/expulsions-massives-en-vue-netanyahou-veut-un-plan-doffensive-contre-rafah\/#breadcrumb","itemListElement":[{"@type":"ListItem","position":1,"name":"Accueil","item":"https:\/\/charleroi-pourlapalestine.be\/"},{"@type":"ListItem","position":2,"name":"Craintes d&#8217;expulsions massives alors que Netanyahou ordonne un plan d&#8217;assaut de Rafah"}]},{"@type":"WebSite","@id":"https:\/\/charleroi-pourlapalestine.be\/#website","url":"https:\/\/charleroi-pourlapalestine.be\/","name":"Charleroi Pour la Palestine","description":"","publisher":{"@id":"https:\/\/charleroi-pourlapalestine.be\/#organization"},"potentialAction":[{"@type":"SearchAction","target":{"@type":"EntryPoint","urlTemplate":"https:\/\/charleroi-pourlapalestine.be\/?s={search_term_string}"},"query-input":{"@type":"PropertyValueSpecification","valueRequired":true,"valueName":"search_term_string"}}],"inLanguage":"fr-FR"},{"@type":"Organization","@id":"https:\/\/charleroi-pourlapalestine.be\/#organization","name":"Plate-forme Charleroi-Palestine","url":"https:\/\/charleroi-pourlapalestine.be\/","logo":{"@type":"ImageObject","inLanguage":"fr-FR","@id":"https:\/\/charleroi-pourlapalestine.be\/#\/schema\/logo\/image\/","url":"https:\/\/charleroi-pourlapalestine.be\/wp-content\/uploads\/2020\/01\/logo-Copy.jpg","contentUrl":"https:\/\/charleroi-pourlapalestine.be\/wp-content\/uploads\/2020\/01\/logo-Copy.jpg","width":180,"height":180,"caption":"Plate-forme Charleroi-Palestine"},"image":{"@id":"https:\/\/charleroi-pourlapalestine.be\/#\/schema\/logo\/image\/"},"sameAs":["https:\/\/www.facebook.com\/PlateformeCharleroiPalestine\/","https:\/\/x.com\/LaCharleroi"]},{"@type":"Person","@id":"https:\/\/charleroi-pourlapalestine.be\/#\/schema\/person\/c19ff515112f1299d8c12671d8fe3faa","name":"admin1873","url":"https:\/\/charleroi-pourlapalestine.be\/index.php\/author\/admin1873\/"}]}},"_links":{"self":[{"href":"https:\/\/charleroi-pourlapalestine.be\/index.php\/wp-json\/wp\/v2\/posts\/68298","targetHints":{"allow":["GET"]}}],"collection":[{"href":"https:\/\/charleroi-pourlapalestine.be\/index.php\/wp-json\/wp\/v2\/posts"}],"about":[{"href":"https:\/\/charleroi-pourlapalestine.be\/index.php\/wp-json\/wp\/v2\/types\/post"}],"author":[{"embeddable":true,"href":"https:\/\/charleroi-pourlapalestine.be\/index.php\/wp-json\/wp\/v2\/users\/1"}],"replies":[{"embeddable":true,"href":"https:\/\/charleroi-pourlapalestine.be\/index.php\/wp-json\/wp\/v2\/comments?post=68298"}],"version-history":[{"count":0,"href":"https:\/\/charleroi-pourlapalestine.be\/index.php\/wp-json\/wp\/v2\/posts\/68298\/revisions"}],"wp:featuredmedia":[{"embeddable":true,"href":"https:\/\/charleroi-pourlapalestine.be\/index.php\/wp-json\/wp\/v2\/media\/68299"}],"wp:attachment":[{"href":"https:\/\/charleroi-pourlapalestine.be\/index.php\/wp-json\/wp\/v2\/media?parent=68298"}],"wp:term":[{"taxonomy":"category","embeddable":true,"href":"https:\/\/charleroi-pourlapalestine.be\/index.php\/wp-json\/wp\/v2\/categories?post=68298"},{"taxonomy":"post_tag","embeddable":true,"href":"https:\/\/charleroi-pourlapalestine.be\/index.php\/wp-json\/wp\/v2\/tags?post=68298"}],"curies":[{"name":"wp","href":"https:\/\/api.w.org\/{rel}","templated":true}]}}