{"id":68747,"date":"2024-02-26T20:03:45","date_gmt":"2024-02-26T19:03:45","guid":{"rendered":"https:\/\/charleroi-pourlapalestine.be\/?p=68747"},"modified":"2024-02-26T20:03:51","modified_gmt":"2024-02-26T19:03:51","slug":"craig-mokhiber-a-propos-de-la-mobilisation-du-monde-en-faveur-des-droits-palestiniens","status":"publish","type":"post","link":"https:\/\/charleroi-pourlapalestine.be\/index.php\/2024\/02\/26\/craig-mokhiber-a-propos-de-la-mobilisation-du-monde-en-faveur-des-droits-palestiniens\/","title":{"rendered":"Craig Mokhiber \u00e0 propos de la mobilisation du monde en faveur des droits palestiniens"},"content":{"rendered":"<p>Craig Mokhiber, ancien haut fonctionnaire des Nations unies et avocat des droits humains : <strong><em>\u00ab La rengaine de la \u2018solution \u00e0 deux \u00c9tats\u2019 est devenue une plaisanterie \u00e9cul\u00e9e dans les corridors de l\u2019ONU, \u00e0 la fois pour son extr\u00eame impossibilit\u00e9 dans les faits et pour son incapacit\u00e9 totale \u00e0 tenir compte des droits inali\u00e9nables du peuple palestinien \u00bb<\/em><\/strong><\/p>\n<p>&nbsp;<\/p>\n<div id=\"attachment_68749\" style=\"width: 1032px\" class=\"wp-caption aligncenter\"><img loading=\"lazy\" decoding=\"async\" aria-describedby=\"caption-attachment-68749\" class=\"wp-image-68749 size-full\" src=\"https:\/\/charleroi-pourlapalestine.be\/wp-content\/uploads\/2024\/02\/Mobilisation-a-Paris.png\" alt=\"17 d\u00e9cembre 2023, mobilisation \u00e0 Paris. Des manifestants r\u00e9clament un cessez-le-feu imm\u00e9diat \u00e0 Gaza. (Photo : Anne Paq \/ ActiveStills)\" width=\"1022\" height=\"687\" srcset=\"https:\/\/charleroi-pourlapalestine.be\/wp-content\/uploads\/2024\/02\/Mobilisation-a-Paris.png 1022w, https:\/\/charleroi-pourlapalestine.be\/wp-content\/uploads\/2024\/02\/Mobilisation-a-Paris-300x202.png 300w, https:\/\/charleroi-pourlapalestine.be\/wp-content\/uploads\/2024\/02\/Mobilisation-a-Paris-768x516.png 768w\" sizes=\"auto, (max-width: 1022px) 100vw, 1022px\" \/><p id=\"caption-attachment-68749\" class=\"wp-caption-text\"><strong>17 d\u00e9cembre 2023. Paris, France<\/strong>. (Photo : Anne Paq \/ ActiveStills)<\/p><\/div>\n<p>&nbsp;<\/p>\n<p><strong>Maureen Clare Murphy<\/strong>, 25 f\u00e9vrier 2024<\/p>\n<p>La semaine derni\u00e8re, au Conseil de s\u00e9curit\u00e9, les \u00c9tats-Unis ont fait valoir pour la troisi\u00e8me fois leur veto, prolongeant ainsi le g\u00e9nocide de Gaza. On s\u2019en souviendra comme de l\u2019une des pages les plus honteuses de l\u2019histoire de l\u2019organisation mondiale.<\/p>\n<p><em>\u00ab C\u2019est scandaleux \u00bb,<\/em> a d\u00e9clar\u00e9 cette semaine Craig Mokhiber, ancien haut fonctionnaire des Nations unies et avocat des droits humains, au cours d\u2019une \u00e9mission en direct de <em>The Electronic Intifada<\/em>. Vous pouvez \u00e9couter l\u2019interview compl\u00e8te de Craig Mokhiber dans la vid\u00e9o en bas de l&rsquo;article .<\/p>\n<p>Craig Mokhiber a ajout\u00e9 que <em>\u00ab des milliers de personnes de plus sont mortes chaque fois \u00bb<\/em> que les EU ont bloqu\u00e9 une r\u00e9solution r\u00e9clamant que soit mis un terme aux frappes a\u00e9riennes incessantes d\u2019Isra\u00ebl, aux ex\u00e9cutions sommaires, \u00e0 la destruction des infrastructures civiles et \u00e0 cette famine savamment orchestr\u00e9e, entre autres crimes de guerre commis \u00e0 Gaza.<\/p>\n<p>Plus de 25 000 Palestiniens ont \u00e9t\u00e9 tu\u00e9s \u00e0 Gaza depuis le 18 octobre, c\u2019est-\u00e0-dire depuis la premi\u00e8re fois que les EU ont utilis\u00e9 leur veto pour bloquer un appel en faveur d\u2019une tr\u00eave humanitaire aux hostilit\u00e9s.<\/p>\n<p>Le veto de mardi <em>\u00ab provoquera sans nul doute des souffrances pires encore \u00bb,<\/em> d\u00e9clare l\u2019Institut Lemkin pour la pr\u00e9vention des g\u00e9nocides,<\/p>\n<blockquote><p>\u00ab particuli\u00e8rement si rien n\u2019est fait pour emp\u00eacher une incursion terrestre isra\u00e9lienne dans ce qui constitue le dernier refuge des Palestiniens de Gaza \u00bb.<\/p><\/blockquote>\n<p>Plus d\u2019un million de Palestiniens sont actuellement concentr\u00e9s \u00e0 Rafah, le long de la fronti\u00e8re sud de Gaza avec l\u2019\u00c9gypte, apr\u00e8s qu\u2019Isra\u00ebl a \u00e9mis des ordres d\u2019\u00e9vacuation dans de vastes portions du territoire et a transf\u00e9r\u00e9 de force des civils d\u2019une r\u00e9gion \u00e0 l\u2019autre.<\/p>\n<p>Le cabinet isra\u00e9lien de la guerre brandit la menace d\u2019une importante offensive terrestre \u00e0 Rafah, contre laquelle m\u00eame l\u2019administration Biden, pleinement complice dans le g\u00e9nocide de Gaza, met en garde en disant qu\u2019elle constituerait \u00ab un d\u00e9sastre \u00bb, ce qui n\u2019emp\u00eache nullement les EU de transf\u00e9rer plus d\u2019armes encore pour alimenter le massacre.<\/p>\n<p>&nbsp;<\/p>\n<h3><strong>Le pire peut encore venir<\/strong><\/h3>\n<p>Les rapports des m\u00e9dias et l\u2019imagerie satellitaire concernant les travaux importants du c\u00f4t\u00e9 \u00e9gyptien de Rafah attisent les craintes de voir l\u2019intensification des attaques isra\u00e9liennes dans cette r\u00e9gion \u2013 o\u00f9 est transf\u00e9r\u00e9e la majeure partie de l\u2019aide inad\u00e9quate qui entre \u00e0 Gaza \u2013 se traduire par une nouvelle expulsion massive des Palestiniens de leur patrie.<\/p>\n<p>Craig Mokhiber a d\u00e9clar\u00e9 que l\u2019ampleur et le tempo des travaux de construction \u00e9gyptiens indiquent qu\u2019ils ne feraient pas simplement partie d\u2019un plan d\u2019urgence si une expulsion massive de ce type devait avoir lieu.<\/p>\n<p>Alors que, publiquement, Le Caire s\u2019oppose \u00e0 la d\u00e9portation des Palestiniens,<\/p>\n<blockquote><p>\u00ab on ne peut qu\u2019imaginer la pression que le r\u00e9gime \u00e9gyptien est amen\u00e9 \u00e0 supporter afin de collaborer au nettoyage ethnique de Gaza \u00bb.<\/p><\/blockquote>\n<p>Craig Mokhiber a expliqu\u00e9 que les puissances occidentales,<\/p>\n<blockquote><p>\u00ab embarrass\u00e9es et politiquement compromises par le manque absolu de toutes limitations de la part d\u2019Isra\u00ebl dans cette offensive g\u00e9nocidaire \u00bb,<\/p><\/blockquote>\n<p>appliquent elles aussi des pressions diplomatiques sur Isra\u00ebl, et que celles-ci peuvent avoir retard\u00e9 une intensification pire encore des massacres en cours \u00e0 Rafah.<\/p>\n<p>Mais ces efforts pourraient ne pas suffire pour r\u00e9fr\u00e9ner Isra\u00ebl et le pire peut encore venir.<\/p>\n<p>Pour Isra\u00ebl, terminer le boulot \u00e0 Gaza<\/p>\n<blockquote><p>\u00ab signifie soit tuer tout le monde soit tuer suffisamment de monde et rendre les conditions les plus insupportables possibles de sorte que les survivants qui resteront ne pourront plus faire autrement que de se frayer un chemin au-del\u00e0 de la fronti\u00e8re \u00bb,<\/p><\/blockquote>\n<p>a ajout\u00e9 Craig Mokhiber.<\/p>\n<blockquote><p>\u00ab Et je pense qu\u2019il y a tout lieu de croire que c\u2019est ce qu\u2019ils vont faire. \u00bb<\/p><\/blockquote>\n<p>Entre-temps, par un nouvel acte de complicit\u00e9 dans le g\u00e9nocide, les alli\u00e9s d\u2019Isra\u00ebl ont ass\u00e9n\u00e9 ce qui pourrait \u00eatre le coup de gr\u00e2ce pour l\u2019UNRWA, l\u2019agence de l\u2019ONU pour les r\u00e9fugi\u00e9s palestiniens, en gelant son financement suite \u00e0 des all\u00e9gations non prouv\u00e9es disant qu\u2019une poign\u00e9e de membres de son personnel \u00e0 Gaza \u00e9taient impliqu\u00e9s dans le raid du 7 octobre dirig\u00e9 par le Hamas.<\/p>\n<p>Philippe Lazzarini, le chef de l\u2019UNRWA, a d\u00e9clar\u00e9 cette semaine \u00e0 l\u2019Assembl\u00e9e g\u00e9n\u00e9rale de l\u2019ONU que \u00ab <em>l\u2019agence avait atteint un point de rupture<\/em> \u00bb et que sa capacit\u00e9 \u00e0 remplir son mandat et \u00e0 fournir des services de type gouvernemental \u00e0 des millions de Palestriniens sans \u00c9tat <em>\u00ab \u00e9tait d\u00e9sormais gravement menac\u00e9e \u00bb.<\/em><\/p>\n<p>Pourquoi Isra\u00ebl veut-il assister \u00e0 la fin de l\u2019UNRWA, sa disparition \u00e9tant une caract\u00e9ristique saillante du plan <em>\u00ab du lendemain \u00bb<\/em> du Premier ministre Benjamin Netanyahou ?<\/p>\n<blockquote><p>\u00ab Parce que l\u2019UNRWA est dans le chemin de leur plan ethno-nationaliste pour Gaza ainsi que pour la Cisjordanie \u00bb,<\/p><\/blockquote>\n<p>estime Craig Mokhiber.<\/p>\n<p>Le fait que les \u00c9tats occidentaux n\u2019ont pas h\u00e9sit\u00e9 \u00e0 interrompre le financement apr\u00e8s qu\u2019Isra\u00ebl<em> \u00ab a, pour l\u2019essentiel, donn\u00e9 l\u2019ordre<\/em> \u00bb de le faire, devrait embarrasser tr\u00e8s fortement les habitants de ces pays quant au fonctionnement de leurs propres gouvernements, a ajout\u00e9 Craig Mokhiber.<\/p>\n<h3><strong><br \/>\nContester l\u2019impunit\u00e9 isra\u00e9lienne<\/strong><\/h3>\n<p>L\u2019impunit\u00e9 d\u2019Isra\u00ebl \u2013 et la complicit\u00e9 de ses puissants alli\u00e9s \u2013 est contest\u00e9e comme jamais auparavant et de fa\u00e7on potentiellement irr\u00e9versible, tr\u00e8s semblable \u00e0 la fa\u00e7on dont l\u2019Afrique du Sud \u00e9tait devenue un paria international dans les derni\u00e8res ann\u00e9es de domination de l\u2019apartheid.<\/p>\n<p>Isra\u00ebl a ignor\u00e9 les mesures provisoires de la Cour internationale de justice lui ordonnant de mettre un terme \u00e0 tous ses actes g\u00e9nocidaires. Entre-temps, le procureur principal de la Cour p\u00e9nale, un tribunal diff\u00e9rent, n\u2019a rien fait pour emp\u00eacher le g\u00e9nocide de Gaza.<\/p>\n<p>Mais la plainte pour g\u00e9nocide d\u00e9pos\u00e9e par l\u2019Afrique du Sud \u00e0 la Cour internationale de justice a d\u00e9j\u00e0 incit\u00e9 des \u00c9tats et des entreprises \u00e0 rompre leurs liens avec les fabricants d\u2019armes isra\u00e9liens et \u00e0 annuler les licences d\u2019exportation d\u2019armes vers Isra\u00ebl.<\/p>\n<p>Et, alors que la cour ne dispose pas de m\u00e9canisme d\u2019application, l\u2019Assembl\u00e9e g\u00e9n\u00e9rale pourrait \u00e9ventuellement imposer des cons\u00e9quences mat\u00e9rielles, a d\u00e9clar\u00e9 Craig Mokhiber. Celles-ci pourraient inclure la mise \u00e0 l\u2019\u00e9cart d\u2019Isra\u00ebl de certaines organisations internationales, la demande de non-reconnaissance des passeports isra\u00e9liens et l\u2019application de sanctions \u00e9conomiques et politiques.<\/p>\n<p>Les \u00c9tats ont \u00e9galement une obligation individuelle et collective d\u2019entreprendre des actions <em>\u00ab l\u00e0 o\u00f9 il y a un g\u00e9nocide ou m\u00eame une menace ou un risque de g\u00e9nocide \u00bb,<\/em> a-t-il ajout\u00e9.<\/p>\n<p>Mais, selon lui, <strong><em>\u00ab le pouvoir r\u00e9el se trouve au sein de la soci\u00e9t\u00e9 civile \u00bb.<\/em><\/strong><\/p>\n<blockquote><p>\u00ab Et si vous voyez un changement de ton, sans toutefois qu\u2019il y ait passage \u00e0 l\u2019action, de la part d\u2019un certain nombre de gouvernements occidentaux aujourd\u2019hui \u00bb,<\/p><\/blockquote>\n<p>a d\u00e9clar\u00e9 Craig Mokhiber,<\/p>\n<blockquote><p>\u00ab c\u2019est en raison de toutes les pressions de la soci\u00e9t\u00e9 civile en faveur des mouvements, des protestations, des syndicats, et toutes ces sortes de choses qui ont (\u2026) jet\u00e9 l\u2019opprobre sur les gouvernements \u00e0 cause de leur participation au g\u00e9nocide. \u00bb<\/p><\/blockquote>\n<p>&nbsp;<\/p>\n<p><strong>L\u2019occupation isra\u00e9lienne en jugement<\/strong><\/p>\n<p>Dans une autre affaire que la plainte pour g\u00e9nocide introduite par l\u2019Afrique du Sud, la Cour internationale de justice a tenu des audiences la semaine derni\u00e8re pour se pencher sur<\/p>\n<blockquote><p>\u00ab les cons\u00e9quences juridiques \u00e9manant des mesures et pratiques isra\u00e9liennes en territoire palestinien occup\u00e9, y compris J\u00e9rusalem-Est \u00bb.<\/p><\/blockquote>\n<p>Cet examen avait \u00e9t\u00e9 requis par l\u2019Assembl\u00e9e g\u00e9n\u00e9rale de l\u2019ONU apr\u00e8s qu\u2019elle avait adopt\u00e9 \u00e0 une forte majorit\u00e9 une r\u00e9solution demandant \u00e0 la cour d\u2019\u00e9mettre un avis consultatif sur deux questions :<\/p>\n<blockquote><p>\u00ab Quelles sont les cons\u00e9quences juridiques qui d\u00e9coulent des actuelles violations par Isra\u00ebl du droit du peuple palestinien \u00e0 l\u2019autod\u00e9termination, de son occupation prolong\u00e9e, de son peuplement et de son annexion du territoire palestinien occup\u00e9 depuis 1967, y compris les mesures destin\u00e9es \u00e0 alt\u00e9rer la composition, le caract\u00e8re et le statut d\u00e9mographiques de la Ville Sainte de J\u00e9rusalem, et de son adoption des lois et de mesures discriminatoires en rapport avec ce qui pr\u00e9c\u00e8de ? \u00bb<\/p>\n<p>\u00ab Comment les mesures et pratiques d\u2019Isra\u00ebl en rapport avec ce qui pr\u00e9c\u00e8de (\u2026) affectent-elles le statut juridique de l\u2019occupation, et quelles sont, pour tous les \u00c9tats et les Nations unies, les cons\u00e9quences juridiques qui d\u00e9coulent de ce statut ? \u00bb<\/p><\/blockquote>\n<p>Plus de 50 pays et trois organisations s\u2019adressent \u00e0 la cour durant les audiences qui ont d\u00e9but\u00e9 cette semaine \u2013 u<em>n \u00ab nombre sans pr\u00e9c\u00e9dent \u00bb<\/em> de participants pour une affaire de la Cour internationale, estime Human Rights Watch.<\/p>\n<p>Cette organisation, dont le si\u00e8ge se trouve \u00e0 New York, explique<\/p>\n<blockquote><p>\u00ab que l\u2019importante participation aux audiences et les nombreuses soumissions \u00e9crites refl\u00e8tent l\u2019\u00e9lan international croissant en vue d\u2019aborder l\u2019incapacit\u00e9, des d\u00e9cennies durant, de faire respecter les lois internationales \u00bb<\/p><\/blockquote>\n<p>en Cisjordanie et dans la bande de Gaza.<\/p>\n<p><em>\u00ab Isra\u00ebl est d\u00e9j\u00e0 en proc\u00e8s pour g\u00e9nocide \u00bb<\/em>, a d\u00e9clar\u00e9 Craig Mokhiber.<\/p>\n<blockquote><p>\u00ab Maintenant, il est de nouveau en proc\u00e8s devant la Cour internationale mais, cette fois, et c\u2019est tr\u00e8s important, l\u2019occupation elle-m\u00eame est en jugement et le soutien apport\u00e9 \u00e0 cette occupation par d\u2019autres \u00c9tats est en jugement aussi. \u00bb<\/p><\/blockquote>\n<p>Les soumissions \u00e9crites et les interventions orales dans l\u2019affaire d\u00e9montrent que <em>\u00ab tout le projet id\u00e9ologique d\u2019Isra\u00ebl est \u00e9galement en jugement jusqu\u2019\u00e0 un certain point \u00bb,<\/em> estime encore Craig Mokhiber.<\/p>\n<p>\u00c9galement en jugement,<\/p>\n<blockquote><p>\u00ab il y a le paradigme d\u2019Oslo, ou la ruse d\u2019Oslo (\u2026) parce que \u00e7\u2019a \u00e9t\u00e9 le cadre dominant pour traiter de la question de la Palestine durant plus de 30 ans et il a mis sur la touche et contourn\u00e9 les lois internationales en faveur de n\u00e9gociations entre occupants et occup\u00e9s \u00bb.<\/p><\/blockquote>\n<p>L\u2019aile politique de l\u2019ONU \u2013 qui a jou\u00e9 un r\u00f4le historique dans le refus aux Palestiniens du droit \u00e0 l\u2019autod\u00e9termination en proposant une partition de leur pays \u00e0 l\u2019encontre des souhaits de la population autochtone \u2013 continue de maintenir en vigueur la ruse d\u2019Oslo en insistant sur une solution \u00e0 deux \u00c9tats n\u00e9goci\u00e9e entre deux parties intrins\u00e8quement in\u00e9gales, plut\u00f4t que l\u2019appliquer les lois internationales.<\/p>\n<p>Dans sa lettre de d\u00e9mission adress\u00e9e en octobre dernier au haut- commissaire de l\u2019ONU pour les droits humains, Craig Mokhiber d\u00e9clarait que<\/p>\n<blockquote><p>\u00ab la rengaine de la <em>\u2018solution \u00e0 deux \u00c9tats\u2019<\/em> est devenue une plaisanterie \u00e9cul\u00e9e dans les corridors de l\u2019ONU, \u00e0 la fois pour son extr\u00eame impossibilit\u00e9 dans les faits et pour son incapacit\u00e9 totale \u00e0 tenir compte des droits inali\u00e9nables du peuple palestinien \u00bb.<\/p><\/blockquote>\n<p>Mais ce cadre a \u00e9t\u00e9 de plus en plus contest\u00e9, ces derni\u00e8res ann\u00e9es, du fait que d\u2019importantes organisations internationales des droits humains ont r\u00e9clam\u00e9 une approche centr\u00e9e sur les lois internationales plut\u00f4t qu\u2019un <em>\u00ab processus de paix \u00bb<\/em> qui s\u2019est content\u00e9 de favoriser une culture de l\u2019impunit\u00e9 et a permis \u00e0 Isra\u00ebl d\u2019acc\u00e9l\u00e9rer sa colonisation de la terre palestinienne.<\/p>\n<p>Depuis des ann\u00e9es, les organisations palestiniennes des droits humains insistent aupr\u00e8s des \u00c9tats<\/p>\n<blockquote><p>\u00ab pour qu\u2019ils s\u2019en prennent aux causes profondes du colonialisme de peuplement d\u2019Isra\u00ebl et de l\u2019apartheid impos\u00e9 au peuple palestinien dans son ensemble \u00bb,<\/p><\/blockquote>\n<p>a d\u00e9clar\u00e9 Al-Haq (dont le si\u00e8ge se trouve \u00e0 Ramallah) juste avant le vote de l\u2019Assembl\u00e9e g\u00e9n\u00e9rale afin de demander un avis consultatif.<\/p>\n<p>Ces causes fondamentales \u2013<\/p>\n<blockquote><p>\u00ab la d\u00e9possession, le colonialisme de peuplement, le supr\u00e9macisme juif, le racisme, la discrimination raciale, l\u2019apartheid \u00bb,<\/p><\/blockquote>\n<p>selon les mots de Craig Mokhiber \u2013 ont \u00e9t\u00e9 abord\u00e9s dans le t\u00e9moignage auditionn\u00e9 par la cour la semaine derni\u00e8re.<\/p>\n<p>Les d\u00e9clarations faites par la Palestine et l\u2019Afrique du Sud sont <em>\u00ab quasiment une amorce parfaite de la cause juridique et morale de la Palestine \u00bb,<\/em> a-t-il ajout\u00e9. On peut d\u00e9couvrir ci-dessous les d\u00e9clarations orales \u00e9mises par ces pays :<\/p>\n<p>&nbsp;<\/p>\n<div class=\"video-container\"><iframe loading=\"lazy\" title=\"Palestine Hearing: ICJ on Israeli Policies in Occupied Palestinian Territories | United Nations\" width=\"500\" height=\"281\" src=\"https:\/\/www.youtube.com\/embed\/tpkF9Zjhj7s?start=3319&#038;feature=oembed&#038;wmode=opaque\" frameborder=\"0\" allow=\"accelerometer; autoplay; clipboard-write; encrypted-media; gyroscope; picture-in-picture; web-share\" referrerpolicy=\"strict-origin-when-cross-origin\" allowfullscreen><\/iframe><\/div>\n<p>&nbsp;<\/p>\n<div class=\"video-container\"><iframe loading=\"lazy\" title=\"Second Hearing: ICJ on Israeli Policies in Occupied Palestinian Territories | United Nations\" width=\"500\" height=\"281\" src=\"https:\/\/www.youtube.com\/embed\/e1B7DNmpqBU?feature=oembed&#038;wmode=opaque\" frameborder=\"0\" allow=\"accelerometer; autoplay; clipboard-write; encrypted-media; gyroscope; picture-in-picture; web-share\" referrerpolicy=\"strict-origin-when-cross-origin\" allowfullscreen><\/iframe><\/div>\n<p>&nbsp;<\/p>\n<p><em>\u00ab En mati\u00e8re de droit, le peuple palestinien a des droits humains \u00bb<\/em>, a d\u00e9clar\u00e9 Craig Mokhiber.<\/p>\n<p>Alors que la cour d\u00e9lib\u00e8re, les gens doivent entreprendre des actions visant \u00e0 mettre un terme au g\u00e9nocide de Gaza et au soutien de leurs gouvernements au syst\u00e8me isra\u00e9lien d\u2019oppression dans son ensemble.<\/p>\n<blockquote><p>\u00ab Nous devons exiger des comptes aupr\u00e8s des perp\u00e9trateurs, y compris ceux qui sont complices, nous devons exiger des r\u00e9parations pour les victimes et pour les survivants \u00bb,<\/p><\/blockquote>\n<p>a poursuivi Craig Mokhiber.<\/p>\n<blockquote><p>\u00ab Et cela ne peut venir que de nous \u00bb,<\/p><\/blockquote>\n<p>a-t-il conclu.<\/p>\n<div class=\"video-container\"><iframe loading=\"lazy\" title=\"Can international law help end Israel&#039;s genocide in Gaza? with Craig Mokhiber\" width=\"500\" height=\"281\" src=\"https:\/\/www.youtube.com\/embed\/1SAPOEoEGdo?feature=oembed&#038;wmode=opaque\" frameborder=\"0\" allow=\"accelerometer; autoplay; clipboard-write; encrypted-media; gyroscope; picture-in-picture; web-share\" referrerpolicy=\"strict-origin-when-cross-origin\" allowfullscreen><\/iframe><\/div>\n<p>&nbsp;<\/p>\n<p style=\"text-align: center;\">*****<\/p>\n<p><strong><img loading=\"lazy\" decoding=\"async\" class=\"alignleft wp-image-45540 size-full\" src=\"https:\/\/charleroi-pourlapalestine.be\/wp-content\/uploads\/2022\/10\/Maureen-Clare-Murphy-e1665914569514.jpg\" sizes=\"auto, (max-width: 150px) 100vw, 150px\" srcset=\"https:\/\/charleroi-pourlapalestine.be\/wp-content\/uploads\/2022\/10\/Maureen-Clare-Murphy-e1665914569514.jpg 150w, https:\/\/charleroi-pourlapalestine.be\/wp-content\/uploads\/2022\/10\/Maureen-Clare-Murphy-e1665914569514-80x80.jpg 80w\" alt=\"\" width=\"150\" height=\"150\"><a href=\"https:\/\/charleroi-pourlapalestine.be\/index.php\/tag\/maureen-clare-murphy\/\">Maureen Clare Murphy<\/a><\/strong> est r\u00e9dactrice en chef de <a href=\"https:\/\/electronicintifada.net\/blogs\/maureen-clare-murphy\/craig-mokhiber-moving-world-palestinian-rights\" target=\"_blank\" rel=\"noopener\">The Electronic Intifada.<\/a><\/p>\n<div class=\"pf-content\">\n<p>&nbsp;&nbsp;&nbsp;&nbsp;&nbsp;&nbsp;&nbsp;&nbsp;&nbsp;&nbsp;&nbsp;&nbsp;&nbsp;&nbsp;&nbsp;&nbsp;&nbsp;&nbsp;&nbsp;&nbsp;&nbsp;&nbsp;&nbsp;&nbsp;&nbsp;&nbsp;&nbsp;&nbsp;&nbsp;&nbsp;&nbsp;&nbsp;&nbsp;&nbsp;&nbsp;&nbsp;&nbsp;&nbsp;&nbsp; ******<br \/>\nPubli\u00e9 le 25 f\u00e9vrier 2024 sur <strong>The Electronic Intifada<\/strong><br \/>\nTraduction : Jean-Marie Fl\u00e9mal, <strong><a href=\"http:\/\/www.pourlapalestine.be\/\">Charleroi pour la Palestine<\/a><\/strong><\/p>\n<\/div>\n<p><strong><br \/>\nNDLR : Afin de pouvoir lire les \u201ctweets\u201d et vid\u00e9os repris dans l\u2019article, ouvrez un compte Twitter (X)<\/strong><\/p>\n<p>&nbsp;<\/p>\n","protected":false},"excerpt":{"rendered":"<p>Continuons d&rsquo;entreprendre des actions visant \u00e0 mettre un terme au g\u00e9nocide de Gaza et \u00e0 la complicit\u00e9 de nos gouvernements <\/p>\n","protected":false},"author":1,"featured_media":68749,"comment_status":"closed","ping_status":"closed","sticky":false,"template":"","format":"standard","meta":{"ngg_post_thumbnail":0,"footnotes":""},"categories":[936,6,344],"tags":[],"class_list":["post-68747","post","type-post","status-publish","format-standard","has-post-thumbnail","hentry","category-cij","category-gaza","category-genocide"],"yoast_head":"<!-- This site is optimized with the Yoast SEO plugin v27.3 - https:\/\/yoast.com\/product\/yoast-seo-wordpress\/ -->\n<title>Craig Mokhiber \u00e0 propos de la mobilisation du monde en faveur des droits palestiniens<\/title>\n<meta name=\"description\" content=\"Craig Mokhiber : \u00ab La rengaine de la \u2018solution \u00e0 deux \u00c9tats\u2019 est devenue une plaisanterie \u00e9cul\u00e9e dans les corridors de l\u2019ONU&quot;\" \/>\n<meta name=\"robots\" content=\"index, follow, max-snippet:-1, max-image-preview:large, max-video-preview:-1\" \/>\n<link rel=\"canonical\" href=\"https:\/\/charleroi-pourlapalestine.be\/index.php\/2024\/02\/26\/craig-mokhiber-a-propos-de-la-mobilisation-du-monde-en-faveur-des-droits-palestiniens\/\" \/>\n<script type=\"application\/ld+json\" class=\"yoast-schema-graph\">{\"@context\":\"https:\\\/\\\/schema.org\",\"@graph\":[{\"@type\":\"Article\",\"@id\":\"https:\\\/\\\/charleroi-pourlapalestine.be\\\/index.php\\\/2024\\\/02\\\/26\\\/craig-mokhiber-a-propos-de-la-mobilisation-du-monde-en-faveur-des-droits-palestiniens\\\/#article\",\"isPartOf\":{\"@id\":\"https:\\\/\\\/charleroi-pourlapalestine.be\\\/index.php\\\/2024\\\/02\\\/26\\\/craig-mokhiber-a-propos-de-la-mobilisation-du-monde-en-faveur-des-droits-palestiniens\\\/\"},\"author\":{\"name\":\"admin1873\",\"@id\":\"https:\\\/\\\/charleroi-pourlapalestine.be\\\/#\\\/schema\\\/person\\\/c19ff515112f1299d8c12671d8fe3faa\"},\"headline\":\"Craig Mokhiber \u00e0 propos de la mobilisation du monde en faveur des droits palestiniens\",\"datePublished\":\"2024-02-26T19:03:45+00:00\",\"dateModified\":\"2024-02-26T19:03:51+00:00\",\"mainEntityOfPage\":{\"@id\":\"https:\\\/\\\/charleroi-pourlapalestine.be\\\/index.php\\\/2024\\\/02\\\/26\\\/craig-mokhiber-a-propos-de-la-mobilisation-du-monde-en-faveur-des-droits-palestiniens\\\/\"},\"wordCount\":2360,\"publisher\":{\"@id\":\"https:\\\/\\\/charleroi-pourlapalestine.be\\\/#organization\"},\"image\":{\"@id\":\"https:\\\/\\\/charleroi-pourlapalestine.be\\\/index.php\\\/2024\\\/02\\\/26\\\/craig-mokhiber-a-propos-de-la-mobilisation-du-monde-en-faveur-des-droits-palestiniens\\\/#primaryimage\"},\"thumbnailUrl\":\"https:\\\/\\\/charleroi-pourlapalestine.be\\\/wp-content\\\/uploads\\\/2024\\\/02\\\/Mobilisation-a-Paris.png\",\"articleSection\":[\"CIJ\",\"Gaza\",\"G\u00e9nocide\"],\"inLanguage\":\"fr-FR\"},{\"@type\":\"WebPage\",\"@id\":\"https:\\\/\\\/charleroi-pourlapalestine.be\\\/index.php\\\/2024\\\/02\\\/26\\\/craig-mokhiber-a-propos-de-la-mobilisation-du-monde-en-faveur-des-droits-palestiniens\\\/\",\"url\":\"https:\\\/\\\/charleroi-pourlapalestine.be\\\/index.php\\\/2024\\\/02\\\/26\\\/craig-mokhiber-a-propos-de-la-mobilisation-du-monde-en-faveur-des-droits-palestiniens\\\/\",\"name\":\"Craig Mokhiber \u00e0 propos de la mobilisation du monde en faveur des droits palestiniens\",\"isPartOf\":{\"@id\":\"https:\\\/\\\/charleroi-pourlapalestine.be\\\/#website\"},\"primaryImageOfPage\":{\"@id\":\"https:\\\/\\\/charleroi-pourlapalestine.be\\\/index.php\\\/2024\\\/02\\\/26\\\/craig-mokhiber-a-propos-de-la-mobilisation-du-monde-en-faveur-des-droits-palestiniens\\\/#primaryimage\"},\"image\":{\"@id\":\"https:\\\/\\\/charleroi-pourlapalestine.be\\\/index.php\\\/2024\\\/02\\\/26\\\/craig-mokhiber-a-propos-de-la-mobilisation-du-monde-en-faveur-des-droits-palestiniens\\\/#primaryimage\"},\"thumbnailUrl\":\"https:\\\/\\\/charleroi-pourlapalestine.be\\\/wp-content\\\/uploads\\\/2024\\\/02\\\/Mobilisation-a-Paris.png\",\"datePublished\":\"2024-02-26T19:03:45+00:00\",\"dateModified\":\"2024-02-26T19:03:51+00:00\",\"description\":\"Craig Mokhiber : \u00ab La rengaine de la \u2018solution \u00e0 deux \u00c9tats\u2019 est devenue une plaisanterie \u00e9cul\u00e9e dans les corridors de l\u2019ONU\\\"\",\"breadcrumb\":{\"@id\":\"https:\\\/\\\/charleroi-pourlapalestine.be\\\/index.php\\\/2024\\\/02\\\/26\\\/craig-mokhiber-a-propos-de-la-mobilisation-du-monde-en-faveur-des-droits-palestiniens\\\/#breadcrumb\"},\"inLanguage\":\"fr-FR\",\"potentialAction\":[{\"@type\":\"ReadAction\",\"target\":[\"https:\\\/\\\/charleroi-pourlapalestine.be\\\/index.php\\\/2024\\\/02\\\/26\\\/craig-mokhiber-a-propos-de-la-mobilisation-du-monde-en-faveur-des-droits-palestiniens\\\/\"]}]},{\"@type\":\"ImageObject\",\"inLanguage\":\"fr-FR\",\"@id\":\"https:\\\/\\\/charleroi-pourlapalestine.be\\\/index.php\\\/2024\\\/02\\\/26\\\/craig-mokhiber-a-propos-de-la-mobilisation-du-monde-en-faveur-des-droits-palestiniens\\\/#primaryimage\",\"url\":\"https:\\\/\\\/charleroi-pourlapalestine.be\\\/wp-content\\\/uploads\\\/2024\\\/02\\\/Mobilisation-a-Paris.png\",\"contentUrl\":\"https:\\\/\\\/charleroi-pourlapalestine.be\\\/wp-content\\\/uploads\\\/2024\\\/02\\\/Mobilisation-a-Paris.png\",\"width\":1022,\"height\":687},{\"@type\":\"BreadcrumbList\",\"@id\":\"https:\\\/\\\/charleroi-pourlapalestine.be\\\/index.php\\\/2024\\\/02\\\/26\\\/craig-mokhiber-a-propos-de-la-mobilisation-du-monde-en-faveur-des-droits-palestiniens\\\/#breadcrumb\",\"itemListElement\":[{\"@type\":\"ListItem\",\"position\":1,\"name\":\"Accueil\",\"item\":\"https:\\\/\\\/charleroi-pourlapalestine.be\\\/\"},{\"@type\":\"ListItem\",\"position\":2,\"name\":\"Craig Mokhiber \u00e0 propos de la mobilisation du monde en faveur des droits palestiniens\"}]},{\"@type\":\"WebSite\",\"@id\":\"https:\\\/\\\/charleroi-pourlapalestine.be\\\/#website\",\"url\":\"https:\\\/\\\/charleroi-pourlapalestine.be\\\/\",\"name\":\"Charleroi Pour la Palestine\",\"description\":\"\",\"publisher\":{\"@id\":\"https:\\\/\\\/charleroi-pourlapalestine.be\\\/#organization\"},\"potentialAction\":[{\"@type\":\"SearchAction\",\"target\":{\"@type\":\"EntryPoint\",\"urlTemplate\":\"https:\\\/\\\/charleroi-pourlapalestine.be\\\/?s={search_term_string}\"},\"query-input\":{\"@type\":\"PropertyValueSpecification\",\"valueRequired\":true,\"valueName\":\"search_term_string\"}}],\"inLanguage\":\"fr-FR\"},{\"@type\":\"Organization\",\"@id\":\"https:\\\/\\\/charleroi-pourlapalestine.be\\\/#organization\",\"name\":\"Plate-forme Charleroi-Palestine\",\"url\":\"https:\\\/\\\/charleroi-pourlapalestine.be\\\/\",\"logo\":{\"@type\":\"ImageObject\",\"inLanguage\":\"fr-FR\",\"@id\":\"https:\\\/\\\/charleroi-pourlapalestine.be\\\/#\\\/schema\\\/logo\\\/image\\\/\",\"url\":\"https:\\\/\\\/charleroi-pourlapalestine.be\\\/wp-content\\\/uploads\\\/2020\\\/01\\\/logo-Copy.jpg\",\"contentUrl\":\"https:\\\/\\\/charleroi-pourlapalestine.be\\\/wp-content\\\/uploads\\\/2020\\\/01\\\/logo-Copy.jpg\",\"width\":180,\"height\":180,\"caption\":\"Plate-forme Charleroi-Palestine\"},\"image\":{\"@id\":\"https:\\\/\\\/charleroi-pourlapalestine.be\\\/#\\\/schema\\\/logo\\\/image\\\/\"},\"sameAs\":[\"https:\\\/\\\/www.facebook.com\\\/PlateformeCharleroiPalestine\\\/\",\"https:\\\/\\\/x.com\\\/LaCharleroi\"]},{\"@type\":\"Person\",\"@id\":\"https:\\\/\\\/charleroi-pourlapalestine.be\\\/#\\\/schema\\\/person\\\/c19ff515112f1299d8c12671d8fe3faa\",\"name\":\"admin1873\",\"url\":\"https:\\\/\\\/charleroi-pourlapalestine.be\\\/index.php\\\/author\\\/admin1873\\\/\"}]}<\/script>\n<!-- \/ Yoast SEO plugin. -->","yoast_head_json":{"title":"Craig Mokhiber \u00e0 propos de la mobilisation du monde en faveur des droits palestiniens","description":"Craig Mokhiber : \u00ab La rengaine de la \u2018solution \u00e0 deux \u00c9tats\u2019 est devenue une plaisanterie \u00e9cul\u00e9e dans les corridors de l\u2019ONU\"","robots":{"index":"index","follow":"follow","max-snippet":"max-snippet:-1","max-image-preview":"max-image-preview:large","max-video-preview":"max-video-preview:-1"},"canonical":"https:\/\/charleroi-pourlapalestine.be\/index.php\/2024\/02\/26\/craig-mokhiber-a-propos-de-la-mobilisation-du-monde-en-faveur-des-droits-palestiniens\/","schema":{"@context":"https:\/\/schema.org","@graph":[{"@type":"Article","@id":"https:\/\/charleroi-pourlapalestine.be\/index.php\/2024\/02\/26\/craig-mokhiber-a-propos-de-la-mobilisation-du-monde-en-faveur-des-droits-palestiniens\/#article","isPartOf":{"@id":"https:\/\/charleroi-pourlapalestine.be\/index.php\/2024\/02\/26\/craig-mokhiber-a-propos-de-la-mobilisation-du-monde-en-faveur-des-droits-palestiniens\/"},"author":{"name":"admin1873","@id":"https:\/\/charleroi-pourlapalestine.be\/#\/schema\/person\/c19ff515112f1299d8c12671d8fe3faa"},"headline":"Craig Mokhiber \u00e0 propos de la mobilisation du monde en faveur des droits palestiniens","datePublished":"2024-02-26T19:03:45+00:00","dateModified":"2024-02-26T19:03:51+00:00","mainEntityOfPage":{"@id":"https:\/\/charleroi-pourlapalestine.be\/index.php\/2024\/02\/26\/craig-mokhiber-a-propos-de-la-mobilisation-du-monde-en-faveur-des-droits-palestiniens\/"},"wordCount":2360,"publisher":{"@id":"https:\/\/charleroi-pourlapalestine.be\/#organization"},"image":{"@id":"https:\/\/charleroi-pourlapalestine.be\/index.php\/2024\/02\/26\/craig-mokhiber-a-propos-de-la-mobilisation-du-monde-en-faveur-des-droits-palestiniens\/#primaryimage"},"thumbnailUrl":"https:\/\/charleroi-pourlapalestine.be\/wp-content\/uploads\/2024\/02\/Mobilisation-a-Paris.png","articleSection":["CIJ","Gaza","G\u00e9nocide"],"inLanguage":"fr-FR"},{"@type":"WebPage","@id":"https:\/\/charleroi-pourlapalestine.be\/index.php\/2024\/02\/26\/craig-mokhiber-a-propos-de-la-mobilisation-du-monde-en-faveur-des-droits-palestiniens\/","url":"https:\/\/charleroi-pourlapalestine.be\/index.php\/2024\/02\/26\/craig-mokhiber-a-propos-de-la-mobilisation-du-monde-en-faveur-des-droits-palestiniens\/","name":"Craig Mokhiber \u00e0 propos de la mobilisation du monde en faveur des droits palestiniens","isPartOf":{"@id":"https:\/\/charleroi-pourlapalestine.be\/#website"},"primaryImageOfPage":{"@id":"https:\/\/charleroi-pourlapalestine.be\/index.php\/2024\/02\/26\/craig-mokhiber-a-propos-de-la-mobilisation-du-monde-en-faveur-des-droits-palestiniens\/#primaryimage"},"image":{"@id":"https:\/\/charleroi-pourlapalestine.be\/index.php\/2024\/02\/26\/craig-mokhiber-a-propos-de-la-mobilisation-du-monde-en-faveur-des-droits-palestiniens\/#primaryimage"},"thumbnailUrl":"https:\/\/charleroi-pourlapalestine.be\/wp-content\/uploads\/2024\/02\/Mobilisation-a-Paris.png","datePublished":"2024-02-26T19:03:45+00:00","dateModified":"2024-02-26T19:03:51+00:00","description":"Craig Mokhiber : \u00ab La rengaine de la \u2018solution \u00e0 deux \u00c9tats\u2019 est devenue une plaisanterie \u00e9cul\u00e9e dans les corridors de l\u2019ONU\"","breadcrumb":{"@id":"https:\/\/charleroi-pourlapalestine.be\/index.php\/2024\/02\/26\/craig-mokhiber-a-propos-de-la-mobilisation-du-monde-en-faveur-des-droits-palestiniens\/#breadcrumb"},"inLanguage":"fr-FR","potentialAction":[{"@type":"ReadAction","target":["https:\/\/charleroi-pourlapalestine.be\/index.php\/2024\/02\/26\/craig-mokhiber-a-propos-de-la-mobilisation-du-monde-en-faveur-des-droits-palestiniens\/"]}]},{"@type":"ImageObject","inLanguage":"fr-FR","@id":"https:\/\/charleroi-pourlapalestine.be\/index.php\/2024\/02\/26\/craig-mokhiber-a-propos-de-la-mobilisation-du-monde-en-faveur-des-droits-palestiniens\/#primaryimage","url":"https:\/\/charleroi-pourlapalestine.be\/wp-content\/uploads\/2024\/02\/Mobilisation-a-Paris.png","contentUrl":"https:\/\/charleroi-pourlapalestine.be\/wp-content\/uploads\/2024\/02\/Mobilisation-a-Paris.png","width":1022,"height":687},{"@type":"BreadcrumbList","@id":"https:\/\/charleroi-pourlapalestine.be\/index.php\/2024\/02\/26\/craig-mokhiber-a-propos-de-la-mobilisation-du-monde-en-faveur-des-droits-palestiniens\/#breadcrumb","itemListElement":[{"@type":"ListItem","position":1,"name":"Accueil","item":"https:\/\/charleroi-pourlapalestine.be\/"},{"@type":"ListItem","position":2,"name":"Craig Mokhiber \u00e0 propos de la mobilisation du monde en faveur des droits palestiniens"}]},{"@type":"WebSite","@id":"https:\/\/charleroi-pourlapalestine.be\/#website","url":"https:\/\/charleroi-pourlapalestine.be\/","name":"Charleroi Pour la Palestine","description":"","publisher":{"@id":"https:\/\/charleroi-pourlapalestine.be\/#organization"},"potentialAction":[{"@type":"SearchAction","target":{"@type":"EntryPoint","urlTemplate":"https:\/\/charleroi-pourlapalestine.be\/?s={search_term_string}"},"query-input":{"@type":"PropertyValueSpecification","valueRequired":true,"valueName":"search_term_string"}}],"inLanguage":"fr-FR"},{"@type":"Organization","@id":"https:\/\/charleroi-pourlapalestine.be\/#organization","name":"Plate-forme Charleroi-Palestine","url":"https:\/\/charleroi-pourlapalestine.be\/","logo":{"@type":"ImageObject","inLanguage":"fr-FR","@id":"https:\/\/charleroi-pourlapalestine.be\/#\/schema\/logo\/image\/","url":"https:\/\/charleroi-pourlapalestine.be\/wp-content\/uploads\/2020\/01\/logo-Copy.jpg","contentUrl":"https:\/\/charleroi-pourlapalestine.be\/wp-content\/uploads\/2020\/01\/logo-Copy.jpg","width":180,"height":180,"caption":"Plate-forme Charleroi-Palestine"},"image":{"@id":"https:\/\/charleroi-pourlapalestine.be\/#\/schema\/logo\/image\/"},"sameAs":["https:\/\/www.facebook.com\/PlateformeCharleroiPalestine\/","https:\/\/x.com\/LaCharleroi"]},{"@type":"Person","@id":"https:\/\/charleroi-pourlapalestine.be\/#\/schema\/person\/c19ff515112f1299d8c12671d8fe3faa","name":"admin1873","url":"https:\/\/charleroi-pourlapalestine.be\/index.php\/author\/admin1873\/"}]}},"_links":{"self":[{"href":"https:\/\/charleroi-pourlapalestine.be\/index.php\/wp-json\/wp\/v2\/posts\/68747","targetHints":{"allow":["GET"]}}],"collection":[{"href":"https:\/\/charleroi-pourlapalestine.be\/index.php\/wp-json\/wp\/v2\/posts"}],"about":[{"href":"https:\/\/charleroi-pourlapalestine.be\/index.php\/wp-json\/wp\/v2\/types\/post"}],"author":[{"embeddable":true,"href":"https:\/\/charleroi-pourlapalestine.be\/index.php\/wp-json\/wp\/v2\/users\/1"}],"replies":[{"embeddable":true,"href":"https:\/\/charleroi-pourlapalestine.be\/index.php\/wp-json\/wp\/v2\/comments?post=68747"}],"version-history":[{"count":0,"href":"https:\/\/charleroi-pourlapalestine.be\/index.php\/wp-json\/wp\/v2\/posts\/68747\/revisions"}],"wp:featuredmedia":[{"embeddable":true,"href":"https:\/\/charleroi-pourlapalestine.be\/index.php\/wp-json\/wp\/v2\/media\/68749"}],"wp:attachment":[{"href":"https:\/\/charleroi-pourlapalestine.be\/index.php\/wp-json\/wp\/v2\/media?parent=68747"}],"wp:term":[{"taxonomy":"category","embeddable":true,"href":"https:\/\/charleroi-pourlapalestine.be\/index.php\/wp-json\/wp\/v2\/categories?post=68747"},{"taxonomy":"post_tag","embeddable":true,"href":"https:\/\/charleroi-pourlapalestine.be\/index.php\/wp-json\/wp\/v2\/tags?post=68747"}],"curies":[{"name":"wp","href":"https:\/\/api.w.org\/{rel}","templated":true}]}}