{"id":69703,"date":"2024-03-18T19:11:25","date_gmt":"2024-03-18T18:11:25","guid":{"rendered":"https:\/\/charleroi-pourlapalestine.be\/?p=69703"},"modified":"2024-03-19T08:57:26","modified_gmt":"2024-03-19T07:57:26","slug":"rejetez-biden-et-construisez-un-monde-meilleur","status":"publish","type":"post","link":"https:\/\/charleroi-pourlapalestine.be\/index.php\/2024\/03\/18\/rejetez-biden-et-construisez-un-monde-meilleur\/","title":{"rendered":"Rejetez Biden et construisez un monde meilleur"},"content":{"rendered":"<p lang=\"fr-BE\" align=\"JUSTIFY\">Susan Abulhawa : <em>\u00ab\u00a0Nous avons le pouvoir de cr\u00e9er le monde que nous voulons, un monde o\u00f9 notre gouvernement servira le bien-\u00eatre de la nation et non les ambitions gourmandes d&rsquo;un petit nombre.\u00a0\u00bb<\/em><\/p>\n<p lang=\"fr-BE\" align=\"JUSTIFY\">&nbsp;<\/p>\n<p lang=\"fr-BE\" align=\"JUSTIFY\">&nbsp;<\/p>\n<div id=\"attachment_69706\" style=\"width: 882px\" class=\"wp-caption aligncenter\"><img loading=\"lazy\" decoding=\"async\" aria-describedby=\"caption-attachment-69706\" class=\"wp-image-69706 size-full\" src=\"https:\/\/charleroi-pourlapalestine.be\/wp-content\/uploads\/2024\/03\/Biden-e1710780699960.png\" alt=\"Joe Biden doit \u00eatre rejet\u00e9 en raison de son soutien \u00e0 l'holocauste perp\u00e9tr\u00e9 \u00e0 Gaza. \" width=\"872\" height=\"582\"><p id=\"caption-attachment-69706\" class=\"wp-caption-text\"><strong>Joe Biden doit \u00eatre rejet\u00e9 en raison de son soutien \u00e0 l&rsquo;holocauste perp\u00e9tr\u00e9 \u00e0 Gaza<\/strong>. (Photo : Adam Schultz \/ Photo officielle de la Maison-Blanche)<\/p><\/div>\n<p align=\"JUSTIFY\"><span style=\"font-size: medium;\"><span lang=\"fr-BE\"><br \/>\n<strong><br \/>\n<a href=\"https:\/\/charleroi-pourlapalestine.be\/index.php\/tag\/susan-abulhawa\/\">Susan Abulhawa, <\/a><\/strong><\/span><\/span><span style=\"font-size: medium;\"><span lang=\"fr-BE\">18 mars 2024 <\/span><\/span><b><\/b><\/p>\n<p align=\"JUSTIFY\"><span style=\"font-size: medium;\">Litt\u00e9ralement, c&rsquo;est un<strong><a href=\"https:\/\/charleroi-pourlapalestine.be\/index.php\/2024\/03\/07\/susan-abulhawa-lhistoire-rappellera-quisrael-a-lui-meme-perpetre-un-holocauste\/\"> holocauste<\/a><\/strong>, qui est perp\u00e9tr\u00e9 contre les Palestiniens.<\/span><\/p>\n<p align=\"JUSTIFY\"><span style=\"font-size: medium;\">Isra\u00ebl enterre les Palestiniens vivants et en masse sous leurs maisons, il les terrorise au-del\u00e0 de toute imagination, les bombarde sans discernement, les d\u00e9nigre, les humilie, les affame, les torture, les viole et les vole. <\/span><\/p>\n<p align=\"JUSTIFY\"><span style=\"font-size: medium;\">Isra\u00ebl chasse les Palestiniens de chez eux pour les plonger dans une salet\u00e9 abjecte et dans la peur ; il an\u00e9antit \u00e0 coup de bombes toutes leurs existences, leurs histoires, leurs souvenirs et leurs espoirs d&rsquo;avenir et les filme ensuite dans le but de divertir le public isra\u00e9lien. Les soldats aussi bien que les civils applaudissent et accompagnent de musique la souffrance indicible des Palestiniens avant de la publier sur TikTok comme source d&rsquo;amusement. <\/span><\/p>\n<p align=\"JUSTIFY\"><span style=\"font-size: medium;\">Les m\u00e9dias isra\u00e9liens diffusent des vid\u00e9os-r\u00e9alit\u00e9 mettant en sc\u00e8ne la torture des otages palestiniens. C&rsquo;est un abattoir humain \u00e0 une \u00e9chelle massive \u00e0 l&rsquo;int\u00e9rieur d&rsquo;un ghetto de d\u00e9gradation, de salet\u00e9 et de peur, et il est entretenu en direct et sponsoris\u00e9 par l&rsquo;administration Biden avec l&rsquo;aide des dollars des contribuables am\u00e9ricains.<br \/>\n<\/span><\/p>\n<p align=\"JUSTIFY\">&nbsp;<\/p>\n<p class=\"gmail-western\" align=\"JUSTIFY\"><em><strong><span style=\"font-size: medium;\">\u00ab Des bombes d&rsquo;aide \u00bb<\/span><\/strong><\/em><\/p>\n<p class=\"gmail-western\" align=\"JUSTIFY\"><span style=\"font-size: medium;\">En m\u00eame temps, les architectes isra\u00e9liens et am\u00e9ricains de cette horreur font semblant de se soucier de l&rsquo;<em>\u00ab aide humanitaire \u00bb<\/em> et commettent des actes trompeurs et dignes d&rsquo;un cirque politique, destin\u00e9s \u00e0 apaiser le toll\u00e9 croissant du public tout en stimulant leur projet g\u00e9nocidaire pour l&rsquo;amener \u00e0 sa profitable conclusion coloniale \u2013 de vastes<a href=\"https:\/\/unctad.org\/news\/unrealized-potential-palestinian-oil-and-gas-reserves\" target=\"_blank\" rel=\"noopener\"><strong> gisements gaziers<\/strong><\/a> et un immobilier c\u00f4tier de premier ordre vid\u00e9 de sa population autochtone. <\/span><\/p>\n<p align=\"JUSTIFY\"><span style=\"font-size: medium;\">D&rsquo;humiliants et incomp\u00e9tents <em>\u00ab parachutages humanitaires \u00bb<\/em> de nourriture de pi\u00e8tre qualit\u00e9, tombant souvent dans l&rsquo;oc\u00e9an, n&rsquo;ont \u00e9t\u00e9 gu\u00e8re plus que des coups publicitaires. Les tentatives les plus r\u00e9centes ont consist\u00e9 en caisses d&rsquo;aide largu\u00e9es par des parachutes d\u00e9fectueux et qui sont tomb\u00e9es comme des missiles sur des Palestiniens affam\u00e9s, <a href=\"https:\/\/charleroi-pourlapalestine.be\/index.php\/2024\/03\/16\/que-est-le-but-veritable-du-port-voulu-par-biden-a-gaza\/\"><strong>les tuant<\/strong><\/a> instantan\u00e9ment en se muant r\u00e9ellement en <em>\u00ab bombes d&rsquo;aide \u00bb.<\/em> <\/span><\/p>\n<p align=\"JUSTIFY\"><span style=\"font-size: medium;\">Maintenant, cette alliance g\u00e9nocidaire, vraiment peu sacr\u00e9e, veut am\u00e9nager une <em>\u00ab jet\u00e9e d&rsquo;aide temporaire \u00bb<\/em>, manifestement afin d&rsquo;ouvrir un corridor maritime pour les livraisons d&rsquo;aide des EU. On s&rsquo;attend \u00e0 ce que sa construction prenne environ deux mois. <\/span><\/p>\n<p align=\"JUSTIFY\"><span style=\"font-size: medium;\">Ils n&rsquo;ont pas eu de commentaire sur ce que la population de Gaza, d\u00e9j\u00e0 dramatiquement affam\u00e9e, sera cens\u00e9e faire au cours de ces deux mois. Pas plus qu&rsquo;ils n&rsquo;ont r\u00e9pondu \u00e0 cette question \u00e9vidente : Pourquoi ne pas envoyer de l&rsquo;aide via les corridors terrestres existants ? <\/span><\/p>\n<p align=\"JUSTIFY\"><span style=\"font-size: medium;\">Tout ce que les EU doivent faire, c&rsquo;est faire en sorte que leurs camions d&rsquo;aide empruntent le passage de Rafah. En fait, c&rsquo;est aussi simple que cela. <\/span><\/p>\n<p align=\"JUSTIFY\"><span style=\"font-size: medium;\">D&rsquo;autres camions d&rsquo;aide n&rsquo;entrent pas parce qu&rsquo;Isra\u00ebl les bombarde. Devons-nous croire que les EU ont peur que leurs propres camions d&rsquo;aide ne subissent le m\u00eame sort ? <\/span><\/p>\n<p align=\"JUSTIFY\"><span style=\"font-size: medium;\">L&rsquo;absurdit\u00e9, l&rsquo;hypocrisie et la franche malhonn\u00eatet\u00e9 n&rsquo;\u00e9chappent pas \u00e0 la plupart d&rsquo;entre nous. Quelle que soit la raison de l&rsquo;am\u00e9nagement de cette jet\u00e9e, elle n&rsquo;a rien \u00e0 voir avec l&rsquo;apport d&rsquo;aide aux Palestiniens.&nbsp;<\/span><\/p>\n<p align=\"JUSTIFY\"><span style=\"font-size: medium;\">Si les EU voulaient emp\u00eacher la campagne de famine orchestr\u00e9e par Isra\u00ebl \u00e0 Gaza, ils pourraient le faire en un clin d\u2019\u0153il, comme dit le proverbe. <\/span><\/p>\n<p align=\"JUSTIFY\"><span style=\"font-size: medium;\">Il convient de dire que c&rsquo;est notre col\u00e8re publique qui appuie le changement de discours et de tours de passe-passe politiques. C&rsquo;est la force collective que nous d\u00e9ployons dans les rues et sur les bulletins de vote. <\/span><\/p>\n<p align=\"JUSTIFY\"><span style=\"font-size: medium;\">L&rsquo;\u00e9lite au pouvoir sent notre unit\u00e9 et notre pouvoir croissants dans chaque discours que nous perturbons, chaque chute de banni\u00e8re, chaque action directe et chaque occasion o\u00f9 nous affrontons le mis\u00e9rable statu quo qu&rsquo;un petit groupe a cr\u00e9\u00e9 pour la majorit\u00e9 de l&rsquo;humanit\u00e9. En fait, il est de notre devoir moral de g\u00eaner, de perturber et de d\u00e9noncer les sionistes et leurs partisans o\u00f9 qu&rsquo;ils se trouvent. <\/span><\/p>\n<p align=\"JUSTIFY\"><span style=\"font-size: medium;\">Les gardiens de l&rsquo;information ont d\u00e9ploy\u00e9 tous les m\u00e9canismes habituels pour contr\u00f4ler le discours public. Les m\u00e9dias traditionnels se sont<a href=\"https:\/\/www.youtube.com\/watch?v=SJuoT9jAhPg\" target=\"_blank\" rel=\"noopener\"><strong> mis en ligne<\/strong><\/a> avec chaque mensonge sioniste, m\u00eame apr\u00e8s que ces mensonges ont \u00e9t\u00e9 d\u00e9nonc\u00e9s comme tels. <\/span><\/p>\n<p align=\"JUSTIFY\"><span style=\"font-size: medium;\">Ils n&rsquo;ont surtout pas contest\u00e9 la propagande isra\u00e9lienne, qu&rsquo;importe son caract\u00e8re mythique ou son incoh\u00e9rence. Leurs gros titres et articles d&rsquo;opinion continuent de d\u00e9peindre Isra\u00ebl comme une victime en manipulant le langage ou en imprimant des affabulations pures et simples.<\/span><\/p>\n<p>&nbsp;<\/p>\n<p class=\"gmail-western\" align=\"JUSTIFY\"><strong><span style=\"font-size: medium;\">Les saveurs de l&rsquo;oppression de l&rsquo;homme blanc<\/span><\/strong><\/p>\n<p align=\"JUSTIFY\"><span style=\"font-size: medium;\">Les organes de la pr\u00e9tendue <em>\u00ab presse libre \u00bb<\/em> parlent et \u00e9crivent le m\u00eame verbiage, comme si tous partageaient un seul et m\u00eame esprit colonial. <\/span><\/p>\n<p align=\"JUSTIFY\"><span style=\"font-size: medium;\">Les g\u00e9ants des m\u00e9dias sociaux ont ajust\u00e9 leurs algorithmes afin de <a href=\"https:\/\/7amleh.org\/2024\/02\/11\/a-coalition-of-international-organizations-demands-that-meta-refrain-from-censoring-criticism-of-zionism-on-its-platforms\" target=\"_blank\" rel=\"noopener\">censurer<\/a> le contenu palestinien et d&rsquo;interdire les comptes rendus populaires. <\/span><\/p>\n<p align=\"JUSTIFY\"><span style=\"font-size: medium;\">Le Congr\u00e8s s&rsquo;en prend \u00e0 la libert\u00e9 d&rsquo;expression sous le pr\u00e9texte d&rsquo;affronter l&rsquo;antis\u00e9mitisme en associant efficacement ses forces \u00e0 celles des impitoyables organisations sionistes telles l&rsquo;Anti-Defamation League (Ligue anti-diffamation) et les F\u00e9d\u00e9rations juives de l&rsquo;Am\u00e9rique du Nord, afin de <em>\u00ab doxer \u00bb<\/em> (publier des informations personnelles, NdT), harceler et an\u00e9antir la vie des activistes qui osent \u00e9lever la voix contre l&rsquo;apartheid et le g\u00e9nocide isra\u00e9liens. En ce moment de l&rsquo;histoire o\u00f9 nous sommes t\u00e9moins d&rsquo;un nouvel holocauste, nos hommes politiques tiennent des <a href=\"https:\/\/www.phillyvoice.com\/penn-antisemitism-liz-magill-palestine-writes-festival-israel-hamas\/\" target=\"_blank\" rel=\"noopener\">audiences contre un festival de la litt\u00e9rature palestinienne<\/a> et contre les campus universitaires du pays qui ne s&rsquo;engagent pas activement dans le sens de l&rsquo;agenda sioniste visant \u00e0 r\u00e9duire au silence toute dissension publique. <\/span><\/p>\n<p align=\"JUSTIFY\"><span style=\"font-family: Times New Roman, serif;\"><span style=\"font-size: medium;\">\u00c0<\/span><\/span><span style=\"font-family: Times New Roman, serif;\"><span style=\"font-size: medium;\"> un moment o\u00f9 le pr\u00e9sident des \u00c9tats-Unis <a href=\"https:\/\/www.aljazeera.com\/news\/2023\/12\/30\/biden-administration-bypasses-congress-on-weapon-sales-to-israel\" target=\"_blank\" rel=\"noopener\">contourne<\/a> le Congr\u00e8s afin d&rsquo;envoyer des milliards de dollars des contribuables sous forme d&rsquo;armes, d&rsquo;argent liquide et d&rsquo;autres cadeaux \u00e0 Isra\u00ebl en train de commettre un g\u00e9nocide, le Congr\u00e8s se concentre sur <a href=\"https:\/\/www.aljazeera.com\/news\/2024\/3\/14\/why-has-the-us-passed-a-bill-to-ban-tiktok-and-whats-next\" target=\"_blank\" rel=\"noopener\">l&rsquo;interdiction de <\/a><\/span><\/span><span style=\"font-size: medium;\">TikTok parce que les jeunes connaissent et partagent trop la v\u00e9rit\u00e9. <\/span><\/p>\n<p align=\"JUSTIFY\"><span style=\"font-size: medium;\">La classe dirigeante croit qu&rsquo;elle peut r\u00e9primer l&rsquo;impulsion morale du public mondial \u00e0 l&rsquo;aide de ces habituels m\u00e9canismes de r\u00e9pression et de contr\u00f4le d&rsquo;acc\u00e8s. Le Parti d\u00e9mocrate compte sur sa base pour se mettre en ligne avec la menace d&rsquo;une nouvelle \u00e8re Trump. <\/span><\/p>\n<p align=\"JUSTIFY\"><span style=\"font-size: medium;\">En fin de compte, nous avons le pouvoir de lib\u00e9rer nos esprits emprisonn\u00e9s de leur propagande ; des cha\u00eenes d&rsquo;un syst\u00e8me bipartite ; d&rsquo;un gouvernement absolument antid\u00e9mocratique qui r\u00e9pond \u00e0 une minorit\u00e9 nantie, et non aux masses, dont l&rsquo;\u00e9crasante majorit\u00e9 veut un cessez-le-feu ; et des divisions bien pratiques qu&rsquo;ils nous imposent. <\/span><\/p>\n<p align=\"JUSTIFY\"><span style=\"font-size: medium;\">Nous avons le pouvoir de cr\u00e9er le monde que nous voulons, un monde o\u00f9 notre gouvernement servira le bien-\u00eatre de la nation et non les ambitions gourmandes d&rsquo;un petit nombre. <\/span><\/p>\n<p align=\"JUSTIFY\"><span style=\"font-size: medium;\">Nous avons le pouvoir de choisir la moralit\u00e9 au lieu de nous laisser une fois de plus acculer dans le syst\u00e8me binaire de Joe Biden et Donald Trump, deux saveurs d&rsquo;oppression d&rsquo;hommes blancs, la premi\u00e8re constituant ni plus ni moins qu&rsquo;un g\u00e9nocide.<\/span><\/p>\n<p align=\"JUSTIFY\"><span style=\"font-size: medium;\">Permettre \u00e0 Biden d&rsquo;accomplir un autre mandat va mettre en lumi\u00e8re la mis\u00e8re morale et l&rsquo;impuissance tragique du peuple am\u00e9ricain \u00e0 faire valoir un minimum d&rsquo;objection \u00e0 un holocauste en cours. Un second mandat pour Biden montrera clairement que la classe dirigeante peut nous faire, \u00e0 nous et au monde, tout ce qu&rsquo;elle veut, qu&rsquo;importe \u00e0 quel point ce sera vil ou destructeur, et que nous resterons les esclaves des choix qu&rsquo;elle nous concocte \u00e0 chaque \u00e9lection. <\/span><\/p>\n<p align=\"JUSTIFY\"><span style=\"font-size: medium;\">C&rsquo;est notre monde et nous pouvons reprendre les r\u00eanes de notre destin\u00e9e collective. Nous pouvons opter pour la vie. <\/span><\/p>\n<p align=\"JUSTIFY\"><span style=\"font-size: medium;\">Nous pouvons choisir de nous d\u00e9placer en douceur sur notre plan\u00e8te tortur\u00e9e ; de rejeter leurs interminables guerres ; de d\u00e9tourner nos deniers publics du un pour cent des plus riches vers notre bien-\u00eatre collectif et vers notre qualit\u00e9 de vie \u00e0 tous ; de donner des moyens \u00e0 nos jeunes, de cr\u00e9er une communaut\u00e9 et d&rsquo;avoir foi les uns dans les autres ; de d\u00e9manteler les infrastructures qui nous tiennent ignorants et divis\u00e9s.<\/span><\/p>\n<p align=\"JUSTIFY\"><span style=\"font-size: medium;\">Le monde que nous voulons est possible et il commence en agissant d\u00e8s maintenant pour un futur \u00e0 long terme, m\u00eame si cela signifie une douleur \u00e0 court terme pour les quatre ann\u00e9es \u00e0 venir. Faire en sorte que la dissension morale prenne le dessus signifie une perte d\u00e9finitive pour le Parti d\u00e9mocrate, quelle que soit l&rsquo;alternative. <\/span><\/p>\n<p align=\"JUSTIFY\"><span style=\"font-size: medium;\">Encourager les alternatives d&rsquo;un tiers parti constituerait un effet secondaire on ne peut plus bienvenu, en politique \u00e9lectorale. <\/span><\/p>\n<p style=\"text-align: center;\" align=\"JUSTIFY\"><span style=\"font-size: medium;\">*****<\/span><\/p>\n<p align=\"JUSTIFY\"><a href=\"https:\/\/charleroi-pourlapalestine.be\/index.php\/tag\/susan-abulhawa\/\"><strong><span style=\"font-size: medium;\">Susan Abulhawa<\/span><\/strong><\/a><span style=\"font-size: medium;\"> est \u00e9crivaine et activiste. Elle est la fondatrice et la directrice du <\/span><em><span style=\"font-size: medium;\">Palestine Writes Literature Festival.<\/span><\/em><\/p>\n<p><strong><img loading=\"lazy\" decoding=\"async\" class=\"wp-image-16514 size-thumbnail alignleft\" src=\"https:\/\/charleroi-pourlapalestine.be\/wp-content\/uploads\/2020\/08\/susan-abulhawa-150x150.jpg\" alt=\"\" width=\"150\" height=\"150\">Susan Abulhawa<\/strong> est n\u00e9e en 1967 en <strong>Palestine<\/strong>, de parents r\u00e9fugi\u00e9s de la guerre des Six-Jours.<\/p>\n<p>\u00c9lev\u00e9e en partie au <strong>Kowe\u00eft<\/strong>, en <strong>Jordanie<\/strong> et dans la partie occup\u00e9e de <strong>J\u00e9rusalem-Est<\/strong>, elle vit maintenant aux <strong>\u00c9tats-Unis<\/strong>.<\/p>\n<p><strong>Susan Abulhawa<\/strong> est l\u2019auteur de <em><strong>\u00ab Les Matins de J\u00e9nine \u00bb<\/strong><\/em> (\u00e9dit\u00e9 en fran\u00e7ais chez Buchet-Chastel en 2008), qui a remport\u00e9 le <em>Best Book Award 2007<\/em> dans la cat\u00e9gorie Fiction historique.<\/p>\n<p>Elle est commentatrice politique, activiste pour les droits humains et fondatrice d\u2019une organisation internationale pour la d\u00e9fense des enfants.<\/p>\n<p>Son premier recueil de po\u00e9sie <strong><em>\u00ab My voice sought the wind \u00bb<\/em><\/strong> est publi\u00e9 en 2013 chez Just World Books.<\/p>\n<p>Sa deuxi\u00e8me publication en fran\u00e7ais,<strong> \u00ab&nbsp;<em>Le Bleu entre le ciel et la mer&nbsp;\u00bb<\/em> <\/strong>(\u00ab The Blue between Sky and Water \u00bb), est \u00e9dit\u00e9 chez Deno\u00ebl, en 2016.<\/p>\n<p>Son dernier roman s\u2019appelle <em><strong>Against the Loveless World. Bloomsbury <\/strong><\/em>et est \u00e9dit\u00e9 chez Bloomsburry, Londres, en 2020<em><strong><br \/>\n<\/strong><\/em><\/p>\n<p>Vous trouverez <strong><a href=\"https:\/\/charleroi-pourlapalestine.be\/index.php\/tag\/susan-abulhawa\/page\/2\/\">ICI d\u2019autres articles<\/a><\/strong> de ou concernant Susan Abulhawa, publi\u00e9s sur ce site<\/p>\n<p align=\"JUSTIFY\">&nbsp;<\/p>\n","protected":false},"excerpt":{"rendered":"<p>Nous avons le pouvoir de cr\u00e9er le monde que nous voulons, un monde o\u00f9 notre gouvernement servira le bien-\u00eatre de la nation et non les ambitions gourmandes d&rsquo;un petit nombre.<\/p>\n","protected":false},"author":1,"featured_media":0,"comment_status":"closed","ping_status":"closed","sticky":false,"template":"","format":"standard","meta":{"ngg_post_thumbnail":0,"footnotes":""},"categories":[52,926,344,162],"tags":[],"class_list":["post-69703","post","type-post","status-publish","format-standard","hentry","category-la-cour-penale-internationale","category-gaza-2","category-genocide","category-medias"],"yoast_head":"<!-- This site is optimized with the Yoast SEO plugin v27.3 - https:\/\/yoast.com\/product\/yoast-seo-wordpress\/ -->\n<title>Rejetez Biden et construisez un monde meilleur<\/title>\n<meta name=\"description\" content=\"C&#039;est notre monde et nous pouvons reprendre les r\u00eanes de notre destin\u00e9e collective. Nous pouvons opter pour la vie.\" \/>\n<meta name=\"robots\" content=\"index, follow, max-snippet:-1, max-image-preview:large, max-video-preview:-1\" \/>\n<link rel=\"canonical\" href=\"https:\/\/charleroi-pourlapalestine.be\/index.php\/2024\/03\/18\/rejetez-biden-et-construisez-un-monde-meilleur\/\" \/>\n<script type=\"application\/ld+json\" class=\"yoast-schema-graph\">{\"@context\":\"https:\\\/\\\/schema.org\",\"@graph\":[{\"@type\":\"Article\",\"@id\":\"https:\\\/\\\/charleroi-pourlapalestine.be\\\/index.php\\\/2024\\\/03\\\/18\\\/rejetez-biden-et-construisez-un-monde-meilleur\\\/#article\",\"isPartOf\":{\"@id\":\"https:\\\/\\\/charleroi-pourlapalestine.be\\\/index.php\\\/2024\\\/03\\\/18\\\/rejetez-biden-et-construisez-un-monde-meilleur\\\/\"},\"author\":{\"name\":\"admin1873\",\"@id\":\"https:\\\/\\\/charleroi-pourlapalestine.be\\\/#\\\/schema\\\/person\\\/c19ff515112f1299d8c12671d8fe3faa\"},\"headline\":\"Rejetez Biden et construisez un monde meilleur\",\"datePublished\":\"2024-03-18T18:11:25+00:00\",\"dateModified\":\"2024-03-19T07:57:26+00:00\",\"mainEntityOfPage\":{\"@id\":\"https:\\\/\\\/charleroi-pourlapalestine.be\\\/index.php\\\/2024\\\/03\\\/18\\\/rejetez-biden-et-construisez-un-monde-meilleur\\\/\"},\"wordCount\":1756,\"publisher\":{\"@id\":\"https:\\\/\\\/charleroi-pourlapalestine.be\\\/#organization\"},\"image\":{\"@id\":\"https:\\\/\\\/charleroi-pourlapalestine.be\\\/index.php\\\/2024\\\/03\\\/18\\\/rejetez-biden-et-construisez-un-monde-meilleur\\\/#primaryimage\"},\"thumbnailUrl\":\"https:\\\/\\\/charleroi-pourlapalestine.be\\\/wp-content\\\/uploads\\\/2024\\\/03\\\/Biden-e1710780699960.png\",\"articleSection\":[\"Etats-Unis\",\"Gaza\",\"G\u00e9nocide\",\"M\u00e9dias\"],\"inLanguage\":\"fr-FR\"},{\"@type\":\"WebPage\",\"@id\":\"https:\\\/\\\/charleroi-pourlapalestine.be\\\/index.php\\\/2024\\\/03\\\/18\\\/rejetez-biden-et-construisez-un-monde-meilleur\\\/\",\"url\":\"https:\\\/\\\/charleroi-pourlapalestine.be\\\/index.php\\\/2024\\\/03\\\/18\\\/rejetez-biden-et-construisez-un-monde-meilleur\\\/\",\"name\":\"Rejetez Biden et construisez un monde meilleur\",\"isPartOf\":{\"@id\":\"https:\\\/\\\/charleroi-pourlapalestine.be\\\/#website\"},\"primaryImageOfPage\":{\"@id\":\"https:\\\/\\\/charleroi-pourlapalestine.be\\\/index.php\\\/2024\\\/03\\\/18\\\/rejetez-biden-et-construisez-un-monde-meilleur\\\/#primaryimage\"},\"image\":{\"@id\":\"https:\\\/\\\/charleroi-pourlapalestine.be\\\/index.php\\\/2024\\\/03\\\/18\\\/rejetez-biden-et-construisez-un-monde-meilleur\\\/#primaryimage\"},\"thumbnailUrl\":\"https:\\\/\\\/charleroi-pourlapalestine.be\\\/wp-content\\\/uploads\\\/2024\\\/03\\\/Biden-e1710780699960.png\",\"datePublished\":\"2024-03-18T18:11:25+00:00\",\"dateModified\":\"2024-03-19T07:57:26+00:00\",\"description\":\"C'est notre monde et nous pouvons reprendre les r\u00eanes de notre destin\u00e9e collective. Nous pouvons opter pour la vie.\",\"breadcrumb\":{\"@id\":\"https:\\\/\\\/charleroi-pourlapalestine.be\\\/index.php\\\/2024\\\/03\\\/18\\\/rejetez-biden-et-construisez-un-monde-meilleur\\\/#breadcrumb\"},\"inLanguage\":\"fr-FR\",\"potentialAction\":[{\"@type\":\"ReadAction\",\"target\":[\"https:\\\/\\\/charleroi-pourlapalestine.be\\\/index.php\\\/2024\\\/03\\\/18\\\/rejetez-biden-et-construisez-un-monde-meilleur\\\/\"]}]},{\"@type\":\"ImageObject\",\"inLanguage\":\"fr-FR\",\"@id\":\"https:\\\/\\\/charleroi-pourlapalestine.be\\\/index.php\\\/2024\\\/03\\\/18\\\/rejetez-biden-et-construisez-un-monde-meilleur\\\/#primaryimage\",\"url\":\"\",\"contentUrl\":\"\"},{\"@type\":\"BreadcrumbList\",\"@id\":\"https:\\\/\\\/charleroi-pourlapalestine.be\\\/index.php\\\/2024\\\/03\\\/18\\\/rejetez-biden-et-construisez-un-monde-meilleur\\\/#breadcrumb\",\"itemListElement\":[{\"@type\":\"ListItem\",\"position\":1,\"name\":\"Accueil\",\"item\":\"https:\\\/\\\/charleroi-pourlapalestine.be\\\/\"},{\"@type\":\"ListItem\",\"position\":2,\"name\":\"Rejetez Biden et construisez un monde meilleur\"}]},{\"@type\":\"WebSite\",\"@id\":\"https:\\\/\\\/charleroi-pourlapalestine.be\\\/#website\",\"url\":\"https:\\\/\\\/charleroi-pourlapalestine.be\\\/\",\"name\":\"Charleroi Pour la Palestine\",\"description\":\"\",\"publisher\":{\"@id\":\"https:\\\/\\\/charleroi-pourlapalestine.be\\\/#organization\"},\"potentialAction\":[{\"@type\":\"SearchAction\",\"target\":{\"@type\":\"EntryPoint\",\"urlTemplate\":\"https:\\\/\\\/charleroi-pourlapalestine.be\\\/?s={search_term_string}\"},\"query-input\":{\"@type\":\"PropertyValueSpecification\",\"valueRequired\":true,\"valueName\":\"search_term_string\"}}],\"inLanguage\":\"fr-FR\"},{\"@type\":\"Organization\",\"@id\":\"https:\\\/\\\/charleroi-pourlapalestine.be\\\/#organization\",\"name\":\"Plate-forme Charleroi-Palestine\",\"url\":\"https:\\\/\\\/charleroi-pourlapalestine.be\\\/\",\"logo\":{\"@type\":\"ImageObject\",\"inLanguage\":\"fr-FR\",\"@id\":\"https:\\\/\\\/charleroi-pourlapalestine.be\\\/#\\\/schema\\\/logo\\\/image\\\/\",\"url\":\"https:\\\/\\\/charleroi-pourlapalestine.be\\\/wp-content\\\/uploads\\\/2020\\\/01\\\/logo-Copy.jpg\",\"contentUrl\":\"https:\\\/\\\/charleroi-pourlapalestine.be\\\/wp-content\\\/uploads\\\/2020\\\/01\\\/logo-Copy.jpg\",\"width\":180,\"height\":180,\"caption\":\"Plate-forme Charleroi-Palestine\"},\"image\":{\"@id\":\"https:\\\/\\\/charleroi-pourlapalestine.be\\\/#\\\/schema\\\/logo\\\/image\\\/\"},\"sameAs\":[\"https:\\\/\\\/www.facebook.com\\\/PlateformeCharleroiPalestine\\\/\",\"https:\\\/\\\/x.com\\\/LaCharleroi\"]},{\"@type\":\"Person\",\"@id\":\"https:\\\/\\\/charleroi-pourlapalestine.be\\\/#\\\/schema\\\/person\\\/c19ff515112f1299d8c12671d8fe3faa\",\"name\":\"admin1873\",\"url\":\"https:\\\/\\\/charleroi-pourlapalestine.be\\\/index.php\\\/author\\\/admin1873\\\/\"}]}<\/script>\n<!-- \/ Yoast SEO plugin. -->","yoast_head_json":{"title":"Rejetez Biden et construisez un monde meilleur","description":"C'est notre monde et nous pouvons reprendre les r\u00eanes de notre destin\u00e9e collective. Nous pouvons opter pour la vie.","robots":{"index":"index","follow":"follow","max-snippet":"max-snippet:-1","max-image-preview":"max-image-preview:large","max-video-preview":"max-video-preview:-1"},"canonical":"https:\/\/charleroi-pourlapalestine.be\/index.php\/2024\/03\/18\/rejetez-biden-et-construisez-un-monde-meilleur\/","schema":{"@context":"https:\/\/schema.org","@graph":[{"@type":"Article","@id":"https:\/\/charleroi-pourlapalestine.be\/index.php\/2024\/03\/18\/rejetez-biden-et-construisez-un-monde-meilleur\/#article","isPartOf":{"@id":"https:\/\/charleroi-pourlapalestine.be\/index.php\/2024\/03\/18\/rejetez-biden-et-construisez-un-monde-meilleur\/"},"author":{"name":"admin1873","@id":"https:\/\/charleroi-pourlapalestine.be\/#\/schema\/person\/c19ff515112f1299d8c12671d8fe3faa"},"headline":"Rejetez Biden et construisez un monde meilleur","datePublished":"2024-03-18T18:11:25+00:00","dateModified":"2024-03-19T07:57:26+00:00","mainEntityOfPage":{"@id":"https:\/\/charleroi-pourlapalestine.be\/index.php\/2024\/03\/18\/rejetez-biden-et-construisez-un-monde-meilleur\/"},"wordCount":1756,"publisher":{"@id":"https:\/\/charleroi-pourlapalestine.be\/#organization"},"image":{"@id":"https:\/\/charleroi-pourlapalestine.be\/index.php\/2024\/03\/18\/rejetez-biden-et-construisez-un-monde-meilleur\/#primaryimage"},"thumbnailUrl":"https:\/\/charleroi-pourlapalestine.be\/wp-content\/uploads\/2024\/03\/Biden-e1710780699960.png","articleSection":["Etats-Unis","Gaza","G\u00e9nocide","M\u00e9dias"],"inLanguage":"fr-FR"},{"@type":"WebPage","@id":"https:\/\/charleroi-pourlapalestine.be\/index.php\/2024\/03\/18\/rejetez-biden-et-construisez-un-monde-meilleur\/","url":"https:\/\/charleroi-pourlapalestine.be\/index.php\/2024\/03\/18\/rejetez-biden-et-construisez-un-monde-meilleur\/","name":"Rejetez Biden et construisez un monde meilleur","isPartOf":{"@id":"https:\/\/charleroi-pourlapalestine.be\/#website"},"primaryImageOfPage":{"@id":"https:\/\/charleroi-pourlapalestine.be\/index.php\/2024\/03\/18\/rejetez-biden-et-construisez-un-monde-meilleur\/#primaryimage"},"image":{"@id":"https:\/\/charleroi-pourlapalestine.be\/index.php\/2024\/03\/18\/rejetez-biden-et-construisez-un-monde-meilleur\/#primaryimage"},"thumbnailUrl":"https:\/\/charleroi-pourlapalestine.be\/wp-content\/uploads\/2024\/03\/Biden-e1710780699960.png","datePublished":"2024-03-18T18:11:25+00:00","dateModified":"2024-03-19T07:57:26+00:00","description":"C'est notre monde et nous pouvons reprendre les r\u00eanes de notre destin\u00e9e collective. Nous pouvons opter pour la vie.","breadcrumb":{"@id":"https:\/\/charleroi-pourlapalestine.be\/index.php\/2024\/03\/18\/rejetez-biden-et-construisez-un-monde-meilleur\/#breadcrumb"},"inLanguage":"fr-FR","potentialAction":[{"@type":"ReadAction","target":["https:\/\/charleroi-pourlapalestine.be\/index.php\/2024\/03\/18\/rejetez-biden-et-construisez-un-monde-meilleur\/"]}]},{"@type":"ImageObject","inLanguage":"fr-FR","@id":"https:\/\/charleroi-pourlapalestine.be\/index.php\/2024\/03\/18\/rejetez-biden-et-construisez-un-monde-meilleur\/#primaryimage","url":"","contentUrl":""},{"@type":"BreadcrumbList","@id":"https:\/\/charleroi-pourlapalestine.be\/index.php\/2024\/03\/18\/rejetez-biden-et-construisez-un-monde-meilleur\/#breadcrumb","itemListElement":[{"@type":"ListItem","position":1,"name":"Accueil","item":"https:\/\/charleroi-pourlapalestine.be\/"},{"@type":"ListItem","position":2,"name":"Rejetez Biden et construisez un monde meilleur"}]},{"@type":"WebSite","@id":"https:\/\/charleroi-pourlapalestine.be\/#website","url":"https:\/\/charleroi-pourlapalestine.be\/","name":"Charleroi Pour la Palestine","description":"","publisher":{"@id":"https:\/\/charleroi-pourlapalestine.be\/#organization"},"potentialAction":[{"@type":"SearchAction","target":{"@type":"EntryPoint","urlTemplate":"https:\/\/charleroi-pourlapalestine.be\/?s={search_term_string}"},"query-input":{"@type":"PropertyValueSpecification","valueRequired":true,"valueName":"search_term_string"}}],"inLanguage":"fr-FR"},{"@type":"Organization","@id":"https:\/\/charleroi-pourlapalestine.be\/#organization","name":"Plate-forme Charleroi-Palestine","url":"https:\/\/charleroi-pourlapalestine.be\/","logo":{"@type":"ImageObject","inLanguage":"fr-FR","@id":"https:\/\/charleroi-pourlapalestine.be\/#\/schema\/logo\/image\/","url":"https:\/\/charleroi-pourlapalestine.be\/wp-content\/uploads\/2020\/01\/logo-Copy.jpg","contentUrl":"https:\/\/charleroi-pourlapalestine.be\/wp-content\/uploads\/2020\/01\/logo-Copy.jpg","width":180,"height":180,"caption":"Plate-forme Charleroi-Palestine"},"image":{"@id":"https:\/\/charleroi-pourlapalestine.be\/#\/schema\/logo\/image\/"},"sameAs":["https:\/\/www.facebook.com\/PlateformeCharleroiPalestine\/","https:\/\/x.com\/LaCharleroi"]},{"@type":"Person","@id":"https:\/\/charleroi-pourlapalestine.be\/#\/schema\/person\/c19ff515112f1299d8c12671d8fe3faa","name":"admin1873","url":"https:\/\/charleroi-pourlapalestine.be\/index.php\/author\/admin1873\/"}]}},"_links":{"self":[{"href":"https:\/\/charleroi-pourlapalestine.be\/index.php\/wp-json\/wp\/v2\/posts\/69703","targetHints":{"allow":["GET"]}}],"collection":[{"href":"https:\/\/charleroi-pourlapalestine.be\/index.php\/wp-json\/wp\/v2\/posts"}],"about":[{"href":"https:\/\/charleroi-pourlapalestine.be\/index.php\/wp-json\/wp\/v2\/types\/post"}],"author":[{"embeddable":true,"href":"https:\/\/charleroi-pourlapalestine.be\/index.php\/wp-json\/wp\/v2\/users\/1"}],"replies":[{"embeddable":true,"href":"https:\/\/charleroi-pourlapalestine.be\/index.php\/wp-json\/wp\/v2\/comments?post=69703"}],"version-history":[{"count":0,"href":"https:\/\/charleroi-pourlapalestine.be\/index.php\/wp-json\/wp\/v2\/posts\/69703\/revisions"}],"wp:attachment":[{"href":"https:\/\/charleroi-pourlapalestine.be\/index.php\/wp-json\/wp\/v2\/media?parent=69703"}],"wp:term":[{"taxonomy":"category","embeddable":true,"href":"https:\/\/charleroi-pourlapalestine.be\/index.php\/wp-json\/wp\/v2\/categories?post=69703"},{"taxonomy":"post_tag","embeddable":true,"href":"https:\/\/charleroi-pourlapalestine.be\/index.php\/wp-json\/wp\/v2\/tags?post=69703"}],"curies":[{"name":"wp","href":"https:\/\/api.w.org\/{rel}","templated":true}]}}