{"id":71033,"date":"2024-04-23T12:01:00","date_gmt":"2024-04-23T10:01:00","guid":{"rendered":"https:\/\/charleroi-pourlapalestine.be\/?p=71033"},"modified":"2024-04-24T12:27:42","modified_gmt":"2024-04-24T10:27:42","slug":"le-tribunal-ordonne-la-liberation-de-lintellectuelle-feministe-palestinienne-nadera-shalhoub-kevorkian","status":"publish","type":"post","link":"https:\/\/charleroi-pourlapalestine.be\/index.php\/2024\/04\/23\/le-tribunal-ordonne-la-liberation-de-lintellectuelle-feministe-palestinienne-nadera-shalhoub-kevorkian\/","title":{"rendered":"Le tribunal ordonne la lib\u00e9ration de l&rsquo;intellectuelle f\u00e9ministe palestinienne Nadera Shalhoub-Kevorkian"},"content":{"rendered":"<p>Vendredi, un tribunal isra\u00e9lien a ordonn\u00e9 la lib\u00e9ration de Nadera Shalhoub-Kevorkian, une intellectuelle f\u00e9ministe palestinienne de grand renom, apr\u00e8s son arrestation la veille \u00e0 son domicile dans la Vieille Ville de J\u00e9rusalem.<\/p>\n<p>&nbsp;<\/p>\n<div id=\"attachment_71035\" style=\"width: 1026px\" class=\"wp-caption aligncenter\"><img loading=\"lazy\" decoding=\"async\" aria-describedby=\"caption-attachment-71035\" class=\"wp-image-71035 size-full\" src=\"https:\/\/charleroi-pourlapalestine.be\/wp-content\/uploads\/2024\/04\/Nadera-Shalhoub-Kevorkian.png\" alt=\"L'intellectuelle f\u00e9ministe palestinienne Nadera Shalhoub-Kevorkian\" width=\"1016\" height=\"576\"><p id=\"caption-attachment-71035\" class=\"wp-caption-text\"><strong>Nadera Shalhoub-Kevorkian<\/strong><\/p><\/div>\n<p>&nbsp;<br \/>\n<strong>Maureen Clare Murphy<\/strong>, 20 avril 2024<\/p>\n<p>&nbsp;<\/p>\n<p>Mme <strong>Shalhoub-Kevorkian<\/strong>, professeure \u00e0 la facult\u00e9 de droit de l&rsquo;Universit\u00e9 h\u00e9bra\u00efque de J\u00e9rusalem, a \u00e9t\u00e9 rel\u00e2ch\u00e9e par le tribunal, <em>\u00ab \u00e0 condition d&rsquo;assister \u00e0 un interrogatoire et de signer une garantie financi\u00e8re \u00bb<\/em>, d\u00e9clare <strong>Adalah<\/strong>, une organisation de d\u00e9fense des droits des Palestiniens en Isra\u00ebl.<\/p>\n<p>Les autorit\u00e9s isra\u00e9liennes, rapporte-t-on, ont accus\u00e9 Mme Shalhoub-Kevorkian, une Palestinienne de <strong>Ha\u00effa<\/strong> poss\u00e9dant la citoyennet\u00e9 isra\u00e9lienne, d&rsquo;incitation au terrorisme dans des commentaires qu&rsquo;elle a \u00e9mis lors d&rsquo;une interview r\u00e9alis\u00e9e dans le podcast de <em>Makdisi Street.<\/em><\/p>\n<p>La police a pr\u00e9tendu que Mme Shalhoub-Kevorkian s&rsquo;\u00e9tait engag\u00e9e dans<\/p>\n<blockquote><p>\u00ab de graves incitations contre l&rsquo;\u00c9tat d&rsquo;Isra\u00ebl en se livrant \u00e0 des d\u00e9clarations contre le sionisme et en allant jusqu&rsquo;\u00e0 pr\u00e9tendre qu&rsquo;Isra\u00ebl commettait un g\u00e9nocide dans la bande de Gaza \u00bb.<\/p><\/blockquote>\n<p>La police, qui d\u00e9pend de l&rsquo;autorit\u00e9 du ministre d&rsquo;extr\u00eame droite de la s\u00e9curit\u00e9 nationale, <strong>Itamar Ben-Gvir,<\/strong> a fait remarquer <em>\u00ab l&rsquo;influence significative<\/em> \u00bb de Mme Shalhoub-Kevorkian et a d\u00e9clar\u00e9 qu&rsquo;elle avait par ailleurs trouv\u00e9 \u00e0 son domicile des affiches \u00ab <em>pr\u00e9sentant les FDI comme une arm\u00e9e d&rsquo;occupation<\/em> \u00bb.<\/p>\n<p>Au cours d&rsquo;une br\u00e8ve audience, l&rsquo;avocat de l&rsquo;\u00c9tat a cit\u00e9, comme exemples de la nature dangereuse de la professeure, ses descriptions du recours par Isra\u00ebl \u00e0 la violence meurtri\u00e8re contre les Palestiniens et de la r\u00e9tention, toujours par Isra\u00ebl, des corps des Palestiniens abattus, lesquels ne sont restitu\u00e9s \u00e0 leurs familles que dans un \u00e9tat de d\u00e9gradation.<\/p>\n<p>L&rsquo;avocat de l&rsquo;\u00c9tat a \u00e9galement \u00e9veill\u00e9 les soup\u00e7ons que Mme Shalhoub-Kevorkian ait des liens avec <strong>Defense for Children International \u2013 Palestine (DCI-P),<\/strong> une organisation palestinienne des droits humains qui jouit d&rsquo;un grand respect et qui, en compagnie de plusieurs autres organisations du m\u00eame genre engag\u00e9es dans le soutien international, a \u00e9t\u00e9 d\u00e9sign\u00e9e comme<em> \u00ab terroriste \u00bb<\/em> par Isra\u00ebl.<\/p>\n<blockquote class=\"twitter-tweet\" data-width=\"500\" data-dnt=\"true\">\n<p lang=\"en\" dir=\"ltr\">Take few minutes to read the transcript of the magistrate court hearing. You will hopefully understand why this baseless, racist and politically motivated investigation should immediately be closed. <a href=\"https:\/\/t.co\/lprd8fLJIg\">https:\/\/t.co\/lprd8fLJIg<\/a><\/p>\n<p>&mdash; Jamil Dakwar (@jdakwar) <a href=\"https:\/\/twitter.com\/jdakwar\/status\/1781410846821745048?ref_src=twsrc%5Etfw\">April 19, 2024<\/a><\/p><\/blockquote>\n<p><script async src=\"https:\/\/platform.twitter.com\/widgets.js\" charset=\"utf-8\"><\/script><\/p>\n<p>&nbsp;<\/p>\n<p>Au cours de l&rsquo;arrestation, toujours selon Adalah, la police a confisqu\u00e9<\/p>\n<blockquote><p>\u00ab le t\u00e9l\u00e9phone mobile de l&rsquo;intellectuelle f\u00e9ministe, son ordinateur, des documents et des livres du po\u00e8te palestinien Mahmoud Darwich \u00bb.<\/p><\/blockquote>\n<p>Apr\u00e8s qu&rsquo;un magistrat du tribunal a ordonn\u00e9 la lib\u00e9ration de Mme Shalhoub-Kevorkian,<\/p>\n<blockquote><p>\u00ab ne voyant aucune justification aux all\u00e9gations disant qu&rsquo;elle constitue un danger et qu&rsquo;elle devrait rester en d\u00e9tention \u00bb,<\/p><\/blockquote>\n<p>la d\u00e9cision a \u00e9t\u00e9 confirm\u00e9e par un tribunal de district qui a rejet\u00e9 un appel de la police, a encore fait savoir Adalah.<\/p>\n<h3>\nLa criminalisation des critiques envers le sionisme<\/h3>\n<p>Adalah a d\u00e9clar\u00e9 vendredi que<\/p>\n<blockquote><p>\u00ab les arguments de la police montrent clairement que l&rsquo;arrestation de la professeure Shalhoub-Kevorkian est ill\u00e9gale, qu&rsquo;elle cible ses recherches, son travail universitaire et ses opinions critiques \u00e0 l&rsquo;\u00e9gard d&rsquo;Isra\u00ebl lors des forums internationaux \u00bb.<\/p><\/blockquote>\n<p>Me Hassan Jabareen, l&rsquo;avocat de la professeure, a d\u00e9clar\u00e9 que Mme Shalhoub-Kevorkian avait \u00e9t\u00e9 interrog\u00e9e sur les travaux universitaires qu&rsquo;elle avait publi\u00e9s.<\/p>\n<p>Me Jabareen<\/p>\n<blockquote><p>\u00ab a dit que c&rsquo;\u00e9tait la premi\u00e8re fois qu&rsquo;en Isra\u00ebl un universitaire \u00e9tait interrog\u00e9 \u00e0 propos de la publication d&rsquo;un article universitaire et qu&rsquo;il s&rsquo;agissait en fait d&rsquo;anciens articles que l&rsquo;on enseignait depuis des ann\u00e9es \u00bb<\/p><\/blockquote>\n<p>a rapport\u00e9 Haaretz, le quotidien de Tel-Aviv.<\/p>\n<p>La transcription de l&rsquo;audience de la cour du magistrat, ce vendredi, r\u00e9v\u00e8le que Me Jabareen a \u00e9galement d\u00e9clar\u00e9 que c&rsquo;\u00e9tait<\/p>\n<blockquote><p>\u00ab la premi\u00e8re fois en vingt-cinq ans que la police isra\u00e9lienne compara\u00eet devant un tribunal et propose comme l&rsquo;un des motifs d&rsquo;arrestation le fait que l&rsquo;accus\u00e9e critique s\u00e9v\u00e8rement le sionisme \u00bb.<\/p><\/blockquote>\n<p>Et d&rsquo;ajouter que<\/p>\n<blockquote><p>\u00ab c&rsquo;est \u00e9galement la premi\u00e8re fois que nous entendons, depuis la d\u00e9cision [de la Cour internationale de Justice] autour de la question de g\u00e9nocide, la police pr\u00e9tendre devant la cour m\u00eame que les critiques en mati\u00e8re de g\u00e9nocide constituent des motifs d&rsquo;arrestation \u00bb.<\/p><\/blockquote>\n<h3>La peur et la violence<\/h3>\n<p>Au cours de l&rsquo;interview de 90 minutes sur<em> Makdisi Street<\/em> publi\u00e9e d\u00e9but mars et que l&rsquo;on peut visionner ci-dessus, Mme Shalhoub-Kevorkian d\u00e9crit l&rsquo;atmosph\u00e8re lourde de r\u00e9pression coloniale s\u00e9v\u00e8re qui \u00e9touffe les Palestiniens de J\u00e9rusalem, y compris dans le quartier arm\u00e9nien de la Vieille Ville o\u00f9 elle vit.<\/p>\n<p><strong><br \/>\nVid\u00e9o : <em>\u00ab Il y a tant d&rsquo;amour en Palestine&#8230; \u00bb<\/em><\/strong><\/p>\n<p>&nbsp;<\/p>\n<div class=\"video-container\"><iframe loading=\"lazy\" title=\"\u201cThere is so much love in Palestine&quot; w\/ Nadera Shalhoub-Kevorkian\" width=\"500\" height=\"281\" src=\"https:\/\/www.youtube.com\/embed\/cw3Y-6GqytM?start=784&#038;feature=oembed&#038;wmode=opaque\" frameborder=\"0\" allow=\"accelerometer; autoplay; clipboard-write; encrypted-media; gyroscope; picture-in-picture; web-share\" referrerpolicy=\"strict-origin-when-cross-origin\" allowfullscreen><\/iframe><\/div>\n<p>&nbsp;<\/p>\n<p>Elle discute \u00e9galement de la fa\u00e7on dont des corps palestiniens ont \u00e9t\u00e9 pulv\u00e9ris\u00e9s par milliers dans le m\u00eame temps que le pr\u00e9sident am\u00e9ricain Joe Biden r\u00e9p\u00e9tait les mensonges \u00e0 propos des b\u00e9b\u00e9s isra\u00e9liens d\u00e9capit\u00e9s \u2013 la propagande des atrocit\u00e9s utilis\u00e9e pour fabriquer de toutes pi\u00e8ces un consentement \u00e0 la violence isra\u00e9lienne \u00e0 Gaza.<\/p>\n<p>Elle fait reposer ses commentaires sur l&rsquo;opposition \u00e0 la violence contre les femmes et les enfants qu&rsquo;elle exprime en d\u00e9fendant la cause de la Palestine.<\/p>\n<blockquote><p>\u00ab Comprenez-moi bien (&#8230;) je m&rsquo;adressais \u00e0 tous mes amis en disant <em>&lsquo;pas en mon nom<\/em>&lsquo; \u00bb,<\/p><\/blockquote>\n<p>explique Mme Shalhoub-Kevorkian \u00e0 propos de sa r\u00e9action aux r\u00e9cits qui ont vu le jour lors des attaques du 7 octobre.<\/p>\n<blockquote><p>\u00ab Je ne permettrai jamais \u00e0 personne de toucher un b\u00e9b\u00e9, de kidnapper un enfant, de violer une femme, ce n&rsquo;est pas en mon nom et je n&rsquo;accepterai jamais la chose en tant que Palestinienne, parce que, durant toute notre existence, nous avons lutt\u00e9 pour la dignit\u00e9, pour la vie, pour la pl\u00e9nitude de l&rsquo;\u00eatre humain, et non pas le contraire \u00bb,<\/p><\/blockquote>\n<p>dit-elle.<\/p>\n<p>Un peu plus loin dans l&rsquo;interview, elle explique pourquoi, malgr\u00e9 les destructions inflig\u00e9es \u00e0 Gaza, Isra\u00ebl n&rsquo;est pas \u00e0 ce point puissant et elle d\u00e9crit les Isra\u00e9liens qui ont un mouvement de recul de peur lorsqu&rsquo;ils l&rsquo;entendent parler arabe dans la rue.<\/p>\n<blockquote><p>\u00ab Ils devraient \u00eatre effray\u00e9s \u00bb,<\/p><\/blockquote>\n<p>dit Mme Shalhoub-Kevorkian,<\/p>\n<blockquote><p>\u00ab parce que les criminels sont toujours effray\u00e9s. Ils ne peuvent me d\u00e9poss\u00e9der de ma terre, ils ne peuvent d\u00e9placer mon peuple, ils ne peuvent tuer sans \u00e9prouver de la crainte et c&rsquo;est ainsi qu&rsquo;il vaut mieux pour eux d&rsquo;avoir peur. \u00bb<\/p>\n<p>\u00ab C&rsquo;est pourquoi ils ont peur, parce qu&rsquo;ils ne peuvent nous regarder dans les yeux \u00bb,<\/p><\/blockquote>\n<p>ajoute-t-elle.<\/p>\n<p>Ces commentaires, qui sont pr\u00e9sent\u00e9s par la police isra\u00e9lienne comme une<strong> incitation au terrorisme<\/strong>, \u00e9tablissent que la crainte des Isra\u00e9liens provient des mauvais traitements qu&rsquo;ils infligent aux Palestiniens, ce qui implique que les Isra\u00e9liens n&rsquo;obtiendront jamais la s\u00e9curit\u00e9 en violant les droits d&rsquo;un autre peuple.<\/p>\n<blockquote><p>\u00ab Le pouvoir qu&rsquo;ils d\u00e9tiennent est le pouvoir que le communaut\u00e9 mondiale leur donne \u00bb,<\/p><\/blockquote>\n<p>explique Mme Shalhoub-Kevorkian. Et d&rsquo;ajouter qu&rsquo;<em>\u00ab un mouvement politique mondial \u00bb<\/em> est n\u00e9cessaire pour faire cesser <em>\u00ab les criminels violents \u00bb<\/em> qui sont \u00e0 la t\u00eate d&rsquo;Isra\u00ebl.<\/p>\n<blockquote><p>\u00ab Qu&rsquo;on abolisse tout simplement le sionisme \u00bb,<\/p><\/blockquote>\n<p>dit-elle de l&rsquo;id\u00e9ologie d&rsquo;\u00c9tat d&rsquo;Isra\u00ebl qui active la violence g\u00e9nocidaire brisant les corps des Palestiniens \u00e0 Gaza.<\/p>\n<blockquote><p>\u00ab Cela ne peut continuer (&#8230;). C&rsquo;est criminel. Ce n&rsquo;est qu&rsquo;en abolissant le sionisme que nous pourrons continuer, c&rsquo;est ce que je vois \u00bb,<\/p><\/blockquote>\n<p>ajoute-t-elle dans des commentaires \u00e9galement cit\u00e9s par la police isra\u00e9lienne.<\/p>\n<p>Interrog\u00e9e \u00e0 propos d&rsquo;un rapport de l&rsquo;ONU sur la violence sexuelle le 7 octobre, Mme Shalhoub-Kevorkian d\u00e9clare dans l&rsquo;interview r\u00e9alis\u00e9e par Makdisi Street qu&rsquo;elle le lit comme <em>\u00ab quelque chose qui fait honte \u00e0 l&rsquo;\u00c9tat d&rsquo;Isra\u00ebl \u00bb<\/em>, parce qu&rsquo;il exploite les femmes \u00e0 des fins politiques.<\/p>\n<blockquote class=\"twitter-tweet\" data-width=\"500\" data-dnt=\"true\">\n<p lang=\"en\" dir=\"ltr\">&quot;Abuse and sexual abuse happen and it shouldn&#39;t happen. And I will never approve it. Not to Israelis nor to Palestinians and not in my name&#8230; Personally, as a feminist, I don&#39;t go and interrogate the rape victims. If a woman said she was raped, I will believe her.&quot; <a href=\"https:\/\/t.co\/RXxwcC49mU\">pic.twitter.com\/RXxwcC49mU<\/a><\/p>\n<p>&mdash; Makdisi Street (@MakdisiStreet) <a href=\"https:\/\/twitter.com\/MakdisiStreet\/status\/1781820889858032066?ref_src=twsrc%5Etfw\">April 20, 2024<\/a><\/p><\/blockquote>\n<p><script async src=\"https:\/\/platform.twitter.com\/widgets.js\" charset=\"utf-8\"><\/script><\/p>\n<p>&nbsp;<\/p>\n<p>Elle explique que la violence sexuelle contre les femmes <em>\u00ab a toujours lieu en temps de guerre \u00bb<\/em> et <em>\u00ab ne devrait pas se produire \u00bb.<\/em><\/p>\n<p>Elle d\u00e9clare que la question est de savoir si Isra\u00ebl permet la collecte appropri\u00e9e de preuves et elle fait remarquer l&rsquo;absence du moindre t\u00e9moignage de femmes disant qu&rsquo;elles ont \u00e9t\u00e9 viol\u00e9es le 7 octobre.<\/p>\n<blockquote><p>\u00ab S&rsquo;il y a eu de la violence sexuelle, ce n&rsquo;a pas \u00e9t\u00e9 en mon nom, et si cela n&rsquo;a pas eu lieu, honte \u00e0 l&rsquo;\u00c9tat qui utilise les corps et la sexualit\u00e9 des femmes pour promouvoir ses agendas politiques \u00bb,<\/p><\/blockquote>\n<p>dit encore Mme Shalhoub-Kevorkian.<\/p>\n<h3>&nbsp;<\/h3>\n<h3>Isra\u00ebl bloque les enqu\u00eateurs de l&rsquo;ONU<\/h3>\n<p>Isra\u00ebl entrave les investigations d&rsquo;une commission d&rsquo;enqu\u00eate de l&rsquo;ONU autour des violations des droits de l&rsquo;homme pendant les attaques du 7 octobre dirig\u00e9es par le Hamas.<\/p>\n<blockquote><p>\u00ab En ce qui concerne le gouvernement d&rsquo;Isra\u00ebl, nous avons non seulement assist\u00e9 \u00e0 une absence de coop\u00e9ration, mais aussi \u00e0 une obstruction active de nos efforts en vue de recevoir des preuves de t\u00e9moins isra\u00e9liens et de victimes des \u00e9v\u00e9nements qui ont eu lieu dans le sud d&rsquo;Isra\u00ebl \u00bb,<\/p><\/blockquote>\n<p>a d\u00e9clar\u00e9 r\u00e9cemment Chris Sidoti, l&rsquo;un des enqu\u00eateurs engag\u00e9s par le Conseil des droits humains de l&rsquo;ONU.<\/p>\n<p>Il est typique d&rsquo;Isra\u00ebl d&rsquo;interdire aux experts de l&rsquo;ONU et autres enqu\u00eateurs sur les droits humains l&rsquo;acc\u00e8s au territoire qu&rsquo;il contr\u00f4le. Mais, un peu plus t\u00f4t cette ann\u00e9e, il a toutefois autoris\u00e9 l&rsquo;entr\u00e9e en Isra\u00ebl de Pramila Patten, une haute fonctionnaire d\u00e9sign\u00e9e par le secr\u00e9taire g\u00e9n\u00e9ral de l&rsquo;ONU, en vue d&rsquo;une enqu\u00eate sur des violences sexuelles suppos\u00e9es.<\/p>\n<p>Cette enqu\u00eate non officielle n&rsquo;a pr\u00e9sent\u00e9 aucune preuve nouvelle de violence sexuelle syst\u00e9matique. Au lieu de cela, le rapport de Mme Patten d\u00e9clare que son \u00e9quipe<\/p>\n<blockquote><p>\u00ab a \u00e9t\u00e9 incapable d&rsquo;\u00e9tablir la pr\u00e9valence de violence sexuelle et conclut que la magnitude, l&rsquo;ampleur et l&rsquo;attribution sp\u00e9cifique g\u00e9n\u00e9rales de ces violations requerraient une enqu\u00eate tous azimuts \u00bb.<\/p><\/blockquote>\n<p>L&rsquo;\u00e9quipe de Mme Patten a \u00e9t\u00e9 incapable de situer la moindre victime ou de s&rsquo;entretenir avec la moindre survivante de violence sexuelle ou de viol et ce, malgr\u00e9 des appels et des promesses formelles de confidentialit\u00e9.<\/p>\n<p>Son rapport estime qu&rsquo;il y a des<em> \u00ab motifs raisonnables \u00bb<\/em> de croire que des viols ont eu lieu le 7 octobre si on se base sur des informations <em>\u00ab circonstancielles \u00bb<\/em> qui, pr\u00e9tend Mme Patten, <em>\u00ab peuvent \u00eatre indicatives de certaines formes de violence sexuelle \u00bb.<\/em><\/p>\n<p>L&rsquo;\u00e9quipe de Mme Patten a vu \u00ab <em>des informations claires et convaincantes de ce que certaines otages emmen\u00e9es \u00e0 Gaza ont \u00e9t\u00e9 soumises \u00e0 diverses formes de violence sexuelle typiques d&rsquo;un conflit \u00bb,<\/em> pr\u00e9tend son rapport, mais elle ne d\u00e9veloppe pas davantage ces informations.<\/p>\n<h3>&nbsp;<\/h3>\n<h3>La violence sexuelle \u00e0 l&rsquo;encontre des Palestiniens<\/h3>\n<p>Entre-temps, les Palestiniens de Gaza ont d\u00e9crit les violences sexuelles qu&rsquo;ils ont endur\u00e9es lors de leur d\u00e9tention en Isra\u00ebl ces derniers mois.<\/p>\n<p>En f\u00e9vrier, des experts de l&rsquo;ONU ont d\u00e9clar\u00e9 qu&rsquo;ils avaient re\u00e7u des all\u00e9gations cr\u00e9dibles disant que des femmes et des filles palestiniennes d\u00e9tenues par les forces isra\u00e9liennes \u00e0 Gaza avaient \u00e9t\u00e9<\/p>\n<blockquote><p>\u00ab soumises \u00e0 diverses formes d&rsquo;agression sexuelle, comme le fait d&rsquo;\u00eatre d\u00e9shabill\u00e9es compl\u00e8tement et fouill\u00e9es par des officiers m\u00e2les de l&rsquo;arm\u00e9e isra\u00e9lienne \u00bb.<\/p>\n<p>\u00ab Au moins deux d\u00e9tenues palestiniennes ont \u00e9t\u00e9 viol\u00e9es, dit-on, alors que d&rsquo;autres ont \u00e9t\u00e9 menac\u00e9es de viol et de violence sexuelle \u00bb,<\/p><\/blockquote>\n<p>ont d\u00e9clar\u00e9 les experts.<\/p>\n<p>Des hommes palestiniens d\u00e9tenus \u00e0 Gaza ont eux aussi \u00e9t\u00e9 soumis \u00e0 des violences sexuelles et \u00e0 des tortures.<\/p>\n<p>Des t\u00e9moignages collect\u00e9s par l&rsquo;UNRWA aupr\u00e8s de d\u00e9tenus lib\u00e9r\u00e9s, et d&rsquo;autres publi\u00e9s dans des m\u00e9dias, indiquent que cette violence est g\u00e9n\u00e9ralis\u00e9e et syst\u00e9matique.<\/p>\n<p>Lors de l&rsquo;interview r\u00e9alis\u00e9e par Makdisi Street, Mme Shalhoub-Kevorkian et son h\u00f4te discutent de l&rsquo;omnipr\u00e9sence de la violence de genre inflig\u00e9e aux Palestiniennes lors de l&rsquo;invasion terrestre de Gaza par Isra\u00ebl \u2013 sans oublier le spectacle en public d&rsquo;hommes arr\u00eat\u00e9s d\u00e9pouill\u00e9s de leurs v\u00eatements et de soldats isra\u00e9liens qui se filment alors qu&rsquo;ils sont en train de jouer avec de la lingerie de femmes palestiniennes.<\/p>\n<p>L&rsquo;arrestation de l&rsquo;intellectuelle f\u00e9ministe en raison de cette interview constitue une grave escalade. Mme Shalhoub-Kevorkian a \u00e9t\u00e9 soumise \u00e0 un harc\u00e8lement pendant des mois apr\u00e8s qu&rsquo;elle avait sign\u00e9 un appel en faveur d&rsquo;un cessez-le-feu imm\u00e9diat \u00e0 Gaza, appel publi\u00e9 fin octobre par des chercheurs sur l&rsquo;enfance et des \u00e9tudiants.<\/p>\n<p>L&rsquo;Universit\u00e9 h\u00e9bra\u00efque a suspendu la professeure peu apr\u00e8s l&rsquo;interview de Makdisi Street, avant de la r\u00e9int\u00e9grer dans ses fonctions, une fois qu&rsquo;elle s&rsquo;est retrouv\u00e9e sous le feu des critiques internationales.<\/p>\n<p>L&rsquo;universit\u00e9 a condamn\u00e9 les commentaires de Mme Shalhoub-Kevorkian aussi bien que son arrestation, en disant :<\/p>\n<blockquote><p>\u00ab Il n&rsquo;y a pas lieu d&rsquo;arr\u00eater une personne pour des remarques de ce genre, aussi exasp\u00e9rantes soient-elles. \u00bb<\/p><\/blockquote>\n<p>Ussama Makdisi, l&rsquo;un des trois fr\u00e8res qui accueillent le podcast Makdisi Street centr\u00e9 sur la Palestine, a d\u00e9clar\u00e9 que<\/p>\n<blockquote><p>\u00ab l&rsquo;arrestation et la pers\u00e9cution de la brillante intellectuelle Nadera Shalhoub-Kevorkian est un t\u00e9moignage de sa force et de la crainte \u00e9prouv\u00e9e par les colonialistes sionistes \u00e0 l&rsquo;\u00e9gard de quelqu&rsquo;un qui s&rsquo;engage sur le plan intellectuel et \u00e9thique \u00e0 d\u00e9noncer la nature de leur projet \u00bb.<\/p>\n<p>Le r\u00f4le de l&rsquo;Universit\u00e9 h\u00e9bra\u00efque<\/p><\/blockquote>\n<p>Par le biais de leur compte podcast sur X, les fr\u00e8res <strong>Makdisi<\/strong>, qui sont tous trois universitaires, ont d\u00e9clar\u00e9 qu&rsquo;ils consid\u00e9raient l&rsquo;arrestation de Mme Shalhoub-Kevorkian comme<\/p>\n<blockquote><p>\u00ab une tentative de r\u00e9duire au silence les critiques \u00e0 l&rsquo;\u00e9gard de la violence \u00e9tatique d&rsquo;Isra\u00ebl dans le contexte d&rsquo;une soci\u00e9t\u00e9 profond\u00e9ment impr\u00e9gn\u00e9e d&rsquo;incitation et de discours g\u00e9nocidaires \u00bb.<\/p><\/blockquote>\n<p>Ils ont ajout\u00e9 qu&rsquo;ils<\/p>\n<blockquote><p>\u00ab consid\u00e9raient l&rsquo;Universit\u00e9 h\u00e9bra\u00efque de J\u00e9rusalem comme responsable de l&rsquo;arrestation et de la d\u00e9tention de la professeure Shalhoub-Kevorkian en raison de la r\u00e9pression constante et publique qu&rsquo;elle exerce \u00e0 l&rsquo;encontre de sa libert\u00e9 acad\u00e9mique, laquelle r\u00e9pression a d\u00e9bouch\u00e9 direction sur l&rsquo;arrestation de ce jour \u00bb.<\/p><\/blockquote>\n<p>L&rsquo;universitaire isra\u00e9lien <strong>Neve Gordon<\/strong>, \u00e9crivant au nom du comit\u00e9 en faveur de la libert\u00e9 acad\u00e9mique, d\u00e9pendant de la <em>Soci\u00e9t\u00e9 britannique des \u00e9tudes moyen-orientales<\/em>, a expliqu\u00e9 au pr\u00e9sident et au recteur de l&rsquo;Universit\u00e9 h\u00e9bra\u00efque qu&rsquo;une lettre qu&rsquo;ils avaient adress\u00e9e \u00e0 Mme Shalhoub-Kevorkian fin octobre avait <em>\u00ab la capacit\u00e9 d&rsquo;inciter \u00e0 la violence tant verbale que physique contre \u00bb<\/em> la professeure.<\/p>\n<p>Neve Gordon a d\u00e9clar\u00e9 que la diffusion tr\u00e8s r\u00e9pandue de la lettre des dirigeants de l&rsquo;Universit\u00e9 h\u00e9bra\u00efque<\/p>\n<blockquote><p>\u00ab a potentiellement mis en danger le bien-\u00eatre mental et physique de la professeure Shalhoub-Kevorkian et contrevient \u00e0 votre devoir et sollicitude \u00e0 son \u00e9gard \u00bb.<\/p><\/blockquote>\n<p>La lettre des autorit\u00e9s de l&rsquo;Universit\u00e9 h\u00e9bra\u00efque proteste contre le soutien de Mme Shalhoub-Kevorkian \u00e0 l&rsquo;appel au cessez-le-feu et elle insiste pour qu&rsquo;elle d\u00e9missionne de son poste universitaire.<\/p>\n<p>L&rsquo;universitaire palestinien Nimer Sultany a \u00e9galement bl\u00e2m\u00e9 l&rsquo;Universit\u00e9 h\u00e9bra\u00efque pour l&rsquo;arrestation de Mme Shalhoub-Kevorkian.<\/p>\n<blockquote><p>\u00ab Ils ont incit\u00e9 la foule contre leur propre employ\u00e9e et ce, \u00e0 deux reprises depuis octobre, la suspendant bri\u00e8vement de son travail, en raison de son discours contre la guerre et de leur propre soutien fanatique au g\u00e9nocide \u00bb,<\/p><\/blockquote>\n<p>a d\u00e9clar\u00e9 M. Sultany.<\/p>\n<p>Il a encourag\u00e9 l&rsquo;engagement avec le travail universitaire approfondi de la professeure Shalhoub-Kevorkian comme moyen de t\u00e9moigner sa solidarit\u00e9 \u00e0 cette intellectuelle f\u00e9ministe.<\/p>\n<p style=\"text-align: center;\">*****<\/p>\n<p><strong><img loading=\"lazy\" decoding=\"async\" class=\"alignleft wp-image-45540 size-full\" src=\"https:\/\/charleroi-pourlapalestine.be\/wp-content\/uploads\/2022\/10\/Maureen-Clare-Murphy-e1665914569514.jpg\" sizes=\"auto, (max-width: 150px) 100vw, 150px\" srcset=\"https:\/\/charleroi-pourlapalestine.be\/wp-content\/uploads\/2022\/10\/Maureen-Clare-Murphy-e1665914569514.jpg 150w, https:\/\/charleroi-pourlapalestine.be\/wp-content\/uploads\/2022\/10\/Maureen-Clare-Murphy-e1665914569514-80x80.jpg 80w\" alt=\"\" width=\"150\" height=\"150\"><a href=\"https:\/\/charleroi-pourlapalestine.be\/index.php\/tag\/maureen-clare-murphy\/\">Maureen Clare Murphy<\/a><\/strong> est r\u00e9dactrice en chef de <a href=\"https:\/\/electronicintifada.net\/blogs\/maureen-clare-murphy\/craig-mokhiber-moving-world-palestinian-rights\" target=\"_blank\" rel=\"noopener\">The Electronic Intifada.<\/a><\/p>\n<div class=\"pf-content\">\n<p>&nbsp;&nbsp;&nbsp;&nbsp;&nbsp;&nbsp;&nbsp;&nbsp;&nbsp;&nbsp;&nbsp;&nbsp;&nbsp;&nbsp;&nbsp;&nbsp;&nbsp;&nbsp;&nbsp;&nbsp;&nbsp;&nbsp;&nbsp;&nbsp;&nbsp;&nbsp;&nbsp;&nbsp;&nbsp;&nbsp;&nbsp;&nbsp;&nbsp;&nbsp;&nbsp;&nbsp;&nbsp;&nbsp;&nbsp; ******<br \/>\nPubli\u00e9 le 20 avril 2024 sur <a href=\"https:\/\/electronicintifada.net\/blogs\/maureen-clare-murphy\/court-orders-release-palestinian-feminist-scholar-arrested-jerusalem\" target=\"_blank\" rel=\"noopener\"><strong>The Electronic Intifada<\/strong><\/a><br \/>\nTraduction : Jean-Marie Fl\u00e9mal, <strong><a href=\"http:\/\/www.pourlapalestine.be\/\">Charleroi pour la Palestine<\/a><\/strong><\/p>\n<\/div>\n<p><strong><br \/>\nNDLR : Afin de pouvoir lire les \u201ctweets\u201d et vid\u00e9os repris dans l\u2019article, ouvrez un compte Twitter (X)<\/strong><\/p>\n","protected":false},"excerpt":{"rendered":"<p>Les autorit\u00e9s isra\u00e9liennes ont accus\u00e9 Mme Shalhoub-Kevorkian, une Palestinienne de Ha\u00effa poss\u00e9dant la citoyennet\u00e9 isra\u00e9lienne, d&rsquo;incitation au terrorisme<\/p>\n","protected":false},"author":1,"featured_media":0,"comment_status":"closed","ping_status":"closed","sticky":false,"template":"","format":"standard","meta":{"ngg_post_thumbnail":0,"footnotes":""},"categories":[927,454,926,344,8,38,330],"tags":[],"class_list":["post-71033","post","type-post","status-publish","format-standard","hentry","category-7-octobre-2023","category-criminalisation","category-gaza-2","category-genocide","category-jerusalem","category-le-sionisme","category-universites"],"yoast_head":"<!-- This site is optimized with the Yoast SEO plugin v27.3 - https:\/\/yoast.com\/product\/yoast-seo-wordpress\/ -->\n<title>Le tribunal ordonne la lib\u00e9ration de l&#039;intellectuelle f\u00e9ministe palestinienne Nadera Shalhoub-Kevorkian Le tribunal ordonne la lib\u00e9ration de l&#039;intellectuelle f\u00e9ministe palestinienne Nadera Shalhoub-Kevorkian<\/title>\n<meta name=\"description\" content=\"Les autorit\u00e9s isra\u00e9liennes accusent Nadera Shalhoub-Kevorkian, une Palestinienne de Ha\u00effa, d&#039;incitation au terrorisme\" \/>\n<meta name=\"robots\" content=\"index, follow, max-snippet:-1, max-image-preview:large, max-video-preview:-1\" \/>\n<link rel=\"canonical\" href=\"https:\/\/charleroi-pourlapalestine.be\/index.php\/2024\/04\/23\/le-tribunal-ordonne-la-liberation-de-lintellectuelle-feministe-palestinienne-nadera-shalhoub-kevorkian\/\" \/>\n<script type=\"application\/ld+json\" class=\"yoast-schema-graph\">{\"@context\":\"https:\\\/\\\/schema.org\",\"@graph\":[{\"@type\":\"Article\",\"@id\":\"https:\\\/\\\/charleroi-pourlapalestine.be\\\/index.php\\\/2024\\\/04\\\/23\\\/le-tribunal-ordonne-la-liberation-de-lintellectuelle-feministe-palestinienne-nadera-shalhoub-kevorkian\\\/#article\",\"isPartOf\":{\"@id\":\"https:\\\/\\\/charleroi-pourlapalestine.be\\\/index.php\\\/2024\\\/04\\\/23\\\/le-tribunal-ordonne-la-liberation-de-lintellectuelle-feministe-palestinienne-nadera-shalhoub-kevorkian\\\/\"},\"author\":{\"name\":\"admin1873\",\"@id\":\"https:\\\/\\\/charleroi-pourlapalestine.be\\\/#\\\/schema\\\/person\\\/c19ff515112f1299d8c12671d8fe3faa\"},\"headline\":\"Le tribunal ordonne la lib\u00e9ration de l&rsquo;intellectuelle f\u00e9ministe palestinienne Nadera Shalhoub-Kevorkian\",\"datePublished\":\"2024-04-23T10:01:00+00:00\",\"dateModified\":\"2024-04-24T10:27:42+00:00\",\"mainEntityOfPage\":{\"@id\":\"https:\\\/\\\/charleroi-pourlapalestine.be\\\/index.php\\\/2024\\\/04\\\/23\\\/le-tribunal-ordonne-la-liberation-de-lintellectuelle-feministe-palestinienne-nadera-shalhoub-kevorkian\\\/\"},\"wordCount\":2863,\"publisher\":{\"@id\":\"https:\\\/\\\/charleroi-pourlapalestine.be\\\/#organization\"},\"image\":{\"@id\":\"https:\\\/\\\/charleroi-pourlapalestine.be\\\/index.php\\\/2024\\\/04\\\/23\\\/le-tribunal-ordonne-la-liberation-de-lintellectuelle-feministe-palestinienne-nadera-shalhoub-kevorkian\\\/#primaryimage\"},\"thumbnailUrl\":\"https:\\\/\\\/charleroi-pourlapalestine.be\\\/wp-content\\\/uploads\\\/2024\\\/04\\\/Nadera-Shalhoub-Kevorkian.png\",\"articleSection\":[\"7 octobre 2023\",\"criminalisation\",\"Gaza\",\"G\u00e9nocide\",\"J\u00e9rusalem\",\"Sionisme\",\"Universit\u00e9s\"],\"inLanguage\":\"fr-FR\"},{\"@type\":\"WebPage\",\"@id\":\"https:\\\/\\\/charleroi-pourlapalestine.be\\\/index.php\\\/2024\\\/04\\\/23\\\/le-tribunal-ordonne-la-liberation-de-lintellectuelle-feministe-palestinienne-nadera-shalhoub-kevorkian\\\/\",\"url\":\"https:\\\/\\\/charleroi-pourlapalestine.be\\\/index.php\\\/2024\\\/04\\\/23\\\/le-tribunal-ordonne-la-liberation-de-lintellectuelle-feministe-palestinienne-nadera-shalhoub-kevorkian\\\/\",\"name\":\"Le tribunal ordonne la lib\u00e9ration de l'intellectuelle f\u00e9ministe palestinienne Nadera Shalhoub-Kevorkian Le tribunal ordonne la lib\u00e9ration de l'intellectuelle f\u00e9ministe palestinienne Nadera Shalhoub-Kevorkian\",\"isPartOf\":{\"@id\":\"https:\\\/\\\/charleroi-pourlapalestine.be\\\/#website\"},\"primaryImageOfPage\":{\"@id\":\"https:\\\/\\\/charleroi-pourlapalestine.be\\\/index.php\\\/2024\\\/04\\\/23\\\/le-tribunal-ordonne-la-liberation-de-lintellectuelle-feministe-palestinienne-nadera-shalhoub-kevorkian\\\/#primaryimage\"},\"image\":{\"@id\":\"https:\\\/\\\/charleroi-pourlapalestine.be\\\/index.php\\\/2024\\\/04\\\/23\\\/le-tribunal-ordonne-la-liberation-de-lintellectuelle-feministe-palestinienne-nadera-shalhoub-kevorkian\\\/#primaryimage\"},\"thumbnailUrl\":\"https:\\\/\\\/charleroi-pourlapalestine.be\\\/wp-content\\\/uploads\\\/2024\\\/04\\\/Nadera-Shalhoub-Kevorkian.png\",\"datePublished\":\"2024-04-23T10:01:00+00:00\",\"dateModified\":\"2024-04-24T10:27:42+00:00\",\"description\":\"Les autorit\u00e9s isra\u00e9liennes accusent Nadera Shalhoub-Kevorkian, une Palestinienne de Ha\u00effa, d'incitation au terrorisme\",\"breadcrumb\":{\"@id\":\"https:\\\/\\\/charleroi-pourlapalestine.be\\\/index.php\\\/2024\\\/04\\\/23\\\/le-tribunal-ordonne-la-liberation-de-lintellectuelle-feministe-palestinienne-nadera-shalhoub-kevorkian\\\/#breadcrumb\"},\"inLanguage\":\"fr-FR\",\"potentialAction\":[{\"@type\":\"ReadAction\",\"target\":[\"https:\\\/\\\/charleroi-pourlapalestine.be\\\/index.php\\\/2024\\\/04\\\/23\\\/le-tribunal-ordonne-la-liberation-de-lintellectuelle-feministe-palestinienne-nadera-shalhoub-kevorkian\\\/\"]}]},{\"@type\":\"ImageObject\",\"inLanguage\":\"fr-FR\",\"@id\":\"https:\\\/\\\/charleroi-pourlapalestine.be\\\/index.php\\\/2024\\\/04\\\/23\\\/le-tribunal-ordonne-la-liberation-de-lintellectuelle-feministe-palestinienne-nadera-shalhoub-kevorkian\\\/#primaryimage\",\"url\":\"\",\"contentUrl\":\"\"},{\"@type\":\"BreadcrumbList\",\"@id\":\"https:\\\/\\\/charleroi-pourlapalestine.be\\\/index.php\\\/2024\\\/04\\\/23\\\/le-tribunal-ordonne-la-liberation-de-lintellectuelle-feministe-palestinienne-nadera-shalhoub-kevorkian\\\/#breadcrumb\",\"itemListElement\":[{\"@type\":\"ListItem\",\"position\":1,\"name\":\"Accueil\",\"item\":\"https:\\\/\\\/charleroi-pourlapalestine.be\\\/\"},{\"@type\":\"ListItem\",\"position\":2,\"name\":\"Le tribunal ordonne la lib\u00e9ration de l&#8217;intellectuelle f\u00e9ministe palestinienne Nadera Shalhoub-Kevorkian\"}]},{\"@type\":\"WebSite\",\"@id\":\"https:\\\/\\\/charleroi-pourlapalestine.be\\\/#website\",\"url\":\"https:\\\/\\\/charleroi-pourlapalestine.be\\\/\",\"name\":\"Charleroi Pour la Palestine\",\"description\":\"\",\"publisher\":{\"@id\":\"https:\\\/\\\/charleroi-pourlapalestine.be\\\/#organization\"},\"potentialAction\":[{\"@type\":\"SearchAction\",\"target\":{\"@type\":\"EntryPoint\",\"urlTemplate\":\"https:\\\/\\\/charleroi-pourlapalestine.be\\\/?s={search_term_string}\"},\"query-input\":{\"@type\":\"PropertyValueSpecification\",\"valueRequired\":true,\"valueName\":\"search_term_string\"}}],\"inLanguage\":\"fr-FR\"},{\"@type\":\"Organization\",\"@id\":\"https:\\\/\\\/charleroi-pourlapalestine.be\\\/#organization\",\"name\":\"Plate-forme Charleroi-Palestine\",\"url\":\"https:\\\/\\\/charleroi-pourlapalestine.be\\\/\",\"logo\":{\"@type\":\"ImageObject\",\"inLanguage\":\"fr-FR\",\"@id\":\"https:\\\/\\\/charleroi-pourlapalestine.be\\\/#\\\/schema\\\/logo\\\/image\\\/\",\"url\":\"https:\\\/\\\/charleroi-pourlapalestine.be\\\/wp-content\\\/uploads\\\/2020\\\/01\\\/logo-Copy.jpg\",\"contentUrl\":\"https:\\\/\\\/charleroi-pourlapalestine.be\\\/wp-content\\\/uploads\\\/2020\\\/01\\\/logo-Copy.jpg\",\"width\":180,\"height\":180,\"caption\":\"Plate-forme Charleroi-Palestine\"},\"image\":{\"@id\":\"https:\\\/\\\/charleroi-pourlapalestine.be\\\/#\\\/schema\\\/logo\\\/image\\\/\"},\"sameAs\":[\"https:\\\/\\\/www.facebook.com\\\/PlateformeCharleroiPalestine\\\/\",\"https:\\\/\\\/x.com\\\/LaCharleroi\"]},{\"@type\":\"Person\",\"@id\":\"https:\\\/\\\/charleroi-pourlapalestine.be\\\/#\\\/schema\\\/person\\\/c19ff515112f1299d8c12671d8fe3faa\",\"name\":\"admin1873\",\"url\":\"https:\\\/\\\/charleroi-pourlapalestine.be\\\/index.php\\\/author\\\/admin1873\\\/\"}]}<\/script>\n<!-- \/ Yoast SEO plugin. -->","yoast_head_json":{"title":"Le tribunal ordonne la lib\u00e9ration de l'intellectuelle f\u00e9ministe palestinienne Nadera Shalhoub-Kevorkian Le tribunal ordonne la lib\u00e9ration de l'intellectuelle f\u00e9ministe palestinienne Nadera Shalhoub-Kevorkian","description":"Les autorit\u00e9s isra\u00e9liennes accusent Nadera Shalhoub-Kevorkian, une Palestinienne de Ha\u00effa, d'incitation au terrorisme","robots":{"index":"index","follow":"follow","max-snippet":"max-snippet:-1","max-image-preview":"max-image-preview:large","max-video-preview":"max-video-preview:-1"},"canonical":"https:\/\/charleroi-pourlapalestine.be\/index.php\/2024\/04\/23\/le-tribunal-ordonne-la-liberation-de-lintellectuelle-feministe-palestinienne-nadera-shalhoub-kevorkian\/","schema":{"@context":"https:\/\/schema.org","@graph":[{"@type":"Article","@id":"https:\/\/charleroi-pourlapalestine.be\/index.php\/2024\/04\/23\/le-tribunal-ordonne-la-liberation-de-lintellectuelle-feministe-palestinienne-nadera-shalhoub-kevorkian\/#article","isPartOf":{"@id":"https:\/\/charleroi-pourlapalestine.be\/index.php\/2024\/04\/23\/le-tribunal-ordonne-la-liberation-de-lintellectuelle-feministe-palestinienne-nadera-shalhoub-kevorkian\/"},"author":{"name":"admin1873","@id":"https:\/\/charleroi-pourlapalestine.be\/#\/schema\/person\/c19ff515112f1299d8c12671d8fe3faa"},"headline":"Le tribunal ordonne la lib\u00e9ration de l&rsquo;intellectuelle f\u00e9ministe palestinienne Nadera Shalhoub-Kevorkian","datePublished":"2024-04-23T10:01:00+00:00","dateModified":"2024-04-24T10:27:42+00:00","mainEntityOfPage":{"@id":"https:\/\/charleroi-pourlapalestine.be\/index.php\/2024\/04\/23\/le-tribunal-ordonne-la-liberation-de-lintellectuelle-feministe-palestinienne-nadera-shalhoub-kevorkian\/"},"wordCount":2863,"publisher":{"@id":"https:\/\/charleroi-pourlapalestine.be\/#organization"},"image":{"@id":"https:\/\/charleroi-pourlapalestine.be\/index.php\/2024\/04\/23\/le-tribunal-ordonne-la-liberation-de-lintellectuelle-feministe-palestinienne-nadera-shalhoub-kevorkian\/#primaryimage"},"thumbnailUrl":"https:\/\/charleroi-pourlapalestine.be\/wp-content\/uploads\/2024\/04\/Nadera-Shalhoub-Kevorkian.png","articleSection":["7 octobre 2023","criminalisation","Gaza","G\u00e9nocide","J\u00e9rusalem","Sionisme","Universit\u00e9s"],"inLanguage":"fr-FR"},{"@type":"WebPage","@id":"https:\/\/charleroi-pourlapalestine.be\/index.php\/2024\/04\/23\/le-tribunal-ordonne-la-liberation-de-lintellectuelle-feministe-palestinienne-nadera-shalhoub-kevorkian\/","url":"https:\/\/charleroi-pourlapalestine.be\/index.php\/2024\/04\/23\/le-tribunal-ordonne-la-liberation-de-lintellectuelle-feministe-palestinienne-nadera-shalhoub-kevorkian\/","name":"Le tribunal ordonne la lib\u00e9ration de l'intellectuelle f\u00e9ministe palestinienne Nadera Shalhoub-Kevorkian Le tribunal ordonne la lib\u00e9ration de l'intellectuelle f\u00e9ministe palestinienne Nadera Shalhoub-Kevorkian","isPartOf":{"@id":"https:\/\/charleroi-pourlapalestine.be\/#website"},"primaryImageOfPage":{"@id":"https:\/\/charleroi-pourlapalestine.be\/index.php\/2024\/04\/23\/le-tribunal-ordonne-la-liberation-de-lintellectuelle-feministe-palestinienne-nadera-shalhoub-kevorkian\/#primaryimage"},"image":{"@id":"https:\/\/charleroi-pourlapalestine.be\/index.php\/2024\/04\/23\/le-tribunal-ordonne-la-liberation-de-lintellectuelle-feministe-palestinienne-nadera-shalhoub-kevorkian\/#primaryimage"},"thumbnailUrl":"https:\/\/charleroi-pourlapalestine.be\/wp-content\/uploads\/2024\/04\/Nadera-Shalhoub-Kevorkian.png","datePublished":"2024-04-23T10:01:00+00:00","dateModified":"2024-04-24T10:27:42+00:00","description":"Les autorit\u00e9s isra\u00e9liennes accusent Nadera Shalhoub-Kevorkian, une Palestinienne de Ha\u00effa, d'incitation au terrorisme","breadcrumb":{"@id":"https:\/\/charleroi-pourlapalestine.be\/index.php\/2024\/04\/23\/le-tribunal-ordonne-la-liberation-de-lintellectuelle-feministe-palestinienne-nadera-shalhoub-kevorkian\/#breadcrumb"},"inLanguage":"fr-FR","potentialAction":[{"@type":"ReadAction","target":["https:\/\/charleroi-pourlapalestine.be\/index.php\/2024\/04\/23\/le-tribunal-ordonne-la-liberation-de-lintellectuelle-feministe-palestinienne-nadera-shalhoub-kevorkian\/"]}]},{"@type":"ImageObject","inLanguage":"fr-FR","@id":"https:\/\/charleroi-pourlapalestine.be\/index.php\/2024\/04\/23\/le-tribunal-ordonne-la-liberation-de-lintellectuelle-feministe-palestinienne-nadera-shalhoub-kevorkian\/#primaryimage","url":"","contentUrl":""},{"@type":"BreadcrumbList","@id":"https:\/\/charleroi-pourlapalestine.be\/index.php\/2024\/04\/23\/le-tribunal-ordonne-la-liberation-de-lintellectuelle-feministe-palestinienne-nadera-shalhoub-kevorkian\/#breadcrumb","itemListElement":[{"@type":"ListItem","position":1,"name":"Accueil","item":"https:\/\/charleroi-pourlapalestine.be\/"},{"@type":"ListItem","position":2,"name":"Le tribunal ordonne la lib\u00e9ration de l&#8217;intellectuelle f\u00e9ministe palestinienne Nadera Shalhoub-Kevorkian"}]},{"@type":"WebSite","@id":"https:\/\/charleroi-pourlapalestine.be\/#website","url":"https:\/\/charleroi-pourlapalestine.be\/","name":"Charleroi Pour la Palestine","description":"","publisher":{"@id":"https:\/\/charleroi-pourlapalestine.be\/#organization"},"potentialAction":[{"@type":"SearchAction","target":{"@type":"EntryPoint","urlTemplate":"https:\/\/charleroi-pourlapalestine.be\/?s={search_term_string}"},"query-input":{"@type":"PropertyValueSpecification","valueRequired":true,"valueName":"search_term_string"}}],"inLanguage":"fr-FR"},{"@type":"Organization","@id":"https:\/\/charleroi-pourlapalestine.be\/#organization","name":"Plate-forme Charleroi-Palestine","url":"https:\/\/charleroi-pourlapalestine.be\/","logo":{"@type":"ImageObject","inLanguage":"fr-FR","@id":"https:\/\/charleroi-pourlapalestine.be\/#\/schema\/logo\/image\/","url":"https:\/\/charleroi-pourlapalestine.be\/wp-content\/uploads\/2020\/01\/logo-Copy.jpg","contentUrl":"https:\/\/charleroi-pourlapalestine.be\/wp-content\/uploads\/2020\/01\/logo-Copy.jpg","width":180,"height":180,"caption":"Plate-forme Charleroi-Palestine"},"image":{"@id":"https:\/\/charleroi-pourlapalestine.be\/#\/schema\/logo\/image\/"},"sameAs":["https:\/\/www.facebook.com\/PlateformeCharleroiPalestine\/","https:\/\/x.com\/LaCharleroi"]},{"@type":"Person","@id":"https:\/\/charleroi-pourlapalestine.be\/#\/schema\/person\/c19ff515112f1299d8c12671d8fe3faa","name":"admin1873","url":"https:\/\/charleroi-pourlapalestine.be\/index.php\/author\/admin1873\/"}]}},"_links":{"self":[{"href":"https:\/\/charleroi-pourlapalestine.be\/index.php\/wp-json\/wp\/v2\/posts\/71033","targetHints":{"allow":["GET"]}}],"collection":[{"href":"https:\/\/charleroi-pourlapalestine.be\/index.php\/wp-json\/wp\/v2\/posts"}],"about":[{"href":"https:\/\/charleroi-pourlapalestine.be\/index.php\/wp-json\/wp\/v2\/types\/post"}],"author":[{"embeddable":true,"href":"https:\/\/charleroi-pourlapalestine.be\/index.php\/wp-json\/wp\/v2\/users\/1"}],"replies":[{"embeddable":true,"href":"https:\/\/charleroi-pourlapalestine.be\/index.php\/wp-json\/wp\/v2\/comments?post=71033"}],"version-history":[{"count":0,"href":"https:\/\/charleroi-pourlapalestine.be\/index.php\/wp-json\/wp\/v2\/posts\/71033\/revisions"}],"wp:attachment":[{"href":"https:\/\/charleroi-pourlapalestine.be\/index.php\/wp-json\/wp\/v2\/media?parent=71033"}],"wp:term":[{"taxonomy":"category","embeddable":true,"href":"https:\/\/charleroi-pourlapalestine.be\/index.php\/wp-json\/wp\/v2\/categories?post=71033"},{"taxonomy":"post_tag","embeddable":true,"href":"https:\/\/charleroi-pourlapalestine.be\/index.php\/wp-json\/wp\/v2\/tags?post=71033"}],"curies":[{"name":"wp","href":"https:\/\/api.w.org\/{rel}","templated":true}]}}