{"id":71078,"date":"2024-04-25T13:29:26","date_gmt":"2024-04-25T11:29:26","guid":{"rendered":"https:\/\/charleroi-pourlapalestine.be\/?p=71078"},"modified":"2024-04-25T13:29:33","modified_gmt":"2024-04-25T11:29:33","slug":"le-nombre-de-corps-decouverts-dans-les-fosses-communes-de-lhopital-palestinien-est-passe-a-310","status":"publish","type":"post","link":"https:\/\/charleroi-pourlapalestine.be\/index.php\/2024\/04\/25\/le-nombre-de-corps-decouverts-dans-les-fosses-communes-de-lhopital-palestinien-est-passe-a-310\/","title":{"rendered":"Le nombre de corps d\u00e9couverts dans les fosses communes de l&rsquo;h\u00f4pital palestinien est pass\u00e9 \u00e0 310"},"content":{"rendered":"<p>Le nombre de morts d\u00e9couverts dans quatre fosses communes \u00e0 <strong>l&rsquo;h\u00f4pital Nasser de Khan Younis,<\/strong> dans le sud de la bande de Gaza, est pass\u00e9 \u00e0 310 au moins, ce mardi.<\/p>\n<div id=\"attachment_71080\" style=\"width: 1290px\" class=\"wp-caption aligncenter\"><img loading=\"lazy\" decoding=\"async\" aria-describedby=\"caption-attachment-71080\" class=\"wp-image-71080 size-full\" src=\"https:\/\/charleroi-pourlapalestine.be\/wp-content\/uploads\/2024\/04\/Gaza-Deir-al-Balah.jpg\" alt=\"Le nombre de corps d\u00e9couverts dans les fosses communes de l'h\u00f4pital palestinien est pass\u00e9 \u00e0 310. Photo : Mardi 23 avril 2024, Deir al Balah, dans la bande de Gaza. De la fum\u00e9e s'\u00e9l\u00e8ve suite \u00e0 une frappe a\u00e9rienne isra\u00e9lienne. \" width=\"1280\" height=\"720\"><p id=\"caption-attachment-71080\" class=\"wp-caption-text\"><strong>Mardi 23 avril 2024, Deir al Balah, dans la bande de Gaza. De la fum\u00e9e s&rsquo;\u00e9l\u00e8ve suite \u00e0 une frappe a\u00e9rienne isra\u00e9lienne<\/strong>. (Photo : AP \/ Abdel Kareem Hana)<\/p><\/div>\n<p>&nbsp;<\/p>\n<p><strong>Jordan Shilton<\/strong>, 24 avril 2024<\/p>\n<p>L&rsquo;horrible d\u00e9couverte d&rsquo;il y a 72 heures fournit une preuve de plus du g\u00e9nocide d&rsquo;Isra\u00ebl, soutenu par les imp\u00e9rialistes, contre les Palestiniens, un g\u00e9nocide en passe de s&rsquo;intensifier encore en raison de l&rsquo;assaut imminent contre le 1,5 million d&rsquo;hommes, de femmes et d&rsquo;enfants luttant pour leur survie \u00e0 <strong>Rafah.<\/strong><\/p>\n<p>Mardi, le personnel de la D\u00e9fense civile palestinienne a encore d\u00e9couvert des corps, entre autres de femmes et de personnes \u00e2g\u00e9es, enterr\u00e9s sous des amas de d\u00e9chets. <strong>Zaina Haroun<\/strong>, une repr\u00e9sentante de l&rsquo;organisation palestinienne des droits humain<strong>s al-Haq<\/strong>, dont le si\u00e8ge se trouve en Cisjordanie, a expliqu\u00e9 \u00e0 Al Jazeera que la macabre d\u00e9couverte \u00e9tait<\/p>\n<blockquote><p>\u00ab une preuve flagrante des crimes de guerre et, bien s\u00fbr, du g\u00e9nocide perp\u00e9tr\u00e9 actuellement par Isra\u00ebl contre les Palestiniens de Gaza \u00bb.<\/p><\/blockquote>\n<p>Et de poursuivre, en faisant allusion \u00e0 la d\u00e9couverte, voici quelques semaines, <strong>de semblables fosses communes \u00e0 l&rsquo;h\u00f4pital al-Shifa<\/strong> \u00e0 Gaza m\u00eame :&nbsp;<\/p>\n<blockquote><p>\u00ab\u00a0Un membre d&rsquo;une famille d\u00e9sesp\u00e9rait de retrouver la moindre trace de son oncle ; il a d\u00e9clar\u00e9 qu&rsquo;il avait retrouv\u00e9 ses sandales mais que, m\u00eame s&rsquo;il pouvait ne retrouver qu&rsquo;une partie du corps, un bras ou une jambe, ils pourraient au moins le prendre et l&rsquo;enterrer de fa\u00e7on \u00e0 enfin pouvoir dormir la nuit.\u00a0\u00bb<\/p><\/blockquote>\n<p>Les sc\u00e8nes inhumaines qui se sont d\u00e9roul\u00e9es \u00e0 <strong>Khan Younis<\/strong> et \u00e0<strong> Gaza<\/strong>, qui \u00e9voquent les autres g\u00e9nocides du 20e si\u00e8cle, soulignent la barbarie du r\u00e9gime isra\u00e9lien soutenu par les imp\u00e9rialistes.<\/p>\n<p>Le Premier ministre du gouvernement fasciste d&rsquo;Isra\u00ebl, Benjamin <strong>Netanyahou,<\/strong> a ouvertement d\u00e9clar\u00e9 son intention d&rsquo;\u00e9purer ethniquement la bande de Gaza, a trait\u00e9 les Palestiniens de <em>\u00ab b\u00eates humaines \u00bb<\/em>, a syst\u00e9matiquement refus\u00e9 de l&rsquo;aide aux centaines de milliers de personnes \u00e9chou\u00e9es sans le nord de l&rsquo;enclavez, et a tu\u00e9 plus de 34 000 personnes au cours de 200 jours de bombardements incessants.<\/p>\n<p>Avec le plein soutien de l&rsquo;imp\u00e9rialisme am\u00e9ricain et de ses alli\u00e9s europ\u00e9ens, le r\u00e9gime isra\u00e9lien a balay\u00e9 l&rsquo;accusation de g\u00e9nocide port\u00e9e contre lui par l&rsquo;<strong>Afrique du Sud<\/strong> devant la Cour internationale de Justice et a poursuivi son offensive alors que la famine s&#8217;empare de Gaza.<\/p>\n<p>Mardi, <strong>l&rsquo;envoy\u00e9 sp\u00e9cial des EU pour les questions humanitaires<\/strong>, David Satterfield, a d\u00e9crit la menace de famine \u00e0 Gaza comme<em> \u00ab tr\u00e8s \u00e9lev\u00e9e \u00bb<\/em>. Le Bureau des m\u00e9dias gouvernementaux de Gaza a rapport\u00e9 que 30 enfants \u00e9taient morts jusqu&rsquo;\u00e0 pr\u00e9sent <em>\u00ab suite \u00e0 la famine \u00bb.<\/em><\/p>\n<p>Dans son tout dernier rapport sur la situation \u00e0 Gaza, l&rsquo;Agence de l&rsquo;ONU pour les r\u00e9fugi\u00e9s palestiniens (<strong>UNRWA<\/strong>) a fait remarquer qu&rsquo;il n&rsquo;y avait eu que <em>\u00ab tr\u00e8s peu de changement significatif \u00bb<\/em> dans la quantit\u00e9 d&rsquo;aide entrant \u00e0 Gaza ou dans l&rsquo;approbation par Isra\u00ebl des convois d&rsquo;aide vers le nord de Gaza au cours des derni\u00e8res semaines.<\/p>\n<p>Il y a trois semaines, apr\u00e8s le meurtre cibl\u00e9 par Isra\u00ebl de sept travailleurs humanitaires de l&rsquo;organisation <strong>World Central Kitchen<\/strong>, le gouvernement Netanyahou a affirm\u00e9 qu&rsquo;il \u00e9tait dispos\u00e9 \u00e0 ouvrir une fronti\u00e8re territoriale vers le nord de Gaza et \u00e0 accro\u00eetre le flux de camions vers l&rsquo;enclave en le portant \u00e0 plus de 300 par jour. Philippe Lazzarini, de l&rsquo;UNRWA, a rapport\u00e9 que 310 camions \u00e9taient entr\u00e9s \u00e0 Gaza mardi, mais qu&rsquo;on \u00e9tait encore loin des 500 ou 600 camions n\u00e9cessaires, selon la plupart des organisations humanitaires, pour livrer des quantit\u00e9s de nourriture ad\u00e9quate et autres n\u00e9cessit\u00e9s \u00e9l\u00e9mentaires \u00e0 la population de Gaza.<\/p>\n<p><strong>Le rapport de l&rsquo;UNRWA<\/strong> faisait \u00e9galement remarquer qu&rsquo;au moins 435 attaques avaient \u00e9t\u00e9 men\u00e9es par Isra\u00ebl contre le personnel ou les institutions des soins de sant\u00e9 depuis le d\u00e9but du g\u00e9nocide, et ce, \u00e0 un taux mensuel plus \u00e9lev\u00e9 que dans tout autre conflit r\u00e9cent. Depuis le 7 octobre, 180 employ\u00e9s de l&rsquo;UNRWA ont \u00e9t\u00e9 tu\u00e9s par Isra\u00ebl.<\/p>\n<p>La destruction de Gaza par Isra\u00ebl a d\u00e9plac\u00e9 plus de 75 pour 100 des habitants de Gaza, puisque 1,7 millions de personnes ont \u00e9t\u00e9 forc\u00e9es de fuir <em>\u00ab \u00e0 de multiples reprises \u00bb.<\/em> Les d\u00e9portations r\u00e9p\u00e9t\u00e9es ont contribu\u00e9 \u00e0 la propagation de maladies infectieuses qui ont contamin\u00e9 environ 1,09 million de personnes, soit pr\u00e8s de 50 pour 100 de la population de l&rsquo;enclave. <strong>Selon le responsable des droits de l&rsquo;homme \u00e0 l&rsquo;ONU, Volker Turk, un enfant est tu\u00e9 ou bless\u00e9 \u00e0 Gaza <em>\u00ab toutes les dix minutes \u00bb.<\/em><\/strong><\/p>\n<p>Le d\u00e9mant\u00e8lement syst\u00e9matique de toutes les infrastructures civiles par les Forces de d\u00e9fense isra\u00e9liennes (FDI) a cr\u00e9\u00e9 une situation dans laquelle la maladie et la famine r\u00e9clameront bient\u00f4t davantage de vies que les frappes a\u00e9riennes quotidiennes. Seuls 10 des 36 h\u00f4pitaux de l&rsquo;enclave avant la guerre fonctionnent encore \u00e0 l&rsquo;un ou l&rsquo;autre degr\u00e9 en tant que dispensaires de soins de sant\u00e9. Les h\u00f4pitaux ont soit \u00e9t\u00e9 transform\u00e9s en champs de bataille, comme c&rsquo;est le cas pour <strong>les h\u00f4pitaux al-Shifa ou Nasser,<\/strong> ou ont \u00e9t\u00e9 pris d&rsquo;assaut par les FDI. <strong>L&rsquo;h\u00f4pital des Amiti\u00e9s turco-palestiniennes<\/strong>, dans le sud de la ville de Gaza, qui accueillait nagu\u00e8re la seule unit\u00e9 de Gaza sp\u00e9cialis\u00e9e dans le cancer, a \u00e9t\u00e9 transform\u00e9 en base militaire par les FDI.<\/p>\n<p>Dans un rapport diffus\u00e9 cette semaine et intitul\u00e9 <strong><em>\u00ab Cr\u00e9er la famine : Isra\u00ebl commet le crime de guerre consistant \u00e0 affamer la bande de Gaza \u00bb<\/em><\/strong>, <strong>B\u2019Tselem<\/strong> \u2013 le Centre isra\u00e9lien des droits humains dans les territoires occup\u00e9s \u2013 d\u00e9nonce la culpabilit\u00e9 d&rsquo;Isra\u00ebl dans la crise de la faim qui s\u00e9vit dans l&rsquo;enclave ainsi que ses implications \u00e0 court et long termes. En se basant sur la Classification int\u00e9gr\u00e9e des phases de la s\u00e9curit\u00e9 alimentaire (CIP), le rapport faisait remarquer que Gaza \u00e9tait en phase 4, en f\u00e9vrier et mars, imm\u00e9diatement en dessous de la phase 5, qui est celle de <strong>la famine.<\/strong><\/p>\n<p>Au cours de ces mois, 55 pour 100 des m\u00e9nages du nord, et 25 pour 100 de ceux de la partie centrale et du sud, \u00e9taient d\u00e9j\u00e0 en phase 5. On s&rsquo;attend \u00e0 ce que ces chiffres grimpent \u00e0 70 pour 100 pour le nord, \u00e0 50 pour 100 pour la partie centrale et \u00e0 45 pour 100 pour le sud de l&rsquo;enclave, ce qui plongerait la totalit\u00e9 de Gaza dans une situation de famine. Le rapport a fait remarquer que, d\u00e9but avril, lors d&rsquo;une r\u00e9union du Comit\u00e9 des Affaires \u00e9trang\u00e8res de la Chambre, Samantha Power, la directrice de USAID, \u00e9tait devenue la premi\u00e8re haute responsable am\u00e9ricaine \u00e0 reconna\u00eetre publiquement que la famine s&rsquo;\u00e9tait d\u00e9j\u00e0 empar\u00e9e du nord de Gaza.<\/p>\n<p>Dans le rapport, <strong>Khamis al-A\u2019araj<\/strong>, un r\u00e9sident de 52 ans du quartier de Falujah, une section du camp de r\u00e9fugi\u00e9s de Jabaliya, dans le nord de Gaza, a d\u00e9crit les conditions de vie ex\u00e9crables :<\/p>\n<blockquote><p>\u00ab Il n&rsquo;y a ni nourriture ni eau, ici. En fait, il n&rsquo;y a rien, ici. On ne peut se procurer de la nourriture au march\u00e9 \u2013 ni aliments en conserve, ni farine ni riz. Il ne reste m\u00eame pas d&rsquo;orge. Parfois, nous parvenons \u00e0 d\u00e9nicher de la khubeiza [un genre de mauve, comestible] poussant sur les bas-c\u00f4t\u00e9s de la route ou dans les champs et nous la cueillons. Si nous arrivons \u00e0 trouver du carton ou du bois pour faire un feu, nous cuisons cette khubeiza dans l&rsquo;eau et en mangeons pendant un jour ou deux et, de la sorte, au moins, nous parvenons \u00e0 mieux dormir la nuit. Nagu\u00e8re, nous mangions peut-\u00eatre de la khubeiza une fois par an et, aujourd&rsquo;hui, c&rsquo;est quasiment notre seule source d&rsquo;alimentation. Ces quatre derniers jours, nous n&rsquo;avons pas du tout dormi tellement nous avions faim. Nous n&rsquo;avons absolument rien mang\u00e9. Nous n&rsquo;avons pu nous procurer la moindre nourriture. Tout ce que je fais, c&rsquo;est chercher de la nourriture, en permanence, et je ne puis cesser d&rsquo;y penser pendant la nuit, en plus. Tous ici dans le camp ont le teint livide \u00e0 cause de la faim et peuvent \u00e0 peine se tenir debout. \u00bb<\/p><\/blockquote>\n<p>Encourag\u00e9 par le vote bipartite de samedi \u00e0 la Chambre et au S\u00e9nat des EU accordant 26 milliards de dollars d&rsquo;aide suppl\u00e9mentaire \u00e0 son offensive g\u00e9nocidaire, le gouvernement d&rsquo;extr\u00eame droite d&rsquo;Isra\u00ebl se pr\u00e9pare \u00e0 <strong>transformer Rafah en monceau de ruines,<\/strong> \u00e0 l&rsquo;instar du nord de l&rsquo;enclave et de Khan Younis juste avant.<\/p>\n<p>Mardi, Associated Press (AP) a publi\u00e9 des images par satellite montrant<strong> l&rsquo;am\u00e9nagement d&rsquo;une ville de tentes \u00e0 l&rsquo;ouest de Khan Younis.<\/strong> C&rsquo;est un signe que l&rsquo;on se pr\u00e9pare \u00e0 d\u00e9placer la population de Rafah. Les FDI ont expliqu\u00e9 \u00e0 AP qu&rsquo;elles n&rsquo;\u00e9taient pas impliqu\u00e9es dans l&rsquo;am\u00e9nagement de la ville de tentes. Le quotidien isra\u00e9lien Haaretz a rapport\u00e9 que le gouvernement \u00e9gyptien construisait ce site afin d&#8217;emp\u00eacher les Palestiniens de traverser la fronti\u00e8re en direction du Sina\u00ef.<\/p>\n<p>Quoi qu&rsquo;il en soit, un site de tentes pour plus de 1,5 million de personnes constituerait en effet <strong>un camp de concentration gigantesque<\/strong> pour plus de la moiti\u00e9 de la population de Gaza et il cr\u00e9erait les conditions favorisant une propagation accrue des maladies.<\/p>\n<p>Comme l&rsquo;a expliqu\u00e9 \u00e0 l&rsquo;AFP <strong>Fabrizio Carboni<\/strong>, le directeur pour la r\u00e9gion du Moyen-Orient du <strong>Comit\u00e9 international de la Croix-Rouge (CICR),<\/strong> les travailleurs humanitaires n&rsquo;ont pas connaissance d&rsquo;un plan d&rsquo;\u00e9vacuation de la population de Rafah et un tel plan serait d&rsquo;ailleurs irr\u00e9alisable.<\/p>\n<blockquote><p>\u00ab Quand nous voyons le niveau de destruction dans la partie centrale [de Gaza] et dans le nord, nous ne voyons pas clairement o\u00f9 les gens seront d\u00e9plac\u00e9s (&#8230;) vers des endroits o\u00f9 ils pourront disposer d&rsquo;un abri d\u00e9cent et de services essentiels \u00bb,<\/p><\/blockquote>\n<p>a-t-il d\u00e9clar\u00e9.<\/p>\n<blockquote><p>\u00ab Ainsi donc, aujourd&rsquo;hui, avec les informations dont nous disposons et depuis l&rsquo;endroit o\u00f9 nous nous trouvons ; nous ne consid\u00e9rons pas que cela [l&rsquo;\u00e9vacuation massive] soit possible. \u00bb<\/p><\/blockquote>\n<p><strong>La normalisation de la barbarie<\/strong> des FDI \u00e0 Gaza a \u00e9t\u00e9 pleinement soutenue par Washington, qui per\u00e7oit le g\u00e9nocide comme une composante cl\u00e9 de l&rsquo;escalade dans une guerre r\u00e9gionale qui vise<strong> l&rsquo;Iran<\/strong>. Ce conflit, via lequel l&rsquo;imp\u00e9rialisme am\u00e9ricain cherche \u00e0 consolider son h\u00e9g\u00e9monie sur le Moyen-Orient riche en \u00e9nergie, constitue un front dans une guerre tiers-mondiste au d\u00e9veloppement rapide entre les principales puissances en vue d&rsquo;une nouvelle division du monde.<\/p>\n<p>Mettre un terme au g\u00e9nocide de Gaza et \u00e0 la guerre imp\u00e9rialiste requiert la mise en place d&rsquo;un mouvement international contre la guerre dirig\u00e9 par la classe ouvri\u00e8re. Dans des conditions o\u00f9 les puissances imp\u00e9rialistes r\u00e9priment toutes les formes d&rsquo;opposition \u00e0 la guerre et au g\u00e9nocide avec une extr\u00eame violence, les travailleurs doivent r\u00e9pondre dans chaque pays en mobilisant politiquement sur base d&rsquo;un programme socialiste et internationaliste afin de mettre un terme au syst\u00e8me du profit capitaliste, lequel actuellement ressuscite toutes les horreurs du 20e si\u00e8cle.<\/p>\n<p style=\"text-align: center;\">*****<\/p>\n<p>Publi\u00e9 le 24 avril 2024 sur <a href=\"https:\/\/www.wsws.org\/en\/articles\/2024\/04\/24\/cvig-a24.html\" target=\"_blank\" rel=\"noopener\">World Socialist Website<\/a><br \/>\nTraduction : Jean-Marie Fl\u00e9mal, <a href=\"https:\/\/charleroi-pourlapalestine.be\/\">Charleroi pour la Palestine<\/a><\/p>\n","protected":false},"excerpt":{"rendered":"<p>Les sc\u00e8nes inhumaines qui se sont d\u00e9roul\u00e9es \u00e0 Khan Younis et \u00e0 Gaza, qui \u00e9voquent les autres g\u00e9nocides du 20e si\u00e8cle, soulignent la barbarie du r\u00e9gime isra\u00e9lien soutenu par les imp\u00e9rialistes<\/p>\n","protected":false},"author":1,"featured_media":0,"comment_status":"closed","ping_status":"closed","sticky":false,"template":"","format":"standard","meta":{"ngg_post_thumbnail":0,"footnotes":""},"categories":[931,6,344],"tags":[],"class_list":["post-71078","post","type-post","status-publish","format-standard","hentry","category-famine","category-gaza","category-genocide"],"yoast_head":"<!-- This site is optimized with the Yoast SEO plugin v27.3 - https:\/\/yoast.com\/product\/yoast-seo-wordpress\/ -->\n<title>Le nombre de corps d\u00e9couverts dans les fosses communes de l&#039;h\u00f4pital palestinien est pass\u00e9 \u00e0 310<\/title>\n<meta name=\"description\" content=\"Le nombre de morts d\u00e9couverts dans quatre fosses communes \u00e0 l&#039;h\u00f4pital Nasser de Khan Younis est pass\u00e9 \u00e0 310 au moins, ce mardi.\" \/>\n<meta name=\"robots\" content=\"index, follow, max-snippet:-1, max-image-preview:large, max-video-preview:-1\" \/>\n<link rel=\"canonical\" href=\"https:\/\/charleroi-pourlapalestine.be\/index.php\/2024\/04\/25\/le-nombre-de-corps-decouverts-dans-les-fosses-communes-de-lhopital-palestinien-est-passe-a-310\/\" \/>\n<script type=\"application\/ld+json\" class=\"yoast-schema-graph\">{\"@context\":\"https:\\\/\\\/schema.org\",\"@graph\":[{\"@type\":\"Article\",\"@id\":\"https:\\\/\\\/charleroi-pourlapalestine.be\\\/index.php\\\/2024\\\/04\\\/25\\\/le-nombre-de-corps-decouverts-dans-les-fosses-communes-de-lhopital-palestinien-est-passe-a-310\\\/#article\",\"isPartOf\":{\"@id\":\"https:\\\/\\\/charleroi-pourlapalestine.be\\\/index.php\\\/2024\\\/04\\\/25\\\/le-nombre-de-corps-decouverts-dans-les-fosses-communes-de-lhopital-palestinien-est-passe-a-310\\\/\"},\"author\":{\"name\":\"admin1873\",\"@id\":\"https:\\\/\\\/charleroi-pourlapalestine.be\\\/#\\\/schema\\\/person\\\/c19ff515112f1299d8c12671d8fe3faa\"},\"headline\":\"Le nombre de corps d\u00e9couverts dans les fosses communes de l&rsquo;h\u00f4pital palestinien est pass\u00e9 \u00e0 310\",\"datePublished\":\"2024-04-25T11:29:26+00:00\",\"dateModified\":\"2024-04-25T11:29:33+00:00\",\"mainEntityOfPage\":{\"@id\":\"https:\\\/\\\/charleroi-pourlapalestine.be\\\/index.php\\\/2024\\\/04\\\/25\\\/le-nombre-de-corps-decouverts-dans-les-fosses-communes-de-lhopital-palestinien-est-passe-a-310\\\/\"},\"wordCount\":1985,\"publisher\":{\"@id\":\"https:\\\/\\\/charleroi-pourlapalestine.be\\\/#organization\"},\"image\":{\"@id\":\"https:\\\/\\\/charleroi-pourlapalestine.be\\\/index.php\\\/2024\\\/04\\\/25\\\/le-nombre-de-corps-decouverts-dans-les-fosses-communes-de-lhopital-palestinien-est-passe-a-310\\\/#primaryimage\"},\"thumbnailUrl\":\"https:\\\/\\\/charleroi-pourlapalestine.be\\\/wp-content\\\/uploads\\\/2024\\\/04\\\/Gaza-Deir-al-Balah.jpg\",\"articleSection\":[\"Famine\",\"Gaza\",\"G\u00e9nocide\"],\"inLanguage\":\"fr-FR\"},{\"@type\":\"WebPage\",\"@id\":\"https:\\\/\\\/charleroi-pourlapalestine.be\\\/index.php\\\/2024\\\/04\\\/25\\\/le-nombre-de-corps-decouverts-dans-les-fosses-communes-de-lhopital-palestinien-est-passe-a-310\\\/\",\"url\":\"https:\\\/\\\/charleroi-pourlapalestine.be\\\/index.php\\\/2024\\\/04\\\/25\\\/le-nombre-de-corps-decouverts-dans-les-fosses-communes-de-lhopital-palestinien-est-passe-a-310\\\/\",\"name\":\"Le nombre de corps d\u00e9couverts dans les fosses communes de l'h\u00f4pital palestinien est pass\u00e9 \u00e0 310\",\"isPartOf\":{\"@id\":\"https:\\\/\\\/charleroi-pourlapalestine.be\\\/#website\"},\"primaryImageOfPage\":{\"@id\":\"https:\\\/\\\/charleroi-pourlapalestine.be\\\/index.php\\\/2024\\\/04\\\/25\\\/le-nombre-de-corps-decouverts-dans-les-fosses-communes-de-lhopital-palestinien-est-passe-a-310\\\/#primaryimage\"},\"image\":{\"@id\":\"https:\\\/\\\/charleroi-pourlapalestine.be\\\/index.php\\\/2024\\\/04\\\/25\\\/le-nombre-de-corps-decouverts-dans-les-fosses-communes-de-lhopital-palestinien-est-passe-a-310\\\/#primaryimage\"},\"thumbnailUrl\":\"https:\\\/\\\/charleroi-pourlapalestine.be\\\/wp-content\\\/uploads\\\/2024\\\/04\\\/Gaza-Deir-al-Balah.jpg\",\"datePublished\":\"2024-04-25T11:29:26+00:00\",\"dateModified\":\"2024-04-25T11:29:33+00:00\",\"description\":\"Le nombre de morts d\u00e9couverts dans quatre fosses communes \u00e0 l'h\u00f4pital Nasser de Khan Younis est pass\u00e9 \u00e0 310 au moins, ce mardi.\",\"breadcrumb\":{\"@id\":\"https:\\\/\\\/charleroi-pourlapalestine.be\\\/index.php\\\/2024\\\/04\\\/25\\\/le-nombre-de-corps-decouverts-dans-les-fosses-communes-de-lhopital-palestinien-est-passe-a-310\\\/#breadcrumb\"},\"inLanguage\":\"fr-FR\",\"potentialAction\":[{\"@type\":\"ReadAction\",\"target\":[\"https:\\\/\\\/charleroi-pourlapalestine.be\\\/index.php\\\/2024\\\/04\\\/25\\\/le-nombre-de-corps-decouverts-dans-les-fosses-communes-de-lhopital-palestinien-est-passe-a-310\\\/\"]}]},{\"@type\":\"ImageObject\",\"inLanguage\":\"fr-FR\",\"@id\":\"https:\\\/\\\/charleroi-pourlapalestine.be\\\/index.php\\\/2024\\\/04\\\/25\\\/le-nombre-de-corps-decouverts-dans-les-fosses-communes-de-lhopital-palestinien-est-passe-a-310\\\/#primaryimage\",\"url\":\"\",\"contentUrl\":\"\"},{\"@type\":\"BreadcrumbList\",\"@id\":\"https:\\\/\\\/charleroi-pourlapalestine.be\\\/index.php\\\/2024\\\/04\\\/25\\\/le-nombre-de-corps-decouverts-dans-les-fosses-communes-de-lhopital-palestinien-est-passe-a-310\\\/#breadcrumb\",\"itemListElement\":[{\"@type\":\"ListItem\",\"position\":1,\"name\":\"Accueil\",\"item\":\"https:\\\/\\\/charleroi-pourlapalestine.be\\\/\"},{\"@type\":\"ListItem\",\"position\":2,\"name\":\"Le nombre de corps d\u00e9couverts dans les fosses communes de l&#8217;h\u00f4pital palestinien est pass\u00e9 \u00e0 310\"}]},{\"@type\":\"WebSite\",\"@id\":\"https:\\\/\\\/charleroi-pourlapalestine.be\\\/#website\",\"url\":\"https:\\\/\\\/charleroi-pourlapalestine.be\\\/\",\"name\":\"Charleroi Pour la Palestine\",\"description\":\"\",\"publisher\":{\"@id\":\"https:\\\/\\\/charleroi-pourlapalestine.be\\\/#organization\"},\"potentialAction\":[{\"@type\":\"SearchAction\",\"target\":{\"@type\":\"EntryPoint\",\"urlTemplate\":\"https:\\\/\\\/charleroi-pourlapalestine.be\\\/?s={search_term_string}\"},\"query-input\":{\"@type\":\"PropertyValueSpecification\",\"valueRequired\":true,\"valueName\":\"search_term_string\"}}],\"inLanguage\":\"fr-FR\"},{\"@type\":\"Organization\",\"@id\":\"https:\\\/\\\/charleroi-pourlapalestine.be\\\/#organization\",\"name\":\"Plate-forme Charleroi-Palestine\",\"url\":\"https:\\\/\\\/charleroi-pourlapalestine.be\\\/\",\"logo\":{\"@type\":\"ImageObject\",\"inLanguage\":\"fr-FR\",\"@id\":\"https:\\\/\\\/charleroi-pourlapalestine.be\\\/#\\\/schema\\\/logo\\\/image\\\/\",\"url\":\"https:\\\/\\\/charleroi-pourlapalestine.be\\\/wp-content\\\/uploads\\\/2020\\\/01\\\/logo-Copy.jpg\",\"contentUrl\":\"https:\\\/\\\/charleroi-pourlapalestine.be\\\/wp-content\\\/uploads\\\/2020\\\/01\\\/logo-Copy.jpg\",\"width\":180,\"height\":180,\"caption\":\"Plate-forme Charleroi-Palestine\"},\"image\":{\"@id\":\"https:\\\/\\\/charleroi-pourlapalestine.be\\\/#\\\/schema\\\/logo\\\/image\\\/\"},\"sameAs\":[\"https:\\\/\\\/www.facebook.com\\\/PlateformeCharleroiPalestine\\\/\",\"https:\\\/\\\/x.com\\\/LaCharleroi\"]},{\"@type\":\"Person\",\"@id\":\"https:\\\/\\\/charleroi-pourlapalestine.be\\\/#\\\/schema\\\/person\\\/c19ff515112f1299d8c12671d8fe3faa\",\"name\":\"admin1873\",\"url\":\"https:\\\/\\\/charleroi-pourlapalestine.be\\\/index.php\\\/author\\\/admin1873\\\/\"}]}<\/script>\n<!-- \/ Yoast SEO plugin. -->","yoast_head_json":{"title":"Le nombre de corps d\u00e9couverts dans les fosses communes de l'h\u00f4pital palestinien est pass\u00e9 \u00e0 310","description":"Le nombre de morts d\u00e9couverts dans quatre fosses communes \u00e0 l'h\u00f4pital Nasser de Khan Younis est pass\u00e9 \u00e0 310 au moins, ce mardi.","robots":{"index":"index","follow":"follow","max-snippet":"max-snippet:-1","max-image-preview":"max-image-preview:large","max-video-preview":"max-video-preview:-1"},"canonical":"https:\/\/charleroi-pourlapalestine.be\/index.php\/2024\/04\/25\/le-nombre-de-corps-decouverts-dans-les-fosses-communes-de-lhopital-palestinien-est-passe-a-310\/","schema":{"@context":"https:\/\/schema.org","@graph":[{"@type":"Article","@id":"https:\/\/charleroi-pourlapalestine.be\/index.php\/2024\/04\/25\/le-nombre-de-corps-decouverts-dans-les-fosses-communes-de-lhopital-palestinien-est-passe-a-310\/#article","isPartOf":{"@id":"https:\/\/charleroi-pourlapalestine.be\/index.php\/2024\/04\/25\/le-nombre-de-corps-decouverts-dans-les-fosses-communes-de-lhopital-palestinien-est-passe-a-310\/"},"author":{"name":"admin1873","@id":"https:\/\/charleroi-pourlapalestine.be\/#\/schema\/person\/c19ff515112f1299d8c12671d8fe3faa"},"headline":"Le nombre de corps d\u00e9couverts dans les fosses communes de l&rsquo;h\u00f4pital palestinien est pass\u00e9 \u00e0 310","datePublished":"2024-04-25T11:29:26+00:00","dateModified":"2024-04-25T11:29:33+00:00","mainEntityOfPage":{"@id":"https:\/\/charleroi-pourlapalestine.be\/index.php\/2024\/04\/25\/le-nombre-de-corps-decouverts-dans-les-fosses-communes-de-lhopital-palestinien-est-passe-a-310\/"},"wordCount":1985,"publisher":{"@id":"https:\/\/charleroi-pourlapalestine.be\/#organization"},"image":{"@id":"https:\/\/charleroi-pourlapalestine.be\/index.php\/2024\/04\/25\/le-nombre-de-corps-decouverts-dans-les-fosses-communes-de-lhopital-palestinien-est-passe-a-310\/#primaryimage"},"thumbnailUrl":"https:\/\/charleroi-pourlapalestine.be\/wp-content\/uploads\/2024\/04\/Gaza-Deir-al-Balah.jpg","articleSection":["Famine","Gaza","G\u00e9nocide"],"inLanguage":"fr-FR"},{"@type":"WebPage","@id":"https:\/\/charleroi-pourlapalestine.be\/index.php\/2024\/04\/25\/le-nombre-de-corps-decouverts-dans-les-fosses-communes-de-lhopital-palestinien-est-passe-a-310\/","url":"https:\/\/charleroi-pourlapalestine.be\/index.php\/2024\/04\/25\/le-nombre-de-corps-decouverts-dans-les-fosses-communes-de-lhopital-palestinien-est-passe-a-310\/","name":"Le nombre de corps d\u00e9couverts dans les fosses communes de l'h\u00f4pital palestinien est pass\u00e9 \u00e0 310","isPartOf":{"@id":"https:\/\/charleroi-pourlapalestine.be\/#website"},"primaryImageOfPage":{"@id":"https:\/\/charleroi-pourlapalestine.be\/index.php\/2024\/04\/25\/le-nombre-de-corps-decouverts-dans-les-fosses-communes-de-lhopital-palestinien-est-passe-a-310\/#primaryimage"},"image":{"@id":"https:\/\/charleroi-pourlapalestine.be\/index.php\/2024\/04\/25\/le-nombre-de-corps-decouverts-dans-les-fosses-communes-de-lhopital-palestinien-est-passe-a-310\/#primaryimage"},"thumbnailUrl":"https:\/\/charleroi-pourlapalestine.be\/wp-content\/uploads\/2024\/04\/Gaza-Deir-al-Balah.jpg","datePublished":"2024-04-25T11:29:26+00:00","dateModified":"2024-04-25T11:29:33+00:00","description":"Le nombre de morts d\u00e9couverts dans quatre fosses communes \u00e0 l'h\u00f4pital Nasser de Khan Younis est pass\u00e9 \u00e0 310 au moins, ce mardi.","breadcrumb":{"@id":"https:\/\/charleroi-pourlapalestine.be\/index.php\/2024\/04\/25\/le-nombre-de-corps-decouverts-dans-les-fosses-communes-de-lhopital-palestinien-est-passe-a-310\/#breadcrumb"},"inLanguage":"fr-FR","potentialAction":[{"@type":"ReadAction","target":["https:\/\/charleroi-pourlapalestine.be\/index.php\/2024\/04\/25\/le-nombre-de-corps-decouverts-dans-les-fosses-communes-de-lhopital-palestinien-est-passe-a-310\/"]}]},{"@type":"ImageObject","inLanguage":"fr-FR","@id":"https:\/\/charleroi-pourlapalestine.be\/index.php\/2024\/04\/25\/le-nombre-de-corps-decouverts-dans-les-fosses-communes-de-lhopital-palestinien-est-passe-a-310\/#primaryimage","url":"","contentUrl":""},{"@type":"BreadcrumbList","@id":"https:\/\/charleroi-pourlapalestine.be\/index.php\/2024\/04\/25\/le-nombre-de-corps-decouverts-dans-les-fosses-communes-de-lhopital-palestinien-est-passe-a-310\/#breadcrumb","itemListElement":[{"@type":"ListItem","position":1,"name":"Accueil","item":"https:\/\/charleroi-pourlapalestine.be\/"},{"@type":"ListItem","position":2,"name":"Le nombre de corps d\u00e9couverts dans les fosses communes de l&#8217;h\u00f4pital palestinien est pass\u00e9 \u00e0 310"}]},{"@type":"WebSite","@id":"https:\/\/charleroi-pourlapalestine.be\/#website","url":"https:\/\/charleroi-pourlapalestine.be\/","name":"Charleroi Pour la Palestine","description":"","publisher":{"@id":"https:\/\/charleroi-pourlapalestine.be\/#organization"},"potentialAction":[{"@type":"SearchAction","target":{"@type":"EntryPoint","urlTemplate":"https:\/\/charleroi-pourlapalestine.be\/?s={search_term_string}"},"query-input":{"@type":"PropertyValueSpecification","valueRequired":true,"valueName":"search_term_string"}}],"inLanguage":"fr-FR"},{"@type":"Organization","@id":"https:\/\/charleroi-pourlapalestine.be\/#organization","name":"Plate-forme Charleroi-Palestine","url":"https:\/\/charleroi-pourlapalestine.be\/","logo":{"@type":"ImageObject","inLanguage":"fr-FR","@id":"https:\/\/charleroi-pourlapalestine.be\/#\/schema\/logo\/image\/","url":"https:\/\/charleroi-pourlapalestine.be\/wp-content\/uploads\/2020\/01\/logo-Copy.jpg","contentUrl":"https:\/\/charleroi-pourlapalestine.be\/wp-content\/uploads\/2020\/01\/logo-Copy.jpg","width":180,"height":180,"caption":"Plate-forme Charleroi-Palestine"},"image":{"@id":"https:\/\/charleroi-pourlapalestine.be\/#\/schema\/logo\/image\/"},"sameAs":["https:\/\/www.facebook.com\/PlateformeCharleroiPalestine\/","https:\/\/x.com\/LaCharleroi"]},{"@type":"Person","@id":"https:\/\/charleroi-pourlapalestine.be\/#\/schema\/person\/c19ff515112f1299d8c12671d8fe3faa","name":"admin1873","url":"https:\/\/charleroi-pourlapalestine.be\/index.php\/author\/admin1873\/"}]}},"_links":{"self":[{"href":"https:\/\/charleroi-pourlapalestine.be\/index.php\/wp-json\/wp\/v2\/posts\/71078","targetHints":{"allow":["GET"]}}],"collection":[{"href":"https:\/\/charleroi-pourlapalestine.be\/index.php\/wp-json\/wp\/v2\/posts"}],"about":[{"href":"https:\/\/charleroi-pourlapalestine.be\/index.php\/wp-json\/wp\/v2\/types\/post"}],"author":[{"embeddable":true,"href":"https:\/\/charleroi-pourlapalestine.be\/index.php\/wp-json\/wp\/v2\/users\/1"}],"replies":[{"embeddable":true,"href":"https:\/\/charleroi-pourlapalestine.be\/index.php\/wp-json\/wp\/v2\/comments?post=71078"}],"version-history":[{"count":0,"href":"https:\/\/charleroi-pourlapalestine.be\/index.php\/wp-json\/wp\/v2\/posts\/71078\/revisions"}],"wp:attachment":[{"href":"https:\/\/charleroi-pourlapalestine.be\/index.php\/wp-json\/wp\/v2\/media?parent=71078"}],"wp:term":[{"taxonomy":"category","embeddable":true,"href":"https:\/\/charleroi-pourlapalestine.be\/index.php\/wp-json\/wp\/v2\/categories?post=71078"},{"taxonomy":"post_tag","embeddable":true,"href":"https:\/\/charleroi-pourlapalestine.be\/index.php\/wp-json\/wp\/v2\/tags?post=71078"}],"curies":[{"name":"wp","href":"https:\/\/api.w.org\/{rel}","templated":true}]}}