{"id":71087,"date":"2024-04-27T14:14:00","date_gmt":"2024-04-27T12:14:00","guid":{"rendered":"https:\/\/charleroi-pourlapalestine.be\/?p=71087"},"modified":"2024-04-27T14:42:03","modified_gmt":"2024-04-27T12:42:03","slug":"ne-touchez-pas-a-mohammed-khatib-soutenons-la-palestine-em","status":"publish","type":"post","link":"https:\/\/charleroi-pourlapalestine.be\/index.php\/2024\/04\/27\/ne-touchez-pas-a-mohammed-khatib-soutenons-la-palestine-em\/","title":{"rendered":"Samidoun : \u00ab\u00a0Ne touchez pas \u00e0 Mohammed Khatib ! Soutenons la Palestine\u00a0\u00bb !"},"content":{"rendered":"<p>Le r\u00e9seau Samidoun de solidarit\u00e9 avec les prisonniers palestiniens est solidaire avec son coordinateur pour l&rsquo;Europe, Mohammed Khatib, et appelle \u00e0 l\u2019expression d&rsquo;une solidarit\u00e9 et d&rsquo;un soutien les plus larges possible contre le ciblage et la r\u00e9pression dont il fait l&rsquo;objet.<\/p>\n<p>&nbsp;<\/p>\n<p><img loading=\"lazy\" decoding=\"async\" class=\"aligncenter wp-image-71110 size-full\" src=\"https:\/\/charleroi-pourlapalestine.be\/wp-content\/uploads\/2024\/04\/De-Moor-Mohammed-Khatib-e1714055701974.jpg\" alt=\"Photocomposition : Mohammed Khatib, Nicole De Moor\" width=\"1080\" height=\"744\" srcset=\"https:\/\/charleroi-pourlapalestine.be\/wp-content\/uploads\/2024\/04\/De-Moor-Mohammed-Khatib-e1714055701974.jpg 1080w, https:\/\/charleroi-pourlapalestine.be\/wp-content\/uploads\/2024\/04\/De-Moor-Mohammed-Khatib-e1714055701974-300x207.jpg 300w, https:\/\/charleroi-pourlapalestine.be\/wp-content\/uploads\/2024\/04\/De-Moor-Mohammed-Khatib-e1714055701974-1024x705.jpg 1024w, https:\/\/charleroi-pourlapalestine.be\/wp-content\/uploads\/2024\/04\/De-Moor-Mohammed-Khatib-e1714055701974-768x529.jpg 768w\" sizes=\"auto, (max-width: 1080px) 100vw, 1080px\" \/><\/p>\n<p>&nbsp;<\/p>\n<p><strong>Nous faisons remarquer qu&rsquo;il ne s&rsquo;agit pas uniquement d&rsquo;une tentative de cibler Mohammed en tant qu&rsquo;individu et Samidoun en tant qu&rsquo;organisation, mais qu&rsquo;il s&rsquo;agit avant tout d&rsquo;une tentative de faire taire la voix croissante et massive du peuple qui se tient aux c\u00f4t\u00e9s de la Palestine contre le g\u00e9nocide<\/strong>, et plus particuli\u00e8rement de faire taire le mouvement de lib\u00e9ration des prisonniers palestiniens et de d\u00e9fendre la l\u00e9gitimit\u00e9 et le bien-fond\u00e9 de la r\u00e9sistance palestinienne, et plus sp\u00e9cifiqueme de la r\u00e9sistance arm\u00e9e.<\/p>\n<p><a href=\"https:\/\/samidoun.net\/2024\/04\/statement-hands-off-mohammed-khatib-stand-with-palestine\/#signon\" target=\"_blank\" rel=\"noopener\"><strong>Signez pour soutenir la campagne de d\u00e9fense de Mohammed, de Samidoun et de la Palestine<\/strong><\/a><\/p>\n<p>&nbsp;<\/p>\n<p>Le 15 avril 2024, Nicole De Moor, secr\u00e9taire belge \u00e0 l&rsquo;Asile et \u00e0 la Migration, annon\u00e7ait dans une d\u00e9claration publique qu&rsquo;elle demandait aux services d&rsquo;immigration belges de retirer le statut de r\u00e9fugi\u00e9 \u00e0 Mohammed Khatib. Mohammed, n\u00e9 dans le camp de r\u00e9fugi\u00e9s de Ain el-Helweh au Liban, a \u00e9t\u00e9 un r\u00e9fugi\u00e9 toute sa vie, priv\u00e9 de son droit de retourner chez lui dans sa patrie en Palestine, d&rsquo;o\u00f9 sa famille a \u00e9t\u00e9 expuls\u00e9e de force lors de la conqu\u00eate sioniste de la Nakba, en 1947-1948. <strong>La d\u00e9claration de Mme De Moor est, par essence, une tentative de d\u00e9placer une fois de plus un r\u00e9fugi\u00e9 palestinien qui a d\u00e9j\u00e0 \u00e9t\u00e9 d\u00e9plac\u00e9 \u00e0 de multiples reprises en raison du colonialisme, de l&rsquo;imp\u00e9rialisme, de la guerre et de l&rsquo;exploitation.<\/strong><\/p>\n<h3>\n<p>Le mouvement grandissant pour la lib\u00e9ration de la Palestine<\/h3>\n<p>De Moor a qualifi\u00e9 Mohammed Khatib de<em> \u00ab\u00a0pr\u00eacheur de haine\u00a0\u00bb<\/em>, illustrant par ces termes le dernier exemple en date de l&rsquo;inversion totale de la r\u00e9alit\u00e9 pratiqu\u00e9e par les responsables europ\u00e9ens, am\u00e9ricains et canadiens. Un g\u00e9nocide est actuellement perp\u00e9tr\u00e9 par les forces d&rsquo;occupation isra\u00e9liennes contre le peuple palestinien \u00e0 Gaza, un g\u00e9nocide qui suscite une intense indignation mondiale contre le r\u00e9gime sioniste, entra\u00eenant des manifestations dans les rues de Belgique depuis plus de six mois, r\u00e9unissant des dizaines et des centaines de milliers de personnes, mais aussi des actions directes visant les banques et les fabricants d&rsquo;armes, ainsi qu\u2019un mouvement \u00e9tudiant pour la Palestine en plein essor, parall\u00e8le \u00e0 celui observ\u00e9 sur les campus am\u00e9ricains comme Columbia, Rutgers et ailleurs; et une mobilisation \u00e0 grande \u00e9chelle au sein de la population palestinienne en Belgique.<\/p>\n<p>Alors que le mouvement mondial de soutien \u00e0 la Palestine, au peuple palestinien et \u00e0 sa r\u00e9sistance s&rsquo;est d\u00e9velopp\u00e9 au-del\u00e0 des fronti\u00e8res et des continents, amenant des millions de personnes \u00e0 se mobiliser au c\u0153ur du noyau imp\u00e9rialiste, il a \u00e9t\u00e9 confront\u00e9 \u00e0 une s\u00e9v\u00e8re r\u00e9pression de la part des m\u00eames \u00c9tats qui arment et financent le g\u00e9nocide sioniste \u00e0 Gaza. Ce n&rsquo;est pas la seule attaque en Belgique ; les manifestations organis\u00e9es par Samidoun \u00e0 Bruxelles ont \u00e9t\u00e9 annul\u00e9es et interdites par la police.<a href=\"https:\/\/zintv.org\/palestine-un-cri-etouffe-jusque-dans-le-monde-associatif-et-mediatique-bruxellois\/\" target=\"_blank\" rel=\"noopener\"> ZINTV, un collectif ind\u00e9pendant,<\/a>&nbsp; a accueilli un \u00e9v\u00e9nement organis\u00e9 par Samidoun sur la r\u00e9pression en Europe visant la Palestine en octobre 2023; depuis lors, ils ont \u00e9t\u00e9 menac\u00e9s par le gouvernement local (la commune de Jette) et, quelques mois plus tard, en mars 2024, ils ont fait l&rsquo;objet d&rsquo;une descente de police soudaine et d&rsquo;une enqu\u00eate sur le <em>\u00ab\u00a0financement du terrorisme\u00a0\u00bb<\/em> en repr\u00e9sailles \u00e0 l&rsquo;organisation de cet \u00e9v\u00e9nement politique public.<\/p>\n<p>&nbsp;<\/p>\n<h3>R\u00e9pression contre les Palestiniens qui s&rsquo;organisent en Europe<\/h3>\n<p>En Allemagne, probablement l\u2019exemple le plus extr\u00eame, des organisations palestiniennes, dont Samidoun, ont \u00e9t\u00e9 interdites. Des militants comme <a href=\"https:\/\/samidoun.net\/2023\/12\/video-how-to-resist-eu-state-led-crackdown-on-pro-palestinian-solidarity-with-zaid-abdulnasser\/\" target=\"_blank\" rel=\"noopener\"><strong>Zaid Abdulnasser<\/strong> <\/a>et<a href=\"https:\/\/samidoun.net\/2023\/10\/musaab-abu-atta-speaks-to-palestine-today-about-political-bans-in-germany\/\" target=\"_blank\" rel=\"noopener\"><strong> Musaab Abu Att<\/strong>a<\/a> ont fait l&rsquo;objet d&rsquo;interdictions politiques, suivis peu apr\u00e8s par <a href=\"https:\/\/www.aljazeera.com\/news\/2024\/4\/12\/germany-cancels-pro-palestine-event-bars-entry-to-gaza-war-witness\" target=\"_blank\" rel=\"noopener\"><strong>d&rsquo;\u00e9minentes personnalit\u00e9s internationales, dont Salman Abu Sitta, le Dr Ghassan Abu Sittah et Yanis Varoufakis<\/strong><\/a>. Des manifestations et des conf\u00e9rences ont \u00e9t\u00e9 interrompues de force et dispers\u00e9es par la police allemande, qui a battu les manifestants dans les rues de toutes les villes du pays. Des centaines de personnes ont \u00e9t\u00e9 arr\u00eat\u00e9es. Des descentes de police ont eu lieu au domicile de Palestiniens et de militants de la solidarit\u00e9 avec la Palestine, dans le cadre de campagnes m\u00e9diatiques de diffamation soutenues par le gouvernement. Des dizaines de Palestiniens font l&rsquo;objet de proc\u00e9dures visant \u00e0 leur retirer leur permis de s\u00e9jour, \u00e0 bloquer leur demande de citoyennet\u00e9 et \u00e0 les expulser du pays. Des organisations, notamment juives, qui s&rsquo;opposent au g\u00e9nocide ont vu leurs comptes bancaires ferm\u00e9s. Le niveau extr\u00eame de r\u00e9pression en Allemagne ne pr\u00e9sente pas seulement le spectre, mais la r\u00e9alit\u00e9 d&rsquo;une r\u00e9surgence du fascisme, alors m\u00eame que le gouvernement allemand a multipli\u00e9 par 10 ses exportations d&rsquo;armes vers le r\u00e9gime isra\u00e9lien depuis le 7 octobre 2023.<\/p>\n<p>Si l&rsquo;Allemagne est probablement l&rsquo;exemple le plus extr\u00eame de r\u00e9pression en Europe, elle n&rsquo;est h\u00e9las pas la seule. En France, qui a d\u00e9j\u00e0 cherch\u00e9 \u00e0 dissoudre ou \u00e0 interdire des organisations de solidarit\u00e9 avec la Palestine comme le <a href=\"https:\/\/palestinevaincra.com\/\" target=\"_blank\" rel=\"noopener\"><strong>Collectif Palestine Vaincra<\/strong><\/a> et le Comit\u00e9 Action Palestine, <a href=\"https:\/\/palestinevaincra.com\/2024\/04\/face-a-la-radicalisation-autoritaire-du-gouvernement-faisons-front\/\" target=\"_blank\" rel=\"noopener\"><strong>plus de 628 dossiers ont \u00e9t\u00e9 ouverts par des procureurs<\/strong><\/a> cherchant \u00e0 enqu\u00eater ou \u00e0 poursuivre des personnes pour avoir fait des d\u00e9clarations en faveur de la r\u00e9sistance palestinienne, tandis que des fonctionnaires et des politiciens d&rsquo;extr\u00eame droite menacent de dissoudre Samidoun Paris Banlieue, CAPJPO EuroPalestine, Urgence Palestine et d&rsquo;autres mouvements de masse. Des manifestations ont lieu actuellement dans toute la France, mais cela n&rsquo;a \u00e9t\u00e9 rendu possible que par un mouvement de d\u00e9sob\u00e9issance massive qui a permis de mettre en \u00e9chec la tentative d&rsquo;interdiction des manifestations pour la Palestine dans tout le pays, en octobre et novembre 2023.<\/p>\n<p>En Espagne, aux Pays-Bas et dans d&rsquo;autres pays europ\u00e9ens, les attaques contre les organisateurs pour la Palestine se poursuivent. Bien s\u00fbr, les exemples les plus extr\u00eames de cette r\u00e9pression sont les prisonniers politiques pour la Palestine dans les prisons europ\u00e9ennes, y compris <a href=\"https:\/\/charleroi-pourlapalestine.be\/index.php\/tag\/georges-abdallah\/\"><strong>Georges Abdallah<\/strong><\/a>, emprisonn\u00e9 depuis pr\u00e8s de 40 ans en France; <a href=\"https:\/\/charleroi-pourlapalestine.be\/index.php\/tag\/amin-abu-rashed\/\"><strong>Amin Abu Rashed<\/strong><\/a>, emprisonn\u00e9 depuis plus de 300 jours aux Pays-Bas ; et les cas \u00e9mergents en Italie, aux Pays-Bas, en Allemagne et dans d&rsquo;autres \u00c9tats.<\/p>\n<p>Aux Pays-Bas et en Suisse, en particulier, l&rsquo;ambassade d&rsquo;Isra\u00ebl et des organisations sionistes ont tent\u00e9 \u00e0 plusieurs reprises d&#8217;emp\u00eacher la tenue d&rsquo;\u00e9v\u00e9nements au cours desquels Mohammed Khatib \u00e9tait invit\u00e9 \u00e0 prendre la parole. Ces tentatives ont \u00e9chou\u00e9, en grande partie gr\u00e2ce au fait que Mohammed est d\u00e9j\u00e0 r\u00e9sident belge. L&rsquo;ambassadrice d&rsquo;Isra\u00ebl en Belgique, relay\u00e9e par des figures de l\u2019extr\u00eame droite belge, a demand\u00e9 \u00e0 plusieurs reprises que Samidoun soit interdit et que nos \u00e9v\u00e9nements soient r\u00e9duits au silence. <strong>Il est difficile de voir dans ces derni\u00e8res attaques autre chose qu&rsquo;une tentative d&rsquo;apaiser le m\u00eame r\u00e9gime sioniste qui tue actuellement plus de 40 000 Palestiniens \u00e0 Gaza et bombarde des h\u00f4pitaux, des \u00e9coles, des mosqu\u00e9es, des \u00e9glises, des immeubles r\u00e9sidentiels et des camps de r\u00e9fugi\u00e9s.<\/strong><\/p>\n<h3>\n<p>L&rsquo;attaque contre Mohammed Khatib est une attaque contre nous tous<\/h3>\n<p>L&rsquo;attaque contre Mohammed Khatib et la menace envers son statut de r\u00e9fugi\u00e9 font partie int\u00e9grante de cette r\u00e9pression. <strong>Il s&rsquo;agit d&rsquo;une menace pour tous les autres Palestiniens et tous les autres r\u00e9fugi\u00e9s reconnus en Belgique : s&rsquo;ils s&rsquo;expriment &#8211; en particulier s&rsquo;ils s&rsquo;expriment haut et fort sur la lib\u00e9ration et la r\u00e9sistance palestiniennes &#8211; ils seront menac\u00e9s de perdre leur r\u00e9sidence et leurs moyens de subsistance.<\/strong> La ministre ne tente m\u00eame pas de pr\u00e9tendre que Mohammed et Samidoun ont fait autre chose qu&rsquo;organiser des manifestations, des protestations, des mobilisations de masse et des \u00e9v\u00e9nements d&rsquo;\u00e9ducation politique pour la Palestine en Belgique. Ainsi, le<em> \u00ab\u00a0niveau de menace 3 sur 4\u00a0\u00bb<\/em> identifi\u00e9 par des <em>\u00ab\u00a0agences de s\u00e9curit\u00e9\u00a0\u00bb<\/em> (sans que ces derni\u00e8res ne soient identifi\u00e9es) est li\u00e9 \u00e0 la \u00ab\u00a0menace\u00a0\u00bb pos\u00e9e par le mouvement croissant pour la lib\u00e9ration de la Palestine en Belgique. Tout cela est d&rsquo;autant plus scandaleux que la VRT, le radiodiffuseur public belge, note dans une interview de Mohammed Khatib que <a href=\"https:\/\/www.vrt.be\/vrtnws\/nl\/2024\/03\/29\/palestijnse-organisatie-samidoun\/\" target=\"_blank\" rel=\"noopener\"><em>\u00ab\u00a0les services de s\u00e9curit\u00e9 estiment principalement que l&rsquo;organisation [Samidoun] peut nuire aux relations internationales de la Belgique avec Isra\u00ebl\u00a0\u00bb<\/em><\/a>.<\/p>\n<p>&nbsp;<\/p>\n<h3>R\u00e9pression contre les prisonniers et contre la r\u00e9sistance<\/h3>\n<p>L&rsquo;attaque contre Mohammed et Samidoun vise sp\u00e9cifiquement \u00e0 faire taire le soutien aux prisonniers palestiniens. Il y a actuellement plus de 9 500 prisonniers palestiniens dans les prisons de l&rsquo;occupation isra\u00e9lienne. Des milliers d&rsquo;autres Palestiniens de Gaza ont \u00e9t\u00e9 enlev\u00e9s par le r\u00e9gime sioniste, en particulier des travailleurs de la sant\u00e9 et des civils dans les zones cibl\u00e9es par les invasions de l&rsquo;arm\u00e9e d&rsquo;occupation isra\u00e9lienne. Ces prisonniers palestiniens sont soumis \u00e0 de graves tortures, \u00e0 la famine et \u00e0 des abus de la part du syst\u00e8me p\u00e9nitentiaire isra\u00e9lien. En m\u00eame temps, les prisonniers palestiniens sont des leaders de la cause palestinienne, cibl\u00e9s pour leur r\u00f4le dans la r\u00e9sistance \u00e0 l&rsquo;occupation, de l&rsquo;organisation des \u00e9tudiants et des travailleurs \u00e0 la direction des forces arm\u00e9es. La lib\u00e9ration des prisonniers palestiniens est pr\u00e9cieuse pour l&rsquo;ensemble du peuple palestinien et pour sa r\u00e9sistance. Le r\u00e9gime isra\u00e9lien veut les isoler de leur peuple et de notre mouvement international &#8211; et c&rsquo;est la raison principale pour laquelle ils attaquent Samidoun et nous qualifient de \u00ab\u00a0terroristes\u00a0\u00bb. <strong>Nous nous engageons \u00e0 faire entendre encore plus fort et plus largement la demande de lib\u00e9ration de tous les prisonniers palestiniens.<\/strong><\/p>\n<p>En outre, il s&rsquo;agit \u00e9galement d&rsquo;une attaque contre la r\u00e9sistance palestinienne. De plus en plus de gens, partout dans le monde, reconnaissent clairement <strong>l&rsquo;ill\u00e9gitimit\u00e9 et le racisme du sionisme, la n\u00e9cessit\u00e9 d&rsquo;une Palestine libre du fleuve \u00e0 la mer, et la l\u00e9gitimit\u00e9 de la r\u00e9sistance palestinienne, en particulier de la lutte arm\u00e9e.<\/strong> Malgr\u00e9 toutes les tentatives de diffamation et de criminalisation des organisations de r\u00e9sistance palestinienne, y compris leur inscription sur la liste des<em> \u00ab\u00a0organisations terroristes\u00a0\u00bb<\/em> aux \u00c9tats-Unis, dans l&rsquo;Union europ\u00e9enne, en Grande-Bretagne et au Canada, les peuples du monde &#8211; et au sein m\u00eame du noyau imp\u00e9rialiste &#8211; reconnaissent que <strong>c&rsquo;est la r\u00e9sistance palestinienne (et les forces de r\u00e9sistance alli\u00e9es au Y\u00e9men, au Liban et dans toute la r\u00e9gion) qui d\u00e9fendent l&rsquo;humanit\u00e9 contre le g\u00e9nocide.<\/strong> Non seulement le droit des Palestiniens \u00e0 r\u00e9sister par tous les moyens est inscrit dans le droit international, mais il s&rsquo;agit d&rsquo;un droit fondamental et naturel de tout peuple soumis \u00e0 l&rsquo;occupation et \u00e0 la colonisation. Ces attaques, une fois de plus, ne visent pas seulement Mohammed et Samidoun, mais sont une tentative de criminaliser et de r\u00e9primer le soutien croissant \u00e0 la r\u00e9sistance sous toutes ses formes, en particulier la r\u00e9sistance arm\u00e9e, en Palestine.<\/p>\n<p>&nbsp;<\/p>\n<h3>Racisme anti-palestinien, imp\u00e9rialisme et droit au s\u00e9jour et au retour<\/h3>\n<p>Nous devons \u00e9galement souligner que cette attaque s&rsquo;inscrit dans le cadre du racisme structurel permanent contre les migrants en Belgique, en particulier contre les noirs, les Africains, les Arabes et les autres migrants de couleur. Des politiciens d\u2019extr\u00eame droite comme Theo Francken s&rsquo;engagent dans des campagnes \u00e9lectorales qui font la part belle \u00e0 l&rsquo;islamophobie et au racisme anti-arabe, tandis qu&rsquo;il brandit des photos de Mohammed au parlement belge et d\u00e9clare que les rues de Bruxelles <em>\u00ab\u00a0ressemblent \u00e0 Jenin ou \u00e0 Gaza\u00a0\u00bb,<\/em> dans le but d&rsquo;insulter ses habitants. Des enfants palestiniens ont \u00e9t\u00e9 d\u00e9chus de leur nationalit\u00e9 belge, tandis que les \u00e9nergies et les violences polici\u00e8res sont r\u00e9guli\u00e8rement dirig\u00e9es contre les communaut\u00e9s de couleur. Bien entendu, la migration vers la Belgique est elle-m\u00eame cons\u00e9quence du colonialisme et de l&rsquo;imp\u00e9rialisme qui rendent la vie difficile, voire impossible, dans le monde entier et imposent de ce fait une forme de migration forc\u00e9e aux peuples du Sud, <strong>tout en multipliant guerres, changements de r\u00e9gime, ing\u00e9rence et exploitation \u00e9conomique, vols des richesses et des ressources \u00e0 l\u2019encontre des peuples du Sud.<\/strong> Les Palestiniens qui se voient refuser le droit de rentrer chez eux depuis 76 ans ont v\u00e9cu des migrations forc\u00e9es, tout en \u00e9tant confront\u00e9s \u00e0 des r\u00e9gimes de pers\u00e9cution, de marginalisation et d&rsquo;exclusion permanentes, luttant simultan\u00e9ment pour le droit de rester et le droit de retourner dans leurs maisons et sur leurs terres en Palestine. <strong>La lutte pour d\u00e9fendre Mohammed est une lutte contre le racisme et la r\u00e9pression sous toutes leurs formes.<\/strong><\/p>\n<p><strong>Soutenez Mohammed Khatib. Aux c\u00f4t\u00e9s de Samidoun. Aux c\u00f4t\u00e9s des prisonniers palestiniens, de la r\u00e9sistance palestinienne et de la lib\u00e9ration de la Palestine, du fleuve \u00e0 la mer.<\/strong><\/p>\n<p>&nbsp;<\/p>\n<h3>Passez \u00e0 l&rsquo;action :<\/h3>\n<p>&nbsp;<\/p>\n<blockquote><p><strong>1. La chose la plus importante \u00e0 faire est de poursuivre et d&rsquo;intensifier les mobilisations, les actions directes, les campements et toutes les formes d&rsquo;organisation pour mettre fin au g\u00e9nocide \u00e0 Gaza et lib\u00e9rer la Palestine.<\/strong> Dans ce contexte, prenez position contre la r\u00e9pression et parlez de ce cas et d&rsquo;autres cas dans votre r\u00e9gion.<\/p>\n<p><strong>2. Signez la campagne de soutien \u00e0 Mohammed.<\/strong> <strong><a href=\"https:\/\/samidoun.net\/2024\/04\/statement-hands-off-mohammed-khatib-stand-with-palestine\/#signon\" target=\"_blank\" rel=\"noopener\">Cliquez ici<\/a> <\/strong>ou utilisez le formulaire ci-dessous pour apporter votre soutien !<\/p>\n<p><strong>3. Publier une d\u00e9claration de solidarit\u00e9.<\/strong> Publier une d\u00e9claration de solidarit\u00e9. Des organisations comme <strong><a href=\"https:\/\/charleroi-pourlapalestine.be\/index.php\/2024\/03\/19\/soutien-a-mohammed-khatib-et-samidoun\/\">Charleroi pour la Palestine<\/a>, <a href=\"https:\/\/www.instagram.com\/p\/C58LhPLNIqW\/?img_index=1\" target=\"_blank\" rel=\"noopener\">LABO<\/a>, <a href=\"https:\/\/upjb.be\/solidarite-avec-mohamed-khatib\/\" target=\"_blank\" rel=\"noopener\">UPJB,<\/a><a href=\"https:\/\/www.instagram.com\/p\/C50wykBt-f4\/?img_index=1\" target=\"_blank\" rel=\"noopener\"> Bruxelles Pantheres<\/a>, <a href=\"https:\/\/www.association-belgo-palestinienne.be\/ettre-ouverte-a-mme-de-moor-secretaire-detat-a-lasile-et-la-migration\/\" target=\"_blank\" rel=\"noopener\">ABP,<\/a><\/strong> l&rsquo;ont d\u00e9j\u00e0 fait. Publiez votre propre d\u00e9claration et indiquez clairement que Nicole de Moor ne parle pas au nom du peuple.<\/p>\n<p><strong>4. Invitez Mohammed \u00e0 prendre la parole.<\/strong> Qu&rsquo;il s&rsquo;agisse d&rsquo;un \u00e9v\u00e9nement local en Belgique ou ailleurs en Europe ou d&rsquo;un \u00e9v\u00e9nement virtuel, Mohammed peut parler de son cas et de la lutte plus large pour la lib\u00e9ration. Envoyez-nous un courriel \u00e0 <strong>supportmohammed@samidoun.net<\/strong> pour planifier un \u00e9v\u00e9nement.<\/p>\n<p><strong>5. Parlez des prisonniers palestiniens et de la R\u00e9sistance.<\/strong> Mettez en avant les cas des prisonniers palestiniens et leur lutte permanente pour la libert\u00e9 et la lib\u00e9ration. Soulignez les demandes du peuple palestinien et de sa r\u00e9sistance pour la lib\u00e9ration des prisonniers palestiniens dans le cadre d&rsquo;un v\u00e9ritable \u00e9change de prisonniers. Soutenez la l\u00e9gitimit\u00e9 de la r\u00e9sistance palestinienne.<\/p>\n<p><strong>6. Exigez que les organisations de r\u00e9sistance palestiniennes et libanaises soient retir\u00e9es des <em>\u00ab\u00a0listes terroristes\u00a0\u00bb<\/em> des \u00c9tats-Unis, de l&rsquo;Union europ\u00e9enne, du Canada, de la Grande-Bretagne et d&rsquo;autres pays.<\/strong> Ces organisations repr\u00e9sentent la volont\u00e9 et l&rsquo;engagement du peuple palestinien \u00e0 lib\u00e9rer sa terre de l&rsquo;occupation sioniste ill\u00e9gitime.<\/p><\/blockquote>\n<p><strong>Du fleuve \u00e0 la mer, la Palestine sera libre !<\/strong><\/p>\n<p style=\"text-align: center;\">*****<\/p>\n<p>Publi\u00e9 le 23 avril sur<strong> <a href=\"https:\/\/samidoun.net\/2024\/04\/statement-hands-off-mohammed-khatib-stand-with-palestine\/\" target=\"_blank\" rel=\"noopener\">Samidoun<\/a><\/strong><\/p>\n<p>&nbsp;<\/p>\n","protected":false},"excerpt":{"rendered":"<p>Soutenez Mohammed Khatib. Aux c\u00f4t\u00e9s de Samidoun. Aux c\u00f4t\u00e9s des prisonniers palestiniens, de la r\u00e9sistance palestinienne et de la lib\u00e9ration de la Palestine, du fleuve \u00e0 la mer.<\/p>\n","protected":false},"author":1,"featured_media":71110,"comment_status":"closed","ping_status":"closed","sticky":false,"template":"","format":"standard","meta":{"ngg_post_thumbnail":0,"footnotes":""},"categories":[362,25,866],"tags":[216,851],"class_list":["post-71087","post","type-post","status-publish","format-standard","has-post-thumbnail","hentry","category-repression-lautorite-palestinienne","category-la-resistance-palestinienne","category-samidoun","tag-georges-abdallah","tag-mohammed-khatib"],"yoast_head":"<!-- This site is optimized with the Yoast SEO plugin v27.3 - https:\/\/yoast.com\/product\/yoast-seo-wordpress\/ -->\n<title>Ne touchez pas \u00e0 Mohammed Khatib ! Soutenons la Palestine !<\/title>\n<meta name=\"description\" content=\"Soutenez Mohammed Khatib. Aux c\u00f4t\u00e9s de Samidoun, des prisonniers palestiniens et de la r\u00e9sistance palestinienne\" \/>\n<meta name=\"robots\" content=\"index, follow, max-snippet:-1, max-image-preview:large, max-video-preview:-1\" \/>\n<link rel=\"canonical\" href=\"https:\/\/charleroi-pourlapalestine.be\/index.php\/2024\/04\/27\/ne-touchez-pas-a-mohammed-khatib-soutenons-la-palestine-em\/\" \/>\n<script type=\"application\/ld+json\" class=\"yoast-schema-graph\">{\"@context\":\"https:\\\/\\\/schema.org\",\"@graph\":[{\"@type\":\"Article\",\"@id\":\"https:\\\/\\\/charleroi-pourlapalestine.be\\\/index.php\\\/2024\\\/04\\\/27\\\/ne-touchez-pas-a-mohammed-khatib-soutenons-la-palestine-em\\\/#article\",\"isPartOf\":{\"@id\":\"https:\\\/\\\/charleroi-pourlapalestine.be\\\/index.php\\\/2024\\\/04\\\/27\\\/ne-touchez-pas-a-mohammed-khatib-soutenons-la-palestine-em\\\/\"},\"author\":{\"name\":\"admin1873\",\"@id\":\"https:\\\/\\\/charleroi-pourlapalestine.be\\\/#\\\/schema\\\/person\\\/c19ff515112f1299d8c12671d8fe3faa\"},\"headline\":\"Samidoun : \u00ab\u00a0Ne touchez pas \u00e0 Mohammed Khatib ! Soutenons la Palestine\u00a0\u00bb !\",\"datePublished\":\"2024-04-27T12:14:00+00:00\",\"dateModified\":\"2024-04-27T12:42:03+00:00\",\"mainEntityOfPage\":{\"@id\":\"https:\\\/\\\/charleroi-pourlapalestine.be\\\/index.php\\\/2024\\\/04\\\/27\\\/ne-touchez-pas-a-mohammed-khatib-soutenons-la-palestine-em\\\/\"},\"wordCount\":2566,\"publisher\":{\"@id\":\"https:\\\/\\\/charleroi-pourlapalestine.be\\\/#organization\"},\"image\":{\"@id\":\"https:\\\/\\\/charleroi-pourlapalestine.be\\\/index.php\\\/2024\\\/04\\\/27\\\/ne-touchez-pas-a-mohammed-khatib-soutenons-la-palestine-em\\\/#primaryimage\"},\"thumbnailUrl\":\"https:\\\/\\\/charleroi-pourlapalestine.be\\\/wp-content\\\/uploads\\\/2024\\\/04\\\/De-Moor-Mohammed-Khatib-e1714055701974.jpg\",\"keywords\":[\"Georges Abdallah\",\"Mohammed Khatib\"],\"articleSection\":[\"R\u00e9pression\",\"R\u00e9sistance\",\"Samidoun\"],\"inLanguage\":\"fr-FR\"},{\"@type\":\"WebPage\",\"@id\":\"https:\\\/\\\/charleroi-pourlapalestine.be\\\/index.php\\\/2024\\\/04\\\/27\\\/ne-touchez-pas-a-mohammed-khatib-soutenons-la-palestine-em\\\/\",\"url\":\"https:\\\/\\\/charleroi-pourlapalestine.be\\\/index.php\\\/2024\\\/04\\\/27\\\/ne-touchez-pas-a-mohammed-khatib-soutenons-la-palestine-em\\\/\",\"name\":\"Ne touchez pas \u00e0 Mohammed Khatib ! Soutenons la Palestine !\",\"isPartOf\":{\"@id\":\"https:\\\/\\\/charleroi-pourlapalestine.be\\\/#website\"},\"primaryImageOfPage\":{\"@id\":\"https:\\\/\\\/charleroi-pourlapalestine.be\\\/index.php\\\/2024\\\/04\\\/27\\\/ne-touchez-pas-a-mohammed-khatib-soutenons-la-palestine-em\\\/#primaryimage\"},\"image\":{\"@id\":\"https:\\\/\\\/charleroi-pourlapalestine.be\\\/index.php\\\/2024\\\/04\\\/27\\\/ne-touchez-pas-a-mohammed-khatib-soutenons-la-palestine-em\\\/#primaryimage\"},\"thumbnailUrl\":\"https:\\\/\\\/charleroi-pourlapalestine.be\\\/wp-content\\\/uploads\\\/2024\\\/04\\\/De-Moor-Mohammed-Khatib-e1714055701974.jpg\",\"datePublished\":\"2024-04-27T12:14:00+00:00\",\"dateModified\":\"2024-04-27T12:42:03+00:00\",\"description\":\"Soutenez Mohammed Khatib. Aux c\u00f4t\u00e9s de Samidoun, des prisonniers palestiniens et de la r\u00e9sistance palestinienne\",\"breadcrumb\":{\"@id\":\"https:\\\/\\\/charleroi-pourlapalestine.be\\\/index.php\\\/2024\\\/04\\\/27\\\/ne-touchez-pas-a-mohammed-khatib-soutenons-la-palestine-em\\\/#breadcrumb\"},\"inLanguage\":\"fr-FR\",\"potentialAction\":[{\"@type\":\"ReadAction\",\"target\":[\"https:\\\/\\\/charleroi-pourlapalestine.be\\\/index.php\\\/2024\\\/04\\\/27\\\/ne-touchez-pas-a-mohammed-khatib-soutenons-la-palestine-em\\\/\"]}]},{\"@type\":\"ImageObject\",\"inLanguage\":\"fr-FR\",\"@id\":\"https:\\\/\\\/charleroi-pourlapalestine.be\\\/index.php\\\/2024\\\/04\\\/27\\\/ne-touchez-pas-a-mohammed-khatib-soutenons-la-palestine-em\\\/#primaryimage\",\"url\":\"https:\\\/\\\/charleroi-pourlapalestine.be\\\/wp-content\\\/uploads\\\/2024\\\/04\\\/De-Moor-Mohammed-Khatib-e1714055701974.jpg\",\"contentUrl\":\"https:\\\/\\\/charleroi-pourlapalestine.be\\\/wp-content\\\/uploads\\\/2024\\\/04\\\/De-Moor-Mohammed-Khatib-e1714055701974.jpg\",\"width\":1080,\"height\":744},{\"@type\":\"BreadcrumbList\",\"@id\":\"https:\\\/\\\/charleroi-pourlapalestine.be\\\/index.php\\\/2024\\\/04\\\/27\\\/ne-touchez-pas-a-mohammed-khatib-soutenons-la-palestine-em\\\/#breadcrumb\",\"itemListElement\":[{\"@type\":\"ListItem\",\"position\":1,\"name\":\"Accueil\",\"item\":\"https:\\\/\\\/charleroi-pourlapalestine.be\\\/\"},{\"@type\":\"ListItem\",\"position\":2,\"name\":\"Samidoun : &#8220;Ne touchez pas \u00e0 Mohammed Khatib ! Soutenons la Palestine&#8221; !\"}]},{\"@type\":\"WebSite\",\"@id\":\"https:\\\/\\\/charleroi-pourlapalestine.be\\\/#website\",\"url\":\"https:\\\/\\\/charleroi-pourlapalestine.be\\\/\",\"name\":\"Charleroi Pour la Palestine\",\"description\":\"\",\"publisher\":{\"@id\":\"https:\\\/\\\/charleroi-pourlapalestine.be\\\/#organization\"},\"potentialAction\":[{\"@type\":\"SearchAction\",\"target\":{\"@type\":\"EntryPoint\",\"urlTemplate\":\"https:\\\/\\\/charleroi-pourlapalestine.be\\\/?s={search_term_string}\"},\"query-input\":{\"@type\":\"PropertyValueSpecification\",\"valueRequired\":true,\"valueName\":\"search_term_string\"}}],\"inLanguage\":\"fr-FR\"},{\"@type\":\"Organization\",\"@id\":\"https:\\\/\\\/charleroi-pourlapalestine.be\\\/#organization\",\"name\":\"Plate-forme Charleroi-Palestine\",\"url\":\"https:\\\/\\\/charleroi-pourlapalestine.be\\\/\",\"logo\":{\"@type\":\"ImageObject\",\"inLanguage\":\"fr-FR\",\"@id\":\"https:\\\/\\\/charleroi-pourlapalestine.be\\\/#\\\/schema\\\/logo\\\/image\\\/\",\"url\":\"https:\\\/\\\/charleroi-pourlapalestine.be\\\/wp-content\\\/uploads\\\/2020\\\/01\\\/logo-Copy.jpg\",\"contentUrl\":\"https:\\\/\\\/charleroi-pourlapalestine.be\\\/wp-content\\\/uploads\\\/2020\\\/01\\\/logo-Copy.jpg\",\"width\":180,\"height\":180,\"caption\":\"Plate-forme Charleroi-Palestine\"},\"image\":{\"@id\":\"https:\\\/\\\/charleroi-pourlapalestine.be\\\/#\\\/schema\\\/logo\\\/image\\\/\"},\"sameAs\":[\"https:\\\/\\\/www.facebook.com\\\/PlateformeCharleroiPalestine\\\/\",\"https:\\\/\\\/x.com\\\/LaCharleroi\"]},{\"@type\":\"Person\",\"@id\":\"https:\\\/\\\/charleroi-pourlapalestine.be\\\/#\\\/schema\\\/person\\\/c19ff515112f1299d8c12671d8fe3faa\",\"name\":\"admin1873\",\"url\":\"https:\\\/\\\/charleroi-pourlapalestine.be\\\/index.php\\\/author\\\/admin1873\\\/\"}]}<\/script>\n<!-- \/ Yoast SEO plugin. -->","yoast_head_json":{"title":"Ne touchez pas \u00e0 Mohammed Khatib ! Soutenons la Palestine !","description":"Soutenez Mohammed Khatib. Aux c\u00f4t\u00e9s de Samidoun, des prisonniers palestiniens et de la r\u00e9sistance palestinienne","robots":{"index":"index","follow":"follow","max-snippet":"max-snippet:-1","max-image-preview":"max-image-preview:large","max-video-preview":"max-video-preview:-1"},"canonical":"https:\/\/charleroi-pourlapalestine.be\/index.php\/2024\/04\/27\/ne-touchez-pas-a-mohammed-khatib-soutenons-la-palestine-em\/","schema":{"@context":"https:\/\/schema.org","@graph":[{"@type":"Article","@id":"https:\/\/charleroi-pourlapalestine.be\/index.php\/2024\/04\/27\/ne-touchez-pas-a-mohammed-khatib-soutenons-la-palestine-em\/#article","isPartOf":{"@id":"https:\/\/charleroi-pourlapalestine.be\/index.php\/2024\/04\/27\/ne-touchez-pas-a-mohammed-khatib-soutenons-la-palestine-em\/"},"author":{"name":"admin1873","@id":"https:\/\/charleroi-pourlapalestine.be\/#\/schema\/person\/c19ff515112f1299d8c12671d8fe3faa"},"headline":"Samidoun : \u00ab\u00a0Ne touchez pas \u00e0 Mohammed Khatib ! Soutenons la Palestine\u00a0\u00bb !","datePublished":"2024-04-27T12:14:00+00:00","dateModified":"2024-04-27T12:42:03+00:00","mainEntityOfPage":{"@id":"https:\/\/charleroi-pourlapalestine.be\/index.php\/2024\/04\/27\/ne-touchez-pas-a-mohammed-khatib-soutenons-la-palestine-em\/"},"wordCount":2566,"publisher":{"@id":"https:\/\/charleroi-pourlapalestine.be\/#organization"},"image":{"@id":"https:\/\/charleroi-pourlapalestine.be\/index.php\/2024\/04\/27\/ne-touchez-pas-a-mohammed-khatib-soutenons-la-palestine-em\/#primaryimage"},"thumbnailUrl":"https:\/\/charleroi-pourlapalestine.be\/wp-content\/uploads\/2024\/04\/De-Moor-Mohammed-Khatib-e1714055701974.jpg","keywords":["Georges Abdallah","Mohammed Khatib"],"articleSection":["R\u00e9pression","R\u00e9sistance","Samidoun"],"inLanguage":"fr-FR"},{"@type":"WebPage","@id":"https:\/\/charleroi-pourlapalestine.be\/index.php\/2024\/04\/27\/ne-touchez-pas-a-mohammed-khatib-soutenons-la-palestine-em\/","url":"https:\/\/charleroi-pourlapalestine.be\/index.php\/2024\/04\/27\/ne-touchez-pas-a-mohammed-khatib-soutenons-la-palestine-em\/","name":"Ne touchez pas \u00e0 Mohammed Khatib ! Soutenons la Palestine !","isPartOf":{"@id":"https:\/\/charleroi-pourlapalestine.be\/#website"},"primaryImageOfPage":{"@id":"https:\/\/charleroi-pourlapalestine.be\/index.php\/2024\/04\/27\/ne-touchez-pas-a-mohammed-khatib-soutenons-la-palestine-em\/#primaryimage"},"image":{"@id":"https:\/\/charleroi-pourlapalestine.be\/index.php\/2024\/04\/27\/ne-touchez-pas-a-mohammed-khatib-soutenons-la-palestine-em\/#primaryimage"},"thumbnailUrl":"https:\/\/charleroi-pourlapalestine.be\/wp-content\/uploads\/2024\/04\/De-Moor-Mohammed-Khatib-e1714055701974.jpg","datePublished":"2024-04-27T12:14:00+00:00","dateModified":"2024-04-27T12:42:03+00:00","description":"Soutenez Mohammed Khatib. Aux c\u00f4t\u00e9s de Samidoun, des prisonniers palestiniens et de la r\u00e9sistance palestinienne","breadcrumb":{"@id":"https:\/\/charleroi-pourlapalestine.be\/index.php\/2024\/04\/27\/ne-touchez-pas-a-mohammed-khatib-soutenons-la-palestine-em\/#breadcrumb"},"inLanguage":"fr-FR","potentialAction":[{"@type":"ReadAction","target":["https:\/\/charleroi-pourlapalestine.be\/index.php\/2024\/04\/27\/ne-touchez-pas-a-mohammed-khatib-soutenons-la-palestine-em\/"]}]},{"@type":"ImageObject","inLanguage":"fr-FR","@id":"https:\/\/charleroi-pourlapalestine.be\/index.php\/2024\/04\/27\/ne-touchez-pas-a-mohammed-khatib-soutenons-la-palestine-em\/#primaryimage","url":"https:\/\/charleroi-pourlapalestine.be\/wp-content\/uploads\/2024\/04\/De-Moor-Mohammed-Khatib-e1714055701974.jpg","contentUrl":"https:\/\/charleroi-pourlapalestine.be\/wp-content\/uploads\/2024\/04\/De-Moor-Mohammed-Khatib-e1714055701974.jpg","width":1080,"height":744},{"@type":"BreadcrumbList","@id":"https:\/\/charleroi-pourlapalestine.be\/index.php\/2024\/04\/27\/ne-touchez-pas-a-mohammed-khatib-soutenons-la-palestine-em\/#breadcrumb","itemListElement":[{"@type":"ListItem","position":1,"name":"Accueil","item":"https:\/\/charleroi-pourlapalestine.be\/"},{"@type":"ListItem","position":2,"name":"Samidoun : &#8220;Ne touchez pas \u00e0 Mohammed Khatib ! Soutenons la Palestine&#8221; !"}]},{"@type":"WebSite","@id":"https:\/\/charleroi-pourlapalestine.be\/#website","url":"https:\/\/charleroi-pourlapalestine.be\/","name":"Charleroi Pour la Palestine","description":"","publisher":{"@id":"https:\/\/charleroi-pourlapalestine.be\/#organization"},"potentialAction":[{"@type":"SearchAction","target":{"@type":"EntryPoint","urlTemplate":"https:\/\/charleroi-pourlapalestine.be\/?s={search_term_string}"},"query-input":{"@type":"PropertyValueSpecification","valueRequired":true,"valueName":"search_term_string"}}],"inLanguage":"fr-FR"},{"@type":"Organization","@id":"https:\/\/charleroi-pourlapalestine.be\/#organization","name":"Plate-forme Charleroi-Palestine","url":"https:\/\/charleroi-pourlapalestine.be\/","logo":{"@type":"ImageObject","inLanguage":"fr-FR","@id":"https:\/\/charleroi-pourlapalestine.be\/#\/schema\/logo\/image\/","url":"https:\/\/charleroi-pourlapalestine.be\/wp-content\/uploads\/2020\/01\/logo-Copy.jpg","contentUrl":"https:\/\/charleroi-pourlapalestine.be\/wp-content\/uploads\/2020\/01\/logo-Copy.jpg","width":180,"height":180,"caption":"Plate-forme Charleroi-Palestine"},"image":{"@id":"https:\/\/charleroi-pourlapalestine.be\/#\/schema\/logo\/image\/"},"sameAs":["https:\/\/www.facebook.com\/PlateformeCharleroiPalestine\/","https:\/\/x.com\/LaCharleroi"]},{"@type":"Person","@id":"https:\/\/charleroi-pourlapalestine.be\/#\/schema\/person\/c19ff515112f1299d8c12671d8fe3faa","name":"admin1873","url":"https:\/\/charleroi-pourlapalestine.be\/index.php\/author\/admin1873\/"}]}},"_links":{"self":[{"href":"https:\/\/charleroi-pourlapalestine.be\/index.php\/wp-json\/wp\/v2\/posts\/71087","targetHints":{"allow":["GET"]}}],"collection":[{"href":"https:\/\/charleroi-pourlapalestine.be\/index.php\/wp-json\/wp\/v2\/posts"}],"about":[{"href":"https:\/\/charleroi-pourlapalestine.be\/index.php\/wp-json\/wp\/v2\/types\/post"}],"author":[{"embeddable":true,"href":"https:\/\/charleroi-pourlapalestine.be\/index.php\/wp-json\/wp\/v2\/users\/1"}],"replies":[{"embeddable":true,"href":"https:\/\/charleroi-pourlapalestine.be\/index.php\/wp-json\/wp\/v2\/comments?post=71087"}],"version-history":[{"count":0,"href":"https:\/\/charleroi-pourlapalestine.be\/index.php\/wp-json\/wp\/v2\/posts\/71087\/revisions"}],"wp:featuredmedia":[{"embeddable":true,"href":"https:\/\/charleroi-pourlapalestine.be\/index.php\/wp-json\/wp\/v2\/media\/71110"}],"wp:attachment":[{"href":"https:\/\/charleroi-pourlapalestine.be\/index.php\/wp-json\/wp\/v2\/media?parent=71087"}],"wp:term":[{"taxonomy":"category","embeddable":true,"href":"https:\/\/charleroi-pourlapalestine.be\/index.php\/wp-json\/wp\/v2\/categories?post=71087"},{"taxonomy":"post_tag","embeddable":true,"href":"https:\/\/charleroi-pourlapalestine.be\/index.php\/wp-json\/wp\/v2\/tags?post=71087"}],"curies":[{"name":"wp","href":"https:\/\/api.w.org\/{rel}","templated":true}]}}