{"id":71190,"date":"2024-04-28T12:53:35","date_gmt":"2024-04-28T10:53:35","guid":{"rendered":"https:\/\/charleroi-pourlapalestine.be\/?p=71190"},"modified":"2024-04-28T22:14:23","modified_gmt":"2024-04-28T20:14:23","slug":"mohammed-khatib-em-tout-le-monde-peut-etre-palestinien-em","status":"publish","type":"post","link":"https:\/\/charleroi-pourlapalestine.be\/index.php\/2024\/04\/28\/mohammed-khatib-em-tout-le-monde-peut-etre-palestinien-em\/","title":{"rendered":"Mohammed Khatib : \u00ab Tout le monde peut \u00eatre palestinien \u00bb"},"content":{"rendered":"<p>D&rsquo;apr\u00e8s la secr\u00e9taire d&rsquo;\u00c9tat \u00e0 l&rsquo;Asile et \u00e0 la Migration Nicole De Moor (CD&amp;V), Mohammed Khatib est un pr\u00eacheur de haine extr\u00e9miste qu&rsquo;il convient d&rsquo;expulser du pays le plus rapidement possible. De son c\u00f4t\u00e9, Mohammed Khatib estime que la Belgique peut faire nettement mieux que de suivre servilement Isra\u00ebl. D\u00e9couvrez Mohammed Khatib, le coordinateur europ\u00e9en de Samidoun, et, surtout, faites-en vous-m\u00eame une \u00e9valuation personnelle.<\/p>\n<div id=\"attachment_71194\" style=\"width: 1149px\" class=\"wp-caption aligncenter\"><img loading=\"lazy\" decoding=\"async\" aria-describedby=\"caption-attachment-71194\" class=\"wp-image-71194 size-full\" src=\"https:\/\/charleroi-pourlapalestine.be\/wp-content\/uploads\/2024\/04\/Mohammed-Khatib-europees-coordinator-van-Samidoun-e1714301996404.jpg\" alt=\"Mohammed Khatib, le coordinateur europ\u00e9en de Samidoun\" width=\"1139\" height=\"878\"><p id=\"caption-attachment-71194\" class=\"wp-caption-text\">Photo : De Wereld Morgen<\/p><\/div>\n<p>&nbsp;<\/p>\n<p><strong><a href=\"https:\/\/www.dewereldmorgen.be\/artikel\/2024\/04\/25\/mohammed-khatib-iedereen-kan-palestijn-zijn\/\" target=\"_blank\" rel=\"noopener\">De Wereld Morgen<\/a>,<\/strong> 25 avril 2024<\/p>\n<p><em>\u00ab Le pr\u00eacheur de haine palestinien Mohammed Khatib n&rsquo;est plus le bienvenu en Belgique \u00bb<\/em>, annon\u00e7ait le quotidien n\u00e9erlandophone<a href=\"https:\/\/www.tijd.be\/politiek-economie\/belgie\/federaal\/palestijnse-haatprediker-mohammed-khatib-niet-langer-welkom-in-belgie\/10539902.html\" target=\"_blank\" rel=\"noopener\"> De Tijd<\/a> le 15 avril. <em>\u00ab La secr\u00e9taire d&rsquo;\u00c9tat De Moor veut que le pr\u00eacheur palestinien Mohammed Khatib quitte le pays \u00bb,<\/em> titrait le m\u00eame jour <a href=\"https:\/\/www.demorgen.be\/snelnieuws\/staatssecretaris-de-moor-wil-palestijnse-prediker-mohammed-khatib-het-land-uit-geen-plaats-voor-wie-gevaar-vormt-voor-samenleving~b037154c\/\" target=\"_blank\" rel=\"noopener\">De Morgen<\/a>, un autre quotidien n\u00e9erlandophone.<\/p>\n<p>Nous devons nous entretenir avec cet homme, avons-nous aussit\u00f4t pens\u00e9 \u00e0 la r\u00e9daction, apr\u00e8s avoir lu ces articles. Pas parce que nous appr\u00e9cions particuli\u00e8rement l&rsquo;extr\u00e9misme ou la haine, certainement pas. Mais bien parce que nous nous demandons ce qu&rsquo;il convient pr\u00e9cis\u00e9ment de dire ou de faire pour \u00eatre catalogu\u00e9 de la sorte dans les m\u00e9dias commerciaux, et parce que nous savons \u00e9galement par notre propre exp\u00e9rience que, depuis certaines sph\u00e8res, on ose tr\u00e8s rapidement lancer des accusations \u00e0 la t\u00eate des personnes qui prennent la d\u00e9fense du peuple palestinien.<\/p>\n<p>Nous avons donc fix\u00e9 un rendez-vous avec Mohammed Khatib \u00e0 la r\u00e9daction du journal. <em>\u00ab Nous \u00bb,<\/em> ce sont<strong> Seppe De Meulder<\/strong>, pour <em>DeWereldMorgen<\/em>, et <strong>Koen Bogaert<\/strong>, professeur au d\u00e9partement <em>Conflict &amp; Development<\/em> de l&rsquo;Universit\u00e9 de Gand (UGent). Quand il est arriv\u00e9 chez nous, \u00e0 la r\u00e9daction, nous avons rencontr\u00e9 un homme plut\u00f4t discret et \u00e9tonnamment sympathique.<\/p>\n<p>En pensant aux droits des r\u00e9fugi\u00e9s et \u00e0 la libert\u00e9 d&rsquo;expression, on imaginerait que lorsqu&rsquo;on veut retirer \u00e0 quelqu&rsquo;un son statut de r\u00e9fugi\u00e9, ce n&rsquo;est pas sans raison. Nous sommes donc on ne peut plus curieux : Qu&rsquo;est-ce qui fait que Mohammed Khatib est si dangereux ?<\/p>\n<p>&nbsp;<\/p>\n<p><strong>Parlez-nous de vous-m\u00eame<\/strong><\/p>\n<blockquote><p>\u00ab Mon nom est Mohammed Khatib. Je suis n\u00e9 et j&rsquo;ai grandi dans un camp de r\u00e9fugi\u00e9s du Sud-Liban. Je suis venu en Belgique et j&rsquo;ai demand\u00e9 l&rsquo;asile en 2010, \u00e0 l&rsquo;instar de centaines de milliers d&rsquo;autres r\u00e9fugi\u00e9s palestiniens et arabes qui ont fui vers l&rsquo;Europe \u00e0 cause de la guerre et du colonialisme. Apr\u00e8s \u00eatre rest\u00e9 cinq ann\u00e9es sans papiers, j&rsquo;ai \u00e9t\u00e9 alors reconnu comme r\u00e9fugi\u00e9 en 2015. \u00bb<\/p>\n<p>\u00ab Au Liban, j&rsquo;\u00e9tais actif au sein de la Palestinian Youth Organisation (PYO \u2013 Organisation de la Jeunesse palestinienne) et d&rsquo;autres organisations sociales. Ici, en Europe, avec d&rsquo;autres personnes, j&rsquo;ai fond\u00e9 Samidoun (\u00ab bien d\u00e9termin\u00e9s \u00bb, en arabe) en 2011. \u00bb<\/p><\/blockquote>\n<h3>&nbsp;<\/h3>\n<h3>Samidoun<\/h3>\n<p><strong>Quel genre d&rsquo;organisation est-ce exactement ?<\/strong><\/p>\n<blockquote><p>\u00ab Samidoun a \u00e9t\u00e9 cr\u00e9\u00e9 en fait comme un r\u00e9seau qui traduit les d\u00e9clarations du mouvement palestinien concernant les prisonniers politiques et qui m\u00e8ne campagne ici \u00e0 ce propos. \u00bb<\/p>\n<p>\u00ab Nous avons remarqu\u00e9 que la plupart des ONG actives ici approchent la question des prisonniers politiques selon la perspective du droit international et comme une question essentiellement humanitaire. Elles per\u00e7oivent en premier lieu les prisonniers politiques comme des victimes ayant besoin de toutes sortes de formes d&rsquo;aide. \u00bb<\/p>\n<p>\u00ab Toutes ces ONG sont \u00e9galement sponsoris\u00e9es par la Commission europ\u00e9enne. Nous, Palestiniens, ne croyons pas que la Commission europ\u00e9enne, qui est une institution colonialiste, sponsorisera des projets qui contribuent \u00e0 la lib\u00e9ration de la Palestine. \u00bb<\/p><\/blockquote>\n<p>&nbsp;<\/p>\n<p><strong>En quoi pr\u00e9cis\u00e9ment diff\u00e9rez-vous de ce type d&rsquo;ONG ?<\/strong><\/p>\n<blockquote><p>\u00ab Nous ne percevons pas les prisonniers politiques comme des victimes. Ce sont au contraire des dirigeants politiques qui peuvent contribuer \u00e0 la reconstruction du mouvement de lib\u00e9ration nationale de la Palestine. Ce sont les dirigeants de la v\u00e9ritable soci\u00e9t\u00e9 civile palestinienne, de nos organisations de masse qui, aujourd&rsquo;hui, sont remplac\u00e9es par des ONG subventionn\u00e9es par l&rsquo;UE. \u00bb<\/p>\n<p>\u00ab Nous pensons qu&rsquo;eux aussi, depuis leurs prisons, peuvent toujours assumer un r\u00f4le politique important. Non seulement ils sont emp\u00eatr\u00e9s dans des confrontations permanentes avec l&rsquo;occupant, mais ils restent \u00e9galement actifs \u00e0 partir de la prison. Ils consacrent leur temps de prison \u00e0 l&rsquo;\u00e9tude, \u00e0 la formation de dirigeants, au d\u00e9veloppement de la conscientisation, \u00e0 la cr\u00e9ation culturelle, litt\u00e9raire et artistique. \u00bb<\/p><\/blockquote>\n<p>&nbsp;<\/p>\n<p><strong>Vous \u00eates donc \u00e9galement une organisation politique ?<\/strong><\/p>\n<blockquote><p>\u00ab Avec Samidoun, nous ne voulons pas uniquement traduire des d\u00e9clarations sur les prisonniers politiques et mener campagne pour leur lib\u00e9ration, nous voulons \u00e9galement lier tout cela \u00e0 d&rsquo;autres mouvements pour la lib\u00e9ration des prisonniers politiques, aux Philippines, aux \u00c9tats-Unis, en Am\u00e9rique du Sud, en Turquie, en Europe. \u00bb<\/p>\n<p>\u00ab Samidoun est un r\u00e9seau palestinien, arabe et internationaliste qui est actif dans 16 pays au moins. Les d\u00e9buts de Samidoun co\u00efncident avec ce qu&rsquo;on appelle ici<em> \u00ab la crise des r\u00e9fugi\u00e9s \u00bb.<\/em> Nous avons alors d\u00e9cid\u00e9 d&rsquo;\u00eatre \u00e9galement actifs dans nos communaut\u00e9s palestiniennes et arabes autour des questions qui les concernent ici en Europe. \u00bb<\/p>\n<p>\u00ab En tant que diaspora \u00e9parpill\u00e9e dans plusieurs pays \u00e0 l&rsquo;ext\u00e9rieur de notre patrie d&rsquo;origine, nous ne sommes pas seulement actifs dans le mouvement pour la lib\u00e9ration de la Palestine, mais aussi dans la lutte locale contre le racisme et la discrimination, contre l&rsquo;islamophobie, contre l&rsquo;antis\u00e9mitisme et en faveur de la justice sociale ici en Europe. \u00bb<\/p>\n<p>\u00ab Nous sommes \u00e9galement actifs au sein du mouvement \u00e9cologique, du mouvement de la classe ouvri\u00e8re, parce que nous croyons que notre lutte ici en Europe est li\u00e9e \u00e0 la lutte contre le sionisme en Palestine. \u00bb<\/p><\/blockquote>\n<p>&nbsp;<\/p>\n<p><strong>Que dois-je imaginer concr\u00e8tement, ici ?<\/strong><\/p>\n<blockquote><p>\u00ab Nous faisons de tout : des soir\u00e9es de projection de films, des manifestations, des conf\u00e9rences, des festivals. Nous faisons des traductions, des affiches, des graffiti. Nous nous servons de notre droit \u00e0 nous organiser, \u00e0 mobiliser et \u00e0 exprimer nos id\u00e9es. Certaines personnes, par exemple, per\u00e7oivent les graffiti comme ill\u00e9gaux, mais nous, nous les percevons comme une activit\u00e9 l\u00e9gale. \u00bb<\/p><\/blockquote>\n<p>&nbsp;<\/p>\n<h3>La r\u00e9sistance arm\u00e9e<\/h3>\n<p><strong>Comment se fait-il que Samidoun est d\u00e9crit dans les m\u00e9dias comme une organisation extr\u00e9miste ? Pas \u00e0 cause de ses graffiti, quand m\u00eame ?<\/strong><\/p>\n<blockquote><p>\u00ab En 2018, un ministre isra\u00e9lien de l&rsquo;\u00e9poque nous a d\u00e9sign\u00e9s comme organisation terroriste internationale. \u00bb<\/p>\n<p>\u00ab \u00c0 cette \u00e9poque, nous \u00e9tions en pleine croissance et nous avons subi bien des attaques de la part des comit\u00e9s d&rsquo;experts sionistes ou des organisations d&rsquo;extr\u00eame droite qui tentaient de bloquer nos comptes bancaires ou notre compte Paypal. Un rapport a \u00e9t\u00e9 publi\u00e9, \u00e0 cette \u00e9poque : <em>\u00ab Les terroristes en costume \u00bb.<\/em> Je ne porte jamais de costume, mais ont s&rsquo;inqui\u00e9tait, par exemple, du fait que nous avions invit\u00e9 <strong>Ahed Tamimi<\/strong> et<strong> Leila Khaled<\/strong> au Parlement europ\u00e9en dans le cadre de nos efforts en vue de normaliser la r\u00e9sistance palestinienne et de boycotter Isra\u00ebl. \u00bb<\/p><\/blockquote>\n<p>&nbsp;<\/p>\n<p><strong>Vous soutenez \u00e9galement la r\u00e9sistance arm\u00e9e ?<\/strong><\/p>\n<blockquote><p>\u00ab Oui, c&rsquo;est notre droit et notre devoir. Nous croyons, comme le dit \u00e9galement le droit international, que les Palestiniens et tous les peuples opprim\u00e9s ont le droit de r\u00e9sister \u00e0 l&rsquo;occupation par tous les moyens n\u00e9cessaires. En ce sens, nous soutenons \u00e9galement la r\u00e9sistance arm\u00e9e contre les occupants, mais Samidoun n&rsquo;est pas un mouvement de r\u00e9sistance arm\u00e9e. Nous sommes une organisation de la soci\u00e9t\u00e9 civile. \u00bb<\/p><\/blockquote>\n<p>&nbsp;<\/p>\n<p><strong>Quels \u00e9taient les arguments, dans ce cas, pour cataloguer Samidoun comme une organisation terroriste ?<\/strong><\/p>\n<blockquote><p>\u00ab Comment cela, des arguments ? C&rsquo;est le ministre raciste et sioniste Gilad Erdan qui nous a catalogu\u00e9s comme terroristes. Que doit-on attendre d&rsquo;une puissance coloniale qui, au cours des six derniers mois, a assassin\u00e9 30 000 Palestiniens sans le moindre argument ? L&rsquo;\u00c9tat isra\u00e9lien consid\u00e8re le mouvement BDS (Boycott, D\u00e9sinvestissement, Sanctions) comme une organisation terroriste. Quand j&rsquo;utilise le slogan <strong><em>\u00ab From the river to the sea, Palestine will be free \u00bb<\/em><\/strong> (Du fleuve \u00e0 la mer, la Palestine sera libre), c&rsquo;est d\u00e9j\u00e0 du terrorisme, \u00e0 leurs yeux. \u00bb<\/p><\/blockquote>\n<p>&nbsp;<\/p>\n<h3>Du fleuve \u00e0 la mer<\/h3>\n<p><strong>Qu&rsquo;entendez-vous pr\u00e9cis\u00e9ment par ce slogan ?<\/strong><\/p>\n<blockquote><p>\u00ab La Palestine historique est en fait situ\u00e9e entre le fleuve et la mer et c&rsquo;est dans toute cette r\u00e9gion que doit avoir lieu la lib\u00e9ration. \u00c0 Gaza, il y a un blocus. La Cisjordanie est enti\u00e8rement contr\u00f4l\u00e9e par Isra\u00ebl et les Palestiniens qui vivent en <em>\u00ab &rsquo;48 \u00bb<\/em> (dans l&rsquo;\u00c9tat d&rsquo;Isra\u00ebl, NdlR), doivent subir un apartheid. \u00bb<\/p>\n<p>\u00ab Les sept millions de r\u00e9fugi\u00e9s palestiniens de la diaspora m\u00e9ritent leur droit au retour dans leur patrie et ils doivent percevoir des r\u00e9parations de la part d&rsquo;Isra\u00ebl et du Royaume-Uni, des \u00c9tats-Unis et de l&rsquo;Union europ\u00e9enne. \u00bb<\/p>\n<p>\u00ab Cela ne se fera jamais sans une victoire sur le sionisme et l&rsquo;isolement international d&rsquo;Isra\u00ebl, sans le d\u00e9mant\u00e8lement de l&rsquo;arm\u00e9e sioniste et des colonies. De m\u00eame que le syst\u00e8me colonial a d\u00fb \u00eatre d\u00e9mantel\u00e9 en Alg\u00e9rie et en Afrique du Sud, il doit \u00e9galement l&rsquo;\u00eatre en Palestine. \u00bb<\/p>\n<p>\u00ab M\u00eame si nous ne d\u00e9sirons pas copier ce qui s&rsquo;est pass\u00e9 dans ces pays. \u00bb<\/p><\/blockquote>\n<p>&nbsp;<\/p>\n<p><strong>Selon vous, \u00e0 quoi devrait ressembler une Palestine libre ?<\/strong><\/p>\n<blockquote><p>\u00ab Une soci\u00e9t\u00e9 libre de racisme, o\u00f9 tout le monde puisse vivre dans l&rsquo;\u00e9galit\u00e9 et la justice, quelle que soit sa religion ou son genre, une soci\u00e9t\u00e9 qui accueille et prot\u00e8ge les immigr\u00e9s et les r\u00e9fugi\u00e9s, et qui ne les d\u00e9porte pas ni ne les isole. \u00bb<\/p>\n<p>\u00ab Une soci\u00e9t\u00e9 compl\u00e8tement diff\u00e9rente de celles des EU ou du Canada, qui ont \u00e9t\u00e9 b\u00e2ties sur le colonialisme d&rsquo;implantation, une alternative au syst\u00e8me capitaliste europ\u00e9en qui a \u00e9t\u00e9 construite sur le dos des esclaves et des populations autochtones. \u00bb<\/p>\n<p>\u00ab La soci\u00e9t\u00e9 palestinienne est une soci\u00e9t\u00e9 tr\u00e8s diverse et tr\u00e8s riche, avec un important h\u00e9ritage et une grande culture. Il y a une soci\u00e9t\u00e9 afro-palestinienne provenant \u00e0 l&rsquo;origine du Nigeria et qui est aujourd&rsquo;hui confront\u00e9e \u00e0 un g\u00e9nocide en compagnie des gens de Gaza. \u00c0 Al Quds, il existe une communaut\u00e9 rom, une communaut\u00e9 arm\u00e9nienne et une communaut\u00e9 kurde. Puis on peut encore y ajouter la diaspora qui, de nos jours, vit en Am\u00e9rique latine, aux EU ou en Europe, et qui contribuera certainement \u00e0 la beaut\u00e9 de l&rsquo;identit\u00e9 palestinienne moderne. \u00bb<\/p>\n<p>\u00ab Je crois en une identit\u00e9 qui s&rsquo;appuie sur l&rsquo;\u00e9galit\u00e9 et la justice. Je crois en une nouvelle sorte de nation qui s&rsquo;appuie sur la v\u00e9ritable lib\u00e9ration et sur la d\u00e9mocratie populaire. Non pas un \u00c9tat en soi : Nous ne devons pas reprendre le mod\u00e8le europ\u00e9en. Selon moi, une nation palestinienne libre devrait et pourrait jouer un r\u00f4le international dans la lutte contre le racisme et ouvrir ses fronti\u00e8res aux r\u00e9fugi\u00e9s et aux mouvements de lib\u00e9ration nationale du monde entier. \u00bb<\/p><\/blockquote>\n<p>&nbsp;<\/p>\n<p><strong>Dans un discours que vous avez prononc\u00e9 en 2022 devant l&rsquo;Union europ\u00e9enne, vous avez dit ceci : <em>\u00ab Nous ne sommes pas solidaires avec les Palestiniens. Nous sommes tous ici les Palestiniens, les Arabes, les \u00e9trangers et les juifs. \u00catre palestinien n&rsquo;est pas une question de sang. (&#8230;) \u00catre palestinien est une question de foi dans les droits du peuple palestinien d&rsquo;\u00eatre lib\u00e9r\u00e9. \u00bb<\/em> D&rsquo;o\u00f9 tirez-vous cette id\u00e9e ?<\/strong><\/p>\n<blockquote><p>\u00ab Je suis n\u00e9 dans un camp de r\u00e9fugi\u00e9s. Deux de mes tantes sont mari\u00e9es avec des Tunisiens qui ont \u00e9t\u00e9 des combattants de la libert\u00e9 pour la lib\u00e9ration de la Palestine. Notre voisin \u00e9tait un Kurde qui, dans les ann\u00e9es 1980, \u00e9tait venu au Liban afin de soutenir la lutte palestinienne. \u00bb<\/p>\n<p>\u00ab Plus tard, j&rsquo;ai d\u00e9couvert que <strong>Jihad Mansour<\/strong>, dont je placardais les affiches, ne s&rsquo;appelait absolument pas Jihad Mansour, mais <strong>Marc Rudin<\/strong>. C&rsquo;\u00e9tait un Suisse de Berne. De <strong>Ghassan Kanafani,<\/strong> j&rsquo;ai appris : <em>&lsquo;<strong>La cause palestinienne n&rsquo;est pas qu&rsquo;une cause pour les Palestiniens, mais une cause pour tout r\u00e9volutionnaire, quel qu&rsquo;il soit, une cause des masses exploit\u00e9es et opprim\u00e9es de notre temps.<\/strong><\/em><strong>&lsquo;<\/strong> \u00bb<\/p>\n<p>\u00ab Je suis all\u00e9 en tant que repr\u00e9sentant de Samidoun en Afrique du Sud. L\u00e0-bas, on voit la Palestine partout. L\u00e0, au cours d&rsquo;un meeting, il y a eu un jour quelqu&rsquo;un qui voulait r\u00e9citer un po\u00e8me et qui avait d&rsquo;abord d\u00e9clar\u00e9 : <strong><em>&lsquo;Selon moi, nous sommes tous des Palestiniens. Nous avons besoin de la lib\u00e9ration de la Palestine pour nous lib\u00e9rer compl\u00e8tement du colonialisme qui s\u00e9vit partout.&rsquo;<\/em> <\/strong>\u00bb<\/p><\/blockquote>\n<p>&nbsp;<\/p>\n<h3>Haine, antis\u00e9mitisme, terrorisme<\/h3>\n<p><strong>Comment avez-vous appris, en fait, que la secr\u00e9taire d&rsquo;\u00c9tat De Moor voulait vous retirer votre statut de r\u00e9fugi\u00e9 ?<\/strong><\/p>\n<blockquote><p>\u00ab Je n&rsquo;ai pas encore eu le moindre contact avec la police belge. Personne ne m&rsquo;a interrog\u00e9. J&rsquo;ai re\u00e7u une notification via l&rsquo;application d&rsquo;information de <em>The Times of Israel<\/em> et j&rsquo;ai vu un article qui parlait de moi. C&rsquo;est ainsi que j&rsquo;ai \u00e9t\u00e9 mis au courant. J&rsquo;en d\u00e9duis que Madame De Moor y a \u00e9t\u00e9 encourag\u00e9e depuis Isra\u00ebl. D&rsquo;apr\u00e8s moi, sa d\u00e9cision ne repr\u00e9sente pas la position des gens en Belgique. \u00bb<\/p>\n<p>\u00ab Naturellement, depuis longtemps d\u00e9j\u00e0 une campagne \u00e9tait en route pour me rendre suspect. Ainsi, <strong>Theo Francken<\/strong> a emport\u00e9 une photo de moi au Parlement et il a racont\u00e9 toutes sortes d&rsquo;absurdit\u00e9s sur mon compte. Il essaie tout simplement de m&rsquo;utiliser pour sa campagne \u00e9lectorale raciste. Mais, bon sang, lui-m\u00eame est un pr\u00eacheur de haine. \u00bb<\/p><\/blockquote>\n<p>&nbsp;<\/p>\n<p><strong>Craignez-vous de perdre votre statut de r\u00e9fugi\u00e9 ?<\/strong><\/p>\n<blockquote><p>\u00ab Je suis n\u00e9 sans papiers. Je n&rsquo;ai eu des papiers, en fait, que depuis 2016 jusqu&rsquo;\u00e0 ce jour. Ces papiers me donnent le droit de voyager \u00e0 l&rsquo;int\u00e9rieur de l&rsquo;Europe. S&rsquo;ils veulent me les reprendre, eh bien, qu&rsquo;il en soit ainsi. Cela ne changera rien \u00e0 ce en quoi je crois ou \u00e0 ce que je fais. Ils peuvent m\u00eame me renvoyer, mais alors en Palestine. Dans ce cas, je veux bien collaborer, et plut\u00f4t aujourd&rsquo;hui que demain. \u00bb<\/p>\n<p>\u00ab Je trouve que la d\u00e9cision de la secr\u00e9taire d&rsquo;\u00c9tat est incompr\u00e9hensible. Si je fais quelque chose de mal, faites-moi passer en justice. Mais non. Ce que l&rsquo;on fait ici, c&rsquo;est uniquement faire peur aux gens et me faire passer pour un exemple afin de criminaliser une certaine opinion politique. La Belgique ne doit quand m\u00eame pas devenir comme Isra\u00ebl ! \u00bb<\/p><\/blockquote>\n<p>&nbsp;<\/p>\n<p><strong>Que pensez-vous du fait qu&rsquo;on vous traite de pr\u00eacheur de haine dans les m\u00e9dias ?<\/strong><\/p>\n<blockquote><p>\u00ab Qu&rsquo;entendent-ils par pr\u00eacher la haine ? Si se dresser contre le colonialisme pour la lib\u00e9ration de la Palestine du fleuve \u00e0 la mer, c&rsquo;est pr\u00eacher la haine, l\u00e0, alors, ils doivent m&rsquo;expliquer pourquoi ! \u00bb<\/p>\n<p>\u00ab Les partis politiques en Belgique ont des opinions divergentes sur tout, mais sont tout \u00e0 fait d&rsquo;accord sur une chose : une solution \u00e0 deux \u00c9tats en Palestine. Mais de quoi se m\u00ealent-ils ? Imaginez un peu que les Palestiniens se m\u00ealent de la m\u00eame fa\u00e7on de ce qui se passe en Belgique&#8230; \u00bb<\/p>\n<p>\u00ab Vous savez quoi ? Je crois pour la Belgique en une solution \u00e0 trois \u00c9tats : la Flandre, la Wallonie et Bruxelles (il rit). Imaginez que je dise qu&rsquo;hier, j&rsquo;ai d\u00e9couvert que Bruxelles \u00e9tait pour nous la terre promise et que nous avons d\u00e9cid\u00e9 de vous expulser. N&rsquo;entreriez-vous pas en r\u00e9sistance ? \u00bb<\/p><\/blockquote>\n<p>&nbsp;<\/p>\n<p><strong>Vous \u00eates \u00e9galement accus\u00e9 d&rsquo;antis\u00e9mitisme&#8230;<\/strong><\/p>\n<blockquote><p>\u00ab C&rsquo;est tout simplement ridicule. Je suis si fier du fait que des milliers de juifs aujourd&rsquo;hui se rallient au mouvement pour la lib\u00e9ration de la Palestine et en assument \u00e9galement la direction. Nous collaborons avec pas mal d&rsquo;organisations juives antisionistes, comme<em> Jewish Voice For Peace<\/em> (Voix juive pour la Paix) et le <em>Jewish Anti Zionists Network<\/em> (R\u00e9seau antisioniste juif). De nombreux juifs sont actifs dans Samidoun. \u00bb<\/p>\n<p>\u00ab (Il soupire) \u00c7a n&rsquo;a tout simplement pas de sens. Nous, Palestiniens, n&rsquo;avons pas le moindre probl\u00e8me avec la communaut\u00e9 juive. Ils font partie de notre communaut\u00e9. Aujourd&rsquo;hui, \u00e0 Naplouse, il y a toujours une importante communaut\u00e9 jud\u00e9o-palestinienne. <strong>Nader Sadaka<\/strong> est un prisonnier politique palestino-juif en Isra\u00ebl. Nous luttons pour sa lib\u00e9ration. \u00bb<\/p><\/blockquote>\n<p>&nbsp;<\/p>\n<p><strong>La toute derni\u00e8re accusation : le terrorisme !<\/strong><\/p>\n<blockquote><p>\u00ab Je d\u00e9fends le droit \u00e0 la r\u00e9sistance des Palestiniens. Est-ce du terrorisme ? Je pense que ce que font la secr\u00e9taire d&rsquo;\u00c9tat De Moor, Theo Francken et l&rsquo;extr\u00eame droite, cela, c&rsquo;est du terrorisme ! \u00bb<\/p>\n<p>\u00ab Quelle est en fait la d\u00e9finition du terrorisme ? Terroriser les gens. En quoi Samidoun terrorise-t-il et perturbe-t-il notre soci\u00e9t\u00e9 ?&nbsp; Nous sommes tout simplement un mouvement de masse social et politique. Nous sommes tr\u00e8s ouverts \u00e0 propos de ce que nous faisons et de ce que nous d\u00e9fendons et nous ne nous laissons pas criminaliser aussi facilement. \u00bb<\/p>\n<p>\u00ab Dans un pays o\u00f9 je suis venu afin de chercher une protection, je me fais attaquer. Que fait la secr\u00e9taire d&rsquo;\u00c9tat \u00e0 un moment o\u00f9 un g\u00e9nocide se d\u00e9roule en live \u00e0 la t\u00e9l\u00e9vision ? Elle m&rsquo;accuse dans la presse de toutes sortes de choses d\u00e9nu\u00e9es du moindre fondement juridique. C&rsquo;est ill\u00e9gal. Si j&rsquo;\u00e9tais un blanc, ils ne m&rsquo;accuseraient jamais de toutes ces choses sans enqu\u00eate pr\u00e9alable. C&rsquo;est du racisme ! \u00bb<\/p>\n<p>\u00ab Je pense que c&rsquo;est \u00e0 la Belgique qu&rsquo;il appartient de d\u00e9finir quel pays elle veut \u00eatre. \u00bb<\/p><\/blockquote>\n<p>&nbsp;<\/p>\n<p><strong>Qu&rsquo;entendez-vous par l\u00e0 ?<\/strong><\/p>\n<blockquote><p>\u00ab La menace qui \u00e9mane de moi, selon la s\u00fbret\u00e9 de l&rsquo;\u00c9tat, n&rsquo;est pas que j&rsquo;appellerais \u00e0 la violence ou que je l&rsquo;organiserais ici en Belgique, bien s\u00fbr que non ! Ils peuvent fouiller ma maison, mais la seule chose qu&rsquo;ils vont trouver, ce sont des autocollants, des affiches et des drapeaux palestiniens. \u00bb<\/p>\n<p>\u00ab Je suis une menace parce que je cr\u00e9e un probl\u00e8me politique entre l&rsquo;\u00c9tat isra\u00e9lien et l&rsquo;\u00c9tat belge, voil\u00e0 de quoi il s&rsquo;agit. Eh bien, si la Belgique entend tol\u00e9rer qu&rsquo;Isra\u00ebl puisse influencer une secr\u00e9taire d&rsquo;\u00c9tat afin de s&rsquo;en prendre de cette fa\u00e7on \u00e0 un r\u00e9fugi\u00e9 palestinien, c&rsquo;est un choix qu&rsquo;on peut faire mais, dans ce cas, cela donne une id\u00e9e du genre de pays que vous voulez \u00eatre. Je pense que la Belgique peut faire nettement mieux. \u00bb<\/p><\/blockquote>\n<p>&nbsp;<\/p>\n<p><strong>Expliquez-vous&#8230;<\/strong><\/p>\n<blockquote><p>\u00ab La Belgique ne doit pas suivre le chemin de l&rsquo;Allemagne ou de la France. Ce pourrait \u00eatre aussi une occasion pour la Belgique de r\u00e9gler ses comptes avec son pass\u00e9 colonial et d&rsquo;assumer un r\u00f4le progressiste. Regardez tous les drapeaux palestiniens que l&rsquo;on voit accroch\u00e9s ici en Belgique. Ici, \u00e0 Bruxelles, la Palestine est visible dans chaque rue ! \u00bb<\/p>\n<p>\u00ab Lutter pour la lib\u00e9ration de la Palestine, pour la justice au Congo, contre le racisme et le colonialisme signifie aussi lutter pour plus d&rsquo;harmonie et pour un mieux-vivre dans nos villes, pour un meilleur avenir pour la soci\u00e9t\u00e9 ici en Belgique. \u00bb<\/p><\/blockquote>\n<p>&nbsp;<\/p>\n<p><strong>Voil\u00e0 une pens\u00e9e int\u00e9ressante pour conclure. Merci pour l&rsquo;interview.<\/strong><\/p>\n<blockquote><p>\u00ab \u00c7&rsquo;a \u00e9t\u00e9 un plaisir. Merci de m&rsquo;avoir invit\u00e9. \u00bb<\/p><\/blockquote>\n<p style=\"text-align: center;\">*****<\/p>\n<p>Publi\u00e9 le 25 avril 2024 sur<a href=\"https:\/\/www.dewereldmorgen.be\/artikel\/2024\/04\/25\/mohammed-khatib-iedereen-kan-palestijn-zijn\/\" target=\"_blank\" rel=\"noopener\"><strong> De Wereld Morgen<\/strong><\/a><br \/>\nTraduction : Jean-Marie Fl\u00e9mal, <a href=\"https:\/\/charleroi-pourlapalestine.be\/\"><strong>Charleroi pour la Palestine<\/strong><\/a><\/p>\n","protected":false},"excerpt":{"rendered":"<p>D\u00e9couvrez Mohammed Khatib, le coordinateur europ\u00e9en de Samidoun, et, surtout, faites-en vous-m\u00eame une \u00e9valuation personnelle.<\/p>\n","protected":false},"author":1,"featured_media":71194,"comment_status":"closed","ping_status":"closed","sticky":false,"template":"","format":"standard","meta":{"ngg_post_thumbnail":0,"footnotes":""},"categories":[454,866],"tags":[218,851],"class_list":["post-71190","post","type-post","status-publish","format-standard","has-post-thumbnail","hentry","category-criminalisation","category-samidoun","tag-ghassan-kanafani","tag-mohammed-khatib"],"yoast_head":"<!-- This site is optimized with the Yoast SEO plugin v27.3 - https:\/\/yoast.com\/product\/yoast-seo-wordpress\/ -->\n<title>Mohammed Khatib : \u00ab Tout le monde peut \u00eatre palestinien \u00bb<\/title>\n<meta name=\"description\" content=\"D\u00e9couvrez Mohammed Khatib, le coordinateur europ\u00e9en de Samidoun, et, surtout, faites-en vous-m\u00eame une \u00e9valuation personnelle.\" \/>\n<meta name=\"robots\" content=\"index, follow, max-snippet:-1, max-image-preview:large, max-video-preview:-1\" \/>\n<link rel=\"canonical\" href=\"https:\/\/charleroi-pourlapalestine.be\/index.php\/2024\/04\/28\/mohammed-khatib-em-tout-le-monde-peut-etre-palestinien-em\/\" \/>\n<script type=\"application\/ld+json\" class=\"yoast-schema-graph\">{\"@context\":\"https:\\\/\\\/schema.org\",\"@graph\":[{\"@type\":\"Article\",\"@id\":\"https:\\\/\\\/charleroi-pourlapalestine.be\\\/index.php\\\/2024\\\/04\\\/28\\\/mohammed-khatib-em-tout-le-monde-peut-etre-palestinien-em\\\/#article\",\"isPartOf\":{\"@id\":\"https:\\\/\\\/charleroi-pourlapalestine.be\\\/index.php\\\/2024\\\/04\\\/28\\\/mohammed-khatib-em-tout-le-monde-peut-etre-palestinien-em\\\/\"},\"author\":{\"name\":\"admin1873\",\"@id\":\"https:\\\/\\\/charleroi-pourlapalestine.be\\\/#\\\/schema\\\/person\\\/c19ff515112f1299d8c12671d8fe3faa\"},\"headline\":\"Mohammed Khatib : \u00ab Tout le monde peut \u00eatre palestinien \u00bb\",\"datePublished\":\"2024-04-28T10:53:35+00:00\",\"dateModified\":\"2024-04-28T20:14:23+00:00\",\"mainEntityOfPage\":{\"@id\":\"https:\\\/\\\/charleroi-pourlapalestine.be\\\/index.php\\\/2024\\\/04\\\/28\\\/mohammed-khatib-em-tout-le-monde-peut-etre-palestinien-em\\\/\"},\"wordCount\":3287,\"publisher\":{\"@id\":\"https:\\\/\\\/charleroi-pourlapalestine.be\\\/#organization\"},\"image\":{\"@id\":\"https:\\\/\\\/charleroi-pourlapalestine.be\\\/index.php\\\/2024\\\/04\\\/28\\\/mohammed-khatib-em-tout-le-monde-peut-etre-palestinien-em\\\/#primaryimage\"},\"thumbnailUrl\":\"https:\\\/\\\/charleroi-pourlapalestine.be\\\/wp-content\\\/uploads\\\/2024\\\/04\\\/Mohammed-Khatib-europees-coordinator-van-Samidoun-e1714301996404.jpg\",\"keywords\":[\"Ghassan Kanafani\",\"Mohammed Khatib\"],\"articleSection\":[\"criminalisation\",\"Samidoun\"],\"inLanguage\":\"fr-FR\"},{\"@type\":\"WebPage\",\"@id\":\"https:\\\/\\\/charleroi-pourlapalestine.be\\\/index.php\\\/2024\\\/04\\\/28\\\/mohammed-khatib-em-tout-le-monde-peut-etre-palestinien-em\\\/\",\"url\":\"https:\\\/\\\/charleroi-pourlapalestine.be\\\/index.php\\\/2024\\\/04\\\/28\\\/mohammed-khatib-em-tout-le-monde-peut-etre-palestinien-em\\\/\",\"name\":\"Mohammed Khatib : \u00ab Tout le monde peut \u00eatre palestinien \u00bb\",\"isPartOf\":{\"@id\":\"https:\\\/\\\/charleroi-pourlapalestine.be\\\/#website\"},\"primaryImageOfPage\":{\"@id\":\"https:\\\/\\\/charleroi-pourlapalestine.be\\\/index.php\\\/2024\\\/04\\\/28\\\/mohammed-khatib-em-tout-le-monde-peut-etre-palestinien-em\\\/#primaryimage\"},\"image\":{\"@id\":\"https:\\\/\\\/charleroi-pourlapalestine.be\\\/index.php\\\/2024\\\/04\\\/28\\\/mohammed-khatib-em-tout-le-monde-peut-etre-palestinien-em\\\/#primaryimage\"},\"thumbnailUrl\":\"https:\\\/\\\/charleroi-pourlapalestine.be\\\/wp-content\\\/uploads\\\/2024\\\/04\\\/Mohammed-Khatib-europees-coordinator-van-Samidoun-e1714301996404.jpg\",\"datePublished\":\"2024-04-28T10:53:35+00:00\",\"dateModified\":\"2024-04-28T20:14:23+00:00\",\"description\":\"D\u00e9couvrez Mohammed Khatib, le coordinateur europ\u00e9en de Samidoun, et, surtout, faites-en vous-m\u00eame une \u00e9valuation personnelle.\",\"breadcrumb\":{\"@id\":\"https:\\\/\\\/charleroi-pourlapalestine.be\\\/index.php\\\/2024\\\/04\\\/28\\\/mohammed-khatib-em-tout-le-monde-peut-etre-palestinien-em\\\/#breadcrumb\"},\"inLanguage\":\"fr-FR\",\"potentialAction\":[{\"@type\":\"ReadAction\",\"target\":[\"https:\\\/\\\/charleroi-pourlapalestine.be\\\/index.php\\\/2024\\\/04\\\/28\\\/mohammed-khatib-em-tout-le-monde-peut-etre-palestinien-em\\\/\"]}]},{\"@type\":\"ImageObject\",\"inLanguage\":\"fr-FR\",\"@id\":\"https:\\\/\\\/charleroi-pourlapalestine.be\\\/index.php\\\/2024\\\/04\\\/28\\\/mohammed-khatib-em-tout-le-monde-peut-etre-palestinien-em\\\/#primaryimage\",\"url\":\"https:\\\/\\\/charleroi-pourlapalestine.be\\\/wp-content\\\/uploads\\\/2024\\\/04\\\/Mohammed-Khatib-europees-coordinator-van-Samidoun-e1714301996404.jpg\",\"contentUrl\":\"https:\\\/\\\/charleroi-pourlapalestine.be\\\/wp-content\\\/uploads\\\/2024\\\/04\\\/Mohammed-Khatib-europees-coordinator-van-Samidoun-e1714301996404.jpg\",\"width\":1139,\"height\":878},{\"@type\":\"BreadcrumbList\",\"@id\":\"https:\\\/\\\/charleroi-pourlapalestine.be\\\/index.php\\\/2024\\\/04\\\/28\\\/mohammed-khatib-em-tout-le-monde-peut-etre-palestinien-em\\\/#breadcrumb\",\"itemListElement\":[{\"@type\":\"ListItem\",\"position\":1,\"name\":\"Accueil\",\"item\":\"https:\\\/\\\/charleroi-pourlapalestine.be\\\/\"},{\"@type\":\"ListItem\",\"position\":2,\"name\":\"Mohammed Khatib : \u00ab Tout le monde peut \u00eatre palestinien \u00bb\"}]},{\"@type\":\"WebSite\",\"@id\":\"https:\\\/\\\/charleroi-pourlapalestine.be\\\/#website\",\"url\":\"https:\\\/\\\/charleroi-pourlapalestine.be\\\/\",\"name\":\"Charleroi Pour la Palestine\",\"description\":\"\",\"publisher\":{\"@id\":\"https:\\\/\\\/charleroi-pourlapalestine.be\\\/#organization\"},\"potentialAction\":[{\"@type\":\"SearchAction\",\"target\":{\"@type\":\"EntryPoint\",\"urlTemplate\":\"https:\\\/\\\/charleroi-pourlapalestine.be\\\/?s={search_term_string}\"},\"query-input\":{\"@type\":\"PropertyValueSpecification\",\"valueRequired\":true,\"valueName\":\"search_term_string\"}}],\"inLanguage\":\"fr-FR\"},{\"@type\":\"Organization\",\"@id\":\"https:\\\/\\\/charleroi-pourlapalestine.be\\\/#organization\",\"name\":\"Plate-forme Charleroi-Palestine\",\"url\":\"https:\\\/\\\/charleroi-pourlapalestine.be\\\/\",\"logo\":{\"@type\":\"ImageObject\",\"inLanguage\":\"fr-FR\",\"@id\":\"https:\\\/\\\/charleroi-pourlapalestine.be\\\/#\\\/schema\\\/logo\\\/image\\\/\",\"url\":\"https:\\\/\\\/charleroi-pourlapalestine.be\\\/wp-content\\\/uploads\\\/2020\\\/01\\\/logo-Copy.jpg\",\"contentUrl\":\"https:\\\/\\\/charleroi-pourlapalestine.be\\\/wp-content\\\/uploads\\\/2020\\\/01\\\/logo-Copy.jpg\",\"width\":180,\"height\":180,\"caption\":\"Plate-forme Charleroi-Palestine\"},\"image\":{\"@id\":\"https:\\\/\\\/charleroi-pourlapalestine.be\\\/#\\\/schema\\\/logo\\\/image\\\/\"},\"sameAs\":[\"https:\\\/\\\/www.facebook.com\\\/PlateformeCharleroiPalestine\\\/\",\"https:\\\/\\\/x.com\\\/LaCharleroi\"]},{\"@type\":\"Person\",\"@id\":\"https:\\\/\\\/charleroi-pourlapalestine.be\\\/#\\\/schema\\\/person\\\/c19ff515112f1299d8c12671d8fe3faa\",\"name\":\"admin1873\",\"url\":\"https:\\\/\\\/charleroi-pourlapalestine.be\\\/index.php\\\/author\\\/admin1873\\\/\"}]}<\/script>\n<!-- \/ Yoast SEO plugin. -->","yoast_head_json":{"title":"Mohammed Khatib : \u00ab Tout le monde peut \u00eatre palestinien \u00bb","description":"D\u00e9couvrez Mohammed Khatib, le coordinateur europ\u00e9en de Samidoun, et, surtout, faites-en vous-m\u00eame une \u00e9valuation personnelle.","robots":{"index":"index","follow":"follow","max-snippet":"max-snippet:-1","max-image-preview":"max-image-preview:large","max-video-preview":"max-video-preview:-1"},"canonical":"https:\/\/charleroi-pourlapalestine.be\/index.php\/2024\/04\/28\/mohammed-khatib-em-tout-le-monde-peut-etre-palestinien-em\/","schema":{"@context":"https:\/\/schema.org","@graph":[{"@type":"Article","@id":"https:\/\/charleroi-pourlapalestine.be\/index.php\/2024\/04\/28\/mohammed-khatib-em-tout-le-monde-peut-etre-palestinien-em\/#article","isPartOf":{"@id":"https:\/\/charleroi-pourlapalestine.be\/index.php\/2024\/04\/28\/mohammed-khatib-em-tout-le-monde-peut-etre-palestinien-em\/"},"author":{"name":"admin1873","@id":"https:\/\/charleroi-pourlapalestine.be\/#\/schema\/person\/c19ff515112f1299d8c12671d8fe3faa"},"headline":"Mohammed Khatib : \u00ab Tout le monde peut \u00eatre palestinien \u00bb","datePublished":"2024-04-28T10:53:35+00:00","dateModified":"2024-04-28T20:14:23+00:00","mainEntityOfPage":{"@id":"https:\/\/charleroi-pourlapalestine.be\/index.php\/2024\/04\/28\/mohammed-khatib-em-tout-le-monde-peut-etre-palestinien-em\/"},"wordCount":3287,"publisher":{"@id":"https:\/\/charleroi-pourlapalestine.be\/#organization"},"image":{"@id":"https:\/\/charleroi-pourlapalestine.be\/index.php\/2024\/04\/28\/mohammed-khatib-em-tout-le-monde-peut-etre-palestinien-em\/#primaryimage"},"thumbnailUrl":"https:\/\/charleroi-pourlapalestine.be\/wp-content\/uploads\/2024\/04\/Mohammed-Khatib-europees-coordinator-van-Samidoun-e1714301996404.jpg","keywords":["Ghassan Kanafani","Mohammed Khatib"],"articleSection":["criminalisation","Samidoun"],"inLanguage":"fr-FR"},{"@type":"WebPage","@id":"https:\/\/charleroi-pourlapalestine.be\/index.php\/2024\/04\/28\/mohammed-khatib-em-tout-le-monde-peut-etre-palestinien-em\/","url":"https:\/\/charleroi-pourlapalestine.be\/index.php\/2024\/04\/28\/mohammed-khatib-em-tout-le-monde-peut-etre-palestinien-em\/","name":"Mohammed Khatib : \u00ab Tout le monde peut \u00eatre palestinien \u00bb","isPartOf":{"@id":"https:\/\/charleroi-pourlapalestine.be\/#website"},"primaryImageOfPage":{"@id":"https:\/\/charleroi-pourlapalestine.be\/index.php\/2024\/04\/28\/mohammed-khatib-em-tout-le-monde-peut-etre-palestinien-em\/#primaryimage"},"image":{"@id":"https:\/\/charleroi-pourlapalestine.be\/index.php\/2024\/04\/28\/mohammed-khatib-em-tout-le-monde-peut-etre-palestinien-em\/#primaryimage"},"thumbnailUrl":"https:\/\/charleroi-pourlapalestine.be\/wp-content\/uploads\/2024\/04\/Mohammed-Khatib-europees-coordinator-van-Samidoun-e1714301996404.jpg","datePublished":"2024-04-28T10:53:35+00:00","dateModified":"2024-04-28T20:14:23+00:00","description":"D\u00e9couvrez Mohammed Khatib, le coordinateur europ\u00e9en de Samidoun, et, surtout, faites-en vous-m\u00eame une \u00e9valuation personnelle.","breadcrumb":{"@id":"https:\/\/charleroi-pourlapalestine.be\/index.php\/2024\/04\/28\/mohammed-khatib-em-tout-le-monde-peut-etre-palestinien-em\/#breadcrumb"},"inLanguage":"fr-FR","potentialAction":[{"@type":"ReadAction","target":["https:\/\/charleroi-pourlapalestine.be\/index.php\/2024\/04\/28\/mohammed-khatib-em-tout-le-monde-peut-etre-palestinien-em\/"]}]},{"@type":"ImageObject","inLanguage":"fr-FR","@id":"https:\/\/charleroi-pourlapalestine.be\/index.php\/2024\/04\/28\/mohammed-khatib-em-tout-le-monde-peut-etre-palestinien-em\/#primaryimage","url":"https:\/\/charleroi-pourlapalestine.be\/wp-content\/uploads\/2024\/04\/Mohammed-Khatib-europees-coordinator-van-Samidoun-e1714301996404.jpg","contentUrl":"https:\/\/charleroi-pourlapalestine.be\/wp-content\/uploads\/2024\/04\/Mohammed-Khatib-europees-coordinator-van-Samidoun-e1714301996404.jpg","width":1139,"height":878},{"@type":"BreadcrumbList","@id":"https:\/\/charleroi-pourlapalestine.be\/index.php\/2024\/04\/28\/mohammed-khatib-em-tout-le-monde-peut-etre-palestinien-em\/#breadcrumb","itemListElement":[{"@type":"ListItem","position":1,"name":"Accueil","item":"https:\/\/charleroi-pourlapalestine.be\/"},{"@type":"ListItem","position":2,"name":"Mohammed Khatib : \u00ab Tout le monde peut \u00eatre palestinien \u00bb"}]},{"@type":"WebSite","@id":"https:\/\/charleroi-pourlapalestine.be\/#website","url":"https:\/\/charleroi-pourlapalestine.be\/","name":"Charleroi Pour la Palestine","description":"","publisher":{"@id":"https:\/\/charleroi-pourlapalestine.be\/#organization"},"potentialAction":[{"@type":"SearchAction","target":{"@type":"EntryPoint","urlTemplate":"https:\/\/charleroi-pourlapalestine.be\/?s={search_term_string}"},"query-input":{"@type":"PropertyValueSpecification","valueRequired":true,"valueName":"search_term_string"}}],"inLanguage":"fr-FR"},{"@type":"Organization","@id":"https:\/\/charleroi-pourlapalestine.be\/#organization","name":"Plate-forme Charleroi-Palestine","url":"https:\/\/charleroi-pourlapalestine.be\/","logo":{"@type":"ImageObject","inLanguage":"fr-FR","@id":"https:\/\/charleroi-pourlapalestine.be\/#\/schema\/logo\/image\/","url":"https:\/\/charleroi-pourlapalestine.be\/wp-content\/uploads\/2020\/01\/logo-Copy.jpg","contentUrl":"https:\/\/charleroi-pourlapalestine.be\/wp-content\/uploads\/2020\/01\/logo-Copy.jpg","width":180,"height":180,"caption":"Plate-forme Charleroi-Palestine"},"image":{"@id":"https:\/\/charleroi-pourlapalestine.be\/#\/schema\/logo\/image\/"},"sameAs":["https:\/\/www.facebook.com\/PlateformeCharleroiPalestine\/","https:\/\/x.com\/LaCharleroi"]},{"@type":"Person","@id":"https:\/\/charleroi-pourlapalestine.be\/#\/schema\/person\/c19ff515112f1299d8c12671d8fe3faa","name":"admin1873","url":"https:\/\/charleroi-pourlapalestine.be\/index.php\/author\/admin1873\/"}]}},"_links":{"self":[{"href":"https:\/\/charleroi-pourlapalestine.be\/index.php\/wp-json\/wp\/v2\/posts\/71190","targetHints":{"allow":["GET"]}}],"collection":[{"href":"https:\/\/charleroi-pourlapalestine.be\/index.php\/wp-json\/wp\/v2\/posts"}],"about":[{"href":"https:\/\/charleroi-pourlapalestine.be\/index.php\/wp-json\/wp\/v2\/types\/post"}],"author":[{"embeddable":true,"href":"https:\/\/charleroi-pourlapalestine.be\/index.php\/wp-json\/wp\/v2\/users\/1"}],"replies":[{"embeddable":true,"href":"https:\/\/charleroi-pourlapalestine.be\/index.php\/wp-json\/wp\/v2\/comments?post=71190"}],"version-history":[{"count":0,"href":"https:\/\/charleroi-pourlapalestine.be\/index.php\/wp-json\/wp\/v2\/posts\/71190\/revisions"}],"wp:featuredmedia":[{"embeddable":true,"href":"https:\/\/charleroi-pourlapalestine.be\/index.php\/wp-json\/wp\/v2\/media\/71194"}],"wp:attachment":[{"href":"https:\/\/charleroi-pourlapalestine.be\/index.php\/wp-json\/wp\/v2\/media?parent=71190"}],"wp:term":[{"taxonomy":"category","embeddable":true,"href":"https:\/\/charleroi-pourlapalestine.be\/index.php\/wp-json\/wp\/v2\/categories?post=71190"},{"taxonomy":"post_tag","embeddable":true,"href":"https:\/\/charleroi-pourlapalestine.be\/index.php\/wp-json\/wp\/v2\/tags?post=71190"}],"curies":[{"name":"wp","href":"https:\/\/api.w.org\/{rel}","templated":true}]}}