{"id":71522,"date":"2024-05-05T15:27:33","date_gmt":"2024-05-05T13:27:33","guid":{"rendered":"https:\/\/charleroi-pourlapalestine.be\/?p=71522"},"modified":"2024-05-05T15:27:37","modified_gmt":"2024-05-05T13:27:37","slug":"les-tentes-de-gaza-sont-devenues-de-veritables-fours","status":"publish","type":"post","link":"https:\/\/charleroi-pourlapalestine.be\/index.php\/2024\/05\/05\/les-tentes-de-gaza-sont-devenues-de-veritables-fours\/","title":{"rendered":"Les tentes de Gaza sont devenues de v\u00e9ritables fours"},"content":{"rendered":"<p>Le survivant de l&rsquo;Holocauste et intellectuel Israel Shahak a \u00e9t\u00e9 parmi les premiers \u00e0 comparer Isra\u00ebl aux nazis. Shahak sugg\u00e9rait \u2013 voici plus de quarante ans \u2013 que la seule diff\u00e9rence \u00e9tait qu&rsquo;Isra\u00ebl n&rsquo;avait pas encore construit de fours ni de chambres \u00e0 gaz. Au vu des conditions actuelles \u00e0 Gaza, je pense qu&rsquo;Isra\u00ebl s&rsquo;y est quand m\u00eame mis.<\/p>\n<p>&nbsp;<\/p>\n<div id=\"attachment_71523\" style=\"width: 810px\" class=\"wp-caption aligncenter\"><img loading=\"lazy\" decoding=\"async\" aria-describedby=\"caption-attachment-71523\" class=\"wp-image-71523 size-full\" src=\"https:\/\/charleroi-pourlapalestine.be\/wp-content\/uploads\/2024\/05\/Tentes-a-Gaza.jpg\" alt=\"Les conditions de vie dans les tentes, \u00e0 Gaza, sont \u00e9pouvantables.\" width=\"800\" height=\"541\" srcset=\"https:\/\/charleroi-pourlapalestine.be\/wp-content\/uploads\/2024\/05\/Tentes-a-Gaza.jpg 800w, https:\/\/charleroi-pourlapalestine.be\/wp-content\/uploads\/2024\/05\/Tentes-a-Gaza-300x203.jpg 300w, https:\/\/charleroi-pourlapalestine.be\/wp-content\/uploads\/2024\/05\/Tentes-a-Gaza-768x519.jpg 768w\" sizes=\"auto, (max-width: 800px) 100vw, 800px\" \/><p id=\"caption-attachment-71523\" class=\"wp-caption-text\"><strong>Les conditions de vie dans les tentes, \u00e0 Gaza, sont \u00e9pouvantables.<\/strong> (Photo : Omar Ashtawy \/ APA images)<\/p><\/div>\n<p>&nbsp;<\/p>\n<p><strong><a href=\"https:\/\/charleroi-pourlapalestine.be\/index.php\/tag\/susan-abulhawa\/\">Susan Abulhawa<\/a>, <\/strong>le 3 mai 2024<\/p>\n<p>&nbsp;<\/p>\n<p>Gaza a souvent \u00e9t\u00e9 d\u00e9crit comme un camp de concentration massif, mais les conditions actuelles sont pires que ne l&rsquo;implique le terme. Ce lopin de terre dens\u00e9ment peupl\u00e9 est devenu un cloaque d&rsquo;eaux us\u00e9es, d&rsquo;interminables champs de d\u00e9combres et d&rsquo;amiante pulv\u00e9ris\u00e9, de mat\u00e9riaux particuli\u00e8rement toxiques contenus dans les explosifs et d&rsquo;autres substances chimiques utilis\u00e9es par l&rsquo;arm\u00e9e, de pollution de l&rsquo;eau et de l&rsquo;air et de toute une salet\u00e9 incontournable.<\/p>\n<p>Un poison en cache un autre et le tout est respir\u00e9 et expir\u00e9 aussi bien par les jeunes que par les personnes \u00e2g\u00e9es. Les blessures ne peuvent \u00e9chapper \u00e0 l&rsquo;infection et ne gu\u00e9rissent pas.<\/p>\n<p>Rien ne peut gu\u00e9rir.<\/p>\n<p>Les arbres sont partis. Dans la majorit\u00e9 des terres agricoles, Isra\u00ebl les a d\u00e9truits \u00e0 l&rsquo;aide de ses bulldozers.<\/p>\n<p>Les animaux meurent de soif ou de faim et pourrissent l\u00e0 o\u00f9 ils tombent. Les humains aussi se d\u00e9composent l\u00e0 o\u00f9 ils tombent, abattus par les tireurs isra\u00e9liens embusqu\u00e9s.<\/p>\n<p>Gaza d\u00e9passe de loin les mots que nous utilisons g\u00e9n\u00e9ralement.<em> \u00ab Camp de concentration \u00bb<\/em> n&rsquo;est pas un terme assez fort.<\/p>\n<p>C&rsquo;est un laboratoire macabre qui teste les limites d&rsquo;une terreur impos\u00e9e sans rel\u00e2che \u00e0 une population captive et sans d\u00e9fense. L&rsquo;incessant bourdonnement des drones (que la population d\u00e9signe commun\u00e9ment du terme zanana, en raison de leur bourdonnement lancinant, NDT) est ponctu\u00e9 par des bombardements injustifi\u00e9s et par les cadavres d\u00e9chir\u00e9s et d\u00e9sarticul\u00e9s que l&rsquo;on retire des d\u00e9combres.<\/p>\n<p>On rince et on recommence, jour apr\u00e8s jour. Des taux \u00e9lev\u00e9s de cortisol qui ne peuvent redescendre au niveau de base ravagent l&rsquo;esprit et le corps.<\/p>\n<p>La nourriture est rare ou malsaine. L&rsquo;eau est sale.<\/p>\n<p>Des maladies pourtant \u00e9radiqu\u00e9es se d\u00e9cha\u00eenent de nouveau. Les pieds des enfants sont nus, sales et meurtris de coupures.<\/p>\n<p>Cheveux et corps n&rsquo;ont plus \u00e9t\u00e9 lav\u00e9s depuis des mois. La gale, les poux.<\/p>\n<p>La col\u00e8re. Le d\u00e9sespoir profond et la d\u00e9pression.<\/p>\n<p>La d\u00e9tresse. La peur. La terreur.<\/p>\n<p>Voil\u00e0 \u00e0 quoi ressemble le g\u00e9nocide pour ceux qui restent en vie.<\/p>\n<p>Les r\u00e9cits de sumud (r\u00e9silience), de courage et d&rsquo;h\u00e9ro\u00efsme sont tout simplement une autre forme de d\u00e9shumanisation. Du genre \u00e0 faire croire au monde que les Palestiniens peuvent endurer n&rsquo;importe quoi, m\u00eame le pire.<\/p>\n<p>Ils ne le peuvent. Il y a des limites.<\/p>\n<p>C&rsquo;en est assez. C&rsquo;en est assez depuis longtemps.<\/p>\n<p>La v\u00e9rit\u00e9 est sinistre et p\u00e9nible \u00e0 voir, mais elle ne devrait pas \u00eatre masqu\u00e9e par les notions romantiques de l&rsquo;une ou l&rsquo;autre soci\u00e9t\u00e9 ang\u00e9lique dot\u00e9e d&rsquo;une capacit\u00e9 illimit\u00e9e de r\u00e9sister \u00e0 ce \u00e0 quoi on ne devrait jamais r\u00e9sister.<\/p>\n<p>&nbsp;<\/p>\n<h3>Les tentes sont des fours<\/h3>\n<p>Les tentes en nylon dans lesquelles Isra\u00ebl a forc\u00e9 les gens \u00e0 vivre sont h\u00e9las des fours.<\/p>\n<p>L&rsquo;insolation est la toute derni\u00e8re des causes de d\u00e9c\u00e8s. Plusieurs enfants en sont morts.<\/p>\n<p>Ont \u00e9galement subi le m\u00eame sort deux chr\u00e9tiennes palestiniennes, une m\u00e8re et sa fille, qui s&rsquo;\u00e9taient r\u00e9fugi\u00e9es dans une \u00e9glise du nord de Gaza apr\u00e8s qu&rsquo;Isra\u00ebl avait bombard\u00e9 et d\u00e9truit leur maison.<\/p>\n<p>Lara Grace Khalil al-Sayegh, dix-neuf ans, et sa m\u00e8re avaient finalement obtenu la permission de se rendre en \u00c9gypte apr\u00e8s avoir acquitt\u00e9 les 5 000 dollars obligatoires par personne et attendu leur tour durant de longues semaines. Elles n&rsquo;avaient eu d&rsquo;autre choix que de s&rsquo;en aller \u00e0 pied dans la chaleur torride en esp\u00e9rant trouver une autre terre plus hospitali\u00e8re pour les accueillir.<\/p>\n<p>Lara s&rsquo;\u00e9tait effondr\u00e9e le long du chemin et \u00e9tait morte d&rsquo;une insolation.<\/p>\n<p>Sa m\u00e8re est toujours dans le coma.<\/p>\n<p>&nbsp;<\/p>\n<h3>La ramassette rouge<\/h3>\n<p>Les enfants de mon amie passent leurs journ\u00e9es \u00e0 \u00e9changer leurs souvenirs et ceux de leurs parents \u00e0 propos de choses qui existaient dans leur maison d\u00e9sormais oblit\u00e9r\u00e9e.<\/p>\n<blockquote><p>\u00ab Tu te rappelles que tu devais pousser deux fois sur le bouton de la t\u00e9l\u00e9commande pour qu&rsquo;elle fonctionne ? \u00bb<\/p>\n<p>\u00ab Tu te souviens du short rouge avec Spiderman que papa portait dans la maison ? \u00bb<\/p><\/blockquote>\n<p>Ils rient. Mais ce n&rsquo;est pas vraiment rire.<\/p>\n<p>Quand mon amie a balay\u00e9 la cuisine et qu&rsquo;elle a d\u00fb utiliser un bout de carton au lieu d&rsquo;une ramassette, le plus jeune de ses enfants a dit :<\/p>\n<blockquote><p>\u00ab Tu te souviens de la ramassette rouge sous l&rsquo;\u00e9vier. (&#8230;) Tu te souviens de l&rsquo;\u00e9vier ? \u00bb<\/p><\/blockquote>\n<p>Mon amie sait qu&rsquo;il s&rsquo;agit d&rsquo;expressions d&rsquo;un traumatisme profond dont elle ignore comment elle doit y p\u00e9n\u00e9trer \u2013 et elle n&rsquo;aurait d&rsquo;ailleurs pas la capacit\u00e9 de le faire \u2013 mais en se rendant bien compte de quoi il retourne.<\/p>\n<p>Elle-m\u00eame tient \u00e0 peine le coup. Et elle est l&rsquo;une des plus chanceuses.<\/p>\n<p>Elle a un travail et un modeste revenu au sein d&rsquo;une ONG internationale.<\/p>\n<p>Ses gamins ont des chaussures et un jeu de v\u00eatements de rechange, qu&rsquo;elle lave \u00e0 la main chaque fois qu&rsquo;elle rentre chez elle, \u00e9puis\u00e9e.<\/p>\n<p>&nbsp;<\/p>\n<h3>Des besoins douloureusement \u00e9l\u00e9mentaires<\/h3>\n<p>Les enfants posent \u00e0 leurs parents des questions qui n&rsquo;ont pas de r\u00e9ponses.<\/p>\n<blockquote><p>\u00ab O\u00f9 pouvons-nous aller chez nous ? \u00bb<\/p><\/blockquote>\n<p>Ils posent des questions bien plus vieilles que leur \u00e2ge et on se demande s&rsquo;ils connaissent le sens de leurs questions.<\/p>\n<blockquote><p>\u00ab O\u00f9 en sont les n\u00e9gociations sur le cessez-le-feu ? Y a-t-il d\u00e9j\u00e0 un accord ? \u00bb<\/p><\/blockquote>\n<p>Ces questions, c&rsquo;est un enfant de quatre ans qui les pose.<\/p>\n<p>Je parle avec les enfants chaque fois que j&rsquo;en ai l&rsquo;occasion et je leur pose souvent la m\u00eame question :<\/p>\n<blockquote><p>\u00ab Que d\u00e9sirez-vous vraiment le plus au monde ? \u00bb<\/p><\/blockquote>\n<p>Sans exception, ils r\u00e9pondent qu&rsquo;ils veulent que cessent les bombardements afin de pouvoir rentrer \u00e0 la maison. J&rsquo;insiste un peu dans ce sens, alors.<\/p>\n<p>Que d\u00e9sirent-ils, apr\u00e8s le g\u00e9nocide ? Rien du tout.<\/p>\n<p>Une maison s\u00fbre est le summum de leurs d\u00e9sirs les plus profonds.<\/p>\n<blockquote><p>\u00ab Qu&rsquo;est-ce qui vous manque le plus ? \u00bb<\/p><\/blockquote>\n<p>demand\u00e9-je stupidement.<\/p>\n<blockquote><p>\u00ab Mon papa \u00bb,<\/p><\/blockquote>\n<p>me dit un gar\u00e7on.<\/p>\n<p>Il ne peut contenir les larmes qui jaillissent d&rsquo;avoir prononc\u00e9 le mot <em>\u00ab baba \u00bb<\/em> et ils enfouit son visage dans mes bras. Je regrette aussit\u00f4t cette question, craignant de l&rsquo;avoir traumatis\u00e9 plus encore.<\/p>\n<p>Je passe le reste de mon temps, ce jour-l\u00e0, \u00e0 une conversation priv\u00e9e avec lui et sa m\u00e8re, \u00e9coutant tout ce qu&rsquo;ils d\u00e9sirent, et je m&rsquo;assure qu&rsquo;ils disposent de suffisamment de nourriture au moins pour le mois prochain.<\/p>\n<p>Je ne sais pas si je le fais pour eux ou pour apaiser ma conscience coupable.<\/p>\n<p>Gaza est un endroit \u00e0 questions stupides, d\u00e9nu\u00e9es de sens, tortueuses, douloureuses et sans r\u00e9ponses.<\/p>\n<p>&nbsp;<\/p>\n<h3>L&rsquo;an\u00e9antissement de la d\u00e9brouillardise<\/h3>\n<p>Dans le pass\u00e9, en d\u00e9pit des campagnes de bombardement intermittentes d&rsquo;Isra\u00ebl, <em>\u00ab comme pour tondre le gazon \u00bb,<\/em> en d\u00e9pit du \u00ab<em> r\u00e9gime \u00bb<\/em> qu&rsquo;il imposait \u00e0 Gaza en vue d&rsquo;amener la population au bord de la famine, en d\u00e9pit des coupures d&rsquo;\u00e9lectricit\u00e9, de la cruaut\u00e9 du si\u00e8ge et des emprisonnements, les Palestiniens de Gaza trouvaient toujours bien l&rsquo;un ou l&rsquo;autre moyen d&rsquo;exceller.<\/p>\n<p>Ils cr\u00e9aient des universit\u00e9s et s&rsquo;arrangeaient pour devenir le peuple le plus hautement cultiv\u00e9 de la r\u00e9gion par habitant, avec un taux d&rsquo;alphab\u00e9tisation sup\u00e9rieur \u00e0 97 pour 100.<\/p>\n<p>Ils montaient des affaires, imaginaient des moyens de se d\u00e9brouiller malgr\u00e9 l&rsquo;\u00e9lectricit\u00e9 sporadique, cr\u00e9aient d&rsquo;ing\u00e9nieuses entreprises de recyclage, produisaient une litt\u00e9rature et un art profonds et mettaient sur pied une \u00e9conomie locale robuste.<\/p>\n<p>Isra\u00ebl a toujours d\u00e9test\u00e9 cela. Les Isra\u00e9liens ont toujours d\u00e9test\u00e9 notre joie et notre d\u00e9brouillardise.<\/p>\n<p>M\u00eame maintenant que les gens tiennent encore \u00e0 peine \u00e0 la vie, les personnalit\u00e9s de la soci\u00e9t\u00e9 et des m\u00e9dias isra\u00e9liens fulminent \u00e0 la vue d&rsquo;enfants palestiniens qui jouent dans la mer lors d&rsquo;une des journ\u00e9es les plus chaudes de toute l&rsquo;histoire de Gaza.<\/p>\n<p>Ils pr\u00e9tendent qu&rsquo;Isra\u00ebl ne les frappe pas encore assez durement. Apparemment, les Isra\u00e9liens ont besoin d&rsquo;assister \u00e0 un effa\u00e7age permanent de nos sourires et au d\u00e9sespoir total de nos enfants.<\/p>\n<p>Jusqu&rsquo;\u00e0 un certain point, ils y sont parvenus.<\/p>\n<p>Les gens sont profond\u00e9ment d\u00e9prim\u00e9s. Les liens sociaux et familiaux qui ont longtemps fortifi\u00e9 la soci\u00e9t\u00e9 palestinienne, surtout \u00e0 Gaza, subissent un d\u00e9mant\u00e8lement progressif.<\/p>\n<p>Mais, pour un peuple ancien comme les Palestiniens, avec des racines bien plus vieilles que celles d&rsquo;Isra\u00ebl, plus anciennes que le sionisme et plus anciennes que le monoth\u00e9isme, ce supplice s&rsquo;av\u00e9rera temporaire.<\/p>\n<p>Alors que les conversations se poursuivent, surtout en priv\u00e9 apr\u00e8s que les larmes sont tomb\u00e9es, les gens restent d\u00e9sireux de reconstruire et ils sont bien d\u00e9cid\u00e9s \u00e0 le faire. M\u00eame ceux qui pr\u00e9voient de s&rsquo;en aller par souci pour leurs enfants, souhaitent revenir et reconstruire.<\/p>\n<p style=\"text-align: center;\">*****<\/p>\n<p><strong><img loading=\"lazy\" decoding=\"async\" class=\"wp-image-16514 size-thumbnail alignleft\" src=\"https:\/\/charleroi-pourlapalestine.be\/wp-content\/uploads\/2020\/08\/susan-abulhawa-150x150.jpg\" alt=\"\" width=\"150\" height=\"150\">Susan Abulhawa<\/strong> est n\u00e9e en 1967 en <strong>Palestine<\/strong>, de parents r\u00e9fugi\u00e9s de la guerre des Six-Jours.<\/p>\n<p>\u00c9lev\u00e9e en partie au <strong>Kowe\u00eft<\/strong>, en <strong>Jordanie<\/strong> et dans la partie occup\u00e9e de <strong>J\u00e9rusalem-Est<\/strong>, elle vit maintenant aux <strong>\u00c9tats-Unis<\/strong>.<\/p>\n<p><strong>Susan Abulhawa<\/strong> est l\u2019auteur de <em><strong>\u00ab Les Matins de J\u00e9nine \u00bb<\/strong><\/em> (\u00e9dit\u00e9 en fran\u00e7ais chez Buchet-Chastel en 2008), qui a remport\u00e9 le <em>Best Book Award 2007<\/em> dans la cat\u00e9gorie Fiction historique.<\/p>\n<p>Elle est commentatrice politique, activiste pour les droits humains et fondatrice d\u2019une organisation internationale pour la d\u00e9fense des enfants.<\/p>\n<p>Son premier recueil de po\u00e9sie <strong><em>\u00ab My voice sought the wind \u00bb<\/em><\/strong> est publi\u00e9 en 2013 chez Just World Books.<\/p>\n<p>Sa deuxi\u00e8me publication en fran\u00e7ais,<strong> \u00ab&nbsp;<em>Le Bleu entre le ciel et la mer&nbsp;\u00bb<\/em> <\/strong>(\u00ab The Blue between Sky and Water \u00bb), est \u00e9dit\u00e9 chez Deno\u00ebl, en 2016.<\/p>\n<p>Son dernier roman s\u2019appelle <em><strong>Against the Loveless World. Bloomsbury <\/strong><\/em>et est \u00e9dit\u00e9 chez Bloomsburry, Londres, en 2024.<\/p>\n<p style=\"text-align: center;\">*****<\/p>\n<p>Publi\u00e9 le 3 mai 2024 sur<a href=\"https:\/\/electronicintifada.net\/content\/gazas-tents-have-become-ovens\/46176\"> The Electronic Intifada<\/a><br \/>\nTraduction : Jean-Marie Fl\u00e9mal, <a tabindex=\"-1\" href=\"https:\/\/electronicintifada.net\/content\/sprouting-death\/45981\">Charleroi pour la Palestine<\/a><\/p>\n<p>&nbsp;<\/p>\n","protected":false},"excerpt":{"rendered":"<p>Gaza est un laboratoire macabre qui teste les limites d&rsquo;une terreur impos\u00e9e sans rel\u00e2che \u00e0 une population captive et sans d\u00e9fense. <\/p>\n","protected":false},"author":1,"featured_media":71523,"comment_status":"closed","ping_status":"closed","sticky":false,"template":"","format":"standard","meta":{"ngg_post_thumbnail":0,"footnotes":""},"categories":[926,344],"tags":[242],"class_list":["post-71522","post","type-post","status-publish","format-standard","has-post-thumbnail","hentry","category-gaza-2","category-genocide","tag-susan-abulhawa"],"yoast_head":"<!-- This site is optimized with the Yoast SEO plugin v27.3 - https:\/\/yoast.com\/product\/yoast-seo-wordpress\/ -->\n<title>Les tentes de Gaza sont devenues de v\u00e9ritables fours<\/title>\n<meta name=\"description\" content=\"Gaza a souvent \u00e9t\u00e9 d\u00e9crit comme un camp de concentration massif, mais les conditions actuelles sont pires que ne l&#039;implique le terme\" \/>\n<meta name=\"robots\" content=\"index, follow, max-snippet:-1, max-image-preview:large, max-video-preview:-1\" \/>\n<link rel=\"canonical\" href=\"https:\/\/charleroi-pourlapalestine.be\/index.php\/2024\/05\/05\/les-tentes-de-gaza-sont-devenues-de-veritables-fours\/\" \/>\n<script type=\"application\/ld+json\" class=\"yoast-schema-graph\">{\"@context\":\"https:\\\/\\\/schema.org\",\"@graph\":[{\"@type\":\"Article\",\"@id\":\"https:\\\/\\\/charleroi-pourlapalestine.be\\\/index.php\\\/2024\\\/05\\\/05\\\/les-tentes-de-gaza-sont-devenues-de-veritables-fours\\\/#article\",\"isPartOf\":{\"@id\":\"https:\\\/\\\/charleroi-pourlapalestine.be\\\/index.php\\\/2024\\\/05\\\/05\\\/les-tentes-de-gaza-sont-devenues-de-veritables-fours\\\/\"},\"author\":{\"name\":\"admin1873\",\"@id\":\"https:\\\/\\\/charleroi-pourlapalestine.be\\\/#\\\/schema\\\/person\\\/c19ff515112f1299d8c12671d8fe3faa\"},\"headline\":\"Les tentes de Gaza sont devenues de v\u00e9ritables fours\",\"datePublished\":\"2024-05-05T13:27:33+00:00\",\"dateModified\":\"2024-05-05T13:27:37+00:00\",\"mainEntityOfPage\":{\"@id\":\"https:\\\/\\\/charleroi-pourlapalestine.be\\\/index.php\\\/2024\\\/05\\\/05\\\/les-tentes-de-gaza-sont-devenues-de-veritables-fours\\\/\"},\"wordCount\":1830,\"publisher\":{\"@id\":\"https:\\\/\\\/charleroi-pourlapalestine.be\\\/#organization\"},\"image\":{\"@id\":\"https:\\\/\\\/charleroi-pourlapalestine.be\\\/index.php\\\/2024\\\/05\\\/05\\\/les-tentes-de-gaza-sont-devenues-de-veritables-fours\\\/#primaryimage\"},\"thumbnailUrl\":\"https:\\\/\\\/charleroi-pourlapalestine.be\\\/wp-content\\\/uploads\\\/2024\\\/05\\\/Tentes-a-Gaza.jpg\",\"keywords\":[\"Susan Abulhawa\"],\"articleSection\":[\"Gaza\",\"G\u00e9nocide\"],\"inLanguage\":\"fr-FR\"},{\"@type\":\"WebPage\",\"@id\":\"https:\\\/\\\/charleroi-pourlapalestine.be\\\/index.php\\\/2024\\\/05\\\/05\\\/les-tentes-de-gaza-sont-devenues-de-veritables-fours\\\/\",\"url\":\"https:\\\/\\\/charleroi-pourlapalestine.be\\\/index.php\\\/2024\\\/05\\\/05\\\/les-tentes-de-gaza-sont-devenues-de-veritables-fours\\\/\",\"name\":\"Les tentes de Gaza sont devenues de v\u00e9ritables fours\",\"isPartOf\":{\"@id\":\"https:\\\/\\\/charleroi-pourlapalestine.be\\\/#website\"},\"primaryImageOfPage\":{\"@id\":\"https:\\\/\\\/charleroi-pourlapalestine.be\\\/index.php\\\/2024\\\/05\\\/05\\\/les-tentes-de-gaza-sont-devenues-de-veritables-fours\\\/#primaryimage\"},\"image\":{\"@id\":\"https:\\\/\\\/charleroi-pourlapalestine.be\\\/index.php\\\/2024\\\/05\\\/05\\\/les-tentes-de-gaza-sont-devenues-de-veritables-fours\\\/#primaryimage\"},\"thumbnailUrl\":\"https:\\\/\\\/charleroi-pourlapalestine.be\\\/wp-content\\\/uploads\\\/2024\\\/05\\\/Tentes-a-Gaza.jpg\",\"datePublished\":\"2024-05-05T13:27:33+00:00\",\"dateModified\":\"2024-05-05T13:27:37+00:00\",\"description\":\"Gaza a souvent \u00e9t\u00e9 d\u00e9crit comme un camp de concentration massif, mais les conditions actuelles sont pires que ne l'implique le terme\",\"breadcrumb\":{\"@id\":\"https:\\\/\\\/charleroi-pourlapalestine.be\\\/index.php\\\/2024\\\/05\\\/05\\\/les-tentes-de-gaza-sont-devenues-de-veritables-fours\\\/#breadcrumb\"},\"inLanguage\":\"fr-FR\",\"potentialAction\":[{\"@type\":\"ReadAction\",\"target\":[\"https:\\\/\\\/charleroi-pourlapalestine.be\\\/index.php\\\/2024\\\/05\\\/05\\\/les-tentes-de-gaza-sont-devenues-de-veritables-fours\\\/\"]}]},{\"@type\":\"ImageObject\",\"inLanguage\":\"fr-FR\",\"@id\":\"https:\\\/\\\/charleroi-pourlapalestine.be\\\/index.php\\\/2024\\\/05\\\/05\\\/les-tentes-de-gaza-sont-devenues-de-veritables-fours\\\/#primaryimage\",\"url\":\"https:\\\/\\\/charleroi-pourlapalestine.be\\\/wp-content\\\/uploads\\\/2024\\\/05\\\/Tentes-a-Gaza.jpg\",\"contentUrl\":\"https:\\\/\\\/charleroi-pourlapalestine.be\\\/wp-content\\\/uploads\\\/2024\\\/05\\\/Tentes-a-Gaza.jpg\",\"width\":800,\"height\":541},{\"@type\":\"BreadcrumbList\",\"@id\":\"https:\\\/\\\/charleroi-pourlapalestine.be\\\/index.php\\\/2024\\\/05\\\/05\\\/les-tentes-de-gaza-sont-devenues-de-veritables-fours\\\/#breadcrumb\",\"itemListElement\":[{\"@type\":\"ListItem\",\"position\":1,\"name\":\"Accueil\",\"item\":\"https:\\\/\\\/charleroi-pourlapalestine.be\\\/\"},{\"@type\":\"ListItem\",\"position\":2,\"name\":\"Les tentes de Gaza sont devenues de v\u00e9ritables fours\"}]},{\"@type\":\"WebSite\",\"@id\":\"https:\\\/\\\/charleroi-pourlapalestine.be\\\/#website\",\"url\":\"https:\\\/\\\/charleroi-pourlapalestine.be\\\/\",\"name\":\"Charleroi Pour la Palestine\",\"description\":\"\",\"publisher\":{\"@id\":\"https:\\\/\\\/charleroi-pourlapalestine.be\\\/#organization\"},\"potentialAction\":[{\"@type\":\"SearchAction\",\"target\":{\"@type\":\"EntryPoint\",\"urlTemplate\":\"https:\\\/\\\/charleroi-pourlapalestine.be\\\/?s={search_term_string}\"},\"query-input\":{\"@type\":\"PropertyValueSpecification\",\"valueRequired\":true,\"valueName\":\"search_term_string\"}}],\"inLanguage\":\"fr-FR\"},{\"@type\":\"Organization\",\"@id\":\"https:\\\/\\\/charleroi-pourlapalestine.be\\\/#organization\",\"name\":\"Plate-forme Charleroi-Palestine\",\"url\":\"https:\\\/\\\/charleroi-pourlapalestine.be\\\/\",\"logo\":{\"@type\":\"ImageObject\",\"inLanguage\":\"fr-FR\",\"@id\":\"https:\\\/\\\/charleroi-pourlapalestine.be\\\/#\\\/schema\\\/logo\\\/image\\\/\",\"url\":\"https:\\\/\\\/charleroi-pourlapalestine.be\\\/wp-content\\\/uploads\\\/2020\\\/01\\\/logo-Copy.jpg\",\"contentUrl\":\"https:\\\/\\\/charleroi-pourlapalestine.be\\\/wp-content\\\/uploads\\\/2020\\\/01\\\/logo-Copy.jpg\",\"width\":180,\"height\":180,\"caption\":\"Plate-forme Charleroi-Palestine\"},\"image\":{\"@id\":\"https:\\\/\\\/charleroi-pourlapalestine.be\\\/#\\\/schema\\\/logo\\\/image\\\/\"},\"sameAs\":[\"https:\\\/\\\/www.facebook.com\\\/PlateformeCharleroiPalestine\\\/\",\"https:\\\/\\\/x.com\\\/LaCharleroi\"]},{\"@type\":\"Person\",\"@id\":\"https:\\\/\\\/charleroi-pourlapalestine.be\\\/#\\\/schema\\\/person\\\/c19ff515112f1299d8c12671d8fe3faa\",\"name\":\"admin1873\",\"url\":\"https:\\\/\\\/charleroi-pourlapalestine.be\\\/index.php\\\/author\\\/admin1873\\\/\"}]}<\/script>\n<!-- \/ Yoast SEO plugin. -->","yoast_head_json":{"title":"Les tentes de Gaza sont devenues de v\u00e9ritables fours","description":"Gaza a souvent \u00e9t\u00e9 d\u00e9crit comme un camp de concentration massif, mais les conditions actuelles sont pires que ne l'implique le terme","robots":{"index":"index","follow":"follow","max-snippet":"max-snippet:-1","max-image-preview":"max-image-preview:large","max-video-preview":"max-video-preview:-1"},"canonical":"https:\/\/charleroi-pourlapalestine.be\/index.php\/2024\/05\/05\/les-tentes-de-gaza-sont-devenues-de-veritables-fours\/","schema":{"@context":"https:\/\/schema.org","@graph":[{"@type":"Article","@id":"https:\/\/charleroi-pourlapalestine.be\/index.php\/2024\/05\/05\/les-tentes-de-gaza-sont-devenues-de-veritables-fours\/#article","isPartOf":{"@id":"https:\/\/charleroi-pourlapalestine.be\/index.php\/2024\/05\/05\/les-tentes-de-gaza-sont-devenues-de-veritables-fours\/"},"author":{"name":"admin1873","@id":"https:\/\/charleroi-pourlapalestine.be\/#\/schema\/person\/c19ff515112f1299d8c12671d8fe3faa"},"headline":"Les tentes de Gaza sont devenues de v\u00e9ritables fours","datePublished":"2024-05-05T13:27:33+00:00","dateModified":"2024-05-05T13:27:37+00:00","mainEntityOfPage":{"@id":"https:\/\/charleroi-pourlapalestine.be\/index.php\/2024\/05\/05\/les-tentes-de-gaza-sont-devenues-de-veritables-fours\/"},"wordCount":1830,"publisher":{"@id":"https:\/\/charleroi-pourlapalestine.be\/#organization"},"image":{"@id":"https:\/\/charleroi-pourlapalestine.be\/index.php\/2024\/05\/05\/les-tentes-de-gaza-sont-devenues-de-veritables-fours\/#primaryimage"},"thumbnailUrl":"https:\/\/charleroi-pourlapalestine.be\/wp-content\/uploads\/2024\/05\/Tentes-a-Gaza.jpg","keywords":["Susan Abulhawa"],"articleSection":["Gaza","G\u00e9nocide"],"inLanguage":"fr-FR"},{"@type":"WebPage","@id":"https:\/\/charleroi-pourlapalestine.be\/index.php\/2024\/05\/05\/les-tentes-de-gaza-sont-devenues-de-veritables-fours\/","url":"https:\/\/charleroi-pourlapalestine.be\/index.php\/2024\/05\/05\/les-tentes-de-gaza-sont-devenues-de-veritables-fours\/","name":"Les tentes de Gaza sont devenues de v\u00e9ritables fours","isPartOf":{"@id":"https:\/\/charleroi-pourlapalestine.be\/#website"},"primaryImageOfPage":{"@id":"https:\/\/charleroi-pourlapalestine.be\/index.php\/2024\/05\/05\/les-tentes-de-gaza-sont-devenues-de-veritables-fours\/#primaryimage"},"image":{"@id":"https:\/\/charleroi-pourlapalestine.be\/index.php\/2024\/05\/05\/les-tentes-de-gaza-sont-devenues-de-veritables-fours\/#primaryimage"},"thumbnailUrl":"https:\/\/charleroi-pourlapalestine.be\/wp-content\/uploads\/2024\/05\/Tentes-a-Gaza.jpg","datePublished":"2024-05-05T13:27:33+00:00","dateModified":"2024-05-05T13:27:37+00:00","description":"Gaza a souvent \u00e9t\u00e9 d\u00e9crit comme un camp de concentration massif, mais les conditions actuelles sont pires que ne l'implique le terme","breadcrumb":{"@id":"https:\/\/charleroi-pourlapalestine.be\/index.php\/2024\/05\/05\/les-tentes-de-gaza-sont-devenues-de-veritables-fours\/#breadcrumb"},"inLanguage":"fr-FR","potentialAction":[{"@type":"ReadAction","target":["https:\/\/charleroi-pourlapalestine.be\/index.php\/2024\/05\/05\/les-tentes-de-gaza-sont-devenues-de-veritables-fours\/"]}]},{"@type":"ImageObject","inLanguage":"fr-FR","@id":"https:\/\/charleroi-pourlapalestine.be\/index.php\/2024\/05\/05\/les-tentes-de-gaza-sont-devenues-de-veritables-fours\/#primaryimage","url":"https:\/\/charleroi-pourlapalestine.be\/wp-content\/uploads\/2024\/05\/Tentes-a-Gaza.jpg","contentUrl":"https:\/\/charleroi-pourlapalestine.be\/wp-content\/uploads\/2024\/05\/Tentes-a-Gaza.jpg","width":800,"height":541},{"@type":"BreadcrumbList","@id":"https:\/\/charleroi-pourlapalestine.be\/index.php\/2024\/05\/05\/les-tentes-de-gaza-sont-devenues-de-veritables-fours\/#breadcrumb","itemListElement":[{"@type":"ListItem","position":1,"name":"Accueil","item":"https:\/\/charleroi-pourlapalestine.be\/"},{"@type":"ListItem","position":2,"name":"Les tentes de Gaza sont devenues de v\u00e9ritables fours"}]},{"@type":"WebSite","@id":"https:\/\/charleroi-pourlapalestine.be\/#website","url":"https:\/\/charleroi-pourlapalestine.be\/","name":"Charleroi Pour la Palestine","description":"","publisher":{"@id":"https:\/\/charleroi-pourlapalestine.be\/#organization"},"potentialAction":[{"@type":"SearchAction","target":{"@type":"EntryPoint","urlTemplate":"https:\/\/charleroi-pourlapalestine.be\/?s={search_term_string}"},"query-input":{"@type":"PropertyValueSpecification","valueRequired":true,"valueName":"search_term_string"}}],"inLanguage":"fr-FR"},{"@type":"Organization","@id":"https:\/\/charleroi-pourlapalestine.be\/#organization","name":"Plate-forme Charleroi-Palestine","url":"https:\/\/charleroi-pourlapalestine.be\/","logo":{"@type":"ImageObject","inLanguage":"fr-FR","@id":"https:\/\/charleroi-pourlapalestine.be\/#\/schema\/logo\/image\/","url":"https:\/\/charleroi-pourlapalestine.be\/wp-content\/uploads\/2020\/01\/logo-Copy.jpg","contentUrl":"https:\/\/charleroi-pourlapalestine.be\/wp-content\/uploads\/2020\/01\/logo-Copy.jpg","width":180,"height":180,"caption":"Plate-forme Charleroi-Palestine"},"image":{"@id":"https:\/\/charleroi-pourlapalestine.be\/#\/schema\/logo\/image\/"},"sameAs":["https:\/\/www.facebook.com\/PlateformeCharleroiPalestine\/","https:\/\/x.com\/LaCharleroi"]},{"@type":"Person","@id":"https:\/\/charleroi-pourlapalestine.be\/#\/schema\/person\/c19ff515112f1299d8c12671d8fe3faa","name":"admin1873","url":"https:\/\/charleroi-pourlapalestine.be\/index.php\/author\/admin1873\/"}]}},"_links":{"self":[{"href":"https:\/\/charleroi-pourlapalestine.be\/index.php\/wp-json\/wp\/v2\/posts\/71522","targetHints":{"allow":["GET"]}}],"collection":[{"href":"https:\/\/charleroi-pourlapalestine.be\/index.php\/wp-json\/wp\/v2\/posts"}],"about":[{"href":"https:\/\/charleroi-pourlapalestine.be\/index.php\/wp-json\/wp\/v2\/types\/post"}],"author":[{"embeddable":true,"href":"https:\/\/charleroi-pourlapalestine.be\/index.php\/wp-json\/wp\/v2\/users\/1"}],"replies":[{"embeddable":true,"href":"https:\/\/charleroi-pourlapalestine.be\/index.php\/wp-json\/wp\/v2\/comments?post=71522"}],"version-history":[{"count":0,"href":"https:\/\/charleroi-pourlapalestine.be\/index.php\/wp-json\/wp\/v2\/posts\/71522\/revisions"}],"wp:featuredmedia":[{"embeddable":true,"href":"https:\/\/charleroi-pourlapalestine.be\/index.php\/wp-json\/wp\/v2\/media\/71523"}],"wp:attachment":[{"href":"https:\/\/charleroi-pourlapalestine.be\/index.php\/wp-json\/wp\/v2\/media?parent=71522"}],"wp:term":[{"taxonomy":"category","embeddable":true,"href":"https:\/\/charleroi-pourlapalestine.be\/index.php\/wp-json\/wp\/v2\/categories?post=71522"},{"taxonomy":"post_tag","embeddable":true,"href":"https:\/\/charleroi-pourlapalestine.be\/index.php\/wp-json\/wp\/v2\/tags?post=71522"}],"curies":[{"name":"wp","href":"https:\/\/api.w.org\/{rel}","templated":true}]}}