{"id":71864,"date":"2024-05-13T10:12:15","date_gmt":"2024-05-13T08:12:15","guid":{"rendered":"https:\/\/charleroi-pourlapalestine.be\/?p=71864"},"modified":"2024-05-13T10:12:34","modified_gmt":"2024-05-13T08:12:34","slug":"israel-ferme-al-jazeera-et-continue-de-tuer-des-journalistes","status":"publish","type":"post","link":"https:\/\/charleroi-pourlapalestine.be\/index.php\/2024\/05\/13\/israel-ferme-al-jazeera-et-continue-de-tuer-des-journalistes\/","title":{"rendered":"Isra\u00ebl ferme Al Jazeera et continue de tuer des journalistes"},"content":{"rendered":"<p>La semaine derni\u00e8re, le cabinet du Premier ministre isra\u00e9lien Benjamin Netanyahou a vot\u00e9 la fermeture des op\u00e9rations du r\u00e9seau Al Jazeera en Isra\u00ebl actuellement.<\/p>\n<p>&nbsp;<\/p>\n<div id=\"attachment_71866\" style=\"width: 1031px\" class=\"wp-caption aligncenter\"><img loading=\"lazy\" decoding=\"async\" aria-describedby=\"caption-attachment-71866\" class=\"wp-image-71866 size-full\" src=\"https:\/\/charleroi-pourlapalestine.be\/wp-content\/uploads\/2024\/05\/Al-Jazeera.png\" alt=\"Le responsable du bureau d'Al Jazeera \u00e0 Gaza, Wael Al-Dahdouh, re\u00e7oit du r\u00e9confort lors des fun\u00e9railles de son fils Hamza Wael Dahdouh, lui aussi journaliste pour le r\u00e9seau de t\u00e9l\u00e9vision d'Al Jazeera, tu\u00e9 \u00e0 Rafah, dans la bande de Gaza, le 7 janvier 2024. \" width=\"1021\" height=\"685\" srcset=\"https:\/\/charleroi-pourlapalestine.be\/wp-content\/uploads\/2024\/05\/Al-Jazeera.png 1021w, https:\/\/charleroi-pourlapalestine.be\/wp-content\/uploads\/2024\/05\/Al-Jazeera-300x201.png 300w, https:\/\/charleroi-pourlapalestine.be\/wp-content\/uploads\/2024\/05\/Al-Jazeera-768x515.png 768w\" sizes=\"auto, (max-width: 1021px) 100vw, 1021px\" \/><p id=\"caption-attachment-71866\" class=\"wp-caption-text\"><strong>Le responsable du bureau d&rsquo;Al Jazeera \u00e0 Gaza, Wael Al-Dahdouh, re\u00e7oit du r\u00e9confort lors des fun\u00e9railles de son fils Hamza Wael Dahdouh, lui aussi journaliste pour le r\u00e9seau de t\u00e9l\u00e9vision d&rsquo;Al Jazeera, tu\u00e9 \u00e0 Rafah, dans la bande de Gaza, le 7 janvier 2024<\/strong>. (Photo : Bashar Taleb \/ APA images)<\/p><\/div>\n<p>&nbsp;<\/p>\n<p><strong>Tamara Nassar<\/strong>, 11 mai 2024<\/p>\n<p>&nbsp;<\/p>\n<p>Le g\u00e9nocide perp\u00e9tr\u00e9 par Isra\u00ebl \u00e0 Gaza a fait dispara\u00eetre totalement le vernis de la libert\u00e9 de la presse.<\/p>\n<p>Alors que le New York Times re\u00e7oit un prix Pulitzer pour ses reportages internationaux malgr\u00e9 des r\u00e9v\u00e9lations d\u00e9mystifiant des articles qu&rsquo;il a publi\u00e9s et qui accusent le Hamas d&rsquo;avoir recouru au viol massif comme arme de guerre, et alors que les \u00e9lites des m\u00e9dias traditionnels occidentaux sont rassembl\u00e9es au souper de la presse de la Maison-Blanche en compagnie du pr\u00e9sident Joe Biden, malgr\u00e9 son infatigable soutien au g\u00e9nocide isra\u00e9lien \u00e0 Gaza, <strong>les attaques d\u00e9lib\u00e9r\u00e9es d&rsquo;Isra\u00ebl contre les journalistes se poursuivent en toute impunit\u00e9.<\/strong> .<\/p>\n<p>La semaine derni\u00e8re, le cabinet du Premier ministre isra\u00e9lien Benjamin Netanyahou a vot\u00e9 la fermeture des op\u00e9rations du r\u00e9seau Al Jazeera en Isra\u00ebl actuellement.<\/p>\n<p>La d\u00e9marche succ\u00e9dait \u00e0 une loi r\u00e9cemment adopt\u00e9e \u00e0 la Knesset, le parlement isra\u00e9lien, permettant la fermeture temporaire d&rsquo;\u00e9metteurs \u00e9trangers si le gouvernement isra\u00e9lien estime qu&rsquo;ils posent une menace pour la s\u00e9curit\u00e9 nationale alors qu&rsquo;Isra\u00ebl est occup\u00e9 \u00e0 bombarder les Palestiniens \u00e0 Gaza.<\/p>\n<p>Dimanche dernier, la police isra\u00e9lienne a fait<strong> irruption dans les bureaux d&rsquo;Al Jazeera \u00e0 J\u00e9rusalem<\/strong>, r\u00e9voquant ses accr\u00e9ditions de presse et interdisant au r\u00e9seau de diffuser ses informations.<\/p>\n<p><strong>Al Jazeera<\/strong> a condamn\u00e9 la fermeture de ses op\u00e9rations par Isra\u00ebl en la qualifiant d&rsquo;<em>\u00ab acte criminel \u00bb<\/em>, affirmant qu&rsquo;il s&rsquo;agissait d&rsquo;une violation des lois internationales et des lois humanitaires.<\/p>\n<blockquote><p>\u00ab Al Jazeera affirme son droit de continuer de diffuser des nouvelles et des informations \u00e0 l&rsquo;adresse de ses audiences dans le monde entier \u00bb,<\/p><\/blockquote>\n<p>a d\u00e9clar\u00e9 le r\u00e9seau.<\/p>\n<blockquote><p>\u00ab Le ciblage direct et l&rsquo;assassinat par Isra\u00ebl de journalistes, les arrestations, les intimidations et les menaces ne dissuaderont pas Al Jazeera de poursuivre son engagement \u00e0 vouloir couvrir les \u00e9v\u00e9nements, et ce, alors que plus de 140 journalistes palestiniens ont \u00e9t\u00e9 tu\u00e9s depuis le d\u00e9but de la guerre contre Gaza. \u00bb<\/p><\/blockquote>\n<p><strong>Al Jazeera<\/strong> est le principal r\u00e9seau international d&rsquo;information \u00e0 \u00e9mettre ce qui s&rsquo;est mu\u00e9 en images de d\u00e9finition du g\u00e9nocide isra\u00e9lien \u00e0 Gaza, avec ses journalistes qui travaillent courageusement sur le terrain dans l&rsquo;enclave c\u00f4ti\u00e8re, y compris dans les zones du nord.<\/p>\n<p>C&rsquo;est \u00e9galement la premi\u00e8re plate-forme \u00e0 diffuser, souvent en exclusivit\u00e9, des vid\u00e9os des op\u00e9rations de la r\u00e9sistance film\u00e9es par les <strong>Brigades Qassam<\/strong>, l&rsquo;aile arm\u00e9e du <strong>Hamas.<\/strong><\/p>\n<p>Les chefs de mission de l&rsquo;Union europ\u00e9enne dans la ville de Ramallah occup\u00e9e par Isra\u00ebl, ont visit\u00e9 les bureaux d&rsquo;Al Jazeera afin de prendre des photos en compagnie des membres du personnel :<\/p>\n<blockquote class=\"twitter-tweet\" data-width=\"500\" data-dnt=\"true\">\n<p lang=\"en\" dir=\"ltr\">I  respect Waleed Al-Omari, but I object to any Palestinian journalist being used by <a href=\"https:\/\/twitter.com\/EUinIsrael?ref_src=twsrc%5Etfw\">@EUinIsrael<\/a>\/<a href=\"https:\/\/twitter.com\/EUPalestinians?ref_src=twsrc%5Etfw\">@EUPalestinians<\/a> to pose as champions of the free press when the EU (Evil Union) arms and enables the Zionist genocide regime to murder Palestinian journalists with impunity. <a href=\"https:\/\/t.co\/vI0PW4z0bb\">https:\/\/t.co\/vI0PW4z0bb<\/a><\/p>\n<p>&mdash; Ali Abunimah (@AliAbunimah) <a href=\"https:\/\/twitter.com\/AliAbunimah\/status\/1788219354242314251?ref_src=twsrc%5Etfw\">May 8, 2024<\/a><\/p><\/blockquote>\n<p><script async src=\"https:\/\/platform.twitter.com\/widgets.js\" charset=\"utf-8\"><\/script><\/p>\n<p>&nbsp;<\/p>\n<p>&nbsp;<\/p>\n<h3>Prises de vue par drone<\/h3>\n<p>Ces derni\u00e8res semaines, <strong>Al Jazeera<\/strong> a \u00e9galement diffus\u00e9 de multiples vid\u00e9os dont le r\u00e9seau affirme qu&rsquo;elles ont \u00e9t\u00e9 prises par des drones isra\u00e9liens \u00e0 Gaza.<\/p>\n<p>Le r\u00e9seau dont le si\u00e8ge est situ\u00e9 au Qatar ne r\u00e9v\u00e8le pas explicitement la source de ces prises de vue. Des analyses pr\u00e9sument que les drones ont apparemment \u00e9t\u00e9 captur\u00e9s par les organisations de r\u00e9sistance \u00e0 Gaza, soit en t\u00e9l\u00e9commandant les quadricopt\u00e8res en l&rsquo;air comme les organisations l&rsquo;ont montr\u00e9, \u00e0 moins qu&rsquo;elles ne les aient abattus et sauvegard\u00e9 ensuite leurs donn\u00e9es.<\/p>\n<p>Les vid\u00e9os servent de documentation pour les crimes de guerre potentiels perp\u00e9tr\u00e9s par l&rsquo;arm\u00e9e isra\u00e9lienne.<\/p>\n<p>Une vid\u00e9o en particulier, prise par un drone a\u00e9rien, montrait l&rsquo;assassinat sans piti\u00e9 de quatre hommes palestiniens au moment o\u00f9 ils d\u00e9ambulaient dans un quartier de la zone sud de Khan Younis afin d&rsquo;examiner les retomb\u00e9es de l&rsquo;invasion terrestre d&rsquo;Isra\u00ebl dans le secteur.<\/p>\n<p>https:\/\/twitter.com\/RamAbdu\/status\/1770895103785046489?ref_src=twsrc%5Etfw%7Ctwcamp%5Etweetembed%7Ctwterm%5E1770895103785046489%7Ctwgr%5E%7Ctwcon%5Es1_&#038;ref_url=https%3A%2F%2Felectronicintifada.net%2Fblogs%2Ftamara-nassar%2Fisrael-shutters-al-jazeera-continues-kill-journalists<\/p>\n<p>&nbsp;<\/p>\n<p>La prise de vue par le drone montre l&rsquo;incessante poursuite des quatre hommes et le tir r\u00e9p\u00e9t\u00e9 de missiles contre eux, jusqu&rsquo;\u00e0 ce qu&rsquo;ils soient tous tu\u00e9s.<\/p>\n<p>Une autre vid\u00e9o diffus\u00e9e par <strong>Al Jazeera<\/strong> montrent des soldats isra\u00e9liens ex\u00e9cutant deux hommes qui tentent de se rendre vers le nord, et qui ne posent manifestement aucune menace. Un bulldozer isra\u00e9lien dissimule ensuite les deux cadavres sous des d\u00e9bris.<\/p>\n<p>Des prises de vue plus r\u00e9centes, publi\u00e9es par Al Jazeera, montrent des soldats isra\u00e9liens qui utilisent un Palestinien comme<strong> bouclier humain.<\/strong><\/p>\n<p>L&rsquo;homme est forc\u00e9 d&rsquo;entrer dans une \u00e9cole abandonn\u00e9e sous la surveillance de deux drones isra\u00e9liens afin de rep\u00e9rer les lieux.<\/p>\n<p>Le m\u00eame fragment de vid\u00e9o propose \u00e9galement des images additionnelles prises par un drone isra\u00e9lien et qui r\u00e9v\u00e8lent la pr\u00e9sence de v\u00e9hicules blind\u00e9s isra\u00e9liens stationn\u00e9s dans ce qui s&rsquo;av\u00e8re \u00eatre une base militaire improvis\u00e9e \u00e0 l&rsquo;int\u00e9rieur d&rsquo;une \u00e9cole abandonn\u00e9e dans le quartier de <strong>Shujaiya<\/strong> \u00e0 Gaza m\u00eame.<\/p>\n<p>&nbsp;<\/p>\n<blockquote class=\"twitter-tweet\" data-width=\"500\" data-dnt=\"true\">\n<p lang=\"en\" dir=\"ltr\">Footage from an Israeli drone, downed in Gaza, documents Israeli army operations in the Shuja&#39;iya neighbourhood, and the use of a Palestinian as a human shield. <a href=\"https:\/\/twitter.com\/hashtag\/GazaGenocide?src=hash&amp;ref_src=twsrc%5Etfw\">#GazaGenocide<\/a> <a href=\"https:\/\/t.co\/vUeP91rpFK\">pic.twitter.com\/vUeP91rpFK<\/a><\/p>\n<p>&mdash; Ramy Abdu| \u0631\u0627\u0645\u064a \u0639\u0628\u062f\u0647 (@RamAbdu) <a href=\"https:\/\/twitter.com\/RamAbdu\/status\/1786187023692321180?ref_src=twsrc%5Etfw\">May 3, 2024<\/a><\/p><\/blockquote>\n<p><script async src=\"https:\/\/platform.twitter.com\/widgets.js\" charset=\"utf-8\"><\/script><\/p>\n<p>&nbsp;<\/p>\n<p>Durant la perp\u00e9tration de son g\u00e9nocide \u00e0 Gaza, l&rsquo;arm\u00e9e isra\u00e9lienne a tu\u00e9 et bless\u00e9 un certain nombre de journalistes et de membres du personnel d&rsquo;Al Jazeera, de m\u00eame que bon nombre de leurs proches.<\/p>\n<p>Une attaque de drone isra\u00e9lien a tu\u00e9 <strong>un cameraman d&rsquo;Al Jazeera<\/strong> et a bless\u00e9 le responsable local du r\u00e9seau, <strong>Wael al-Dahdouh,<\/strong> en d\u00e9cembre. Le 25 octobre,<strong> Isra\u00ebl avait tu\u00e9 la femme d&rsquo;al-Dahdouh, son fils, sa fille et son petit-fils dans le camp de r\u00e9fugi\u00e9s de Nuseirat<\/strong>, dans le centre de la bande de Gaza.<\/p>\n<h3>Des journalistes massacr\u00e9s<\/h3>\n<p>Samedi, une frappe a\u00e9rienne isra\u00e9lienne a tu\u00e9 le photographe <strong>Baha Akasheh<\/strong> et des membres de sa famille au camp de r\u00e9fugi\u00e9s de Jabaliya, dans la partie nord de Gaza, portant ainsi \u00e0 143 le nombre de journalistes palestiniens tu\u00e9s dans la bande de Gaza au cours du g\u00e9nocide isra\u00e9lien, d&rsquo;apr\u00e8s le bureau des m\u00e9dias du Hamas \u00e0 Gaza.<\/p>\n<blockquote class=\"twitter-tweet\" data-width=\"500\" data-dnt=\"true\">\n<p lang=\"ar\" dir=\"rtl\">\u0634\u0647\u062f\u0627\u0621 \u0648\u062c\u0631\u062d\u0649 \u0641\u064a \u0642\u0635\u0641 \u0625\u0633\u0631\u0627\u0626\u064a\u0644\u064a \u0627\u0633\u062a\u0647\u062f\u0641 \u0645\u0646\u0632\u0644\u0627 \u0628\u062d\u064a \u0627\u0644\u0642\u0635\u0627\u0635\u064a\u0628 \u0641\u064a \u0645\u062e\u064a\u0645 \u062c\u0628\u0627\u0644\u064a\u0627 \u0634\u0645\u0627\u0644 \u063a\u0632\u0629\u060c \u0645\u0646 \u0628\u064a\u0646\u0647\u0645 \u0627\u0644\u0635\u062d\u0641\u064a \u0627\u0644\u0632\u0645\u064a\u0644 \u0628\u0647\u0627\u0621 \u0639\u0643\u0627\u0634\u0629 \u0648\u0632\u0648\u062c\u062a\u0647 \u0648\u0637\u0641\u0644\u0647 \u0648\u0639\u062f\u062f \u0645\u0646 \u0623\u0641\u0631\u0627\u062f \u0623\u0633\u0631\u062a\u0647<a href=\"https:\/\/twitter.com\/hashtag\/%D8%AD%D8%B1%D8%A8_%D8%BA%D8%B2%D8%A9?src=hash&amp;ref_src=twsrc%5Etfw\">#\u062d\u0631\u0628_\u063a\u0632\u0629<\/a> <a href=\"https:\/\/twitter.com\/hashtag\/%D8%A7%D9%84%D8%A3%D8%AE%D8%A8%D8%A7%D8%B1?src=hash&amp;ref_src=twsrc%5Etfw\">#\u0627\u0644\u0623\u062e\u0628\u0627\u0631<\/a> <a href=\"https:\/\/t.co\/A5GA289C4y\">pic.twitter.com\/A5GA289C4y<\/a><\/p>\n<p>&mdash; \u0642\u0646\u0627\u0629 \u0627\u0644\u062c\u0632\u064a\u0631\u0629 (@AJArabic) <a href=\"https:\/\/twitter.com\/AJArabic\/status\/1789278570843373654?ref_src=twsrc%5Etfw\">May 11, 2024<\/a><\/p><\/blockquote>\n<p><script async src=\"https:\/\/platform.twitter.com\/widgets.js\" charset=\"utf-8\"><\/script><\/p>\n<p>&nbsp;<\/p>\n<p><strong>Le Comit\u00e9 de protection des journalistes dit qu&rsquo;il a pu confirmer les d\u00e9c\u00e8s d&rsquo;au moins 92 journalistes palestiniens et trois journalistes libanais.<\/strong><\/p>\n<p>Les attaques isra\u00e9liennes ont \u00e9galement tu\u00e9 quatre contributeurs de<em> The Electronic Intifada<\/em>, ainsi que des membres de leurs familles, depuis le 7 octobre.<\/p>\n<p>Parmi ces tu\u00e9s,<strong> Mohammed Hamo<\/strong>, un journaliste et traducteur vivant \u00e0 Gaza, et qui a \u00e9t\u00e9 tu\u00e9 en compagnie de membres de sa famille en novembre.<\/p>\n<p>En ao\u00fbt 2023, Hamo avait r\u00e9dig\u00e9 un article pour <em>The Electronic Intifada<\/em> \u00e0 propos d&rsquo;un photographe qui avait \u00e9t\u00e9 captur\u00e9 par des soldats isra\u00e9liens alors qu&rsquo;il couvrait la Grande Marche du Retour en mai 2018.<\/p>\n<p>Les forces isra\u00e9liennes avaient tir\u00e9 sur <strong>Hatim Abu Sharia<\/strong> et son coll\u00e8gue, puis les avaient captur\u00e9s, les accusant d&rsquo;\u00eatre entr\u00e9s ill\u00e9galement en Isra\u00ebl et d&rsquo;avoir photographi\u00e9 des sites militaires sans autorisation. Hatim Abu Sharia avait \u00e9t\u00e9 condamn\u00e9 \u00e0 cinq ann\u00e9es d&#8217;emprisonnement et avait \u00e9t\u00e9 lib\u00e9r\u00e9 en 2023.<\/p>\n<p>La semaine derni\u00e8re, Hatim Abu Sharia a \u00e9t\u00e9 tu\u00e9 par une frappe a\u00e9rienne isra\u00e9lienne en compagnie de nombreux membres de sa famille.<\/p>\n<p>Cette fois, le journaliste Hamo et le sujet de son article ont bel et bien \u00e9t\u00e9 tous deux tu\u00e9s dans le g\u00e9nocide en cours.<\/p>\n<p>\u00c7&rsquo;a \u00e9t\u00e9 <em>\u00ab le conflit le plus dangereux de toute l&rsquo;histoire r\u00e9cente, pour les journalistes \u00bb,<\/em> ont d\u00e9clar\u00e9 en f\u00e9vrier des experts des Nations unies.<\/p>\n<p style=\"text-align: center;\">*****<\/p>\n<p>Publi\u00e9 le 11 mai 2024 sur <a href=\"https:\/\/electronicintifada.net\/blogs\/tamara-nassar\/israel-shutters-al-jazeera-continues-kill-journalists\" target=\"_blank\" rel=\"noopener\"><strong>The Electronic Intifada<\/strong><\/a><br \/>\nTraduction : Jean-Marie Fl\u00e9mal, <a href=\"https:\/\/charleroi-pourlapalestine.be\/\"><strong>Charleroi pour la Palestine<\/strong><\/a><\/p>\n","protected":false},"excerpt":{"rendered":"<p>Le g\u00e9nocide perp\u00e9tr\u00e9 par Isra\u00ebl \u00e0 Gaza a fait dispara\u00eetre totalement le vernis de la libert\u00e9 de la presse. <\/p>\n","protected":false},"author":1,"featured_media":71866,"comment_status":"closed","ping_status":"closed","sticky":false,"template":"","format":"standard","meta":{"ngg_post_thumbnail":0,"footnotes":""},"categories":[6,344,87,244],"tags":[],"class_list":["post-71864","post","type-post","status-publish","format-standard","has-post-thumbnail","hentry","category-gaza","category-genocide","category-liberte-dexpression","category-medias-2"],"yoast_head":"<!-- This site is optimized with the Yoast SEO plugin v27.3 - https:\/\/yoast.com\/product\/yoast-seo-wordpress\/ -->\n<title>Isra\u00ebl ferme Al Jazeera et continue de tuer des journalistes<\/title>\n<meta name=\"description\" content=\"Al Jazeera affirme son droit de continuer de diffuser des nouvelles et des informations \u00e0 l&#039;adresse de ses audiences dans le monde entier\" \/>\n<meta name=\"robots\" content=\"index, follow, max-snippet:-1, max-image-preview:large, max-video-preview:-1\" \/>\n<link rel=\"canonical\" href=\"https:\/\/charleroi-pourlapalestine.be\/index.php\/2024\/05\/13\/israel-ferme-al-jazeera-et-continue-de-tuer-des-journalistes\/\" \/>\n<script type=\"application\/ld+json\" class=\"yoast-schema-graph\">{\"@context\":\"https:\\\/\\\/schema.org\",\"@graph\":[{\"@type\":\"Article\",\"@id\":\"https:\\\/\\\/charleroi-pourlapalestine.be\\\/index.php\\\/2024\\\/05\\\/13\\\/israel-ferme-al-jazeera-et-continue-de-tuer-des-journalistes\\\/#article\",\"isPartOf\":{\"@id\":\"https:\\\/\\\/charleroi-pourlapalestine.be\\\/index.php\\\/2024\\\/05\\\/13\\\/israel-ferme-al-jazeera-et-continue-de-tuer-des-journalistes\\\/\"},\"author\":{\"name\":\"admin1873\",\"@id\":\"https:\\\/\\\/charleroi-pourlapalestine.be\\\/#\\\/schema\\\/person\\\/c19ff515112f1299d8c12671d8fe3faa\"},\"headline\":\"Isra\u00ebl ferme Al Jazeera et continue de tuer des journalistes\",\"datePublished\":\"2024-05-13T08:12:15+00:00\",\"dateModified\":\"2024-05-13T08:12:34+00:00\",\"mainEntityOfPage\":{\"@id\":\"https:\\\/\\\/charleroi-pourlapalestine.be\\\/index.php\\\/2024\\\/05\\\/13\\\/israel-ferme-al-jazeera-et-continue-de-tuer-des-journalistes\\\/\"},\"wordCount\":1492,\"publisher\":{\"@id\":\"https:\\\/\\\/charleroi-pourlapalestine.be\\\/#organization\"},\"image\":{\"@id\":\"https:\\\/\\\/charleroi-pourlapalestine.be\\\/index.php\\\/2024\\\/05\\\/13\\\/israel-ferme-al-jazeera-et-continue-de-tuer-des-journalistes\\\/#primaryimage\"},\"thumbnailUrl\":\"https:\\\/\\\/charleroi-pourlapalestine.be\\\/wp-content\\\/uploads\\\/2024\\\/05\\\/Al-Jazeera.png\",\"articleSection\":[\"Gaza\",\"G\u00e9nocide\",\"Libert\u00e9 d'expression\",\"M\u00e9dias\"],\"inLanguage\":\"fr-FR\"},{\"@type\":\"WebPage\",\"@id\":\"https:\\\/\\\/charleroi-pourlapalestine.be\\\/index.php\\\/2024\\\/05\\\/13\\\/israel-ferme-al-jazeera-et-continue-de-tuer-des-journalistes\\\/\",\"url\":\"https:\\\/\\\/charleroi-pourlapalestine.be\\\/index.php\\\/2024\\\/05\\\/13\\\/israel-ferme-al-jazeera-et-continue-de-tuer-des-journalistes\\\/\",\"name\":\"Isra\u00ebl ferme Al Jazeera et continue de tuer des journalistes\",\"isPartOf\":{\"@id\":\"https:\\\/\\\/charleroi-pourlapalestine.be\\\/#website\"},\"primaryImageOfPage\":{\"@id\":\"https:\\\/\\\/charleroi-pourlapalestine.be\\\/index.php\\\/2024\\\/05\\\/13\\\/israel-ferme-al-jazeera-et-continue-de-tuer-des-journalistes\\\/#primaryimage\"},\"image\":{\"@id\":\"https:\\\/\\\/charleroi-pourlapalestine.be\\\/index.php\\\/2024\\\/05\\\/13\\\/israel-ferme-al-jazeera-et-continue-de-tuer-des-journalistes\\\/#primaryimage\"},\"thumbnailUrl\":\"https:\\\/\\\/charleroi-pourlapalestine.be\\\/wp-content\\\/uploads\\\/2024\\\/05\\\/Al-Jazeera.png\",\"datePublished\":\"2024-05-13T08:12:15+00:00\",\"dateModified\":\"2024-05-13T08:12:34+00:00\",\"description\":\"Al Jazeera affirme son droit de continuer de diffuser des nouvelles et des informations \u00e0 l'adresse de ses audiences dans le monde entier\",\"breadcrumb\":{\"@id\":\"https:\\\/\\\/charleroi-pourlapalestine.be\\\/index.php\\\/2024\\\/05\\\/13\\\/israel-ferme-al-jazeera-et-continue-de-tuer-des-journalistes\\\/#breadcrumb\"},\"inLanguage\":\"fr-FR\",\"potentialAction\":[{\"@type\":\"ReadAction\",\"target\":[\"https:\\\/\\\/charleroi-pourlapalestine.be\\\/index.php\\\/2024\\\/05\\\/13\\\/israel-ferme-al-jazeera-et-continue-de-tuer-des-journalistes\\\/\"]}]},{\"@type\":\"ImageObject\",\"inLanguage\":\"fr-FR\",\"@id\":\"https:\\\/\\\/charleroi-pourlapalestine.be\\\/index.php\\\/2024\\\/05\\\/13\\\/israel-ferme-al-jazeera-et-continue-de-tuer-des-journalistes\\\/#primaryimage\",\"url\":\"https:\\\/\\\/charleroi-pourlapalestine.be\\\/wp-content\\\/uploads\\\/2024\\\/05\\\/Al-Jazeera.png\",\"contentUrl\":\"https:\\\/\\\/charleroi-pourlapalestine.be\\\/wp-content\\\/uploads\\\/2024\\\/05\\\/Al-Jazeera.png\",\"width\":1021,\"height\":685},{\"@type\":\"BreadcrumbList\",\"@id\":\"https:\\\/\\\/charleroi-pourlapalestine.be\\\/index.php\\\/2024\\\/05\\\/13\\\/israel-ferme-al-jazeera-et-continue-de-tuer-des-journalistes\\\/#breadcrumb\",\"itemListElement\":[{\"@type\":\"ListItem\",\"position\":1,\"name\":\"Accueil\",\"item\":\"https:\\\/\\\/charleroi-pourlapalestine.be\\\/\"},{\"@type\":\"ListItem\",\"position\":2,\"name\":\"Isra\u00ebl ferme Al Jazeera et continue de tuer des journalistes\"}]},{\"@type\":\"WebSite\",\"@id\":\"https:\\\/\\\/charleroi-pourlapalestine.be\\\/#website\",\"url\":\"https:\\\/\\\/charleroi-pourlapalestine.be\\\/\",\"name\":\"Charleroi Pour la Palestine\",\"description\":\"\",\"publisher\":{\"@id\":\"https:\\\/\\\/charleroi-pourlapalestine.be\\\/#organization\"},\"potentialAction\":[{\"@type\":\"SearchAction\",\"target\":{\"@type\":\"EntryPoint\",\"urlTemplate\":\"https:\\\/\\\/charleroi-pourlapalestine.be\\\/?s={search_term_string}\"},\"query-input\":{\"@type\":\"PropertyValueSpecification\",\"valueRequired\":true,\"valueName\":\"search_term_string\"}}],\"inLanguage\":\"fr-FR\"},{\"@type\":\"Organization\",\"@id\":\"https:\\\/\\\/charleroi-pourlapalestine.be\\\/#organization\",\"name\":\"Plate-forme Charleroi-Palestine\",\"url\":\"https:\\\/\\\/charleroi-pourlapalestine.be\\\/\",\"logo\":{\"@type\":\"ImageObject\",\"inLanguage\":\"fr-FR\",\"@id\":\"https:\\\/\\\/charleroi-pourlapalestine.be\\\/#\\\/schema\\\/logo\\\/image\\\/\",\"url\":\"https:\\\/\\\/charleroi-pourlapalestine.be\\\/wp-content\\\/uploads\\\/2020\\\/01\\\/logo-Copy.jpg\",\"contentUrl\":\"https:\\\/\\\/charleroi-pourlapalestine.be\\\/wp-content\\\/uploads\\\/2020\\\/01\\\/logo-Copy.jpg\",\"width\":180,\"height\":180,\"caption\":\"Plate-forme Charleroi-Palestine\"},\"image\":{\"@id\":\"https:\\\/\\\/charleroi-pourlapalestine.be\\\/#\\\/schema\\\/logo\\\/image\\\/\"},\"sameAs\":[\"https:\\\/\\\/www.facebook.com\\\/PlateformeCharleroiPalestine\\\/\",\"https:\\\/\\\/x.com\\\/LaCharleroi\"]},{\"@type\":\"Person\",\"@id\":\"https:\\\/\\\/charleroi-pourlapalestine.be\\\/#\\\/schema\\\/person\\\/c19ff515112f1299d8c12671d8fe3faa\",\"name\":\"admin1873\",\"url\":\"https:\\\/\\\/charleroi-pourlapalestine.be\\\/index.php\\\/author\\\/admin1873\\\/\"}]}<\/script>\n<!-- \/ Yoast SEO plugin. -->","yoast_head_json":{"title":"Isra\u00ebl ferme Al Jazeera et continue de tuer des journalistes","description":"Al Jazeera affirme son droit de continuer de diffuser des nouvelles et des informations \u00e0 l'adresse de ses audiences dans le monde entier","robots":{"index":"index","follow":"follow","max-snippet":"max-snippet:-1","max-image-preview":"max-image-preview:large","max-video-preview":"max-video-preview:-1"},"canonical":"https:\/\/charleroi-pourlapalestine.be\/index.php\/2024\/05\/13\/israel-ferme-al-jazeera-et-continue-de-tuer-des-journalistes\/","schema":{"@context":"https:\/\/schema.org","@graph":[{"@type":"Article","@id":"https:\/\/charleroi-pourlapalestine.be\/index.php\/2024\/05\/13\/israel-ferme-al-jazeera-et-continue-de-tuer-des-journalistes\/#article","isPartOf":{"@id":"https:\/\/charleroi-pourlapalestine.be\/index.php\/2024\/05\/13\/israel-ferme-al-jazeera-et-continue-de-tuer-des-journalistes\/"},"author":{"name":"admin1873","@id":"https:\/\/charleroi-pourlapalestine.be\/#\/schema\/person\/c19ff515112f1299d8c12671d8fe3faa"},"headline":"Isra\u00ebl ferme Al Jazeera et continue de tuer des journalistes","datePublished":"2024-05-13T08:12:15+00:00","dateModified":"2024-05-13T08:12:34+00:00","mainEntityOfPage":{"@id":"https:\/\/charleroi-pourlapalestine.be\/index.php\/2024\/05\/13\/israel-ferme-al-jazeera-et-continue-de-tuer-des-journalistes\/"},"wordCount":1492,"publisher":{"@id":"https:\/\/charleroi-pourlapalestine.be\/#organization"},"image":{"@id":"https:\/\/charleroi-pourlapalestine.be\/index.php\/2024\/05\/13\/israel-ferme-al-jazeera-et-continue-de-tuer-des-journalistes\/#primaryimage"},"thumbnailUrl":"https:\/\/charleroi-pourlapalestine.be\/wp-content\/uploads\/2024\/05\/Al-Jazeera.png","articleSection":["Gaza","G\u00e9nocide","Libert\u00e9 d'expression","M\u00e9dias"],"inLanguage":"fr-FR"},{"@type":"WebPage","@id":"https:\/\/charleroi-pourlapalestine.be\/index.php\/2024\/05\/13\/israel-ferme-al-jazeera-et-continue-de-tuer-des-journalistes\/","url":"https:\/\/charleroi-pourlapalestine.be\/index.php\/2024\/05\/13\/israel-ferme-al-jazeera-et-continue-de-tuer-des-journalistes\/","name":"Isra\u00ebl ferme Al Jazeera et continue de tuer des journalistes","isPartOf":{"@id":"https:\/\/charleroi-pourlapalestine.be\/#website"},"primaryImageOfPage":{"@id":"https:\/\/charleroi-pourlapalestine.be\/index.php\/2024\/05\/13\/israel-ferme-al-jazeera-et-continue-de-tuer-des-journalistes\/#primaryimage"},"image":{"@id":"https:\/\/charleroi-pourlapalestine.be\/index.php\/2024\/05\/13\/israel-ferme-al-jazeera-et-continue-de-tuer-des-journalistes\/#primaryimage"},"thumbnailUrl":"https:\/\/charleroi-pourlapalestine.be\/wp-content\/uploads\/2024\/05\/Al-Jazeera.png","datePublished":"2024-05-13T08:12:15+00:00","dateModified":"2024-05-13T08:12:34+00:00","description":"Al Jazeera affirme son droit de continuer de diffuser des nouvelles et des informations \u00e0 l'adresse de ses audiences dans le monde entier","breadcrumb":{"@id":"https:\/\/charleroi-pourlapalestine.be\/index.php\/2024\/05\/13\/israel-ferme-al-jazeera-et-continue-de-tuer-des-journalistes\/#breadcrumb"},"inLanguage":"fr-FR","potentialAction":[{"@type":"ReadAction","target":["https:\/\/charleroi-pourlapalestine.be\/index.php\/2024\/05\/13\/israel-ferme-al-jazeera-et-continue-de-tuer-des-journalistes\/"]}]},{"@type":"ImageObject","inLanguage":"fr-FR","@id":"https:\/\/charleroi-pourlapalestine.be\/index.php\/2024\/05\/13\/israel-ferme-al-jazeera-et-continue-de-tuer-des-journalistes\/#primaryimage","url":"https:\/\/charleroi-pourlapalestine.be\/wp-content\/uploads\/2024\/05\/Al-Jazeera.png","contentUrl":"https:\/\/charleroi-pourlapalestine.be\/wp-content\/uploads\/2024\/05\/Al-Jazeera.png","width":1021,"height":685},{"@type":"BreadcrumbList","@id":"https:\/\/charleroi-pourlapalestine.be\/index.php\/2024\/05\/13\/israel-ferme-al-jazeera-et-continue-de-tuer-des-journalistes\/#breadcrumb","itemListElement":[{"@type":"ListItem","position":1,"name":"Accueil","item":"https:\/\/charleroi-pourlapalestine.be\/"},{"@type":"ListItem","position":2,"name":"Isra\u00ebl ferme Al Jazeera et continue de tuer des journalistes"}]},{"@type":"WebSite","@id":"https:\/\/charleroi-pourlapalestine.be\/#website","url":"https:\/\/charleroi-pourlapalestine.be\/","name":"Charleroi Pour la Palestine","description":"","publisher":{"@id":"https:\/\/charleroi-pourlapalestine.be\/#organization"},"potentialAction":[{"@type":"SearchAction","target":{"@type":"EntryPoint","urlTemplate":"https:\/\/charleroi-pourlapalestine.be\/?s={search_term_string}"},"query-input":{"@type":"PropertyValueSpecification","valueRequired":true,"valueName":"search_term_string"}}],"inLanguage":"fr-FR"},{"@type":"Organization","@id":"https:\/\/charleroi-pourlapalestine.be\/#organization","name":"Plate-forme Charleroi-Palestine","url":"https:\/\/charleroi-pourlapalestine.be\/","logo":{"@type":"ImageObject","inLanguage":"fr-FR","@id":"https:\/\/charleroi-pourlapalestine.be\/#\/schema\/logo\/image\/","url":"https:\/\/charleroi-pourlapalestine.be\/wp-content\/uploads\/2020\/01\/logo-Copy.jpg","contentUrl":"https:\/\/charleroi-pourlapalestine.be\/wp-content\/uploads\/2020\/01\/logo-Copy.jpg","width":180,"height":180,"caption":"Plate-forme Charleroi-Palestine"},"image":{"@id":"https:\/\/charleroi-pourlapalestine.be\/#\/schema\/logo\/image\/"},"sameAs":["https:\/\/www.facebook.com\/PlateformeCharleroiPalestine\/","https:\/\/x.com\/LaCharleroi"]},{"@type":"Person","@id":"https:\/\/charleroi-pourlapalestine.be\/#\/schema\/person\/c19ff515112f1299d8c12671d8fe3faa","name":"admin1873","url":"https:\/\/charleroi-pourlapalestine.be\/index.php\/author\/admin1873\/"}]}},"_links":{"self":[{"href":"https:\/\/charleroi-pourlapalestine.be\/index.php\/wp-json\/wp\/v2\/posts\/71864","targetHints":{"allow":["GET"]}}],"collection":[{"href":"https:\/\/charleroi-pourlapalestine.be\/index.php\/wp-json\/wp\/v2\/posts"}],"about":[{"href":"https:\/\/charleroi-pourlapalestine.be\/index.php\/wp-json\/wp\/v2\/types\/post"}],"author":[{"embeddable":true,"href":"https:\/\/charleroi-pourlapalestine.be\/index.php\/wp-json\/wp\/v2\/users\/1"}],"replies":[{"embeddable":true,"href":"https:\/\/charleroi-pourlapalestine.be\/index.php\/wp-json\/wp\/v2\/comments?post=71864"}],"version-history":[{"count":0,"href":"https:\/\/charleroi-pourlapalestine.be\/index.php\/wp-json\/wp\/v2\/posts\/71864\/revisions"}],"wp:featuredmedia":[{"embeddable":true,"href":"https:\/\/charleroi-pourlapalestine.be\/index.php\/wp-json\/wp\/v2\/media\/71866"}],"wp:attachment":[{"href":"https:\/\/charleroi-pourlapalestine.be\/index.php\/wp-json\/wp\/v2\/media?parent=71864"}],"wp:term":[{"taxonomy":"category","embeddable":true,"href":"https:\/\/charleroi-pourlapalestine.be\/index.php\/wp-json\/wp\/v2\/categories?post=71864"},{"taxonomy":"post_tag","embeddable":true,"href":"https:\/\/charleroi-pourlapalestine.be\/index.php\/wp-json\/wp\/v2\/tags?post=71864"}],"curies":[{"name":"wp","href":"https:\/\/api.w.org\/{rel}","templated":true}]}}