{"id":72517,"date":"2024-05-29T16:40:08","date_gmt":"2024-05-29T14:40:08","guid":{"rendered":"https:\/\/charleroi-pourlapalestine.be\/?p=72517"},"modified":"2024-05-29T16:45:18","modified_gmt":"2024-05-29T14:45:18","slug":"message-de-resistance-news-network-rnn-au-festival-resistance-a-bruxelles","status":"publish","type":"post","link":"https:\/\/charleroi-pourlapalestine.be\/index.php\/2024\/05\/29\/message-de-resistance-news-network-rnn-au-festival-resistance-a-bruxelles\/","title":{"rendered":"Message de &lsquo;Resistance News Network&rsquo; (RNN) au Festival R\u00e9sistance \u00e0 Bruxelles"},"content":{"rendered":"<p>Le <strong>Festival R\u00e9sistance<\/strong> qui a eu lieu les 25 et 26 mai \u00e0 Bruxelles, f\u00fbt un v\u00e9ritable succ\u00e8s. D&rsquo;ici peu, vous trouverez&nbsp; d&rsquo;autres articles concernant cette deuxi\u00e8me \u00e9dition sur ce site. Trouvez ici d\u00e9j\u00e0 un message de soutien de <strong><a href=\"https:\/\/web.telegram.org\/k\/#@PalestineResist\" target=\"_blank\" rel=\"noopener\">RNN, Resistance News Network<\/a>,<\/strong> \u00e0 l&rsquo;adresse des participant.e.s du Festival.<\/p>\n<p>&nbsp;<\/p>\n<div id=\"attachment_72610\" style=\"width: 1070px\" class=\"wp-caption alignnone\"><img loading=\"lazy\" decoding=\"async\" aria-describedby=\"caption-attachment-72610\" class=\"wp-image-72610 size-full\" src=\"https:\/\/charleroi-pourlapalestine.be\/wp-content\/uploads\/2024\/05\/25-mai-kiosque-et-drapeaux-latinos-scaled-e1716987465990.jpg\" alt=\"Message de RNN au Festival de R\u00e9sistance. Photo : Samidoun.\" width=\"1060\" height=\"707\"><p id=\"caption-attachment-72610\" class=\"wp-caption-text\"><strong>A c\u00f4t\u00e9 du drapeau palestinien : le drapeau national du Nicaragua et du front sandiniste de lib\u00e9ration nationale de Nicaragua, le drapeau Bolivie et le drapeau Wipala des indiens de la Bolivie. Les ambassadeurs du Nicaragua, de la Bolivie et du Nicaragua ont particip\u00e9 au Festival.<\/strong> (Photo : Samidoun).<\/p><\/div>\n<p>&nbsp;<\/p>\n<p><strong>Nous, le R\u00e9seau d&rsquo;information de la R\u00e9sistance, sommes ravis de participer \u00e0 Festival R\u00e9sistance. Nous nous joignons \u00e0 vous pour comm\u00e9morer la Nakba et c\u00e9l\u00e9brer la r\u00e9sistance de notre peuple.<\/strong><\/p>\n<p>Alors que les huit mois \u00e9coul\u00e9s ont \u00e9t\u00e9 difficiles, nous puisons de l&rsquo;espoir dans notre r\u00e9sistance, cette r\u00e9sistance qui lib\u00e8re et apporte le retour, et nous esp\u00e9rons que vous aussi vous \u00e9prouvez de la fiert\u00e9 \u00e0 voir ce que notre peuple a \u00e9t\u00e9 en mesure de r\u00e9aliser.<\/p>\n<p>D\u00e8s le moment o\u00f9 notre terre a \u00e9t\u00e9 occup\u00e9e, la r\u00e9sistance a toujours \u00e9t\u00e9 pr\u00e9sente et constante, produisant des victoires et activant de plus en plus l&rsquo;espoir de la lib\u00e9ration et du retour.<\/p>\n<p>Nous esp\u00e9rons partager avec vous la fa\u00e7on dont vous pourrez combler le foss\u00e9 entre la diaspora et la Palestine, dont vous serez form\u00e9s \u00e0 propos de la r\u00e9sistance et dont vous soutiendrez ce mouvement.<\/p>\n<p>Permettez-nous de vous parler de notre r\u00f4le dans l&rsquo;amplification et le soutien de la r\u00e9sistance anticoloniale sous toutes ses formes.<\/p>\n<p>RNN est le r\u00e9sultat de tendances culminantes qui sont devenues manifestes dans le sillage de la bataille de Saif Al-Quds en 2021 (*) :<\/p>\n<blockquote><p>-Primo, la d\u00e9connexion s\u00e9v\u00e8re des informations \u00e9mises sur la bataille dans le monde arabe et celles \u00e9mises par l&rsquo;Occident. Bien des personnes qui soutiennent la lib\u00e9ration palestinienne depuis l&rsquo;\u00e9tranger n&rsquo;ont pas \u00e9t\u00e9 au fait des buts de la r\u00e9sistance dans la bataille et de ses r\u00e9alisations, pas plus qu&rsquo;ils n&rsquo;ont \u00e9t\u00e9 au fait de l&rsquo;\u00e9talage de la faiblesse et de la brutalit\u00e9 de l&rsquo;ennemi sioniste.<\/p>\n<p>-Secundo, RNN r\u00e9pond \u00e0 la mont\u00e9e rapide de la demande d&rsquo;un organe ind\u00e9pendant qui transmette des informations selon la perspective de la r\u00e9sistance palestinienne. RNN croit qu&rsquo;en consolidant, en traduisant et en diffusant les faits qui ont donn\u00e9 naissance \u00e0 la r\u00e9sistance, ainsi que ses d\u00e9clarations et ses m\u00e9dias non filtr\u00e9s, les lecteurs du monde entier pourront rompre la barri\u00e8re de la langue et l&#8217;embargo sur l&rsquo;information, et s&rsquo;armer du savoir n\u00e9cessaire pour entreprendre des actions bien inform\u00e9es en n&rsquo;importe quel endroit o\u00f9 ils se trouveront.<\/p><\/blockquote>\n<p>Nous nous effor\u00e7ons d&rsquo;\u00eatre une source de v\u00e9rit\u00e9 \u00e0 laquelle les activistes d&rsquo;o\u00f9 qu&rsquo;ils soient peuvent faire r\u00e9f\u00e9rence afin de guider leur soutien \u00e0 la lib\u00e9ration palestinienne, de fournir un contexte historique et contemporain et une \u00e9ducation qui procurera aux lecteurs une large image de l&rsquo;histoire de la r\u00e9sistance, de ses actions et de ses buts.<\/p>\n<p>&nbsp;<\/p>\n<h3>Quel est le r\u00f4le des m\u00e9dias r\u00e9volutionnaires dans la lutte pour la lib\u00e9ration ?<\/h3>\n<p><strong><br \/>\n<a href=\"https:\/\/charleroi-pourlapalestine.be\/?s=basil+al-araj\">Basil Al-Araj<\/a><\/strong> a dit :<\/p>\n<blockquote><p>\u00ab Vous d\u00e9sirez \u00eatre un intellectuel ? Dans ce cas, vous devez r\u00e9sister. Autrement, vous et votre \u00e9ducation \u00eates inutiles. \u00bb<\/p><\/blockquote>\n<p>L&rsquo;aspiration \u00e0 la lutte et l&rsquo;aspiration \u00e0 l&rsquo;\u00e9ducation en vue de lutter vont effectivement main dans la main. Un m\u00e9dia r\u00e9volutionnaire est en soi une dimension de la lutte contre le sionisme, puisqu&rsquo;il affronte les circonvolutions imp\u00e9rialistes avec une clart\u00e9 lib\u00e9rationniste.<\/p>\n<p>C&rsquo;est une lumi\u00e8re qui d\u00e9nonce la noirceur de la censure sioniste. Elle transmet l&rsquo;histoire et ses d\u00e9veloppements actuels sur lesquels doivent \u00eatre construites les lignes r\u00e9volutionnaires de l&rsquo;action.<\/p>\n<p>Un m\u00e9dia r\u00e9volutionnaire comble le foss\u00e9 entre les Palestiniens qui m\u00e8nent la lutte en Palestine et ceux qui, \u00e0 l&rsquo;\u00e9tranger, souhaitent les soutenir par tous les moyens possibles. En fournissant un flux ouvert d&rsquo;informations v\u00e9ridiques, nous esp\u00e9rons franchir ce foss\u00e9 et permettre la convergence des strat\u00e9gies de ces deux groupes.<\/p>\n<h3>Comment pouvons-nous nous former sur la r\u00e9sistance en Palestine et dans la r\u00e9gion arabe ?<\/h3>\n<p>Il est d&rsquo;une extr\u00eame importance d&rsquo;obtenir de l&rsquo;information directement depuis la r\u00e9sistance ou depuis les m\u00e9dias qui s&rsquo;alignent sur elle. <a href=\"https:\/\/charleroi-pourlapalestine.be\/index.php\/2021\/06\/26\/nizar-banat-assassine-par-des-agents-de-la-securite-de-lautorite-palestinienne\/\"><strong>Nizar Banat<\/strong> <\/a>nous a enseign\u00e9 que tout le reste n&rsquo;est que du bruit destin\u00e9 \u00e0 apaiser et \u00e0 contr\u00f4ler. M\u00e9fiez-vous des m\u00e9dias sionistes et <em>\u00ab\u00a0sionis\u00e9s\u00a0\u00bb,<\/em> m\u00eame s&rsquo;ils publient en arabe.<\/p>\n<p>RNN a l&rsquo;intention de rendre le foss\u00e9 entre la r\u00e9sistance et les masses plus ais\u00e9ment franchissable et il s&rsquo;efforce de fournir un contexte, une histoire et des conditions qui aboutissent \u00e0 la r\u00e9sistance, mais il est important d&rsquo;acqu\u00e9rir vous-m\u00eame une compr\u00e9hension de cette dynamique par le biais des m\u00e9dias de la r\u00e9sistance qui, souvent, publient des documentaires, des articles et des analyses.<\/p>\n<p>Nous pouvons recommander<strong> Al-Manar, Al-Hadaf, Al-Mayadeen, Quds News, Karmel<\/strong> et d&rsquo;autres encore.<\/p>\n<p>Il est important d&rsquo;acqu\u00e9rir un enseignement sur la r\u00e9sistance par souci pour notre peuple, pour la justice et pour un avenir de lib\u00e9ration collective libre de toute oppression.<\/p>\n<blockquote><p>\u00ab Le combattant qui n&rsquo;est pas politiquement conscient, c&rsquo;est comme s&rsquo;il pointait le canon de son arme sur sa poitrine \u00bb,<\/p><\/blockquote>\n<p>disait <strong><a href=\"https:\/\/charleroi-pourlapalestine.be\/index.php\/2020\/01\/10\/la-generation-de-la-nakba\/\">Georges Habache<\/a>.<\/strong><\/p>\n<blockquote><p>\u00ab L&rsquo;arme qui n&rsquo;a ni science ni culture derri\u00e8re elle tue mais ne lib\u00e8re pas \u00bb,<\/p><\/blockquote>\n<p>disait <strong>Ahmed Al-Jabari<\/strong> (**)<\/p>\n<p>Nous devons \u00e9couter les voix de ceux qui combattent et se sacrifient sur le terrain. Nous devons \u00eatre critiques dans nos lectures et notre diffusion de l&rsquo;information : O\u00f9 ce r\u00e9cit m&#8217;emporte-t-il ? Prot\u00e8ge-t-il la r\u00e9sistance ? Sert-il la lib\u00e9ration, ou l&rsquo;occupation ? Ensuite, amplifiez la voix du discours de la r\u00e9sistance et de la lib\u00e9ration.<\/p>\n<p>Comme le disait <strong>Basil Al-Araj<\/strong> :<\/p>\n<blockquote><p>\u00ab Ne diffusez jamais la propagande de l&rsquo;occupation et ne contribuez pas \u00e0 instiller un sentiment de d\u00e9faite (&#8230;) De m\u00eame que le journaliste sioniste est un combattant, vous en \u00eates un aussi. \u00bb<\/p><\/blockquote>\n<p>&nbsp;<\/p>\n<h3>Pourquoi importe-t-il d&rsquo;\u00e9tablir un pont entre nous et la r\u00e9sistance, \u00e0 cette \u00e9poque sp\u00e9cifique ?<\/h3>\n<p>La guerre de l&rsquo;information, en tant que dimension de la lutte pour la lib\u00e9ration palestinienne, est constante et incessante. Depuis des d\u00e9cennies, l&rsquo;ennemi sioniste \u00e9tablit des ponts entre ses supporters bourgeois mondiaux et ses colons bienfaiteurs, que ce soit via le Fonds national juif, des lobbies corrompus ou son monopole sur les organes des m\u00e9dias traditionnelles.<\/p>\n<p>En cette \u00e8re d&rsquo;\u00e9change instantan\u00e9 d&rsquo;informations, combin\u00e9 au d\u00e9sir croissant de sources de premi\u00e8re main \u00e9trang\u00e8res aux m\u00e9dias traditionnels, il est plus imp\u00e9ratif que jamais d&rsquo;\u00e9tablir des ponts nous-m\u00eames.<\/p>\n<p>\u00c0 d&rsquo;innombrables reprises depuis l&rsquo;op\u00e9ration D\u00e9luge d&rsquo;Al-Aqsa, les factions palestiniennes ont invit\u00e9 les \u00ab<em> gens libres du monde entier \u00bb<\/em> \u00e0 passer \u00e0 l&rsquo;action et \u00e0 soutenir leur lib\u00e9ration. C&rsquo;est via les ponts que nous \u00e9tablissons aujourd&rsquo;hui que leurs appels se font entendre.<\/p>\n<p>De m\u00eame, le soutien \u00e0 la cause palestinienne dans le monde entier peut \u00eatre diffus\u00e9 et amplifi\u00e9 en Palestine occup\u00e9e m\u00eame, en r\u00e9affirmant aux gens sur place que leur r\u00e9sistance est en effet justifi\u00e9e. Le pont entre la r\u00e9sistance et nous-m\u00eames peut aboutir \u00e0 un soutien mondial \u00e0 la Palestine qui sera populaire, direct et efficace \u2013 quelque chose qu&rsquo;on n&rsquo;a toujours pas pu r\u00e9aliser \u00e0 ce jour.<\/p>\n<p>Il importe de se rappeler que la lutte pour la lib\u00e9ration est men\u00e9e par les Palestiniens en tant qu&rsquo;ensemble au travers de toutes les organisations et factions \u2013 et m\u00eame par des individus. De la m\u00eame fa\u00e7on que les Palestiniens se sont unis entre factions pour r\u00e9sister au g\u00e9nocide qu&rsquo;ils subissent aujourd&rsquo;hui, nous devons abandonner le factionnalisme, lorsque nous \u00e9tablissons des ponts. Nous devons nous adresser \u00e0 chaque individu palestinien qui m\u00e8ne un combat l\u00e9gitime contre le sionisme et le soutenir sans r\u00e9serve.<\/p>\n<p>Pour reprendre les mots de <strong>Basil Al-Araj<\/strong> :<\/p>\n<blockquote><p>\u00ab Chaque Palestinien \u2013 dans le sens large, ce qui signifie toute personne qui per\u00e7oit la Palestine comme faisant partie de sa lutte, sans tenir compte de son identit\u00e9 secondaire \u2013 se trouve sur la ligne de front de la bataille pour la Palestine et, de ce fait, prenez bien soin de ne pas faillir \u00e0 votre devoir. \u00bb<\/p><\/blockquote>\n<p>&nbsp;<\/p>\n<h3>Comment pouvons-nous apporter notre soutien et faire partie de ce mouvement ?<\/h3>\n<p>L&rsquo;information est un tr\u00e9sor et l&rsquo;espace m\u00e9diatique est un terrain de confrontation. Armez-vous de connaissance et distribuez cette connaissance parmi vos camarades, vos amis, vos proches et les personnes sympathiques envers la lutte palestinienne qui pourraient ne pas savoir par o\u00f9 commencer pour entreprendre des actions.<\/p>\n<p>Prenez vos rep\u00e8res dans les \u0153uvres de la r\u00e9sistance \u2013 les traductions de ses discours et d\u00e9clarations, son art, ses vid\u00e9os, ses m\u00e9dias, ses ic\u00f4nes et tous les personnes qui luttent.<\/p>\n<p>Honorez les martyrs. D\u00e9veloppez une compr\u00e9hension intime de la Palestine, depuis l&rsquo;histoire jusqu&rsquo;\u00e0 ce jour, et laissez-la alimenter votre passion et votre d\u00e9termination.<\/p>\n<p>Finalement, continuez d&rsquo;entreprendre des actions par tous les moyens possibles, depuis la distribution de l&rsquo;information jusqu&rsquo;\u00e0 l&rsquo;action directe.<\/p>\n<p>Lutter au nom de la lib\u00e9ration palestinienne d&rsquo;une fa\u00e7on qui s&rsquo;inspire de la r\u00e9sistance sur le terrain et est guid\u00e9e par elle est non seulement justifi\u00e9, mais aussi imp\u00e9ratif.<\/p>\n<p>Utilisez votre \u00e9ducation r\u00e9volutionnaire pour garder vos mouvements unis et fid\u00e8les \u00e0 vos principes.<\/p>\n<p style=\"text-align: center;\">*****<\/p>\n<p>(*) L&rsquo;Intifada de l&rsquo;Unit\u00e9<br \/>\n(**) Ahmed al-Jaabari, chef des brigades Izzedine al-Qassam, branche arm\u00e9e du Hamas, a tu\u00e9 le 14 novembre 2012 dans une frappe isra\u00e9lienne sur Gaza.<\/p>\n<p style=\"text-align: center;\">*****<\/p>\n<p>Message envoy\u00e9 au Festival R\u00e9sistance.<br \/>\nTraduction de l&rsquo;anglais : Jean-Marie Fl\u00e9mal, <a href=\"https:\/\/charleroi-pourlapalestine.be\/\">Charleroi pour la Palestine<\/a><\/p>\n<p>Vous pouvez retrouver <strong>RNN<\/strong> (en anglais) sur<strong> <a href=\"https:\/\/web.telegram.org\/k\/#@PalestineResist\" target=\"_blank\" rel=\"noopener\">Telegram.<\/a><\/strong><br \/>\nEt voici le lien vers <a href=\"https:\/\/web.telegram.org\/k\/#@RNN_Prisoners\" target=\"_blank\" rel=\"noopener\"><strong>RNN Prisoners<\/strong><\/a><\/p>\n","protected":false},"excerpt":{"rendered":"<p>Il est d&rsquo;une extr\u00eame importance d&rsquo;obtenir de l&rsquo;information directement depuis la r\u00e9sistance ou depuis les m\u00e9dias qui s&rsquo;alignent sur elle.<\/p>\n","protected":false},"author":1,"featured_media":72610,"comment_status":"closed","ping_status":"closed","sticky":false,"template":"","format":"standard","meta":{"ngg_post_thumbnail":0,"footnotes":""},"categories":[344,480,244,25],"tags":[380,450],"class_list":["post-72517","post","type-post","status-publish","format-standard","has-post-thumbnail","hentry","category-genocide","category-liberation","category-medias-2","category-la-resistance-palestinienne","tag-basil-al-araj","tag-georges-habache"],"yoast_head":"<!-- This site is optimized with the Yoast SEO plugin v27.3 - https:\/\/yoast.com\/product\/yoast-seo-wordpress\/ -->\n<title>Message de &#039;Resistance News Network&#039; (RNN) au Festival R\u00e9sistance \u00e0 Bruxelles<\/title>\n<meta name=\"description\" content=\"RNN : Nous sommes ravis de participer \u00e0 Festival R\u00e9sistance, de comm\u00e9morer la Nakba et de c\u00e9l\u00e9brer la r\u00e9sistance de notre peuple avec vous.\" \/>\n<meta name=\"robots\" content=\"index, follow, max-snippet:-1, max-image-preview:large, max-video-preview:-1\" \/>\n<link rel=\"canonical\" href=\"https:\/\/charleroi-pourlapalestine.be\/index.php\/2024\/05\/29\/message-de-resistance-news-network-rnn-au-festival-resistance-a-bruxelles\/\" \/>\n<script type=\"application\/ld+json\" class=\"yoast-schema-graph\">{\"@context\":\"https:\\\/\\\/schema.org\",\"@graph\":[{\"@type\":\"Article\",\"@id\":\"https:\\\/\\\/charleroi-pourlapalestine.be\\\/index.php\\\/2024\\\/05\\\/29\\\/message-de-resistance-news-network-rnn-au-festival-resistance-a-bruxelles\\\/#article\",\"isPartOf\":{\"@id\":\"https:\\\/\\\/charleroi-pourlapalestine.be\\\/index.php\\\/2024\\\/05\\\/29\\\/message-de-resistance-news-network-rnn-au-festival-resistance-a-bruxelles\\\/\"},\"author\":{\"name\":\"admin1873\",\"@id\":\"https:\\\/\\\/charleroi-pourlapalestine.be\\\/#\\\/schema\\\/person\\\/c19ff515112f1299d8c12671d8fe3faa\"},\"headline\":\"Message de &lsquo;Resistance News Network&rsquo; (RNN) au Festival R\u00e9sistance \u00e0 Bruxelles\",\"datePublished\":\"2024-05-29T14:40:08+00:00\",\"dateModified\":\"2024-05-29T14:45:18+00:00\",\"mainEntityOfPage\":{\"@id\":\"https:\\\/\\\/charleroi-pourlapalestine.be\\\/index.php\\\/2024\\\/05\\\/29\\\/message-de-resistance-news-network-rnn-au-festival-resistance-a-bruxelles\\\/\"},\"wordCount\":1749,\"publisher\":{\"@id\":\"https:\\\/\\\/charleroi-pourlapalestine.be\\\/#organization\"},\"image\":{\"@id\":\"https:\\\/\\\/charleroi-pourlapalestine.be\\\/index.php\\\/2024\\\/05\\\/29\\\/message-de-resistance-news-network-rnn-au-festival-resistance-a-bruxelles\\\/#primaryimage\"},\"thumbnailUrl\":\"https:\\\/\\\/charleroi-pourlapalestine.be\\\/wp-content\\\/uploads\\\/2024\\\/05\\\/25-mai-kiosque-et-drapeaux-latinos-scaled-e1716987465990.jpg\",\"keywords\":[\"Basil al-Araj\",\"Georges Habache\"],\"articleSection\":[\"G\u00e9nocide\",\"Lib\u00e9ration\",\"M\u00e9dias\",\"R\u00e9sistance\"],\"inLanguage\":\"fr-FR\"},{\"@type\":\"WebPage\",\"@id\":\"https:\\\/\\\/charleroi-pourlapalestine.be\\\/index.php\\\/2024\\\/05\\\/29\\\/message-de-resistance-news-network-rnn-au-festival-resistance-a-bruxelles\\\/\",\"url\":\"https:\\\/\\\/charleroi-pourlapalestine.be\\\/index.php\\\/2024\\\/05\\\/29\\\/message-de-resistance-news-network-rnn-au-festival-resistance-a-bruxelles\\\/\",\"name\":\"Message de 'Resistance News Network' (RNN) au Festival R\u00e9sistance \u00e0 Bruxelles\",\"isPartOf\":{\"@id\":\"https:\\\/\\\/charleroi-pourlapalestine.be\\\/#website\"},\"primaryImageOfPage\":{\"@id\":\"https:\\\/\\\/charleroi-pourlapalestine.be\\\/index.php\\\/2024\\\/05\\\/29\\\/message-de-resistance-news-network-rnn-au-festival-resistance-a-bruxelles\\\/#primaryimage\"},\"image\":{\"@id\":\"https:\\\/\\\/charleroi-pourlapalestine.be\\\/index.php\\\/2024\\\/05\\\/29\\\/message-de-resistance-news-network-rnn-au-festival-resistance-a-bruxelles\\\/#primaryimage\"},\"thumbnailUrl\":\"https:\\\/\\\/charleroi-pourlapalestine.be\\\/wp-content\\\/uploads\\\/2024\\\/05\\\/25-mai-kiosque-et-drapeaux-latinos-scaled-e1716987465990.jpg\",\"datePublished\":\"2024-05-29T14:40:08+00:00\",\"dateModified\":\"2024-05-29T14:45:18+00:00\",\"description\":\"RNN : Nous sommes ravis de participer \u00e0 Festival R\u00e9sistance, de comm\u00e9morer la Nakba et de c\u00e9l\u00e9brer la r\u00e9sistance de notre peuple avec vous.\",\"breadcrumb\":{\"@id\":\"https:\\\/\\\/charleroi-pourlapalestine.be\\\/index.php\\\/2024\\\/05\\\/29\\\/message-de-resistance-news-network-rnn-au-festival-resistance-a-bruxelles\\\/#breadcrumb\"},\"inLanguage\":\"fr-FR\",\"potentialAction\":[{\"@type\":\"ReadAction\",\"target\":[\"https:\\\/\\\/charleroi-pourlapalestine.be\\\/index.php\\\/2024\\\/05\\\/29\\\/message-de-resistance-news-network-rnn-au-festival-resistance-a-bruxelles\\\/\"]}]},{\"@type\":\"ImageObject\",\"inLanguage\":\"fr-FR\",\"@id\":\"https:\\\/\\\/charleroi-pourlapalestine.be\\\/index.php\\\/2024\\\/05\\\/29\\\/message-de-resistance-news-network-rnn-au-festival-resistance-a-bruxelles\\\/#primaryimage\",\"url\":\"https:\\\/\\\/charleroi-pourlapalestine.be\\\/wp-content\\\/uploads\\\/2024\\\/05\\\/25-mai-kiosque-et-drapeaux-latinos-scaled-e1716987465990.jpg\",\"contentUrl\":\"https:\\\/\\\/charleroi-pourlapalestine.be\\\/wp-content\\\/uploads\\\/2024\\\/05\\\/25-mai-kiosque-et-drapeaux-latinos-scaled-e1716987465990.jpg\",\"width\":1060,\"height\":707},{\"@type\":\"BreadcrumbList\",\"@id\":\"https:\\\/\\\/charleroi-pourlapalestine.be\\\/index.php\\\/2024\\\/05\\\/29\\\/message-de-resistance-news-network-rnn-au-festival-resistance-a-bruxelles\\\/#breadcrumb\",\"itemListElement\":[{\"@type\":\"ListItem\",\"position\":1,\"name\":\"Accueil\",\"item\":\"https:\\\/\\\/charleroi-pourlapalestine.be\\\/\"},{\"@type\":\"ListItem\",\"position\":2,\"name\":\"Message de &#8216;Resistance News Network&#8217; (RNN) au Festival R\u00e9sistance \u00e0 Bruxelles\"}]},{\"@type\":\"WebSite\",\"@id\":\"https:\\\/\\\/charleroi-pourlapalestine.be\\\/#website\",\"url\":\"https:\\\/\\\/charleroi-pourlapalestine.be\\\/\",\"name\":\"Charleroi Pour la Palestine\",\"description\":\"\",\"publisher\":{\"@id\":\"https:\\\/\\\/charleroi-pourlapalestine.be\\\/#organization\"},\"potentialAction\":[{\"@type\":\"SearchAction\",\"target\":{\"@type\":\"EntryPoint\",\"urlTemplate\":\"https:\\\/\\\/charleroi-pourlapalestine.be\\\/?s={search_term_string}\"},\"query-input\":{\"@type\":\"PropertyValueSpecification\",\"valueRequired\":true,\"valueName\":\"search_term_string\"}}],\"inLanguage\":\"fr-FR\"},{\"@type\":\"Organization\",\"@id\":\"https:\\\/\\\/charleroi-pourlapalestine.be\\\/#organization\",\"name\":\"Plate-forme Charleroi-Palestine\",\"url\":\"https:\\\/\\\/charleroi-pourlapalestine.be\\\/\",\"logo\":{\"@type\":\"ImageObject\",\"inLanguage\":\"fr-FR\",\"@id\":\"https:\\\/\\\/charleroi-pourlapalestine.be\\\/#\\\/schema\\\/logo\\\/image\\\/\",\"url\":\"https:\\\/\\\/charleroi-pourlapalestine.be\\\/wp-content\\\/uploads\\\/2020\\\/01\\\/logo-Copy.jpg\",\"contentUrl\":\"https:\\\/\\\/charleroi-pourlapalestine.be\\\/wp-content\\\/uploads\\\/2020\\\/01\\\/logo-Copy.jpg\",\"width\":180,\"height\":180,\"caption\":\"Plate-forme Charleroi-Palestine\"},\"image\":{\"@id\":\"https:\\\/\\\/charleroi-pourlapalestine.be\\\/#\\\/schema\\\/logo\\\/image\\\/\"},\"sameAs\":[\"https:\\\/\\\/www.facebook.com\\\/PlateformeCharleroiPalestine\\\/\",\"https:\\\/\\\/x.com\\\/LaCharleroi\"]},{\"@type\":\"Person\",\"@id\":\"https:\\\/\\\/charleroi-pourlapalestine.be\\\/#\\\/schema\\\/person\\\/c19ff515112f1299d8c12671d8fe3faa\",\"name\":\"admin1873\",\"url\":\"https:\\\/\\\/charleroi-pourlapalestine.be\\\/index.php\\\/author\\\/admin1873\\\/\"}]}<\/script>\n<!-- \/ Yoast SEO plugin. -->","yoast_head_json":{"title":"Message de 'Resistance News Network' (RNN) au Festival R\u00e9sistance \u00e0 Bruxelles","description":"RNN : Nous sommes ravis de participer \u00e0 Festival R\u00e9sistance, de comm\u00e9morer la Nakba et de c\u00e9l\u00e9brer la r\u00e9sistance de notre peuple avec vous.","robots":{"index":"index","follow":"follow","max-snippet":"max-snippet:-1","max-image-preview":"max-image-preview:large","max-video-preview":"max-video-preview:-1"},"canonical":"https:\/\/charleroi-pourlapalestine.be\/index.php\/2024\/05\/29\/message-de-resistance-news-network-rnn-au-festival-resistance-a-bruxelles\/","schema":{"@context":"https:\/\/schema.org","@graph":[{"@type":"Article","@id":"https:\/\/charleroi-pourlapalestine.be\/index.php\/2024\/05\/29\/message-de-resistance-news-network-rnn-au-festival-resistance-a-bruxelles\/#article","isPartOf":{"@id":"https:\/\/charleroi-pourlapalestine.be\/index.php\/2024\/05\/29\/message-de-resistance-news-network-rnn-au-festival-resistance-a-bruxelles\/"},"author":{"name":"admin1873","@id":"https:\/\/charleroi-pourlapalestine.be\/#\/schema\/person\/c19ff515112f1299d8c12671d8fe3faa"},"headline":"Message de &lsquo;Resistance News Network&rsquo; (RNN) au Festival R\u00e9sistance \u00e0 Bruxelles","datePublished":"2024-05-29T14:40:08+00:00","dateModified":"2024-05-29T14:45:18+00:00","mainEntityOfPage":{"@id":"https:\/\/charleroi-pourlapalestine.be\/index.php\/2024\/05\/29\/message-de-resistance-news-network-rnn-au-festival-resistance-a-bruxelles\/"},"wordCount":1749,"publisher":{"@id":"https:\/\/charleroi-pourlapalestine.be\/#organization"},"image":{"@id":"https:\/\/charleroi-pourlapalestine.be\/index.php\/2024\/05\/29\/message-de-resistance-news-network-rnn-au-festival-resistance-a-bruxelles\/#primaryimage"},"thumbnailUrl":"https:\/\/charleroi-pourlapalestine.be\/wp-content\/uploads\/2024\/05\/25-mai-kiosque-et-drapeaux-latinos-scaled-e1716987465990.jpg","keywords":["Basil al-Araj","Georges Habache"],"articleSection":["G\u00e9nocide","Lib\u00e9ration","M\u00e9dias","R\u00e9sistance"],"inLanguage":"fr-FR"},{"@type":"WebPage","@id":"https:\/\/charleroi-pourlapalestine.be\/index.php\/2024\/05\/29\/message-de-resistance-news-network-rnn-au-festival-resistance-a-bruxelles\/","url":"https:\/\/charleroi-pourlapalestine.be\/index.php\/2024\/05\/29\/message-de-resistance-news-network-rnn-au-festival-resistance-a-bruxelles\/","name":"Message de 'Resistance News Network' (RNN) au Festival R\u00e9sistance \u00e0 Bruxelles","isPartOf":{"@id":"https:\/\/charleroi-pourlapalestine.be\/#website"},"primaryImageOfPage":{"@id":"https:\/\/charleroi-pourlapalestine.be\/index.php\/2024\/05\/29\/message-de-resistance-news-network-rnn-au-festival-resistance-a-bruxelles\/#primaryimage"},"image":{"@id":"https:\/\/charleroi-pourlapalestine.be\/index.php\/2024\/05\/29\/message-de-resistance-news-network-rnn-au-festival-resistance-a-bruxelles\/#primaryimage"},"thumbnailUrl":"https:\/\/charleroi-pourlapalestine.be\/wp-content\/uploads\/2024\/05\/25-mai-kiosque-et-drapeaux-latinos-scaled-e1716987465990.jpg","datePublished":"2024-05-29T14:40:08+00:00","dateModified":"2024-05-29T14:45:18+00:00","description":"RNN : Nous sommes ravis de participer \u00e0 Festival R\u00e9sistance, de comm\u00e9morer la Nakba et de c\u00e9l\u00e9brer la r\u00e9sistance de notre peuple avec vous.","breadcrumb":{"@id":"https:\/\/charleroi-pourlapalestine.be\/index.php\/2024\/05\/29\/message-de-resistance-news-network-rnn-au-festival-resistance-a-bruxelles\/#breadcrumb"},"inLanguage":"fr-FR","potentialAction":[{"@type":"ReadAction","target":["https:\/\/charleroi-pourlapalestine.be\/index.php\/2024\/05\/29\/message-de-resistance-news-network-rnn-au-festival-resistance-a-bruxelles\/"]}]},{"@type":"ImageObject","inLanguage":"fr-FR","@id":"https:\/\/charleroi-pourlapalestine.be\/index.php\/2024\/05\/29\/message-de-resistance-news-network-rnn-au-festival-resistance-a-bruxelles\/#primaryimage","url":"https:\/\/charleroi-pourlapalestine.be\/wp-content\/uploads\/2024\/05\/25-mai-kiosque-et-drapeaux-latinos-scaled-e1716987465990.jpg","contentUrl":"https:\/\/charleroi-pourlapalestine.be\/wp-content\/uploads\/2024\/05\/25-mai-kiosque-et-drapeaux-latinos-scaled-e1716987465990.jpg","width":1060,"height":707},{"@type":"BreadcrumbList","@id":"https:\/\/charleroi-pourlapalestine.be\/index.php\/2024\/05\/29\/message-de-resistance-news-network-rnn-au-festival-resistance-a-bruxelles\/#breadcrumb","itemListElement":[{"@type":"ListItem","position":1,"name":"Accueil","item":"https:\/\/charleroi-pourlapalestine.be\/"},{"@type":"ListItem","position":2,"name":"Message de &#8216;Resistance News Network&#8217; (RNN) au Festival R\u00e9sistance \u00e0 Bruxelles"}]},{"@type":"WebSite","@id":"https:\/\/charleroi-pourlapalestine.be\/#website","url":"https:\/\/charleroi-pourlapalestine.be\/","name":"Charleroi Pour la Palestine","description":"","publisher":{"@id":"https:\/\/charleroi-pourlapalestine.be\/#organization"},"potentialAction":[{"@type":"SearchAction","target":{"@type":"EntryPoint","urlTemplate":"https:\/\/charleroi-pourlapalestine.be\/?s={search_term_string}"},"query-input":{"@type":"PropertyValueSpecification","valueRequired":true,"valueName":"search_term_string"}}],"inLanguage":"fr-FR"},{"@type":"Organization","@id":"https:\/\/charleroi-pourlapalestine.be\/#organization","name":"Plate-forme Charleroi-Palestine","url":"https:\/\/charleroi-pourlapalestine.be\/","logo":{"@type":"ImageObject","inLanguage":"fr-FR","@id":"https:\/\/charleroi-pourlapalestine.be\/#\/schema\/logo\/image\/","url":"https:\/\/charleroi-pourlapalestine.be\/wp-content\/uploads\/2020\/01\/logo-Copy.jpg","contentUrl":"https:\/\/charleroi-pourlapalestine.be\/wp-content\/uploads\/2020\/01\/logo-Copy.jpg","width":180,"height":180,"caption":"Plate-forme Charleroi-Palestine"},"image":{"@id":"https:\/\/charleroi-pourlapalestine.be\/#\/schema\/logo\/image\/"},"sameAs":["https:\/\/www.facebook.com\/PlateformeCharleroiPalestine\/","https:\/\/x.com\/LaCharleroi"]},{"@type":"Person","@id":"https:\/\/charleroi-pourlapalestine.be\/#\/schema\/person\/c19ff515112f1299d8c12671d8fe3faa","name":"admin1873","url":"https:\/\/charleroi-pourlapalestine.be\/index.php\/author\/admin1873\/"}]}},"_links":{"self":[{"href":"https:\/\/charleroi-pourlapalestine.be\/index.php\/wp-json\/wp\/v2\/posts\/72517","targetHints":{"allow":["GET"]}}],"collection":[{"href":"https:\/\/charleroi-pourlapalestine.be\/index.php\/wp-json\/wp\/v2\/posts"}],"about":[{"href":"https:\/\/charleroi-pourlapalestine.be\/index.php\/wp-json\/wp\/v2\/types\/post"}],"author":[{"embeddable":true,"href":"https:\/\/charleroi-pourlapalestine.be\/index.php\/wp-json\/wp\/v2\/users\/1"}],"replies":[{"embeddable":true,"href":"https:\/\/charleroi-pourlapalestine.be\/index.php\/wp-json\/wp\/v2\/comments?post=72517"}],"version-history":[{"count":0,"href":"https:\/\/charleroi-pourlapalestine.be\/index.php\/wp-json\/wp\/v2\/posts\/72517\/revisions"}],"wp:featuredmedia":[{"embeddable":true,"href":"https:\/\/charleroi-pourlapalestine.be\/index.php\/wp-json\/wp\/v2\/media\/72610"}],"wp:attachment":[{"href":"https:\/\/charleroi-pourlapalestine.be\/index.php\/wp-json\/wp\/v2\/media?parent=72517"}],"wp:term":[{"taxonomy":"category","embeddable":true,"href":"https:\/\/charleroi-pourlapalestine.be\/index.php\/wp-json\/wp\/v2\/categories?post=72517"},{"taxonomy":"post_tag","embeddable":true,"href":"https:\/\/charleroi-pourlapalestine.be\/index.php\/wp-json\/wp\/v2\/tags?post=72517"}],"curies":[{"name":"wp","href":"https:\/\/api.w.org\/{rel}","templated":true}]}}