{"id":72824,"date":"2024-06-04T15:10:32","date_gmt":"2024-06-04T13:10:32","guid":{"rendered":"https:\/\/charleroi-pourlapalestine.be\/?p=72824"},"modified":"2024-06-04T15:10:43","modified_gmt":"2024-06-04T13:10:43","slug":"enquete-de-bruxelles-devie-ou-sarretera-la-repression-du-mouvement-palestine","status":"publish","type":"post","link":"https:\/\/charleroi-pourlapalestine.be\/index.php\/2024\/06\/04\/enquete-de-bruxelles-devie-ou-sarretera-la-repression-du-mouvement-palestine\/","title":{"rendered":"Bruxelles D\u00e9vie : O\u00f9 s\u2019arr\u00eatera la r\u00e9pression du mouvement Palestine\u00a0\u00e0 Bruxelles ?"},"content":{"rendered":"<p>Depuis quelques jours, la r\u00e9pression s\u2019abat f\u00e9rocement sur le mouvement de solidarit\u00e9 avec la Palestine \u00e0 Bruxelles. Nous avons recens\u00e9 de nombreux cas de violences polici\u00e8res et de gestion ill\u00e9gale du maintien de l\u2019ordre.<\/p>\n<div id=\"attachment_72841\" style=\"width: 707px\" class=\"wp-caption aligncenter\"><img loading=\"lazy\" decoding=\"async\" aria-describedby=\"caption-attachment-72841\" class=\"wp-image-72841 size-full\" src=\"https:\/\/charleroi-pourlapalestine.be\/wp-content\/uploads\/2024\/06\/Victime-repression-policiere.png\" alt=\"Vera Jager, \u00e9tudiante \u00e0 la VUB et victime de la r\u00e9pression, a eu l\u2019orbite fractur\u00e9e suite \u00e0 une charge polici\u00e8re le 28 mai\" width=\"697\" height=\"362\" srcset=\"https:\/\/charleroi-pourlapalestine.be\/wp-content\/uploads\/2024\/06\/Victime-repression-policiere.png 697w, https:\/\/charleroi-pourlapalestine.be\/wp-content\/uploads\/2024\/06\/Victime-repression-policiere-300x156.png 300w\" sizes=\"auto, (max-width: 697px) 100vw, 697px\" \/><p id=\"caption-attachment-72841\" class=\"wp-caption-text\"><strong>Vera Jager, \u00e9tudiante \u00e0 la VUB et victime de la r\u00e9pression, a eu l\u2019orbite fractur\u00e9e suite \u00e0 une charge polici\u00e8re le 28 mai (voir vid\u00e9o en bas de l&rsquo;article)<br \/><\/strong><\/p><\/div>\n<p>&nbsp;<\/p>\n<p><strong>Bruxelles D\u00e9vie,<\/strong> 2 juin 2024<\/p>\n<p>A l\u2019aide de t\u00e9moignages, de vid\u00e9os et de notre pr\u00e9sence sur le terrain, nous avons effectu\u00e9 une enqu\u00eate sur les techniques utilis\u00e9es par les forces de l\u2019ordre depuis ce mardi 28 mai, date de la premi\u00e8re manifestation devant l\u2019ambassade d\u2019Isra\u00ebl. Dans cet article, nous revenons sur le d\u00e9roul\u00e9 chronologique des faits qui t\u00e9moigne de l\u2019\u00e9volution rapide de la strat\u00e9gie polici\u00e8re.<\/p>\n<p>&nbsp;<\/p>\n<h3>Mardi 28 mai : canon \u00e0 eau, matraques et gaz sur une foule pacifique, une blessure grave<\/h3>\n<p>Ce mardi 28 mai, apr\u00e8s plus de deux heures de rassemblement, la police a d\u00e9cid\u00e9 de <strong>charger les manifestant\u00b7es \u00e0 l\u2019aide de canon \u00e0 eau, de coups de matraque et de gaz lacrymog\u00e8ne.<\/strong> L\u2019ordre de charger la manifestation a \u00e9t\u00e9 donn\u00e9 par le bourgmestre d\u2019Uccle, Boris Dill\u00e8s (MR), alors que la foule \u00e9tait totalement pacifique.<\/p>\n<p><strong>A la suite des charges polici\u00e8res, deux personnes ont fini aux urgences, toutes deux touch\u00e9es \u00e0 l\u2019\u0153il. L\u2019une d\u2019entre elles, une \u00e9tudiante de la VUB, a l\u2019orbite fractur\u00e9e.<\/strong> Elle souffre \u00e9galement de l\u00e9sions internes au nez et aux deux yeux. Une op\u00e9ration d\u2019urgence a eu lieu ce mercredi ; une suivante pourrait suivre la semaine prochaine. La seconde personne touch\u00e9e \u00e0 l\u2019\u0153il s\u2019en est remise; elle reste n\u00e9anmoins sous observation m\u00e9dicale. Toutes deux ont \u00e9t\u00e9 touch\u00e9es par le jet du canon \u00e0 eau. Un manifestant a \u00e9galement \u00e9t\u00e9 victime d\u2019une br\u00fblure au deuxi\u00e8me degr\u00e9 au visage, \u00e0 cause du gaz lacrymog\u00e8ne.<\/p>\n<p><strong>Pour le reste, plusieurs personnes ont subi de larges h\u00e9matomes, parfois de plusieurs dizaines de cm2 \u00e0 cause du canon \u00e0 eau.<\/strong> D\u2019autres, se sont fait diagnostiquer des commotions c\u00e9r\u00e9brales \u00e0 la suite du choc et de l\u2019intensit\u00e9 du canon \u00e0 eau dans la t\u00eate. Soulignons que les forces de l\u2019ordre peuvent choisir la puissance du jet d\u2019eau ; elle semblait cette fois-ci pouss\u00e9e au maximum d\u00e8s les premi\u00e8res charges, au vu des images que nous avons r\u00e9colt\u00e9es. Rappelons aussi que l\u2019usage du mode \u00ab haute pression \u00bb est ill\u00e9gal en l\u2019absence de violences manifestes et isol\u00e9es. Le jet des canons \u00e0 eau ne peut pas non plus viser la t\u00eate. L\u2019intensit\u00e9 de la pression, la tr\u00e8s faible distance entre les canons et les manifestant\u00b7es, ainsi que les visages touch\u00e9s, sont autant d\u2019\u00e9l\u00e9ments qui d\u00e9montrent l\u2019usage ill\u00e9gal et dangereux des canons \u00e0 eau par les forces de l\u2019ordre.<\/p>\n<p>Enfin, concernant le 28 mai, la charge a \u00e9t\u00e9 ordonn\u00e9e ill\u00e9galement. Le bourgmestre d\u2019Uccle a avanc\u00e9 que la manifestation n\u2019avait pas \u00e9t\u00e9 autoris\u00e9e. La Ligue des droits humains (LDH) et Amnesty International rappellent que malgr\u00e9 l\u2019absence d\u2019autorisation de la manifestation, les raisons ne sont pas suffisantes pour mettre fin \u00e0 une manifestation, et encore moins par un dispositif aussi violent. Une plainte a \u00e9t\u00e9 d\u00e9pos\u00e9e contre le bourgmestre.<\/p>\n<p>&nbsp;<\/p>\n<h3>Mercredi 29 mai : une longue manifestation spontan\u00e9e \u00e0 travers Bruxelles, un traumatisme cr\u00e2nien, des manifestant\u2e31es gifl\u00e9\u2e31es dans des fourgons<\/h3>\n<p>Lors de la deuxi\u00e8me manifestation, la police a emp\u00each\u00e9 les manifestant\u00b7es de s\u2019approcher de l\u2019ambassade isra\u00e9lienne en bloquant les rues adjacentes. Un groupe de manifestant\u00b7es a tent\u00e9 de forcer une ligne de police ; le groupe s\u2019est fait asperger par le canon \u00e0 eau \u00e0 bout portant. <strong>Un \u0153il a \u00e0 nouveau \u00e9t\u00e9 touch\u00e9 ; la manifestante a perdu la vue d\u2019un \u0153il durant trois jours, elle souffre d\u2019un trouble oculaire qui lui a d\u00e9form\u00e9 la pupille. Elle a \u00e9galement subi une commotion c\u00e9r\u00e9brale, un traumatisme cr\u00e2nien.<\/strong><\/p>\n<p>Quelques dizaines de minutes apr\u00e8s ces heurts, un cort\u00e8ge spontan\u00e9 s\u2019est form\u00e9 et a travers\u00e9 la ville jusqu\u2019au quartier europ\u00e9en. <strong>A partir de l\u2019avenue Louise, la police a charg\u00e9 la manifestation par l\u2019arri\u00e8re \u00e0 plusieurs reprises, en utilisant canon \u00e0 eau et matraques. Le cort\u00e8ge s\u2019est alors dispers\u00e9 en plusieurs groupes.<\/strong> Dans la soir\u00e9e, la police a traqu\u00e9 des manifestant\u00b7es aux alentours de la place du Luxembourg, notamment en arr\u00eatant les bus de la STIB pour y v\u00e9rifier la pr\u00e9sence de militant\u00b7es. Un manifestant filmant une arrestation s\u2019est fait casser son t\u00e9l\u00e9phone. <strong>Il a ensuite \u00e9t\u00e9 tra\u00een\u00e9 \u00e0 l\u2019int\u00e9rieur du fourgon, o\u00f9 il a \u00e9t\u00e9 violemment gifl\u00e9 \u00e0 plusieurs reprises, et menac\u00e9 de mort par un policier <em>\u00ab s\u2019il le voyait dans la manifestation du lendemain \u00bb.<\/em><\/strong> Plusieurs autres t\u00e9moignages font \u00e9tat de violences similaires : des manifestant\u00b7es matraqu\u00e9\u00b7es au sol, menac\u00e9\u2e31es, et frapp\u00e9\u2e31es dans des fourgons apr\u00e8s leur arrestation. La plupart ont \u00e9t\u00e9 relach\u00e9\u00b7es directement apr\u00e8s les coups. A nouveau, de larges h\u00e9matomes ont \u00e9t\u00e9 observ\u00e9s apr\u00e8s ces nombreuses violences polici\u00e8res.<\/p>\n<p>&nbsp;<\/p>\n<h3>Jeudi 30 mai : contr\u00f4les en amont, du mat\u00e9riel confisqu\u00e9<\/h3>\n<p>Le 30 mai, les forces de l\u2019ordre semblaient mieux pr\u00e9par\u00e9es. Une strat\u00e9gie d\u2019anticipation \u00e9tait mise en place avant m\u00eame le d\u00e9but du rassemblement. Cette strat\u00e9gie a continu\u00e9 les jours suivants. Plusieurs zones de contr\u00f4les \u00e9taient \u00e9tablies dans les alentours de l\u2019ambassade. La police y fouillait principalement les sacs. <strong>Des masques, du s\u00e9rum physiologique, des lunettes de piscine, des autocollants et des sprays de peinture ont \u00e9t\u00e9 confisqu\u00e9s avant m\u00eame le d\u00e9but du rassemblement.<\/strong><\/p>\n<p>&nbsp;<\/p>\n<h3>Vendredi 31 mai : La police nasse et pourchasse les manifestant\u00b7es ; arrestations arbitraires et violences polici\u00e8res<\/h3>\n<p>Ce vendredi 31 mai, le rassemblement \u00e9tait d\u00e9plac\u00e9 \u00e0 l\u2019ambassade am\u00e9ricaine, pr\u00e8s du Parc Royal. Les forces de l\u2019ordre y avaient pr\u00e9par\u00e9 le dispositif policier le plus cons\u00e9quent depuis le d\u00e9but du mouvement. De nombreux points de contr\u00f4le entouraient le lieu de rassemblement ; \u00e0 nouveau, la police fouillait principalement les sacs. Des objets ont \u00e9t\u00e9 confisqu\u00e9s, dont du s\u00e9rum physiologique, qui est pourtant n\u00e9cessaire pour soulager les douleurs du gaz lacrymog\u00e8ne, dispers\u00e9 parfois al\u00e9atoirement sur la foule. Les forces de l\u2019ordre avaient \u00e9galement d\u00e9ploy\u00e9 un drone muni de haut-parleurs pour s\u2019adresser \u00e0 la foule, la brigade canine et des autopompes. Le rassemblement s\u2019est pourtant d\u00e9roul\u00e9 relativement sans heurts. <strong>Au bout de plusieurs heures, la police a cependant d\u00e9cid\u00e9 de mettre en place une <em>\u00ab nasse \u00bb<\/em><\/strong> (technique polici\u00e8re qui consiste \u00e0 encercler un groupe de personnes ou une manifestation). La police a laiss\u00e9 partir des manifestant\u00b7es par petits groupes, tandis qu\u2019au fur et \u00e0 mesure, la nasse se resserrait sur les manifestant\u00b7es restant\u00b7es.<\/p>\n<p><strong>Les arrestations violentes ont alors commenc\u00e9, provoquant de dangereux mouvements de foule dans les escaliers du m\u00e9tro.<\/strong> <strong>Comme nous l\u2019avons document\u00e9 dans une vid\u00e9o pr\u00e9c\u00e9dente, des policiers ont d\u2019ailleurs matraqu\u00e9 des manifestant\u00b7es inoffensif\u00b7ves en haut des escaliers descendant dans la station de m\u00e9tro Arts-Loi<\/strong>, alors m\u00eame que cet escalier \u00e9tait bond\u00e9 parce que les policiers avaient forc\u00e9 les manifestant\u00b7es \u00e0 s\u2019y rendre. Plusieurs personnes sont tomb\u00e9es en arri\u00e8re dans ces escaliers. Les forces de l\u2019ordre ont \u00e9galement pouss\u00e9 des manifestant\u00b7es sur les quais pour les forcer \u00e0 prendre le m\u00e9tro. A nouveau, cette situation, dans un moment de panique g\u00e9n\u00e9rale, aurait pu mener \u00e0 ce que des militant\u00b7es tombent sur les voies.<\/p>\n<p>Par la suite, les forces de l\u2019ordre ont pourchass\u00e9 des manifestant\u00b7es qui avaient d\u00e9j\u00e0 quitt\u00e9 le rassemblement dans le quartier de l\u2019ambassade. Selon les t\u00e9moignages, des policier\u00b7\u00e8res \u00e0 v\u00e9lo ont donn\u00e9 des coups \u00e0 des manifestant\u00b7es qui rentraient simplement chez elleux. Nous avons aussi recens\u00e9 plusieurs cl\u00e9s d\u2019\u00e9tranglement, dont au moins une qui a men\u00e9 la personne arr\u00eat\u00e9e \u00e0 avoir le visage qui virait au bleu. Des personnes qui filmaient se sont fait gazer et menacer. Au moins un manifestant s\u2019est fait contr\u00f4ler son identit\u00e9 dans un fourgon avant de se faire frapper et menacer. Au minimum 40 militant\u00b7es ont \u00e9t\u00e9 arr\u00eat\u00e9\u00b7es ce jour-l\u00e0, <strong><em>\u00ab&nbsp;p\u00fbrement \u00e0 des fins d\u2019identification \u00bb,<\/em> selon la police. Un fichage des manifestant\u00b7es semble donc \u00eatre mis en \u0153uvre par la police\u200b\u200b\u200b\u200b\u200b\u200b,<\/strong> alors m\u00eame que ces personnes n\u2019ont rien fait d\u2019ill\u00e9gal. Des militant\u00b7es arr\u00eat\u00e9\u00b7es ont perdu la sensibilit\u00e9 dans leur poignet pendant plus de 24 h \u00e0 cause des colsons d\u2019arrestations serr\u00e9s excessivement par la police.<\/p>\n<p>&nbsp;<\/p>\n<h3>Samedi 1er juin : filtrage et fouilles devant l\u2019ambassade allemande<\/h3>\n<p>Ce samedi premier juin, un rendez-vous \u00e9tait donn\u00e9 devant l\u2019ambassade allemande. La police bloquait compl\u00e8tement les acc\u00e8s au rassemblement pour proc\u00e9der \u00e0 un filtrage et \u00e0 des fouilles presque syst\u00e9matiques. Au moins deux personnes se sont fait interpeller par la police, mais nous n\u2019avons assist\u00e9 \u00e0 aucune arrestation.<\/p>\n<p style=\"text-align: center;\">*****<\/p>\n<p><strong>Sources :&nbsp;<\/strong><\/p>\n<p><a href=\"https:\/\/www.amnesty.nl\/content\/uploads\/2024\/03\/Les-canons-a-eau.pdf?x90465\" rel=\"nofollow\">https:\/\/www.amnesty.nl\/content\/uploads\/2024\/03\/Les-canons-a-eau.pdf?x90465<\/a><\/p>\n<p><a href=\"https:\/\/www.amnesty.be\/infos\/actualites\/manif-ambassade-israel-bruxelles\" rel=\"nofollow\">https:\/\/www.amnesty.be\/infos\/actualites\/manif-ambassade-israel-bruxelles<\/a><\/p>\n<p><a href=\"https:\/\/www.lalibre.be\/regions\/bruxelles\/2024\/05\/31\/guerre-israel-hamas-des-interpellations-lors-dune-manifestation-pro-palestinienne-a-bruxelles-4L6CKXS7LVE5NN7IJRQRNKMH6M\/\" rel=\"nofollow\">https:\/\/www.lalibre.be\/regions\/bruxelles\/2024\/05\/31\/guerre-israel-hamas-des-interpellations-lors-dune-manifestation-pro-palestinienne-a-bruxelles-4L6CKXS7LVE5NN7IJRQRNKMH6M\/<\/a><\/p>\n<p style=\"text-align: center;\">*****<\/p>\n<p>Publi\u00e9 le 2 juin 2024 sur <a href=\"https:\/\/bruxellesdevie.com\/2024\/06\/02\/enquete-orbite-fracturee-traumatisme-cranien-brulure-hematomes-en-serie-arrestations-arbitraires-ou-sarretera-la-repression-du-mouvement-palestine\/\" target=\"_blank\" rel=\"noopener\"><strong>Bruxelles D\u00e9vie<\/strong><\/a><\/p>\n<p>&nbsp;<\/p>\n<div class=\"video-container\"><iframe loading=\"lazy\" title=\"VUB-student Vera Jager bears witness to the brutal police repression against pro-Palestine action\" width=\"500\" height=\"281\" src=\"https:\/\/www.youtube.com\/embed\/RcVzU6LWPR4?start=4&#038;feature=oembed&#038;wmode=opaque\" frameborder=\"0\" allow=\"accelerometer; autoplay; clipboard-write; encrypted-media; gyroscope; picture-in-picture; web-share\" referrerpolicy=\"strict-origin-when-cross-origin\" allowfullscreen><\/iframe><\/div>\n<p>T\u00e9moignage recueilli par <strong><a href=\"https:\/\/www.dewereldmorgen.be\/\" target=\"_blank\" rel=\"noopener\">De Wereld Morgen<\/a>.<\/strong><\/p>\n<p>&nbsp;<\/p>\n<p>Lisez \u00e9galement :<a href=\"https:\/\/charleroi-pourlapalestine.be\/index.php\/2024\/05\/03\/lettre-ouverte-le-retrait-du-statut-de-refugie-en-raison-de-lappartenance-politique-met-en-danger-nos-libertes-civiles\/\"><strong> Le retrait du statut de r\u00e9fugi\u00e9 en raison de l\u2019appartenance politique met en danger nos libert\u00e9s civiles<\/strong><\/a><\/p>\n","protected":false},"excerpt":{"rendered":"<p>Une enqu\u00eate sur les techniques utilis\u00e9es par les forces de l\u2019ordre depuis ce mardi 28 mai, date de la premi\u00e8re manifestation devant l\u2019ambassade d\u2019Isra\u00ebl<\/p>\n","protected":false},"author":1,"featured_media":72841,"comment_status":"closed","ping_status":"closed","sticky":false,"template":"","format":"standard","meta":{"ngg_post_thumbnail":0,"footnotes":""},"categories":[64,358,330],"tags":[],"class_list":["post-72824","post","type-post","status-publish","format-standard","has-post-thumbnail","hentry","category-la-belgique","category-repression","category-universites"],"yoast_head":"<!-- This site is optimized with the Yoast SEO plugin v27.3 - https:\/\/yoast.com\/product\/yoast-seo-wordpress\/ -->\n<title>Bruxelles D\u00e9vie : O\u00f9 s\u2019arr\u00eatera la r\u00e9pression du mouvement Palestine\u00a0\u00e0 Bruxelles ?<\/title>\n<meta name=\"description\" content=\"Depuis quelques jours, la r\u00e9pression s\u2019abat f\u00e9rocement sur le mouvement de solidarit\u00e9 avec la Palestine \u00e0 Bruxelles\" \/>\n<meta name=\"robots\" content=\"index, follow, max-snippet:-1, max-image-preview:large, max-video-preview:-1\" \/>\n<link rel=\"canonical\" href=\"https:\/\/charleroi-pourlapalestine.be\/index.php\/2024\/06\/04\/enquete-de-bruxelles-devie-ou-sarretera-la-repression-du-mouvement-palestine\/\" \/>\n<script type=\"application\/ld+json\" class=\"yoast-schema-graph\">{\"@context\":\"https:\\\/\\\/schema.org\",\"@graph\":[{\"@type\":\"Article\",\"@id\":\"https:\\\/\\\/charleroi-pourlapalestine.be\\\/index.php\\\/2024\\\/06\\\/04\\\/enquete-de-bruxelles-devie-ou-sarretera-la-repression-du-mouvement-palestine\\\/#article\",\"isPartOf\":{\"@id\":\"https:\\\/\\\/charleroi-pourlapalestine.be\\\/index.php\\\/2024\\\/06\\\/04\\\/enquete-de-bruxelles-devie-ou-sarretera-la-repression-du-mouvement-palestine\\\/\"},\"author\":{\"name\":\"admin1873\",\"@id\":\"https:\\\/\\\/charleroi-pourlapalestine.be\\\/#\\\/schema\\\/person\\\/c19ff515112f1299d8c12671d8fe3faa\"},\"headline\":\"Bruxelles D\u00e9vie : O\u00f9 s\u2019arr\u00eatera la r\u00e9pression du mouvement Palestine\u00a0\u00e0 Bruxelles ?\",\"datePublished\":\"2024-06-04T13:10:32+00:00\",\"dateModified\":\"2024-06-04T13:10:43+00:00\",\"mainEntityOfPage\":{\"@id\":\"https:\\\/\\\/charleroi-pourlapalestine.be\\\/index.php\\\/2024\\\/06\\\/04\\\/enquete-de-bruxelles-devie-ou-sarretera-la-repression-du-mouvement-palestine\\\/\"},\"wordCount\":1670,\"publisher\":{\"@id\":\"https:\\\/\\\/charleroi-pourlapalestine.be\\\/#organization\"},\"image\":{\"@id\":\"https:\\\/\\\/charleroi-pourlapalestine.be\\\/index.php\\\/2024\\\/06\\\/04\\\/enquete-de-bruxelles-devie-ou-sarretera-la-repression-du-mouvement-palestine\\\/#primaryimage\"},\"thumbnailUrl\":\"https:\\\/\\\/charleroi-pourlapalestine.be\\\/wp-content\\\/uploads\\\/2024\\\/06\\\/Victime-repression-policiere.png\",\"articleSection\":[\"Belgique\",\"R\u00e9pression\",\"Universit\u00e9s\"],\"inLanguage\":\"fr-FR\"},{\"@type\":\"WebPage\",\"@id\":\"https:\\\/\\\/charleroi-pourlapalestine.be\\\/index.php\\\/2024\\\/06\\\/04\\\/enquete-de-bruxelles-devie-ou-sarretera-la-repression-du-mouvement-palestine\\\/\",\"url\":\"https:\\\/\\\/charleroi-pourlapalestine.be\\\/index.php\\\/2024\\\/06\\\/04\\\/enquete-de-bruxelles-devie-ou-sarretera-la-repression-du-mouvement-palestine\\\/\",\"name\":\"Bruxelles D\u00e9vie : O\u00f9 s\u2019arr\u00eatera la r\u00e9pression du mouvement Palestine\u00a0\u00e0 Bruxelles ?\",\"isPartOf\":{\"@id\":\"https:\\\/\\\/charleroi-pourlapalestine.be\\\/#website\"},\"primaryImageOfPage\":{\"@id\":\"https:\\\/\\\/charleroi-pourlapalestine.be\\\/index.php\\\/2024\\\/06\\\/04\\\/enquete-de-bruxelles-devie-ou-sarretera-la-repression-du-mouvement-palestine\\\/#primaryimage\"},\"image\":{\"@id\":\"https:\\\/\\\/charleroi-pourlapalestine.be\\\/index.php\\\/2024\\\/06\\\/04\\\/enquete-de-bruxelles-devie-ou-sarretera-la-repression-du-mouvement-palestine\\\/#primaryimage\"},\"thumbnailUrl\":\"https:\\\/\\\/charleroi-pourlapalestine.be\\\/wp-content\\\/uploads\\\/2024\\\/06\\\/Victime-repression-policiere.png\",\"datePublished\":\"2024-06-04T13:10:32+00:00\",\"dateModified\":\"2024-06-04T13:10:43+00:00\",\"description\":\"Depuis quelques jours, la r\u00e9pression s\u2019abat f\u00e9rocement sur le mouvement de solidarit\u00e9 avec la Palestine \u00e0 Bruxelles\",\"breadcrumb\":{\"@id\":\"https:\\\/\\\/charleroi-pourlapalestine.be\\\/index.php\\\/2024\\\/06\\\/04\\\/enquete-de-bruxelles-devie-ou-sarretera-la-repression-du-mouvement-palestine\\\/#breadcrumb\"},\"inLanguage\":\"fr-FR\",\"potentialAction\":[{\"@type\":\"ReadAction\",\"target\":[\"https:\\\/\\\/charleroi-pourlapalestine.be\\\/index.php\\\/2024\\\/06\\\/04\\\/enquete-de-bruxelles-devie-ou-sarretera-la-repression-du-mouvement-palestine\\\/\"]}]},{\"@type\":\"ImageObject\",\"inLanguage\":\"fr-FR\",\"@id\":\"https:\\\/\\\/charleroi-pourlapalestine.be\\\/index.php\\\/2024\\\/06\\\/04\\\/enquete-de-bruxelles-devie-ou-sarretera-la-repression-du-mouvement-palestine\\\/#primaryimage\",\"url\":\"https:\\\/\\\/charleroi-pourlapalestine.be\\\/wp-content\\\/uploads\\\/2024\\\/06\\\/Victime-repression-policiere.png\",\"contentUrl\":\"https:\\\/\\\/charleroi-pourlapalestine.be\\\/wp-content\\\/uploads\\\/2024\\\/06\\\/Victime-repression-policiere.png\",\"width\":697,\"height\":362},{\"@type\":\"BreadcrumbList\",\"@id\":\"https:\\\/\\\/charleroi-pourlapalestine.be\\\/index.php\\\/2024\\\/06\\\/04\\\/enquete-de-bruxelles-devie-ou-sarretera-la-repression-du-mouvement-palestine\\\/#breadcrumb\",\"itemListElement\":[{\"@type\":\"ListItem\",\"position\":1,\"name\":\"Accueil\",\"item\":\"https:\\\/\\\/charleroi-pourlapalestine.be\\\/\"},{\"@type\":\"ListItem\",\"position\":2,\"name\":\"Bruxelles D\u00e9vie : O\u00f9 s\u2019arr\u00eatera la r\u00e9pression du mouvement Palestine\u00a0\u00e0 Bruxelles ?\"}]},{\"@type\":\"WebSite\",\"@id\":\"https:\\\/\\\/charleroi-pourlapalestine.be\\\/#website\",\"url\":\"https:\\\/\\\/charleroi-pourlapalestine.be\\\/\",\"name\":\"Charleroi Pour la Palestine\",\"description\":\"\",\"publisher\":{\"@id\":\"https:\\\/\\\/charleroi-pourlapalestine.be\\\/#organization\"},\"potentialAction\":[{\"@type\":\"SearchAction\",\"target\":{\"@type\":\"EntryPoint\",\"urlTemplate\":\"https:\\\/\\\/charleroi-pourlapalestine.be\\\/?s={search_term_string}\"},\"query-input\":{\"@type\":\"PropertyValueSpecification\",\"valueRequired\":true,\"valueName\":\"search_term_string\"}}],\"inLanguage\":\"fr-FR\"},{\"@type\":\"Organization\",\"@id\":\"https:\\\/\\\/charleroi-pourlapalestine.be\\\/#organization\",\"name\":\"Plate-forme Charleroi-Palestine\",\"url\":\"https:\\\/\\\/charleroi-pourlapalestine.be\\\/\",\"logo\":{\"@type\":\"ImageObject\",\"inLanguage\":\"fr-FR\",\"@id\":\"https:\\\/\\\/charleroi-pourlapalestine.be\\\/#\\\/schema\\\/logo\\\/image\\\/\",\"url\":\"https:\\\/\\\/charleroi-pourlapalestine.be\\\/wp-content\\\/uploads\\\/2020\\\/01\\\/logo-Copy.jpg\",\"contentUrl\":\"https:\\\/\\\/charleroi-pourlapalestine.be\\\/wp-content\\\/uploads\\\/2020\\\/01\\\/logo-Copy.jpg\",\"width\":180,\"height\":180,\"caption\":\"Plate-forme Charleroi-Palestine\"},\"image\":{\"@id\":\"https:\\\/\\\/charleroi-pourlapalestine.be\\\/#\\\/schema\\\/logo\\\/image\\\/\"},\"sameAs\":[\"https:\\\/\\\/www.facebook.com\\\/PlateformeCharleroiPalestine\\\/\",\"https:\\\/\\\/x.com\\\/LaCharleroi\"]},{\"@type\":\"Person\",\"@id\":\"https:\\\/\\\/charleroi-pourlapalestine.be\\\/#\\\/schema\\\/person\\\/c19ff515112f1299d8c12671d8fe3faa\",\"name\":\"admin1873\",\"url\":\"https:\\\/\\\/charleroi-pourlapalestine.be\\\/index.php\\\/author\\\/admin1873\\\/\"}]}<\/script>\n<!-- \/ Yoast SEO plugin. -->","yoast_head_json":{"title":"Bruxelles D\u00e9vie : O\u00f9 s\u2019arr\u00eatera la r\u00e9pression du mouvement Palestine\u00a0\u00e0 Bruxelles ?","description":"Depuis quelques jours, la r\u00e9pression s\u2019abat f\u00e9rocement sur le mouvement de solidarit\u00e9 avec la Palestine \u00e0 Bruxelles","robots":{"index":"index","follow":"follow","max-snippet":"max-snippet:-1","max-image-preview":"max-image-preview:large","max-video-preview":"max-video-preview:-1"},"canonical":"https:\/\/charleroi-pourlapalestine.be\/index.php\/2024\/06\/04\/enquete-de-bruxelles-devie-ou-sarretera-la-repression-du-mouvement-palestine\/","schema":{"@context":"https:\/\/schema.org","@graph":[{"@type":"Article","@id":"https:\/\/charleroi-pourlapalestine.be\/index.php\/2024\/06\/04\/enquete-de-bruxelles-devie-ou-sarretera-la-repression-du-mouvement-palestine\/#article","isPartOf":{"@id":"https:\/\/charleroi-pourlapalestine.be\/index.php\/2024\/06\/04\/enquete-de-bruxelles-devie-ou-sarretera-la-repression-du-mouvement-palestine\/"},"author":{"name":"admin1873","@id":"https:\/\/charleroi-pourlapalestine.be\/#\/schema\/person\/c19ff515112f1299d8c12671d8fe3faa"},"headline":"Bruxelles D\u00e9vie : O\u00f9 s\u2019arr\u00eatera la r\u00e9pression du mouvement Palestine\u00a0\u00e0 Bruxelles ?","datePublished":"2024-06-04T13:10:32+00:00","dateModified":"2024-06-04T13:10:43+00:00","mainEntityOfPage":{"@id":"https:\/\/charleroi-pourlapalestine.be\/index.php\/2024\/06\/04\/enquete-de-bruxelles-devie-ou-sarretera-la-repression-du-mouvement-palestine\/"},"wordCount":1670,"publisher":{"@id":"https:\/\/charleroi-pourlapalestine.be\/#organization"},"image":{"@id":"https:\/\/charleroi-pourlapalestine.be\/index.php\/2024\/06\/04\/enquete-de-bruxelles-devie-ou-sarretera-la-repression-du-mouvement-palestine\/#primaryimage"},"thumbnailUrl":"https:\/\/charleroi-pourlapalestine.be\/wp-content\/uploads\/2024\/06\/Victime-repression-policiere.png","articleSection":["Belgique","R\u00e9pression","Universit\u00e9s"],"inLanguage":"fr-FR"},{"@type":"WebPage","@id":"https:\/\/charleroi-pourlapalestine.be\/index.php\/2024\/06\/04\/enquete-de-bruxelles-devie-ou-sarretera-la-repression-du-mouvement-palestine\/","url":"https:\/\/charleroi-pourlapalestine.be\/index.php\/2024\/06\/04\/enquete-de-bruxelles-devie-ou-sarretera-la-repression-du-mouvement-palestine\/","name":"Bruxelles D\u00e9vie : O\u00f9 s\u2019arr\u00eatera la r\u00e9pression du mouvement Palestine\u00a0\u00e0 Bruxelles ?","isPartOf":{"@id":"https:\/\/charleroi-pourlapalestine.be\/#website"},"primaryImageOfPage":{"@id":"https:\/\/charleroi-pourlapalestine.be\/index.php\/2024\/06\/04\/enquete-de-bruxelles-devie-ou-sarretera-la-repression-du-mouvement-palestine\/#primaryimage"},"image":{"@id":"https:\/\/charleroi-pourlapalestine.be\/index.php\/2024\/06\/04\/enquete-de-bruxelles-devie-ou-sarretera-la-repression-du-mouvement-palestine\/#primaryimage"},"thumbnailUrl":"https:\/\/charleroi-pourlapalestine.be\/wp-content\/uploads\/2024\/06\/Victime-repression-policiere.png","datePublished":"2024-06-04T13:10:32+00:00","dateModified":"2024-06-04T13:10:43+00:00","description":"Depuis quelques jours, la r\u00e9pression s\u2019abat f\u00e9rocement sur le mouvement de solidarit\u00e9 avec la Palestine \u00e0 Bruxelles","breadcrumb":{"@id":"https:\/\/charleroi-pourlapalestine.be\/index.php\/2024\/06\/04\/enquete-de-bruxelles-devie-ou-sarretera-la-repression-du-mouvement-palestine\/#breadcrumb"},"inLanguage":"fr-FR","potentialAction":[{"@type":"ReadAction","target":["https:\/\/charleroi-pourlapalestine.be\/index.php\/2024\/06\/04\/enquete-de-bruxelles-devie-ou-sarretera-la-repression-du-mouvement-palestine\/"]}]},{"@type":"ImageObject","inLanguage":"fr-FR","@id":"https:\/\/charleroi-pourlapalestine.be\/index.php\/2024\/06\/04\/enquete-de-bruxelles-devie-ou-sarretera-la-repression-du-mouvement-palestine\/#primaryimage","url":"https:\/\/charleroi-pourlapalestine.be\/wp-content\/uploads\/2024\/06\/Victime-repression-policiere.png","contentUrl":"https:\/\/charleroi-pourlapalestine.be\/wp-content\/uploads\/2024\/06\/Victime-repression-policiere.png","width":697,"height":362},{"@type":"BreadcrumbList","@id":"https:\/\/charleroi-pourlapalestine.be\/index.php\/2024\/06\/04\/enquete-de-bruxelles-devie-ou-sarretera-la-repression-du-mouvement-palestine\/#breadcrumb","itemListElement":[{"@type":"ListItem","position":1,"name":"Accueil","item":"https:\/\/charleroi-pourlapalestine.be\/"},{"@type":"ListItem","position":2,"name":"Bruxelles D\u00e9vie : O\u00f9 s\u2019arr\u00eatera la r\u00e9pression du mouvement Palestine\u00a0\u00e0 Bruxelles ?"}]},{"@type":"WebSite","@id":"https:\/\/charleroi-pourlapalestine.be\/#website","url":"https:\/\/charleroi-pourlapalestine.be\/","name":"Charleroi Pour la Palestine","description":"","publisher":{"@id":"https:\/\/charleroi-pourlapalestine.be\/#organization"},"potentialAction":[{"@type":"SearchAction","target":{"@type":"EntryPoint","urlTemplate":"https:\/\/charleroi-pourlapalestine.be\/?s={search_term_string}"},"query-input":{"@type":"PropertyValueSpecification","valueRequired":true,"valueName":"search_term_string"}}],"inLanguage":"fr-FR"},{"@type":"Organization","@id":"https:\/\/charleroi-pourlapalestine.be\/#organization","name":"Plate-forme Charleroi-Palestine","url":"https:\/\/charleroi-pourlapalestine.be\/","logo":{"@type":"ImageObject","inLanguage":"fr-FR","@id":"https:\/\/charleroi-pourlapalestine.be\/#\/schema\/logo\/image\/","url":"https:\/\/charleroi-pourlapalestine.be\/wp-content\/uploads\/2020\/01\/logo-Copy.jpg","contentUrl":"https:\/\/charleroi-pourlapalestine.be\/wp-content\/uploads\/2020\/01\/logo-Copy.jpg","width":180,"height":180,"caption":"Plate-forme Charleroi-Palestine"},"image":{"@id":"https:\/\/charleroi-pourlapalestine.be\/#\/schema\/logo\/image\/"},"sameAs":["https:\/\/www.facebook.com\/PlateformeCharleroiPalestine\/","https:\/\/x.com\/LaCharleroi"]},{"@type":"Person","@id":"https:\/\/charleroi-pourlapalestine.be\/#\/schema\/person\/c19ff515112f1299d8c12671d8fe3faa","name":"admin1873","url":"https:\/\/charleroi-pourlapalestine.be\/index.php\/author\/admin1873\/"}]}},"_links":{"self":[{"href":"https:\/\/charleroi-pourlapalestine.be\/index.php\/wp-json\/wp\/v2\/posts\/72824","targetHints":{"allow":["GET"]}}],"collection":[{"href":"https:\/\/charleroi-pourlapalestine.be\/index.php\/wp-json\/wp\/v2\/posts"}],"about":[{"href":"https:\/\/charleroi-pourlapalestine.be\/index.php\/wp-json\/wp\/v2\/types\/post"}],"author":[{"embeddable":true,"href":"https:\/\/charleroi-pourlapalestine.be\/index.php\/wp-json\/wp\/v2\/users\/1"}],"replies":[{"embeddable":true,"href":"https:\/\/charleroi-pourlapalestine.be\/index.php\/wp-json\/wp\/v2\/comments?post=72824"}],"version-history":[{"count":0,"href":"https:\/\/charleroi-pourlapalestine.be\/index.php\/wp-json\/wp\/v2\/posts\/72824\/revisions"}],"wp:featuredmedia":[{"embeddable":true,"href":"https:\/\/charleroi-pourlapalestine.be\/index.php\/wp-json\/wp\/v2\/media\/72841"}],"wp:attachment":[{"href":"https:\/\/charleroi-pourlapalestine.be\/index.php\/wp-json\/wp\/v2\/media?parent=72824"}],"wp:term":[{"taxonomy":"category","embeddable":true,"href":"https:\/\/charleroi-pourlapalestine.be\/index.php\/wp-json\/wp\/v2\/categories?post=72824"},{"taxonomy":"post_tag","embeddable":true,"href":"https:\/\/charleroi-pourlapalestine.be\/index.php\/wp-json\/wp\/v2\/tags?post=72824"}],"curies":[{"name":"wp","href":"https:\/\/api.w.org\/{rel}","templated":true}]}}