{"id":72935,"date":"2024-06-08T10:36:08","date_gmt":"2024-06-08T08:36:08","guid":{"rendered":"https:\/\/charleroi-pourlapalestine.be\/?p=72935"},"modified":"2024-06-08T10:38:29","modified_gmt":"2024-06-08T08:38:29","slug":"les-racistes-sont-les-meilleurs-amis-disrael-au-parlement-europeen","status":"publish","type":"post","link":"https:\/\/charleroi-pourlapalestine.be\/index.php\/2024\/06\/08\/les-racistes-sont-les-meilleurs-amis-disrael-au-parlement-europeen\/","title":{"rendered":"Les racistes sont les meilleurs amis d&rsquo;Isra\u00ebl, au Parlement europ\u00e9en"},"content":{"rendered":"<p>On s&rsquo;attend \u00e0 ce que les partis d&rsquo;extr\u00eame droite aient une pr\u00e9sence consid\u00e9rable au sein du Parlement europ\u00e9en, apr\u00e8s les \u00e9lections de ce week-end. Le lobby pro-isra\u00e9lien sera tr\u00e8s heureux d&rsquo;un tel r\u00e9sultat. Ses principaux amis sont des fanatiques.<\/p>\n<p>&nbsp;<\/p>\n<div id=\"attachment_72940\" style=\"width: 996px\" class=\"wp-caption aligncenter\"><img loading=\"lazy\" decoding=\"async\" aria-describedby=\"caption-attachment-72940\" class=\"wp-image-72940 size-full\" src=\"https:\/\/charleroi-pourlapalestine.be\/wp-content\/uploads\/2024\/06\/Affiche-du-vote-pour-le-Parlement-europeen.png\" alt=\"Les partis d'extr\u00eame droite auront probablement une pr\u00e9sence consid\u00e9rable au sein du prochain Parlement europ\u00e9en.\" width=\"986\" height=\"666\"><p id=\"caption-attachment-72940\" class=\"wp-caption-text\"><strong>Les partis d&rsquo;extr\u00eame droite auront probablement une pr\u00e9sence consid\u00e9rable au sein du prochain Parlement europ\u00e9en.<\/strong> (Photo : Parlement europ\u00e9en)<\/p><\/div>\n<p>&nbsp;<\/p>\n<p><strong>David Cronin<\/strong>, 4 juin 2024<\/p>\n<p>Tout cela ressort tr\u00e8s clairement d&rsquo;un <a href=\"https:\/\/ec4i.org\/initiatives\/ep-israel-ranking\/\" target=\"_blank\" rel=\"noopener\">rapport r\u00e9cent<\/a> de la<strong> Coalition europ\u00e9enne pour Isra\u00ebl<\/strong> <strong>(ECI).<\/strong><\/p>\n<p>Apr\u00e8s avoir analys\u00e9 les registres des votes, l&rsquo;<strong>ECI<\/strong> a conclu que les repr\u00e9sentants de <strong>Vox<\/strong> en Espagne \u00e9taient les plus r\u00e9guli\u00e8rement pro-isra\u00e9liens parmi tous les membres du Parlement europ\u00e9en.<\/p>\n<p>Vox d\u00e9fend le genre de politique dont Donald Trump est devenu le synonyme aux EU. En octobre dernier, Vox avait propos\u00e9 une interdiction d&rsquo;entr\u00e9e en Espagne aux<\/p>\n<blockquote><p>\u00ab immigrants de pays \u00e0 culture islamique si leur int\u00e9gration correcte et pacifique ne pouvait \u00eatre garantie \u00bb.<\/p><\/blockquote>\n<p>Alors que la plupart des personnes qui contestent les \u00e9lections au Parlement europ\u00e9en se sont concentr\u00e9es derni\u00e8rement sur la campagne dans leurs propres pays, Vox a envoy\u00e9 deux de ses candidats en visite chez <strong>Benjamin Netanyahou,<\/strong> le Premier ministre isra\u00e9lien.<\/p>\n<p>Le voyage a eu lieu peu apr\u00e8s que <strong>Karim Khan<\/strong>, le procureur principal de la Cour p\u00e9nale internationale, avait annonc\u00e9 qu&rsquo;il allait demander un mandat d&rsquo;arr\u00eat contre Netanyahou.<\/p>\n<p>Vox fait partie du groupement politique des <strong>Conservateurs et R\u00e9formistes europ\u00e9ens (ECR)<\/strong>. Il est per\u00e7u comme le bloc le plus solidement pro-isra\u00e9lien au Parlement europ\u00e9en, suivi par le <strong>Groupe Identit\u00e9 et D\u00e9mocratie,<\/strong> une alliance d&rsquo;extr\u00eame droite qui inclut le <strong>Rassemblement nationa<\/strong>l (anciennement Front national) fran\u00e7ais, le Vlaams Belang belge et le Parti de la Libert\u00e9, en Autriche.<\/p>\n<p>La Coalition europ\u00e9enne pour Isra\u00ebl n&rsquo;a aucun scrupule \u00e0 travailler avec des extr\u00e9mistes.<\/p>\n<p>Elle avait s\u00e9lectionn\u00e9 J\u00f6rg Meuthen comme principal supporter d&rsquo;Isra\u00ebl au parlement sortant.<\/p>\n<p>Meuthen a \u00e9t\u00e9 codirigeant de l&rsquo;Alternative pour l&rsquo;Allemagne (AfD) qui n&rsquo;a jamais cess\u00e9 de minimiser les crimes nazis. Apr\u00e8s plusieurs ann\u00e9es de loyaux services, Meuthen avait quitt\u00e9 le parti en 2022.<\/p>\n<p>\u00c0 l&rsquo;\u00e9poque, il s&rsquo;\u00e9tait plaint des \u00ab connotations totalitaires \u00bb de l&rsquo;AfD. Plus r\u00e9cemment, il a pr\u00e9tendu que le parti ne prenait pas suffisamment la d\u00e9fense d&rsquo;Isra\u00ebl.<\/p>\n<p>&nbsp;<\/p>\n<h3>L&rsquo;impunit\u00e9 a \u00e9t\u00e9 perdue<\/h3>\n<p>Du fait que la <strong>Coalition europ\u00e9enne pour Isra\u00ebl<\/strong> tente en permanence d&rsquo;influencer les d\u00e9put\u00e9s, elle m\u00e9rite bien plus d&rsquo;attention qu&rsquo;elle n&rsquo;en re\u00e7oit.<\/p>\n<p>D&rsquo;orientation <strong>chr\u00e9tienne sioniste<\/strong>, elle recourt \u00e0 des r\u00e9f\u00e9rences bibliques quand elle cherche \u00e0 d\u00e9fendre la soumission des Palestiniens par Isra\u00ebl.<\/p>\n<p><strong>Tomas Sandell,<\/strong> son directeur, a pr\u00e9tendu en avril que<\/p>\n<blockquote><p>\u00ab l&rsquo;avenir ne sera pas gagn\u00e9 par des arguments sortis des tribunaux internationaux, quelle que soit leur importance, mais par ce que disent les gens, autrement dit ceux qui ont l&rsquo;histoire la plus convaincante \u00e0 raconter \u00bb.<\/p><\/blockquote>\n<p>Il a d\u00e9peint l&rsquo;establishment isra\u00e9lien comme une <em>\u00ab renaissance \u00bb<\/em> qui a marqu\u00e9<\/p>\n<blockquote><p>\u00ab\u00a0le d\u00e9but d&rsquo;un processus de d\u00e9colonisation quand il a \u00e9t\u00e9 prouv\u00e9 que le peuple juif \u00e9tait en fait le peuple autochtone, en Palestine\u00a0\u00bb.<\/p><\/blockquote>\n<p>Cette all\u00e9gation en dit on ne peut plus long sur la vision du monde fondamentalement raciste de l&rsquo;ECI. Les Palestiniens peuvent \u00eatre chass\u00e9s de chez eux et m\u00eame se faire massacrer en masse, puisque l&rsquo;ECI pense que la Bible a pr\u00e9ordonn\u00e9 de telles horreurs.<\/p>\n<p>Bien que cette all\u00e9gation selon laquelle la Bible devrait avoir la primaut\u00e9 sur les lois internationales n&rsquo;est pas reprise par un grand nombre de d\u00e9put\u00e9s ou fonctionnaires de l&rsquo;UE, ces gens sont n\u00e9anmoins dispos\u00e9s \u00e0 coop\u00e9rer avec l&rsquo;ECI et d&rsquo;autres acteurs du lobby pro-isra\u00e9lien.<\/p>\n<p>L&rsquo;ECI a d\u00e9clar\u00e9 un budget total de plus de 450 000 dollars pour 2022. Pr\u00e8s de la moiti\u00e9 de cette somme est venue de l<strong>&lsquo;Esther Foundation,<\/strong> selon l&rsquo;entr\u00e9e de l&rsquo;ECI dans le <em>\u00ab registre de transparence \u00bb<\/em> de l&rsquo;Union europ\u00e9enne.<\/p>\n<p>Tomas Sandell m&rsquo;a dit par t\u00e9l\u00e9phone que l&rsquo;Esther Foundation avait son si\u00e8ge en Suisse.<\/p>\n<blockquote><p>\u00ab C&rsquo;est une fondation priv\u00e9e, qui manifestement chr\u00e9tienne \u00bb,<\/p><\/blockquote>\n<p>a-t-il dit.<\/p>\n<blockquote><p>\u00ab Et elle voit un int\u00e9r\u00eat tout particulier dans le combat contre l&rsquo;antis\u00e9mitisme. \u00bb<\/p><\/blockquote>\n<p>L&rsquo;ECI accuse les opposants de gauche d&rsquo;Isra\u00ebl d&rsquo;antis\u00e9mitisme.<\/p>\n<p>J&rsquo;ai demand\u00e9 \u00e0 Sandell s&rsquo;il consid\u00e9rait que la critique \u00e0 l&rsquo;\u00e9gard du sionisme, l&rsquo;id\u00e9ologie d&rsquo;\u00c9tat d&rsquo;Isra\u00ebl, \u00e9quivalait \u00e0 de l&rsquo;hostilit\u00e9 envers les juifs en se basant sur leur religion ou leur ethnicit\u00e9.<\/p>\n<blockquote><p>\u00ab Le nouvel antis\u00e9mitisme est exactement tel que vous le d\u00e9crivez \u00bb,<\/p><\/blockquote>\n<p>a-t-il dit.<\/p>\n<p>Selon Sandell,<\/p>\n<blockquote><p><em>\u00ab nous ne voyons pas de distinction \u00bb<\/em> entre l&rsquo;antis\u00e9mitisme et d\u00e9fendre la cause disant qu&rsquo;Isra\u00ebl est \u00ab<em> ill\u00e9gitime \u00bb<\/em> en tant qu&rsquo;\u00c9tat juif.<\/p><\/blockquote>\n<p>Son choix de termes est instructif. C&rsquo;est dans les ann\u00e9es 1970 qu&rsquo;Isra\u00ebl a invent\u00e9 le concept du <em>\u00ab nouvel antis\u00e9mitisme \u00bb<\/em> afin de tenter de pr\u00e9tendre que ses opposants \u00e9taient motiv\u00e9s par la haine des juifs.<\/p>\n<p>En outre, il est correct et appropri\u00e9 de pr\u00e9tendre qu&rsquo;Isra\u00ebl est ill\u00e9gitime en tant qu&rsquo;\u00c9tat juif. Le fait de donner \u00e0 un peuple d&rsquo;une certaine religion ou d&rsquo;une certaine race plus de droits qu&rsquo;\u00e0 tous les autres devrait \u00eatre per\u00e7u comme anachronique et odieux.<\/p>\n<p>Le <strong>lobby pro-isra\u00e9lien<\/strong> pourrait recevoir de l&rsquo;aide, suite aux r\u00e9sultats des \u00e9lections de cette semaine. Il serait toutefois insens\u00e9 de se montrer complaisant.<\/p>\n<p>En demandant un mandat d&rsquo;arr\u00eat pour Netanyahou, le procureur de la CPI a fait en sorte qu&rsquo;Isra\u00ebl a finalement perdu son impunit\u00e9. Qu&rsquo;importe le nombre d&rsquo;extr\u00e9mistes qu&rsquo;il courtise, le lobby ne r\u00e9tablira pas cette impunit\u00e9.<\/p>\n<p>&nbsp;<\/p>\n<p style=\"text-align: center;\">*****<\/p>\n<p><strong><a href=\"https:\/\/charleroi-pourlapalestine.be\/index.php\/tag\/david-cronin\/\">David Cronin<\/a><a href=\"https:\/\/charleroi-pourlapalestine.be\/index.php\/tag\/david-cronin\/\"><img loading=\"lazy\" decoding=\"async\" class=\"alignright wp-image-20420 size-full\" src=\"https:\/\/charleroi-pourlapalestine.be\/wp-content\/uploads\/2020\/12\/david-cronin.jpg\" alt=\"\" width=\"112\" height=\"112\"><\/a><\/strong>&nbsp;est l\u2019auteur de plusieurs ouvrages, dont&nbsp;<a href=\"https:\/\/assolaguillotine.wordpress.com\/catalogue\/europe-israel-de-david-cronin\/\" target=\"_blank\" rel=\"noopener noreferrer\"><em><strong><span id=\"productTitle\" class=\"a-size-large\">Europe Isra\u00ebl : Une alliance contre-nature <\/span><\/strong><\/em><\/a><span id=\"productTitle\" class=\"a-size-large\">(Ed. La Guillotine \u2013 2013) et&nbsp;<\/span>&nbsp;<strong><em>Europe\u2019s Alliance With Israel: Aiding the Occupation<\/em>&nbsp;<\/strong>(Pluto Press, 2011 \u2013&nbsp;<strong><em>L\u2019Alliance de l\u2019Europe avec Isra\u00ebl contribue \u00e0 l\u2019occupation<\/em>)<\/strong>. Il a particip\u00e9 \u00e0 la r\u00e9daction du rapport \u201c<strong><a href=\"http:\/\/powerbase.info\/images\/0\/06\/PII_IsraelLobbyEUreport2016_Cronin_Mursak_Miller.pdf\" target=\"_blank\" rel=\"noopener noreferrer\">The israeli lobby and the European Union<\/a><\/strong>\u201d.&nbsp;<br \/>\nSon dernier livre est :&nbsp;<strong><span id=\"productTitle\" class=\"a-size-large\"><em>Balfour\u2019s Shadow: A Century of British Support for Zionism and Israel<\/em>&nbsp;<\/span><\/strong><span id=\"productTitle\" class=\"a-size-large\">(Pluto Press \u2013 Londres 2017).<\/span><\/p>\n<p style=\"text-align: center;\">*****<\/p>\n<p>Publi\u00e9 le 4 juin 2024 sur <a href=\"https:\/\/electronicintifada.net\/blogs\/david-cronin\/racists-are-israels-best-friends-european-parliament\" target=\"_blank\" rel=\"noopener\"><strong>The Electronic Intifada<\/strong><\/a><br \/>\nTraduction : Jean-Marie Fl\u00e9mal, <a href=\"https:\/\/charleroi-pourlapalestine.be\/\"><strong>Charleroi pour la Palestine<\/strong><\/a><\/p>\n","protected":false},"excerpt":{"rendered":"<p>Les partis d&rsquo;extr\u00eame droite auront probablement une pr\u00e9sence consid\u00e9rable au sein du prochain Parlement europ\u00e9en. Le lobby pro-isra\u00e9lien s&rsquo;en r\u00e9jouit.<\/p>\n","protected":false},"author":1,"featured_media":0,"comment_status":"closed","ping_status":"closed","sticky":false,"template":"","format":"standard","meta":{"ngg_post_thumbnail":0,"footnotes":""},"categories":[342,161,185],"tags":[],"class_list":["post-72935","post","type-post","status-publish","format-standard","hentry","category-extreme-droite","category-lobby","category-union-europeenne"],"yoast_head":"<!-- This site is optimized with the Yoast SEO plugin v27.3 - https:\/\/yoast.com\/product\/yoast-seo-wordpress\/ -->\n<title>Les racistes sont les meilleurs amis d&#039;Isra\u00ebl, au Parlement europ\u00e9en<\/title>\n<meta name=\"description\" content=\"On s&#039;attend \u00e0 ce que les partis d&#039;extr\u00eame droite aient une pr\u00e9sence consid\u00e9rable au sein du Parlement europ\u00e9en\" \/>\n<meta name=\"robots\" content=\"index, follow, max-snippet:-1, max-image-preview:large, max-video-preview:-1\" \/>\n<link rel=\"canonical\" href=\"https:\/\/charleroi-pourlapalestine.be\/index.php\/2024\/06\/08\/les-racistes-sont-les-meilleurs-amis-disrael-au-parlement-europeen\/\" \/>\n<script type=\"application\/ld+json\" class=\"yoast-schema-graph\">{\"@context\":\"https:\\\/\\\/schema.org\",\"@graph\":[{\"@type\":\"Article\",\"@id\":\"https:\\\/\\\/charleroi-pourlapalestine.be\\\/index.php\\\/2024\\\/06\\\/08\\\/les-racistes-sont-les-meilleurs-amis-disrael-au-parlement-europeen\\\/#article\",\"isPartOf\":{\"@id\":\"https:\\\/\\\/charleroi-pourlapalestine.be\\\/index.php\\\/2024\\\/06\\\/08\\\/les-racistes-sont-les-meilleurs-amis-disrael-au-parlement-europeen\\\/\"},\"author\":{\"name\":\"admin1873\",\"@id\":\"https:\\\/\\\/charleroi-pourlapalestine.be\\\/#\\\/schema\\\/person\\\/c19ff515112f1299d8c12671d8fe3faa\"},\"headline\":\"Les racistes sont les meilleurs amis d&rsquo;Isra\u00ebl, au Parlement europ\u00e9en\",\"datePublished\":\"2024-06-08T08:36:08+00:00\",\"dateModified\":\"2024-06-08T08:38:29+00:00\",\"mainEntityOfPage\":{\"@id\":\"https:\\\/\\\/charleroi-pourlapalestine.be\\\/index.php\\\/2024\\\/06\\\/08\\\/les-racistes-sont-les-meilleurs-amis-disrael-au-parlement-europeen\\\/\"},\"wordCount\":1140,\"publisher\":{\"@id\":\"https:\\\/\\\/charleroi-pourlapalestine.be\\\/#organization\"},\"image\":{\"@id\":\"https:\\\/\\\/charleroi-pourlapalestine.be\\\/index.php\\\/2024\\\/06\\\/08\\\/les-racistes-sont-les-meilleurs-amis-disrael-au-parlement-europeen\\\/#primaryimage\"},\"thumbnailUrl\":\"https:\\\/\\\/charleroi-pourlapalestine.be\\\/wp-content\\\/uploads\\\/2024\\\/06\\\/Affiche-du-vote-pour-le-Parlement-europeen.png\",\"articleSection\":[\"Extr\u00eame droite\",\"Lobby\",\"Union europ\u00e9enne\"],\"inLanguage\":\"fr-FR\"},{\"@type\":\"WebPage\",\"@id\":\"https:\\\/\\\/charleroi-pourlapalestine.be\\\/index.php\\\/2024\\\/06\\\/08\\\/les-racistes-sont-les-meilleurs-amis-disrael-au-parlement-europeen\\\/\",\"url\":\"https:\\\/\\\/charleroi-pourlapalestine.be\\\/index.php\\\/2024\\\/06\\\/08\\\/les-racistes-sont-les-meilleurs-amis-disrael-au-parlement-europeen\\\/\",\"name\":\"Les racistes sont les meilleurs amis d'Isra\u00ebl, au Parlement europ\u00e9en\",\"isPartOf\":{\"@id\":\"https:\\\/\\\/charleroi-pourlapalestine.be\\\/#website\"},\"primaryImageOfPage\":{\"@id\":\"https:\\\/\\\/charleroi-pourlapalestine.be\\\/index.php\\\/2024\\\/06\\\/08\\\/les-racistes-sont-les-meilleurs-amis-disrael-au-parlement-europeen\\\/#primaryimage\"},\"image\":{\"@id\":\"https:\\\/\\\/charleroi-pourlapalestine.be\\\/index.php\\\/2024\\\/06\\\/08\\\/les-racistes-sont-les-meilleurs-amis-disrael-au-parlement-europeen\\\/#primaryimage\"},\"thumbnailUrl\":\"https:\\\/\\\/charleroi-pourlapalestine.be\\\/wp-content\\\/uploads\\\/2024\\\/06\\\/Affiche-du-vote-pour-le-Parlement-europeen.png\",\"datePublished\":\"2024-06-08T08:36:08+00:00\",\"dateModified\":\"2024-06-08T08:38:29+00:00\",\"description\":\"On s'attend \u00e0 ce que les partis d'extr\u00eame droite aient une pr\u00e9sence consid\u00e9rable au sein du Parlement europ\u00e9en\",\"breadcrumb\":{\"@id\":\"https:\\\/\\\/charleroi-pourlapalestine.be\\\/index.php\\\/2024\\\/06\\\/08\\\/les-racistes-sont-les-meilleurs-amis-disrael-au-parlement-europeen\\\/#breadcrumb\"},\"inLanguage\":\"fr-FR\",\"potentialAction\":[{\"@type\":\"ReadAction\",\"target\":[\"https:\\\/\\\/charleroi-pourlapalestine.be\\\/index.php\\\/2024\\\/06\\\/08\\\/les-racistes-sont-les-meilleurs-amis-disrael-au-parlement-europeen\\\/\"]}]},{\"@type\":\"ImageObject\",\"inLanguage\":\"fr-FR\",\"@id\":\"https:\\\/\\\/charleroi-pourlapalestine.be\\\/index.php\\\/2024\\\/06\\\/08\\\/les-racistes-sont-les-meilleurs-amis-disrael-au-parlement-europeen\\\/#primaryimage\",\"url\":\"\",\"contentUrl\":\"\"},{\"@type\":\"BreadcrumbList\",\"@id\":\"https:\\\/\\\/charleroi-pourlapalestine.be\\\/index.php\\\/2024\\\/06\\\/08\\\/les-racistes-sont-les-meilleurs-amis-disrael-au-parlement-europeen\\\/#breadcrumb\",\"itemListElement\":[{\"@type\":\"ListItem\",\"position\":1,\"name\":\"Accueil\",\"item\":\"https:\\\/\\\/charleroi-pourlapalestine.be\\\/\"},{\"@type\":\"ListItem\",\"position\":2,\"name\":\"Les racistes sont les meilleurs amis d&#8217;Isra\u00ebl, au Parlement europ\u00e9en\"}]},{\"@type\":\"WebSite\",\"@id\":\"https:\\\/\\\/charleroi-pourlapalestine.be\\\/#website\",\"url\":\"https:\\\/\\\/charleroi-pourlapalestine.be\\\/\",\"name\":\"Charleroi Pour la Palestine\",\"description\":\"\",\"publisher\":{\"@id\":\"https:\\\/\\\/charleroi-pourlapalestine.be\\\/#organization\"},\"potentialAction\":[{\"@type\":\"SearchAction\",\"target\":{\"@type\":\"EntryPoint\",\"urlTemplate\":\"https:\\\/\\\/charleroi-pourlapalestine.be\\\/?s={search_term_string}\"},\"query-input\":{\"@type\":\"PropertyValueSpecification\",\"valueRequired\":true,\"valueName\":\"search_term_string\"}}],\"inLanguage\":\"fr-FR\"},{\"@type\":\"Organization\",\"@id\":\"https:\\\/\\\/charleroi-pourlapalestine.be\\\/#organization\",\"name\":\"Plate-forme Charleroi-Palestine\",\"url\":\"https:\\\/\\\/charleroi-pourlapalestine.be\\\/\",\"logo\":{\"@type\":\"ImageObject\",\"inLanguage\":\"fr-FR\",\"@id\":\"https:\\\/\\\/charleroi-pourlapalestine.be\\\/#\\\/schema\\\/logo\\\/image\\\/\",\"url\":\"https:\\\/\\\/charleroi-pourlapalestine.be\\\/wp-content\\\/uploads\\\/2020\\\/01\\\/logo-Copy.jpg\",\"contentUrl\":\"https:\\\/\\\/charleroi-pourlapalestine.be\\\/wp-content\\\/uploads\\\/2020\\\/01\\\/logo-Copy.jpg\",\"width\":180,\"height\":180,\"caption\":\"Plate-forme Charleroi-Palestine\"},\"image\":{\"@id\":\"https:\\\/\\\/charleroi-pourlapalestine.be\\\/#\\\/schema\\\/logo\\\/image\\\/\"},\"sameAs\":[\"https:\\\/\\\/www.facebook.com\\\/PlateformeCharleroiPalestine\\\/\",\"https:\\\/\\\/x.com\\\/LaCharleroi\"]},{\"@type\":\"Person\",\"@id\":\"https:\\\/\\\/charleroi-pourlapalestine.be\\\/#\\\/schema\\\/person\\\/c19ff515112f1299d8c12671d8fe3faa\",\"name\":\"admin1873\",\"url\":\"https:\\\/\\\/charleroi-pourlapalestine.be\\\/index.php\\\/author\\\/admin1873\\\/\"}]}<\/script>\n<!-- \/ Yoast SEO plugin. -->","yoast_head_json":{"title":"Les racistes sont les meilleurs amis d'Isra\u00ebl, au Parlement europ\u00e9en","description":"On s'attend \u00e0 ce que les partis d'extr\u00eame droite aient une pr\u00e9sence consid\u00e9rable au sein du Parlement europ\u00e9en","robots":{"index":"index","follow":"follow","max-snippet":"max-snippet:-1","max-image-preview":"max-image-preview:large","max-video-preview":"max-video-preview:-1"},"canonical":"https:\/\/charleroi-pourlapalestine.be\/index.php\/2024\/06\/08\/les-racistes-sont-les-meilleurs-amis-disrael-au-parlement-europeen\/","schema":{"@context":"https:\/\/schema.org","@graph":[{"@type":"Article","@id":"https:\/\/charleroi-pourlapalestine.be\/index.php\/2024\/06\/08\/les-racistes-sont-les-meilleurs-amis-disrael-au-parlement-europeen\/#article","isPartOf":{"@id":"https:\/\/charleroi-pourlapalestine.be\/index.php\/2024\/06\/08\/les-racistes-sont-les-meilleurs-amis-disrael-au-parlement-europeen\/"},"author":{"name":"admin1873","@id":"https:\/\/charleroi-pourlapalestine.be\/#\/schema\/person\/c19ff515112f1299d8c12671d8fe3faa"},"headline":"Les racistes sont les meilleurs amis d&rsquo;Isra\u00ebl, au Parlement europ\u00e9en","datePublished":"2024-06-08T08:36:08+00:00","dateModified":"2024-06-08T08:38:29+00:00","mainEntityOfPage":{"@id":"https:\/\/charleroi-pourlapalestine.be\/index.php\/2024\/06\/08\/les-racistes-sont-les-meilleurs-amis-disrael-au-parlement-europeen\/"},"wordCount":1140,"publisher":{"@id":"https:\/\/charleroi-pourlapalestine.be\/#organization"},"image":{"@id":"https:\/\/charleroi-pourlapalestine.be\/index.php\/2024\/06\/08\/les-racistes-sont-les-meilleurs-amis-disrael-au-parlement-europeen\/#primaryimage"},"thumbnailUrl":"https:\/\/charleroi-pourlapalestine.be\/wp-content\/uploads\/2024\/06\/Affiche-du-vote-pour-le-Parlement-europeen.png","articleSection":["Extr\u00eame droite","Lobby","Union europ\u00e9enne"],"inLanguage":"fr-FR"},{"@type":"WebPage","@id":"https:\/\/charleroi-pourlapalestine.be\/index.php\/2024\/06\/08\/les-racistes-sont-les-meilleurs-amis-disrael-au-parlement-europeen\/","url":"https:\/\/charleroi-pourlapalestine.be\/index.php\/2024\/06\/08\/les-racistes-sont-les-meilleurs-amis-disrael-au-parlement-europeen\/","name":"Les racistes sont les meilleurs amis d'Isra\u00ebl, au Parlement europ\u00e9en","isPartOf":{"@id":"https:\/\/charleroi-pourlapalestine.be\/#website"},"primaryImageOfPage":{"@id":"https:\/\/charleroi-pourlapalestine.be\/index.php\/2024\/06\/08\/les-racistes-sont-les-meilleurs-amis-disrael-au-parlement-europeen\/#primaryimage"},"image":{"@id":"https:\/\/charleroi-pourlapalestine.be\/index.php\/2024\/06\/08\/les-racistes-sont-les-meilleurs-amis-disrael-au-parlement-europeen\/#primaryimage"},"thumbnailUrl":"https:\/\/charleroi-pourlapalestine.be\/wp-content\/uploads\/2024\/06\/Affiche-du-vote-pour-le-Parlement-europeen.png","datePublished":"2024-06-08T08:36:08+00:00","dateModified":"2024-06-08T08:38:29+00:00","description":"On s'attend \u00e0 ce que les partis d'extr\u00eame droite aient une pr\u00e9sence consid\u00e9rable au sein du Parlement europ\u00e9en","breadcrumb":{"@id":"https:\/\/charleroi-pourlapalestine.be\/index.php\/2024\/06\/08\/les-racistes-sont-les-meilleurs-amis-disrael-au-parlement-europeen\/#breadcrumb"},"inLanguage":"fr-FR","potentialAction":[{"@type":"ReadAction","target":["https:\/\/charleroi-pourlapalestine.be\/index.php\/2024\/06\/08\/les-racistes-sont-les-meilleurs-amis-disrael-au-parlement-europeen\/"]}]},{"@type":"ImageObject","inLanguage":"fr-FR","@id":"https:\/\/charleroi-pourlapalestine.be\/index.php\/2024\/06\/08\/les-racistes-sont-les-meilleurs-amis-disrael-au-parlement-europeen\/#primaryimage","url":"","contentUrl":""},{"@type":"BreadcrumbList","@id":"https:\/\/charleroi-pourlapalestine.be\/index.php\/2024\/06\/08\/les-racistes-sont-les-meilleurs-amis-disrael-au-parlement-europeen\/#breadcrumb","itemListElement":[{"@type":"ListItem","position":1,"name":"Accueil","item":"https:\/\/charleroi-pourlapalestine.be\/"},{"@type":"ListItem","position":2,"name":"Les racistes sont les meilleurs amis d&#8217;Isra\u00ebl, au Parlement europ\u00e9en"}]},{"@type":"WebSite","@id":"https:\/\/charleroi-pourlapalestine.be\/#website","url":"https:\/\/charleroi-pourlapalestine.be\/","name":"Charleroi Pour la Palestine","description":"","publisher":{"@id":"https:\/\/charleroi-pourlapalestine.be\/#organization"},"potentialAction":[{"@type":"SearchAction","target":{"@type":"EntryPoint","urlTemplate":"https:\/\/charleroi-pourlapalestine.be\/?s={search_term_string}"},"query-input":{"@type":"PropertyValueSpecification","valueRequired":true,"valueName":"search_term_string"}}],"inLanguage":"fr-FR"},{"@type":"Organization","@id":"https:\/\/charleroi-pourlapalestine.be\/#organization","name":"Plate-forme Charleroi-Palestine","url":"https:\/\/charleroi-pourlapalestine.be\/","logo":{"@type":"ImageObject","inLanguage":"fr-FR","@id":"https:\/\/charleroi-pourlapalestine.be\/#\/schema\/logo\/image\/","url":"https:\/\/charleroi-pourlapalestine.be\/wp-content\/uploads\/2020\/01\/logo-Copy.jpg","contentUrl":"https:\/\/charleroi-pourlapalestine.be\/wp-content\/uploads\/2020\/01\/logo-Copy.jpg","width":180,"height":180,"caption":"Plate-forme Charleroi-Palestine"},"image":{"@id":"https:\/\/charleroi-pourlapalestine.be\/#\/schema\/logo\/image\/"},"sameAs":["https:\/\/www.facebook.com\/PlateformeCharleroiPalestine\/","https:\/\/x.com\/LaCharleroi"]},{"@type":"Person","@id":"https:\/\/charleroi-pourlapalestine.be\/#\/schema\/person\/c19ff515112f1299d8c12671d8fe3faa","name":"admin1873","url":"https:\/\/charleroi-pourlapalestine.be\/index.php\/author\/admin1873\/"}]}},"_links":{"self":[{"href":"https:\/\/charleroi-pourlapalestine.be\/index.php\/wp-json\/wp\/v2\/posts\/72935","targetHints":{"allow":["GET"]}}],"collection":[{"href":"https:\/\/charleroi-pourlapalestine.be\/index.php\/wp-json\/wp\/v2\/posts"}],"about":[{"href":"https:\/\/charleroi-pourlapalestine.be\/index.php\/wp-json\/wp\/v2\/types\/post"}],"author":[{"embeddable":true,"href":"https:\/\/charleroi-pourlapalestine.be\/index.php\/wp-json\/wp\/v2\/users\/1"}],"replies":[{"embeddable":true,"href":"https:\/\/charleroi-pourlapalestine.be\/index.php\/wp-json\/wp\/v2\/comments?post=72935"}],"version-history":[{"count":0,"href":"https:\/\/charleroi-pourlapalestine.be\/index.php\/wp-json\/wp\/v2\/posts\/72935\/revisions"}],"wp:attachment":[{"href":"https:\/\/charleroi-pourlapalestine.be\/index.php\/wp-json\/wp\/v2\/media?parent=72935"}],"wp:term":[{"taxonomy":"category","embeddable":true,"href":"https:\/\/charleroi-pourlapalestine.be\/index.php\/wp-json\/wp\/v2\/categories?post=72935"},{"taxonomy":"post_tag","embeddable":true,"href":"https:\/\/charleroi-pourlapalestine.be\/index.php\/wp-json\/wp\/v2\/tags?post=72935"}],"curies":[{"name":"wp","href":"https:\/\/api.w.org\/{rel}","templated":true}]}}