{"id":73096,"date":"2024-06-14T16:40:49","date_gmt":"2024-06-14T14:40:49","guid":{"rendered":"https:\/\/charleroi-pourlapalestine.be\/?p=73096"},"modified":"2024-06-14T16:40:54","modified_gmt":"2024-06-14T14:40:54","slug":"israel-et-son-camp-de-torture-sde-teiman-dans-le-desert-doivent-faire-face-a-une-contestation-judiciaire","status":"publish","type":"post","link":"https:\/\/charleroi-pourlapalestine.be\/index.php\/2024\/06\/14\/israel-et-son-camp-de-torture-sde-teiman-dans-le-desert-doivent-faire-face-a-une-contestation-judiciaire\/","title":{"rendered":"Isra\u00ebl et son camp de torture Sde Teiman dans le d\u00e9sert doivent faire face \u00e0 une contestation judiciaire"},"content":{"rendered":"<p>Isra\u00ebl est confront\u00e9 \u00e0 une contestation judiciaire \u00e0 propos de son tristement c\u00e9l\u00e8bre<strong><a href=\"https:\/\/charleroi-pourlapalestine.be\/index.php\/2024\/05\/20\/dans-le-camp-israelien-sde-teiman-on-torture-jusqua-ce-que-mort-sensuive\/\"> camp militaire<\/a><\/strong> de<strong> Sde Teiman<\/strong>, dans le d\u00e9sert du N\u00e9guev, juste \u00e0 l&rsquo;est de Gaza, o\u00f9 il a d\u00e9tenu des milliers de Palestiniens soup\u00e7onn\u00e9s depuis le d\u00e9but octobre d&rsquo;\u00eatre des combattants ill\u00e9gaux.<\/p>\n<p>&nbsp;<\/p>\n<div id=\"attachment_73100\" style=\"width: 810px\" class=\"wp-caption aligncenter\"><img loading=\"lazy\" decoding=\"async\" aria-describedby=\"caption-attachment-73100\" class=\"wp-image-73100 size-full\" src=\"https:\/\/charleroi-pourlapalestine.be\/wp-content\/uploads\/2024\/06\/Prisonniers-liberes.jpg\" alt=\"Isra\u00ebl et son camp de torture Sde Teiman dans le d\u00e9sert. Photo : 24 d\u00e9cembre 2023. Lors de leur lib\u00e9ration, des Palestiniens qui avaient \u00e9t\u00e9 arr\u00eat\u00e9s au cours de l'offensive terrestre d'Isra\u00ebl dans le nord de Gaza sont trait\u00e9s m\u00e9dicalement \u00e0 l'h\u00f4pital al-Najjar de Rafah, dans le sud de Gaza. \" width=\"800\" height=\"533\" srcset=\"https:\/\/charleroi-pourlapalestine.be\/wp-content\/uploads\/2024\/06\/Prisonniers-liberes.jpg 800w, https:\/\/charleroi-pourlapalestine.be\/wp-content\/uploads\/2024\/06\/Prisonniers-liberes-300x200.jpg 300w, https:\/\/charleroi-pourlapalestine.be\/wp-content\/uploads\/2024\/06\/Prisonniers-liberes-768x512.jpg 768w\" sizes=\"auto, (max-width: 800px) 100vw, 800px\" \/><p id=\"caption-attachment-73100\" class=\"wp-caption-text\">24 d\u00e9cembre 2023. Lors de leur lib\u00e9ration, des Palestiniens qui avaient \u00e9t\u00e9 arr\u00eat\u00e9s au cours de l&rsquo;offensive terrestre d&rsquo;Isra\u00ebl dans le nord de Gaza sont trait\u00e9s m\u00e9dicalement \u00e0 l&rsquo;h\u00f4pital al-Najjar de Rafah, dans le sud de Gaza. (Photo : Abed Rahim Khatib \/ DPA)<\/p><\/div>\n<p>&nbsp;<\/p>\n<p><strong>Maureen Clare Murphy,<\/strong> 11 juin 2024<\/p>\n<p><a href=\"https:\/\/www.reuters.com\/world\/middle-east\/israel-phase-out-use-military-detention-camp-2024-06-05\/\" target=\"_blank\" rel=\"noopener\">Reuters<\/a> a rapport\u00e9 la semaine derni\u00e8re qu&rsquo;Isra\u00ebl avait l&rsquo;intention de mettre progressivement hors service le site de Sde Teiman.<\/p>\n<p>CNN, citant des all\u00e9gations faites mercredi par un procureur lors d&rsquo;une audience de la haute cour isra\u00e9lienne, a <a href=\"https:\/\/edition.cnn.com\/2024\/06\/05\/middleeast\/israel-top-court-sde-teiman-hearing-intl\/index.html\" target=\"_blank\" rel=\"noopener\">rapport\u00e9<\/a> de son c\u00f4t\u00e9 que plusieurs centaines de d\u00e9tenus avaient d\u00e9j\u00e0 \u00e9t\u00e9 transf\u00e9r\u00e9s de Sde Teiman vers d&rsquo;autres centres de d\u00e9tention, dont la prison militaire d<strong>&lsquo;Ofer<\/strong>, en Cisjordanie.<\/p>\n<p>Des centaines d&rsquo;autres d\u00e9tenus seront \u00e9galement transf\u00e9r\u00e9s au cours des semaines \u00e0 venir, selon ce m\u00eame procureur.<\/p>\n<p>Mais Isra\u00ebl utilisera toujours le camp militaire pour son <em>\u00ab contr\u00f4le initial des d\u00e9tenus \u00bb,<\/em> fait savoir l&rsquo;Association pour les droits civiques en Isra\u00ebl, l&rsquo;une des organisations qui a initi\u00e9 des proc\u00e9dures juridiques en vue de fermer Sde Teiman.<\/p>\n<blockquote><p>\u00ab Garder des prisonniers au camp de Sde Teiman est interdit selon les lois tant isra\u00e9liennes qu&rsquo;internationales, m\u00eame si ce n&rsquo;est que pour de courtes p\u00e9riodes et quand bien m\u00eame le nombre de d\u00e9tenus serait faible \u00bb,<\/p><\/blockquote>\n<p>a expliqu\u00e9 l&rsquo;organisation de d\u00e9fense des droits.<\/p>\n<p>&nbsp;<\/p>\n<h3><em>\u00ab Une r\u00e9alit\u00e9 incompr\u00e9hensible \u00bb<\/em><\/h3>\n<p>Sde Teiman a \u00e9t\u00e9<a href=\"https:\/\/www.haaretz.com\/opinion\/editorial\/2024-04-21\/ty-article\/.premium\/close-israels-guantanamo-bay\/0000018e-fd2c-de5a-a9ef-ff7d90fd0000\" target=\"_blank\" rel=\"noopener\"> d\u00e9crit<\/a> comme la r\u00e9ponse isra\u00e9lienne \u00e0 la prison de Guant\u00e1namo, un camp militaire am\u00e9ricain o\u00f9 pr\u00e8s de 800 hommes et adolescents musulmans sont d\u00e9tenus depuis 2002.<\/p>\n<blockquote><p>\u00ab Guant\u00e1namo est devenu un symbole d&rsquo;injustice, d&rsquo;abus et de m\u00e9pris de l&rsquo;\u00e9tat de droit \u00bb,<\/p><\/blockquote>\n<p>estime l&rsquo;American Civil Liberties Union (ACLU \u2013 Union am\u00e9ricaine des libert\u00e9s civiques).<\/p>\n<p>On pourrait dire la m\u00eame chose de Sde Teiman.<\/p>\n<p>Les Palestiniens de Gaza d\u00e9tenus dans les installations de Sde Teiman et lib\u00e9r\u00e9s par la suite ainsi que les m\u00e9decins qui<a href=\"https:\/\/edition.cnn.com\/2024\/05\/10\/middleeast\/israel-sde-teiman-detention-whistleblowers-intl-cmd\/index.html\" target=\"_blank\" rel=\"noopener\"> travaillaient sur les lieux<\/a> et qui ont <a href=\"https:\/\/www.haaretz.com\/israel-news\/2024-04-04\/ty-article\/.premium\/doctor-at-idf-field-hospital-for-detained-gazans-we-are-all-complicit-in-breaking-law\/0000018e-a59c-dfed-ad9f-afdfb5ce0000\" target=\"_blank\" rel=\"noopener\">lanc\u00e9 l&rsquo;alerte<\/a>, ont livr\u00e9 des t\u00e9moignages horribles \u00e0 propos des traitements inflig\u00e9s dans le camp.<\/p>\n<blockquote><p>\u00ab Plus de 1 000 prisonniers sont gard\u00e9s dans des installations ressemblant \u00e0 des cages, sans lit et sans autre \u00e9quipement \u00bb,<\/p><\/blockquote>\n<p><a href=\"https:\/\/www.english.acri.org.il\/post\/close-the-detention-facility-at-the-sde-teman-detention-center\" target=\"_blank\" rel=\"noopener\">fait savoir<\/a> l&rsquo;Association pour les droits civiques en Isra\u00ebl, qui a expliqu\u00e9 \u00e0 la haute cour isra\u00e9lienne que les d\u00e9tenus ont les yeux band\u00e9s<\/p>\n<blockquote><p>\u00ab pendant des journ\u00e9es enti\u00e8res, m\u00eame pendant leurs traitements m\u00e9dicaux et lorsqu&rsquo;ils utilisent les toilettes \u00bb.<\/p>\n<p>\u00ab Des t\u00e9moignages ont r\u00e9v\u00e9l\u00e9 une r\u00e9alit\u00e9 incompr\u00e9hensible d&rsquo;interventions chirurgicales r\u00e9alis\u00e9es sans la moindre anesth\u00e9sie, la d\u00e9tention de prisonniers des journ\u00e9es enti\u00e8res d&rsquo;affil\u00e9e dans des positions douloureuses et des menottages tellement s\u00e9v\u00e8res qu&rsquo;ils se sont sold\u00e9s par des amputations \u00bb,<\/p><\/blockquote>\n<p>a expliqu\u00e9 l&rsquo;organisation isra\u00e9lienne pour les droits humains.<\/p>\n<p>Un<a href=\"https:\/\/www.bbc.com\/news\/articles\/crgygdr7vezo\" target=\"_blank\" rel=\"noopener\"> lanceur d&rsquo;alerte<\/a> qui travaillait \u00e0 Sde Teiman a d\u00e9crit des m\u00e9decins refusant des antidouleurs \u00e0 un d\u00e9tenu au cours d&rsquo;une op\u00e9ration dans laquelle lui et d&rsquo;autres ont ressenti <em>\u00ab qu&rsquo;elle avait \u00e9t\u00e9 un acte d\u00e9lib\u00e9r\u00e9 de vengeance \u00bb.<\/em><\/p>\n<p>D&rsquo;anciens d\u00e9tenus, dont un grand nombre ont \u00e9t\u00e9 escamot\u00e9s arbitrairement par les soldats isra\u00e9liens \u00e0 Gaza et d\u00e9tenus sans aucun moyen de communiquer avec leurs familles ou avec un avocat, ce qui \u00e9quivaut \u00e0 une disparition forc\u00e9e, ont d\u00e9clar\u00e9 qu&rsquo;ils avaient \u00e9t\u00e9 battus, qu&rsquo;ils avaient subi des d\u00e9charges \u00e9lectriques en cours d&rsquo;interrogatoire et qu&rsquo;on les avait priv\u00e9s de nourriture ad\u00e9quate.<\/p>\n<p>Diaa al-Kahlout, le chef du bureau de Gaza du journal Al-Araby al-Jadeed, dont le si\u00e8ge est \u00e0 Londres, a<a href=\"https:\/\/reliefweb.int\/report\/occupied-palestinian-territory\/gaza-journalist-describes-33-harrowing-days-israeli-custody\" target=\"_blank\" rel=\"noopener\"> d\u00e9clar\u00e9<\/a> qu&rsquo;il avait \u00e9t\u00e9 soumis \u00e0 la torture et qu&rsquo;il avait perdu pr\u00e8s de 45 kilos au cours de sa d\u00e9tention de plusieurs mois \u00e0 Sde Taiman. Lors de sa remise en libert\u00e9, la vision du journaliste \u00e9tait consid\u00e9rablement affaiblie, <em>\u00ab apr\u00e8s avoir eu les yeux band\u00e9s durant 33 jours et nuits d&rsquo;affil\u00e9e \u00bb.<\/em><\/p>\n<p>&nbsp;<\/p>\n<h3>\u00ab Une douleur insupportable \u00bb<\/h3>\n<p>Younis al-Hamlawi, un chef infirmier arr\u00eat\u00e9 en novembre apr\u00e8s avoir quitt\u00e9 l&rsquo;h\u00f4pital al-Shifa \u00e0 Gaza, <a href=\"https:\/\/www.nytimes.com\/2024\/06\/06\/world\/middleeast\/israel-gaza-detention-base.html\" target=\"_blank\" rel=\"noopener\">a expliqu\u00e9 au New York Times<\/a> que, lors de son interrogatoire \u00e0 Sde Teiman, une femme officier avait ordonn\u00e9 \u00e0 deux soldats de lui introduire un b\u00e2ton en m\u00e9tal dans le rectum, ce qui l&rsquo;avait fait saigner et lui avait valu une <em>\u00ab douleur insupportable \u00bb.<\/em><\/p>\n<p>Le r\u00e9cit d&rsquo;Al-Hamlawi rappelle fortement celui d&rsquo;un d\u00e9tenu lib\u00e9r\u00e9 interview\u00e9 par l&rsquo;agence de l&rsquo;ONU pour les r\u00e9fugi\u00e9s de Palestine (UNRWA), qui avait <strong><a href=\"https:\/\/charleroi-pourlapalestine.be\/index.php\/2024\/04\/21\/israel-torture-des-travailleurs-de-l-unrwa\/\">collect\u00e9 des t\u00e9moignages<\/a><\/strong> de Palestiniens largu\u00e9s par Isra\u00ebl au passage de Kerem Shalom vers Gaza.<\/p>\n<p>Le d\u00e9tenu interview\u00e9 par l&rsquo;UNRWA avait d\u00e9clar\u00e9 que lui et d&rsquo;autres<\/p>\n<blockquote><p>\u00ab avaient \u00e9t\u00e9 soumis \u00e0 des chocs \u00e9lectriques dans leur anus, ce qui avait rendu malade un autre de ses cod\u00e9tenus, au point que l&rsquo;homme en \u00e9tait mort \u00bb.<\/p><\/blockquote>\n<p>Le t\u00e9moignage d&rsquo;Al-Hamlawi a \u00e9t\u00e9 enterr\u00e9 sous les dizaines de paragraphes du tr\u00e8s long article de fond publi\u00e9 par The New York Times, qui ne fait mention de violences sexuelles rapport\u00e9es par des d\u00e9tenus palestiniens ni dans son titre ni dans son teaser.<\/p>\n<p>Au contraire, la m\u00eame publication<\/p>\n<blockquote><p>\u00ab consacrait sa une \u00e0 un article \u2013 un bobard d\u00e9mystifi\u00e9, en fait \u2013 pr\u00e9tendant que des militants palestiniens avaient agress\u00e9 sexuellement des Isra\u00e9liens de fa\u00e7on massive \u00bb,<\/p><\/blockquote>\n<p>lors de l&rsquo;attaque du 7 octobre, comme<a href=\"https:\/\/x.com\/MaxBlumenthal\/status\/1798842962560135501\" target=\"_blank\" rel=\"noopener\"> l&rsquo;a fait remarquer l<\/a>e journaliste Max Blumenthal.<\/p>\n<p>Le site de Blumenthal, The Grayzone, et d&rsquo;autres publications ind\u00e9pendantes, comme Mondoweiss et The Electronic Intifada, ont dirig\u00e9 la d\u00e9mystification de l&rsquo;article du NY Times. L&rsquo;article d\u00e9mystifi\u00e9 a \u00e9t\u00e9 utilis\u00e9 pour fabriquer de toutes pi\u00e8ces un consentement \u00e0 propos de ce que les experts des droits humains estiment pouvoir \u00e9quivaloir aux graves violations des lois internationales par Isra\u00ebl \u00e0 Gaza, y compris le recours \u00e0 la violence sexuelle.<\/p>\n<p>Les Palestiniens qui ont \u00e9t\u00e9 soumis \u00e0 des d\u00e9charges \u00e9lectriques en cours d&rsquo;interrogatoire, dont al-Hamlawi, ont d\u00e9clar\u00e9 qu&rsquo;ils avaient \u00e9t\u00e9 forc\u00e9s de ne porter que des couches-culottes.<\/p>\n<p>Pr\u00e8s de trois douzaines d&rsquo;hommes \u00e9taient morts en cours de d\u00e9tention \u00e0 Sde Teiman, a d\u00e9clar\u00e9 le personnel isra\u00e9lien du site au New York Times.<\/p>\n<p>&nbsp;<\/p>\n<h3>Un crime de guerre<\/h3>\n<p>La d\u00e9tention de r\u00e9sidents d&rsquo;un territoire occup\u00e9 dans des prisons situ\u00e9es en dehors de ce territoire constitue une violation de la Quatri\u00e8me Convention de Gen\u00e8ve, comme l&rsquo;a d&rsquo;ailleurs <a href=\"https:\/\/www.addameer.org\/publications\/deportation-policy-palestinian-prisoners-detainees-israeli-detention\" target=\"_blank\" rel=\"noopener\">fait remarquer<\/a> Addameer, une organisation palestinienne de d\u00e9fense des droits humains et des prisonniers.<\/p>\n<p>Cette pratique <em>\u00ab est \u00e9galement reconnue comme un crime de guerre dans l&rsquo;article 8 du Statut de Rome de la Cour p\u00e9nale internationale \u00bb,<\/em> selon Addameer.<\/p>\n<p>Les violations isra\u00e9liennes contre les prisonniers palestiniens sont loin de se limiter au site de Sde Teiman. Les Palestiniens d\u00e9tenus dans d&rsquo;autres prisons isra\u00e9liennes sont eux aussi trait\u00e9s de fa\u00e7on \u00e9pouvantable.<\/p>\n<p>Le <strong>Dr Adnan al-Bursh<\/strong>, chef du service d&rsquo;orthop\u00e9die de l&rsquo;h\u00f4pital al-Shifa, le plus grand site m\u00e9dical de Gaza, <strong><a href=\"https:\/\/charleroi-pourlapalestine.be\/index.php\/2024\/05\/06\/un-tres-renomme-chirurgien-de-gaza-torture-et-assassine-par-ses-geoliers-israeliens\/\">a \u00e9t\u00e9 tu\u00e9<\/a><\/strong> \u00e0 la mi-avril apr\u00e8s avoir \u00e9t\u00e9 battu et tortur\u00e9, rapporte-t-on, \u00e0 la prison d&rsquo;<strong>Ofer<\/strong> en Cisjordanie.<\/p>\n<p>Al-Bursh avait \u00e9t\u00e9 enlev\u00e9 par les troupes isra\u00e9liennes dans un h\u00f4pital dans le nord de Gaza \u00e0 la mi-d\u00e9cembre.<\/p>\n<p>D\u00e9but mai, lorsque la mort d&rsquo;al-Bursh en d\u00e9tention en Isra\u00ebl a \u00e9t\u00e9 rapport\u00e9e pour la premi\u00e8re fois, pr\u00e8s de 500 travailleurs m\u00e9dicaux avaient \u00e9t\u00e9 tu\u00e9s \u00e0 Gaza depuis le 7 octobre, 1 500 autres avaient \u00e9t\u00e9 bless\u00e9s et 300 autres encore \u00e9taient d\u00e9tenus en Isra\u00ebl, selon le minist\u00e8re de la sant\u00e9 du territoire.<\/p>\n<p>En mai, le R\u00e9seau Euro-Med Human Rights Monitor (Euro-Med) a publi\u00e9 un rapport s&rsquo;appuyant sur les <a href=\"https:\/\/charleroi-pourlapalestine.be\/index.php\/2024\/05\/23\/les-temoignages-de-100-prisonniers-palestiniens-relaches-revelent-des-crimes-de-torture-et-de-traitements-cruels\/\"><strong>t\u00e9moignages d&rsquo;une centaine de Palestiniens, hommes, femmes, gar\u00e7ons et filles<\/strong> <\/a>qui avaient \u00e9t\u00e9 arr\u00eat\u00e9s par Isra\u00ebl durant son invasion terrestre de Gaza et rel\u00e2ch\u00e9s plus tard.<\/p>\n<p>L&rsquo;organisation, dont le si\u00e8ge est \u00e0 Gen\u00e8ve, a conclu dans son rapport que<\/p>\n<blockquote><p>\u00ab l&rsquo;arm\u00e9e isra\u00e9lienne a l&rsquo;habitude de commettre les crimes r\u00e9pandus que sont l&rsquo;arrestation arbitraire, la disparition forc\u00e9e, le meurtre pr\u00e9m\u00e9dit\u00e9, la torture, les traitements inhumains, la violence sexuelle et le refus d&rsquo;un proc\u00e8s \u00e9quitable \u00bb.<\/p><\/blockquote>\n<p>Les Palestiniens ont t\u00e9moign\u00e9 \u00e0 l&rsquo;adresse d&rsquo;Euro-Med qu&rsquo;ils avaient \u00e9galement \u00e9t\u00e9 battus, soumis \u00e0 des tortures psychologiques et physiques, qu&rsquo;on leur avait refus\u00e9 l&rsquo;acc\u00e8s \u00e0 de la nourriture et \u00e0 des soins m\u00e9dicaux et qu&rsquo;on leur avait fait subir des actes d\u00e9gradants, comme se faire cracher et uriner dessus par des soldats.<\/p>\n<p>&nbsp;<\/p>\n<h3>Demande d&rsquo;enqu\u00eate par la CPI<\/h3>\n<p><strong>Addameer a d\u00e9nonc\u00e9<\/strong> l&rsquo;omission des abus d&rsquo;Isra\u00ebl \u00e0 l&rsquo;\u00e9gard des prisonniers et d\u00e9tenus palestiniens dans la r\u00e9cente annonce par Karim Khan, le procureur principal de la Cour p\u00e9nale internationale, disant qu&rsquo;il demandait des mandats d&rsquo;arr\u00eat pour de hauts responsables isra\u00e9liens.<\/p>\n<p>Pendant des d\u00e9cennies, Isra\u00ebl s&rsquo;est fabriqu\u00e9 un <em>\u00ab syst\u00e8me judiciaire \u00bb<\/em> dans le but de contr\u00f4ler, de criminaliser et de punir collectivement les Palestiniens, <a href=\"https:\/\/www.addameer.org\/news\/5356\" target=\"_blank\" rel=\"noopener\">estime Addameer.<\/a><\/p>\n<p>Ce syst\u00e8me a permis \u00e0 Isra\u00ebl d&rsquo;arr\u00eater arbitrairement de tr\u00e8s grands nombres de Palestiniens, apr\u00e8s le 7 octobre, a ajout\u00e9 Addameer.<\/p>\n<p><strong>Pr\u00e8s de 9 000 Palestiniens ont \u00e9t\u00e9 arr\u00eat\u00e9s depuis lor<\/strong>s, a d\u00e9clar\u00e9 Addameer le 22 mai, et sont d\u00e9tenus dans des conditions ne cessant d&#8217;empirer et sont soumis \u00e0 des actes de torture et \u00e0 de mauvais traitements.<\/p>\n<p><strong>Addameer a invit\u00e9 Khan<\/strong> \u00e0 enqu\u00eater parmi le personnel isra\u00e9lien sur les crimes commis contre des d\u00e9tenus palestiniens, y compris le recours aux ordonnances d&rsquo;arrestation administrative via lesquelles Isra\u00ebl d\u00e9tient des Palestiniens sans accusation ni proc\u00e8s sur base de preuves secr\u00e8tes que ne peuvent voir en aucun cas le d\u00e9tenu ou ses conseillers.<\/p>\n<p>L&rsquo;organisation de d\u00e9fense des droits a sp\u00e9cifiquement demand\u00e9 \u00e0 Khan d&rsquo;enqu\u00eater sur le ministre isra\u00e9lien de la s\u00e9curit\u00e9 nationale, <strong>Itamar Ben-Gvir<\/strong>, sur <strong>l&rsquo;actuel et les anciens chefs du Service carc\u00e9ral isra\u00e9lien (IPS)<\/strong> et des <strong>autres autorit\u00e9s carc\u00e9rales, ainsi que sur les juges et procureurs militaires isra\u00e9liens<\/strong> et <em>\u00ab sur <strong>le chef du service isra\u00e9lien de la s\u00e9curit\u00e9<\/strong> \u00e0 propos de sa responsabilit\u00e9 dans les tortures pratiqu\u00e9es en cours d&rsquo;interrogatoire \u00bb.<\/em><\/p>\n<p><strong>Francesca Albanese,<\/strong> la rapporteuse sp\u00e9ciale de l&rsquo;ONU en Cisjordanie et dans la bande de Gaza, a <a href=\"https:\/\/x.com\/FranceskAlbs\/status\/1799126587612221478\" target=\"_blank\" rel=\"noopener\">d\u00e9clar\u00e9<\/a> qu&rsquo;<\/p>\n<blockquote><p>\u00ab empaler des prisonniers \u00e0 l&rsquo;aide de barres m\u00e9talliques dans le rectum \u00bb n&rsquo;est qu&rsquo;une horreur parmi \u00ab les milliers que les Palestiniens ont d\u00fb endurer ces huit derniers mois \u00bb.<\/p>\n<p>\u00ab Toutefois, les violences, la torture, les tueries massives, la destruction gratuite constituent la r\u00e9alit\u00e9 quotidienne pour les Palestiniens sous domination isra\u00e9lienne depuis plus d&rsquo;un demi-si\u00e8cle \u00bb,<\/p><\/blockquote>\n<p>a ajout\u00e9 Francesca Albanese.<\/p>\n<blockquote><p>\u00ab Isra\u00ebl agit comme une dictature militaire en commettant toutes sortes de crimes, dont l&rsquo;apartheid, dans le but de chasser les Palestiniens de leur terre. \u00bb<\/p><\/blockquote>\n<p style=\"text-align: center;\">*****<\/p>\n<p><strong><img loading=\"lazy\" decoding=\"async\" class=\"alignleft wp-image-45540 size-full\" src=\"https:\/\/charleroi-pourlapalestine.be\/wp-content\/uploads\/2022\/10\/Maureen-Clare-Murphy-e1665914569514.jpg\" sizes=\"auto, (max-width: 150px) 100vw, 150px\" srcset=\"https:\/\/charleroi-pourlapalestine.be\/wp-content\/uploads\/2022\/10\/Maureen-Clare-Murphy-e1665914569514.jpg 150w, https:\/\/charleroi-pourlapalestine.be\/wp-content\/uploads\/2022\/10\/Maureen-Clare-Murphy-e1665914569514-80x80.jpg 80w\" alt=\"\" width=\"150\" height=\"150\"><a href=\"https:\/\/charleroi-pourlapalestine.be\/index.php\/tag\/maureen-clare-murphy\/\">Maureen Clare Murphy<\/a><\/strong> est r\u00e9dactrice en chef de <a href=\"https:\/\/electronicintifada.net\/blogs\/maureen-clare-murphy\/craig-mokhiber-moving-world-palestinian-rights\" target=\"_blank\" rel=\"noopener\">The Electronic Intifada.<\/a><\/p>\n<p>&nbsp;<\/p>\n<p>Publi\u00e9 le 11 juin 2024 sur <a href=\"https:\/\/electronicintifada.net\/blogs\/maureen-clare-murphy\/israels-desert-torture-camp-faces-legal-challenge\"><strong>The Electronic Intifada<\/strong><\/a><br \/>\nTraduction : Jean-Marie Fl\u00e9mal, <a href=\"https:\/\/charleroi-pourlapalestine.be\/\" target=\"_blank\" rel=\"noopener\"><strong>Charleroi pour la Palestine<\/strong><\/a><\/p>\n<p>&nbsp;<\/p>\n","protected":false},"excerpt":{"rendered":"<p>Pr\u00e8s d&rsquo;une quarantaine de Palestiniens sont morts en cours de d\u00e9tention \u00e0 Sde Teiman, a d\u00e9clar\u00e9 le personnel isra\u00e9lien du site au New York Times.<\/p>\n","protected":false},"author":1,"featured_media":73100,"comment_status":"closed","ping_status":"closed","sticky":false,"template":"","format":"standard","meta":{"ngg_post_thumbnail":0,"footnotes":""},"categories":[13,494],"tags":[],"class_list":["post-73096","post","type-post","status-publish","format-standard","has-post-thumbnail","hentry","category-les-prisionners-palestiniens","category-torture"],"yoast_head":"<!-- This site is optimized with the Yoast SEO plugin v27.3 - https:\/\/yoast.com\/product\/yoast-seo-wordpress\/ -->\n<title>Isra\u00ebl et son camp de torture Sde Teiman dans le d\u00e9sert doivent faire face \u00e0 une contestation judiciaire<\/title>\n<meta name=\"description\" content=\"Pr\u00e8s de trois douzaines d&#039;hommes \u00e9taient morts en cours de d\u00e9tention \u00e0 Sde Teiman, a d\u00e9clar\u00e9 le personnel isra\u00e9lien du site\" \/>\n<meta name=\"robots\" content=\"index, follow, max-snippet:-1, max-image-preview:large, max-video-preview:-1\" \/>\n<link rel=\"canonical\" href=\"https:\/\/charleroi-pourlapalestine.be\/index.php\/2024\/06\/14\/israel-et-son-camp-de-torture-sde-teiman-dans-le-desert-doivent-faire-face-a-une-contestation-judiciaire\/\" \/>\n<script type=\"application\/ld+json\" class=\"yoast-schema-graph\">{\"@context\":\"https:\\\/\\\/schema.org\",\"@graph\":[{\"@type\":\"Article\",\"@id\":\"https:\\\/\\\/charleroi-pourlapalestine.be\\\/index.php\\\/2024\\\/06\\\/14\\\/israel-et-son-camp-de-torture-sde-teiman-dans-le-desert-doivent-faire-face-a-une-contestation-judiciaire\\\/#article\",\"isPartOf\":{\"@id\":\"https:\\\/\\\/charleroi-pourlapalestine.be\\\/index.php\\\/2024\\\/06\\\/14\\\/israel-et-son-camp-de-torture-sde-teiman-dans-le-desert-doivent-faire-face-a-une-contestation-judiciaire\\\/\"},\"author\":{\"name\":\"admin1873\",\"@id\":\"https:\\\/\\\/charleroi-pourlapalestine.be\\\/#\\\/schema\\\/person\\\/c19ff515112f1299d8c12671d8fe3faa\"},\"headline\":\"Isra\u00ebl et son camp de torture Sde Teiman dans le d\u00e9sert doivent faire face \u00e0 une contestation judiciaire\",\"datePublished\":\"2024-06-14T14:40:49+00:00\",\"dateModified\":\"2024-06-14T14:40:54+00:00\",\"mainEntityOfPage\":{\"@id\":\"https:\\\/\\\/charleroi-pourlapalestine.be\\\/index.php\\\/2024\\\/06\\\/14\\\/israel-et-son-camp-de-torture-sde-teiman-dans-le-desert-doivent-faire-face-a-une-contestation-judiciaire\\\/\"},\"wordCount\":2022,\"publisher\":{\"@id\":\"https:\\\/\\\/charleroi-pourlapalestine.be\\\/#organization\"},\"image\":{\"@id\":\"https:\\\/\\\/charleroi-pourlapalestine.be\\\/index.php\\\/2024\\\/06\\\/14\\\/israel-et-son-camp-de-torture-sde-teiman-dans-le-desert-doivent-faire-face-a-une-contestation-judiciaire\\\/#primaryimage\"},\"thumbnailUrl\":\"https:\\\/\\\/charleroi-pourlapalestine.be\\\/wp-content\\\/uploads\\\/2024\\\/06\\\/Prisonniers-liberes.jpg\",\"articleSection\":[\"Prisonniers\",\"Torture\"],\"inLanguage\":\"fr-FR\"},{\"@type\":\"WebPage\",\"@id\":\"https:\\\/\\\/charleroi-pourlapalestine.be\\\/index.php\\\/2024\\\/06\\\/14\\\/israel-et-son-camp-de-torture-sde-teiman-dans-le-desert-doivent-faire-face-a-une-contestation-judiciaire\\\/\",\"url\":\"https:\\\/\\\/charleroi-pourlapalestine.be\\\/index.php\\\/2024\\\/06\\\/14\\\/israel-et-son-camp-de-torture-sde-teiman-dans-le-desert-doivent-faire-face-a-une-contestation-judiciaire\\\/\",\"name\":\"Isra\u00ebl et son camp de torture Sde Teiman dans le d\u00e9sert doivent faire face \u00e0 une contestation judiciaire\",\"isPartOf\":{\"@id\":\"https:\\\/\\\/charleroi-pourlapalestine.be\\\/#website\"},\"primaryImageOfPage\":{\"@id\":\"https:\\\/\\\/charleroi-pourlapalestine.be\\\/index.php\\\/2024\\\/06\\\/14\\\/israel-et-son-camp-de-torture-sde-teiman-dans-le-desert-doivent-faire-face-a-une-contestation-judiciaire\\\/#primaryimage\"},\"image\":{\"@id\":\"https:\\\/\\\/charleroi-pourlapalestine.be\\\/index.php\\\/2024\\\/06\\\/14\\\/israel-et-son-camp-de-torture-sde-teiman-dans-le-desert-doivent-faire-face-a-une-contestation-judiciaire\\\/#primaryimage\"},\"thumbnailUrl\":\"https:\\\/\\\/charleroi-pourlapalestine.be\\\/wp-content\\\/uploads\\\/2024\\\/06\\\/Prisonniers-liberes.jpg\",\"datePublished\":\"2024-06-14T14:40:49+00:00\",\"dateModified\":\"2024-06-14T14:40:54+00:00\",\"description\":\"Pr\u00e8s de trois douzaines d'hommes \u00e9taient morts en cours de d\u00e9tention \u00e0 Sde Teiman, a d\u00e9clar\u00e9 le personnel isra\u00e9lien du site\",\"breadcrumb\":{\"@id\":\"https:\\\/\\\/charleroi-pourlapalestine.be\\\/index.php\\\/2024\\\/06\\\/14\\\/israel-et-son-camp-de-torture-sde-teiman-dans-le-desert-doivent-faire-face-a-une-contestation-judiciaire\\\/#breadcrumb\"},\"inLanguage\":\"fr-FR\",\"potentialAction\":[{\"@type\":\"ReadAction\",\"target\":[\"https:\\\/\\\/charleroi-pourlapalestine.be\\\/index.php\\\/2024\\\/06\\\/14\\\/israel-et-son-camp-de-torture-sde-teiman-dans-le-desert-doivent-faire-face-a-une-contestation-judiciaire\\\/\"]}]},{\"@type\":\"ImageObject\",\"inLanguage\":\"fr-FR\",\"@id\":\"https:\\\/\\\/charleroi-pourlapalestine.be\\\/index.php\\\/2024\\\/06\\\/14\\\/israel-et-son-camp-de-torture-sde-teiman-dans-le-desert-doivent-faire-face-a-une-contestation-judiciaire\\\/#primaryimage\",\"url\":\"https:\\\/\\\/charleroi-pourlapalestine.be\\\/wp-content\\\/uploads\\\/2024\\\/06\\\/Prisonniers-liberes.jpg\",\"contentUrl\":\"https:\\\/\\\/charleroi-pourlapalestine.be\\\/wp-content\\\/uploads\\\/2024\\\/06\\\/Prisonniers-liberes.jpg\",\"width\":800,\"height\":533},{\"@type\":\"BreadcrumbList\",\"@id\":\"https:\\\/\\\/charleroi-pourlapalestine.be\\\/index.php\\\/2024\\\/06\\\/14\\\/israel-et-son-camp-de-torture-sde-teiman-dans-le-desert-doivent-faire-face-a-une-contestation-judiciaire\\\/#breadcrumb\",\"itemListElement\":[{\"@type\":\"ListItem\",\"position\":1,\"name\":\"Accueil\",\"item\":\"https:\\\/\\\/charleroi-pourlapalestine.be\\\/\"},{\"@type\":\"ListItem\",\"position\":2,\"name\":\"Isra\u00ebl et son camp de torture Sde Teiman dans le d\u00e9sert doivent faire face \u00e0 une contestation judiciaire\"}]},{\"@type\":\"WebSite\",\"@id\":\"https:\\\/\\\/charleroi-pourlapalestine.be\\\/#website\",\"url\":\"https:\\\/\\\/charleroi-pourlapalestine.be\\\/\",\"name\":\"Charleroi Pour la Palestine\",\"description\":\"\",\"publisher\":{\"@id\":\"https:\\\/\\\/charleroi-pourlapalestine.be\\\/#organization\"},\"potentialAction\":[{\"@type\":\"SearchAction\",\"target\":{\"@type\":\"EntryPoint\",\"urlTemplate\":\"https:\\\/\\\/charleroi-pourlapalestine.be\\\/?s={search_term_string}\"},\"query-input\":{\"@type\":\"PropertyValueSpecification\",\"valueRequired\":true,\"valueName\":\"search_term_string\"}}],\"inLanguage\":\"fr-FR\"},{\"@type\":\"Organization\",\"@id\":\"https:\\\/\\\/charleroi-pourlapalestine.be\\\/#organization\",\"name\":\"Plate-forme Charleroi-Palestine\",\"url\":\"https:\\\/\\\/charleroi-pourlapalestine.be\\\/\",\"logo\":{\"@type\":\"ImageObject\",\"inLanguage\":\"fr-FR\",\"@id\":\"https:\\\/\\\/charleroi-pourlapalestine.be\\\/#\\\/schema\\\/logo\\\/image\\\/\",\"url\":\"https:\\\/\\\/charleroi-pourlapalestine.be\\\/wp-content\\\/uploads\\\/2020\\\/01\\\/logo-Copy.jpg\",\"contentUrl\":\"https:\\\/\\\/charleroi-pourlapalestine.be\\\/wp-content\\\/uploads\\\/2020\\\/01\\\/logo-Copy.jpg\",\"width\":180,\"height\":180,\"caption\":\"Plate-forme Charleroi-Palestine\"},\"image\":{\"@id\":\"https:\\\/\\\/charleroi-pourlapalestine.be\\\/#\\\/schema\\\/logo\\\/image\\\/\"},\"sameAs\":[\"https:\\\/\\\/www.facebook.com\\\/PlateformeCharleroiPalestine\\\/\",\"https:\\\/\\\/x.com\\\/LaCharleroi\"]},{\"@type\":\"Person\",\"@id\":\"https:\\\/\\\/charleroi-pourlapalestine.be\\\/#\\\/schema\\\/person\\\/c19ff515112f1299d8c12671d8fe3faa\",\"name\":\"admin1873\",\"url\":\"https:\\\/\\\/charleroi-pourlapalestine.be\\\/index.php\\\/author\\\/admin1873\\\/\"}]}<\/script>\n<!-- \/ Yoast SEO plugin. -->","yoast_head_json":{"title":"Isra\u00ebl et son camp de torture Sde Teiman dans le d\u00e9sert doivent faire face \u00e0 une contestation judiciaire","description":"Pr\u00e8s de trois douzaines d'hommes \u00e9taient morts en cours de d\u00e9tention \u00e0 Sde Teiman, a d\u00e9clar\u00e9 le personnel isra\u00e9lien du site","robots":{"index":"index","follow":"follow","max-snippet":"max-snippet:-1","max-image-preview":"max-image-preview:large","max-video-preview":"max-video-preview:-1"},"canonical":"https:\/\/charleroi-pourlapalestine.be\/index.php\/2024\/06\/14\/israel-et-son-camp-de-torture-sde-teiman-dans-le-desert-doivent-faire-face-a-une-contestation-judiciaire\/","schema":{"@context":"https:\/\/schema.org","@graph":[{"@type":"Article","@id":"https:\/\/charleroi-pourlapalestine.be\/index.php\/2024\/06\/14\/israel-et-son-camp-de-torture-sde-teiman-dans-le-desert-doivent-faire-face-a-une-contestation-judiciaire\/#article","isPartOf":{"@id":"https:\/\/charleroi-pourlapalestine.be\/index.php\/2024\/06\/14\/israel-et-son-camp-de-torture-sde-teiman-dans-le-desert-doivent-faire-face-a-une-contestation-judiciaire\/"},"author":{"name":"admin1873","@id":"https:\/\/charleroi-pourlapalestine.be\/#\/schema\/person\/c19ff515112f1299d8c12671d8fe3faa"},"headline":"Isra\u00ebl et son camp de torture Sde Teiman dans le d\u00e9sert doivent faire face \u00e0 une contestation judiciaire","datePublished":"2024-06-14T14:40:49+00:00","dateModified":"2024-06-14T14:40:54+00:00","mainEntityOfPage":{"@id":"https:\/\/charleroi-pourlapalestine.be\/index.php\/2024\/06\/14\/israel-et-son-camp-de-torture-sde-teiman-dans-le-desert-doivent-faire-face-a-une-contestation-judiciaire\/"},"wordCount":2022,"publisher":{"@id":"https:\/\/charleroi-pourlapalestine.be\/#organization"},"image":{"@id":"https:\/\/charleroi-pourlapalestine.be\/index.php\/2024\/06\/14\/israel-et-son-camp-de-torture-sde-teiman-dans-le-desert-doivent-faire-face-a-une-contestation-judiciaire\/#primaryimage"},"thumbnailUrl":"https:\/\/charleroi-pourlapalestine.be\/wp-content\/uploads\/2024\/06\/Prisonniers-liberes.jpg","articleSection":["Prisonniers","Torture"],"inLanguage":"fr-FR"},{"@type":"WebPage","@id":"https:\/\/charleroi-pourlapalestine.be\/index.php\/2024\/06\/14\/israel-et-son-camp-de-torture-sde-teiman-dans-le-desert-doivent-faire-face-a-une-contestation-judiciaire\/","url":"https:\/\/charleroi-pourlapalestine.be\/index.php\/2024\/06\/14\/israel-et-son-camp-de-torture-sde-teiman-dans-le-desert-doivent-faire-face-a-une-contestation-judiciaire\/","name":"Isra\u00ebl et son camp de torture Sde Teiman dans le d\u00e9sert doivent faire face \u00e0 une contestation judiciaire","isPartOf":{"@id":"https:\/\/charleroi-pourlapalestine.be\/#website"},"primaryImageOfPage":{"@id":"https:\/\/charleroi-pourlapalestine.be\/index.php\/2024\/06\/14\/israel-et-son-camp-de-torture-sde-teiman-dans-le-desert-doivent-faire-face-a-une-contestation-judiciaire\/#primaryimage"},"image":{"@id":"https:\/\/charleroi-pourlapalestine.be\/index.php\/2024\/06\/14\/israel-et-son-camp-de-torture-sde-teiman-dans-le-desert-doivent-faire-face-a-une-contestation-judiciaire\/#primaryimage"},"thumbnailUrl":"https:\/\/charleroi-pourlapalestine.be\/wp-content\/uploads\/2024\/06\/Prisonniers-liberes.jpg","datePublished":"2024-06-14T14:40:49+00:00","dateModified":"2024-06-14T14:40:54+00:00","description":"Pr\u00e8s de trois douzaines d'hommes \u00e9taient morts en cours de d\u00e9tention \u00e0 Sde Teiman, a d\u00e9clar\u00e9 le personnel isra\u00e9lien du site","breadcrumb":{"@id":"https:\/\/charleroi-pourlapalestine.be\/index.php\/2024\/06\/14\/israel-et-son-camp-de-torture-sde-teiman-dans-le-desert-doivent-faire-face-a-une-contestation-judiciaire\/#breadcrumb"},"inLanguage":"fr-FR","potentialAction":[{"@type":"ReadAction","target":["https:\/\/charleroi-pourlapalestine.be\/index.php\/2024\/06\/14\/israel-et-son-camp-de-torture-sde-teiman-dans-le-desert-doivent-faire-face-a-une-contestation-judiciaire\/"]}]},{"@type":"ImageObject","inLanguage":"fr-FR","@id":"https:\/\/charleroi-pourlapalestine.be\/index.php\/2024\/06\/14\/israel-et-son-camp-de-torture-sde-teiman-dans-le-desert-doivent-faire-face-a-une-contestation-judiciaire\/#primaryimage","url":"https:\/\/charleroi-pourlapalestine.be\/wp-content\/uploads\/2024\/06\/Prisonniers-liberes.jpg","contentUrl":"https:\/\/charleroi-pourlapalestine.be\/wp-content\/uploads\/2024\/06\/Prisonniers-liberes.jpg","width":800,"height":533},{"@type":"BreadcrumbList","@id":"https:\/\/charleroi-pourlapalestine.be\/index.php\/2024\/06\/14\/israel-et-son-camp-de-torture-sde-teiman-dans-le-desert-doivent-faire-face-a-une-contestation-judiciaire\/#breadcrumb","itemListElement":[{"@type":"ListItem","position":1,"name":"Accueil","item":"https:\/\/charleroi-pourlapalestine.be\/"},{"@type":"ListItem","position":2,"name":"Isra\u00ebl et son camp de torture Sde Teiman dans le d\u00e9sert doivent faire face \u00e0 une contestation judiciaire"}]},{"@type":"WebSite","@id":"https:\/\/charleroi-pourlapalestine.be\/#website","url":"https:\/\/charleroi-pourlapalestine.be\/","name":"Charleroi Pour la Palestine","description":"","publisher":{"@id":"https:\/\/charleroi-pourlapalestine.be\/#organization"},"potentialAction":[{"@type":"SearchAction","target":{"@type":"EntryPoint","urlTemplate":"https:\/\/charleroi-pourlapalestine.be\/?s={search_term_string}"},"query-input":{"@type":"PropertyValueSpecification","valueRequired":true,"valueName":"search_term_string"}}],"inLanguage":"fr-FR"},{"@type":"Organization","@id":"https:\/\/charleroi-pourlapalestine.be\/#organization","name":"Plate-forme Charleroi-Palestine","url":"https:\/\/charleroi-pourlapalestine.be\/","logo":{"@type":"ImageObject","inLanguage":"fr-FR","@id":"https:\/\/charleroi-pourlapalestine.be\/#\/schema\/logo\/image\/","url":"https:\/\/charleroi-pourlapalestine.be\/wp-content\/uploads\/2020\/01\/logo-Copy.jpg","contentUrl":"https:\/\/charleroi-pourlapalestine.be\/wp-content\/uploads\/2020\/01\/logo-Copy.jpg","width":180,"height":180,"caption":"Plate-forme Charleroi-Palestine"},"image":{"@id":"https:\/\/charleroi-pourlapalestine.be\/#\/schema\/logo\/image\/"},"sameAs":["https:\/\/www.facebook.com\/PlateformeCharleroiPalestine\/","https:\/\/x.com\/LaCharleroi"]},{"@type":"Person","@id":"https:\/\/charleroi-pourlapalestine.be\/#\/schema\/person\/c19ff515112f1299d8c12671d8fe3faa","name":"admin1873","url":"https:\/\/charleroi-pourlapalestine.be\/index.php\/author\/admin1873\/"}]}},"_links":{"self":[{"href":"https:\/\/charleroi-pourlapalestine.be\/index.php\/wp-json\/wp\/v2\/posts\/73096","targetHints":{"allow":["GET"]}}],"collection":[{"href":"https:\/\/charleroi-pourlapalestine.be\/index.php\/wp-json\/wp\/v2\/posts"}],"about":[{"href":"https:\/\/charleroi-pourlapalestine.be\/index.php\/wp-json\/wp\/v2\/types\/post"}],"author":[{"embeddable":true,"href":"https:\/\/charleroi-pourlapalestine.be\/index.php\/wp-json\/wp\/v2\/users\/1"}],"replies":[{"embeddable":true,"href":"https:\/\/charleroi-pourlapalestine.be\/index.php\/wp-json\/wp\/v2\/comments?post=73096"}],"version-history":[{"count":0,"href":"https:\/\/charleroi-pourlapalestine.be\/index.php\/wp-json\/wp\/v2\/posts\/73096\/revisions"}],"wp:featuredmedia":[{"embeddable":true,"href":"https:\/\/charleroi-pourlapalestine.be\/index.php\/wp-json\/wp\/v2\/media\/73100"}],"wp:attachment":[{"href":"https:\/\/charleroi-pourlapalestine.be\/index.php\/wp-json\/wp\/v2\/media?parent=73096"}],"wp:term":[{"taxonomy":"category","embeddable":true,"href":"https:\/\/charleroi-pourlapalestine.be\/index.php\/wp-json\/wp\/v2\/categories?post=73096"},{"taxonomy":"post_tag","embeddable":true,"href":"https:\/\/charleroi-pourlapalestine.be\/index.php\/wp-json\/wp\/v2\/tags?post=73096"}],"curies":[{"name":"wp","href":"https:\/\/api.w.org\/{rel}","templated":true}]}}