{"id":73267,"date":"2024-06-20T17:30:32","date_gmt":"2024-06-20T15:30:32","guid":{"rendered":"https:\/\/charleroi-pourlapalestine.be\/?p=73267"},"modified":"2024-06-20T17:30:34","modified_gmt":"2024-06-20T15:30:34","slug":"une-firme-israelienne-a-t-elle-contourne-linterdiction-de-presence-a-la-foire-aux-armements-eurosatory-de-paris","status":"publish","type":"post","link":"https:\/\/charleroi-pourlapalestine.be\/index.php\/2024\/06\/20\/une-firme-israelienne-a-t-elle-contourne-linterdiction-de-presence-a-la-foire-aux-armements-eurosatory-de-paris\/","title":{"rendered":"Une firme isra\u00e9lienne a-t-elle contourn\u00e9 l&rsquo;interdiction de pr\u00e9sence \u00e0 la foire aux armements Eurosatory de Paris ?"},"content":{"rendered":"<p>L&rsquo;interdiction de participation isra\u00e9lienne \u00e0 <strong>Eurosatory,<\/strong> la foire aux armements de Paris, constitue une rare cause de joie en ces temps sombres.<\/p>\n<p>&nbsp;<\/p>\n<div id=\"attachment_73268\" style=\"width: 810px\" class=\"wp-caption aligncenter\"><img loading=\"lazy\" decoding=\"async\" aria-describedby=\"caption-attachment-73268\" class=\"wp-image-73268 size-full\" src=\"https:\/\/charleroi-pourlapalestine.be\/wp-content\/uploads\/2024\/06\/Paris.jpg\" alt=\"Protestations \u00e0 l'ext\u00e9rieur d'Eurosatory, la foire aux armements de Paris. \" width=\"800\" height=\"533\" srcset=\"https:\/\/charleroi-pourlapalestine.be\/wp-content\/uploads\/2024\/06\/Paris.jpg 800w, https:\/\/charleroi-pourlapalestine.be\/wp-content\/uploads\/2024\/06\/Paris-300x200.jpg 300w, https:\/\/charleroi-pourlapalestine.be\/wp-content\/uploads\/2024\/06\/Paris-768x512.jpg 768w\" sizes=\"auto, (max-width: 800px) 100vw, 800px\" \/><p id=\"caption-attachment-73268\" class=\"wp-caption-text\"><strong>Protestations \u00e0 l&rsquo;ext\u00e9rieur d&rsquo;Eurosatory, la foire aux armements de Paris.<\/strong> (Photo : Olivier Donnars \/ Le Pictorium Agency via ZUMA Press)<\/p><\/div>\n<p><strong><br \/>\nDavid Cronin<\/strong>, 19 juin 2024<\/p>\n<blockquote><p>\u00ab Il n&rsquo;y a pas que des pays marginaux comme l&rsquo;Irlande, le Luxembourg, Malte et la Slov\u00e9nie, qui sugg\u00e8rent qu&rsquo;Isra\u00ebl commet des crimes de guerre, mais aussi [la France] la deuxi\u00e8me \u00e9conomie du continent europ\u00e9en \u00bb,<\/p><\/blockquote>\n<p>fulminait Globes, un journal d&rsquo;affaires de Tel-Aviv.<\/p>\n<p>Il serait toutefois malavis\u00e9 de sabler trop le champagne \u2013 ou toute autre boisson associ\u00e9e \u00e0 la f\u00eate.<\/p>\n<p>Pour commencer, un tribunal fran\u00e7ais a rejet\u00e9 l&rsquo;interdiction \u2013 encore que le verdict soit tomb\u00e9 apr\u00e8s le d\u00e9but de l&rsquo;exposition.<\/p>\n<p>Et, alors que l&rsquo;interdiction a signifi\u00e9 que le pavillon r\u00e9serv\u00e9 \u00e0 Isra\u00ebl accueillerait d\u00e9sormais des caf\u00e9s, une firme isra\u00e9lienne au moins a selon toute apparence \u00e9t\u00e9 \u00e0 m\u00eame d&rsquo;installer un stand \u00e0 Eurosatory. D&rsquo;apr\u00e8s le site internet officiel de l&rsquo;\u00e9v\u00e9nement, <strong>OIP<\/strong> \u2013 la firme en question \u2013 participe \u00e0 l&rsquo;exposition en tant que soci\u00e9t\u00e9 belge.<\/p>\n<p>En agissant de la sorte, la firme se montre caract\u00e9ristiquement trompeuse. Bien que situ\u00e9e en Flandre, <strong>OIP est une filiale d&rsquo;Elbit Systems, le principal fabricant d&rsquo;armes d&rsquo;Isra\u00ebl.<\/strong><\/p>\n<p>&nbsp;<\/p>\n<p><img loading=\"lazy\" decoding=\"async\" class=\"aligncenter wp-image-73271 size-full\" src=\"https:\/\/charleroi-pourlapalestine.be\/wp-content\/uploads\/2024\/06\/OIP-e1718895550107.png\" alt=\"\" width=\"760\" height=\"563\"><\/p>\n<p><strong>La firme OIP, qui appartient \u00e0 Isra\u00ebl, est reprise comme exposante \u00e0 Eurosatory.<\/strong><\/p>\n<p>\u00c9videmment, l&rsquo;interdiction ne s&rsquo;applique pas \u00e0 des firmes d&rsquo;armement d&rsquo;autres pays qui travaillent en collaboration \u00e9troite avec Isra\u00ebl.<\/p>\n<p>Une nouvelle version du v\u00e9hicule blind\u00e9 <strong>Ascod<\/strong> est expos\u00e9e \u00e0 Eurosatory par Santa B\u00e1rbara Sistemas, une soci\u00e9t\u00e9 espagnole appartenant \u00e0 <strong>General Dynamics<\/strong> (\u00c9tats-Unis). Certaines composantes du v\u00e9hicule ont \u00e9t\u00e9 fournies par les g\u00e9ants isra\u00e9liens de l&rsquo;armement, Elbit et Rafael.<\/p>\n<p>Entre-temps, <strong>PGZ Group,<\/strong> une firme polonaise, expose un <em>\u00ab v\u00e9hicule d&rsquo;infanterie de combat \u00bb<\/em><strong> Borsuk<\/strong> qui est \u00e9quip\u00e9 de lanceurs de missiles antichars<strong> Rafael.<\/strong><\/p>\n<p>&nbsp;<\/p>\n<h3>La vigilance est d&rsquo;une importance vitale<\/h3>\n<p>L&rsquo;interdiction concernant Eurosatory n&rsquo;efface pas le pr\u00e9c\u00e9dent soutien de la France \u00e0 Isra\u00ebl. Le mois dernier encore, St\u00e9phane S\u00e9journ\u00e9, le ministre fran\u00e7ais des Affaires \u00e9trang\u00e8res, a accueilli son homologue isra\u00e9lien<a href=\"https:\/\/x.com\/Israel_katz\/status\/1712876230762967222?ref_src=twsrc%5Etfw%7Ctwcamp%5Etweetembed%7Ctwterm%5E1712876230762967222%7Ctwgr%5Eb08ce93c741fa75a228b064142876c6b055ccc92%7Ctwcon%5Es1_&amp;ref_url=https%3A%2F%2Felectronicintifada.net%2Fblogs%2Fdavid-cronin%2Fdid-israeli-firm-sidestep-paris-weapons-fair-ban\" target=\"_blank\" rel=\"noopener\"><strong> Israel Katz<\/strong> <\/a>\u00e0 Paris.<\/p>\n<p>C&rsquo;est le m\u00eame Katz qui avait annonc\u00e9 en octobre que les gens de Gaza<\/p>\n<blockquote><p>\u00ab ne recevraient pas une seule goutte d&rsquo;eau ni une seule batterie avant d&rsquo;avoir disparu de la surface du monde \u00bb.<\/p><\/blockquote>\n<p>L&rsquo;homme faisait partie des trois dirigeants politiques isra\u00e9liens dont les commentaires seraient mis en exergue dans la d\u00e9cision pr\u00e9liminaire internationale de Justice (<strong>CIJ<\/strong>) qui allait suivre.<\/p>\n<p>La CIJ a estim\u00e9 que les griefs de l&rsquo;Afrique du Sud envers Isra\u00ebl, dans le cadre de la Convention sur le G\u00e9nocide, \u00e9taient plausibles. Ce verdict provisoire constitue presque certainement un facteur qui sous-tend l&rsquo;interdiction d&rsquo;Eurosatory et les actuelles r\u00e9ticences de certains pays \u00e0 fournir des armes \u00e0 Isra\u00ebl.<\/p>\n<p><strong>La quasi-totalit\u00e9 des armes import\u00e9es par Isra\u00ebl ces dix derni\u00e8res ann\u00e9es provenaient des EU et de l&rsquo;Allemagne.<\/strong><\/p>\n<p>Ces derni\u00e8res semaines, il a \u00e9t\u00e9 rapport\u00e9 que l&rsquo;Allemagne n&rsquo;envoie plus \u00e0 Isra\u00ebl ce qu&rsquo;elle appelle des <em>\u00ab armes de guerre \u00bb,<\/em> dont des chars et des bombes.<\/p>\n<p>Pourtant, le gouvernement de Berlin passe toujours pour un ami solide d&rsquo;Isra\u00ebl et de son industrie de l&rsquo;armement.<\/p>\n<p>D\u00e9but juin, <strong>Olaf Scholz,<\/strong> le chancelier, a d&rsquo;ailleurs mis un point d&rsquo;honneur \u00e0 visiter le pavillon isra\u00e9lien de l&rsquo;ILA Berlin Air Show.<\/p>\n<p><strong>M\u00eame si certaines exportations peuvent avoir \u00e9t\u00e9 suspendues, l&rsquo;Allemagne continue d&rsquo;\u00eatre une importante cliente de l&rsquo;industrie isra\u00e9lienne de l&rsquo;armement.<\/strong><\/p>\n<p>\u00c0 peine deux semaines avant qu&rsquo;il ne qualifie les Palestiniens de Gaza de <em>\u00ab b\u00eates humaines \u00bb<\/em>, en octobre, <strong>Yoav Gallant,<\/strong> le ministre isra\u00e9lien de la D\u00e9fense, signait <a href=\"https:\/\/x.com\/BMVg_Bundeswehr\/status\/1707407639812903345?ref_src=twsrc%5Etfw%7Ctwcamp%5Etweetembed%7Ctwterm%5E1707407639812903345%7Ctwgr%5Eb08ce93c741fa75a228b064142876c6b055ccc92%7Ctwcon%5Es1_&amp;ref_url=https%3A%2F%2Felectronicintifada.net%2Fblogs%2Fdavid-cronin%2Fdid-israeli-firm-sidestep-paris-weapons-fair-ban\" target=\"_blank\" rel=\"noopener\">un accord<\/a> pr\u00e9voyant de fournir \u00e0 l&rsquo;Allemagne le <em>\u00ab syst\u00e8me de d\u00e9fense par missile \u00bb<\/em> <strong>Arrow-3<\/strong>. Le contrat vaut environ 4,3 milliards de dollars.<\/p>\n<p>Ce genre de coop\u00e9ration a lieu au moment o\u00f9 l&rsquo;Union europ\u00e9enne consent des efforts en vue de concr\u00e9tiser un objectif \u00e0 long terme consistant \u00e0 donner \u00e0 son industrie de l&rsquo;armement ce qu&rsquo;elle qualifie de<em> \u00ab turbo boost \u00bb<\/em> (pouss\u00e9e turbo).<\/p>\n<p>Le projet a \u00e9t\u00e9 acc\u00e9l\u00e9r\u00e9 par l&rsquo;invasion de l&rsquo;<strong>Ukraine<\/strong> par la Russie en 2022.<strong> L&rsquo;accroissement de la militarisation<\/strong> a \u00e9t\u00e9 identifi\u00e9 comme<strong> priorit\u00e9 par Ursula von der Leyen<\/strong> qui, aujourd&rsquo;hui, cherche \u00e0 d\u00e9crocher un deuxi\u00e8me mandat de patronne de la Commission europ\u00e9enne.<\/p>\n<p>Isra\u00ebl a de fortes connexions avec les fabricants d&rsquo;armes europ\u00e9ens et il a tir\u00e9 profit de la pouss\u00e9e turbo dans laquelle sont engag\u00e9s les dirigeants europ\u00e9ens.<\/p>\n<p>L&rsquo;interdiction Eurosatory peut \u00eatre un signe que la situation a chang\u00e9. Il reste n\u00e9anmoins imp\u00e9ratif de se montrer tr\u00e8s vigilant \u00e0 l&rsquo;\u00e9gard des fabricants d&rsquo;armes isra\u00e9liens.<\/p>\n<p style=\"text-align: center;\">*****<\/p>\n<p><strong><a href=\"https:\/\/charleroi-pourlapalestine.be\/index.php\/tag\/david-cronin\/\">David Cronin<\/a><a href=\"https:\/\/charleroi-pourlapalestine.be\/index.php\/tag\/david-cronin\/\"><img loading=\"lazy\" decoding=\"async\" class=\"alignright wp-image-20420 size-full\" src=\"https:\/\/charleroi-pourlapalestine.be\/wp-content\/uploads\/2020\/12\/david-cronin.jpg\" alt=\"\" width=\"112\" height=\"112\"><\/a><\/strong>&nbsp;est l\u2019auteur de plusieurs ouvrages, dont&nbsp;<a href=\"https:\/\/assolaguillotine.wordpress.com\/catalogue\/europe-israel-de-david-cronin\/\" target=\"_blank\" rel=\"noopener noreferrer\"><em><strong><span id=\"productTitle\" class=\"a-size-large\">Europe Isra\u00ebl : Une alliance contre-nature <\/span><\/strong><\/em><\/a><span id=\"productTitle\" class=\"a-size-large\">(Ed. La Guillotine \u2013 2013) et&nbsp;<\/span>&nbsp;<strong><em>Europe\u2019s Alliance With Israel: Aiding the Occupation<\/em>&nbsp;<\/strong>(Pluto Press, 2011 \u2013&nbsp;<strong><em>L\u2019Alliance de l\u2019Europe avec Isra\u00ebl contribue \u00e0 l\u2019occupation<\/em>)<\/strong>. Il a particip\u00e9 \u00e0 la r\u00e9daction du rapport \u201c<strong><a href=\"http:\/\/powerbase.info\/images\/0\/06\/PII_IsraelLobbyEUreport2016_Cronin_Mursak_Miller.pdf\" target=\"_blank\" rel=\"noopener noreferrer\">The israeli lobby and the European Union<\/a><\/strong>\u201d.&nbsp;<br \/>\nSon dernier livre est :&nbsp;<strong><span id=\"productTitle\" class=\"a-size-large\"><em>Balfour\u2019s Shadow: A Century of British Support for Zionism and Israel<\/em>&nbsp;<\/span><\/strong><span id=\"productTitle\" class=\"a-size-large\">(Pluto Press \u2013 Londres 2017).<\/span><\/p>\n<p style=\"text-align: center;\">*****<\/p>\n<p>Publi\u00e9 le 19 juin 2024 sur <a href=\"https:\/\/electronicintifada.net\/blogs\/david-cronin\/did-israeli-firm-sidestep-paris-weapons-fair-ban\" target=\"_blank\" rel=\"noopener\"><strong>The Electronic Intifada<\/strong><\/a><br \/>\nTraduction : Jean-Marie Fl\u00e9mal, <a href=\"https:\/\/charleroi-pourlapalestine.be\/\"><strong>Charleroi pour la Palestine<\/strong><\/a><\/p>\n<p>Mardi 18 juin, tard dans la soir\u00e9e, l&rsquo;organisateur d\u2019Eurosatory, a obtenu la lev\u00e9e de l\u2019interdiction d\u2019acc\u00e8s au salon pour les repr\u00e9sentants des entreprises d\u2019armement isra\u00e9liennes. Trouvez ici le communiqu\u00e9 de <strong>Stop Arming Israel,<\/strong> qui relate les p\u00e9rip\u00e9ties judiciaires concernant l\u2019interdiction, puis l\u2019annulation au moins partielle de l\u2019interdiction de la pr\u00e9sence des marchands de mort isra\u00e9liens \u00e0 la grande foire des armements Eurosatory \u00e0 Villepinte (Seine-Saint-Denis). :<\/p>\n<p><a href=\"https:\/\/europalestine.com\/2024\/06\/19\/malgre-des-decisions-de-justice-une-belle-claque-pour-les-marchands-de-mort-israeliens\/\" target=\"_blank\" rel=\"noopener\"><strong>Malgr\u00e9 des d\u00e9cisions de justice, une belle claque pour les marchands de mort isra\u00e9liens<\/strong><\/a><\/p>\n","protected":false},"excerpt":{"rendered":"<p>Mardi 18 juin, tard dans la soir\u00e9e, l&rsquo;organisateur d\u2019Eurosatory, a obtenu la lev\u00e9e de l\u2019interdiction d\u2019acc\u00e8s au salon pour les repr\u00e9sentants des entreprises d\u2019armement isra\u00e9liennes.<\/p>\n","protected":false},"author":1,"featured_media":73268,"comment_status":"closed","ping_status":"closed","sticky":false,"template":"","format":"standard","meta":{"ngg_post_thumbnail":0,"footnotes":""},"categories":[329,460,64,52,136,126],"tags":[],"class_list":["post-73267","post","type-post","status-publish","format-standard","has-post-thumbnail","hentry","category-allemagne","category-armements","category-la-belgique","category-la-cour-penale-internationale","category-france","category-israel"],"yoast_head":"<!-- This site is optimized with the Yoast SEO plugin v27.3 - https:\/\/yoast.com\/product\/yoast-seo-wordpress\/ -->\n<title>Une firme isra\u00e9lienne a-t-elle contourn\u00e9 l&#039;interdiction de pr\u00e9sence \u00e0 la foire aux armements Eurosatory de Paris ?<\/title>\n<meta name=\"description\" content=\"Mardi 18 juin l&#039;organisateur d\u2019Eurosatory, a obtenu la lev\u00e9e de l\u2019interdiction d\u2019acc\u00e8s au salon pour les repr\u00e9sentants des entreprises d\u2019armement isra\u00e9liennes\" \/>\n<meta name=\"robots\" content=\"index, follow, max-snippet:-1, max-image-preview:large, max-video-preview:-1\" \/>\n<link rel=\"canonical\" href=\"https:\/\/charleroi-pourlapalestine.be\/index.php\/2024\/06\/20\/une-firme-israelienne-a-t-elle-contourne-linterdiction-de-presence-a-la-foire-aux-armements-eurosatory-de-paris\/\" \/>\n<script type=\"application\/ld+json\" class=\"yoast-schema-graph\">{\"@context\":\"https:\\\/\\\/schema.org\",\"@graph\":[{\"@type\":\"Article\",\"@id\":\"https:\\\/\\\/charleroi-pourlapalestine.be\\\/index.php\\\/2024\\\/06\\\/20\\\/une-firme-israelienne-a-t-elle-contourne-linterdiction-de-presence-a-la-foire-aux-armements-eurosatory-de-paris\\\/#article\",\"isPartOf\":{\"@id\":\"https:\\\/\\\/charleroi-pourlapalestine.be\\\/index.php\\\/2024\\\/06\\\/20\\\/une-firme-israelienne-a-t-elle-contourne-linterdiction-de-presence-a-la-foire-aux-armements-eurosatory-de-paris\\\/\"},\"author\":{\"name\":\"admin1873\",\"@id\":\"https:\\\/\\\/charleroi-pourlapalestine.be\\\/#\\\/schema\\\/person\\\/c19ff515112f1299d8c12671d8fe3faa\"},\"headline\":\"Une firme isra\u00e9lienne a-t-elle contourn\u00e9 l&rsquo;interdiction de pr\u00e9sence \u00e0 la foire aux armements Eurosatory de Paris ?\",\"datePublished\":\"2024-06-20T15:30:32+00:00\",\"dateModified\":\"2024-06-20T15:30:34+00:00\",\"mainEntityOfPage\":{\"@id\":\"https:\\\/\\\/charleroi-pourlapalestine.be\\\/index.php\\\/2024\\\/06\\\/20\\\/une-firme-israelienne-a-t-elle-contourne-linterdiction-de-presence-a-la-foire-aux-armements-eurosatory-de-paris\\\/\"},\"wordCount\":1062,\"publisher\":{\"@id\":\"https:\\\/\\\/charleroi-pourlapalestine.be\\\/#organization\"},\"image\":{\"@id\":\"https:\\\/\\\/charleroi-pourlapalestine.be\\\/index.php\\\/2024\\\/06\\\/20\\\/une-firme-israelienne-a-t-elle-contourne-linterdiction-de-presence-a-la-foire-aux-armements-eurosatory-de-paris\\\/#primaryimage\"},\"thumbnailUrl\":\"https:\\\/\\\/charleroi-pourlapalestine.be\\\/wp-content\\\/uploads\\\/2024\\\/06\\\/Paris.jpg\",\"articleSection\":[\"Allemagne\",\"armements\",\"Belgique\",\"Etats-Unis\",\"France\",\"Isra\u00ebl\"],\"inLanguage\":\"fr-FR\"},{\"@type\":\"WebPage\",\"@id\":\"https:\\\/\\\/charleroi-pourlapalestine.be\\\/index.php\\\/2024\\\/06\\\/20\\\/une-firme-israelienne-a-t-elle-contourne-linterdiction-de-presence-a-la-foire-aux-armements-eurosatory-de-paris\\\/\",\"url\":\"https:\\\/\\\/charleroi-pourlapalestine.be\\\/index.php\\\/2024\\\/06\\\/20\\\/une-firme-israelienne-a-t-elle-contourne-linterdiction-de-presence-a-la-foire-aux-armements-eurosatory-de-paris\\\/\",\"name\":\"Une firme isra\u00e9lienne a-t-elle contourn\u00e9 l'interdiction de pr\u00e9sence \u00e0 la foire aux armements Eurosatory de Paris ?\",\"isPartOf\":{\"@id\":\"https:\\\/\\\/charleroi-pourlapalestine.be\\\/#website\"},\"primaryImageOfPage\":{\"@id\":\"https:\\\/\\\/charleroi-pourlapalestine.be\\\/index.php\\\/2024\\\/06\\\/20\\\/une-firme-israelienne-a-t-elle-contourne-linterdiction-de-presence-a-la-foire-aux-armements-eurosatory-de-paris\\\/#primaryimage\"},\"image\":{\"@id\":\"https:\\\/\\\/charleroi-pourlapalestine.be\\\/index.php\\\/2024\\\/06\\\/20\\\/une-firme-israelienne-a-t-elle-contourne-linterdiction-de-presence-a-la-foire-aux-armements-eurosatory-de-paris\\\/#primaryimage\"},\"thumbnailUrl\":\"https:\\\/\\\/charleroi-pourlapalestine.be\\\/wp-content\\\/uploads\\\/2024\\\/06\\\/Paris.jpg\",\"datePublished\":\"2024-06-20T15:30:32+00:00\",\"dateModified\":\"2024-06-20T15:30:34+00:00\",\"description\":\"Mardi 18 juin l'organisateur d\u2019Eurosatory, a obtenu la lev\u00e9e de l\u2019interdiction d\u2019acc\u00e8s au salon pour les repr\u00e9sentants des entreprises d\u2019armement isra\u00e9liennes\",\"breadcrumb\":{\"@id\":\"https:\\\/\\\/charleroi-pourlapalestine.be\\\/index.php\\\/2024\\\/06\\\/20\\\/une-firme-israelienne-a-t-elle-contourne-linterdiction-de-presence-a-la-foire-aux-armements-eurosatory-de-paris\\\/#breadcrumb\"},\"inLanguage\":\"fr-FR\",\"potentialAction\":[{\"@type\":\"ReadAction\",\"target\":[\"https:\\\/\\\/charleroi-pourlapalestine.be\\\/index.php\\\/2024\\\/06\\\/20\\\/une-firme-israelienne-a-t-elle-contourne-linterdiction-de-presence-a-la-foire-aux-armements-eurosatory-de-paris\\\/\"]}]},{\"@type\":\"ImageObject\",\"inLanguage\":\"fr-FR\",\"@id\":\"https:\\\/\\\/charleroi-pourlapalestine.be\\\/index.php\\\/2024\\\/06\\\/20\\\/une-firme-israelienne-a-t-elle-contourne-linterdiction-de-presence-a-la-foire-aux-armements-eurosatory-de-paris\\\/#primaryimage\",\"url\":\"https:\\\/\\\/charleroi-pourlapalestine.be\\\/wp-content\\\/uploads\\\/2024\\\/06\\\/Paris.jpg\",\"contentUrl\":\"https:\\\/\\\/charleroi-pourlapalestine.be\\\/wp-content\\\/uploads\\\/2024\\\/06\\\/Paris.jpg\",\"width\":800,\"height\":533},{\"@type\":\"BreadcrumbList\",\"@id\":\"https:\\\/\\\/charleroi-pourlapalestine.be\\\/index.php\\\/2024\\\/06\\\/20\\\/une-firme-israelienne-a-t-elle-contourne-linterdiction-de-presence-a-la-foire-aux-armements-eurosatory-de-paris\\\/#breadcrumb\",\"itemListElement\":[{\"@type\":\"ListItem\",\"position\":1,\"name\":\"Accueil\",\"item\":\"https:\\\/\\\/charleroi-pourlapalestine.be\\\/\"},{\"@type\":\"ListItem\",\"position\":2,\"name\":\"Une firme isra\u00e9lienne a-t-elle contourn\u00e9 l&#8217;interdiction de pr\u00e9sence \u00e0 la foire aux armements Eurosatory de Paris ?\"}]},{\"@type\":\"WebSite\",\"@id\":\"https:\\\/\\\/charleroi-pourlapalestine.be\\\/#website\",\"url\":\"https:\\\/\\\/charleroi-pourlapalestine.be\\\/\",\"name\":\"Charleroi Pour la Palestine\",\"description\":\"\",\"publisher\":{\"@id\":\"https:\\\/\\\/charleroi-pourlapalestine.be\\\/#organization\"},\"potentialAction\":[{\"@type\":\"SearchAction\",\"target\":{\"@type\":\"EntryPoint\",\"urlTemplate\":\"https:\\\/\\\/charleroi-pourlapalestine.be\\\/?s={search_term_string}\"},\"query-input\":{\"@type\":\"PropertyValueSpecification\",\"valueRequired\":true,\"valueName\":\"search_term_string\"}}],\"inLanguage\":\"fr-FR\"},{\"@type\":\"Organization\",\"@id\":\"https:\\\/\\\/charleroi-pourlapalestine.be\\\/#organization\",\"name\":\"Plate-forme Charleroi-Palestine\",\"url\":\"https:\\\/\\\/charleroi-pourlapalestine.be\\\/\",\"logo\":{\"@type\":\"ImageObject\",\"inLanguage\":\"fr-FR\",\"@id\":\"https:\\\/\\\/charleroi-pourlapalestine.be\\\/#\\\/schema\\\/logo\\\/image\\\/\",\"url\":\"https:\\\/\\\/charleroi-pourlapalestine.be\\\/wp-content\\\/uploads\\\/2020\\\/01\\\/logo-Copy.jpg\",\"contentUrl\":\"https:\\\/\\\/charleroi-pourlapalestine.be\\\/wp-content\\\/uploads\\\/2020\\\/01\\\/logo-Copy.jpg\",\"width\":180,\"height\":180,\"caption\":\"Plate-forme Charleroi-Palestine\"},\"image\":{\"@id\":\"https:\\\/\\\/charleroi-pourlapalestine.be\\\/#\\\/schema\\\/logo\\\/image\\\/\"},\"sameAs\":[\"https:\\\/\\\/www.facebook.com\\\/PlateformeCharleroiPalestine\\\/\",\"https:\\\/\\\/x.com\\\/LaCharleroi\"]},{\"@type\":\"Person\",\"@id\":\"https:\\\/\\\/charleroi-pourlapalestine.be\\\/#\\\/schema\\\/person\\\/c19ff515112f1299d8c12671d8fe3faa\",\"name\":\"admin1873\",\"url\":\"https:\\\/\\\/charleroi-pourlapalestine.be\\\/index.php\\\/author\\\/admin1873\\\/\"}]}<\/script>\n<!-- \/ Yoast SEO plugin. -->","yoast_head_json":{"title":"Une firme isra\u00e9lienne a-t-elle contourn\u00e9 l'interdiction de pr\u00e9sence \u00e0 la foire aux armements Eurosatory de Paris ?","description":"Mardi 18 juin l'organisateur d\u2019Eurosatory, a obtenu la lev\u00e9e de l\u2019interdiction d\u2019acc\u00e8s au salon pour les repr\u00e9sentants des entreprises d\u2019armement isra\u00e9liennes","robots":{"index":"index","follow":"follow","max-snippet":"max-snippet:-1","max-image-preview":"max-image-preview:large","max-video-preview":"max-video-preview:-1"},"canonical":"https:\/\/charleroi-pourlapalestine.be\/index.php\/2024\/06\/20\/une-firme-israelienne-a-t-elle-contourne-linterdiction-de-presence-a-la-foire-aux-armements-eurosatory-de-paris\/","schema":{"@context":"https:\/\/schema.org","@graph":[{"@type":"Article","@id":"https:\/\/charleroi-pourlapalestine.be\/index.php\/2024\/06\/20\/une-firme-israelienne-a-t-elle-contourne-linterdiction-de-presence-a-la-foire-aux-armements-eurosatory-de-paris\/#article","isPartOf":{"@id":"https:\/\/charleroi-pourlapalestine.be\/index.php\/2024\/06\/20\/une-firme-israelienne-a-t-elle-contourne-linterdiction-de-presence-a-la-foire-aux-armements-eurosatory-de-paris\/"},"author":{"name":"admin1873","@id":"https:\/\/charleroi-pourlapalestine.be\/#\/schema\/person\/c19ff515112f1299d8c12671d8fe3faa"},"headline":"Une firme isra\u00e9lienne a-t-elle contourn\u00e9 l&rsquo;interdiction de pr\u00e9sence \u00e0 la foire aux armements Eurosatory de Paris ?","datePublished":"2024-06-20T15:30:32+00:00","dateModified":"2024-06-20T15:30:34+00:00","mainEntityOfPage":{"@id":"https:\/\/charleroi-pourlapalestine.be\/index.php\/2024\/06\/20\/une-firme-israelienne-a-t-elle-contourne-linterdiction-de-presence-a-la-foire-aux-armements-eurosatory-de-paris\/"},"wordCount":1062,"publisher":{"@id":"https:\/\/charleroi-pourlapalestine.be\/#organization"},"image":{"@id":"https:\/\/charleroi-pourlapalestine.be\/index.php\/2024\/06\/20\/une-firme-israelienne-a-t-elle-contourne-linterdiction-de-presence-a-la-foire-aux-armements-eurosatory-de-paris\/#primaryimage"},"thumbnailUrl":"https:\/\/charleroi-pourlapalestine.be\/wp-content\/uploads\/2024\/06\/Paris.jpg","articleSection":["Allemagne","armements","Belgique","Etats-Unis","France","Isra\u00ebl"],"inLanguage":"fr-FR"},{"@type":"WebPage","@id":"https:\/\/charleroi-pourlapalestine.be\/index.php\/2024\/06\/20\/une-firme-israelienne-a-t-elle-contourne-linterdiction-de-presence-a-la-foire-aux-armements-eurosatory-de-paris\/","url":"https:\/\/charleroi-pourlapalestine.be\/index.php\/2024\/06\/20\/une-firme-israelienne-a-t-elle-contourne-linterdiction-de-presence-a-la-foire-aux-armements-eurosatory-de-paris\/","name":"Une firme isra\u00e9lienne a-t-elle contourn\u00e9 l'interdiction de pr\u00e9sence \u00e0 la foire aux armements Eurosatory de Paris ?","isPartOf":{"@id":"https:\/\/charleroi-pourlapalestine.be\/#website"},"primaryImageOfPage":{"@id":"https:\/\/charleroi-pourlapalestine.be\/index.php\/2024\/06\/20\/une-firme-israelienne-a-t-elle-contourne-linterdiction-de-presence-a-la-foire-aux-armements-eurosatory-de-paris\/#primaryimage"},"image":{"@id":"https:\/\/charleroi-pourlapalestine.be\/index.php\/2024\/06\/20\/une-firme-israelienne-a-t-elle-contourne-linterdiction-de-presence-a-la-foire-aux-armements-eurosatory-de-paris\/#primaryimage"},"thumbnailUrl":"https:\/\/charleroi-pourlapalestine.be\/wp-content\/uploads\/2024\/06\/Paris.jpg","datePublished":"2024-06-20T15:30:32+00:00","dateModified":"2024-06-20T15:30:34+00:00","description":"Mardi 18 juin l'organisateur d\u2019Eurosatory, a obtenu la lev\u00e9e de l\u2019interdiction d\u2019acc\u00e8s au salon pour les repr\u00e9sentants des entreprises d\u2019armement isra\u00e9liennes","breadcrumb":{"@id":"https:\/\/charleroi-pourlapalestine.be\/index.php\/2024\/06\/20\/une-firme-israelienne-a-t-elle-contourne-linterdiction-de-presence-a-la-foire-aux-armements-eurosatory-de-paris\/#breadcrumb"},"inLanguage":"fr-FR","potentialAction":[{"@type":"ReadAction","target":["https:\/\/charleroi-pourlapalestine.be\/index.php\/2024\/06\/20\/une-firme-israelienne-a-t-elle-contourne-linterdiction-de-presence-a-la-foire-aux-armements-eurosatory-de-paris\/"]}]},{"@type":"ImageObject","inLanguage":"fr-FR","@id":"https:\/\/charleroi-pourlapalestine.be\/index.php\/2024\/06\/20\/une-firme-israelienne-a-t-elle-contourne-linterdiction-de-presence-a-la-foire-aux-armements-eurosatory-de-paris\/#primaryimage","url":"https:\/\/charleroi-pourlapalestine.be\/wp-content\/uploads\/2024\/06\/Paris.jpg","contentUrl":"https:\/\/charleroi-pourlapalestine.be\/wp-content\/uploads\/2024\/06\/Paris.jpg","width":800,"height":533},{"@type":"BreadcrumbList","@id":"https:\/\/charleroi-pourlapalestine.be\/index.php\/2024\/06\/20\/une-firme-israelienne-a-t-elle-contourne-linterdiction-de-presence-a-la-foire-aux-armements-eurosatory-de-paris\/#breadcrumb","itemListElement":[{"@type":"ListItem","position":1,"name":"Accueil","item":"https:\/\/charleroi-pourlapalestine.be\/"},{"@type":"ListItem","position":2,"name":"Une firme isra\u00e9lienne a-t-elle contourn\u00e9 l&#8217;interdiction de pr\u00e9sence \u00e0 la foire aux armements Eurosatory de Paris ?"}]},{"@type":"WebSite","@id":"https:\/\/charleroi-pourlapalestine.be\/#website","url":"https:\/\/charleroi-pourlapalestine.be\/","name":"Charleroi Pour la Palestine","description":"","publisher":{"@id":"https:\/\/charleroi-pourlapalestine.be\/#organization"},"potentialAction":[{"@type":"SearchAction","target":{"@type":"EntryPoint","urlTemplate":"https:\/\/charleroi-pourlapalestine.be\/?s={search_term_string}"},"query-input":{"@type":"PropertyValueSpecification","valueRequired":true,"valueName":"search_term_string"}}],"inLanguage":"fr-FR"},{"@type":"Organization","@id":"https:\/\/charleroi-pourlapalestine.be\/#organization","name":"Plate-forme Charleroi-Palestine","url":"https:\/\/charleroi-pourlapalestine.be\/","logo":{"@type":"ImageObject","inLanguage":"fr-FR","@id":"https:\/\/charleroi-pourlapalestine.be\/#\/schema\/logo\/image\/","url":"https:\/\/charleroi-pourlapalestine.be\/wp-content\/uploads\/2020\/01\/logo-Copy.jpg","contentUrl":"https:\/\/charleroi-pourlapalestine.be\/wp-content\/uploads\/2020\/01\/logo-Copy.jpg","width":180,"height":180,"caption":"Plate-forme Charleroi-Palestine"},"image":{"@id":"https:\/\/charleroi-pourlapalestine.be\/#\/schema\/logo\/image\/"},"sameAs":["https:\/\/www.facebook.com\/PlateformeCharleroiPalestine\/","https:\/\/x.com\/LaCharleroi"]},{"@type":"Person","@id":"https:\/\/charleroi-pourlapalestine.be\/#\/schema\/person\/c19ff515112f1299d8c12671d8fe3faa","name":"admin1873","url":"https:\/\/charleroi-pourlapalestine.be\/index.php\/author\/admin1873\/"}]}},"_links":{"self":[{"href":"https:\/\/charleroi-pourlapalestine.be\/index.php\/wp-json\/wp\/v2\/posts\/73267","targetHints":{"allow":["GET"]}}],"collection":[{"href":"https:\/\/charleroi-pourlapalestine.be\/index.php\/wp-json\/wp\/v2\/posts"}],"about":[{"href":"https:\/\/charleroi-pourlapalestine.be\/index.php\/wp-json\/wp\/v2\/types\/post"}],"author":[{"embeddable":true,"href":"https:\/\/charleroi-pourlapalestine.be\/index.php\/wp-json\/wp\/v2\/users\/1"}],"replies":[{"embeddable":true,"href":"https:\/\/charleroi-pourlapalestine.be\/index.php\/wp-json\/wp\/v2\/comments?post=73267"}],"version-history":[{"count":0,"href":"https:\/\/charleroi-pourlapalestine.be\/index.php\/wp-json\/wp\/v2\/posts\/73267\/revisions"}],"wp:featuredmedia":[{"embeddable":true,"href":"https:\/\/charleroi-pourlapalestine.be\/index.php\/wp-json\/wp\/v2\/media\/73268"}],"wp:attachment":[{"href":"https:\/\/charleroi-pourlapalestine.be\/index.php\/wp-json\/wp\/v2\/media?parent=73267"}],"wp:term":[{"taxonomy":"category","embeddable":true,"href":"https:\/\/charleroi-pourlapalestine.be\/index.php\/wp-json\/wp\/v2\/categories?post=73267"},{"taxonomy":"post_tag","embeddable":true,"href":"https:\/\/charleroi-pourlapalestine.be\/index.php\/wp-json\/wp\/v2\/tags?post=73267"}],"curies":[{"name":"wp","href":"https:\/\/api.w.org\/{rel}","templated":true}]}}