{"id":73466,"date":"2024-06-25T14:28:13","date_gmt":"2024-06-25T12:28:13","guid":{"rendered":"https:\/\/charleroi-pourlapalestine.be\/?p=73466"},"modified":"2024-06-25T15:00:41","modified_gmt":"2024-06-25T13:00:41","slug":"lulb-fait-expulser-les-occupant-e-s-du-batiment-walid-daqqah-repression-et-violence-au-service-de-la-complicite-avec-le-genocide-en-palestine","status":"publish","type":"post","link":"https:\/\/charleroi-pourlapalestine.be\/index.php\/2024\/06\/25\/lulb-fait-expulser-les-occupant-e-s-du-batiment-walid-daqqah-repression-et-violence-au-service-de-la-complicite-avec-le-genocide-en-palestine\/","title":{"rendered":"L\u2019ULB fait expulser les occupant.e.s du b\u00e2timent Walid Daqqah\u00a0: R\u00e9pression et violence au service de la complicit\u00e9 avec le g\u00e9nocide en Palestine\u00a0!"},"content":{"rendered":"<p>Ce mardi 25 juin, \u00e0 6 h, les forces de police ont <a href=\"https:\/\/www.instagram.com\/p\/C8ohz1httxh\/\" target=\"_blank\" rel=\"noopener\">violemment expuls\u00e9<\/a> les occupant.e.s du b\u00e2timent <strong>Walid Daqqah<\/strong> \u00e0 l\u2019<strong>ULB,<\/strong> sans notification et sans m\u00e9nagement. Plusieurs \u00e9tudiant.e.s ont \u00e9t\u00e9 bless\u00e9.e.s, leurs identit\u00e9s ont \u00e9t\u00e9 relev\u00e9es et du mat\u00e9riel leur appartenant a \u00e9t\u00e9 d\u00e9truit ou a disparu (t\u00e9l\u00e9phones, ordinateurs).<\/p>\n<p>&nbsp;<\/p>\n<div id=\"attachment_73474\" style=\"width: 510px\" class=\"wp-caption aligncenter\"><img loading=\"lazy\" decoding=\"async\" aria-describedby=\"caption-attachment-73474\" class=\"wp-image-73474 size-full\" src=\"https:\/\/charleroi-pourlapalestine.be\/wp-content\/uploads\/2024\/06\/ulb3-e1719314393705.jpg\" alt=\"L\u2019ULB fait expulser les occupant\u00b7es du b\u00e2timent Walid Daqqah&nbsp;: R\u00e9pression et violence au service de la complicit\u00e9 avec le g\u00e9nocide en Palestine&nbsp;! Photo : le b\u00e2timent Walid Daqqah\" width=\"500\" height=\"889\"><p id=\"caption-attachment-73474\" class=\"wp-caption-text\">Photo : Samidoun Bruxelles<\/p><\/div>\n<p>&nbsp;<\/p>\n<p>Cet \u00e9v\u00e9nement s\u2019inscrit dans la lign\u00e9e d\u2019une s\u00e9rie de r\u00e9actions honteuses de la part des autorit\u00e9s universitaires face \u00e0 l\u2019\u00e9tablissement de l\u2019<strong>Universit\u00e9 populaire de Bruxelles<\/strong>, le 7 mai dernier.<\/p>\n<div id=\"attachment_73475\" style=\"width: 505px\" class=\"wp-caption aligncenter\"><img loading=\"lazy\" decoding=\"async\" aria-describedby=\"caption-attachment-73475\" class=\"wp-image-73475 size-full\" src=\"https:\/\/charleroi-pourlapalestine.be\/wp-content\/uploads\/2024\/06\/ULB4.jpg\" alt=\"Photo : Samidoun Bruxelles\" width=\"495\" height=\"880\" srcset=\"https:\/\/charleroi-pourlapalestine.be\/wp-content\/uploads\/2024\/06\/ULB4.jpg 495w, https:\/\/charleroi-pourlapalestine.be\/wp-content\/uploads\/2024\/06\/ULB4-169x300.jpg 169w\" sizes=\"auto, (max-width: 495px) 100vw, 495px\" \/><p id=\"caption-attachment-73475\" class=\"wp-caption-text\">Photo : Samidoun Bruxelles<\/p><\/div>\n<p>&nbsp;<\/p>\n<p>Ce jour-l\u00e0, plusieurs dizaines de personnes, \u00e9tudiant.e.s, membres du personnel, activistes, occupent le b\u00e2timent B de l\u2019Universit\u00e9 libre de Bruxelles. Cette occupation fait suite \u00e0 plusieurs mois de mobilisation de la part des mouvements \u00e9tudiants en faveur du<strong> boycott acad\u00e9mique<\/strong> par l\u2019ULB des institutions universitaires isra\u00e9liennes, institutions coloniales. Elle s\u2019inscrit aussi dans un <strong>mouvement global d\u2019occupations et de campements \u00e0 travers les universit\u00e9s du monde<\/strong>, en soutien \u00e0 la Palestine et pour la rupture des liens avec Isra\u00ebl.<\/p>\n<p>D\u00e8s la premi\u00e8re assembl\u00e9e g\u00e9n\u00e9rale, les occupant\u00b7es d\u00e9cident de rebaptiser le b\u00e2timent occup\u00e9 <strong>\u00ab&nbsp;<\/strong><a href=\"https:\/\/charleroi-pourlapalestine.be\/index.php\/tag\/walid-daqqa\/\"><strong>Walid Daqqah<\/strong><\/a><strong>&nbsp;\u00bb<\/strong>, en hommage au r\u00e9sistant palestinien d\u00e9c\u00e9d\u00e9 le 7 avril dernier dans les ge\u00f4les coloniales, apr\u00e8s 38 ann\u00e9es de d\u00e9tention. Tr\u00e8s vite, l\u2019Universit\u00e9 populaire Walid Daqqah s\u2019organise.<\/p>\n<p>Premi\u00e8rement, en \u00e9mettant des revendications claires aupr\u00e8s de l\u2019ULB, revendications argument\u00e9es et document\u00e9es par des \u00e9tudiant.e.s&nbsp; s\u00e9rieux(-ses) et infatigables :<\/p>\n<blockquote><p>1. La rupture des liens avec les institutions universitaires isra\u00e9liennes et les entreprises li\u00e9es \u00e0 la colonisation et l\u2019occupation en Palestine.<br \/>\n2. La transparence sur les liens existants.<br \/>\n3. L\u2019annulation de l\u2019invitation d\u2019Elie Barnavi, ex-ambassadeur d\u2019Isra\u00ebl (invit\u00e9 par la rectrice, celui-ci b\u00e9n\u00e9ficiera d\u2019une large tribune \u00e0 l\u2019ULB le 3 juin dernier, malgr\u00e9 les protestations argument\u00e9es de toute une partie de la communaut\u00e9 universitaire).<\/p><\/blockquote>\n<p>Ensuite, en cr\u00e9ant une vraie universit\u00e9 populaire, ouverte \u00e0 toutes et tous, autour de conf\u00e9rences, d\u2019une biblioth\u00e8que, d\u2019ateliers divers\u2026 mais aussi de manifestations, dans et hors campus. Des discussions ont ainsi \u00e9t\u00e9 organis\u00e9es, parfois \u00e0 distance, avec des activistes du monde entier, des \u00e9tudiant\u00b7es d\u2019autres pays. Diverses luttes ont \u00e9t\u00e9 abord\u00e9es, mettant en \u00e9vidence la convergence de nos luttes et le besoin de solidarit\u00e9.<\/p>\n<p>Enfin, plusieurs dizaines de personnes vivent dans le b\u00e2timent, organisant le m\u00e9nage, la cuisine, la s\u00e9curit\u00e9 du b\u00e2timent, et plus g\u00e9n\u00e9ralement, cr\u00e9ant un environnement inclusif o\u00f9 chacun.e peut trouver sa place.<\/p>\n<p>Pendant ces quelques semaines, le mouvement a <strong>syst\u00e9matiquement \u00e9t\u00e9 d\u00e9cr\u00e9dibilis\u00e9, diffam\u00e9 et criminalis\u00e9,<\/strong> tant par les autorit\u00e9s universitaires (dans une s\u00e9rie de courriers \u00e0 la communaut\u00e9 universitaire ou certaines d\u00e9clarations \u00e0 la presse) que par le mouvement sioniste et l\u2019extr\u00eame-droite.<\/p>\n<p>Jamais les autorit\u00e9s de l\u2019ULB ne se sont engag\u00e9es dans un dialogue s\u00e9rieux et respectueux avec les occupant.e.s ; au contraire, le 27 mai dernier, le Conseil acad\u00e9mique de l\u2019ULB prenait la d\u00e9cision d\u2019appliquer un semblant de neutralit\u00e9 honteux, en d\u00e9cidant de suspendre les accords et projets de recherche impliquant des universit\u00e9s isra\u00e9liennes\u2026 <strong>mais aussi ceux impliquant des universit\u00e9s palestiniennes&nbsp;!<\/strong><\/p>\n<p>&nbsp;<\/p>\n<div id=\"attachment_73476\" style=\"width: 1077px\" class=\"wp-caption aligncenter\"><img loading=\"lazy\" decoding=\"async\" aria-describedby=\"caption-attachment-73476\" class=\"wp-image-73476 size-full\" src=\"https:\/\/charleroi-pourlapalestine.be\/wp-content\/uploads\/2024\/06\/ulb5-e1719314695815.jpg\" alt=\"Photo : Samidoun Bruxelles\" width=\"1067\" height=\"600\"><p id=\"caption-attachment-73476\" class=\"wp-caption-text\">Photo : Samidoun Bruxelles<\/p><\/div>\n<p>&nbsp;<\/p>\n<p>Il y a quelques jours, la rectrice de l\u2019ULB annon\u00e7ait par voie de presse qu\u2019elle exigeait la fin de l\u2019occupation. Un mail a \u00e9galement \u00e9t\u00e9 envoy\u00e9 aux occupant\u00b7es, exprimant le souhait de l\u2019ULB de voir l\u2019occupation prendre fin. Toutefois, aucune notification officielle n\u2019a \u00e9t\u00e9 envoy\u00e9e, aucune date butoir n\u2019a \u00e9t\u00e9 donn\u00e9e.<\/p>\n<p>Ce dimanche 23 mai, l\u2019universit\u00e9 populaire Walid Daqqah a organis\u00e9 un grand \u00e9v\u00e9nement, l&rsquo; <strong>Intifada festival,<\/strong> qui a r\u00e9uni \u00e9tudiant\u00b7es, activistes, familles avec enfants\u2026 autour de la Palestine&nbsp;: stands, chants palestiniens, d\u00e9monstration de dabke, rap engag\u00e9 ont ponctu\u00e9 une apr\u00e8s-midi et une soir\u00e9e sous le signe de la solidarit\u00e9. Une immense banni\u00e8re appelant \u00e0 la lib\u00e9ration de <a href=\"https:\/\/charleroi-pourlapalestine.be\/index.php\/tag\/georges-abdallah\/\"><strong>Georges Abdallah<\/strong><\/a> a \u00e9t\u00e9 r\u00e9alis\u00e9e et affich\u00e9e sur la fa\u00e7ade du b\u00e2timent.<\/p>\n<p>&nbsp;<\/p>\n<div id=\"attachment_73478\" style=\"width: 1077px\" class=\"wp-caption aligncenter\"><img loading=\"lazy\" decoding=\"async\" aria-describedby=\"caption-attachment-73478\" class=\"wp-image-73478 size-full\" src=\"https:\/\/charleroi-pourlapalestine.be\/wp-content\/uploads\/2024\/06\/ulb6-e1719314868639.jpg\" alt=\"La debke lors du Festival Intifada \u00e0 l'ULB\" width=\"1067\" height=\"600\"><p id=\"caption-attachment-73478\" class=\"wp-caption-text\">Photo : Samidoun Bruxelles<\/p><\/div>\n<p>&nbsp;<\/p>\n<p>Ce magnifique moment de lutte, de solidarit\u00e9, de soutien \u00e0 la r\u00e9sistance contraste avec la froide violence de ce 25 juin, d\u2019une police masqu\u00e9e qui r\u00e9veille les occupant\u00b7es \u00e0 coups de pied dans les portes et de fen\u00eatres cass\u00e9es, avant des les pousser dans les escaliers.<br \/>\n<strong><br \/>\nCette r\u00e9pression ne suffira toutefois pas \u00e0 \u00e9teindre le mouvement, \u00e0 l\u2019ULB comme ailleurs.<\/strong> La mobilisation continue, contre la colonisation, contre l\u2019occupation, contre la complicit\u00e9 de nos gouvernements et institutions.<\/p>\n<p>&nbsp;<\/p>\n<div id=\"attachment_73480\" style=\"width: 610px\" class=\"wp-caption aligncenter\"><img loading=\"lazy\" decoding=\"async\" aria-describedby=\"caption-attachment-73480\" class=\"wp-image-73480 size-full\" src=\"https:\/\/charleroi-pourlapalestine.be\/wp-content\/uploads\/2024\/06\/ulb7-e1719315130594.jpg\" alt=\"Ce mardi 25 juin, \u00e0 6 h, les forces de police ont violemment expuls\u00e9 les occupant.e.s du b\u00e2timent Walid Daqqah \u00e0 l\u2019ULB\" width=\"600\" height=\"800\"><p id=\"caption-attachment-73480\" class=\"wp-caption-text\">Photo : Samidoun Bruxelles<\/p><\/div>\n<p>&nbsp;<\/p>\n<p style=\"text-align: center;\">*****<\/p>\n<p>Une&nbsp; d\u00e9l\u00e9gation de la <a href=\"https:\/\/charleroi-pourlapalestine.be\/index.php\/category\/plate-forme-charleroi-palestine\/\">Plateforme Charleroi-Palestine<\/a> avait rencontr\u00e9 des \u00e9tudiants de l&rsquo;Universit\u00e9 populaire le 11 juin et un beau groupe de la Plateforme \u00e9tait pr\u00e9sent au <strong>Festival Intifada<\/strong>.<\/p>\n<p>&nbsp;<\/p>\n<p>Une participante \u00e0 la d\u00e9l\u00e9gation nous a fait parvenir ce message.<\/p>\n<blockquote>\n<p style=\"text-align: left;\"><strong>Quand l\u2019universit\u00e9 populaire s\u2019invite au sein de l\u2019universit\u00e9 institutionnelle (ULB).<\/strong><br \/>\n<strong>Une visite et une rencontre pleines d\u2019espoir.<\/strong><br \/>\n.<br \/>\nFatigu\u00e9.e.s de ne pas \u00eatre entendu.e.s par le rectorat, les \u00e9tudiant.e.s ont intensifi\u00e9 leur actions en s\u2019inscrivant dans le mouvement mondial de protestation contre le g\u00e9nocide des palestinien.ne.s.<br \/>\nPosant un geste fort avec une ligne politique claire : le cessez-le-feu imm\u00e9diat, la lib\u00e9ration totale de la Palestine et le soutien \u00e0 la r\u00e9sistance dans toutes ses formes, ils(-elles) ont impos\u00e9 l\u2019occupation de l\u2019immeuble Walid Daqqa.<br \/>\nDans celui-ci s\u2019organise l\u2019universit\u00e9 populaire regroupant les jeunes et les moins jeunes pour obtenir, dans un premier temps, la transparence de la gestion administrative de l\u2019ULB ( les partenariats, les accords et les diff\u00e9rents contrats ) pour ne plus \u00eatre associ\u00e9.e.s avec les diff\u00e9rent.e.s acteurs(-trices) soutenant Isra\u00ebl et sa politique coloniale.<br \/>\nS\u2019ajoute \u00e0 cela la volont\u00e9 de cr\u00e9er des liens avec d\u2019autres groupes militants de tous horizons pour fusionner les luttes contre le patriarcat et l\u2019imp\u00e9rialisme et ainsi, avoir plus d\u2019impact dans le rapport de force face aux Etats.<br \/>\nIl ne reste plus qu\u2019\u00e0 conclure avec une seule phrase :<br \/>\n<strong><br \/>\n\u201cEnsemble luttons pour cr\u00e9er un monde meilleur !\u201d<\/strong><\/p>\n<\/blockquote>\n<p>&nbsp;<\/p>\n<p>&nbsp;<\/p>\n","protected":false},"excerpt":{"rendered":"<p>A l&rsquo;ULB, comme ailleurs, la mobilisation continue, contre la colonisation, contre l\u2019occupation, contre la complicit\u00e9 de nos gouvernements et institutions.<\/p>\n","protected":false},"author":1,"featured_media":73476,"comment_status":"closed","ping_status":"closed","sticky":false,"template":"","format":"standard","meta":{"ngg_post_thumbnail":0,"footnotes":""},"categories":[64,68,392,358,25,330],"tags":[950],"class_list":["post-73466","post","type-post","status-publish","format-standard","has-post-thumbnail","hentry","category-la-belgique","category-le-boycott-academique","category-intifada","category-repression","category-la-resistance-palestinienne","category-universites","tag-la-plateforme"],"yoast_head":"<!-- This site is optimized with the Yoast SEO plugin v27.3 - https:\/\/yoast.com\/product\/yoast-seo-wordpress\/ -->\n<title>L\u2019ULB fait expulser les occupant.e.s du b\u00e2timent Walid Daqqah\u00a0: R\u00e9pression et violence au service de la complicit\u00e9 avec le g\u00e9nocide en Palestine\u00a0!<\/title>\n<meta name=\"description\" content=\"A l\u2019ULB comme ailleurs, la mobilisation continue, contre la colonisation et la complicit\u00e9 de nos gouvernements et institutions.\" \/>\n<meta name=\"robots\" content=\"index, follow, max-snippet:-1, max-image-preview:large, max-video-preview:-1\" \/>\n<link rel=\"canonical\" href=\"https:\/\/charleroi-pourlapalestine.be\/index.php\/2024\/06\/25\/lulb-fait-expulser-les-occupant-e-s-du-batiment-walid-daqqah-repression-et-violence-au-service-de-la-complicite-avec-le-genocide-en-palestine\/\" \/>\n<script type=\"application\/ld+json\" class=\"yoast-schema-graph\">{\"@context\":\"https:\\\/\\\/schema.org\",\"@graph\":[{\"@type\":\"Article\",\"@id\":\"https:\\\/\\\/charleroi-pourlapalestine.be\\\/index.php\\\/2024\\\/06\\\/25\\\/lulb-fait-expulser-les-occupant-e-s-du-batiment-walid-daqqah-repression-et-violence-au-service-de-la-complicite-avec-le-genocide-en-palestine\\\/#article\",\"isPartOf\":{\"@id\":\"https:\\\/\\\/charleroi-pourlapalestine.be\\\/index.php\\\/2024\\\/06\\\/25\\\/lulb-fait-expulser-les-occupant-e-s-du-batiment-walid-daqqah-repression-et-violence-au-service-de-la-complicite-avec-le-genocide-en-palestine\\\/\"},\"author\":{\"name\":\"admin1873\",\"@id\":\"https:\\\/\\\/charleroi-pourlapalestine.be\\\/#\\\/schema\\\/person\\\/c19ff515112f1299d8c12671d8fe3faa\"},\"headline\":\"L\u2019ULB fait expulser les occupant.e.s du b\u00e2timent Walid Daqqah\u00a0: R\u00e9pression et violence au service de la complicit\u00e9 avec le g\u00e9nocide en Palestine\u00a0!\",\"datePublished\":\"2024-06-25T12:28:13+00:00\",\"dateModified\":\"2024-06-25T13:00:41+00:00\",\"mainEntityOfPage\":{\"@id\":\"https:\\\/\\\/charleroi-pourlapalestine.be\\\/index.php\\\/2024\\\/06\\\/25\\\/lulb-fait-expulser-les-occupant-e-s-du-batiment-walid-daqqah-repression-et-violence-au-service-de-la-complicite-avec-le-genocide-en-palestine\\\/\"},\"wordCount\":1150,\"publisher\":{\"@id\":\"https:\\\/\\\/charleroi-pourlapalestine.be\\\/#organization\"},\"image\":{\"@id\":\"https:\\\/\\\/charleroi-pourlapalestine.be\\\/index.php\\\/2024\\\/06\\\/25\\\/lulb-fait-expulser-les-occupant-e-s-du-batiment-walid-daqqah-repression-et-violence-au-service-de-la-complicite-avec-le-genocide-en-palestine\\\/#primaryimage\"},\"thumbnailUrl\":\"https:\\\/\\\/charleroi-pourlapalestine.be\\\/wp-content\\\/uploads\\\/2024\\\/06\\\/ulb5-e1719314695815.jpg\",\"keywords\":[\"La Plateforme\"],\"articleSection\":[\"Belgique\",\"Boycott acad\u00e9mique\",\"Intifada\",\"R\u00e9pression\",\"R\u00e9sistance\",\"Universit\u00e9s\"],\"inLanguage\":\"fr-FR\"},{\"@type\":\"WebPage\",\"@id\":\"https:\\\/\\\/charleroi-pourlapalestine.be\\\/index.php\\\/2024\\\/06\\\/25\\\/lulb-fait-expulser-les-occupant-e-s-du-batiment-walid-daqqah-repression-et-violence-au-service-de-la-complicite-avec-le-genocide-en-palestine\\\/\",\"url\":\"https:\\\/\\\/charleroi-pourlapalestine.be\\\/index.php\\\/2024\\\/06\\\/25\\\/lulb-fait-expulser-les-occupant-e-s-du-batiment-walid-daqqah-repression-et-violence-au-service-de-la-complicite-avec-le-genocide-en-palestine\\\/\",\"name\":\"L\u2019ULB fait expulser les occupant.e.s du b\u00e2timent Walid Daqqah\u00a0: R\u00e9pression et violence au service de la complicit\u00e9 avec le g\u00e9nocide en Palestine\u00a0!\",\"isPartOf\":{\"@id\":\"https:\\\/\\\/charleroi-pourlapalestine.be\\\/#website\"},\"primaryImageOfPage\":{\"@id\":\"https:\\\/\\\/charleroi-pourlapalestine.be\\\/index.php\\\/2024\\\/06\\\/25\\\/lulb-fait-expulser-les-occupant-e-s-du-batiment-walid-daqqah-repression-et-violence-au-service-de-la-complicite-avec-le-genocide-en-palestine\\\/#primaryimage\"},\"image\":{\"@id\":\"https:\\\/\\\/charleroi-pourlapalestine.be\\\/index.php\\\/2024\\\/06\\\/25\\\/lulb-fait-expulser-les-occupant-e-s-du-batiment-walid-daqqah-repression-et-violence-au-service-de-la-complicite-avec-le-genocide-en-palestine\\\/#primaryimage\"},\"thumbnailUrl\":\"https:\\\/\\\/charleroi-pourlapalestine.be\\\/wp-content\\\/uploads\\\/2024\\\/06\\\/ulb5-e1719314695815.jpg\",\"datePublished\":\"2024-06-25T12:28:13+00:00\",\"dateModified\":\"2024-06-25T13:00:41+00:00\",\"description\":\"A l\u2019ULB comme ailleurs, la mobilisation continue, contre la colonisation et la complicit\u00e9 de nos gouvernements et institutions.\",\"breadcrumb\":{\"@id\":\"https:\\\/\\\/charleroi-pourlapalestine.be\\\/index.php\\\/2024\\\/06\\\/25\\\/lulb-fait-expulser-les-occupant-e-s-du-batiment-walid-daqqah-repression-et-violence-au-service-de-la-complicite-avec-le-genocide-en-palestine\\\/#breadcrumb\"},\"inLanguage\":\"fr-FR\",\"potentialAction\":[{\"@type\":\"ReadAction\",\"target\":[\"https:\\\/\\\/charleroi-pourlapalestine.be\\\/index.php\\\/2024\\\/06\\\/25\\\/lulb-fait-expulser-les-occupant-e-s-du-batiment-walid-daqqah-repression-et-violence-au-service-de-la-complicite-avec-le-genocide-en-palestine\\\/\"]}]},{\"@type\":\"ImageObject\",\"inLanguage\":\"fr-FR\",\"@id\":\"https:\\\/\\\/charleroi-pourlapalestine.be\\\/index.php\\\/2024\\\/06\\\/25\\\/lulb-fait-expulser-les-occupant-e-s-du-batiment-walid-daqqah-repression-et-violence-au-service-de-la-complicite-avec-le-genocide-en-palestine\\\/#primaryimage\",\"url\":\"https:\\\/\\\/charleroi-pourlapalestine.be\\\/wp-content\\\/uploads\\\/2024\\\/06\\\/ulb5-e1719314695815.jpg\",\"contentUrl\":\"https:\\\/\\\/charleroi-pourlapalestine.be\\\/wp-content\\\/uploads\\\/2024\\\/06\\\/ulb5-e1719314695815.jpg\",\"width\":1067,\"height\":600},{\"@type\":\"BreadcrumbList\",\"@id\":\"https:\\\/\\\/charleroi-pourlapalestine.be\\\/index.php\\\/2024\\\/06\\\/25\\\/lulb-fait-expulser-les-occupant-e-s-du-batiment-walid-daqqah-repression-et-violence-au-service-de-la-complicite-avec-le-genocide-en-palestine\\\/#breadcrumb\",\"itemListElement\":[{\"@type\":\"ListItem\",\"position\":1,\"name\":\"Accueil\",\"item\":\"https:\\\/\\\/charleroi-pourlapalestine.be\\\/\"},{\"@type\":\"ListItem\",\"position\":2,\"name\":\"L\u2019ULB fait expulser les occupant.e.s du b\u00e2timent Walid Daqqah\u00a0: R\u00e9pression et violence au service de la complicit\u00e9 avec le g\u00e9nocide en Palestine\u00a0!\"}]},{\"@type\":\"WebSite\",\"@id\":\"https:\\\/\\\/charleroi-pourlapalestine.be\\\/#website\",\"url\":\"https:\\\/\\\/charleroi-pourlapalestine.be\\\/\",\"name\":\"Charleroi Pour la Palestine\",\"description\":\"\",\"publisher\":{\"@id\":\"https:\\\/\\\/charleroi-pourlapalestine.be\\\/#organization\"},\"potentialAction\":[{\"@type\":\"SearchAction\",\"target\":{\"@type\":\"EntryPoint\",\"urlTemplate\":\"https:\\\/\\\/charleroi-pourlapalestine.be\\\/?s={search_term_string}\"},\"query-input\":{\"@type\":\"PropertyValueSpecification\",\"valueRequired\":true,\"valueName\":\"search_term_string\"}}],\"inLanguage\":\"fr-FR\"},{\"@type\":\"Organization\",\"@id\":\"https:\\\/\\\/charleroi-pourlapalestine.be\\\/#organization\",\"name\":\"Plate-forme Charleroi-Palestine\",\"url\":\"https:\\\/\\\/charleroi-pourlapalestine.be\\\/\",\"logo\":{\"@type\":\"ImageObject\",\"inLanguage\":\"fr-FR\",\"@id\":\"https:\\\/\\\/charleroi-pourlapalestine.be\\\/#\\\/schema\\\/logo\\\/image\\\/\",\"url\":\"https:\\\/\\\/charleroi-pourlapalestine.be\\\/wp-content\\\/uploads\\\/2020\\\/01\\\/logo-Copy.jpg\",\"contentUrl\":\"https:\\\/\\\/charleroi-pourlapalestine.be\\\/wp-content\\\/uploads\\\/2020\\\/01\\\/logo-Copy.jpg\",\"width\":180,\"height\":180,\"caption\":\"Plate-forme Charleroi-Palestine\"},\"image\":{\"@id\":\"https:\\\/\\\/charleroi-pourlapalestine.be\\\/#\\\/schema\\\/logo\\\/image\\\/\"},\"sameAs\":[\"https:\\\/\\\/www.facebook.com\\\/PlateformeCharleroiPalestine\\\/\",\"https:\\\/\\\/x.com\\\/LaCharleroi\"]},{\"@type\":\"Person\",\"@id\":\"https:\\\/\\\/charleroi-pourlapalestine.be\\\/#\\\/schema\\\/person\\\/c19ff515112f1299d8c12671d8fe3faa\",\"name\":\"admin1873\",\"url\":\"https:\\\/\\\/charleroi-pourlapalestine.be\\\/index.php\\\/author\\\/admin1873\\\/\"}]}<\/script>\n<!-- \/ Yoast SEO plugin. -->","yoast_head_json":{"title":"L\u2019ULB fait expulser les occupant.e.s du b\u00e2timent Walid Daqqah\u00a0: R\u00e9pression et violence au service de la complicit\u00e9 avec le g\u00e9nocide en Palestine\u00a0!","description":"A l\u2019ULB comme ailleurs, la mobilisation continue, contre la colonisation et la complicit\u00e9 de nos gouvernements et institutions.","robots":{"index":"index","follow":"follow","max-snippet":"max-snippet:-1","max-image-preview":"max-image-preview:large","max-video-preview":"max-video-preview:-1"},"canonical":"https:\/\/charleroi-pourlapalestine.be\/index.php\/2024\/06\/25\/lulb-fait-expulser-les-occupant-e-s-du-batiment-walid-daqqah-repression-et-violence-au-service-de-la-complicite-avec-le-genocide-en-palestine\/","schema":{"@context":"https:\/\/schema.org","@graph":[{"@type":"Article","@id":"https:\/\/charleroi-pourlapalestine.be\/index.php\/2024\/06\/25\/lulb-fait-expulser-les-occupant-e-s-du-batiment-walid-daqqah-repression-et-violence-au-service-de-la-complicite-avec-le-genocide-en-palestine\/#article","isPartOf":{"@id":"https:\/\/charleroi-pourlapalestine.be\/index.php\/2024\/06\/25\/lulb-fait-expulser-les-occupant-e-s-du-batiment-walid-daqqah-repression-et-violence-au-service-de-la-complicite-avec-le-genocide-en-palestine\/"},"author":{"name":"admin1873","@id":"https:\/\/charleroi-pourlapalestine.be\/#\/schema\/person\/c19ff515112f1299d8c12671d8fe3faa"},"headline":"L\u2019ULB fait expulser les occupant.e.s du b\u00e2timent Walid Daqqah\u00a0: R\u00e9pression et violence au service de la complicit\u00e9 avec le g\u00e9nocide en Palestine\u00a0!","datePublished":"2024-06-25T12:28:13+00:00","dateModified":"2024-06-25T13:00:41+00:00","mainEntityOfPage":{"@id":"https:\/\/charleroi-pourlapalestine.be\/index.php\/2024\/06\/25\/lulb-fait-expulser-les-occupant-e-s-du-batiment-walid-daqqah-repression-et-violence-au-service-de-la-complicite-avec-le-genocide-en-palestine\/"},"wordCount":1150,"publisher":{"@id":"https:\/\/charleroi-pourlapalestine.be\/#organization"},"image":{"@id":"https:\/\/charleroi-pourlapalestine.be\/index.php\/2024\/06\/25\/lulb-fait-expulser-les-occupant-e-s-du-batiment-walid-daqqah-repression-et-violence-au-service-de-la-complicite-avec-le-genocide-en-palestine\/#primaryimage"},"thumbnailUrl":"https:\/\/charleroi-pourlapalestine.be\/wp-content\/uploads\/2024\/06\/ulb5-e1719314695815.jpg","keywords":["La Plateforme"],"articleSection":["Belgique","Boycott acad\u00e9mique","Intifada","R\u00e9pression","R\u00e9sistance","Universit\u00e9s"],"inLanguage":"fr-FR"},{"@type":"WebPage","@id":"https:\/\/charleroi-pourlapalestine.be\/index.php\/2024\/06\/25\/lulb-fait-expulser-les-occupant-e-s-du-batiment-walid-daqqah-repression-et-violence-au-service-de-la-complicite-avec-le-genocide-en-palestine\/","url":"https:\/\/charleroi-pourlapalestine.be\/index.php\/2024\/06\/25\/lulb-fait-expulser-les-occupant-e-s-du-batiment-walid-daqqah-repression-et-violence-au-service-de-la-complicite-avec-le-genocide-en-palestine\/","name":"L\u2019ULB fait expulser les occupant.e.s du b\u00e2timent Walid Daqqah\u00a0: R\u00e9pression et violence au service de la complicit\u00e9 avec le g\u00e9nocide en Palestine\u00a0!","isPartOf":{"@id":"https:\/\/charleroi-pourlapalestine.be\/#website"},"primaryImageOfPage":{"@id":"https:\/\/charleroi-pourlapalestine.be\/index.php\/2024\/06\/25\/lulb-fait-expulser-les-occupant-e-s-du-batiment-walid-daqqah-repression-et-violence-au-service-de-la-complicite-avec-le-genocide-en-palestine\/#primaryimage"},"image":{"@id":"https:\/\/charleroi-pourlapalestine.be\/index.php\/2024\/06\/25\/lulb-fait-expulser-les-occupant-e-s-du-batiment-walid-daqqah-repression-et-violence-au-service-de-la-complicite-avec-le-genocide-en-palestine\/#primaryimage"},"thumbnailUrl":"https:\/\/charleroi-pourlapalestine.be\/wp-content\/uploads\/2024\/06\/ulb5-e1719314695815.jpg","datePublished":"2024-06-25T12:28:13+00:00","dateModified":"2024-06-25T13:00:41+00:00","description":"A l\u2019ULB comme ailleurs, la mobilisation continue, contre la colonisation et la complicit\u00e9 de nos gouvernements et institutions.","breadcrumb":{"@id":"https:\/\/charleroi-pourlapalestine.be\/index.php\/2024\/06\/25\/lulb-fait-expulser-les-occupant-e-s-du-batiment-walid-daqqah-repression-et-violence-au-service-de-la-complicite-avec-le-genocide-en-palestine\/#breadcrumb"},"inLanguage":"fr-FR","potentialAction":[{"@type":"ReadAction","target":["https:\/\/charleroi-pourlapalestine.be\/index.php\/2024\/06\/25\/lulb-fait-expulser-les-occupant-e-s-du-batiment-walid-daqqah-repression-et-violence-au-service-de-la-complicite-avec-le-genocide-en-palestine\/"]}]},{"@type":"ImageObject","inLanguage":"fr-FR","@id":"https:\/\/charleroi-pourlapalestine.be\/index.php\/2024\/06\/25\/lulb-fait-expulser-les-occupant-e-s-du-batiment-walid-daqqah-repression-et-violence-au-service-de-la-complicite-avec-le-genocide-en-palestine\/#primaryimage","url":"https:\/\/charleroi-pourlapalestine.be\/wp-content\/uploads\/2024\/06\/ulb5-e1719314695815.jpg","contentUrl":"https:\/\/charleroi-pourlapalestine.be\/wp-content\/uploads\/2024\/06\/ulb5-e1719314695815.jpg","width":1067,"height":600},{"@type":"BreadcrumbList","@id":"https:\/\/charleroi-pourlapalestine.be\/index.php\/2024\/06\/25\/lulb-fait-expulser-les-occupant-e-s-du-batiment-walid-daqqah-repression-et-violence-au-service-de-la-complicite-avec-le-genocide-en-palestine\/#breadcrumb","itemListElement":[{"@type":"ListItem","position":1,"name":"Accueil","item":"https:\/\/charleroi-pourlapalestine.be\/"},{"@type":"ListItem","position":2,"name":"L\u2019ULB fait expulser les occupant.e.s du b\u00e2timent Walid Daqqah\u00a0: R\u00e9pression et violence au service de la complicit\u00e9 avec le g\u00e9nocide en Palestine\u00a0!"}]},{"@type":"WebSite","@id":"https:\/\/charleroi-pourlapalestine.be\/#website","url":"https:\/\/charleroi-pourlapalestine.be\/","name":"Charleroi Pour la Palestine","description":"","publisher":{"@id":"https:\/\/charleroi-pourlapalestine.be\/#organization"},"potentialAction":[{"@type":"SearchAction","target":{"@type":"EntryPoint","urlTemplate":"https:\/\/charleroi-pourlapalestine.be\/?s={search_term_string}"},"query-input":{"@type":"PropertyValueSpecification","valueRequired":true,"valueName":"search_term_string"}}],"inLanguage":"fr-FR"},{"@type":"Organization","@id":"https:\/\/charleroi-pourlapalestine.be\/#organization","name":"Plate-forme Charleroi-Palestine","url":"https:\/\/charleroi-pourlapalestine.be\/","logo":{"@type":"ImageObject","inLanguage":"fr-FR","@id":"https:\/\/charleroi-pourlapalestine.be\/#\/schema\/logo\/image\/","url":"https:\/\/charleroi-pourlapalestine.be\/wp-content\/uploads\/2020\/01\/logo-Copy.jpg","contentUrl":"https:\/\/charleroi-pourlapalestine.be\/wp-content\/uploads\/2020\/01\/logo-Copy.jpg","width":180,"height":180,"caption":"Plate-forme Charleroi-Palestine"},"image":{"@id":"https:\/\/charleroi-pourlapalestine.be\/#\/schema\/logo\/image\/"},"sameAs":["https:\/\/www.facebook.com\/PlateformeCharleroiPalestine\/","https:\/\/x.com\/LaCharleroi"]},{"@type":"Person","@id":"https:\/\/charleroi-pourlapalestine.be\/#\/schema\/person\/c19ff515112f1299d8c12671d8fe3faa","name":"admin1873","url":"https:\/\/charleroi-pourlapalestine.be\/index.php\/author\/admin1873\/"}]}},"_links":{"self":[{"href":"https:\/\/charleroi-pourlapalestine.be\/index.php\/wp-json\/wp\/v2\/posts\/73466","targetHints":{"allow":["GET"]}}],"collection":[{"href":"https:\/\/charleroi-pourlapalestine.be\/index.php\/wp-json\/wp\/v2\/posts"}],"about":[{"href":"https:\/\/charleroi-pourlapalestine.be\/index.php\/wp-json\/wp\/v2\/types\/post"}],"author":[{"embeddable":true,"href":"https:\/\/charleroi-pourlapalestine.be\/index.php\/wp-json\/wp\/v2\/users\/1"}],"replies":[{"embeddable":true,"href":"https:\/\/charleroi-pourlapalestine.be\/index.php\/wp-json\/wp\/v2\/comments?post=73466"}],"version-history":[{"count":0,"href":"https:\/\/charleroi-pourlapalestine.be\/index.php\/wp-json\/wp\/v2\/posts\/73466\/revisions"}],"wp:featuredmedia":[{"embeddable":true,"href":"https:\/\/charleroi-pourlapalestine.be\/index.php\/wp-json\/wp\/v2\/media\/73476"}],"wp:attachment":[{"href":"https:\/\/charleroi-pourlapalestine.be\/index.php\/wp-json\/wp\/v2\/media?parent=73466"}],"wp:term":[{"taxonomy":"category","embeddable":true,"href":"https:\/\/charleroi-pourlapalestine.be\/index.php\/wp-json\/wp\/v2\/categories?post=73466"},{"taxonomy":"post_tag","embeddable":true,"href":"https:\/\/charleroi-pourlapalestine.be\/index.php\/wp-json\/wp\/v2\/tags?post=73466"}],"curies":[{"name":"wp","href":"https:\/\/api.w.org\/{rel}","templated":true}]}}