{"id":73594,"date":"2024-06-27T18:16:54","date_gmt":"2024-06-27T16:16:54","guid":{"rendered":"https:\/\/charleroi-pourlapalestine.be\/?p=73594"},"modified":"2024-06-28T03:54:50","modified_gmt":"2024-06-28T01:54:50","slug":"bombarder-et-affamer-gaza-ne-pourra-inverser-lechec-strategique-disrael","status":"publish","type":"post","link":"https:\/\/charleroi-pourlapalestine.be\/index.php\/2024\/06\/27\/bombarder-et-affamer-gaza-ne-pourra-inverser-lechec-strategique-disrael\/","title":{"rendered":"Bombarder et affamer Gaza ne pourra inverser l&rsquo;\u00e9chec strat\u00e9gique d&rsquo;Isra\u00ebl"},"content":{"rendered":"<p>Le Hamas \u00e0 Gaza, le Hezbollah au Liban et d&rsquo;autres acteurs r\u00e9gionaux comme Ansarullah au Y\u00e9men sont n\u00e9s de l&rsquo;occupation \u00e9trang\u00e8re et de son refus d&rsquo;accorder l&rsquo;autod\u00e9termination. Il n&rsquo;y aura pas de paix tant que le contexte qui donne naissance \u00e0 la r\u00e9sistance arm\u00e9e ne changera pas fondamentalement, et il n&rsquo;y aura pas de changement fondamental sans r\u00e9sistance arm\u00e9e.<\/p>\n<p>&nbsp;<\/p>\n<div id=\"attachment_73596\" style=\"width: 1040px\" class=\"wp-caption alignnone\"><img loading=\"lazy\" decoding=\"async\" aria-describedby=\"caption-attachment-73596\" class=\"wp-image-73596 size-full\" src=\"https:\/\/charleroi-pourlapalestine.be\/wp-content\/uploads\/2024\/06\/Deir-al-Balah-Gaza.png\" alt=\"Le 25 juin, \u00e0 Deir al-Balah, dans la partie centrale de Gaza, des Palestiniens pleurent la perte d'un \u00eatre cher apr\u00e8s une attaque isra\u00e9lienne contre le camp de r\u00e9fugi\u00e9s de Maghazi. \" width=\"1030\" height=\"682\" srcset=\"https:\/\/charleroi-pourlapalestine.be\/wp-content\/uploads\/2024\/06\/Deir-al-Balah-Gaza.png 1030w, https:\/\/charleroi-pourlapalestine.be\/wp-content\/uploads\/2024\/06\/Deir-al-Balah-Gaza-300x199.png 300w, https:\/\/charleroi-pourlapalestine.be\/wp-content\/uploads\/2024\/06\/Deir-al-Balah-Gaza-1024x678.png 1024w, https:\/\/charleroi-pourlapalestine.be\/wp-content\/uploads\/2024\/06\/Deir-al-Balah-Gaza-768x509.png 768w\" sizes=\"auto, (max-width: 1030px) 100vw, 1030px\" \/><p id=\"caption-attachment-73596\" class=\"wp-caption-text\"><strong>Le 25 juin, \u00e0 Deir al-Balah, dans la partie centrale de Gaza, des Palestiniens pleurent la perte d&rsquo;un \u00eatre cher apr\u00e8s une attaque isra\u00e9lienne contre le camp de r\u00e9fugi\u00e9s de Maghazi.<\/strong> (Photo : Omar Ashtawy \/ APA images)<\/p><\/div>\n<p>&nbsp;<\/p>\n<p><strong>Maureen Clare Murphy<\/strong>, 25 juin 2024<\/p>\n<p>&nbsp;<\/p>\n<p>Il n&rsquo;y a pas de r\u00e9pit pour les Palestiniens de Gaza qui sont en proie \u00e0 un long traumatisme, \u00e0 une incertitude et une terreur incessantes depuis plus de huit mois, tout en \u00e9tant priv\u00e9s des n\u00e9cessit\u00e9s \u00e9l\u00e9mentaires de leur survie, tels des vivres, de l&rsquo;eau et un abri.<\/p>\n<p>Ces tout derniers jours \u00e0 Gaza, on a pu voir se succ\u00e9der les crimes de guerre isra\u00e9liens au cours de ce qui est devenu une nouvelle norme dans l&rsquo;horreur, quand Isra\u00ebl, avec le soutien de Washington, an\u00e9antit les lois internationales en m\u00eame temps que les corps, les foyers et les r\u00eaves des Palestiniens.<\/p>\n<p>Mais toute cette destruction ne se traduit en aucun cas par une victoire strat\u00e9gique. Quand la fum\u00e9e se l\u00e8ve au-dessus d&rsquo;un Gaza en ruine, il s&rsquo;av\u00e8re de plus en plus clairement que la campagne isra\u00e9lienne d&rsquo;\u00e9limination va se solder par un \u00e9chec.<\/p>\n<p>Dimanche, une frappe a\u00e9rienne isra\u00e9lienne a <a href=\"https:\/\/www.reuters.com\/world\/middle-east\/israeli-tanks-edge-rafahs-mawasi-refuge-zone-residents-say-2024-06-23\/\" target=\"_blank\" rel=\"noopener\">tu\u00e9 au moins huit personnes<\/a> dans un centre de formation utilis\u00e9 comme <strong>point de distribution d&rsquo;aide par l&rsquo;UNRWA<\/strong>, l&rsquo;agence de l&rsquo;ONU pour les r\u00e9fugi\u00e9s de Palestine.<\/p>\n<p>Juliette Touma, une porte-parole de l&rsquo;agence, a d\u00e9clar\u00e9 que<strong> 190 sites de l&rsquo;UNRWA avaient \u00e9t\u00e9 touch\u00e9s<\/strong> depuis le d\u00e9but octobre, dont la <em>\u00ab grande majorit\u00e9 de nos b\u00e2timents \u00e0 Gaza \u00bb<\/em>. Pr\u00e8s de 200 employ\u00e9s de l&rsquo;agence ont \u00e9t\u00e9 tu\u00e9s au cours de la m\u00eame p\u00e9riode.<\/p>\n<p>Samedi, une attaque isra\u00e9lienne qui visait <a href=\"https:\/\/www.haaretz.com\/israel-news\/2024-06-22\/ty-article\/.premium\/israel-tries-to-assassinate-top-hamas-commander-in-gaza-palestinians-report-over-40-dead\/00000190-401a-d5e8-a7f0-cd1f16fc0000\" target=\"_blank\" rel=\"noopener\">pr\u00e9tendument<\/a> un important commandant du Hamas a <strong><a href=\"https:\/\/www.reuters.com\/world\/middle-east\/israeli-strikes-kill-least-42-gaza-enclaves-government-media-office-says-2024-06-22\/\" target=\"_blank\" rel=\"noopener\">tu\u00e9 24 Palestiniens<\/a>,<\/strong> quelques jours apr\u00e8s que le principal porte-parole de l&rsquo;arm\u00e9e isra\u00e9lienne avait<a href=\"https:\/\/www.aljazeera.com\/news\/2024\/6\/20\/israeli-military-spokesmans-hamas-defeat-remarks-widen-rift-with-netanyahu\" target=\"_blank\" rel=\"noopener\"> reconnu<\/a> qu&rsquo;il \u00e9tait impossible <em>\u00ab de faire dispara\u00eetre le Hamas \u00bb.<\/em><\/p>\n<p><a href=\"https:\/\/www.reuters.com\/world\/middle-east\/israeli-tanks-edge-rafahs-mawasi-refuge-zone-residents-say-2024-06-23\/\" target=\"_blank\" rel=\"noopener\"><strong>Dix-huit autres personnes ont \u00e9t\u00e9 tu\u00e9es samedi,<\/strong><\/a> rapporte-t-on, lors d&rsquo;une frappe contre des maisons du quartier de <strong>Tuffah<\/strong>, \u00e0 Gaza m\u00eame.<\/p>\n<p>Ces attaques meurtri\u00e8res avaient succ\u00e9d\u00e9 \u00e0 des tirs d&rsquo;artillerie sur <strong>al-Mawasi<\/strong>, qui avait pourtant \u00e9t\u00e9 d\u00e9clar\u00e9 <em>\u00ab zone humanitaire \u00bb<\/em> par Isra\u00ebl. L&rsquo;attaque de vendredi a <strong>tu\u00e9 au moins 25 personnes<\/strong>. Le Comit\u00e9 international de la <strong>Croix-Rouge<\/strong> (CICR) a <a href=\"https:\/\/x.com\/ICRC_ilot\/status\/1804248789647028667\" target=\"_blank\" rel=\"noopener\">d\u00e9clar\u00e9<\/a> que ses bureaux et ses logements avaient \u00e9t\u00e9 gravement endommag\u00e9s par les tirs d&rsquo;obus.<\/p>\n<p>Dimanche, les chars isra\u00e9liens se sont avanc\u00e9s jusqu&rsquo;aux abords du camp pour personnes d\u00e9plac\u00e9es \u00e0 <strong>al-Mawasi.<\/strong><\/p>\n<p>L&rsquo;agence d&rsquo;information Reuters a d\u00e9crit l&rsquo;op\u00e9ration comme<\/p>\n<blockquote><p>\u00ab faisant partie d&rsquo;une pouss\u00e9e vers le nord et l&rsquo;ouest de <strong>Rafah<\/strong> au cours de laquelle ils avaient fait sauter des dizaines de maisons, ces derniers jours \u00bb.<\/p><\/blockquote>\n<p>&nbsp;<\/p>\n<h3>La faim<\/h3>\n<p>Les Palestiniens de Gaza, qui sont en \u00e9tat de si\u00e8ge total depuis octobre et dont la capacit\u00e9 de production alimentaire a subi des destructions consid\u00e9rables, n&rsquo;ont gu\u00e8re obtenu de secours, apr\u00e8s des mois de famine.<\/p>\n<p><strong>Deux b\u00e9b\u00e9s sont morts de malnutrition<\/strong> ces derniers jours, rapportent les responsables de la sant\u00e9 de l&rsquo;<strong>h\u00f4pital Kamal Adwan<\/strong> \u00e0 <strong>Beit Lahiya,<\/strong> dans le nord de Gaza. <strong>Au moins 31 enfants de Gaza sont morts de malnutrition ou de d\u00e9shydratation<\/strong> depuis octobre, bien que le personnel m\u00e9dical affirme que les chiffres r\u00e9els sont probablement bien plus \u00e9lev\u00e9s.<\/p>\n<p>L&rsquo;ONG am\u00e9ricaine<strong> Save the Children<\/strong> a <a href=\"https:\/\/reliefweb.int\/report\/occupied-palestinian-territory\/gazas-missing-children-over-20000-children-estimated-be-lost-disappeared-detained-buried-under-rubble-or-mass-graves-0?s=09\" target=\"_blank\" rel=\"noopener\">d\u00e9clar\u00e9<\/a> lundi qu&rsquo;on estime que jusqu&rsquo;\u00e0 <strong>21 000 gar\u00e7ons et filles<\/strong><\/p>\n<blockquote><p>\u00ab ont \u00e9t\u00e9 port\u00e9s manquants dans le chaos de la guerre \u00e0 Gaza ; un grand nombre d&rsquo;entre eux ont \u00e9t\u00e9 pi\u00e9g\u00e9s sous les d\u00e9combres, arr\u00eat\u00e9s par Isra\u00ebl, enterr\u00e9s anonymement dans des fosses communes ou perdus par leurs familles \u00bb.<\/p><\/blockquote>\n<p>Les r\u00e9cents d\u00e9placements massifs provoqu\u00e9s par l&rsquo;offensive isra\u00e9lienne \u00e0 Rafah ont<\/p>\n<blockquote><p>\u00ab s\u00e9par\u00e9 plus d&rsquo;enfants encore et accru une nouvelle fois la tension sur les familles et les communaut\u00e9s qui s&rsquo;en occupent \u00bb,<\/p><\/blockquote>\n<p>a ajout\u00e9 l&rsquo;ONG.<\/p>\n<p>Au moins <strong>37 600 personnes ont \u00e9t\u00e9 tu\u00e9es<\/strong> \u00e0 Gaza depuis le 7 octobre, selon les autorit\u00e9s du territoire, bien que le nombre r\u00e9el soit probablement bien plus \u00e9lev\u00e9, avec les milliers de personnes port\u00e9es manquantes sous les d\u00e9combres ou dont les corps n&rsquo;ont pas \u00e9t\u00e9 retrouv\u00e9s d&rsquo;une fa\u00e7on ou d&rsquo;une autre ; ces personnes ne sont reprises dans les chiffres reconnus.<\/p>\n<p>Les h\u00f4pitaux de Gaza ont \u00e9t\u00e9 syst\u00e9matiquement d\u00e9truits ;<strong> des <a href=\"https:\/\/www.reuters.com\/world\/middle-east\/israel-kills-senior-gaza-health-official-tanks-push-deeper-into-rafah-2024-06-24\/\" target=\"_blank\" rel=\"noopener\">centaines<\/a> de m\u00e9decins, d&rsquo;infirmier.e.s et de sp\u00e9cialistes m\u00e9dicaux ont \u00e9t\u00e9 tu\u00e9s ou arr\u00eat\u00e9s<\/strong> ; les infrastructures de l&rsquo;eau et de la sant\u00e9 ont \u00e9t\u00e9 an\u00e9anties et les personnes charg\u00e9es de les r\u00e9parer ont \u00e9t\u00e9 tu\u00e9es aussi, comme le prouve la frappe contre les travailleurs municipaux qui a fait<a href=\"https:\/\/euromedmonitor.org\/en\/article\/6375\/Israeli-army-intensifies-attacks-against-civilians,-infrastructure,-and-municipal-crews-in-the-Gaza-Strip\" target=\"_blank\" rel=\"noopener\"><strong> six morts vendredi.<\/strong><\/a><\/p>\n<p><strong>Plus de 10 000 personnes \u00e0 Gaza<\/strong> doivent \u00eatre \u00e9vacu\u00e9es pour des traitements de blessures traumatiques, ou de cancers, de maladies cardiaques et de probl\u00e8mes de sant\u00e9 mentale, <a href=\"https:\/\/x.com\/DrTedros\/status\/1804233207518314928\" target=\"_blank\" rel=\"noopener\">selon<\/a> le haut responsable de l&rsquo;Organisation mondiale de la Sant\u00e9 (<strong>OMS<\/strong>).<\/p>\n<p>Chris Sidoti, l&rsquo;un des sp\u00e9cialistes des droits humains charg\u00e9 par le<strong> Conseil des droits humains de l&rsquo;ONU<\/strong> d&rsquo;examiner le syst\u00e8me d&rsquo;oppression isra\u00e9lien dans son ensemble, <a href=\"https:\/\/x.com\/DrTedros\/status\/1804233207518314928\" target=\"_blank\" rel=\"noopener\">a d\u00e9clar\u00e9<\/a> la semaine derni\u00e8re qu&rsquo;il n&rsquo;avait<\/p>\n<blockquote><p>\u00ab pas l&rsquo;autorit\u00e9 pour \u00e9mettre des \u00e9valuations de moralit\u00e9 \u00bb.<\/p><\/blockquote>\n<p>Mais il a quand m\u00eame dit qu&rsquo;en s&rsquo;appuyant sur son mandat qui consistait \u00e0<\/p>\n<blockquote><p>\u00ab \u00e9mettre des \u00e9valuations d&rsquo;actes criminels (&#8230;), la seule conclusion qu&rsquo;on pouvait tirer \u00e9tait que l&rsquo;arm\u00e9e isra\u00e9lienne est l&rsquo;une des arm\u00e9es les plus criminelles au monde \u00bb.<\/p><\/blockquote>\n<p>Les actions \u00e9pouvantables d&rsquo;Isra\u00ebl \u00e0 Gaza ont <strong>pulv\u00e9ris\u00e9 les principes fondamentaux des lois de la guerre<\/strong>, comme l&rsquo;explique le bureau des droits humains de l&rsquo;ONU dans un rapport r\u00e9cent qui examine l&rsquo;utilisation d&rsquo;<\/p>\n<blockquote><p>\u00ab armes explosives dont les effets se propagent sur de vastes zones dans des quartiers dens\u00e9ment peupl\u00e9s \u00bb.<\/p><\/blockquote>\n<p><strong>Les violations flagrantes des lois internationales<\/strong>, comme les attaques contre un point de distribution arborant le drapeau des Nations unies ou contre les bureaux du Comit\u00e9 international de la Croix-Rouge, <a href=\"https:\/\/x.com\/malsaafin\/status\/1804902973836812496?ref_src=twsrc%5Etfw%7Ctwcamp%5Etweetembed%7Ctwterm%5E1804902973836812496%7Ctwgr%5E666b22b7feb510efb422c4fee3792e517bf32944%7Ctwcon%5Es1_&amp;ref_url=https%3A%2F%2Felectronicintifada.net%2Fcontent%2Fbombing-and-starving-gaza-cant-reverse-israels-strategic-failure%2F47306\" target=\"_blank\" rel=\"noopener\"><strong>sont devenues si fr\u00e9quentes qu&rsquo;elles semblent d\u00e9sormais la norme.<\/strong><\/a><\/p>\n<p>&nbsp;<\/p>\n<h3>Un \u00e9chec strat\u00e9gique<\/h3>\n<p>Moralit\u00e9 et l\u00e9galit\u00e9 \u00e0 part, la conduite d&rsquo;Isra\u00ebl \u00e0 Gaza constitue <a href=\"https:\/\/globalities.org\/2024\/06\/israels-path-to-defeat-the-implications\/\" target=\"_blank\" rel=\"noopener\">un \u00e9chec strat\u00e9gique retentissant.<\/a><\/p>\n<p>Isra\u00ebl s&rsquo;est retrouv\u00e9 pris dans un bourbier, \u00e0 Gaza. Son arm\u00e9e n&rsquo;a lib\u00e9r\u00e9 que sept des plus de 200 otages d\u00e9tenus par le Hamas et d&rsquo;autres organisations arm\u00e9es dans le territoire depuis le 7 octobre.<\/p>\n<p>La moiti\u00e9 environ ont \u00e9t\u00e9 lib\u00e9r\u00e9s dans le cadre d&rsquo;un accord d&rsquo;\u00e9change n\u00e9goci\u00e9 avec le Hamas en novembre. Un nombre croissant d&rsquo;otages \u2013 bien plus important que celui lib\u00e9r\u00e9 par l&rsquo;arm\u00e9e \u2013 sont morts en captivit\u00e9.<\/p>\n<p>Certaines des huiles de l&rsquo;arm\u00e9e isra\u00e9lienne tentent d&rsquo;extraire l&rsquo;arm\u00e9e d&rsquo;une guerre d&rsquo;usure dans laquelle <a href=\"https:\/\/www.theguardian.com\/world\/article\/2024\/may\/13\/parents-israeli-soldiers-idf-death-trap-rafah-attack\" target=\"_blank\" rel=\"noopener\">les parents de centaines de soldats<\/a> disent que leurs enfants meurent sans but bien pr\u00e9cis.<\/p>\n<p>Lors d&rsquo;une interview r\u00e9cente r\u00e9alis\u00e9e par le diffuseur isra\u00e9lien Channel 13, Daniel Hagari, le porte-parole de l&rsquo;arm\u00e9e, a <a href=\"https:\/\/edition.cnn.com\/2024\/06\/20\/middleeast\/hagari-netanyahu-destroy-hamas-israel-intl\/index.html#:~:text=%E2%80%9CThe%20idea%20that%20it%20is,interview%20with%20Israel's%20Channel%2013.\" target=\"_blank\" rel=\"noopener\">d\u00e9clar\u00e9<\/a> que<\/p>\n<blockquote><p>\u00ab l&rsquo;id\u00e9e selon laquelle il est possible de d\u00e9truire le Hamas (&#8230;) jette de la poudre aux yeux du public \u00bb.<\/p><\/blockquote>\n<p>L&rsquo;arm\u00e9e isra\u00e9lienne a tent\u00e9 de d\u00e9former la remarque de Hagari en disant qu&rsquo;il faisait r\u00e9f\u00e9rence au Hamas<\/p>\n<blockquote><p>\u00ab en tant qu&rsquo;id\u00e9ologie et en tant qu&rsquo;id\u00e9e \u00bb.<\/p><\/blockquote>\n<p>Les commentaires du porte-parole peuvent avoir \u00e9t\u00e9 destin\u00e9s \u00e0 pr\u00e9parer le public isra\u00e9lien \u00e0 un avenir dans lequel le Hamas restera au pouvoir \u00e0 Gaza.<\/p>\n<p>Des reportages tant dans les <a href=\"https:\/\/www.haaretz.com\/israel-news\/2024-06-17\/ty-article\/.premium\/amid-the-fighting-in-gaza-the-war-between-netanyahu-and-israels-generals-is-intensifying\/00000190-279c-d5f5-a5d6-effe367b0000\" target=\"_blank\" rel=\"noopener\">m\u00e9dias isra\u00e9liens<\/a> que dans les m\u00e9dias internationaux sugg\u00e8rent que l&rsquo;arm\u00e9e est impatiente de s&rsquo;\u00e9loigner de la guerre \u00e0 haute intensit\u00e9 \u00e0 Gaza. Il existe un d\u00e9saccord public croissant entre l&rsquo;arm\u00e9e d&rsquo;une part et le Premier ministre Benjamin Netanyahou et ses alli\u00e9s \u00e0 la ligne dure d&rsquo;autre part, qui veulent que la guerre continue ind\u00e9finiment, selon toute apparence, de faire rage \u00e0 Gaza et ce, au service de leurs propres int\u00e9r\u00eats.<\/p>\n<p>Hagari a affirm\u00e9 ces derniers jours que l&rsquo;arm\u00e9e isra\u00e9lienne \u00ab \u00e9tait tr\u00e8s proche du d\u00e9mant\u00e8lement des bataillons du Hamas \u00e0 Rafah \u00bb, et il faisait \u00e9tat d&rsquo;un tassement des combats intenses dans la r\u00e9gion la plus au sud de Gaza, le long de la fronti\u00e8re avec l&rsquo;\u00c9gypte, o\u00f9 l&rsquo;arm\u00e9e a <a href=\"https:\/\/edition.cnn.com\/2024\/06\/15\/middleeast\/eight-soldiers-killed-rafah-intl\/index.html\" target=\"_blank\" rel=\"noopener\">subi de lourdes pertes.<\/a><\/p>\n<p>Yossi Kuperwasser, un g\u00e9n\u00e9ral \u00e0 la retraite, ancien chef de cabinet du minist\u00e8re des Affaires strat\u00e9giques d&rsquo;Isra\u00ebl, <a href=\"https:\/\/www.washingtonpost.com\/world\/2024\/06\/18\/israel-rafah-offensive-gaza-hamas\/\" target=\"_blank\" rel=\"noopener\">a \u00e9t\u00e9 cit\u00e9 dans The Washington Post<\/a> pour avoir dit que l&rsquo;arm\u00e9e<\/p>\n<blockquote><p>\u00ab terminait actuellement tous ses objectifs pratiques \u00e0 Rafah et qu&rsquo;on pouvait se mettre \u00e0 discuter de ce que cela signifiait pour un \u00e9change d&rsquo;otages \u00bb.<\/p><\/blockquote>\n<p>&nbsp;<\/p>\n<p>Alors qu&rsquo;il n&rsquo;a exclu aucun accord permettant au Hamas de s&rsquo;accrocher au pouvoir \u00e0 Gaza, Netanyahou a <a href=\"https:\/\/www.reuters.com\/world\/middle-east\/netanyahu-says-intense-fighting-against-hamas-is-ending-war-go-2024-06-23\/\" target=\"_blank\" rel=\"noopener\">admis<\/a> dimanche, dans une interview sur la cha\u00eene isra\u00e9lienne Channel 14, que<\/p>\n<blockquote><p>\u00ab la phase intense des combats contre le Hamas \u00e9tait pratiquement termin\u00e9e \u00bb.<\/p><\/blockquote>\n<p>La position du Hamas est qu&rsquo;il n&rsquo;y aura aucun \u00e9change de prisonniers sans un accord qui <strong>mettra un terme \u00e0 la guerre<\/strong>, ce que Netanyahou rejette cat\u00e9goriquement. Mais la fin de la guerre \u00e0 Gaza sera n\u00e9cessaire pour faire diminuer les combats d&rsquo;intensit\u00e9 moyenne entre Isra\u00ebl et le Hezbollah au Liban, lesquels ont monopolis\u00e9 l&rsquo;attention des <a href=\"https:\/\/www.reuters.com\/world\/middle-east\/israel-prefers-diplomacy-end-hezbollah-conflict-security-adviser-says-2024-06-25\/\" target=\"_blank\" rel=\"noopener\">efforts diplomatiques<\/a> en vue d&rsquo;\u00e9viter que l&rsquo;affaire ne d\u00e9g\u00e9n\u00e8re en une confrontation totale.<\/p>\n<p>&nbsp;<\/p>\n<h3>Le Liban<\/h3>\n<p>Les mois de combat entre Isra\u00ebl et le Hezbollah menacent de d\u00e9g\u00e9n\u00e9rer en une confrontation totale encore plus catastrophique que celle \u00e0 laquelle on a assist\u00e9 \u00e0 Gaza.<\/p>\n<p>La semaine derni\u00e8re, dans un discours prononc\u00e9 apr\u00e8s des annonces disant que l&rsquo;arm\u00e9e isra\u00e9lienne avait approuv\u00e9 des plans en vue d&rsquo;une offensive au Liban, <strong>le dirigeant du Hezbollah Hassan Nasrallah<\/strong> a d\u00e9clar\u00e9 qu&rsquo;il n&rsquo;y aurait aucun endroit s\u00fbr en Isra\u00ebl si une attaque g\u00e9n\u00e9ralis\u00e9e devait \u00eatre d\u00e9clench\u00e9e contre le Liban.<\/p>\n<p>Nasrallah a \u00e9galement<a href=\"https:\/\/www.reuters.com\/world\/why-pick-us-cyprus-bemused-by-hezbollah-threats-2024-06-20\/\" target=\"_blank\" rel=\"noopener\"> menac\u00e9<\/a> <strong>Chypre, toute proche et \u00c9tat membre de l&rsquo;Union europ\u00e9enne<\/strong>, au cas o\u00f9 elle permettrait \u00e0 Isra\u00ebl de se servir de ses installations militaires pour attaquer le Liban.<\/p>\n<p>Entre-temps, le Hezbollah a diffus\u00e9 des montages de prises de vue effectu\u00e9es par drone et par <a href=\"https:\/\/x.com\/alon_mizrahi\/status\/1804811364516393163\" target=\"_blank\" rel=\"noopener\">imagerie satellitaire<\/a> et enregistr\u00e9es apparemment sans avoir \u00e9t\u00e9 d\u00e9tect\u00e9es, montrant des<a href=\"https:\/\/x.com\/HalaJaber\/status\/1803158868647629155?ref_src=twsrc%5Etfw%7Ctwcamp%5Etweetembed%7Ctwterm%5E1803158868647629155%7Ctwgr%5E5bd3a866fe53c837a15bb662546f9b3984888043%7Ctwcon%5Es1_&amp;ref_url=https%3A%2F%2Felectronicintifada.net%2Fcontent%2Fbombing-and-starving-gaza-cant-reverse-israels-strategic-failure%2F47306\" target=\"_blank\" rel=\"noopener\"> sites militaires<\/a>, des centrales \u00e9lectriques et des sites d&rsquo;extraction p\u00e9troli\u00e8re isra\u00e9liens \u2013 tous \u00e9tant des <a href=\"https:\/\/x.com\/RaniaKhalek\/status\/1804746473436754243?ref_src=twsrc%5Etfw%7Ctwcamp%5Etweetembed%7Ctwterm%5E1804746473436754243%7Ctwgr%5E5bd3a866fe53c837a15bb662546f9b3984888043%7Ctwcon%5Es1_&amp;ref_url=https%3A%2F%2Felectronicintifada.net%2Fcontent%2Fbombing-and-starving-gaza-cant-reverse-israels-strategic-failure%2F47306\" target=\"_blank\" rel=\"noopener\">cibles potentielles<\/a> en cas de confrontation militaire \u00e0 grande \u00e9chelle.<\/p>\n<p><strong>Ant\u00f3nio Guterres<\/strong>, le secr\u00e9taire g\u00e9n\u00e9ral de l&rsquo;ONU, a lanc\u00e9 <a href=\"https:\/\/news.un.org\/en\/story\/2024\/06\/1151331\" target=\"_blank\" rel=\"noopener\">une mise en garde<\/a> :<\/p>\n<blockquote><p>\u00ab Les habitants de la r\u00e9gion et les gens du monde entier ne peuvent accepter que le Liban devienne un autre Gaza. \u00bb<\/p><\/blockquote>\n<p>Guterres a ajout\u00e9 qu&rsquo;<\/p>\n<blockquote><p>\u00ab un geste irr\u00e9fl\u00e9chi \u2013 une erreur de calcul \u2013 pouvait d\u00e9clencher une catastrophe qui irait bien au-del\u00e0 de la fronti\u00e8re et, franchement, bien au-del\u00e0 de toute imagination \u00bb.<\/p><\/blockquote>\n<p><strong>Les EU<\/strong> disent qu&rsquo;ils n&rsquo;ont pas envie d&rsquo;assister \u00e0 une telle escalade, mais ils n&rsquo;ont en aucun cas agi de fa\u00e7on d\u00e9cisive pour l&#8217;emp\u00eacher.<\/p>\n<p>Jake Sullivan, conseiller en s\u00e9curit\u00e9 nationale du pr\u00e9sident Joe Biden, <a href=\"https:\/\/jewishinsider.com\/2024\/06\/jake-sullivan-american-jewish-committee-global-forum-israel-hamas\/\" target=\"_blank\" rel=\"noopener\">a admis<\/a> r\u00e9cemment <strong>qu&rsquo;un cessez-le-feu \u00e0 Gaza allait favoriser <em>\u00ab le calme au Liban \u00bb.<\/em><\/strong><\/p>\n<p>Pourtant, <strong><a href=\"https:\/\/charleroi-pourlapalestine.be\/index.php\/2024\/06\/14\/les-eu-accusent-le-hamas-alors-que-cest-israel-qui-prolonge-la-guerre-a-gaza\/\" target=\"_blank\" rel=\"noopener\">Washington ne cesse d&rsquo;aider Isra\u00ebl \u00e0 prolonger la guerre \u00e0 Gaza<\/a><\/strong>, au d\u00e9triment de la vie des Palestiniens et des Libanais.<\/p>\n<p>Mais la diplomatie<a href=\"https:\/\/electronicintifada.net\/content\/rudderless-incompetent-and-complicit\/46741\" target=\"_blank\" rel=\"noopener\"> \u00e0 la d\u00e9rive<\/a> de Washington ne se soldera pas de fa\u00e7on heureuse pour son alli\u00e9 g\u00e9nocidaire. Le soutien inconditionnel et sans h\u00e9sitation de Washington \u00e0 Tel-Aviv <strong>encourage Isra\u00ebl \u00e0 s&#8217;embarquer sur la voie de l&rsquo;autodestruction.<\/strong><\/p>\n<p>L&rsquo;encre ne manque pas en Isra\u00ebl, \u00e0 propos de <strong><a href=\"https:\/\/globalities.org\/2024\/06\/israels-path-to-defeat-the-implications\/\" target=\"_blank\" rel=\"noopener\">la rupture interne imminente<\/a><\/strong>, comme le fait remarquer l&rsquo;\u00e9crivaine Helena Cobban.<\/p>\n<p>L&rsquo;administration Biden a, dit-on, formul\u00e9 <strong><a href=\"https:\/\/edition.cnn.com\/2024\/06\/21\/politics\/us-israel-hezbollah-assurances\/index.html#:~:text=Senior%20US%20officials%20reassured%20a,to%20a%20senior%20administration%20official.\" target=\"_blank\" rel=\"noopener\">des garanties<\/a><\/strong> qu&rsquo;elle allait soutenir pleinement son alli\u00e9 dans une guerre contre le Hezbollah, mais sans toutefois d\u00e9ployer des troupes am\u00e9ricaines.<\/p>\n<p>Une telle guerre se traduirait par l&rsquo;obligation pour les Isra\u00e9liens de passer toute une ann\u00e9e dans leurs abris anti-bombes, a <a href=\"https:\/\/www.youtube.com\/watch?v=8dBkNg5uX1o&amp;t=2312s\" target=\"_blank\" rel=\"noopener\">fait savoir l<\/a>&lsquo;analyste militaire Elijah Magnier :<\/p>\n<p>&nbsp;<\/p>\n<p><strong>Vid\u00e9o Isra\u00ebl vs Hezbollah<\/strong> (en anglais) :<\/p>\n<p>&nbsp;<\/p>\n<div class=\"video-container\"><iframe loading=\"lazy\" title=\"Israel Would Be Crazy to Launch An All-Out War On Lebanon. Here\u2019s Why, w\/ Elijah Magnier\" width=\"500\" height=\"281\" src=\"https:\/\/www.youtube.com\/embed\/8dBkNg5uX1o?start=2313&#038;feature=oembed&#038;wmode=opaque\" frameborder=\"0\" allow=\"accelerometer; autoplay; clipboard-write; encrypted-media; gyroscope; picture-in-picture; web-share\" referrerpolicy=\"strict-origin-when-cross-origin\" allowfullscreen><\/iframe><\/div>\n<p>&nbsp;<\/p>\n<p>Shaul Goldstein, le patron de la soci\u00e9t\u00e9 responsable du planning des infrastructures \u00e9lectriques d&rsquo;Isra\u00ebl, <a href=\"https:\/\/www.timesofisrael.com\/power-grid-unprepared-for-full-blown-war-with-hezbollah-senior-electricity-official\/\" target=\"_blank\" rel=\"noopener\">l&rsquo;a dit carr\u00e9ment<\/a> : <em>\u00ab Nous ne sommes pas pr\u00e9par\u00e9s pour une vraie guerre. \u00bb<\/em><\/p>\n<p>&nbsp;<\/p>\n<h3>Prudence<\/h3>\n<p><strong>L&rsquo;impasse dans laquelle se trouve Isra\u00ebl face aux Brigades Qassam du Hamas \u00e0 Gaza<\/strong> devrait l&rsquo;inciter davantage \u00e0 la prudence quant \u00e0 une confrontation avec un ennemi bien plus impressionnant au <strong>Liban.<\/strong><\/p>\n<p>Au lieu de rompre le soutien populaire \u00e0 la r\u00e9sistance arm\u00e9e, <strong>le Hamas gagne en force<\/strong>, et de fa\u00e7on non n\u00e9gligeable en raison de la brutalit\u00e9 et de l&rsquo;ampleur des destructions inflig\u00e9es aux Palestiniens de Gaza.<\/p>\n<p>Dans une<a href=\"https:\/\/www.foreignaffairs.com\/israel\/middle-east-robert-pape\" target=\"_blank\" rel=\"noopener\"> analyse r\u00e9cente<\/a> destin\u00e9e \u00e0 <em>Foreign Affairs<\/em>, Robert Pape, un politologue qui n&rsquo;\u00e9prouve gu\u00e8re de sympathie pour le Hamas, examine <strong><em>\u00ab pourquoi la strat\u00e9gie perdante d&rsquo;Isra\u00ebl rend son ennemi plus fort \u00bb.<\/em><\/strong><\/p>\n<p>Pape explique que, pour des organisations comme le Hamas, la capacit\u00e9 de recruter des combattants d\u00e9sireux de mourir pour la cause est une source cl\u00e9 de son pouvoir. Et la capacit\u00e9 de recruter est enracin\u00e9e dans<\/p>\n<blockquote><p>\u00ab l&rsquo;\u00e9chelle et l&rsquo;intensit\u00e9 du soutien qu&rsquo;un groupe tire de sa communaut\u00e9 \u00bb.<\/p><\/blockquote>\n<p>Les sondages d&rsquo;opinion montrent <strong>un soutien r\u00e9pandu au Hamas de la part des Palestiniens<\/strong>, bien plus important que celui engrang\u00e9 par son principal rival, la faction du Fatah. Au lieu de battre les Palestiniens et de les soumettre, la campagne militaire d&rsquo;Isra\u00ebl \u00e0 Gaza a vu une mont\u00e9e correspondante du soutien des Palestiniens \u00e0 la r\u00e9sistance arm\u00e9e contre Isra\u00ebl.<\/p>\n<p>Pape attribue \u00e9galement la popularit\u00e9 \u00e0 la hausse du Hamas \u00e0 ce qu&rsquo;il appelle sa <em>\u00ab propagande sophistiqu\u00e9e \u00bb,<\/em> avec les vid\u00e9os de ses forces infligeant des coups aux troupes isra\u00e9liennes \u00e0 Gaza.<\/p>\n<p>Et, alors que ces vid\u00e9os peuvent \u00e9videmment avoir quelque chose de convaincant, <strong>la popularit\u00e9 et la l\u00e9gitimit\u00e9 d&rsquo;organisations comme le Hamas<\/strong> au sein des communaut\u00e9s qui les ont vues na\u00eetre, sont mieux comprises dans le cadre de <strong>la r\u00e9sistance autochtone contre un oppresseur \u00e9tranger.<\/strong><\/p>\n<p><strong>Le Hamas \u00e0 Gaza, le Hezbollah au Liban et d&rsquo;autres acteurs r\u00e9gionaux comme Ansarullah au Y\u00e9men sont <a href=\"https:\/\/charleroi-pourlapalestine.be\/index.php\/2024\/01\/21\/le-soutien-de-biden-au-genocide-a-gaza-attise-une-guerre-plus-etendue-encore\/\">n\u00e9s de l&rsquo;occupation \u00e9trang\u00e8re et de son refus d&rsquo;accorder l&rsquo;autod\u00e9termination.<\/a><\/strong><\/p>\n<p>Il n&rsquo;y aura pas de paix tant que le contexte qui donne naissance \u00e0 la r\u00e9sistance arm\u00e9e ne changera pas fondamentalement, et il n&rsquo;y aura pas de changement fondamental sans r\u00e9sistance arm\u00e9e.<\/p>\n<p>&nbsp;<\/p>\n<p style=\"text-align: center;\">*****<\/p>\n<p>&nbsp;<\/p>\n<p><strong><img loading=\"lazy\" decoding=\"async\" class=\"alignleft wp-image-45540 size-full\" src=\"https:\/\/charleroi-pourlapalestine.be\/wp-content\/uploads\/2022\/10\/Maureen-Clare-Murphy-e1665914569514.jpg\" sizes=\"auto, (max-width: 150px) 100vw, 150px\" srcset=\"https:\/\/charleroi-pourlapalestine.be\/wp-content\/uploads\/2022\/10\/Maureen-Clare-Murphy-e1665914569514.jpg 150w, https:\/\/charleroi-pourlapalestine.be\/wp-content\/uploads\/2022\/10\/Maureen-Clare-Murphy-e1665914569514-80x80.jpg 80w\" alt=\"\" width=\"150\" height=\"150\"><a href=\"https:\/\/charleroi-pourlapalestine.be\/index.php\/tag\/maureen-clare-murphy\/\">Maureen Clare Murphy<\/a><\/strong> est r\u00e9dactrice en chef de <a href=\"https:\/\/electronicintifada.net\/blogs\/maureen-clare-murphy\/craig-mokhiber-moving-world-palestinian-rights\" target=\"_blank\" rel=\"noopener\">The Electronic Intifada.<\/a><\/p>\n<div class=\"pf-content\">\n<p>&nbsp;&nbsp;&nbsp;&nbsp;&nbsp;&nbsp;&nbsp;&nbsp;&nbsp;&nbsp;&nbsp;&nbsp;&nbsp;&nbsp;&nbsp;&nbsp;&nbsp;&nbsp;&nbsp;&nbsp;&nbsp;&nbsp;&nbsp;&nbsp;&nbsp;&nbsp;&nbsp;&nbsp;&nbsp;&nbsp;&nbsp;&nbsp;&nbsp;&nbsp;&nbsp;&nbsp;&nbsp;&nbsp;&nbsp; ******<\/p>\n<p>Publi\u00e9 le 25 juin 2024 sur <a href=\"https:\/\/electronicintifada.net\/content\/bombing-and-starving-gaza-cant-reverse-israels-strategic-failure\/47306\" target=\"_blank\" rel=\"noopener\"><strong>The Electronic Intifada<\/strong><\/a><br \/>\nTraduction : Jean-Marie Fl\u00e9mal, <strong><a href=\"http:\/\/www.pourlapalestine.be\/\">Charleroi pour la Palestine<\/a><\/strong><\/p>\n<\/div>\n","protected":false},"excerpt":{"rendered":"<p>Il n&rsquo;y aura pas de paix tant que le contexte qui donne naissance \u00e0 la r\u00e9sistance arm\u00e9e ne changera pas fondamentalement, et il n&rsquo;y aura pas de changement fondamental sans r\u00e9sistance arm\u00e9e.<\/p>\n","protected":false},"author":1,"featured_media":73596,"comment_status":"closed","ping_status":"closed","sticky":false,"template":"","format":"standard","meta":{"ngg_post_thumbnail":0,"footnotes":""},"categories":[960,164,52,931,6,344,197,137,924,191,25,51,940],"tags":[],"class_list":["post-73594","post","type-post","status-publish","format-standard","has-post-thumbnail","hentry","category-ansarullah","category-droit-international","category-la-cour-penale-internationale","category-famine","category-gaza","category-genocide","category-hamas","category-hezbollah","category-hopitaux","category-liban","category-la-resistance-palestinienne","category-lunrwa","category-yemen-2"],"yoast_head":"<!-- This site is optimized with the Yoast SEO plugin v27.3 - https:\/\/yoast.com\/product\/yoast-seo-wordpress\/ -->\n<title>Bombarder et affamer Gaza ne pourra inverser l&#039;\u00e9chec strat\u00e9gique d&#039;Isra\u00ebl<\/title>\n<meta name=\"description\" content=\"Le Hamas \u00e0 Gaza, le Hezbollah au Liban et d&#039;autres acteurs r\u00e9gionaux comme Ansarullah au Y\u00e9men sont n\u00e9s de l&#039;occupation \u00e9trang\u00e8re\" \/>\n<meta name=\"robots\" content=\"index, follow, max-snippet:-1, max-image-preview:large, max-video-preview:-1\" \/>\n<link rel=\"canonical\" href=\"https:\/\/charleroi-pourlapalestine.be\/index.php\/2024\/06\/27\/bombarder-et-affamer-gaza-ne-pourra-inverser-lechec-strategique-disrael\/\" \/>\n<script type=\"application\/ld+json\" class=\"yoast-schema-graph\">{\"@context\":\"https:\\\/\\\/schema.org\",\"@graph\":[{\"@type\":\"Article\",\"@id\":\"https:\\\/\\\/charleroi-pourlapalestine.be\\\/index.php\\\/2024\\\/06\\\/27\\\/bombarder-et-affamer-gaza-ne-pourra-inverser-lechec-strategique-disrael\\\/#article\",\"isPartOf\":{\"@id\":\"https:\\\/\\\/charleroi-pourlapalestine.be\\\/index.php\\\/2024\\\/06\\\/27\\\/bombarder-et-affamer-gaza-ne-pourra-inverser-lechec-strategique-disrael\\\/\"},\"author\":{\"name\":\"admin1873\",\"@id\":\"https:\\\/\\\/charleroi-pourlapalestine.be\\\/#\\\/schema\\\/person\\\/c19ff515112f1299d8c12671d8fe3faa\"},\"headline\":\"Bombarder et affamer Gaza ne pourra inverser l&rsquo;\u00e9chec strat\u00e9gique d&rsquo;Isra\u00ebl\",\"datePublished\":\"2024-06-27T16:16:54+00:00\",\"dateModified\":\"2024-06-28T01:54:50+00:00\",\"mainEntityOfPage\":{\"@id\":\"https:\\\/\\\/charleroi-pourlapalestine.be\\\/index.php\\\/2024\\\/06\\\/27\\\/bombarder-et-affamer-gaza-ne-pourra-inverser-lechec-strategique-disrael\\\/\"},\"wordCount\":2734,\"publisher\":{\"@id\":\"https:\\\/\\\/charleroi-pourlapalestine.be\\\/#organization\"},\"image\":{\"@id\":\"https:\\\/\\\/charleroi-pourlapalestine.be\\\/index.php\\\/2024\\\/06\\\/27\\\/bombarder-et-affamer-gaza-ne-pourra-inverser-lechec-strategique-disrael\\\/#primaryimage\"},\"thumbnailUrl\":\"https:\\\/\\\/charleroi-pourlapalestine.be\\\/wp-content\\\/uploads\\\/2024\\\/06\\\/Deir-al-Balah-Gaza.png\",\"articleSection\":[\"Ansarallah\",\"Droit international\",\"Etats-Unis\",\"Famine\",\"Gaza\",\"G\u00e9nocide\",\"Hamas\",\"Hezbollah\",\"H\u00f4pitaux\",\"Liban\",\"R\u00e9sistance\",\"UNRWA\",\"Y\u00e9men\"],\"inLanguage\":\"fr-FR\"},{\"@type\":\"WebPage\",\"@id\":\"https:\\\/\\\/charleroi-pourlapalestine.be\\\/index.php\\\/2024\\\/06\\\/27\\\/bombarder-et-affamer-gaza-ne-pourra-inverser-lechec-strategique-disrael\\\/\",\"url\":\"https:\\\/\\\/charleroi-pourlapalestine.be\\\/index.php\\\/2024\\\/06\\\/27\\\/bombarder-et-affamer-gaza-ne-pourra-inverser-lechec-strategique-disrael\\\/\",\"name\":\"Bombarder et affamer Gaza ne pourra inverser l'\u00e9chec strat\u00e9gique d'Isra\u00ebl\",\"isPartOf\":{\"@id\":\"https:\\\/\\\/charleroi-pourlapalestine.be\\\/#website\"},\"primaryImageOfPage\":{\"@id\":\"https:\\\/\\\/charleroi-pourlapalestine.be\\\/index.php\\\/2024\\\/06\\\/27\\\/bombarder-et-affamer-gaza-ne-pourra-inverser-lechec-strategique-disrael\\\/#primaryimage\"},\"image\":{\"@id\":\"https:\\\/\\\/charleroi-pourlapalestine.be\\\/index.php\\\/2024\\\/06\\\/27\\\/bombarder-et-affamer-gaza-ne-pourra-inverser-lechec-strategique-disrael\\\/#primaryimage\"},\"thumbnailUrl\":\"https:\\\/\\\/charleroi-pourlapalestine.be\\\/wp-content\\\/uploads\\\/2024\\\/06\\\/Deir-al-Balah-Gaza.png\",\"datePublished\":\"2024-06-27T16:16:54+00:00\",\"dateModified\":\"2024-06-28T01:54:50+00:00\",\"description\":\"Le Hamas \u00e0 Gaza, le Hezbollah au Liban et d'autres acteurs r\u00e9gionaux comme Ansarullah au Y\u00e9men sont n\u00e9s de l'occupation \u00e9trang\u00e8re\",\"breadcrumb\":{\"@id\":\"https:\\\/\\\/charleroi-pourlapalestine.be\\\/index.php\\\/2024\\\/06\\\/27\\\/bombarder-et-affamer-gaza-ne-pourra-inverser-lechec-strategique-disrael\\\/#breadcrumb\"},\"inLanguage\":\"fr-FR\",\"potentialAction\":[{\"@type\":\"ReadAction\",\"target\":[\"https:\\\/\\\/charleroi-pourlapalestine.be\\\/index.php\\\/2024\\\/06\\\/27\\\/bombarder-et-affamer-gaza-ne-pourra-inverser-lechec-strategique-disrael\\\/\"]}]},{\"@type\":\"ImageObject\",\"inLanguage\":\"fr-FR\",\"@id\":\"https:\\\/\\\/charleroi-pourlapalestine.be\\\/index.php\\\/2024\\\/06\\\/27\\\/bombarder-et-affamer-gaza-ne-pourra-inverser-lechec-strategique-disrael\\\/#primaryimage\",\"url\":\"https:\\\/\\\/charleroi-pourlapalestine.be\\\/wp-content\\\/uploads\\\/2024\\\/06\\\/Deir-al-Balah-Gaza.png\",\"contentUrl\":\"https:\\\/\\\/charleroi-pourlapalestine.be\\\/wp-content\\\/uploads\\\/2024\\\/06\\\/Deir-al-Balah-Gaza.png\",\"width\":1030,\"height\":682},{\"@type\":\"BreadcrumbList\",\"@id\":\"https:\\\/\\\/charleroi-pourlapalestine.be\\\/index.php\\\/2024\\\/06\\\/27\\\/bombarder-et-affamer-gaza-ne-pourra-inverser-lechec-strategique-disrael\\\/#breadcrumb\",\"itemListElement\":[{\"@type\":\"ListItem\",\"position\":1,\"name\":\"Accueil\",\"item\":\"https:\\\/\\\/charleroi-pourlapalestine.be\\\/\"},{\"@type\":\"ListItem\",\"position\":2,\"name\":\"Bombarder et affamer Gaza ne pourra inverser l&#8217;\u00e9chec strat\u00e9gique d&#8217;Isra\u00ebl\"}]},{\"@type\":\"WebSite\",\"@id\":\"https:\\\/\\\/charleroi-pourlapalestine.be\\\/#website\",\"url\":\"https:\\\/\\\/charleroi-pourlapalestine.be\\\/\",\"name\":\"Charleroi Pour la Palestine\",\"description\":\"\",\"publisher\":{\"@id\":\"https:\\\/\\\/charleroi-pourlapalestine.be\\\/#organization\"},\"potentialAction\":[{\"@type\":\"SearchAction\",\"target\":{\"@type\":\"EntryPoint\",\"urlTemplate\":\"https:\\\/\\\/charleroi-pourlapalestine.be\\\/?s={search_term_string}\"},\"query-input\":{\"@type\":\"PropertyValueSpecification\",\"valueRequired\":true,\"valueName\":\"search_term_string\"}}],\"inLanguage\":\"fr-FR\"},{\"@type\":\"Organization\",\"@id\":\"https:\\\/\\\/charleroi-pourlapalestine.be\\\/#organization\",\"name\":\"Plate-forme Charleroi-Palestine\",\"url\":\"https:\\\/\\\/charleroi-pourlapalestine.be\\\/\",\"logo\":{\"@type\":\"ImageObject\",\"inLanguage\":\"fr-FR\",\"@id\":\"https:\\\/\\\/charleroi-pourlapalestine.be\\\/#\\\/schema\\\/logo\\\/image\\\/\",\"url\":\"https:\\\/\\\/charleroi-pourlapalestine.be\\\/wp-content\\\/uploads\\\/2020\\\/01\\\/logo-Copy.jpg\",\"contentUrl\":\"https:\\\/\\\/charleroi-pourlapalestine.be\\\/wp-content\\\/uploads\\\/2020\\\/01\\\/logo-Copy.jpg\",\"width\":180,\"height\":180,\"caption\":\"Plate-forme Charleroi-Palestine\"},\"image\":{\"@id\":\"https:\\\/\\\/charleroi-pourlapalestine.be\\\/#\\\/schema\\\/logo\\\/image\\\/\"},\"sameAs\":[\"https:\\\/\\\/www.facebook.com\\\/PlateformeCharleroiPalestine\\\/\",\"https:\\\/\\\/x.com\\\/LaCharleroi\"]},{\"@type\":\"Person\",\"@id\":\"https:\\\/\\\/charleroi-pourlapalestine.be\\\/#\\\/schema\\\/person\\\/c19ff515112f1299d8c12671d8fe3faa\",\"name\":\"admin1873\",\"url\":\"https:\\\/\\\/charleroi-pourlapalestine.be\\\/index.php\\\/author\\\/admin1873\\\/\"}]}<\/script>\n<!-- \/ Yoast SEO plugin. -->","yoast_head_json":{"title":"Bombarder et affamer Gaza ne pourra inverser l'\u00e9chec strat\u00e9gique d'Isra\u00ebl","description":"Le Hamas \u00e0 Gaza, le Hezbollah au Liban et d'autres acteurs r\u00e9gionaux comme Ansarullah au Y\u00e9men sont n\u00e9s de l'occupation \u00e9trang\u00e8re","robots":{"index":"index","follow":"follow","max-snippet":"max-snippet:-1","max-image-preview":"max-image-preview:large","max-video-preview":"max-video-preview:-1"},"canonical":"https:\/\/charleroi-pourlapalestine.be\/index.php\/2024\/06\/27\/bombarder-et-affamer-gaza-ne-pourra-inverser-lechec-strategique-disrael\/","schema":{"@context":"https:\/\/schema.org","@graph":[{"@type":"Article","@id":"https:\/\/charleroi-pourlapalestine.be\/index.php\/2024\/06\/27\/bombarder-et-affamer-gaza-ne-pourra-inverser-lechec-strategique-disrael\/#article","isPartOf":{"@id":"https:\/\/charleroi-pourlapalestine.be\/index.php\/2024\/06\/27\/bombarder-et-affamer-gaza-ne-pourra-inverser-lechec-strategique-disrael\/"},"author":{"name":"admin1873","@id":"https:\/\/charleroi-pourlapalestine.be\/#\/schema\/person\/c19ff515112f1299d8c12671d8fe3faa"},"headline":"Bombarder et affamer Gaza ne pourra inverser l&rsquo;\u00e9chec strat\u00e9gique d&rsquo;Isra\u00ebl","datePublished":"2024-06-27T16:16:54+00:00","dateModified":"2024-06-28T01:54:50+00:00","mainEntityOfPage":{"@id":"https:\/\/charleroi-pourlapalestine.be\/index.php\/2024\/06\/27\/bombarder-et-affamer-gaza-ne-pourra-inverser-lechec-strategique-disrael\/"},"wordCount":2734,"publisher":{"@id":"https:\/\/charleroi-pourlapalestine.be\/#organization"},"image":{"@id":"https:\/\/charleroi-pourlapalestine.be\/index.php\/2024\/06\/27\/bombarder-et-affamer-gaza-ne-pourra-inverser-lechec-strategique-disrael\/#primaryimage"},"thumbnailUrl":"https:\/\/charleroi-pourlapalestine.be\/wp-content\/uploads\/2024\/06\/Deir-al-Balah-Gaza.png","articleSection":["Ansarallah","Droit international","Etats-Unis","Famine","Gaza","G\u00e9nocide","Hamas","Hezbollah","H\u00f4pitaux","Liban","R\u00e9sistance","UNRWA","Y\u00e9men"],"inLanguage":"fr-FR"},{"@type":"WebPage","@id":"https:\/\/charleroi-pourlapalestine.be\/index.php\/2024\/06\/27\/bombarder-et-affamer-gaza-ne-pourra-inverser-lechec-strategique-disrael\/","url":"https:\/\/charleroi-pourlapalestine.be\/index.php\/2024\/06\/27\/bombarder-et-affamer-gaza-ne-pourra-inverser-lechec-strategique-disrael\/","name":"Bombarder et affamer Gaza ne pourra inverser l'\u00e9chec strat\u00e9gique d'Isra\u00ebl","isPartOf":{"@id":"https:\/\/charleroi-pourlapalestine.be\/#website"},"primaryImageOfPage":{"@id":"https:\/\/charleroi-pourlapalestine.be\/index.php\/2024\/06\/27\/bombarder-et-affamer-gaza-ne-pourra-inverser-lechec-strategique-disrael\/#primaryimage"},"image":{"@id":"https:\/\/charleroi-pourlapalestine.be\/index.php\/2024\/06\/27\/bombarder-et-affamer-gaza-ne-pourra-inverser-lechec-strategique-disrael\/#primaryimage"},"thumbnailUrl":"https:\/\/charleroi-pourlapalestine.be\/wp-content\/uploads\/2024\/06\/Deir-al-Balah-Gaza.png","datePublished":"2024-06-27T16:16:54+00:00","dateModified":"2024-06-28T01:54:50+00:00","description":"Le Hamas \u00e0 Gaza, le Hezbollah au Liban et d'autres acteurs r\u00e9gionaux comme Ansarullah au Y\u00e9men sont n\u00e9s de l'occupation \u00e9trang\u00e8re","breadcrumb":{"@id":"https:\/\/charleroi-pourlapalestine.be\/index.php\/2024\/06\/27\/bombarder-et-affamer-gaza-ne-pourra-inverser-lechec-strategique-disrael\/#breadcrumb"},"inLanguage":"fr-FR","potentialAction":[{"@type":"ReadAction","target":["https:\/\/charleroi-pourlapalestine.be\/index.php\/2024\/06\/27\/bombarder-et-affamer-gaza-ne-pourra-inverser-lechec-strategique-disrael\/"]}]},{"@type":"ImageObject","inLanguage":"fr-FR","@id":"https:\/\/charleroi-pourlapalestine.be\/index.php\/2024\/06\/27\/bombarder-et-affamer-gaza-ne-pourra-inverser-lechec-strategique-disrael\/#primaryimage","url":"https:\/\/charleroi-pourlapalestine.be\/wp-content\/uploads\/2024\/06\/Deir-al-Balah-Gaza.png","contentUrl":"https:\/\/charleroi-pourlapalestine.be\/wp-content\/uploads\/2024\/06\/Deir-al-Balah-Gaza.png","width":1030,"height":682},{"@type":"BreadcrumbList","@id":"https:\/\/charleroi-pourlapalestine.be\/index.php\/2024\/06\/27\/bombarder-et-affamer-gaza-ne-pourra-inverser-lechec-strategique-disrael\/#breadcrumb","itemListElement":[{"@type":"ListItem","position":1,"name":"Accueil","item":"https:\/\/charleroi-pourlapalestine.be\/"},{"@type":"ListItem","position":2,"name":"Bombarder et affamer Gaza ne pourra inverser l&#8217;\u00e9chec strat\u00e9gique d&#8217;Isra\u00ebl"}]},{"@type":"WebSite","@id":"https:\/\/charleroi-pourlapalestine.be\/#website","url":"https:\/\/charleroi-pourlapalestine.be\/","name":"Charleroi Pour la Palestine","description":"","publisher":{"@id":"https:\/\/charleroi-pourlapalestine.be\/#organization"},"potentialAction":[{"@type":"SearchAction","target":{"@type":"EntryPoint","urlTemplate":"https:\/\/charleroi-pourlapalestine.be\/?s={search_term_string}"},"query-input":{"@type":"PropertyValueSpecification","valueRequired":true,"valueName":"search_term_string"}}],"inLanguage":"fr-FR"},{"@type":"Organization","@id":"https:\/\/charleroi-pourlapalestine.be\/#organization","name":"Plate-forme Charleroi-Palestine","url":"https:\/\/charleroi-pourlapalestine.be\/","logo":{"@type":"ImageObject","inLanguage":"fr-FR","@id":"https:\/\/charleroi-pourlapalestine.be\/#\/schema\/logo\/image\/","url":"https:\/\/charleroi-pourlapalestine.be\/wp-content\/uploads\/2020\/01\/logo-Copy.jpg","contentUrl":"https:\/\/charleroi-pourlapalestine.be\/wp-content\/uploads\/2020\/01\/logo-Copy.jpg","width":180,"height":180,"caption":"Plate-forme Charleroi-Palestine"},"image":{"@id":"https:\/\/charleroi-pourlapalestine.be\/#\/schema\/logo\/image\/"},"sameAs":["https:\/\/www.facebook.com\/PlateformeCharleroiPalestine\/","https:\/\/x.com\/LaCharleroi"]},{"@type":"Person","@id":"https:\/\/charleroi-pourlapalestine.be\/#\/schema\/person\/c19ff515112f1299d8c12671d8fe3faa","name":"admin1873","url":"https:\/\/charleroi-pourlapalestine.be\/index.php\/author\/admin1873\/"}]}},"_links":{"self":[{"href":"https:\/\/charleroi-pourlapalestine.be\/index.php\/wp-json\/wp\/v2\/posts\/73594","targetHints":{"allow":["GET"]}}],"collection":[{"href":"https:\/\/charleroi-pourlapalestine.be\/index.php\/wp-json\/wp\/v2\/posts"}],"about":[{"href":"https:\/\/charleroi-pourlapalestine.be\/index.php\/wp-json\/wp\/v2\/types\/post"}],"author":[{"embeddable":true,"href":"https:\/\/charleroi-pourlapalestine.be\/index.php\/wp-json\/wp\/v2\/users\/1"}],"replies":[{"embeddable":true,"href":"https:\/\/charleroi-pourlapalestine.be\/index.php\/wp-json\/wp\/v2\/comments?post=73594"}],"version-history":[{"count":0,"href":"https:\/\/charleroi-pourlapalestine.be\/index.php\/wp-json\/wp\/v2\/posts\/73594\/revisions"}],"wp:featuredmedia":[{"embeddable":true,"href":"https:\/\/charleroi-pourlapalestine.be\/index.php\/wp-json\/wp\/v2\/media\/73596"}],"wp:attachment":[{"href":"https:\/\/charleroi-pourlapalestine.be\/index.php\/wp-json\/wp\/v2\/media?parent=73594"}],"wp:term":[{"taxonomy":"category","embeddable":true,"href":"https:\/\/charleroi-pourlapalestine.be\/index.php\/wp-json\/wp\/v2\/categories?post=73594"},{"taxonomy":"post_tag","embeddable":true,"href":"https:\/\/charleroi-pourlapalestine.be\/index.php\/wp-json\/wp\/v2\/tags?post=73594"}],"curies":[{"name":"wp","href":"https:\/\/api.w.org\/{rel}","templated":true}]}}