{"id":74856,"date":"2024-08-04T12:21:40","date_gmt":"2024-08-04T10:21:40","guid":{"rendered":"https:\/\/charleroi-pourlapalestine.be\/?p=74856"},"modified":"2024-08-04T12:22:44","modified_gmt":"2024-08-04T10:22:44","slug":"pourquoi-loccident-a-cree-un-nouveau-dictionnaire-pour-israel-et-la-palestine","status":"publish","type":"post","link":"https:\/\/charleroi-pourlapalestine.be\/index.php\/2024\/08\/04\/pourquoi-loccident-a-cree-un-nouveau-dictionnaire-pour-israel-et-la-palestine\/","title":{"rendered":"Pourquoi l\u2019Occident a cr\u00e9\u00e9 un nouveau dictionnaire pour Isra\u00ebl et la Palestine"},"content":{"rendered":"<p>Dans l\u2019Occident officiel et ses m\u00e9dias grand public, il existe un dictionnaire et un th\u00e9saurus sp\u00e9cialis\u00e9s pour traduire au public occidental tout ce qui concerne Isra\u00ebl et la Palestine.<\/p>\n<p>&nbsp;<\/p>\n<p><img loading=\"lazy\" decoding=\"async\" class=\"aligncenter wp-image-74864 size-full\" src=\"https:\/\/charleroi-pourlapalestine.be\/wp-content\/uploads\/2024\/08\/Dictionnaire-NYT.png\" alt=\"Un nouveau dictionnaire pour Isra\u00ebl et la Palestine\" width=\"840\" height=\"410\" srcset=\"https:\/\/charleroi-pourlapalestine.be\/wp-content\/uploads\/2024\/08\/Dictionnaire-NYT.png 840w, https:\/\/charleroi-pourlapalestine.be\/wp-content\/uploads\/2024\/08\/Dictionnaire-NYT-300x146.png 300w, https:\/\/charleroi-pourlapalestine.be\/wp-content\/uploads\/2024\/08\/Dictionnaire-NYT-768x375.png 768w\" sizes=\"auto, (max-width: 840px) 100vw, 840px\" \/><\/p>\n<p>&nbsp;<\/p>\n<p><a href=\"https:\/\/charleroi-pourlapalestine.be\/index.php\/tag\/joseph-massad\/\"><strong>Joseph Massad,<\/strong><\/a> 29 juillet 2024.<\/p>\n<p>Les responsables et les journalistes doivent \u00e9galement adh\u00e9rer \u00e0 une syntaxe grammaticale particuli\u00e8re, en particulier lorsqu\u2019ils utilisent des verbes \u00e0 la voix active ou passive.<\/p>\n<p>Cette pratique de d\u00e9finition et de traduction est au c\u0153ur de la politique de repr\u00e9sentation occidentale. Elle garantit l\u2019uniformit\u00e9 id\u00e9ologique sur la question d\u2019Isra\u00ebl et de la Palestine dans l\u2019ensemble du spectre politique respectable, qui, du moins aux \u00c9tats-Unis, est si \u00e9troit entre les partis d\u00e9mocrate et r\u00e9publicain qu\u2019il pourrait \u00eatre mesur\u00e9 en millim\u00e8tres.<\/p>\n<p><strong>Apr\u00e8s le 7 octobre, l\u2019application de ce dictionnaire et de ce lexique s\u2019est intensifi\u00e9e pour donner une couverture \u00e0 la sauvagerie d\u2019Isra\u00ebl \u00e0 Gaza.<\/strong><\/p>\n<p>Cela inclut l\u2019exigence que les responsables du gouvernement et des m\u00e9dias ne puissent pas citer les statistiques du minist\u00e8re palestinien de la Sant\u00e9 sur les victimes du g\u00e9nocide isra\u00e9lien sans les pr\u00e9facer de la mention<\/p>\n<blockquote><p>\u00ab dirig\u00e9 par le Hamas \u00bb<\/p><\/blockquote>\n<p>pour jeter le doute sur les chiffres.<\/p>\n<p>De telles directives vont \u00e0 l\u2019encontre des positions de l\u2019Organisation mondiale de la sant\u00e9 et d\u2019autres agences humanitaires internationales, qui ont exprim\u00e9 une confiance totale dans l\u2019exactitude des chiffres des victimes.<\/p>\n<p><strong>Le refus d\u2019accepter ces chiffres<\/strong> est la position officielle du gouvernement am\u00e9ricain et de la Ligue anti-diffamation anti-palestinienne, qui a men\u00e9 la charge \u00e0 cet \u00e9gard.<\/p>\n<p>Le gouvernement am\u00e9ricain ne s\u2019est cependant pas content\u00e9 d\u2019imposer son dictionnaire aux seuls \u00c9tats-Unis et a cherch\u00e9 \u00e0 l\u2019imposer \u00e9galement aux m\u00e9dias arabes.<\/p>\n<p>Fin octobre, le secr\u00e9taire d\u2019\u00c9tat Antony Blinken a demand\u00e9 au gouvernement qatari d\u2019imposer le dictionnaire am\u00e9ricain au r\u00e9seau<em> Al Jazeera<\/em> dans sa couverture du g\u00e9nocide, a-t-il assur\u00e9 aux dirigeants juifs am\u00e9ricains.<\/p>\n<p><strong>En effet, les gouvernements occidentaux et les \u00e9lites financi\u00e8res reconnaissent depuis longtemps la centralit\u00e9 de la langue dans leur projet d\u2019endoctrinement politique.<\/strong> \u00c0 cette fin, leurs efforts continus pour contr\u00f4ler les journalistes, les universitaires et le grand public \u2013 et faire respecter le dictionnaire id\u00e9ologique approuv\u00e9 par le gouvernement \u2013 \u200b\u200bsont imp\u00e9ratifs.<\/p>\n<p>Un examen de quelques exemples de ces r\u00e8gles de traduction impos\u00e9s par les gouvernements occidentaux et leurs m\u00e9dias aux ordres est instructif.<\/p>\n<p>&nbsp;<\/p>\n<h3>Contr\u00f4le linguistique<\/h3>\n<p><em>Le New York Times<\/em>, voix officieuse du r\u00e9gime am\u00e9ricain et principal guide du reste de la presse occidentale, est le premier \u00e0 respecter scrupuleusement ces acrobaties linguistiques et dictionnariales.<\/p>\n<p>En novembre 2023, Susan Wessling, r\u00e9dactrice en chef des normes du Times, ainsi que Philip Pan, r\u00e9dacteur en chef international, et leurs adjoints, ont envoy\u00e9 une note interne aux journalistes couvrant la guerre d\u2019Isra\u00ebl contre Gaza.<\/p>\n<p>Selon ses auteurs, l\u2019objectif de la note \u00e9tait de fournir<\/p>\n<blockquote><p>\u00ab des conseils sur certains termes et d\u2019autres probl\u00e8mes auxquels ils sont confront\u00e9s depuis le d\u00e9but du conflit en octobre \u00bb.<\/p><\/blockquote>\n<p>Il s\u2019agissait simplement de la derni\u00e8re mise \u00e0 jour sur l\u2019utilisation du langage dans la couverture du journal des Isra\u00e9liens et des Palestiniens.<\/p>\n<p>Les r\u00e9dacteurs en chef du <em>Times<\/em> ont demand\u00e9 aux journalistes de limiter l\u2019utilisation de termes comme \u00ab<strong><em> g\u00e9nocide \u00bb<\/em><\/strong> et <strong><em>\u00ab nettoyage ethnique \u00bb,<\/em><\/strong> de ne pas utiliser le mot <strong>Palestine <em>\u00ab sauf dans de rares cas \u00bb<\/em><\/strong> et d\u2019\u00e9viter des termes comme <strong><em>\u00ab camps de r\u00e9fugi\u00e9s \u00bb<\/em><\/strong> et<strong><em> \u00ab territoire occup\u00e9 \u00bb<\/em><\/strong> pour d\u00e9crire les v\u00e9ritables camps de r\u00e9fugi\u00e9s palestiniens et les territoires occup\u00e9s par Isra\u00ebl.<\/p>\n<p>Le m\u00e9mo enjoint \u00e9galement les journalistes \u00e0 faire preuve de prudence dans leur utilisation de termes <em>\u00ab incendiaires \u00bb<\/em> comme<strong><em> \u00ab massacre \u00bb, \u00ab carnage \u00bb<\/em><\/strong> pour d\u00e9crire les meurtres <em>\u00ab de tous c\u00f4t\u00e9s \u00bb.<\/em><\/p>\n<p>Pourtant, comme l\u2019a r\u00e9v\u00e9l\u00e9<em> The Intercept<\/em>, le journal a persist\u00e9 \u00e0 utiliser ce langage<\/p>\n<blockquote><p>\u00ab \u00e0 plusieurs reprises pour d\u00e9crire les attaques contre des Isra\u00e9liens par des Palestiniens et presque jamais dans le cas des massacres \u00e0 grande \u00e9chelle de Palestiniens par Isra\u00ebl \u00bb.<\/p><\/blockquote>\n<p>En fait, c\u2019est la col\u00e8re et les luttes intestines au sein des propres journalistes du <em>Times<\/em> au sujet du parti pris pro-isra\u00e9lien du m\u00e9dia qui ont incit\u00e9 les cadres sup\u00e9rieurs \u00e0 publier ce m\u00e9mo et \u00e0 remettre les pendules \u00e0 l\u2019heure.<\/p>\n<p>&nbsp;<\/p>\n<div id=\"attachment_74866\" style=\"width: 517px\" class=\"wp-caption aligncenter\"><img loading=\"lazy\" decoding=\"async\" aria-describedby=\"caption-attachment-74866\" class=\"wp-image-74866 size-full\" src=\"https:\/\/charleroi-pourlapalestine.be\/wp-content\/uploads\/2024\/08\/Dictionnaire-Le-Monde-e1722766229952.jpeg\" alt=\"Un nouveau dictionnaire pour Isra\u00ebl et la Palestine? Photo : Un exemple complice dans un m\u00e9dia fran\u00e7ais : des guillemets pour relativiser le mot torture, ou pour semer le doute sur la v\u00e9racit\u00e9 de l\u2019information. (Note ISM-France)\" width=\"507\" height=\"490\"><p id=\"caption-attachment-74866\" class=\"wp-caption-text\"><strong>Un exemple complice dans un m\u00e9dia fran\u00e7ais : des guillemets pour relativiser le mot torture, ou pour semer le doute sur la v\u00e9racit\u00e9 de l\u2019information.<\/strong> (Note ISM-France)<\/p><\/div>\n<p>&nbsp;<\/p>\n<h3>\nGuerre des mots<\/h3>\n<p>Le langage utilis\u00e9 pour nommer les guerres et les op\u00e9rations militaires est \u00e9galement r\u00e9v\u00e9lateur de ces pratiques de traduction.<\/p>\n<p>Imm\u00e9diatement apr\u00e8s qu\u2019Isra\u00ebl a lanc\u00e9 son g\u00e9nocide contre le peuple palestinien en octobre, ses partisans dans la presse grand public se sont empress\u00e9s de le surnommer <strong><em>\u00ab la guerre Isra\u00ebl-Hamas \u00bb.<\/em><\/strong><\/p>\n<p>C\u2019\u00e9tait une \u00e9tiquette int\u00e9ressante \u00e9tant donn\u00e9 que le Hamas est l\u2019organe l\u00e9gitime de gouvernance de Gaza. Le mouvement de r\u00e9sistance palestinien a remport\u00e9 les derni\u00e8res \u00e9lections d\u00e9mocratiques en Cisjordanie et \u00e0 Gaza lors d\u2019une victoire \u00e9crasante en janvier 2006.<\/p>\n<p>Peu apr\u00e8s avoir pris la t\u00eate du pays, le Hamas a \u00e9t\u00e9 confront\u00e9 \u00e0 un coup d\u2019\u00c9tat soutenu par les \u00c9tats-Unis pour r\u00e9installer le parti palestinien collaborateur Fatah, qui cherchait \u00e0 reprendre le contr\u00f4le de l\u2019Autorit\u00e9 palestinienne.<\/p>\n<p>Le coup d\u2019\u00c9tat am\u00e9ricain a r\u00e9ussi en Cisjordanie mais a \u00e9chou\u00e9 \u00e0 Gaza, o\u00f9 le gouvernement d\u00e9mocratiquement \u00e9lu du Hamas a vaincu les comploteurs criminels du Fatah et leurs soutiens. Toutes les tentatives depuis lors d\u2019organiser de nouvelles \u00e9lections ont \u00e9t\u00e9 violemment combattues par l\u2019Autorit\u00e9 palestinienne soutenue par les \u00c9tats-Unis et dirig\u00e9e par le Fatah, qui a usurp\u00e9 le pouvoir lors du coup d\u2019\u00c9tat.<\/p>\n<p>Sur la base de cette histoire r\u00e9cente bien document\u00e9e, la guerre g\u00e9nocidaire d\u2019Isra\u00ebl contre le peuple palestinien aurait d\u00fb au moins \u00eatre qualifi\u00e9e de<strong><em> \u00ab guerre isra\u00e9lo-palestinienne<\/em><\/strong> \u00bb, ce qui serait la description la plus neutre de ce qui s\u2019est pass\u00e9.<\/p>\n<p>Cela n\u2019est pas moins vrai \u00e9tant donn\u00e9 l\u2019escalade massive de la violence isra\u00e9lienne contre les Palestiniens et les meurtres de ces derniers en Cisjordanie occup\u00e9e depuis octobre.<\/p>\n<p>Le gouvernement isra\u00e9lien lui-m\u00eame a d\u00e9clar\u00e9 \u00e0 plusieurs reprises la guerre \u00e0 tous les Palestiniens, mais les m\u00e9dias occidentaux continuent de ne citer que le Hamas comme cible de la guerre d\u2019Isra\u00ebl.<\/p>\n<p>La condamnation du mouvement par les autorit\u00e9s occidentales a permis \u00e0 la classe politique, aux m\u00e9dias et aux ONG de prot\u00e9ger Isra\u00ebl de toute perception d\u2019une attaque contre le peuple palestinien dans son ensemble.<\/p>\n<p>M\u00eame apr\u00e8s avoir tu\u00e9 plus de 40.000 personnes et en avoir bless\u00e9 plus de 90.000 autres, Isra\u00ebl continue d\u2019\u00eatre d\u00e9crit comme un combattant contre des terroristes ill\u00e9gitimes.<\/p>\n<p>Mais si les affiliations particuli\u00e8res des mouvements et des partis politiques au pouvoir sont si pertinentes pour la guerre, comme les politiciens et les r\u00e9dacteurs en chef des m\u00e9dias occidentaux semblent le croire, alors pourquoi ne pas l\u2019appeler la <em>\u00ab guerre Likoud-Hamas \u00bb<\/em> ?<\/p>\n<p>Ce processus de d\u00e9nomination, bien s\u00fbr, ne s\u2019appliquerait jamais aux guerres am\u00e9ricaines.<\/p>\n<p>Faut-il parler, par exemple, de<em> \u00ab guerre r\u00e9publicaine-Baas \u00bb<\/em> pour d\u00e9crire l\u2019invasion de l\u2019Irak par Bush en 2003 ?<\/p>\n<p>Depuis la guerre civile am\u00e9ricaine et jusqu\u2019\u00e0 l\u2019administration Reagan, toutes les invasions am\u00e9ricaines et les guerres \u00e9trang\u00e8res ont \u00e9t\u00e9 lanc\u00e9es par le Parti d\u00e9mocrate au pouvoir.<\/p>\n<p>Faut-il alors parler des invasions de la Cor\u00e9e et du Vietnam par le Parti d\u00e9mocrate am\u00e9ricain au lieu de la nomenclature obscure utilis\u00e9e dans <em>\u00ab la guerre de Cor\u00e9e \u00bb<\/em> et <em>\u00ab la guerre du Vietnam \u00bb<\/em> ? Que diriez-vous de la guerre am\u00e9ricano-vietminh, ou, pour utiliser le terme raciste am\u00e9ricain pour le Viet Minh, de la guerre am\u00e9ricano-vietcong ?<\/p>\n<p>En effet, le regrett\u00e9 s\u00e9nateur r\u00e9publicain Bob Dole avait qualifi\u00e9 ces guerres de <em>\u00ab guerres d\u00e9mocrates \u00bb<\/em> en 1976. Si nous devions le faire aujourd\u2019hui, nous aurions tout \u00e0 fait raison de rejeter la responsabilit\u00e9 sur le Parti d\u00e9mocrate am\u00e9ricain pour son carnage imp\u00e9rialiste, qui a tu\u00e9 des millions de personnes en Cor\u00e9e et au Vietnam.<\/p>\n<p>Il serait tout aussi juste de tenir le parti responsable de son soutien inconditionnel au carnage isra\u00e9lien en cours \u00e0 Gaza.<\/p>\n<p>Les m\u00e9dias grand public comme le <em>Times<\/em> veulent cependant cacher la v\u00e9rit\u00e9 :<strong> Isra\u00ebl utilise principalement le Hamas comme pr\u00e9texte pour massacrer le peuple palestinien.<\/strong> Le nombre de victimes civiles, y compris le <strong>meurtre syst\u00e9matique de journalistes, de m\u00e9decins et de travailleurs humanitaires<\/strong>, ne semble pas les d\u00e9tourner de ce r\u00e9cit.<\/p>\n<p>&nbsp;<\/p>\n<h3>Termes sp\u00e9cialis\u00e9s<\/h3>\n<p>On note \u00e9galement depuis des d\u00e9cennies que le <em>Times<\/em> et une grande partie de la presse occidentale traditionnelle utilisent toujours la voix passive lorsqu\u2019ils rendent compte des meurtres isra\u00e9liens de Palestiniens.<\/p>\n<p>Les Palestiniens sont myst\u00e9rieusement <em>\u00ab tu\u00e9s \u00bb<\/em> (peut-\u00eatre par des extraterrestres) ou ils<em> \u00ab meurent<\/em> \u00bb soudainement. En revanche, la couverture m\u00e9diatique des attaques palestiniennes contre les Isra\u00e9liens emploie toujours la voix active et identifie clairement les auteurs.<\/p>\n<p>Cela s\u2019applique \u00e9galement \u00e0 l\u2019utilisation du terme <em>\u00ab terroriste \u00bb<\/em>, r\u00e9serv\u00e9 uniquement aux Palestiniens et dont Isra\u00ebl est \u00e9galement prot\u00e9g\u00e9.<\/p>\n<p>Comme je l\u2019ai soutenu il y a vingt ans, la description de <em>\u00ab terroriste \u00bb<\/em> est bas\u00e9e sur l\u2019identit\u00e9 nationale et raciale de la partie qui commet un certain acte violent (et parfois non violent) et non sur l\u2019acte lui-m\u00eame.<\/p>\n<p>Lorsque Isra\u00ebl cible d\u00e9lib\u00e9r\u00e9ment des civils et en tue des dizaines de milliers dans des \u00e9co<em>les, <\/em>des abris de l\u2019ONU, des h\u00f4pitaux, dans les rues et chez eux, ses crimes ne sont jamais qualifi\u00e9s de <em>\u00ab terroristes \u00bb<\/em>, alors que les attaques palestiniennes contre des soldats isra\u00e9liens sont instantan\u00e9ment qualifi\u00e9es de<em> \u00ab terroristes \u00bb.<\/em><\/p>\n<p>Cela correspond aux d\u00e9finitions du lexique politique isra\u00e9lien, dont j\u2019ai d\u00e9j\u00e0 parl\u00e9.<\/p>\n<p>Un autre terme populaire dans ce dictionnaire sp\u00e9cialis\u00e9 est celui que je d\u00e9nonce \u00e9galement depuis des d\u00e9cennies.<\/p>\n<p>Le mot <em>\u00ab conflit \u00bb<\/em> a longtemps \u00e9t\u00e9 le terme de pr\u00e9dilection dans les repr\u00e9sentations occidentales et isra\u00e9liennes de la question isra\u00e9lo-palestinienne, alors que personne n\u2019aurait jamais d\u00e9crit le colonialisme fran\u00e7ais en Alg\u00e9rie et la r\u00e9sistance anticoloniale alg\u00e9rienne comme<em> \u00ab le conflit franco-alg\u00e9rien \u00bb.<\/em><\/p>\n<p>Cela s\u2019applique \u00e9galement aux guerres de lib\u00e9ration tunisiennes, libyennes, kenyanes, angolaises, zimbabw\u00e9ennes et autres guerres anticoloniales. Pourtant, le terme occidental<em> \u00ab neutre \u00bb<\/em> et obscur de<em> \u00ab conflit<\/em> \u00bb est utilis\u00e9 avec insistance pour d\u00e9fendre le colonialisme isra\u00e9lien.<\/p>\n<p><strong>Le refus de faire r\u00e9f\u00e9rence au colonialisme isra\u00e9lien<\/strong> a permis au discours officiel isra\u00e9lien et occidental de d\u00e9crire facilement l\u2019op\u00e9ration du Hamas D\u00e9luge d\u2019Al-Aqsa comme visant les juifs isra\u00e9liens en raison de leur identit\u00e9 juive plut\u00f4t que de leur vol et de leur colonisation de la terre palestinienne.<\/p>\n<p>De telles descriptions imposent l\u2019histoire de l\u2019antis\u00e9mitisme chr\u00e9tien europ\u00e9en, qui a victimis\u00e9 les juifs, \u00e0 la r\u00e9sistance anticoloniale palestinienne. Leur objectif est de sortir les Palestiniens du contexte des luttes anticoloniales asiatiques et africaines de lib\u00e9ration contre les colonisateurs europ\u00e9ens, dans lesquelles les Asiatiques et les Africains ont \u00e9t\u00e9 les victimes, ainsi que du contexte du colonialisme juif isra\u00e9lien, qui victimise les Palestiniens.<\/p>\n<p>&nbsp;<\/p>\n<h3>Dictionnaire id\u00e9ologique<\/h3>\n<p>L\u2019originalit\u00e9 de ce dictionnaire occidental sp\u00e9cialis\u00e9 dans tout ce qui touche \u00e0 la Palestine et \u00e0 l\u2019Isra\u00ebl est tout \u00e0 fait remarquable, car elle s\u2019\u00e9tend m\u00eame \u00e0 la g\u00e9ographie.<\/p>\n<p>Depuis les IXe et XIIIe si\u00e8cles, respectivement, l\u2019ensemble du monde arabophone et musulman reconna\u00eet les villes palestiniennes d\u2019<strong>al-Quds<\/strong> (\u00e9galement connue sous le nom de Bayt al-Maqdis) et d\u2019<strong>al-Khalil.<\/strong><\/p>\n<p>Toutefois, ces deux villes continuent d\u2019\u00eatre rendues sous leurs noms respectifs, ant\u00e9rieurs au IXe si\u00e8cle, sum\u00e9ro-akkadien\/aram\u00e9en et canan\u00e9en\/amorite (souvent confondus avec l\u2019h\u00e9breu), de <em>\u00ab&nbsp;J\u00e9rusalem&nbsp;\u00bb<\/em> et <em>\u00ab&nbsp;H\u00e9bron&nbsp;\u00bb<\/em>, dans un refus obstin\u00e9 d\u2019utiliser les noms \u00e9tablis depuis longtemps et connus de leurs habitants.<\/p>\n<p>Comparez cela au changement de nom occidental qui a consist\u00e9 \u00e0 nommer <em>\u00ab Beiping \u00bb<\/em> et <em>\u00ab P\u00e9kin \u00bb<\/em> par <em>\u00ab Beijing<\/em> \u00bb dans les ann\u00e9es 1980 (m\u00eame si c\u2019\u00e9tait des d\u00e9cennies apr\u00e8s que la R\u00e9publique populaire de Chine ait officiellement adopt\u00e9 <em>\u00ab Beijing \u00bb<\/em> comme translitt\u00e9ration correcte en 1958) ou au changement de nom occidental qui a consist\u00e9 \u00e0 nommer \u00ab<em> Bombay \u00bb<\/em> par <em>\u00ab Mumbai<\/em> \u00bb \u00e0 la fin de 1995, une fois que le gouvernement nationaliste indien a officiellement adopt\u00e9 le changement de nom.<\/p>\n<p>Plus r\u00e9cemment, lorsque le gouvernement ukrainien post-2014 a remplac\u00e9 le <em>\u00ab Kiev \u00bb<\/em> russe par <em>\u00ab Kyiv<\/em> \u00bb et a lanc\u00e9 une campagne en 2018 pour imposer la nouvelle orthographe au niveau international, les autorit\u00e9s occidentales et la presse de son r\u00e9gime se sont empress\u00e9es adopter la nouvelle orthographe.<\/p>\n<p>Pendant ce temps, les m\u00e9dias occidentaux refusent toujours d\u2019adopter le nom <em>\u00ab T\u00fcrkiye \u00bb<\/em> pour la Turquie, bien que le pays ait officiellement chang\u00e9 de nom \u00e0 l\u2019ONU en 2021. Le <em>New York Times<\/em> s\u2019est m\u00eame moqu\u00e9 de ce changement.<\/p>\n<p>Dans le cas palestinien, les noms des villes palestiniennes doivent \u00eatre soumis \u00e0 la nomenclature biblique chr\u00e9tienne et juive occidentale, quels que soient les changements survenus dans la g\u00e9ographie et la sociologie palestiniennes au cours des 14 derniers si\u00e8cles.<\/p>\n<p>Dans tout autre cas, une telle utilisation de la terminologie biblique serait risible.<\/p>\n<p>Le <em>Times<\/em> ou le gouvernement la\u00efc am\u00e9ricain d\u00e9signeraient-ils aujourd\u2019hui l\u2019Irak par <em>\u00ab M\u00e9sopotamie \u00bb, \u00ab Babylone \u00bb <\/em>ou <em>\u00ab Ur des Chald\u00e9ens \u00bb<\/em>, par exemple, parce que leur Bible utilise ces noms ?<\/p>\n<p>Cette appellation intransigeante n\u2019est pas tenable, m\u00eame dans l\u2019histoire coloniale.<\/p>\n<p>Imaginez si les Pays-Bas insistaient aujourd\u2019hui pour appeler New York <em>\u00ab Nouvelle Amsterdam \u00bb<\/em>, le nom que les Hollandais donnaient \u00e0 la partie sud de Manhattan lorsqu\u2019ils l\u2019ont colonis\u00e9e pour la premi\u00e8re fois, ou \u00ab <em>Nouvelle-N\u00e9erlande<\/em> \u00bb pour l\u2019est des \u00c9tats-Unis, ou si la France d\u00e9signait Ha\u00efti par <em>\u00ab Saint-Domingue \u00bb.<\/em><\/p>\n<p>Ces choix linguistiques et le dictionnaire id\u00e9ologique qui les guide font partie de l\u2019arsenal que les gouvernements imp\u00e9rialistes occidentaux et leur presse grand public d\u00e9ploient contre le peuple palestinien en soutien \u00e0 Isra\u00ebl.<\/p>\n<p><strong>Ils sont \u00e9galement utilis\u00e9s pour endoctriner les citoyens occidentaux<\/strong> de mani\u00e8re appropri\u00e9e et officiellement autoris\u00e9e, afin qu\u2019ils voient, ou non, la lutte palestinienne pour la lib\u00e9ration contre un \u00c9tat colonial de peuplement g\u00e9nocidaire.<\/p>\n<p>&nbsp;<\/p>\n<h3>Projet d\u2019endoctrinement<\/h3>\n<p>Le fait frappant qu\u2019un nombre croissant d\u2019Am\u00e9ricains et d\u2019Europ\u00e9ens, au cours des derni\u00e8res d\u00e9cennies, en soient venus \u00e0 refuser ces acrobaties id\u00e9ologiques et translationnelles et les aient perc\u00e9es \u00e0 jour dans leur soutien \u00e0 la lutte palestinienne est la preuve que l\u2019Occident devrait soit utiliser des m\u00e9thodes d\u2019endoctrinement id\u00e9ologique actualis\u00e9es et plus sophistiqu\u00e9es, soit reconna\u00eetre qu\u2019il est le plus fervent partisan et d\u00e9fenseur du g\u00e9nocide contre les peuples non blancs, ce qu\u2019il a toujours \u00e9t\u00e9.<\/p>\n<p>Le fait que les racistes supr\u00e9macistes blancs gagnent du pouvoir politique aux \u00c9tats-Unis et en Europe va faciliter et banaliser cet engagement officiel envers le racisme et le g\u00e9nocide pour une grande partie des citoyens supr\u00e9macistes blancs. \u00c0 tout le moins, cela \u00e9pargnera aux gouvernements occidentaux et aux m\u00e9dias grand public lib\u00e9raux des accusations continues d\u2019hypocrisie.<\/p>\n<p>D\u2019o\u00f9 les pr\u00e9occupations majeures que les responsables am\u00e9ricains, ainsi que les administrateurs d\u2019universit\u00e9 et leurs conseils d\u2019administration, ont exprim\u00e9es \u00e0 l\u2019\u00e9gard du mouvement \u00e9tudiant de masse et des manifestations sur les campus en soutien \u00e0 la lutte palestinienne.<\/p>\n<p>La mont\u00e9e de la culture politique fasciste et supr\u00e9maciste blanche en Occident a permis aux membres du Congr\u00e8s, aux milliardaires am\u00e9ricains et aux administrateurs d\u2019universit\u00e9 de s\u2019exprimer plus ouvertement et sans vergogne contre la libert\u00e9 acad\u00e9mique et la libert\u00e9 d\u2019opinion, sans s\u2019excuser.<\/p>\n<p>\u00c0 la lumi\u00e8re de l\u2019\u00e9chec du projet d\u2019endoctrinement id\u00e9ologique des responsables gouvernementaux et m\u00e9diatiques occidentaux, l\u2019attention s\u2019est d\u00e9plac\u00e9e vers les universit\u00e9s pour r\u00e9primer la production de connaissances universitaires. De tels projets visent \u00e0 transformer les universitaires en fournisseurs de la m\u00eame propagande diffus\u00e9e par les m\u00e9dias et les gouvernements occidentaux.<\/p>\n<p>Alex Karp, le PDG de Palantir, un important sous-traitant du gouvernement am\u00e9ricain soutenu par la CIA et ayant des liens \u00e9troits avec Isra\u00ebl, a \u00e9t\u00e9 tr\u00e8s honn\u00eate lorsqu\u2019il a r\u00e9cemment averti :<\/p>\n<blockquote><p>\u00ab Nous pensons que ces choses qui se produisent, en particulier sur les campus universitaires, sont comme un spectacle secondaire \u2013 non, c\u2019est le spectacle. \u00bb<\/p><\/blockquote>\n<p>Ce <em>\u00ab progressiste \u00bb<\/em> autoproclam\u00e9 a poursuivi en expliquant :<\/p>\n<blockquote><p>\u00ab Parce que si nous perdons le d\u00e9bat intellectuel, vous ne pourrez plus jamais d\u00e9ployer d\u2019arm\u00e9e en Occident. \u00bb<\/p><\/blockquote>\n<p>Il est rejoint par d\u2019autres milliardaires qui ont exhort\u00e9 le maire de New York \u00e0 l\u00e2cher les forces de police pour r\u00e9primer les manifestations sur le campus de l\u2019Universit\u00e9 Columbia.<\/p>\n<p>Les administrateurs de l\u2019universit\u00e9, cependant, n\u2019ont pas eu besoin d\u2019encouragements \u00e0 cet \u00e9gard, car ils ont volontiers invit\u00e9 la police \u00e0 d\u00e9manteler violemment les campements d\u2019\u00e9tudiants et \u00e0 mettre fin aux manifestations sur le campus.<\/p>\n<p>En se soumettant \u00e0 ces exigences r\u00e9pressives, les universit\u00e9s am\u00e9ricaines et europ\u00e9ennes continueront d\u2019imposer le dictionnaire et le th\u00e9saurus sp\u00e9cialis\u00e9s du gouvernement et des m\u00e9dias aux universitaires.<\/p>\n<p>Une fois qu\u2019ils seront appliqu\u00e9s, le dernier bastion de la production de connaissances en Occident qui pourrait au moins partiellement \u00e9chapper \u00e0 cette programmation id\u00e9ologique sera align\u00e9 sur l\u2019id\u00e9ologie dominante.<\/p>\n<p>Il reste \u00e0 voir si les professeurs et les \u00e9tudiants accepteront ce lexique sans r\u00e9sistance.<\/p>\n<p style=\"text-align: center;\">*****<\/p>\n<div class=\"entry-content\">\n<p><img loading=\"lazy\" decoding=\"async\" class=\"alignleft wp-image-31734 size-thumbnail\" src=\"https:\/\/charleroi-pourlapalestine.be\/wp-content\/uploads\/2021\/11\/Joseph-Massad-150x150.jpg\" sizes=\"auto, (max-width: 150px) 100vw, 150px\" srcset=\"https:\/\/charleroi-pourlapalestine.be\/wp-content\/uploads\/2021\/11\/Joseph-Massad-150x150.jpg 150w, https:\/\/charleroi-pourlapalestine.be\/wp-content\/uploads\/2021\/11\/Joseph-Massad-80x80.jpg 80w\" alt=\"\" width=\"150\" height=\"150\"><strong>Joseph Massad<\/strong> est professeur de politique arabe moderne et d\u2019histoire intellectuelle \u00e0 l\u2019universit\u00e9 Columbia de New York. Il est l\u2019auteur de nombreux livres et articles universitaires et journalistiques. Parmi ses livres figurent <strong>Colonial Effects : The Making of National Identity in Jordan, Desiring Arabs, The Persistence of the Palestinian <\/strong>et&nbsp;<strong> Islam in Liberalism<\/strong>. Citons, comme traduction en fran\u00e7ais, le livre<strong> La Persistance de la question palestinienne<\/strong>, La Fabrique, 2009.<\/p>\n<\/div>\n<p style=\"text-align: center;\">*****<\/p>\n<p>Publi\u00e9 le 29 juillet 2024&nbsp; sur <a href=\"https:\/\/www.middleeasteye.net\/opinion\/why-west-created-new-dictionary-israel-and-palestine\" target=\"_blank\" rel=\"noopener\">Middle East Eye<\/a><br \/>\nTraduction : MR\/<a href=\"https:\/\/ismfrance.org\/index.php\/2024\/07\/30\/pourquoi-loccident-a-cree-un-nouveau-dictionnaire-pour-israel-et-la-palestine\/\" target=\"_blank\" rel=\"noopener\"> ISM France<\/a><\/p>\n<p>&nbsp;<\/p>\n","protected":false},"excerpt":{"rendered":"<p>Les gouvernements occidentaux et les \u00e9lites financi\u00e8res reconnaissent depuis longtemps la centralit\u00e9 de la langue dans leur projet d\u2019endoctrinement politique.<\/p>\n","protected":false},"author":1,"featured_media":74864,"comment_status":"closed","ping_status":"closed","sticky":false,"template":"","format":"standard","meta":{"ngg_post_thumbnail":0,"footnotes":""},"categories":[162,92,330],"tags":[174],"class_list":["post-74856","post","type-post","status-publish","format-standard","has-post-thumbnail","hentry","category-medias","category-occident","category-universites","tag-joseph-massad"],"yoast_head":"<!-- This site is optimized with the Yoast SEO plugin v27.3 - https:\/\/yoast.com\/product\/yoast-seo-wordpress\/ -->\n<title>Pourquoi l\u2019Occident a cr\u00e9\u00e9 un nouveau dictionnaire pour Isra\u00ebl et la Palestine<\/title>\n<meta name=\"description\" content=\"Apr\u00e8s le 7 octobre, l\u2019application de ce dictionnaire et de ce lexique s\u2019est intensifi\u00e9e pour couvrir la sauvagerie d\u2019Isra\u00ebl \u00e0 Gaza.\" \/>\n<meta name=\"robots\" content=\"index, follow, max-snippet:-1, max-image-preview:large, max-video-preview:-1\" \/>\n<link rel=\"canonical\" href=\"https:\/\/charleroi-pourlapalestine.be\/index.php\/2024\/08\/04\/pourquoi-loccident-a-cree-un-nouveau-dictionnaire-pour-israel-et-la-palestine\/\" \/>\n<script type=\"application\/ld+json\" class=\"yoast-schema-graph\">{\"@context\":\"https:\\\/\\\/schema.org\",\"@graph\":[{\"@type\":\"Article\",\"@id\":\"https:\\\/\\\/charleroi-pourlapalestine.be\\\/index.php\\\/2024\\\/08\\\/04\\\/pourquoi-loccident-a-cree-un-nouveau-dictionnaire-pour-israel-et-la-palestine\\\/#article\",\"isPartOf\":{\"@id\":\"https:\\\/\\\/charleroi-pourlapalestine.be\\\/index.php\\\/2024\\\/08\\\/04\\\/pourquoi-loccident-a-cree-un-nouveau-dictionnaire-pour-israel-et-la-palestine\\\/\"},\"author\":{\"name\":\"admin1873\",\"@id\":\"https:\\\/\\\/charleroi-pourlapalestine.be\\\/#\\\/schema\\\/person\\\/c19ff515112f1299d8c12671d8fe3faa\"},\"headline\":\"Pourquoi l\u2019Occident a cr\u00e9\u00e9 un nouveau dictionnaire pour Isra\u00ebl et la Palestine\",\"datePublished\":\"2024-08-04T10:21:40+00:00\",\"dateModified\":\"2024-08-04T10:22:44+00:00\",\"mainEntityOfPage\":{\"@id\":\"https:\\\/\\\/charleroi-pourlapalestine.be\\\/index.php\\\/2024\\\/08\\\/04\\\/pourquoi-loccident-a-cree-un-nouveau-dictionnaire-pour-israel-et-la-palestine\\\/\"},\"wordCount\":3127,\"publisher\":{\"@id\":\"https:\\\/\\\/charleroi-pourlapalestine.be\\\/#organization\"},\"image\":{\"@id\":\"https:\\\/\\\/charleroi-pourlapalestine.be\\\/index.php\\\/2024\\\/08\\\/04\\\/pourquoi-loccident-a-cree-un-nouveau-dictionnaire-pour-israel-et-la-palestine\\\/#primaryimage\"},\"thumbnailUrl\":\"https:\\\/\\\/charleroi-pourlapalestine.be\\\/wp-content\\\/uploads\\\/2024\\\/08\\\/Dictionnaire-NYT.png\",\"keywords\":[\"Joseph Massad\"],\"articleSection\":[\"M\u00e9dias\",\"Occident\",\"Universit\u00e9s\"],\"inLanguage\":\"fr-FR\"},{\"@type\":\"WebPage\",\"@id\":\"https:\\\/\\\/charleroi-pourlapalestine.be\\\/index.php\\\/2024\\\/08\\\/04\\\/pourquoi-loccident-a-cree-un-nouveau-dictionnaire-pour-israel-et-la-palestine\\\/\",\"url\":\"https:\\\/\\\/charleroi-pourlapalestine.be\\\/index.php\\\/2024\\\/08\\\/04\\\/pourquoi-loccident-a-cree-un-nouveau-dictionnaire-pour-israel-et-la-palestine\\\/\",\"name\":\"Pourquoi l\u2019Occident a cr\u00e9\u00e9 un nouveau dictionnaire pour Isra\u00ebl et la Palestine\",\"isPartOf\":{\"@id\":\"https:\\\/\\\/charleroi-pourlapalestine.be\\\/#website\"},\"primaryImageOfPage\":{\"@id\":\"https:\\\/\\\/charleroi-pourlapalestine.be\\\/index.php\\\/2024\\\/08\\\/04\\\/pourquoi-loccident-a-cree-un-nouveau-dictionnaire-pour-israel-et-la-palestine\\\/#primaryimage\"},\"image\":{\"@id\":\"https:\\\/\\\/charleroi-pourlapalestine.be\\\/index.php\\\/2024\\\/08\\\/04\\\/pourquoi-loccident-a-cree-un-nouveau-dictionnaire-pour-israel-et-la-palestine\\\/#primaryimage\"},\"thumbnailUrl\":\"https:\\\/\\\/charleroi-pourlapalestine.be\\\/wp-content\\\/uploads\\\/2024\\\/08\\\/Dictionnaire-NYT.png\",\"datePublished\":\"2024-08-04T10:21:40+00:00\",\"dateModified\":\"2024-08-04T10:22:44+00:00\",\"description\":\"Apr\u00e8s le 7 octobre, l\u2019application de ce dictionnaire et de ce lexique s\u2019est intensifi\u00e9e pour couvrir la sauvagerie d\u2019Isra\u00ebl \u00e0 Gaza.\",\"breadcrumb\":{\"@id\":\"https:\\\/\\\/charleroi-pourlapalestine.be\\\/index.php\\\/2024\\\/08\\\/04\\\/pourquoi-loccident-a-cree-un-nouveau-dictionnaire-pour-israel-et-la-palestine\\\/#breadcrumb\"},\"inLanguage\":\"fr-FR\",\"potentialAction\":[{\"@type\":\"ReadAction\",\"target\":[\"https:\\\/\\\/charleroi-pourlapalestine.be\\\/index.php\\\/2024\\\/08\\\/04\\\/pourquoi-loccident-a-cree-un-nouveau-dictionnaire-pour-israel-et-la-palestine\\\/\"]}]},{\"@type\":\"ImageObject\",\"inLanguage\":\"fr-FR\",\"@id\":\"https:\\\/\\\/charleroi-pourlapalestine.be\\\/index.php\\\/2024\\\/08\\\/04\\\/pourquoi-loccident-a-cree-un-nouveau-dictionnaire-pour-israel-et-la-palestine\\\/#primaryimage\",\"url\":\"https:\\\/\\\/charleroi-pourlapalestine.be\\\/wp-content\\\/uploads\\\/2024\\\/08\\\/Dictionnaire-NYT.png\",\"contentUrl\":\"https:\\\/\\\/charleroi-pourlapalestine.be\\\/wp-content\\\/uploads\\\/2024\\\/08\\\/Dictionnaire-NYT.png\",\"width\":840,\"height\":410},{\"@type\":\"BreadcrumbList\",\"@id\":\"https:\\\/\\\/charleroi-pourlapalestine.be\\\/index.php\\\/2024\\\/08\\\/04\\\/pourquoi-loccident-a-cree-un-nouveau-dictionnaire-pour-israel-et-la-palestine\\\/#breadcrumb\",\"itemListElement\":[{\"@type\":\"ListItem\",\"position\":1,\"name\":\"Accueil\",\"item\":\"https:\\\/\\\/charleroi-pourlapalestine.be\\\/\"},{\"@type\":\"ListItem\",\"position\":2,\"name\":\"Pourquoi l\u2019Occident a cr\u00e9\u00e9 un nouveau dictionnaire pour Isra\u00ebl et la Palestine\"}]},{\"@type\":\"WebSite\",\"@id\":\"https:\\\/\\\/charleroi-pourlapalestine.be\\\/#website\",\"url\":\"https:\\\/\\\/charleroi-pourlapalestine.be\\\/\",\"name\":\"Charleroi Pour la Palestine\",\"description\":\"\",\"publisher\":{\"@id\":\"https:\\\/\\\/charleroi-pourlapalestine.be\\\/#organization\"},\"potentialAction\":[{\"@type\":\"SearchAction\",\"target\":{\"@type\":\"EntryPoint\",\"urlTemplate\":\"https:\\\/\\\/charleroi-pourlapalestine.be\\\/?s={search_term_string}\"},\"query-input\":{\"@type\":\"PropertyValueSpecification\",\"valueRequired\":true,\"valueName\":\"search_term_string\"}}],\"inLanguage\":\"fr-FR\"},{\"@type\":\"Organization\",\"@id\":\"https:\\\/\\\/charleroi-pourlapalestine.be\\\/#organization\",\"name\":\"Plate-forme Charleroi-Palestine\",\"url\":\"https:\\\/\\\/charleroi-pourlapalestine.be\\\/\",\"logo\":{\"@type\":\"ImageObject\",\"inLanguage\":\"fr-FR\",\"@id\":\"https:\\\/\\\/charleroi-pourlapalestine.be\\\/#\\\/schema\\\/logo\\\/image\\\/\",\"url\":\"https:\\\/\\\/charleroi-pourlapalestine.be\\\/wp-content\\\/uploads\\\/2020\\\/01\\\/logo-Copy.jpg\",\"contentUrl\":\"https:\\\/\\\/charleroi-pourlapalestine.be\\\/wp-content\\\/uploads\\\/2020\\\/01\\\/logo-Copy.jpg\",\"width\":180,\"height\":180,\"caption\":\"Plate-forme Charleroi-Palestine\"},\"image\":{\"@id\":\"https:\\\/\\\/charleroi-pourlapalestine.be\\\/#\\\/schema\\\/logo\\\/image\\\/\"},\"sameAs\":[\"https:\\\/\\\/www.facebook.com\\\/PlateformeCharleroiPalestine\\\/\",\"https:\\\/\\\/x.com\\\/LaCharleroi\"]},{\"@type\":\"Person\",\"@id\":\"https:\\\/\\\/charleroi-pourlapalestine.be\\\/#\\\/schema\\\/person\\\/c19ff515112f1299d8c12671d8fe3faa\",\"name\":\"admin1873\",\"url\":\"https:\\\/\\\/charleroi-pourlapalestine.be\\\/index.php\\\/author\\\/admin1873\\\/\"}]}<\/script>\n<!-- \/ Yoast SEO plugin. -->","yoast_head_json":{"title":"Pourquoi l\u2019Occident a cr\u00e9\u00e9 un nouveau dictionnaire pour Isra\u00ebl et la Palestine","description":"Apr\u00e8s le 7 octobre, l\u2019application de ce dictionnaire et de ce lexique s\u2019est intensifi\u00e9e pour couvrir la sauvagerie d\u2019Isra\u00ebl \u00e0 Gaza.","robots":{"index":"index","follow":"follow","max-snippet":"max-snippet:-1","max-image-preview":"max-image-preview:large","max-video-preview":"max-video-preview:-1"},"canonical":"https:\/\/charleroi-pourlapalestine.be\/index.php\/2024\/08\/04\/pourquoi-loccident-a-cree-un-nouveau-dictionnaire-pour-israel-et-la-palestine\/","schema":{"@context":"https:\/\/schema.org","@graph":[{"@type":"Article","@id":"https:\/\/charleroi-pourlapalestine.be\/index.php\/2024\/08\/04\/pourquoi-loccident-a-cree-un-nouveau-dictionnaire-pour-israel-et-la-palestine\/#article","isPartOf":{"@id":"https:\/\/charleroi-pourlapalestine.be\/index.php\/2024\/08\/04\/pourquoi-loccident-a-cree-un-nouveau-dictionnaire-pour-israel-et-la-palestine\/"},"author":{"name":"admin1873","@id":"https:\/\/charleroi-pourlapalestine.be\/#\/schema\/person\/c19ff515112f1299d8c12671d8fe3faa"},"headline":"Pourquoi l\u2019Occident a cr\u00e9\u00e9 un nouveau dictionnaire pour Isra\u00ebl et la Palestine","datePublished":"2024-08-04T10:21:40+00:00","dateModified":"2024-08-04T10:22:44+00:00","mainEntityOfPage":{"@id":"https:\/\/charleroi-pourlapalestine.be\/index.php\/2024\/08\/04\/pourquoi-loccident-a-cree-un-nouveau-dictionnaire-pour-israel-et-la-palestine\/"},"wordCount":3127,"publisher":{"@id":"https:\/\/charleroi-pourlapalestine.be\/#organization"},"image":{"@id":"https:\/\/charleroi-pourlapalestine.be\/index.php\/2024\/08\/04\/pourquoi-loccident-a-cree-un-nouveau-dictionnaire-pour-israel-et-la-palestine\/#primaryimage"},"thumbnailUrl":"https:\/\/charleroi-pourlapalestine.be\/wp-content\/uploads\/2024\/08\/Dictionnaire-NYT.png","keywords":["Joseph Massad"],"articleSection":["M\u00e9dias","Occident","Universit\u00e9s"],"inLanguage":"fr-FR"},{"@type":"WebPage","@id":"https:\/\/charleroi-pourlapalestine.be\/index.php\/2024\/08\/04\/pourquoi-loccident-a-cree-un-nouveau-dictionnaire-pour-israel-et-la-palestine\/","url":"https:\/\/charleroi-pourlapalestine.be\/index.php\/2024\/08\/04\/pourquoi-loccident-a-cree-un-nouveau-dictionnaire-pour-israel-et-la-palestine\/","name":"Pourquoi l\u2019Occident a cr\u00e9\u00e9 un nouveau dictionnaire pour Isra\u00ebl et la Palestine","isPartOf":{"@id":"https:\/\/charleroi-pourlapalestine.be\/#website"},"primaryImageOfPage":{"@id":"https:\/\/charleroi-pourlapalestine.be\/index.php\/2024\/08\/04\/pourquoi-loccident-a-cree-un-nouveau-dictionnaire-pour-israel-et-la-palestine\/#primaryimage"},"image":{"@id":"https:\/\/charleroi-pourlapalestine.be\/index.php\/2024\/08\/04\/pourquoi-loccident-a-cree-un-nouveau-dictionnaire-pour-israel-et-la-palestine\/#primaryimage"},"thumbnailUrl":"https:\/\/charleroi-pourlapalestine.be\/wp-content\/uploads\/2024\/08\/Dictionnaire-NYT.png","datePublished":"2024-08-04T10:21:40+00:00","dateModified":"2024-08-04T10:22:44+00:00","description":"Apr\u00e8s le 7 octobre, l\u2019application de ce dictionnaire et de ce lexique s\u2019est intensifi\u00e9e pour couvrir la sauvagerie d\u2019Isra\u00ebl \u00e0 Gaza.","breadcrumb":{"@id":"https:\/\/charleroi-pourlapalestine.be\/index.php\/2024\/08\/04\/pourquoi-loccident-a-cree-un-nouveau-dictionnaire-pour-israel-et-la-palestine\/#breadcrumb"},"inLanguage":"fr-FR","potentialAction":[{"@type":"ReadAction","target":["https:\/\/charleroi-pourlapalestine.be\/index.php\/2024\/08\/04\/pourquoi-loccident-a-cree-un-nouveau-dictionnaire-pour-israel-et-la-palestine\/"]}]},{"@type":"ImageObject","inLanguage":"fr-FR","@id":"https:\/\/charleroi-pourlapalestine.be\/index.php\/2024\/08\/04\/pourquoi-loccident-a-cree-un-nouveau-dictionnaire-pour-israel-et-la-palestine\/#primaryimage","url":"https:\/\/charleroi-pourlapalestine.be\/wp-content\/uploads\/2024\/08\/Dictionnaire-NYT.png","contentUrl":"https:\/\/charleroi-pourlapalestine.be\/wp-content\/uploads\/2024\/08\/Dictionnaire-NYT.png","width":840,"height":410},{"@type":"BreadcrumbList","@id":"https:\/\/charleroi-pourlapalestine.be\/index.php\/2024\/08\/04\/pourquoi-loccident-a-cree-un-nouveau-dictionnaire-pour-israel-et-la-palestine\/#breadcrumb","itemListElement":[{"@type":"ListItem","position":1,"name":"Accueil","item":"https:\/\/charleroi-pourlapalestine.be\/"},{"@type":"ListItem","position":2,"name":"Pourquoi l\u2019Occident a cr\u00e9\u00e9 un nouveau dictionnaire pour Isra\u00ebl et la Palestine"}]},{"@type":"WebSite","@id":"https:\/\/charleroi-pourlapalestine.be\/#website","url":"https:\/\/charleroi-pourlapalestine.be\/","name":"Charleroi Pour la Palestine","description":"","publisher":{"@id":"https:\/\/charleroi-pourlapalestine.be\/#organization"},"potentialAction":[{"@type":"SearchAction","target":{"@type":"EntryPoint","urlTemplate":"https:\/\/charleroi-pourlapalestine.be\/?s={search_term_string}"},"query-input":{"@type":"PropertyValueSpecification","valueRequired":true,"valueName":"search_term_string"}}],"inLanguage":"fr-FR"},{"@type":"Organization","@id":"https:\/\/charleroi-pourlapalestine.be\/#organization","name":"Plate-forme Charleroi-Palestine","url":"https:\/\/charleroi-pourlapalestine.be\/","logo":{"@type":"ImageObject","inLanguage":"fr-FR","@id":"https:\/\/charleroi-pourlapalestine.be\/#\/schema\/logo\/image\/","url":"https:\/\/charleroi-pourlapalestine.be\/wp-content\/uploads\/2020\/01\/logo-Copy.jpg","contentUrl":"https:\/\/charleroi-pourlapalestine.be\/wp-content\/uploads\/2020\/01\/logo-Copy.jpg","width":180,"height":180,"caption":"Plate-forme Charleroi-Palestine"},"image":{"@id":"https:\/\/charleroi-pourlapalestine.be\/#\/schema\/logo\/image\/"},"sameAs":["https:\/\/www.facebook.com\/PlateformeCharleroiPalestine\/","https:\/\/x.com\/LaCharleroi"]},{"@type":"Person","@id":"https:\/\/charleroi-pourlapalestine.be\/#\/schema\/person\/c19ff515112f1299d8c12671d8fe3faa","name":"admin1873","url":"https:\/\/charleroi-pourlapalestine.be\/index.php\/author\/admin1873\/"}]}},"_links":{"self":[{"href":"https:\/\/charleroi-pourlapalestine.be\/index.php\/wp-json\/wp\/v2\/posts\/74856","targetHints":{"allow":["GET"]}}],"collection":[{"href":"https:\/\/charleroi-pourlapalestine.be\/index.php\/wp-json\/wp\/v2\/posts"}],"about":[{"href":"https:\/\/charleroi-pourlapalestine.be\/index.php\/wp-json\/wp\/v2\/types\/post"}],"author":[{"embeddable":true,"href":"https:\/\/charleroi-pourlapalestine.be\/index.php\/wp-json\/wp\/v2\/users\/1"}],"replies":[{"embeddable":true,"href":"https:\/\/charleroi-pourlapalestine.be\/index.php\/wp-json\/wp\/v2\/comments?post=74856"}],"version-history":[{"count":0,"href":"https:\/\/charleroi-pourlapalestine.be\/index.php\/wp-json\/wp\/v2\/posts\/74856\/revisions"}],"wp:featuredmedia":[{"embeddable":true,"href":"https:\/\/charleroi-pourlapalestine.be\/index.php\/wp-json\/wp\/v2\/media\/74864"}],"wp:attachment":[{"href":"https:\/\/charleroi-pourlapalestine.be\/index.php\/wp-json\/wp\/v2\/media?parent=74856"}],"wp:term":[{"taxonomy":"category","embeddable":true,"href":"https:\/\/charleroi-pourlapalestine.be\/index.php\/wp-json\/wp\/v2\/categories?post=74856"},{"taxonomy":"post_tag","embeddable":true,"href":"https:\/\/charleroi-pourlapalestine.be\/index.php\/wp-json\/wp\/v2\/tags?post=74856"}],"curies":[{"name":"wp","href":"https:\/\/api.w.org\/{rel}","templated":true}]}}