{"id":7561,"date":"2019-04-08T11:09:00","date_gmt":"2019-04-08T09:09:00","guid":{"rendered":"https:\/\/charleroi-pourlapalestine.be\/?p=7561"},"modified":"2020-03-03T11:11:21","modified_gmt":"2020-03-03T10:11:21","slug":"contre-les-critiques-adressees-a-la-grande-marche-du-retour","status":"publish","type":"post","link":"https:\/\/charleroi-pourlapalestine.be\/index.php\/2019\/04\/08\/contre-les-critiques-adressees-a-la-grande-marche-du-retour\/","title":{"rendered":"Contre les critiques adress\u00e9es \u00e0 la Grande Marche du Retour"},"content":{"rendered":"<div class=\"entry-content mh-clearfix\">\n<figure class=\"entry-thumbnail\"><\/figure>\n<div class=\"pf-content\">\n<p><img loading=\"lazy\" decoding=\"async\" class=\"aligncenter wp-image-7636 size-full\" src=\"https:\/\/charleroi-pourlapalestine.be\/wp-content\/uploads\/2020\/03\/Marche-2-Copy.jpg\" alt=\"Les Palestiniens, qu\u2019ils soient \u00e0 Gaza ou dans la diaspora, ou en Isra\u00ebl, ne peuvent oublier le sang de ces enfants, de ces hommes, de ces femmes qui ont sacrifi\u00e9 leurs vies le long de la cl\u00f4ture du camp de concentration lors de la Grande Marche du Retour\" width=\"520\" height=\"221\"><\/p>\n<p>Avec le premier anniversaire de la <strong>Grande Marche du Retour<\/strong>, nombre de questions d\u00e9rangeantes se sont pos\u00e9es. Des questions similaires s\u2019\u00e9taient pos\u00e9es en 2009, 2012 et 2014&nbsp;; en fait, il en va ainsi depuis 1948.<\/p>\n<p>Il est m\u00eame devenu plus d\u00e9rangeant encore d\u2019entendre les m\u00eames arguments dans la bouche de ceux qui ont internalis\u00e9 leur soumission en r\u00e9p\u00e9tant les \u00e9l\u00e9ments de la propagande isra\u00e9lienne \u00e0 propos de notre responsabilit\u00e9 m\u00eame quant \u00e0 notre propre mort le long des cl\u00f4tures du camp de concentration de <strong>Gaza<\/strong>&nbsp;!<\/p>\n<p>Des victimes bl\u00e2mant d\u2019autres victimes de leur propre mort des mains des snipers isra\u00e9liens embusqu\u00e9s de l\u2019autre c\u00f4t\u00e9 de la cl\u00f4ture orientale.<\/p>\n<p><strong>Golda Meir<\/strong>, qui avait d\u00e9clar\u00e9 sans vergogne qu\u2019elle ne pardonnerait jamais aux <strong>Palestiniens<\/strong> d\u2019avoir oblig\u00e9 les soldats isra\u00e9liens de les tuer, serait aux anges.<\/p>\n<figure id=\"attachment_35202\" class=\"wp-caption aligncenter\" aria-describedby=\"caption-attachment-35202\"><img loading=\"lazy\" decoding=\"async\" class=\"wp-image-35202 size-full\" src=\"https:\/\/www.pourlapalestine.be\/wp-content\/uploads\/2019\/04\/gaza-mur-copy.jpg\" sizes=\"auto, (max-width: 520px) 100vw, 520px\" srcset=\"https:\/\/www.pourlapalestine.be\/wp-content\/uploads\/2019\/04\/gaza-mur-copy.jpg 520w, https:\/\/www.pourlapalestine.be\/wp-content\/uploads\/2019\/04\/gaza-mur-copy-350x234.jpg 350w\" alt=\"\" width=\"520\" height=\"347\"><figcaption id=\"caption-attachment-35202\" class=\"wp-caption-text\">20 juillet 2018. Protestations lors de la Grande Marche du Retour, carrefour de Karni, entre Gaza et Isra\u00ebl (Photo&nbsp;: Mohammed Zaanoun\/Activestills.org)<\/figcaption><\/figure>\n<p>Au grand plaisir d\u2019<strong>Isra\u00ebl<\/strong>, certains secteurs nous donnent \u00e0 entendre que le <strong>Hamas<\/strong> est derri\u00e8re la <strong>Grande Marche du Retour.<\/strong><\/p>\n<p>Que le <strong>Hamas<\/strong> a incit\u00e9 les gens, lesquels sont en fait ignorants et passifs, \u00e0 manifester le long de la cl\u00f4ture pour une seule et unique raison&nbsp;: engranger davantage de pouvoir politique au d\u00e9triment des droits palestiniens.<\/p>\n<p>Oubliez le fait que la quasi-totalit\u00e9 des organisations politiques sont repr\u00e9sent\u00e9es au sein du <strong>Haut Conseil supr\u00eame de la Marche<\/strong> et que la <strong>Grande Marche du Retour<\/strong> elle-m\u00eame est une initiative de la soci\u00e9t\u00e9 civile.<\/p>\n<p>Et oubliez le fait que la majorit\u00e9 des manifestants, dont l\u2019auteur du pr\u00e9sent article, ne sont pas des partisans du <strong>Hamas<\/strong>, que la principale revendication de la <strong>Marche<\/strong> est l\u2019application de la <strong>R\u00e9solution 194 de l\u2019ONU<\/strong> qui stipule le droit au retour pour tous les r\u00e9fugi\u00e9s palestiniens, lesquels repr\u00e9sentent plus de 75 pour 100 des <strong>Palestiniens<\/strong> de <strong>Gaza<\/strong>.<\/p>\n<p>Et oubliez que les marches constituent une forme de r\u00e9sistance civile non violente faisant partie int\u00e9grante de la tradition de la lutte anticoloniale palestinienne, gu\u00e8re diff\u00e9rente en cela de l\u2019anti-apartheid sud-africain et des luttes des droits civiques am\u00e9ricains en faveur de la justice.<\/p>\n<p>Ceci ne veut pas dire, cependant, que le <strong>Hamas<\/strong> \u2013 qui est une organisation opportuniste de droite \u2013 n\u2019essaie pas de r\u00e9cup\u00e9rer ce qu\u2019il consid\u00e8re comme le<em> \u00ab butin \u00bb<\/em> de la Grande Marche du Retour.<\/p>\n<p>La r\u00e9sistance sous toutes ses formes, violente et autres, est consid\u00e9r\u00e9e par ces m\u00eames personnes comme <em>\u00ab&nbsp;futile&nbsp;\u00bb<\/em>.<\/p>\n<p>Il est typique du camp palestinien des d\u00e9faitistes de se servir du nombre des martyrs et des mutil\u00e9s pour condamner la <strong>Grande Marche du Retour<\/strong>. Apr\u00e8s toute cette brutalit\u00e9 (in)attendue de l\u2019arm\u00e9e isra\u00e9lienne, la question que posent cette fois certains intellectuels et forces politiques de <strong>Palestine<\/strong> est celle-ci : <em>\u00ab&nbsp;Cela en vaut-il la peine&nbsp;?&nbsp;\u00bb<\/em><\/p>\n<p>\u00c0 l\u2019instar du mouvement <strong>BDS<\/strong>, la <strong>Grande Marche du Retour<\/strong> a cr\u00e9\u00e9 un soul\u00e8vement politique qui a non seulement mis un terme \u00e0 la fiction de la solution \u00e0 deux <strong>\u00c9tats<\/strong> et ramen\u00e9 la lib\u00e9ration plut\u00f4t que l\u2019ind\u00e9pendance \u00e0 l\u2019ordre du jour, mais qui a aussi contribu\u00e9 \u00e0 une nouvelle conscientisation, sinon acc\u00e9l\u00e9r\u00e9 son processus, une conscientisation qui per\u00e7oit un lien entre toutes les formes de r\u00e9sistance populaire et la fin de la solution fictive et raciste \u00e0 deux <strong>\u00c9tats<\/strong> et, partant, la n\u00e9cessit\u00e9 d\u2019une nouvelle vision politique s\u2019appuyant sur une rupture totale avec l\u2019id\u00e9ologie d\u2019<strong>Oslo<\/strong> et sa logique d\u00e9faitiste.<\/p>\n<p>Dans le contexte de la r\u00e9sistance, il est utile de citer les d\u00e9finitions que donne <strong>Frantz Fanon<\/strong> du r\u00f4le jou\u00e9 par les <em>\u00ab&nbsp;intellectuels autochtones&nbsp;\u00bb<\/em> au cours de la lutte anticoloniale&nbsp;: il s\u2019agit d\u2019intellectuels qui, selon la th\u00e9orisation de <strong>Fanon<\/strong>, <em>\u00ab&nbsp;donnent la preuve qu\u2019ils ont assimil\u00e9 la culture de la puissance occupante. Leurs \u00e9crits correspondent point par point \u00e0 ceux de leurs homologues de la nation m\u00e9tropole. Leur inspiration est europ\u00e9enne [c\u2019est-\u00e0-dire occidentale] (\u2026)&nbsp;\u00bb<\/em>.<\/p>\n<p>D\u2019o\u00f9 l\u2019adoption du discours isra\u00e9lien par certains intellectuels partisans d\u2019<strong>Oslo<\/strong> et de l\u2019<strong>Autorit\u00e9 palestinienne,<\/strong> discours dans lequel <strong>Isra\u00ebl<\/strong> est exon\u00e9r\u00e9 de ses crimes&nbsp;: <em>\u00ab&nbsp;Nous devons bl\u00e2mer ce qui s\u2019est pass\u00e9&nbsp;\u00bb&nbsp;; \u00ab&nbsp;nous n\u2019avons pas \u00e9t\u00e9 consult\u00e9s quand le Hamas a entam\u00e9 la pr\u00e9tendue Grande Marche du Retour&nbsp;!&nbsp;\u00bb<\/em> et <em>\u00ab&nbsp;ce sont les gens qui en paient le prix, et non les organisateurs&nbsp;\u00bb&nbsp;<\/em>; <em>\u00ab&nbsp;nous ne pouvons nous permettre de perdre autant de vies humaines&nbsp;; c\u2019est une chose que le Hamas aurait d\u00fb comprendre&nbsp;\u00bb<\/em> et, pire que tout, <em>\u00ab&nbsp;que les m\u00e8res qui envoient leurs enfants \u00e0 la cl\u00f4ture en portent le bl\u00e2me&nbsp;!&nbsp;\u00bb<\/em> (La plupart de ces critiques se retrouvent dans les m\u00e9dias sociaux en langue arabe, vous pouvez en d\u00e9couvrir des exemples ici et ici.)<\/p>\n<p>Dans le m\u00eame esprit, on pourrait \u00e9galement condamner la r\u00e9sistance alg\u00e9rienne, sud-africaine, fran\u00e7aise, vietnamienne, libanaise et indienne \u00e0 l\u2019occupation. La m\u00eame logique a \u00e9t\u00e9 utilis\u00e9e par les chefs des bantoustans de l\u2019<strong>Afrique du Sud<\/strong> contre le mouvement anti-apartheid, par le gouvernement de de la <strong>France<\/strong> de <strong>Vichy<\/strong> et par le gouvernement nord-vietnamien <sup id=\"footnote_plugin_tooltip_1\" class=\"footnote_plugin_tooltip_text\">1)<\/sup><\/p>\n<p>Manifestement, l\u2019assimilation de ces intellectuels \u00e0 la mentalit\u00e9 (n\u00e9o)lib\u00e9rale les pousse \u00e0 m\u00e9priser la culture de la r\u00e9sistance comme inutile, futile et sans espoir.<\/p>\n<p>Au sens large, la r\u00e9sistance n\u2019est pas seulement la capacit\u00e9 de riposter contre un ennemi militairement sup\u00e9rieur, mais aussi une capacit\u00e9 de r\u00e9sister de fa\u00e7on cr\u00e9ative \u00e0 l\u2019occupation de son propre pays.<\/p>\n<p>Cette id\u00e9ologie d\u00e9faitiste est incapable d\u2019appr\u00e9cier le pouvoir du peuple ni m\u00eame de se rendre compte que ce pouvoir existe. Ils sont des vaincus parce qu\u2019ils veulent livrer le combat selon les conditions d\u2019<strong>Isra\u00ebl<\/strong> \u2013 par le biais de l\u2019adoption d\u2019une dichotomie <em>\u00ab&nbsp;Isra\u00ebl contre Hamas&nbsp;\u00bb<\/em> plut\u00f4t que <em>\u00ab&nbsp;Isra\u00ebl de l\u2019apartheid contre peuple palestinien&nbsp;\u00bb<\/em> \u2013 au lieu de v\u00e9rifier quelles sont leurs forces&nbsp;: qu\u2019ils sont les autochtones du pays, que les lois internationales soutiennent leurs revendications, qu\u2019ils ont une base morale \u00e9lev\u00e9e, qu\u2019ils b\u00e9n\u00e9ficient du soutien de la soci\u00e9t\u00e9 civile internationale sous la forme d\u2019un mouvement<strong> BDS<\/strong> mondial sans cesse croissant, etc.<\/p>\n<p>Ils sont incapables de reconna\u00eetre l\u2019institution palestinienne parce qu\u2019ils refusent de respecter la volont\u00e9 du peuple telle qu\u2019elle est exprim\u00e9e dans les centaines de milliers de personnes qui marchent chaque vendredi le long de la cl\u00f4ture de ce que la plupart d\u2019entre elles consid\u00e8rent comme un camp de concentration.<\/p>\n<p>Cette expression d\u2019une nouvelle conscience naissante est manifeste dans le rejet des conditions impos\u00e9es par l\u2019apartheid isra\u00e9lien et ses alli\u00e9s \u00e0 la majorit\u00e9 des <strong>Palestiniens<\/strong> et, plus important encore, dans le rejet des miettes qui sont propos\u00e9es en guise de r\u00e9compense pour bonne conduite \u00e0 une minorit\u00e9 choisie de <strong>Palestiniens<\/strong> \u00e0 la <strong>Oslo.<\/strong><\/p>\n<p>Ce qu\u2019on dit constamment aux <strong>Palestiniens<\/strong>, c\u2019est soit d\u2019accepter l\u2019occupation d\u2019<strong>Isra\u00ebl<\/strong> sous sa pire des formes, c\u2019est-\u00e0-dire la pr\u00e9sence permanence du mur de l\u2019apartheid, les colonies, les check-points, les routes en zigzag, les num\u00e9ros de plaque cod\u00e9s par couleur, les d\u00e9molitions de maisons et la s\u00e9curit\u00e9, soit se voir imposer un si\u00e8ge m\u00e9di\u00e9val g\u00e9nocidaire. H\u00e9las, la premi\u00e8re option semble \u00eatre la favorite de certains intellectuels palestiniens !<\/p>\n<p>Les <strong>Palestiniens<\/strong>, qu\u2019ils soient \u00e0 <strong>Gaza ou dans la diaspora, ou en Isra\u00ebl<\/strong>, ne peuvent oublier le sang de ces enfants, de ces hommes, de ces femmes qui ont sacrifi\u00e9 leurs vies le long de la cl\u00f4ture du camp de concentration, de fa\u00e7on que tous les <strong>Palestiniens<\/strong> puissent continuer de r\u00e9sister et non de capituler.<\/p>\n<p>Le message de la cl\u00f4ture est tr\u00e8s clair&nbsp;: on n\u2019en reviendra pas \u00e0 des solutions et n\u00e9gociations bidon&nbsp;; il est temps d\u2019y aller d\u2019une pouss\u00e9e finale vers la vraie libert\u00e9, la vraie justice, la vraie \u00e9galit\u00e9.<\/p>\n<hr>\n<p>Publi\u00e9 le 8\/4\/2019 sur <a href=\"https:\/\/mondoweiss.net\/2019\/04\/critiquing-critique-return\/?fbclid=IwAR25e5KAIaMmyz228JXt6cn-AFjKpgwh2udMYw5it5VR6l0XCqPjkaXGocA\" target=\"_blank\" rel=\"noopener noreferrer\">Mondoweiss<\/a><br \/>\nTraduction : Jean-Marie Fl\u00e9mal<\/p>\n<p><img loading=\"lazy\" decoding=\"async\" class=\"alignleft wp-image-31217 size-thumbnail\" src=\"https:\/\/www.pourlapalestine.be\/wp-content\/uploads\/2018\/04\/haidar-eid-150x150.jpg\" alt=\"\" width=\"150\" height=\"150\"><strong>Haidar Eid<\/strong> est ma\u00eetre de conf\u00e9rence de litt\u00e9rature post-coloniale et post-moderne \u00e0 l\u2019<strong>Universit\u00e9 Al Aqsa<\/strong> de <strong>Gaza<\/strong>. Il a beaucoup \u00e9crit sur le conflit isra\u00e9lo-arabe, dont des articles publi\u00e9s sur <em>Znet,<\/em> <em>Electronic Intifada, Palestine Chronicle<\/em>, et<em> Open Democracy.<\/em> Il a publi\u00e9 des articles d\u2019\u00e9tudes culturelles et de litt\u00e9rature dans de nombreuses revues, dont <em>Nebula, Journal des \u00e9tudes am\u00e9ricaines en Turquie, Cultural Logic<\/em>, et le <em>Journal de litt\u00e9rature comparative.<\/em><\/p>\n<p><a href=\"https:\/\/charleroi-pourlapalestine.be\/index.php\/tag\/haidar-eid\/\">Trouvez-ici d\u2019autres articles d\u2019Haidar Eid, publi\u00e9s sur ce site<\/a><\/p>\n<\/div>\n<\/div>\n","protected":false},"excerpt":{"rendered":"<p>Les Palestiniens ne peuvent oublier le sang de ces enfants, de ces hommes, de ces femmes qui ont sacrifi\u00e9 leurs vies le long de la cl\u00f4ture du camp de concentration<\/p>\n","protected":false},"author":1,"featured_media":0,"comment_status":"closed","ping_status":"closed","sticky":false,"template":"","format":"standard","meta":{"ngg_post_thumbnail":0,"footnotes":""},"categories":[6,195,197,23,25],"tags":[],"class_list":["post-7561","post","type-post","status-publish","format-standard","hentry","category-gaza","category-grande-marche-du-retour","category-hamas","category-oslo","category-la-resistance-palestinienne"],"yoast_head":"<!-- This site is optimized with the Yoast SEO plugin v27.3 - https:\/\/yoast.com\/product\/yoast-seo-wordpress\/ -->\n<title>Contre les critiques adress\u00e9es \u00e0 la Grande Marche du Retour<\/title>\n<meta name=\"description\" content=\"Les Palestiniens ne peuvent oublier le sang de ces enfants, de ces hommes, de ces femmes qui ont sacrifi\u00e9 leurs vies le long de la cl\u00f4ture du camp de concentration\" \/>\n<meta name=\"robots\" content=\"index, follow, max-snippet:-1, max-image-preview:large, max-video-preview:-1\" \/>\n<link rel=\"canonical\" href=\"https:\/\/charleroi-pourlapalestine.be\/index.php\/2019\/04\/08\/contre-les-critiques-adressees-a-la-grande-marche-du-retour\/\" \/>\n<script type=\"application\/ld+json\" class=\"yoast-schema-graph\">{\"@context\":\"https:\\\/\\\/schema.org\",\"@graph\":[{\"@type\":\"Article\",\"@id\":\"https:\\\/\\\/charleroi-pourlapalestine.be\\\/index.php\\\/2019\\\/04\\\/08\\\/contre-les-critiques-adressees-a-la-grande-marche-du-retour\\\/#article\",\"isPartOf\":{\"@id\":\"https:\\\/\\\/charleroi-pourlapalestine.be\\\/index.php\\\/2019\\\/04\\\/08\\\/contre-les-critiques-adressees-a-la-grande-marche-du-retour\\\/\"},\"author\":{\"name\":\"admin1873\",\"@id\":\"https:\\\/\\\/charleroi-pourlapalestine.be\\\/#\\\/schema\\\/person\\\/c19ff515112f1299d8c12671d8fe3faa\"},\"headline\":\"Contre les critiques adress\u00e9es \u00e0 la Grande Marche du Retour\",\"datePublished\":\"2019-04-08T09:09:00+00:00\",\"dateModified\":\"2020-03-03T10:11:21+00:00\",\"mainEntityOfPage\":{\"@id\":\"https:\\\/\\\/charleroi-pourlapalestine.be\\\/index.php\\\/2019\\\/04\\\/08\\\/contre-les-critiques-adressees-a-la-grande-marche-du-retour\\\/\"},\"wordCount\":1526,\"publisher\":{\"@id\":\"https:\\\/\\\/charleroi-pourlapalestine.be\\\/#organization\"},\"image\":{\"@id\":\"https:\\\/\\\/charleroi-pourlapalestine.be\\\/index.php\\\/2019\\\/04\\\/08\\\/contre-les-critiques-adressees-a-la-grande-marche-du-retour\\\/#primaryimage\"},\"thumbnailUrl\":\"https:\\\/\\\/charleroi-pourlapalestine.be\\\/wp-content\\\/uploads\\\/2020\\\/03\\\/Marche-2-Copy.jpg\",\"articleSection\":[\"Gaza\",\"Grande Marche du Retour\",\"Hamas\",\"Oslo\",\"R\u00e9sistance\"],\"inLanguage\":\"fr-FR\"},{\"@type\":\"WebPage\",\"@id\":\"https:\\\/\\\/charleroi-pourlapalestine.be\\\/index.php\\\/2019\\\/04\\\/08\\\/contre-les-critiques-adressees-a-la-grande-marche-du-retour\\\/\",\"url\":\"https:\\\/\\\/charleroi-pourlapalestine.be\\\/index.php\\\/2019\\\/04\\\/08\\\/contre-les-critiques-adressees-a-la-grande-marche-du-retour\\\/\",\"name\":\"Contre les critiques adress\u00e9es \u00e0 la Grande Marche du Retour\",\"isPartOf\":{\"@id\":\"https:\\\/\\\/charleroi-pourlapalestine.be\\\/#website\"},\"primaryImageOfPage\":{\"@id\":\"https:\\\/\\\/charleroi-pourlapalestine.be\\\/index.php\\\/2019\\\/04\\\/08\\\/contre-les-critiques-adressees-a-la-grande-marche-du-retour\\\/#primaryimage\"},\"image\":{\"@id\":\"https:\\\/\\\/charleroi-pourlapalestine.be\\\/index.php\\\/2019\\\/04\\\/08\\\/contre-les-critiques-adressees-a-la-grande-marche-du-retour\\\/#primaryimage\"},\"thumbnailUrl\":\"https:\\\/\\\/charleroi-pourlapalestine.be\\\/wp-content\\\/uploads\\\/2020\\\/03\\\/Marche-2-Copy.jpg\",\"datePublished\":\"2019-04-08T09:09:00+00:00\",\"dateModified\":\"2020-03-03T10:11:21+00:00\",\"description\":\"Les Palestiniens ne peuvent oublier le sang de ces enfants, de ces hommes, de ces femmes qui ont sacrifi\u00e9 leurs vies le long de la cl\u00f4ture du camp de concentration\",\"breadcrumb\":{\"@id\":\"https:\\\/\\\/charleroi-pourlapalestine.be\\\/index.php\\\/2019\\\/04\\\/08\\\/contre-les-critiques-adressees-a-la-grande-marche-du-retour\\\/#breadcrumb\"},\"inLanguage\":\"fr-FR\",\"potentialAction\":[{\"@type\":\"ReadAction\",\"target\":[\"https:\\\/\\\/charleroi-pourlapalestine.be\\\/index.php\\\/2019\\\/04\\\/08\\\/contre-les-critiques-adressees-a-la-grande-marche-du-retour\\\/\"]}]},{\"@type\":\"ImageObject\",\"inLanguage\":\"fr-FR\",\"@id\":\"https:\\\/\\\/charleroi-pourlapalestine.be\\\/index.php\\\/2019\\\/04\\\/08\\\/contre-les-critiques-adressees-a-la-grande-marche-du-retour\\\/#primaryimage\",\"url\":\"https:\\\/\\\/charleroi-pourlapalestine.be\\\/wp-content\\\/uploads\\\/2020\\\/03\\\/Marche-2-Copy.jpg\",\"contentUrl\":\"https:\\\/\\\/charleroi-pourlapalestine.be\\\/wp-content\\\/uploads\\\/2020\\\/03\\\/Marche-2-Copy.jpg\"},{\"@type\":\"BreadcrumbList\",\"@id\":\"https:\\\/\\\/charleroi-pourlapalestine.be\\\/index.php\\\/2019\\\/04\\\/08\\\/contre-les-critiques-adressees-a-la-grande-marche-du-retour\\\/#breadcrumb\",\"itemListElement\":[{\"@type\":\"ListItem\",\"position\":1,\"name\":\"Accueil\",\"item\":\"https:\\\/\\\/charleroi-pourlapalestine.be\\\/\"},{\"@type\":\"ListItem\",\"position\":2,\"name\":\"Contre les critiques adress\u00e9es \u00e0 la Grande Marche du Retour\"}]},{\"@type\":\"WebSite\",\"@id\":\"https:\\\/\\\/charleroi-pourlapalestine.be\\\/#website\",\"url\":\"https:\\\/\\\/charleroi-pourlapalestine.be\\\/\",\"name\":\"Charleroi Pour la Palestine\",\"description\":\"\",\"publisher\":{\"@id\":\"https:\\\/\\\/charleroi-pourlapalestine.be\\\/#organization\"},\"potentialAction\":[{\"@type\":\"SearchAction\",\"target\":{\"@type\":\"EntryPoint\",\"urlTemplate\":\"https:\\\/\\\/charleroi-pourlapalestine.be\\\/?s={search_term_string}\"},\"query-input\":{\"@type\":\"PropertyValueSpecification\",\"valueRequired\":true,\"valueName\":\"search_term_string\"}}],\"inLanguage\":\"fr-FR\"},{\"@type\":\"Organization\",\"@id\":\"https:\\\/\\\/charleroi-pourlapalestine.be\\\/#organization\",\"name\":\"Plate-forme Charleroi-Palestine\",\"url\":\"https:\\\/\\\/charleroi-pourlapalestine.be\\\/\",\"logo\":{\"@type\":\"ImageObject\",\"inLanguage\":\"fr-FR\",\"@id\":\"https:\\\/\\\/charleroi-pourlapalestine.be\\\/#\\\/schema\\\/logo\\\/image\\\/\",\"url\":\"https:\\\/\\\/charleroi-pourlapalestine.be\\\/wp-content\\\/uploads\\\/2020\\\/01\\\/logo-Copy.jpg\",\"contentUrl\":\"https:\\\/\\\/charleroi-pourlapalestine.be\\\/wp-content\\\/uploads\\\/2020\\\/01\\\/logo-Copy.jpg\",\"width\":180,\"height\":180,\"caption\":\"Plate-forme Charleroi-Palestine\"},\"image\":{\"@id\":\"https:\\\/\\\/charleroi-pourlapalestine.be\\\/#\\\/schema\\\/logo\\\/image\\\/\"},\"sameAs\":[\"https:\\\/\\\/www.facebook.com\\\/PlateformeCharleroiPalestine\\\/\",\"https:\\\/\\\/x.com\\\/LaCharleroi\"]},{\"@type\":\"Person\",\"@id\":\"https:\\\/\\\/charleroi-pourlapalestine.be\\\/#\\\/schema\\\/person\\\/c19ff515112f1299d8c12671d8fe3faa\",\"name\":\"admin1873\",\"url\":\"https:\\\/\\\/charleroi-pourlapalestine.be\\\/index.php\\\/author\\\/admin1873\\\/\"}]}<\/script>\n<!-- \/ Yoast SEO plugin. -->","yoast_head_json":{"title":"Contre les critiques adress\u00e9es \u00e0 la Grande Marche du Retour","description":"Les Palestiniens ne peuvent oublier le sang de ces enfants, de ces hommes, de ces femmes qui ont sacrifi\u00e9 leurs vies le long de la cl\u00f4ture du camp de concentration","robots":{"index":"index","follow":"follow","max-snippet":"max-snippet:-1","max-image-preview":"max-image-preview:large","max-video-preview":"max-video-preview:-1"},"canonical":"https:\/\/charleroi-pourlapalestine.be\/index.php\/2019\/04\/08\/contre-les-critiques-adressees-a-la-grande-marche-du-retour\/","schema":{"@context":"https:\/\/schema.org","@graph":[{"@type":"Article","@id":"https:\/\/charleroi-pourlapalestine.be\/index.php\/2019\/04\/08\/contre-les-critiques-adressees-a-la-grande-marche-du-retour\/#article","isPartOf":{"@id":"https:\/\/charleroi-pourlapalestine.be\/index.php\/2019\/04\/08\/contre-les-critiques-adressees-a-la-grande-marche-du-retour\/"},"author":{"name":"admin1873","@id":"https:\/\/charleroi-pourlapalestine.be\/#\/schema\/person\/c19ff515112f1299d8c12671d8fe3faa"},"headline":"Contre les critiques adress\u00e9es \u00e0 la Grande Marche du Retour","datePublished":"2019-04-08T09:09:00+00:00","dateModified":"2020-03-03T10:11:21+00:00","mainEntityOfPage":{"@id":"https:\/\/charleroi-pourlapalestine.be\/index.php\/2019\/04\/08\/contre-les-critiques-adressees-a-la-grande-marche-du-retour\/"},"wordCount":1526,"publisher":{"@id":"https:\/\/charleroi-pourlapalestine.be\/#organization"},"image":{"@id":"https:\/\/charleroi-pourlapalestine.be\/index.php\/2019\/04\/08\/contre-les-critiques-adressees-a-la-grande-marche-du-retour\/#primaryimage"},"thumbnailUrl":"https:\/\/charleroi-pourlapalestine.be\/wp-content\/uploads\/2020\/03\/Marche-2-Copy.jpg","articleSection":["Gaza","Grande Marche du Retour","Hamas","Oslo","R\u00e9sistance"],"inLanguage":"fr-FR"},{"@type":"WebPage","@id":"https:\/\/charleroi-pourlapalestine.be\/index.php\/2019\/04\/08\/contre-les-critiques-adressees-a-la-grande-marche-du-retour\/","url":"https:\/\/charleroi-pourlapalestine.be\/index.php\/2019\/04\/08\/contre-les-critiques-adressees-a-la-grande-marche-du-retour\/","name":"Contre les critiques adress\u00e9es \u00e0 la Grande Marche du Retour","isPartOf":{"@id":"https:\/\/charleroi-pourlapalestine.be\/#website"},"primaryImageOfPage":{"@id":"https:\/\/charleroi-pourlapalestine.be\/index.php\/2019\/04\/08\/contre-les-critiques-adressees-a-la-grande-marche-du-retour\/#primaryimage"},"image":{"@id":"https:\/\/charleroi-pourlapalestine.be\/index.php\/2019\/04\/08\/contre-les-critiques-adressees-a-la-grande-marche-du-retour\/#primaryimage"},"thumbnailUrl":"https:\/\/charleroi-pourlapalestine.be\/wp-content\/uploads\/2020\/03\/Marche-2-Copy.jpg","datePublished":"2019-04-08T09:09:00+00:00","dateModified":"2020-03-03T10:11:21+00:00","description":"Les Palestiniens ne peuvent oublier le sang de ces enfants, de ces hommes, de ces femmes qui ont sacrifi\u00e9 leurs vies le long de la cl\u00f4ture du camp de concentration","breadcrumb":{"@id":"https:\/\/charleroi-pourlapalestine.be\/index.php\/2019\/04\/08\/contre-les-critiques-adressees-a-la-grande-marche-du-retour\/#breadcrumb"},"inLanguage":"fr-FR","potentialAction":[{"@type":"ReadAction","target":["https:\/\/charleroi-pourlapalestine.be\/index.php\/2019\/04\/08\/contre-les-critiques-adressees-a-la-grande-marche-du-retour\/"]}]},{"@type":"ImageObject","inLanguage":"fr-FR","@id":"https:\/\/charleroi-pourlapalestine.be\/index.php\/2019\/04\/08\/contre-les-critiques-adressees-a-la-grande-marche-du-retour\/#primaryimage","url":"https:\/\/charleroi-pourlapalestine.be\/wp-content\/uploads\/2020\/03\/Marche-2-Copy.jpg","contentUrl":"https:\/\/charleroi-pourlapalestine.be\/wp-content\/uploads\/2020\/03\/Marche-2-Copy.jpg"},{"@type":"BreadcrumbList","@id":"https:\/\/charleroi-pourlapalestine.be\/index.php\/2019\/04\/08\/contre-les-critiques-adressees-a-la-grande-marche-du-retour\/#breadcrumb","itemListElement":[{"@type":"ListItem","position":1,"name":"Accueil","item":"https:\/\/charleroi-pourlapalestine.be\/"},{"@type":"ListItem","position":2,"name":"Contre les critiques adress\u00e9es \u00e0 la Grande Marche du Retour"}]},{"@type":"WebSite","@id":"https:\/\/charleroi-pourlapalestine.be\/#website","url":"https:\/\/charleroi-pourlapalestine.be\/","name":"Charleroi Pour la Palestine","description":"","publisher":{"@id":"https:\/\/charleroi-pourlapalestine.be\/#organization"},"potentialAction":[{"@type":"SearchAction","target":{"@type":"EntryPoint","urlTemplate":"https:\/\/charleroi-pourlapalestine.be\/?s={search_term_string}"},"query-input":{"@type":"PropertyValueSpecification","valueRequired":true,"valueName":"search_term_string"}}],"inLanguage":"fr-FR"},{"@type":"Organization","@id":"https:\/\/charleroi-pourlapalestine.be\/#organization","name":"Plate-forme Charleroi-Palestine","url":"https:\/\/charleroi-pourlapalestine.be\/","logo":{"@type":"ImageObject","inLanguage":"fr-FR","@id":"https:\/\/charleroi-pourlapalestine.be\/#\/schema\/logo\/image\/","url":"https:\/\/charleroi-pourlapalestine.be\/wp-content\/uploads\/2020\/01\/logo-Copy.jpg","contentUrl":"https:\/\/charleroi-pourlapalestine.be\/wp-content\/uploads\/2020\/01\/logo-Copy.jpg","width":180,"height":180,"caption":"Plate-forme Charleroi-Palestine"},"image":{"@id":"https:\/\/charleroi-pourlapalestine.be\/#\/schema\/logo\/image\/"},"sameAs":["https:\/\/www.facebook.com\/PlateformeCharleroiPalestine\/","https:\/\/x.com\/LaCharleroi"]},{"@type":"Person","@id":"https:\/\/charleroi-pourlapalestine.be\/#\/schema\/person\/c19ff515112f1299d8c12671d8fe3faa","name":"admin1873","url":"https:\/\/charleroi-pourlapalestine.be\/index.php\/author\/admin1873\/"}]}},"_links":{"self":[{"href":"https:\/\/charleroi-pourlapalestine.be\/index.php\/wp-json\/wp\/v2\/posts\/7561","targetHints":{"allow":["GET"]}}],"collection":[{"href":"https:\/\/charleroi-pourlapalestine.be\/index.php\/wp-json\/wp\/v2\/posts"}],"about":[{"href":"https:\/\/charleroi-pourlapalestine.be\/index.php\/wp-json\/wp\/v2\/types\/post"}],"author":[{"embeddable":true,"href":"https:\/\/charleroi-pourlapalestine.be\/index.php\/wp-json\/wp\/v2\/users\/1"}],"replies":[{"embeddable":true,"href":"https:\/\/charleroi-pourlapalestine.be\/index.php\/wp-json\/wp\/v2\/comments?post=7561"}],"version-history":[{"count":0,"href":"https:\/\/charleroi-pourlapalestine.be\/index.php\/wp-json\/wp\/v2\/posts\/7561\/revisions"}],"wp:attachment":[{"href":"https:\/\/charleroi-pourlapalestine.be\/index.php\/wp-json\/wp\/v2\/media?parent=7561"}],"wp:term":[{"taxonomy":"category","embeddable":true,"href":"https:\/\/charleroi-pourlapalestine.be\/index.php\/wp-json\/wp\/v2\/categories?post=7561"},{"taxonomy":"post_tag","embeddable":true,"href":"https:\/\/charleroi-pourlapalestine.be\/index.php\/wp-json\/wp\/v2\/tags?post=7561"}],"curies":[{"name":"wp","href":"https:\/\/api.w.org\/{rel}","templated":true}]}}