{"id":76139,"date":"2024-09-05T16:39:50","date_gmt":"2024-09-05T14:39:50","guid":{"rendered":"https:\/\/charleroi-pourlapalestine.be\/?p=76139"},"modified":"2024-09-05T16:39:56","modified_gmt":"2024-09-05T14:39:56","slug":"une-offensive-israelienne-des-plus-meurtrieres-detruit-70-pour-100-des-rues-de-jenine","status":"publish","type":"post","link":"https:\/\/charleroi-pourlapalestine.be\/index.php\/2024\/09\/05\/une-offensive-israelienne-des-plus-meurtrieres-detruit-70-pour-100-des-rues-de-jenine\/","title":{"rendered":"Une offensive isra\u00e9lienne des plus meurtri\u00e8res d\u00e9truit 70 pour 100 des rues de J\u00e9nine"},"content":{"rendered":"<p>Une offensive de l&rsquo;arm\u00e9e isra\u00e9lienne en Cisjordanie occup\u00e9e est entr\u00e9e dans son septi\u00e8me jour, mardi, d\u00e9truisant dans son sillage la grande majorit\u00e9 des infrastructures routi\u00e8res du camp de r\u00e9fugi\u00e9s de J\u00e9nine.<\/p>\n<p>&nbsp;<\/p>\n<div id=\"attachment_76140\" style=\"width: 810px\" class=\"wp-caption aligncenter\"><img loading=\"lazy\" decoding=\"async\" aria-describedby=\"caption-attachment-76140\" class=\"wp-image-76140 size-full\" src=\"https:\/\/charleroi-pourlapalestine.be\/wp-content\/uploads\/2024\/09\/Bulldozers-a-Jenine.jpg\" alt=\"31 ao\u00fbt 2024. Les bulldozers de l'arm\u00e9e isra\u00e9lienne ont arrach\u00e9 le rev\u00eatement de 70 pour 100 des rues de J\u00e9nine, d\u00e9truisant plus d'une vingtaine de kilom\u00e8tres du r\u00e9seau de distribution d'eau et des \u00e9gouts de la ville. \" width=\"800\" height=\"533\" srcset=\"https:\/\/charleroi-pourlapalestine.be\/wp-content\/uploads\/2024\/09\/Bulldozers-a-Jenine.jpg 800w, https:\/\/charleroi-pourlapalestine.be\/wp-content\/uploads\/2024\/09\/Bulldozers-a-Jenine-300x200.jpg 300w, https:\/\/charleroi-pourlapalestine.be\/wp-content\/uploads\/2024\/09\/Bulldozers-a-Jenine-768x512.jpg 768w\" sizes=\"auto, (max-width: 800px) 100vw, 800px\" \/><p id=\"caption-attachment-76140\" class=\"wp-caption-text\"><strong>31 ao\u00fbt 2024. Les bulldozers de l&rsquo;arm\u00e9e isra\u00e9lienne ont arrach\u00e9 le rev\u00eatement de 70 pour 100 des rues de J\u00e9nine, d\u00e9truisant plus d&rsquo;une vingtaine de kilom\u00e8tres du r\u00e9seau de distribution d&rsquo;eau et des \u00e9gouts de la ville.<\/strong> (Photo : Mohammed Nasser \/ APA images)<\/p><\/div>\n<p>&nbsp;<\/p>\n<p><strong>Tamara Nassar<\/strong>, 4 septembre 2024<\/p>\n<p>D&rsquo;apr\u00e8s le minist\u00e8re de la Sant\u00e9 de l&rsquo;Autorit\u00e9 palestinienne, depuis le 28 ao\u00fbt, l&rsquo;offensive isra\u00e9lienne a tu\u00e9 au moins 33 Palestiniens, dont sept enfants, et en a bless\u00e9 pr\u00e8s de 130, au moment o\u00f9 les troupes sionistes ont lanc\u00e9 leur grande op\u00e9ration meurtri\u00e8re contre les camps de <strong>J\u00e9nine, <\/strong>de <strong>Nur Shams<\/strong> \u00e0 l&rsquo;est de Tulkarem, et d<strong>&lsquo;al-Faraa<\/strong>, dans les contreforts de la vall\u00e9e du Jourdain, au sud de Tubas.<\/p>\n<p>Des centaines de soldats \u00e0 bord de jeeps militaires et assist\u00e9s par des bulldozers et des drones ont bloqu\u00e9 herm\u00e9tiquement les villes et les camps de r\u00e9fugi\u00e9s et ont inflig\u00e9 une d\u00e9vastation g\u00e9n\u00e9ralis\u00e9e aux infrastructures, aux routes et aux r\u00e9seaux de distribution d&rsquo;eau.<\/p>\n<p>L&rsquo;arm\u00e9e a \u00e9galement coup\u00e9 le courant.<\/p>\n<p>Ces raids ont lieu sous la direction du <strong>Shin Bet<\/strong>, l&rsquo;agence int\u00e9rieure isra\u00e9lienne d&rsquo;espionnage et de torture.<\/p>\n<p>Au moins 19 Palestiniens ont \u00e9t\u00e9 massacr\u00e9s par les forces isra\u00e9liennes dans le gouvernorat de J\u00e9nine, quatre \u00e0 Tubas, sept \u00e0 Tulkarem et trois dans la zone sud de H\u00e9bron, a \u00e9galement rapport\u00e9 le minist\u00e8re de la Sant\u00e9.<\/p>\n<p><strong>On dit de l&rsquo;offensive isra\u00e9lienne qu&rsquo;elle est la plus grande depuis la seconde intifada<\/strong>, voici plus de 20 ans.<\/p>\n<p>Les tueries qui se suivent depuis mercredi dernier portent \u00e0 plus de 650 le nombre de Palestiniens tu\u00e9s par les forces d&rsquo;occupation isra\u00e9liennes et les colons en Cisjordanie occup\u00e9e depuis le 7 octobre. Des milliers d&rsquo;autres ont \u00e9t\u00e9 bless\u00e9s dans cette recrudescence de la violence isra\u00e9lienne qui n&rsquo;est d\u00e9pass\u00e9e que par l&rsquo;ampleur de la boucherie qui se d\u00e9roule \u00e0 Gaza.<\/p>\n<p>Au moins 156 des tu\u00e9s en Cisjordanie occup\u00e9e \u00e9taient des enfants, dont deux citoyens am\u00e9ricains.<\/p>\n<p>&nbsp;<\/p>\n<h3>L&rsquo;attaque contre J\u00e9nine<\/h3>\n<p>Malgr\u00e9 des rapports \u00e0 propos du retrait non officiel des troupes isra\u00e9liennes des zones de Tulkarem et de Tubas, elles continuent d&rsquo;op\u00e9rer \u00e0 Tulkarem, o\u00f9 elles ont provoqu\u00e9 des destructions quasi g\u00e9n\u00e9ralis\u00e9es.<\/p>\n<p><strong>Muhammad Abdullah Kanaan, 14 ans,<\/strong> rendait visite \u00e0 son fr\u00e8re a\u00een\u00e9 en compagnie de son p\u00e8re quand, le 28 ao\u00fbt, les forces isra\u00e9liennes ont entam\u00e9 l&rsquo;offensive contre le nord de la Cisjordanie occup\u00e9e. Cette attaque les a emp\u00each\u00e9s de retourner chez eux, au camp de r\u00e9fugi\u00e9s de Tulkarem.<\/p>\n<p>Quand les forces isra\u00e9liennes ont sembl\u00e9 se retirer plus ou moins de la zone, Muhammad et son p\u00e8re ont tent\u00e9 de rentrer chez eux, au camp.<\/p>\n<p>Un tireur embusqu\u00e9 isra\u00e9lien planqu\u00e9 dans un b\u00e2timent r\u00e9sidentiel \u00e0 l&rsquo;entr\u00e9e du camp a tir\u00e9 sur l&rsquo;adolescent et sur son p\u00e8re, frappant Muhammad d&rsquo;une balle en pleine t\u00eate \u00e0 une distance de 250 m\u00e8tres et blessant le p\u00e8re \u00e0 la poitrine.<\/p>\n<p>\u00c0 l&rsquo;aube du 2 septembre, les forces isra\u00e9liennes accompagn\u00e9es de bulldozers ont envahi Tulkarem et son camp de r\u00e9fugi\u00e9s, encerclant les h\u00f4pitaux, patrouillant dans les rues et attaquant les r\u00e9sidents palestiniens.<\/p>\n<p>Pendant ce temps, elles intensifiaient \u00e9galement leur attaque contre le camp de r\u00e9fugi\u00e9s de J\u00e9nine, en l&rsquo;assi\u00e9geant et en le laissant sans vivres ni eau ni \u00e9lectricit\u00e9.<\/p>\n<p>Les forces isra\u00e9liennes ont fait sauter des maisons du camp, qui h\u00e9berge 20 000 Palestiniens.<\/p>\n<p>Les militaires ont d\u00e9moli des magasins commerciaux, ont d\u00e9fonc\u00e9 les routes \u00e0 l&rsquo;aide de leurs bulldozers et ont arr\u00eat\u00e9 et interrog\u00e9 des r\u00e9sidents.<\/p>\n<p>L&rsquo;offensive isra\u00e9lienne en cours, estime l&rsquo;arm\u00e9e, a forc\u00e9 85 pour 100 de la population du camp \u00e0 fuir, surtout vers la ville de J\u00e9nine.<\/p>\n<p>Ceux qui sont rest\u00e9s se sont terr\u00e9s chez eux, bien que 80 pour 100 du camp n&rsquo;ait plus acc\u00e8s \u00e0 l&rsquo;eau, a d\u00e9clar\u00e9 la municipalit\u00e9 de J\u00e9nine.<\/p>\n<p>Isra\u00ebl a sorti un ordre d&rsquo;\u00e9vacuation vers un h\u00f4pital public de J\u00e9nine, lequel traite actuellement quelque 150 patients.<\/p>\n<p>Vu l&rsquo;intensification des attaques isra\u00e9liennes, certains restaurants et commerces de la zone ont annonc\u00e9 qu&rsquo;ils distribueraient gratuitement du pain, des l\u00e9gumes et des denr\u00e9es alimentaires aux r\u00e9sidents.<\/p>\n<div id=\"attachment_76142\" style=\"width: 1021px\" class=\"wp-caption aligncenter\"><img loading=\"lazy\" decoding=\"async\" aria-describedby=\"caption-attachment-76142\" class=\"wp-image-76142 size-full\" src=\"https:\/\/charleroi-pourlapalestine.be\/wp-content\/uploads\/2024\/09\/Des-Palestiniens-senfuient-du-camp-de-refugies-de-Jenine.png\" alt=\"Le 31 ao\u00fbt 2024, en pleine offensive militaire isra\u00e9lienne, des Palestiniens s'enfuient du camp de r\u00e9fugi\u00e9s de J\u00e9nine. \" width=\"1011\" height=\"678\" srcset=\"https:\/\/charleroi-pourlapalestine.be\/wp-content\/uploads\/2024\/09\/Des-Palestiniens-senfuient-du-camp-de-refugies-de-Jenine.png 1011w, https:\/\/charleroi-pourlapalestine.be\/wp-content\/uploads\/2024\/09\/Des-Palestiniens-senfuient-du-camp-de-refugies-de-Jenine-300x201.png 300w, https:\/\/charleroi-pourlapalestine.be\/wp-content\/uploads\/2024\/09\/Des-Palestiniens-senfuient-du-camp-de-refugies-de-Jenine-768x515.png 768w\" sizes=\"auto, (max-width: 1011px) 100vw, 1011px\" \/><p id=\"caption-attachment-76142\" class=\"wp-caption-text\"><strong>Le 31 ao\u00fbt 2024, en pleine offensive militaire isra\u00e9lienne, des Palestinien.ne.s s&rsquo;enfuient du camp de r\u00e9fugi\u00e9s de J\u00e9nine.<\/strong> (Photo : Mohammed Nasser \/ APA images)<\/p><\/div>\n<p>&nbsp;<\/p>\n<p>Mardi, les forces isra\u00e9liennes ont assi\u00e9g\u00e9 la maison d&rsquo;un Palestinien \u00ab recherch\u00e9 \u00bb et l&rsquo;ont cribl\u00e9e d&rsquo;obus et de balles.<\/p>\n<p><strong>Lujain Osama Musleh, une adolescente de 16 ans<\/strong>, \u00e9tait \u00e0 l&rsquo;int\u00e9rieur de sa maison familiale \u00e0 une cinquantaine de m\u00e8tres de l\u00e0 quand un sniper isra\u00e9lien lui a tir\u00e9 une balle dans la t\u00eate par une fen\u00eatre, a rapport\u00e9 Defense for Children International \u2013 Palestine (DCI-P).<\/p>\n<p>Ensuite, pendant une dizaine de minutes, les forces isra\u00e9liennes ont emp\u00each\u00e9 une ambulance d&rsquo;atteindre Lujain. Finalement, quand elle a pu \u00eatre transf\u00e9r\u00e9e \u00e0 l&rsquo;h\u00f4pital public de J\u00e9nine, on a annonc\u00e9 qu&rsquo;elle \u00e9tait d\u00e9c\u00e9d\u00e9e entre-temps.<\/p>\n<p>Le 1er septembre, les forces isra\u00e9liennes ont pourchass\u00e9 et abattu deux adolescents roulant \u00e0 moto pr\u00e8s de l&rsquo;entr\u00e9e du village de Kafr Dan, \u00e0 l&rsquo;ouest de J\u00e9nine.<\/p>\n<p>Samedi apr\u00e8s-midi, <strong>Abdullah Abdulnaser Masoud, 17 ans<\/strong>, et <strong>son cousin de 12 ans, Muhammad Mahmoud Masoud,<\/strong> se trouvaient tous deux sur le si\u00e8ge arri\u00e8re d&rsquo;une moto conduite par le fr\u00e8re d&rsquo;Abdullah, Amir, \u00e2g\u00e9 de 23 ans.<\/p>\n<p>Ils revenaient \u00e0 cet instant de J\u00e9nine, assi\u00e9g\u00e9e sans acc\u00e8s \u00e0 la nourriture, <em>\u00ab apr\u00e8s avoir livr\u00e9 des sacs de pain \u00bb<\/em>, a r\u00e9v\u00e9l\u00e9 une enqu\u00eate de DCI-P sur le terrain.<\/p>\n<p>Trois v\u00e9hicules de l&rsquo;arm\u00e9e isra\u00e9lienne les ont pourchass\u00e9s alors qu&rsquo;ils retournaient vers leur village.<\/p>\n<p>Amir, qui conduisait, a perdu le contr\u00f4le de la moto et les deux ados sont tomb\u00e9s sur le sol, puis ont continu\u00e9 \u00e0 courir vers l&rsquo;entr\u00e9e de leur village.<\/p>\n<p>Cinq soldats isra\u00e9liens sont descendus de leurs v\u00e9hicules et ont tir\u00e9 \u00e0 balles r\u00e9elles sur les gar\u00e7ons \u00e0 une distance de 40 m\u00e8tres. Les balles ont frapp\u00e9 l&rsquo;ado de 17 ans \u00e0 la t\u00eate et celui de 12 ans \u00e0 deux reprises dans le dos \u2013 une des balles ressortant par devant.<\/p>\n<p>Les soldats isra\u00e9liens ont alors emp\u00each\u00e9 pendant 40 minutes les ambulances d&rsquo;atteindre les gar\u00e7ons, selon l&rsquo;enqu\u00eate de DCI-P.<\/p>\n<p>Quand les gar\u00e7ons sont arriv\u00e9s \u00e0 l&rsquo;h\u00f4pital, on n&rsquo;a pu que constater leur d\u00e9c\u00e8s.<\/p>\n<p>Apr\u00e8s avoir tu\u00e9 les deux ados, les forces isra\u00e9liennes ont ensuite arr\u00eat\u00e9 Amir.<\/p>\n<p>Plus tard, le soir m\u00eame, des v\u00e9hicules isra\u00e9liens ont envahi le village de Silat al-Harithiya, au nord-ouest de J\u00e9nine, ce qui a incit\u00e9 les habitants \u00e0 affronter les soldats afin de d\u00e9fendre leur village.<\/p>\n<p>Deux enfants palestiniens auraient lanc\u00e9 des explosifs artisanaux en direction des v\u00e9hicules.<\/p>\n<p>Quelque 40 minutes plus tard, un missile tir\u00e9 depuis un drone isra\u00e9lien a cibl\u00e9 les deux adolescents, tuant <strong>Laith Marwan Shawahneh, 16 ans<\/strong>, et blessant gri\u00e8vement l&rsquo;autre enfant, qui a \u00e9t\u00e9 hospitalis\u00e9 dans un \u00e9tat critique, a rapport\u00e9 DCI-P.<\/p>\n<p>&nbsp;<\/p>\n<h3>Destruction de la plupart des rues<\/h3>\n<p>Les bulldozers de l&rsquo;arm\u00e9e isra\u00e9lienne ont arrach\u00e9 le rev\u00eatement de pr\u00e8s de 70 pour 100 des rues de J\u00e9nine et ont d\u00e9truit plus de 20 kilom\u00e8tres du r\u00e9seau de distribution d&rsquo;eau et des \u00e9gouts de la ville, a d\u00e9clar\u00e9 la municipalit\u00e9 de J\u00e9nine.<\/p>\n<p>Des prises de vue publi\u00e9es dans les m\u00e9dias sociaux montrent des bulldozers d\u00e9truisant la voirie et les devantures des maisons et commerces.<\/p>\n<p>L&rsquo;arm\u00e9e isra\u00e9lienne dit qu&rsquo;elle proc\u00e8de de la sorte afin de dissuader les organisations de r\u00e9sistance de poser des engins explosifs en dessous des routes.<\/p>\n<p>Les Palestiniens peuvent faire exploser ces engins \u00e0 distance, lesquels ont d\u00e9j\u00e0 tu\u00e9 et bless\u00e9 un certain nombre de soldats isra\u00e9liens, ces derniers mois.<\/p>\n<p>Ces engins ont \u00e9t\u00e9 plus largement utilis\u00e9s par la r\u00e9sistance arm\u00e9e dans les zones nord afin de r\u00e9sister aux incursions isra\u00e9liennes dans leurs camps de r\u00e9fugi\u00e9s et dans leurs quartiers.<\/p>\n<p>Les engins explosifs improvis\u00e9s<\/p>\n<blockquote><p>\u00ab constituent la principale m\u00e9thode de d\u00e9fense des camps \u00bb<\/p><\/blockquote>\n<p>affirme Jon Elmer, un journaliste contributeur de <em>The Electronic Intifada.<\/em><\/p>\n<p>Les bulldozers isra\u00e9liens d\u00e9foncent les rues, d\u00e9truisent les infrastructures civiles, les magasins et les zones r\u00e9sidentielles. Les \u00e9normes v\u00e9hicules endommagent \u00e9galement les r\u00e9seaux de distribution d&rsquo;eau et les \u00e9gouts, ils emp\u00eachent tout mouvement, y compris celui des ambulances qui tentent d&rsquo;atteindre les bless\u00e9s.<\/p>\n<p>Bien que toute cette destruction des infrastructures vitales soit provoqu\u00e9e sous le pr\u00e9texte d&rsquo;extraire d&rsquo;\u00e9ventuels engins explosifs des routes, les Palestiniens interpr\u00e8tent ces pratiques comme des punitions collectives en guise de repr\u00e9sailles.<\/p>\n<p>&nbsp;<\/p>\n<div id=\"attachment_76149\" style=\"width: 810px\" class=\"wp-caption aligncenter\"><img loading=\"lazy\" decoding=\"async\" aria-describedby=\"caption-attachment-76149\" class=\"wp-image-76149 size-full\" src=\"https:\/\/charleroi-pourlapalestine.be\/wp-content\/uploads\/2024\/09\/Destructions-a-Jenine.jpg\" alt=\"Des Palestiniens examinent les d\u00e9g\u00e2ts des rues d\u00e9fonc\u00e9es par les bulldozers isra\u00e9liens le 1er septembre, apr\u00e8s un raid de l'arm\u00e9e sioniste dans le quartier est de la ville de J\u00e9nine, en Cisjordanie occup\u00e9e.\" width=\"800\" height=\"533\" srcset=\"https:\/\/charleroi-pourlapalestine.be\/wp-content\/uploads\/2024\/09\/Destructions-a-Jenine.jpg 800w, https:\/\/charleroi-pourlapalestine.be\/wp-content\/uploads\/2024\/09\/Destructions-a-Jenine-300x200.jpg 300w, https:\/\/charleroi-pourlapalestine.be\/wp-content\/uploads\/2024\/09\/Destructions-a-Jenine-768x512.jpg 768w\" sizes=\"auto, (max-width: 800px) 100vw, 800px\" \/><p id=\"caption-attachment-76149\" class=\"wp-caption-text\"><strong>Des Palestiniens examinent les d\u00e9g\u00e2ts des rues d\u00e9fonc\u00e9es par les bulldozers isra\u00e9liens le 1er septembre, apr\u00e8s un raid de l&rsquo;arm\u00e9e sioniste dans le quartier est de la ville de J\u00e9nine, en Cisjordanie occup\u00e9e.<\/strong> (Photo : Mohammed Nasser \/ APA images)<\/p><\/div>\n<p>&nbsp;<\/p>\n<p>De plus, il est loin d&rsquo;\u00eatre certain que cette tactique soit efficace pour r\u00e9duire la menace des engins explosifs improvis\u00e9s, qui se sont grandement am\u00e9lior\u00e9s, ces derniers mois.<\/p>\n<blockquote><p>\u00ab En transformant les rues en gravats, on peut enterrer plus facilement et plus rapidement des explosifs dans le sol, parce qu&rsquo;il n&rsquo;est plus recouvert d&rsquo;asphalte, apr\u00e8s quoi on peut les dissimuler sous les gravats qu&rsquo;on a d\u00e9terr\u00e9s \u00bb,<\/p><\/blockquote>\n<p>dit Elmer.<\/p>\n<blockquote><p>\u00ab Les Isra\u00e9liens disent que cela leur donne la libert\u00e9 d&rsquo;op\u00e9rer mais, en r\u00e9alit\u00e9, cela facilite le placement des explosifs m\u00eames \u2013 de sorte qu&rsquo;il s&rsquo;agit tout simplement d&rsquo;une mesure punitive \u00bb,<\/p><\/blockquote>\n<p>ajoute Elmer.<\/p>\n<blockquote><p>\u00ab C&rsquo;est une punition pour les camps, en raison de leur m\u00e9thode de d\u00e9fense. \u00bb<\/p><\/blockquote>\n<p>Un journaliste du <em>Times of Israel<\/em> a demand\u00e9 \u00e0 un officier isra\u00e9lien du g\u00e9nie si cela rendait plus difficile \u00e0 l&rsquo;avenir de localiser des nouvelles bombes pos\u00e9es sous des routes d\u00e9fonc\u00e9es, \u00e0 quoi l&rsquo;homme a r\u00e9pondu qu&rsquo;il s&rsquo;agissait en effet d&rsquo;<em>\u00ab un dilemme \u00bb.<\/em><\/p>\n<p>Un soldat isra\u00e9lien a \u00e9t\u00e9 tu\u00e9 le 27 ao\u00fbt au cours d&rsquo;affrontements entre les troupes isra\u00e9liennes et les combattants de la r\u00e9sistance arm\u00e9e \u00e0 J\u00e9nine qui d\u00e9fendaient le camp de r\u00e9fugi\u00e9s au moment de l&rsquo;offensive.<\/p>\n<p>&nbsp;<\/p>\n<h3>Un <em>\u00ab mini Gaza \u00bb<\/em><\/h3>\n<p>Les appels des dirigeants isra\u00e9liens \u00e0 transformer la Cisjordanie en un <em>\u00ab mini Gaza \u00bb \u00ab se traduisent en op\u00e9rations militaires \u00bb<\/em>, a mis en garde lundi le bureau des droits humains aux Nations unies.<\/p>\n<blockquote><p>\u00ab La violence g\u00e9nocidaire d&rsquo;Isra\u00ebl risque de s&rsquo;\u00e9tendre de Gaza et de gagner les territoires palestiniens occup\u00e9s dans leur ensemble \u00bb,<\/p><\/blockquote>\n<p>a d\u00e9clar\u00e9 Francesca Albanese, la rapporteuse sp\u00e9ciale de l&rsquo;ONU pour la Cisjordanie et Gaza.<\/p>\n<blockquote><p>\u00ab Il y a de plus en plus de preuves qu&rsquo;aucun Palestinien n&rsquo;est en s\u00e9curit\u00e9 sous le contr\u00f4le sans entrave d&rsquo;Isra\u00ebl. \u00bb<\/p><\/blockquote>\n<p>Francesca Albanese a mis en garde :<\/p>\n<blockquote><p>\u00ab L&rsquo;\u00c9tat d&rsquo;apartheid isra\u00e9lien cible Gaza et la Cisjordanie en m\u00eame temps, dans le cadre d&rsquo;un processus g\u00e9n\u00e9ral d&rsquo;\u00e9limination, de remplacement et d&rsquo;expansion territoriale. \u00bb<\/p>\n<p>\u00ab La tr\u00e8s longue impunit\u00e9 octroy\u00e9e \u00e0 Isra\u00ebl facilite la d\u00e9-palestinisation des territoires occup\u00e9s, laissant les Palestiniens \u00e0 la merci des forces qui poursuivent leur \u00e9limination en tant que groupe national. \u00bb<\/p><\/blockquote>\n<p>&nbsp;<\/p>\n<p style=\"text-align: center;\">*****<\/p>\n<p>Publi\u00e9 le 4 septembre 2024 sur <a href=\"https:\/\/electronicintifada.net\/blogs\/tamara-nassar\/lethal-israeli-assault-destroys-70-percent-jenins-streets\" target=\"_blank\" rel=\"noopener\">The Electronic Intifada<\/a><br \/>\nTraduction : Jean-Marie Fl\u00e9mal, <a href=\"https:\/\/charleroi-pourlapalestine.be\/\">Charleroi pour la Palestine<\/a><\/p>\n","protected":false},"excerpt":{"rendered":"<p>Les bulldozers de l&rsquo;arm\u00e9e isra\u00e9lienne ont d\u00e9truit plus d&rsquo;une vingtaine de kilom\u00e8tres du r\u00e9seau de distribution d&rsquo;eau et des \u00e9gouts de la ville de J\u00e9nine<\/p>\n","protected":false},"author":1,"featured_media":76149,"comment_status":"closed","ping_status":"closed","sticky":false,"template":"","format":"standard","meta":{"ngg_post_thumbnail":0,"footnotes":""},"categories":[7,905],"tags":[],"class_list":["post-76139","post","type-post","status-publish","format-standard","has-post-thumbnail","hentry","category-cisjordanie","category-jenine"],"yoast_head":"<!-- This site is optimized with the Yoast SEO plugin v27.3 - https:\/\/yoast.com\/product\/yoast-seo-wordpress\/ -->\n<title>Une offensive isra\u00e9lienne des plus meurtri\u00e8res d\u00e9truit 70 pour 100 des rues de J\u00e9nine<\/title>\n<meta name=\"description\" content=\"Les bulldozers isra\u00e9liens d\u00e9foncent les rues, d\u00e9truisent les infrastructures civiles, les magasins et les zones r\u00e9sidentielles \u00e0 J\u00e9nine\" \/>\n<meta name=\"robots\" content=\"index, follow, max-snippet:-1, max-image-preview:large, max-video-preview:-1\" \/>\n<link rel=\"canonical\" href=\"https:\/\/charleroi-pourlapalestine.be\/index.php\/2024\/09\/05\/une-offensive-israelienne-des-plus-meurtrieres-detruit-70-pour-100-des-rues-de-jenine\/\" \/>\n<script type=\"application\/ld+json\" class=\"yoast-schema-graph\">{\"@context\":\"https:\\\/\\\/schema.org\",\"@graph\":[{\"@type\":\"Article\",\"@id\":\"https:\\\/\\\/charleroi-pourlapalestine.be\\\/index.php\\\/2024\\\/09\\\/05\\\/une-offensive-israelienne-des-plus-meurtrieres-detruit-70-pour-100-des-rues-de-jenine\\\/#article\",\"isPartOf\":{\"@id\":\"https:\\\/\\\/charleroi-pourlapalestine.be\\\/index.php\\\/2024\\\/09\\\/05\\\/une-offensive-israelienne-des-plus-meurtrieres-detruit-70-pour-100-des-rues-de-jenine\\\/\"},\"author\":{\"name\":\"admin1873\",\"@id\":\"https:\\\/\\\/charleroi-pourlapalestine.be\\\/#\\\/schema\\\/person\\\/c19ff515112f1299d8c12671d8fe3faa\"},\"headline\":\"Une offensive isra\u00e9lienne des plus meurtri\u00e8res d\u00e9truit 70 pour 100 des rues de J\u00e9nine\",\"datePublished\":\"2024-09-05T14:39:50+00:00\",\"dateModified\":\"2024-09-05T14:39:56+00:00\",\"mainEntityOfPage\":{\"@id\":\"https:\\\/\\\/charleroi-pourlapalestine.be\\\/index.php\\\/2024\\\/09\\\/05\\\/une-offensive-israelienne-des-plus-meurtrieres-detruit-70-pour-100-des-rues-de-jenine\\\/\"},\"wordCount\":2099,\"publisher\":{\"@id\":\"https:\\\/\\\/charleroi-pourlapalestine.be\\\/#organization\"},\"image\":{\"@id\":\"https:\\\/\\\/charleroi-pourlapalestine.be\\\/index.php\\\/2024\\\/09\\\/05\\\/une-offensive-israelienne-des-plus-meurtrieres-detruit-70-pour-100-des-rues-de-jenine\\\/#primaryimage\"},\"thumbnailUrl\":\"https:\\\/\\\/charleroi-pourlapalestine.be\\\/wp-content\\\/uploads\\\/2024\\\/09\\\/Destructions-a-Jenine.jpg\",\"articleSection\":[\"Cisjordanie\",\"J\u00e9nine\"],\"inLanguage\":\"fr-FR\"},{\"@type\":\"WebPage\",\"@id\":\"https:\\\/\\\/charleroi-pourlapalestine.be\\\/index.php\\\/2024\\\/09\\\/05\\\/une-offensive-israelienne-des-plus-meurtrieres-detruit-70-pour-100-des-rues-de-jenine\\\/\",\"url\":\"https:\\\/\\\/charleroi-pourlapalestine.be\\\/index.php\\\/2024\\\/09\\\/05\\\/une-offensive-israelienne-des-plus-meurtrieres-detruit-70-pour-100-des-rues-de-jenine\\\/\",\"name\":\"Une offensive isra\u00e9lienne des plus meurtri\u00e8res d\u00e9truit 70 pour 100 des rues de J\u00e9nine\",\"isPartOf\":{\"@id\":\"https:\\\/\\\/charleroi-pourlapalestine.be\\\/#website\"},\"primaryImageOfPage\":{\"@id\":\"https:\\\/\\\/charleroi-pourlapalestine.be\\\/index.php\\\/2024\\\/09\\\/05\\\/une-offensive-israelienne-des-plus-meurtrieres-detruit-70-pour-100-des-rues-de-jenine\\\/#primaryimage\"},\"image\":{\"@id\":\"https:\\\/\\\/charleroi-pourlapalestine.be\\\/index.php\\\/2024\\\/09\\\/05\\\/une-offensive-israelienne-des-plus-meurtrieres-detruit-70-pour-100-des-rues-de-jenine\\\/#primaryimage\"},\"thumbnailUrl\":\"https:\\\/\\\/charleroi-pourlapalestine.be\\\/wp-content\\\/uploads\\\/2024\\\/09\\\/Destructions-a-Jenine.jpg\",\"datePublished\":\"2024-09-05T14:39:50+00:00\",\"dateModified\":\"2024-09-05T14:39:56+00:00\",\"description\":\"Les bulldozers isra\u00e9liens d\u00e9foncent les rues, d\u00e9truisent les infrastructures civiles, les magasins et les zones r\u00e9sidentielles \u00e0 J\u00e9nine\",\"breadcrumb\":{\"@id\":\"https:\\\/\\\/charleroi-pourlapalestine.be\\\/index.php\\\/2024\\\/09\\\/05\\\/une-offensive-israelienne-des-plus-meurtrieres-detruit-70-pour-100-des-rues-de-jenine\\\/#breadcrumb\"},\"inLanguage\":\"fr-FR\",\"potentialAction\":[{\"@type\":\"ReadAction\",\"target\":[\"https:\\\/\\\/charleroi-pourlapalestine.be\\\/index.php\\\/2024\\\/09\\\/05\\\/une-offensive-israelienne-des-plus-meurtrieres-detruit-70-pour-100-des-rues-de-jenine\\\/\"]}]},{\"@type\":\"ImageObject\",\"inLanguage\":\"fr-FR\",\"@id\":\"https:\\\/\\\/charleroi-pourlapalestine.be\\\/index.php\\\/2024\\\/09\\\/05\\\/une-offensive-israelienne-des-plus-meurtrieres-detruit-70-pour-100-des-rues-de-jenine\\\/#primaryimage\",\"url\":\"https:\\\/\\\/charleroi-pourlapalestine.be\\\/wp-content\\\/uploads\\\/2024\\\/09\\\/Destructions-a-Jenine.jpg\",\"contentUrl\":\"https:\\\/\\\/charleroi-pourlapalestine.be\\\/wp-content\\\/uploads\\\/2024\\\/09\\\/Destructions-a-Jenine.jpg\",\"width\":800,\"height\":533},{\"@type\":\"BreadcrumbList\",\"@id\":\"https:\\\/\\\/charleroi-pourlapalestine.be\\\/index.php\\\/2024\\\/09\\\/05\\\/une-offensive-israelienne-des-plus-meurtrieres-detruit-70-pour-100-des-rues-de-jenine\\\/#breadcrumb\",\"itemListElement\":[{\"@type\":\"ListItem\",\"position\":1,\"name\":\"Accueil\",\"item\":\"https:\\\/\\\/charleroi-pourlapalestine.be\\\/\"},{\"@type\":\"ListItem\",\"position\":2,\"name\":\"Une offensive isra\u00e9lienne des plus meurtri\u00e8res d\u00e9truit 70 pour 100 des rues de J\u00e9nine\"}]},{\"@type\":\"WebSite\",\"@id\":\"https:\\\/\\\/charleroi-pourlapalestine.be\\\/#website\",\"url\":\"https:\\\/\\\/charleroi-pourlapalestine.be\\\/\",\"name\":\"Charleroi Pour la Palestine\",\"description\":\"\",\"publisher\":{\"@id\":\"https:\\\/\\\/charleroi-pourlapalestine.be\\\/#organization\"},\"potentialAction\":[{\"@type\":\"SearchAction\",\"target\":{\"@type\":\"EntryPoint\",\"urlTemplate\":\"https:\\\/\\\/charleroi-pourlapalestine.be\\\/?s={search_term_string}\"},\"query-input\":{\"@type\":\"PropertyValueSpecification\",\"valueRequired\":true,\"valueName\":\"search_term_string\"}}],\"inLanguage\":\"fr-FR\"},{\"@type\":\"Organization\",\"@id\":\"https:\\\/\\\/charleroi-pourlapalestine.be\\\/#organization\",\"name\":\"Plate-forme Charleroi-Palestine\",\"url\":\"https:\\\/\\\/charleroi-pourlapalestine.be\\\/\",\"logo\":{\"@type\":\"ImageObject\",\"inLanguage\":\"fr-FR\",\"@id\":\"https:\\\/\\\/charleroi-pourlapalestine.be\\\/#\\\/schema\\\/logo\\\/image\\\/\",\"url\":\"https:\\\/\\\/charleroi-pourlapalestine.be\\\/wp-content\\\/uploads\\\/2020\\\/01\\\/logo-Copy.jpg\",\"contentUrl\":\"https:\\\/\\\/charleroi-pourlapalestine.be\\\/wp-content\\\/uploads\\\/2020\\\/01\\\/logo-Copy.jpg\",\"width\":180,\"height\":180,\"caption\":\"Plate-forme Charleroi-Palestine\"},\"image\":{\"@id\":\"https:\\\/\\\/charleroi-pourlapalestine.be\\\/#\\\/schema\\\/logo\\\/image\\\/\"},\"sameAs\":[\"https:\\\/\\\/www.facebook.com\\\/PlateformeCharleroiPalestine\\\/\",\"https:\\\/\\\/x.com\\\/LaCharleroi\"]},{\"@type\":\"Person\",\"@id\":\"https:\\\/\\\/charleroi-pourlapalestine.be\\\/#\\\/schema\\\/person\\\/c19ff515112f1299d8c12671d8fe3faa\",\"name\":\"admin1873\",\"url\":\"https:\\\/\\\/charleroi-pourlapalestine.be\\\/index.php\\\/author\\\/admin1873\\\/\"}]}<\/script>\n<!-- \/ Yoast SEO plugin. -->","yoast_head_json":{"title":"Une offensive isra\u00e9lienne des plus meurtri\u00e8res d\u00e9truit 70 pour 100 des rues de J\u00e9nine","description":"Les bulldozers isra\u00e9liens d\u00e9foncent les rues, d\u00e9truisent les infrastructures civiles, les magasins et les zones r\u00e9sidentielles \u00e0 J\u00e9nine","robots":{"index":"index","follow":"follow","max-snippet":"max-snippet:-1","max-image-preview":"max-image-preview:large","max-video-preview":"max-video-preview:-1"},"canonical":"https:\/\/charleroi-pourlapalestine.be\/index.php\/2024\/09\/05\/une-offensive-israelienne-des-plus-meurtrieres-detruit-70-pour-100-des-rues-de-jenine\/","schema":{"@context":"https:\/\/schema.org","@graph":[{"@type":"Article","@id":"https:\/\/charleroi-pourlapalestine.be\/index.php\/2024\/09\/05\/une-offensive-israelienne-des-plus-meurtrieres-detruit-70-pour-100-des-rues-de-jenine\/#article","isPartOf":{"@id":"https:\/\/charleroi-pourlapalestine.be\/index.php\/2024\/09\/05\/une-offensive-israelienne-des-plus-meurtrieres-detruit-70-pour-100-des-rues-de-jenine\/"},"author":{"name":"admin1873","@id":"https:\/\/charleroi-pourlapalestine.be\/#\/schema\/person\/c19ff515112f1299d8c12671d8fe3faa"},"headline":"Une offensive isra\u00e9lienne des plus meurtri\u00e8res d\u00e9truit 70 pour 100 des rues de J\u00e9nine","datePublished":"2024-09-05T14:39:50+00:00","dateModified":"2024-09-05T14:39:56+00:00","mainEntityOfPage":{"@id":"https:\/\/charleroi-pourlapalestine.be\/index.php\/2024\/09\/05\/une-offensive-israelienne-des-plus-meurtrieres-detruit-70-pour-100-des-rues-de-jenine\/"},"wordCount":2099,"publisher":{"@id":"https:\/\/charleroi-pourlapalestine.be\/#organization"},"image":{"@id":"https:\/\/charleroi-pourlapalestine.be\/index.php\/2024\/09\/05\/une-offensive-israelienne-des-plus-meurtrieres-detruit-70-pour-100-des-rues-de-jenine\/#primaryimage"},"thumbnailUrl":"https:\/\/charleroi-pourlapalestine.be\/wp-content\/uploads\/2024\/09\/Destructions-a-Jenine.jpg","articleSection":["Cisjordanie","J\u00e9nine"],"inLanguage":"fr-FR"},{"@type":"WebPage","@id":"https:\/\/charleroi-pourlapalestine.be\/index.php\/2024\/09\/05\/une-offensive-israelienne-des-plus-meurtrieres-detruit-70-pour-100-des-rues-de-jenine\/","url":"https:\/\/charleroi-pourlapalestine.be\/index.php\/2024\/09\/05\/une-offensive-israelienne-des-plus-meurtrieres-detruit-70-pour-100-des-rues-de-jenine\/","name":"Une offensive isra\u00e9lienne des plus meurtri\u00e8res d\u00e9truit 70 pour 100 des rues de J\u00e9nine","isPartOf":{"@id":"https:\/\/charleroi-pourlapalestine.be\/#website"},"primaryImageOfPage":{"@id":"https:\/\/charleroi-pourlapalestine.be\/index.php\/2024\/09\/05\/une-offensive-israelienne-des-plus-meurtrieres-detruit-70-pour-100-des-rues-de-jenine\/#primaryimage"},"image":{"@id":"https:\/\/charleroi-pourlapalestine.be\/index.php\/2024\/09\/05\/une-offensive-israelienne-des-plus-meurtrieres-detruit-70-pour-100-des-rues-de-jenine\/#primaryimage"},"thumbnailUrl":"https:\/\/charleroi-pourlapalestine.be\/wp-content\/uploads\/2024\/09\/Destructions-a-Jenine.jpg","datePublished":"2024-09-05T14:39:50+00:00","dateModified":"2024-09-05T14:39:56+00:00","description":"Les bulldozers isra\u00e9liens d\u00e9foncent les rues, d\u00e9truisent les infrastructures civiles, les magasins et les zones r\u00e9sidentielles \u00e0 J\u00e9nine","breadcrumb":{"@id":"https:\/\/charleroi-pourlapalestine.be\/index.php\/2024\/09\/05\/une-offensive-israelienne-des-plus-meurtrieres-detruit-70-pour-100-des-rues-de-jenine\/#breadcrumb"},"inLanguage":"fr-FR","potentialAction":[{"@type":"ReadAction","target":["https:\/\/charleroi-pourlapalestine.be\/index.php\/2024\/09\/05\/une-offensive-israelienne-des-plus-meurtrieres-detruit-70-pour-100-des-rues-de-jenine\/"]}]},{"@type":"ImageObject","inLanguage":"fr-FR","@id":"https:\/\/charleroi-pourlapalestine.be\/index.php\/2024\/09\/05\/une-offensive-israelienne-des-plus-meurtrieres-detruit-70-pour-100-des-rues-de-jenine\/#primaryimage","url":"https:\/\/charleroi-pourlapalestine.be\/wp-content\/uploads\/2024\/09\/Destructions-a-Jenine.jpg","contentUrl":"https:\/\/charleroi-pourlapalestine.be\/wp-content\/uploads\/2024\/09\/Destructions-a-Jenine.jpg","width":800,"height":533},{"@type":"BreadcrumbList","@id":"https:\/\/charleroi-pourlapalestine.be\/index.php\/2024\/09\/05\/une-offensive-israelienne-des-plus-meurtrieres-detruit-70-pour-100-des-rues-de-jenine\/#breadcrumb","itemListElement":[{"@type":"ListItem","position":1,"name":"Accueil","item":"https:\/\/charleroi-pourlapalestine.be\/"},{"@type":"ListItem","position":2,"name":"Une offensive isra\u00e9lienne des plus meurtri\u00e8res d\u00e9truit 70 pour 100 des rues de J\u00e9nine"}]},{"@type":"WebSite","@id":"https:\/\/charleroi-pourlapalestine.be\/#website","url":"https:\/\/charleroi-pourlapalestine.be\/","name":"Charleroi Pour la Palestine","description":"","publisher":{"@id":"https:\/\/charleroi-pourlapalestine.be\/#organization"},"potentialAction":[{"@type":"SearchAction","target":{"@type":"EntryPoint","urlTemplate":"https:\/\/charleroi-pourlapalestine.be\/?s={search_term_string}"},"query-input":{"@type":"PropertyValueSpecification","valueRequired":true,"valueName":"search_term_string"}}],"inLanguage":"fr-FR"},{"@type":"Organization","@id":"https:\/\/charleroi-pourlapalestine.be\/#organization","name":"Plate-forme Charleroi-Palestine","url":"https:\/\/charleroi-pourlapalestine.be\/","logo":{"@type":"ImageObject","inLanguage":"fr-FR","@id":"https:\/\/charleroi-pourlapalestine.be\/#\/schema\/logo\/image\/","url":"https:\/\/charleroi-pourlapalestine.be\/wp-content\/uploads\/2020\/01\/logo-Copy.jpg","contentUrl":"https:\/\/charleroi-pourlapalestine.be\/wp-content\/uploads\/2020\/01\/logo-Copy.jpg","width":180,"height":180,"caption":"Plate-forme Charleroi-Palestine"},"image":{"@id":"https:\/\/charleroi-pourlapalestine.be\/#\/schema\/logo\/image\/"},"sameAs":["https:\/\/www.facebook.com\/PlateformeCharleroiPalestine\/","https:\/\/x.com\/LaCharleroi"]},{"@type":"Person","@id":"https:\/\/charleroi-pourlapalestine.be\/#\/schema\/person\/c19ff515112f1299d8c12671d8fe3faa","name":"admin1873","url":"https:\/\/charleroi-pourlapalestine.be\/index.php\/author\/admin1873\/"}]}},"_links":{"self":[{"href":"https:\/\/charleroi-pourlapalestine.be\/index.php\/wp-json\/wp\/v2\/posts\/76139","targetHints":{"allow":["GET"]}}],"collection":[{"href":"https:\/\/charleroi-pourlapalestine.be\/index.php\/wp-json\/wp\/v2\/posts"}],"about":[{"href":"https:\/\/charleroi-pourlapalestine.be\/index.php\/wp-json\/wp\/v2\/types\/post"}],"author":[{"embeddable":true,"href":"https:\/\/charleroi-pourlapalestine.be\/index.php\/wp-json\/wp\/v2\/users\/1"}],"replies":[{"embeddable":true,"href":"https:\/\/charleroi-pourlapalestine.be\/index.php\/wp-json\/wp\/v2\/comments?post=76139"}],"version-history":[{"count":0,"href":"https:\/\/charleroi-pourlapalestine.be\/index.php\/wp-json\/wp\/v2\/posts\/76139\/revisions"}],"wp:featuredmedia":[{"embeddable":true,"href":"https:\/\/charleroi-pourlapalestine.be\/index.php\/wp-json\/wp\/v2\/media\/76149"}],"wp:attachment":[{"href":"https:\/\/charleroi-pourlapalestine.be\/index.php\/wp-json\/wp\/v2\/media?parent=76139"}],"wp:term":[{"taxonomy":"category","embeddable":true,"href":"https:\/\/charleroi-pourlapalestine.be\/index.php\/wp-json\/wp\/v2\/categories?post=76139"},{"taxonomy":"post_tag","embeddable":true,"href":"https:\/\/charleroi-pourlapalestine.be\/index.php\/wp-json\/wp\/v2\/tags?post=76139"}],"curies":[{"name":"wp","href":"https:\/\/api.w.org\/{rel}","templated":true}]}}