{"id":76274,"date":"2024-09-12T14:30:47","date_gmt":"2024-09-12T12:30:47","guid":{"rendered":"https:\/\/charleroi-pourlapalestine.be\/?p=76274"},"modified":"2024-09-12T14:30:53","modified_gmt":"2024-09-12T12:30:53","slug":"israel-tue-40-personnes-dans-la-zone-humanitaire-de-gaza","status":"publish","type":"post","link":"https:\/\/charleroi-pourlapalestine.be\/index.php\/2024\/09\/12\/israel-tue-40-personnes-dans-la-zone-humanitaire-de-gaza\/","title":{"rendered":"Isra\u00ebl tue 40 personnes dans la \u00ab zone humanitaire \u00bb de Gaza"},"content":{"rendered":"<p>Mardi \u00e0 l&rsquo;aube, \u00e0 al-Mawasi, \u00e0 l&rsquo;ouest de Khan Younis, Isra\u00ebl a massacr\u00e9 au moins 40 Palestiniens en bombardant des tentes qui h\u00e9bergeaient des personnes d\u00e9plac\u00e9es venues d&rsquo;autres r\u00e9gions de Gaza, a annonc\u00e9 le bureau gouvernemental des m\u00e9dias dans le territoire.<\/p>\n<p>&nbsp;<\/p>\n<div id=\"attachment_76275\" style=\"width: 810px\" class=\"wp-caption alignnone\"><img loading=\"lazy\" decoding=\"async\" aria-describedby=\"caption-attachment-76275\" class=\"wp-image-76275 size-full\" src=\"https:\/\/charleroi-pourlapalestine.be\/wp-content\/uploads\/2024\/09\/al-Mawasi.jpg\" alt=\"Le r\u00e9sultat d'une frappe a\u00e9rienne le 10 septembre \u00e0 l'aube sur al-Mawasi, dans le sud de la bande de Gaza. \" width=\"800\" height=\"533\" srcset=\"https:\/\/charleroi-pourlapalestine.be\/wp-content\/uploads\/2024\/09\/al-Mawasi.jpg 800w, https:\/\/charleroi-pourlapalestine.be\/wp-content\/uploads\/2024\/09\/al-Mawasi-300x200.jpg 300w, https:\/\/charleroi-pourlapalestine.be\/wp-content\/uploads\/2024\/09\/al-Mawasi-768x512.jpg 768w\" sizes=\"auto, (max-width: 800px) 100vw, 800px\" \/><p id=\"caption-attachment-76275\" class=\"wp-caption-text\"><strong>Le r\u00e9sultat d&rsquo;une frappe a\u00e9rienne le 10 septembre \u00e0 l&rsquo;aube sur al-Mawasi, dans le sud de la bande de Gaza.<\/strong> (Photo : Abid AlRahim Al-Khatib \/ UPI)<\/p><\/div>\n<p><strong><br \/>\nMaureen Clare Murphy<\/strong>, 10 septembre 2024<\/p>\n<p>Le minist\u00e8re de la sant\u00e9 de Gaza a r\u00e9pertori\u00e9 les d\u00e9c\u00e8s de 19 personnes dont les corps ont \u00e9t\u00e9 transport\u00e9s dans des h\u00f4pitaux. Le bureau des m\u00e9dias a expliqu\u00e9 que ses chiffres de d\u00e9c\u00e8s, plus \u00e9lev\u00e9s, incluaient 21 personnes dont les corps n&rsquo;ont pas \u00e9t\u00e9 retrouv\u00e9s parce qu&rsquo;ils ont \u00e9t\u00e9 compl\u00e8tement an\u00e9antis par les lourds projectiles largu\u00e9s sur le site.<\/p>\n<p>Des \u00e9quipes \u00e9taient toujours \u00e0 la recherche des personnes manquantes, a ajout\u00e9 le bureau gouvernemental des m\u00e9dias. Une vid\u00e9o du r\u00e9sultat de la frappe \u00e0 al-Mawasi montre un crat\u00e8re d&rsquo;une dizaine de m\u00e8tres de profondeur dans le sable o\u00f9 se trouvaient avant cela des tentes.<\/p>\n<p>Isra\u00ebl a pr\u00e9tendu sans preuve qu&rsquo;il avait cibl\u00e9 un centre de commandement appartenant au Hamas. De son c\u00f4t\u00e9, l&rsquo;organisation de r\u00e9sistance a d\u00e9menti la pr\u00e9sence sur place ne f\u00fbt-ce que d&rsquo;un seul de ses combattants.<\/p>\n<blockquote><p>\u00ab C&rsquo;est un mensonge manifeste qui cherche \u00e0 justifier ces horribles crimes \u00bb,<\/p><\/blockquote>\n<p>a d\u00e9clar\u00e9 le Hamas. La r\u00e9sistance a ni\u00e9 \u00e0 plusieurs reprises qu&rsquo;aucun de ses membres ait pu se trouver parmi des rassemblements de civils ou utiliser ces endroits \u00e0 des fins militaires.<\/p>\n<p>&nbsp;<\/p>\n<h3>L&rsquo;ONU <em>\u00ab d\u00e9plore \u00bb<\/em> l&rsquo;attaque<\/h3>\n<p>La bureau des droits humains de l&rsquo;ONU a d\u00e9clar\u00e9 qu&rsquo;il <em>\u00ab d\u00e9plorait \u00bb<\/em> l&rsquo;attaque contre al-Mawasi, qu&rsquo;Isra\u00ebl avait unilat\u00e9ralement d\u00e9sign\u00e9 comme <em>\u00ab zone humanitaire \u00bb.<\/em><\/p>\n<p>Au lieu de garantir la s\u00e9curit\u00e9 des Palestiniens d\u00e9plac\u00e9s, l&rsquo;arm\u00e9e isra\u00e9lienne<\/p>\n<blockquote><p>\u00ab continue d&rsquo;opter pour le recours \u00e0 des armes aux effets tr\u00e8s \u00e9tendus dans ces zones \u00e0 tr\u00e8s haute densit\u00e9 de population (&#8230;) et cela sugg\u00e8re un m\u00e9pris total pour la vie des civils palestiniens \u00bb.<\/p><\/blockquote>\n<p>La grande majorit\u00e9 de la population de Gaza, qui \u00e9tait de 2,3 millions d&rsquo;habitants avant le d\u00e9but du g\u00e9nocide, a \u00e9t\u00e9 d\u00e9plac\u00e9e de ses foyers. Bien des personnes ont \u00e9t\u00e9 d\u00e9plac\u00e9es \u00e0 de multiples reprises, sans endroit s\u00fbr o\u00f9 aller.<\/p>\n<p>M\u00eame si les all\u00e9gations isra\u00e9liennes disant que les combattants du Hamas s&rsquo;\u00e9taient retranch\u00e9s dans le camp \u00e9taient vraies, a fait savoir le bureau de l&rsquo;ONU, cela ne rel\u00e8verait pas son arm\u00e9e de son obligation,<\/p>\n<blockquote><p>\u00ab lors de ses attaques, de respecter les principes fondamentaux du droit international humanitaire que sont le discernement, la proportionnalit\u00e9 et la prudence \u00bb.<\/p><\/blockquote>\n<p>En d\u00e9cr\u00e9tant ses ordres d&rsquo;\u00e9vacuation dans d&rsquo;autres zones de Gaza, Isra\u00ebl a ordonn\u00e9 aux civils de se rendre \u00e0 al-Mawasi, une zone c\u00f4ti\u00e8re ouverte sans la moindre infrastructure pour couvrir les besoins des personnes d\u00e9plac\u00e9es. Tout r\u00e9cemment, le 24 ao\u00fbt, Isra\u00ebl a encore oblig\u00e9 des Palestiniens \u00e0 \u00e9vacuer vers al-Mawasi, a d\u00e9clar\u00e9 le bureau des droits humains de l&rsquo;ONU.<\/p>\n<p>En juillet, des bombardiers isra\u00e9liens avaient d\u00e9j\u00e0 largu\u00e9 des bombes sur al-Mawasi, tuant des dizaines de Palestiniens. Isra\u00ebl avait pr\u00e9tendu qu&rsquo;il ciblait <strong>Muhammad Deif,<\/strong> le chef des <strong>Brigades Qassam<\/strong>, l&rsquo;aile arm\u00e9e du Hamas et en m\u00eame temps de la section de Khan Younis de la brigade.<\/p>\n<p>Hamas n&rsquo;avait pas confirm\u00e9 que Deif avait \u00e9t\u00e9 tu\u00e9. L&rsquo;homme avait d\u00e9j\u00e0 surv\u00e9cu \u00e0 plusieurs tentatives d&rsquo;\u00e9limination, avant cela.<\/p>\n<p>Des responsables am\u00e9ricains peuvent avoir \u00e9t\u00e9 impliqu\u00e9s dans ce massacre de juillet \u00e0 al-Mawasi. Le moins dernier, The New York Times rapportait que les EU avaient particip\u00e9 \u00e0 l&rsquo;interception des communications du dirigeant du Hamas,<strong> Yahya Sinwar<\/strong>, et qu&rsquo;ils avaient \u00e9galement<\/p>\n<blockquote><p>\u00ab fourni un g\u00e9oradar (permettant de d\u00e9tecter des mouvements souterrains, NdT) \u00e0 Isra\u00ebl afin d&rsquo;aider \u00e0 le traquer, lui et d&rsquo;autres commandants du Hamas \u00bb.<\/p><\/blockquote>\n<p>&nbsp;<\/p>\n<h3>Dans le nord, des attaques contre des refuges<\/h3>\n<p>\u00c0 maintes reprises, Isra\u00ebl a frapp\u00e9 des sites utilis\u00e9s comme refuges pour les personnes d\u00e9plac\u00e9es de Gaza, pr\u00e9tendant souvent sans la moindre preuve qu&rsquo;ils \u00e9taient utilis\u00e9s comme centres de commandement par le Hamas et par d&rsquo;autres organisations de r\u00e9sistance, en d\u00e9pit des vastes r\u00e9seaux de tunnels dont se servent les combattants palestiniens.<\/p>\n<p>Le 7 septembre, l&rsquo;arm\u00e9e isra\u00e9lienne a attaqu\u00e9 <strong>l&rsquo;\u00e9cole Halima al-Sadia<\/strong> qui h\u00e9bergeait des centaines de Palestiniens d\u00e9plac\u00e9s \u00e0 <strong>Jabaliya al-Nazla,<\/strong> dans le nord de Gaza. L&rsquo;attaque, qui a eu lieu sans le moindre avertissement, a tu\u00e9 quatre personnes et en a bless\u00e9 plusieurs autres, rapporte l&rsquo;<em>Euro-Med Human Rights Monitor (Euro-Med).<\/em><\/p>\n<p>Le m\u00eame jour, quatre Palestiniens, dont un enfant, ont \u00e9t\u00e9 tu\u00e9s lorsque l&rsquo;aviation isra\u00e9lienne a bombard\u00e9<strong> l&rsquo;\u00e9cole Amr Ibn al-Aas,<\/strong> dans la partie nord de la<strong> ville de Gaza<\/strong>. L&rsquo;\u00e9cole servait elle aussi de refuge.<\/p>\n<blockquote><p>\u00ab Depuis le d\u00e9but ao\u00fbt, l&rsquo;arm\u00e9e d&rsquo;occupation isra\u00e9lienne a bombard\u00e9 <strong>16 \u00e9coles utilis\u00e9es comme refuges<\/strong> dans la bande de Gaza \u00bb,<\/p><\/blockquote>\n<p>a d\u00e9clar\u00e9<em> Euro-Med.<\/em> Toutes ces \u00e9coles cibl\u00e9es, sauf une, se trouvent dans la partie nord de l&rsquo;enclave.<\/p>\n<p>Plus de 215 Palestiniens ont \u00e9t\u00e9 tu\u00e9s lors de ces attaques et des centaines d&rsquo;autres ont \u00e9t\u00e9 bless\u00e9s, a ajout\u00e9 l&rsquo;organisation des droits humains, en faisant remarquer qu&rsquo;Isra\u00ebl a intensifi\u00e9 ses ciblages de civils dans la ville de Gaza et dans les gouvernorats du nord du territoire.<\/p>\n<p>La<strong> destruction d\u00e9lib\u00e9r\u00e9e des infrastructures civiles du nord de Gaza<\/strong>, dont des sites faisant office de refuges, fait partie de la strat\u00e9gie isra\u00e9lienne cherchant \u00e0 cr\u00e9er un environnement coercitif dans le but de <strong>transf\u00e9rer de force la population<\/strong> vers le centre et le sud de la bande de Gaza, estime<em> Euro-Med.<\/em><\/p>\n<p>&nbsp;<\/p>\n<h3>Le plan isra\u00e9lien en vue de d\u00e9peupler le nord de Gaza<\/h3>\n<p>L&rsquo;organisation de d\u00e9fense des droits a mis le doigt sur des articles publi\u00e9s dans les m\u00e9dias isra\u00e9liens \u00e0 propos d&rsquo;un plan \u00e9labor\u00e9 par des commandants et recrues de r\u00e9serve de l&rsquo;arm\u00e9e isra\u00e9lienne en vue de d\u00e9peupler le nord de Gaza.<\/p>\n<p>Le projet, dont on dit qu&rsquo;il a \u00e9t\u00e9 pr\u00e9sent\u00e9 au cabinet isra\u00e9lien et \u00e0 d&rsquo;autres hauts responsables, a \u00e9t\u00e9 \u00e9labor\u00e9 sous la direction de <strong>Giora Eiland<\/strong>, un major-g\u00e9n\u00e9ral \u00e0 la retraite, proche conseiller du ministre isra\u00e9lien de la D\u00e9fense et qui r\u00e9clamait que l&rsquo;on cr\u00e9e des conditions en vue de propager des \u00e9pid\u00e9mies \u00e0 Gaza, en guise de guerre biologique, en quelque sorte.<\/p>\n<p>Il demande<strong> que l&rsquo;on \u00e9vacue quelque 300 000 civils<\/strong>, estime-t-on, du nord de Gaza et en une semaine seulement, apr\u00e8s quoi la zone sera assi\u00e9g\u00e9e et les combattants du Hamas seront forc\u00e9s de se rendre ou de se faire tuer.<\/p>\n<p>Selon Aluf Benn, r\u00e9dacteur en chef de <em>Haaretz,<\/em> le quotidien de Tel-Aviv, Isra\u00ebl est entr\u00e9 dans la deuxi\u00e8me phase de sa guerre, phase au cours de laquelle<\/p>\n<blockquote><p>\u00ab il va s&rsquo;efforcer de parachever sa conqu\u00eate du nord de la bande de Gaza \u00bb.<\/p><\/blockquote>\n<p>Benn a ajout\u00e9 que le gouvernement d&rsquo;extr\u00eame droite du Premier ministre Benjamin Netanyahou voulait soumettre les Palestiniens du nord de Gaza au m\u00eame<\/p>\n<blockquote><p>\u00ab sort que les Arm\u00e9niens du Nagorny Karabakh : Ils ont \u00e9t\u00e9 chass\u00e9s de la r\u00e9gion il y a un an, de nuit, au cours d&rsquo;une op\u00e9ration d&rsquo;une extr\u00eame rapidit\u00e9, par le pr\u00e9sident de l&rsquo;Azerba\u00efdjan, Ilham Aliyev, un proche all\u00e9 d&rsquo;Isra\u00ebl \u00bb.<\/p><\/blockquote>\n<p>D&rsquo;apr\u00e8s Benn, les d\u00e9marches entreprises vers cette nouvelle phase incluent la d\u00e9signation r\u00e9cente par Isra\u00ebl d&rsquo;un colonel \u00e0 la t\u00eate de l&rsquo;\u00e9quivalent gazaoui de l&rsquo;Administration civile en Cisjordanie, ainsi que l&rsquo;ordre donn\u00e9 par Netanyahou \u00e0 l&rsquo;arm\u00e9e de se pr\u00e9parer \u00e0 <strong>distribuer de l&rsquo;aide en lieu et place des organisations humanitaires.<\/strong><\/p>\n<blockquote><p>\u00ab La motivation est \u00e9vidente : toute personne qui distribue les vivres et les m\u00e9dicaments a la main sur le bouton du pouvoir \u00bb,<\/p><\/blockquote>\n<p>a d\u00e9clar\u00e9 Benn.<\/p>\n<p>Et d&rsquo;ajouter que<\/p>\n<blockquote><p>\u00ab la renonciation par Netanyahou au retour des otages isra\u00e9liens \u00bb<\/p><\/blockquote>\n<p>a pour but de priver Sinwar d&rsquo;un levier dans les n\u00e9gociations. Entre-temps, la prolongation de leur captivit\u00e9 \u00e0 Gaza va fournir<\/p>\n<blockquote><p>\u00ab \u00e0 Isra\u00ebl une justification de sa poursuite de la guerre, du si\u00e8ge et de l&rsquo;occupation \u00bb.<\/p><\/blockquote>\n<p>\u00c0 leur tour, la guerre et le si\u00e8ge en cours forceront les Palestiniens \u00e0 quitter Gaza pour de bon, pr\u00e9voit Benn.<\/p>\n<p>Yoav Gallant, le ministre isra\u00e9lien de la D\u00e9fense, a d\u00e9clar\u00e9 mardi que l&rsquo;arm\u00e9e avait presque termin\u00e9 ses op\u00e9rations \u00e0 Gaza et qu&rsquo;elle allait bient\u00f4t se concentrer sur le nord pour affronter le Hezbollah.<\/p>\n<p>On assiste \u00e0 <strong>une faille croissante entre Gallant et Netanyahou.<\/strong> Le premier soutient un accord n\u00e9goci\u00e9 en vue de lib\u00e9rer les captifs et mettre un terme \u00e0 la guerre \u00e0 Gaza. Le second, lui, insiste sur une <em>\u00ab victoire totale \u00bb<\/em> contre le Hamas.<\/p>\n<p>&nbsp;<\/p>\n<h3>Isra\u00ebl percute un convoi de l&rsquo;ONU avec ses chars et un bulldozer<\/h3>\n<p><em>Euro-Med<\/em> a accus\u00e9 Isra\u00ebl d&rsquo;avoir<\/p>\n<blockquote><p>\u00ab tr\u00e8s gravement compromis la campagne de vaccination contre la polio \u00e0 Gaza \u00bb.<\/p><\/blockquote>\n<p>Mardi, Isra\u00ebl a bombard\u00e9 un stand de vivres \u00e0 proximit\u00e9 de<\/p>\n<blockquote><p>\u00ab trois centres hors conflit et d\u00e9sign\u00e9s comme s\u00fbrs \u00bb<\/p><\/blockquote>\n<p>pour la <strong>campagne de vaccination contre la polio<\/strong> dans le quartier d&rsquo;<strong>al-Tuffah<\/strong>, pr\u00e8s de la ville de Gaza. Cinq personnes ont \u00e9t\u00e9 tu\u00e9es.<\/p>\n<p><em>Euro-Med<\/em> a d\u00e9clar\u00e9 avoir \u00e9galement r\u00e9pertori\u00e9 dans le sud de Gaza des attaques qui avaient <strong>entrav\u00e9 la campagne de vaccination.<\/strong><\/p>\n<p>L&rsquo;<strong>UNRWA<\/strong>, l&rsquo;agence de l&rsquo;ONU pour les r\u00e9fugi\u00e9s de Palestine, a d\u00e9clar\u00e9 que, lundi, pendant plus de huit heures, les forces isra\u00e9liennes avaient <strong>bloqu\u00e9 un convoi<\/strong> faisant route vers le nord de Gaza.<\/p>\n<blockquote><p>\u00ab Le personnel du convoi \u00e9tait en route pour d\u00e9ployer la campagne de vaccination contre la polio pour les enfants dans le nord \u00bb,<\/p><\/blockquote>\n<p>a d\u00e9clar\u00e9 l&rsquo;agence.<\/p>\n<blockquote><p>\u00ab Cet incident significatif est le dernier en date de toute une s\u00e9rie de violations perp\u00e9tr\u00e9es contre le personnel de l&rsquo;ONU \u00bb,<\/p><\/blockquote>\n<p>a ajout\u00e9 l&rsquo;UNRWA.<\/p>\n<p>St\u00e9phane Dujarric, porte-parole du secr\u00e9taire g\u00e9n\u00e9ral de l&rsquo;ONU, a d\u00e9clar\u00e9 que les d\u00e9placements du convoi avaient fait l&rsquo;objet d&rsquo;une coordination pr\u00e9alable avec l&rsquo;arm\u00e9e isra\u00e9lienne.<\/p>\n<p>Mais, quand le convoi auquel participaient 12 membres de l&rsquo;\u00e9quipe a atteint le checkpoint d&rsquo;al-Rashid,<\/p>\n<blockquote><p>\u00ab les hommes ont \u00e9t\u00e9 inform\u00e9s que les forces isra\u00e9liennes voulaient retenir deux membres de l&rsquo;\u00e9quipe de l&rsquo;ONU participant au convoi afin de les interroger \u00bb.<\/p><\/blockquote>\n<p>Les troupes isra\u00e9liennes ont encercl\u00e9 le convoi et ont tir\u00e9 des coups de feu avant que les chars et un bulldozer de l&rsquo;arm\u00e9e isra\u00e9lienne<\/p>\n<blockquote><p>\u00ab ne percutent les v\u00e9hicules de l&rsquo;ONU par l&rsquo;avant et par l&rsquo;arri\u00e8re, compactant ainsi le convoi avec tout le personnel de l&rsquo;ONU \u00e0 l&rsquo;int\u00e9rieur \u00bb.<\/p><\/blockquote>\n<p>Dujarric a ajout\u00e9 que<\/p>\n<blockquote><p>\u00ab le bulldozer avait laiss\u00e9 tomber des d\u00e9bris sur le premier v\u00e9hicule, dans le m\u00eame temps que les soldats isra\u00e9liens mena\u00e7aient les hommes du convoi et les privaient de toute possibilit\u00e9 de sortir sans encombre des v\u00e9hicules \u00bb.<\/p><\/blockquote>\n<p>Le convoi est rest\u00e9 sous la menace des armes pendant que<\/p>\n<blockquote><p>\u00ab des hauts responsables de l&rsquo;ONU contactaient les autorit\u00e9s isra\u00e9liennes dans un effort en vue de d\u00e9samorcer la situation \u00bb.<\/p><\/blockquote>\n<p>Selon Dujarric,<\/p>\n<blockquote><p>\u00ab deux membres de l&rsquo;\u00e9quipe ont \u00e9t\u00e9 interrog\u00e9s par les forces isra\u00e9liennes et nous ont \u00e9t\u00e9 renvoy\u00e9s ensuite apr\u00e8s sept heures et demie d&rsquo;attente au checkpoint \u00bb.<\/p><\/blockquote>\n<p>Le convoi est retourn\u00e9 \u00e0 sa base sans avoir accompli sa mission, a ajout\u00e9 Dujarric.<\/p>\n<p>L&rsquo;arm\u00e9e isra\u00e9lienne a pr\u00e9tendu<\/p>\n<blockquote><p>\u00ab avoir re\u00e7u des informations disant que des terroristes pouvaient s&rsquo;\u00eatre dissimul\u00e9s au sein de la caravane \u00bb,<\/p><\/blockquote>\n<p>a fait savoir The Jerusalem Post.<\/p>\n<p>Mardi, Tedros Adhanom Ghebreyesus, le directeur de l&rsquo;<strong>Organisation mondiale de la Sant\u00e9 (OMS),<\/strong> a d\u00e9clar\u00e9 que<\/p>\n<blockquote><p>\u00ab les vaccins, les marqueurs de doigt et les \u00e9quipements de la cha\u00eene froide avaient \u00e9t\u00e9 achemin\u00e9s vers le nord \u00bb<\/p><\/blockquote>\n<p>de Gaza ce lundi.<\/p>\n<p>Il a ajout\u00e9 que l&rsquo;agence tentait de livrer plus de carburant encore de fa\u00e7on que les vaccinateurs puissent atteindre les enfants et que les h\u00f4pitaux puissent<\/p>\n<blockquote><p>\u00ab continuer d&rsquo;assurer les services essentiels \u00bb.<\/p><\/blockquote>\n<p><strong>Les agences de l&rsquo;ONU et le minist\u00e8re de la sant\u00e9 \u00e0 Gaza<\/strong> ont entam\u00e9 la campagne de vaccination ce mois-ci, apr\u00e8s qu&rsquo;un b\u00e9b\u00e9 de 10 mois, dont une jambe aujourd&rsquo;hui est paralys\u00e9e, a \u00e9t\u00e9 r\u00e9pertori\u00e9 comme le premier cas de polio dans le territoire depuis 25 ans.<\/p>\n<p>Pr\u00e8s d&rsquo;<strong>un demi-million d&rsquo;enfants ont \u00e9t\u00e9 vaccin\u00e9s au cours des neuf premiers jours de la campagne.<\/strong><\/p>\n<blockquote><p>\u00ab Les enfants de Gaza m\u00e9ritent une paix durable, et pas uniquement des vaccins contre la polio \u00bb,<\/p><\/blockquote>\n<p>a encore dit Ghebreyesus.<\/p>\n<p>Au moins 41 020 Palestiniens ont \u00e9t\u00e9 tu\u00e9s \u00e0 Gaza depuis le 7 octobre 2023 et quelque 94 925 autres ont \u00e9t\u00e9 bless\u00e9s, estime le minist\u00e8re de la sant\u00e9 du territoire.<\/p>\n<p>Des milliers d&rsquo;autres encore ont \u00e9t\u00e9 port\u00e9s manquants et un nombre inconnu de personnes sont mortes \u00e0 la suite du blocus isra\u00e9lien et des attaques syst\u00e9matiques contre les h\u00f4pitaux et les infrastructures de l&rsquo;eau et de son assainissement \u00e0 Gaza.<\/p>\n<p style=\"text-align: center;\">*****<\/p>\n<p><strong><img loading=\"lazy\" decoding=\"async\" class=\"alignleft wp-image-45540 size-full\" src=\"https:\/\/charleroi-pourlapalestine.be\/wp-content\/uploads\/2022\/10\/Maureen-Clare-Murphy-e1665914569514.jpg\" sizes=\"auto, (max-width: 150px) 100vw, 150px\" srcset=\"https:\/\/charleroi-pourlapalestine.be\/wp-content\/uploads\/2022\/10\/Maureen-Clare-Murphy-e1665914569514.jpg 150w, https:\/\/charleroi-pourlapalestine.be\/wp-content\/uploads\/2022\/10\/Maureen-Clare-Murphy-e1665914569514-80x80.jpg 80w\" alt=\"\" width=\"150\" height=\"150\">Maureen Clare Murphy<\/strong> est r\u00e9dactrice en chef de <a href=\"https:\/\/electronicintifada.net\/blogs\/maureen-clare-murphy\/craig-mokhiber-moving-world-palestinian-rights\" target=\"_blank\" rel=\"noopener\">The Electronic Intifada.<\/a><\/p>\n<div class=\"pf-content\">\n<p>&nbsp;&nbsp;&nbsp;&nbsp;&nbsp;&nbsp;&nbsp;&nbsp;&nbsp;&nbsp;&nbsp;&nbsp;&nbsp;&nbsp;&nbsp;&nbsp;&nbsp;&nbsp;&nbsp;&nbsp;&nbsp;&nbsp;&nbsp;&nbsp;&nbsp;&nbsp;&nbsp;&nbsp;&nbsp;&nbsp;&nbsp;&nbsp;&nbsp;&nbsp;&nbsp;&nbsp;&nbsp;&nbsp;&nbsp; ******<br \/>\nPubli\u00e9 le&nbsp; 10 septembre 2024 sur <a href=\"https:\/\/electronicintifada.net\/blogs\/maureen-clare-murphy\/israel-kills-40-gaza-humanitarian-zone\" target=\"_blank\" rel=\"noopener\"><strong>The Electronic Intifada<\/strong><\/a><br \/>\nTraduction : Jean-Marie Fl\u00e9mal, <a href=\"https:\/\/charleroi-pourlapalestine.be\/\"><strong>Charleroi pour la Palestine<\/strong><\/a><\/p>\n<\/div>\n","protected":false},"excerpt":{"rendered":"<p>Une vid\u00e9o du r\u00e9sultat de la frappe \u00e0 al-Mawasi montre un crat\u00e8re d&rsquo;une dizaine de m\u00e8tres de profondeur dans le sable o\u00f9 se trouvaient avant cela des tentes<\/p>\n","protected":false},"author":1,"featured_media":76275,"comment_status":"closed","ping_status":"closed","sticky":false,"template":"","format":"standard","meta":{"ngg_post_thumbnail":0,"footnotes":""},"categories":[6,344],"tags":[],"class_list":["post-76274","post","type-post","status-publish","format-standard","has-post-thumbnail","hentry","category-gaza","category-genocide"],"yoast_head":"<!-- This site is optimized with the Yoast SEO plugin v27.3 - https:\/\/yoast.com\/product\/yoast-seo-wordpress\/ -->\n<title>Isra\u00ebl tue 40 personnes dans la \u00ab zone humanitaire \u00bb de Gaza<\/title>\n<meta name=\"description\" content=\"Isra\u00ebl a massacr\u00e9 au moins 40 Palestiniens en bombardant des tentes qui h\u00e9bergeaient des personnes d\u00e9plac\u00e9es venues d&#039;autres r\u00e9gions de Gaza\" \/>\n<meta name=\"robots\" content=\"index, follow, max-snippet:-1, max-image-preview:large, max-video-preview:-1\" \/>\n<link rel=\"canonical\" href=\"https:\/\/charleroi-pourlapalestine.be\/index.php\/2024\/09\/12\/israel-tue-40-personnes-dans-la-zone-humanitaire-de-gaza\/\" \/>\n<script type=\"application\/ld+json\" class=\"yoast-schema-graph\">{\"@context\":\"https:\\\/\\\/schema.org\",\"@graph\":[{\"@type\":\"Article\",\"@id\":\"https:\\\/\\\/charleroi-pourlapalestine.be\\\/index.php\\\/2024\\\/09\\\/12\\\/israel-tue-40-personnes-dans-la-zone-humanitaire-de-gaza\\\/#article\",\"isPartOf\":{\"@id\":\"https:\\\/\\\/charleroi-pourlapalestine.be\\\/index.php\\\/2024\\\/09\\\/12\\\/israel-tue-40-personnes-dans-la-zone-humanitaire-de-gaza\\\/\"},\"author\":{\"name\":\"admin1873\",\"@id\":\"https:\\\/\\\/charleroi-pourlapalestine.be\\\/#\\\/schema\\\/person\\\/c19ff515112f1299d8c12671d8fe3faa\"},\"headline\":\"Isra\u00ebl tue 40 personnes dans la \u00ab zone humanitaire \u00bb de Gaza\",\"datePublished\":\"2024-09-12T12:30:47+00:00\",\"dateModified\":\"2024-09-12T12:30:53+00:00\",\"mainEntityOfPage\":{\"@id\":\"https:\\\/\\\/charleroi-pourlapalestine.be\\\/index.php\\\/2024\\\/09\\\/12\\\/israel-tue-40-personnes-dans-la-zone-humanitaire-de-gaza\\\/\"},\"wordCount\":2397,\"publisher\":{\"@id\":\"https:\\\/\\\/charleroi-pourlapalestine.be\\\/#organization\"},\"image\":{\"@id\":\"https:\\\/\\\/charleroi-pourlapalestine.be\\\/index.php\\\/2024\\\/09\\\/12\\\/israel-tue-40-personnes-dans-la-zone-humanitaire-de-gaza\\\/#primaryimage\"},\"thumbnailUrl\":\"https:\\\/\\\/charleroi-pourlapalestine.be\\\/wp-content\\\/uploads\\\/2024\\\/09\\\/al-Mawasi.jpg\",\"articleSection\":[\"Gaza\",\"G\u00e9nocide\"],\"inLanguage\":\"fr-FR\"},{\"@type\":\"WebPage\",\"@id\":\"https:\\\/\\\/charleroi-pourlapalestine.be\\\/index.php\\\/2024\\\/09\\\/12\\\/israel-tue-40-personnes-dans-la-zone-humanitaire-de-gaza\\\/\",\"url\":\"https:\\\/\\\/charleroi-pourlapalestine.be\\\/index.php\\\/2024\\\/09\\\/12\\\/israel-tue-40-personnes-dans-la-zone-humanitaire-de-gaza\\\/\",\"name\":\"Isra\u00ebl tue 40 personnes dans la \u00ab zone humanitaire \u00bb de Gaza\",\"isPartOf\":{\"@id\":\"https:\\\/\\\/charleroi-pourlapalestine.be\\\/#website\"},\"primaryImageOfPage\":{\"@id\":\"https:\\\/\\\/charleroi-pourlapalestine.be\\\/index.php\\\/2024\\\/09\\\/12\\\/israel-tue-40-personnes-dans-la-zone-humanitaire-de-gaza\\\/#primaryimage\"},\"image\":{\"@id\":\"https:\\\/\\\/charleroi-pourlapalestine.be\\\/index.php\\\/2024\\\/09\\\/12\\\/israel-tue-40-personnes-dans-la-zone-humanitaire-de-gaza\\\/#primaryimage\"},\"thumbnailUrl\":\"https:\\\/\\\/charleroi-pourlapalestine.be\\\/wp-content\\\/uploads\\\/2024\\\/09\\\/al-Mawasi.jpg\",\"datePublished\":\"2024-09-12T12:30:47+00:00\",\"dateModified\":\"2024-09-12T12:30:53+00:00\",\"description\":\"Isra\u00ebl a massacr\u00e9 au moins 40 Palestiniens en bombardant des tentes qui h\u00e9bergeaient des personnes d\u00e9plac\u00e9es venues d'autres r\u00e9gions de Gaza\",\"breadcrumb\":{\"@id\":\"https:\\\/\\\/charleroi-pourlapalestine.be\\\/index.php\\\/2024\\\/09\\\/12\\\/israel-tue-40-personnes-dans-la-zone-humanitaire-de-gaza\\\/#breadcrumb\"},\"inLanguage\":\"fr-FR\",\"potentialAction\":[{\"@type\":\"ReadAction\",\"target\":[\"https:\\\/\\\/charleroi-pourlapalestine.be\\\/index.php\\\/2024\\\/09\\\/12\\\/israel-tue-40-personnes-dans-la-zone-humanitaire-de-gaza\\\/\"]}]},{\"@type\":\"ImageObject\",\"inLanguage\":\"fr-FR\",\"@id\":\"https:\\\/\\\/charleroi-pourlapalestine.be\\\/index.php\\\/2024\\\/09\\\/12\\\/israel-tue-40-personnes-dans-la-zone-humanitaire-de-gaza\\\/#primaryimage\",\"url\":\"https:\\\/\\\/charleroi-pourlapalestine.be\\\/wp-content\\\/uploads\\\/2024\\\/09\\\/al-Mawasi.jpg\",\"contentUrl\":\"https:\\\/\\\/charleroi-pourlapalestine.be\\\/wp-content\\\/uploads\\\/2024\\\/09\\\/al-Mawasi.jpg\",\"width\":800,\"height\":533},{\"@type\":\"BreadcrumbList\",\"@id\":\"https:\\\/\\\/charleroi-pourlapalestine.be\\\/index.php\\\/2024\\\/09\\\/12\\\/israel-tue-40-personnes-dans-la-zone-humanitaire-de-gaza\\\/#breadcrumb\",\"itemListElement\":[{\"@type\":\"ListItem\",\"position\":1,\"name\":\"Accueil\",\"item\":\"https:\\\/\\\/charleroi-pourlapalestine.be\\\/\"},{\"@type\":\"ListItem\",\"position\":2,\"name\":\"Isra\u00ebl tue 40 personnes dans la \u00ab zone humanitaire \u00bb de Gaza\"}]},{\"@type\":\"WebSite\",\"@id\":\"https:\\\/\\\/charleroi-pourlapalestine.be\\\/#website\",\"url\":\"https:\\\/\\\/charleroi-pourlapalestine.be\\\/\",\"name\":\"Charleroi Pour la Palestine\",\"description\":\"\",\"publisher\":{\"@id\":\"https:\\\/\\\/charleroi-pourlapalestine.be\\\/#organization\"},\"potentialAction\":[{\"@type\":\"SearchAction\",\"target\":{\"@type\":\"EntryPoint\",\"urlTemplate\":\"https:\\\/\\\/charleroi-pourlapalestine.be\\\/?s={search_term_string}\"},\"query-input\":{\"@type\":\"PropertyValueSpecification\",\"valueRequired\":true,\"valueName\":\"search_term_string\"}}],\"inLanguage\":\"fr-FR\"},{\"@type\":\"Organization\",\"@id\":\"https:\\\/\\\/charleroi-pourlapalestine.be\\\/#organization\",\"name\":\"Plate-forme Charleroi-Palestine\",\"url\":\"https:\\\/\\\/charleroi-pourlapalestine.be\\\/\",\"logo\":{\"@type\":\"ImageObject\",\"inLanguage\":\"fr-FR\",\"@id\":\"https:\\\/\\\/charleroi-pourlapalestine.be\\\/#\\\/schema\\\/logo\\\/image\\\/\",\"url\":\"https:\\\/\\\/charleroi-pourlapalestine.be\\\/wp-content\\\/uploads\\\/2020\\\/01\\\/logo-Copy.jpg\",\"contentUrl\":\"https:\\\/\\\/charleroi-pourlapalestine.be\\\/wp-content\\\/uploads\\\/2020\\\/01\\\/logo-Copy.jpg\",\"width\":180,\"height\":180,\"caption\":\"Plate-forme Charleroi-Palestine\"},\"image\":{\"@id\":\"https:\\\/\\\/charleroi-pourlapalestine.be\\\/#\\\/schema\\\/logo\\\/image\\\/\"},\"sameAs\":[\"https:\\\/\\\/www.facebook.com\\\/PlateformeCharleroiPalestine\\\/\",\"https:\\\/\\\/x.com\\\/LaCharleroi\"]},{\"@type\":\"Person\",\"@id\":\"https:\\\/\\\/charleroi-pourlapalestine.be\\\/#\\\/schema\\\/person\\\/c19ff515112f1299d8c12671d8fe3faa\",\"name\":\"admin1873\",\"url\":\"https:\\\/\\\/charleroi-pourlapalestine.be\\\/index.php\\\/author\\\/admin1873\\\/\"}]}<\/script>\n<!-- \/ Yoast SEO plugin. -->","yoast_head_json":{"title":"Isra\u00ebl tue 40 personnes dans la \u00ab zone humanitaire \u00bb de Gaza","description":"Isra\u00ebl a massacr\u00e9 au moins 40 Palestiniens en bombardant des tentes qui h\u00e9bergeaient des personnes d\u00e9plac\u00e9es venues d'autres r\u00e9gions de Gaza","robots":{"index":"index","follow":"follow","max-snippet":"max-snippet:-1","max-image-preview":"max-image-preview:large","max-video-preview":"max-video-preview:-1"},"canonical":"https:\/\/charleroi-pourlapalestine.be\/index.php\/2024\/09\/12\/israel-tue-40-personnes-dans-la-zone-humanitaire-de-gaza\/","schema":{"@context":"https:\/\/schema.org","@graph":[{"@type":"Article","@id":"https:\/\/charleroi-pourlapalestine.be\/index.php\/2024\/09\/12\/israel-tue-40-personnes-dans-la-zone-humanitaire-de-gaza\/#article","isPartOf":{"@id":"https:\/\/charleroi-pourlapalestine.be\/index.php\/2024\/09\/12\/israel-tue-40-personnes-dans-la-zone-humanitaire-de-gaza\/"},"author":{"name":"admin1873","@id":"https:\/\/charleroi-pourlapalestine.be\/#\/schema\/person\/c19ff515112f1299d8c12671d8fe3faa"},"headline":"Isra\u00ebl tue 40 personnes dans la \u00ab zone humanitaire \u00bb de Gaza","datePublished":"2024-09-12T12:30:47+00:00","dateModified":"2024-09-12T12:30:53+00:00","mainEntityOfPage":{"@id":"https:\/\/charleroi-pourlapalestine.be\/index.php\/2024\/09\/12\/israel-tue-40-personnes-dans-la-zone-humanitaire-de-gaza\/"},"wordCount":2397,"publisher":{"@id":"https:\/\/charleroi-pourlapalestine.be\/#organization"},"image":{"@id":"https:\/\/charleroi-pourlapalestine.be\/index.php\/2024\/09\/12\/israel-tue-40-personnes-dans-la-zone-humanitaire-de-gaza\/#primaryimage"},"thumbnailUrl":"https:\/\/charleroi-pourlapalestine.be\/wp-content\/uploads\/2024\/09\/al-Mawasi.jpg","articleSection":["Gaza","G\u00e9nocide"],"inLanguage":"fr-FR"},{"@type":"WebPage","@id":"https:\/\/charleroi-pourlapalestine.be\/index.php\/2024\/09\/12\/israel-tue-40-personnes-dans-la-zone-humanitaire-de-gaza\/","url":"https:\/\/charleroi-pourlapalestine.be\/index.php\/2024\/09\/12\/israel-tue-40-personnes-dans-la-zone-humanitaire-de-gaza\/","name":"Isra\u00ebl tue 40 personnes dans la \u00ab zone humanitaire \u00bb de Gaza","isPartOf":{"@id":"https:\/\/charleroi-pourlapalestine.be\/#website"},"primaryImageOfPage":{"@id":"https:\/\/charleroi-pourlapalestine.be\/index.php\/2024\/09\/12\/israel-tue-40-personnes-dans-la-zone-humanitaire-de-gaza\/#primaryimage"},"image":{"@id":"https:\/\/charleroi-pourlapalestine.be\/index.php\/2024\/09\/12\/israel-tue-40-personnes-dans-la-zone-humanitaire-de-gaza\/#primaryimage"},"thumbnailUrl":"https:\/\/charleroi-pourlapalestine.be\/wp-content\/uploads\/2024\/09\/al-Mawasi.jpg","datePublished":"2024-09-12T12:30:47+00:00","dateModified":"2024-09-12T12:30:53+00:00","description":"Isra\u00ebl a massacr\u00e9 au moins 40 Palestiniens en bombardant des tentes qui h\u00e9bergeaient des personnes d\u00e9plac\u00e9es venues d'autres r\u00e9gions de Gaza","breadcrumb":{"@id":"https:\/\/charleroi-pourlapalestine.be\/index.php\/2024\/09\/12\/israel-tue-40-personnes-dans-la-zone-humanitaire-de-gaza\/#breadcrumb"},"inLanguage":"fr-FR","potentialAction":[{"@type":"ReadAction","target":["https:\/\/charleroi-pourlapalestine.be\/index.php\/2024\/09\/12\/israel-tue-40-personnes-dans-la-zone-humanitaire-de-gaza\/"]}]},{"@type":"ImageObject","inLanguage":"fr-FR","@id":"https:\/\/charleroi-pourlapalestine.be\/index.php\/2024\/09\/12\/israel-tue-40-personnes-dans-la-zone-humanitaire-de-gaza\/#primaryimage","url":"https:\/\/charleroi-pourlapalestine.be\/wp-content\/uploads\/2024\/09\/al-Mawasi.jpg","contentUrl":"https:\/\/charleroi-pourlapalestine.be\/wp-content\/uploads\/2024\/09\/al-Mawasi.jpg","width":800,"height":533},{"@type":"BreadcrumbList","@id":"https:\/\/charleroi-pourlapalestine.be\/index.php\/2024\/09\/12\/israel-tue-40-personnes-dans-la-zone-humanitaire-de-gaza\/#breadcrumb","itemListElement":[{"@type":"ListItem","position":1,"name":"Accueil","item":"https:\/\/charleroi-pourlapalestine.be\/"},{"@type":"ListItem","position":2,"name":"Isra\u00ebl tue 40 personnes dans la \u00ab zone humanitaire \u00bb de Gaza"}]},{"@type":"WebSite","@id":"https:\/\/charleroi-pourlapalestine.be\/#website","url":"https:\/\/charleroi-pourlapalestine.be\/","name":"Charleroi Pour la Palestine","description":"","publisher":{"@id":"https:\/\/charleroi-pourlapalestine.be\/#organization"},"potentialAction":[{"@type":"SearchAction","target":{"@type":"EntryPoint","urlTemplate":"https:\/\/charleroi-pourlapalestine.be\/?s={search_term_string}"},"query-input":{"@type":"PropertyValueSpecification","valueRequired":true,"valueName":"search_term_string"}}],"inLanguage":"fr-FR"},{"@type":"Organization","@id":"https:\/\/charleroi-pourlapalestine.be\/#organization","name":"Plate-forme Charleroi-Palestine","url":"https:\/\/charleroi-pourlapalestine.be\/","logo":{"@type":"ImageObject","inLanguage":"fr-FR","@id":"https:\/\/charleroi-pourlapalestine.be\/#\/schema\/logo\/image\/","url":"https:\/\/charleroi-pourlapalestine.be\/wp-content\/uploads\/2020\/01\/logo-Copy.jpg","contentUrl":"https:\/\/charleroi-pourlapalestine.be\/wp-content\/uploads\/2020\/01\/logo-Copy.jpg","width":180,"height":180,"caption":"Plate-forme Charleroi-Palestine"},"image":{"@id":"https:\/\/charleroi-pourlapalestine.be\/#\/schema\/logo\/image\/"},"sameAs":["https:\/\/www.facebook.com\/PlateformeCharleroiPalestine\/","https:\/\/x.com\/LaCharleroi"]},{"@type":"Person","@id":"https:\/\/charleroi-pourlapalestine.be\/#\/schema\/person\/c19ff515112f1299d8c12671d8fe3faa","name":"admin1873","url":"https:\/\/charleroi-pourlapalestine.be\/index.php\/author\/admin1873\/"}]}},"_links":{"self":[{"href":"https:\/\/charleroi-pourlapalestine.be\/index.php\/wp-json\/wp\/v2\/posts\/76274","targetHints":{"allow":["GET"]}}],"collection":[{"href":"https:\/\/charleroi-pourlapalestine.be\/index.php\/wp-json\/wp\/v2\/posts"}],"about":[{"href":"https:\/\/charleroi-pourlapalestine.be\/index.php\/wp-json\/wp\/v2\/types\/post"}],"author":[{"embeddable":true,"href":"https:\/\/charleroi-pourlapalestine.be\/index.php\/wp-json\/wp\/v2\/users\/1"}],"replies":[{"embeddable":true,"href":"https:\/\/charleroi-pourlapalestine.be\/index.php\/wp-json\/wp\/v2\/comments?post=76274"}],"version-history":[{"count":0,"href":"https:\/\/charleroi-pourlapalestine.be\/index.php\/wp-json\/wp\/v2\/posts\/76274\/revisions"}],"wp:featuredmedia":[{"embeddable":true,"href":"https:\/\/charleroi-pourlapalestine.be\/index.php\/wp-json\/wp\/v2\/media\/76275"}],"wp:attachment":[{"href":"https:\/\/charleroi-pourlapalestine.be\/index.php\/wp-json\/wp\/v2\/media?parent=76274"}],"wp:term":[{"taxonomy":"category","embeddable":true,"href":"https:\/\/charleroi-pourlapalestine.be\/index.php\/wp-json\/wp\/v2\/categories?post=76274"},{"taxonomy":"post_tag","embeddable":true,"href":"https:\/\/charleroi-pourlapalestine.be\/index.php\/wp-json\/wp\/v2\/tags?post=76274"}],"curies":[{"name":"wp","href":"https:\/\/api.w.org\/{rel}","templated":true}]}}