{"id":76285,"date":"2024-09-12T19:24:48","date_gmt":"2024-09-12T17:24:48","guid":{"rendered":"https:\/\/charleroi-pourlapalestine.be\/?p=76285"},"modified":"2024-12-16T09:35:02","modified_gmt":"2024-12-16T08:35:02","slug":"la-belgique-punit-et-menace-les-militants-en-faveur-des-droits-palestiniens","status":"publish","type":"post","link":"https:\/\/charleroi-pourlapalestine.be\/index.php\/2024\/09\/12\/la-belgique-punit-et-menace-les-militants-en-faveur-des-droits-palestiniens\/","title":{"rendered":"La Belgique punit et menace les militants en faveur des droits palestiniens"},"content":{"rendered":"<p>Les d\u00e9clarations conventionnelles de la Belgique sont contredites par la fa\u00e7on dont les autorit\u00e9s du pays cherchent \u00e0 punir les citoyens ordinaires qui s&rsquo;expriment en vue de d\u00e9fendre les droits palestiniens.<\/p>\n<p>&nbsp;<\/p>\n<p><a href=\"https:\/\/charleroi-pourlapalestine.be\/index.php\/tag\/david-cronin\/\"><strong>David Cronin<\/strong><\/a>, 12 septembre 2024<\/p>\n<p>Le port d&rsquo;Anvers jouit d&rsquo;une r\u00e9putation discutable.<\/p>\n<p>C&rsquo;est en inspectant une cargaison dans le port flamand que le commis \u00e0 l&rsquo;exp\u00e9dition E.D. Morel avait fait une d\u00e9couverte importante. D&rsquo;importantes quantit\u00e9s de caoutchouc et d&rsquo;ivoire y transitaient en provenance du <strong>Congo<\/strong> et <em>\u00ab les autochtones ne recevaient rien ou vraiment pas grand-chose \u00bb<\/em> en retour.<\/p>\n<p>Ce commerce illicite \u00e9tait au c\u0153ur du pillage auquel la Belgique se livrait dans sa colonie. Au moins 10 millions de vies furent <a href=\"https:\/\/www.counterpunch.org\/2013\/05\/27\/profiting-from-congos-plunder\/\" target=\"_blank\" rel=\"noopener\">sacrifi\u00e9es<\/a> entre 1885 et 1908 \u2013 \u00e0 l&rsquo;\u00e9poque o\u00f9 L\u00e9opold II traitait le Congo comme sa propri\u00e9t\u00e9 personnelle \u2013 et au cours de la d\u00e9cennie suivante.<\/p>\n<p><strong>En ce 21e si\u00e8cle, Anvers se montre toujours aussi accueillant envers les maraudeurs et les oppresseurs.<\/strong><\/p>\n<p>Selon la presse belge, <strong>la firme isra\u00e9lienne<a href=\"https:\/\/www.zim.com\/about-zim\/history\" target=\"_blank\" rel=\"noopener\"> Zim<\/a><\/strong> a fait <a href=\"https:\/\/www.lalibre.be\/belgique\/politique-belge\/2024\/02\/21\/la-pleniere-du-parlement-flamand-perturbee-par-une-manifestation-pro-palestinienne-photos-YJJYJ2LZ7REZLA2IWF7NS6PRYY\/\" target=\"_blank\" rel=\"noopener\">transiter<\/a> <strong><a href=\"https:\/\/www.demorgen.be\/nieuws\/246-ton-aan-munitie-passeerde-in-antwerpen-op-schepen-naar-israel-en-bleef-onder-de-radar~b6ac8321\/\" target=\"_blank\" rel=\"noopener\">246 tonnes<\/a> de munitions par Anvers entre novembre 2022 et novembre 2023.<\/strong><\/p>\n<p>Cette r\u00e9v\u00e9lation a incit\u00e9 de nombreuses personnes \u00e0 protester contre le r\u00f4le d&rsquo;Anvers dans l&rsquo;accommodement des crimes d&rsquo;Isra\u00ebl \u00e0 l&rsquo;\u00e9gard des Palestiniens.<\/p>\n<p>Pour avoir os\u00e9 s&rsquo;exprimer, certains des protestataires se sont retrouv\u00e9s bel et bien<strong> menac\u00e9s de poursuites p\u00e9nales.<\/strong><\/p>\n<p>Une femme qui a publi\u00e9 sur internet<strong> des commentaires \u00e0 propos de Zim<\/strong> a re\u00e7u r\u00e9cemment une convocation de la police \u00e0 des fins d&rsquo;interrogatoire. La femme avait encourag\u00e9 les gens \u00e0 visiter le port d&rsquo;Anvers et, selon ses propres termes, \u00e0 y <em>\u00ab perturber les activit\u00e9s quotidiennes \u00bb.<\/em><\/p>\n<p>La femme a qualifi\u00e9 la convocation de <em>\u00ab tactique d&rsquo;intimidation \u00bb.<\/em><\/p>\n<p>\u00ab<em> Ils tentent de nous effrayer \u00bb<\/em>, m&rsquo;a-t-elle dit. <em>\u00ab Mais ils ne peuvent pas arr\u00eater tout le monde. \u00bb<\/em><\/p>\n<p>La lettre que la dame a re\u00e7ue disait qu&rsquo;elle faisait l&rsquo;objet d&rsquo;une enqu\u00eate de <em>\u00ab cat\u00e9gorie trois \u00bb.<\/em> Ces enqu\u00eates concernent <strong>un d\u00e9lit suppos\u00e9,<\/strong> <strong>pour lequel une peine de prison peut \u00eatre impos\u00e9e.<\/strong><\/p>\n<p>En f\u00e9vrier, des militants avaient soulev\u00e9 des objections contre les activit\u00e9s de Zim <strong>en interrompant une session du parlement flamand.<\/strong><\/p>\n<p>Une personne qui y avait particip\u00e9 a r\u00e9cemment re\u00e7u une amende de la police de quelque 150 euros. D&rsquo;autres ont re\u00e7u des <strong>avertissements<\/strong>.<\/p>\n<p>Le fait d&rsquo;imposer des amendes aux gens qui protestent est particuli\u00e8rement troublant \u00e9tant donn\u00e9 que les autorit\u00e9s belges ont \u00e9t\u00e9 jug\u00e9es d\u00e9ficientes sur le plan du contr\u00f4le des marchandises qui transitaient par le pays.<\/p>\n<p>Hans Lammerant, de l&rsquo;organisation <strong>Vredesactie (Action pour la paix)<\/strong> a longtemps <a href=\"https:\/\/www.vredesactie.be\/stop-de-illegale-wapendoorvoer-naar-israel-hou-belgie-mee-verantwoordelijk\" target=\"_blank\" rel=\"noopener\">surveill\u00e9<\/a> l&rsquo;utilisation des ports et a\u00e9roports belges.<\/p>\n<p>Alors que la politique officielle consiste \u00e0 ne pas autoriser le transit d&rsquo;armes cens\u00e9es \u00eatre utilis\u00e9es par Isra\u00ebl, <strong><em>\u00ab le contr\u00f4le de ce transit reste d\u00e9fectueux \u00bb<\/em><\/strong>, a d\u00e9clar\u00e9 Lammerant par courriel. Des contr\u00f4les sont effectu\u00e9s par des militants se servant de requ\u00eates au nom de la libert\u00e9 d&rsquo;information et, dans certains cas, par des enqu\u00eateurs officiels, a ajout\u00e9 Lammerant, et <strong><em>\u00ab non par l&rsquo;administration proprement dite du contr\u00f4le des exportations ni par la douane \u00bb.<\/em><\/strong><\/p>\n<p>&nbsp;<\/p>\n<h3>Recours excessif \u00e0 la force<\/h3>\n<p>Les manifestants qui ont d\u00e9fil\u00e9 dans les rues des villes belges ont affront\u00e9 la <strong>violence polici\u00e8re<\/strong>, depuis que l&rsquo;actuel g\u00e9nocide a d\u00e9but\u00e9 \u00e0 Gaza.<\/p>\n<p><strong><a href=\"https:\/\/www.instagram.com\/p\/C94aRKvNvLx\/\" target=\"_blank\" rel=\"noopener\">Nombre d&rsquo;arrestations<\/a> ont eu lieu \u00e0 Bruxelles en juillet<\/strong>. Une <a href=\"https:\/\/www.instagram.com\/p\/C93VcVptoEw\/?img_index=1\" target=\"_blank\" rel=\"noopener\"><strong>vid\u00e9o<\/strong> <\/a>film\u00e9e sur les lieux montre que les personnes emmen\u00e9es en d\u00e9tention avaient brandi des drapeaux palestiniens ou s&rsquo;\u00e9taient trouv\u00e9es derri\u00e8re d&rsquo;autres personnes agitant des drapeaux, et que la police avait recouru \u00e0 une violence excessive en proc\u00e9dant aux arrestations.<\/p>\n<p>Pr\u00e9c\u00e9demment, dans la partie francophone de l&rsquo;<strong>Universit\u00e9 libre de Bruxelles<\/strong>, la police avait <a href=\"https:\/\/bx1.be\/categories\/news\/les-etudiants-qui-occupaient-un-batiment-de-lulb-en-soutien-a-la-palestine-ont-ete-evacues-par-la-police\/\" target=\"_blank\" rel=\"noopener\">expuls\u00e9<\/a> des \u00e9tudiants d&rsquo;un campement qu&rsquo;ils avaient organis\u00e9 en solidarit\u00e9 avec les Palestiniens soumis \u00e0 un g\u00e9nocide.<\/p>\n<p>La Belgique a tent\u00e9 de donner l&rsquo;impression qu&rsquo;elle se dressait contre Isra\u00ebl.<\/p>\n<p>En avril, quand Isra\u00ebl a tu\u00e9 un Palestinien qui travaillait pour une agence humanitaire belge, le gouvernement de Bruxelles a \u00e9mis ce qui, sur papier, ressemblait \u00e0 une condamnation \u00e9nergique.<\/p>\n<p>Quelques mois plus t\u00f4t, Isra\u00ebl avait d\u00e9truit le bureau \u00e0 Gaza de la m\u00eame ONG belge. Le gouvernement belge avait aussit\u00f4t somm\u00e9 l&rsquo;ambassadrice d&rsquo;Isra\u00ebl de s&rsquo;expliquer sur les raisons de cet incident.<\/p>\n<p>Ces toutes derni\u00e8res semaines, la Belgique a fait savoir qu&rsquo;elle \u00e9tait favorable \u00e0 une proposition de sanctions par l&rsquo;Union europ\u00e9enne contre <strong>Itamar Ben-Gvir <\/strong>et <strong>Bezalel Smotrich<\/strong>, les deux ministres les plus extr\u00e9mistes de la coalition au pouvoir en Isra\u00ebl.<\/p>\n<p>En novembre dernier, la Belgique s&rsquo;est attir\u00e9 les louanges de Human Rights Watch pour sa position pr\u00e9tendument de principe \u00e0 propos de Gaza.<\/p>\n<p>Ces louanges n&rsquo;\u00e9taient absolument pas m\u00e9rit\u00e9es.<\/p>\n<p><strong>Les d\u00e9clarations conventionnelles de la Belgique sont contredites par la fa\u00e7on dont les autorit\u00e9s du pays cherchent \u00e0 punir les citoyens ordinaires qui s&rsquo;expriment en vue de d\u00e9fendre les droits palestiniens.<\/strong><\/p>\n<p>&nbsp;<\/p>\n<p style=\"text-align: center;\">*****<\/p>\n<p><strong><a href=\"https:\/\/charleroi-pourlapalestine.be\/index.php\/tag\/david-cronin\/\">David Cronin<\/a><a href=\"https:\/\/charleroi-pourlapalestine.be\/index.php\/tag\/david-cronin\/\"><img loading=\"lazy\" decoding=\"async\" class=\"alignright wp-image-20420 size-full\" src=\"https:\/\/charleroi-pourlapalestine.be\/wp-content\/uploads\/2020\/12\/david-cronin.jpg\" alt=\"\" width=\"112\" height=\"112\"><\/a><\/strong>&nbsp;est l\u2019auteur de plusieurs ouvrages, dont&nbsp;<a href=\"https:\/\/assolaguillotine.wordpress.com\/catalogue\/europe-israel-de-david-cronin\/\" target=\"_blank\" rel=\"noopener noreferrer\"><em><strong><span id=\"productTitle\" class=\"a-size-large\">Europe Isra\u00ebl : Une alliance contre-nature <\/span><\/strong><\/em><\/a><span id=\"productTitle\" class=\"a-size-large\">(Ed. La Guillotine \u2013 2013) et&nbsp;<\/span>&nbsp;<strong><em>Europe\u2019s Alliance With Israel: Aiding the Occupation<\/em>&nbsp;<\/strong>(Pluto Press, 2011 \u2013&nbsp;<strong><em>L\u2019Alliance de l\u2019Europe avec Isra\u00ebl contribue \u00e0 l\u2019occupation<\/em>)<\/strong>. Il a particip\u00e9 \u00e0 la r\u00e9daction du rapport \u201c<strong><a href=\"http:\/\/powerbase.info\/images\/0\/06\/PII_IsraelLobbyEUreport2016_Cronin_Mursak_Miller.pdf\" target=\"_blank\" rel=\"noopener noreferrer\">The israeli lobby and the European Union<\/a><\/strong>\u201d.&nbsp;<br \/>\nSon dernier livre est :&nbsp;<strong><span id=\"productTitle\" class=\"a-size-large\"><em>Balfour\u2019s Shadow: A Century of British Support for Zionism and Israel<\/em>&nbsp;<\/span><\/strong><span id=\"productTitle\" class=\"a-size-large\">(Pluto Press \u2013 Londres 2017).<\/span><\/p>\n<p style=\"text-align: center;\">*****<\/p>\n<p>Publi\u00e9 le 12 septembre 2024 sur <a href=\"https:\/\/electronicintifada.net\/blogs\/david-cronin\/belgium-punishes-and-threatens-campaigners-palestinian-rights\" target=\"_blank\" rel=\"noopener\"><strong>The Electronic Intifada<\/strong><\/a><br \/>\nTraduction : Jean-Marie Fl\u00e9mal, <a href=\"https:\/\/charleroi-pourlapalestine.be\/\">Charleroi pour la Palestine<\/a><\/p>\n<p style=\"text-align: center;\">*****<\/p>\n<p>Lisez \u00e9galement le communiqu\u00e9 de la Plateforme Charleroi-Palestine : <a href=\"https:\/\/charleroi-pourlapalestine.be\/index.php\/2024\/09\/05\/stop-a-la-repression-du-mouvement-etudiant-de-soutien-a-la-palestine-de-lulb\/\"><strong>Stop \u00e0 la r\u00e9pression du mouvement \u00e9tudiant de soutien \u00e0 la Palestine de l\u2019ULB.<\/strong><\/a><\/p>\n","protected":false},"excerpt":{"rendered":"<p>Les d\u00e9clarations de la Belgique sont contredites par la fa\u00e7on dont elle cherche \u00e0 punir les citoyens qui s&rsquo;expriment en faveur de la Palestine<\/p>\n","protected":false},"author":1,"featured_media":0,"comment_status":"closed","ping_status":"closed","sticky":false,"template":"","format":"standard","meta":{"ngg_post_thumbnail":0,"footnotes":""},"categories":[64,362],"tags":[],"class_list":["post-76285","post","type-post","status-publish","format-standard","hentry","category-la-belgique","category-repression-lautorite-palestinienne"],"yoast_head":"<!-- This site is optimized with the Yoast SEO plugin v27.3 - https:\/\/yoast.com\/product\/yoast-seo-wordpress\/ -->\n<title>La Belgique punit et menace les militants en faveur des droits palestiniens<\/title>\n<meta name=\"description\" content=\"Les d\u00e9clarations de la Belgique sont contredites par ses tentatives de punir les citoyens qui s&#039;expriment en faveur de la Palestine\" \/>\n<meta name=\"robots\" content=\"index, follow, max-snippet:-1, max-image-preview:large, max-video-preview:-1\" \/>\n<link rel=\"canonical\" href=\"https:\/\/charleroi-pourlapalestine.be\/index.php\/2024\/09\/12\/la-belgique-punit-et-menace-les-militants-en-faveur-des-droits-palestiniens\/\" \/>\n<script type=\"application\/ld+json\" class=\"yoast-schema-graph\">{\"@context\":\"https:\\\/\\\/schema.org\",\"@graph\":[{\"@type\":\"Article\",\"@id\":\"https:\\\/\\\/charleroi-pourlapalestine.be\\\/index.php\\\/2024\\\/09\\\/12\\\/la-belgique-punit-et-menace-les-militants-en-faveur-des-droits-palestiniens\\\/#article\",\"isPartOf\":{\"@id\":\"https:\\\/\\\/charleroi-pourlapalestine.be\\\/index.php\\\/2024\\\/09\\\/12\\\/la-belgique-punit-et-menace-les-militants-en-faveur-des-droits-palestiniens\\\/\"},\"author\":{\"name\":\"admin1873\",\"@id\":\"https:\\\/\\\/charleroi-pourlapalestine.be\\\/#\\\/schema\\\/person\\\/c19ff515112f1299d8c12671d8fe3faa\"},\"headline\":\"La Belgique punit et menace les militants en faveur des droits palestiniens\",\"datePublished\":\"2024-09-12T17:24:48+00:00\",\"dateModified\":\"2024-12-16T08:35:02+00:00\",\"mainEntityOfPage\":{\"@id\":\"https:\\\/\\\/charleroi-pourlapalestine.be\\\/index.php\\\/2024\\\/09\\\/12\\\/la-belgique-punit-et-menace-les-militants-en-faveur-des-droits-palestiniens\\\/\"},\"wordCount\":1003,\"publisher\":{\"@id\":\"https:\\\/\\\/charleroi-pourlapalestine.be\\\/#organization\"},\"image\":{\"@id\":\"https:\\\/\\\/charleroi-pourlapalestine.be\\\/index.php\\\/2024\\\/09\\\/12\\\/la-belgique-punit-et-menace-les-militants-en-faveur-des-droits-palestiniens\\\/#primaryimage\"},\"thumbnailUrl\":\"https:\\\/\\\/charleroi-pourlapalestine.be\\\/wp-content\\\/uploads\\\/2020\\\/12\\\/david-cronin.jpg\",\"articleSection\":[\"Belgique\",\"R\u00e9pression\"],\"inLanguage\":\"fr-FR\"},{\"@type\":\"WebPage\",\"@id\":\"https:\\\/\\\/charleroi-pourlapalestine.be\\\/index.php\\\/2024\\\/09\\\/12\\\/la-belgique-punit-et-menace-les-militants-en-faveur-des-droits-palestiniens\\\/\",\"url\":\"https:\\\/\\\/charleroi-pourlapalestine.be\\\/index.php\\\/2024\\\/09\\\/12\\\/la-belgique-punit-et-menace-les-militants-en-faveur-des-droits-palestiniens\\\/\",\"name\":\"La Belgique punit et menace les militants en faveur des droits palestiniens\",\"isPartOf\":{\"@id\":\"https:\\\/\\\/charleroi-pourlapalestine.be\\\/#website\"},\"primaryImageOfPage\":{\"@id\":\"https:\\\/\\\/charleroi-pourlapalestine.be\\\/index.php\\\/2024\\\/09\\\/12\\\/la-belgique-punit-et-menace-les-militants-en-faveur-des-droits-palestiniens\\\/#primaryimage\"},\"image\":{\"@id\":\"https:\\\/\\\/charleroi-pourlapalestine.be\\\/index.php\\\/2024\\\/09\\\/12\\\/la-belgique-punit-et-menace-les-militants-en-faveur-des-droits-palestiniens\\\/#primaryimage\"},\"thumbnailUrl\":\"https:\\\/\\\/charleroi-pourlapalestine.be\\\/wp-content\\\/uploads\\\/2020\\\/12\\\/david-cronin.jpg\",\"datePublished\":\"2024-09-12T17:24:48+00:00\",\"dateModified\":\"2024-12-16T08:35:02+00:00\",\"description\":\"Les d\u00e9clarations de la Belgique sont contredites par ses tentatives de punir les citoyens qui s'expriment en faveur de la Palestine\",\"breadcrumb\":{\"@id\":\"https:\\\/\\\/charleroi-pourlapalestine.be\\\/index.php\\\/2024\\\/09\\\/12\\\/la-belgique-punit-et-menace-les-militants-en-faveur-des-droits-palestiniens\\\/#breadcrumb\"},\"inLanguage\":\"fr-FR\",\"potentialAction\":[{\"@type\":\"ReadAction\",\"target\":[\"https:\\\/\\\/charleroi-pourlapalestine.be\\\/index.php\\\/2024\\\/09\\\/12\\\/la-belgique-punit-et-menace-les-militants-en-faveur-des-droits-palestiniens\\\/\"]}]},{\"@type\":\"ImageObject\",\"inLanguage\":\"fr-FR\",\"@id\":\"https:\\\/\\\/charleroi-pourlapalestine.be\\\/index.php\\\/2024\\\/09\\\/12\\\/la-belgique-punit-et-menace-les-militants-en-faveur-des-droits-palestiniens\\\/#primaryimage\",\"url\":\"https:\\\/\\\/charleroi-pourlapalestine.be\\\/wp-content\\\/uploads\\\/2020\\\/12\\\/david-cronin.jpg\",\"contentUrl\":\"https:\\\/\\\/charleroi-pourlapalestine.be\\\/wp-content\\\/uploads\\\/2020\\\/12\\\/david-cronin.jpg\",\"width\":112,\"height\":112},{\"@type\":\"BreadcrumbList\",\"@id\":\"https:\\\/\\\/charleroi-pourlapalestine.be\\\/index.php\\\/2024\\\/09\\\/12\\\/la-belgique-punit-et-menace-les-militants-en-faveur-des-droits-palestiniens\\\/#breadcrumb\",\"itemListElement\":[{\"@type\":\"ListItem\",\"position\":1,\"name\":\"Accueil\",\"item\":\"https:\\\/\\\/charleroi-pourlapalestine.be\\\/\"},{\"@type\":\"ListItem\",\"position\":2,\"name\":\"La Belgique punit et menace les militants en faveur des droits palestiniens\"}]},{\"@type\":\"WebSite\",\"@id\":\"https:\\\/\\\/charleroi-pourlapalestine.be\\\/#website\",\"url\":\"https:\\\/\\\/charleroi-pourlapalestine.be\\\/\",\"name\":\"Charleroi Pour la Palestine\",\"description\":\"\",\"publisher\":{\"@id\":\"https:\\\/\\\/charleroi-pourlapalestine.be\\\/#organization\"},\"potentialAction\":[{\"@type\":\"SearchAction\",\"target\":{\"@type\":\"EntryPoint\",\"urlTemplate\":\"https:\\\/\\\/charleroi-pourlapalestine.be\\\/?s={search_term_string}\"},\"query-input\":{\"@type\":\"PropertyValueSpecification\",\"valueRequired\":true,\"valueName\":\"search_term_string\"}}],\"inLanguage\":\"fr-FR\"},{\"@type\":\"Organization\",\"@id\":\"https:\\\/\\\/charleroi-pourlapalestine.be\\\/#organization\",\"name\":\"Plate-forme Charleroi-Palestine\",\"url\":\"https:\\\/\\\/charleroi-pourlapalestine.be\\\/\",\"logo\":{\"@type\":\"ImageObject\",\"inLanguage\":\"fr-FR\",\"@id\":\"https:\\\/\\\/charleroi-pourlapalestine.be\\\/#\\\/schema\\\/logo\\\/image\\\/\",\"url\":\"https:\\\/\\\/charleroi-pourlapalestine.be\\\/wp-content\\\/uploads\\\/2020\\\/01\\\/logo-Copy.jpg\",\"contentUrl\":\"https:\\\/\\\/charleroi-pourlapalestine.be\\\/wp-content\\\/uploads\\\/2020\\\/01\\\/logo-Copy.jpg\",\"width\":180,\"height\":180,\"caption\":\"Plate-forme Charleroi-Palestine\"},\"image\":{\"@id\":\"https:\\\/\\\/charleroi-pourlapalestine.be\\\/#\\\/schema\\\/logo\\\/image\\\/\"},\"sameAs\":[\"https:\\\/\\\/www.facebook.com\\\/PlateformeCharleroiPalestine\\\/\",\"https:\\\/\\\/x.com\\\/LaCharleroi\"]},{\"@type\":\"Person\",\"@id\":\"https:\\\/\\\/charleroi-pourlapalestine.be\\\/#\\\/schema\\\/person\\\/c19ff515112f1299d8c12671d8fe3faa\",\"name\":\"admin1873\",\"url\":\"https:\\\/\\\/charleroi-pourlapalestine.be\\\/index.php\\\/author\\\/admin1873\\\/\"}]}<\/script>\n<!-- \/ Yoast SEO plugin. -->","yoast_head_json":{"title":"La Belgique punit et menace les militants en faveur des droits palestiniens","description":"Les d\u00e9clarations de la Belgique sont contredites par ses tentatives de punir les citoyens qui s'expriment en faveur de la Palestine","robots":{"index":"index","follow":"follow","max-snippet":"max-snippet:-1","max-image-preview":"max-image-preview:large","max-video-preview":"max-video-preview:-1"},"canonical":"https:\/\/charleroi-pourlapalestine.be\/index.php\/2024\/09\/12\/la-belgique-punit-et-menace-les-militants-en-faveur-des-droits-palestiniens\/","schema":{"@context":"https:\/\/schema.org","@graph":[{"@type":"Article","@id":"https:\/\/charleroi-pourlapalestine.be\/index.php\/2024\/09\/12\/la-belgique-punit-et-menace-les-militants-en-faveur-des-droits-palestiniens\/#article","isPartOf":{"@id":"https:\/\/charleroi-pourlapalestine.be\/index.php\/2024\/09\/12\/la-belgique-punit-et-menace-les-militants-en-faveur-des-droits-palestiniens\/"},"author":{"name":"admin1873","@id":"https:\/\/charleroi-pourlapalestine.be\/#\/schema\/person\/c19ff515112f1299d8c12671d8fe3faa"},"headline":"La Belgique punit et menace les militants en faveur des droits palestiniens","datePublished":"2024-09-12T17:24:48+00:00","dateModified":"2024-12-16T08:35:02+00:00","mainEntityOfPage":{"@id":"https:\/\/charleroi-pourlapalestine.be\/index.php\/2024\/09\/12\/la-belgique-punit-et-menace-les-militants-en-faveur-des-droits-palestiniens\/"},"wordCount":1003,"publisher":{"@id":"https:\/\/charleroi-pourlapalestine.be\/#organization"},"image":{"@id":"https:\/\/charleroi-pourlapalestine.be\/index.php\/2024\/09\/12\/la-belgique-punit-et-menace-les-militants-en-faveur-des-droits-palestiniens\/#primaryimage"},"thumbnailUrl":"https:\/\/charleroi-pourlapalestine.be\/wp-content\/uploads\/2020\/12\/david-cronin.jpg","articleSection":["Belgique","R\u00e9pression"],"inLanguage":"fr-FR"},{"@type":"WebPage","@id":"https:\/\/charleroi-pourlapalestine.be\/index.php\/2024\/09\/12\/la-belgique-punit-et-menace-les-militants-en-faveur-des-droits-palestiniens\/","url":"https:\/\/charleroi-pourlapalestine.be\/index.php\/2024\/09\/12\/la-belgique-punit-et-menace-les-militants-en-faveur-des-droits-palestiniens\/","name":"La Belgique punit et menace les militants en faveur des droits palestiniens","isPartOf":{"@id":"https:\/\/charleroi-pourlapalestine.be\/#website"},"primaryImageOfPage":{"@id":"https:\/\/charleroi-pourlapalestine.be\/index.php\/2024\/09\/12\/la-belgique-punit-et-menace-les-militants-en-faveur-des-droits-palestiniens\/#primaryimage"},"image":{"@id":"https:\/\/charleroi-pourlapalestine.be\/index.php\/2024\/09\/12\/la-belgique-punit-et-menace-les-militants-en-faveur-des-droits-palestiniens\/#primaryimage"},"thumbnailUrl":"https:\/\/charleroi-pourlapalestine.be\/wp-content\/uploads\/2020\/12\/david-cronin.jpg","datePublished":"2024-09-12T17:24:48+00:00","dateModified":"2024-12-16T08:35:02+00:00","description":"Les d\u00e9clarations de la Belgique sont contredites par ses tentatives de punir les citoyens qui s'expriment en faveur de la Palestine","breadcrumb":{"@id":"https:\/\/charleroi-pourlapalestine.be\/index.php\/2024\/09\/12\/la-belgique-punit-et-menace-les-militants-en-faveur-des-droits-palestiniens\/#breadcrumb"},"inLanguage":"fr-FR","potentialAction":[{"@type":"ReadAction","target":["https:\/\/charleroi-pourlapalestine.be\/index.php\/2024\/09\/12\/la-belgique-punit-et-menace-les-militants-en-faveur-des-droits-palestiniens\/"]}]},{"@type":"ImageObject","inLanguage":"fr-FR","@id":"https:\/\/charleroi-pourlapalestine.be\/index.php\/2024\/09\/12\/la-belgique-punit-et-menace-les-militants-en-faveur-des-droits-palestiniens\/#primaryimage","url":"https:\/\/charleroi-pourlapalestine.be\/wp-content\/uploads\/2020\/12\/david-cronin.jpg","contentUrl":"https:\/\/charleroi-pourlapalestine.be\/wp-content\/uploads\/2020\/12\/david-cronin.jpg","width":112,"height":112},{"@type":"BreadcrumbList","@id":"https:\/\/charleroi-pourlapalestine.be\/index.php\/2024\/09\/12\/la-belgique-punit-et-menace-les-militants-en-faveur-des-droits-palestiniens\/#breadcrumb","itemListElement":[{"@type":"ListItem","position":1,"name":"Accueil","item":"https:\/\/charleroi-pourlapalestine.be\/"},{"@type":"ListItem","position":2,"name":"La Belgique punit et menace les militants en faveur des droits palestiniens"}]},{"@type":"WebSite","@id":"https:\/\/charleroi-pourlapalestine.be\/#website","url":"https:\/\/charleroi-pourlapalestine.be\/","name":"Charleroi Pour la Palestine","description":"","publisher":{"@id":"https:\/\/charleroi-pourlapalestine.be\/#organization"},"potentialAction":[{"@type":"SearchAction","target":{"@type":"EntryPoint","urlTemplate":"https:\/\/charleroi-pourlapalestine.be\/?s={search_term_string}"},"query-input":{"@type":"PropertyValueSpecification","valueRequired":true,"valueName":"search_term_string"}}],"inLanguage":"fr-FR"},{"@type":"Organization","@id":"https:\/\/charleroi-pourlapalestine.be\/#organization","name":"Plate-forme Charleroi-Palestine","url":"https:\/\/charleroi-pourlapalestine.be\/","logo":{"@type":"ImageObject","inLanguage":"fr-FR","@id":"https:\/\/charleroi-pourlapalestine.be\/#\/schema\/logo\/image\/","url":"https:\/\/charleroi-pourlapalestine.be\/wp-content\/uploads\/2020\/01\/logo-Copy.jpg","contentUrl":"https:\/\/charleroi-pourlapalestine.be\/wp-content\/uploads\/2020\/01\/logo-Copy.jpg","width":180,"height":180,"caption":"Plate-forme Charleroi-Palestine"},"image":{"@id":"https:\/\/charleroi-pourlapalestine.be\/#\/schema\/logo\/image\/"},"sameAs":["https:\/\/www.facebook.com\/PlateformeCharleroiPalestine\/","https:\/\/x.com\/LaCharleroi"]},{"@type":"Person","@id":"https:\/\/charleroi-pourlapalestine.be\/#\/schema\/person\/c19ff515112f1299d8c12671d8fe3faa","name":"admin1873","url":"https:\/\/charleroi-pourlapalestine.be\/index.php\/author\/admin1873\/"}]}},"_links":{"self":[{"href":"https:\/\/charleroi-pourlapalestine.be\/index.php\/wp-json\/wp\/v2\/posts\/76285","targetHints":{"allow":["GET"]}}],"collection":[{"href":"https:\/\/charleroi-pourlapalestine.be\/index.php\/wp-json\/wp\/v2\/posts"}],"about":[{"href":"https:\/\/charleroi-pourlapalestine.be\/index.php\/wp-json\/wp\/v2\/types\/post"}],"author":[{"embeddable":true,"href":"https:\/\/charleroi-pourlapalestine.be\/index.php\/wp-json\/wp\/v2\/users\/1"}],"replies":[{"embeddable":true,"href":"https:\/\/charleroi-pourlapalestine.be\/index.php\/wp-json\/wp\/v2\/comments?post=76285"}],"version-history":[{"count":0,"href":"https:\/\/charleroi-pourlapalestine.be\/index.php\/wp-json\/wp\/v2\/posts\/76285\/revisions"}],"wp:attachment":[{"href":"https:\/\/charleroi-pourlapalestine.be\/index.php\/wp-json\/wp\/v2\/media?parent=76285"}],"wp:term":[{"taxonomy":"category","embeddable":true,"href":"https:\/\/charleroi-pourlapalestine.be\/index.php\/wp-json\/wp\/v2\/categories?post=76285"},{"taxonomy":"post_tag","embeddable":true,"href":"https:\/\/charleroi-pourlapalestine.be\/index.php\/wp-json\/wp\/v2\/tags?post=76285"}],"curies":[{"name":"wp","href":"https:\/\/api.w.org\/{rel}","templated":true}]}}