{"id":76654,"date":"2024-09-20T16:58:00","date_gmt":"2024-09-20T14:58:00","guid":{"rendered":"https:\/\/charleroi-pourlapalestine.be\/?p=76654"},"modified":"2024-09-23T17:04:05","modified_gmt":"2024-09-23T15:04:05","slug":"israel-arrete-abla-sa-adat-la-femme-dahmad-saadat-le-dirigeant-du-fplp","status":"publish","type":"post","link":"https:\/\/charleroi-pourlapalestine.be\/index.php\/2024\/09\/20\/israel-arrete-abla-sa-adat-la-femme-dahmad-saadat-le-dirigeant-du-fplp\/","title":{"rendered":"Isra\u00ebl arr\u00eate Abla Sa&rsquo;adat, la femme d&rsquo;Ahmad Sa&rsquo;adat, le dirigeant du FPLP"},"content":{"rendered":"<p>Les forces d&rsquo;occupation isra\u00e9liennes ont arr\u00eat\u00e9 Abla Sa\u2019adat, la femme du dirigeant palestinien emprisonn\u00e9 Ahmad Sa\u2019adat, secr\u00e9taire g\u00e9n\u00e9ral du Front populaire pour la lib\u00e9ration de la Palestine (FPLP), au cours d&rsquo;un raid contre leur maison \u00e0 Al-Bireh, en Cisjordanie occup\u00e9e.<\/p>\n<p>&nbsp;<\/p>\n<p>&nbsp;<\/p>\n<div id=\"attachment_76655\" style=\"width: 688px\" class=\"wp-caption aligncenter\"><img loading=\"lazy\" decoding=\"async\" aria-describedby=\"caption-attachment-76655\" class=\"wp-image-76655 size-full\" src=\"https:\/\/charleroi-pourlapalestine.be\/wp-content\/uploads\/2024\/09\/Abla-Saadat.png\" alt=\"Abla Sa\u2019adat, la femme du dirigeant palestinien emprisonn\u00e9 Ahmad Sa\u2019adat, a \u00e9t\u00e9 arr\u00eat\u00e9e par Isra\u00ebl. (Photo : via les m\u00e9dias sociaux)\" width=\"678\" height=\"455\" srcset=\"https:\/\/charleroi-pourlapalestine.be\/wp-content\/uploads\/2024\/09\/Abla-Saadat.png 678w, https:\/\/charleroi-pourlapalestine.be\/wp-content\/uploads\/2024\/09\/Abla-Saadat-300x201.png 300w\" sizes=\"auto, (max-width: 678px) 100vw, 678px\" \/><p id=\"caption-attachment-76655\" class=\"wp-caption-text\"><strong>Abla Sa\u2019adat, la femme du dirigeant palestinien emprisonn\u00e9 Ahmad Sa\u2019adat, a \u00e9t\u00e9 arr\u00eat\u00e9e par Isra\u00ebl.<\/strong> (Photo : via les m\u00e9dias sociaux)<\/p><\/div>\n<p>&nbsp;<\/p>\n<p>&nbsp;<\/p>\n<p><strong>Equipe r\u00e9dactionnelle de Palestine Chronicle<\/strong>, 17 septembre 2024<\/p>\n<p>Elle a \u00e9t\u00e9 arr\u00eat\u00e9e en compagnie de trois autres femmes,<strong> Tahreer Jaber, Doaa al-Qadi et la journaliste Qutaiba Hamdan<\/strong>, ainsi que de plusieurs hommes lors d&rsquo;un raid \u00e0 grande \u00e9chelle lanc\u00e9 aux toutes premi\u00e8res heures de mardi, ont fait savoir deux organisations de prisonniers palestiniens.<\/p>\n<p>Dans une d\u00e9claration commune, la Commission des d\u00e9tenus et anciens d\u00e9tenus et la Soci\u00e9t\u00e9 des prisonniers de Palestine ont dit qu&rsquo;au moins 30 Palestiniens avaient \u00e9t\u00e9 arr\u00eat\u00e9s ces derni\u00e8res 24 heures dans divers gouvernorats du territoire occup\u00e9.<\/p>\n<p>&nbsp;<\/p>\n<h3>\u00ab Une politique syst\u00e9matique \u00bb \u2013 FPLP<\/h3>\n<p>Le FPLP a condamn\u00e9 l&rsquo;arrestation d&rsquo;Abla Sa\u2019adat en tant que<\/p>\n<blockquote><p>\u00ab nouveau crime ciblant la d\u00e9termination et la lutte des femmes palestiniennes \u00bb.<\/p><\/blockquote>\n<p>Son arrestation<\/p>\n<blockquote><p>\u00ab fait partie d&rsquo;une politique syst\u00e9matique qui vise les dirigeants du mouvement national et de celui des femmes, de m\u00eame que leurs familles, dans une tentative d\u00e9sesp\u00e9r\u00e9e en vue de les dissuader de poursuivre leur lutte contre l&rsquo;occupation \u00bb,<\/p><\/blockquote>\n<p>a fait savoir le mouvement dans une d\u00e9claration.<\/p>\n<p>Le Front a ajout\u00e9 que l&rsquo;arrestation d&rsquo;Abla Sa&rsquo;adat met en lumi\u00e8re<\/p>\n<blockquote><p>\u00ab la politique criminelle de l&rsquo;occupation envers les femmes palestiniennes, qui sont soumises en permanence \u00e0 la violence et \u00e0 l&#8217;emprisonnement, comme c&rsquo;est le cas avec notre camarade activiste <a href=\"https:\/\/charleroi-pourlapalestine.be\/index.php\/tag\/khalida-jarrar\/\"><strong>Khalida Jarrar,<\/strong><\/a> <strong>qui reste en confinement solitaire<\/strong> et doit continuer \u00e0 subir la violence et la r\u00e9pression \u00bb.<\/p><\/blockquote>\n<p>Toutefois, a encore expliqu\u00e9 le mouvement,<\/p>\n<blockquote><p>\u00ab de tels crimes n&rsquo;affaibliront pas la d\u00e9termination de notre peuple pas plus qu&rsquo;ils n&rsquo;affecteront la volont\u00e9 des combattants, qui poursuivent leur r\u00e9sistance en d\u00e9pit de toutes les tentatives avort\u00e9es de l&rsquo;occupation en vue de les briser \u00bb.<\/p><\/blockquote>\n<p>&nbsp;<\/p>\n<h3>D&rsquo;autres personnes arr\u00eat\u00e9es<\/h3>\n<p>Les forces isra\u00e9liennes ont \u00e9galement arr\u00eat\u00e9 <strong>Musa Abu Sakout,<\/strong> le directeur de l&rsquo;\u00c9cole primaire pour gar\u00e7ons Salah al-Din et le guide <strong>Arif Mar&rsquo;i,<\/strong> apr\u00e8s avoir forc\u00e9 les portes de leurs domiciles, ont fait savoir des sources palestiniennes.<\/p>\n<p>\u00c0 Haris, dans la ville de Salfit, <strong>Mohammed Ibrahim Souf et Osama Shamlawi<\/strong> ont \u00e9t\u00e9 arr\u00eat\u00e9s. Osama Shamlawi est le fr\u00e8re d&rsquo;Ali Shamlawi, un prisonnier palestinien qui purge une peine de 15 ans en d\u00e9tention en Isra\u00ebl.<\/p>\n<p>Le nombre total de Palestiniens arr\u00eat\u00e9s en Cisjordanie occup\u00e9e depuis le 7 octobre a grimp\u00e9 \u00e0 <strong>plus de 10 700<\/strong>, d&rsquo;apr\u00e8s les organisations des prisonniers. Ce chiffre comprend les personnes arr\u00eat\u00e9es chez elles et aux check-points militaires.<\/p>\n<p>&nbsp;<\/p>\n<h3>Un prisonnier de haut niveau<\/h3>\n<p>N\u00e9 en 1953, <strong><a href=\"https:\/\/charleroi-pourlapalestine.be\/index.php\/tag\/ahmad-saadat\/\">Ahmad Sa\u2019adat<\/a>,<\/strong> \u00e9galement connu sous le pseudonyme d&rsquo;<strong>Abu Ghassan<\/strong>, est devenu secr\u00e9taire g\u00e9n\u00e9ral du FPLP en ao\u00fbt 2001, apr\u00e8s qu&rsquo;Isra\u00ebl a assassin\u00e9 son pr\u00e9d\u00e9cesseur en se servant d&rsquo;un h\u00e9licopt\u00e8re Apache pour lancer un missile sur le bureau d&rsquo;<a href=\"https:\/\/charleroi-pourlapalestine.be\/index.php\/2024\/08\/28\/non-au-sionisme-non-a-la-soumission-23-ans-apres-le-martyre-dabu-ali-mustafa\/\"><strong>Abu Ali Mustafa<\/strong><\/a> \u00e0 Ramallah.<\/p>\n<p>En 2002, il a \u00e9t\u00e9 arr\u00eat\u00e9 par l&rsquo;Autorit\u00e9 palestinienne mais, finalement, il est tomb\u00e9 aux mains des forces isra\u00e9liennes qui ont dit qu&rsquo;elles allaient l&#8217;emprisonner pour 30 ans au moins, puis se sont mises depuis \u00e0 le transf\u00e9rer d&rsquo;un confinement solitaire \u00e0 l&rsquo;autre.<\/p>\n<p style=\"text-align: center;\">*****<\/p>\n<p>Publi\u00e9 le 17 septembre 2024 sur <a href=\"https:\/\/www.palestinechronicle.com\/targeting-steadfastness-of-palestinian-women-israel-detains-wife-of-pflp-leader-ahmad-saadat\/\" target=\"_blank\" rel=\"noopener\">The Palestine Chronicle<\/a><br \/>\nTraduction : Jean-Marie Fl\u00e9mal, <a href=\"https:\/\/charleroi-pourlapalestine.be\/\" target=\"_blank\" rel=\"noopener\">Charleroi pour la Palestine<\/a><\/p>\n","protected":false},"excerpt":{"rendered":"<p>Le FPLP a condamn\u00e9 l&rsquo;arrestation d&rsquo;Abla Sa\u2019adat en tant que \u00ab nouveau crime ciblant la d\u00e9termination et la lutte des femmes palestiniennes \u00bb<\/p>\n","protected":false},"author":1,"featured_media":76655,"comment_status":"closed","ping_status":"closed","sticky":false,"template":"","format":"standard","meta":{"ngg_post_thumbnail":0,"footnotes":""},"categories":[106,971],"tags":[802,348],"class_list":["post-76654","post","type-post","status-publish","format-standard","has-post-thumbnail","hentry","category-fplp","category-prisonnnieres-palestiniennes","tag-ahmad-saadat","tag-khalida-jarrar"],"yoast_head":"<!-- This site is optimized with the Yoast SEO plugin v27.3 - https:\/\/yoast.com\/product\/yoast-seo-wordpress\/ -->\n<title>Isra\u00ebl arr\u00eate Abla Sa&#039;adat, la femme d&#039;Ahmad Sa&#039;adat, le dirigeant du FPLP<\/title>\n<meta name=\"description\" content=\"Le FPLP a condamn\u00e9 l&#039;arrestation d&#039;Abla Sa\u2019adat en tant que \u00ab nouveau crime ciblant la d\u00e9termination et la lutte des femmes palestiniennes \u00bb\" \/>\n<meta name=\"robots\" content=\"index, follow, max-snippet:-1, max-image-preview:large, max-video-preview:-1\" \/>\n<link rel=\"canonical\" href=\"https:\/\/charleroi-pourlapalestine.be\/index.php\/2024\/09\/20\/israel-arrete-abla-sa-adat-la-femme-dahmad-saadat-le-dirigeant-du-fplp\/\" \/>\n<script type=\"application\/ld+json\" class=\"yoast-schema-graph\">{\"@context\":\"https:\\\/\\\/schema.org\",\"@graph\":[{\"@type\":\"Article\",\"@id\":\"https:\\\/\\\/charleroi-pourlapalestine.be\\\/index.php\\\/2024\\\/09\\\/20\\\/israel-arrete-abla-sa-adat-la-femme-dahmad-saadat-le-dirigeant-du-fplp\\\/#article\",\"isPartOf\":{\"@id\":\"https:\\\/\\\/charleroi-pourlapalestine.be\\\/index.php\\\/2024\\\/09\\\/20\\\/israel-arrete-abla-sa-adat-la-femme-dahmad-saadat-le-dirigeant-du-fplp\\\/\"},\"author\":{\"name\":\"admin1873\",\"@id\":\"https:\\\/\\\/charleroi-pourlapalestine.be\\\/#\\\/schema\\\/person\\\/c19ff515112f1299d8c12671d8fe3faa\"},\"headline\":\"Isra\u00ebl arr\u00eate Abla Sa&rsquo;adat, la femme d&rsquo;Ahmad Sa&rsquo;adat, le dirigeant du FPLP\",\"datePublished\":\"2024-09-20T14:58:00+00:00\",\"dateModified\":\"2024-09-23T15:04:05+00:00\",\"mainEntityOfPage\":{\"@id\":\"https:\\\/\\\/charleroi-pourlapalestine.be\\\/index.php\\\/2024\\\/09\\\/20\\\/israel-arrete-abla-sa-adat-la-femme-dahmad-saadat-le-dirigeant-du-fplp\\\/\"},\"wordCount\":655,\"publisher\":{\"@id\":\"https:\\\/\\\/charleroi-pourlapalestine.be\\\/#organization\"},\"image\":{\"@id\":\"https:\\\/\\\/charleroi-pourlapalestine.be\\\/index.php\\\/2024\\\/09\\\/20\\\/israel-arrete-abla-sa-adat-la-femme-dahmad-saadat-le-dirigeant-du-fplp\\\/#primaryimage\"},\"thumbnailUrl\":\"https:\\\/\\\/charleroi-pourlapalestine.be\\\/wp-content\\\/uploads\\\/2024\\\/09\\\/Abla-Saadat.png\",\"keywords\":[\"Ahmad Sa&#039;adat\",\"Khalida Jarrar\"],\"articleSection\":[\"FPLP\",\"Prisonnni\u00e8res palestiniennes\"],\"inLanguage\":\"fr-FR\"},{\"@type\":\"WebPage\",\"@id\":\"https:\\\/\\\/charleroi-pourlapalestine.be\\\/index.php\\\/2024\\\/09\\\/20\\\/israel-arrete-abla-sa-adat-la-femme-dahmad-saadat-le-dirigeant-du-fplp\\\/\",\"url\":\"https:\\\/\\\/charleroi-pourlapalestine.be\\\/index.php\\\/2024\\\/09\\\/20\\\/israel-arrete-abla-sa-adat-la-femme-dahmad-saadat-le-dirigeant-du-fplp\\\/\",\"name\":\"Isra\u00ebl arr\u00eate Abla Sa'adat, la femme d'Ahmad Sa'adat, le dirigeant du FPLP\",\"isPartOf\":{\"@id\":\"https:\\\/\\\/charleroi-pourlapalestine.be\\\/#website\"},\"primaryImageOfPage\":{\"@id\":\"https:\\\/\\\/charleroi-pourlapalestine.be\\\/index.php\\\/2024\\\/09\\\/20\\\/israel-arrete-abla-sa-adat-la-femme-dahmad-saadat-le-dirigeant-du-fplp\\\/#primaryimage\"},\"image\":{\"@id\":\"https:\\\/\\\/charleroi-pourlapalestine.be\\\/index.php\\\/2024\\\/09\\\/20\\\/israel-arrete-abla-sa-adat-la-femme-dahmad-saadat-le-dirigeant-du-fplp\\\/#primaryimage\"},\"thumbnailUrl\":\"https:\\\/\\\/charleroi-pourlapalestine.be\\\/wp-content\\\/uploads\\\/2024\\\/09\\\/Abla-Saadat.png\",\"datePublished\":\"2024-09-20T14:58:00+00:00\",\"dateModified\":\"2024-09-23T15:04:05+00:00\",\"description\":\"Le FPLP a condamn\u00e9 l'arrestation d'Abla Sa\u2019adat en tant que \u00ab nouveau crime ciblant la d\u00e9termination et la lutte des femmes palestiniennes \u00bb\",\"breadcrumb\":{\"@id\":\"https:\\\/\\\/charleroi-pourlapalestine.be\\\/index.php\\\/2024\\\/09\\\/20\\\/israel-arrete-abla-sa-adat-la-femme-dahmad-saadat-le-dirigeant-du-fplp\\\/#breadcrumb\"},\"inLanguage\":\"fr-FR\",\"potentialAction\":[{\"@type\":\"ReadAction\",\"target\":[\"https:\\\/\\\/charleroi-pourlapalestine.be\\\/index.php\\\/2024\\\/09\\\/20\\\/israel-arrete-abla-sa-adat-la-femme-dahmad-saadat-le-dirigeant-du-fplp\\\/\"]}]},{\"@type\":\"ImageObject\",\"inLanguage\":\"fr-FR\",\"@id\":\"https:\\\/\\\/charleroi-pourlapalestine.be\\\/index.php\\\/2024\\\/09\\\/20\\\/israel-arrete-abla-sa-adat-la-femme-dahmad-saadat-le-dirigeant-du-fplp\\\/#primaryimage\",\"url\":\"https:\\\/\\\/charleroi-pourlapalestine.be\\\/wp-content\\\/uploads\\\/2024\\\/09\\\/Abla-Saadat.png\",\"contentUrl\":\"https:\\\/\\\/charleroi-pourlapalestine.be\\\/wp-content\\\/uploads\\\/2024\\\/09\\\/Abla-Saadat.png\",\"width\":678,\"height\":455},{\"@type\":\"BreadcrumbList\",\"@id\":\"https:\\\/\\\/charleroi-pourlapalestine.be\\\/index.php\\\/2024\\\/09\\\/20\\\/israel-arrete-abla-sa-adat-la-femme-dahmad-saadat-le-dirigeant-du-fplp\\\/#breadcrumb\",\"itemListElement\":[{\"@type\":\"ListItem\",\"position\":1,\"name\":\"Accueil\",\"item\":\"https:\\\/\\\/charleroi-pourlapalestine.be\\\/\"},{\"@type\":\"ListItem\",\"position\":2,\"name\":\"Isra\u00ebl arr\u00eate Abla Sa&#8217;adat, la femme d&#8217;Ahmad Sa&#8217;adat, le dirigeant du FPLP\"}]},{\"@type\":\"WebSite\",\"@id\":\"https:\\\/\\\/charleroi-pourlapalestine.be\\\/#website\",\"url\":\"https:\\\/\\\/charleroi-pourlapalestine.be\\\/\",\"name\":\"Charleroi Pour la Palestine\",\"description\":\"\",\"publisher\":{\"@id\":\"https:\\\/\\\/charleroi-pourlapalestine.be\\\/#organization\"},\"potentialAction\":[{\"@type\":\"SearchAction\",\"target\":{\"@type\":\"EntryPoint\",\"urlTemplate\":\"https:\\\/\\\/charleroi-pourlapalestine.be\\\/?s={search_term_string}\"},\"query-input\":{\"@type\":\"PropertyValueSpecification\",\"valueRequired\":true,\"valueName\":\"search_term_string\"}}],\"inLanguage\":\"fr-FR\"},{\"@type\":\"Organization\",\"@id\":\"https:\\\/\\\/charleroi-pourlapalestine.be\\\/#organization\",\"name\":\"Plate-forme Charleroi-Palestine\",\"url\":\"https:\\\/\\\/charleroi-pourlapalestine.be\\\/\",\"logo\":{\"@type\":\"ImageObject\",\"inLanguage\":\"fr-FR\",\"@id\":\"https:\\\/\\\/charleroi-pourlapalestine.be\\\/#\\\/schema\\\/logo\\\/image\\\/\",\"url\":\"https:\\\/\\\/charleroi-pourlapalestine.be\\\/wp-content\\\/uploads\\\/2020\\\/01\\\/logo-Copy.jpg\",\"contentUrl\":\"https:\\\/\\\/charleroi-pourlapalestine.be\\\/wp-content\\\/uploads\\\/2020\\\/01\\\/logo-Copy.jpg\",\"width\":180,\"height\":180,\"caption\":\"Plate-forme Charleroi-Palestine\"},\"image\":{\"@id\":\"https:\\\/\\\/charleroi-pourlapalestine.be\\\/#\\\/schema\\\/logo\\\/image\\\/\"},\"sameAs\":[\"https:\\\/\\\/www.facebook.com\\\/PlateformeCharleroiPalestine\\\/\",\"https:\\\/\\\/x.com\\\/LaCharleroi\"]},{\"@type\":\"Person\",\"@id\":\"https:\\\/\\\/charleroi-pourlapalestine.be\\\/#\\\/schema\\\/person\\\/c19ff515112f1299d8c12671d8fe3faa\",\"name\":\"admin1873\",\"url\":\"https:\\\/\\\/charleroi-pourlapalestine.be\\\/index.php\\\/author\\\/admin1873\\\/\"}]}<\/script>\n<!-- \/ Yoast SEO plugin. -->","yoast_head_json":{"title":"Isra\u00ebl arr\u00eate Abla Sa'adat, la femme d'Ahmad Sa'adat, le dirigeant du FPLP","description":"Le FPLP a condamn\u00e9 l'arrestation d'Abla Sa\u2019adat en tant que \u00ab nouveau crime ciblant la d\u00e9termination et la lutte des femmes palestiniennes \u00bb","robots":{"index":"index","follow":"follow","max-snippet":"max-snippet:-1","max-image-preview":"max-image-preview:large","max-video-preview":"max-video-preview:-1"},"canonical":"https:\/\/charleroi-pourlapalestine.be\/index.php\/2024\/09\/20\/israel-arrete-abla-sa-adat-la-femme-dahmad-saadat-le-dirigeant-du-fplp\/","schema":{"@context":"https:\/\/schema.org","@graph":[{"@type":"Article","@id":"https:\/\/charleroi-pourlapalestine.be\/index.php\/2024\/09\/20\/israel-arrete-abla-sa-adat-la-femme-dahmad-saadat-le-dirigeant-du-fplp\/#article","isPartOf":{"@id":"https:\/\/charleroi-pourlapalestine.be\/index.php\/2024\/09\/20\/israel-arrete-abla-sa-adat-la-femme-dahmad-saadat-le-dirigeant-du-fplp\/"},"author":{"name":"admin1873","@id":"https:\/\/charleroi-pourlapalestine.be\/#\/schema\/person\/c19ff515112f1299d8c12671d8fe3faa"},"headline":"Isra\u00ebl arr\u00eate Abla Sa&rsquo;adat, la femme d&rsquo;Ahmad Sa&rsquo;adat, le dirigeant du FPLP","datePublished":"2024-09-20T14:58:00+00:00","dateModified":"2024-09-23T15:04:05+00:00","mainEntityOfPage":{"@id":"https:\/\/charleroi-pourlapalestine.be\/index.php\/2024\/09\/20\/israel-arrete-abla-sa-adat-la-femme-dahmad-saadat-le-dirigeant-du-fplp\/"},"wordCount":655,"publisher":{"@id":"https:\/\/charleroi-pourlapalestine.be\/#organization"},"image":{"@id":"https:\/\/charleroi-pourlapalestine.be\/index.php\/2024\/09\/20\/israel-arrete-abla-sa-adat-la-femme-dahmad-saadat-le-dirigeant-du-fplp\/#primaryimage"},"thumbnailUrl":"https:\/\/charleroi-pourlapalestine.be\/wp-content\/uploads\/2024\/09\/Abla-Saadat.png","keywords":["Ahmad Sa&#039;adat","Khalida Jarrar"],"articleSection":["FPLP","Prisonnni\u00e8res palestiniennes"],"inLanguage":"fr-FR"},{"@type":"WebPage","@id":"https:\/\/charleroi-pourlapalestine.be\/index.php\/2024\/09\/20\/israel-arrete-abla-sa-adat-la-femme-dahmad-saadat-le-dirigeant-du-fplp\/","url":"https:\/\/charleroi-pourlapalestine.be\/index.php\/2024\/09\/20\/israel-arrete-abla-sa-adat-la-femme-dahmad-saadat-le-dirigeant-du-fplp\/","name":"Isra\u00ebl arr\u00eate Abla Sa'adat, la femme d'Ahmad Sa'adat, le dirigeant du FPLP","isPartOf":{"@id":"https:\/\/charleroi-pourlapalestine.be\/#website"},"primaryImageOfPage":{"@id":"https:\/\/charleroi-pourlapalestine.be\/index.php\/2024\/09\/20\/israel-arrete-abla-sa-adat-la-femme-dahmad-saadat-le-dirigeant-du-fplp\/#primaryimage"},"image":{"@id":"https:\/\/charleroi-pourlapalestine.be\/index.php\/2024\/09\/20\/israel-arrete-abla-sa-adat-la-femme-dahmad-saadat-le-dirigeant-du-fplp\/#primaryimage"},"thumbnailUrl":"https:\/\/charleroi-pourlapalestine.be\/wp-content\/uploads\/2024\/09\/Abla-Saadat.png","datePublished":"2024-09-20T14:58:00+00:00","dateModified":"2024-09-23T15:04:05+00:00","description":"Le FPLP a condamn\u00e9 l'arrestation d'Abla Sa\u2019adat en tant que \u00ab nouveau crime ciblant la d\u00e9termination et la lutte des femmes palestiniennes \u00bb","breadcrumb":{"@id":"https:\/\/charleroi-pourlapalestine.be\/index.php\/2024\/09\/20\/israel-arrete-abla-sa-adat-la-femme-dahmad-saadat-le-dirigeant-du-fplp\/#breadcrumb"},"inLanguage":"fr-FR","potentialAction":[{"@type":"ReadAction","target":["https:\/\/charleroi-pourlapalestine.be\/index.php\/2024\/09\/20\/israel-arrete-abla-sa-adat-la-femme-dahmad-saadat-le-dirigeant-du-fplp\/"]}]},{"@type":"ImageObject","inLanguage":"fr-FR","@id":"https:\/\/charleroi-pourlapalestine.be\/index.php\/2024\/09\/20\/israel-arrete-abla-sa-adat-la-femme-dahmad-saadat-le-dirigeant-du-fplp\/#primaryimage","url":"https:\/\/charleroi-pourlapalestine.be\/wp-content\/uploads\/2024\/09\/Abla-Saadat.png","contentUrl":"https:\/\/charleroi-pourlapalestine.be\/wp-content\/uploads\/2024\/09\/Abla-Saadat.png","width":678,"height":455},{"@type":"BreadcrumbList","@id":"https:\/\/charleroi-pourlapalestine.be\/index.php\/2024\/09\/20\/israel-arrete-abla-sa-adat-la-femme-dahmad-saadat-le-dirigeant-du-fplp\/#breadcrumb","itemListElement":[{"@type":"ListItem","position":1,"name":"Accueil","item":"https:\/\/charleroi-pourlapalestine.be\/"},{"@type":"ListItem","position":2,"name":"Isra\u00ebl arr\u00eate Abla Sa&#8217;adat, la femme d&#8217;Ahmad Sa&#8217;adat, le dirigeant du FPLP"}]},{"@type":"WebSite","@id":"https:\/\/charleroi-pourlapalestine.be\/#website","url":"https:\/\/charleroi-pourlapalestine.be\/","name":"Charleroi Pour la Palestine","description":"","publisher":{"@id":"https:\/\/charleroi-pourlapalestine.be\/#organization"},"potentialAction":[{"@type":"SearchAction","target":{"@type":"EntryPoint","urlTemplate":"https:\/\/charleroi-pourlapalestine.be\/?s={search_term_string}"},"query-input":{"@type":"PropertyValueSpecification","valueRequired":true,"valueName":"search_term_string"}}],"inLanguage":"fr-FR"},{"@type":"Organization","@id":"https:\/\/charleroi-pourlapalestine.be\/#organization","name":"Plate-forme Charleroi-Palestine","url":"https:\/\/charleroi-pourlapalestine.be\/","logo":{"@type":"ImageObject","inLanguage":"fr-FR","@id":"https:\/\/charleroi-pourlapalestine.be\/#\/schema\/logo\/image\/","url":"https:\/\/charleroi-pourlapalestine.be\/wp-content\/uploads\/2020\/01\/logo-Copy.jpg","contentUrl":"https:\/\/charleroi-pourlapalestine.be\/wp-content\/uploads\/2020\/01\/logo-Copy.jpg","width":180,"height":180,"caption":"Plate-forme Charleroi-Palestine"},"image":{"@id":"https:\/\/charleroi-pourlapalestine.be\/#\/schema\/logo\/image\/"},"sameAs":["https:\/\/www.facebook.com\/PlateformeCharleroiPalestine\/","https:\/\/x.com\/LaCharleroi"]},{"@type":"Person","@id":"https:\/\/charleroi-pourlapalestine.be\/#\/schema\/person\/c19ff515112f1299d8c12671d8fe3faa","name":"admin1873","url":"https:\/\/charleroi-pourlapalestine.be\/index.php\/author\/admin1873\/"}]}},"_links":{"self":[{"href":"https:\/\/charleroi-pourlapalestine.be\/index.php\/wp-json\/wp\/v2\/posts\/76654","targetHints":{"allow":["GET"]}}],"collection":[{"href":"https:\/\/charleroi-pourlapalestine.be\/index.php\/wp-json\/wp\/v2\/posts"}],"about":[{"href":"https:\/\/charleroi-pourlapalestine.be\/index.php\/wp-json\/wp\/v2\/types\/post"}],"author":[{"embeddable":true,"href":"https:\/\/charleroi-pourlapalestine.be\/index.php\/wp-json\/wp\/v2\/users\/1"}],"replies":[{"embeddable":true,"href":"https:\/\/charleroi-pourlapalestine.be\/index.php\/wp-json\/wp\/v2\/comments?post=76654"}],"version-history":[{"count":0,"href":"https:\/\/charleroi-pourlapalestine.be\/index.php\/wp-json\/wp\/v2\/posts\/76654\/revisions"}],"wp:featuredmedia":[{"embeddable":true,"href":"https:\/\/charleroi-pourlapalestine.be\/index.php\/wp-json\/wp\/v2\/media\/76655"}],"wp:attachment":[{"href":"https:\/\/charleroi-pourlapalestine.be\/index.php\/wp-json\/wp\/v2\/media?parent=76654"}],"wp:term":[{"taxonomy":"category","embeddable":true,"href":"https:\/\/charleroi-pourlapalestine.be\/index.php\/wp-json\/wp\/v2\/categories?post=76654"},{"taxonomy":"post_tag","embeddable":true,"href":"https:\/\/charleroi-pourlapalestine.be\/index.php\/wp-json\/wp\/v2\/tags?post=76654"}],"curies":[{"name":"wp","href":"https:\/\/api.w.org\/{rel}","templated":true}]}}