{"id":76770,"date":"2024-09-27T10:15:50","date_gmt":"2024-09-27T08:15:50","guid":{"rendered":"https:\/\/charleroi-pourlapalestine.be\/?p=76770"},"modified":"2024-12-16T09:33:32","modified_gmt":"2024-12-16T08:33:32","slug":"pourquoi-l-ue-fait-elle-toujours-equipe-avec-les-entreprises-technologiques-israeliennes","status":"publish","type":"post","link":"https:\/\/charleroi-pourlapalestine.be\/index.php\/2024\/09\/27\/pourquoi-l-ue-fait-elle-toujours-equipe-avec-les-entreprises-technologiques-israeliennes\/","title":{"rendered":"Pourquoi l&rsquo;UE fait-elle toujours \u00e9quipe avec les entreprises technologiques isra\u00e9liennes ?"},"content":{"rendered":"<p><strong>L&rsquo;UE a approuv\u00e9 un projet sur la technologie des puces informatiques impliquant cinq entreprises isra\u00e9liennes, au cours de l&rsquo;actuel g\u00e9nocide.<\/strong><\/p>\n<p>&nbsp;<\/p>\n<p><strong>David Cronin,<\/strong> 24 septembre 2024<\/p>\n<p>Pour peu qu&rsquo;on puisse se fier aux gros titres des infos, les relations entre Isra\u00ebl et l&rsquo;Union europ\u00e9enne (UE) seraient au plus mal.<\/p>\n<p>Josep Borrell, le chef de la diplomatie europ\u00e9enne, est aujourd&rsquo;hui un personnage d\u00e9test\u00e9, aux yeux du gouvernement de Tel-Aviv. R\u00e9cemment encore, Israel Katz, le ministre isra\u00e9lien des Affaires \u00e9trang\u00e8res, a <a href=\"https:\/\/www.timesofisrael.com\/katz-again-accuses-borrell-of-antisemitism-trades-jibes-with-senior-eu-diplomat\/\" target=\"_blank\" rel=\"noopener\">tax\u00e9<\/a> Borrell d&rsquo;antis\u00e9mitisme \u2013 une accusation sans fondement \u2013 pour avoir fait remarquer qu&rsquo;une attaque contre une \u00e9cole de Gaza violait les lois internationales.<\/p>\n<p>Les gros titres ne racontent pas la totalit\u00e9 de l&rsquo;histoire.<\/p>\n<p>En r\u00e9alit\u00e9, Borrell se montre<a href=\"https:\/\/www.pressclub.be\/press-releases\/eu-israel-association-council-opening-remarks-by-high-representative-josep-borrell\/\" target=\"_blank\" rel=\"noopener\"> accommodant<\/a> envers Isra\u00ebl depuis la majeure partie de son mandat de cinq ans (qui se terminera en novembre prochain). Il a effectivement donn\u00e9 <a href=\"https:\/\/www.consilium.europa.eu\/en\/press\/press-releases\/2023\/10\/07\/statement-by-the-high-representative-on-behalf-of-the-european-union-on-the-attacks-against-israel\/\" target=\"_blank\" rel=\"noopener\">le feu vert<\/a> \u00e0 la destruction totale de Gaza telle qu&rsquo;elle a \u00e9t\u00e9 initi\u00e9e en octobre 2003, et ce, en qualifiant de d\u00e9fensive la violence tous azimuts de l&rsquo;\u00c9tat d&rsquo;Isra\u00ebl.<\/p>\n<p>En tout cas, en dehors de Borrell, la bureaucratie bruxelloise dispose de nombreux collaborateurs g\u00e9rant les liens avec Isra\u00ebl. De nombreux fonctionnaires ont continu\u00e9 \u00e0 traiter avec Isra\u00ebl sur une base habituelle, bien que <a href=\"https:\/\/charleroi-pourlapalestine.be\/index.php\/2024\/05\/25\/la-cour-internationale-de-justice-cij-ordonne-larret-de-loffensive-israelienne-a-rafah\/\">la Cour internationale de Justice<\/a> ait jug\u00e9 plausible une affaire de g\u00e9nocide contre cet \u00c9tat.<\/p>\n<p>Une chose a \u00e9chapp\u00e9 \u00e0 l&rsquo;attention des m\u00e9dias traditionnels : <strong>L&rsquo;UE a approuv\u00e9 un <a href=\"https:\/\/cordis.europa.eu\/project\/id\/101139972\" target=\"_blank\" rel=\"noopener\">projet<\/a> sur la technologie des puces informatiques impliquant cinq entreprises isra\u00e9liennes, au cours de l&rsquo;actuel g\u00e9nocide.<\/strong><\/p>\n<p>L&rsquo;absence d&rsquo;int\u00e9r\u00eat des m\u00e9dias a quelque chose d&rsquo;intrigant \u00e9tant donn\u00e9 que ce projet est tr\u00e8s on\u00e9reux. Il s&rsquo;est vu allouer 109 millions de dollars, dont pr\u00e8s d&rsquo;un quart en provenance de l&rsquo;UE.<\/p>\n<p>Appel\u00e9 10ACe, le projet est manifestement destin\u00e9 \u00e0 <em>\u00ab repousser les limites de la conception des semi-conducteurs \u00bb.<\/em><\/p>\n<p>Le projet se d\u00e9roule dans le cadre d&rsquo;un<a href=\"https:\/\/commission.europa.eu\/strategy-and-policy\/priorities-2019-2024\/europe-fit-digital-age\/european-chips-act_en#the-need-for-eu-action\" target=\"_blank\" rel=\"noopener\"> effort plus important<\/a> de l&rsquo;UE en vue de renforcer son pr\u00e9tendu <em>\u00ab leadership technologique \u00bb.<\/em><\/p>\n<p><strong><a href=\"https:\/\/www.chips-ju.europa.eu\/members\/\" target=\"_blank\" rel=\"noopener\">Isra\u00ebl est un membre \u00e0 part enti\u00e8re<\/a> du partenariat dirig\u00e9 par l&rsquo;UE en mati\u00e8re de puces<\/strong>. Le partenariat associe les autorit\u00e9s publiques et des entreprises priv\u00e9es.<\/p>\n<p>Faire \u00e9quipe avec Isra\u00ebl est moralement r\u00e9pr\u00e9hensible. Mais la chose est \u00e9galement suspecte, d&rsquo;un point de vue plus dur.<\/p>\n<p>L&rsquo;\u00e9conomie isra\u00e9lienne conna\u00eet un <strong>d\u00e9clin manifeste<\/strong> en cons\u00e9quence directe de la bellig\u00e9rance de l&rsquo;\u00c9tat durant l&rsquo;ann\u00e9e \u00e9coul\u00e9e. Ses<a href=\"https:\/\/edition.cnn.com\/2024\/08\/12\/business\/israel-credit-rating-cut\/index.html\" target=\"_blank\" rel=\"noopener\"> d\u00e9gradations<\/a> <a href=\"https:\/\/www.bloomberg.com\/news\/articles\/2024-04-18\/s-p-downgrades-israel-rating-on-heightened-geopolitical-risk\" target=\"_blank\" rel=\"noopener\">r\u00e9p\u00e9t\u00e9es<\/a> par les agences de notation de cr\u00e9dit sont peut-\u00eatre la manifestation la plus visible de ce d\u00e9clin.<\/p>\n<p>L&rsquo;attractivit\u00e9 d&rsquo;Isra\u00ebl pour l&rsquo;industrie technologique a diminu\u00e9.<\/p>\n<p>L&rsquo;entreprise am\u00e9ricaine Intel a lourdement <a href=\"https:\/\/www.intel.co.il\/content\/www\/il\/he\/company-overview\/intel-in-israel.html\" target=\"_blank\" rel=\"noopener\">investi<\/a> en Isra\u00ebl durant plusieurs d\u00e9cennies et elle a <a href=\"https:\/\/electronicintifada.net\/blogs\/david-cronin\/why-ireland-so-eager-attract-israels-software-geeks\" target=\"_blank\" rel=\"noopener\">fait savoir<\/a> l&rsquo;an dernier que ses activit\u00e9s de fabrication de puces allaient bient\u00f4t s&rsquo;y d\u00e9velopper. Toutefois, les plans d&rsquo;expansion ont \u00e9t\u00e9 <strong>gel\u00e9s<\/strong>, presque \u00e0 coup s\u00fbr en raison de la situation actuelle.<\/p>\n<p>Le d\u00e9clin \u00e9conomique est susceptible de s&rsquo;aggraver si Isra\u00ebl s&rsquo;obstine dans sa guerre contre Gaza, la Cisjordanie et le Liban. Et il existe une possibilit\u00e9 distincte de voir Isra\u00ebl finalement se muer en paria international, de la m\u00eame fa\u00e7on que l&rsquo;Afrique du Sud de l&rsquo;apartheid, en son temps.<\/p>\n<p>Dans ce contexte, l&rsquo;approche inchang\u00e9e de l&rsquo;Union europ\u00e9enne \u00e0 l&rsquo;\u00e9gard d&rsquo;Isra\u00ebl est \u00e0 la fois r\u00e9pugnante et insens\u00e9e.<\/p>\n<p style=\"text-align: center;\">*****<\/p>\n<p><strong><a href=\"https:\/\/charleroi-pourlapalestine.be\/index.php\/tag\/david-cronin\/\">David Cronin<\/a><a href=\"https:\/\/charleroi-pourlapalestine.be\/index.php\/tag\/david-cronin\/\"><img loading=\"lazy\" decoding=\"async\" class=\"alignright wp-image-20420 size-full\" src=\"https:\/\/charleroi-pourlapalestine.be\/wp-content\/uploads\/2020\/12\/david-cronin.jpg\" alt=\"\" width=\"112\" height=\"112\"><\/a><\/strong>&nbsp;est l\u2019auteur de plusieurs ouvrages, dont&nbsp;<a href=\"https:\/\/assolaguillotine.wordpress.com\/catalogue\/europe-israel-de-david-cronin\/\" target=\"_blank\" rel=\"noopener noreferrer\"><em><strong><span id=\"productTitle\" class=\"a-size-large\">Europe Isra\u00ebl : Une alliance contre-nature <\/span><\/strong><\/em><\/a><span id=\"productTitle\" class=\"a-size-large\">(Ed. La Guillotine \u2013 2013) et&nbsp;<\/span>&nbsp;<strong><em>Europe\u2019s Alliance With Israel: Aiding the Occupation<\/em>&nbsp;<\/strong>(Pluto Press, 2011 \u2013&nbsp;<strong><em>L\u2019Alliance de l\u2019Europe avec Isra\u00ebl contribue \u00e0 l\u2019occupation<\/em>)<\/strong>. Il a particip\u00e9 \u00e0 la r\u00e9daction du rapport \u201c<strong><a href=\"http:\/\/powerbase.info\/images\/0\/06\/PII_IsraelLobbyEUreport2016_Cronin_Mursak_Miller.pdf\" target=\"_blank\" rel=\"noopener noreferrer\">The israeli lobby and the European Union<\/a><\/strong>\u201d.&nbsp;<br \/>\nSon dernier livre est :&nbsp;<strong><span id=\"productTitle\" class=\"a-size-large\"><em>Balfour\u2019s Shadow: A Century of British Support for Zionism and Israel<\/em>&nbsp;<\/span><\/strong><span id=\"productTitle\" class=\"a-size-large\">(Pluto Press \u2013 Londres 2017).<\/span><\/p>\n<p style=\"text-align: center;\">*****<\/p>\n<p>Publi\u00e9 le 24 septembre 2024 sur<a href=\"https:\/\/electronicintifada.net\/blogs\/david-cronin\/why-eu-still-teaming-israels-tech-firms\" target=\"_blank\" rel=\"noopener\"> The Electronic Intifada<\/a><br \/>\nTraduction : Jean-Marie Fl\u00e9mal, <a href=\"https:\/\/charleroi-pourlapalestine.be\/\">Charleroi pour la Palestine<\/a><\/p>\n","protected":false},"excerpt":{"rendered":"<p>L&rsquo;UE a approuv\u00e9 un projet sur la technologie des puces informatiques impliquant cinq entreprises isra\u00e9liennes, au cours de l&rsquo;actuel g\u00e9nocide<\/p>\n","protected":false},"author":1,"featured_media":0,"comment_status":"closed","ping_status":"closed","sticky":false,"template":"","format":"standard","meta":{"ngg_post_thumbnail":0,"footnotes":""},"categories":[126,185],"tags":[],"class_list":["post-76770","post","type-post","status-publish","format-standard","hentry","category-israel","category-union-europeenne"],"yoast_head":"<!-- This site is optimized with the Yoast SEO plugin v27.3 - https:\/\/yoast.com\/product\/yoast-seo-wordpress\/ -->\n<title>Pourquoi l&#039;UE fait-elle toujours \u00e9quipe avec les entreprises technologiques isra\u00e9liennes ? - Charleroi Pour la Palestine<\/title>\n<meta name=\"description\" content=\"L&#039;UE a approuv\u00e9 un projet sur la technologie des puces informatiques impliquant cinq entreprises isra\u00e9liennes, au cours de l&#039;actuel g\u00e9nocide\" \/>\n<meta name=\"robots\" content=\"index, follow, max-snippet:-1, max-image-preview:large, max-video-preview:-1\" \/>\n<link rel=\"canonical\" href=\"https:\/\/charleroi-pourlapalestine.be\/index.php\/2024\/09\/27\/pourquoi-l-ue-fait-elle-toujours-equipe-avec-les-entreprises-technologiques-israeliennes\/\" \/>\n<script type=\"application\/ld+json\" class=\"yoast-schema-graph\">{\"@context\":\"https:\\\/\\\/schema.org\",\"@graph\":[{\"@type\":\"Article\",\"@id\":\"https:\\\/\\\/charleroi-pourlapalestine.be\\\/index.php\\\/2024\\\/09\\\/27\\\/pourquoi-l-ue-fait-elle-toujours-equipe-avec-les-entreprises-technologiques-israeliennes\\\/#article\",\"isPartOf\":{\"@id\":\"https:\\\/\\\/charleroi-pourlapalestine.be\\\/index.php\\\/2024\\\/09\\\/27\\\/pourquoi-l-ue-fait-elle-toujours-equipe-avec-les-entreprises-technologiques-israeliennes\\\/\"},\"author\":{\"name\":\"admin1873\",\"@id\":\"https:\\\/\\\/charleroi-pourlapalestine.be\\\/#\\\/schema\\\/person\\\/c19ff515112f1299d8c12671d8fe3faa\"},\"headline\":\"Pourquoi l&rsquo;UE fait-elle toujours \u00e9quipe avec les entreprises technologiques isra\u00e9liennes ?\",\"datePublished\":\"2024-09-27T08:15:50+00:00\",\"dateModified\":\"2024-12-16T08:33:32+00:00\",\"mainEntityOfPage\":{\"@id\":\"https:\\\/\\\/charleroi-pourlapalestine.be\\\/index.php\\\/2024\\\/09\\\/27\\\/pourquoi-l-ue-fait-elle-toujours-equipe-avec-les-entreprises-technologiques-israeliennes\\\/\"},\"wordCount\":728,\"publisher\":{\"@id\":\"https:\\\/\\\/charleroi-pourlapalestine.be\\\/#organization\"},\"image\":{\"@id\":\"https:\\\/\\\/charleroi-pourlapalestine.be\\\/index.php\\\/2024\\\/09\\\/27\\\/pourquoi-l-ue-fait-elle-toujours-equipe-avec-les-entreprises-technologiques-israeliennes\\\/#primaryimage\"},\"thumbnailUrl\":\"https:\\\/\\\/charleroi-pourlapalestine.be\\\/wp-content\\\/uploads\\\/2020\\\/12\\\/david-cronin.jpg\",\"articleSection\":[\"Isra\u00ebl\",\"Union europ\u00e9enne\"],\"inLanguage\":\"fr-FR\"},{\"@type\":\"WebPage\",\"@id\":\"https:\\\/\\\/charleroi-pourlapalestine.be\\\/index.php\\\/2024\\\/09\\\/27\\\/pourquoi-l-ue-fait-elle-toujours-equipe-avec-les-entreprises-technologiques-israeliennes\\\/\",\"url\":\"https:\\\/\\\/charleroi-pourlapalestine.be\\\/index.php\\\/2024\\\/09\\\/27\\\/pourquoi-l-ue-fait-elle-toujours-equipe-avec-les-entreprises-technologiques-israeliennes\\\/\",\"name\":\"Pourquoi l'UE fait-elle toujours \u00e9quipe avec les entreprises technologiques isra\u00e9liennes ? - Charleroi Pour la Palestine\",\"isPartOf\":{\"@id\":\"https:\\\/\\\/charleroi-pourlapalestine.be\\\/#website\"},\"primaryImageOfPage\":{\"@id\":\"https:\\\/\\\/charleroi-pourlapalestine.be\\\/index.php\\\/2024\\\/09\\\/27\\\/pourquoi-l-ue-fait-elle-toujours-equipe-avec-les-entreprises-technologiques-israeliennes\\\/#primaryimage\"},\"image\":{\"@id\":\"https:\\\/\\\/charleroi-pourlapalestine.be\\\/index.php\\\/2024\\\/09\\\/27\\\/pourquoi-l-ue-fait-elle-toujours-equipe-avec-les-entreprises-technologiques-israeliennes\\\/#primaryimage\"},\"thumbnailUrl\":\"https:\\\/\\\/charleroi-pourlapalestine.be\\\/wp-content\\\/uploads\\\/2020\\\/12\\\/david-cronin.jpg\",\"datePublished\":\"2024-09-27T08:15:50+00:00\",\"dateModified\":\"2024-12-16T08:33:32+00:00\",\"description\":\"L'UE a approuv\u00e9 un projet sur la technologie des puces informatiques impliquant cinq entreprises isra\u00e9liennes, au cours de l'actuel g\u00e9nocide\",\"breadcrumb\":{\"@id\":\"https:\\\/\\\/charleroi-pourlapalestine.be\\\/index.php\\\/2024\\\/09\\\/27\\\/pourquoi-l-ue-fait-elle-toujours-equipe-avec-les-entreprises-technologiques-israeliennes\\\/#breadcrumb\"},\"inLanguage\":\"fr-FR\",\"potentialAction\":[{\"@type\":\"ReadAction\",\"target\":[\"https:\\\/\\\/charleroi-pourlapalestine.be\\\/index.php\\\/2024\\\/09\\\/27\\\/pourquoi-l-ue-fait-elle-toujours-equipe-avec-les-entreprises-technologiques-israeliennes\\\/\"]}]},{\"@type\":\"ImageObject\",\"inLanguage\":\"fr-FR\",\"@id\":\"https:\\\/\\\/charleroi-pourlapalestine.be\\\/index.php\\\/2024\\\/09\\\/27\\\/pourquoi-l-ue-fait-elle-toujours-equipe-avec-les-entreprises-technologiques-israeliennes\\\/#primaryimage\",\"url\":\"https:\\\/\\\/charleroi-pourlapalestine.be\\\/wp-content\\\/uploads\\\/2020\\\/12\\\/david-cronin.jpg\",\"contentUrl\":\"https:\\\/\\\/charleroi-pourlapalestine.be\\\/wp-content\\\/uploads\\\/2020\\\/12\\\/david-cronin.jpg\",\"width\":112,\"height\":112},{\"@type\":\"BreadcrumbList\",\"@id\":\"https:\\\/\\\/charleroi-pourlapalestine.be\\\/index.php\\\/2024\\\/09\\\/27\\\/pourquoi-l-ue-fait-elle-toujours-equipe-avec-les-entreprises-technologiques-israeliennes\\\/#breadcrumb\",\"itemListElement\":[{\"@type\":\"ListItem\",\"position\":1,\"name\":\"Accueil\",\"item\":\"https:\\\/\\\/charleroi-pourlapalestine.be\\\/\"},{\"@type\":\"ListItem\",\"position\":2,\"name\":\"Pourquoi l&rsquo;UE fait-elle toujours \u00e9quipe avec les entreprises technologiques isra\u00e9liennes ?\"}]},{\"@type\":\"WebSite\",\"@id\":\"https:\\\/\\\/charleroi-pourlapalestine.be\\\/#website\",\"url\":\"https:\\\/\\\/charleroi-pourlapalestine.be\\\/\",\"name\":\"Charleroi Pour la Palestine\",\"description\":\"\",\"publisher\":{\"@id\":\"https:\\\/\\\/charleroi-pourlapalestine.be\\\/#organization\"},\"potentialAction\":[{\"@type\":\"SearchAction\",\"target\":{\"@type\":\"EntryPoint\",\"urlTemplate\":\"https:\\\/\\\/charleroi-pourlapalestine.be\\\/?s={search_term_string}\"},\"query-input\":{\"@type\":\"PropertyValueSpecification\",\"valueRequired\":true,\"valueName\":\"search_term_string\"}}],\"inLanguage\":\"fr-FR\"},{\"@type\":\"Organization\",\"@id\":\"https:\\\/\\\/charleroi-pourlapalestine.be\\\/#organization\",\"name\":\"Plate-forme Charleroi-Palestine\",\"url\":\"https:\\\/\\\/charleroi-pourlapalestine.be\\\/\",\"logo\":{\"@type\":\"ImageObject\",\"inLanguage\":\"fr-FR\",\"@id\":\"https:\\\/\\\/charleroi-pourlapalestine.be\\\/#\\\/schema\\\/logo\\\/image\\\/\",\"url\":\"https:\\\/\\\/charleroi-pourlapalestine.be\\\/wp-content\\\/uploads\\\/2020\\\/01\\\/logo-Copy.jpg\",\"contentUrl\":\"https:\\\/\\\/charleroi-pourlapalestine.be\\\/wp-content\\\/uploads\\\/2020\\\/01\\\/logo-Copy.jpg\",\"width\":180,\"height\":180,\"caption\":\"Plate-forme Charleroi-Palestine\"},\"image\":{\"@id\":\"https:\\\/\\\/charleroi-pourlapalestine.be\\\/#\\\/schema\\\/logo\\\/image\\\/\"},\"sameAs\":[\"https:\\\/\\\/www.facebook.com\\\/PlateformeCharleroiPalestine\\\/\",\"https:\\\/\\\/x.com\\\/LaCharleroi\"]},{\"@type\":\"Person\",\"@id\":\"https:\\\/\\\/charleroi-pourlapalestine.be\\\/#\\\/schema\\\/person\\\/c19ff515112f1299d8c12671d8fe3faa\",\"name\":\"admin1873\",\"url\":\"https:\\\/\\\/charleroi-pourlapalestine.be\\\/index.php\\\/author\\\/admin1873\\\/\"}]}<\/script>\n<!-- \/ Yoast SEO plugin. -->","yoast_head_json":{"title":"Pourquoi l'UE fait-elle toujours \u00e9quipe avec les entreprises technologiques isra\u00e9liennes ? - Charleroi Pour la Palestine","description":"L'UE a approuv\u00e9 un projet sur la technologie des puces informatiques impliquant cinq entreprises isra\u00e9liennes, au cours de l'actuel g\u00e9nocide","robots":{"index":"index","follow":"follow","max-snippet":"max-snippet:-1","max-image-preview":"max-image-preview:large","max-video-preview":"max-video-preview:-1"},"canonical":"https:\/\/charleroi-pourlapalestine.be\/index.php\/2024\/09\/27\/pourquoi-l-ue-fait-elle-toujours-equipe-avec-les-entreprises-technologiques-israeliennes\/","schema":{"@context":"https:\/\/schema.org","@graph":[{"@type":"Article","@id":"https:\/\/charleroi-pourlapalestine.be\/index.php\/2024\/09\/27\/pourquoi-l-ue-fait-elle-toujours-equipe-avec-les-entreprises-technologiques-israeliennes\/#article","isPartOf":{"@id":"https:\/\/charleroi-pourlapalestine.be\/index.php\/2024\/09\/27\/pourquoi-l-ue-fait-elle-toujours-equipe-avec-les-entreprises-technologiques-israeliennes\/"},"author":{"name":"admin1873","@id":"https:\/\/charleroi-pourlapalestine.be\/#\/schema\/person\/c19ff515112f1299d8c12671d8fe3faa"},"headline":"Pourquoi l&rsquo;UE fait-elle toujours \u00e9quipe avec les entreprises technologiques isra\u00e9liennes ?","datePublished":"2024-09-27T08:15:50+00:00","dateModified":"2024-12-16T08:33:32+00:00","mainEntityOfPage":{"@id":"https:\/\/charleroi-pourlapalestine.be\/index.php\/2024\/09\/27\/pourquoi-l-ue-fait-elle-toujours-equipe-avec-les-entreprises-technologiques-israeliennes\/"},"wordCount":728,"publisher":{"@id":"https:\/\/charleroi-pourlapalestine.be\/#organization"},"image":{"@id":"https:\/\/charleroi-pourlapalestine.be\/index.php\/2024\/09\/27\/pourquoi-l-ue-fait-elle-toujours-equipe-avec-les-entreprises-technologiques-israeliennes\/#primaryimage"},"thumbnailUrl":"https:\/\/charleroi-pourlapalestine.be\/wp-content\/uploads\/2020\/12\/david-cronin.jpg","articleSection":["Isra\u00ebl","Union europ\u00e9enne"],"inLanguage":"fr-FR"},{"@type":"WebPage","@id":"https:\/\/charleroi-pourlapalestine.be\/index.php\/2024\/09\/27\/pourquoi-l-ue-fait-elle-toujours-equipe-avec-les-entreprises-technologiques-israeliennes\/","url":"https:\/\/charleroi-pourlapalestine.be\/index.php\/2024\/09\/27\/pourquoi-l-ue-fait-elle-toujours-equipe-avec-les-entreprises-technologiques-israeliennes\/","name":"Pourquoi l'UE fait-elle toujours \u00e9quipe avec les entreprises technologiques isra\u00e9liennes ? - Charleroi Pour la Palestine","isPartOf":{"@id":"https:\/\/charleroi-pourlapalestine.be\/#website"},"primaryImageOfPage":{"@id":"https:\/\/charleroi-pourlapalestine.be\/index.php\/2024\/09\/27\/pourquoi-l-ue-fait-elle-toujours-equipe-avec-les-entreprises-technologiques-israeliennes\/#primaryimage"},"image":{"@id":"https:\/\/charleroi-pourlapalestine.be\/index.php\/2024\/09\/27\/pourquoi-l-ue-fait-elle-toujours-equipe-avec-les-entreprises-technologiques-israeliennes\/#primaryimage"},"thumbnailUrl":"https:\/\/charleroi-pourlapalestine.be\/wp-content\/uploads\/2020\/12\/david-cronin.jpg","datePublished":"2024-09-27T08:15:50+00:00","dateModified":"2024-12-16T08:33:32+00:00","description":"L'UE a approuv\u00e9 un projet sur la technologie des puces informatiques impliquant cinq entreprises isra\u00e9liennes, au cours de l'actuel g\u00e9nocide","breadcrumb":{"@id":"https:\/\/charleroi-pourlapalestine.be\/index.php\/2024\/09\/27\/pourquoi-l-ue-fait-elle-toujours-equipe-avec-les-entreprises-technologiques-israeliennes\/#breadcrumb"},"inLanguage":"fr-FR","potentialAction":[{"@type":"ReadAction","target":["https:\/\/charleroi-pourlapalestine.be\/index.php\/2024\/09\/27\/pourquoi-l-ue-fait-elle-toujours-equipe-avec-les-entreprises-technologiques-israeliennes\/"]}]},{"@type":"ImageObject","inLanguage":"fr-FR","@id":"https:\/\/charleroi-pourlapalestine.be\/index.php\/2024\/09\/27\/pourquoi-l-ue-fait-elle-toujours-equipe-avec-les-entreprises-technologiques-israeliennes\/#primaryimage","url":"https:\/\/charleroi-pourlapalestine.be\/wp-content\/uploads\/2020\/12\/david-cronin.jpg","contentUrl":"https:\/\/charleroi-pourlapalestine.be\/wp-content\/uploads\/2020\/12\/david-cronin.jpg","width":112,"height":112},{"@type":"BreadcrumbList","@id":"https:\/\/charleroi-pourlapalestine.be\/index.php\/2024\/09\/27\/pourquoi-l-ue-fait-elle-toujours-equipe-avec-les-entreprises-technologiques-israeliennes\/#breadcrumb","itemListElement":[{"@type":"ListItem","position":1,"name":"Accueil","item":"https:\/\/charleroi-pourlapalestine.be\/"},{"@type":"ListItem","position":2,"name":"Pourquoi l&rsquo;UE fait-elle toujours \u00e9quipe avec les entreprises technologiques isra\u00e9liennes ?"}]},{"@type":"WebSite","@id":"https:\/\/charleroi-pourlapalestine.be\/#website","url":"https:\/\/charleroi-pourlapalestine.be\/","name":"Charleroi Pour la Palestine","description":"","publisher":{"@id":"https:\/\/charleroi-pourlapalestine.be\/#organization"},"potentialAction":[{"@type":"SearchAction","target":{"@type":"EntryPoint","urlTemplate":"https:\/\/charleroi-pourlapalestine.be\/?s={search_term_string}"},"query-input":{"@type":"PropertyValueSpecification","valueRequired":true,"valueName":"search_term_string"}}],"inLanguage":"fr-FR"},{"@type":"Organization","@id":"https:\/\/charleroi-pourlapalestine.be\/#organization","name":"Plate-forme Charleroi-Palestine","url":"https:\/\/charleroi-pourlapalestine.be\/","logo":{"@type":"ImageObject","inLanguage":"fr-FR","@id":"https:\/\/charleroi-pourlapalestine.be\/#\/schema\/logo\/image\/","url":"https:\/\/charleroi-pourlapalestine.be\/wp-content\/uploads\/2020\/01\/logo-Copy.jpg","contentUrl":"https:\/\/charleroi-pourlapalestine.be\/wp-content\/uploads\/2020\/01\/logo-Copy.jpg","width":180,"height":180,"caption":"Plate-forme Charleroi-Palestine"},"image":{"@id":"https:\/\/charleroi-pourlapalestine.be\/#\/schema\/logo\/image\/"},"sameAs":["https:\/\/www.facebook.com\/PlateformeCharleroiPalestine\/","https:\/\/x.com\/LaCharleroi"]},{"@type":"Person","@id":"https:\/\/charleroi-pourlapalestine.be\/#\/schema\/person\/c19ff515112f1299d8c12671d8fe3faa","name":"admin1873","url":"https:\/\/charleroi-pourlapalestine.be\/index.php\/author\/admin1873\/"}]}},"_links":{"self":[{"href":"https:\/\/charleroi-pourlapalestine.be\/index.php\/wp-json\/wp\/v2\/posts\/76770","targetHints":{"allow":["GET"]}}],"collection":[{"href":"https:\/\/charleroi-pourlapalestine.be\/index.php\/wp-json\/wp\/v2\/posts"}],"about":[{"href":"https:\/\/charleroi-pourlapalestine.be\/index.php\/wp-json\/wp\/v2\/types\/post"}],"author":[{"embeddable":true,"href":"https:\/\/charleroi-pourlapalestine.be\/index.php\/wp-json\/wp\/v2\/users\/1"}],"replies":[{"embeddable":true,"href":"https:\/\/charleroi-pourlapalestine.be\/index.php\/wp-json\/wp\/v2\/comments?post=76770"}],"version-history":[{"count":0,"href":"https:\/\/charleroi-pourlapalestine.be\/index.php\/wp-json\/wp\/v2\/posts\/76770\/revisions"}],"wp:attachment":[{"href":"https:\/\/charleroi-pourlapalestine.be\/index.php\/wp-json\/wp\/v2\/media?parent=76770"}],"wp:term":[{"taxonomy":"category","embeddable":true,"href":"https:\/\/charleroi-pourlapalestine.be\/index.php\/wp-json\/wp\/v2\/categories?post=76770"},{"taxonomy":"post_tag","embeddable":true,"href":"https:\/\/charleroi-pourlapalestine.be\/index.php\/wp-json\/wp\/v2\/tags?post=76770"}],"curies":[{"name":"wp","href":"https:\/\/api.w.org\/{rel}","templated":true}]}}