{"id":77071,"date":"2024-10-05T17:04:31","date_gmt":"2024-10-05T15:04:31","guid":{"rendered":"https:\/\/charleroi-pourlapalestine.be\/?p=77071"},"modified":"2024-10-05T17:04:36","modified_gmt":"2024-10-05T15:04:36","slug":"les-palestiniens-ouvrent-leurs-foyers-et-leurs-coeurs-aux-refugies-libanais","status":"publish","type":"post","link":"https:\/\/charleroi-pourlapalestine.be\/index.php\/2024\/10\/05\/les-palestiniens-ouvrent-leurs-foyers-et-leurs-coeurs-aux-refugies-libanais\/","title":{"rendered":"Les Palestiniens ouvrent leurs foyers et leurs c\u0153urs aux r\u00e9fugi\u00e9s libanais"},"content":{"rendered":"<p>Plus d&rsquo;un million de Libanais ont fui leurs foyers dans le sud du Liban, la vall\u00e9e de la Bekaa et le district sud de Beyrouth en raison des raids isra\u00e9liens sans pr\u00e9c\u00e9dent et sans discrimination sur leurs villes et villages.<\/p>\n<div id=\"attachment_77072\" style=\"width: 688px\" class=\"wp-caption alignnone\"><img loading=\"lazy\" decoding=\"async\" aria-describedby=\"caption-attachment-77072\" class=\"wp-image-77072 size-full\" src=\"https:\/\/charleroi-pourlapalestine.be\/wp-content\/uploads\/2024\/10\/Refugies-libanais.png\" alt=\"Plus d'un million de Libanais ont fui leurs foyers dans le sud du Liban, la vall\u00e9e de la Bekaa et le district sud de Beyrouth.\" width=\"678\" height=\"455\" srcset=\"https:\/\/charleroi-pourlapalestine.be\/wp-content\/uploads\/2024\/10\/Refugies-libanais.png 678w, https:\/\/charleroi-pourlapalestine.be\/wp-content\/uploads\/2024\/10\/Refugies-libanais-300x201.png 300w\" sizes=\"auto, (max-width: 678px) 100vw, 678px\" \/><p id=\"caption-attachment-77072\" class=\"wp-caption-text\"><strong>Plus d&rsquo;un million de Libanais ont fui leurs foyers dans le sud du Liban, la vall\u00e9e de la Bekaa et le district sud de Beyrouth<\/strong>. (Photo : via l&rsquo;UNRWA)<\/p><\/div>\n<p>&nbsp;<\/p>\n<p><strong>Samaa Abu Sharar,<\/strong> 30 septembre 2024<\/p>\n<p>En un clin d\u2019\u0153il, ils sont plus d&rsquo;un million \u00e0 avoir litt\u00e9ralement tout perdu et \u00e0 \u00eatre devenus des personnes d\u00e9plac\u00e9es dans les rues de leur capitale et d&rsquo;autres villes libanaises qu&rsquo;ils estiment plus s\u00fbres. Les plus chanceux ont pu s&rsquo;assurer un coin dans des \u00e9coles ou d&rsquo;autres lieux publics qui ont \u00e9t\u00e9 ouverts par le gouvernement libanais pour les accueillir temporairement.<\/p>\n<p>En m\u00eame temps que les Libanais, bien des Syriens et des Palestiniens ont \u00e9t\u00e9 d\u00e9plac\u00e9s aussi. Dans leur qu\u00eate de refuge, un grand nombre d&rsquo;entre eux ont recouru aux camps palestiniens, d\u00e9j\u00e0 passablement surpeupl\u00e9s. Entre autres, le camp de r\u00e9fugi\u00e9s de<strong> Rashidieh<\/strong>, dans le sud, \u00e0 cinq kilom\u00e8tres de la ville de Tyr.<\/p>\n<p>&nbsp;<\/p>\n<h3>Un <em>\u00ab lieu s\u00fbr \u00bb<\/em><\/h3>\n<p>La photographe <strong>Rania Saadallah<\/strong> habite dans ce camp. Elle a discut\u00e9 avec <em>The Palestine Chronicle<\/em> de l&rsquo;exode de nombreuses familles vers le camp, en particulier des Libanais et des Palestiniens qui ont des parents \u00e0 Rashidieh m\u00eame.<\/p>\n<p>Selon Rania Saadallah, la plupart de ceux qui sont arriv\u00e9s \u00e0 Rashidieh sont venus pour deux raisons : primo, pour ne pas trop s&rsquo;\u00e9loigner de leurs villes et villages dans le sud et, secundo, parce qu&rsquo;ils n&rsquo;avaient pas les moyens p\u00e9cuniaires d&rsquo;aller ailleurs.<\/p>\n<blockquote><p>\u00ab Je connais une famille de Bazouriye ; ils sont venus \u00e0 14 et se sont install\u00e9s chez leurs proches, une famille de sept personnes, parce qu&rsquo;ils n&rsquo;ont pas les moyens de louer quoi que ce soit \u00e0 l&rsquo;int\u00e9rieur du camp \u00bb, dit-elle.<\/p><\/blockquote>\n<p>La photographe palestinienne nous a racont\u00e9 qu&rsquo;il y a des Palestiniens qui vivent dans des villages libanais du sud et qui ont \u00e9galement cherch\u00e9 refuge dans le camp, comme ils l&rsquo;avaient fait lors de la guerre de 2006.<\/p>\n<blockquote><p>\u00ab Ils consid\u00e8rent le camp comme un endroit s\u00fbr et il est proche de leurs villages mais, le plus important, c&rsquo;est qu&rsquo;il y a une grande familiarit\u00e9 entre les gens des villages et les r\u00e9fugi\u00e9s des camps \u00bb,<\/p><\/blockquote>\n<p>a-t-elle expliqu\u00e9.<\/p>\n<p>Cette familiarit\u00e9 et cette proximit\u00e9 qui lient les deux groupes sont ind\u00e9niables et les r\u00e9cents \u00e9v\u00e9nements en sont la preuve.<\/p>\n<p>Partout au Liban, les r\u00e9fugi\u00e9s palestiniens se sont pr\u00e9cipit\u00e9s pour aider les Libanais d\u00e9plac\u00e9s d\u00e8s le d\u00e9but de l&rsquo;agression d&rsquo;Isra\u00ebl.<\/p>\n<p>&nbsp;<\/p>\n<h3>La fraternit\u00e9 entre le peuple palestinien et libanais<\/h3>\n<p>Les jeunes du camp d&rsquo;<strong>Ain Al-Hilweh<\/strong> ont \u00e9t\u00e9 parmi les premiers \u00e0 courir dans les rues afin d&rsquo;accueillir les Libanais d\u00e9plac\u00e9s en distribuant de l&rsquo;eau et des collations aux personnes bloqu\u00e9es dans leurs voitures.<\/p>\n<p>Selon <strong>Walid el-Ahmad<\/strong>, coordinateur de l&rsquo;initiative <em>\u00ab De la main \u00e0 la main \u00bb<\/em>, la vague de d\u00e9placement sans pr\u00e9c\u00e9dent a pris tout le monde par surprise du fait qu&rsquo;elle \u00e9tait bien plus grande que ce \u00e0 quoi s&rsquo;attendaient le gouvernement libanais, l&rsquo;UNRWA (Agence de secours et de travaux de l&rsquo;ONU) ou l&rsquo;OLP (Organisation de lib\u00e9ration de la Palestine).<\/p>\n<p>Walid El-Ahmad a expliqu\u00e9 \u00e0 <em>The Palestine Chronicle<\/em> que certaines personnes \u00e9taient arriv\u00e9es au camp de <strong>Mar Elias<\/strong> \u00e0 Beyrouth pour y s\u00e9journer chez des proches et connaissances, mais en nombre limit\u00e9 du fait de l&rsquo;extr\u00eame exigu\u00eft\u00e9 du camp.<\/p>\n<blockquote><p>\u00ab Nous avons r\u00e9activ\u00e9 le comit\u00e9 d&rsquo;urgence que nous avions cr\u00e9\u00e9 au d\u00e9but du g\u00e9nocide \u00e0 Gaza et qui est sous la surveillance du Comit\u00e9 populaire du camp \u00bb,<\/p><\/blockquote>\n<p>a-t-il expliqu\u00e9.<\/p>\n<p>L&rsquo;enthousiasme \u00e0 vouloir tendre une main charitable aux personnes d\u00e9plac\u00e9es \u00e9tait tr\u00e8s visible.<\/p>\n<blockquote><p>\u00ab Malgr\u00e9 leur situation tr\u00e8s pr\u00e9caire, les r\u00e9fugi\u00e9s ont donn\u00e9 tout ce qu&rsquo;ils avaient : argent, nourriture, matelas, couvertures&#8230; Tout ce qu&rsquo;ils pouvaient, ils l&rsquo;ont donn\u00e9 sans h\u00e9sitation \u00bb,<\/p><\/blockquote>\n<p>a-t-il ajout\u00e9.<\/p>\n<p>&nbsp;<\/p>\n<p><img loading=\"lazy\" decoding=\"async\" class=\"alignnone wp-image-77082 size-full\" src=\"https:\/\/charleroi-pourlapalestine.be\/wp-content\/uploads\/2024\/10\/Soutien-palestinien-aux-refugies-libanais.png\" alt=\"Soutien palestinien aux r\u00e9fugi\u00e9s libanais\" width=\"663\" height=\"482\" srcset=\"https:\/\/charleroi-pourlapalestine.be\/wp-content\/uploads\/2024\/10\/Soutien-palestinien-aux-refugies-libanais.png 663w, https:\/\/charleroi-pourlapalestine.be\/wp-content\/uploads\/2024\/10\/Soutien-palestinien-aux-refugies-libanais-300x218.png 300w\" sizes=\"auto, (max-width: 663px) 100vw, 663px\" \/><\/p>\n<p>Walid El-Ahmad et bien d&rsquo;autres activistes dans les camps confirment que l&rsquo;aide est surtout venue de simples personnes, de petites initiatives ou d&rsquo;organisations locales.<\/p>\n<p>Dans bien des cas, le travail combin\u00e9 de tous s&rsquo;est \u00e9tendu aux \u00e9coles entourant les camps, en l&rsquo;absence du gouvernement libanais au d\u00e9but de la vague de d\u00e9placement.<\/p>\n<blockquote><p>\u00ab Le peuple de la Palestine nous est confi\u00e9 jusqu&rsquo;au moment o\u00f9 il retournera dans son pays \u00bb,<\/p><\/blockquote>\n<p>a d\u00e9clar\u00e9 un Libanais \u00e0 Walid el-Ahmad, qui dirige \u00e9galement une clinique dans le camp de <strong>Mar Elias<\/strong>, et apr\u00e8s avoir refus\u00e9 le moindre argent de sa part en vue de soigner son fils.<\/p>\n<p>Ces sentiments de fraternit\u00e9 entre Palestiniens et Libanais sont tr\u00e8s profonds, si l&rsquo;on consid\u00e8re l&rsquo;histoire commune et les nombreux sacrifices des deux peuples au profit de la cause palestinienne.<\/p>\n<h3>\nUn plan d&rsquo;urgence<\/h3>\n<p>Nazira Mohammed al-Haj, une activiste sociale qui vit au camp de <strong>Nahr El-Bared<\/strong>, dans le nord du Liban, confirme ces sentiments de solidarit\u00e9.<\/p>\n<blockquote><p>\u00ab Une de mes amies poss\u00e8de trois appartements meubl\u00e9s dans le camp. Elle en a propos\u00e9 deux gratuitement \u00e0 des familles libanaises d\u00e9plac\u00e9es et leur a \u00e9galement procur\u00e9 des produits d&rsquo;\u00e9picerie \u00bb,<\/p><\/blockquote>\n<p>a expliqu\u00e9e Nazira Mohammed al-Haj.<\/p>\n<p>L&rsquo;activiste a insist\u00e9 sur le fait qu&rsquo;il ne s&rsquo;agissait pas d&rsquo;un cas unique, puisque la majorit\u00e9 des r\u00e9fugi\u00e9s du camp se sont pr\u00e9cipit\u00e9s pour offrir tout ce qui \u00e9tait dans leurs cordes.<\/p>\n<p>Dans le cadre de ce plan d&rsquo;urgence, l&rsquo;<strong>UNRWA<\/strong> a ouvert plusieurs \u00e9coles dans le pays afin d&rsquo;accueillir des personnes d\u00e9plac\u00e9es et elle a d\u00e9j\u00e0 annonc\u00e9 qu&rsquo;elle en ouvrirait d&rsquo;autres si besoin \u00e9tait. Deux de ces \u00e9coles se trouvent dans le camp de Nahr El-Bared.<\/p>\n<p>L&rsquo;agence de l&rsquo;ONU a \u00e9galement annonc\u00e9 que, bien qu&rsquo;elle conf\u00e8re la priorit\u00e9 aux r\u00e9fugi\u00e9s palestiniens, elle accueille \u00e9galement des personnes d\u00e9plac\u00e9es d&rsquo;autres nationalit\u00e9s et ce, selon la \u00ab<em> disponibilit\u00e9 de ses ressources \u00bb<\/em>.<\/p>\n<p>Toutefois, Nazira Mohammed al-Haj a d\u00e9clar\u00e9 \u00e0 <em>The Palestine Chronicle<\/em> que la majorit\u00e9 des gens qui d\u00e9barquaient \u00e0 Nahr El-Bared s\u00e9journaient chez les r\u00e9fugi\u00e9s du camp.<\/p>\n<blockquote><p>\u00ab Certaines personnes ont donn\u00e9 gratuitement leurs appartements meubl\u00e9s \u00e0 des Libanais d\u00e9plac\u00e9s \u00bb,<\/p><\/blockquote>\n<p>a-t-elle expliqu\u00e9.<\/p>\n<blockquote><p>\u00ab M\u00eame les propri\u00e9taires de g\u00e9n\u00e9rateurs et les fournisseurs d&rsquo;Internet du camp ont propos\u00e9 leurs services gratuitement, outre les personnes qui ont donn\u00e9 des v\u00eatements, des matelas et de la nourriture \u00bb,<\/p><\/blockquote>\n<p>a encore expliqu\u00e9 l&rsquo;activiste.<\/p>\n<p>Nazira Mohammed al-Haj attribue ce d\u00e9bordement de solidarit\u00e9 avec les Libanais d\u00e9plac\u00e9s au fait que les r\u00e9fugi\u00e9s de Nahr El-Bared ont connu un d\u00e9placement similaire en 2007, quand des affrontements avaient eu lieu entre l&rsquo;arm\u00e9e libanaise et l&rsquo;organisation Fateh El-Islam.<\/p>\n<p>&nbsp;<\/p>\n<h3>Le m\u00eame sort<\/h3>\n<p>Dans le camp voisin de <strong>Beddawi<\/strong>, la sc\u00e8ne n&rsquo;est pas diff\u00e9rente. Les r\u00e9fugi\u00e9s du camp en m\u00eame temps que les organisations palestiniennes ont constitu\u00e9 un rocher, pour les Libanais d\u00e9plac\u00e9s.<\/p>\n<p>L&rsquo;activiste sociale <strong>Dalal Sharour<\/strong> s&rsquo;est entretenue avec <em>The Palestine Chronicle<\/em> au sujet d&rsquo;une initiative lanc\u00e9e par le Club culturel palestinien dans le camp et qui a permis d&rsquo;\u00e9tablir une <em>\u00ab station \u00bb<\/em> pour tous les Palestiniens et Libanais d\u00e9plac\u00e9s.<\/p>\n<p>La station a fourni aux personnes des endroits o\u00f9 s\u00e9journer, elle a re\u00e7u des dons et a propos\u00e9 une aide \u00e9l\u00e9mentaire.<\/p>\n<blockquote><p>\u00ab Les jeunes du camp de Beddawi sont tr\u00e8s actifs. \u00c0 bord d&rsquo;un gros pick-up, ils ont parcouru les rues du camp pour collecter des dons, qui ont \u00e9t\u00e9 principalement re\u00e7us via des groupes WhatsApp \u00bb,<\/p><\/blockquote>\n<p>a expliqu\u00e9 Dalal Sharour.<\/p>\n<p>L&rsquo;activiste palestinienne a d\u00e9clar\u00e9 \u00e0 T<em>he Palestine Chronicle<\/em> que le Comit\u00e9 populaire du camp et de nombreuses organisations avaient cr\u00e9\u00e9 une unit\u00e9 d&rsquo;urgence afin de collecter des donn\u00e9es sur le nombre de personnes d\u00e9plac\u00e9es et leurs besoins.<\/p>\n<blockquote><p>\u00ab L&rsquo;unit\u00e9 d&rsquo;urgence aura des repr\u00e9sentants de chaque organisation de fa\u00e7on \u00e0 coordonner les efforts et \u00e0 ne pas d\u00e9doubler les services fournis \u00bb,<\/p><\/blockquote>\n<p>a expliqu\u00e9 Dalal Sharour.<\/p>\n<p>Il n&rsquo;y a toujours pas de chiffres officiels quant au nombre de Palestiniens et de Libanais d\u00e9plac\u00e9s qui ont fait toute vers Tripoli, dans le nord du Liban, o\u00f9 les deux camps sont situ\u00e9s. Ce que nous savons, c&rsquo;est que les gens du Sud, de la Bekaa et de Beyrouth ont pris la direction de Tripoli parce que, pour l&rsquo;instant, la r\u00e9gion est per\u00e7ue comme plus s\u00fbre que les autres.<\/p>\n<p>Le chercheur et consultant dans les \u00e9tudes sur les r\u00e9fugi\u00e9s, <strong>Jaber Suleiman<\/strong>, \u00e0 expliqu\u00e9 \u00e0 <em>The Palestine Chronicle<\/em> que la solidarit\u00e9 d\u00e9bordante dont les r\u00e9fugi\u00e9s palestiniens ont fait preuve \u00e0 l&rsquo;\u00e9gard des Libanais d\u00e9plac\u00e9s \u00e9tait pr\u00e9visible et qu&rsquo;elle n&rsquo;avait rien d&rsquo;\u00e9tonnant de la part des r\u00e9fugi\u00e9s palestiniens.<\/p>\n<blockquote><p>\u00ab Face \u00e0 la seconde phase du g\u00e9nocide, qui a commenc\u00e9 \u00e0 Gaza et qui se poursuit au Liban, il existe un \u00e9tat de solidarit\u00e9 nationale libanaise et les Palestiniens en font partie \u00bb,<\/p><\/blockquote>\n<p>a-t-il d\u00e9clar\u00e9.<\/p>\n<blockquote><p>\u00ab Les Palestiniens plus que les autres ressentent la souffrance du d\u00e9placement et de l&rsquo;obligation de quitter leurs foyers. Ces g\u00e9n\u00e9rations des camps sont les g\u00e9n\u00e9rations de la premi\u00e8re, la deuxi\u00e8me et la troisi\u00e8me Nakba et elles ressentent plus que d&rsquo;autres une empathie pour les Libanais d\u00e9plac\u00e9s de leurs villages \u00bb,<\/p><\/blockquote>\n<p>a expliqu\u00e9 le chercheur palestinien.<\/p>\n<p>Jaber Suleiman attribue \u00e9galement le soutien et la solidarit\u00e9 \u00e0 la profonde gratitude que les Palestiniens du Liban \u00e9prouvent \u00e0 l&rsquo;\u00e9gard des Libanais pour les sacrifices qu&rsquo;ils subissent en soutien de Gaza et de la cause palestinienne.<\/p>\n<blockquote><p>\u00ab S&rsquo;ils le pouvaient, ils les placeraient dans leurs yeux et dans leurs c\u0153urs en signe de gratitude pour tout ce qu&rsquo;ils font \u00bb,<\/p><\/blockquote>\n<p>a-t-il d\u00e9clar\u00e9.<\/p>\n<p>Selon Jaber Suleiman, ce n&rsquo;est pas la premi\u00e8re fois que les Palestiniens accueillent des Libanais d\u00e9plac\u00e9s dans leurs camps : En 2006, nombreux sont ceux qui se sont r\u00e9fugi\u00e9s dans le camp d&rsquo;<strong>Ayn el-Helweh<\/strong> malgr\u00e9 les difficult\u00e9s que ces r\u00e9fugi\u00e9s palestiniens doivent affronter dans un pays qui leur refuse un grand nombre de leurs droits fondamentaux.<\/p>\n<blockquote><p>\u00ab Ces sentiments de fraternit\u00e9 entre Palestiniens et Libanais sont tr\u00e8s profonds, si l&rsquo;on consid\u00e8re l&rsquo;histoire commune et les nombreux sacrifices des deux peuples au profit de la cause palestinienne. \u00bb,<\/p><\/blockquote>\n<p>a conclu Jaber Suleiman.<\/p>\n<p style=\"text-align: center;\">*****<\/p>\n<p>Publi\u00e9 le 30 septembre 2024 sur<a href=\"https:\/\/www.palestinechronicle.com\/we-will-place-you-in-our-eyes-palestinians-open-their-homes-hearts-to-lebanese-refugees\/\" target=\"_blank\" rel=\"noopener\"> The Palestine Chronicle<\/a><br \/>\nTraduction : Jean-Marie Fl\u00e9mal, <a href=\"https:\/\/charleroi-pourlapalestine.be\/\">Charleroi pour la Palestine<\/a><\/p>\n","protected":false},"excerpt":{"rendered":"<p>Les Palestiniens et Libanais partagent le m\u00eame sort et ils versent le m\u00eame sang sur le m\u00eame sol contre un ennemi sioniste commun.<\/p>\n","protected":false},"author":1,"featured_media":77072,"comment_status":"closed","ping_status":"closed","sticky":false,"template":"","format":"standard","meta":{"ngg_post_thumbnail":0,"footnotes":""},"categories":[836,191,192,9],"tags":[],"class_list":["post-77071","post","type-post","status-publish","format-standard","has-post-thumbnail","hentry","category-camps-de-refugies","category-liban","category-palestine","category-les-refugies-pamestiniens"],"yoast_head":"<!-- This site is optimized with the Yoast SEO plugin v27.3 - https:\/\/yoast.com\/product\/yoast-seo-wordpress\/ -->\n<title>Les Palestiniens ouvrent leurs foyers et leurs c\u0153urs aux r\u00e9fugi\u00e9s libanais<\/title>\n<meta name=\"description\" content=\"Les Palestiniens du Liban \u00e9prouvent un soutien et une solidarit\u00e9 profonde \u00e0 l&#039;\u00e9gard des Libanais pour leur soutien \u00e0 la cause palestinienne.\" \/>\n<meta name=\"robots\" content=\"index, follow, max-snippet:-1, max-image-preview:large, max-video-preview:-1\" \/>\n<link rel=\"canonical\" href=\"https:\/\/charleroi-pourlapalestine.be\/index.php\/2024\/10\/05\/les-palestiniens-ouvrent-leurs-foyers-et-leurs-coeurs-aux-refugies-libanais\/\" \/>\n<script type=\"application\/ld+json\" class=\"yoast-schema-graph\">{\"@context\":\"https:\\\/\\\/schema.org\",\"@graph\":[{\"@type\":\"Article\",\"@id\":\"https:\\\/\\\/charleroi-pourlapalestine.be\\\/index.php\\\/2024\\\/10\\\/05\\\/les-palestiniens-ouvrent-leurs-foyers-et-leurs-coeurs-aux-refugies-libanais\\\/#article\",\"isPartOf\":{\"@id\":\"https:\\\/\\\/charleroi-pourlapalestine.be\\\/index.php\\\/2024\\\/10\\\/05\\\/les-palestiniens-ouvrent-leurs-foyers-et-leurs-coeurs-aux-refugies-libanais\\\/\"},\"author\":{\"name\":\"admin1873\",\"@id\":\"https:\\\/\\\/charleroi-pourlapalestine.be\\\/#\\\/schema\\\/person\\\/c19ff515112f1299d8c12671d8fe3faa\"},\"headline\":\"Les Palestiniens ouvrent leurs foyers et leurs c\u0153urs aux r\u00e9fugi\u00e9s libanais\",\"datePublished\":\"2024-10-05T15:04:31+00:00\",\"dateModified\":\"2024-10-05T15:04:36+00:00\",\"mainEntityOfPage\":{\"@id\":\"https:\\\/\\\/charleroi-pourlapalestine.be\\\/index.php\\\/2024\\\/10\\\/05\\\/les-palestiniens-ouvrent-leurs-foyers-et-leurs-coeurs-aux-refugies-libanais\\\/\"},\"wordCount\":1861,\"publisher\":{\"@id\":\"https:\\\/\\\/charleroi-pourlapalestine.be\\\/#organization\"},\"image\":{\"@id\":\"https:\\\/\\\/charleroi-pourlapalestine.be\\\/index.php\\\/2024\\\/10\\\/05\\\/les-palestiniens-ouvrent-leurs-foyers-et-leurs-coeurs-aux-refugies-libanais\\\/#primaryimage\"},\"thumbnailUrl\":\"https:\\\/\\\/charleroi-pourlapalestine.be\\\/wp-content\\\/uploads\\\/2024\\\/10\\\/Refugies-libanais.png\",\"articleSection\":[\"Camps de r\u00e9fugi\u00e9s\",\"Liban\",\"Palestine\",\"R\u00e9fugi\u00e9s\"],\"inLanguage\":\"fr-FR\"},{\"@type\":\"WebPage\",\"@id\":\"https:\\\/\\\/charleroi-pourlapalestine.be\\\/index.php\\\/2024\\\/10\\\/05\\\/les-palestiniens-ouvrent-leurs-foyers-et-leurs-coeurs-aux-refugies-libanais\\\/\",\"url\":\"https:\\\/\\\/charleroi-pourlapalestine.be\\\/index.php\\\/2024\\\/10\\\/05\\\/les-palestiniens-ouvrent-leurs-foyers-et-leurs-coeurs-aux-refugies-libanais\\\/\",\"name\":\"Les Palestiniens ouvrent leurs foyers et leurs c\u0153urs aux r\u00e9fugi\u00e9s libanais\",\"isPartOf\":{\"@id\":\"https:\\\/\\\/charleroi-pourlapalestine.be\\\/#website\"},\"primaryImageOfPage\":{\"@id\":\"https:\\\/\\\/charleroi-pourlapalestine.be\\\/index.php\\\/2024\\\/10\\\/05\\\/les-palestiniens-ouvrent-leurs-foyers-et-leurs-coeurs-aux-refugies-libanais\\\/#primaryimage\"},\"image\":{\"@id\":\"https:\\\/\\\/charleroi-pourlapalestine.be\\\/index.php\\\/2024\\\/10\\\/05\\\/les-palestiniens-ouvrent-leurs-foyers-et-leurs-coeurs-aux-refugies-libanais\\\/#primaryimage\"},\"thumbnailUrl\":\"https:\\\/\\\/charleroi-pourlapalestine.be\\\/wp-content\\\/uploads\\\/2024\\\/10\\\/Refugies-libanais.png\",\"datePublished\":\"2024-10-05T15:04:31+00:00\",\"dateModified\":\"2024-10-05T15:04:36+00:00\",\"description\":\"Les Palestiniens du Liban \u00e9prouvent un soutien et une solidarit\u00e9 profonde \u00e0 l'\u00e9gard des Libanais pour leur soutien \u00e0 la cause palestinienne.\",\"breadcrumb\":{\"@id\":\"https:\\\/\\\/charleroi-pourlapalestine.be\\\/index.php\\\/2024\\\/10\\\/05\\\/les-palestiniens-ouvrent-leurs-foyers-et-leurs-coeurs-aux-refugies-libanais\\\/#breadcrumb\"},\"inLanguage\":\"fr-FR\",\"potentialAction\":[{\"@type\":\"ReadAction\",\"target\":[\"https:\\\/\\\/charleroi-pourlapalestine.be\\\/index.php\\\/2024\\\/10\\\/05\\\/les-palestiniens-ouvrent-leurs-foyers-et-leurs-coeurs-aux-refugies-libanais\\\/\"]}]},{\"@type\":\"ImageObject\",\"inLanguage\":\"fr-FR\",\"@id\":\"https:\\\/\\\/charleroi-pourlapalestine.be\\\/index.php\\\/2024\\\/10\\\/05\\\/les-palestiniens-ouvrent-leurs-foyers-et-leurs-coeurs-aux-refugies-libanais\\\/#primaryimage\",\"url\":\"https:\\\/\\\/charleroi-pourlapalestine.be\\\/wp-content\\\/uploads\\\/2024\\\/10\\\/Refugies-libanais.png\",\"contentUrl\":\"https:\\\/\\\/charleroi-pourlapalestine.be\\\/wp-content\\\/uploads\\\/2024\\\/10\\\/Refugies-libanais.png\",\"width\":678,\"height\":455},{\"@type\":\"BreadcrumbList\",\"@id\":\"https:\\\/\\\/charleroi-pourlapalestine.be\\\/index.php\\\/2024\\\/10\\\/05\\\/les-palestiniens-ouvrent-leurs-foyers-et-leurs-coeurs-aux-refugies-libanais\\\/#breadcrumb\",\"itemListElement\":[{\"@type\":\"ListItem\",\"position\":1,\"name\":\"Accueil\",\"item\":\"https:\\\/\\\/charleroi-pourlapalestine.be\\\/\"},{\"@type\":\"ListItem\",\"position\":2,\"name\":\"Les Palestiniens ouvrent leurs foyers et leurs c\u0153urs aux r\u00e9fugi\u00e9s libanais\"}]},{\"@type\":\"WebSite\",\"@id\":\"https:\\\/\\\/charleroi-pourlapalestine.be\\\/#website\",\"url\":\"https:\\\/\\\/charleroi-pourlapalestine.be\\\/\",\"name\":\"Charleroi Pour la Palestine\",\"description\":\"\",\"publisher\":{\"@id\":\"https:\\\/\\\/charleroi-pourlapalestine.be\\\/#organization\"},\"potentialAction\":[{\"@type\":\"SearchAction\",\"target\":{\"@type\":\"EntryPoint\",\"urlTemplate\":\"https:\\\/\\\/charleroi-pourlapalestine.be\\\/?s={search_term_string}\"},\"query-input\":{\"@type\":\"PropertyValueSpecification\",\"valueRequired\":true,\"valueName\":\"search_term_string\"}}],\"inLanguage\":\"fr-FR\"},{\"@type\":\"Organization\",\"@id\":\"https:\\\/\\\/charleroi-pourlapalestine.be\\\/#organization\",\"name\":\"Plate-forme Charleroi-Palestine\",\"url\":\"https:\\\/\\\/charleroi-pourlapalestine.be\\\/\",\"logo\":{\"@type\":\"ImageObject\",\"inLanguage\":\"fr-FR\",\"@id\":\"https:\\\/\\\/charleroi-pourlapalestine.be\\\/#\\\/schema\\\/logo\\\/image\\\/\",\"url\":\"https:\\\/\\\/charleroi-pourlapalestine.be\\\/wp-content\\\/uploads\\\/2020\\\/01\\\/logo-Copy.jpg\",\"contentUrl\":\"https:\\\/\\\/charleroi-pourlapalestine.be\\\/wp-content\\\/uploads\\\/2020\\\/01\\\/logo-Copy.jpg\",\"width\":180,\"height\":180,\"caption\":\"Plate-forme Charleroi-Palestine\"},\"image\":{\"@id\":\"https:\\\/\\\/charleroi-pourlapalestine.be\\\/#\\\/schema\\\/logo\\\/image\\\/\"},\"sameAs\":[\"https:\\\/\\\/www.facebook.com\\\/PlateformeCharleroiPalestine\\\/\",\"https:\\\/\\\/x.com\\\/LaCharleroi\"]},{\"@type\":\"Person\",\"@id\":\"https:\\\/\\\/charleroi-pourlapalestine.be\\\/#\\\/schema\\\/person\\\/c19ff515112f1299d8c12671d8fe3faa\",\"name\":\"admin1873\",\"url\":\"https:\\\/\\\/charleroi-pourlapalestine.be\\\/index.php\\\/author\\\/admin1873\\\/\"}]}<\/script>\n<!-- \/ Yoast SEO plugin. -->","yoast_head_json":{"title":"Les Palestiniens ouvrent leurs foyers et leurs c\u0153urs aux r\u00e9fugi\u00e9s libanais","description":"Les Palestiniens du Liban \u00e9prouvent un soutien et une solidarit\u00e9 profonde \u00e0 l'\u00e9gard des Libanais pour leur soutien \u00e0 la cause palestinienne.","robots":{"index":"index","follow":"follow","max-snippet":"max-snippet:-1","max-image-preview":"max-image-preview:large","max-video-preview":"max-video-preview:-1"},"canonical":"https:\/\/charleroi-pourlapalestine.be\/index.php\/2024\/10\/05\/les-palestiniens-ouvrent-leurs-foyers-et-leurs-coeurs-aux-refugies-libanais\/","schema":{"@context":"https:\/\/schema.org","@graph":[{"@type":"Article","@id":"https:\/\/charleroi-pourlapalestine.be\/index.php\/2024\/10\/05\/les-palestiniens-ouvrent-leurs-foyers-et-leurs-coeurs-aux-refugies-libanais\/#article","isPartOf":{"@id":"https:\/\/charleroi-pourlapalestine.be\/index.php\/2024\/10\/05\/les-palestiniens-ouvrent-leurs-foyers-et-leurs-coeurs-aux-refugies-libanais\/"},"author":{"name":"admin1873","@id":"https:\/\/charleroi-pourlapalestine.be\/#\/schema\/person\/c19ff515112f1299d8c12671d8fe3faa"},"headline":"Les Palestiniens ouvrent leurs foyers et leurs c\u0153urs aux r\u00e9fugi\u00e9s libanais","datePublished":"2024-10-05T15:04:31+00:00","dateModified":"2024-10-05T15:04:36+00:00","mainEntityOfPage":{"@id":"https:\/\/charleroi-pourlapalestine.be\/index.php\/2024\/10\/05\/les-palestiniens-ouvrent-leurs-foyers-et-leurs-coeurs-aux-refugies-libanais\/"},"wordCount":1861,"publisher":{"@id":"https:\/\/charleroi-pourlapalestine.be\/#organization"},"image":{"@id":"https:\/\/charleroi-pourlapalestine.be\/index.php\/2024\/10\/05\/les-palestiniens-ouvrent-leurs-foyers-et-leurs-coeurs-aux-refugies-libanais\/#primaryimage"},"thumbnailUrl":"https:\/\/charleroi-pourlapalestine.be\/wp-content\/uploads\/2024\/10\/Refugies-libanais.png","articleSection":["Camps de r\u00e9fugi\u00e9s","Liban","Palestine","R\u00e9fugi\u00e9s"],"inLanguage":"fr-FR"},{"@type":"WebPage","@id":"https:\/\/charleroi-pourlapalestine.be\/index.php\/2024\/10\/05\/les-palestiniens-ouvrent-leurs-foyers-et-leurs-coeurs-aux-refugies-libanais\/","url":"https:\/\/charleroi-pourlapalestine.be\/index.php\/2024\/10\/05\/les-palestiniens-ouvrent-leurs-foyers-et-leurs-coeurs-aux-refugies-libanais\/","name":"Les Palestiniens ouvrent leurs foyers et leurs c\u0153urs aux r\u00e9fugi\u00e9s libanais","isPartOf":{"@id":"https:\/\/charleroi-pourlapalestine.be\/#website"},"primaryImageOfPage":{"@id":"https:\/\/charleroi-pourlapalestine.be\/index.php\/2024\/10\/05\/les-palestiniens-ouvrent-leurs-foyers-et-leurs-coeurs-aux-refugies-libanais\/#primaryimage"},"image":{"@id":"https:\/\/charleroi-pourlapalestine.be\/index.php\/2024\/10\/05\/les-palestiniens-ouvrent-leurs-foyers-et-leurs-coeurs-aux-refugies-libanais\/#primaryimage"},"thumbnailUrl":"https:\/\/charleroi-pourlapalestine.be\/wp-content\/uploads\/2024\/10\/Refugies-libanais.png","datePublished":"2024-10-05T15:04:31+00:00","dateModified":"2024-10-05T15:04:36+00:00","description":"Les Palestiniens du Liban \u00e9prouvent un soutien et une solidarit\u00e9 profonde \u00e0 l'\u00e9gard des Libanais pour leur soutien \u00e0 la cause palestinienne.","breadcrumb":{"@id":"https:\/\/charleroi-pourlapalestine.be\/index.php\/2024\/10\/05\/les-palestiniens-ouvrent-leurs-foyers-et-leurs-coeurs-aux-refugies-libanais\/#breadcrumb"},"inLanguage":"fr-FR","potentialAction":[{"@type":"ReadAction","target":["https:\/\/charleroi-pourlapalestine.be\/index.php\/2024\/10\/05\/les-palestiniens-ouvrent-leurs-foyers-et-leurs-coeurs-aux-refugies-libanais\/"]}]},{"@type":"ImageObject","inLanguage":"fr-FR","@id":"https:\/\/charleroi-pourlapalestine.be\/index.php\/2024\/10\/05\/les-palestiniens-ouvrent-leurs-foyers-et-leurs-coeurs-aux-refugies-libanais\/#primaryimage","url":"https:\/\/charleroi-pourlapalestine.be\/wp-content\/uploads\/2024\/10\/Refugies-libanais.png","contentUrl":"https:\/\/charleroi-pourlapalestine.be\/wp-content\/uploads\/2024\/10\/Refugies-libanais.png","width":678,"height":455},{"@type":"BreadcrumbList","@id":"https:\/\/charleroi-pourlapalestine.be\/index.php\/2024\/10\/05\/les-palestiniens-ouvrent-leurs-foyers-et-leurs-coeurs-aux-refugies-libanais\/#breadcrumb","itemListElement":[{"@type":"ListItem","position":1,"name":"Accueil","item":"https:\/\/charleroi-pourlapalestine.be\/"},{"@type":"ListItem","position":2,"name":"Les Palestiniens ouvrent leurs foyers et leurs c\u0153urs aux r\u00e9fugi\u00e9s libanais"}]},{"@type":"WebSite","@id":"https:\/\/charleroi-pourlapalestine.be\/#website","url":"https:\/\/charleroi-pourlapalestine.be\/","name":"Charleroi Pour la Palestine","description":"","publisher":{"@id":"https:\/\/charleroi-pourlapalestine.be\/#organization"},"potentialAction":[{"@type":"SearchAction","target":{"@type":"EntryPoint","urlTemplate":"https:\/\/charleroi-pourlapalestine.be\/?s={search_term_string}"},"query-input":{"@type":"PropertyValueSpecification","valueRequired":true,"valueName":"search_term_string"}}],"inLanguage":"fr-FR"},{"@type":"Organization","@id":"https:\/\/charleroi-pourlapalestine.be\/#organization","name":"Plate-forme Charleroi-Palestine","url":"https:\/\/charleroi-pourlapalestine.be\/","logo":{"@type":"ImageObject","inLanguage":"fr-FR","@id":"https:\/\/charleroi-pourlapalestine.be\/#\/schema\/logo\/image\/","url":"https:\/\/charleroi-pourlapalestine.be\/wp-content\/uploads\/2020\/01\/logo-Copy.jpg","contentUrl":"https:\/\/charleroi-pourlapalestine.be\/wp-content\/uploads\/2020\/01\/logo-Copy.jpg","width":180,"height":180,"caption":"Plate-forme Charleroi-Palestine"},"image":{"@id":"https:\/\/charleroi-pourlapalestine.be\/#\/schema\/logo\/image\/"},"sameAs":["https:\/\/www.facebook.com\/PlateformeCharleroiPalestine\/","https:\/\/x.com\/LaCharleroi"]},{"@type":"Person","@id":"https:\/\/charleroi-pourlapalestine.be\/#\/schema\/person\/c19ff515112f1299d8c12671d8fe3faa","name":"admin1873","url":"https:\/\/charleroi-pourlapalestine.be\/index.php\/author\/admin1873\/"}]}},"_links":{"self":[{"href":"https:\/\/charleroi-pourlapalestine.be\/index.php\/wp-json\/wp\/v2\/posts\/77071","targetHints":{"allow":["GET"]}}],"collection":[{"href":"https:\/\/charleroi-pourlapalestine.be\/index.php\/wp-json\/wp\/v2\/posts"}],"about":[{"href":"https:\/\/charleroi-pourlapalestine.be\/index.php\/wp-json\/wp\/v2\/types\/post"}],"author":[{"embeddable":true,"href":"https:\/\/charleroi-pourlapalestine.be\/index.php\/wp-json\/wp\/v2\/users\/1"}],"replies":[{"embeddable":true,"href":"https:\/\/charleroi-pourlapalestine.be\/index.php\/wp-json\/wp\/v2\/comments?post=77071"}],"version-history":[{"count":0,"href":"https:\/\/charleroi-pourlapalestine.be\/index.php\/wp-json\/wp\/v2\/posts\/77071\/revisions"}],"wp:featuredmedia":[{"embeddable":true,"href":"https:\/\/charleroi-pourlapalestine.be\/index.php\/wp-json\/wp\/v2\/media\/77072"}],"wp:attachment":[{"href":"https:\/\/charleroi-pourlapalestine.be\/index.php\/wp-json\/wp\/v2\/media?parent=77071"}],"wp:term":[{"taxonomy":"category","embeddable":true,"href":"https:\/\/charleroi-pourlapalestine.be\/index.php\/wp-json\/wp\/v2\/categories?post=77071"},{"taxonomy":"post_tag","embeddable":true,"href":"https:\/\/charleroi-pourlapalestine.be\/index.php\/wp-json\/wp\/v2\/tags?post=77071"}],"curies":[{"name":"wp","href":"https:\/\/api.w.org\/{rel}","templated":true}]}}