{"id":77975,"date":"2024-11-01T14:02:34","date_gmt":"2024-11-01T13:02:34","guid":{"rendered":"https:\/\/charleroi-pourlapalestine.be\/?p=77975"},"modified":"2024-11-01T14:02:37","modified_gmt":"2024-11-01T13:02:37","slug":"a-lapproche-des-elections-americaines-les-allies-de-netanyahou-poussent-a-la-recolonisation-de-gaza","status":"publish","type":"post","link":"https:\/\/charleroi-pourlapalestine.be\/index.php\/2024\/11\/01\/a-lapproche-des-elections-americaines-les-allies-de-netanyahou-poussent-a-la-recolonisation-de-gaza\/","title":{"rendered":"\u00c0 l&rsquo;approche des \u00e9lections am\u00e9ricaines, les alli\u00e9s de Netanyahou poussent \u00e0 la recolonisation de Gaza"},"content":{"rendered":"<p>Dans les derniers jours qui pr\u00e9c\u00e8dent les \u00e9lections pr\u00e9sidentielles am\u00e9ricaines de 2024, nombre d&rsquo;importantes agences et de hauts fonctionnaires des Nations unies mettent en garde \u2013 une fois de plus \u2013 contre les horreurs qui se d\u00e9roulent \u00e0 Gaza.<\/p>\n<p>&nbsp;<\/p>\n<div id=\"attachment_77977\" style=\"width: 1028px\" class=\"wp-caption aligncenter\"><img loading=\"lazy\" decoding=\"async\" aria-describedby=\"caption-attachment-77977\" class=\"wp-image-77977 size-full\" src=\"https:\/\/charleroi-pourlapalestine.be\/wp-content\/uploads\/2024\/10\/Elections-americaines.png\" alt=\"La vice-pr\u00e9sidente Kamala Harris, le pr\u00e9sident Joe Biden et le secr\u00e9taire d'\u00c9tat Antony Blinken sont complices des crimes de guerre et du g\u00e9nocide d'Isra\u00ebl \u00e0 Gaza. \" width=\"1018\" height=\"666\" srcset=\"https:\/\/charleroi-pourlapalestine.be\/wp-content\/uploads\/2024\/10\/Elections-americaines.png 1018w, https:\/\/charleroi-pourlapalestine.be\/wp-content\/uploads\/2024\/10\/Elections-americaines-300x196.png 300w, https:\/\/charleroi-pourlapalestine.be\/wp-content\/uploads\/2024\/10\/Elections-americaines-768x502.png 768w\" sizes=\"auto, (max-width: 1018px) 100vw, 1018px\" \/><p id=\"caption-attachment-77977\" class=\"wp-caption-text\"><strong>La vice-pr\u00e9sidente Kamala Harris, le pr\u00e9sident Joe Biden et le secr\u00e9taire d&rsquo;\u00c9tat Antony Blinken sont complices des crimes de guerre et du g\u00e9nocide d&rsquo;Isra\u00ebl \u00e0 Gaza. (Photo : Al Drago Pool via CNP) La vice-pr\u00e9sidente Kamala Harris, le pr\u00e9sident Joe Biden et le secr\u00e9taire d&rsquo;\u00c9tat Antony Blinken sont complices des crimes de guerre et du g\u00e9nocide d&rsquo;Isra\u00ebl \u00e0 Gaza.<\/strong> (Photo : Al Drago Pool via CNP)<\/p><\/div>\n<p>&nbsp;<\/p>\n<p><strong>Michael F. Brown,<\/strong> 29 octobre 2024<\/p>\n<p>&nbsp;<\/p>\n<p>Ils d\u00e9crivent la situation dans un langage qui devrait \u00eatre alarmant, peut-\u00eatre m\u00eame pour une administration d\u00e9mocrate complice qui finance le carnage.<\/p>\n<blockquote>\n<p>\u00ab Gaza vit actuellement les moments les plus sombres du conflit \u00bb ; \u00ab toute la population du nord de Gaza risque la mort \u00bb ; \u00ab personne n&rsquo;est en s\u00e9curit\u00e9 \u00e0 Gaza \u00bb ; et \u00ab il s&rsquo;agit d&rsquo;une tentative en vue d&rsquo;effacer les Palestiniens de l&rsquo;histoire \u00bb.<\/p>\n<\/blockquote>\n<p>L&rsquo;historienne et analyste Assal Rad, qui a compil\u00e9 ces mises en garde, <a href=\"https:\/\/x.com\/AssalRad\/status\/1850360530730709105?ref_src=twsrc%5Etfw%7Ctwcamp%5Etweetembed%7Ctwterm%5E1850360530730709105%7Ctwgr%5E437f6f9ed237a5c6b94ae3b812afeaa006672a13%7Ctwcon%5Es1_&amp;ref_url=https%3A%2F%2Felectronicintifada.net%2Fblogs%2Fmichael-f-brown%2Fnetanyahu-allies-push-recolonize-gaza-us-election-nears\" target=\"_blank\" rel=\"noopener\">fait remarquer<\/a> :<\/p>\n<blockquote>\n<p>\u00ab Les agences de l&rsquo;ONU d\u00e9noncent en criant sur les toits les atrocit\u00e9s isra\u00e9liennes alors que les EU les ignorent. \u00bb<\/p>\n<\/blockquote>\n<p>En m\u00eame temps, d&rsquo;\u00e9minents hommes politiques isra\u00e9liens poussent en faveur d&rsquo;un retour des colons \u00e0 Gaza et ce, en violation des lois internationales.<\/p>\n<p>La semaine derni\u00e8re, un <a href=\"https:\/\/www.haaretz.com\/opinion\/editorial\/2024-10-22\/ty-article-opinion\/is-israel-really-implementing-a-plan-of-siege-and-starvation-in-gaza\/00000192-b5c7-d5f0-a1bf-f7e74e130000\" target=\"_blank\" rel=\"noopener\">\u00e9ditorial<\/a> du journal isra\u00e9lien Haaretz demandait si Isra\u00ebl<\/p>\n<blockquote>\n<p>\u00ab avait commenc\u00e9 \u00e0 appliquer le programme de si\u00e8ge et d&rsquo;affamement pr\u00f4n\u00e9 par le major-g\u00e9n\u00e9ral (r\u00e9serviste) Giora Eiland, souvent appel\u00e9 <em>&lsquo;le plan du g\u00e9n\u00e9ral&rsquo;<\/em> \u00bb.<\/p>\n<\/blockquote>\n<p>L&rsquo;\u00e9ditorial d&rsquo;ajouter :<\/p>\n<blockquote>\n<p>\u00ab Pour les membres du cabinet qui per\u00e7oivent la guerre comme une opportunit\u00e9 historique de retourner dans la bande de Gaza, le plan d&rsquo;Eiland constitue le plateau d&rsquo;argent sur lequel on servira la relance du peuplement juif dans l&rsquo;enclave \u00bb.<\/p>\n<\/blockquote>\n<p>Le Premier ministre isra\u00e9lien Benjamin Netanyahou a expliqu\u00e9 devant le Congr\u00e8s am\u00e9ricain en juillet dernier<\/p>\n<blockquote>\n<p>qu&rsquo;<em>\u00ab Isra\u00ebl ne cherche pas \u00e0 recoloniser Gaza \u00bb<\/em>.<\/p>\n<\/blockquote>\n<p>Mais son parti, le Likoud, soutient certainement ces peuplements et on peut s&rsquo;attendre \u00e0 ce que Netanyahou modifie la position qu&rsquo;il a affich\u00e9e \u00e0 propos des colonies \u00e0 Gaza, si sa coalition au pouvoir est en jeu.<\/p>\n<p>L&rsquo;histoire et les choix verbaux de Netanyahou <a href=\"https:\/\/x.com\/AbirKopty\/status\/1849191060406235202?ref_src=twsrc%5Etfw%7Ctwcamp%5Etweetembed%7Ctwterm%5E1849191060406235202%7Ctwgr%5E437f6f9ed237a5c6b94ae3b812afeaa006672a13%7Ctwcon%5Es1_&amp;ref_url=https%3A%2F%2Felectronicintifada.net%2Fblogs%2Fmichael-f-brown%2Fnetanyahu-allies-push-recolonize-gaza-us-election-nears\" target=\"_blank\" rel=\"noopener\">n&rsquo;excluent certainement pas la possibilit\u00e9 de le voir adh\u00e9rer \u00e0 la colonisation de Gaza<\/a>, que ce soit sous une administration Trump ou sous une administration Harris<\/p>\n<p>&nbsp;<\/p>\n<h3>La conf\u00e9rence des colonisateurs de Gaza<\/h3>\n<p>Pr\u00e8s de Gaza, plus t\u00f4t, ce mois-ci, l&rsquo;organisation Nachala et des membres du Likoud ont <a href=\"https:\/\/www.reuters.com\/world\/middle-east\/edge-gaza-israeli-settlers-want-back-2024-10-21\/\" target=\"_blank\" rel=\"noopener\">coordonn\u00e9<\/a> et accueilli une conf\u00e9rence de deux jours faisant la promotion du retour des colons isra\u00e9liens dans l&rsquo;enclave c\u00f4ti\u00e8re du territoire. L&rsquo;organisation envisage une <a href=\"https:\/\/x.com\/T_Nachala\" target=\"_blank\" rel=\"noopener\">importante extension d&rsquo;Isra\u00ebl.<\/a><\/p>\n<p>La directrice de Nachala, Daniella Weiss, a<a href=\"https:\/\/www.wsj.com\/world\/middle-east\/israels-once-fringe-movement-to-reoccupy-gaza-gains-momentum-9bcb6a28\"> fait savoir<\/a> que 700 familles s&rsquo;\u00e9taient inscrites pour la colonisation de Gaza.<\/p>\n<p>Itamar Ben-Gvir, le ministre isra\u00e9lien de la s\u00e9curit\u00e9 nationale et membre du parti Force juive qui fait partie de la coalition d&rsquo;extr\u00eame droite de Netanyahou, a d\u00e9clar\u00e9 :<\/p>\n<blockquote>\n<p>\u00ab Si nous le d\u00e9sirons, nous pouvons relancer les colonies \u00e0 Gaza. \u00bb<\/p>\n<\/blockquote>\n<p><a href=\"https:\/\/x.com\/itamarbengvir\/status\/1848358921146110355?ref_src=twsrc%5Etfw%7Ctwcamp%5Etweetembed%7Ctwterm%5E1848358921146110355%7Ctwgr%5E437f6f9ed237a5c6b94ae3b812afeaa006672a13%7Ctwcon%5Es1_&amp;ref_url=https%3A%2F%2Felectronicintifada.net%2Fblogs%2Fmichael-f-brown%2Fnetanyahu-allies-push-recolonize-gaza-us-election-nears\" target=\"_blank\" rel=\"noopener\">Il a d\u00e9crit<\/a> la recolonisation \u2013 Isra\u00ebl a quitt\u00e9 Gaza en 2005 apr\u00e8s avoir impos\u00e9 pendant pr\u00e8s de 40 ans des conditions d&rsquo;apartheid \u00e0 l&rsquo;int\u00e9rieur m\u00eame du bantoustan de Gaza \u2013 comme<\/p>\n<blockquote>\n<p>\u00ab la meilleure solution et la plus morale, non pas par la force, mais en leur disant : <em>&lsquo;Nous vous donnons le choix, allez-vous-en dans d&rsquo;autres pays, la terre d&rsquo;Isra\u00ebl est \u00e0 nous&rsquo;<\/em> \u00bb.<\/p>\n<\/blockquote>\n<p>Sa vision est une vision de nettoyage ethnique et de prolongement de la Nakba, lorsque quelque 800 000 Palestiniens avaient \u00e9t\u00e9 expuls\u00e9s de force par les milices sionistes et l&rsquo;arm\u00e9e isra\u00e9lienne. Nombre de ces r\u00e9fugi\u00e9s s&rsquo;\u00e9taient retrouv\u00e9s \u00e0 Gaza et leurs descendants sont de nouveau en train de se faire tuer et expulser.<\/p>\n<p>Le ministre des Finances Bezalel Smotrich, un <a href=\"https:\/\/www.timesofisrael.com\/lawmaker-backs-segregated-jewish-arab-maternity-wards\/\" target=\"_blank\" rel=\"noopener\">s\u00e9gr\u00e9gationniste<\/a> qui dirige le parti du Sionisme religieux, <a href=\"https:\/\/x.com\/bezalelsm\/status\/1848382140594925712\" target=\"_blank\" rel=\"noopener\">s&rsquo;est adress\u00e9<\/a> \u00e0 la foule mass\u00e9e et bien d\u00e9cid\u00e9e \u00e0 voler la terre palestinienne \u00e0 Gaza. Il a affirm\u00e9 que les colons isra\u00e9liens allaient<\/p>\n<blockquote>\n<p>\u00ab faire prosp\u00e9rer Gaza parce que c&rsquo;est notre terre \u00bb.<\/p>\n<\/blockquote>\n<p>Un peu avant la conf\u00e9rence, Smotrich avait <a href=\"https:\/\/x.com\/bezalelsm\/status\/1848307905897849094\" target=\"_blank\" rel=\"noopener\">tweet\u00e9<\/a> que celle-ci<\/p>\n<blockquote>\n<p>\u00ab \u00e9tait destin\u00e9e \u00e0 exprimer l&rsquo;ambition de tenter d&rsquo;\u00e9tablir une colonie juive, sioniste et pionni\u00e8re dans la bande de Gaza \u00bb.<\/p>\n<\/blockquote>\n<p>Et d&rsquo;ajouter :<\/p>\n<blockquote>\n<p>\u00ab Pour \u00eatre honn\u00eate, il est tout \u00e0 fait clair \u00e0 mes yeux qu&rsquo;il y aura une colonie juive dans la bande de Gaza (&#8230;) Il sera n\u00e9cessaire de r\u00e9occuper Gaza, comme nos combattants et commandants h\u00e9ro\u00efques le font depuis l&rsquo;an dernier. \u00bb<\/p>\n<\/blockquote>\n<p>Et de conclure en affirmant que lui et ses alli\u00e9s<\/p>\n<blockquote>\n<p>\u00ab allaient poursuivre le repeuplement du pays dans toute son \u00e9tendue, parce que c&rsquo;est notre pays et que nous n&rsquo;en avons pas d&rsquo;autre \u00bb.<\/p>\n<\/blockquote>\n<p>Smotrich envisage un pays qui comprend non seulement la Cisjordanie occup\u00e9e et Gaza, mais <a href=\"https:\/\/www.msn.com\/en-us\/news\/other\/what-is-the-greater-israel-movement\/ar-AA1svYFF\" target=\"_blank\" rel=\"noopener\">qui s&rsquo;\u00e9tend<\/a> sur<a href=\"https:\/\/x.com\/AJEnglish\/status\/1638243716707020810?ref_src=twsrc%5Etfw%7Ctwcamp%5Etweetembed%7Ctwterm%5E1638243716707020810%7Ctwgr%5E437f6f9ed237a5c6b94ae3b812afeaa006672a13%7Ctwcon%5Es1_&amp;ref_url=https%3A%2F%2Felectronicintifada.net%2Fblogs%2Fmichael-f-brown%2Fnetanyahu-allies-push-recolonize-gaza-us-election-nears\" target=\"_blank\" rel=\"noopener\"> la Jordanie, la Syrie, l&rsquo;\u00c9gypte, le Liban, l&rsquo;Arabie saoudite et l&rsquo;Irak.<\/a><\/p>\n<p>Mes coll\u00e8gues de <em>The Electronic Intifada<\/em> en <a href=\"https:\/\/www.youtube.com\/watch?v=cor7VqVAtxE\" target=\"_blank\" rel=\"noopener\">ont discut\u00e9<\/a> mercredi dernier et ont conclu que la r\u00e9sistance militaire palestinienne rend tr\u00e8s improbable le moindre retour de colons \u00e0 Gaza.<\/p>\n<p>Bien que, comme l&rsquo;a fait remarquer Ali Abunimah, Isra\u00ebl ait franchi toutes les lignes rouges dispos\u00e9es de fa\u00e7on si tentatrice par l&rsquo;administration Biden.<\/p>\n<p>&nbsp;<\/p>\n<h3>Un discours creux<\/h3>\n<p>Vedant Patel, porte-parole adjoint du d\u00e9partement d&rsquo;\u00c9tat, \u00e0 <a href=\"https:\/\/www.state.gov\/briefings\/department-press-briefing-october-22-2024\/#post-593468-ISPALLEB1\" target=\"_blank\" rel=\"noopener\">r\u00e9pondu<\/a> \u00e0 un journaliste la semaine derni\u00e8re que<\/p>\n<blockquote>\n<p>\u00ab le discours auquel vous faites allusion \u00e0 propos du repeuplement de Gaza, quelle que soit la fa\u00e7on de l&rsquo;exprimer, est certainement le genre de discours que nous rejetons sans \u00e9quivoque \u00bb.<\/p>\n<\/blockquote>\n<p>Patel a ajout\u00e9 que le secr\u00e9taire d&rsquo;\u00c9tat Antony Blinken s&rsquo;oppose <em>\u00ab \u00e0 toute r\u00e9duction territoriale \u00e0 Gaza \u00bb<\/em> et que les EU ne <em>\u00ab veulent pas assister \u00e0 la moindre r\u00e9occupation de Gaza apr\u00e8s la fin de la pr\u00e9sente crise \u00bb.<\/em> Au lieu de cela, les EU cherchent une \u00ab paix durable \u00bb.<\/p>\n<p>Apr\u00e8s plus d&rsquo;un an de g\u00e9nocide, toutefois, il s&rsquo;av\u00e8re que les EU confondent une<em> \u00ab paix durable \u00bb<\/em> et un peuple \u00e9cras\u00e9. Incluant <em>\u00ab les voix du peuple palestinien, leurs aspirations \u00bb<\/em> \u00e0 <em>\u00ab une gouvernance d&rsquo;apr\u00e8s crise \u00e0 Gaza \u00bb<\/em> ne sont gu\u00e8re plus que des \u00e9l\u00e9ments d&rsquo;un discours creux, apr\u00e8s que les EU ont financ\u00e9 la destruction du territoire occup\u00e9.<\/p>\n<p>Politiquement, un retour aux peuplements coloniaux \u00e0 Gaza galvaniserait probablement les manifestants \u00e9tudiants et engendrerait peut-\u00eatre des condamnations mitig\u00e9es de la part de certains hommes politiques am\u00e9ricains peu d\u00e9sireux d&rsquo;\u00eatre mis en pr\u00e9sence d&rsquo;autres crimes de guerre isra\u00e9liens.<\/p>\n<p>Mais Netanyahou peut h\u00e9siter parce qu&rsquo;une relance de l&rsquo;activit\u00e9 de peuplement serait un rappel en temps r\u00e9el du vol par Isra\u00ebl des terres palestiniennes lors de la Nakba de 1948 et de l&rsquo;occupation et la colonisation, apr\u00e8s 1967, de la Cisjordanie, J\u00e9rusalem-Est y compris.<\/p>\n<p>Recoloniser Gaza am\u00e8nerait tout analyste avis\u00e9 \u2013 une esp\u00e8ce en voie de disparition dans la plupart des m\u00e9dias traditionnels occidentaux o\u00f9 des termes comme apartheid et d\u00e9possession ne sont g\u00e9n\u00e9ralement pas utilis\u00e9s \u2013 \u00e0 commenter la fa\u00e7on dont Isra\u00ebl avait fait pour ainsi dire pareil pr\u00e9c\u00e9demment, et \u00e0 remettre en question, et \u00e0 juste titre, la l\u00e9gitimit\u00e9 de ces d\u00e9possessions ant\u00e9rieures.<\/p>\n<p>Netanyahou, toutefois, est si d\u00e9sireux de retarder une enqu\u00eate sur le 7 octobre qu&rsquo;il pourrait c\u00e9der du terrain au mouvement isra\u00e9lien du peuplement et \u00e0 ses repr\u00e9sentants \u00e0 la Knesset afin de maintenir la coh\u00e9sion de son gouvernement. Il d\u00e9ciderait sans doute qu&rsquo;il conviendrait de m\u00e9nager toute col\u00e8re de la part de l&rsquo;Occident, sp\u00e9cialement du c\u00f4t\u00e9 de la direction du Parti d\u00e9mocrate qui s&rsquo;est av\u00e9r\u00e9e \u00e0 la fois inepte et complice du g\u00e9nocide de Gaza.<\/p>\n<p><a href=\"https:\/\/www.washingtonpost.com\/world\/2024\/10\/22\/blinken-israel-netanyahu-gaza-aid\/\" target=\"_blank\" rel=\"noopener\">Selon<\/a> un haut fonctionnaire du d\u00e9partement d&rsquo;\u00c9tat am\u00e9ricain rest\u00e9 anonyme et qui s&rsquo;est adress\u00e9 r\u00e9cemment au Washington Post,<\/p>\n<blockquote>\n<p>\u00ab les responsables am\u00e9ricains ont dit \u00e0 Netanyahou qu&rsquo;on a le <em>sentiment&rsquo;<\/em> qu&rsquo;Isra\u00ebl poursuit une &lsquo;strat\u00e9gie d&rsquo;isolement du nord en disant aux gens que s&rsquo;ils ne s&rsquo;en vont pas, ils constitueront effectivement des cibles et on refusera toute entr\u00e9e de nourriture \u00bb.<\/p>\n<\/blockquote>\n<p>Netanyahou et son ministre des Affaires strat\u00e9giques Ron Dermer <a href=\"https:\/\/x.com\/DropSiteNews\/status\/1849561859050856914?ref_src=twsrc%5Etfw%7Ctwcamp%5Etweetembed%7Ctwterm%5E1849561859050856914%7Ctwgr%5E437f6f9ed237a5c6b94ae3b812afeaa006672a13%7Ctwcon%5Es1_&amp;ref_url=https%3A%2F%2Felectronicintifada.net%2Fblogs%2Fmichael-f-brown%2Fnetanyahu-allies-push-recolonize-gaza-us-election-nears\" target=\"_blank\" rel=\"noopener\">ont ni\u00e9<\/a> que c&rsquo;\u00e9tait l\u00e0 la politique isra\u00e9lienne, en d\u00e9pit des \u00e9normes preuves du contraire. Quand les responsables am\u00e9ricains ont ensuite demand\u00e9 \u00e0 Netanyahou de s&rsquo;exprimer plus clairement,<\/p>\n<blockquote>\n<p>\u00ab les Isra\u00e9liens ont refus\u00e9 de prendre un tel engagement \u00bb.<\/p>\n<\/blockquote>\n<p>Blinken, qui est totalement complice des crimes et guerre et du g\u00e9nocide, a carr\u00e9ment laiss\u00e9 entendre aux journalistes qu&rsquo;il acceptait la parole de Netanyahou concernant cette question.<\/p>\n<p>Ce n&rsquo;est pas simplement une question de na\u00efvet\u00e9. C&rsquo;est \u00e0 cela que ressemblent la complicit\u00e9, un manque de r\u00e9f\u00e9rence morale et une absence totale de courage au cours d&rsquo;une campagne politique.<\/p>\n<p>Cette complicit\u00e9 d\u00e9truit, \u00e0 juste titre, des \u00e9l\u00e9ments cl\u00e9s de la coalition d\u00e9mocrate et cr\u00e9e un climat dans lequel la candidate d\u00e9mocrate \u00e0 la pr\u00e9sidence, Kamala Harris, est plus heureuse de <a href=\"https:\/\/x.com\/DrJillStein\/status\/1845603150541037867\" target=\"_blank\" rel=\"noopener\">se pr\u00e9lasser dans le clinquant des crimes de guerre<\/a> de la famille Cheney que de modifier sa trajectoire comme le lui demandent instamment depuis des mois les \u00e9lecteurs oppos\u00e9s au g\u00e9nocide.<\/p>\n<p>En tant qu&rsquo;organisation des droits humains install\u00e9e \u00e0 Gaza, ; <a href=\"https:\/\/x.com\/AlMezanCenter\/status\/1848648811440124336?ref_src=twsrc%5Etfw%7Ctwcamp%5Etweetembed%7Ctwterm%5E1848648811440124336%7Ctwgr%5E437f6f9ed237a5c6b94ae3b812afeaa006672a13%7Ctwcon%5Es1_&amp;ref_url=https%3A%2F%2Felectronicintifada.net%2Fblogs%2Fmichael-f-brown%2Fnetanyahu-allies-push-recolonize-gaza-us-election-nears\" target=\"_blank\" rel=\"noopener\">Al Mezan faisait remarquer<\/a> r\u00e9cemment :<\/p>\n<blockquote>\n<p>\u00ab Jabaliya, le plus grand camp de r\u00e9fugi\u00e9s de Gaza, a \u00e9t\u00e9 cr\u00e9\u00e9 en 1948 par des Palestiniens d\u00e9racin\u00e9s de leurs foyers par la violence des milices sionistes (qui allaient devenir plus tard l&rsquo;arm\u00e9e isra\u00e9lienne). Aujourd&rsquo;hui, Isra\u00ebl chasse une nouvelle fois de force ces r\u00e9fugi\u00e9s et leurs descendants, sous la menace d&rsquo;une \u00e9limination physique en recourant \u00e0 la violence g\u00e9nocidaire et \u00e0 l&rsquo;affamement. Qu&rsquo;on mette un terme \u00e0 la Nakba en cours. Qu&rsquo;on mette un terme au g\u00e9nocide. \u00bb<\/p>\n<\/blockquote>\n<p>Il n&rsquo;y a pas de preuve qu&rsquo;une administration Harris ou Trump prendrait la moindre mesure effective pour contrer la brutalit\u00e9 isra\u00e9lienne en cours.<\/p>\n<p>Apr\u00e8s une ann\u00e9e de g\u00e9nocide, l&rsquo;administration Biden esp\u00e8re que les \u00e9lecteurs oppos\u00e9s au g\u00e9nocide accepteront la possibilit\u00e9 que l&rsquo;administration reconsid\u00e8re son soutien militaire quelques jours apr\u00e8s les \u00e9lections si les conditions humanitaires \u00e0 Gaza ne s&rsquo;am\u00e9liorent pas.<\/p>\n<p>Blinken et le secr\u00e9taire \u00e0 la D\u00e9fense Lloyd J. Austin III affirmaient dans une<a href=\"https:\/\/www.propublica.org\/article\/israel-gaza-humanitarian-aid-blinken-pentagon-warning-letter\" target=\"_blank\" rel=\"noopener\"> lettre du 13 octobre<\/a> adress\u00e9e au ministre isra\u00e9lien de la d\u00e9fense Yoav Gallant ainsi qu&rsquo;\u00e0 Ron Dermer qu&rsquo;ils leur \u00e9crivaient afin de<\/p>\n<blockquote>\n<p>\u00ab souligner la profonde inqui\u00e9tude du gouvernement am\u00e9ricain \u00e0 propos de la d\u00e9t\u00e9rioration de la situation humanitaire \u00e0 Gaza, et de chercher de renverser cette trajectoire ce mois-ci encore via des actions urgentes et durables de la part de votre gouvernement \u00bb.<\/p>\n<\/blockquote>\n<p>\u00c0 propos de la<a href=\"https:\/\/www.axios.com\/2024\/10\/15\/us-israel-gaza-humanitarian-conditions-military-aid-letter\" target=\"_blank\" rel=\"noopener\"> fourniture d&rsquo;armes<\/a>, la lettre <a href=\"https:\/\/x.com\/BarakRavid\/status\/1846182689222664471\" target=\"_blank\" rel=\"noopener\">dit simplement<\/a> ceci :<\/p>\n<blockquote>\n<p>\u00ab L&rsquo;incapacit\u00e9 \u00e0 faire preuve d&rsquo;un engagement soutenu \u00e0 appliquer et maintenir ces mesures peut avoir des implications pour la politique am\u00e9ricaine telle que d\u00e9finie par le NMS-20 [M\u00e9morandum de la s\u00e9curit\u00e9 nationale &#8211; 20] et la l\u00e9gislation am\u00e9ricaine s&rsquo;y rapportant \u00bb.<\/p>\n<\/blockquote>\n<p>En d&rsquo;autres termes, m\u00eame si les choses ne s&rsquo;am\u00e9liorent pas, il pourrait y avoir ou ne pas y avoir des cons\u00e9quences.<\/p>\n<p>Pr\u00e9c\u00e9demment, Blinken <a href=\"https:\/\/www.motherjones.com\/politics\/2024\/09\/israel-blocked-huminitarian-aid-gaza-palestine-biden-anthony-blinken\/\" target=\"_blank\" rel=\"noopener\">avait d\u00e9j\u00e0 ignor\u00e9 les lois am\u00e9ricaines<\/a> portant sur l&rsquo;aide humanitaire de sorte que ce langage faible et flexible ne constitue gu\u00e8re une surprise.<\/p>\n<p>Le fait que le secr\u00e9taire d&rsquo;\u00c9tat Blinken, le pr\u00e9sident Biden et la vice-pr\u00e9sidente Harris ne devront presque certainement compara\u00eetre devant la Cour p\u00e9nale internationale pour y \u00eatre confront\u00e9s aux cons\u00e9quences d&rsquo;avoir arm\u00e9 un g\u00e9nocide est l&rsquo;une des plus grandes injustices de ce d\u00e9but de 21e si\u00e8cle. Leur d\u00e9termination \u00e0 reconfigurer le Moyen-Orient via des crimes de guerre rappelle la fa\u00e7on d&rsquo;agir du Parti r\u00e9publicain en 2003.<\/p>\n<p>Au lendemain de leur mandat, le Parti d\u00e9mocrate va devoir \u00eatre <em>\u00ab d\u00e9g\u00e9nocid\u00e9 \u00bb<\/em> si certains \u00e9lecteurs sont dispos\u00e9s \u00e0 y retourner un jour. Et d&rsquo;autres pourraient ne jamais retourner \u00e0 aucun des partis majeurs qui soutiennent et le g\u00e9nocide et l&rsquo;apartheid.<\/p>\n<p>Le g\u00e9nocide est tout simplement une<a href=\"https:\/\/x.com\/gazamom\/status\/1849907000647483538\" target=\"_blank\" rel=\"noopener\"> ligne rouge<\/a>.<\/p>\n<p>&nbsp;<\/p>\n<p style=\"text-align: center;\">*****<\/p>\n<p>Publi\u00e9 le 29 octobre 2024 sur <a href=\"https:\/\/electronicintifada.net\/blogs\/michael-f-brown\/netanyahu-allies-push-recolonize-gaza-us-election-nears\" target=\"_blank\" rel=\"noopener\">The Electronic Intifada<\/a><br>Traduction : Jean-Marie Fl\u00e9mal, <a href=\"https:\/\/charleroi-pourlapalestine.be\/\">Charleroi pour la Palestine<\/a><\/p>\n\n\n<p><\/p>\n","protected":false},"excerpt":{"rendered":"<p>L&rsquo;histoire et les choix verbaux de Netanyahou n&rsquo;excluent certainement pas la possibilit\u00e9 de le voir adh\u00e9rer \u00e0 la colonisation de Gaza, que ce soit sous une administration Trump ou sous une administration Harris. <\/p>\n","protected":false},"author":1,"featured_media":77977,"comment_status":"closed","ping_status":"closed","sticky":false,"template":"","format":"standard","meta":{"ngg_post_thumbnail":0,"footnotes":""},"categories":[817,52,6,20,45],"tags":[],"class_list":["post-77975","post","type-post","status-publish","format-standard","has-post-thumbnail","hentry","category-colonialisme-de-peuplement","category-la-cour-penale-internationale","category-gaza","category-la-nakba","category-le-nettoyage-ethique"],"yoast_head":"<!-- This site is optimized with the Yoast SEO plugin v27.3 - https:\/\/yoast.com\/product\/yoast-seo-wordpress\/ -->\n<title>\u00c0 l&#039;approche des \u00e9lections am\u00e9ricaines, les alli\u00e9s de Netanyahou poussent \u00e0 la recolonisation de Gaza<\/title>\n<meta name=\"description\" content=\"L&#039;histoire et les choix verbaux de Netanyahou n&#039;excluent certainement pas la possibilit\u00e9 de le voir adh\u00e9rer \u00e0 la colonisation de Gaza, que ce soit sous une administration Trump ou sous une administration Harris.\" \/>\n<meta name=\"robots\" content=\"index, follow, max-snippet:-1, max-image-preview:large, max-video-preview:-1\" \/>\n<link rel=\"canonical\" href=\"https:\/\/charleroi-pourlapalestine.be\/index.php\/2024\/11\/01\/a-lapproche-des-elections-americaines-les-allies-de-netanyahou-poussent-a-la-recolonisation-de-gaza\/\" \/>\n<script type=\"application\/ld+json\" class=\"yoast-schema-graph\">{\"@context\":\"https:\\\/\\\/schema.org\",\"@graph\":[{\"@type\":\"Article\",\"@id\":\"https:\\\/\\\/charleroi-pourlapalestine.be\\\/index.php\\\/2024\\\/11\\\/01\\\/a-lapproche-des-elections-americaines-les-allies-de-netanyahou-poussent-a-la-recolonisation-de-gaza\\\/#article\",\"isPartOf\":{\"@id\":\"https:\\\/\\\/charleroi-pourlapalestine.be\\\/index.php\\\/2024\\\/11\\\/01\\\/a-lapproche-des-elections-americaines-les-allies-de-netanyahou-poussent-a-la-recolonisation-de-gaza\\\/\"},\"author\":{\"name\":\"admin1873\",\"@id\":\"https:\\\/\\\/charleroi-pourlapalestine.be\\\/#\\\/schema\\\/person\\\/c19ff515112f1299d8c12671d8fe3faa\"},\"headline\":\"\u00c0 l&rsquo;approche des \u00e9lections am\u00e9ricaines, les alli\u00e9s de Netanyahou poussent \u00e0 la recolonisation de Gaza\",\"datePublished\":\"2024-11-01T13:02:34+00:00\",\"dateModified\":\"2024-11-01T13:02:37+00:00\",\"mainEntityOfPage\":{\"@id\":\"https:\\\/\\\/charleroi-pourlapalestine.be\\\/index.php\\\/2024\\\/11\\\/01\\\/a-lapproche-des-elections-americaines-les-allies-de-netanyahou-poussent-a-la-recolonisation-de-gaza\\\/\"},\"wordCount\":2190,\"publisher\":{\"@id\":\"https:\\\/\\\/charleroi-pourlapalestine.be\\\/#organization\"},\"image\":{\"@id\":\"https:\\\/\\\/charleroi-pourlapalestine.be\\\/index.php\\\/2024\\\/11\\\/01\\\/a-lapproche-des-elections-americaines-les-allies-de-netanyahou-poussent-a-la-recolonisation-de-gaza\\\/#primaryimage\"},\"thumbnailUrl\":\"https:\\\/\\\/charleroi-pourlapalestine.be\\\/wp-content\\\/uploads\\\/2024\\\/10\\\/Elections-americaines.png\",\"articleSection\":[\"colonialisme de peuplement\",\"Etats-Unis\",\"Gaza\",\"Nakba\",\"Nettoyage ethnique\"],\"inLanguage\":\"fr-FR\"},{\"@type\":\"WebPage\",\"@id\":\"https:\\\/\\\/charleroi-pourlapalestine.be\\\/index.php\\\/2024\\\/11\\\/01\\\/a-lapproche-des-elections-americaines-les-allies-de-netanyahou-poussent-a-la-recolonisation-de-gaza\\\/\",\"url\":\"https:\\\/\\\/charleroi-pourlapalestine.be\\\/index.php\\\/2024\\\/11\\\/01\\\/a-lapproche-des-elections-americaines-les-allies-de-netanyahou-poussent-a-la-recolonisation-de-gaza\\\/\",\"name\":\"\u00c0 l'approche des \u00e9lections am\u00e9ricaines, les alli\u00e9s de Netanyahou poussent \u00e0 la recolonisation de Gaza\",\"isPartOf\":{\"@id\":\"https:\\\/\\\/charleroi-pourlapalestine.be\\\/#website\"},\"primaryImageOfPage\":{\"@id\":\"https:\\\/\\\/charleroi-pourlapalestine.be\\\/index.php\\\/2024\\\/11\\\/01\\\/a-lapproche-des-elections-americaines-les-allies-de-netanyahou-poussent-a-la-recolonisation-de-gaza\\\/#primaryimage\"},\"image\":{\"@id\":\"https:\\\/\\\/charleroi-pourlapalestine.be\\\/index.php\\\/2024\\\/11\\\/01\\\/a-lapproche-des-elections-americaines-les-allies-de-netanyahou-poussent-a-la-recolonisation-de-gaza\\\/#primaryimage\"},\"thumbnailUrl\":\"https:\\\/\\\/charleroi-pourlapalestine.be\\\/wp-content\\\/uploads\\\/2024\\\/10\\\/Elections-americaines.png\",\"datePublished\":\"2024-11-01T13:02:34+00:00\",\"dateModified\":\"2024-11-01T13:02:37+00:00\",\"description\":\"L'histoire et les choix verbaux de Netanyahou n'excluent certainement pas la possibilit\u00e9 de le voir adh\u00e9rer \u00e0 la colonisation de Gaza, que ce soit sous une administration Trump ou sous une administration Harris.\",\"breadcrumb\":{\"@id\":\"https:\\\/\\\/charleroi-pourlapalestine.be\\\/index.php\\\/2024\\\/11\\\/01\\\/a-lapproche-des-elections-americaines-les-allies-de-netanyahou-poussent-a-la-recolonisation-de-gaza\\\/#breadcrumb\"},\"inLanguage\":\"fr-FR\",\"potentialAction\":[{\"@type\":\"ReadAction\",\"target\":[\"https:\\\/\\\/charleroi-pourlapalestine.be\\\/index.php\\\/2024\\\/11\\\/01\\\/a-lapproche-des-elections-americaines-les-allies-de-netanyahou-poussent-a-la-recolonisation-de-gaza\\\/\"]}]},{\"@type\":\"ImageObject\",\"inLanguage\":\"fr-FR\",\"@id\":\"https:\\\/\\\/charleroi-pourlapalestine.be\\\/index.php\\\/2024\\\/11\\\/01\\\/a-lapproche-des-elections-americaines-les-allies-de-netanyahou-poussent-a-la-recolonisation-de-gaza\\\/#primaryimage\",\"url\":\"https:\\\/\\\/charleroi-pourlapalestine.be\\\/wp-content\\\/uploads\\\/2024\\\/10\\\/Elections-americaines.png\",\"contentUrl\":\"https:\\\/\\\/charleroi-pourlapalestine.be\\\/wp-content\\\/uploads\\\/2024\\\/10\\\/Elections-americaines.png\",\"width\":1018,\"height\":666},{\"@type\":\"BreadcrumbList\",\"@id\":\"https:\\\/\\\/charleroi-pourlapalestine.be\\\/index.php\\\/2024\\\/11\\\/01\\\/a-lapproche-des-elections-americaines-les-allies-de-netanyahou-poussent-a-la-recolonisation-de-gaza\\\/#breadcrumb\",\"itemListElement\":[{\"@type\":\"ListItem\",\"position\":1,\"name\":\"Accueil\",\"item\":\"https:\\\/\\\/charleroi-pourlapalestine.be\\\/\"},{\"@type\":\"ListItem\",\"position\":2,\"name\":\"\u00c0 l&#8217;approche des \u00e9lections am\u00e9ricaines, les alli\u00e9s de Netanyahou poussent \u00e0 la recolonisation de Gaza\"}]},{\"@type\":\"WebSite\",\"@id\":\"https:\\\/\\\/charleroi-pourlapalestine.be\\\/#website\",\"url\":\"https:\\\/\\\/charleroi-pourlapalestine.be\\\/\",\"name\":\"Charleroi Pour la Palestine\",\"description\":\"\",\"publisher\":{\"@id\":\"https:\\\/\\\/charleroi-pourlapalestine.be\\\/#organization\"},\"potentialAction\":[{\"@type\":\"SearchAction\",\"target\":{\"@type\":\"EntryPoint\",\"urlTemplate\":\"https:\\\/\\\/charleroi-pourlapalestine.be\\\/?s={search_term_string}\"},\"query-input\":{\"@type\":\"PropertyValueSpecification\",\"valueRequired\":true,\"valueName\":\"search_term_string\"}}],\"inLanguage\":\"fr-FR\"},{\"@type\":\"Organization\",\"@id\":\"https:\\\/\\\/charleroi-pourlapalestine.be\\\/#organization\",\"name\":\"Plate-forme Charleroi-Palestine\",\"url\":\"https:\\\/\\\/charleroi-pourlapalestine.be\\\/\",\"logo\":{\"@type\":\"ImageObject\",\"inLanguage\":\"fr-FR\",\"@id\":\"https:\\\/\\\/charleroi-pourlapalestine.be\\\/#\\\/schema\\\/logo\\\/image\\\/\",\"url\":\"https:\\\/\\\/charleroi-pourlapalestine.be\\\/wp-content\\\/uploads\\\/2020\\\/01\\\/logo-Copy.jpg\",\"contentUrl\":\"https:\\\/\\\/charleroi-pourlapalestine.be\\\/wp-content\\\/uploads\\\/2020\\\/01\\\/logo-Copy.jpg\",\"width\":180,\"height\":180,\"caption\":\"Plate-forme Charleroi-Palestine\"},\"image\":{\"@id\":\"https:\\\/\\\/charleroi-pourlapalestine.be\\\/#\\\/schema\\\/logo\\\/image\\\/\"},\"sameAs\":[\"https:\\\/\\\/www.facebook.com\\\/PlateformeCharleroiPalestine\\\/\",\"https:\\\/\\\/x.com\\\/LaCharleroi\"]},{\"@type\":\"Person\",\"@id\":\"https:\\\/\\\/charleroi-pourlapalestine.be\\\/#\\\/schema\\\/person\\\/c19ff515112f1299d8c12671d8fe3faa\",\"name\":\"admin1873\",\"url\":\"https:\\\/\\\/charleroi-pourlapalestine.be\\\/index.php\\\/author\\\/admin1873\\\/\"}]}<\/script>\n<!-- \/ Yoast SEO plugin. -->","yoast_head_json":{"title":"\u00c0 l'approche des \u00e9lections am\u00e9ricaines, les alli\u00e9s de Netanyahou poussent \u00e0 la recolonisation de Gaza","description":"L'histoire et les choix verbaux de Netanyahou n'excluent certainement pas la possibilit\u00e9 de le voir adh\u00e9rer \u00e0 la colonisation de Gaza, que ce soit sous une administration Trump ou sous une administration Harris.","robots":{"index":"index","follow":"follow","max-snippet":"max-snippet:-1","max-image-preview":"max-image-preview:large","max-video-preview":"max-video-preview:-1"},"canonical":"https:\/\/charleroi-pourlapalestine.be\/index.php\/2024\/11\/01\/a-lapproche-des-elections-americaines-les-allies-de-netanyahou-poussent-a-la-recolonisation-de-gaza\/","schema":{"@context":"https:\/\/schema.org","@graph":[{"@type":"Article","@id":"https:\/\/charleroi-pourlapalestine.be\/index.php\/2024\/11\/01\/a-lapproche-des-elections-americaines-les-allies-de-netanyahou-poussent-a-la-recolonisation-de-gaza\/#article","isPartOf":{"@id":"https:\/\/charleroi-pourlapalestine.be\/index.php\/2024\/11\/01\/a-lapproche-des-elections-americaines-les-allies-de-netanyahou-poussent-a-la-recolonisation-de-gaza\/"},"author":{"name":"admin1873","@id":"https:\/\/charleroi-pourlapalestine.be\/#\/schema\/person\/c19ff515112f1299d8c12671d8fe3faa"},"headline":"\u00c0 l&rsquo;approche des \u00e9lections am\u00e9ricaines, les alli\u00e9s de Netanyahou poussent \u00e0 la recolonisation de Gaza","datePublished":"2024-11-01T13:02:34+00:00","dateModified":"2024-11-01T13:02:37+00:00","mainEntityOfPage":{"@id":"https:\/\/charleroi-pourlapalestine.be\/index.php\/2024\/11\/01\/a-lapproche-des-elections-americaines-les-allies-de-netanyahou-poussent-a-la-recolonisation-de-gaza\/"},"wordCount":2190,"publisher":{"@id":"https:\/\/charleroi-pourlapalestine.be\/#organization"},"image":{"@id":"https:\/\/charleroi-pourlapalestine.be\/index.php\/2024\/11\/01\/a-lapproche-des-elections-americaines-les-allies-de-netanyahou-poussent-a-la-recolonisation-de-gaza\/#primaryimage"},"thumbnailUrl":"https:\/\/charleroi-pourlapalestine.be\/wp-content\/uploads\/2024\/10\/Elections-americaines.png","articleSection":["colonialisme de peuplement","Etats-Unis","Gaza","Nakba","Nettoyage ethnique"],"inLanguage":"fr-FR"},{"@type":"WebPage","@id":"https:\/\/charleroi-pourlapalestine.be\/index.php\/2024\/11\/01\/a-lapproche-des-elections-americaines-les-allies-de-netanyahou-poussent-a-la-recolonisation-de-gaza\/","url":"https:\/\/charleroi-pourlapalestine.be\/index.php\/2024\/11\/01\/a-lapproche-des-elections-americaines-les-allies-de-netanyahou-poussent-a-la-recolonisation-de-gaza\/","name":"\u00c0 l'approche des \u00e9lections am\u00e9ricaines, les alli\u00e9s de Netanyahou poussent \u00e0 la recolonisation de Gaza","isPartOf":{"@id":"https:\/\/charleroi-pourlapalestine.be\/#website"},"primaryImageOfPage":{"@id":"https:\/\/charleroi-pourlapalestine.be\/index.php\/2024\/11\/01\/a-lapproche-des-elections-americaines-les-allies-de-netanyahou-poussent-a-la-recolonisation-de-gaza\/#primaryimage"},"image":{"@id":"https:\/\/charleroi-pourlapalestine.be\/index.php\/2024\/11\/01\/a-lapproche-des-elections-americaines-les-allies-de-netanyahou-poussent-a-la-recolonisation-de-gaza\/#primaryimage"},"thumbnailUrl":"https:\/\/charleroi-pourlapalestine.be\/wp-content\/uploads\/2024\/10\/Elections-americaines.png","datePublished":"2024-11-01T13:02:34+00:00","dateModified":"2024-11-01T13:02:37+00:00","description":"L'histoire et les choix verbaux de Netanyahou n'excluent certainement pas la possibilit\u00e9 de le voir adh\u00e9rer \u00e0 la colonisation de Gaza, que ce soit sous une administration Trump ou sous une administration Harris.","breadcrumb":{"@id":"https:\/\/charleroi-pourlapalestine.be\/index.php\/2024\/11\/01\/a-lapproche-des-elections-americaines-les-allies-de-netanyahou-poussent-a-la-recolonisation-de-gaza\/#breadcrumb"},"inLanguage":"fr-FR","potentialAction":[{"@type":"ReadAction","target":["https:\/\/charleroi-pourlapalestine.be\/index.php\/2024\/11\/01\/a-lapproche-des-elections-americaines-les-allies-de-netanyahou-poussent-a-la-recolonisation-de-gaza\/"]}]},{"@type":"ImageObject","inLanguage":"fr-FR","@id":"https:\/\/charleroi-pourlapalestine.be\/index.php\/2024\/11\/01\/a-lapproche-des-elections-americaines-les-allies-de-netanyahou-poussent-a-la-recolonisation-de-gaza\/#primaryimage","url":"https:\/\/charleroi-pourlapalestine.be\/wp-content\/uploads\/2024\/10\/Elections-americaines.png","contentUrl":"https:\/\/charleroi-pourlapalestine.be\/wp-content\/uploads\/2024\/10\/Elections-americaines.png","width":1018,"height":666},{"@type":"BreadcrumbList","@id":"https:\/\/charleroi-pourlapalestine.be\/index.php\/2024\/11\/01\/a-lapproche-des-elections-americaines-les-allies-de-netanyahou-poussent-a-la-recolonisation-de-gaza\/#breadcrumb","itemListElement":[{"@type":"ListItem","position":1,"name":"Accueil","item":"https:\/\/charleroi-pourlapalestine.be\/"},{"@type":"ListItem","position":2,"name":"\u00c0 l&#8217;approche des \u00e9lections am\u00e9ricaines, les alli\u00e9s de Netanyahou poussent \u00e0 la recolonisation de Gaza"}]},{"@type":"WebSite","@id":"https:\/\/charleroi-pourlapalestine.be\/#website","url":"https:\/\/charleroi-pourlapalestine.be\/","name":"Charleroi Pour la Palestine","description":"","publisher":{"@id":"https:\/\/charleroi-pourlapalestine.be\/#organization"},"potentialAction":[{"@type":"SearchAction","target":{"@type":"EntryPoint","urlTemplate":"https:\/\/charleroi-pourlapalestine.be\/?s={search_term_string}"},"query-input":{"@type":"PropertyValueSpecification","valueRequired":true,"valueName":"search_term_string"}}],"inLanguage":"fr-FR"},{"@type":"Organization","@id":"https:\/\/charleroi-pourlapalestine.be\/#organization","name":"Plate-forme Charleroi-Palestine","url":"https:\/\/charleroi-pourlapalestine.be\/","logo":{"@type":"ImageObject","inLanguage":"fr-FR","@id":"https:\/\/charleroi-pourlapalestine.be\/#\/schema\/logo\/image\/","url":"https:\/\/charleroi-pourlapalestine.be\/wp-content\/uploads\/2020\/01\/logo-Copy.jpg","contentUrl":"https:\/\/charleroi-pourlapalestine.be\/wp-content\/uploads\/2020\/01\/logo-Copy.jpg","width":180,"height":180,"caption":"Plate-forme Charleroi-Palestine"},"image":{"@id":"https:\/\/charleroi-pourlapalestine.be\/#\/schema\/logo\/image\/"},"sameAs":["https:\/\/www.facebook.com\/PlateformeCharleroiPalestine\/","https:\/\/x.com\/LaCharleroi"]},{"@type":"Person","@id":"https:\/\/charleroi-pourlapalestine.be\/#\/schema\/person\/c19ff515112f1299d8c12671d8fe3faa","name":"admin1873","url":"https:\/\/charleroi-pourlapalestine.be\/index.php\/author\/admin1873\/"}]}},"_links":{"self":[{"href":"https:\/\/charleroi-pourlapalestine.be\/index.php\/wp-json\/wp\/v2\/posts\/77975","targetHints":{"allow":["GET"]}}],"collection":[{"href":"https:\/\/charleroi-pourlapalestine.be\/index.php\/wp-json\/wp\/v2\/posts"}],"about":[{"href":"https:\/\/charleroi-pourlapalestine.be\/index.php\/wp-json\/wp\/v2\/types\/post"}],"author":[{"embeddable":true,"href":"https:\/\/charleroi-pourlapalestine.be\/index.php\/wp-json\/wp\/v2\/users\/1"}],"replies":[{"embeddable":true,"href":"https:\/\/charleroi-pourlapalestine.be\/index.php\/wp-json\/wp\/v2\/comments?post=77975"}],"version-history":[{"count":0,"href":"https:\/\/charleroi-pourlapalestine.be\/index.php\/wp-json\/wp\/v2\/posts\/77975\/revisions"}],"wp:featuredmedia":[{"embeddable":true,"href":"https:\/\/charleroi-pourlapalestine.be\/index.php\/wp-json\/wp\/v2\/media\/77977"}],"wp:attachment":[{"href":"https:\/\/charleroi-pourlapalestine.be\/index.php\/wp-json\/wp\/v2\/media?parent=77975"}],"wp:term":[{"taxonomy":"category","embeddable":true,"href":"https:\/\/charleroi-pourlapalestine.be\/index.php\/wp-json\/wp\/v2\/categories?post=77975"},{"taxonomy":"post_tag","embeddable":true,"href":"https:\/\/charleroi-pourlapalestine.be\/index.php\/wp-json\/wp\/v2\/tags?post=77975"}],"curies":[{"name":"wp","href":"https:\/\/api.w.org\/{rel}","templated":true}]}}