{"id":78556,"date":"2024-11-13T15:27:07","date_gmt":"2024-11-13T14:27:07","guid":{"rendered":"https:\/\/charleroi-pourlapalestine.be\/?p=78556"},"modified":"2024-11-13T15:27:10","modified_gmt":"2024-11-13T14:27:10","slug":"la-campagne-boycott-carrefour-se-developpe-et-obtient-des-resultats","status":"publish","type":"post","link":"https:\/\/charleroi-pourlapalestine.be\/index.php\/2024\/11\/13\/la-campagne-boycott-carrefour-se-developpe-et-obtient-des-resultats\/","title":{"rendered":"La campagne Boycott Carrefour obtient des r\u00e9sultats"},"content":{"rendered":"<p>Depuis 2022, une large campagne internationale de boycott cible la multinationale fran\u00e7aise Carrefour en raison de son<a href=\"https:\/\/charleroi-pourlapalestine.be\/index.php\/2023\/01\/11\/comment-carrefour-tire-profit-des-crimes-de-guerre-israeliens\/\" target=\"_blank\" rel=\"noopener\"> implantation en Palestine occup\u00e9e<\/a> qui s\u2019op\u00e8re \u00e0 travers son partenariat avec <strong>Electra Consumer Products<\/strong> et sa filiale <strong>Yenot Bitan,<\/strong> des entreprises qui jouent un r\u00f4le clef dans la colonisation et l\u2019occupation.<\/p>\n<p>&nbsp;<\/p>\n<div id=\"attachment_66601\" style=\"width: 852px\" class=\"wp-caption alignnone\"><img loading=\"lazy\" decoding=\"async\" aria-describedby=\"caption-attachment-66601\" class=\"wp-image-66601 size-full\" src=\"https:\/\/charleroi-pourlapalestine.be\/wp-content\/uploads\/2024\/01\/Boycott-Carrefour-2.png\" alt=\"Action Boycott Carrefour \u00e0 l'int\u00e9rieur du magasin \u00e0 Gosselies\" width=\"842\" height=\"542\" srcset=\"https:\/\/charleroi-pourlapalestine.be\/wp-content\/uploads\/2024\/01\/Boycott-Carrefour-2.png 842w, https:\/\/charleroi-pourlapalestine.be\/wp-content\/uploads\/2024\/01\/Boycott-Carrefour-2-300x193.png 300w, https:\/\/charleroi-pourlapalestine.be\/wp-content\/uploads\/2024\/01\/Boycott-Carrefour-2-768x494.png 768w\" sizes=\"auto, (max-width: 842px) 100vw, 842px\" \/><p id=\"caption-attachment-66601\" class=\"wp-caption-text\"><strong>Action Boycott Carrefour \u00e0 l&rsquo;int\u00e9rieur du magasin \u00e0 Gosselies (r\u00e9gion de Charleroi)<br><\/strong><\/p><\/div>\n<p>&nbsp;<\/p>\n<p>Apr\u00e8s<a href=\"https:\/\/palestinevaincra.com\/2024\/09\/face-a-la-campagne-boycottcarrefour-le-groupe-francais-commence-a-reculer\/\" target=\"_blank\" rel=\"noopener\"> le retrait de produits de la marque Carrefour <\/a>de magasins implant\u00e9s dans des colonies ill\u00e9gales de Cisjordanie, nous <a href=\"https:\/\/www.facebook.com\/CarrefourJordanOfficialPage\/posts\/pfbid026qtwnniRYCpQ8ZX7QrLqGU5zsNfDRZJRWwhjRi8C5njbBjDEfPE2GNuy9BqKbLU2l\" target=\"_blank\" rel=\"noopener\">apprenons sur les r\u00e9seaux sociaux<\/a> le 4 septembre dernier que le groupe Majid Al Futtaim, partenaire de Carrefour dans de nombreux pays du monde arabe, d\u00e9cide de <strong>cesser toute activit\u00e9 avec le g\u00e9ant de la grande distribution en Jordanie.<\/strong><\/p>\n<p><a href=\"https:\/\/x.com\/BDSJordan\/status\/1853837330416808033\" target=\"_blank\" rel=\"noopener\">Dans un communiqu\u00e9<\/a> publi\u00e9 le 5 novembre, <strong>BDS Jordanie<\/strong> souligne que<\/p>\n<blockquote>\n<p>\u00ab&nbsp;la grande victoire remport\u00e9e par notre peuple fier contre l\u2019une des plus grandes entreprises qui a ouvertement affich\u00e9 son soutien \u00e0 la machine \u00e0 tuer sioniste v\u00e9hicule plusieurs messages importants. [\u2026]<\/p>\n<p>La normalisation officielle n\u2019a pas r\u00e9ussi et ne parviendra pas \u00e0 convaincre les Jordaniens, hommes et femmes, d\u2019accepter l\u2019occupation comme un partenaire et non comme un ennemi.<\/p>\n<p>Elle envoie un message \u00e0 la minorit\u00e9 qui n\u2019a cess\u00e9 de chuchoter sur l\u2019utilit\u00e9 du boycott : nous sommes capables de remporter des victoires et d\u2019isoler les grandes entreprises, et que le boycott, avec chaque victoire comme celle-ci, prouve qu\u2019il s\u2019agit d\u2019un outil avanc\u00e9 dans notre guerre contre l\u2019occupation et dans notre cheminement croissant vers l\u2019isolement du projet sioniste et pour dire aux autres investisseurs qu\u2019il n\u2019ont aucune chance de succ\u00e8s. \u00bb<\/p>\n<\/blockquote>\n<p>Les r\u00e9sultats positifs contre Carrefour soulignent l\u2019importance tactique de campagnes construites sur des mobilisations larges et utilisant des moyens de luttes divers et compl\u00e9mentaires.<\/p>\n<p>\u00c0 Toulouse, le<em> Comit\u00e9 de soutien \u00e0 la Palestine<\/em> organise de nombreuses actions dans et devant plusieurs magasins afin de sensibiliser largement sur le boycott d\u2019Isra\u00ebl et des entreprises internationales complices comme \u00e9tant un outil qui vise \u00e0 apporter un soutien significatif \u00e0 la r\u00e9sistance du peuple palestinien qui fait face \u00e0 plus d\u2019un an de g\u00e9nocide et plus de 76 ans de colonisation de peuplement sioniste.<\/p>\n<p style=\"text-align: center;\">*****<\/p>\n<p>Publi\u00e9 le 11 novembre 2024 sur <a href=\"https:\/\/palestinevaincra.com\/2024\/11\/la-campagne-boycottcarrefour-se-developpe-et-obtient-des-resultats\/\" target=\"_blank\" rel=\"noopener\">Collectif Palestine Vaincra<\/a><\/p>\n<p style=\"text-align: center;\">*****<\/p>\n<p style=\"text-align: left;\"><strong>Depuis plusieurs ann\u00e9es et en particulier depuis 2022, la Plateforme Charleroi-Palestine a organis\u00e9 diverses actions #BoycottCarrefour \u00e0 l&rsquo;int\u00e9rieur et sur les parkings des grand magasins Carrefour dans la r\u00e9gion de Charleroi.<\/strong><\/p>\n<h4 style=\"text-align: center;\">Continuons les mobilisations !<\/h4>\n<p>&nbsp;<\/p>\n<p>&nbsp;<\/p>\n<p><img loading=\"lazy\" decoding=\"async\" class=\"aligncenter wp-image-51998 size-full\" src=\"https:\/\/charleroi-pourlapalestine.be\/wp-content\/uploads\/2023\/02\/Carrefour-3-e1731504502992.jpg\" alt=\"Boycott Carrefour \u00e0 Gosselies\" width=\"674\" height=\"523\" srcset=\"https:\/\/charleroi-pourlapalestine.be\/wp-content\/uploads\/2023\/02\/Carrefour-3-e1731504502992.jpg 674w, https:\/\/charleroi-pourlapalestine.be\/wp-content\/uploads\/2023\/02\/Carrefour-3-e1731504502992-300x233.jpg 300w\" sizes=\"auto, (max-width: 674px) 100vw, 674px\" \/><\/p>\n<p><img loading=\"lazy\" decoding=\"async\" class=\"aligncenter wp-image-52016 size-full\" src=\"https:\/\/charleroi-pourlapalestine.be\/wp-content\/uploads\/2023\/02\/Carrefour-1-1-e1676736438551.jpg\" alt=\"Boycott Carrefour \u00e0 Gosselies\" width=\"536\" height=\"715\" srcset=\"https:\/\/charleroi-pourlapalestine.be\/wp-content\/uploads\/2023\/02\/Carrefour-1-1-e1676736438551.jpg 536w, https:\/\/charleroi-pourlapalestine.be\/wp-content\/uploads\/2023\/02\/Carrefour-1-1-e1676736438551-225x300.jpg 225w\" sizes=\"auto, (max-width: 536px) 100vw, 536px\" \/><\/p>\n<p>&nbsp;<\/p>\n<div id=\"attachment_78569\" style=\"width: 703px\" class=\"wp-caption aligncenter\"><img loading=\"lazy\" decoding=\"async\" aria-describedby=\"caption-attachment-78569\" class=\"wp-image-78569 size-full\" src=\"https:\/\/charleroi-pourlapalestine.be\/wp-content\/uploads\/2024\/11\/action-a-linterieur-de-Carrefour-Bomeree.jpg\" alt=\"\" width=\"693\" height=\"520\" srcset=\"https:\/\/charleroi-pourlapalestine.be\/wp-content\/uploads\/2024\/11\/action-a-linterieur-de-Carrefour-Bomeree.jpg 693w, https:\/\/charleroi-pourlapalestine.be\/wp-content\/uploads\/2024\/11\/action-a-linterieur-de-Carrefour-Bomeree-300x225.jpg 300w\" sizes=\"auto, (max-width: 693px) 100vw, 693px\" \/><p id=\"caption-attachment-78569\" class=\"wp-caption-text\"><strong>#BoycottCarrefour : enl\u00e8vement des produits isra\u00e9liens dans les rayons \u00e0 Carrefour Bomer\u00e9e (janvier 2024)<br><\/strong><\/p><\/div>\n<p data-wp-editing=\"1\"><img loading=\"lazy\" decoding=\"async\" class=\"aligncenter wp-image-65936 size-full\" src=\"https:\/\/charleroi-pourlapalestine.be\/wp-content\/uploads\/2024\/01\/Carrefour-caddie-autocollant-2-e1704546373899.jpeg\" alt=\"Boycott Carrefour \u00e0 Bomer\u00e9e\" width=\"711\" height=\"532\"><\/p>\n<p><img loading=\"lazy\" decoding=\"async\" class=\"aligncenter wp-image-78571 size-full\" src=\"https:\/\/charleroi-pourlapalestine.be\/wp-content\/uploads\/2024\/11\/Bomeree.jpg\" alt=\"#BoycottCarrefour : enl\u00e8vement des produits isra\u00e9liens dans les rayons \u00e0 Carrefour Bomer\u00e9e (janvier 2024)\" width=\"1156\" height=\"520\" srcset=\"https:\/\/charleroi-pourlapalestine.be\/wp-content\/uploads\/2024\/11\/Bomeree.jpg 1156w, https:\/\/charleroi-pourlapalestine.be\/wp-content\/uploads\/2024\/11\/Bomeree-300x135.jpg 300w, https:\/\/charleroi-pourlapalestine.be\/wp-content\/uploads\/2024\/11\/Bomeree-1024x461.jpg 1024w, https:\/\/charleroi-pourlapalestine.be\/wp-content\/uploads\/2024\/11\/Bomeree-768x345.jpg 768w\" sizes=\"auto, (max-width: 1156px) 100vw, 1156px\" \/><\/p>\n<p data-wp-editing=\"1\"><img loading=\"lazy\" decoding=\"async\" class=\"aligncenter wp-image-78583 size-full\" src=\"https:\/\/charleroi-pourlapalestine.be\/wp-content\/uploads\/2024\/11\/Boycott-Carrefour-sponsor-de-la-guerre-a-Gaza.jpeg\" alt=\"\" width=\"715\" height=\"536\" srcset=\"https:\/\/charleroi-pourlapalestine.be\/wp-content\/uploads\/2024\/11\/Boycott-Carrefour-sponsor-de-la-guerre-a-Gaza.jpeg 715w, https:\/\/charleroi-pourlapalestine.be\/wp-content\/uploads\/2024\/11\/Boycott-Carrefour-sponsor-de-la-guerre-a-Gaza-300x225.jpeg 300w\" sizes=\"auto, (max-width: 715px) 100vw, 715px\" \/><\/p>\n<p><img loading=\"lazy\" decoding=\"async\" class=\"aligncenter wp-image-78584 size-full\" src=\"https:\/\/charleroi-pourlapalestine.be\/wp-content\/uploads\/2024\/11\/Boycott-Carrefour-a-Gosselies-1.jpeg\" alt=\"\" width=\"715\" height=\"536\" srcset=\"https:\/\/charleroi-pourlapalestine.be\/wp-content\/uploads\/2024\/11\/Boycott-Carrefour-a-Gosselies-1.jpeg 715w, https:\/\/charleroi-pourlapalestine.be\/wp-content\/uploads\/2024\/11\/Boycott-Carrefour-a-Gosselies-1-300x225.jpeg 300w\" sizes=\"auto, (max-width: 715px) 100vw, 715px\" \/><\/p>\n<p>&nbsp;<\/p>\n<p style=\"text-align: center;\"><strong>Vous avez envie de participer \u00e0 une action ? Ecrivez-nous \u00e0 charleroi.palestine@gmail.com<\/strong><\/p>\n<p>&nbsp;<\/p>\n<p><img loading=\"lazy\" decoding=\"async\" class=\"aligncenter wp-image-78579 size-full\" src=\"https:\/\/charleroi-pourlapalestine.be\/wp-content\/uploads\/2024\/11\/Boycott-Carrefour-a-Bomeree.jpg\" alt=\"Boycott Carrefour \u00e0 Bomer\u00e9e\" width=\"1227\" height=\"920\" srcset=\"https:\/\/charleroi-pourlapalestine.be\/wp-content\/uploads\/2024\/11\/Boycott-Carrefour-a-Bomeree.jpg 1227w, https:\/\/charleroi-pourlapalestine.be\/wp-content\/uploads\/2024\/11\/Boycott-Carrefour-a-Bomeree-300x225.jpg 300w, https:\/\/charleroi-pourlapalestine.be\/wp-content\/uploads\/2024\/11\/Boycott-Carrefour-a-Bomeree-1024x768.jpg 1024w, https:\/\/charleroi-pourlapalestine.be\/wp-content\/uploads\/2024\/11\/Boycott-Carrefour-a-Bomeree-768x576.jpg 768w\" sizes=\"auto, (max-width: 1227px) 100vw, 1227px\" \/><\/p>\n\n\n<p><\/p>\n","protected":false},"excerpt":{"rendered":"<p>Le groupe Majid Al Futtaim, partenaire de Carrefour, a d\u00e9cid\u00e9 de cesser toute activit\u00e9 avec le g\u00e9ant de la grande distribution en Jordanie.<\/p>\n","protected":false},"author":1,"featured_media":78584,"comment_status":"closed","ping_status":"closed","sticky":false,"template":"","format":"standard","meta":{"ngg_post_thumbnail":0,"footnotes":""},"categories":[937],"tags":[],"class_list":["post-78556","post","type-post","status-publish","format-standard","has-post-thumbnail","hentry","category-boycott-carrefour"],"yoast_head":"<!-- This site is optimized with the Yoast SEO plugin v27.3 - https:\/\/yoast.com\/product\/yoast-seo-wordpress\/ -->\n<title>La campagne Boycott Carrefour obtient des r\u00e9sultats<\/title>\n<meta name=\"description\" content=\"Le groupe Majid Al Futtaim, partenaire de Carrefour, d\u00e9cide de cesser toute activit\u00e9 avec le g\u00e9ant de la grande distribution en Jordanie.\" \/>\n<meta name=\"robots\" content=\"index, follow, max-snippet:-1, max-image-preview:large, max-video-preview:-1\" \/>\n<link rel=\"canonical\" href=\"https:\/\/charleroi-pourlapalestine.be\/index.php\/2024\/11\/13\/la-campagne-boycott-carrefour-se-developpe-et-obtient-des-resultats\/\" \/>\n<script type=\"application\/ld+json\" class=\"yoast-schema-graph\">{\"@context\":\"https:\\\/\\\/schema.org\",\"@graph\":[{\"@type\":\"Article\",\"@id\":\"https:\\\/\\\/charleroi-pourlapalestine.be\\\/index.php\\\/2024\\\/11\\\/13\\\/la-campagne-boycott-carrefour-se-developpe-et-obtient-des-resultats\\\/#article\",\"isPartOf\":{\"@id\":\"https:\\\/\\\/charleroi-pourlapalestine.be\\\/index.php\\\/2024\\\/11\\\/13\\\/la-campagne-boycott-carrefour-se-developpe-et-obtient-des-resultats\\\/\"},\"author\":{\"name\":\"admin1873\",\"@id\":\"https:\\\/\\\/charleroi-pourlapalestine.be\\\/#\\\/schema\\\/person\\\/c19ff515112f1299d8c12671d8fe3faa\"},\"headline\":\"La campagne Boycott Carrefour obtient des r\u00e9sultats\",\"datePublished\":\"2024-11-13T14:27:07+00:00\",\"dateModified\":\"2024-11-13T14:27:10+00:00\",\"mainEntityOfPage\":{\"@id\":\"https:\\\/\\\/charleroi-pourlapalestine.be\\\/index.php\\\/2024\\\/11\\\/13\\\/la-campagne-boycott-carrefour-se-developpe-et-obtient-des-resultats\\\/\"},\"wordCount\":471,\"publisher\":{\"@id\":\"https:\\\/\\\/charleroi-pourlapalestine.be\\\/#organization\"},\"image\":{\"@id\":\"https:\\\/\\\/charleroi-pourlapalestine.be\\\/index.php\\\/2024\\\/11\\\/13\\\/la-campagne-boycott-carrefour-se-developpe-et-obtient-des-resultats\\\/#primaryimage\"},\"thumbnailUrl\":\"https:\\\/\\\/charleroi-pourlapalestine.be\\\/wp-content\\\/uploads\\\/2024\\\/11\\\/Boycott-Carrefour-a-Gosselies-1.jpeg\",\"articleSection\":[\"Boycott Carrefour\"],\"inLanguage\":\"fr-FR\"},{\"@type\":\"WebPage\",\"@id\":\"https:\\\/\\\/charleroi-pourlapalestine.be\\\/index.php\\\/2024\\\/11\\\/13\\\/la-campagne-boycott-carrefour-se-developpe-et-obtient-des-resultats\\\/\",\"url\":\"https:\\\/\\\/charleroi-pourlapalestine.be\\\/index.php\\\/2024\\\/11\\\/13\\\/la-campagne-boycott-carrefour-se-developpe-et-obtient-des-resultats\\\/\",\"name\":\"La campagne Boycott Carrefour obtient des r\u00e9sultats\",\"isPartOf\":{\"@id\":\"https:\\\/\\\/charleroi-pourlapalestine.be\\\/#website\"},\"primaryImageOfPage\":{\"@id\":\"https:\\\/\\\/charleroi-pourlapalestine.be\\\/index.php\\\/2024\\\/11\\\/13\\\/la-campagne-boycott-carrefour-se-developpe-et-obtient-des-resultats\\\/#primaryimage\"},\"image\":{\"@id\":\"https:\\\/\\\/charleroi-pourlapalestine.be\\\/index.php\\\/2024\\\/11\\\/13\\\/la-campagne-boycott-carrefour-se-developpe-et-obtient-des-resultats\\\/#primaryimage\"},\"thumbnailUrl\":\"https:\\\/\\\/charleroi-pourlapalestine.be\\\/wp-content\\\/uploads\\\/2024\\\/11\\\/Boycott-Carrefour-a-Gosselies-1.jpeg\",\"datePublished\":\"2024-11-13T14:27:07+00:00\",\"dateModified\":\"2024-11-13T14:27:10+00:00\",\"description\":\"Le groupe Majid Al Futtaim, partenaire de Carrefour, d\u00e9cide de cesser toute activit\u00e9 avec le g\u00e9ant de la grande distribution en Jordanie.\",\"breadcrumb\":{\"@id\":\"https:\\\/\\\/charleroi-pourlapalestine.be\\\/index.php\\\/2024\\\/11\\\/13\\\/la-campagne-boycott-carrefour-se-developpe-et-obtient-des-resultats\\\/#breadcrumb\"},\"inLanguage\":\"fr-FR\",\"potentialAction\":[{\"@type\":\"ReadAction\",\"target\":[\"https:\\\/\\\/charleroi-pourlapalestine.be\\\/index.php\\\/2024\\\/11\\\/13\\\/la-campagne-boycott-carrefour-se-developpe-et-obtient-des-resultats\\\/\"]}]},{\"@type\":\"ImageObject\",\"inLanguage\":\"fr-FR\",\"@id\":\"https:\\\/\\\/charleroi-pourlapalestine.be\\\/index.php\\\/2024\\\/11\\\/13\\\/la-campagne-boycott-carrefour-se-developpe-et-obtient-des-resultats\\\/#primaryimage\",\"url\":\"https:\\\/\\\/charleroi-pourlapalestine.be\\\/wp-content\\\/uploads\\\/2024\\\/11\\\/Boycott-Carrefour-a-Gosselies-1.jpeg\",\"contentUrl\":\"https:\\\/\\\/charleroi-pourlapalestine.be\\\/wp-content\\\/uploads\\\/2024\\\/11\\\/Boycott-Carrefour-a-Gosselies-1.jpeg\",\"width\":715,\"height\":536},{\"@type\":\"BreadcrumbList\",\"@id\":\"https:\\\/\\\/charleroi-pourlapalestine.be\\\/index.php\\\/2024\\\/11\\\/13\\\/la-campagne-boycott-carrefour-se-developpe-et-obtient-des-resultats\\\/#breadcrumb\",\"itemListElement\":[{\"@type\":\"ListItem\",\"position\":1,\"name\":\"Accueil\",\"item\":\"https:\\\/\\\/charleroi-pourlapalestine.be\\\/\"},{\"@type\":\"ListItem\",\"position\":2,\"name\":\"La campagne Boycott Carrefour obtient des r\u00e9sultats\"}]},{\"@type\":\"WebSite\",\"@id\":\"https:\\\/\\\/charleroi-pourlapalestine.be\\\/#website\",\"url\":\"https:\\\/\\\/charleroi-pourlapalestine.be\\\/\",\"name\":\"Charleroi Pour la Palestine\",\"description\":\"\",\"publisher\":{\"@id\":\"https:\\\/\\\/charleroi-pourlapalestine.be\\\/#organization\"},\"potentialAction\":[{\"@type\":\"SearchAction\",\"target\":{\"@type\":\"EntryPoint\",\"urlTemplate\":\"https:\\\/\\\/charleroi-pourlapalestine.be\\\/?s={search_term_string}\"},\"query-input\":{\"@type\":\"PropertyValueSpecification\",\"valueRequired\":true,\"valueName\":\"search_term_string\"}}],\"inLanguage\":\"fr-FR\"},{\"@type\":\"Organization\",\"@id\":\"https:\\\/\\\/charleroi-pourlapalestine.be\\\/#organization\",\"name\":\"Plate-forme Charleroi-Palestine\",\"url\":\"https:\\\/\\\/charleroi-pourlapalestine.be\\\/\",\"logo\":{\"@type\":\"ImageObject\",\"inLanguage\":\"fr-FR\",\"@id\":\"https:\\\/\\\/charleroi-pourlapalestine.be\\\/#\\\/schema\\\/logo\\\/image\\\/\",\"url\":\"https:\\\/\\\/charleroi-pourlapalestine.be\\\/wp-content\\\/uploads\\\/2020\\\/01\\\/logo-Copy.jpg\",\"contentUrl\":\"https:\\\/\\\/charleroi-pourlapalestine.be\\\/wp-content\\\/uploads\\\/2020\\\/01\\\/logo-Copy.jpg\",\"width\":180,\"height\":180,\"caption\":\"Plate-forme Charleroi-Palestine\"},\"image\":{\"@id\":\"https:\\\/\\\/charleroi-pourlapalestine.be\\\/#\\\/schema\\\/logo\\\/image\\\/\"},\"sameAs\":[\"https:\\\/\\\/www.facebook.com\\\/PlateformeCharleroiPalestine\\\/\",\"https:\\\/\\\/x.com\\\/LaCharleroi\"]},{\"@type\":\"Person\",\"@id\":\"https:\\\/\\\/charleroi-pourlapalestine.be\\\/#\\\/schema\\\/person\\\/c19ff515112f1299d8c12671d8fe3faa\",\"name\":\"admin1873\",\"url\":\"https:\\\/\\\/charleroi-pourlapalestine.be\\\/index.php\\\/author\\\/admin1873\\\/\"}]}<\/script>\n<!-- \/ Yoast SEO plugin. -->","yoast_head_json":{"title":"La campagne Boycott Carrefour obtient des r\u00e9sultats","description":"Le groupe Majid Al Futtaim, partenaire de Carrefour, d\u00e9cide de cesser toute activit\u00e9 avec le g\u00e9ant de la grande distribution en Jordanie.","robots":{"index":"index","follow":"follow","max-snippet":"max-snippet:-1","max-image-preview":"max-image-preview:large","max-video-preview":"max-video-preview:-1"},"canonical":"https:\/\/charleroi-pourlapalestine.be\/index.php\/2024\/11\/13\/la-campagne-boycott-carrefour-se-developpe-et-obtient-des-resultats\/","schema":{"@context":"https:\/\/schema.org","@graph":[{"@type":"Article","@id":"https:\/\/charleroi-pourlapalestine.be\/index.php\/2024\/11\/13\/la-campagne-boycott-carrefour-se-developpe-et-obtient-des-resultats\/#article","isPartOf":{"@id":"https:\/\/charleroi-pourlapalestine.be\/index.php\/2024\/11\/13\/la-campagne-boycott-carrefour-se-developpe-et-obtient-des-resultats\/"},"author":{"name":"admin1873","@id":"https:\/\/charleroi-pourlapalestine.be\/#\/schema\/person\/c19ff515112f1299d8c12671d8fe3faa"},"headline":"La campagne Boycott Carrefour obtient des r\u00e9sultats","datePublished":"2024-11-13T14:27:07+00:00","dateModified":"2024-11-13T14:27:10+00:00","mainEntityOfPage":{"@id":"https:\/\/charleroi-pourlapalestine.be\/index.php\/2024\/11\/13\/la-campagne-boycott-carrefour-se-developpe-et-obtient-des-resultats\/"},"wordCount":471,"publisher":{"@id":"https:\/\/charleroi-pourlapalestine.be\/#organization"},"image":{"@id":"https:\/\/charleroi-pourlapalestine.be\/index.php\/2024\/11\/13\/la-campagne-boycott-carrefour-se-developpe-et-obtient-des-resultats\/#primaryimage"},"thumbnailUrl":"https:\/\/charleroi-pourlapalestine.be\/wp-content\/uploads\/2024\/11\/Boycott-Carrefour-a-Gosselies-1.jpeg","articleSection":["Boycott Carrefour"],"inLanguage":"fr-FR"},{"@type":"WebPage","@id":"https:\/\/charleroi-pourlapalestine.be\/index.php\/2024\/11\/13\/la-campagne-boycott-carrefour-se-developpe-et-obtient-des-resultats\/","url":"https:\/\/charleroi-pourlapalestine.be\/index.php\/2024\/11\/13\/la-campagne-boycott-carrefour-se-developpe-et-obtient-des-resultats\/","name":"La campagne Boycott Carrefour obtient des r\u00e9sultats","isPartOf":{"@id":"https:\/\/charleroi-pourlapalestine.be\/#website"},"primaryImageOfPage":{"@id":"https:\/\/charleroi-pourlapalestine.be\/index.php\/2024\/11\/13\/la-campagne-boycott-carrefour-se-developpe-et-obtient-des-resultats\/#primaryimage"},"image":{"@id":"https:\/\/charleroi-pourlapalestine.be\/index.php\/2024\/11\/13\/la-campagne-boycott-carrefour-se-developpe-et-obtient-des-resultats\/#primaryimage"},"thumbnailUrl":"https:\/\/charleroi-pourlapalestine.be\/wp-content\/uploads\/2024\/11\/Boycott-Carrefour-a-Gosselies-1.jpeg","datePublished":"2024-11-13T14:27:07+00:00","dateModified":"2024-11-13T14:27:10+00:00","description":"Le groupe Majid Al Futtaim, partenaire de Carrefour, d\u00e9cide de cesser toute activit\u00e9 avec le g\u00e9ant de la grande distribution en Jordanie.","breadcrumb":{"@id":"https:\/\/charleroi-pourlapalestine.be\/index.php\/2024\/11\/13\/la-campagne-boycott-carrefour-se-developpe-et-obtient-des-resultats\/#breadcrumb"},"inLanguage":"fr-FR","potentialAction":[{"@type":"ReadAction","target":["https:\/\/charleroi-pourlapalestine.be\/index.php\/2024\/11\/13\/la-campagne-boycott-carrefour-se-developpe-et-obtient-des-resultats\/"]}]},{"@type":"ImageObject","inLanguage":"fr-FR","@id":"https:\/\/charleroi-pourlapalestine.be\/index.php\/2024\/11\/13\/la-campagne-boycott-carrefour-se-developpe-et-obtient-des-resultats\/#primaryimage","url":"https:\/\/charleroi-pourlapalestine.be\/wp-content\/uploads\/2024\/11\/Boycott-Carrefour-a-Gosselies-1.jpeg","contentUrl":"https:\/\/charleroi-pourlapalestine.be\/wp-content\/uploads\/2024\/11\/Boycott-Carrefour-a-Gosselies-1.jpeg","width":715,"height":536},{"@type":"BreadcrumbList","@id":"https:\/\/charleroi-pourlapalestine.be\/index.php\/2024\/11\/13\/la-campagne-boycott-carrefour-se-developpe-et-obtient-des-resultats\/#breadcrumb","itemListElement":[{"@type":"ListItem","position":1,"name":"Accueil","item":"https:\/\/charleroi-pourlapalestine.be\/"},{"@type":"ListItem","position":2,"name":"La campagne Boycott Carrefour obtient des r\u00e9sultats"}]},{"@type":"WebSite","@id":"https:\/\/charleroi-pourlapalestine.be\/#website","url":"https:\/\/charleroi-pourlapalestine.be\/","name":"Charleroi Pour la Palestine","description":"","publisher":{"@id":"https:\/\/charleroi-pourlapalestine.be\/#organization"},"potentialAction":[{"@type":"SearchAction","target":{"@type":"EntryPoint","urlTemplate":"https:\/\/charleroi-pourlapalestine.be\/?s={search_term_string}"},"query-input":{"@type":"PropertyValueSpecification","valueRequired":true,"valueName":"search_term_string"}}],"inLanguage":"fr-FR"},{"@type":"Organization","@id":"https:\/\/charleroi-pourlapalestine.be\/#organization","name":"Plate-forme Charleroi-Palestine","url":"https:\/\/charleroi-pourlapalestine.be\/","logo":{"@type":"ImageObject","inLanguage":"fr-FR","@id":"https:\/\/charleroi-pourlapalestine.be\/#\/schema\/logo\/image\/","url":"https:\/\/charleroi-pourlapalestine.be\/wp-content\/uploads\/2020\/01\/logo-Copy.jpg","contentUrl":"https:\/\/charleroi-pourlapalestine.be\/wp-content\/uploads\/2020\/01\/logo-Copy.jpg","width":180,"height":180,"caption":"Plate-forme Charleroi-Palestine"},"image":{"@id":"https:\/\/charleroi-pourlapalestine.be\/#\/schema\/logo\/image\/"},"sameAs":["https:\/\/www.facebook.com\/PlateformeCharleroiPalestine\/","https:\/\/x.com\/LaCharleroi"]},{"@type":"Person","@id":"https:\/\/charleroi-pourlapalestine.be\/#\/schema\/person\/c19ff515112f1299d8c12671d8fe3faa","name":"admin1873","url":"https:\/\/charleroi-pourlapalestine.be\/index.php\/author\/admin1873\/"}]}},"_links":{"self":[{"href":"https:\/\/charleroi-pourlapalestine.be\/index.php\/wp-json\/wp\/v2\/posts\/78556","targetHints":{"allow":["GET"]}}],"collection":[{"href":"https:\/\/charleroi-pourlapalestine.be\/index.php\/wp-json\/wp\/v2\/posts"}],"about":[{"href":"https:\/\/charleroi-pourlapalestine.be\/index.php\/wp-json\/wp\/v2\/types\/post"}],"author":[{"embeddable":true,"href":"https:\/\/charleroi-pourlapalestine.be\/index.php\/wp-json\/wp\/v2\/users\/1"}],"replies":[{"embeddable":true,"href":"https:\/\/charleroi-pourlapalestine.be\/index.php\/wp-json\/wp\/v2\/comments?post=78556"}],"version-history":[{"count":0,"href":"https:\/\/charleroi-pourlapalestine.be\/index.php\/wp-json\/wp\/v2\/posts\/78556\/revisions"}],"wp:featuredmedia":[{"embeddable":true,"href":"https:\/\/charleroi-pourlapalestine.be\/index.php\/wp-json\/wp\/v2\/media\/78584"}],"wp:attachment":[{"href":"https:\/\/charleroi-pourlapalestine.be\/index.php\/wp-json\/wp\/v2\/media?parent=78556"}],"wp:term":[{"taxonomy":"category","embeddable":true,"href":"https:\/\/charleroi-pourlapalestine.be\/index.php\/wp-json\/wp\/v2\/categories?post=78556"},{"taxonomy":"post_tag","embeddable":true,"href":"https:\/\/charleroi-pourlapalestine.be\/index.php\/wp-json\/wp\/v2\/tags?post=78556"}],"curies":[{"name":"wp","href":"https:\/\/api.w.org\/{rel}","templated":true}]}}