{"id":78609,"date":"2024-11-14T15:40:16","date_gmt":"2024-11-14T14:40:16","guid":{"rendered":"https:\/\/charleroi-pourlapalestine.be\/?p=78609"},"modified":"2024-11-14T15:40:19","modified_gmt":"2024-11-14T14:40:19","slug":"un-chirurgien-palestinien-survit-a-sde-teiman-et-a-la-prison-dofer","status":"publish","type":"post","link":"https:\/\/charleroi-pourlapalestine.be\/index.php\/2024\/11\/14\/un-chirurgien-palestinien-survit-a-sde-teiman-et-a-la-prison-dofer\/","title":{"rendered":"Un chirurgien palestinien, survit \u00e0 Sde Teiman et \u00e0 la prison d&rsquo;Ofer"},"content":{"rendered":"<p>Le Dr Khaled Al Serr, chirurgien au Complexe m\u00e9dical Nasser de Khan Younis, vient de subir un s\u00e9jour de six mois en tant que prisonnier du syst\u00e8me isra\u00e9lien de justice militaire. Avant sa capture, il \u00e9tait occup\u00e9 \u00e0 mettre tout en \u0153uvre pour rem\u00e9dier \u00e0 l&rsquo;une des pires crises humanitaires que Gaza ait jamais connues.<\/p>\n<p>&nbsp;<\/p>\n<div id=\"attachment_78613\" style=\"width: 1038px\" class=\"wp-caption alignnone\"><img loading=\"lazy\" decoding=\"async\" aria-describedby=\"caption-attachment-78613\" class=\"wp-image-78613 size-full\" src=\"https:\/\/charleroi-pourlapalestine.be\/wp-content\/uploads\/2024\/11\/Dr-Khaled-Al-Ser.png\" alt=\"Le Dr Khaled Al Serr, chirurgien \u00e0 Gaza. (Photo : Avec l'aimable autorisation du Dr Khaled Al Serr)\" width=\"1028\" height=\"677\"><p id=\"caption-attachment-78613\" class=\"wp-caption-text\"><strong>Le Dr Khaled Al Serr<\/strong> (Photo : Avec l&rsquo;aimable autorisation du Dr Khaled Al Serr)<\/p><\/div>\n<p>&nbsp;<\/p>\n<p><strong>Fedaa al-Qedra<\/strong>, 10 novembre 2024<\/p>\n<p>&nbsp;<\/p>\n<blockquote>\n<p>\u00ab D\u00e8s le d\u00e9but de la guerre, j&rsquo;ai fait tout ce que je pouvais pour aider mon peuple \u00bb,<\/p>\n<\/blockquote>\n<p>se souvient le Dr Al Serr lors d&rsquo;une interview, d\u00e9but octobre.<\/p>\n<blockquote>\n<p>\u00ab Je ne pouvais penser \u00e0 ma propre s\u00e9curit\u00e9 alors que mes compatriotes \u00e9taient si nombreux \u00e0 avoir besoin d&rsquo;aide. \u00bb<\/p>\n<\/blockquote>\n<p>Mais, fin mars, les forces isra\u00e9liennes ont pris d&rsquo;assaut le Complexe m\u00e9dical Nasser pour la deuxi\u00e8me fois au cours du pr\u00e9sent g\u00e9nocide. Les soldats ont forc\u00e9 le personnel m\u00e9dical, dont le Dr Al Serr, \u00e0 \u00e9vacuer.<\/p>\n<p>Bourdonnant au-dessus des t\u00eates, des drones lan\u00e7aient des ordres en vue de quitter le site. Bien qu&rsquo;il port\u00e2t sa blouse blanche de m\u00e9decin et un st\u00e9thoscope autour du cou, ce qui l&rsquo;identifiait manifestement comme m\u00e9decin, le Dr Al Serr a \u00e9t\u00e9 arr\u00eat\u00e9.<\/p>\n<blockquote>\n<p>\u00ab Ils nous ont forc\u00e9s \u00e0 nous d\u00e9v\u00eatir, nous ont entrav\u00e9 les mains et nous ont affubl\u00e9s d&rsquo;un bandeau autour des yeux \u00bb,<\/p>\n<\/blockquote>\n<p>explique-t-il \u00e0 The Electronic Intifada.<\/p>\n<blockquote>\n<p>\u00ab C&rsquo;\u00e9tait humiliant mais, pire encore, ils nous ont trait\u00e9s comme des criminels, alors que nous n&rsquo;\u00e9tions que des m\u00e9decins tentant de sauver des vies. \u00bb<\/p>\n<\/blockquote>\n<p>&nbsp;<\/p>\n<h3>Des conditions d&rsquo;une extr\u00eame brutalit\u00e9<\/h3>\n<p>Les soldats ont alors emmen\u00e9 le docteur et les autres vers une maison proche, qui avait \u00e9t\u00e9 transform\u00e9e en centre de commandement militaire. L\u00e0, dit-il, lui et ses coll\u00e8gues ont subi cinq jours de d\u00e9tention dans des conditions extr\u00eamement brutales.<\/p>\n<blockquote>\n<p>\u00ab Ils ne nous ont pas donn\u00e9 la moindre nourriture pendant les quatre premiers jours \u00bb,<\/p>\n<\/blockquote>\n<p>d\u00e9clare le Dr Al Serr,<\/p>\n<blockquote>\n<p>\u00ab et, le quatri\u00e8me jour, dans la soir\u00e9e, ils nous ont apport\u00e9 un bout de pain et un peu de fromage, \u00e0 peine de quoi rester en vie. \u00bb<\/p>\n<\/blockquote>\n<p>Tout au long de cette \u00e9preuve, les mains des professionnels m\u00e9dicaux sont rest\u00e9es entrav\u00e9es, leurs yeux band\u00e9s, pendant qu&rsquo;ils \u00e9taient soumis \u00e0 des interrogatoires agressifs et des traitements violents, se souvient-il.<\/p>\n<p>Apr\u00e8s cinq jours de tourments, on les a jet\u00e9s dans des jeeps militaires, entass\u00e9s comme des sacs de l\u00e9gumes.<\/p>\n<blockquote>\n<p>\u00ab Ils nous ont entass\u00e9s les uns sur les autres \u00bb,<\/p>\n<\/blockquote>\n<p>dit le docteur.<\/p>\n<blockquote>\n<p>\u00ab Nous avons \u00e9t\u00e9 trait\u00e9s pires que des animaux et les soldats s&rsquo;asseyaient sur nous, en se moquant de nous et en nous tapant dessus pendant tout le trajet vers le site de d\u00e9tention de Sde Teiman \u00bb,<\/p>\n<\/blockquote>\n<p>dans le d\u00e9sert du N\u00e9guev.<\/p>\n<p>Le site de d\u00e9tention de Sde Teiman, tristement c\u00e9l\u00e8bre pour la brutalit\u00e9 avec laquelle on y traite les prisonniers, est devenu la nouvelle prison du Dr Al Serr. Il d\u00e9crit comment les prisonniers y \u00e9taient non seulement d\u00e9shumanis\u00e9s, mais encore soumis \u00e0 d&rsquo;incessantes violences physiques et psychologiques.<\/p>\n<blockquote>\n<p>\u00ab Ils nous entravaient les mains et nous bandaient les yeux. Nous n&rsquo;avions pas le droit de bouger, de parler ni m\u00eame de jeter un regard de c\u00f4t\u00e9. Le moindre geste vous valait d&rsquo;\u00eatre sauvagement rou\u00e9 de coups \u00bb,<\/p>\n<\/blockquote>\n<p>dit-il.<\/p>\n<p>L&rsquo;un des aspects les plus accablants de l&#8217;emprisonnement r\u00e9sidait dans la violence sexuelle et l&rsquo;usage d&rsquo;une force excessive contre les prisonniers, poursuit-il.<\/p>\n<blockquote>\n<p>\u00ab Ils nous battaient sans piti\u00e9, visant les zones sensibles de nos corps avec leurs matraques \u00bb,<\/p>\n<\/blockquote>\n<p>raconte le docteur.<\/p>\n<blockquote>\n<p>\u00ab Ils nous agressaient m\u00eame sexuellement, recourant \u00e0 tous les moyens possibles pour nous avilir et nous humilier. Ils aspergeaient nos parties intimes de spray au poivre. C&rsquo;\u00e9tait indescriptible. \u00bb<\/p>\n<\/blockquote>\n<p>Cette fa\u00e7on de traiter les prisonniers \u00e9tait une tentative calcul\u00e9e en vue de les briser, tant physiquement que mentalement.<\/p>\n<blockquote>\n<p>\u00ab Je les ai vus torturer un homme \u00e2g\u00e9 uniquement parce qu&rsquo;il remuait les l\u00e8vres en r\u00e9citant le Coran \u00bb,<\/p>\n<\/blockquote>\n<p>dit encore le docteur.<\/p>\n<p>&nbsp;<\/p>\n<div id=\"attachment_78616\" style=\"width: 1026px\" class=\"wp-caption aligncenter\"><img loading=\"lazy\" decoding=\"async\" aria-describedby=\"caption-attachment-78616\" class=\"wp-image-78616 size-full\" src=\"https:\/\/charleroi-pourlapalestine.be\/wp-content\/uploads\/2024\/11\/Le-Dre-Khaled-Al-Serr-a-sa-sortie-de-prison.png\" alt=\"Le Dr Khaled Al Serr, \u00e0 sa lib\u00e9ration de la prison d'Ofer, embrasse son p\u00e8re. (Photo : Fedaa al-Qedra)\" width=\"1016\" height=\"562\"><p id=\"caption-attachment-78616\" class=\"wp-caption-text\"><strong>Le Dr Khaled Al Serr, \u00e0 sa lib\u00e9ration de la prison d&rsquo;Ofer, embrasse son p\u00e8re.<\/strong> (Photo : Fedaa al-Qedra)<\/p><\/div>\n<p>&nbsp;<\/p>\n<p>La cruaut\u00e9 allait bien au-del\u00e0 de la douleur physique, fait-il remarquer.<\/p>\n<p>Les prisonniers ne pouvaient se baigner qu&rsquo;une fois par semaine et, m\u00eame dans ce cas, les soldats avaient crach\u00e9 pr\u00e9alablement sur les v\u00eatements qu&rsquo;on leur donnait.<\/p>\n<blockquote>\n<p>\u00ab Nous avions deux minutes pour prendre une douche, nous devions porter des v\u00eatements sales sur lesquels ils s&rsquo;\u00e9taient essuy\u00e9 les pieds \u00bb,<\/p>\n<\/blockquote>\n<p>ajoute le Dr Al Serr.<\/p>\n<p>Les conditions de vie \u00e0 Sde Teiman \u00e9taient sordides, tellement le site \u00e9taient infest\u00e9 d&rsquo;insectes et de rats.<\/p>\n<p>Les d\u00e9tenus \u00e9taient oblig\u00e9s de dormir sur de minces matelas pos\u00e9s \u00e0 m\u00eame un sol en b\u00e9ton rugueux.<\/p>\n<blockquote>\n<p>\u00ab Le froid \u00e9tait insupportable et nous n&rsquo;avions pas de couvertures pour nous prot\u00e9ger \u00bb,<\/p>\n<\/blockquote>\n<p>dit le Dr Al Serr.<\/p>\n<blockquote>\n<p>\u00ab J&rsquo;ai perdu 40 kilos, au cours de ces quelques mois, en survivant \u00e0 peine d&rsquo;un bout de pain et d&rsquo;une infime portion de confiture ou de fromage chaque jour. Ce n&rsquo;\u00e9tait pas suffisant pour subvenir aux besoins d&rsquo;une personne. \u00bb<\/p>\n<\/blockquote>\n<p>Les prisonniers \u00e9taient fr\u00e9quemment battus, surtout ceux qui d\u00e9fiaient l&rsquo;arbitraire et les r\u00e8gles oppressives des gardiens.<\/p>\n<blockquote>\n<p>\u00ab Quand les gardiens en avaient envie, ils faisaient irruption dans la cellule et nous obligeaient \u00e0 nous coucher sur le ventre, la t\u00eate contre le sol. Ceux qui n&rsquo;ob\u00e9issaient pas \u00e9taient battus \u00e0 coups de matraque \u00bb,<\/p>\n<\/blockquote>\n<p>dit le docteur.<\/p>\n<blockquote>\n<p>\u00ab Certains prisonniers m&rsquo;ont dit qu&rsquo;ils avaient re\u00e7u des coups de matraque sur leurs parties intimes et qu&rsquo;on les avait \u00e9lectrocut\u00e9s. N&rsquo;importe quelle m\u00e9thode \u00e9tait bonne pour nous tourmenter. \u00bb<\/p>\n<\/blockquote>\n<p>&nbsp;<\/p>\n<h3>Transfert \u00e0 la prison d&rsquo;Ofer<\/h3>\n<p>Au beau milieu des protestations internationales contre les violences \u00e0 Sde Teiman, certains prisonniers, dont le Dr Al Serr, ont \u00e9t\u00e9 transf\u00e9r\u00e9s \u00e0 la prison d&rsquo;Ofer, en Cisjordanie occup\u00e9e. Le Dr Al Serr y a \u00e9t\u00e9 transf\u00e9r\u00e9 au mois de juin.<\/p>\n<p>Bien que les conditions aient \u00e9t\u00e9 l\u00e9g\u00e8rement meilleures, la violence psychologique et physique y \u00e9tait maintenue. Amnesty International a rapport\u00e9 qu&rsquo;il y \u00e9tait d\u00e9tenu&nbsp; \u00ab sans accusation ni proc\u00e8s, dans le cadre de l&rsquo;abusive Loi des combattants ill\u00e9gaux \u00bb.<\/p>\n<blockquote>\n<p>\u00ab \u00c0 Ofer, les tabassages \u00e9taient moins fr\u00e9quents, mais l&rsquo;humiliation ne cessait jamais \u00bb,<\/p>\n<\/blockquote>\n<p>dit le Dr Al Serr.<\/p>\n<blockquote>\n<p>\u00ab Ils ne nous donnaient pas les soins de sant\u00e9 ad\u00e9quats. J&rsquo;avais une h\u00e9morragie interne et je n&rsquo;ai pas pu voir un m\u00e9decin pendant plus d&rsquo;un mois. \u00bb<\/p>\n<\/blockquote>\n<p>Le Dr Al Serr explique que, lorsqu&rsquo;on lui a finalement donn\u00e9 des m\u00e9dicaments, ceux-ci sont arriv\u00e9s dix jours apr\u00e8s sa visite \u00e0 l&rsquo;h\u00f4pital. Le manque de nourriture et de traitements m\u00e9dicaux \u00e0 la prison d&rsquo;Ofer \u00e9taient un reflet des conditions s\u00e9v\u00e8res de Sde Teiman.<\/p>\n<p>Apr\u00e8s leur arriv\u00e9e \u00e0 la prison d&rsquo;Ofer, le docteur et ses coll\u00e8gues ont \u00e9t\u00e9 jug\u00e9s par un tribunal militaire.<\/p>\n<blockquote>\n<p>\u00ab C&rsquo;\u00e9tait une parodie de proc\u00e8s men\u00e9e par t\u00e9l\u00e9phone \u00bb,<\/p>\n<\/blockquote>\n<p>rappelle-t-il.<\/p>\n<blockquote>\n<p>\u00ab Nous ne savions m\u00eame pas de quoi nous \u00e9tions accus\u00e9s. Ils nous ont catalogu\u00e9s comme &lsquo;combattants ill\u00e9gaux&rsquo; captur\u00e9s pendant la guerre et on nous a inflig\u00e9 des sentences arbitraires jusqu&rsquo;\u00e0 la fin du conflit. \u00bb<\/p>\n<\/blockquote>\n<p>&nbsp;<\/p>\n<h3>Des pr\u00e9occupations au sujet de la famille, une fois lib\u00e9r\u00e9<\/h3>\n<p>Ce qui a pes\u00e9 le plus sur le Dr Al Serr, durant son emprisonnement, \u00e7&rsquo;a \u00e9t\u00e9 l&rsquo;incertitude \u00e0 propos de sa famille.<\/p>\n<blockquote>\n<p>\u00ab J&rsquo;\u00e9tais pr\u00e9occup\u00e9 en permanence \u00e0 leur sujet, d&rsquo;autant plus qu&rsquo;ils avaient \u00e9t\u00e9 d\u00e9plac\u00e9s pendant la guerre. J&rsquo;entendais des rumeurs d&rsquo;op\u00e9rations militaires pr\u00e8s de Rafah, o\u00f9 nous habitions, et je craignais le pire \u00bb,<\/p>\n<\/blockquote>\n<p>dit-il.<\/p>\n<p>Lors de sa lib\u00e9ration inattendue, le 30 septembre, sans doute parce qu&rsquo;il n&rsquo;\u00e9tait pas per\u00e7u comme une menace, le Dr Al Serr est retourn\u00e9 au travail, bien d\u00e9cid\u00e9 \u00e0 continuer de servir son peuple malgr\u00e9 le traumatisme qu&rsquo;il avait endur\u00e9. Mais, quand il a retrouv\u00e9 ses proches, ils vivaient dans les ruines de leur maison \u00e0 Khan Younis.<\/p>\n<blockquote>\n<p style=\"text-align: left;\">\u00ab Nous sommes des gens forts et r\u00e9silients \u00bb,<\/p>\n<\/blockquote>\n<p>dit-il, en r\u00e9fl\u00e9chissant \u00e0 son exp\u00e9rience.<\/p>\n<blockquote>\n<p>\u00ab Ceci n&rsquo;est pas la fin ; c&rsquo;est un t\u00e9moignage. \u00bb<\/p>\n<\/blockquote>\n<p>&nbsp;<\/p>\n<p style=\"text-align: center;\">*****<\/p>\n<p><strong>Fedaa al-Qedra<\/strong> est journaliste. Elle vit et travaille \u00e0 Gaza.<\/p>\n<p style=\"text-align: center;\">*****<\/p>\n<p>Publi\u00e9 le 10 novembre 2024 sur <a href=\"https:\/\/electronicintifada.net\/content\/palestinian-surgeon-survives-sde-teiman-and-ofer-prison\/49806\" target=\"_blank\" rel=\"noopener\">The Electronic Intifada<\/a><br>Traduction : Jean-Marie Fl\u00e9mal, <a href=\"https:\/\/charleroi-pourlapalestine.be\/\">Charleroi pour la Palestine<\/a><\/p>\n\n\n<p><\/p>\n","protected":false},"excerpt":{"rendered":"<p>Apr\u00e8s sa lib\u00e9ration, le Dr Al Serr est retourn\u00e9 au travail, bien d\u00e9cid\u00e9 \u00e0 continuer de servir son peuple malgr\u00e9 le traumatisme qu&rsquo;il avait endur\u00e9.<\/p>\n","protected":false},"author":1,"featured_media":0,"comment_status":"closed","ping_status":"closed","sticky":false,"template":"","format":"standard","meta":{"ngg_post_thumbnail":0,"footnotes":""},"categories":[6,344,13],"tags":[],"class_list":["post-78609","post","type-post","status-publish","format-standard","hentry","category-gaza","category-genocide","category-les-prisionners-palestiniens"],"yoast_head":"<!-- This site is optimized with the Yoast SEO plugin v27.3 - https:\/\/yoast.com\/product\/yoast-seo-wordpress\/ -->\n<title>Un chirurgien palestinien, survit \u00e0 Sde Teiman et \u00e0 la prison d&#039;Ofer<\/title>\n<meta name=\"description\" content=\"Apr\u00e8s sa lib\u00e9ration, le Dr Al Serr est retourn\u00e9 au travail, d\u00e9cid\u00e9 \u00e0 continuer de servir son peuple malgr\u00e9 le traumatisme qu&#039;il avait endur\u00e9.\" \/>\n<meta name=\"robots\" content=\"index, follow, max-snippet:-1, max-image-preview:large, max-video-preview:-1\" \/>\n<link rel=\"canonical\" href=\"https:\/\/charleroi-pourlapalestine.be\/index.php\/2024\/11\/14\/un-chirurgien-palestinien-survit-a-sde-teiman-et-a-la-prison-dofer\/\" \/>\n<script type=\"application\/ld+json\" class=\"yoast-schema-graph\">{\"@context\":\"https:\\\/\\\/schema.org\",\"@graph\":[{\"@type\":\"Article\",\"@id\":\"https:\\\/\\\/charleroi-pourlapalestine.be\\\/index.php\\\/2024\\\/11\\\/14\\\/un-chirurgien-palestinien-survit-a-sde-teiman-et-a-la-prison-dofer\\\/#article\",\"isPartOf\":{\"@id\":\"https:\\\/\\\/charleroi-pourlapalestine.be\\\/index.php\\\/2024\\\/11\\\/14\\\/un-chirurgien-palestinien-survit-a-sde-teiman-et-a-la-prison-dofer\\\/\"},\"author\":{\"name\":\"admin1873\",\"@id\":\"https:\\\/\\\/charleroi-pourlapalestine.be\\\/#\\\/schema\\\/person\\\/c19ff515112f1299d8c12671d8fe3faa\"},\"headline\":\"Un chirurgien palestinien, survit \u00e0 Sde Teiman et \u00e0 la prison d&rsquo;Ofer\",\"datePublished\":\"2024-11-14T14:40:16+00:00\",\"dateModified\":\"2024-11-14T14:40:19+00:00\",\"mainEntityOfPage\":{\"@id\":\"https:\\\/\\\/charleroi-pourlapalestine.be\\\/index.php\\\/2024\\\/11\\\/14\\\/un-chirurgien-palestinien-survit-a-sde-teiman-et-a-la-prison-dofer\\\/\"},\"wordCount\":1491,\"publisher\":{\"@id\":\"https:\\\/\\\/charleroi-pourlapalestine.be\\\/#organization\"},\"image\":{\"@id\":\"https:\\\/\\\/charleroi-pourlapalestine.be\\\/index.php\\\/2024\\\/11\\\/14\\\/un-chirurgien-palestinien-survit-a-sde-teiman-et-a-la-prison-dofer\\\/#primaryimage\"},\"thumbnailUrl\":\"https:\\\/\\\/charleroi-pourlapalestine.be\\\/wp-content\\\/uploads\\\/2024\\\/11\\\/Dr-Khaled-Al-Ser.png\",\"articleSection\":[\"Gaza\",\"G\u00e9nocide\",\"Prisonniers\"],\"inLanguage\":\"fr-FR\"},{\"@type\":\"WebPage\",\"@id\":\"https:\\\/\\\/charleroi-pourlapalestine.be\\\/index.php\\\/2024\\\/11\\\/14\\\/un-chirurgien-palestinien-survit-a-sde-teiman-et-a-la-prison-dofer\\\/\",\"url\":\"https:\\\/\\\/charleroi-pourlapalestine.be\\\/index.php\\\/2024\\\/11\\\/14\\\/un-chirurgien-palestinien-survit-a-sde-teiman-et-a-la-prison-dofer\\\/\",\"name\":\"Un chirurgien palestinien, survit \u00e0 Sde Teiman et \u00e0 la prison d'Ofer\",\"isPartOf\":{\"@id\":\"https:\\\/\\\/charleroi-pourlapalestine.be\\\/#website\"},\"primaryImageOfPage\":{\"@id\":\"https:\\\/\\\/charleroi-pourlapalestine.be\\\/index.php\\\/2024\\\/11\\\/14\\\/un-chirurgien-palestinien-survit-a-sde-teiman-et-a-la-prison-dofer\\\/#primaryimage\"},\"image\":{\"@id\":\"https:\\\/\\\/charleroi-pourlapalestine.be\\\/index.php\\\/2024\\\/11\\\/14\\\/un-chirurgien-palestinien-survit-a-sde-teiman-et-a-la-prison-dofer\\\/#primaryimage\"},\"thumbnailUrl\":\"https:\\\/\\\/charleroi-pourlapalestine.be\\\/wp-content\\\/uploads\\\/2024\\\/11\\\/Dr-Khaled-Al-Ser.png\",\"datePublished\":\"2024-11-14T14:40:16+00:00\",\"dateModified\":\"2024-11-14T14:40:19+00:00\",\"description\":\"Apr\u00e8s sa lib\u00e9ration, le Dr Al Serr est retourn\u00e9 au travail, d\u00e9cid\u00e9 \u00e0 continuer de servir son peuple malgr\u00e9 le traumatisme qu'il avait endur\u00e9.\",\"breadcrumb\":{\"@id\":\"https:\\\/\\\/charleroi-pourlapalestine.be\\\/index.php\\\/2024\\\/11\\\/14\\\/un-chirurgien-palestinien-survit-a-sde-teiman-et-a-la-prison-dofer\\\/#breadcrumb\"},\"inLanguage\":\"fr-FR\",\"potentialAction\":[{\"@type\":\"ReadAction\",\"target\":[\"https:\\\/\\\/charleroi-pourlapalestine.be\\\/index.php\\\/2024\\\/11\\\/14\\\/un-chirurgien-palestinien-survit-a-sde-teiman-et-a-la-prison-dofer\\\/\"]}]},{\"@type\":\"ImageObject\",\"inLanguage\":\"fr-FR\",\"@id\":\"https:\\\/\\\/charleroi-pourlapalestine.be\\\/index.php\\\/2024\\\/11\\\/14\\\/un-chirurgien-palestinien-survit-a-sde-teiman-et-a-la-prison-dofer\\\/#primaryimage\",\"url\":\"\",\"contentUrl\":\"\"},{\"@type\":\"BreadcrumbList\",\"@id\":\"https:\\\/\\\/charleroi-pourlapalestine.be\\\/index.php\\\/2024\\\/11\\\/14\\\/un-chirurgien-palestinien-survit-a-sde-teiman-et-a-la-prison-dofer\\\/#breadcrumb\",\"itemListElement\":[{\"@type\":\"ListItem\",\"position\":1,\"name\":\"Accueil\",\"item\":\"https:\\\/\\\/charleroi-pourlapalestine.be\\\/\"},{\"@type\":\"ListItem\",\"position\":2,\"name\":\"Un chirurgien palestinien, survit \u00e0 Sde Teiman et \u00e0 la prison d&#8217;Ofer\"}]},{\"@type\":\"WebSite\",\"@id\":\"https:\\\/\\\/charleroi-pourlapalestine.be\\\/#website\",\"url\":\"https:\\\/\\\/charleroi-pourlapalestine.be\\\/\",\"name\":\"Charleroi Pour la Palestine\",\"description\":\"\",\"publisher\":{\"@id\":\"https:\\\/\\\/charleroi-pourlapalestine.be\\\/#organization\"},\"potentialAction\":[{\"@type\":\"SearchAction\",\"target\":{\"@type\":\"EntryPoint\",\"urlTemplate\":\"https:\\\/\\\/charleroi-pourlapalestine.be\\\/?s={search_term_string}\"},\"query-input\":{\"@type\":\"PropertyValueSpecification\",\"valueRequired\":true,\"valueName\":\"search_term_string\"}}],\"inLanguage\":\"fr-FR\"},{\"@type\":\"Organization\",\"@id\":\"https:\\\/\\\/charleroi-pourlapalestine.be\\\/#organization\",\"name\":\"Plate-forme Charleroi-Palestine\",\"url\":\"https:\\\/\\\/charleroi-pourlapalestine.be\\\/\",\"logo\":{\"@type\":\"ImageObject\",\"inLanguage\":\"fr-FR\",\"@id\":\"https:\\\/\\\/charleroi-pourlapalestine.be\\\/#\\\/schema\\\/logo\\\/image\\\/\",\"url\":\"https:\\\/\\\/charleroi-pourlapalestine.be\\\/wp-content\\\/uploads\\\/2020\\\/01\\\/logo-Copy.jpg\",\"contentUrl\":\"https:\\\/\\\/charleroi-pourlapalestine.be\\\/wp-content\\\/uploads\\\/2020\\\/01\\\/logo-Copy.jpg\",\"width\":180,\"height\":180,\"caption\":\"Plate-forme Charleroi-Palestine\"},\"image\":{\"@id\":\"https:\\\/\\\/charleroi-pourlapalestine.be\\\/#\\\/schema\\\/logo\\\/image\\\/\"},\"sameAs\":[\"https:\\\/\\\/www.facebook.com\\\/PlateformeCharleroiPalestine\\\/\",\"https:\\\/\\\/x.com\\\/LaCharleroi\"]},{\"@type\":\"Person\",\"@id\":\"https:\\\/\\\/charleroi-pourlapalestine.be\\\/#\\\/schema\\\/person\\\/c19ff515112f1299d8c12671d8fe3faa\",\"name\":\"admin1873\",\"url\":\"https:\\\/\\\/charleroi-pourlapalestine.be\\\/index.php\\\/author\\\/admin1873\\\/\"}]}<\/script>\n<!-- \/ Yoast SEO plugin. -->","yoast_head_json":{"title":"Un chirurgien palestinien, survit \u00e0 Sde Teiman et \u00e0 la prison d'Ofer","description":"Apr\u00e8s sa lib\u00e9ration, le Dr Al Serr est retourn\u00e9 au travail, d\u00e9cid\u00e9 \u00e0 continuer de servir son peuple malgr\u00e9 le traumatisme qu'il avait endur\u00e9.","robots":{"index":"index","follow":"follow","max-snippet":"max-snippet:-1","max-image-preview":"max-image-preview:large","max-video-preview":"max-video-preview:-1"},"canonical":"https:\/\/charleroi-pourlapalestine.be\/index.php\/2024\/11\/14\/un-chirurgien-palestinien-survit-a-sde-teiman-et-a-la-prison-dofer\/","schema":{"@context":"https:\/\/schema.org","@graph":[{"@type":"Article","@id":"https:\/\/charleroi-pourlapalestine.be\/index.php\/2024\/11\/14\/un-chirurgien-palestinien-survit-a-sde-teiman-et-a-la-prison-dofer\/#article","isPartOf":{"@id":"https:\/\/charleroi-pourlapalestine.be\/index.php\/2024\/11\/14\/un-chirurgien-palestinien-survit-a-sde-teiman-et-a-la-prison-dofer\/"},"author":{"name":"admin1873","@id":"https:\/\/charleroi-pourlapalestine.be\/#\/schema\/person\/c19ff515112f1299d8c12671d8fe3faa"},"headline":"Un chirurgien palestinien, survit \u00e0 Sde Teiman et \u00e0 la prison d&rsquo;Ofer","datePublished":"2024-11-14T14:40:16+00:00","dateModified":"2024-11-14T14:40:19+00:00","mainEntityOfPage":{"@id":"https:\/\/charleroi-pourlapalestine.be\/index.php\/2024\/11\/14\/un-chirurgien-palestinien-survit-a-sde-teiman-et-a-la-prison-dofer\/"},"wordCount":1491,"publisher":{"@id":"https:\/\/charleroi-pourlapalestine.be\/#organization"},"image":{"@id":"https:\/\/charleroi-pourlapalestine.be\/index.php\/2024\/11\/14\/un-chirurgien-palestinien-survit-a-sde-teiman-et-a-la-prison-dofer\/#primaryimage"},"thumbnailUrl":"https:\/\/charleroi-pourlapalestine.be\/wp-content\/uploads\/2024\/11\/Dr-Khaled-Al-Ser.png","articleSection":["Gaza","G\u00e9nocide","Prisonniers"],"inLanguage":"fr-FR"},{"@type":"WebPage","@id":"https:\/\/charleroi-pourlapalestine.be\/index.php\/2024\/11\/14\/un-chirurgien-palestinien-survit-a-sde-teiman-et-a-la-prison-dofer\/","url":"https:\/\/charleroi-pourlapalestine.be\/index.php\/2024\/11\/14\/un-chirurgien-palestinien-survit-a-sde-teiman-et-a-la-prison-dofer\/","name":"Un chirurgien palestinien, survit \u00e0 Sde Teiman et \u00e0 la prison d'Ofer","isPartOf":{"@id":"https:\/\/charleroi-pourlapalestine.be\/#website"},"primaryImageOfPage":{"@id":"https:\/\/charleroi-pourlapalestine.be\/index.php\/2024\/11\/14\/un-chirurgien-palestinien-survit-a-sde-teiman-et-a-la-prison-dofer\/#primaryimage"},"image":{"@id":"https:\/\/charleroi-pourlapalestine.be\/index.php\/2024\/11\/14\/un-chirurgien-palestinien-survit-a-sde-teiman-et-a-la-prison-dofer\/#primaryimage"},"thumbnailUrl":"https:\/\/charleroi-pourlapalestine.be\/wp-content\/uploads\/2024\/11\/Dr-Khaled-Al-Ser.png","datePublished":"2024-11-14T14:40:16+00:00","dateModified":"2024-11-14T14:40:19+00:00","description":"Apr\u00e8s sa lib\u00e9ration, le Dr Al Serr est retourn\u00e9 au travail, d\u00e9cid\u00e9 \u00e0 continuer de servir son peuple malgr\u00e9 le traumatisme qu'il avait endur\u00e9.","breadcrumb":{"@id":"https:\/\/charleroi-pourlapalestine.be\/index.php\/2024\/11\/14\/un-chirurgien-palestinien-survit-a-sde-teiman-et-a-la-prison-dofer\/#breadcrumb"},"inLanguage":"fr-FR","potentialAction":[{"@type":"ReadAction","target":["https:\/\/charleroi-pourlapalestine.be\/index.php\/2024\/11\/14\/un-chirurgien-palestinien-survit-a-sde-teiman-et-a-la-prison-dofer\/"]}]},{"@type":"ImageObject","inLanguage":"fr-FR","@id":"https:\/\/charleroi-pourlapalestine.be\/index.php\/2024\/11\/14\/un-chirurgien-palestinien-survit-a-sde-teiman-et-a-la-prison-dofer\/#primaryimage","url":"","contentUrl":""},{"@type":"BreadcrumbList","@id":"https:\/\/charleroi-pourlapalestine.be\/index.php\/2024\/11\/14\/un-chirurgien-palestinien-survit-a-sde-teiman-et-a-la-prison-dofer\/#breadcrumb","itemListElement":[{"@type":"ListItem","position":1,"name":"Accueil","item":"https:\/\/charleroi-pourlapalestine.be\/"},{"@type":"ListItem","position":2,"name":"Un chirurgien palestinien, survit \u00e0 Sde Teiman et \u00e0 la prison d&#8217;Ofer"}]},{"@type":"WebSite","@id":"https:\/\/charleroi-pourlapalestine.be\/#website","url":"https:\/\/charleroi-pourlapalestine.be\/","name":"Charleroi Pour la Palestine","description":"","publisher":{"@id":"https:\/\/charleroi-pourlapalestine.be\/#organization"},"potentialAction":[{"@type":"SearchAction","target":{"@type":"EntryPoint","urlTemplate":"https:\/\/charleroi-pourlapalestine.be\/?s={search_term_string}"},"query-input":{"@type":"PropertyValueSpecification","valueRequired":true,"valueName":"search_term_string"}}],"inLanguage":"fr-FR"},{"@type":"Organization","@id":"https:\/\/charleroi-pourlapalestine.be\/#organization","name":"Plate-forme Charleroi-Palestine","url":"https:\/\/charleroi-pourlapalestine.be\/","logo":{"@type":"ImageObject","inLanguage":"fr-FR","@id":"https:\/\/charleroi-pourlapalestine.be\/#\/schema\/logo\/image\/","url":"https:\/\/charleroi-pourlapalestine.be\/wp-content\/uploads\/2020\/01\/logo-Copy.jpg","contentUrl":"https:\/\/charleroi-pourlapalestine.be\/wp-content\/uploads\/2020\/01\/logo-Copy.jpg","width":180,"height":180,"caption":"Plate-forme Charleroi-Palestine"},"image":{"@id":"https:\/\/charleroi-pourlapalestine.be\/#\/schema\/logo\/image\/"},"sameAs":["https:\/\/www.facebook.com\/PlateformeCharleroiPalestine\/","https:\/\/x.com\/LaCharleroi"]},{"@type":"Person","@id":"https:\/\/charleroi-pourlapalestine.be\/#\/schema\/person\/c19ff515112f1299d8c12671d8fe3faa","name":"admin1873","url":"https:\/\/charleroi-pourlapalestine.be\/index.php\/author\/admin1873\/"}]}},"_links":{"self":[{"href":"https:\/\/charleroi-pourlapalestine.be\/index.php\/wp-json\/wp\/v2\/posts\/78609","targetHints":{"allow":["GET"]}}],"collection":[{"href":"https:\/\/charleroi-pourlapalestine.be\/index.php\/wp-json\/wp\/v2\/posts"}],"about":[{"href":"https:\/\/charleroi-pourlapalestine.be\/index.php\/wp-json\/wp\/v2\/types\/post"}],"author":[{"embeddable":true,"href":"https:\/\/charleroi-pourlapalestine.be\/index.php\/wp-json\/wp\/v2\/users\/1"}],"replies":[{"embeddable":true,"href":"https:\/\/charleroi-pourlapalestine.be\/index.php\/wp-json\/wp\/v2\/comments?post=78609"}],"version-history":[{"count":0,"href":"https:\/\/charleroi-pourlapalestine.be\/index.php\/wp-json\/wp\/v2\/posts\/78609\/revisions"}],"wp:attachment":[{"href":"https:\/\/charleroi-pourlapalestine.be\/index.php\/wp-json\/wp\/v2\/media?parent=78609"}],"wp:term":[{"taxonomy":"category","embeddable":true,"href":"https:\/\/charleroi-pourlapalestine.be\/index.php\/wp-json\/wp\/v2\/categories?post=78609"},{"taxonomy":"post_tag","embeddable":true,"href":"https:\/\/charleroi-pourlapalestine.be\/index.php\/wp-json\/wp\/v2\/tags?post=78609"}],"curies":[{"name":"wp","href":"https:\/\/api.w.org\/{rel}","templated":true}]}}