{"id":78759,"date":"2024-11-17T12:24:09","date_gmt":"2024-11-17T11:24:09","guid":{"rendered":"https:\/\/charleroi-pourlapalestine.be\/?p=78759"},"modified":"2024-11-17T12:24:12","modified_gmt":"2024-11-17T11:24:12","slug":"les-attaques-israeliennes-se-traduisent-par-une-augmentation-des-malformations-congenitales-nitales","status":"publish","type":"post","link":"https:\/\/charleroi-pourlapalestine.be\/index.php\/2024\/11\/17\/les-attaques-israeliennes-se-traduisent-par-une-augmentation-des-malformations-congenitales-nitales\/","title":{"rendered":"Les attaques isra\u00e9liennes se traduisent par une augmentation des malformations cong\u00e9nitales"},"content":{"rendered":"<p>Les treize mois d&rsquo;offensive isra\u00e9lienne brutale contre Gaza ont entra\u00een\u00e9 une flamb\u00e9e des naissances pr\u00e9matur\u00e9es et des malformations cong\u00e9nitales.<\/p>\n<p>&nbsp;<\/p>\n<div id=\"attachment_78762\" style=\"width: 1032px\" class=\"wp-caption aligncenter\"><img loading=\"lazy\" decoding=\"async\" aria-describedby=\"caption-attachment-78762\" class=\"wp-image-78762 size-full\" src=\"https:\/\/charleroi-pourlapalestine.be\/wp-content\/uploads\/2024\/11\/Un-bebe-premature-dans-la-clinique-de-Deir-al-Balah.png\" alt=\"Un b\u00e9b\u00e9 pr\u00e9matur\u00e9 re\u00e7oit des soins \u00e0 l'h\u00f4pital al-Aqsa de Deir al-Balah, dans le centre de la bande de Gaza. Les treize mois d'offensive isra\u00e9lienne brutale contre Gaza ont entra\u00een\u00e9 une flamb\u00e9e des naissances pr\u00e9matur\u00e9es et des malformations cong\u00e9nitales. \" width=\"1022\" height=\"685\"><p id=\"caption-attachment-78762\" class=\"wp-caption-text\"><strong>Un b\u00e9b\u00e9 pr\u00e9matur\u00e9 re\u00e7oit des soins \u00e0 l&rsquo;h\u00f4pital al-Aqsa de Deir al-Balah, dans le centre de la bande de Gaza. <\/strong>(Photo : Omar Ashtawy \/ APA images)<\/p><\/div>\n<p>&nbsp;<\/p>\n<p><strong>Taghreed Ali<\/strong>, 10 novembre 2024<\/p>\n<p>Samar Hamdan, qui, en avril, s&rsquo;\u00e9tait enfuie de Jabaliya, dans le nord de la bande de Gaza, pour se r\u00e9fugier \u00e0 Deir al-Balah alors qu&rsquo;elle \u00e9tait enceinte de quatre mois, a subi un choc profond quand sa fille Noor est n\u00e9e pr\u00e9matur\u00e9ment avec une malformation cong\u00e9nitale.<\/p>\n<blockquote>\n<p>\u00ab Les m\u00e9decins m&rsquo;ont dit que ma fille avait de bonnes chances de survie, mais qu&rsquo;elle passerait sa vie sans mains et sans pieds \u00bb,<\/p>\n<\/blockquote>\n<p>a expliqu\u00e9 Samar Hamdan \u00e0 <em>The Electronic Intifada.<\/em><\/p>\n<p>Des proth\u00e8ses sont envisageables m\u00e9dicalement, \u00e0 l&rsquo;avenir, lui ont dit les m\u00e9decins. Ils lui ont \u00e9galement dit que la cause probable des malformations cong\u00e9nitales de sa fille se situait dans les armes utilis\u00e9es lors des bombardements isra\u00e9liens, et plus sp\u00e9cifiquement le phosphore blanc.<\/p>\n<blockquote>\n<p>\u00ab Dans mon troisi\u00e8me mois de grossesse, j&rsquo;ai \u00e9t\u00e9 expos\u00e9e \u00e0 des gaz \u00e9mis par du phosphore blanc, qu&rsquo;on avait d\u00e9vers\u00e9 sur nous en grandes quantit\u00e9s dans le nord de Gaza \u00bb,<\/p>\n<\/blockquote>\n<p>a d\u00e9clar\u00e9 Samar Hamdan.<\/p>\n<blockquote>\n<p>\u00ab C&rsquo;est l&rsquo;une des raisons qui peuvent avoir entra\u00een\u00e9 les malformations cong\u00e9nitales, m&rsquo;a dit le m\u00e9decin traitant. \u00bb<\/p>\n<\/blockquote>\n<p>Et d&rsquo;ajouter que la violence g\u00e9nocidaire d&rsquo;Isra\u00ebl, qui a d\u00e9lib\u00e9r\u00e9ment cibl\u00e9 le secteur de la sant\u00e9 de Gaza, l&rsquo;a emp\u00each\u00e9e de b\u00e9n\u00e9ficier des contr\u00f4les habituels auxquels peuvent normalement s&rsquo;attendre les femmes enceintes.<\/p>\n<blockquote>\n<p>\u00ab Je n&rsquo;ai pas pu subir d&rsquo;\u00e9chographies qui auraient permis de d\u00e9tecter ces malformations avant la naissance \u00bb,<\/p>\n<\/blockquote>\n<p>dit-elle encore.<\/p>\n<p>Le Dr Hatem Edhair, chef de l&rsquo;unit\u00e9 n\u00e9onatale du Complexe m\u00e9dical Nasser \u00e0 Khan Younis, a expliqu\u00e9 \u00e0 <em>The Electronic Intifada<\/em> que l&rsquo;incessante offensive isra\u00e9lienne avait un effet des plus dramatiques sur les femmes enceintes de Gaza et leurs nouveau-n\u00e9s.<\/p>\n<blockquote>\n<p>\u00ab Plus de 170 cas de malformations cong\u00e9nitales chez les nouveau-n\u00e9s ont \u00e9t\u00e9 r\u00e9pertori\u00e9s au cours du dernier tiers de l&rsquo;actuelle guerre d&rsquo;Isra\u00ebl contre Gaza, et c&rsquo;est une statistique particuli\u00e8rement embarrassante \u00bb,<\/p>\n<\/blockquote>\n<p>a-t-il dit \u00e0 propos des cas enregistr\u00e9s au seul h\u00f4pital Nasser, le plus important site m\u00e9dical du centre et du sud de Gaza.<\/p>\n<p>L&rsquo;utilisation par Isra\u00ebl d&rsquo;armes internationalement prohib\u00e9es \u2013 dont les bombes \u00e0 sous-munitions et les bombes au phosphore \u2013 dans ses attaques contre la bande de Gaza a \u00e9t\u00e9<a href=\"https:\/\/euromedmonitor.org\/en\/article\/5908\/Israel-hit-Gaza-Strip-with-the-equivalent-of-two-nuclear-bombs\" target=\"_blank\" rel=\"noopener\"> r\u00e9pertori\u00e9e<\/a> par l&rsquo;organisation juridique Euro-Med Monitor.<\/p>\n<p>&nbsp;<\/p>\n<h3>Aucune issue<\/h3>\n<p>\u00c0 l&rsquo;h\u00f4pital al-Awda de Nuseirat, dans le nord de Gaza, une \u00e9quipe m\u00e9dicale s&rsquo;est battue durant de longs mois pour sauver la vie d&rsquo;Ahmad al-Masri, un b\u00e9b\u00e9 venu au monde avec une malformation cong\u00e9nitale appel\u00e9e hydroc\u00e9phalie (une accumulation de liquide dans le cerveau).<\/p>\n<p>Ahmad \u00e9tait n\u00e9 pr\u00e9matur\u00e9ment \u00e0 sept mois, pesant \u00e0 peine 1 400 grammes. Sa m\u00e8re, Safaa, avait ignor\u00e9 la malformation de son b\u00e9b\u00e9 jusqu&rsquo;au moment de sa naissance par c\u00e9sarienne apr\u00e8s le d\u00e9but de son travail le 13 septembre. Son b\u00e9b\u00e9 \u00e9tait n\u00e9 deux jours plus tard.<\/p>\n<blockquote>\n<p>\u00ab Les m\u00e9decins m&rsquo;ont inform\u00e9e que l&rsquo;\u00e9tat de mon b\u00e9b\u00e9 \u00e9tait critique et que la plupart des b\u00e9b\u00e9s n\u00e9s dans ces conditions ne survivaient pas, du fait qu&rsquo;il n&rsquo;y a pas de traitement pour ce genre de cas \u00e0 Gaza \u00bb,<\/p>\n<\/blockquote>\n<p>a-t-elle dit lors d&rsquo;une interview en octobre.<\/p>\n<p>En novembre, \u00e0 la suite des attaques isra\u00e9liennes contre l&rsquo;h\u00f4pital al-Awda, Ahmad a quitt\u00e9 les lieux : Les m\u00e9decins ont dit qu&rsquo;ils ne pouvaient plus lui procurer les soins dont il avait besoin et que la situation \u00e0 l&rsquo;h\u00f4pital \u00e9tait trop dangereuse.<\/p>\n<p>Safaa explique qu&rsquo;elle esp\u00e8re d\u00e9sormais obtenir l&rsquo;autorisation d&#8217;emmener son fils en \u00c9gypte. Mais il est seulement l&rsquo;un de<a href=\"https:\/\/gisha.org\/en\/rafah-crossing-remains-closed-to-the-movement-of-people-gaza-nearly-hermetically-sealed\/\" target=\"_blank\" rel=\"noopener\">s quelque 14 000 patients<\/a> \u2013 estime-t-on \u2013 ayant besoin d&rsquo;un traitement \u00e0 l&rsquo;ext\u00e9rieur de Gaza, qui est \u00e0 tout le moins herm\u00e9tiquement ferm\u00e9 depuis qu&rsquo;Isra\u00ebl s&rsquo;est empar\u00e9 de Rafah au d\u00e9but du mois de mai et a mis \u00e0 l&rsquo;arr\u00eat tout mouvement de personnes depuis Gaza.<\/p>\n<blockquote>\n<p>\u00ab Mon enfant attend de pouvoir se rendre en \u00c9gypte pour un traitement, mais le seul passage \u00e0 cette fin est ferm\u00e9, et c&rsquo;est une lourde menace pour la vie de mon enfant, du fait que son \u00e9tat empire de jour en jour \u00bb,<\/p>\n<\/blockquote>\n<p>a conclu Safaa en d\u00e9tresse.<\/p>\n<p>La Dre Wissal Abu Laban, une consultante en p\u00e9diatrie \u00e0 l&rsquo;h\u00f4pital al-Awda, a d\u00e9clar\u00e9 que le nombre de fausses couches et de malformations cong\u00e9nitales depuis l&rsquo;entame par Isra\u00ebl de son g\u00e9nocide, l&rsquo;an dernier, a connu <em>\u00ab une augmentation notable \u00bb.<\/em><\/p>\n<p>L&rsquo;une des principales causes de ces malformations, a-t-elle ajout\u00e9,<\/p>\n<blockquote>\n<p>\u00ab est l&rsquo;inhalation de gaz toxiques provenant des bombes isra\u00e9liennes, outre d&rsquo;autres facteurs telles l&rsquo;exposition \u00e0 des rayons X et la prise de m\u00e9dicaments sans consultation m\u00e9dicale \u00bb.<\/p>\n<\/blockquote>\n<p>Et, du fait que le secteur des soins de sant\u00e9 de Gaza est en ruine, il n&rsquo;y a gu\u00e8re de possibilit\u00e9 de venir en aide \u00e0 ces b\u00e9b\u00e9s.<\/p>\n<blockquote>\n<p>\u00ab Vu le manque de ressources m\u00e9dicales \u00e0 Gaza et la fermeture permanente des passages, bien des enfants n\u00e9s avec des malformations cong\u00e9nitales meurent puisqu&rsquo;ils n&rsquo;ont pas la possibilit\u00e9 de voyager afin de se faire soigner \u00bb,<\/p>\n<\/blockquote>\n<p>a ajout\u00e9 la Dre Abu Laban.<\/p>\n<p>&nbsp;<\/p>\n<h3>Un secteur de la sant\u00e9 compl\u00e8tement d\u00e9vast\u00e9<\/h3>\n<p>Safaa a expliqu\u00e9 que sa maison dans le quartier de Malbah, \u00e0 Rafah, avait \u00e9t\u00e9 bombard\u00e9e tard dans la nuit en mars, et sans le moindre avertissement.<\/p>\n<p>L&rsquo;attaque l&rsquo;avait laiss\u00e9e avec des br\u00fblures dans les d\u00e9combres et elle avait d\u00fb attendre trois heures avant qu&rsquo;on ne la d\u00e9gage.<\/p>\n<blockquote>\n<p>\u00ab J&rsquo;ai respir\u00e9 des gaz \u00e9mis par les missiles qui ont frapp\u00e9 la maison, au point de presque suffoquer \u00bb,<\/p>\n<\/blockquote>\n<p>a-t-elle d\u00e9clar\u00e9.<\/p>\n<p><a href=\"https:\/\/www.thelancet.com\/journals\/lancet\/article\/PIIS0140-6736(24)02249-9\/fulltext\" target=\"_blank\" rel=\"noopener\">Selon<em> The Lancet<\/em>,<\/a> un journal m\u00e9dical britannique, Gaza souffre d&rsquo;une augmentation <em>\u00ab stup\u00e9fiante \u00bb<\/em> du nombre de naissances pr\u00e9matur\u00e9es,<\/p>\n<blockquote>\n<p>\u00ab souvent d\u00e9clench\u00e9es par le stress chronique du d\u00e9placement, de la malnutrition et du traumatisme provoqu\u00e9 par les frappes a\u00e9riennes \u00bb<\/p>\n<p>\u00ab L&rsquo;effondrement quasi total des infrastructures de soins de sant\u00e9, associ\u00e9 au manque d&rsquo;acc\u00e8s \u00e0 des services m\u00e9dicaux essentiels, s&rsquo;est traduit par une augmentation tragique des d\u00e9c\u00e8s maternels et n\u00e9onatals \u00e9vitables \u00bb,<\/p>\n<\/blockquote>\n<p>ont estim\u00e9 les auteurs.<\/p>\n<p>Le Dr Husam Abu Safieh, le directeur de l&rsquo;h\u00f4pital Kamal Adwan de Beit Lahiya, dans le nord de Gaza, a d\u00e9clar\u00e9 qu&rsquo;au cours des six derniers mois de la premi\u00e8re ann\u00e9e de la guerre \u00e0 Gaza, son h\u00f4pital avait admis 30 cas de nouveau-n\u00e9s pr\u00e9sentant diverses malformations cong\u00e9nitales.<\/p>\n<blockquote>\n<p>\u00ab Les malformations affectant les nouveau-n\u00e9s varient. Poumons et cr\u00e2ne sous-d\u00e9velopp\u00e9s, hydroc\u00e9phalie et malformations du syst\u00e8me digestif \u00bb,<\/p>\n<\/blockquote>\n<p>a-t-il expliqu\u00e9 lors d&rsquo;une interview en ao\u00fbt.<\/p>\n<p>Le Dr Abu Safieh \u2013 dont le fils a \u00e9t\u00e9 tu\u00e9 au moment o\u00f9 les troupes isra\u00e9liennes ont assi\u00e9g\u00e9 l&rsquo;h\u00f4pital le mois dernier, mais qui est d\u00e9termin\u00e9 \u00e0<a href=\"https:\/\/www.972mag.com\/kamal-adwan-hospital-hussam-abu-safia\/\" target=\"_blank\" rel=\"noopener\"> rester en place<\/a> \u2013 attribue ces malformations au recours par Isra\u00ebl \u00e0 des armes interdites lors de ses attaques, ainsi qu&rsquo;au manque de soins de sant\u00e9 ad\u00e9quats pour les femmes enceintes \u00e0 la suite du long si\u00e8ge impos\u00e9 au nord de Gaza, qui a \u00e9t\u00e9 coup\u00e9 compl\u00e8tement du reste du territoire depuis le d\u00e9but du mois d&rsquo;octobre.<\/p>\n<p>Sanaa Sidam, dont la maison \u00e0 Jabaliya a \u00e9t\u00e9 d\u00e9truite lors d&rsquo;un bombardement isra\u00e9lien, a \u00e9t\u00e9 passablement \u00e9branl\u00e9e quand son fils Karim est n\u00e9 le 13 juillet, avec un poids de 2 300 grammes et des malformations cardiaques et pulmonaires cong\u00e9nitales.<\/p>\n<p>Le b\u00e9b\u00e9 re\u00e7oit des soins m\u00e9dicaux \u00e0 l&rsquo;h\u00f4pital Kamal Adwan, mais son \u00e9tat est critique, ont d\u00e9clar\u00e9 les m\u00e9decins \u00e0 Sanaa.<\/p>\n<blockquote>\n<p>\u00ab Pendant ma grossesse, j&rsquo;ai \u00e9t\u00e9 d\u00e9plac\u00e9e au moins sept fois. Chaque fois, il nous a fallu \u00e9vacuer en toute h\u00e2te sous les bombardements isra\u00e9liens continuels \u00bb,<\/p>\n<\/blockquote>\n<p>a dit Sanaa Sidam.<\/p>\n<blockquote>\n<p>\u00ab Il y a une peur r\u00e9pandue de fausse couche \u00e0 domicile, parmi les femmes enceintes, en raison des bombardements intenses et du fait qu&rsquo;elles sont dans l&rsquo;impossibilit\u00e9 de rallier des centres m\u00e9dicaux. \u00bb<\/p>\n<\/blockquote>\n<p style=\"text-align: center;\">*****<\/p>\n<p><strong>Taghreed Ali<\/strong> est journaliste. Elle vit et travaille \u00e0 Gaza.<\/p>\n<p style=\"text-align: center;\">******<\/p>\n<p>Publi\u00e9 le 10 novembre 2024 sur <a href=\"https:\/\/electronicintifada.net\/content\/israeli-attacks-leading-increase-birth-defects\/49866\" target=\"_blank\" rel=\"noopener\">The Electronic Intifada<\/a><br>Traduction : Jean-Marie Fl\u00e9mal, <a href=\"https:\/\/charleroi-pourlapalestine.be\/\" target=\"_blank\" rel=\"noopener\">Charleroi pour la Palestine<\/a><\/p>\n<p>&nbsp;<\/p>\n\n\n<p><\/p>\n","protected":false},"excerpt":{"rendered":"<p>Le Dr Abu Safieh attribue ces malformations au recours par Isra\u00ebl \u00e0 des armes interdites, ainsi qu&rsquo;au manque de soins de sant\u00e9 ad\u00e9quats pour les femmes enceintes.<\/p>\n","protected":false},"author":1,"featured_media":0,"comment_status":"closed","ping_status":"closed","sticky":false,"template":"","format":"standard","meta":{"ngg_post_thumbnail":0,"footnotes":""},"categories":[6,344],"tags":[],"class_list":["post-78759","post","type-post","status-publish","format-standard","hentry","category-gaza","category-genocide"],"yoast_head":"<!-- This site is optimized with the Yoast SEO plugin v27.3 - https:\/\/yoast.com\/product\/yoast-seo-wordpress\/ -->\n<title>Les attaques isra\u00e9liennes se traduisent par une augmentation des malformations cong\u00e9nitales<\/title>\n<meta name=\"description\" content=\"Les treize mois d&#039;offensive isra\u00e9lienne contre Gaza ont entra\u00een\u00e9 une flamb\u00e9e des naissances pr\u00e9matur\u00e9es et des malformations cong\u00e9nitales.\" \/>\n<meta name=\"robots\" content=\"index, follow, max-snippet:-1, max-image-preview:large, max-video-preview:-1\" \/>\n<link rel=\"canonical\" href=\"https:\/\/charleroi-pourlapalestine.be\/index.php\/2024\/11\/17\/les-attaques-israeliennes-se-traduisent-par-une-augmentation-des-malformations-congenitales-nitales\/\" \/>\n<script type=\"application\/ld+json\" class=\"yoast-schema-graph\">{\"@context\":\"https:\\\/\\\/schema.org\",\"@graph\":[{\"@type\":\"Article\",\"@id\":\"https:\\\/\\\/charleroi-pourlapalestine.be\\\/index.php\\\/2024\\\/11\\\/17\\\/les-attaques-israeliennes-se-traduisent-par-une-augmentation-des-malformations-congenitales-nitales\\\/#article\",\"isPartOf\":{\"@id\":\"https:\\\/\\\/charleroi-pourlapalestine.be\\\/index.php\\\/2024\\\/11\\\/17\\\/les-attaques-israeliennes-se-traduisent-par-une-augmentation-des-malformations-congenitales-nitales\\\/\"},\"author\":{\"name\":\"admin1873\",\"@id\":\"https:\\\/\\\/charleroi-pourlapalestine.be\\\/#\\\/schema\\\/person\\\/c19ff515112f1299d8c12671d8fe3faa\"},\"headline\":\"Les attaques isra\u00e9liennes se traduisent par une augmentation des malformations cong\u00e9nitales\",\"datePublished\":\"2024-11-17T11:24:09+00:00\",\"dateModified\":\"2024-11-17T11:24:12+00:00\",\"mainEntityOfPage\":{\"@id\":\"https:\\\/\\\/charleroi-pourlapalestine.be\\\/index.php\\\/2024\\\/11\\\/17\\\/les-attaques-israeliennes-se-traduisent-par-une-augmentation-des-malformations-congenitales-nitales\\\/\"},\"wordCount\":1494,\"publisher\":{\"@id\":\"https:\\\/\\\/charleroi-pourlapalestine.be\\\/#organization\"},\"image\":{\"@id\":\"https:\\\/\\\/charleroi-pourlapalestine.be\\\/index.php\\\/2024\\\/11\\\/17\\\/les-attaques-israeliennes-se-traduisent-par-une-augmentation-des-malformations-congenitales-nitales\\\/#primaryimage\"},\"thumbnailUrl\":\"https:\\\/\\\/charleroi-pourlapalestine.be\\\/wp-content\\\/uploads\\\/2024\\\/11\\\/Un-bebe-premature-dans-la-clinique-de-Deir-al-Balah.png\",\"articleSection\":[\"Gaza\",\"G\u00e9nocide\"],\"inLanguage\":\"fr-FR\"},{\"@type\":\"WebPage\",\"@id\":\"https:\\\/\\\/charleroi-pourlapalestine.be\\\/index.php\\\/2024\\\/11\\\/17\\\/les-attaques-israeliennes-se-traduisent-par-une-augmentation-des-malformations-congenitales-nitales\\\/\",\"url\":\"https:\\\/\\\/charleroi-pourlapalestine.be\\\/index.php\\\/2024\\\/11\\\/17\\\/les-attaques-israeliennes-se-traduisent-par-une-augmentation-des-malformations-congenitales-nitales\\\/\",\"name\":\"Les attaques isra\u00e9liennes se traduisent par une augmentation des malformations cong\u00e9nitales\",\"isPartOf\":{\"@id\":\"https:\\\/\\\/charleroi-pourlapalestine.be\\\/#website\"},\"primaryImageOfPage\":{\"@id\":\"https:\\\/\\\/charleroi-pourlapalestine.be\\\/index.php\\\/2024\\\/11\\\/17\\\/les-attaques-israeliennes-se-traduisent-par-une-augmentation-des-malformations-congenitales-nitales\\\/#primaryimage\"},\"image\":{\"@id\":\"https:\\\/\\\/charleroi-pourlapalestine.be\\\/index.php\\\/2024\\\/11\\\/17\\\/les-attaques-israeliennes-se-traduisent-par-une-augmentation-des-malformations-congenitales-nitales\\\/#primaryimage\"},\"thumbnailUrl\":\"https:\\\/\\\/charleroi-pourlapalestine.be\\\/wp-content\\\/uploads\\\/2024\\\/11\\\/Un-bebe-premature-dans-la-clinique-de-Deir-al-Balah.png\",\"datePublished\":\"2024-11-17T11:24:09+00:00\",\"dateModified\":\"2024-11-17T11:24:12+00:00\",\"description\":\"Les treize mois d'offensive isra\u00e9lienne contre Gaza ont entra\u00een\u00e9 une flamb\u00e9e des naissances pr\u00e9matur\u00e9es et des malformations cong\u00e9nitales.\",\"breadcrumb\":{\"@id\":\"https:\\\/\\\/charleroi-pourlapalestine.be\\\/index.php\\\/2024\\\/11\\\/17\\\/les-attaques-israeliennes-se-traduisent-par-une-augmentation-des-malformations-congenitales-nitales\\\/#breadcrumb\"},\"inLanguage\":\"fr-FR\",\"potentialAction\":[{\"@type\":\"ReadAction\",\"target\":[\"https:\\\/\\\/charleroi-pourlapalestine.be\\\/index.php\\\/2024\\\/11\\\/17\\\/les-attaques-israeliennes-se-traduisent-par-une-augmentation-des-malformations-congenitales-nitales\\\/\"]}]},{\"@type\":\"ImageObject\",\"inLanguage\":\"fr-FR\",\"@id\":\"https:\\\/\\\/charleroi-pourlapalestine.be\\\/index.php\\\/2024\\\/11\\\/17\\\/les-attaques-israeliennes-se-traduisent-par-une-augmentation-des-malformations-congenitales-nitales\\\/#primaryimage\",\"url\":\"\",\"contentUrl\":\"\"},{\"@type\":\"BreadcrumbList\",\"@id\":\"https:\\\/\\\/charleroi-pourlapalestine.be\\\/index.php\\\/2024\\\/11\\\/17\\\/les-attaques-israeliennes-se-traduisent-par-une-augmentation-des-malformations-congenitales-nitales\\\/#breadcrumb\",\"itemListElement\":[{\"@type\":\"ListItem\",\"position\":1,\"name\":\"Accueil\",\"item\":\"https:\\\/\\\/charleroi-pourlapalestine.be\\\/\"},{\"@type\":\"ListItem\",\"position\":2,\"name\":\"Les attaques isra\u00e9liennes se traduisent par une augmentation des malformations cong\u00e9nitales\"}]},{\"@type\":\"WebSite\",\"@id\":\"https:\\\/\\\/charleroi-pourlapalestine.be\\\/#website\",\"url\":\"https:\\\/\\\/charleroi-pourlapalestine.be\\\/\",\"name\":\"Charleroi Pour la Palestine\",\"description\":\"\",\"publisher\":{\"@id\":\"https:\\\/\\\/charleroi-pourlapalestine.be\\\/#organization\"},\"potentialAction\":[{\"@type\":\"SearchAction\",\"target\":{\"@type\":\"EntryPoint\",\"urlTemplate\":\"https:\\\/\\\/charleroi-pourlapalestine.be\\\/?s={search_term_string}\"},\"query-input\":{\"@type\":\"PropertyValueSpecification\",\"valueRequired\":true,\"valueName\":\"search_term_string\"}}],\"inLanguage\":\"fr-FR\"},{\"@type\":\"Organization\",\"@id\":\"https:\\\/\\\/charleroi-pourlapalestine.be\\\/#organization\",\"name\":\"Plate-forme Charleroi-Palestine\",\"url\":\"https:\\\/\\\/charleroi-pourlapalestine.be\\\/\",\"logo\":{\"@type\":\"ImageObject\",\"inLanguage\":\"fr-FR\",\"@id\":\"https:\\\/\\\/charleroi-pourlapalestine.be\\\/#\\\/schema\\\/logo\\\/image\\\/\",\"url\":\"https:\\\/\\\/charleroi-pourlapalestine.be\\\/wp-content\\\/uploads\\\/2020\\\/01\\\/logo-Copy.jpg\",\"contentUrl\":\"https:\\\/\\\/charleroi-pourlapalestine.be\\\/wp-content\\\/uploads\\\/2020\\\/01\\\/logo-Copy.jpg\",\"width\":180,\"height\":180,\"caption\":\"Plate-forme Charleroi-Palestine\"},\"image\":{\"@id\":\"https:\\\/\\\/charleroi-pourlapalestine.be\\\/#\\\/schema\\\/logo\\\/image\\\/\"},\"sameAs\":[\"https:\\\/\\\/www.facebook.com\\\/PlateformeCharleroiPalestine\\\/\",\"https:\\\/\\\/x.com\\\/LaCharleroi\"]},{\"@type\":\"Person\",\"@id\":\"https:\\\/\\\/charleroi-pourlapalestine.be\\\/#\\\/schema\\\/person\\\/c19ff515112f1299d8c12671d8fe3faa\",\"name\":\"admin1873\",\"url\":\"https:\\\/\\\/charleroi-pourlapalestine.be\\\/index.php\\\/author\\\/admin1873\\\/\"}]}<\/script>\n<!-- \/ Yoast SEO plugin. -->","yoast_head_json":{"title":"Les attaques isra\u00e9liennes se traduisent par une augmentation des malformations cong\u00e9nitales","description":"Les treize mois d'offensive isra\u00e9lienne contre Gaza ont entra\u00een\u00e9 une flamb\u00e9e des naissances pr\u00e9matur\u00e9es et des malformations cong\u00e9nitales.","robots":{"index":"index","follow":"follow","max-snippet":"max-snippet:-1","max-image-preview":"max-image-preview:large","max-video-preview":"max-video-preview:-1"},"canonical":"https:\/\/charleroi-pourlapalestine.be\/index.php\/2024\/11\/17\/les-attaques-israeliennes-se-traduisent-par-une-augmentation-des-malformations-congenitales-nitales\/","schema":{"@context":"https:\/\/schema.org","@graph":[{"@type":"Article","@id":"https:\/\/charleroi-pourlapalestine.be\/index.php\/2024\/11\/17\/les-attaques-israeliennes-se-traduisent-par-une-augmentation-des-malformations-congenitales-nitales\/#article","isPartOf":{"@id":"https:\/\/charleroi-pourlapalestine.be\/index.php\/2024\/11\/17\/les-attaques-israeliennes-se-traduisent-par-une-augmentation-des-malformations-congenitales-nitales\/"},"author":{"name":"admin1873","@id":"https:\/\/charleroi-pourlapalestine.be\/#\/schema\/person\/c19ff515112f1299d8c12671d8fe3faa"},"headline":"Les attaques isra\u00e9liennes se traduisent par une augmentation des malformations cong\u00e9nitales","datePublished":"2024-11-17T11:24:09+00:00","dateModified":"2024-11-17T11:24:12+00:00","mainEntityOfPage":{"@id":"https:\/\/charleroi-pourlapalestine.be\/index.php\/2024\/11\/17\/les-attaques-israeliennes-se-traduisent-par-une-augmentation-des-malformations-congenitales-nitales\/"},"wordCount":1494,"publisher":{"@id":"https:\/\/charleroi-pourlapalestine.be\/#organization"},"image":{"@id":"https:\/\/charleroi-pourlapalestine.be\/index.php\/2024\/11\/17\/les-attaques-israeliennes-se-traduisent-par-une-augmentation-des-malformations-congenitales-nitales\/#primaryimage"},"thumbnailUrl":"https:\/\/charleroi-pourlapalestine.be\/wp-content\/uploads\/2024\/11\/Un-bebe-premature-dans-la-clinique-de-Deir-al-Balah.png","articleSection":["Gaza","G\u00e9nocide"],"inLanguage":"fr-FR"},{"@type":"WebPage","@id":"https:\/\/charleroi-pourlapalestine.be\/index.php\/2024\/11\/17\/les-attaques-israeliennes-se-traduisent-par-une-augmentation-des-malformations-congenitales-nitales\/","url":"https:\/\/charleroi-pourlapalestine.be\/index.php\/2024\/11\/17\/les-attaques-israeliennes-se-traduisent-par-une-augmentation-des-malformations-congenitales-nitales\/","name":"Les attaques isra\u00e9liennes se traduisent par une augmentation des malformations cong\u00e9nitales","isPartOf":{"@id":"https:\/\/charleroi-pourlapalestine.be\/#website"},"primaryImageOfPage":{"@id":"https:\/\/charleroi-pourlapalestine.be\/index.php\/2024\/11\/17\/les-attaques-israeliennes-se-traduisent-par-une-augmentation-des-malformations-congenitales-nitales\/#primaryimage"},"image":{"@id":"https:\/\/charleroi-pourlapalestine.be\/index.php\/2024\/11\/17\/les-attaques-israeliennes-se-traduisent-par-une-augmentation-des-malformations-congenitales-nitales\/#primaryimage"},"thumbnailUrl":"https:\/\/charleroi-pourlapalestine.be\/wp-content\/uploads\/2024\/11\/Un-bebe-premature-dans-la-clinique-de-Deir-al-Balah.png","datePublished":"2024-11-17T11:24:09+00:00","dateModified":"2024-11-17T11:24:12+00:00","description":"Les treize mois d'offensive isra\u00e9lienne contre Gaza ont entra\u00een\u00e9 une flamb\u00e9e des naissances pr\u00e9matur\u00e9es et des malformations cong\u00e9nitales.","breadcrumb":{"@id":"https:\/\/charleroi-pourlapalestine.be\/index.php\/2024\/11\/17\/les-attaques-israeliennes-se-traduisent-par-une-augmentation-des-malformations-congenitales-nitales\/#breadcrumb"},"inLanguage":"fr-FR","potentialAction":[{"@type":"ReadAction","target":["https:\/\/charleroi-pourlapalestine.be\/index.php\/2024\/11\/17\/les-attaques-israeliennes-se-traduisent-par-une-augmentation-des-malformations-congenitales-nitales\/"]}]},{"@type":"ImageObject","inLanguage":"fr-FR","@id":"https:\/\/charleroi-pourlapalestine.be\/index.php\/2024\/11\/17\/les-attaques-israeliennes-se-traduisent-par-une-augmentation-des-malformations-congenitales-nitales\/#primaryimage","url":"","contentUrl":""},{"@type":"BreadcrumbList","@id":"https:\/\/charleroi-pourlapalestine.be\/index.php\/2024\/11\/17\/les-attaques-israeliennes-se-traduisent-par-une-augmentation-des-malformations-congenitales-nitales\/#breadcrumb","itemListElement":[{"@type":"ListItem","position":1,"name":"Accueil","item":"https:\/\/charleroi-pourlapalestine.be\/"},{"@type":"ListItem","position":2,"name":"Les attaques isra\u00e9liennes se traduisent par une augmentation des malformations cong\u00e9nitales"}]},{"@type":"WebSite","@id":"https:\/\/charleroi-pourlapalestine.be\/#website","url":"https:\/\/charleroi-pourlapalestine.be\/","name":"Charleroi Pour la Palestine","description":"","publisher":{"@id":"https:\/\/charleroi-pourlapalestine.be\/#organization"},"potentialAction":[{"@type":"SearchAction","target":{"@type":"EntryPoint","urlTemplate":"https:\/\/charleroi-pourlapalestine.be\/?s={search_term_string}"},"query-input":{"@type":"PropertyValueSpecification","valueRequired":true,"valueName":"search_term_string"}}],"inLanguage":"fr-FR"},{"@type":"Organization","@id":"https:\/\/charleroi-pourlapalestine.be\/#organization","name":"Plate-forme Charleroi-Palestine","url":"https:\/\/charleroi-pourlapalestine.be\/","logo":{"@type":"ImageObject","inLanguage":"fr-FR","@id":"https:\/\/charleroi-pourlapalestine.be\/#\/schema\/logo\/image\/","url":"https:\/\/charleroi-pourlapalestine.be\/wp-content\/uploads\/2020\/01\/logo-Copy.jpg","contentUrl":"https:\/\/charleroi-pourlapalestine.be\/wp-content\/uploads\/2020\/01\/logo-Copy.jpg","width":180,"height":180,"caption":"Plate-forme Charleroi-Palestine"},"image":{"@id":"https:\/\/charleroi-pourlapalestine.be\/#\/schema\/logo\/image\/"},"sameAs":["https:\/\/www.facebook.com\/PlateformeCharleroiPalestine\/","https:\/\/x.com\/LaCharleroi"]},{"@type":"Person","@id":"https:\/\/charleroi-pourlapalestine.be\/#\/schema\/person\/c19ff515112f1299d8c12671d8fe3faa","name":"admin1873","url":"https:\/\/charleroi-pourlapalestine.be\/index.php\/author\/admin1873\/"}]}},"_links":{"self":[{"href":"https:\/\/charleroi-pourlapalestine.be\/index.php\/wp-json\/wp\/v2\/posts\/78759","targetHints":{"allow":["GET"]}}],"collection":[{"href":"https:\/\/charleroi-pourlapalestine.be\/index.php\/wp-json\/wp\/v2\/posts"}],"about":[{"href":"https:\/\/charleroi-pourlapalestine.be\/index.php\/wp-json\/wp\/v2\/types\/post"}],"author":[{"embeddable":true,"href":"https:\/\/charleroi-pourlapalestine.be\/index.php\/wp-json\/wp\/v2\/users\/1"}],"replies":[{"embeddable":true,"href":"https:\/\/charleroi-pourlapalestine.be\/index.php\/wp-json\/wp\/v2\/comments?post=78759"}],"version-history":[{"count":0,"href":"https:\/\/charleroi-pourlapalestine.be\/index.php\/wp-json\/wp\/v2\/posts\/78759\/revisions"}],"wp:attachment":[{"href":"https:\/\/charleroi-pourlapalestine.be\/index.php\/wp-json\/wp\/v2\/media?parent=78759"}],"wp:term":[{"taxonomy":"category","embeddable":true,"href":"https:\/\/charleroi-pourlapalestine.be\/index.php\/wp-json\/wp\/v2\/categories?post=78759"},{"taxonomy":"post_tag","embeddable":true,"href":"https:\/\/charleroi-pourlapalestine.be\/index.php\/wp-json\/wp\/v2\/tags?post=78759"}],"curies":[{"name":"wp","href":"https:\/\/api.w.org\/{rel}","templated":true}]}}