{"id":78789,"date":"2024-10-22T10:23:00","date_gmt":"2024-10-22T08:23:00","guid":{"rendered":"https:\/\/charleroi-pourlapalestine.be\/?p=78789"},"modified":"2024-11-18T11:09:46","modified_gmt":"2024-11-18T10:09:46","slug":"tant-que-gaza-ne-se-revoltera-pas-le-monde-ne-fera-rien","status":"publish","type":"post","link":"https:\/\/charleroi-pourlapalestine.be\/index.php\/2024\/10\/22\/tant-que-gaza-ne-se-revoltera-pas-le-monde-ne-fera-rien\/","title":{"rendered":"\u00ab Tant que Gaza ne se r\u00e9voltera pas, le monde ne fera rien \u00bb"},"content":{"rendered":"<p>\u00ab<em><strong> Tant que Gaza ne se r\u00e9voltera pas, le monde ne fera rien \u00bb<\/strong><\/em>, Michael Lynk (rapporteur de l&rsquo;ONU sur la Palestine en 2019) (1)<\/p>\n<blockquote>\n<p>\u00ab\u00a0Tant que Gaza ne se r\u00e9voltera pas, tant que Gaza ne sera pas p\u00e9riodiquement bombard\u00e9e avec les armes les plus sophistiqu\u00e9es au monde, tant que Gaza ne fera pas la une de la presse mondiale, le monde ne fera rien pour changer cette situation \u00bb.<br>&nbsp;<\/p>\n<\/blockquote>\n<p>&nbsp;<\/p>\n<p><img loading=\"lazy\" decoding=\"async\" class=\"aligncenter wp-image-78803 size-full\" src=\"https:\/\/charleroi-pourlapalestine.be\/wp-content\/uploads\/2024\/10\/Our-narrative.jpg\" alt=\"Sortir du ghetto de Gaza. Illustration dans le texte &quot;Our narrative&quot; (&quot;Notre r\u00e9cit&quot;)\" width=\"700\" height=\"413\"><\/p>\n<p>&nbsp;<\/p>\n<p>&nbsp;<\/p>\n<p><strong>Luk Vervaet,<\/strong> le 20 octobre 2024 <br>&nbsp;<\/p>\n<p>Je me souviens des rares fois o\u00f9 nous avons \u00e9t\u00e9 re\u00e7us en d\u00e9l\u00e9gation au cabinet du lib\u00e9ral Didier Reynders, alors ministre des Affaires \u00e9trang\u00e8res, sur le cas d\u2019Ali Aarrass.(2)&nbsp; Nous y sommes all\u00e9s pour plaider en faveur d&rsquo;une intervention humanitaire minimale : une assistance consulaire de la Belgique pour ce Belgo-Marocain, accus\u00e9 \u00e0 tort de terrorisme, qui a failli mourir dans une prison marocaine. Et \u00e0 chaque fois, les membres du cabinet tombaient du ciel lorsque nous leur parlions des piles de documents de l&rsquo;ONU, des appels d&rsquo;Amnesty et d&rsquo;autres organisations de d\u00e9fense des droits de l&rsquo;homme qui t\u00e9moignaient noir sur blanc de la torture d&rsquo;Ali Aarrass au Maroc. <em>\u00ab Je n&rsquo;en ai jamais entendu parler, nous ne le savions pas<\/em> \u00bb, affirmaient-ils. S&rsquo;agit-il d&rsquo;une pure hypocrisie ou d&rsquo;une pure indiff\u00e9rence, qui sait ? Le fait est que tous ces rapports ont d\u00fb moisir quelque part dans un coin poussi\u00e9reux du minist\u00e8re. Rien n&rsquo;a chang\u00e9.&nbsp;&nbsp;<\/p>\n<p>Nous avons quitt\u00e9 le b\u00e2timent avec un sentiment d&rsquo;amertume, apprenant que c&rsquo;est la politique qui commande, non pas la loi, ni la justice, ni les consid\u00e9rations humanitaires.&nbsp;<\/p>\n<p>&nbsp;<\/p>\n<h3>Which side are you on ? (3)&nbsp;&nbsp;<\/h3>\n<p>Et non, il ne s&rsquo;agit pas de deux poids, deux mesures, comme on l&rsquo;entend souvent dans les critiques de la politique occidentale. En mati\u00e8re de terrorisme et de <em>War on Terror,<\/em> la guerre contre la terreur, nouveau nom des guerres coloniales, il n&rsquo;y a qu&rsquo;une seule mesure et qu&rsquo;un seul poids. Qu&rsquo;il s&rsquo;agisse d&rsquo;Ali Aarrass, de Julian Assange, de Nizar Tabelsi ou de Guantanamo, il ne s&rsquo;agit plus de faits objectifs de torture, d&rsquo;enl\u00e8vement ou de meurtre, mais du camp dans lequel on se trouve : dans notre camp occidental ou dans le camp de l&rsquo;ennemi.&nbsp;<\/p>\n<p>Ce n&rsquo;est qu&rsquo;un petit exemple que je cite pour nous aider \u00e0 mieux comprendre ce que les Palestiniens vivent \u00e0 grande \u00e9chelle et depuis des toujours. Au cours des derni\u00e8res d\u00e9cennies, ce ne sont pas des dizaines, mais des centaines de r\u00e9solutions, de votes et de rapports qui ont \u00e9t\u00e9 publi\u00e9s au plus haut niveau pour condamner Isra\u00ebl pour les crimes qu&rsquo;il commet \u00e0 l&rsquo;encontre du peuple palestinien. Tous sans cons\u00e9quence. Sans changer ne serait-ce qu&rsquo;un iota \u00e0 la politique occidentale. Qui se poursuit jusqu&rsquo;\u00e0 soutenir le g\u00e9nocide de Gaza, maintenant \u00e9tendu \u00e0 toute la r\u00e9gion. Qui nous apprend qu&rsquo;en mati\u00e8re de lutte contre le terrorisme, la classe politique europ\u00e9enne est sur la m\u00eame ligne que les assassins de masse isra\u00e9liens en Palestine. Sur la m\u00eame ligne que les \u00c9tats-Unis qui ont lanc\u00e9 la guerre mondiale contre le terrorisme, il y a une vingtaine d&rsquo;ann\u00e9es.&nbsp;<\/p>\n<p>Bart De Wever, pr\u00e9sident de la NVA, le plus grand parti de Belgique, au lendemain du 7 octobre 2023, r\u00e9sumait ainsi la situation : <em>\u00ab Aujourd&rsquo;hui, il n&rsquo;y a qu&rsquo;un seul camp \u00e0 choisir. C&rsquo;est le camp d&rsquo;Isra\u00ebl \u00bb.<\/em> Ce que cela signifie un an plus tard, nous l&rsquo;avons entendu de la bouche d&rsquo;autres dirigeants belges. <em>\u00ab Le Hezbollah doit \u00eatre interdit. L&rsquo;histoire du bipeur, c&rsquo;est du g\u00e9nie ! Qu&rsquo;ils continuent comme \u00e7a ! \u00bb<\/em>, a d\u00e9clar\u00e9 Francken, un coll\u00e8gue de parti, apr\u00e8s l&rsquo;attentat terroriste au Liban qui a fait plusieurs dizaines de morts et des centaines de bless\u00e9s et de mutil\u00e9s. Tout comme M. Bouchez, pr\u00e9sident du MR, le plus grand parti francophone de Belgique, qui a d\u00e9clar\u00e9 : <em>\u00ab L&rsquo;attaque des bipeurs est un coup de g\u00e9nie \u00bb.&nbsp;&nbsp;<\/em><\/p>\n<p>&nbsp;<\/p>\n<h3>Bl\u00e2mer la victime<\/h3>\n<p>Le lendemain de l&rsquo;explosion de Gaza, le 7 octobre 2023, le drapeau isra\u00e9lien a \u00e9t\u00e9 d\u00e9ploy\u00e9 sur tous les b\u00e2timents officiels des villes europ\u00e9ennes. Le Parlement europ\u00e9en a fait encore mieux : le drapeau isra\u00e9lien a \u00e9t\u00e9 projet\u00e9 sur le b\u00e2timent du Berlaimont \u00e0 Bruxelles. Co\u00fbt : 28 520 euros ! Un an plus tard, la m\u00eame classe politique europ\u00e9enne a comm\u00e9mor\u00e9 le premier anniversaire comme si rien ne s&rsquo;\u00e9tait pass\u00e9 cette ann\u00e9e-l\u00e0.&nbsp; Les lumi\u00e8res de la tour Eiffel sont \u00e0 nouveau \u00e9teintes et le drapeau isra\u00e9lien est projet\u00e9 sur la porte de Brandebourg.&nbsp; L&rsquo;Europe a comm\u00e9mor\u00e9 les 1 200 victimes isra\u00e9liennes de la flamb\u00e9e de Gaza. Rien qu&rsquo;eux. Pas les dizaines de milliers de personnes tu\u00e9es et mutil\u00e9es \u00e0 Gaza.&nbsp; Le nombre indescriptible de morts et de bless\u00e9s palestiniens, libanais, iraniens, y\u00e9m\u00e9nites n&rsquo;a non seulement pas \u00e9t\u00e9 mentionn\u00e9, mais la responsabilit\u00e9 en a \u00e9t\u00e9 attribu\u00e9e \u00e0 la r\u00e9sistance palestinienne et \u00e0 ce qui s&rsquo;est pass\u00e9 le 7 octobre.&nbsp;<\/p>\n<p>La pr\u00e9sidente de la Commission europ\u00e9enne, la d\u00e9mocrate-chr\u00e9tienne Ursula von der Leyen, a d\u00e9clar\u00e9 que les attaques du Hamas, au cours desquelles 1 200 Isra\u00e9liens ont \u00e9t\u00e9 tu\u00e9s et 250 autres pris en otage, \u00e9taient un exemple de <em>\u00ab brutalit\u00e9 inqualifiable<\/em> \u00bb (sic). <em>\u00ab Les attaques terroristes du Hamas contre Isra\u00ebl ont d\u00e9clench\u00e9 une spirale de violence qui a plong\u00e9 toute la r\u00e9gion dans un \u00e9tat de tension et d&rsquo;instabilit\u00e9 extr\u00eames \u00bb<\/em>, a-t-elle d\u00e9clar\u00e9. Le chancelier socialiste allemand Olaf Scholz s&rsquo;est joint \u00e0 sa compatriote : <em>\u00ab Avec son attaque r\u00e9pugnante contre Isra\u00ebl, le Hamas a d\u00e9clench\u00e9 une catastrophe pour le peuple palestinien \u00bb. \u00ab Le mouvement terroriste Hamas a pi\u00e9g\u00e9 Isra\u00ebl et l&rsquo;a entra\u00een\u00e9 dans la guerre \u00bb<\/em>, a d\u00e9clar\u00e9 M. De Wever. Le Hamas a peut-\u00eatre aussi sur la conscience le fait que des r\u00e9fugi\u00e9s ont \u00e9t\u00e9 br\u00fbl\u00e9s vifs lors de l&rsquo;attaque isra\u00e9lienne d&rsquo;un camp de tentes dans la cour d&rsquo;un h\u00f4pital \u00e0 Gaza, tout comme le Hezbollah et l&rsquo;Unifil seraient responsables du bombardement isra\u00e9lien des soldats de la paix de l&rsquo;ONU au Liban.&nbsp;&nbsp;<\/p>\n<p>La journaliste Caitlin Johnstone a r\u00e9pondu \u00e0 ces affirmations europ\u00e9ennes et am\u00e9ricaines :<\/p>\n<blockquote>\n<p>\u00ab En fait, on nous demande de croire que les Palestiniens commettent un g\u00e9nocide contre eux-m\u00eames. Pouvez-vous imaginer quelque chose de plus insultant pour votre intelligence et votre bon sens ? \u00bb (5)&nbsp;<\/p>\n<\/blockquote>\n<p>Et encore :<\/p>\n<blockquote>\n<p>\u00ab Je serais heureuse de parler \u00e0 quelqu&rsquo;un qui peut me dire ce que les Palestiniens devraient faire, \u00e0 part se soumettre et mourir. Quelqu&rsquo;un qui peut me pr\u00e9senter un plan de lib\u00e9ration de la Palestine qui (A) n&rsquo;implique pas la violence, (B) est efficace, (C) est juste, (D) n&rsquo;est pas na\u00eff ou stupide. Si vous le pouvez, venez me parler. Ce n&rsquo;est qu&rsquo;\u00e0 ce moment-l\u00e0 que je condamnerai le Hamas \u00bb.<\/p>\n<\/blockquote>\n<p>Ce n&rsquo;est pas que le peuple palestinien et ses organisations de r\u00e9sistance n&rsquo;aient pas tout essay\u00e9 pour mettre fin \u00e0 l&rsquo;occupation, \u00e0 la violence incessante, \u00e0 l&rsquo;expulsion et \u00e0 l&rsquo;apartheid, et pour r\u00e9veiller et inciter le monde \u00e0 mettre la Palestine \u00e0 l&rsquo;ordre du jour. Tout, c&rsquo;est-\u00e0-dire avec tous les moyens pacifiques et militaires imaginables \u00e0 leur disposition. Des actions de gu\u00e9rilla aux attentats suicides en passant par les tirs de roquettes artisanales. Mais aussi par tous les moyens pacifiques possibles.&nbsp;<\/p>\n<p>&nbsp;<\/p>\n<p><img loading=\"lazy\" decoding=\"async\" class=\"aligncenter wp-image-78793 size-full\" src=\"https:\/\/charleroi-pourlapalestine.be\/wp-content\/uploads\/2024\/10\/Mars-van-de-Terugkeer-Australian-Friends-of-Palestine-Association.png\" alt=\"\" width=\"910\" height=\"610\"><\/p>\n<p>&nbsp;<\/p>\n<p>C&rsquo;est ainsi qu&rsquo;est n\u00e9e la Grande Marche du Retour. Une initiative civique pacifique comme il y en a eu beaucoup dans les colonies occidentales. Elle s&rsquo;est heurt\u00e9e \u00e0 la violence de l&rsquo;oppresseur, encore et encore. Par exemple, il y a eu les marches de protestation contre les lois sur les laissez-passer dans l&rsquo;Afrique du Sud de l&rsquo;apartheid. Ces lois exigeaient des Noirs des bidonvilles (townships) qu&rsquo;ils produisent des documents les autorisant \u00e0 s\u00e9journer ou \u00e0 se d\u00e9placer dans une certaine zone. Lorsque les habitants du township de Sharpeville ont organis\u00e9 une marche de protestation pacifique devant le commissariat de police local en mars 1960, 67 manifestants ont \u00e9t\u00e9 abattus. Des r\u00e9voltes pacifiques similaires ont eu lieu lors du soul\u00e8vement de Soweto en Afrique du Sud en 1976 ou lors de la marche pour l&rsquo;\u00e9galit\u00e9 des droits en Irlande du Nord, le dimanche sanglant de 1972. Ou plus r\u00e9cemment, ce qui s&rsquo;est pass\u00e9 \u00e0 Fallujah, pendant la guerre et l&rsquo;occupation de l&rsquo;Irak par les \u00c9tats-Unis. Les 26 et 27 avril 2003, les troupes am\u00e9ricaines ont install\u00e9 leur quartier g\u00e9n\u00e9ral dans une \u00e9cole de Fallujah et l&rsquo;ont transform\u00e9e en base militaire. Le lendemain, quelque 400 personnes ont manifest\u00e9 devant le b\u00e2timent &#8211; \u00e9l\u00e8ves et enseignants, parents et proches &#8211; pour r\u00e9clamer leur \u00e9cole et demander que l&rsquo;arm\u00e9e am\u00e9ricaine s&rsquo;installe ailleurs. Lorsque la manifestation s&rsquo;est approch\u00e9e du mur ext\u00e9rieur de l&rsquo;\u00e9cole, les militaires am\u00e9ricains ont ouvert le feu. Vingt personnes sont mortes sous les balles, dont trois enfants de moins de 10 ans ; plus de 85 autres ont \u00e9t\u00e9 bless\u00e9es.(6)&nbsp;&nbsp;<\/p>\n<p>&nbsp;<\/p>\n<h3>Le Sharpeville de Gaza, le Fallujah de Gaza : la grande marche du retour (du 30 mars 2018 au 27 d\u00e9cembre 2019)<\/h3>\n<p>Pour protester contre l&rsquo;asphyxie par le blocus isra\u00e9lien, les conditions de vie mis\u00e9rables \u00e0 Gaza et pour exiger le droit au retour des r\u00e9fugi\u00e9s (notez que le retour des r\u00e9fugi\u00e9s dans leur pays d&rsquo;origine est le slogan le plus populaire en Europe !), une initiative citoyenne a vu le jour et a organis\u00e9 une marche de protestation quotidienne ou hebdomadaire jusqu&rsquo;au mur qui s\u00e9pare Gaza d&rsquo;Isra\u00ebl.&nbsp; Des dizaines de milliers de Palestiniens y ont particip\u00e9. Toutes les organisations de r\u00e9sistance ont soutenu les manifestations pacifiques devant le mur.&nbsp;<\/p>\n<p>&nbsp;La r\u00e9ponse violente des forces d&rsquo;occupation ne s&rsquo;est pas fait attendre. Tout Palestinien qui s&rsquo;approchait trop pr\u00e8s du mur ou tentait d&rsquo;y creuser un petit trou \u00e9tait abattu par des tireurs d&rsquo;\u00e9lite isra\u00e9liens. Les manifestants ont ensuite mis le feu \u00e0 des masses de pneus de voiture qui ont d\u00e9gag\u00e9 des nuages de fum\u00e9e noire au-dessus du mur autour de Gaza, ou ils ont l\u00e2ch\u00e9 des cerfs-volants en feu pour incendier des champs que les Palestiniens avaient l&rsquo;habitude de cultiver et qui \u00e9taient d\u00e9sormais aux mains des Juifs. Aucun Isra\u00e9lien n&rsquo;a \u00e9t\u00e9 tu\u00e9 au cours de ce processus. En revanche, l&rsquo;arm\u00e9e isra\u00e9lienne a abattu plus de 250 manifestants palestiniens au cours de ces quelques mois. Des milliers de Palestiniens ont \u00e9t\u00e9 bless\u00e9s :<\/p>\n<blockquote>\n<p>\u00ab Des milliers de manifestants ont subi de graves blessures par balle, principalement dans les jambes, brisant les os. Entre la premi\u00e8re manifestation et novembre 2019, plus de 35 600 manifestants ont \u00e9t\u00e9 bless\u00e9s, selon le Bureau de la coordination des affaires humanitaires des Nations unies (OCHA). \u00bb (7)&nbsp;<\/p>\n<\/blockquote>\n<p>L&rsquo;afflux de dizaines de milliers de bless\u00e9s a \u00e9branl\u00e9 tout le syst\u00e8me de sant\u00e9 \u00e0 Gaza. Rappelez-vous les applaudissements occidentaux et les acclamations sur tous les bancs lors de la chute du mur de Berlin en novembre 1989. Il n&rsquo;en a pas \u00e9t\u00e9 de m\u00eame pour le mur autour de Gaza.&nbsp;&nbsp;<\/p>\n<p>Par la suite, la r\u00e9sistance palestinienne a tent\u00e9 de persuader Isra\u00ebl de conclure un cessez-le-feu \u00e0 long terme.&nbsp; En 1993, Cheikh Ahmed Yassine, le fondateur du Hamas (assassin\u00e9 en 2004), a propos\u00e9 une tr\u00eave \u00e0 long terme avec Isra\u00ebl (\u00ab une Hudna \u00bb(8). \u00c0 condition qu&rsquo;Isra\u00ebl se retire \u00e0 l&rsquo;int\u00e9rieur des fronti\u00e8res de juin 1967 avec l&rsquo;\u00c9gypte et la Jordanie, c&rsquo;est-\u00e0-dire les fronti\u00e8res d&rsquo;avant la guerre des Six Jours. Une id\u00e9e reprise par le Hamas en f\u00e9vrier 2006, apr\u00e8s sa victoire \u00e9lectorale. Toujours \u00e0 condition qu&rsquo;Isra\u00ebl se retire dans les fronti\u00e8res de 1967 et reconnaisse le droit au retour des r\u00e9fugi\u00e9s palestiniens. Cela mettrait fin \u00e0 l&rsquo;effusion de sang et apporterait la paix et la possibilit\u00e9 de (re)construire des infrastructures et des industries.&nbsp;&nbsp;<\/p>\n<p>Mais Isra\u00ebl a balay\u00e9 toutes les propositions, y compris celle d&rsquo;un \u00c9tat palestinien ind\u00e9pendant. En \u00e9change, Gaza a d\u00fb faire face \u00e0 cinq guerres d\u00e9vastatrices entre 2007 et 2023. <em>\u00ab Tondre r\u00e9guli\u00e8rement l&rsquo;herbe \u00bb<\/em>, c&rsquo;est ainsi que les responsables isra\u00e9liens appelaient ces guerres.&nbsp; Chaque fois, la population de Gaza a d\u00e9ploy\u00e9 des efforts surhumains pour reconstruire tout ce qui avait \u00e9t\u00e9 d\u00e9truit. Des tentatives d\u00e9sesp\u00e9r\u00e9es pour pr\u00e9server une forme de vie humaine, alors qu&rsquo;entre-temps, en Cisjordanie, les nouvelles colonies ill\u00e9gales de colons juifs poussaient comme des champignons. C&rsquo;\u00e9tait la fin d&rsquo;une solution pacifique.&nbsp;<\/p>\n<blockquote>\n<p>\u00ab La douleur \u00e9tait devenue synonyme de vie \u00e0 Gaza, \u00e9crit Jehad Abusalim, la plupart des gens savaient qu&rsquo;une explosion d&rsquo;une ampleur apocalyptique \u00e9tait \u00e0 venir. Ils vivaient au jour le jour, mais toujours sans perspectives d&rsquo;avenir, toujours avec la question br\u00fblante de savoir s&rsquo;ils trouveraient de la nourriture et de l&rsquo;eau&#8230; Jusqu&rsquo;\u00e0 ce que certains, \u00e0 Gaza, d\u00e9cident de mettre un terme \u00e0 des d\u00e9cennies d&rsquo;errance autour de la v\u00e9rit\u00e9.&nbsp; Ils ont d\u00e9cid\u00e9 de diriger l&rsquo;explosion qui murissait \u00e0 Gaza vers l&rsquo;endroit o\u00f9 tout a commenc\u00e9 : vers Isra\u00ebl \u00bb.(9)&nbsp;<\/p>\n<\/blockquote>\n<p>&nbsp;<\/p>\n<h3>Tant que Gaza ne se r\u00e9volte pas.<\/h3>\n<p>Il s&rsquo;agit peut-\u00eatre d&rsquo;un de ces documents que la classe politique n&rsquo;a jamais lu. Dans une interview remarquable, le rapporteur sp\u00e9cial des Nations unies sur la Palestine a d\u00e9clar\u00e9 ce qui suit :&nbsp;<\/p>\n<blockquote>\n<p>\u00ab\u00a0Tant que Gaza ne se r\u00e9voltera pas, tant que Gaza ne sera pas p\u00e9riodiquement bombard\u00e9e avec les armes les plus sophistiqu\u00e9es au monde, tant que Gaza ne fera pas la une de la presse mondiale, le monde ne fera rien pour changer cette situation \u00bb.<\/p>\n<\/blockquote>\n<p>Ce qu&rsquo;il a dit en 2019 n&rsquo;est pas diff\u00e9rent de ce que le Hamas a d\u00e9cid\u00e9 de faire le 7 octobre 2023. Dans son texte sur la sortie du ghetto (10) (<a href=\"https:\/\/charleroi-pourlapalestine.be\/index.php\/2024\/01\/26\/operation-deluge-al-aqsa-notre-recit\/\" target=\"_blank\" rel=\"noopener\"><em>\u00ab Op\u00e9ration D\u00e9luge al-Aqsa : Notre r\u00e9cit \u00bb<\/em><\/a>), le Hamas \u00e9crit :<\/p>\n<blockquote>\n<p>\u00ab Apr\u00e8s 75 ans d&rsquo;occupation impitoyable et de souffrances, apr\u00e8s l&rsquo;\u00e9chec de toutes les initiatives pour la lib\u00e9ration et le retour de notre peuple, apr\u00e8s les r\u00e9sultats d\u00e9sastreux du soi-disant processus de paix, quelle r\u00e9ponse le monde attendait-il du peuple palestinien ?&nbsp; Devions-nous continuer \u00e0 attendre et \u00e0 compter sur l&rsquo;impuissance des Nations unies ? Au cours des 75 derni\u00e8res ann\u00e9es, l&rsquo;ONU a adopt\u00e9 plus de 900 r\u00e9solutions en faveur du peuple palestinien. Isra\u00ebl a refus\u00e9 de se conformer \u00e0 toutes ces r\u00e9solutions, et le veto am\u00e9ricain a \u00e9t\u00e9 une constante au Conseil de s\u00e9curit\u00e9 de l&rsquo;ONU pour emp\u00eacher toute condamnation des politiques et des violations d&rsquo;Isra\u00ebl \u00bb .&nbsp;<\/p>\n<\/blockquote>\n<p>C&rsquo;est ainsi que le Hamas, avec le soutien des autres organisations de lib\u00e9ration, a d\u00e9cid\u00e9 de sortir du ghetto de Gaza. Pour changer le cours de l&rsquo;histoire, qui ne pouvait aboutir qu&rsquo;\u00e0 la mort lente, mais certaine, de Gaza. Changer le cours de l&rsquo;histoire, raisonne la r\u00e9sistance, ne se fait pas par des r\u00e9solutions et des votes, ni par des parlements, ni par des institutions, ni par des ONG. Mais en cr\u00e9ant des \u00e9v\u00e9nements en dehors des r\u00e8gles, en dehors de l&rsquo;ordinaire, en provoquant une rupture avec l&rsquo;existant et en orientant l&rsquo;histoire dans une direction diff\u00e9rente. Telle est la signification du 7 octobre. Ce jour qui, selon le Hamas et toutes les autres organisations de lib\u00e9ration, du Front populaire marxiste au Jihad islamique en passant par les Brigades des martyrs d&rsquo;Al-Aqsa du Fatah, a remis la Palestine sur la carte du monde et a mis fin aux faux-semblants meurtriers de calme et de paix.<\/p>\n<p>&nbsp;<\/p>\n<h3>Le plan du g\u00e9n\u00e9ral&nbsp;<\/h3>\n<p>La flamb\u00e9e du Hamas a-t-elle aliment\u00e9 la haine et l&rsquo;esprit de meurtre en Isra\u00ebl ? Certainement. Mais c&rsquo;\u00e9tait surtout le pr\u00e9texte pour mettre enfin en \u0153uvre leur plan d&rsquo;\u00e9limination d\u00e9finitive du peuple palestinien, de sa r\u00e9sistance et de ses alli\u00e9s dans la r\u00e9gion. Le <em>\u00ab plan du g\u00e9n\u00e9ral \u00bb<\/em> en fait partie. Ainsi, le Front populaire de lib\u00e9ration de la Palestine \u00e9crit dans un communiqu\u00e9 de presse :<\/p>\n<blockquote>\n<p>\u00ab Le si\u00e8ge du camp de r\u00e9fugi\u00e9s de Jabalia implique la mise en \u0153uvre du plan de ce qui est appel\u00e9 le \u00ab plan du g\u00e9n\u00e9ral \u00bb pour \u00e9radiquer et expulser notre peuple de la partie nord de la bande de Gaza \u00bb.<\/p>\n<\/blockquote>\n<p>Le Plan du g\u00e9n\u00e9ral est r\u00e9dig\u00e9 par Giora Eiland, un g\u00e9n\u00e9ral \u00e0 la retraite qui, le 29 octobre 2023, avait d\u00e9j\u00e0 d\u00e9clar\u00e9 :<\/p>\n<blockquote>\n<p>\u00ab Le fait que nous c\u00e9dions \u00e0 la demande d&rsquo;aide humanitaire \u00e0 Gaza est une grave erreur&#8230; Gaza doit \u00eatre compl\u00e8tement d\u00e9truite : nous devons cr\u00e9er un chaos terrible, une crise humanitaire grave, des appels \u00e0 l&rsquo;aide vers le ciel&#8230; \u00bb.<\/p>\n<\/blockquote>\n<p>Son plan a \u00e9t\u00e9 publi\u00e9 en septembre 2024 par l&rsquo;organe de l&rsquo;association des 1 500 officiers de l&rsquo;arm\u00e9e. Non satisfaits de l&rsquo;issue actuelle de la guerre \u00e0 Gaza, qui ne parvient pas \u00e0 \u00e9liminer le Hamas et la r\u00e9sistance palestinienne apr\u00e8s un an de destructions et de meurtres de masse, ils proposent une approche diff\u00e9rente. Le nord de la bande de Gaza devrait \u00eatre nettoy\u00e9 ethniquement et assi\u00e9g\u00e9. Toute personne qui resterait sur place apr\u00e8s cela devrait \u00eatre affam\u00e9e en bloquant compl\u00e8tement l&rsquo;approvisionnement en aide humanitaire. De cette mani\u00e8re, la r\u00e9sistance sera \u00e9galement \u00e9radiqu\u00e9e et affam\u00e9e.(11) Ce que nous voyons \u00e0 l&rsquo;\u0153uvre, c&rsquo;est la r\u00e9alisation du r\u00eave sioniste : Isra\u00ebl s&rsquo;\u00e9tendant du fleuve \u00e0 la mer. Il ne reste que la R\u00e9sistance des peuples et ses organisations de lib\u00e9ration.&nbsp;<\/p>\n<p><strong>Notes<\/strong><\/p>\n<p>[1] Stanley Michael Lynk, ma\u00eetre de conf\u00e9rences \u00e0 l&rsquo;universit\u00e9 de Western Ontario, au Canada, a \u00e9t\u00e9 rapporteur sp\u00e9cial sur la situation des droits de l&rsquo;homme dans les territoires palestiniens occup\u00e9s depuis 1967 de 2016 \u00e0 2022.&nbsp; Interview dans Middle East Eye en d\u00e9cembre 2019 : https:\/\/www.middleeasteye.net\/fr\/decryptages\/gaza-2020-le-territoire-palestinien-t-il-atteint-le-point-de-non-retour<\/p>\n<p>[2] Sur l&rsquo;affaire Ali Aarrass, voir www.freeali.be<\/p>\n<p>[3] D&rsquo;apr\u00e8s le titre de la chanson de mineur am\u00e9ricaine de 1931 de Florence Reece<\/p>\n<p>[4]&nbsp;https:\/\/fr.euronews.com\/my-europe\/2024\/10\/07\/commemorations-du-7-octobre-hommages-et-appels-au-cessez-le-feu-des-dirigeants-europeens<\/p>\n<p>[5]<a href=\"https:\/\/www.caitlinjohnst.one\/p\/were-basically-being-asked-to-believe\">&nbsp;https:\/\/www.caitlinjohnst.one\/p\/were-basically-being-asked-to-believe <\/a><\/p>\n<p>[6] Learning from Fallujah ETH Zurich PDF 9 novembre 2023<\/p>\n<p>[7]<a href=\"https:\/\/www.msf.org\/great-march-return-depth\"> https:\/\/www.msf.org\/great-march-return-depth <\/a><\/p>\n<p>[8] Une Hudna est un cessez-le-feu conclu pour une p\u00e9riode d\u00e9termin\u00e9e de 10 ou 20 ans, sans compromis sur les droits des Palestiniens. Ce qui se passe apr\u00e8s cette p\u00e9riode rel\u00e8ve de la d\u00e9cision de la g\u00e9n\u00e9ration suivante et d\u00e9pend du comportement d&rsquo;Isra\u00ebl. Dans : Le Hamas, par Khaled Hroub, \u00c9ditions Demopolis 2008<\/p>\n<p>[9] Gaza reste notre boussole https:\/\/mondoweiss.net\/2024\/10\/gaza-remains-our-compass\/<\/p>\n<p>[10]&nbsp;21 janvier 2024, agence de presse du Hamas, \u00ab\u00a0Our Narrative-Operation Al-Aqsa Flood\u00a0\u00bb. (Notre vision de la temp\u00eate d&rsquo;Al-Aqsa7 octobre)&nbsp;<\/p>\n<p>[11]<a href=\"https:\/\/www.middleeasteye.net\/explainers\/israel-gaza-palestine-what-generals-plan\"> https:\/\/www.middleeasteye.net\/explainers\/israel-gaza-palestine-what-generals-plan&nbsp;<\/a><\/p>\n<p style=\"text-align: center;\">*****<\/p>\n<p>Publi\u00e9 le 20 octobre sur<a href=\"https:\/\/lukvervaet.blogspot.com\/2024\/10\/tant-que-gaza-ne-se-revoltera-pas-le.html\" target=\"_blank\" rel=\"noopener\"> le blog de Luk Vervaet<\/a><\/p>\n<p><strong>Un an apr\u00e8s le soul\u00e8vement du ghetto de Gaza<\/strong>, partie 3.<\/p>\n<p>Trouvez ici :<\/p>\n<p>Partie 1 :<a href=\"https:\/\/charleroi-pourlapalestine.be\/index.php\/2024\/09\/27\/7-octobre-2024-un-an-de-soulevement-du-ghetto-de-gaza-partie-1-lapocalypse\/\" target=\"_blank\" rel=\"noopener\"> L&rsquo;acopalypse<\/a><\/p>\n<p>Partie 2 : <a href=\"https:\/\/charleroi-pourlapalestine.be\/index.php\/2024\/10\/06\/elections-democratiques-en-2006-et-la-mort-en-recompense-7-octobre-2024-un-an-apres-le-soulevement-du-ghetto-de-gaza-partie-2\/\" target=\"_blank\" rel=\"noopener\">\u00c9lections d\u00e9mocratiques en 2006, et la mort en r\u00e9compense<\/a><\/p>\n\n\n<p><\/p>\n","protected":false},"excerpt":{"rendered":"<p>Ce que nous voyons \u00e0 l&rsquo;\u0153uvre, c&rsquo;est la r\u00e9alisation du r\u00eave sioniste : Isra\u00ebl s&rsquo;\u00e9tendant du fleuve \u00e0 la mer. Il ne reste que la R\u00e9sistance des peuples et ses organisations de lib\u00e9ration.\u00a0<\/p>\n","protected":false},"author":1,"featured_media":0,"comment_status":"closed","ping_status":"closed","sticky":false,"template":"","format":"standard","meta":{"ngg_post_thumbnail":0,"footnotes":""},"categories":[927,6,195,25],"tags":[],"class_list":["post-78789","post","type-post","status-publish","format-standard","hentry","category-7-octobre-2023","category-gaza","category-grande-marche-du-retour","category-la-resistance-palestinienne"],"yoast_head":"<!-- This site is optimized with the Yoast SEO plugin v27.3 - https:\/\/yoast.com\/product\/yoast-seo-wordpress\/ -->\n<title>\u00ab Tant que Gaza ne se r\u00e9voltera pas, le monde ne fera rien \u00bb<\/title>\n<meta name=\"description\" content=\"Sortir du ghetto pour changer le cours de l&#039;histoire, qui ne pouvait aboutir qu&#039;\u00e0 la mort lente, mais certaine, de Gaza.\" \/>\n<meta name=\"robots\" content=\"index, follow, max-snippet:-1, max-image-preview:large, max-video-preview:-1\" \/>\n<link rel=\"canonical\" href=\"https:\/\/charleroi-pourlapalestine.be\/index.php\/2024\/10\/22\/tant-que-gaza-ne-se-revoltera-pas-le-monde-ne-fera-rien\/\" \/>\n<script type=\"application\/ld+json\" class=\"yoast-schema-graph\">{\"@context\":\"https:\\\/\\\/schema.org\",\"@graph\":[{\"@type\":\"Article\",\"@id\":\"https:\\\/\\\/charleroi-pourlapalestine.be\\\/index.php\\\/2024\\\/10\\\/22\\\/tant-que-gaza-ne-se-revoltera-pas-le-monde-ne-fera-rien\\\/#article\",\"isPartOf\":{\"@id\":\"https:\\\/\\\/charleroi-pourlapalestine.be\\\/index.php\\\/2024\\\/10\\\/22\\\/tant-que-gaza-ne-se-revoltera-pas-le-monde-ne-fera-rien\\\/\"},\"author\":{\"name\":\"admin1873\",\"@id\":\"https:\\\/\\\/charleroi-pourlapalestine.be\\\/#\\\/schema\\\/person\\\/c19ff515112f1299d8c12671d8fe3faa\"},\"headline\":\"\u00ab Tant que Gaza ne se r\u00e9voltera pas, le monde ne fera rien \u00bb\",\"datePublished\":\"2024-10-22T08:23:00+00:00\",\"dateModified\":\"2024-11-18T10:09:46+00:00\",\"mainEntityOfPage\":{\"@id\":\"https:\\\/\\\/charleroi-pourlapalestine.be\\\/index.php\\\/2024\\\/10\\\/22\\\/tant-que-gaza-ne-se-revoltera-pas-le-monde-ne-fera-rien\\\/\"},\"wordCount\":3315,\"publisher\":{\"@id\":\"https:\\\/\\\/charleroi-pourlapalestine.be\\\/#organization\"},\"image\":{\"@id\":\"https:\\\/\\\/charleroi-pourlapalestine.be\\\/index.php\\\/2024\\\/10\\\/22\\\/tant-que-gaza-ne-se-revoltera-pas-le-monde-ne-fera-rien\\\/#primaryimage\"},\"thumbnailUrl\":\"https:\\\/\\\/charleroi-pourlapalestine.be\\\/wp-content\\\/uploads\\\/2024\\\/10\\\/Our-narrative.jpg\",\"articleSection\":[\"7 octobre 2023\",\"Gaza\",\"Grande Marche du Retour\",\"R\u00e9sistance\"],\"inLanguage\":\"fr-FR\"},{\"@type\":\"WebPage\",\"@id\":\"https:\\\/\\\/charleroi-pourlapalestine.be\\\/index.php\\\/2024\\\/10\\\/22\\\/tant-que-gaza-ne-se-revoltera-pas-le-monde-ne-fera-rien\\\/\",\"url\":\"https:\\\/\\\/charleroi-pourlapalestine.be\\\/index.php\\\/2024\\\/10\\\/22\\\/tant-que-gaza-ne-se-revoltera-pas-le-monde-ne-fera-rien\\\/\",\"name\":\"\u00ab Tant que Gaza ne se r\u00e9voltera pas, le monde ne fera rien \u00bb\",\"isPartOf\":{\"@id\":\"https:\\\/\\\/charleroi-pourlapalestine.be\\\/#website\"},\"primaryImageOfPage\":{\"@id\":\"https:\\\/\\\/charleroi-pourlapalestine.be\\\/index.php\\\/2024\\\/10\\\/22\\\/tant-que-gaza-ne-se-revoltera-pas-le-monde-ne-fera-rien\\\/#primaryimage\"},\"image\":{\"@id\":\"https:\\\/\\\/charleroi-pourlapalestine.be\\\/index.php\\\/2024\\\/10\\\/22\\\/tant-que-gaza-ne-se-revoltera-pas-le-monde-ne-fera-rien\\\/#primaryimage\"},\"thumbnailUrl\":\"https:\\\/\\\/charleroi-pourlapalestine.be\\\/wp-content\\\/uploads\\\/2024\\\/10\\\/Our-narrative.jpg\",\"datePublished\":\"2024-10-22T08:23:00+00:00\",\"dateModified\":\"2024-11-18T10:09:46+00:00\",\"description\":\"Sortir du ghetto pour changer le cours de l'histoire, qui ne pouvait aboutir qu'\u00e0 la mort lente, mais certaine, de Gaza.\",\"breadcrumb\":{\"@id\":\"https:\\\/\\\/charleroi-pourlapalestine.be\\\/index.php\\\/2024\\\/10\\\/22\\\/tant-que-gaza-ne-se-revoltera-pas-le-monde-ne-fera-rien\\\/#breadcrumb\"},\"inLanguage\":\"fr-FR\",\"potentialAction\":[{\"@type\":\"ReadAction\",\"target\":[\"https:\\\/\\\/charleroi-pourlapalestine.be\\\/index.php\\\/2024\\\/10\\\/22\\\/tant-que-gaza-ne-se-revoltera-pas-le-monde-ne-fera-rien\\\/\"]}]},{\"@type\":\"ImageObject\",\"inLanguage\":\"fr-FR\",\"@id\":\"https:\\\/\\\/charleroi-pourlapalestine.be\\\/index.php\\\/2024\\\/10\\\/22\\\/tant-que-gaza-ne-se-revoltera-pas-le-monde-ne-fera-rien\\\/#primaryimage\",\"url\":\"\",\"contentUrl\":\"\"},{\"@type\":\"BreadcrumbList\",\"@id\":\"https:\\\/\\\/charleroi-pourlapalestine.be\\\/index.php\\\/2024\\\/10\\\/22\\\/tant-que-gaza-ne-se-revoltera-pas-le-monde-ne-fera-rien\\\/#breadcrumb\",\"itemListElement\":[{\"@type\":\"ListItem\",\"position\":1,\"name\":\"Accueil\",\"item\":\"https:\\\/\\\/charleroi-pourlapalestine.be\\\/\"},{\"@type\":\"ListItem\",\"position\":2,\"name\":\"\u00ab Tant que Gaza ne se r\u00e9voltera pas, le monde ne fera rien \u00bb\"}]},{\"@type\":\"WebSite\",\"@id\":\"https:\\\/\\\/charleroi-pourlapalestine.be\\\/#website\",\"url\":\"https:\\\/\\\/charleroi-pourlapalestine.be\\\/\",\"name\":\"Charleroi Pour la Palestine\",\"description\":\"\",\"publisher\":{\"@id\":\"https:\\\/\\\/charleroi-pourlapalestine.be\\\/#organization\"},\"potentialAction\":[{\"@type\":\"SearchAction\",\"target\":{\"@type\":\"EntryPoint\",\"urlTemplate\":\"https:\\\/\\\/charleroi-pourlapalestine.be\\\/?s={search_term_string}\"},\"query-input\":{\"@type\":\"PropertyValueSpecification\",\"valueRequired\":true,\"valueName\":\"search_term_string\"}}],\"inLanguage\":\"fr-FR\"},{\"@type\":\"Organization\",\"@id\":\"https:\\\/\\\/charleroi-pourlapalestine.be\\\/#organization\",\"name\":\"Plate-forme Charleroi-Palestine\",\"url\":\"https:\\\/\\\/charleroi-pourlapalestine.be\\\/\",\"logo\":{\"@type\":\"ImageObject\",\"inLanguage\":\"fr-FR\",\"@id\":\"https:\\\/\\\/charleroi-pourlapalestine.be\\\/#\\\/schema\\\/logo\\\/image\\\/\",\"url\":\"https:\\\/\\\/charleroi-pourlapalestine.be\\\/wp-content\\\/uploads\\\/2020\\\/01\\\/logo-Copy.jpg\",\"contentUrl\":\"https:\\\/\\\/charleroi-pourlapalestine.be\\\/wp-content\\\/uploads\\\/2020\\\/01\\\/logo-Copy.jpg\",\"width\":180,\"height\":180,\"caption\":\"Plate-forme Charleroi-Palestine\"},\"image\":{\"@id\":\"https:\\\/\\\/charleroi-pourlapalestine.be\\\/#\\\/schema\\\/logo\\\/image\\\/\"},\"sameAs\":[\"https:\\\/\\\/www.facebook.com\\\/PlateformeCharleroiPalestine\\\/\",\"https:\\\/\\\/x.com\\\/LaCharleroi\"]},{\"@type\":\"Person\",\"@id\":\"https:\\\/\\\/charleroi-pourlapalestine.be\\\/#\\\/schema\\\/person\\\/c19ff515112f1299d8c12671d8fe3faa\",\"name\":\"admin1873\",\"url\":\"https:\\\/\\\/charleroi-pourlapalestine.be\\\/index.php\\\/author\\\/admin1873\\\/\"}]}<\/script>\n<!-- \/ Yoast SEO plugin. -->","yoast_head_json":{"title":"\u00ab Tant que Gaza ne se r\u00e9voltera pas, le monde ne fera rien \u00bb","description":"Sortir du ghetto pour changer le cours de l'histoire, qui ne pouvait aboutir qu'\u00e0 la mort lente, mais certaine, de Gaza.","robots":{"index":"index","follow":"follow","max-snippet":"max-snippet:-1","max-image-preview":"max-image-preview:large","max-video-preview":"max-video-preview:-1"},"canonical":"https:\/\/charleroi-pourlapalestine.be\/index.php\/2024\/10\/22\/tant-que-gaza-ne-se-revoltera-pas-le-monde-ne-fera-rien\/","schema":{"@context":"https:\/\/schema.org","@graph":[{"@type":"Article","@id":"https:\/\/charleroi-pourlapalestine.be\/index.php\/2024\/10\/22\/tant-que-gaza-ne-se-revoltera-pas-le-monde-ne-fera-rien\/#article","isPartOf":{"@id":"https:\/\/charleroi-pourlapalestine.be\/index.php\/2024\/10\/22\/tant-que-gaza-ne-se-revoltera-pas-le-monde-ne-fera-rien\/"},"author":{"name":"admin1873","@id":"https:\/\/charleroi-pourlapalestine.be\/#\/schema\/person\/c19ff515112f1299d8c12671d8fe3faa"},"headline":"\u00ab Tant que Gaza ne se r\u00e9voltera pas, le monde ne fera rien \u00bb","datePublished":"2024-10-22T08:23:00+00:00","dateModified":"2024-11-18T10:09:46+00:00","mainEntityOfPage":{"@id":"https:\/\/charleroi-pourlapalestine.be\/index.php\/2024\/10\/22\/tant-que-gaza-ne-se-revoltera-pas-le-monde-ne-fera-rien\/"},"wordCount":3315,"publisher":{"@id":"https:\/\/charleroi-pourlapalestine.be\/#organization"},"image":{"@id":"https:\/\/charleroi-pourlapalestine.be\/index.php\/2024\/10\/22\/tant-que-gaza-ne-se-revoltera-pas-le-monde-ne-fera-rien\/#primaryimage"},"thumbnailUrl":"https:\/\/charleroi-pourlapalestine.be\/wp-content\/uploads\/2024\/10\/Our-narrative.jpg","articleSection":["7 octobre 2023","Gaza","Grande Marche du Retour","R\u00e9sistance"],"inLanguage":"fr-FR"},{"@type":"WebPage","@id":"https:\/\/charleroi-pourlapalestine.be\/index.php\/2024\/10\/22\/tant-que-gaza-ne-se-revoltera-pas-le-monde-ne-fera-rien\/","url":"https:\/\/charleroi-pourlapalestine.be\/index.php\/2024\/10\/22\/tant-que-gaza-ne-se-revoltera-pas-le-monde-ne-fera-rien\/","name":"\u00ab Tant que Gaza ne se r\u00e9voltera pas, le monde ne fera rien \u00bb","isPartOf":{"@id":"https:\/\/charleroi-pourlapalestine.be\/#website"},"primaryImageOfPage":{"@id":"https:\/\/charleroi-pourlapalestine.be\/index.php\/2024\/10\/22\/tant-que-gaza-ne-se-revoltera-pas-le-monde-ne-fera-rien\/#primaryimage"},"image":{"@id":"https:\/\/charleroi-pourlapalestine.be\/index.php\/2024\/10\/22\/tant-que-gaza-ne-se-revoltera-pas-le-monde-ne-fera-rien\/#primaryimage"},"thumbnailUrl":"https:\/\/charleroi-pourlapalestine.be\/wp-content\/uploads\/2024\/10\/Our-narrative.jpg","datePublished":"2024-10-22T08:23:00+00:00","dateModified":"2024-11-18T10:09:46+00:00","description":"Sortir du ghetto pour changer le cours de l'histoire, qui ne pouvait aboutir qu'\u00e0 la mort lente, mais certaine, de Gaza.","breadcrumb":{"@id":"https:\/\/charleroi-pourlapalestine.be\/index.php\/2024\/10\/22\/tant-que-gaza-ne-se-revoltera-pas-le-monde-ne-fera-rien\/#breadcrumb"},"inLanguage":"fr-FR","potentialAction":[{"@type":"ReadAction","target":["https:\/\/charleroi-pourlapalestine.be\/index.php\/2024\/10\/22\/tant-que-gaza-ne-se-revoltera-pas-le-monde-ne-fera-rien\/"]}]},{"@type":"ImageObject","inLanguage":"fr-FR","@id":"https:\/\/charleroi-pourlapalestine.be\/index.php\/2024\/10\/22\/tant-que-gaza-ne-se-revoltera-pas-le-monde-ne-fera-rien\/#primaryimage","url":"","contentUrl":""},{"@type":"BreadcrumbList","@id":"https:\/\/charleroi-pourlapalestine.be\/index.php\/2024\/10\/22\/tant-que-gaza-ne-se-revoltera-pas-le-monde-ne-fera-rien\/#breadcrumb","itemListElement":[{"@type":"ListItem","position":1,"name":"Accueil","item":"https:\/\/charleroi-pourlapalestine.be\/"},{"@type":"ListItem","position":2,"name":"\u00ab Tant que Gaza ne se r\u00e9voltera pas, le monde ne fera rien \u00bb"}]},{"@type":"WebSite","@id":"https:\/\/charleroi-pourlapalestine.be\/#website","url":"https:\/\/charleroi-pourlapalestine.be\/","name":"Charleroi Pour la Palestine","description":"","publisher":{"@id":"https:\/\/charleroi-pourlapalestine.be\/#organization"},"potentialAction":[{"@type":"SearchAction","target":{"@type":"EntryPoint","urlTemplate":"https:\/\/charleroi-pourlapalestine.be\/?s={search_term_string}"},"query-input":{"@type":"PropertyValueSpecification","valueRequired":true,"valueName":"search_term_string"}}],"inLanguage":"fr-FR"},{"@type":"Organization","@id":"https:\/\/charleroi-pourlapalestine.be\/#organization","name":"Plate-forme Charleroi-Palestine","url":"https:\/\/charleroi-pourlapalestine.be\/","logo":{"@type":"ImageObject","inLanguage":"fr-FR","@id":"https:\/\/charleroi-pourlapalestine.be\/#\/schema\/logo\/image\/","url":"https:\/\/charleroi-pourlapalestine.be\/wp-content\/uploads\/2020\/01\/logo-Copy.jpg","contentUrl":"https:\/\/charleroi-pourlapalestine.be\/wp-content\/uploads\/2020\/01\/logo-Copy.jpg","width":180,"height":180,"caption":"Plate-forme Charleroi-Palestine"},"image":{"@id":"https:\/\/charleroi-pourlapalestine.be\/#\/schema\/logo\/image\/"},"sameAs":["https:\/\/www.facebook.com\/PlateformeCharleroiPalestine\/","https:\/\/x.com\/LaCharleroi"]},{"@type":"Person","@id":"https:\/\/charleroi-pourlapalestine.be\/#\/schema\/person\/c19ff515112f1299d8c12671d8fe3faa","name":"admin1873","url":"https:\/\/charleroi-pourlapalestine.be\/index.php\/author\/admin1873\/"}]}},"_links":{"self":[{"href":"https:\/\/charleroi-pourlapalestine.be\/index.php\/wp-json\/wp\/v2\/posts\/78789","targetHints":{"allow":["GET"]}}],"collection":[{"href":"https:\/\/charleroi-pourlapalestine.be\/index.php\/wp-json\/wp\/v2\/posts"}],"about":[{"href":"https:\/\/charleroi-pourlapalestine.be\/index.php\/wp-json\/wp\/v2\/types\/post"}],"author":[{"embeddable":true,"href":"https:\/\/charleroi-pourlapalestine.be\/index.php\/wp-json\/wp\/v2\/users\/1"}],"replies":[{"embeddable":true,"href":"https:\/\/charleroi-pourlapalestine.be\/index.php\/wp-json\/wp\/v2\/comments?post=78789"}],"version-history":[{"count":0,"href":"https:\/\/charleroi-pourlapalestine.be\/index.php\/wp-json\/wp\/v2\/posts\/78789\/revisions"}],"wp:attachment":[{"href":"https:\/\/charleroi-pourlapalestine.be\/index.php\/wp-json\/wp\/v2\/media?parent=78789"}],"wp:term":[{"taxonomy":"category","embeddable":true,"href":"https:\/\/charleroi-pourlapalestine.be\/index.php\/wp-json\/wp\/v2\/categories?post=78789"},{"taxonomy":"post_tag","embeddable":true,"href":"https:\/\/charleroi-pourlapalestine.be\/index.php\/wp-json\/wp\/v2\/tags?post=78789"}],"curies":[{"name":"wp","href":"https:\/\/api.w.org\/{rel}","templated":true}]}}