{"id":78933,"date":"2024-11-21T15:27:43","date_gmt":"2024-11-21T14:27:43","guid":{"rendered":"https:\/\/charleroi-pourlapalestine.be\/?p=78933"},"modified":"2024-11-21T15:27:46","modified_gmt":"2024-11-21T14:27:46","slug":"gaza-les-proches-des-personnes-manquantes-supposees-incinerees-endurent-des-pertes-ambigues","status":"publish","type":"post","link":"https:\/\/charleroi-pourlapalestine.be\/index.php\/2024\/11\/21\/gaza-les-proches-des-personnes-manquantes-supposees-incinerees-endurent-des-pertes-ambigues\/","title":{"rendered":"Gaza : Les proches des personnes manquantes suppos\u00e9es incin\u00e9r\u00e9es endurent des \u00ab pertes ambigu\u00ebs \u00bb"},"content":{"rendered":"<p>Bien des personnes sont port\u00e9es manquantes apr\u00e8s des frappes a\u00e9riennes, mais il est fr\u00e9quent que m\u00eame les recherches les plus acharn\u00e9es ne permettent pas de retrouver les moindres restes.<\/p>\n<p>&nbsp;<\/p>\n<div id=\"attachment_78934\" style=\"width: 1032px\" class=\"wp-caption alignnone\"><img loading=\"lazy\" decoding=\"async\" aria-describedby=\"caption-attachment-78934\" class=\"wp-image-78934 size-full\" src=\"https:\/\/charleroi-pourlapalestine.be\/wp-content\/uploads\/2024\/11\/Un-secouriste-recherche-des-victimes-dans-les-decombres.png\" alt=\"Un secouriste fouille les d\u00e9combres \u00e0 la recherche des victimes d'un bombardement \u00e0 Khan Younis, le 25 octobre. Selon les autorit\u00e9s locales, 1 760 personnes sont port\u00e9es manquantes et pourraient avoir \u00e9t\u00e9 incin\u00e9r\u00e9es lors des attaques isra\u00e9liennes de l'ann\u00e9e \u00e9coul\u00e9e. \" width=\"1022\" height=\"683\"><p id=\"caption-attachment-78934\" class=\"wp-caption-text\"><strong>Un secouriste fouille les d\u00e9combres \u00e0 la recherche des victimes d&rsquo;un bombardement \u00e0 Khan Younis, le 25 octobre. Selon les autorit\u00e9s locales, 1 760 personnes sont port\u00e9es manquantes et pourraient avoir \u00e9t\u00e9 incin\u00e9r\u00e9es lors des attaques isra\u00e9liennes de l&rsquo;ann\u00e9e \u00e9coul\u00e9e.<\/strong> (Photo : Salam Yasser \/ APA images)<\/p><\/div>\n<p><br><strong>Fedaa al-Qedra, <\/strong>1er novembre 2024<\/p>\n<p><strong>Mahmoud Ahmad Salah,<\/strong> 12 ans, a surv\u00e9cu \u00e0 une<a href=\"https:\/\/vashtimedia.com\/death-and-the-story-gaza-instagram\/\" target=\"_blank\" rel=\"noopener\"> frappe a\u00e9rienne<\/a> qui, le 7 d\u00e9cembre, a oblit\u00e9r\u00e9 sa famille tout enti\u00e8re dans l&rsquo;est de Khan Younis.<\/p>\n<p>Des dizaines de ses proches ont \u00e9t\u00e9 tu\u00e9s par l&rsquo;attaque mais, au moment d&rsquo;identifier les victimes, Mahmoud a remarqu\u00e9 que sa m\u00e8re et son fr\u00e8re ne se trouvaient pas parmi les corps retrouv\u00e9s.<\/p>\n<blockquote>\n<p>\u00ab Ma m\u00e8re \u00e9tait dans la cuisine lorsque le bombardement a eu lieu \u00bb,<\/p>\n<\/blockquote>\n<p>rappelle Mahmoud d&rsquo;une voix tremblante au cours d&rsquo;une interview r\u00e9alis\u00e9e en octobre \u00e0 proximit\u00e9 des ruines de sa maison familiale.<\/p>\n<p>Son t\u00e9moignage \u00e9taie les preuves croissantes que <strong>certaines victimes ont \u00e9t\u00e9 compl\u00e8tement volatilis\u00e9es lors de certaines frappes de l&rsquo;aviation isra\u00e9lienne.<\/strong><\/p>\n<p>Des rapports \u00e9manant de travailleurs de la d\u00e9fense civile ainsi que d&rsquo;h\u00f4pitaux indiquent que<a href=\"https:\/\/english.ahram.org.eg\/News\/530328.aspx\" target=\"_blank\" rel=\"noopener\"> 1 760 corps<\/a> ont \u00e9t\u00e9 incin\u00e9r\u00e9s par l&rsquo;intense chaleur engendr\u00e9e par certaines bombes isra\u00e9liennes.<\/p>\n<p>L&rsquo;agent de la d\u00e9fense civile <strong>Tamer Zourob<\/strong> explique \u00e0<em> The Electronic Intifada<\/em> que les sc\u00e8nes qu&rsquo;il d\u00e9couvre sont \u00ab au-del\u00e0 de toute description \u00bb.<\/p>\n<blockquote>\n<p>\u00ab M\u00eame le b\u00e9ton fond et se transforme en cendres \u00e0 cause de ces bombes. Imaginez alors ce qu&rsquo;elles peuvent faire \u00e0 un corps humain&#8230; \u00bb,<\/p>\n<\/blockquote>\n<p>dit-il.<\/p>\n<p>Bien des personnes sont port\u00e9es manquantes, apr\u00e8s des frappes a\u00e9riennes, dit-il, mais il est fr\u00e9quent que m\u00eame les recherches les plus acharn\u00e9es ne permettent pas de retrouver les moindres restes.<\/p>\n<blockquote>\n<p>\u00ab C&rsquo;est d\u00e9chirant d&rsquo;entendre des familles nous supplier de retrouver leurs \u00eatres chers, ne serait-ce que le plus petit fragment. Mais, parfois, nous ne retrouvons rien \u00bb,<\/p>\n<\/blockquote>\n<p>dit-il.<\/p>\n<p>&nbsp;<\/p>\n<h3>L&rsquo;impossibilit\u00e9 de faire son deuil<\/h3>\n<p><strong>Hidaya Sadiq<\/strong> n&rsquo;a pas pu retrouver le corps de son fils Akram, 27 ans, qui a de toute \u00e9vidence \u00e9t\u00e9 tu\u00e9 le 22 octobre 2023 lors d&rsquo;une frappe de l&rsquo;aviation isra\u00e9lienne <a href=\"https:\/\/www.aljazeera.com\/gallery\/2023\/10\/22\/south-of-gaza-strip-pounded-by-air-strikes-as-civilians-seek-refuge\" target=\"_blank\" rel=\"noopener\">sur un caf\u00e9<\/a> du centre de Khan Younis.<\/p>\n<p>Akram \u00e9tait assis parmi des amis quand le missile a touch\u00e9 le caf\u00e9. Mais, malgr\u00e9 la confirmation par des t\u00e9moins de sa pr\u00e9sence sur les lieux au moment de l&rsquo;attaque, aucun corps n&rsquo;a \u00e9t\u00e9 retrouv\u00e9.<\/p>\n<p>Hidaya continue de vivre dans l&rsquo;angoisse de l&rsquo;incertitude quant au sort de son fils.<\/p>\n<blockquote>\n<p>\u00ab Comment un \u00eatre humain fait de chair et de sang peut-il dispara\u00eetre comme cela ? \u00bb<\/p>\n<\/blockquote>\n<p>a-t-elle demand\u00e9 lors d&rsquo;une interview r\u00e9alis\u00e9e en octobre.<\/p>\n<blockquote>\n<p>\u00ab\u00a0Je prenais bien soin de lui, je restais avec lui la nuit et voil\u00e0 qu&rsquo;il s&rsquo;est volatilis\u00e9 en une seconde. Qu&rsquo;a-t-il fait pour m\u00e9riter une mort aussi brutale ? \u00bb<\/p>\n<\/blockquote>\n<p>La douleur de ne pas \u00eatre en mesure de voir ou m\u00eame d&rsquo;enterrer son fils la laisse dans un \u00e9tat constant de chagrin et des questions sans r\u00e9ponse hantent sans arr\u00eat son esprit.<\/p>\n<p>Elle est loin d&rsquo;\u00eatre la seule.<\/p>\n<p><strong>Muhammad Rayan,<\/strong> responsable du d\u00e9partement des urgences \u00e0 l&rsquo;h\u00f4pital des Martyrs d&rsquo;al-Aqsa \u00e0 Deir al-Balah, confirme des cas de <em>\u00ab volatilisation de corps \u00bb<\/em> dans les affaires qu&rsquo;il a examin\u00e9es ainsi que d&rsquo;apr\u00e8s les exp\u00e9riences de ses proches m\u00eames.<\/p>\n<p>Dans certains cas, dit-il, la chaleur intense de certaines bombes n&rsquo;a laiss\u00e9 que des fragments de corps, ou m\u00eame rien du tout, ce qui fait qu&rsquo;il est quasiment impossible d&rsquo;identifier le moindre reste humain. Il se fait donc que certains corps sont recouverts par les d\u00e9combres alors que d&rsquo;autres disparaissent sans laisser de trace.<\/p>\n<blockquote>\n<p>\u00ab La maison de ma tante a \u00e9t\u00e9 bombard\u00e9e et, \u00e0 ce jour, nous n&rsquo;avons toujours pas retrouv\u00e9 les corps de sa fille et de son petit-fils, pas m\u00eame une parcelle. C&rsquo;est comme s&rsquo;ils avaient disparu tout simplement \u00bb,<\/p>\n<\/blockquote>\n<p>explique Rayan au cours d&rsquo;une interview par t\u00e9l\u00e9phone r\u00e9alis\u00e9e par<em> The Electronic Intifada.<\/em><\/p>\n<h3><br>La responsabilisation<\/h3>\n<p>L&rsquo;organisation<strong> Euro-Med Human Rights Monitor (<\/strong>Euro-Med) a <a href=\"https:\/\/euromedmonitor.org\/en\/article\/6290\/Investigation-must-be-opened-into-Israel%E2%80%99s-potential-use-of-banned-thermal-weapons,-which-cause-victims%E2%80%99-bodies-to-melt-or-evaporate\" target=\"_blank\" rel=\"noopener\">r\u00e9clam\u00e9<\/a> une enqu\u00eate internationale sur les types d&rsquo;armes utilis\u00e9es par Isra\u00ebl, ainsi que sur la possibilit\u00e9 qu&rsquo;Isra\u00ebl <a href=\"https:\/\/www.ohchr.org\/en\/press-releases\/2024\/06\/un-report-israeli-use-heavy-bombs-gaza-raises-serious-concerns-under-laws\" target=\"_blank\" rel=\"noopener\">utilise des bombes<\/a> qui engendrent une chaleur si extr\u00eame que les victimes sont tout simplement incin\u00e9r\u00e9es sur-le-champ.<\/p>\n<p>Selon Euro-Med, bien des cas semblables \u00e0 ceux des membres de la famille de Hidaya et de Mahmoud ont \u00e9t\u00e9 renseign\u00e9s et sugg\u00e8rent le recours possible \u00e0 des bombes<a href=\"https:\/\/www.ohchr.org\/en\/press-releases\/2024\/06\/un-report-israeli-use-heavy-bombs-gaza-raises-serious-concerns-under-laws\" target=\"_blank\" rel=\"noopener\"><em> \u00ab thermobariques \u00bb<\/em> <\/a>ou \u00e0 des bombes<em> \u00ab \u00e0 vide \u00bb<\/em>, du genre utilis\u00e9 pour d\u00e9truire des tunnels ou des abris souterrains.<\/p>\n<p>Les conclusions de l&rsquo;organisation ont \u00e9t\u00e9 \u00e9tay\u00e9es par les autorit\u00e9s locales de la sant\u00e9 et par la d\u00e9fense civile de Gaza, qui enregistrent elles aussi des cas dans l&rsquo;intention de soutenir toute plainte juridique qui pourrait \u00eatre formul\u00e9e.<\/p>\n<p>L&rsquo;horreur de perdre des \u00eatres chers sans qu&rsquo;ils laissent la moindre trace ajoute encore au d\u00e9sespoir des familles qui souffrent d\u00e9j\u00e0 de cette perte, mais sont dans l&rsquo;impossibilit\u00e9 de faire leur deuil comme elles le voudraient.<\/p>\n<p><strong>Iman Abu Akar<\/strong>, une professionnelle de la sant\u00e9 mentale affili\u00e9e au Centre de d\u00e9veloppement Ma&rsquo;an \u00e0 Gaza, explique que l&rsquo;absence de corps d\u00e9bouche sur un \u00e9tat de<em> \u00ab perte ambigu\u00eb \u00bb,<\/em> ce qui fait qu&rsquo;il est pour ainsi dire impossible de tourner la page et le processus de deuil s&rsquo;en trouve donc prolong\u00e9.<\/p>\n<p>M\u00eame une petite parcelle de la personne d\u00e9c\u00e9d\u00e9e peut aider des familles \u00e0 trouver un peu de paix et \u00e0 d\u00e9marrer le processus de gu\u00e9rison, dit-elle \u00e0 <em>The Electronic Intifada.<\/em><\/p>\n<p>Pour Hidaya et les autres m\u00e8res en deuil, l&rsquo;absence d&rsquo;un corps signifie l&rsquo;impossibilit\u00e9 de faire leur deuil, ce qui les laisse en proie \u00e0 une douleur permanente et \u00e0 des questions sans r\u00e9ponse.<\/p>\n<blockquote>\n<p>\u00ab Je veux n&rsquo;importe quoi de lui, ne serait-ce m\u00eame qu&rsquo;un minuscule fragment, pour \u00eatre en mesure de croire qu&rsquo;il est vraiment parti \u00bb,<\/p>\n<\/blockquote>\n<p>dit-elle.<\/p>\n<p>Mahmoud vit seul d\u00e9sormais, aux bons soins des adultes qui l&rsquo;entourent. Sa m\u00e8re lui manque, dit-il.<\/p>\n<blockquote>\n<p>\u00ab J&rsquo;aurais souhait\u00e9 l&rsquo;avoir vue une toute derni\u00e8re fois pour lui dire au revoir. Si elle avait une tombe, je pourrais lui rendre visite chaque fois qu&rsquo;elle me manque. \u00bb<\/p>\n<\/blockquote>\n<p>&nbsp;<\/p>\n<p style=\"text-align: center;\">*****<\/p>\n<p style=\"text-align: left;\"><strong>Fedaa al-Qedra<\/strong> est journaliste et elle vit \u00e0 Gaza.<\/p>\n<p style=\"text-align: center;\">*****<\/p>\n<p>Publi\u00e9 le 1er novembre 2024 sur <a href=\"https:\/\/electronicintifada.net\/content\/relatives-missing-presumed-incinerated-endure-ambiguous-loss\/49736\" target=\"_blank\" rel=\"noopener\">The Electronic Intifada<\/a><br>Traduction : Jean-Marie Fl\u00e9mal,<a href=\"https:\/\/charleroi-pourlapalestine.be\/\" target=\"_blank\" rel=\"noopener\"> Charleroi pour la Palestine<\/a><\/p>\n<p>&nbsp;<\/p>\n\n\n<p><\/p>\n","protected":false},"excerpt":{"rendered":"<p>Des rapports indiquent que 1.760 corps ont \u00e9t\u00e9 incin\u00e9r\u00e9s par l&rsquo;intense chaleur engendr\u00e9e par certaines bombes isra\u00e9liennes.<\/p>\n","protected":false},"author":1,"featured_media":0,"comment_status":"closed","ping_status":"closed","sticky":false,"template":"","format":"standard","meta":{"ngg_post_thumbnail":0,"footnotes":""},"categories":[6,344],"tags":[],"class_list":["post-78933","post","type-post","status-publish","format-standard","hentry","category-gaza","category-genocide"],"yoast_head":"<!-- This site is optimized with the Yoast SEO plugin v27.3 - https:\/\/yoast.com\/product\/yoast-seo-wordpress\/ -->\n<title>Gaza : Les proches des personnes manquantes suppos\u00e9es incin\u00e9r\u00e9es endurent des \u00ab pertes ambigu\u00ebs \u00bb<\/title>\n<meta name=\"description\" content=\"Il est fr\u00e9quent que m\u00eame les recherches les plus acharn\u00e9es ne permettent pas de retrouver les moindres restes de personnes manquantes\" \/>\n<meta name=\"robots\" content=\"index, follow, max-snippet:-1, max-image-preview:large, max-video-preview:-1\" \/>\n<link rel=\"canonical\" href=\"https:\/\/charleroi-pourlapalestine.be\/index.php\/2024\/11\/21\/gaza-les-proches-des-personnes-manquantes-supposees-incinerees-endurent-des-pertes-ambigues\/\" \/>\n<script type=\"application\/ld+json\" class=\"yoast-schema-graph\">{\"@context\":\"https:\\\/\\\/schema.org\",\"@graph\":[{\"@type\":\"Article\",\"@id\":\"https:\\\/\\\/charleroi-pourlapalestine.be\\\/index.php\\\/2024\\\/11\\\/21\\\/gaza-les-proches-des-personnes-manquantes-supposees-incinerees-endurent-des-pertes-ambigues\\\/#article\",\"isPartOf\":{\"@id\":\"https:\\\/\\\/charleroi-pourlapalestine.be\\\/index.php\\\/2024\\\/11\\\/21\\\/gaza-les-proches-des-personnes-manquantes-supposees-incinerees-endurent-des-pertes-ambigues\\\/\"},\"author\":{\"name\":\"admin1873\",\"@id\":\"https:\\\/\\\/charleroi-pourlapalestine.be\\\/#\\\/schema\\\/person\\\/c19ff515112f1299d8c12671d8fe3faa\"},\"headline\":\"Gaza : Les proches des personnes manquantes suppos\u00e9es incin\u00e9r\u00e9es endurent des \u00ab pertes ambigu\u00ebs \u00bb\",\"datePublished\":\"2024-11-21T14:27:43+00:00\",\"dateModified\":\"2024-11-21T14:27:46+00:00\",\"mainEntityOfPage\":{\"@id\":\"https:\\\/\\\/charleroi-pourlapalestine.be\\\/index.php\\\/2024\\\/11\\\/21\\\/gaza-les-proches-des-personnes-manquantes-supposees-incinerees-endurent-des-pertes-ambigues\\\/\"},\"wordCount\":1176,\"publisher\":{\"@id\":\"https:\\\/\\\/charleroi-pourlapalestine.be\\\/#organization\"},\"image\":{\"@id\":\"https:\\\/\\\/charleroi-pourlapalestine.be\\\/index.php\\\/2024\\\/11\\\/21\\\/gaza-les-proches-des-personnes-manquantes-supposees-incinerees-endurent-des-pertes-ambigues\\\/#primaryimage\"},\"thumbnailUrl\":\"https:\\\/\\\/charleroi-pourlapalestine.be\\\/wp-content\\\/uploads\\\/2024\\\/11\\\/Un-secouriste-recherche-des-victimes-dans-les-decombres.png\",\"articleSection\":[\"Gaza\",\"G\u00e9nocide\"],\"inLanguage\":\"fr-FR\"},{\"@type\":\"WebPage\",\"@id\":\"https:\\\/\\\/charleroi-pourlapalestine.be\\\/index.php\\\/2024\\\/11\\\/21\\\/gaza-les-proches-des-personnes-manquantes-supposees-incinerees-endurent-des-pertes-ambigues\\\/\",\"url\":\"https:\\\/\\\/charleroi-pourlapalestine.be\\\/index.php\\\/2024\\\/11\\\/21\\\/gaza-les-proches-des-personnes-manquantes-supposees-incinerees-endurent-des-pertes-ambigues\\\/\",\"name\":\"Gaza : Les proches des personnes manquantes suppos\u00e9es incin\u00e9r\u00e9es endurent des \u00ab pertes ambigu\u00ebs \u00bb\",\"isPartOf\":{\"@id\":\"https:\\\/\\\/charleroi-pourlapalestine.be\\\/#website\"},\"primaryImageOfPage\":{\"@id\":\"https:\\\/\\\/charleroi-pourlapalestine.be\\\/index.php\\\/2024\\\/11\\\/21\\\/gaza-les-proches-des-personnes-manquantes-supposees-incinerees-endurent-des-pertes-ambigues\\\/#primaryimage\"},\"image\":{\"@id\":\"https:\\\/\\\/charleroi-pourlapalestine.be\\\/index.php\\\/2024\\\/11\\\/21\\\/gaza-les-proches-des-personnes-manquantes-supposees-incinerees-endurent-des-pertes-ambigues\\\/#primaryimage\"},\"thumbnailUrl\":\"https:\\\/\\\/charleroi-pourlapalestine.be\\\/wp-content\\\/uploads\\\/2024\\\/11\\\/Un-secouriste-recherche-des-victimes-dans-les-decombres.png\",\"datePublished\":\"2024-11-21T14:27:43+00:00\",\"dateModified\":\"2024-11-21T14:27:46+00:00\",\"description\":\"Il est fr\u00e9quent que m\u00eame les recherches les plus acharn\u00e9es ne permettent pas de retrouver les moindres restes de personnes manquantes\",\"breadcrumb\":{\"@id\":\"https:\\\/\\\/charleroi-pourlapalestine.be\\\/index.php\\\/2024\\\/11\\\/21\\\/gaza-les-proches-des-personnes-manquantes-supposees-incinerees-endurent-des-pertes-ambigues\\\/#breadcrumb\"},\"inLanguage\":\"fr-FR\",\"potentialAction\":[{\"@type\":\"ReadAction\",\"target\":[\"https:\\\/\\\/charleroi-pourlapalestine.be\\\/index.php\\\/2024\\\/11\\\/21\\\/gaza-les-proches-des-personnes-manquantes-supposees-incinerees-endurent-des-pertes-ambigues\\\/\"]}]},{\"@type\":\"ImageObject\",\"inLanguage\":\"fr-FR\",\"@id\":\"https:\\\/\\\/charleroi-pourlapalestine.be\\\/index.php\\\/2024\\\/11\\\/21\\\/gaza-les-proches-des-personnes-manquantes-supposees-incinerees-endurent-des-pertes-ambigues\\\/#primaryimage\",\"url\":\"\",\"contentUrl\":\"\"},{\"@type\":\"BreadcrumbList\",\"@id\":\"https:\\\/\\\/charleroi-pourlapalestine.be\\\/index.php\\\/2024\\\/11\\\/21\\\/gaza-les-proches-des-personnes-manquantes-supposees-incinerees-endurent-des-pertes-ambigues\\\/#breadcrumb\",\"itemListElement\":[{\"@type\":\"ListItem\",\"position\":1,\"name\":\"Accueil\",\"item\":\"https:\\\/\\\/charleroi-pourlapalestine.be\\\/\"},{\"@type\":\"ListItem\",\"position\":2,\"name\":\"Gaza : Les proches des personnes manquantes suppos\u00e9es incin\u00e9r\u00e9es endurent des \u00ab pertes ambigu\u00ebs \u00bb\"}]},{\"@type\":\"WebSite\",\"@id\":\"https:\\\/\\\/charleroi-pourlapalestine.be\\\/#website\",\"url\":\"https:\\\/\\\/charleroi-pourlapalestine.be\\\/\",\"name\":\"Charleroi Pour la Palestine\",\"description\":\"\",\"publisher\":{\"@id\":\"https:\\\/\\\/charleroi-pourlapalestine.be\\\/#organization\"},\"potentialAction\":[{\"@type\":\"SearchAction\",\"target\":{\"@type\":\"EntryPoint\",\"urlTemplate\":\"https:\\\/\\\/charleroi-pourlapalestine.be\\\/?s={search_term_string}\"},\"query-input\":{\"@type\":\"PropertyValueSpecification\",\"valueRequired\":true,\"valueName\":\"search_term_string\"}}],\"inLanguage\":\"fr-FR\"},{\"@type\":\"Organization\",\"@id\":\"https:\\\/\\\/charleroi-pourlapalestine.be\\\/#organization\",\"name\":\"Plate-forme Charleroi-Palestine\",\"url\":\"https:\\\/\\\/charleroi-pourlapalestine.be\\\/\",\"logo\":{\"@type\":\"ImageObject\",\"inLanguage\":\"fr-FR\",\"@id\":\"https:\\\/\\\/charleroi-pourlapalestine.be\\\/#\\\/schema\\\/logo\\\/image\\\/\",\"url\":\"https:\\\/\\\/charleroi-pourlapalestine.be\\\/wp-content\\\/uploads\\\/2020\\\/01\\\/logo-Copy.jpg\",\"contentUrl\":\"https:\\\/\\\/charleroi-pourlapalestine.be\\\/wp-content\\\/uploads\\\/2020\\\/01\\\/logo-Copy.jpg\",\"width\":180,\"height\":180,\"caption\":\"Plate-forme Charleroi-Palestine\"},\"image\":{\"@id\":\"https:\\\/\\\/charleroi-pourlapalestine.be\\\/#\\\/schema\\\/logo\\\/image\\\/\"},\"sameAs\":[\"https:\\\/\\\/www.facebook.com\\\/PlateformeCharleroiPalestine\\\/\",\"https:\\\/\\\/x.com\\\/LaCharleroi\"]},{\"@type\":\"Person\",\"@id\":\"https:\\\/\\\/charleroi-pourlapalestine.be\\\/#\\\/schema\\\/person\\\/c19ff515112f1299d8c12671d8fe3faa\",\"name\":\"admin1873\",\"url\":\"https:\\\/\\\/charleroi-pourlapalestine.be\\\/index.php\\\/author\\\/admin1873\\\/\"}]}<\/script>\n<!-- \/ Yoast SEO plugin. -->","yoast_head_json":{"title":"Gaza : Les proches des personnes manquantes suppos\u00e9es incin\u00e9r\u00e9es endurent des \u00ab pertes ambigu\u00ebs \u00bb","description":"Il est fr\u00e9quent que m\u00eame les recherches les plus acharn\u00e9es ne permettent pas de retrouver les moindres restes de personnes manquantes","robots":{"index":"index","follow":"follow","max-snippet":"max-snippet:-1","max-image-preview":"max-image-preview:large","max-video-preview":"max-video-preview:-1"},"canonical":"https:\/\/charleroi-pourlapalestine.be\/index.php\/2024\/11\/21\/gaza-les-proches-des-personnes-manquantes-supposees-incinerees-endurent-des-pertes-ambigues\/","schema":{"@context":"https:\/\/schema.org","@graph":[{"@type":"Article","@id":"https:\/\/charleroi-pourlapalestine.be\/index.php\/2024\/11\/21\/gaza-les-proches-des-personnes-manquantes-supposees-incinerees-endurent-des-pertes-ambigues\/#article","isPartOf":{"@id":"https:\/\/charleroi-pourlapalestine.be\/index.php\/2024\/11\/21\/gaza-les-proches-des-personnes-manquantes-supposees-incinerees-endurent-des-pertes-ambigues\/"},"author":{"name":"admin1873","@id":"https:\/\/charleroi-pourlapalestine.be\/#\/schema\/person\/c19ff515112f1299d8c12671d8fe3faa"},"headline":"Gaza : Les proches des personnes manquantes suppos\u00e9es incin\u00e9r\u00e9es endurent des \u00ab pertes ambigu\u00ebs \u00bb","datePublished":"2024-11-21T14:27:43+00:00","dateModified":"2024-11-21T14:27:46+00:00","mainEntityOfPage":{"@id":"https:\/\/charleroi-pourlapalestine.be\/index.php\/2024\/11\/21\/gaza-les-proches-des-personnes-manquantes-supposees-incinerees-endurent-des-pertes-ambigues\/"},"wordCount":1176,"publisher":{"@id":"https:\/\/charleroi-pourlapalestine.be\/#organization"},"image":{"@id":"https:\/\/charleroi-pourlapalestine.be\/index.php\/2024\/11\/21\/gaza-les-proches-des-personnes-manquantes-supposees-incinerees-endurent-des-pertes-ambigues\/#primaryimage"},"thumbnailUrl":"https:\/\/charleroi-pourlapalestine.be\/wp-content\/uploads\/2024\/11\/Un-secouriste-recherche-des-victimes-dans-les-decombres.png","articleSection":["Gaza","G\u00e9nocide"],"inLanguage":"fr-FR"},{"@type":"WebPage","@id":"https:\/\/charleroi-pourlapalestine.be\/index.php\/2024\/11\/21\/gaza-les-proches-des-personnes-manquantes-supposees-incinerees-endurent-des-pertes-ambigues\/","url":"https:\/\/charleroi-pourlapalestine.be\/index.php\/2024\/11\/21\/gaza-les-proches-des-personnes-manquantes-supposees-incinerees-endurent-des-pertes-ambigues\/","name":"Gaza : Les proches des personnes manquantes suppos\u00e9es incin\u00e9r\u00e9es endurent des \u00ab pertes ambigu\u00ebs \u00bb","isPartOf":{"@id":"https:\/\/charleroi-pourlapalestine.be\/#website"},"primaryImageOfPage":{"@id":"https:\/\/charleroi-pourlapalestine.be\/index.php\/2024\/11\/21\/gaza-les-proches-des-personnes-manquantes-supposees-incinerees-endurent-des-pertes-ambigues\/#primaryimage"},"image":{"@id":"https:\/\/charleroi-pourlapalestine.be\/index.php\/2024\/11\/21\/gaza-les-proches-des-personnes-manquantes-supposees-incinerees-endurent-des-pertes-ambigues\/#primaryimage"},"thumbnailUrl":"https:\/\/charleroi-pourlapalestine.be\/wp-content\/uploads\/2024\/11\/Un-secouriste-recherche-des-victimes-dans-les-decombres.png","datePublished":"2024-11-21T14:27:43+00:00","dateModified":"2024-11-21T14:27:46+00:00","description":"Il est fr\u00e9quent que m\u00eame les recherches les plus acharn\u00e9es ne permettent pas de retrouver les moindres restes de personnes manquantes","breadcrumb":{"@id":"https:\/\/charleroi-pourlapalestine.be\/index.php\/2024\/11\/21\/gaza-les-proches-des-personnes-manquantes-supposees-incinerees-endurent-des-pertes-ambigues\/#breadcrumb"},"inLanguage":"fr-FR","potentialAction":[{"@type":"ReadAction","target":["https:\/\/charleroi-pourlapalestine.be\/index.php\/2024\/11\/21\/gaza-les-proches-des-personnes-manquantes-supposees-incinerees-endurent-des-pertes-ambigues\/"]}]},{"@type":"ImageObject","inLanguage":"fr-FR","@id":"https:\/\/charleroi-pourlapalestine.be\/index.php\/2024\/11\/21\/gaza-les-proches-des-personnes-manquantes-supposees-incinerees-endurent-des-pertes-ambigues\/#primaryimage","url":"","contentUrl":""},{"@type":"BreadcrumbList","@id":"https:\/\/charleroi-pourlapalestine.be\/index.php\/2024\/11\/21\/gaza-les-proches-des-personnes-manquantes-supposees-incinerees-endurent-des-pertes-ambigues\/#breadcrumb","itemListElement":[{"@type":"ListItem","position":1,"name":"Accueil","item":"https:\/\/charleroi-pourlapalestine.be\/"},{"@type":"ListItem","position":2,"name":"Gaza : Les proches des personnes manquantes suppos\u00e9es incin\u00e9r\u00e9es endurent des \u00ab pertes ambigu\u00ebs \u00bb"}]},{"@type":"WebSite","@id":"https:\/\/charleroi-pourlapalestine.be\/#website","url":"https:\/\/charleroi-pourlapalestine.be\/","name":"Charleroi Pour la Palestine","description":"","publisher":{"@id":"https:\/\/charleroi-pourlapalestine.be\/#organization"},"potentialAction":[{"@type":"SearchAction","target":{"@type":"EntryPoint","urlTemplate":"https:\/\/charleroi-pourlapalestine.be\/?s={search_term_string}"},"query-input":{"@type":"PropertyValueSpecification","valueRequired":true,"valueName":"search_term_string"}}],"inLanguage":"fr-FR"},{"@type":"Organization","@id":"https:\/\/charleroi-pourlapalestine.be\/#organization","name":"Plate-forme Charleroi-Palestine","url":"https:\/\/charleroi-pourlapalestine.be\/","logo":{"@type":"ImageObject","inLanguage":"fr-FR","@id":"https:\/\/charleroi-pourlapalestine.be\/#\/schema\/logo\/image\/","url":"https:\/\/charleroi-pourlapalestine.be\/wp-content\/uploads\/2020\/01\/logo-Copy.jpg","contentUrl":"https:\/\/charleroi-pourlapalestine.be\/wp-content\/uploads\/2020\/01\/logo-Copy.jpg","width":180,"height":180,"caption":"Plate-forme Charleroi-Palestine"},"image":{"@id":"https:\/\/charleroi-pourlapalestine.be\/#\/schema\/logo\/image\/"},"sameAs":["https:\/\/www.facebook.com\/PlateformeCharleroiPalestine\/","https:\/\/x.com\/LaCharleroi"]},{"@type":"Person","@id":"https:\/\/charleroi-pourlapalestine.be\/#\/schema\/person\/c19ff515112f1299d8c12671d8fe3faa","name":"admin1873","url":"https:\/\/charleroi-pourlapalestine.be\/index.php\/author\/admin1873\/"}]}},"_links":{"self":[{"href":"https:\/\/charleroi-pourlapalestine.be\/index.php\/wp-json\/wp\/v2\/posts\/78933","targetHints":{"allow":["GET"]}}],"collection":[{"href":"https:\/\/charleroi-pourlapalestine.be\/index.php\/wp-json\/wp\/v2\/posts"}],"about":[{"href":"https:\/\/charleroi-pourlapalestine.be\/index.php\/wp-json\/wp\/v2\/types\/post"}],"author":[{"embeddable":true,"href":"https:\/\/charleroi-pourlapalestine.be\/index.php\/wp-json\/wp\/v2\/users\/1"}],"replies":[{"embeddable":true,"href":"https:\/\/charleroi-pourlapalestine.be\/index.php\/wp-json\/wp\/v2\/comments?post=78933"}],"version-history":[{"count":0,"href":"https:\/\/charleroi-pourlapalestine.be\/index.php\/wp-json\/wp\/v2\/posts\/78933\/revisions"}],"wp:attachment":[{"href":"https:\/\/charleroi-pourlapalestine.be\/index.php\/wp-json\/wp\/v2\/media?parent=78933"}],"wp:term":[{"taxonomy":"category","embeddable":true,"href":"https:\/\/charleroi-pourlapalestine.be\/index.php\/wp-json\/wp\/v2\/categories?post=78933"},{"taxonomy":"post_tag","embeddable":true,"href":"https:\/\/charleroi-pourlapalestine.be\/index.php\/wp-json\/wp\/v2\/tags?post=78933"}],"curies":[{"name":"wp","href":"https:\/\/api.w.org\/{rel}","templated":true}]}}