{"id":78950,"date":"2024-11-20T16:03:27","date_gmt":"2024-11-20T15:03:27","guid":{"rendered":"https:\/\/charleroi-pourlapalestine.be\/?p=78950"},"modified":"2024-11-25T21:29:07","modified_gmt":"2024-11-25T20:29:07","slug":"maura-finkelstein-une-professeure-juive-licenciee-pour-ses-messages-antisionistes","status":"publish","type":"post","link":"https:\/\/charleroi-pourlapalestine.be\/index.php\/2024\/11\/20\/maura-finkelstein-une-professeure-juive-licenciee-pour-ses-messages-antisionistes\/","title":{"rendered":"Maura Finkelstein, une professeure juive licenci\u00e9e pour ses messages antisionistes"},"content":{"rendered":"<p>Le licenciement est survenu apr\u00e8s des mois de harc\u00e8lement cibl\u00e9 par des groupes de pression et individus pro-isra\u00e9liens qui incitaient l&rsquo;universit\u00e9 \u00e0 virer Maura Finkelstein, l&rsquo;accusant de<em> \u00ab haine envers les juifs<\/em> \u00bb quant \u00e0 ses principes antisionistes.<\/p>\n<p>&nbsp;<\/p>\n<div id=\"attachment_78952\" style=\"width: 747px\" class=\"wp-caption aligncenter\"><img loading=\"lazy\" decoding=\"async\" aria-describedby=\"caption-attachment-78952\" class=\"wp-image-78952 size-full\" src=\"https:\/\/charleroi-pourlapalestine.be\/wp-content\/uploads\/2024\/11\/Maura-Finkelstein.png\" alt=\"Maura Finkelstein, professeure juive licenci\u00e9e pour ses messages antisionistes\" width=\"737\" height=\"548\"><p id=\"caption-attachment-78952\" class=\"wp-caption-text\">Maura Finkelstein. Photo via Twitter<\/p><\/div>\n<p>&nbsp;<\/p>\n<p><strong>Nora Barrows-Friedman,<\/strong> 17 novembre 2024<\/p>\n<p>Un peu partout aux EU, les \u00e9tudiants et les facult\u00e9s continuent de r\u00e9sister aux mesures r\u00e9pressives des administrations universitaires bien d\u00e9cid\u00e9es \u00e0 \u00e9touffer, voire \u00e0 criminaliser tout discours en faveur des droits palestiniens, alors que se poursuit le g\u00e9nocide \u00e0 Gaza.<\/p>\n<p>En m\u00eame temps que les institutions am\u00e9ricaines qui appellent les flics anti\u00e9meute contre leurs propres \u00e9tudiants qui organisent des sit-in de protestation, ou pour tenter de les en emp\u00eacher, certaines universit\u00e9s ont tent\u00e9 de consid\u00e9rer l&rsquo;id\u00e9ologie politique du sionisme comme une classe identitaire prot\u00e9g\u00e9e dans le but de d\u00e9finir le discours antisioniste comme \u00e9tant un discours haineux raciste.<\/p>\n<blockquote><p>\u00ab Depuis que je suis professeure, je donne cours sur la Palestine \u2013 cela a toujours \u00e9t\u00e9 soit central soit int\u00e9gr\u00e9 au travail que je fais \u00bb,<\/p><\/blockquote>\n<p>a expliqu\u00e9<strong> Maura Finkelstein<\/strong> lors d&rsquo;un podcast de <em>The Electronic Intifada.<\/em><\/p>\n<p>Maura Finkelstein, sp\u00e9cialiste de l&rsquo;anthropologie et \u00e9crivaine, enseignait au Muhlenberg College (universit\u00e9 priv\u00e9e) d&rsquo;Allentown, Pennsylvanie, depuis neuf ans.<\/p>\n<p>Elle donnait un cours sur l&rsquo;anthropologie de la <strong>Palestine<\/strong>, une mati\u00e8re qui, dit-elle, avait \u00e9t\u00e9 approuv\u00e9e par la direction de l&rsquo;\u00e9tablissement.<\/p>\n<p>Mais, bien qu&rsquo;elle ait \u00e9t\u00e9 titulaire, elle a \u00e9t\u00e9 licenci\u00e9e en mai 2024 pour avoir diffus\u00e9 sur les m\u00e9dias sociaux des messages favorables aux droits palestiniens et hostiles \u00e0 l&rsquo;id\u00e9ologie politique du sionisme \u2013 une d\u00e9marche qui a \u00e9t\u00e9 per\u00e7ue comme un avertissement aux autres professeurs oppos\u00e9s au g\u00e9nocide.<\/p>\n<p>Le licenciement est survenu apr\u00e8s <strong>des mois de harc\u00e8lement cibl\u00e9<\/strong> par des groupes de pression et individus pro-isra\u00e9liens qui incitaient l&rsquo;universit\u00e9 \u00e0 virer Maura Finkelstein, l&rsquo;accusant de <em>\u00ab haine envers les juifs \u00bb<\/em> quant \u00e0 ses principes antisionistes. Maura Finkelstein est juive.<\/p>\n<p>The Intercept a rapport\u00e9 que Finkelstein<\/p>\n<blockquote><p>\u00ab a fait l&rsquo;objet d&rsquo;une campagne de plusieurs milliers de courriels anonymes, g\u00e9n\u00e9r\u00e9s par des robots, qui ont \u00e9t\u00e9 adress\u00e9s \u00e0 chaque minute, pendant plus de 24 heures, aux administrateurs de l&rsquo;\u00e9cole \u2013 de m\u00eame qu&rsquo;\u00e0 la presse d&rsquo;information et aux hommes politiques locaux \u2013 en exigeant le renvoi de la professeure \u00bb.<\/p><\/blockquote>\n<p>L&rsquo;administration du coll\u00e8ge a inform\u00e9 Maura Finkelstein que <em>\u00ab de nombreuses familles d&rsquo;\u00e9tudiants avaient appel\u00e9 pour exprimer leurs inqui\u00e9tudes \u00e0 propos de sa position \u00bb<\/em>, fait remarquer The Intercept.<\/p>\n<blockquote><p>\u00ab Une p\u00e9tition sur Change.org lanc\u00e9e en octobre dernier par des anciens \u00e9l\u00e8ves et des amis du Muhlenberg College r\u00e9clamait le licenciement de Finkelstein pour son discours pr\u00e9tendument &lsquo;pro-Hamas&rsquo; ; cette p\u00e9tition a r\u00e9colt\u00e9 plus de 8 000 signatures. \u00bb<\/p><\/blockquote>\n<p>Maura Finkelstein a expliqu\u00e9 \u00e0 <em>The Electronic Intifada<\/em> que l&rsquo;un de ses messages sur les m\u00e9dias sociaux \u2013 une republication sur son compte personnel d&rsquo;une d\u00e9claration du po\u00e8te palestino-am\u00e9ricain <a href=\"https:\/\/charleroi-pourlapalestine.be\/index.php\/2012\/12\/17\/remi-kanazi-les-palestiniens-nont-pas-besoin-daide-mais-de-liberte\/\"><strong>Remi Kanazi<\/strong> <\/a>refusant de normaliser le sionisme \u2013 avait suscit\u00e9 une condamnation de la part d&rsquo;un \u00e9tudiant de Muhlenberg qui n&rsquo;avait m\u00eame jamais assist\u00e9 \u00e0 un de ses cours.<\/p>\n<blockquote><p>\u00ab Du fait que cet \u00e9tudiant s&rsquo;est identifi\u00e9 comme sioniste et qu&rsquo;il croyait que le sionisme et le juda\u00efsme \u00e9taient la m\u00eame chose, il a pr\u00e9tendu que je violais la politique d&rsquo;\u00e9galit\u00e9 des chances et de non-discrimination et que cela reviendrait essentiellement \u00e0 refuser \u00e0 cet \u00e9tudiant l&rsquo;acc\u00e8s \u00e0 l&rsquo;\u00e9ducation \u00bb,<\/p><\/blockquote>\n<p>a ajout\u00e9 Maura Finkelstein.<\/p>\n<p>Et d&rsquo;expliquer que, m\u00eame si l&rsquo;\u00e9tudiant ne la connaissait pas,<\/p>\n<blockquote><p>\u00ab il pr\u00e9sumait \u00e0 partir des messages des m\u00e9dias sociaux qu&rsquo;il ne serait pas en s\u00e9curit\u00e9 dans ma classe. L&rsquo;affaire a \u00e9t\u00e9 soumise \u00e0 une enqu\u00eate longue de trois mois et demi, en passant par divers corps de professeurs, du personnel et de l&rsquo;administration et l&rsquo;on m&rsquo;a dit que j&rsquo;\u00e9tais licenci\u00e9e pour un motif grave, ce qui, d&rsquo;office, ne me donnait aucun acc\u00e8s \u00e0 des indemnit\u00e9s de d\u00e9part \u00bb.<\/p><\/blockquote>\n<p>&nbsp;<\/p>\n<h3>Une <em>\u00ab collision parfaite \u00bb<\/em><\/h3>\n<p>Maura Finkelstein dit que, selon l&rsquo;Association am\u00e9ricaine des professeurs d&rsquo;universit\u00e9 (AAUP), elle est la premi\u00e8re professeure titulaire \u00e0 \u00eatre licenci\u00e9e depuis octobre 2023 pour son soutien aux droits palestiniens.<\/p>\n<blockquote><p>\u00ab Naturellement il y a eu des cas dans le pass\u00e9 \u00bb,<\/p><\/blockquote>\n<p>fait-elle remarquer, citant le licenciement du professeur <a href=\"https:\/\/charleroi-pourlapalestine.be\/index.php\/2023\/10\/28\/aux-gens-de-gaza-et-de-toute-la-palestine\/\"><strong>Steven Salaita<\/strong><\/a> par l&rsquo;Universit\u00e9 de l&rsquo;Illinois en 2014, ainsi que<\/p>\n<blockquote><p>\u00ab d&rsquo;innombrables adjoints, professeurs adjoints invit\u00e9s, conf\u00e9renciers et autres professeurs occasionnels qui ont perdu leurs contrats, qui ont perdu leur emploi sans le m\u00eame genre de raison qui provoquerait l&rsquo;indignation \u00bb.<\/p><\/blockquote>\n<p>Il existe une crainte, dit-elle, chez les universitaires qui se font sanctionner actuellement,<\/p>\n<blockquote><p>\u00ab que, s&rsquo;ils rendent leur affaire publique, ils ne puissent plus jamais travailler \u00e0 nouveau dans l&rsquo;enseignement sup\u00e9rieur. Et je pense que c&rsquo;est une menace r\u00e9elle. \u00bb<\/p><\/blockquote>\n<p>Dans son propre cas, explique Maura Finkelstein, cela cristallise au moins deux des grandes crises qui touchent actuellement l&rsquo;enseignement sup\u00e9rieur.<\/p>\n<p>L&rsquo;une de ces crises, c&rsquo;est<\/p>\n<blockquote><p>\u00ab l&rsquo;\u00e9rosion constante du financement f\u00e9d\u00e9ral, du soutien f\u00e9d\u00e9ral qui a cr\u00e9\u00e9 ces institutions de sorte qu&rsquo;elles sont compl\u00e8tement, ou presque compl\u00e8tement d\u00e9pendantes des frais de scolarit\u00e9 et du soutien des donateurs \u00bb, ce qui cr\u00e9e un mod\u00e8le financier qui \u00ab ne porte pas sur l&rsquo;enseignement, en fait, mais bien sur l&rsquo;accumulation des ressources \u00bb, dit-elle.<\/p><\/blockquote>\n<p>La seconde crise, c&rsquo;est que les administrateurs sont dans une position o\u00f9<\/p>\n<blockquote><p>\u00ab ils ne savent pas ce qu&rsquo;est le juda\u00efsme. Ils ne savent pas ce qu&rsquo;est le sionisme. En fait, ils ne savent probablement pas grand-chose des d\u00e9cisions qu&rsquo;ils prennent. Ce qu&rsquo;ils savent, par contre, c&rsquo;est ce qu&rsquo;ils s&rsquo;ali\u00e8nent leur base financi\u00e8re, ils vont s&rsquo;effondrer. \u00bb<\/p><\/blockquote>\n<p>Maura Finkelstein dit qu&rsquo;elle comprend pourquoi certains professeurs sont effray\u00e9s de s&rsquo;exprimer en d\u00e9fense de la Palestine et de perdre potentiellement leur emploi. Mais, ajoute-t-elle, ses coll\u00e8gues ne devraient pas s&rsquo;autocensurer.<\/p>\n<blockquote><p>\u00ab Nous devons tous parler de la Palestine. Nous devons tous donner cours sur la Palestine parce que, dans un monde id\u00e9al, ils ne pourront pas nous licencier tous. \u00bb<\/p><\/blockquote>\n<p>&nbsp;<\/p>\n<p>Vid\u00e9o EI : Une professeure titulaire juive licenci\u00e9e pour ses messages antisionistes. (Visible sur YouTube)<\/p>\n<p>&nbsp;<\/p>\n<p>Voyez l&rsquo;interview compl\u00e8te ci-dessus ou \u00e9coutez-la via SoundCloud, Apple Podcasts ou Spotify.&nbsp; Production : Tamara Nassar<\/p>\n<p style=\"text-align: center;\">*****<\/p>\n<p>Publi\u00e9 le 17 novembre 2024 sur <a href=\"https:\/\/electronicintifada.net\/blogs\/nora-barrows-friedman\/jewish-professor-fired-anti-zionist-posts\" target=\"_blank\" rel=\"noopener\">The Electronic Intifada<\/a><br \/>\nTraduction : Jean-Marie Fl\u00e9mal, <a href=\"https:\/\/charleroi-pourlapalestine.be\/\">Charleroi pour la Palestine<\/a><\/p>\n<p>&nbsp;<\/p>\n<p>&nbsp;<\/p>\n","protected":false},"excerpt":{"rendered":"<p>Maura Finkelstein a \u00e9t\u00e9 licenci\u00e9e pour avoir diffus\u00e9 sur les m\u00e9dias sociaux des messages favorables aux droits palestiniens et hostiles \u00e0 l&rsquo;id\u00e9ologie politique du sionisme.<\/p>\n","protected":false},"author":1,"featured_media":0,"comment_status":"closed","ping_status":"closed","sticky":false,"template":"","format":"standard","meta":{"ngg_post_thumbnail":0,"footnotes":""},"categories":[52,358,330],"tags":[],"class_list":["post-78950","post","type-post","status-publish","format-standard","hentry","category-la-cour-penale-internationale","category-repression","category-universites"],"yoast_head":"<!-- This site is optimized with the Yoast SEO plugin v27.3 - https:\/\/yoast.com\/product\/yoast-seo-wordpress\/ -->\n<title>Maura Finkelstein, une professeure juive licenci\u00e9e pour ses messages antisionistes<\/title>\n<meta name=\"description\" content=\"Maura Finkelstein a \u00e9t\u00e9 licenci\u00e9e pour avoir diffus\u00e9 sur les m\u00e9dias sociaux des messages favorables aux droits palestiniens et hostiles \u00e0 l&#039;id\u00e9ologie politique du sionisme.\" \/>\n<meta name=\"robots\" content=\"index, follow, max-snippet:-1, max-image-preview:large, max-video-preview:-1\" \/>\n<link rel=\"canonical\" href=\"https:\/\/charleroi-pourlapalestine.be\/index.php\/2024\/11\/20\/maura-finkelstein-une-professeure-juive-licenciee-pour-ses-messages-antisionistes\/\" \/>\n<script type=\"application\/ld+json\" class=\"yoast-schema-graph\">{\"@context\":\"https:\\\/\\\/schema.org\",\"@graph\":[{\"@type\":\"Article\",\"@id\":\"https:\\\/\\\/charleroi-pourlapalestine.be\\\/index.php\\\/2024\\\/11\\\/20\\\/maura-finkelstein-une-professeure-juive-licenciee-pour-ses-messages-antisionistes\\\/#article\",\"isPartOf\":{\"@id\":\"https:\\\/\\\/charleroi-pourlapalestine.be\\\/index.php\\\/2024\\\/11\\\/20\\\/maura-finkelstein-une-professeure-juive-licenciee-pour-ses-messages-antisionistes\\\/\"},\"author\":{\"name\":\"admin1873\",\"@id\":\"https:\\\/\\\/charleroi-pourlapalestine.be\\\/#\\\/schema\\\/person\\\/c19ff515112f1299d8c12671d8fe3faa\"},\"headline\":\"Maura Finkelstein, une professeure juive licenci\u00e9e pour ses messages antisionistes\",\"datePublished\":\"2024-11-20T15:03:27+00:00\",\"dateModified\":\"2024-11-25T20:29:07+00:00\",\"mainEntityOfPage\":{\"@id\":\"https:\\\/\\\/charleroi-pourlapalestine.be\\\/index.php\\\/2024\\\/11\\\/20\\\/maura-finkelstein-une-professeure-juive-licenciee-pour-ses-messages-antisionistes\\\/\"},\"wordCount\":1132,\"publisher\":{\"@id\":\"https:\\\/\\\/charleroi-pourlapalestine.be\\\/#organization\"},\"image\":{\"@id\":\"https:\\\/\\\/charleroi-pourlapalestine.be\\\/index.php\\\/2024\\\/11\\\/20\\\/maura-finkelstein-une-professeure-juive-licenciee-pour-ses-messages-antisionistes\\\/#primaryimage\"},\"thumbnailUrl\":\"https:\\\/\\\/charleroi-pourlapalestine.be\\\/wp-content\\\/uploads\\\/2024\\\/11\\\/Maura-Finkelstein.png\",\"articleSection\":[\"Etats-Unis\",\"R\u00e9pression\",\"Universit\u00e9s\"],\"inLanguage\":\"fr-FR\"},{\"@type\":\"WebPage\",\"@id\":\"https:\\\/\\\/charleroi-pourlapalestine.be\\\/index.php\\\/2024\\\/11\\\/20\\\/maura-finkelstein-une-professeure-juive-licenciee-pour-ses-messages-antisionistes\\\/\",\"url\":\"https:\\\/\\\/charleroi-pourlapalestine.be\\\/index.php\\\/2024\\\/11\\\/20\\\/maura-finkelstein-une-professeure-juive-licenciee-pour-ses-messages-antisionistes\\\/\",\"name\":\"Maura Finkelstein, une professeure juive licenci\u00e9e pour ses messages antisionistes\",\"isPartOf\":{\"@id\":\"https:\\\/\\\/charleroi-pourlapalestine.be\\\/#website\"},\"primaryImageOfPage\":{\"@id\":\"https:\\\/\\\/charleroi-pourlapalestine.be\\\/index.php\\\/2024\\\/11\\\/20\\\/maura-finkelstein-une-professeure-juive-licenciee-pour-ses-messages-antisionistes\\\/#primaryimage\"},\"image\":{\"@id\":\"https:\\\/\\\/charleroi-pourlapalestine.be\\\/index.php\\\/2024\\\/11\\\/20\\\/maura-finkelstein-une-professeure-juive-licenciee-pour-ses-messages-antisionistes\\\/#primaryimage\"},\"thumbnailUrl\":\"https:\\\/\\\/charleroi-pourlapalestine.be\\\/wp-content\\\/uploads\\\/2024\\\/11\\\/Maura-Finkelstein.png\",\"datePublished\":\"2024-11-20T15:03:27+00:00\",\"dateModified\":\"2024-11-25T20:29:07+00:00\",\"description\":\"Maura Finkelstein a \u00e9t\u00e9 licenci\u00e9e pour avoir diffus\u00e9 sur les m\u00e9dias sociaux des messages favorables aux droits palestiniens et hostiles \u00e0 l'id\u00e9ologie politique du sionisme.\",\"breadcrumb\":{\"@id\":\"https:\\\/\\\/charleroi-pourlapalestine.be\\\/index.php\\\/2024\\\/11\\\/20\\\/maura-finkelstein-une-professeure-juive-licenciee-pour-ses-messages-antisionistes\\\/#breadcrumb\"},\"inLanguage\":\"fr-FR\",\"potentialAction\":[{\"@type\":\"ReadAction\",\"target\":[\"https:\\\/\\\/charleroi-pourlapalestine.be\\\/index.php\\\/2024\\\/11\\\/20\\\/maura-finkelstein-une-professeure-juive-licenciee-pour-ses-messages-antisionistes\\\/\"]}]},{\"@type\":\"ImageObject\",\"inLanguage\":\"fr-FR\",\"@id\":\"https:\\\/\\\/charleroi-pourlapalestine.be\\\/index.php\\\/2024\\\/11\\\/20\\\/maura-finkelstein-une-professeure-juive-licenciee-pour-ses-messages-antisionistes\\\/#primaryimage\",\"url\":\"\",\"contentUrl\":\"\"},{\"@type\":\"BreadcrumbList\",\"@id\":\"https:\\\/\\\/charleroi-pourlapalestine.be\\\/index.php\\\/2024\\\/11\\\/20\\\/maura-finkelstein-une-professeure-juive-licenciee-pour-ses-messages-antisionistes\\\/#breadcrumb\",\"itemListElement\":[{\"@type\":\"ListItem\",\"position\":1,\"name\":\"Accueil\",\"item\":\"https:\\\/\\\/charleroi-pourlapalestine.be\\\/\"},{\"@type\":\"ListItem\",\"position\":2,\"name\":\"Maura Finkelstein, une professeure juive licenci\u00e9e pour ses messages antisionistes\"}]},{\"@type\":\"WebSite\",\"@id\":\"https:\\\/\\\/charleroi-pourlapalestine.be\\\/#website\",\"url\":\"https:\\\/\\\/charleroi-pourlapalestine.be\\\/\",\"name\":\"Charleroi Pour la Palestine\",\"description\":\"\",\"publisher\":{\"@id\":\"https:\\\/\\\/charleroi-pourlapalestine.be\\\/#organization\"},\"potentialAction\":[{\"@type\":\"SearchAction\",\"target\":{\"@type\":\"EntryPoint\",\"urlTemplate\":\"https:\\\/\\\/charleroi-pourlapalestine.be\\\/?s={search_term_string}\"},\"query-input\":{\"@type\":\"PropertyValueSpecification\",\"valueRequired\":true,\"valueName\":\"search_term_string\"}}],\"inLanguage\":\"fr-FR\"},{\"@type\":\"Organization\",\"@id\":\"https:\\\/\\\/charleroi-pourlapalestine.be\\\/#organization\",\"name\":\"Plate-forme Charleroi-Palestine\",\"url\":\"https:\\\/\\\/charleroi-pourlapalestine.be\\\/\",\"logo\":{\"@type\":\"ImageObject\",\"inLanguage\":\"fr-FR\",\"@id\":\"https:\\\/\\\/charleroi-pourlapalestine.be\\\/#\\\/schema\\\/logo\\\/image\\\/\",\"url\":\"https:\\\/\\\/charleroi-pourlapalestine.be\\\/wp-content\\\/uploads\\\/2020\\\/01\\\/logo-Copy.jpg\",\"contentUrl\":\"https:\\\/\\\/charleroi-pourlapalestine.be\\\/wp-content\\\/uploads\\\/2020\\\/01\\\/logo-Copy.jpg\",\"width\":180,\"height\":180,\"caption\":\"Plate-forme Charleroi-Palestine\"},\"image\":{\"@id\":\"https:\\\/\\\/charleroi-pourlapalestine.be\\\/#\\\/schema\\\/logo\\\/image\\\/\"},\"sameAs\":[\"https:\\\/\\\/www.facebook.com\\\/PlateformeCharleroiPalestine\\\/\",\"https:\\\/\\\/x.com\\\/LaCharleroi\"]},{\"@type\":\"Person\",\"@id\":\"https:\\\/\\\/charleroi-pourlapalestine.be\\\/#\\\/schema\\\/person\\\/c19ff515112f1299d8c12671d8fe3faa\",\"name\":\"admin1873\",\"url\":\"https:\\\/\\\/charleroi-pourlapalestine.be\\\/index.php\\\/author\\\/admin1873\\\/\"}]}<\/script>\n<!-- \/ Yoast SEO plugin. -->","yoast_head_json":{"title":"Maura Finkelstein, une professeure juive licenci\u00e9e pour ses messages antisionistes","description":"Maura Finkelstein a \u00e9t\u00e9 licenci\u00e9e pour avoir diffus\u00e9 sur les m\u00e9dias sociaux des messages favorables aux droits palestiniens et hostiles \u00e0 l'id\u00e9ologie politique du sionisme.","robots":{"index":"index","follow":"follow","max-snippet":"max-snippet:-1","max-image-preview":"max-image-preview:large","max-video-preview":"max-video-preview:-1"},"canonical":"https:\/\/charleroi-pourlapalestine.be\/index.php\/2024\/11\/20\/maura-finkelstein-une-professeure-juive-licenciee-pour-ses-messages-antisionistes\/","schema":{"@context":"https:\/\/schema.org","@graph":[{"@type":"Article","@id":"https:\/\/charleroi-pourlapalestine.be\/index.php\/2024\/11\/20\/maura-finkelstein-une-professeure-juive-licenciee-pour-ses-messages-antisionistes\/#article","isPartOf":{"@id":"https:\/\/charleroi-pourlapalestine.be\/index.php\/2024\/11\/20\/maura-finkelstein-une-professeure-juive-licenciee-pour-ses-messages-antisionistes\/"},"author":{"name":"admin1873","@id":"https:\/\/charleroi-pourlapalestine.be\/#\/schema\/person\/c19ff515112f1299d8c12671d8fe3faa"},"headline":"Maura Finkelstein, une professeure juive licenci\u00e9e pour ses messages antisionistes","datePublished":"2024-11-20T15:03:27+00:00","dateModified":"2024-11-25T20:29:07+00:00","mainEntityOfPage":{"@id":"https:\/\/charleroi-pourlapalestine.be\/index.php\/2024\/11\/20\/maura-finkelstein-une-professeure-juive-licenciee-pour-ses-messages-antisionistes\/"},"wordCount":1132,"publisher":{"@id":"https:\/\/charleroi-pourlapalestine.be\/#organization"},"image":{"@id":"https:\/\/charleroi-pourlapalestine.be\/index.php\/2024\/11\/20\/maura-finkelstein-une-professeure-juive-licenciee-pour-ses-messages-antisionistes\/#primaryimage"},"thumbnailUrl":"https:\/\/charleroi-pourlapalestine.be\/wp-content\/uploads\/2024\/11\/Maura-Finkelstein.png","articleSection":["Etats-Unis","R\u00e9pression","Universit\u00e9s"],"inLanguage":"fr-FR"},{"@type":"WebPage","@id":"https:\/\/charleroi-pourlapalestine.be\/index.php\/2024\/11\/20\/maura-finkelstein-une-professeure-juive-licenciee-pour-ses-messages-antisionistes\/","url":"https:\/\/charleroi-pourlapalestine.be\/index.php\/2024\/11\/20\/maura-finkelstein-une-professeure-juive-licenciee-pour-ses-messages-antisionistes\/","name":"Maura Finkelstein, une professeure juive licenci\u00e9e pour ses messages antisionistes","isPartOf":{"@id":"https:\/\/charleroi-pourlapalestine.be\/#website"},"primaryImageOfPage":{"@id":"https:\/\/charleroi-pourlapalestine.be\/index.php\/2024\/11\/20\/maura-finkelstein-une-professeure-juive-licenciee-pour-ses-messages-antisionistes\/#primaryimage"},"image":{"@id":"https:\/\/charleroi-pourlapalestine.be\/index.php\/2024\/11\/20\/maura-finkelstein-une-professeure-juive-licenciee-pour-ses-messages-antisionistes\/#primaryimage"},"thumbnailUrl":"https:\/\/charleroi-pourlapalestine.be\/wp-content\/uploads\/2024\/11\/Maura-Finkelstein.png","datePublished":"2024-11-20T15:03:27+00:00","dateModified":"2024-11-25T20:29:07+00:00","description":"Maura Finkelstein a \u00e9t\u00e9 licenci\u00e9e pour avoir diffus\u00e9 sur les m\u00e9dias sociaux des messages favorables aux droits palestiniens et hostiles \u00e0 l'id\u00e9ologie politique du sionisme.","breadcrumb":{"@id":"https:\/\/charleroi-pourlapalestine.be\/index.php\/2024\/11\/20\/maura-finkelstein-une-professeure-juive-licenciee-pour-ses-messages-antisionistes\/#breadcrumb"},"inLanguage":"fr-FR","potentialAction":[{"@type":"ReadAction","target":["https:\/\/charleroi-pourlapalestine.be\/index.php\/2024\/11\/20\/maura-finkelstein-une-professeure-juive-licenciee-pour-ses-messages-antisionistes\/"]}]},{"@type":"ImageObject","inLanguage":"fr-FR","@id":"https:\/\/charleroi-pourlapalestine.be\/index.php\/2024\/11\/20\/maura-finkelstein-une-professeure-juive-licenciee-pour-ses-messages-antisionistes\/#primaryimage","url":"","contentUrl":""},{"@type":"BreadcrumbList","@id":"https:\/\/charleroi-pourlapalestine.be\/index.php\/2024\/11\/20\/maura-finkelstein-une-professeure-juive-licenciee-pour-ses-messages-antisionistes\/#breadcrumb","itemListElement":[{"@type":"ListItem","position":1,"name":"Accueil","item":"https:\/\/charleroi-pourlapalestine.be\/"},{"@type":"ListItem","position":2,"name":"Maura Finkelstein, une professeure juive licenci\u00e9e pour ses messages antisionistes"}]},{"@type":"WebSite","@id":"https:\/\/charleroi-pourlapalestine.be\/#website","url":"https:\/\/charleroi-pourlapalestine.be\/","name":"Charleroi Pour la Palestine","description":"","publisher":{"@id":"https:\/\/charleroi-pourlapalestine.be\/#organization"},"potentialAction":[{"@type":"SearchAction","target":{"@type":"EntryPoint","urlTemplate":"https:\/\/charleroi-pourlapalestine.be\/?s={search_term_string}"},"query-input":{"@type":"PropertyValueSpecification","valueRequired":true,"valueName":"search_term_string"}}],"inLanguage":"fr-FR"},{"@type":"Organization","@id":"https:\/\/charleroi-pourlapalestine.be\/#organization","name":"Plate-forme Charleroi-Palestine","url":"https:\/\/charleroi-pourlapalestine.be\/","logo":{"@type":"ImageObject","inLanguage":"fr-FR","@id":"https:\/\/charleroi-pourlapalestine.be\/#\/schema\/logo\/image\/","url":"https:\/\/charleroi-pourlapalestine.be\/wp-content\/uploads\/2020\/01\/logo-Copy.jpg","contentUrl":"https:\/\/charleroi-pourlapalestine.be\/wp-content\/uploads\/2020\/01\/logo-Copy.jpg","width":180,"height":180,"caption":"Plate-forme Charleroi-Palestine"},"image":{"@id":"https:\/\/charleroi-pourlapalestine.be\/#\/schema\/logo\/image\/"},"sameAs":["https:\/\/www.facebook.com\/PlateformeCharleroiPalestine\/","https:\/\/x.com\/LaCharleroi"]},{"@type":"Person","@id":"https:\/\/charleroi-pourlapalestine.be\/#\/schema\/person\/c19ff515112f1299d8c12671d8fe3faa","name":"admin1873","url":"https:\/\/charleroi-pourlapalestine.be\/index.php\/author\/admin1873\/"}]}},"_links":{"self":[{"href":"https:\/\/charleroi-pourlapalestine.be\/index.php\/wp-json\/wp\/v2\/posts\/78950","targetHints":{"allow":["GET"]}}],"collection":[{"href":"https:\/\/charleroi-pourlapalestine.be\/index.php\/wp-json\/wp\/v2\/posts"}],"about":[{"href":"https:\/\/charleroi-pourlapalestine.be\/index.php\/wp-json\/wp\/v2\/types\/post"}],"author":[{"embeddable":true,"href":"https:\/\/charleroi-pourlapalestine.be\/index.php\/wp-json\/wp\/v2\/users\/1"}],"replies":[{"embeddable":true,"href":"https:\/\/charleroi-pourlapalestine.be\/index.php\/wp-json\/wp\/v2\/comments?post=78950"}],"version-history":[{"count":0,"href":"https:\/\/charleroi-pourlapalestine.be\/index.php\/wp-json\/wp\/v2\/posts\/78950\/revisions"}],"wp:attachment":[{"href":"https:\/\/charleroi-pourlapalestine.be\/index.php\/wp-json\/wp\/v2\/media?parent=78950"}],"wp:term":[{"taxonomy":"category","embeddable":true,"href":"https:\/\/charleroi-pourlapalestine.be\/index.php\/wp-json\/wp\/v2\/categories?post=78950"},{"taxonomy":"post_tag","embeddable":true,"href":"https:\/\/charleroi-pourlapalestine.be\/index.php\/wp-json\/wp\/v2\/tags?post=78950"}],"curies":[{"name":"wp","href":"https:\/\/api.w.org\/{rel}","templated":true}]}}