{"id":79288,"date":"2024-12-03T11:24:02","date_gmt":"2024-12-03T10:24:02","guid":{"rendered":"https:\/\/charleroi-pourlapalestine.be\/?p=79288"},"modified":"2024-12-03T11:24:05","modified_gmt":"2024-12-03T10:24:05","slug":"la-resistance-est-lessentiel-ghassan-kanafani-presentation-de-livre","status":"publish","type":"post","link":"https:\/\/charleroi-pourlapalestine.be\/index.php\/2024\/12\/03\/la-resistance-est-lessentiel-ghassan-kanafani-presentation-de-livre\/","title":{"rendered":"\u00ab La r\u00e9sistance est l&rsquo;essentiel \u00bb : Ghassan Kanafani (pr\u00e9sentation de livre)"},"content":{"rendered":"<p><strong>Quand on lui demandait pourquoi le Front refusait de s&rsquo;engager dans des pourparlers de paix, Kanafani r\u00e9pondait que ce genre de pourparlers se soldaient par une \u00ab <em>capitulation<\/em> \u00bb, une sorte de \u00ab <em>conversation entre l&rsquo;\u00e9p\u00e9e et le cou<\/em> \u00bb qui se terminait par une \u00ab<em> reddition \u00bb<\/em>.<\/strong><\/p>\n<p>&nbsp;<\/p>\n<div id=\"attachment_79292\" style=\"width: 383px\" class=\"wp-caption aligncenter\"><img loading=\"lazy\" decoding=\"async\" aria-describedby=\"caption-attachment-79292\" class=\"wp-image-79292 size-full\" src=\"https:\/\/charleroi-pourlapalestine.be\/wp-content\/uploads\/2024\/12\/Book-cover-Ghassan-Kanafani.png\" alt=\"\u00ab Choix d'\u00e9crits politiques \u00bb de Ghassan Kanafani. Ouvrage publi\u00e9 en anglais par Louis Brehony et Tahrir Hamdi. (Photo : couverture du livre)\" width=\"373\" height=\"587\" srcset=\"https:\/\/charleroi-pourlapalestine.be\/wp-content\/uploads\/2024\/12\/Book-cover-Ghassan-Kanafani.png 373w, https:\/\/charleroi-pourlapalestine.be\/wp-content\/uploads\/2024\/12\/Book-cover-Ghassan-Kanafani-191x300.png 191w\" sizes=\"auto, (max-width: 373px) 100vw, 373px\" \/><p id=\"caption-attachment-79292\" class=\"wp-caption-text\"><strong>\u00ab Choix d&rsquo;\u00e9crits politiques \u00bb de Ghassan Kanafani. Ouvrage publi\u00e9 en anglais par Louis Brehony et Tahrir Hamdi. (Photo : couverture du livre)<\/strong><\/p><\/div>\n<p><strong><br>Benay Blend<\/strong>, 1er d\u00e9cembre 2024<\/p>\n<p>Publi\u00e9 par<strong> Louis Brehony<\/strong> et<strong> Tahrir Hamdi,<\/strong> le <em>\u00ab Choix d&rsquo;\u00e9crits politiques \u00bb<\/em> (<em>Selected Political Writings<\/em> &#8211; 2024) de Ghassan Kanafani r\u00e9unit les points de vue de ce dernier sur l&rsquo;histoire. C&rsquo;est la premi\u00e8re fois qu&rsquo;ils sont traduits en anglais. (Ils ne l&rsquo;ont jamais \u00e9t\u00e9 en fran\u00e7ais \u2013 NdT). Pour Kanafani, la r\u00e9sistance constituait l&rsquo;essentiel de tout ce qu&rsquo;il \u00e9crivait ainsi que de la vie qu&rsquo;il menait en tant que penseur r\u00e9volutionnaire qui combattait avec sa plume pour la lib\u00e9ration de la Palestine.<\/p>\n<p>La famille de Kanafani ne fut pas \u00e9pargn\u00e9e par la d\u00e9portation et elle dut fuir la Palestine lors de la <strong>Nakba,<\/strong> en 1948, pour conna\u00eetre ensuite le sort des r\u00e9fugi\u00e9s dans divers camps \u00e9tablis de bric et de broc, ressemblant fortement \u00e0 ce que vivent aujourd&rsquo;hui les personnes d\u00e9plac\u00e9es de Gaza (p. 1) Inspir\u00e9 par ces exp\u00e9riences, Kanafani allait passer sa vie \u00e0 \u00e9crire des r\u00e9cits, des articles politiques, des analyses et des manifestes, dont un grand nombre \u00e9taient li\u00e9s \u00e0 des publications \u00e9dit\u00e9es par les organisations auxquelles il appartenait, dont le<strong> Front populaire pour la lib\u00e9ration de la Palestine (FPLP)<\/strong> et son pr\u00e9curseur, le <strong>Mouvement nationaliste arabe (MNA)<\/strong> (p. 2).<\/p>\n<p>L&rsquo;ouvrage est organis\u00e9 en fonction des th\u00e8mes les plus r\u00e9currents dans l\u2019\u0153uvre de l&rsquo;\u00e9crivain \u2013 Kanafani et les m\u00e9dias, la mise en place du front marxiste-l\u00e9niniste, le nationalisme arabe et le socialisme, pour n&rsquo;en citer que quelques-uns. Chaque chapitre propose des commentaires d&rsquo;\u00e9minents \u00e9crivains, selon un arrangement qui s&rsquo;int\u00e8gre parfaitement au style de Kanafani, puisque son travail tirait parti d&rsquo;un apport collectif g\u00e9n\u00e9r\u00e9 par d&rsquo;autres membres d&rsquo;al-Hadaf, le journal du FPLP qu&rsquo;il contribua \u00e0 d\u00e9velopper.<\/p>\n<p>Kanafani fut assassin\u00e9 le 8 juillet 1972 par le Mossad <em>\u00ab isra\u00e9lien \u00bb<\/em>, \u00e0 cause de ses \u00e9crits r\u00e9volutionnaires et de son r\u00f4le au sein du FPLP. Son \u0153uvre continue de vivre dans l&rsquo;actuel combat de la Palestine et parmi les gens qui sont solidaires du mouvement.<\/p>\n<blockquote>\n<p>\u00ab Kanafani fut un visionnaire hors du commun et parfois proph\u00e9tique \u00bb,<\/p>\n<\/blockquote>\n<p>\u00e9crivent les \u00e9diteurs,<\/p>\n<blockquote>\n<p>\u00ab dont les \u00e9crits sont aussi pertinents aujourd&rsquo;hui qu&rsquo;ils ne l&rsquo;ont jamais \u00e9t\u00e9 (p. 4). \u00bb<\/p>\n<\/blockquote>\n<p>La journ\u00e9e de l&rsquo;Action de Gr\u00e2ce (Thanksgiving) en 2024, un jour f\u00e9ri\u00e9, <a href=\"https:\/\/www.democracynow.org\/2024\/11\/28\/nick_estes_thanksgiving\" target=\"_blank\" rel=\"noopener\">explique<\/a> <strong>Nick Estes<\/strong>, cofondateur de l&rsquo;organisation autochtone de r\u00e9sistance<em> La Nation rouge<\/em> et citoyen de la tribu sioux <em>Lower Br\u00fbl\u00e9,<\/em> comm\u00e9more le massacre des Pequots (\u00e0 Fort Mystic, en 1637 \u2013 NdT). Il importe de faire remarquer que <strong>Kanafani<\/strong> \u00e9tait un internationaliste qui percevait la Palestine comme un <em>\u00ab symbole humain int\u00e9gr\u00e9 \u00bb<\/em> (p. 27) refl\u00e9tant la mis\u00e8re des peuples colonis\u00e9s du monde entier.<\/p>\n<p>Comme le fait remarquer <a href=\"https:\/\/charleroi-pourlapalestine.be\/index.php\/tag\/khaled-barakat\/\" target=\"_blank\" rel=\"noopener\"><strong>Khaled Baraka<\/strong>t<\/a>, la <em>\u00ab Strat\u00e9gie du FPLP pour la lib\u00e9ration de la Palestine \u00bb<\/em> (1969) r\u00e9v\u00e8le la connexion entre le Front et les mouvements anticoloniaux et r\u00e9volutionnaires du monde entier et cette relation s&rsquo;est poursuivie \u00e0 ce jour. \u00c0 l&rsquo;instar de son travail avec<strong> al-Hadaf<\/strong>, Kanafani a particip\u00e9 au d\u00e9veloppement du document, mais en fait, il s&rsquo;agissait d&rsquo;un ouvrage collectif (pp. 94 et 95).<\/p>\n<blockquote>\n<p>\u00ab Le mouvement de lib\u00e9ration palestinien et arabe ne se meut pas dans le vide \u00bb,<\/p>\n<\/blockquote>\n<p>\u00e9crivait Kanafani.<\/p>\n<blockquote>\n<p>\u00ab Il vit et se bat au milieu de circonstances mondiales sp\u00e9cifiques qui l&rsquo;affectent et r\u00e9agissent avec lui et c&rsquo;est tout cela qui va d\u00e9terminer notre sort. Le terrain international sur lequel les mouvements de lib\u00e9ration nationale \u00e9voluent a toujours \u00e9t\u00e9 et restera toujours un facteur fondamental pour d\u00e9terminer les destin\u00e9es des peuples (p. 111). \u00bb<\/p>\n<\/blockquote>\n<p>\u00c0 l&rsquo;\u00e9poque, Kanafani se penchait sur la lutte de lib\u00e9ration au Vietnam, sur la <em>\u00ab situation nouvelle \u00bb<\/em> (p. 111) \u00e0 Cuba et sur les mouvements de lib\u00e9ration nationale en Asie, en Afrique et en Am\u00e9rique latine. Il percevait ces luttes comme<\/p>\n<blockquote>\n<p>\u00ab la seule fa\u00e7on de cr\u00e9er un camp qui soit capable de faire face au camp imp\u00e9rialiste et d&rsquo;en venir \u00e0 bout (p. 112) \u00bb.<\/p>\n<\/blockquote>\n<p>Si Kanafani \u00e9crivait aujourd&rsquo;hui, il inclurait dans cette liste <strong>les peuples autochtones des Am\u00e9riques<\/strong>, car il existe une reconnaissance r\u00e9ciproque de leurs luttes communes entre les autochtones d&rsquo;ici et ceux de la Palestine.<\/p>\n<p>\u00c0 <strong>Standing Rock<\/strong>, en 2016 et 2017, on notait la pr\u00e9sence de drapeaux palestiniens en solidarit\u00e9 avec cette lutte. Selon Estes, ce signe de r\u00e9ciprocit\u00e9<\/p>\n<blockquote>\n<p><em>\u00ab remontait \u00e0 la solidarit\u00e9 internationale avec les mouvements du Sud mondial et, plus sp\u00e9cifiquement, avec nos cousins palestiniens \u00bb<\/em>. Quant au<em> \u00ab colonialisme de peuplement en Isra\u00ebl \u2013 ou, plut\u00f4t, en Palestine \u00bb<\/em>, conclut-il, il s&rsquo;agit<em> \u00ab r\u00e9ellement d&rsquo;une extension du colonialisme de peuplement en Am\u00e9rique du Nord \u00bb.<\/em><\/p>\n<p><em>\u00ab Cette histoire (&#8230;) est une histoire sans fin de g\u00e9nocide, de colonialisme de peuplement et, au fond, c&rsquo;est celle des mythes fondateurs de ce pays \u00bb<\/em>, d\u00e9clare Estes, <em>et cela ressemble tr\u00e8s fortement aux histoires des origines concernant l&rsquo;\u00c9tat d&rsquo;\u00ab Isra\u00ebl \u00bb.<\/em><\/p>\n<\/blockquote>\n<p>En outre, il explique que l&rsquo;actuel g\u00e9nocide perp\u00e9tr\u00e9 contre la vie palestinienne tire ses racines dans la croyance que la soci\u00e9t\u00e9 coloniale agissait en <em>\u00ab autod\u00e9fense \u00bb<\/em> pr\u00e9ventive, lorsqu&rsquo;elle an\u00e9antissait le peuple autochtone.<\/p>\n<p>Sinon, poursuit l&rsquo;histoire, les autochtones auraient attaqu\u00e9 les colons, une excuse que les m\u00e9dias r\u00e9p\u00e8tent en ressassant \u00e0 tout bout de champ le droit d&rsquo;Isra\u00ebl \u00e0 l&rsquo;autod\u00e9fense.<\/p>\n<blockquote>\n<p>\u00ab Mais on n&rsquo;accorde jamais aux colonis\u00e9s le droit \u00e0 l&rsquo;autod\u00e9fense ou le droit de ne pas \u00eatre an\u00e9antis \u00bb,<\/p>\n<\/blockquote>\n<p>ajoute Estes dans une d\u00e9claration qui refl\u00e8te les affirmations de Kanafani.<\/p>\n<p>La section intitul\u00e9e <strong><em>\u00ab Kanafani et les m\u00e9dias \u00bb,<\/em> <\/strong>introduite avec \u00e0-propos par <strong>Romana Rubeo,<\/strong> la r\u00e9dactrice en chef de <em>The Palestine Chronicle,<\/em> propose un entretien entre l&rsquo;\u00e9crivain martyr et Richard Carleton, de l&rsquo;Australian Broadcasting Company (ABC).<\/p>\n<p>Comme l&rsquo;explique Romana Rubeo, Kanafani<\/p>\n<blockquote>\n<p>\u00ab se montrait conscient de la guerre des r\u00e9cits qui s\u00e9vissait \u00e0 l&rsquo;\u00e9poque \u00bb (p. 194) et, de ce fait, il choisissait tr\u00e8s soigneusement les mots pour d\u00e9finir la lutte palestinienne pour la libert\u00e9, et cela ressemble fortement \u00e0 la fa\u00e7on de proc\u00e9der d&rsquo;Estes actuellement.<\/p>\n<\/blockquote>\n<p>Les r\u00e9ponses de Kanafani sont toujours applicables de nos jours, pr\u00e9tend Romana Rubeo. En r\u00e9ponse \u00e0 l&rsquo;all\u00e9gation de Carleton pr\u00e9tendant que la guerre jordanienne avait \u00e9t\u00e9 <em>\u00ab st\u00e9rile \u00bb,<\/em> Kanafani avait r\u00e9pondu :<\/p>\n<blockquote>\n<p>\u00ab Nous en sommes arriv\u00e9s \u00e0 ce que notre peuple ne puisse jamais \u00eatre vaincu \u00bb (p. 194),<\/p>\n<\/blockquote>\n<p>et cette all\u00e9gation reste vraie \u00e0 ce jour.<\/p>\n<p>Quand on lui demandait pourquoi le Front refusait de s&rsquo;engager dans des pourparlers de paix, Kanafani r\u00e9pondait que ce genre de pourparlers se soldaient par une <em>\u00ab capitulation \u00bb<\/em>, une sorte de <em>\u00ab conversation entre l&rsquo;\u00e9p\u00e9e et le cou \u00bb<\/em> qui se terminait par une <em>\u00ab reddition \u00bb<\/em> (p. 197)<\/p>\n<p><strong>Kanafani<\/strong> s&rsquo;\u00e9tendait ensuite sur ce qu&rsquo;il consid\u00e9rait comme l&rsquo;essence de la r\u00e9sistance :<\/p>\n<blockquote>\n<p>\u00ab Pour nous \u00bb, concluait-il, \u00ab lib\u00e9rer notre pays, jouir de la dignit\u00e9, jouir du respect, disposer de v\u00e9ritables droits humains est quelque chose d&rsquo;aussi essentiel que la vie m\u00eame \u00bb (p. 198).<\/p>\n<\/blockquote>\n<p>Dans cette seule phrase, il expliquait ce qui allait devenir la justification du 7 octobre.<\/p>\n<p>\u00c0 ce jour, \u00e9crit <strong>Ramzy Baroud<\/strong>, le fondateur de <em>The Palestine Chronicle<\/em>, les puissances occidentales et leurs partisans lib\u00e9raux continuent de parler d&rsquo;apporter la paix au Moyen-Orient, mais ils oublient habituellement de mentionner la justice.<\/p>\n<blockquote>\n<p>\u00ab En ce qui concerne les Palestiniens \u00bb, affirme Baroud, \u00ab il ne peut y avoir qu&rsquo;un seul &lsquo;arrangement&rsquo; acceptable, un arrangement qui repose sur l&rsquo;application totale des lois internationales, y compris le droit des Palestiniens au retour et leur droit \u00e0 l&rsquo;autod\u00e9termination \u00bb.<\/p>\n<\/blockquote>\n<p>De m\u00eame, la section suivante, pr\u00e9sent\u00e9e par<strong> Ibrahim Aoude,<\/strong> apporte des le\u00e7ons en vue de d\u00e9velopper une contre-narration au projet colonial sioniste. La controverse tournait autour d&rsquo;un ouvrage intitul\u00e9 <em>\u00ab Enfants d&rsquo;Isra\u00ebl \u00bb<\/em>, un texte destin\u00e9 au d\u00e9part \u00e0 \u00eatre utilis\u00e9 dans les \u00e9coles publiques danoises. R\u00e9dig\u00e9 par un \u00e9crivain <em>\u00ab isra\u00e9lien \u00bb<\/em>, le livre incluait ce qu&rsquo;Edward Sa\u00efd d\u00e9finissait comme <em>\u00ab orientalisme \u00bb<\/em>, une combinaison <em>\u00ab de racisme, de colonialisme de peuplement et d&rsquo;arrogance \u00bb<\/em> (p. 202) utilis\u00e9e afin de justifier la sup\u00e9riorit\u00e9 du colonisateur sur l&rsquo;autre.<\/p>\n<p>Des allers et retours \u00e9pistolaires entre le FPLP et l&rsquo;\u00e9diteur ont mis ce dernier sur la d\u00e9fensive et l&rsquo;\u00e9change se traduisit finalement par le retrait des livres. Les enjeux pour le FPLP \u00e9taient \u00e9lev\u00e9s, explique <strong>Aoude,<\/strong> du fait que les forces sionistes contr\u00f4laient d\u00e9j\u00e0 les m\u00e9dias comme elles le font toujours aujourd&rsquo;hui (p. 203).<\/p>\n<p>Ce recueil d&rsquo;\u00e9crits de Kanafani fournit tout un mat\u00e9riel pr\u00e9cieux \u00e0 des fins d&rsquo;\u00e9ducation politique. Comme la r\u00e9pression s&rsquo;accro\u00eet contre les Palestiniens de la diaspora et leurs sympathisants, il est important de conna\u00eetre cette histoire. Ce n&rsquo;est qu&rsquo;alors qu&rsquo;on pourra mettre sur pied une d\u00e9fense solide contre ceux qui ont l&rsquo;intention de r\u00e9duire \u00e0 jamais au silence toute l&rsquo;organisation autour de la Palestine.<\/p>\n<p><strong>Bassem Tamimi,<\/strong> le p\u00e8re d&rsquo;Ahed Tamimi, originaire du village de Nabi Salih en Cisjordanie occup\u00e9e par <em>\u00ab Isra\u00ebl \u00bb<\/em>, avait pris la parole ici, \u00e0 Albuquerque, voici plusieurs ann\u00e9es. Quand un membre du public lui avait demand\u00e9 ce qu&rsquo;il faisait pour prendre soin de lui-m\u00eame, Tamimi avait r\u00e9pondu :<em> \u00ab Je continue de r\u00e9sister. \u00bb<\/em> La r\u00e9sistance est l&rsquo;essence de son existence, comme elle l&rsquo;\u00e9tait pour Kanafani et ses compagnons palestiniens voici bien des ann\u00e9es d\u00e9j\u00e0.<\/p>\n<p style=\"text-align: center;\">*****<\/p>\n<p>Publi\u00e9 le 1er d\u00e9cembre 2024 sur <a href=\"https:\/\/www.palestinechronicle.com\/resistance-is-the-essence-reviewing-ghassan-kanafani-book-review\/\" target=\"_blank\" rel=\"noopener\">The Palestine Chronicle.<\/a><br>Traduction : Jean-Marie Fl\u00e9mal, <a href=\"https:\/\/www.palestinechronicle.com\/resistance-is-the-essence-reviewing-ghassan-kanafani-book-review\/\" target=\"_blank\" rel=\"noopener\">Charleroi pour la Palestine<\/a><\/p>\n<p><strong>Trouvez<\/strong> <strong><a href=\"https:\/\/charleroi-pourlapalestine.be\/index.php\/tag\/ghassan-kanafani\/\">ICI<\/a> des textes ou articles de ou concernant Ghassan Kanafani<\/strong><\/p>\n\n\n<p><\/p>\n","protected":false},"excerpt":{"rendered":"<p>Pour Kanafani, la r\u00e9sistance constituait l&rsquo;essentiel de tout ce qu&rsquo;il \u00e9crivait ainsi que de la vie qu&rsquo;il menait en tant que penseur r\u00e9volutionnaire qui combattait avec sa plume pour la lib\u00e9ration de la Palestine.<\/p>\n","protected":false},"author":1,"featured_media":79292,"comment_status":"closed","ping_status":"closed","sticky":false,"template":"","format":"standard","meta":{"ngg_post_thumbnail":0,"footnotes":""},"categories":[106,27,25],"tags":[],"class_list":["post-79288","post","type-post","status-publish","format-standard","has-post-thumbnail","hentry","category-fplp","category-la-litterature","category-la-resistance-palestinienne"],"yoast_head":"<!-- This site is optimized with the Yoast SEO plugin v27.3 - https:\/\/yoast.com\/product\/yoast-seo-wordpress\/ -->\n<title>\u00ab La r\u00e9sistance est l&#039;essentiel \u00bb : Ghassan Kanafani (pr\u00e9sentation de livre)<\/title>\n<meta name=\"description\" content=\"Pour Kanafani, la r\u00e9sistance constituait l&#039;essentiel de tout ce qu&#039;il \u00e9crivait ainsi que de la vie qu&#039;il menait en tant que r\u00e9volutionnaire\" \/>\n<meta name=\"robots\" content=\"index, follow, max-snippet:-1, max-image-preview:large, max-video-preview:-1\" \/>\n<link rel=\"canonical\" href=\"https:\/\/charleroi-pourlapalestine.be\/index.php\/2024\/12\/03\/la-resistance-est-lessentiel-ghassan-kanafani-presentation-de-livre\/\" \/>\n<script type=\"application\/ld+json\" class=\"yoast-schema-graph\">{\"@context\":\"https:\\\/\\\/schema.org\",\"@graph\":[{\"@type\":\"Article\",\"@id\":\"https:\\\/\\\/charleroi-pourlapalestine.be\\\/index.php\\\/2024\\\/12\\\/03\\\/la-resistance-est-lessentiel-ghassan-kanafani-presentation-de-livre\\\/#article\",\"isPartOf\":{\"@id\":\"https:\\\/\\\/charleroi-pourlapalestine.be\\\/index.php\\\/2024\\\/12\\\/03\\\/la-resistance-est-lessentiel-ghassan-kanafani-presentation-de-livre\\\/\"},\"author\":{\"name\":\"admin1873\",\"@id\":\"https:\\\/\\\/charleroi-pourlapalestine.be\\\/#\\\/schema\\\/person\\\/c19ff515112f1299d8c12671d8fe3faa\"},\"headline\":\"\u00ab La r\u00e9sistance est l&rsquo;essentiel \u00bb : Ghassan Kanafani (pr\u00e9sentation de livre)\",\"datePublished\":\"2024-12-03T10:24:02+00:00\",\"dateModified\":\"2024-12-03T10:24:05+00:00\",\"mainEntityOfPage\":{\"@id\":\"https:\\\/\\\/charleroi-pourlapalestine.be\\\/index.php\\\/2024\\\/12\\\/03\\\/la-resistance-est-lessentiel-ghassan-kanafani-presentation-de-livre\\\/\"},\"wordCount\":1717,\"publisher\":{\"@id\":\"https:\\\/\\\/charleroi-pourlapalestine.be\\\/#organization\"},\"image\":{\"@id\":\"https:\\\/\\\/charleroi-pourlapalestine.be\\\/index.php\\\/2024\\\/12\\\/03\\\/la-resistance-est-lessentiel-ghassan-kanafani-presentation-de-livre\\\/#primaryimage\"},\"thumbnailUrl\":\"https:\\\/\\\/charleroi-pourlapalestine.be\\\/wp-content\\\/uploads\\\/2024\\\/12\\\/Book-cover-Ghassan-Kanafani.png\",\"articleSection\":[\"FPLP\",\"Litt\u00e9rature\",\"R\u00e9sistance\"],\"inLanguage\":\"fr-FR\"},{\"@type\":\"WebPage\",\"@id\":\"https:\\\/\\\/charleroi-pourlapalestine.be\\\/index.php\\\/2024\\\/12\\\/03\\\/la-resistance-est-lessentiel-ghassan-kanafani-presentation-de-livre\\\/\",\"url\":\"https:\\\/\\\/charleroi-pourlapalestine.be\\\/index.php\\\/2024\\\/12\\\/03\\\/la-resistance-est-lessentiel-ghassan-kanafani-presentation-de-livre\\\/\",\"name\":\"\u00ab La r\u00e9sistance est l'essentiel \u00bb : Ghassan Kanafani (pr\u00e9sentation de livre)\",\"isPartOf\":{\"@id\":\"https:\\\/\\\/charleroi-pourlapalestine.be\\\/#website\"},\"primaryImageOfPage\":{\"@id\":\"https:\\\/\\\/charleroi-pourlapalestine.be\\\/index.php\\\/2024\\\/12\\\/03\\\/la-resistance-est-lessentiel-ghassan-kanafani-presentation-de-livre\\\/#primaryimage\"},\"image\":{\"@id\":\"https:\\\/\\\/charleroi-pourlapalestine.be\\\/index.php\\\/2024\\\/12\\\/03\\\/la-resistance-est-lessentiel-ghassan-kanafani-presentation-de-livre\\\/#primaryimage\"},\"thumbnailUrl\":\"https:\\\/\\\/charleroi-pourlapalestine.be\\\/wp-content\\\/uploads\\\/2024\\\/12\\\/Book-cover-Ghassan-Kanafani.png\",\"datePublished\":\"2024-12-03T10:24:02+00:00\",\"dateModified\":\"2024-12-03T10:24:05+00:00\",\"description\":\"Pour Kanafani, la r\u00e9sistance constituait l'essentiel de tout ce qu'il \u00e9crivait ainsi que de la vie qu'il menait en tant que r\u00e9volutionnaire\",\"breadcrumb\":{\"@id\":\"https:\\\/\\\/charleroi-pourlapalestine.be\\\/index.php\\\/2024\\\/12\\\/03\\\/la-resistance-est-lessentiel-ghassan-kanafani-presentation-de-livre\\\/#breadcrumb\"},\"inLanguage\":\"fr-FR\",\"potentialAction\":[{\"@type\":\"ReadAction\",\"target\":[\"https:\\\/\\\/charleroi-pourlapalestine.be\\\/index.php\\\/2024\\\/12\\\/03\\\/la-resistance-est-lessentiel-ghassan-kanafani-presentation-de-livre\\\/\"]}]},{\"@type\":\"ImageObject\",\"inLanguage\":\"fr-FR\",\"@id\":\"https:\\\/\\\/charleroi-pourlapalestine.be\\\/index.php\\\/2024\\\/12\\\/03\\\/la-resistance-est-lessentiel-ghassan-kanafani-presentation-de-livre\\\/#primaryimage\",\"url\":\"https:\\\/\\\/charleroi-pourlapalestine.be\\\/wp-content\\\/uploads\\\/2024\\\/12\\\/Book-cover-Ghassan-Kanafani.png\",\"contentUrl\":\"https:\\\/\\\/charleroi-pourlapalestine.be\\\/wp-content\\\/uploads\\\/2024\\\/12\\\/Book-cover-Ghassan-Kanafani.png\",\"width\":373,\"height\":587},{\"@type\":\"BreadcrumbList\",\"@id\":\"https:\\\/\\\/charleroi-pourlapalestine.be\\\/index.php\\\/2024\\\/12\\\/03\\\/la-resistance-est-lessentiel-ghassan-kanafani-presentation-de-livre\\\/#breadcrumb\",\"itemListElement\":[{\"@type\":\"ListItem\",\"position\":1,\"name\":\"Accueil\",\"item\":\"https:\\\/\\\/charleroi-pourlapalestine.be\\\/\"},{\"@type\":\"ListItem\",\"position\":2,\"name\":\"\u00ab La r\u00e9sistance est l&rsquo;essentiel \u00bb : Ghassan Kanafani (pr\u00e9sentation de livre)\"}]},{\"@type\":\"WebSite\",\"@id\":\"https:\\\/\\\/charleroi-pourlapalestine.be\\\/#website\",\"url\":\"https:\\\/\\\/charleroi-pourlapalestine.be\\\/\",\"name\":\"Charleroi Pour la Palestine\",\"description\":\"\",\"publisher\":{\"@id\":\"https:\\\/\\\/charleroi-pourlapalestine.be\\\/#organization\"},\"potentialAction\":[{\"@type\":\"SearchAction\",\"target\":{\"@type\":\"EntryPoint\",\"urlTemplate\":\"https:\\\/\\\/charleroi-pourlapalestine.be\\\/?s={search_term_string}\"},\"query-input\":{\"@type\":\"PropertyValueSpecification\",\"valueRequired\":true,\"valueName\":\"search_term_string\"}}],\"inLanguage\":\"fr-FR\"},{\"@type\":\"Organization\",\"@id\":\"https:\\\/\\\/charleroi-pourlapalestine.be\\\/#organization\",\"name\":\"Plate-forme Charleroi-Palestine\",\"url\":\"https:\\\/\\\/charleroi-pourlapalestine.be\\\/\",\"logo\":{\"@type\":\"ImageObject\",\"inLanguage\":\"fr-FR\",\"@id\":\"https:\\\/\\\/charleroi-pourlapalestine.be\\\/#\\\/schema\\\/logo\\\/image\\\/\",\"url\":\"https:\\\/\\\/charleroi-pourlapalestine.be\\\/wp-content\\\/uploads\\\/2020\\\/01\\\/logo-Copy.jpg\",\"contentUrl\":\"https:\\\/\\\/charleroi-pourlapalestine.be\\\/wp-content\\\/uploads\\\/2020\\\/01\\\/logo-Copy.jpg\",\"width\":180,\"height\":180,\"caption\":\"Plate-forme Charleroi-Palestine\"},\"image\":{\"@id\":\"https:\\\/\\\/charleroi-pourlapalestine.be\\\/#\\\/schema\\\/logo\\\/image\\\/\"},\"sameAs\":[\"https:\\\/\\\/www.facebook.com\\\/PlateformeCharleroiPalestine\\\/\",\"https:\\\/\\\/x.com\\\/LaCharleroi\"]},{\"@type\":\"Person\",\"@id\":\"https:\\\/\\\/charleroi-pourlapalestine.be\\\/#\\\/schema\\\/person\\\/c19ff515112f1299d8c12671d8fe3faa\",\"name\":\"admin1873\",\"url\":\"https:\\\/\\\/charleroi-pourlapalestine.be\\\/index.php\\\/author\\\/admin1873\\\/\"}]}<\/script>\n<!-- \/ Yoast SEO plugin. -->","yoast_head_json":{"title":"\u00ab La r\u00e9sistance est l'essentiel \u00bb : Ghassan Kanafani (pr\u00e9sentation de livre)","description":"Pour Kanafani, la r\u00e9sistance constituait l'essentiel de tout ce qu'il \u00e9crivait ainsi que de la vie qu'il menait en tant que r\u00e9volutionnaire","robots":{"index":"index","follow":"follow","max-snippet":"max-snippet:-1","max-image-preview":"max-image-preview:large","max-video-preview":"max-video-preview:-1"},"canonical":"https:\/\/charleroi-pourlapalestine.be\/index.php\/2024\/12\/03\/la-resistance-est-lessentiel-ghassan-kanafani-presentation-de-livre\/","schema":{"@context":"https:\/\/schema.org","@graph":[{"@type":"Article","@id":"https:\/\/charleroi-pourlapalestine.be\/index.php\/2024\/12\/03\/la-resistance-est-lessentiel-ghassan-kanafani-presentation-de-livre\/#article","isPartOf":{"@id":"https:\/\/charleroi-pourlapalestine.be\/index.php\/2024\/12\/03\/la-resistance-est-lessentiel-ghassan-kanafani-presentation-de-livre\/"},"author":{"name":"admin1873","@id":"https:\/\/charleroi-pourlapalestine.be\/#\/schema\/person\/c19ff515112f1299d8c12671d8fe3faa"},"headline":"\u00ab La r\u00e9sistance est l&rsquo;essentiel \u00bb : Ghassan Kanafani (pr\u00e9sentation de livre)","datePublished":"2024-12-03T10:24:02+00:00","dateModified":"2024-12-03T10:24:05+00:00","mainEntityOfPage":{"@id":"https:\/\/charleroi-pourlapalestine.be\/index.php\/2024\/12\/03\/la-resistance-est-lessentiel-ghassan-kanafani-presentation-de-livre\/"},"wordCount":1717,"publisher":{"@id":"https:\/\/charleroi-pourlapalestine.be\/#organization"},"image":{"@id":"https:\/\/charleroi-pourlapalestine.be\/index.php\/2024\/12\/03\/la-resistance-est-lessentiel-ghassan-kanafani-presentation-de-livre\/#primaryimage"},"thumbnailUrl":"https:\/\/charleroi-pourlapalestine.be\/wp-content\/uploads\/2024\/12\/Book-cover-Ghassan-Kanafani.png","articleSection":["FPLP","Litt\u00e9rature","R\u00e9sistance"],"inLanguage":"fr-FR"},{"@type":"WebPage","@id":"https:\/\/charleroi-pourlapalestine.be\/index.php\/2024\/12\/03\/la-resistance-est-lessentiel-ghassan-kanafani-presentation-de-livre\/","url":"https:\/\/charleroi-pourlapalestine.be\/index.php\/2024\/12\/03\/la-resistance-est-lessentiel-ghassan-kanafani-presentation-de-livre\/","name":"\u00ab La r\u00e9sistance est l'essentiel \u00bb : Ghassan Kanafani (pr\u00e9sentation de livre)","isPartOf":{"@id":"https:\/\/charleroi-pourlapalestine.be\/#website"},"primaryImageOfPage":{"@id":"https:\/\/charleroi-pourlapalestine.be\/index.php\/2024\/12\/03\/la-resistance-est-lessentiel-ghassan-kanafani-presentation-de-livre\/#primaryimage"},"image":{"@id":"https:\/\/charleroi-pourlapalestine.be\/index.php\/2024\/12\/03\/la-resistance-est-lessentiel-ghassan-kanafani-presentation-de-livre\/#primaryimage"},"thumbnailUrl":"https:\/\/charleroi-pourlapalestine.be\/wp-content\/uploads\/2024\/12\/Book-cover-Ghassan-Kanafani.png","datePublished":"2024-12-03T10:24:02+00:00","dateModified":"2024-12-03T10:24:05+00:00","description":"Pour Kanafani, la r\u00e9sistance constituait l'essentiel de tout ce qu'il \u00e9crivait ainsi que de la vie qu'il menait en tant que r\u00e9volutionnaire","breadcrumb":{"@id":"https:\/\/charleroi-pourlapalestine.be\/index.php\/2024\/12\/03\/la-resistance-est-lessentiel-ghassan-kanafani-presentation-de-livre\/#breadcrumb"},"inLanguage":"fr-FR","potentialAction":[{"@type":"ReadAction","target":["https:\/\/charleroi-pourlapalestine.be\/index.php\/2024\/12\/03\/la-resistance-est-lessentiel-ghassan-kanafani-presentation-de-livre\/"]}]},{"@type":"ImageObject","inLanguage":"fr-FR","@id":"https:\/\/charleroi-pourlapalestine.be\/index.php\/2024\/12\/03\/la-resistance-est-lessentiel-ghassan-kanafani-presentation-de-livre\/#primaryimage","url":"https:\/\/charleroi-pourlapalestine.be\/wp-content\/uploads\/2024\/12\/Book-cover-Ghassan-Kanafani.png","contentUrl":"https:\/\/charleroi-pourlapalestine.be\/wp-content\/uploads\/2024\/12\/Book-cover-Ghassan-Kanafani.png","width":373,"height":587},{"@type":"BreadcrumbList","@id":"https:\/\/charleroi-pourlapalestine.be\/index.php\/2024\/12\/03\/la-resistance-est-lessentiel-ghassan-kanafani-presentation-de-livre\/#breadcrumb","itemListElement":[{"@type":"ListItem","position":1,"name":"Accueil","item":"https:\/\/charleroi-pourlapalestine.be\/"},{"@type":"ListItem","position":2,"name":"\u00ab La r\u00e9sistance est l&rsquo;essentiel \u00bb : Ghassan Kanafani (pr\u00e9sentation de livre)"}]},{"@type":"WebSite","@id":"https:\/\/charleroi-pourlapalestine.be\/#website","url":"https:\/\/charleroi-pourlapalestine.be\/","name":"Charleroi Pour la Palestine","description":"","publisher":{"@id":"https:\/\/charleroi-pourlapalestine.be\/#organization"},"potentialAction":[{"@type":"SearchAction","target":{"@type":"EntryPoint","urlTemplate":"https:\/\/charleroi-pourlapalestine.be\/?s={search_term_string}"},"query-input":{"@type":"PropertyValueSpecification","valueRequired":true,"valueName":"search_term_string"}}],"inLanguage":"fr-FR"},{"@type":"Organization","@id":"https:\/\/charleroi-pourlapalestine.be\/#organization","name":"Plate-forme Charleroi-Palestine","url":"https:\/\/charleroi-pourlapalestine.be\/","logo":{"@type":"ImageObject","inLanguage":"fr-FR","@id":"https:\/\/charleroi-pourlapalestine.be\/#\/schema\/logo\/image\/","url":"https:\/\/charleroi-pourlapalestine.be\/wp-content\/uploads\/2020\/01\/logo-Copy.jpg","contentUrl":"https:\/\/charleroi-pourlapalestine.be\/wp-content\/uploads\/2020\/01\/logo-Copy.jpg","width":180,"height":180,"caption":"Plate-forme Charleroi-Palestine"},"image":{"@id":"https:\/\/charleroi-pourlapalestine.be\/#\/schema\/logo\/image\/"},"sameAs":["https:\/\/www.facebook.com\/PlateformeCharleroiPalestine\/","https:\/\/x.com\/LaCharleroi"]},{"@type":"Person","@id":"https:\/\/charleroi-pourlapalestine.be\/#\/schema\/person\/c19ff515112f1299d8c12671d8fe3faa","name":"admin1873","url":"https:\/\/charleroi-pourlapalestine.be\/index.php\/author\/admin1873\/"}]}},"_links":{"self":[{"href":"https:\/\/charleroi-pourlapalestine.be\/index.php\/wp-json\/wp\/v2\/posts\/79288","targetHints":{"allow":["GET"]}}],"collection":[{"href":"https:\/\/charleroi-pourlapalestine.be\/index.php\/wp-json\/wp\/v2\/posts"}],"about":[{"href":"https:\/\/charleroi-pourlapalestine.be\/index.php\/wp-json\/wp\/v2\/types\/post"}],"author":[{"embeddable":true,"href":"https:\/\/charleroi-pourlapalestine.be\/index.php\/wp-json\/wp\/v2\/users\/1"}],"replies":[{"embeddable":true,"href":"https:\/\/charleroi-pourlapalestine.be\/index.php\/wp-json\/wp\/v2\/comments?post=79288"}],"version-history":[{"count":0,"href":"https:\/\/charleroi-pourlapalestine.be\/index.php\/wp-json\/wp\/v2\/posts\/79288\/revisions"}],"wp:featuredmedia":[{"embeddable":true,"href":"https:\/\/charleroi-pourlapalestine.be\/index.php\/wp-json\/wp\/v2\/media\/79292"}],"wp:attachment":[{"href":"https:\/\/charleroi-pourlapalestine.be\/index.php\/wp-json\/wp\/v2\/media?parent=79288"}],"wp:term":[{"taxonomy":"category","embeddable":true,"href":"https:\/\/charleroi-pourlapalestine.be\/index.php\/wp-json\/wp\/v2\/categories?post=79288"},{"taxonomy":"post_tag","embeddable":true,"href":"https:\/\/charleroi-pourlapalestine.be\/index.php\/wp-json\/wp\/v2\/tags?post=79288"}],"curies":[{"name":"wp","href":"https:\/\/api.w.org\/{rel}","templated":true}]}}