{"id":793,"date":"2019-11-30T15:44:00","date_gmt":"2019-11-30T14:44:00","guid":{"rendered":"https:\/\/charleroi-pourlapalestine.be\/?p=793"},"modified":"2020-02-19T13:44:27","modified_gmt":"2020-02-19T12:44:27","slug":"victoire-bds-mission-economique-regionale-en-israel-annulee","status":"publish","type":"post","link":"https:\/\/charleroi-pourlapalestine.be\/index.php\/2019\/11\/30\/victoire-bds-mission-economique-regionale-en-israel-annulee\/","title":{"rendered":"Mission \u00e9conomique r\u00e9gionale en Isra\u00ebl annul\u00e9e"},"content":{"rendered":"\n<h4 class=\"wp-block-heading\"> La mobilisation a pay\u00e9\u00a0: d\u00e9sapprouv\u00e9e par plusieurs poids lourds des   majorit\u00e9s r\u00e9gionales, la mission a \u00e9t\u00e9 officiellement enterr\u00e9e ce jeudi   28 novembre.  <\/h4>\n\n\n\n<h4 class=\"wp-block-heading\">Communiqu\u00e9 de presse de l&rsquo;Association belgo-palestinienne (ABP)<\/h4>\n\n\n\n<p> 29 novembre 2019\t\t\n        \n\t\n\n\t\n         \n                \n                    <\/p>\n\n\n\n<p>Il y a deux semaines, nous d\u00e9couvrions avec effarement  que <strong>hub.brussels<\/strong> et l\u2019<strong>AWEX<\/strong>, les agences r\u00e9gionales respectivement  charg\u00e9es de promouvoir les exportations de<strong> Bruxelles<\/strong> et de la <strong>Wallonie<\/strong>,  pr\u00e9voyaient d\u2019organiser en d\u00e9cembre une mission \u00e9conomique en <strong>Isra\u00ebl<\/strong>.  Cette nouvelle avait suscit\u00e9 l\u2019indignation de nombreux citoyens et  associations, parmi lesquelles la n\u00f4tre, <a href=\"http:\/\/www.association-belgo-palestinienne.be\/les-missions-economiques-regionales-en-israel-servent-la-politique-coloniale-elles-doivent-etre-suspendues\/\">qui s\u2019en \u00e9tait expliqu\u00e9 dans un communiqu\u00e9<\/a>.<\/p>\n\n\n\n<p>La mobilisation a pay\u00e9&nbsp;: d\u00e9sapprouv\u00e9e par plusieurs poids lourds des  majorit\u00e9s r\u00e9gionales, la mission a \u00e9t\u00e9 officiellement enterr\u00e9e ce jeudi  28 novembre. Concr\u00e8tement, les entreprises qui souhaitaient se rendre en <strong> Isra\u00ebl <\/strong>dans le cadre de ce voyage ne pourront plus pr\u00e9tendre \u00e0 aucun  remboursement par les pouvoirs wallons et bruxellois, qui n\u2019assureront  par ailleurs aucune repr\u00e9sentation officielle.<\/p>\n\n\n\n<p><em>\u00ab Cette annulation est une d\u00e9faite pour ceux qui tentent de  normaliser le m\u00e9pris r\u00e9p\u00e9t\u00e9 des droits inali\u00e9nables du peuple  palestinien par Isra\u00ebl, <\/em>juge <strong>Pierre Galand,<\/strong> pr\u00e9sident de l\u2019<strong>Association belgo-palestinienne (ABP)<\/strong>. <em>&nbsp;Apr\u00e8s  la r\u00e9cente d\u00e9cision de l\u2019administration \u00e9tatsunienne de ne plus  consid\u00e9rer les colonies comme ill\u00e9gales, le gouvernement de Benjamin  Netanyahou, qui vient d\u2019annoncer le <a href=\"https:\/\/fr.timesofisrael.com\/debut-des-travaux-pour-tripler-la-superficie-dun-quartier-juif-a-jerusalem-est\/\">d\u00e9but des travaux visant \u00e0 tripler la superficie d\u2019une colonie situ\u00e9e \u00e0 J\u00e9rusalem-Est<\/a>, n\u2019avait pas besoin d\u2019une nouvelle prime \u00e0 l\u2019impunit\u00e9&nbsp;\u00bb.<\/em><\/p>\n\n\n\n<p>L\u2019<strong>ABP<\/strong> se r\u00e9jouit du r\u00f4le d\u00e9terminant dans cette issue jou\u00e9 tant  depuis l\u2019opposition que parmi les \u00e9lus attach\u00e9s au droit et \u00e0 la justice  au sein des majorit\u00e9s r\u00e9gionales. Elle f\u00e9licite \u00e9galement les citoyens  et acteurs de la soci\u00e9t\u00e9 civile pour avoir maintenu la pression et  contribu\u00e9 \u00e0 convaincre les autorit\u00e9s de prendre cette d\u00e9cision  salutaire.<\/p>\n\n\n\n<p>Nous restons toutefois vigilants : en l\u2019absence de balises claires,  il est probable que de telles missions soient \u00e0 nouveau organis\u00e9es. En  outre, <strong>hub.brussels<\/strong> et l\u2019<strong>AWEX <\/strong>persistent \u00e0 vanter les m\u00e9rites des  investissements en <strong>Isra\u00ebl<\/strong>, et les entreprises qui s\u2019y rendront <a href=\"https:\/\/plus.lesoir.be\/263434\/article\/2019-11-28\/le-gouvernement-bruxellois-nira-pas-en-mission-economique-en-israel?fbclid=IwAR2LkasllxWdOtMXExhjGRrQcLqBPkFQVXVf7kq2FQwJKVPh70mVVD3A124\">pourront toujours b\u00e9n\u00e9ficier du soutien des attach\u00e9s commercial et \u00e9conomique r\u00e9gionaux sur place<\/a>.<\/p>\n\n\n\n<p>L\u2019<strong>ABP <\/strong>adressera prochainement aux gouvernements r\u00e9gionaux des  propositions concr\u00e8tes visant \u00e0 ce que ceux-ci cessent de promouvoir le  commerce avec un pays qui viole aussi sciemment le droit international  et les droits humains.<\/p>\n\n\n<p>Lisez aussi : <a href=\"https:\/\/charleroi-pourlapalestine.be\/index.php\/2020\/01\/21\/malgre-des-protestations-citoyennes-la-ville-de-gand-participera-a-une-mission-commerciale-en-israel\/\" target=\"_blank\" rel=\"noopener noreferrer\">La ville de Gand participera \u00e0 une mission commerciale en Isra\u00ebl<\/a><\/p>","protected":false},"excerpt":{"rendered":"<p>D\u00e9sapprouv\u00e9e par plusieurs poids lourds des majorit\u00e9s r\u00e9gionales, la mission a \u00e9t\u00e9 officiellement enterr\u00e9e ce jeudi  28 novembre. <\/p>\n","protected":false},"author":1,"featured_media":1283,"comment_status":"closed","ping_status":"open","sticky":false,"template":"","format":"standard","meta":{"ngg_post_thumbnail":0,"footnotes":""},"categories":[90,64,135],"tags":[],"class_list":["post-793","post","type-post","status-publish","format-standard","has-post-thumbnail","hentry","category-bds","category-la-belgique","category-boycott-economique"],"yoast_head":"<!-- This site is optimized with the Yoast SEO plugin v27.3 - https:\/\/yoast.com\/product\/yoast-seo-wordpress\/ -->\n<title>Mission \u00e9conomique r\u00e9gionale en Isra\u00ebl annul\u00e9e<\/title>\n<meta name=\"description\" content=\"La mobilisation a pay\u00e9 : d\u00e9sapprouv\u00e9e par plusieurs poids lourds des majorit\u00e9s r\u00e9gionales, la mission a \u00e9t\u00e9 officiellement enterr\u00e9e ce jeudi 28 novembre.\" \/>\n<meta name=\"robots\" content=\"index, follow, max-snippet:-1, max-image-preview:large, max-video-preview:-1\" \/>\n<link rel=\"canonical\" href=\"https:\/\/charleroi-pourlapalestine.be\/index.php\/2019\/11\/30\/victoire-bds-mission-economique-regionale-en-israel-annulee\/\" \/>\n<script type=\"application\/ld+json\" class=\"yoast-schema-graph\">{\"@context\":\"https:\\\/\\\/schema.org\",\"@graph\":[{\"@type\":\"Article\",\"@id\":\"https:\\\/\\\/charleroi-pourlapalestine.be\\\/index.php\\\/2019\\\/11\\\/30\\\/victoire-bds-mission-economique-regionale-en-israel-annulee\\\/#article\",\"isPartOf\":{\"@id\":\"https:\\\/\\\/charleroi-pourlapalestine.be\\\/index.php\\\/2019\\\/11\\\/30\\\/victoire-bds-mission-economique-regionale-en-israel-annulee\\\/\"},\"author\":{\"name\":\"admin1873\",\"@id\":\"https:\\\/\\\/charleroi-pourlapalestine.be\\\/#\\\/schema\\\/person\\\/c19ff515112f1299d8c12671d8fe3faa\"},\"headline\":\"Mission \u00e9conomique r\u00e9gionale en Isra\u00ebl annul\u00e9e\",\"datePublished\":\"2019-11-30T14:44:00+00:00\",\"dateModified\":\"2020-02-19T12:44:27+00:00\",\"mainEntityOfPage\":{\"@id\":\"https:\\\/\\\/charleroi-pourlapalestine.be\\\/index.php\\\/2019\\\/11\\\/30\\\/victoire-bds-mission-economique-regionale-en-israel-annulee\\\/\"},\"wordCount\":452,\"publisher\":{\"@id\":\"https:\\\/\\\/charleroi-pourlapalestine.be\\\/#organization\"},\"image\":{\"@id\":\"https:\\\/\\\/charleroi-pourlapalestine.be\\\/index.php\\\/2019\\\/11\\\/30\\\/victoire-bds-mission-economique-regionale-en-israel-annulee\\\/#primaryimage\"},\"thumbnailUrl\":\"https:\\\/\\\/charleroi-pourlapalestine.be\\\/wp-content\\\/uploads\\\/2019\\\/11\\\/miss-r\u00e9g2-Copy.jpg\",\"articleSection\":[\"BDS\",\"Belgique\",\"Boycott \u00e9conomique\"],\"inLanguage\":\"fr-FR\"},{\"@type\":\"WebPage\",\"@id\":\"https:\\\/\\\/charleroi-pourlapalestine.be\\\/index.php\\\/2019\\\/11\\\/30\\\/victoire-bds-mission-economique-regionale-en-israel-annulee\\\/\",\"url\":\"https:\\\/\\\/charleroi-pourlapalestine.be\\\/index.php\\\/2019\\\/11\\\/30\\\/victoire-bds-mission-economique-regionale-en-israel-annulee\\\/\",\"name\":\"Mission \u00e9conomique r\u00e9gionale en Isra\u00ebl annul\u00e9e\",\"isPartOf\":{\"@id\":\"https:\\\/\\\/charleroi-pourlapalestine.be\\\/#website\"},\"primaryImageOfPage\":{\"@id\":\"https:\\\/\\\/charleroi-pourlapalestine.be\\\/index.php\\\/2019\\\/11\\\/30\\\/victoire-bds-mission-economique-regionale-en-israel-annulee\\\/#primaryimage\"},\"image\":{\"@id\":\"https:\\\/\\\/charleroi-pourlapalestine.be\\\/index.php\\\/2019\\\/11\\\/30\\\/victoire-bds-mission-economique-regionale-en-israel-annulee\\\/#primaryimage\"},\"thumbnailUrl\":\"https:\\\/\\\/charleroi-pourlapalestine.be\\\/wp-content\\\/uploads\\\/2019\\\/11\\\/miss-r\u00e9g2-Copy.jpg\",\"datePublished\":\"2019-11-30T14:44:00+00:00\",\"dateModified\":\"2020-02-19T12:44:27+00:00\",\"description\":\"La mobilisation a pay\u00e9 : d\u00e9sapprouv\u00e9e par plusieurs poids lourds des majorit\u00e9s r\u00e9gionales, la mission a \u00e9t\u00e9 officiellement enterr\u00e9e ce jeudi 28 novembre.\",\"breadcrumb\":{\"@id\":\"https:\\\/\\\/charleroi-pourlapalestine.be\\\/index.php\\\/2019\\\/11\\\/30\\\/victoire-bds-mission-economique-regionale-en-israel-annulee\\\/#breadcrumb\"},\"inLanguage\":\"fr-FR\",\"potentialAction\":[{\"@type\":\"ReadAction\",\"target\":[\"https:\\\/\\\/charleroi-pourlapalestine.be\\\/index.php\\\/2019\\\/11\\\/30\\\/victoire-bds-mission-economique-regionale-en-israel-annulee\\\/\"]}]},{\"@type\":\"ImageObject\",\"inLanguage\":\"fr-FR\",\"@id\":\"https:\\\/\\\/charleroi-pourlapalestine.be\\\/index.php\\\/2019\\\/11\\\/30\\\/victoire-bds-mission-economique-regionale-en-israel-annulee\\\/#primaryimage\",\"url\":\"https:\\\/\\\/charleroi-pourlapalestine.be\\\/wp-content\\\/uploads\\\/2019\\\/11\\\/miss-r\u00e9g2-Copy.jpg\",\"contentUrl\":\"https:\\\/\\\/charleroi-pourlapalestine.be\\\/wp-content\\\/uploads\\\/2019\\\/11\\\/miss-r\u00e9g2-Copy.jpg\",\"width\":520,\"height\":375},{\"@type\":\"BreadcrumbList\",\"@id\":\"https:\\\/\\\/charleroi-pourlapalestine.be\\\/index.php\\\/2019\\\/11\\\/30\\\/victoire-bds-mission-economique-regionale-en-israel-annulee\\\/#breadcrumb\",\"itemListElement\":[{\"@type\":\"ListItem\",\"position\":1,\"name\":\"Accueil\",\"item\":\"https:\\\/\\\/charleroi-pourlapalestine.be\\\/\"},{\"@type\":\"ListItem\",\"position\":2,\"name\":\"Mission \u00e9conomique r\u00e9gionale en Isra\u00ebl annul\u00e9e\"}]},{\"@type\":\"WebSite\",\"@id\":\"https:\\\/\\\/charleroi-pourlapalestine.be\\\/#website\",\"url\":\"https:\\\/\\\/charleroi-pourlapalestine.be\\\/\",\"name\":\"Charleroi Pour la Palestine\",\"description\":\"\",\"publisher\":{\"@id\":\"https:\\\/\\\/charleroi-pourlapalestine.be\\\/#organization\"},\"potentialAction\":[{\"@type\":\"SearchAction\",\"target\":{\"@type\":\"EntryPoint\",\"urlTemplate\":\"https:\\\/\\\/charleroi-pourlapalestine.be\\\/?s={search_term_string}\"},\"query-input\":{\"@type\":\"PropertyValueSpecification\",\"valueRequired\":true,\"valueName\":\"search_term_string\"}}],\"inLanguage\":\"fr-FR\"},{\"@type\":\"Organization\",\"@id\":\"https:\\\/\\\/charleroi-pourlapalestine.be\\\/#organization\",\"name\":\"Plate-forme Charleroi-Palestine\",\"url\":\"https:\\\/\\\/charleroi-pourlapalestine.be\\\/\",\"logo\":{\"@type\":\"ImageObject\",\"inLanguage\":\"fr-FR\",\"@id\":\"https:\\\/\\\/charleroi-pourlapalestine.be\\\/#\\\/schema\\\/logo\\\/image\\\/\",\"url\":\"https:\\\/\\\/charleroi-pourlapalestine.be\\\/wp-content\\\/uploads\\\/2020\\\/01\\\/logo-Copy.jpg\",\"contentUrl\":\"https:\\\/\\\/charleroi-pourlapalestine.be\\\/wp-content\\\/uploads\\\/2020\\\/01\\\/logo-Copy.jpg\",\"width\":180,\"height\":180,\"caption\":\"Plate-forme Charleroi-Palestine\"},\"image\":{\"@id\":\"https:\\\/\\\/charleroi-pourlapalestine.be\\\/#\\\/schema\\\/logo\\\/image\\\/\"},\"sameAs\":[\"https:\\\/\\\/www.facebook.com\\\/PlateformeCharleroiPalestine\\\/\",\"https:\\\/\\\/x.com\\\/LaCharleroi\"]},{\"@type\":\"Person\",\"@id\":\"https:\\\/\\\/charleroi-pourlapalestine.be\\\/#\\\/schema\\\/person\\\/c19ff515112f1299d8c12671d8fe3faa\",\"name\":\"admin1873\",\"url\":\"https:\\\/\\\/charleroi-pourlapalestine.be\\\/index.php\\\/author\\\/admin1873\\\/\"}]}<\/script>\n<!-- \/ Yoast SEO plugin. -->","yoast_head_json":{"title":"Mission \u00e9conomique r\u00e9gionale en Isra\u00ebl annul\u00e9e","description":"La mobilisation a pay\u00e9 : d\u00e9sapprouv\u00e9e par plusieurs poids lourds des majorit\u00e9s r\u00e9gionales, la mission a \u00e9t\u00e9 officiellement enterr\u00e9e ce jeudi 28 novembre.","robots":{"index":"index","follow":"follow","max-snippet":"max-snippet:-1","max-image-preview":"max-image-preview:large","max-video-preview":"max-video-preview:-1"},"canonical":"https:\/\/charleroi-pourlapalestine.be\/index.php\/2019\/11\/30\/victoire-bds-mission-economique-regionale-en-israel-annulee\/","schema":{"@context":"https:\/\/schema.org","@graph":[{"@type":"Article","@id":"https:\/\/charleroi-pourlapalestine.be\/index.php\/2019\/11\/30\/victoire-bds-mission-economique-regionale-en-israel-annulee\/#article","isPartOf":{"@id":"https:\/\/charleroi-pourlapalestine.be\/index.php\/2019\/11\/30\/victoire-bds-mission-economique-regionale-en-israel-annulee\/"},"author":{"name":"admin1873","@id":"https:\/\/charleroi-pourlapalestine.be\/#\/schema\/person\/c19ff515112f1299d8c12671d8fe3faa"},"headline":"Mission \u00e9conomique r\u00e9gionale en Isra\u00ebl annul\u00e9e","datePublished":"2019-11-30T14:44:00+00:00","dateModified":"2020-02-19T12:44:27+00:00","mainEntityOfPage":{"@id":"https:\/\/charleroi-pourlapalestine.be\/index.php\/2019\/11\/30\/victoire-bds-mission-economique-regionale-en-israel-annulee\/"},"wordCount":452,"publisher":{"@id":"https:\/\/charleroi-pourlapalestine.be\/#organization"},"image":{"@id":"https:\/\/charleroi-pourlapalestine.be\/index.php\/2019\/11\/30\/victoire-bds-mission-economique-regionale-en-israel-annulee\/#primaryimage"},"thumbnailUrl":"https:\/\/charleroi-pourlapalestine.be\/wp-content\/uploads\/2019\/11\/miss-r\u00e9g2-Copy.jpg","articleSection":["BDS","Belgique","Boycott \u00e9conomique"],"inLanguage":"fr-FR"},{"@type":"WebPage","@id":"https:\/\/charleroi-pourlapalestine.be\/index.php\/2019\/11\/30\/victoire-bds-mission-economique-regionale-en-israel-annulee\/","url":"https:\/\/charleroi-pourlapalestine.be\/index.php\/2019\/11\/30\/victoire-bds-mission-economique-regionale-en-israel-annulee\/","name":"Mission \u00e9conomique r\u00e9gionale en Isra\u00ebl annul\u00e9e","isPartOf":{"@id":"https:\/\/charleroi-pourlapalestine.be\/#website"},"primaryImageOfPage":{"@id":"https:\/\/charleroi-pourlapalestine.be\/index.php\/2019\/11\/30\/victoire-bds-mission-economique-regionale-en-israel-annulee\/#primaryimage"},"image":{"@id":"https:\/\/charleroi-pourlapalestine.be\/index.php\/2019\/11\/30\/victoire-bds-mission-economique-regionale-en-israel-annulee\/#primaryimage"},"thumbnailUrl":"https:\/\/charleroi-pourlapalestine.be\/wp-content\/uploads\/2019\/11\/miss-r\u00e9g2-Copy.jpg","datePublished":"2019-11-30T14:44:00+00:00","dateModified":"2020-02-19T12:44:27+00:00","description":"La mobilisation a pay\u00e9 : d\u00e9sapprouv\u00e9e par plusieurs poids lourds des majorit\u00e9s r\u00e9gionales, la mission a \u00e9t\u00e9 officiellement enterr\u00e9e ce jeudi 28 novembre.","breadcrumb":{"@id":"https:\/\/charleroi-pourlapalestine.be\/index.php\/2019\/11\/30\/victoire-bds-mission-economique-regionale-en-israel-annulee\/#breadcrumb"},"inLanguage":"fr-FR","potentialAction":[{"@type":"ReadAction","target":["https:\/\/charleroi-pourlapalestine.be\/index.php\/2019\/11\/30\/victoire-bds-mission-economique-regionale-en-israel-annulee\/"]}]},{"@type":"ImageObject","inLanguage":"fr-FR","@id":"https:\/\/charleroi-pourlapalestine.be\/index.php\/2019\/11\/30\/victoire-bds-mission-economique-regionale-en-israel-annulee\/#primaryimage","url":"https:\/\/charleroi-pourlapalestine.be\/wp-content\/uploads\/2019\/11\/miss-r\u00e9g2-Copy.jpg","contentUrl":"https:\/\/charleroi-pourlapalestine.be\/wp-content\/uploads\/2019\/11\/miss-r\u00e9g2-Copy.jpg","width":520,"height":375},{"@type":"BreadcrumbList","@id":"https:\/\/charleroi-pourlapalestine.be\/index.php\/2019\/11\/30\/victoire-bds-mission-economique-regionale-en-israel-annulee\/#breadcrumb","itemListElement":[{"@type":"ListItem","position":1,"name":"Accueil","item":"https:\/\/charleroi-pourlapalestine.be\/"},{"@type":"ListItem","position":2,"name":"Mission \u00e9conomique r\u00e9gionale en Isra\u00ebl annul\u00e9e"}]},{"@type":"WebSite","@id":"https:\/\/charleroi-pourlapalestine.be\/#website","url":"https:\/\/charleroi-pourlapalestine.be\/","name":"Charleroi Pour la Palestine","description":"","publisher":{"@id":"https:\/\/charleroi-pourlapalestine.be\/#organization"},"potentialAction":[{"@type":"SearchAction","target":{"@type":"EntryPoint","urlTemplate":"https:\/\/charleroi-pourlapalestine.be\/?s={search_term_string}"},"query-input":{"@type":"PropertyValueSpecification","valueRequired":true,"valueName":"search_term_string"}}],"inLanguage":"fr-FR"},{"@type":"Organization","@id":"https:\/\/charleroi-pourlapalestine.be\/#organization","name":"Plate-forme Charleroi-Palestine","url":"https:\/\/charleroi-pourlapalestine.be\/","logo":{"@type":"ImageObject","inLanguage":"fr-FR","@id":"https:\/\/charleroi-pourlapalestine.be\/#\/schema\/logo\/image\/","url":"https:\/\/charleroi-pourlapalestine.be\/wp-content\/uploads\/2020\/01\/logo-Copy.jpg","contentUrl":"https:\/\/charleroi-pourlapalestine.be\/wp-content\/uploads\/2020\/01\/logo-Copy.jpg","width":180,"height":180,"caption":"Plate-forme Charleroi-Palestine"},"image":{"@id":"https:\/\/charleroi-pourlapalestine.be\/#\/schema\/logo\/image\/"},"sameAs":["https:\/\/www.facebook.com\/PlateformeCharleroiPalestine\/","https:\/\/x.com\/LaCharleroi"]},{"@type":"Person","@id":"https:\/\/charleroi-pourlapalestine.be\/#\/schema\/person\/c19ff515112f1299d8c12671d8fe3faa","name":"admin1873","url":"https:\/\/charleroi-pourlapalestine.be\/index.php\/author\/admin1873\/"}]}},"_links":{"self":[{"href":"https:\/\/charleroi-pourlapalestine.be\/index.php\/wp-json\/wp\/v2\/posts\/793","targetHints":{"allow":["GET"]}}],"collection":[{"href":"https:\/\/charleroi-pourlapalestine.be\/index.php\/wp-json\/wp\/v2\/posts"}],"about":[{"href":"https:\/\/charleroi-pourlapalestine.be\/index.php\/wp-json\/wp\/v2\/types\/post"}],"author":[{"embeddable":true,"href":"https:\/\/charleroi-pourlapalestine.be\/index.php\/wp-json\/wp\/v2\/users\/1"}],"replies":[{"embeddable":true,"href":"https:\/\/charleroi-pourlapalestine.be\/index.php\/wp-json\/wp\/v2\/comments?post=793"}],"version-history":[{"count":0,"href":"https:\/\/charleroi-pourlapalestine.be\/index.php\/wp-json\/wp\/v2\/posts\/793\/revisions"}],"wp:featuredmedia":[{"embeddable":true,"href":"https:\/\/charleroi-pourlapalestine.be\/index.php\/wp-json\/wp\/v2\/media\/1283"}],"wp:attachment":[{"href":"https:\/\/charleroi-pourlapalestine.be\/index.php\/wp-json\/wp\/v2\/media?parent=793"}],"wp:term":[{"taxonomy":"category","embeddable":true,"href":"https:\/\/charleroi-pourlapalestine.be\/index.php\/wp-json\/wp\/v2\/categories?post=793"},{"taxonomy":"post_tag","embeddable":true,"href":"https:\/\/charleroi-pourlapalestine.be\/index.php\/wp-json\/wp\/v2\/tags?post=793"}],"curies":[{"name":"wp","href":"https:\/\/api.w.org\/{rel}","templated":true}]}}