{"id":80352,"date":"2025-01-11T10:18:22","date_gmt":"2025-01-11T09:18:22","guid":{"rendered":"https:\/\/charleroi-pourlapalestine.be\/?p=80352"},"modified":"2025-01-11T10:24:13","modified_gmt":"2025-01-11T09:24:13","slug":"pourquoi-l-ue-traite-t-elle-un-criminel-de-guerre-israelien-en-vip","status":"publish","type":"post","link":"https:\/\/charleroi-pourlapalestine.be\/index.php\/2025\/01\/11\/pourquoi-l-ue-traite-t-elle-un-criminel-de-guerre-israelien-en-vip\/","title":{"rendered":"Pourquoi l&rsquo;UE traite-t-elle un criminel de guerre isra\u00e9lien en VIP ?"},"content":{"rendered":"<p>En avril, le service diplomatique de l&rsquo;UE accueillait \u00e0 Bruxelles un <em>\u00ab dialogue strat\u00e9gique \u00bb<\/em> en compagnie de l&rsquo;European Leadership Network (Elnet \u2013 R\u00e9seau de leadership europ\u00e9en), un groupe de pression pro-isra\u00e9lien. L&rsquo;\u00e9v\u00e9nement \u00e9tait pr\u00e9sid\u00e9 par Amos Yadlin, qui aurait normalement d\u00fb \u00eatre arr\u00eat\u00e9 par la police d\u00e8s son arriv\u00e9e sur le sol belge.<\/p>\n<p>&nbsp;<\/p>\n<div id=\"attachment_46392\" style=\"width: 789px\" class=\"wp-caption aligncenter\"><img loading=\"lazy\" decoding=\"async\" aria-describedby=\"caption-attachment-46392\" class=\"wp-image-46392 size-full\" src=\"https:\/\/charleroi-pourlapalestine.be\/wp-content\/uploads\/2022\/10\/marche-masar-badil-13-devant-les-fils-barbeles--scaled-e1667246676390.jpg\" alt=\"Photo : fin de la Marche pour la lib\u00e9ration et le retour (29 octobre 2022) devant les b\u00e2timents du parlement de l'UE. \" width=\"779\" height=\"520\" srcset=\"https:\/\/charleroi-pourlapalestine.be\/wp-content\/uploads\/2022\/10\/marche-masar-badil-13-devant-les-fils-barbeles--scaled-e1667246676390.jpg 779w, https:\/\/charleroi-pourlapalestine.be\/wp-content\/uploads\/2022\/10\/marche-masar-badil-13-devant-les-fils-barbeles--scaled-e1667246676390-300x200.jpg 300w, https:\/\/charleroi-pourlapalestine.be\/wp-content\/uploads\/2022\/10\/marche-masar-badil-13-devant-les-fils-barbeles--scaled-e1667246676390-768x513.jpg 768w\" sizes=\"auto, (max-width: 779px) 100vw, 779px\" \/><p id=\"caption-attachment-46392\" class=\"wp-caption-text\"><strong>Fin de la marche pour la lib\u00e9ration et le retour (29 octobre 2022) devant les b\u00e2timents du parlement de l&rsquo;UE.<\/strong> Photo : Collectif Palestine Vaincra.<\/p><\/div>\n<p>&nbsp;<\/p>\n<p><strong>David Cronin<\/strong>, 8 janvier 2025<\/p>\n<p>&nbsp;<\/p>\n<p><a href=\"https:\/\/theintercept.com\/2024\/12\/23\/eu-report-israel-war-crimes-complicity\/\" target=\"_blank\" rel=\"noopener\">\u00c0 de rares exceptions<\/a>, la presse bruxelloise n&rsquo;a pas pris la peine d&rsquo;examiner la fa\u00e7on dont <strong>l&rsquo;Union europ\u00e9enne dorlote Isra\u00ebl et ses partisans alors qu&rsquo;un g\u00e9nocide bat son plein \u00e0 Gaza.<\/strong><\/p>\n<p>Un fait que vous n&rsquo;avez certainement pas pu voir dans les m\u00e9dias traditionnels au cours de l&rsquo;ann\u00e9e 2024 concerne l&rsquo;accueil VIP r\u00e9serv\u00e9 par Bruxelles \u00e0 un criminel de guerre.<\/p>\n<p>En avril, le service diplomatique de l&rsquo;UE accueillait \u00e0 Bruxelles un <em>\u00ab dialogue strat\u00e9gique \u00bb<\/em> en compagnie de <strong>l&rsquo;European Leadership Network<\/strong> (<strong>Elnet<\/strong> \u2013 R\u00e9seau de leadership europ\u00e9en), un groupe de pression pro-isra\u00e9lien. L&rsquo;\u00e9v\u00e9nement \u00e9tait pr\u00e9sid\u00e9 par <strong>Amos Yadlin<\/strong>, qui aurait normalement d\u00fb \u00eatre arr\u00eat\u00e9 par la police d\u00e8s son arriv\u00e9e sur le sol belge.<\/p>\n<p>Une bonne dizaine d&rsquo;ann\u00e9es plus t\u00f4t, un tribunal d&rsquo;Istanbul avait \u00e9mis des mandats d&rsquo;arr\u00eat contre plusieurs Isra\u00e9liens, dont Yadlin. Il \u00e9tait chef des renseignements militaires au moment o\u00f9 l&rsquo;arm\u00e9e avait attaqu\u00e9 une flottille qui tentait de briser le si\u00e8ge de Gaza en mai 2010 [l&rsquo;affaire du <strong>Mavi Marmara<\/strong> \u2013 NdT].<\/p>\n<p>\u00c0 l&rsquo;\u00e9poque, Yadlin arrivait au terme de sa carri\u00e8re militaire officielle. Il avait pass\u00e9 une partie de la d\u00e9cennie pr\u00e9c\u00e9dente \u00e0 plancher sur la fa\u00e7on dont Isra\u00ebl aurait pu mener la guerre en respectant l&rsquo;<em>\u00ab \u00e9thique \u00bb.<\/em><\/p>\n<p>Yadlin n&rsquo;a pas r\u00e9ussi en tant que philosophe moral. Si \u00e7&rsquo;avait \u00e9t\u00e9 le cas, il lui aurait fallu d\u00e9noncer les actes d&rsquo;agression auxquels il avait particip\u00e9.<\/p>\n<p>Par exemple, il \u00e9tait <strong>pilote d&rsquo;avion, lors de l&rsquo;invasion du Liban en 1982<\/strong>. Dans son livre,<em><strong> Liban, nation martyre<\/strong><\/em>, <strong>Robert Fisk<\/strong> faisait remarquer que ces pilotes \u00e9taient responsables d&rsquo;avoir<\/p>\n<blockquote>\n<p>\u00ab tu\u00e9 des milliers de civils, \u00e9cras\u00e9 des familles enti\u00e8res entre les murs, les sols et les meubles de leurs logements avec une telle violence absolue que, souvent, leurs corps \u00e9mergeaient des d\u00e9combres comme aplatis en ombres immenses \u00bb.<\/p>\n<\/blockquote>\n<h3>&nbsp;<\/h3>\n<h3>\u00ab Des actions puissantes et douloureuses \u00bb<\/h3>\n<p>En 2006, <strong>Yadlin<\/strong> \u2013 devenu chef des renseignements militaires \u2013 faisait partie des g\u00e9n\u00e9raux supervisant une autre offensive importante contre le Liban. Il allait jouer un r\u00f4le similaire dans l&rsquo;op\u00e9ration <strong><em>\u00ab Plomb durci \u00bb<\/em><\/strong>, la premi\u00e8re d&rsquo;une s\u00e9rie d&rsquo;agressions \u00e0 grande \u00e9chelle contre Gaza, entre<strong> fin 2008 et d\u00e9but 2009<\/strong>.<\/p>\n<p>Les destructions massives que lui et d&rsquo;autres avaient inflig\u00e9es alors \u00e9taient inad\u00e9quates, de son point de vue. En 2018, dans son interview accord\u00e9e au journal de Tel-Aviv, Maariv, il pr\u00f4nait avant tout <em>\u00ab des actions puissantes et douloureuses \u00bb,<\/em> visant th\u00e9oriquement \u00e0 provoquer l&rsquo;effondrement du Hamas.<\/p>\n<p>Un t\u00e9l\u00e9gramme de 2007 publi\u00e9 par WikiLeaks indique qu&rsquo;il avait dit en priv\u00e9 tout autre chose sur le Hamas que ce qu&rsquo;il avait dit en public.<\/p>\n<p>Selon ce t\u00e9l\u00e9gramme, Yadlin avait dit \u00e0 un envoy\u00e9 am\u00e9ricain qu&rsquo;Isra\u00ebl aurait \u00e9t\u00e9 <em>\u00ab heureux \u00bb<\/em> si le Hamas avait pu prendre en charge l&rsquo;administration de Gaza. Cela aurait permis \u00e0 Isra\u00ebl de traiter avec Gaza en tant qu&rsquo;<em>\u00ab \u00c9tat hostile \u00bb.<\/em><\/p>\n<p>Plus tard, en 2007, Isra\u00ebl avait en effet d\u00e9sign\u00e9 Gaza comme un <em>\u00ab territoire hostile \u00bb.<\/em> Cette d\u00e9signation avait d\u00e9bouch\u00e9 sur un ch\u00e2timent collectif contre les habitants de l&rsquo;enclave, ch\u00e2timent qui a culmin\u00e9 avec l&rsquo;actuel g\u00e9nocide.<\/p>\n<p>Apr\u00e8s sa retraite de l&rsquo;arm\u00e9e, Yadlin n&rsquo;allait pas manquer de travail en tant qu&rsquo;analyste et consultant en <em>\u00ab s\u00e9curit\u00e9 nationale \u00bb.<\/em><\/p>\n<p>Il allait continuer de plaider en faveur de mesures qui valent d&rsquo;immenses douleurs et souffrances aux Palestiniens. En mars dernier, il avait cherch\u00e9 <strong>\u00e0 justifier les bombardements des infrastructures civiles de Gaza<\/strong> en affirmant :<\/p>\n<blockquote>\n<p>\u00ab Nous savons d\u00e9j\u00e0, aujourd&rsquo;hui, que le Hamas place toujours des postes de commandement sous les h\u00f4pitaux, les sites de l&rsquo;ONU, les \u00e9coles, les camps, etc., etc. \u00bb<\/p>\n<\/blockquote>\n<p>On ne sera donc pas surpris si le service diplomatique de l&rsquo;Union europ\u00e9enne n&rsquo;a pas fait la publicit\u00e9 de la fa\u00e7on dont il a contribu\u00e9 \u00e0 mettre sur pied le <em>\u00ab dialogue strat\u00e9gique \u00bb<\/em> de l&rsquo;an dernier avec Yadlin.<\/p>\n<p>Parmi les autres h\u00f4tes de l&rsquo;\u00e9v\u00e9nement, l&rsquo;<strong>European Leadership Network (Elnet)<\/strong>, avait pris ombrage des commentaires \u00e9mis par Josep Borrell, \u00e0 l&rsquo;\u00e9poque chef de la politique \u00e9trang\u00e8re de l&rsquo;UE, quelques semaines plus t\u00f4t \u00e0 peine. Elnet avait qualifi\u00e9 l&rsquo;accusation de Borrell disant qu&rsquo;Isra\u00ebl avait provoqu\u00e9 l&rsquo;affamement des Gazaouis de <em>\u00ab fausse, non fond\u00e9e et diffamatoire \u00bb.<\/em><\/p>\n<p><strong>Les diplomates europ\u00e9ens<\/strong> qui avaient arrang\u00e9 l&rsquo;\u00e9v\u00e9nement avec Elnet travaillaient en fait sous la direction de Borrell. Plut\u00f4t que de d\u00e9fendre leur patron contre les insultes dont il faisait l&rsquo;objet, les diplomates avaient choisi le camp de l&rsquo;organisation qui prof\u00e9rait ces insultes.<\/p>\n<p>On peut se faire une id\u00e9e, dans <a href=\"https:\/\/elnetwork.eu\/strategic-dialogues\/8th-eu-israel-strategic-dialogue-2024\/\" target=\"_blank\" rel=\"noopener\">le r\u00e9sum\u00e9<\/a> de l&rsquo;\u00e9v\u00e9nement par Elnet, des recommandations du lobby \u00e0 propos des futures relations entre l&rsquo;UE et Isra\u00ebl. L&rsquo;une de ces recommandations dit ceci :<\/p>\n<blockquote>\n<p>\u00ab En aidant l&rsquo;Europe \u00e0 d\u00e9velopper un syst\u00e8me de d\u00e9fense a\u00e9rienne multicouche, Isra\u00ebl accro\u00eet ses opportunit\u00e9s de fournir des [missiles] Arrow 3 \u00e0 l&rsquo;Allemagne. \u00bb<\/p>\n<\/blockquote>\n<p>Depuis que cette recommandation a \u00e9t\u00e9 exprim\u00e9e, <strong>Ursula von der Leyen<\/strong> a identifi\u00e9 le d\u00e9veloppement d&rsquo;un tel syst\u00e8me \u2013 con\u00e7u tacitement sur le <em><strong>D\u00f4me de Fer isra\u00e9lien<\/strong><\/em> \u2013 comme \u00e9tant une priorit\u00e9 de son second mandat de pr\u00e9sidente de la Commission europ\u00e9enne.<\/p>\n<p>Tout cela implique que les lobbyistes et les diplomates ont discut\u00e9 en toute amiti\u00e9 sur la fa\u00e7on dont Isra\u00ebl pourra tirer profit de cette promotion concert\u00e9e pour induire l&rsquo;Europe \u00e0 d\u00e9penser davantage en armement.<\/p>\n<p>De tels \u00e9changes verbaux seraient d\u00e9rangeants quelles que soient les circonstances. Le fait qu&rsquo;ils ont lieu alors qu&rsquo;Isra\u00ebl m\u00e8ne une guerre d&rsquo;extermination les rend en outre r\u00e9ellement sinistres.<\/p>\n<p style=\"text-align: center;\">*****<\/p>\n<p>Publi\u00e9 le 8 janvier 2025 sur <a href=\"https:\/\/electronicintifada.net\/blogs\/david-cronin\/why-did-brussels-give-vip-treatment-israeli-war-criminal\" target=\"_blank\" rel=\"noopener\">The Electronic Intifada<\/a><br>Traduction : Jean-Marie Fl\u00e9mal, <a href=\"https:\/\/charleroi-pourlapalestine.be\/\" target=\"_blank\" rel=\"noopener\">Charleroi pour la Palestine<\/a><\/p>\n\n\n<p><\/p>\n","protected":false},"excerpt":{"rendered":"<p>En avril, le service diplomatique de l&rsquo;UE accueillait \u00e0 Bruxelles un \u00ab dialogue strat\u00e9gique \u00bb en compagnie de l&rsquo;European Leadership Network, un groupe de pression pro-isra\u00e9lien. L&rsquo;\u00e9v\u00e9nement \u00e9tait pr\u00e9sid\u00e9 par le criminel de guerre Amos Yadlin.<\/p>\n","protected":false},"author":1,"featured_media":46392,"comment_status":"closed","ping_status":"closed","sticky":false,"template":"","format":"standard","meta":{"ngg_post_thumbnail":0,"footnotes":""},"categories":[126,185],"tags":[],"class_list":["post-80352","post","type-post","status-publish","format-standard","has-post-thumbnail","hentry","category-israel","category-union-europeenne"],"yoast_head":"<!-- This site is optimized with the Yoast SEO plugin v27.3 - https:\/\/yoast.com\/product\/yoast-seo-wordpress\/ -->\n<title>Pourquoi l&#039;UE traite-t-elle un criminel de guerre isra\u00e9lien en VIP ?<\/title>\n<meta name=\"description\" content=\"L&#039;UE accueillait \u00e0 Bruxelles un groupe de pression pro-isra\u00e9lien. L&#039;\u00e9v\u00e9nement \u00e9tait pr\u00e9sid\u00e9 par un criminel de guerre, Amos Yadlin\" \/>\n<meta name=\"robots\" content=\"index, follow, max-snippet:-1, max-image-preview:large, max-video-preview:-1\" \/>\n<link rel=\"canonical\" href=\"https:\/\/charleroi-pourlapalestine.be\/index.php\/2025\/01\/11\/pourquoi-l-ue-traite-t-elle-un-criminel-de-guerre-israelien-en-vip\/\" \/>\n<script type=\"application\/ld+json\" class=\"yoast-schema-graph\">{\"@context\":\"https:\\\/\\\/schema.org\",\"@graph\":[{\"@type\":\"Article\",\"@id\":\"https:\\\/\\\/charleroi-pourlapalestine.be\\\/index.php\\\/2025\\\/01\\\/11\\\/pourquoi-l-ue-traite-t-elle-un-criminel-de-guerre-israelien-en-vip\\\/#article\",\"isPartOf\":{\"@id\":\"https:\\\/\\\/charleroi-pourlapalestine.be\\\/index.php\\\/2025\\\/01\\\/11\\\/pourquoi-l-ue-traite-t-elle-un-criminel-de-guerre-israelien-en-vip\\\/\"},\"author\":{\"name\":\"admin1873\",\"@id\":\"https:\\\/\\\/charleroi-pourlapalestine.be\\\/#\\\/schema\\\/person\\\/c19ff515112f1299d8c12671d8fe3faa\"},\"headline\":\"Pourquoi l&rsquo;UE traite-t-elle un criminel de guerre isra\u00e9lien en VIP ?\",\"datePublished\":\"2025-01-11T09:18:22+00:00\",\"dateModified\":\"2025-01-11T09:24:13+00:00\",\"mainEntityOfPage\":{\"@id\":\"https:\\\/\\\/charleroi-pourlapalestine.be\\\/index.php\\\/2025\\\/01\\\/11\\\/pourquoi-l-ue-traite-t-elle-un-criminel-de-guerre-israelien-en-vip\\\/\"},\"wordCount\":1115,\"publisher\":{\"@id\":\"https:\\\/\\\/charleroi-pourlapalestine.be\\\/#organization\"},\"image\":{\"@id\":\"https:\\\/\\\/charleroi-pourlapalestine.be\\\/index.php\\\/2025\\\/01\\\/11\\\/pourquoi-l-ue-traite-t-elle-un-criminel-de-guerre-israelien-en-vip\\\/#primaryimage\"},\"thumbnailUrl\":\"https:\\\/\\\/charleroi-pourlapalestine.be\\\/wp-content\\\/uploads\\\/2022\\\/10\\\/marche-masar-badil-13-devant-les-fils-barbeles--scaled-e1667246676390.jpg\",\"articleSection\":[\"Isra\u00ebl\",\"Union europ\u00e9enne\"],\"inLanguage\":\"fr-FR\"},{\"@type\":\"WebPage\",\"@id\":\"https:\\\/\\\/charleroi-pourlapalestine.be\\\/index.php\\\/2025\\\/01\\\/11\\\/pourquoi-l-ue-traite-t-elle-un-criminel-de-guerre-israelien-en-vip\\\/\",\"url\":\"https:\\\/\\\/charleroi-pourlapalestine.be\\\/index.php\\\/2025\\\/01\\\/11\\\/pourquoi-l-ue-traite-t-elle-un-criminel-de-guerre-israelien-en-vip\\\/\",\"name\":\"Pourquoi l'UE traite-t-elle un criminel de guerre isra\u00e9lien en VIP ?\",\"isPartOf\":{\"@id\":\"https:\\\/\\\/charleroi-pourlapalestine.be\\\/#website\"},\"primaryImageOfPage\":{\"@id\":\"https:\\\/\\\/charleroi-pourlapalestine.be\\\/index.php\\\/2025\\\/01\\\/11\\\/pourquoi-l-ue-traite-t-elle-un-criminel-de-guerre-israelien-en-vip\\\/#primaryimage\"},\"image\":{\"@id\":\"https:\\\/\\\/charleroi-pourlapalestine.be\\\/index.php\\\/2025\\\/01\\\/11\\\/pourquoi-l-ue-traite-t-elle-un-criminel-de-guerre-israelien-en-vip\\\/#primaryimage\"},\"thumbnailUrl\":\"https:\\\/\\\/charleroi-pourlapalestine.be\\\/wp-content\\\/uploads\\\/2022\\\/10\\\/marche-masar-badil-13-devant-les-fils-barbeles--scaled-e1667246676390.jpg\",\"datePublished\":\"2025-01-11T09:18:22+00:00\",\"dateModified\":\"2025-01-11T09:24:13+00:00\",\"description\":\"L'UE accueillait \u00e0 Bruxelles un groupe de pression pro-isra\u00e9lien. L'\u00e9v\u00e9nement \u00e9tait pr\u00e9sid\u00e9 par un criminel de guerre, Amos Yadlin\",\"breadcrumb\":{\"@id\":\"https:\\\/\\\/charleroi-pourlapalestine.be\\\/index.php\\\/2025\\\/01\\\/11\\\/pourquoi-l-ue-traite-t-elle-un-criminel-de-guerre-israelien-en-vip\\\/#breadcrumb\"},\"inLanguage\":\"fr-FR\",\"potentialAction\":[{\"@type\":\"ReadAction\",\"target\":[\"https:\\\/\\\/charleroi-pourlapalestine.be\\\/index.php\\\/2025\\\/01\\\/11\\\/pourquoi-l-ue-traite-t-elle-un-criminel-de-guerre-israelien-en-vip\\\/\"]}]},{\"@type\":\"ImageObject\",\"inLanguage\":\"fr-FR\",\"@id\":\"https:\\\/\\\/charleroi-pourlapalestine.be\\\/index.php\\\/2025\\\/01\\\/11\\\/pourquoi-l-ue-traite-t-elle-un-criminel-de-guerre-israelien-en-vip\\\/#primaryimage\",\"url\":\"https:\\\/\\\/charleroi-pourlapalestine.be\\\/wp-content\\\/uploads\\\/2022\\\/10\\\/marche-masar-badil-13-devant-les-fils-barbeles--scaled-e1667246676390.jpg\",\"contentUrl\":\"https:\\\/\\\/charleroi-pourlapalestine.be\\\/wp-content\\\/uploads\\\/2022\\\/10\\\/marche-masar-badil-13-devant-les-fils-barbeles--scaled-e1667246676390.jpg\",\"width\":779,\"height\":520},{\"@type\":\"BreadcrumbList\",\"@id\":\"https:\\\/\\\/charleroi-pourlapalestine.be\\\/index.php\\\/2025\\\/01\\\/11\\\/pourquoi-l-ue-traite-t-elle-un-criminel-de-guerre-israelien-en-vip\\\/#breadcrumb\",\"itemListElement\":[{\"@type\":\"ListItem\",\"position\":1,\"name\":\"Accueil\",\"item\":\"https:\\\/\\\/charleroi-pourlapalestine.be\\\/\"},{\"@type\":\"ListItem\",\"position\":2,\"name\":\"Pourquoi l&rsquo;UE traite-t-elle un criminel de guerre isra\u00e9lien en VIP ?\"}]},{\"@type\":\"WebSite\",\"@id\":\"https:\\\/\\\/charleroi-pourlapalestine.be\\\/#website\",\"url\":\"https:\\\/\\\/charleroi-pourlapalestine.be\\\/\",\"name\":\"Charleroi Pour la Palestine\",\"description\":\"\",\"publisher\":{\"@id\":\"https:\\\/\\\/charleroi-pourlapalestine.be\\\/#organization\"},\"potentialAction\":[{\"@type\":\"SearchAction\",\"target\":{\"@type\":\"EntryPoint\",\"urlTemplate\":\"https:\\\/\\\/charleroi-pourlapalestine.be\\\/?s={search_term_string}\"},\"query-input\":{\"@type\":\"PropertyValueSpecification\",\"valueRequired\":true,\"valueName\":\"search_term_string\"}}],\"inLanguage\":\"fr-FR\"},{\"@type\":\"Organization\",\"@id\":\"https:\\\/\\\/charleroi-pourlapalestine.be\\\/#organization\",\"name\":\"Plate-forme Charleroi-Palestine\",\"url\":\"https:\\\/\\\/charleroi-pourlapalestine.be\\\/\",\"logo\":{\"@type\":\"ImageObject\",\"inLanguage\":\"fr-FR\",\"@id\":\"https:\\\/\\\/charleroi-pourlapalestine.be\\\/#\\\/schema\\\/logo\\\/image\\\/\",\"url\":\"https:\\\/\\\/charleroi-pourlapalestine.be\\\/wp-content\\\/uploads\\\/2020\\\/01\\\/logo-Copy.jpg\",\"contentUrl\":\"https:\\\/\\\/charleroi-pourlapalestine.be\\\/wp-content\\\/uploads\\\/2020\\\/01\\\/logo-Copy.jpg\",\"width\":180,\"height\":180,\"caption\":\"Plate-forme Charleroi-Palestine\"},\"image\":{\"@id\":\"https:\\\/\\\/charleroi-pourlapalestine.be\\\/#\\\/schema\\\/logo\\\/image\\\/\"},\"sameAs\":[\"https:\\\/\\\/www.facebook.com\\\/PlateformeCharleroiPalestine\\\/\",\"https:\\\/\\\/x.com\\\/LaCharleroi\"]},{\"@type\":\"Person\",\"@id\":\"https:\\\/\\\/charleroi-pourlapalestine.be\\\/#\\\/schema\\\/person\\\/c19ff515112f1299d8c12671d8fe3faa\",\"name\":\"admin1873\",\"url\":\"https:\\\/\\\/charleroi-pourlapalestine.be\\\/index.php\\\/author\\\/admin1873\\\/\"}]}<\/script>\n<!-- \/ Yoast SEO plugin. -->","yoast_head_json":{"title":"Pourquoi l'UE traite-t-elle un criminel de guerre isra\u00e9lien en VIP ?","description":"L'UE accueillait \u00e0 Bruxelles un groupe de pression pro-isra\u00e9lien. L'\u00e9v\u00e9nement \u00e9tait pr\u00e9sid\u00e9 par un criminel de guerre, Amos Yadlin","robots":{"index":"index","follow":"follow","max-snippet":"max-snippet:-1","max-image-preview":"max-image-preview:large","max-video-preview":"max-video-preview:-1"},"canonical":"https:\/\/charleroi-pourlapalestine.be\/index.php\/2025\/01\/11\/pourquoi-l-ue-traite-t-elle-un-criminel-de-guerre-israelien-en-vip\/","schema":{"@context":"https:\/\/schema.org","@graph":[{"@type":"Article","@id":"https:\/\/charleroi-pourlapalestine.be\/index.php\/2025\/01\/11\/pourquoi-l-ue-traite-t-elle-un-criminel-de-guerre-israelien-en-vip\/#article","isPartOf":{"@id":"https:\/\/charleroi-pourlapalestine.be\/index.php\/2025\/01\/11\/pourquoi-l-ue-traite-t-elle-un-criminel-de-guerre-israelien-en-vip\/"},"author":{"name":"admin1873","@id":"https:\/\/charleroi-pourlapalestine.be\/#\/schema\/person\/c19ff515112f1299d8c12671d8fe3faa"},"headline":"Pourquoi l&rsquo;UE traite-t-elle un criminel de guerre isra\u00e9lien en VIP ?","datePublished":"2025-01-11T09:18:22+00:00","dateModified":"2025-01-11T09:24:13+00:00","mainEntityOfPage":{"@id":"https:\/\/charleroi-pourlapalestine.be\/index.php\/2025\/01\/11\/pourquoi-l-ue-traite-t-elle-un-criminel-de-guerre-israelien-en-vip\/"},"wordCount":1115,"publisher":{"@id":"https:\/\/charleroi-pourlapalestine.be\/#organization"},"image":{"@id":"https:\/\/charleroi-pourlapalestine.be\/index.php\/2025\/01\/11\/pourquoi-l-ue-traite-t-elle-un-criminel-de-guerre-israelien-en-vip\/#primaryimage"},"thumbnailUrl":"https:\/\/charleroi-pourlapalestine.be\/wp-content\/uploads\/2022\/10\/marche-masar-badil-13-devant-les-fils-barbeles--scaled-e1667246676390.jpg","articleSection":["Isra\u00ebl","Union europ\u00e9enne"],"inLanguage":"fr-FR"},{"@type":"WebPage","@id":"https:\/\/charleroi-pourlapalestine.be\/index.php\/2025\/01\/11\/pourquoi-l-ue-traite-t-elle-un-criminel-de-guerre-israelien-en-vip\/","url":"https:\/\/charleroi-pourlapalestine.be\/index.php\/2025\/01\/11\/pourquoi-l-ue-traite-t-elle-un-criminel-de-guerre-israelien-en-vip\/","name":"Pourquoi l'UE traite-t-elle un criminel de guerre isra\u00e9lien en VIP ?","isPartOf":{"@id":"https:\/\/charleroi-pourlapalestine.be\/#website"},"primaryImageOfPage":{"@id":"https:\/\/charleroi-pourlapalestine.be\/index.php\/2025\/01\/11\/pourquoi-l-ue-traite-t-elle-un-criminel-de-guerre-israelien-en-vip\/#primaryimage"},"image":{"@id":"https:\/\/charleroi-pourlapalestine.be\/index.php\/2025\/01\/11\/pourquoi-l-ue-traite-t-elle-un-criminel-de-guerre-israelien-en-vip\/#primaryimage"},"thumbnailUrl":"https:\/\/charleroi-pourlapalestine.be\/wp-content\/uploads\/2022\/10\/marche-masar-badil-13-devant-les-fils-barbeles--scaled-e1667246676390.jpg","datePublished":"2025-01-11T09:18:22+00:00","dateModified":"2025-01-11T09:24:13+00:00","description":"L'UE accueillait \u00e0 Bruxelles un groupe de pression pro-isra\u00e9lien. L'\u00e9v\u00e9nement \u00e9tait pr\u00e9sid\u00e9 par un criminel de guerre, Amos Yadlin","breadcrumb":{"@id":"https:\/\/charleroi-pourlapalestine.be\/index.php\/2025\/01\/11\/pourquoi-l-ue-traite-t-elle-un-criminel-de-guerre-israelien-en-vip\/#breadcrumb"},"inLanguage":"fr-FR","potentialAction":[{"@type":"ReadAction","target":["https:\/\/charleroi-pourlapalestine.be\/index.php\/2025\/01\/11\/pourquoi-l-ue-traite-t-elle-un-criminel-de-guerre-israelien-en-vip\/"]}]},{"@type":"ImageObject","inLanguage":"fr-FR","@id":"https:\/\/charleroi-pourlapalestine.be\/index.php\/2025\/01\/11\/pourquoi-l-ue-traite-t-elle-un-criminel-de-guerre-israelien-en-vip\/#primaryimage","url":"https:\/\/charleroi-pourlapalestine.be\/wp-content\/uploads\/2022\/10\/marche-masar-badil-13-devant-les-fils-barbeles--scaled-e1667246676390.jpg","contentUrl":"https:\/\/charleroi-pourlapalestine.be\/wp-content\/uploads\/2022\/10\/marche-masar-badil-13-devant-les-fils-barbeles--scaled-e1667246676390.jpg","width":779,"height":520},{"@type":"BreadcrumbList","@id":"https:\/\/charleroi-pourlapalestine.be\/index.php\/2025\/01\/11\/pourquoi-l-ue-traite-t-elle-un-criminel-de-guerre-israelien-en-vip\/#breadcrumb","itemListElement":[{"@type":"ListItem","position":1,"name":"Accueil","item":"https:\/\/charleroi-pourlapalestine.be\/"},{"@type":"ListItem","position":2,"name":"Pourquoi l&rsquo;UE traite-t-elle un criminel de guerre isra\u00e9lien en VIP ?"}]},{"@type":"WebSite","@id":"https:\/\/charleroi-pourlapalestine.be\/#website","url":"https:\/\/charleroi-pourlapalestine.be\/","name":"Charleroi Pour la Palestine","description":"","publisher":{"@id":"https:\/\/charleroi-pourlapalestine.be\/#organization"},"potentialAction":[{"@type":"SearchAction","target":{"@type":"EntryPoint","urlTemplate":"https:\/\/charleroi-pourlapalestine.be\/?s={search_term_string}"},"query-input":{"@type":"PropertyValueSpecification","valueRequired":true,"valueName":"search_term_string"}}],"inLanguage":"fr-FR"},{"@type":"Organization","@id":"https:\/\/charleroi-pourlapalestine.be\/#organization","name":"Plate-forme Charleroi-Palestine","url":"https:\/\/charleroi-pourlapalestine.be\/","logo":{"@type":"ImageObject","inLanguage":"fr-FR","@id":"https:\/\/charleroi-pourlapalestine.be\/#\/schema\/logo\/image\/","url":"https:\/\/charleroi-pourlapalestine.be\/wp-content\/uploads\/2020\/01\/logo-Copy.jpg","contentUrl":"https:\/\/charleroi-pourlapalestine.be\/wp-content\/uploads\/2020\/01\/logo-Copy.jpg","width":180,"height":180,"caption":"Plate-forme Charleroi-Palestine"},"image":{"@id":"https:\/\/charleroi-pourlapalestine.be\/#\/schema\/logo\/image\/"},"sameAs":["https:\/\/www.facebook.com\/PlateformeCharleroiPalestine\/","https:\/\/x.com\/LaCharleroi"]},{"@type":"Person","@id":"https:\/\/charleroi-pourlapalestine.be\/#\/schema\/person\/c19ff515112f1299d8c12671d8fe3faa","name":"admin1873","url":"https:\/\/charleroi-pourlapalestine.be\/index.php\/author\/admin1873\/"}]}},"_links":{"self":[{"href":"https:\/\/charleroi-pourlapalestine.be\/index.php\/wp-json\/wp\/v2\/posts\/80352","targetHints":{"allow":["GET"]}}],"collection":[{"href":"https:\/\/charleroi-pourlapalestine.be\/index.php\/wp-json\/wp\/v2\/posts"}],"about":[{"href":"https:\/\/charleroi-pourlapalestine.be\/index.php\/wp-json\/wp\/v2\/types\/post"}],"author":[{"embeddable":true,"href":"https:\/\/charleroi-pourlapalestine.be\/index.php\/wp-json\/wp\/v2\/users\/1"}],"replies":[{"embeddable":true,"href":"https:\/\/charleroi-pourlapalestine.be\/index.php\/wp-json\/wp\/v2\/comments?post=80352"}],"version-history":[{"count":0,"href":"https:\/\/charleroi-pourlapalestine.be\/index.php\/wp-json\/wp\/v2\/posts\/80352\/revisions"}],"wp:featuredmedia":[{"embeddable":true,"href":"https:\/\/charleroi-pourlapalestine.be\/index.php\/wp-json\/wp\/v2\/media\/46392"}],"wp:attachment":[{"href":"https:\/\/charleroi-pourlapalestine.be\/index.php\/wp-json\/wp\/v2\/media?parent=80352"}],"wp:term":[{"taxonomy":"category","embeddable":true,"href":"https:\/\/charleroi-pourlapalestine.be\/index.php\/wp-json\/wp\/v2\/categories?post=80352"},{"taxonomy":"post_tag","embeddable":true,"href":"https:\/\/charleroi-pourlapalestine.be\/index.php\/wp-json\/wp\/v2\/tags?post=80352"}],"curies":[{"name":"wp","href":"https:\/\/api.w.org\/{rel}","templated":true}]}}