{"id":80356,"date":"2025-01-10T10:09:18","date_gmt":"2025-01-10T09:09:18","guid":{"rendered":"https:\/\/charleroi-pourlapalestine.be\/?p=80356"},"modified":"2025-01-10T10:53:04","modified_gmt":"2025-01-10T09:53:04","slug":"christophe-oberlin-je-n-imaginais-pas","status":"publish","type":"post","link":"https:\/\/charleroi-pourlapalestine.be\/index.php\/2025\/01\/10\/christophe-oberlin-je-n-imaginais-pas\/","title":{"rendered":"Le Dr Christophe Oberlin : \u00ab\u00a0Je n\u2019imaginais pas&#8230;\u00a0\u00bb"},"content":{"rendered":"<p>Quand je me suis rendu \u00e0 Gaza pour la premi\u00e8re fois il y a 23 ans, je n\u2019imaginais pas avoir un jour \u00e0 demander, exiger la lib\u00e9ration d\u2019un coll\u00e8gue m\u00e9decin, emprisonn\u00e9 et tortur\u00e9 dans une prison militaire isra\u00e9lienne.<\/p>\n<p>&nbsp;<\/p>\n<p><img loading=\"lazy\" decoding=\"async\" class=\"aligncenter wp-image-80306 size-full\" src=\"https:\/\/charleroi-pourlapalestine.be\/wp-content\/uploads\/2025\/01\/we-called-the-world-for-urgen-help.png\" alt=\"Christophe Oberlin : Quand je me suis rendu \u00e0 Gaza pour la premi\u00e8re fois il y a 23 ans, je n\u2019imaginais pas avoir un jour \u00e0 demander, exiger la lib\u00e9ration d\u2019un coll\u00e8gue m\u00e9decin, emprisonn\u00e9 et tortur\u00e9 dans une prison militaire isra\u00e9lienne. Photo : Dr Hossam Abu Safiya\n\" width=\"615\" height=\"376\" srcset=\"https:\/\/charleroi-pourlapalestine.be\/wp-content\/uploads\/2025\/01\/we-called-the-world-for-urgen-help.png 615w, https:\/\/charleroi-pourlapalestine.be\/wp-content\/uploads\/2025\/01\/we-called-the-world-for-urgen-help-300x183.png 300w\" sizes=\"auto, (max-width: 615px) 100vw, 615px\" \/><\/p>\n<p>&nbsp;<\/p>\n<p><a href=\"https:\/\/charleroi-pourlapalestine.be\/index.php\/2022\/02\/18\/christophe-oberlin-chirurgien-au-service-du-peuple-palestinien\/\"><strong>Christophe Oberlin<\/strong><\/a>, 6 janvier 2025<\/p>\n<p>Qu\u2019on ne me dise pas que je force le trait, que j\u2019exag\u00e8re. Aujourd\u2019hui le<strong> Dr Hossam Abu Safiya<\/strong>, comme des milliers d\u2019autres prisonniers avant lui, est soumis \u00e0 la torture. Le d\u00e9cor nous a \u00e9t\u00e9 maintes fois d\u00e9crit par ceux et celles qui ont r\u00e9chapp\u00e9 \u00e0 l\u2019enfer. Affam\u00e9, pieds et mains entrav\u00e9s sur un lit, un sac puant sur la t\u00eate, interdiction de parler aux co tortur\u00e9s. Et puis les <em>\u00ab&nbsp;interrogatoires&nbsp;\u00bb<\/em> : la chaise, les mains et pieds attach\u00e9s en arri\u00e8re, les coups, les fractures. Affam\u00e9s, manque de sommeil, des dizaines de Palestiniens sont morts sous la torture au cours de l\u2019ann\u00e9e 2024.<\/p>\n<p>Je n\u2019imaginais pas que la torture se pratiquait au quotidien dans les sinistres prisons de la <strong>Moscobyy\u00e9<\/strong> de J\u00e9rusalem, <strong>Ofer, Teiman<\/strong>, du<strong> Neguev<\/strong> ;<\/p>\n<p>Je n\u2019imaginais pas que j\u2019aurais un jour sous les yeux une prescription de torture sign\u00e9e nominativement par un juge de la Cour supr\u00eame isra\u00e9lienne \u00e0 l\u2019encontre d\u2019un prisonnier palestinien ;<\/p>\n<p>Je n\u2019imaginais pas que mon coll\u00e8gue le chirurgien orthop\u00e9diste le <strong>Dr Adnan el Bursh<\/strong> p\u00e9rirait sous la torture dans la prison isra\u00e9lienne d\u2019Ofer ;<\/p>\n<p>Je n\u2019imaginais pas que l\u2019un de mes tous-premiers \u00e9l\u00e8ves chirurgien \u00e0 Gaza le <strong>Dr Samir Ez Jazi<\/strong>, couchant sa fille, serait tu\u00e9 par le tir d\u2019un colon isra\u00e9lien ;<\/p>\n<p>Je n\u2019imaginais pas&nbsp;que j\u2019apprendrais qu\u2019un autre de mes \u00e9l\u00e8ves, le <strong>Dr Mohamed Abu Malek<\/strong> avait \u00e9t\u00e9 tortur\u00e9 en pr\u00e9sence d\u2019un m\u00e9decin isra\u00e9lien charg\u00e9 d\u2019\u00e9viter qu\u2019il ne meure<\/p>\n<p>Je n\u2019imaginais pas&nbsp;que le <strong>Pr Omar Ferrouana<\/strong> doyen de la facult\u00e9 de m\u00e9decine, serait tu\u00e9 avec toute sa famille<\/p>\n<p>Je n\u2019imaginais pas que les femmes, les enfants, les filles les gendres de mes amis m\u00e9decins : <strong>Mahmoud, Mohamed, Abdelaziz, Basem<\/strong>, p\u00e9riraient sous les tirs ou les bombes isra\u00e9liennes ;<\/p>\n<p>Je n\u2019imaginais pas&nbsp;que mon ami le<strong> Dr Raed<\/strong> me confirait son fils gravement bless\u00e9 lors du bombardement d\u2019une \u00e9cole des Nations unies ;<\/p>\n<p>Je n\u2019imaginais pas op\u00e9rer avec comme anesth\u00e9siste un m\u00e9decin palestinien dont la femme avait \u00e9t\u00e9 tu\u00e9e la semaine pr\u00e9c\u00e9dente ;<\/p>\n<p>Je n\u2019imaginais pas que je verrai sur les corps les m\u00e9faits des armes interdites : obus \u00e0 sous munition dont l\u2019explosion \u00e0 rendu aveugle un enfant de huit ans, phosphore, uranium appauvri, obus \u00e0 fl\u00e9chettes, balles explosives dans les genoux ;<\/p>\n<p>Je n\u2019imaginais pas voir des \u00e9quipes de football d\u2019amput\u00e9s ;<\/p>\n<p>Je n\u2019imaginais pas que je verrais un camion-benne rempli \u00e0 ras bord de cadavres se frayer un passage, en plein jour, au milieu des enfants r\u00e9fugi\u00e9s \u00e0 <strong>l\u2019h\u00f4pital europ\u00e9en de Khan Younis<\/strong> ;<\/p>\n<p>Je n\u2019imaginais pas que nombres d\u2019h\u00f4pitaux o\u00f9 j\u2019ai exerc\u00e9 la chirurgie, <strong>Shifa, Nasser, al Qods, Croissant rouge, Dar es-Salaam<\/strong>, et bien d\u2019autres seraient d\u00e9truits et leur cour transform\u00e9e en charniers ;<\/p>\n<p>Je n\u2019imaginais pas que l\u2019attaque syst\u00e9matiques des h\u00f4pitaux de la bande de Gaza pourrait constituer le but de guerre de l\u2019une des arm\u00e9es occidentales les plus puissantes du monde, sans que nos ex\u00e9cutifs ne se donnent les moyens de l\u2019en emp\u00eacher ;<\/p>\n<p>Je n\u2019imaginais pas que notre ex\u00e9cutif resterait \u00e0 ce point inactif qu\u2019au cours de l\u2019ann\u00e9e 2024 : plus de mille soignants ont \u00e9t\u00e9 assassin\u00e9s \u00e0 Gaza. Un ex\u00e9cutif qui joue toujours d\u2019une carte honteuse : le chantage \u00e0 la reconnaissance d\u2019un \u00c9tat palestinien.<\/p>\n<p>Un ex\u00e9cutif qui vient de se r\u00e9jouir des<em> \u00ab&nbsp;succ\u00e8s&nbsp;\u00bb<\/em> de l\u2019ann\u00e9e 2024 : Notre Dame de Paris, des jeux olympiques qui ont \u00e9tal\u00e9 la<em> \u00ab&nbsp;beaut\u00e9&nbsp;\u00bb<\/em> du savoir-faire parisien. On oublia de mentionner une avanc\u00e9e majeure&nbsp;: la France vient de rafler \u00e0 la Russie la place de 2eme exportateur mondial d\u2019armements.<\/p>\n<p>Bonne ann\u00e9e \u00e0 vous, et que le diable les emporte.<\/p>\n<p>&nbsp;<\/p>\n<div class=\"video-container\"><iframe loading=\"lazy\" title=\"Le chirurgien fran\u00e7ais Christophe OBERLIN, sur Gaza. 6 janvier 2025\" width=\"500\" height=\"281\" src=\"https:\/\/www.youtube.com\/embed\/dCxm72YXUjM?feature=oembed&#038;wmode=opaque\" frameborder=\"0\" allow=\"accelerometer; autoplay; clipboard-write; encrypted-media; gyroscope; picture-in-picture; web-share\" referrerpolicy=\"strict-origin-when-cross-origin\" allowfullscreen><\/iframe><\/div>\n<p>&nbsp;<\/p>\n<p><strong>Christophe Oberlin<\/strong> \u00e9tait un des invit\u00e9s de la Plateforme Charleroi-Palestine lors des <strong><a href=\"https:\/\/charleroi-pourlapalestine.be\/index.php\/2024\/11\/12\/succes-de-foule-pour-les-12-h-pour-la-palestine-a-charleroi\/\">\u00ab\u00a012 h pour la Palestine\u00a0\u00bb<\/a><\/strong>, le 26 octobre 2024 \u00e0 Marchienne-au-Pont.<\/p>\n<p>&nbsp;<\/p>\n<p>&nbsp;<\/p>\n<p>&nbsp;<\/p>\n","protected":false},"excerpt":{"rendered":"<p>Quand je me suis rendu \u00e0 Gaza pour la premi\u00e8re fois il y a 23 ans, je n\u2019imaginais pas avoir un jour \u00e0 demander, exiger la lib\u00e9ration d\u2019un coll\u00e8gue m\u00e9decin, emprisonn\u00e9 et tortur\u00e9 dans une prison militaire isra\u00e9lienne.<\/p>\n","protected":false},"author":1,"featured_media":80306,"comment_status":"closed","ping_status":"closed","sticky":false,"template":"","format":"standard","meta":{"ngg_post_thumbnail":0,"footnotes":""},"categories":[6,344,924,13,494],"tags":[],"class_list":["post-80356","post","type-post","status-publish","format-standard","has-post-thumbnail","hentry","category-gaza","category-genocide","category-hopitaux","category-les-prisionners-palestiniens","category-torture"],"yoast_head":"<!-- This site is optimized with the Yoast SEO plugin v27.3 - https:\/\/yoast.com\/product\/yoast-seo-wordpress\/ -->\n<title>Le Dr Christophe Oberlin : &quot;Je n\u2019imaginais pas...&quot;<\/title>\n<meta name=\"description\" content=\"Je n\u2019imaginais pas avoir un jour \u00e0 exiger la lib\u00e9ration d\u2019un coll\u00e8gue m\u00e9decin, emprisonn\u00e9 et tortur\u00e9 dans une prison militaire isra\u00e9lienne.\" \/>\n<meta name=\"robots\" content=\"index, follow, max-snippet:-1, max-image-preview:large, max-video-preview:-1\" \/>\n<link rel=\"canonical\" href=\"https:\/\/charleroi-pourlapalestine.be\/index.php\/2025\/01\/10\/christophe-oberlin-je-n-imaginais-pas\/\" \/>\n<script type=\"application\/ld+json\" class=\"yoast-schema-graph\">{\"@context\":\"https:\\\/\\\/schema.org\",\"@graph\":[{\"@type\":\"Article\",\"@id\":\"https:\\\/\\\/charleroi-pourlapalestine.be\\\/index.php\\\/2025\\\/01\\\/10\\\/christophe-oberlin-je-n-imaginais-pas\\\/#article\",\"isPartOf\":{\"@id\":\"https:\\\/\\\/charleroi-pourlapalestine.be\\\/index.php\\\/2025\\\/01\\\/10\\\/christophe-oberlin-je-n-imaginais-pas\\\/\"},\"author\":{\"name\":\"admin1873\",\"@id\":\"https:\\\/\\\/charleroi-pourlapalestine.be\\\/#\\\/schema\\\/person\\\/c19ff515112f1299d8c12671d8fe3faa\"},\"headline\":\"Le Dr Christophe Oberlin : \u00ab\u00a0Je n\u2019imaginais pas&#8230;\u00a0\u00bb\",\"datePublished\":\"2025-01-10T09:09:18+00:00\",\"dateModified\":\"2025-01-10T09:53:04+00:00\",\"mainEntityOfPage\":{\"@id\":\"https:\\\/\\\/charleroi-pourlapalestine.be\\\/index.php\\\/2025\\\/01\\\/10\\\/christophe-oberlin-je-n-imaginais-pas\\\/\"},\"wordCount\":763,\"publisher\":{\"@id\":\"https:\\\/\\\/charleroi-pourlapalestine.be\\\/#organization\"},\"image\":{\"@id\":\"https:\\\/\\\/charleroi-pourlapalestine.be\\\/index.php\\\/2025\\\/01\\\/10\\\/christophe-oberlin-je-n-imaginais-pas\\\/#primaryimage\"},\"thumbnailUrl\":\"https:\\\/\\\/charleroi-pourlapalestine.be\\\/wp-content\\\/uploads\\\/2025\\\/01\\\/we-called-the-world-for-urgen-help.png\",\"articleSection\":[\"Gaza\",\"G\u00e9nocide\",\"H\u00f4pitaux\",\"Prisonniers\",\"Torture\"],\"inLanguage\":\"fr-FR\"},{\"@type\":\"WebPage\",\"@id\":\"https:\\\/\\\/charleroi-pourlapalestine.be\\\/index.php\\\/2025\\\/01\\\/10\\\/christophe-oberlin-je-n-imaginais-pas\\\/\",\"url\":\"https:\\\/\\\/charleroi-pourlapalestine.be\\\/index.php\\\/2025\\\/01\\\/10\\\/christophe-oberlin-je-n-imaginais-pas\\\/\",\"name\":\"Le Dr Christophe Oberlin : \\\"Je n\u2019imaginais pas...\\\"\",\"isPartOf\":{\"@id\":\"https:\\\/\\\/charleroi-pourlapalestine.be\\\/#website\"},\"primaryImageOfPage\":{\"@id\":\"https:\\\/\\\/charleroi-pourlapalestine.be\\\/index.php\\\/2025\\\/01\\\/10\\\/christophe-oberlin-je-n-imaginais-pas\\\/#primaryimage\"},\"image\":{\"@id\":\"https:\\\/\\\/charleroi-pourlapalestine.be\\\/index.php\\\/2025\\\/01\\\/10\\\/christophe-oberlin-je-n-imaginais-pas\\\/#primaryimage\"},\"thumbnailUrl\":\"https:\\\/\\\/charleroi-pourlapalestine.be\\\/wp-content\\\/uploads\\\/2025\\\/01\\\/we-called-the-world-for-urgen-help.png\",\"datePublished\":\"2025-01-10T09:09:18+00:00\",\"dateModified\":\"2025-01-10T09:53:04+00:00\",\"description\":\"Je n\u2019imaginais pas avoir un jour \u00e0 exiger la lib\u00e9ration d\u2019un coll\u00e8gue m\u00e9decin, emprisonn\u00e9 et tortur\u00e9 dans une prison militaire isra\u00e9lienne.\",\"breadcrumb\":{\"@id\":\"https:\\\/\\\/charleroi-pourlapalestine.be\\\/index.php\\\/2025\\\/01\\\/10\\\/christophe-oberlin-je-n-imaginais-pas\\\/#breadcrumb\"},\"inLanguage\":\"fr-FR\",\"potentialAction\":[{\"@type\":\"ReadAction\",\"target\":[\"https:\\\/\\\/charleroi-pourlapalestine.be\\\/index.php\\\/2025\\\/01\\\/10\\\/christophe-oberlin-je-n-imaginais-pas\\\/\"]}]},{\"@type\":\"ImageObject\",\"inLanguage\":\"fr-FR\",\"@id\":\"https:\\\/\\\/charleroi-pourlapalestine.be\\\/index.php\\\/2025\\\/01\\\/10\\\/christophe-oberlin-je-n-imaginais-pas\\\/#primaryimage\",\"url\":\"https:\\\/\\\/charleroi-pourlapalestine.be\\\/wp-content\\\/uploads\\\/2025\\\/01\\\/we-called-the-world-for-urgen-help.png\",\"contentUrl\":\"https:\\\/\\\/charleroi-pourlapalestine.be\\\/wp-content\\\/uploads\\\/2025\\\/01\\\/we-called-the-world-for-urgen-help.png\",\"width\":615,\"height\":376},{\"@type\":\"BreadcrumbList\",\"@id\":\"https:\\\/\\\/charleroi-pourlapalestine.be\\\/index.php\\\/2025\\\/01\\\/10\\\/christophe-oberlin-je-n-imaginais-pas\\\/#breadcrumb\",\"itemListElement\":[{\"@type\":\"ListItem\",\"position\":1,\"name\":\"Accueil\",\"item\":\"https:\\\/\\\/charleroi-pourlapalestine.be\\\/\"},{\"@type\":\"ListItem\",\"position\":2,\"name\":\"Le Dr Christophe Oberlin : \u00ab\u00a0Je n\u2019imaginais pas&#8230;\u00a0\u00bb\"}]},{\"@type\":\"WebSite\",\"@id\":\"https:\\\/\\\/charleroi-pourlapalestine.be\\\/#website\",\"url\":\"https:\\\/\\\/charleroi-pourlapalestine.be\\\/\",\"name\":\"Charleroi Pour la Palestine\",\"description\":\"\",\"publisher\":{\"@id\":\"https:\\\/\\\/charleroi-pourlapalestine.be\\\/#organization\"},\"potentialAction\":[{\"@type\":\"SearchAction\",\"target\":{\"@type\":\"EntryPoint\",\"urlTemplate\":\"https:\\\/\\\/charleroi-pourlapalestine.be\\\/?s={search_term_string}\"},\"query-input\":{\"@type\":\"PropertyValueSpecification\",\"valueRequired\":true,\"valueName\":\"search_term_string\"}}],\"inLanguage\":\"fr-FR\"},{\"@type\":\"Organization\",\"@id\":\"https:\\\/\\\/charleroi-pourlapalestine.be\\\/#organization\",\"name\":\"Plate-forme Charleroi-Palestine\",\"url\":\"https:\\\/\\\/charleroi-pourlapalestine.be\\\/\",\"logo\":{\"@type\":\"ImageObject\",\"inLanguage\":\"fr-FR\",\"@id\":\"https:\\\/\\\/charleroi-pourlapalestine.be\\\/#\\\/schema\\\/logo\\\/image\\\/\",\"url\":\"https:\\\/\\\/charleroi-pourlapalestine.be\\\/wp-content\\\/uploads\\\/2020\\\/01\\\/logo-Copy.jpg\",\"contentUrl\":\"https:\\\/\\\/charleroi-pourlapalestine.be\\\/wp-content\\\/uploads\\\/2020\\\/01\\\/logo-Copy.jpg\",\"width\":180,\"height\":180,\"caption\":\"Plate-forme Charleroi-Palestine\"},\"image\":{\"@id\":\"https:\\\/\\\/charleroi-pourlapalestine.be\\\/#\\\/schema\\\/logo\\\/image\\\/\"},\"sameAs\":[\"https:\\\/\\\/www.facebook.com\\\/PlateformeCharleroiPalestine\\\/\",\"https:\\\/\\\/x.com\\\/LaCharleroi\"]},{\"@type\":\"Person\",\"@id\":\"https:\\\/\\\/charleroi-pourlapalestine.be\\\/#\\\/schema\\\/person\\\/c19ff515112f1299d8c12671d8fe3faa\",\"name\":\"admin1873\",\"url\":\"https:\\\/\\\/charleroi-pourlapalestine.be\\\/index.php\\\/author\\\/admin1873\\\/\"}]}<\/script>\n<!-- \/ Yoast SEO plugin. -->","yoast_head_json":{"title":"Le Dr Christophe Oberlin : \"Je n\u2019imaginais pas...\"","description":"Je n\u2019imaginais pas avoir un jour \u00e0 exiger la lib\u00e9ration d\u2019un coll\u00e8gue m\u00e9decin, emprisonn\u00e9 et tortur\u00e9 dans une prison militaire isra\u00e9lienne.","robots":{"index":"index","follow":"follow","max-snippet":"max-snippet:-1","max-image-preview":"max-image-preview:large","max-video-preview":"max-video-preview:-1"},"canonical":"https:\/\/charleroi-pourlapalestine.be\/index.php\/2025\/01\/10\/christophe-oberlin-je-n-imaginais-pas\/","schema":{"@context":"https:\/\/schema.org","@graph":[{"@type":"Article","@id":"https:\/\/charleroi-pourlapalestine.be\/index.php\/2025\/01\/10\/christophe-oberlin-je-n-imaginais-pas\/#article","isPartOf":{"@id":"https:\/\/charleroi-pourlapalestine.be\/index.php\/2025\/01\/10\/christophe-oberlin-je-n-imaginais-pas\/"},"author":{"name":"admin1873","@id":"https:\/\/charleroi-pourlapalestine.be\/#\/schema\/person\/c19ff515112f1299d8c12671d8fe3faa"},"headline":"Le Dr Christophe Oberlin : \u00ab\u00a0Je n\u2019imaginais pas&#8230;\u00a0\u00bb","datePublished":"2025-01-10T09:09:18+00:00","dateModified":"2025-01-10T09:53:04+00:00","mainEntityOfPage":{"@id":"https:\/\/charleroi-pourlapalestine.be\/index.php\/2025\/01\/10\/christophe-oberlin-je-n-imaginais-pas\/"},"wordCount":763,"publisher":{"@id":"https:\/\/charleroi-pourlapalestine.be\/#organization"},"image":{"@id":"https:\/\/charleroi-pourlapalestine.be\/index.php\/2025\/01\/10\/christophe-oberlin-je-n-imaginais-pas\/#primaryimage"},"thumbnailUrl":"https:\/\/charleroi-pourlapalestine.be\/wp-content\/uploads\/2025\/01\/we-called-the-world-for-urgen-help.png","articleSection":["Gaza","G\u00e9nocide","H\u00f4pitaux","Prisonniers","Torture"],"inLanguage":"fr-FR"},{"@type":"WebPage","@id":"https:\/\/charleroi-pourlapalestine.be\/index.php\/2025\/01\/10\/christophe-oberlin-je-n-imaginais-pas\/","url":"https:\/\/charleroi-pourlapalestine.be\/index.php\/2025\/01\/10\/christophe-oberlin-je-n-imaginais-pas\/","name":"Le Dr Christophe Oberlin : \"Je n\u2019imaginais pas...\"","isPartOf":{"@id":"https:\/\/charleroi-pourlapalestine.be\/#website"},"primaryImageOfPage":{"@id":"https:\/\/charleroi-pourlapalestine.be\/index.php\/2025\/01\/10\/christophe-oberlin-je-n-imaginais-pas\/#primaryimage"},"image":{"@id":"https:\/\/charleroi-pourlapalestine.be\/index.php\/2025\/01\/10\/christophe-oberlin-je-n-imaginais-pas\/#primaryimage"},"thumbnailUrl":"https:\/\/charleroi-pourlapalestine.be\/wp-content\/uploads\/2025\/01\/we-called-the-world-for-urgen-help.png","datePublished":"2025-01-10T09:09:18+00:00","dateModified":"2025-01-10T09:53:04+00:00","description":"Je n\u2019imaginais pas avoir un jour \u00e0 exiger la lib\u00e9ration d\u2019un coll\u00e8gue m\u00e9decin, emprisonn\u00e9 et tortur\u00e9 dans une prison militaire isra\u00e9lienne.","breadcrumb":{"@id":"https:\/\/charleroi-pourlapalestine.be\/index.php\/2025\/01\/10\/christophe-oberlin-je-n-imaginais-pas\/#breadcrumb"},"inLanguage":"fr-FR","potentialAction":[{"@type":"ReadAction","target":["https:\/\/charleroi-pourlapalestine.be\/index.php\/2025\/01\/10\/christophe-oberlin-je-n-imaginais-pas\/"]}]},{"@type":"ImageObject","inLanguage":"fr-FR","@id":"https:\/\/charleroi-pourlapalestine.be\/index.php\/2025\/01\/10\/christophe-oberlin-je-n-imaginais-pas\/#primaryimage","url":"https:\/\/charleroi-pourlapalestine.be\/wp-content\/uploads\/2025\/01\/we-called-the-world-for-urgen-help.png","contentUrl":"https:\/\/charleroi-pourlapalestine.be\/wp-content\/uploads\/2025\/01\/we-called-the-world-for-urgen-help.png","width":615,"height":376},{"@type":"BreadcrumbList","@id":"https:\/\/charleroi-pourlapalestine.be\/index.php\/2025\/01\/10\/christophe-oberlin-je-n-imaginais-pas\/#breadcrumb","itemListElement":[{"@type":"ListItem","position":1,"name":"Accueil","item":"https:\/\/charleroi-pourlapalestine.be\/"},{"@type":"ListItem","position":2,"name":"Le Dr Christophe Oberlin : \u00ab\u00a0Je n\u2019imaginais pas&#8230;\u00a0\u00bb"}]},{"@type":"WebSite","@id":"https:\/\/charleroi-pourlapalestine.be\/#website","url":"https:\/\/charleroi-pourlapalestine.be\/","name":"Charleroi Pour la Palestine","description":"","publisher":{"@id":"https:\/\/charleroi-pourlapalestine.be\/#organization"},"potentialAction":[{"@type":"SearchAction","target":{"@type":"EntryPoint","urlTemplate":"https:\/\/charleroi-pourlapalestine.be\/?s={search_term_string}"},"query-input":{"@type":"PropertyValueSpecification","valueRequired":true,"valueName":"search_term_string"}}],"inLanguage":"fr-FR"},{"@type":"Organization","@id":"https:\/\/charleroi-pourlapalestine.be\/#organization","name":"Plate-forme Charleroi-Palestine","url":"https:\/\/charleroi-pourlapalestine.be\/","logo":{"@type":"ImageObject","inLanguage":"fr-FR","@id":"https:\/\/charleroi-pourlapalestine.be\/#\/schema\/logo\/image\/","url":"https:\/\/charleroi-pourlapalestine.be\/wp-content\/uploads\/2020\/01\/logo-Copy.jpg","contentUrl":"https:\/\/charleroi-pourlapalestine.be\/wp-content\/uploads\/2020\/01\/logo-Copy.jpg","width":180,"height":180,"caption":"Plate-forme Charleroi-Palestine"},"image":{"@id":"https:\/\/charleroi-pourlapalestine.be\/#\/schema\/logo\/image\/"},"sameAs":["https:\/\/www.facebook.com\/PlateformeCharleroiPalestine\/","https:\/\/x.com\/LaCharleroi"]},{"@type":"Person","@id":"https:\/\/charleroi-pourlapalestine.be\/#\/schema\/person\/c19ff515112f1299d8c12671d8fe3faa","name":"admin1873","url":"https:\/\/charleroi-pourlapalestine.be\/index.php\/author\/admin1873\/"}]}},"_links":{"self":[{"href":"https:\/\/charleroi-pourlapalestine.be\/index.php\/wp-json\/wp\/v2\/posts\/80356","targetHints":{"allow":["GET"]}}],"collection":[{"href":"https:\/\/charleroi-pourlapalestine.be\/index.php\/wp-json\/wp\/v2\/posts"}],"about":[{"href":"https:\/\/charleroi-pourlapalestine.be\/index.php\/wp-json\/wp\/v2\/types\/post"}],"author":[{"embeddable":true,"href":"https:\/\/charleroi-pourlapalestine.be\/index.php\/wp-json\/wp\/v2\/users\/1"}],"replies":[{"embeddable":true,"href":"https:\/\/charleroi-pourlapalestine.be\/index.php\/wp-json\/wp\/v2\/comments?post=80356"}],"version-history":[{"count":0,"href":"https:\/\/charleroi-pourlapalestine.be\/index.php\/wp-json\/wp\/v2\/posts\/80356\/revisions"}],"wp:featuredmedia":[{"embeddable":true,"href":"https:\/\/charleroi-pourlapalestine.be\/index.php\/wp-json\/wp\/v2\/media\/80306"}],"wp:attachment":[{"href":"https:\/\/charleroi-pourlapalestine.be\/index.php\/wp-json\/wp\/v2\/media?parent=80356"}],"wp:term":[{"taxonomy":"category","embeddable":true,"href":"https:\/\/charleroi-pourlapalestine.be\/index.php\/wp-json\/wp\/v2\/categories?post=80356"},{"taxonomy":"post_tag","embeddable":true,"href":"https:\/\/charleroi-pourlapalestine.be\/index.php\/wp-json\/wp\/v2\/tags?post=80356"}],"curies":[{"name":"wp","href":"https:\/\/api.w.org\/{rel}","templated":true}]}}