{"id":80387,"date":"2025-01-11T15:57:09","date_gmt":"2025-01-11T14:57:09","guid":{"rendered":"https:\/\/charleroi-pourlapalestine.be\/?p=80387"},"modified":"2025-01-13T10:23:37","modified_gmt":"2025-01-13T09:23:37","slug":"la-situation-a-gaza-est-apocalyptique-affirme-oxfam","status":"publish","type":"post","link":"https:\/\/charleroi-pourlapalestine.be\/index.php\/2025\/01\/11\/la-situation-a-gaza-est-apocalyptique-affirme-oxfam\/","title":{"rendered":"La situation \u00e0 Gaza est \u00ab apocalyptique \u00bb, affirme Oxfam"},"content":{"rendered":"\n<p><\/p>\n\n\n<p>Depuis le d\u00e9but de la nouvelle ann\u00e9e, Isra\u00ebl n&rsquo;a pas cess\u00e9 de poursuivre sa <a href=\"https:\/\/x.com\/philippa_bear\/status\/1874143867211071831\" target=\"_blank\" rel=\"noopener\">campagne syst\u00e9matique de destruction<\/a> de Gaza, surtout dans le nord.<\/p>\n<p>&nbsp;<\/p>\n<div id=\"attachment_80389\" style=\"width: 810px\" class=\"wp-caption aligncenter\"><img loading=\"lazy\" decoding=\"async\" aria-describedby=\"caption-attachment-80389\" class=\"wp-image-80389 size-full\" src=\"https:\/\/charleroi-pourlapalestine.be\/wp-content\/uploads\/2025\/01\/Deir-al-Balah.jpg\" alt=\"4 janvier 2025. Des fragments de plastique et de tissu, c'est tout ce qui reste des tentes des Palestiniens d\u00e9plac\u00e9s apr\u00e8s une attaque isra\u00e9lienne \u00e0 Deir al-Balah, dans le centre de la bande de Gaza.\" width=\"800\" height=\"533\" srcset=\"https:\/\/charleroi-pourlapalestine.be\/wp-content\/uploads\/2025\/01\/Deir-al-Balah.jpg 800w, https:\/\/charleroi-pourlapalestine.be\/wp-content\/uploads\/2025\/01\/Deir-al-Balah-300x200.jpg 300w, https:\/\/charleroi-pourlapalestine.be\/wp-content\/uploads\/2025\/01\/Deir-al-Balah-768x512.jpg 768w\" sizes=\"auto, (max-width: 800px) 100vw, 800px\" \/><p id=\"caption-attachment-80389\" class=\"wp-caption-text\"><strong>4 janvier 2025. Des fragments de plastique et de tissu, c&rsquo;est tout ce qui reste des tentes des Palestiniens d\u00e9plac\u00e9s apr\u00e8s une attaque isra\u00e9lienne \u00e0 Deir al-Balah, dans le centre de la bande de Gaza.<\/strong> (Photo : Omar Ashtawy \/ APA images)<\/p><\/div>\n<p>&nbsp;<\/p>\n<p><strong>Nora Barrows-Friedman,<\/strong> 10 janvier 2025<\/p>\n<p><em>Le texte qui suit provient de la synth\u00e8se de l&rsquo;actualit\u00e9 propos\u00e9e au cours du livestream de l&rsquo;Electronic Intifada du 9 janvier. Visionnez la totalit\u00e9 de l&rsquo;\u00e9pisode (en anglais)<strong><a href=\"https:\/\/www.youtube.com\/watch?v=z76bFnkpWiw\" target=\"_blank\" rel=\"noopener\"> ici.<\/a><\/strong><\/em><\/p>\n<p>Le minist\u00e8re palestinien de la sant\u00e9 \u00e0 Gaza a <a href=\"https:\/\/www.ochaopt.org\/content\/humanitarian-situation-update-253-gaza-strip\" target=\"_blank\" rel=\"noopener\">enregistr\u00e9 officiellement<\/a><strong> la mort de 395 Palestiniens ainsi que 936 bless\u00e9s rien qu&rsquo;entre le 30 d\u00e9cembre et le 8 janvier.<\/strong><\/p>\n<p>Le fonds de l&rsquo;ONU pour les enfants, l&rsquo;UNICEF, a <a href=\"https:\/\/www.unicef.org\/mena\/press-releases\/new-year-brings-little-new-hope-children-gaza-least-74-children-reportedly-killed\" target=\"_blank\" rel=\"noopener\">rapport\u00e9<\/a> qu&rsquo;<strong>au cours des sept premiers jours de la nouvelle ann\u00e9e, au moins 74 enfants ont \u00e9t\u00e9 tu\u00e9s<\/strong> lors des attaques isra\u00e9liennes.<\/p>\n<p>La directrice ex\u00e9cutive de l&rsquo;UNICEF, Catherine Russell, a d\u00e9clar\u00e9 :<\/p>\n<blockquote>\n<p>\u00ab Pour les enfants de Gaza, la nouvelle ann\u00e9e a apport\u00e9 plus de mort et de souffrance encore du fait des attaques, de la privation et de l&rsquo;exposition croissante au froid. \u00bb<\/p>\n<\/blockquote>\n<p>L&rsquo;agence a pr\u00e9venu que<\/p>\n<blockquote>\n<p>\u00ab le manque permanent d&rsquo;abris \u00e9l\u00e9mentaires \u2013 combin\u00e9 avec les temp\u00e9ratures hivernales \u2013 pose de graves menaces pour les enfants. Du fait que plus d&rsquo;un million d&rsquo;enfants vivent dans des tentes de fortune et que de nombreuses familles ont \u00e9t\u00e9 d\u00e9plac\u00e9es ces quinze derniers mois, les enfants courent des risques extr\u00eames \u00bb.<\/p>\n<\/blockquote>\n<p><strong>Depuis le 26 d\u00e9cembre<\/strong>, <strong>huit nouveau-n\u00e9s sont morts d&rsquo;hypothermie<\/strong>.<\/p>\n<p>Dans un <a href=\"https:\/\/electronicintifada.net\/content\/frozen-death\/50263\" target=\"_blank\" rel=\"noopener\">article<\/a> que nous avons publi\u00e9 le 4 janvier, notre contributrice Taghreed Ali \u00e9crit :<\/p>\n<blockquote>\n<p>\u00ab Les enfants, surtout ceux en bas \u00e2ge, supportent le poids de la souffrance, en hiver. Ils sont mal \u00e9quip\u00e9s contre le froid et g\u00e9n\u00e8rent moins de chaleur corporelle que les enfants plus \u00e2g\u00e9s ou que les adultes. \u00bb<\/p>\n<\/blockquote>\n<p>Ali Abunimah a interrog\u00e9 des parents en deuil ainsi que le Dr Ahmed al-Farra, le chef du d\u00e9partement de p\u00e9diatrie du Complexe m\u00e9dical Nasser.<\/p>\n<p>Le Dr Al-Farra a expliqu\u00e9 \u00e0 <em>The Electronic Intifada<\/em> que son d\u00e9partement recevait chaque jour plus de cinq cas d&rsquo;enfants souffrant d&rsquo;hypothermie.<\/p>\n<p>Dans notre dernier livestream, nous parlions de l&rsquo;enl\u00e8vement par Isra\u00ebl et de la disparition ensuite du <strong>Dr Hussam Abu Safiya<\/strong>, directeur de <strong>l&rsquo;h\u00f4pital Kamal Adwan<\/strong> \u00e0 <strong>Beit Lahiya<\/strong>, dans le nord de Gaza.<\/p>\n<p>L&rsquo;h\u00f4pital avait \u00e9t\u00e9 <a href=\"https:\/\/charleroi-pourlapalestine.be\/index.php\/2025\/01\/02\/israel-detruit-un-hopital-a-gaza-et-enleve-son-directeur-le-dr-hussam-abu-safiya\/\" target=\"_blank\" rel=\"noopener\">encercl\u00e9 et d\u00e9truit<\/a> par les forces isra\u00e9liennes le 27 d\u00e9cembre, apr\u00e8s plus de 80 jours d&rsquo;attaques incessantes du fait que les m\u00e9decins refusaient d&rsquo;abandonner leurs patients et leur personnel.<\/p>\n<p>On est toujours sans nouvelles du Dr Abu Safiya, bien que l&rsquo;organisation <em>Euro-Med Human Rights Monitor,<\/em> dont le si\u00e8ge est \u00e0 Gen\u00e8ve, ait d\u00e9clar\u00e9 qu&rsquo;elle avait re\u00e7u des informations disant que<\/p>\n<blockquote>\n<p>\u00ab sa sant\u00e9 s&rsquo;est d\u00e9t\u00e9rior\u00e9e en raison des tortures qu&rsquo;il a subies en cours de d\u00e9tention, surtout \u00e0 la base militaire de Sde Teiman, dans le sud d&rsquo;Isra\u00ebl. Euro-Med Monitor met en garde contre les risques graves qu&rsquo;il court, suite aux pr\u00e9c\u00e9dents cas de meurtres d\u00e9lib\u00e9r\u00e9s et de d\u00e9c\u00e8s sous la torture d&rsquo;autres m\u00e9decins et de membres du personnel m\u00e9dical arr\u00eat\u00e9s \u00e0 Gaza depuis octobre 2023 \u00bb.<\/p>\n<\/blockquote>\n<p>Les Isra\u00e9liens<\/p>\n<blockquote>\n<p>\u00ab ont par la suite transf\u00e9r\u00e9 le Dr Abu Safiya vers un centre d&rsquo;interrogatoire situ\u00e9 dans le quartier d&rsquo;al-Fakhura, au camp de r\u00e9fugi\u00e9s de Jabaliya. L\u00e0, on l&rsquo;a forc\u00e9 \u00e0 se d\u00e9pouiller de ses v\u00eatements et il a \u00e9t\u00e9 soumis \u00e0 des corrections s\u00e9v\u00e8res et, entre autres, fouett\u00e9 avec du gros c\u00e2ble qu&rsquo;on utilise habituellement l&rsquo;\u00e9quipement \u00e9lectrique de la voirie. Des soldats l&rsquo;ont d\u00e9lib\u00e9r\u00e9ment humili\u00e9 en face d&rsquo;autres d\u00e9tenus, dont quelques membres de son personnel m\u00e9dical. Plus tard, il a \u00e9t\u00e9 emmen\u00e9 dans un endroit non r\u00e9v\u00e9l\u00e9 avant d&rsquo;\u00eatre transf\u00e9r\u00e9 au camp militaire de Sde Teiman contr\u00f4l\u00e9 par l&rsquo;arm\u00e9e isra\u00e9lienne \u00bb.<\/p>\n<\/blockquote>\n<p>&nbsp;<\/p>\n<div id=\"attachment_80398\" style=\"width: 910px\" class=\"wp-caption aligncenter\"><img loading=\"lazy\" decoding=\"async\" aria-describedby=\"caption-attachment-80398\" class=\"wp-image-80398 size-full\" src=\"https:\/\/charleroi-pourlapalestine.be\/wp-content\/uploads\/2025\/01\/Dr.-Abu-Safiya.jpg\" alt=\"Dr Abu Safiya, directeur de l'h\u00f4pital Kamal Adwan \u00e0 Beit Lahiya, dans le nord de Gaza\" width=\"900\" height=\"611\" srcset=\"https:\/\/charleroi-pourlapalestine.be\/wp-content\/uploads\/2025\/01\/Dr.-Abu-Safiya.jpg 900w, https:\/\/charleroi-pourlapalestine.be\/wp-content\/uploads\/2025\/01\/Dr.-Abu-Safiya-300x204.jpg 300w, https:\/\/charleroi-pourlapalestine.be\/wp-content\/uploads\/2025\/01\/Dr.-Abu-Safiya-768x521.jpg 768w\" sizes=\"auto, (max-width: 900px) 100vw, 900px\" \/><p id=\"caption-attachment-80398\" class=\"wp-caption-text\"><strong>Dr Abu Safiya.<\/strong> Photo : Al Mezan Center for Human Rights<\/p><\/div>\n<p>&nbsp;<\/p>\n<p>Le 2 janvier, <em>Physicians for Human Rights \u2013 Israel<\/em> (M\u00e9decins pour les droits humains \u2013 Isra\u00ebl) a soumis une requ\u00eate au nom de la famille du Dr Abu Safiya afin d&rsquo;obtenir des informations sur sa situation et faciliter la visite d&rsquo;un avocat. Mais les Isra\u00e9liens ont pr\u00e9tendu qu&rsquo;ils ne disposaient d&rsquo;aucun renseignement sur sa d\u00e9tention.<\/p>\n<p><em>Euro-Med Monitor<\/em> a mis en garde contre la possibilit\u00e9 pour le Dr Abu Safiya de subir un sort similaire \u00e0 celui du <strong>Dr Adnan al-Bursh,<\/strong> responsable du d\u00e9partement d&rsquo;orthop\u00e9die de l&rsquo;h\u00f4pital al-Shifa \u00e0 Gaza m\u00eame. Le Dr Al-Bursh avait perdu la vie sous la torture \u00e0 la prison isra\u00e9lienne d&rsquo;<strong>Ofer<\/strong>, en Cisjordanie occup\u00e9e, en avril dernier.<\/p>\n<p>Un coll\u00e8gue du Dr Abu Safiya, le <strong>Dr Iyad al-Rantisi<\/strong>, qui \u00e9tait le responsable du d\u00e9partement d&rsquo;obst\u00e9trique de l&rsquo;h\u00f4pital Kamal Adwan, a lui aussi \u00e9t\u00e9 tu\u00e9 sous la torture dans un site g\u00e9r\u00e9 par le <strong>Shin Bet<\/strong>, l&rsquo;agence isra\u00e9lienne de renseignement, apr\u00e8s avoir \u00e9t\u00e9 arr\u00eat\u00e9 en novembre 2023.<em> Euro-Med<\/em> a ajout\u00e9 qu&rsquo;Isra\u00ebl avait cach\u00e9 son d\u00e9c\u00e8s pendant plus de sept mois.<\/p>\n<p>Dans le courant de cette semaine, <a href=\"https:\/\/x.com\/AliAbunimah\/status\/1876852597002244297?ref_src=twsrc%5Etfw%7Ctwcamp%5Etweetembed%7Ctwterm%5E1876852597002244297%7Ctwgr%5E352d2710a8556e2d5a709491ccb227b5fcda2ec5%7Ctwcon%5Es1_&amp;ref_url=https%3A%2F%2Felectronicintifada.net%2Fblogs%2Fnora-barrows-friedman%2Foxfam-director-conditions-gaza-apocalyptic\" target=\"_blank\" rel=\"noopener\">la m\u00e8re du Dr Hussam Abu Safiya est d\u00e9c\u00e9d\u00e9e d&rsquo;une crise cardiaque.<\/a><\/p>\n<p>Comme nous l&rsquo;avons d\u00e9j\u00e0 rapport\u00e9, son petit-fils Ibrahim, <a href=\"https:\/\/electronicintifada.net\/content\/injured-palestinian-doctor-remains-relentless\/50242\" target=\"_blank\" rel=\"noopener\">fils du Dr Hussam Abu Safiya,<\/a> avait \u00e9t\u00e9 tu\u00e9 en octobre dernier par une frappe de drone isra\u00e9lien.<\/p>\n<p>Le Dr Hussam Abu Safiya avait dirig\u00e9 les pri\u00e8res fun\u00e9raires pour Ibrahim avant de l&rsquo;enterrer dans le jardin de l&rsquo;h\u00f4pital. \u00c0 ce moment-l\u00e0, il avait accus\u00e9 l&rsquo;arm\u00e9e isra\u00e9lienne d&rsquo;avoir tu\u00e9 son fils en guise de punition pour avoir refus\u00e9 d&rsquo;abandonner l&rsquo;h\u00f4pital, son personnel et ses patients.<\/p>\n<p>Avec la d\u00e9cimation totale de <strong>l&rsquo;h\u00f4pital Kamal Adwan<\/strong> et de<strong> l&rsquo;h\u00f4pital indon\u00e9sien<\/strong>, et le refus des Isra\u00e9liens de laisser le moindre travailleur m\u00e9dical p\u00e9n\u00e9trer dans le nord de Gaza, il ne reste qu&rsquo;un seul h\u00f4pital en \u00e9tat de fonctionnement, et encore, tr\u00e8s partiel.<\/p>\n<p>L&rsquo;organisation humanitaire <em>Relief International<\/em> (Secours international) fait savoir que <strong>l&rsquo;h\u00f4pital Al-Awda<\/strong> \u00e0 <strong>Jabaliya<\/strong> est le dernier site m\u00e9dical dans le nord, et son existence ne tient plus qu&rsquo;\u00e0 un fil.<\/p>\n<p>Le 3 janvier, Al-Awda a re\u00e7u des ordres en vue d&rsquo;\u00e9vacuer tout le personnel et les patients de l&rsquo;h\u00f4pital, <strong><em>\u00ab sans quoi, le site serait bombard\u00e9, y compris toutes les personnes se trouvant \u00e0 l&rsquo;int\u00e9rieur \u00bb,<\/em><\/strong> a d\u00e9clar\u00e9 Relief International.<\/p>\n<p>L&rsquo;organisation a ajout\u00e9 que l&rsquo;h\u00f4pital avait \u00e9t\u00e9 cibl\u00e9, que<\/p>\n<blockquote>\n<p>\u00ab la r\u00e9serve de carburant et le dernier g\u00e9n\u00e9rateur en \u00e9tat de marche avaient \u00e9t\u00e9 d\u00e9truits, et que les tirs d&rsquo;obus se poursuivaient sur la zone environnante \u00bb.<\/p>\n<\/blockquote>\n<p>Soixante-trois membres du personnel et 34 patients sont rest\u00e9s \u00e0 l&rsquo;int\u00e9rieur, a expliqu\u00e9 Relief International.<\/p>\n<blockquote>\n<p>\u00ab Le site n&rsquo;a plus d&rsquo;\u00e9lectricit\u00e9 mais continue de recevoir des patients, de prodiguer les meilleurs soins possibles sans carburant et en pleine p\u00e9nurie de m\u00e9dicaments et de fournitures m\u00e9dicales. \u00bb<\/p>\n<\/blockquote>\n<p>&nbsp;<\/p>\n<h3>Plus une goutte de carburant<\/h3>\n<p>Mercredi, <strong>les Nations unies<\/strong> ont <a href=\"https:\/\/www.ochaopt.org\/content\/humanitarian-situation-update-253-gaza-strip\" target=\"_blank\" rel=\"noopener\">mis en garde<\/a> contre le fait que<\/p>\n<blockquote>\n<p>\u00ab l&rsquo;absence totale de carburant pour faire fonctionner les g\u00e9n\u00e9rateurs \u00e9lectriques des h\u00f4pitaux de Gaza soumettait la vie des patients [et entre autres des nouveau-n\u00e9s] \u00e0 un grave danger \u00bb.<\/p>\n<\/blockquote>\n<p>Ce m\u00eame mercredi, le<strong> Complexe m\u00e9dical Nasser<\/strong> \u00e0 <strong>Khan Younis<\/strong> a <a href=\"https:\/\/www.facebook.com\/story.php?story_fbid=1061119282479505&amp;id=100057443290195&amp;mibextid=wwXIfr&amp;rdid=uJceuqAz1rcVulSK#\" target=\"_blank\" rel=\"noopener\">annonc\u00e9<\/a> que tous les g\u00e9n\u00e9rateurs du site s&rsquo;\u00e9taient arr\u00eat\u00e9s et que seul un petit g\u00e9n\u00e9rateur fonctionnait encore pour l&rsquo;instant avec une quantit\u00e9 de carburant suffisant pour trois heures \u00e0 peine.<\/p>\n<p>Lors d&rsquo;une conf\u00e9rence de presse qui s&rsquo;est tenue elle aussi mercredi, le <strong>minist\u00e8re de la sant\u00e9 de Gaza<\/strong> a <a href=\"https:\/\/www.ochaopt.org\/content\/humanitarian-situation-update-253-gaza-strip\" target=\"_blank\" rel=\"noopener\">d\u00e9clar\u00e9<\/a> qu&rsquo;il n&rsquo;y avait pas de r\u00e9serve de carburant dans les h\u00f4pitaux en raison des restrictions impos\u00e9es \u00e0 l&rsquo;entr\u00e9e du carburant dans l&rsquo;enclave et aussi \u00e0 cause du pillage.<\/p>\n<p>Le minist\u00e8re a pr\u00e9venu que si on ne recevait pas de carburant suppl\u00e9mentaire, cette p\u00e9nurie allait causer une catastrophe qui affecterait le fonctionnement des g\u00e9n\u00e9rateurs d&rsquo;oxyg\u00e8ne, les r\u00e9frig\u00e9rateurs \u00e0 m\u00e9dicaments et les incubateurs.<\/p>\n<p>Le minist\u00e8re de la sant\u00e9 a<a href=\"https:\/\/x.com\/AbubakerAbedW\/status\/1877041872000135353?ref_src=twsrc%5Etfw%7Ctwcamp%5Etweetembed%7Ctwterm%5E1877041872000135353%7Ctwgr%5Ee644b8e7725bc25787b44abae5359d8a543c2edc%7Ctwcon%5Es1_&amp;ref_url=https%3A%2F%2Felectronicintifada.net%2Fblogs%2Fnora-barrows-friedman%2Foxfam-director-conditions-gaza-apocalyptic\" target=\"_blank\" rel=\"noopener\"> ajout\u00e9<\/a> qu&rsquo;un patient \u00e9tait mort mercredi suite au manque de carburant n\u00e9cessaire pour faire fonctionner les \u00e9quipements pour les dialyses r\u00e9nales. Quelques heures plus tard, le minist\u00e8re a fait savoir qu&rsquo;une petite quantit\u00e9 de carburant avait \u00e9t\u00e9 fournie, ce qui allait permettre de faire fonctionner les g\u00e9n\u00e9rateurs de l&rsquo;h\u00f4pital, mais pendant 24 heures tout au plus.<\/p>\n<p>Notre contributeur <strong>Abubaker Abed<\/strong> a<a href=\"https:\/\/electronicintifada.net\/content\/kidney-patients-face-excruciating-death-gaza\/50274\" target=\"_blank\" rel=\"noopener\"> \u00e9crit<\/a> sur la crise des maladies r\u00e9nales dans tout Gaza.<\/p>\n<p>Dans un article que nous avons publi\u00e9 le 8 janvier, Abubaker Abed a parl\u00e9 de plusieurs patients ainsi que d&rsquo;Abdel-Naser Abu Aisha, l&rsquo;infirmier en chef du d\u00e9partement de dialyse de l&rsquo;h\u00f4pital Al-Aqsa \u00e0 Deir al-Balah.<\/p>\n<p>&nbsp;<\/p>\n<h3>Isra\u00ebl assassine des travailleurs humanitaires et encourage les gangs<\/h3>\n<p>Isra\u00ebl ne s&rsquo;obstine pas seulement \u00e0 entraver l&rsquo;entr\u00e9e de l&rsquo;aide humanitaire, du carburant, des m\u00e9dicaments et des vivres, \u00e0 mesure que le massacre ethnique se poursuit dans le nord de Gaza, mais il continue \u00e9galement de <strong>d\u00e9truire toute aide et de <a href=\"https:\/\/x.com\/gazanotice\/status\/1875518897413115973?ref_src=twsrc%5Etfw%7Ctwcamp%5Etweetembed%7Ctwterm%5E1875518897413115973%7Ctwgr%5Eaa50216b109d80604e1104f6190e2a0809392898%7Ctwcon%5Es1_&amp;ref_url=https%3A%2F%2Felectronicintifada.net%2Fblogs%2Fnora-barrows-friedman%2Foxfam-director-conditions-gaza-apocalyptic\" target=\"_blank\" rel=\"noopener\">tuer le personnel<\/a> cens\u00e9 la d\u00e9livrer.<\/strong><\/p>\n<p>&nbsp;<\/p>\n<div id=\"attachment_80410\" style=\"width: 721px\" class=\"wp-caption aligncenter\"><img loading=\"lazy\" decoding=\"async\" aria-describedby=\"caption-attachment-80410\" class=\"wp-image-80410 size-full\" src=\"https:\/\/charleroi-pourlapalestine.be\/wp-content\/uploads\/2025\/01\/Destruction-dun-vehicule-.png\" alt=\"4 janvier 2025 : L'arm\u00e9e isra\u00e9lienne a tu\u00e9 9 membres du personnel de s\u00e9curit\u00e9 charg\u00e9 de l'aide humanitaire lors d'attaques cibl\u00e9es contre deux v\u00e9hicules : l'un dans la rue Salah Al-Din \u00e0 Khan Younis et l'autre pr\u00e8s du carrefour Abu Holi \u00e0 Deir Al-Balah, dans la bande de Gaza.\" width=\"711\" height=\"411\" srcset=\"https:\/\/charleroi-pourlapalestine.be\/wp-content\/uploads\/2025\/01\/Destruction-dun-vehicule-.png 711w, https:\/\/charleroi-pourlapalestine.be\/wp-content\/uploads\/2025\/01\/Destruction-dun-vehicule--300x173.png 300w\" sizes=\"auto, (max-width: 711px) 100vw, 711px\" \/><p id=\"caption-attachment-80410\" class=\"wp-caption-text\"><strong>4 janvier 2025 : L&rsquo;arm\u00e9e isra\u00e9lienne a tu\u00e9 9 membres du personnel de s\u00e9curit\u00e9 charg\u00e9 de l&rsquo;aide humanitaire lors d&rsquo;attaques cibl\u00e9es contre deux v\u00e9hicules : l&rsquo;un dans la rue Salah Al-Din \u00e0 Khan Younis et l&rsquo;autre pr\u00e8s du carrefour Abu Holi \u00e0 Deir Al-Balah <\/strong>(Photo : via Gaza Notifications sur X)<\/p><\/div>\n<p>&nbsp;<\/p>\n<p>Les forces isra\u00e9liennes encouragent \u00e9galement et soutiennent les actions de gangs arm\u00e9s se livrant au pillage et \u00e0 la destruction de tout ordre social.<\/p>\n<p>L&rsquo;organisation humanitaire<strong> Oxfam<\/strong> a <a href=\"https:\/\/www.oxfam.org\/en\/press-releases\/just-twelve-aid-trucks-food-and-water-north-gaza-governorate-25-months#:~:text=supplies%2C%20including%20anaesthetic.-,Sally%20Abi%2DKhalil%2C%20Oxfam's%20Middle%20East%20and%20North%20Africa%20Director,the%20biting%20cold%20of%20winter.\" target=\"_blank\" rel=\"noopener\">fait savoir<\/a> cette semaine que sur les 34 camions de vivres et d&rsquo;eau \u2013 34, pas un de plus \u2013<\/p>\n<blockquote>\n<p>\u00ab qui ont eu la permission d&rsquo;entrer dans le gouvernorat du nord de Gaza au cours des deux mois et demi \u00e9coul\u00e9s, 12 \u00e0 peine sont parvenus \u00e0 distribuer de l&rsquo;aide aux civils palestiniens affam\u00e9s, et ce, en raison des retards d\u00e9lib\u00e9r\u00e9s et des obstructions syst\u00e9matiques provoqu\u00e9s par l&rsquo;arm\u00e9e isra\u00e9lienne \u00bb.<\/p>\n<p>\u00ab \u00c0 propos de trois des douze camions d&rsquo;aide qui ont pu entrer \u00bb,<\/p>\n<\/blockquote>\n<p>a d\u00e9clar\u00e9 Oxfam,<\/p>\n<blockquote>\n<p>\u00ab une fois la nourriture et l&rsquo;eau livr\u00e9es \u00e0 l&rsquo;\u00e9cole o\u00f9 les gens s&rsquo;\u00e9taient r\u00e9fugi\u00e9s, l&rsquo;\u00e9cole a \u00e9t\u00e9 aussit\u00f4t \u00e9vacu\u00e9e et bombard\u00e9e au cours des heures qui ont suivi. \u00bb<\/p>\n<\/blockquote>\n<p><strong>Sally Abi Khalil<\/strong>, la directrice d&rsquo;Oxfam pour le Moyen-Orient et l&rsquo;Afrique du Nord, a d\u00e9clar\u00e9 :<\/p>\n<blockquote>\n<p>\u00ab La situation \u00e0 Gaza est apocalyptique et les gens sont pi\u00e9g\u00e9s, incapables de trouver la moindre s\u00e9curit\u00e9. Il y a le d\u00e9sespoir absolu de n&rsquo;avoir ni nourriture ni toit pour votre famille dans le froid mordant de l&rsquo;hiver. Il est vraiment r\u00e9pugnant, alors que le droit international est viol\u00e9 de fa\u00e7on si flagrante par Isra\u00ebl et que l&rsquo;affamement est utilis\u00e9 en permanente comme une arme de guerre, que les dirigeants mondiaux continuent de ne rien faire. \u00bb<\/p>\n<\/blockquote>\n<p>Le secr\u00e9taire g\u00e9n\u00e9ral adjoint des Nations unies aux affaires humanitaires et coordonnateur des secours d&rsquo;urgence Tom Fletcher a <a href=\"https:\/\/www.unocha.org\/news\/un-relief-chief-our-effort-save-lives-survivors-gaza-breaking-point\" target=\"_blank\" rel=\"noopener\">d\u00e9clar\u00e9<\/a> le 6 janvier que les efforts de l&rsquo;ONU en vue de sauver des vies avaient atteint un <em>\u00ab point de rupture \u00bb.<\/em><\/p>\n<p>Fletcher a dit :<\/p>\n<blockquote>\n<p>\u00ab Une frappe isra\u00e9lienne a gri\u00e8vement bless\u00e9 trois personnes \u00e0 un point de distribution de vivres o\u00f9 op\u00e9rait un partenaire du Programme alimentaire mondial. \u00c0 un check-point reliant le sud au nord, les soldats isra\u00e9liens ont tir\u00e9 plus de 16 balles sur un convoi portant bien en \u00e9vidence les marques de l&rsquo;ONU. \u00bb<\/p>\n<\/blockquote>\n<p>Des gangs palestiniens arm\u00e9s, a-t-il ajout\u00e9,<\/p>\n<blockquote>\n<p>\u00ab ont d\u00e9tourn\u00e9 six transporteurs de carburant qui \u00e9taient entr\u00e9s en empruntant le passage de Kerem Shalom, ce qui nous a laiss\u00e9s pratiquement sans carburant pour la poursuite des op\u00e9rations humanitaires. Ces incidents font partie d&rsquo;un dangereux sch\u00e9ma de sabotage et de perturbation d\u00e9lib\u00e9r\u00e9e \u00bb.<\/p>\n<\/blockquote>\n<p>Fletcher a ajout\u00e9 que le 3 janvier,<\/p>\n<blockquote>\n<p>\u00ab les forces isra\u00e9liennes avaient intensifi\u00e9 leurs attaques lors du d\u00e9placement d&rsquo;un convoi humanitaire de 74 camions. Une frappe de drone avait touch\u00e9 un v\u00e9hicule de la communaut\u00e9 locale qui prot\u00e9geait une partie du convoi. Et, il y a quelques jours \u00e0 peine, une mission de l&rsquo;ONU sortie de Jabaliya s&rsquo;est heurt\u00e9e \u00e0 des soldats isra\u00e9liens hostiles qui ont menac\u00e9 des patients gravement malades et en ont m\u00eame arr\u00eat\u00e9 quatre \u00bb.<\/p>\n<p>\u00ab Il n&rsquo;y a pas d&rsquo;ordre civil significatif \u00bb,<\/p>\n<\/blockquote>\n<p>a d\u00e9clar\u00e9 Fletcher.<\/p>\n<blockquote>\n<p>\u00ab Les forces isra\u00e9liennes sont incapables ou tr\u00e8s peu d\u00e9sireuses d&rsquo;assurer la s\u00e9curit\u00e9 de nos convois. Des d\u00e9clarations des autorit\u00e9s isra\u00e9liennes diffament nos travailleurs humanitaires m\u00eame si l&rsquo;arm\u00e9e les attaque. Les volontaires de la communaut\u00e9 qui accompagnent nos convois sont cibl\u00e9s. Il existe une perception, d\u00e9sormais, de ce qu&rsquo;il est dangereux de prot\u00e9ger les convois humanitaires mais, par contre, nettement plus s\u00e9curisant de les piller. \u00bb<\/p>\n<\/blockquote>\n<p><em>Euro-Med Human Rights Monitor<\/em> a <a href=\"https:\/\/euromedmonitor.org\/en\/article\/6589\/Public-order-in-Gaza-undermined-by-Israel;-Euro-Med-Monitor-denounces-actions-of-masked-gangs\" target=\"_blank\" rel=\"noopener\">rapport\u00e9<\/a> cette semaine que le soutien isra\u00e9lien aux gangs organis\u00e9s afin de voler l&rsquo;aide humanitaire \u00e9tait une tentative calcul\u00e9e en vue de<\/p>\n<blockquote>\n<p>\u00ab semer le chaos et l&rsquo;ins\u00e9curit\u00e9 dans le cadre de sa guerre g\u00e9nocidaire et de cr\u00e9er des conditions d\u00e9sastreuses qui se traduiront par la destruction des Palestiniens de la bande dans leur ensemble \u00bb.<\/p>\n<\/blockquote>\n<p>Le bureau gouvernemental des m\u00e9dias de Gaza a <a href=\"https:\/\/t.me\/mediagovps\/3399\" target=\"_blank\" rel=\"noopener\">d\u00e9clar\u00e9<\/a> le 2 janvier que l&rsquo;arm\u00e9e isra\u00e9lienne avait assassin\u00e9 <strong>Mahmoud Salah<\/strong>, le directeur g\u00e9n\u00e9ral de la police palestinienne dans la bande de Gaza, ainsi que son adjoint <strong>Hussam Shahwan<\/strong>.<\/p>\n<p>Les meurtres ont \u00e9t\u00e9<\/p>\n<blockquote>\n<p>\u00ab une l\u00e2che op\u00e9ration d&rsquo;assassinat qui les a cibl\u00e9s alors qu&rsquo;ils accomplissaient leur devoir national et humanitaire dans la zone d&rsquo;al-Mawasi dans le gouvernorat de Khan Younis, dans le sud de Gaza, dont l&rsquo;occupation pr\u00e9tend qu&rsquo;il s&rsquo;agit d&rsquo;une &lsquo;zone humanitaire s\u00fbre&rsquo; et cela se traduit par plus de morts et de bless\u00e9s encore \u00bb,<\/p>\n<\/blockquote>\n<p>a d\u00e9clar\u00e9 le bureau des m\u00e9dias.<\/p>\n<blockquote>\n<p>\u00ab Cette escalade fait partie d&rsquo;un plan manifeste via lequel l&rsquo;occupation isra\u00e9lienne cherche \u00e0 cr\u00e9er un vide administratif et gouvernemental et \u00e0 semer le chaos et la pagaille s\u00e9curitaire dans la bande de Gaza, dans une tentative en vue de saper la d\u00e9termination de notre peuple et de le d\u00e9stabiliser \u00bb,<\/p>\n<\/blockquote>\n<p>a mis en garde le bureau des m\u00e9dias.<\/p>\n<blockquote>\n<p>\u00ab L&rsquo;horrible augmentation du nombre de martyrs parmi les travailleurs humanitaires (736 morts, d\u00e9sormais), montre bien l&rsquo;ampleur des crimes commis par l&rsquo;occupation, qui cible toute personne fournissant de l&rsquo;aide et portant secours \u00e0 notre peuple palestinien afflig\u00e9. \u00bb<\/p>\n<\/blockquote>\n<p>&nbsp;<\/p>\n<h3>De nouveaux journalistes tu\u00e9s<\/h3>\n<p>Isra\u00ebl a tu\u00e9 deux journalistes \u00e0 Gaza depuis le d\u00e9but de la nouvelle ann\u00e9e.<\/p>\n<p>Le 2 janvier, une frappe de drone isra\u00e9lien \u00e0 <a href=\"https:\/\/x.com\/gazanotice\/status\/1874846784461385758?ref_src=twsrc%5Etfw%7Ctwcamp%5Etweetembed%7Ctwterm%5E1874846784461385758%7Ctwgr%5Eaa50216b109d80604e1104f6190e2a0809392898%7Ctwcon%5Es1_&amp;ref_url=https%3A%2F%2Felectronicintifada.net%2Fblogs%2Fnora-barrows-friedman%2Foxfam-director-conditions-gaza-apocalyptic\" target=\"_blank\" rel=\"noopener\">tu\u00e9<\/a> <strong>Hassan al-Qishaoui.<\/strong><\/p>\n<p>&nbsp;<\/p>\n<div id=\"attachment_80417\" style=\"width: 732px\" class=\"wp-caption aligncenter\"><img loading=\"lazy\" decoding=\"async\" aria-describedby=\"caption-attachment-80417\" class=\"wp-image-80417 size-full\" src=\"https:\/\/charleroi-pourlapalestine.be\/wp-content\/uploads\/2025\/01\/Hassan-al-Quishawi.png\" alt=\"Hassan al-Qishaoui. Un journaliste tu\u00e9 par Isra\u00ebl le 2 janvier 2025.\" width=\"722\" height=\"616\" srcset=\"https:\/\/charleroi-pourlapalestine.be\/wp-content\/uploads\/2025\/01\/Hassan-al-Quishawi.png 722w, https:\/\/charleroi-pourlapalestine.be\/wp-content\/uploads\/2025\/01\/Hassan-al-Quishawi-300x256.png 300w\" sizes=\"auto, (max-width: 722px) 100vw, 722px\" \/><p id=\"caption-attachment-80417\" class=\"wp-caption-text\"><strong>Hassan al-Qishaoui.<\/strong> Photo : via Gaza Notifications sur X<\/p><\/div>\n<p>Le 3 janvier, <strong>Omar Salah al-Diraoui,<\/strong> un <a href=\"https:\/\/x.com\/TheCradleMedia\/status\/1875115255707390282?ref_src=twsrc%5Etfw%7Ctwcamp%5Etweetembed%7Ctwterm%5E1875115255707390282%7Ctwgr%5Eaa50216b109d80604e1104f6190e2a0809392898%7Ctwcon%5Es1_&amp;ref_url=https%3A%2F%2Felectronicintifada.net%2Fblogs%2Fnora-barrows-friedman%2Foxfam-director-conditions-gaza-apocalyptic\" target=\"_blank\" rel=\"noopener\">photojournaliste<\/a> qui travaillait pour un certain nombre d&rsquo;agences d&rsquo;information, a \u00e9t\u00e9 tu\u00e9 lors du bombardement par Isra\u00ebl de sa maison dans la zone d&rsquo;al-Zuwaida, dans le centre de la bande de Gaza, a fait savoir le bureau gouvernemental des m\u00e9dias de Gaza.<\/p>\n<p>&nbsp;<\/p>\n<div id=\"attachment_80418\" style=\"width: 653px\" class=\"wp-caption alignnone\"><img loading=\"lazy\" decoding=\"async\" aria-describedby=\"caption-attachment-80418\" class=\"wp-image-80418 size-full\" src=\"https:\/\/charleroi-pourlapalestine.be\/wp-content\/uploads\/2025\/01\/Un-journaliste-tue-par-Israel-le-3-janvier-2025.png\" alt=\"Omar Salah al-Dira, photojournaliste a \u00e9t\u00e9 tu\u00e9 lors du bombardement par Isra\u00ebl de sa maison dans la zone d'al-Zuwaida\" width=\"643\" height=\"667\" srcset=\"https:\/\/charleroi-pourlapalestine.be\/wp-content\/uploads\/2025\/01\/Un-journaliste-tue-par-Israel-le-3-janvier-2025.png 643w, https:\/\/charleroi-pourlapalestine.be\/wp-content\/uploads\/2025\/01\/Un-journaliste-tue-par-Israel-le-3-janvier-2025-289x300.png 289w\" sizes=\"auto, (max-width: 643px) 100vw, 643px\" \/><p id=\"caption-attachment-80418\" class=\"wp-caption-text\">Omar Salah al-Diraoui. Photo via The Cradlle sur X.<\/p><\/div>\n<p>&nbsp;<\/p>\n<p>Le bureau des m\u00e9dias explique que <strong>ces morts portent \u00e0 202 le nombre de journalistes et de travailleurs des m\u00e9dias tu\u00e9s<\/strong> par Isra\u00ebl depuis octobre 2023.<\/p>\n<p>Lors d&rsquo;une conf\u00e9rence de presse, notre contributeur <strong>Abubaker Abed<\/strong> a fait \u00e9tat <a href=\"https:\/\/x.com\/AbubakerAbedW\/status\/1877305118414033001?ref_src=twsrc%5Etfw%7Ctwcamp%5Etweetembed%7Ctwterm%5E1877305118414033001%7Ctwgr%5Ef8b1819be87cf65c6fae9e9bfc01e096bdfebb60%7Ctwcon%5Es1_&amp;ref_url=https%3A%2F%2Felectronicintifada.net%2Fblogs%2Fnora-barrows-friedman%2Foxfam-director-conditions-gaza-apocalyptic\" target=\"_blank\" rel=\"noopener\">des attaques incessantes contre les journalistes et du silence permanent et obstin\u00e9 des m\u00e9dias occidentaux.<\/a><\/p>\n<p>&nbsp;<\/p>\n<div id=\"attachment_80420\" style=\"width: 748px\" class=\"wp-caption aligncenter\"><img loading=\"lazy\" decoding=\"async\" aria-describedby=\"caption-attachment-80420\" class=\"wp-image-80420 size-full\" src=\"https:\/\/charleroi-pourlapalestine.be\/wp-content\/uploads\/2025\/01\/Pas-de-soutien-des-medias-occidentaux-aux-journalistes-palestiniens.png\" alt=\"Abubaker Abed a fait \u00e9tat des attaques incessantes contre les journalistes \u00e0 Gaza et du silence permanent et obstin\u00e9 des m\u00e9dias occidentaux.\" width=\"738\" height=\"372\" srcset=\"https:\/\/charleroi-pourlapalestine.be\/wp-content\/uploads\/2025\/01\/Pas-de-soutien-des-medias-occidentaux-aux-journalistes-palestiniens.png 738w, https:\/\/charleroi-pourlapalestine.be\/wp-content\/uploads\/2025\/01\/Pas-de-soutien-des-medias-occidentaux-aux-journalistes-palestiniens-300x151.png 300w\" sizes=\"auto, (max-width: 738px) 100vw, 738px\" \/><p id=\"caption-attachment-80420\" class=\"wp-caption-text\">Photo : via Abubaker Abed sur X<\/p><\/div>\n<p>Mise en \u00e9vidence de la r\u00e9silience<\/p>\n<p>Finalement, comme c&rsquo;est devenu l&rsquo;habitude, nous avons voulu partager des images de personnes qui expriment leur d\u00e9fi et leur r\u00e9silience face \u00e0 la campagne de destruction isra\u00e9lienne.<\/p>\n<p>L&rsquo;utilisatrice de Twitter\/X <a href=\"https:\/\/x.com\/NourGaza\/status\/1875480068094619883?ref_src=twsrc%5Etfw%7Ctwcamp%5Etweetembed%7Ctwterm%5E1875480068094619883%7Ctwgr%5Ef8b1819be87cf65c6fae9e9bfc01e096bdfebb60%7Ctwcon%5Es1_&amp;ref_url=https%3A%2F%2Felectronicintifada.net%2Fblogs%2Fnora-barrows-friedman%2Foxfam-director-conditions-gaza-apocalyptic\" target=\"_blank\" rel=\"noopener\">@NourGaza<\/a> a publi\u00e9 ces photos d&rsquo;oiseaux pos\u00e9s sur le toit de sa tente, apr\u00e8s une averse de pluie.<\/p>\n<p><img loading=\"lazy\" decoding=\"async\" class=\"alignnone wp-image-80424 size-full\" src=\"https:\/\/charleroi-pourlapalestine.be\/wp-content\/uploads\/2025\/01\/Des-oiseaux-sur-la-tente.png\" alt=\"\" width=\"642\" height=\"371\" srcset=\"https:\/\/charleroi-pourlapalestine.be\/wp-content\/uploads\/2025\/01\/Des-oiseaux-sur-la-tente.png 642w, https:\/\/charleroi-pourlapalestine.be\/wp-content\/uploads\/2025\/01\/Des-oiseaux-sur-la-tente-300x173.png 300w\" sizes=\"auto, (max-width: 642px) 100vw, 642px\" \/><\/p>\n<p>Elle explique :<\/p>\n<blockquote>\n<p>\u00ab Je n&rsquo;ai pas voulu faire tomber toute l&rsquo;eau de pluie du toit de la tente, afin de laisser boire les oiseaux. \u00bb<\/p>\n<\/blockquote>\n<p><strong>Ali Jumaa,<\/strong> du nord de Gaza, a post\u00e9 cette<a href=\"https:\/\/x.com\/translatingpal\/status\/1875918632213188912?ref_src=twsrc%5Etfw%7Ctwcamp%5Etweetembed%7Ctwterm%5E1875918632213188912%7Ctwgr%5Ef8b1819be87cf65c6fae9e9bfc01e096bdfebb60%7Ctwcon%5Es1_&amp;ref_url=https%3A%2F%2Felectronicintifada.net%2Fblogs%2Fnora-barrows-friedman%2Foxfam-director-conditions-gaza-apocalyptic\" target=\"_blank\" rel=\"noopener\"> vid\u00e9o<\/a> de lui-m\u00eame, de son ami et de ses enfants en train de jouer pendant une averse de gr\u00eale :<\/p>\n<p><img loading=\"lazy\" decoding=\"async\" class=\"aligncenter wp-image-80426 size-full\" src=\"https:\/\/charleroi-pourlapalestine.be\/wp-content\/uploads\/2025\/01\/La-grele-tombe-sur-Gaza-e1736606607244.png\" alt=\"\" width=\"364\" height=\"430\" srcset=\"https:\/\/charleroi-pourlapalestine.be\/wp-content\/uploads\/2025\/01\/La-grele-tombe-sur-Gaza-e1736606607244.png 364w, https:\/\/charleroi-pourlapalestine.be\/wp-content\/uploads\/2025\/01\/La-grele-tombe-sur-Gaza-e1736606607244-254x300.png 254w\" sizes=\"auto, (max-width: 364px) 100vw, 364px\" \/><\/p>\n<p>&nbsp;<\/p>\n<p>Et le journaliste <strong>Anas al-Sharif,<\/strong> qui est<strong> l&rsquo;un des derniers journalistes rest\u00e9s dans le nord de Gaza<\/strong> et qui a \u00e9t\u00e9 s\u00e9par\u00e9 de sa famille \u00e0 cause de son travail, a<a href=\"https:\/\/x.com\/QudsNen\/status\/1875917287276044782?ref_src=twsrc%5Etfw%7Ctwcamp%5Etweetembed%7Ctwterm%5E1875917287276044782%7Ctwgr%5Ef8b1819be87cf65c6fae9e9bfc01e096bdfebb60%7Ctwcon%5Es1_&amp;ref_url=https%3A%2F%2Felectronicintifada.net%2Fblogs%2Fnora-barrows-friedman%2Foxfam-director-conditions-gaza-apocalyptic\" target=\"_blank\" rel=\"noopener\"> pu retrouver son b\u00e9b\u00e9 Salah<\/a> cette semaine.<\/p>\n<p>&nbsp;<\/p>\n<div id=\"attachment_80428\" style=\"width: 536px\" class=\"wp-caption alignnone\"><img loading=\"lazy\" decoding=\"async\" aria-describedby=\"caption-attachment-80428\" class=\"wp-image-80428 size-full\" src=\"https:\/\/charleroi-pourlapalestine.be\/wp-content\/uploads\/2025\/01\/Retrouvailles.png\" alt=\"\" width=\"526\" height=\"470\" srcset=\"https:\/\/charleroi-pourlapalestine.be\/wp-content\/uploads\/2025\/01\/Retrouvailles.png 526w, https:\/\/charleroi-pourlapalestine.be\/wp-content\/uploads\/2025\/01\/Retrouvailles-300x268.png 300w\" sizes=\"auto, (max-width: 526px) 100vw, 526px\" \/><p id=\"caption-attachment-80428\" class=\"wp-caption-text\">Photo : via Quds News Network sur X<\/p><\/div>\n<p>&nbsp;<\/p>\n<p style=\"text-align: center;\">*****<\/p>\n<p>Publi\u00e9 le 10 janvier 2025 sur <a href=\"https:\/\/electronicintifada.net\/blogs\/nora-barrows-friedman\/oxfam-director-conditions-gaza-apocalyptic\" target=\"_blank\" rel=\"noopener\">The Electronic Intifada<\/a><br>Traduction : Jean-Marie Fl\u00e9mal,<a href=\"https:\/\/charleroi-pourlapalestine.be\/\"> Charleroi pour la Palestine<\/a><\/p>\n\n\n<p><\/p>\n","protected":false},"excerpt":{"rendered":"<p>Depuis le d\u00e9but de la nouvelle ann\u00e9e, Isra\u00ebl n&rsquo;a pas cess\u00e9 de poursuivre sa campagne syst\u00e9matique de destruction de Gaza, surtout dans le nord.<\/p>\n","protected":false},"author":1,"featured_media":80389,"comment_status":"closed","ping_status":"closed","sticky":false,"template":"","format":"standard","meta":{"ngg_post_thumbnail":0,"footnotes":""},"categories":[989,1006,6,344,924,939,778,13,494,1005],"tags":[],"class_list":["post-80387","post","type-post","status-publish","format-standard","has-post-thumbnail","hentry","category-affamement","category-destructions","category-gaza","category-genocide","category-hopitaux","category-journalistes-palestiniens","category-massacres","category-les-prisionners-palestiniens","category-torture","category-travailleurs-humanitaires"],"yoast_head":"<!-- This site is optimized with the Yoast SEO plugin v27.3 - https:\/\/yoast.com\/product\/yoast-seo-wordpress\/ -->\n<title>La situation \u00e0 Gaza est \u00ab apocalyptique \u00bb, affirme Oxfam<\/title>\n<meta name=\"description\" content=\"Le minist\u00e8re palestinien de la sant\u00e9 \u00e0 Gaza a enregistr\u00e9 la mort de 395 Palestiniens rien qu&#039;entre le 30 d\u00e9cembre et le 8 janvier.\" \/>\n<meta name=\"robots\" content=\"index, follow, max-snippet:-1, max-image-preview:large, max-video-preview:-1\" \/>\n<link rel=\"canonical\" href=\"https:\/\/charleroi-pourlapalestine.be\/index.php\/2025\/01\/11\/la-situation-a-gaza-est-apocalyptique-affirme-oxfam\/\" \/>\n<script type=\"application\/ld+json\" class=\"yoast-schema-graph\">{\"@context\":\"https:\\\/\\\/schema.org\",\"@graph\":[{\"@type\":\"Article\",\"@id\":\"https:\\\/\\\/charleroi-pourlapalestine.be\\\/index.php\\\/2025\\\/01\\\/11\\\/la-situation-a-gaza-est-apocalyptique-affirme-oxfam\\\/#article\",\"isPartOf\":{\"@id\":\"https:\\\/\\\/charleroi-pourlapalestine.be\\\/index.php\\\/2025\\\/01\\\/11\\\/la-situation-a-gaza-est-apocalyptique-affirme-oxfam\\\/\"},\"author\":{\"name\":\"admin1873\",\"@id\":\"https:\\\/\\\/charleroi-pourlapalestine.be\\\/#\\\/schema\\\/person\\\/c19ff515112f1299d8c12671d8fe3faa\"},\"headline\":\"La situation \u00e0 Gaza est \u00ab apocalyptique \u00bb, affirme Oxfam\",\"datePublished\":\"2025-01-11T14:57:09+00:00\",\"dateModified\":\"2025-01-13T09:23:37+00:00\",\"mainEntityOfPage\":{\"@id\":\"https:\\\/\\\/charleroi-pourlapalestine.be\\\/index.php\\\/2025\\\/01\\\/11\\\/la-situation-a-gaza-est-apocalyptique-affirme-oxfam\\\/\"},\"wordCount\":3008,\"publisher\":{\"@id\":\"https:\\\/\\\/charleroi-pourlapalestine.be\\\/#organization\"},\"image\":{\"@id\":\"https:\\\/\\\/charleroi-pourlapalestine.be\\\/index.php\\\/2025\\\/01\\\/11\\\/la-situation-a-gaza-est-apocalyptique-affirme-oxfam\\\/#primaryimage\"},\"thumbnailUrl\":\"https:\\\/\\\/charleroi-pourlapalestine.be\\\/wp-content\\\/uploads\\\/2025\\\/01\\\/Deir-al-Balah.jpg\",\"articleSection\":[\"Affamement\",\"Destructions\",\"Gaza\",\"G\u00e9nocide\",\"H\u00f4pitaux\",\"Journalistes palestiniens\",\"Massacres\",\"Prisonniers\",\"Torture\",\"Travailleurs humanitaires\"],\"inLanguage\":\"fr-FR\"},{\"@type\":\"WebPage\",\"@id\":\"https:\\\/\\\/charleroi-pourlapalestine.be\\\/index.php\\\/2025\\\/01\\\/11\\\/la-situation-a-gaza-est-apocalyptique-affirme-oxfam\\\/\",\"url\":\"https:\\\/\\\/charleroi-pourlapalestine.be\\\/index.php\\\/2025\\\/01\\\/11\\\/la-situation-a-gaza-est-apocalyptique-affirme-oxfam\\\/\",\"name\":\"La situation \u00e0 Gaza est \u00ab apocalyptique \u00bb, affirme Oxfam\",\"isPartOf\":{\"@id\":\"https:\\\/\\\/charleroi-pourlapalestine.be\\\/#website\"},\"primaryImageOfPage\":{\"@id\":\"https:\\\/\\\/charleroi-pourlapalestine.be\\\/index.php\\\/2025\\\/01\\\/11\\\/la-situation-a-gaza-est-apocalyptique-affirme-oxfam\\\/#primaryimage\"},\"image\":{\"@id\":\"https:\\\/\\\/charleroi-pourlapalestine.be\\\/index.php\\\/2025\\\/01\\\/11\\\/la-situation-a-gaza-est-apocalyptique-affirme-oxfam\\\/#primaryimage\"},\"thumbnailUrl\":\"https:\\\/\\\/charleroi-pourlapalestine.be\\\/wp-content\\\/uploads\\\/2025\\\/01\\\/Deir-al-Balah.jpg\",\"datePublished\":\"2025-01-11T14:57:09+00:00\",\"dateModified\":\"2025-01-13T09:23:37+00:00\",\"description\":\"Le minist\u00e8re palestinien de la sant\u00e9 \u00e0 Gaza a enregistr\u00e9 la mort de 395 Palestiniens rien qu'entre le 30 d\u00e9cembre et le 8 janvier.\",\"breadcrumb\":{\"@id\":\"https:\\\/\\\/charleroi-pourlapalestine.be\\\/index.php\\\/2025\\\/01\\\/11\\\/la-situation-a-gaza-est-apocalyptique-affirme-oxfam\\\/#breadcrumb\"},\"inLanguage\":\"fr-FR\",\"potentialAction\":[{\"@type\":\"ReadAction\",\"target\":[\"https:\\\/\\\/charleroi-pourlapalestine.be\\\/index.php\\\/2025\\\/01\\\/11\\\/la-situation-a-gaza-est-apocalyptique-affirme-oxfam\\\/\"]}]},{\"@type\":\"ImageObject\",\"inLanguage\":\"fr-FR\",\"@id\":\"https:\\\/\\\/charleroi-pourlapalestine.be\\\/index.php\\\/2025\\\/01\\\/11\\\/la-situation-a-gaza-est-apocalyptique-affirme-oxfam\\\/#primaryimage\",\"url\":\"https:\\\/\\\/charleroi-pourlapalestine.be\\\/wp-content\\\/uploads\\\/2025\\\/01\\\/Deir-al-Balah.jpg\",\"contentUrl\":\"https:\\\/\\\/charleroi-pourlapalestine.be\\\/wp-content\\\/uploads\\\/2025\\\/01\\\/Deir-al-Balah.jpg\",\"width\":800,\"height\":533},{\"@type\":\"BreadcrumbList\",\"@id\":\"https:\\\/\\\/charleroi-pourlapalestine.be\\\/index.php\\\/2025\\\/01\\\/11\\\/la-situation-a-gaza-est-apocalyptique-affirme-oxfam\\\/#breadcrumb\",\"itemListElement\":[{\"@type\":\"ListItem\",\"position\":1,\"name\":\"Accueil\",\"item\":\"https:\\\/\\\/charleroi-pourlapalestine.be\\\/\"},{\"@type\":\"ListItem\",\"position\":2,\"name\":\"La situation \u00e0 Gaza est \u00ab apocalyptique \u00bb, affirme Oxfam\"}]},{\"@type\":\"WebSite\",\"@id\":\"https:\\\/\\\/charleroi-pourlapalestine.be\\\/#website\",\"url\":\"https:\\\/\\\/charleroi-pourlapalestine.be\\\/\",\"name\":\"Charleroi Pour la Palestine\",\"description\":\"\",\"publisher\":{\"@id\":\"https:\\\/\\\/charleroi-pourlapalestine.be\\\/#organization\"},\"potentialAction\":[{\"@type\":\"SearchAction\",\"target\":{\"@type\":\"EntryPoint\",\"urlTemplate\":\"https:\\\/\\\/charleroi-pourlapalestine.be\\\/?s={search_term_string}\"},\"query-input\":{\"@type\":\"PropertyValueSpecification\",\"valueRequired\":true,\"valueName\":\"search_term_string\"}}],\"inLanguage\":\"fr-FR\"},{\"@type\":\"Organization\",\"@id\":\"https:\\\/\\\/charleroi-pourlapalestine.be\\\/#organization\",\"name\":\"Plate-forme Charleroi-Palestine\",\"url\":\"https:\\\/\\\/charleroi-pourlapalestine.be\\\/\",\"logo\":{\"@type\":\"ImageObject\",\"inLanguage\":\"fr-FR\",\"@id\":\"https:\\\/\\\/charleroi-pourlapalestine.be\\\/#\\\/schema\\\/logo\\\/image\\\/\",\"url\":\"https:\\\/\\\/charleroi-pourlapalestine.be\\\/wp-content\\\/uploads\\\/2020\\\/01\\\/logo-Copy.jpg\",\"contentUrl\":\"https:\\\/\\\/charleroi-pourlapalestine.be\\\/wp-content\\\/uploads\\\/2020\\\/01\\\/logo-Copy.jpg\",\"width\":180,\"height\":180,\"caption\":\"Plate-forme Charleroi-Palestine\"},\"image\":{\"@id\":\"https:\\\/\\\/charleroi-pourlapalestine.be\\\/#\\\/schema\\\/logo\\\/image\\\/\"},\"sameAs\":[\"https:\\\/\\\/www.facebook.com\\\/PlateformeCharleroiPalestine\\\/\",\"https:\\\/\\\/x.com\\\/LaCharleroi\"]},{\"@type\":\"Person\",\"@id\":\"https:\\\/\\\/charleroi-pourlapalestine.be\\\/#\\\/schema\\\/person\\\/c19ff515112f1299d8c12671d8fe3faa\",\"name\":\"admin1873\",\"url\":\"https:\\\/\\\/charleroi-pourlapalestine.be\\\/index.php\\\/author\\\/admin1873\\\/\"}]}<\/script>\n<!-- \/ Yoast SEO plugin. -->","yoast_head_json":{"title":"La situation \u00e0 Gaza est \u00ab apocalyptique \u00bb, affirme Oxfam","description":"Le minist\u00e8re palestinien de la sant\u00e9 \u00e0 Gaza a enregistr\u00e9 la mort de 395 Palestiniens rien qu'entre le 30 d\u00e9cembre et le 8 janvier.","robots":{"index":"index","follow":"follow","max-snippet":"max-snippet:-1","max-image-preview":"max-image-preview:large","max-video-preview":"max-video-preview:-1"},"canonical":"https:\/\/charleroi-pourlapalestine.be\/index.php\/2025\/01\/11\/la-situation-a-gaza-est-apocalyptique-affirme-oxfam\/","schema":{"@context":"https:\/\/schema.org","@graph":[{"@type":"Article","@id":"https:\/\/charleroi-pourlapalestine.be\/index.php\/2025\/01\/11\/la-situation-a-gaza-est-apocalyptique-affirme-oxfam\/#article","isPartOf":{"@id":"https:\/\/charleroi-pourlapalestine.be\/index.php\/2025\/01\/11\/la-situation-a-gaza-est-apocalyptique-affirme-oxfam\/"},"author":{"name":"admin1873","@id":"https:\/\/charleroi-pourlapalestine.be\/#\/schema\/person\/c19ff515112f1299d8c12671d8fe3faa"},"headline":"La situation \u00e0 Gaza est \u00ab apocalyptique \u00bb, affirme Oxfam","datePublished":"2025-01-11T14:57:09+00:00","dateModified":"2025-01-13T09:23:37+00:00","mainEntityOfPage":{"@id":"https:\/\/charleroi-pourlapalestine.be\/index.php\/2025\/01\/11\/la-situation-a-gaza-est-apocalyptique-affirme-oxfam\/"},"wordCount":3008,"publisher":{"@id":"https:\/\/charleroi-pourlapalestine.be\/#organization"},"image":{"@id":"https:\/\/charleroi-pourlapalestine.be\/index.php\/2025\/01\/11\/la-situation-a-gaza-est-apocalyptique-affirme-oxfam\/#primaryimage"},"thumbnailUrl":"https:\/\/charleroi-pourlapalestine.be\/wp-content\/uploads\/2025\/01\/Deir-al-Balah.jpg","articleSection":["Affamement","Destructions","Gaza","G\u00e9nocide","H\u00f4pitaux","Journalistes palestiniens","Massacres","Prisonniers","Torture","Travailleurs humanitaires"],"inLanguage":"fr-FR"},{"@type":"WebPage","@id":"https:\/\/charleroi-pourlapalestine.be\/index.php\/2025\/01\/11\/la-situation-a-gaza-est-apocalyptique-affirme-oxfam\/","url":"https:\/\/charleroi-pourlapalestine.be\/index.php\/2025\/01\/11\/la-situation-a-gaza-est-apocalyptique-affirme-oxfam\/","name":"La situation \u00e0 Gaza est \u00ab apocalyptique \u00bb, affirme Oxfam","isPartOf":{"@id":"https:\/\/charleroi-pourlapalestine.be\/#website"},"primaryImageOfPage":{"@id":"https:\/\/charleroi-pourlapalestine.be\/index.php\/2025\/01\/11\/la-situation-a-gaza-est-apocalyptique-affirme-oxfam\/#primaryimage"},"image":{"@id":"https:\/\/charleroi-pourlapalestine.be\/index.php\/2025\/01\/11\/la-situation-a-gaza-est-apocalyptique-affirme-oxfam\/#primaryimage"},"thumbnailUrl":"https:\/\/charleroi-pourlapalestine.be\/wp-content\/uploads\/2025\/01\/Deir-al-Balah.jpg","datePublished":"2025-01-11T14:57:09+00:00","dateModified":"2025-01-13T09:23:37+00:00","description":"Le minist\u00e8re palestinien de la sant\u00e9 \u00e0 Gaza a enregistr\u00e9 la mort de 395 Palestiniens rien qu'entre le 30 d\u00e9cembre et le 8 janvier.","breadcrumb":{"@id":"https:\/\/charleroi-pourlapalestine.be\/index.php\/2025\/01\/11\/la-situation-a-gaza-est-apocalyptique-affirme-oxfam\/#breadcrumb"},"inLanguage":"fr-FR","potentialAction":[{"@type":"ReadAction","target":["https:\/\/charleroi-pourlapalestine.be\/index.php\/2025\/01\/11\/la-situation-a-gaza-est-apocalyptique-affirme-oxfam\/"]}]},{"@type":"ImageObject","inLanguage":"fr-FR","@id":"https:\/\/charleroi-pourlapalestine.be\/index.php\/2025\/01\/11\/la-situation-a-gaza-est-apocalyptique-affirme-oxfam\/#primaryimage","url":"https:\/\/charleroi-pourlapalestine.be\/wp-content\/uploads\/2025\/01\/Deir-al-Balah.jpg","contentUrl":"https:\/\/charleroi-pourlapalestine.be\/wp-content\/uploads\/2025\/01\/Deir-al-Balah.jpg","width":800,"height":533},{"@type":"BreadcrumbList","@id":"https:\/\/charleroi-pourlapalestine.be\/index.php\/2025\/01\/11\/la-situation-a-gaza-est-apocalyptique-affirme-oxfam\/#breadcrumb","itemListElement":[{"@type":"ListItem","position":1,"name":"Accueil","item":"https:\/\/charleroi-pourlapalestine.be\/"},{"@type":"ListItem","position":2,"name":"La situation \u00e0 Gaza est \u00ab apocalyptique \u00bb, affirme Oxfam"}]},{"@type":"WebSite","@id":"https:\/\/charleroi-pourlapalestine.be\/#website","url":"https:\/\/charleroi-pourlapalestine.be\/","name":"Charleroi Pour la Palestine","description":"","publisher":{"@id":"https:\/\/charleroi-pourlapalestine.be\/#organization"},"potentialAction":[{"@type":"SearchAction","target":{"@type":"EntryPoint","urlTemplate":"https:\/\/charleroi-pourlapalestine.be\/?s={search_term_string}"},"query-input":{"@type":"PropertyValueSpecification","valueRequired":true,"valueName":"search_term_string"}}],"inLanguage":"fr-FR"},{"@type":"Organization","@id":"https:\/\/charleroi-pourlapalestine.be\/#organization","name":"Plate-forme Charleroi-Palestine","url":"https:\/\/charleroi-pourlapalestine.be\/","logo":{"@type":"ImageObject","inLanguage":"fr-FR","@id":"https:\/\/charleroi-pourlapalestine.be\/#\/schema\/logo\/image\/","url":"https:\/\/charleroi-pourlapalestine.be\/wp-content\/uploads\/2020\/01\/logo-Copy.jpg","contentUrl":"https:\/\/charleroi-pourlapalestine.be\/wp-content\/uploads\/2020\/01\/logo-Copy.jpg","width":180,"height":180,"caption":"Plate-forme Charleroi-Palestine"},"image":{"@id":"https:\/\/charleroi-pourlapalestine.be\/#\/schema\/logo\/image\/"},"sameAs":["https:\/\/www.facebook.com\/PlateformeCharleroiPalestine\/","https:\/\/x.com\/LaCharleroi"]},{"@type":"Person","@id":"https:\/\/charleroi-pourlapalestine.be\/#\/schema\/person\/c19ff515112f1299d8c12671d8fe3faa","name":"admin1873","url":"https:\/\/charleroi-pourlapalestine.be\/index.php\/author\/admin1873\/"}]}},"_links":{"self":[{"href":"https:\/\/charleroi-pourlapalestine.be\/index.php\/wp-json\/wp\/v2\/posts\/80387","targetHints":{"allow":["GET"]}}],"collection":[{"href":"https:\/\/charleroi-pourlapalestine.be\/index.php\/wp-json\/wp\/v2\/posts"}],"about":[{"href":"https:\/\/charleroi-pourlapalestine.be\/index.php\/wp-json\/wp\/v2\/types\/post"}],"author":[{"embeddable":true,"href":"https:\/\/charleroi-pourlapalestine.be\/index.php\/wp-json\/wp\/v2\/users\/1"}],"replies":[{"embeddable":true,"href":"https:\/\/charleroi-pourlapalestine.be\/index.php\/wp-json\/wp\/v2\/comments?post=80387"}],"version-history":[{"count":0,"href":"https:\/\/charleroi-pourlapalestine.be\/index.php\/wp-json\/wp\/v2\/posts\/80387\/revisions"}],"wp:featuredmedia":[{"embeddable":true,"href":"https:\/\/charleroi-pourlapalestine.be\/index.php\/wp-json\/wp\/v2\/media\/80389"}],"wp:attachment":[{"href":"https:\/\/charleroi-pourlapalestine.be\/index.php\/wp-json\/wp\/v2\/media?parent=80387"}],"wp:term":[{"taxonomy":"category","embeddable":true,"href":"https:\/\/charleroi-pourlapalestine.be\/index.php\/wp-json\/wp\/v2\/categories?post=80387"},{"taxonomy":"post_tag","embeddable":true,"href":"https:\/\/charleroi-pourlapalestine.be\/index.php\/wp-json\/wp\/v2\/tags?post=80387"}],"curies":[{"name":"wp","href":"https:\/\/api.w.org\/{rel}","templated":true}]}}