{"id":80519,"date":"2025-01-13T14:58:27","date_gmt":"2025-01-13T13:58:27","guid":{"rendered":"https:\/\/charleroi-pourlapalestine.be\/?p=80519"},"modified":"2025-01-14T08:59:05","modified_gmt":"2025-01-14T07:59:05","slug":"jenine-les-fusils-des-camps","status":"publish","type":"post","link":"https:\/\/charleroi-pourlapalestine.be\/index.php\/2025\/01\/13\/jenine-les-fusils-des-camps\/","title":{"rendered":"J\u00e9nine : Les fusils des camps"},"content":{"rendered":"<p><strong>Rapport sp\u00e9cial du r\u00e9seau Samidoun depuis la Palestine occup\u00e9e<\/strong><\/p>\n<p>&nbsp;<\/p>\n<div id=\"attachment_80520\" style=\"width: 902px\" class=\"wp-caption aligncenter\"><img loading=\"lazy\" decoding=\"async\" aria-describedby=\"caption-attachment-80520\" class=\"wp-image-80520 size-full\" src=\"https:\/\/charleroi-pourlapalestine.be\/wp-content\/uploads\/2025\/01\/The-guns-and-the-camps-1.png\" alt=\"\u00ab Non \u00e0 l'attaque de l'Autorit\u00e9 palestinienne contre le camp de J\u00e9nine \u00bb, illustration tir\u00e9e des affiches de Black September ; affiche originale r\u00e9alis\u00e9e par l'artiste Mark Rudin (Johad Mansour), 1980, en provenance de Palestine Poster Archive. \" width=\"892\" height=\"862\" srcset=\"https:\/\/charleroi-pourlapalestine.be\/wp-content\/uploads\/2025\/01\/The-guns-and-the-camps-1.png 892w, https:\/\/charleroi-pourlapalestine.be\/wp-content\/uploads\/2025\/01\/The-guns-and-the-camps-1-300x290.png 300w, https:\/\/charleroi-pourlapalestine.be\/wp-content\/uploads\/2025\/01\/The-guns-and-the-camps-1-768x742.png 768w\" sizes=\"auto, (max-width: 892px) 100vw, 892px\" \/><p id=\"caption-attachment-80520\" class=\"wp-caption-text\"><strong><em>\u00ab Non \u00e0 l&rsquo;attaque de l&rsquo;Autorit\u00e9 palestinienne contre le camp de J\u00e9nine \u00bb<\/em>, illustration tir\u00e9e des affiches de Black September ; affiche originale r\u00e9alis\u00e9e par l&rsquo;artiste Mark Rudin (Johad Mansour), 1980, en provenance de Palestine Poster Archive.<\/strong><\/p><\/div>\n<p>&nbsp;<\/p>\n<p><strong>Introduction : La confrontation incessante<\/strong><\/p>\n<p lang=\"fr-BE\" align=\"JUSTIFY\"><span style=\"font-size: medium;\"><br>Vingt ans apr\u00e8s la Seconde Intifada, l&rsquo;ennemi n&rsquo;imaginait pas que l&rsquo;unit\u00e9 des forces sp\u00e9ciales qui allait envahir <strong>J\u00e9nine<\/strong> pour assassiner <strong>Jamil Al-Amouri<\/strong> et son compagnon en juin 2021 allait servir d&rsquo;outil involontaire de l&rsquo;histoire. Cet \u00e9v\u00e9nement devait d\u00e9clencher la mobilisation de centaines de fusils apparus le m\u00eame jour pour annoncer le d\u00e9but de l&rsquo;\u00e9tape de la phase de lib\u00e9ration de la Cisjordanie. <\/span><\/p>\n<p align=\"JUSTIFY\"><span style=\"font-family: Times New Roman, serif;\"><span style=\"font-size: medium;\"><span lang=\"fr-BE\">\u00c0<\/span><\/span><\/span><span style=\"font-family: Times New Roman, serif;\"><span style=\"font-size: medium;\"><span lang=\"fr-BE\"> la suite de l&rsquo;assassinat de<\/span><\/span><\/span><span style=\"font-size: medium;\"><span lang=\"fr-BE\"> Jamil Al-Amouri, l&rsquo;ennemi r\u00e9p\u00e9ta son erreur \u00e0 de nombreuses reprises en annon\u00e7ant des campagnes militaires de destruction qui allaient transformer les rues du nord de la Cisjordanie en une terre fertile pour y planter des engins explosifs. La plus r\u00e9cente de ces op\u00e9rations fut baptis\u00e9e <em>\u00ab Camps d&rsquo;\u00e9t\u00e9 \u00bb<\/em> et vit la mort du dirigeant <strong>Abu Shujaa<\/strong>. L&rsquo;op\u00e9ration rencontra une r\u00e9sistance acharn\u00e9e et fut appel\u00e9e <em>\u00ab la terreur des camps \u00bb.<\/em> L&rsquo;agression d\u00e9buta le mercredi 28 ao\u00fbt 2004 \u00e0 2 h du matin. <\/span><\/span><span style=\"font-family: Times New Roman, serif;\"><span style=\"font-size: medium;\"><span lang=\"fr-BE\">\u00c0<\/span><\/span><\/span><span style=\"font-family: Times New Roman, serif;\"><span style=\"font-size: medium;\"><span lang=\"fr-BE\"> l&rsquo;aube, les bombardements a\u00e9riens avaient d\u00e9j\u00e0 fait 10 martyrs, parmi lesquels des combattants de J\u00e9nine et de Tubas. <\/span><\/span><\/span><span style=\"font-size: medium;\"><span lang=\"fr-BE\"><strong> Zakaria Zubeidi<\/strong> fait remarquer dans sa th\u00e8se de ma\u00eetrise intitul\u00e9e <a href=\"http:\/\/library.birzeit.edu\/librarya\/bzu-ths\/show_ths_category2.php?catid=36&amp;src=0&amp;catname=%D8%AF%D8%B1%D8%A7%D8%B3%D8%A7%D8%AA%20%D8%B9%D8%B1%D8%A8%D9%8A%D8%A9%20%D9%85%D8%B9%D8%A7%D8%B5%D8%B1%D8%A9\" target=\"_blank\" rel=\"noopener\"><em>\u00ab Le chasseur et le dragon : La poursuite de l&rsquo;exp\u00e9rience palestinienne, 1968-2018 \u00bb<\/em><\/a>, que l&rsquo;ennemi d\u00e9signe intentionnellement ses op\u00e9rations de noms visant \u00e0 saper le moral des Palestiniens. Au cours de la Seconde Intifada, par exemple, il avait donn\u00e9 \u00e0 ses attaques militaires contre J\u00e9nine des noms comme <em>\u00ab Collecte des d\u00e9chets \u00bb, \u00ab La chasse au rat noir \u00bb, \u00ab Le ch\u00e2teau de cartes \u00bb, \u00ab L&rsquo;effondrement de la pyramide \u00bb, \u00ab Les larmes du dragon \u00bb<\/em> et m\u00eame <em>\u00ab Un voyage color\u00e9 \u00bb<\/em>, lorsque la ville de Ramallah avait \u00e9t\u00e9 bombard\u00e9e en 2002. Ces diverses op\u00e9rations avaient eu lieu apr\u00e8s l&rsquo;op\u00e9ration <em>\u00ab Bouclier d\u00e9fensif \u00bb.<\/em> Quelques mois \u00e0 peine apr\u00e8s <em>\u00ab La terreur des camps \u00bb<\/em>, <strong>l&rsquo;Autorit\u00e9 palestinienne<\/strong> avait lanc\u00e9 sa campagne s\u00e9curitaire d\u00e9nomm\u00e9e <em>\u00ab Protection de la patrie \u00bb,<\/em> qui avait pour objectif la destruction du camp de r\u00e9fugi\u00e9s de J\u00e9nine. <\/span><\/span><\/p>\n<p align=\"JUSTIFY\"><br><strong>\u00ab<em> Protection de la patrie \u00bb<\/em> : la destruction du camp<\/strong><\/p>\n<p align=\"JUSTIFY\"><span style=\"font-size: medium;\"><span lang=\"fr-BE\">L&rsquo;agression d\u00e9nomm\u00e9e <em>\u00ab Protection de la patrie \u00bb<\/em> a d\u00e9but\u00e9 le 9 d\u00e9cembre 2024 et s&rsquo;est sold\u00e9e jusqu&rsquo;\u00e0 pr\u00e9sent par les martyres de <a href=\"https:\/\/www.aljazeera.net\/politics\/2024\/12\/29\/%D8%B9%D8%A7%D8%A6%D9%84%D8%A9-%D8%B4%D8%B0%D9%89-%D8%A7%D9%84%D8%B5%D8%A8%D8%A7%D8%BA-%D8%AA%D8%B1%D9%88%D9%8A-%D9%84%D9%84%D8%AC%D8%B2%D9%8A%D8%B1%D8%A9-%D9%86%D8%AA\" target=\"_blank\" rel=\"noopener\">la journaliste <strong>Shatha Al-Sabagh<\/strong><\/a>, du combattant recherch\u00e9 <strong><a href=\"https:\/\/www.aljazeera.net\/encyclopedia\/2024\/12\/23\/%D9%8A%D8%B2%D9%8A%D8%AF-%D8%AC%D8%B9%D8%A7%D9%8A%D8%B5%D8%A9-%D9%82%D9%8A%D8%A7%D8%AF%D9%8A-%D9%81%D9%8A-%D9%83%D8%AA%D9%8A%D8%A8%D8%A9-%D8%AC%D9%86%D9%8A%D9%86-%D9%82%D8%AA%D9%84%D8%AA%D9%87\" target=\"_blank\" rel=\"noopener\">Yazid Ja&rsquo;ayseh<\/a>, <\/strong>de <strong>Mohammed Al-Jalqamousi <\/strong>et de son <strong>fils Qasem, <\/strong>de <strong>Mohammed Abu Labda, <\/strong>de <a href=\"https:\/\/qudsn.co\/post\/208212\/%D8%A7%D9%84%D8%B7%D9%81%D9%84-%D9%85%D8%AC%D8%AF-%D8%B2%D9%8A%D8%AF%D8%A7%D9%86-%D9%8A%D8%B8%D9%84%D9%85-%D9%85%D8%B1%D8%AA%D9%8A%D9%86-%D8%A8%D8%B1%D8%B5%D8%A7%D8%B5%D8%A9-%D9%82%D9%86%D8%A7%D8%B5-%D8%A7%D9%84%D8%B3%D9%84%D8%B7%D8%A9-%D9%88%D8%B1%D9%88%D8%A7%D9%8A%D8%A9-%D8%AA%D8%AE%D8%AC%D9%84-%D9%85%D9%86%D9%87%D8%A7-%D8%AD%D8%AA%D9%89-%D8%A5%D8%B3%D8%B1%D8%A7\" target=\"_blank\" rel=\"noopener\"><strong>Majd Zaidan, <\/strong><\/a>de <a href=\"https:\/\/www.aljazeera.net\/news\/2024\/12\/10\/%D8%B9%D8%A7%D8%AC%D9%84-%D8%AD%D8%B1%D9%83%D8%A9-%D8%AD%D9%85%D8%A7%D8%B3-%D8%AA%D8%AF%D9%8A%D9%86-%D8%A5%D8%B9%D8%AF%D8%A7%D9%85-%D8%A7%D9%84%D8%B3%D9%84%D8%B7%D8%A9\" target=\"_blank\" rel=\"noopener\"><strong>Ribhi Al-Shalabi<\/strong>,<\/a> du <a href=\"https:\/\/palinfo.com\/news\/2024\/12\/14\/930397\/\" target=\"_blank\" rel=\"noopener\"><strong>gar\u00e7on<\/strong> <strong>Mohammed Al-Amer<\/strong><\/a> et de <strong>Sa&rsquo;ida Abu Bakr.<\/strong> La campagne longue d&rsquo;un mois \u00e0 consist\u00e9 \u00e0 faire le si\u00e8ge du camp de r\u00e9fugi\u00e9s de J\u00e9nine, \u00e0 arr\u00eater des journalistes, dont <strong>Obada Tahaineh<\/strong> et<strong> Jarrah Khalaf,<\/strong> et \u00e0 arr\u00eater \u00e9galement <a href=\"https:\/\/palinfo.com\/news\/2025\/01\/12\/934825\/\" target=\"_blank\" rel=\"noopener\">247 jeunes hommes de J\u00e9nine<\/a>, si l&rsquo;on s&rsquo;en r\u00e9f\u00e8re aux chiffres des services de s\u00e9curit\u00e9. Elle a \u00e9galement interdit \u00e0 <\/span><\/span><span style=\"font-size: medium;\"><span lang=\"fr-BE\"><i>Al Jazeera <\/i><\/span><\/span><span style=\"font-size: medium;\"><span lang=\"fr-BE\">de couvrir et de retransmettre des \u00e9v\u00e9nements, elle a d\u00e9ploy\u00e9 des snipers sur les toits des maisons, positionn\u00e9 des v\u00e9hicules blind\u00e9s, occup\u00e9 des h\u00f4pitaux, terroris\u00e9 les habitants avec des gaz lacrymog\u00e8nes, r\u00e9prim\u00e9 violemment des manifestations ou des mouvements de solidarit\u00e9, lanc\u00e9 une campagne de diffamation dans les m\u00e9dias, r\u00e9duit des dissidents au silence et puni toute personne qui soutenait la r\u00e9sistance. <\/span><\/span><\/p>\n<p lang=\"fr-BE\" align=\"JUSTIFY\"><span style=\"font-size: medium;\">L&rsquo;aspect peut-\u00eatre le plus extraordinaire et surprenant r\u00e9side dans l&rsquo;id\u00e9e d&rsquo;utiliser des Palestiniens pour imposer un si\u00e8ge \u00e0 un camp de r\u00e9fugi\u00e9s \u2013 un ph\u00e9nom\u00e8ne absolument sans pr\u00e9c\u00e9dent dans l&rsquo;histoire de la Palestine. Alors que cette histoire est \u00e9maill\u00e9e d&rsquo;exemples de si\u00e8ges tragiques, tels ceux de Tal Al-Zaatar, Sabra et Chatila, la Guerre des camps et le blocus de Gaza depuis 1967, de m\u00eame que les si\u00e8ges r\u00e9p\u00e9t\u00e9s des camps de Cisjordanie au cours des ann\u00e9es 1980 et les batailles de la Seconde Intifada, il s&rsquo;agit ici du premier exemple d&rsquo;un si\u00e8ge men\u00e9 par des Palestiniens contre un camp de r\u00e9fugi\u00e9s. Dans cette agression contre le camp de r\u00e9fugi\u00e9s de J\u00e9nine, l&rsquo;Autorit\u00e9 palestinienne s&rsquo;est surpass\u00e9e et a assum\u00e9 le r\u00f4le jou\u00e9 historiquement par les ennemis du peuple palestinien. <\/span><\/p>\n<p>&nbsp;<\/p>\n<p>&nbsp;<\/p>\n<div id=\"attachment_80521\" style=\"width: 907px\" class=\"wp-caption aligncenter\"><img loading=\"lazy\" decoding=\"async\" aria-describedby=\"caption-attachment-80521\" class=\"wp-image-80521 size-full\" src=\"https:\/\/charleroi-pourlapalestine.be\/wp-content\/uploads\/2025\/01\/The-guns-and-the-camps-2.png\" alt=\"\u00ab Bas les pattes du camp de J\u00e9nine \u00bb, en provenance de l'h\u00e9ritage de la Premi\u00e8re Intifada palestinienne ; affiche originale r\u00e9alis\u00e9e par l'artiste Karim Dabbah, \u00ab Bas les pattes du camp de Deheishe \u00bb, ann\u00e9es 1980, en provenance des archives de l'Universit\u00e9 de Birzeit.\" width=\"897\" height=\"868\" srcset=\"https:\/\/charleroi-pourlapalestine.be\/wp-content\/uploads\/2025\/01\/The-guns-and-the-camps-2.png 897w, https:\/\/charleroi-pourlapalestine.be\/wp-content\/uploads\/2025\/01\/The-guns-and-the-camps-2-300x290.png 300w, https:\/\/charleroi-pourlapalestine.be\/wp-content\/uploads\/2025\/01\/The-guns-and-the-camps-2-768x743.png 768w\" sizes=\"auto, (max-width: 897px) 100vw, 897px\" \/><p id=\"caption-attachment-80521\" class=\"wp-caption-text\"><strong><em>\u00ab Bas les pattes du camp de J\u00e9nine \u00bb,<\/em> en provenance de l&rsquo;h\u00e9ritage de la Premi\u00e8re Intifada palestinienne ; affiche originale r\u00e9alis\u00e9e par l&rsquo;artiste Karim Dabbah, <em>\u00ab Bas les pattes du camp de Deheishe \u00bb<\/em>, ann\u00e9es 1980, en provenance des archives de l&rsquo;Universit\u00e9 de Birzeit.<\/strong><\/p><\/div>\n<p>&nbsp;<\/p>\n<p>Depuis le lancement du projet de l&rsquo;Autorit\u00e9 palestinienne, le discours \u00e0 propos de l&rsquo;\u00c9tat et de la citoyennet\u00e9 a occup\u00e9 un espace significatif dans la soci\u00e9t\u00e9 palestinienne de Cisjordanie et de la bande de Gaza. \u00c0 la fin des ann\u00e9es 1990, des programmes universitaires furent instaur\u00e9s afin d&rsquo;enseigner les droits humains, le droit et la d\u00e9mocratie, et ont vit appara\u00eetre en m\u00eame temps des organisations et des institutions promouvant la citoyennet\u00e9, les libert\u00e9s et les droits humains, telles la <a href=\"https:\/\/www.ichr.ps\/\" target=\"_blank\" rel=\"noopener\"><em>Coalition ind\u00e9pendante pour les droits humains<\/em><\/a> (1993) et la <a href=\"https:\/\/www.aman-palestine.org\/about-aman\/5.html\" target=\"_blank\" rel=\"noopener\"><em>Coalition pour l&rsquo;int\u00e9grit\u00e9 et la responsabilisation<\/em><\/a> (AMAN \u2013 2000). D&rsquo;apr\u00e8s le Bureau central palestinien de la statistique, il n&rsquo;y a pas moins de <a href=\"https:\/\/www.pcbs.gov.ps\/statisticsIndicatorsTables.aspx?lang=ar&amp;table_id=3668\" target=\"_blank\" rel=\"noopener\">10 637 avocats et juristes<\/a> qui travaillent, en Cisjordanie, outre les centaines de dipl\u00f4m\u00e9s en droit, en droit international et en droits humains qui sortent chaque ann\u00e9e des universit\u00e9s palestiniennes.<\/p>\n<p>Malgr\u00e9 cela, l&rsquo;agression a montr\u00e9 que l&rsquo;Autorit\u00e9 palestinienne a compl\u00e8tement d\u00e9mantel\u00e9 le cadre juridique, annulant les concepts de citoyennet\u00e9, le droit \u00e0 la vie, la possibilit\u00e9 de proc\u00e8s honn\u00eate et tous les accords contre la torture, ainsi que les libert\u00e9s d&rsquo;opinion et d&rsquo;expression. L&rsquo;agression a commenc\u00e9 sous le pr\u00e9texte de cibler les <em>\u00ab hors-la-loi \u00bb<\/em>, mais les actions ont d&rsquo;abord instaur\u00e9 une situation de chaos et d&rsquo;absence de loi impos\u00e9e par l&rsquo;Autorit\u00e9 m\u00eame. Elle a assi\u00e9g\u00e9 des milliers de r\u00e9fugi\u00e9s civils, coupant l&rsquo;\u00e9lectricit\u00e9, l&rsquo;eau, le carburant, les vivres, supprimant la libert\u00e9 de mouvement, l&rsquo;enseignement et l&rsquo;acc\u00e8s aux soins de sant\u00e9. Parmi les pratiques violentes figuraient tueries, arrestations arbitraires, tabassages, humiliations et incendies de maisons. L&rsquo;Autorit\u00e9 palestinienne s&rsquo;appuyait sur sa base populaire, compos\u00e9e avant tout de membres du mouvement <em>Fatah<\/em><strong>,<\/strong> pour tenter d&rsquo;imposer son agenda politique qui accompagnait l&rsquo;agression contre le camp de r\u00e9fugi\u00e9s de <strong>J\u00e9nine<\/strong> via des intimidations et le recours \u00e0 la violence contre les habitants, comme on l&rsquo;a vu \u00e0 l&rsquo;<strong>Universit\u00e9 nationale An-Najah<\/strong>, \u00e0 l&rsquo;<strong>Universit\u00e9 de Birzeit<\/strong> et dans plusieurs villes et villages. Le tout fut \u00e9galement accompagn\u00e9 de d\u00e9ploiements de violence et de menaces au cours des c\u00e9l\u00e9brations d&rsquo;anniversaire du <em>Fatah.<\/em><\/p>\n<p>Les meurtres du martyr <strong>Rabhi Al-Shalabi<\/strong>, du combattant recherch\u00e9 <strong>Yazeed Ja\u2018aysa<\/strong> et de la journaliste <strong>Shatha Al-Sabagh<\/strong> (la s\u0153ur du martyr du Hamas <strong>Moatasem Billah Sabagh<\/strong>) ont r\u00e9v\u00e9l\u00e9 l&rsquo;intention d\u00e9lib\u00e9r\u00e9e sous-tendant ces homicides et ex\u00e9cutions pr\u00e9m\u00e9dit\u00e9s dans le cadre des objectifs d&rsquo;agression en vue d&rsquo;imposer le contr\u00f4le via des bains de sang. Bien qu&rsquo;<a href=\"https:\/\/arabic.rt.com\/middle_east\/1593372-%D9%85%D8%AD%D9%85%D9%88%D8%AF-%D8%B9%D8%A8%D8%A7%D8%B3-%D9%8A%D8%B5%D8%AF%D8%B1-%D9%85%D8%B1%D8%B3%D9%88%D9%85%D8%A7-%D8%A8%D8%B4%D8%A3%D9%86-%D8%AA%D9%88%D8%AC%D9%87%D9%87-%D8%A5%D9%84%D9%89-%D9%82%D8%B7%D8%A7%D8%B9-%D8%BA%D8%B2%D8%A9\/\" target=\"_blank\" rel=\"noopener\">en ao\u00fbt 2024 l&rsquo;Autorit\u00e9 palestinienne ait annonc\u00e9 son intention<\/a> de constituer une d\u00e9l\u00e9gation pour aller visiter <strong>Gaza<\/strong> dans une tentative de mettre un terme \u00e0 la guerre g\u00e9nocidaire, son incapacit\u00e9 \u00e0 fournir la moindre assistance \u00e0 Gaza et les changements qui se sont produits sur les fronts de soutien l&rsquo;ont pouss\u00e9e \u00e0 participer directement \u00e0 l&rsquo;agression contre le peuple palestinien plut\u00f4t que de lever le si\u00e8ge impos\u00e9 \u00e0 ce dernier. Au lieu d&rsquo;envoyer une d\u00e9l\u00e9gation \u00e0 Gaza, l&rsquo;appareil s\u00e9curitaire de l&rsquo;Autorit\u00e9 s&rsquo;est mis \u00e0 assi\u00e9ger le camp de r\u00e9fugi\u00e9s de J\u00e9nine et \u00e0 tuer ses habitants.<\/p>\n<p>En outre, le discours de l&rsquo;Autorit\u00e9 palestinienne peut \u00eatre class\u00e9 comme de l&rsquo;auto-tromperie envers soi-m\u00eame et le peuple palestinien, en justifiant une violence qui ne peut se justifier. Les tentatives de l&rsquo;Autorit\u00e9 en vue d&rsquo;endiguer la r\u00e9sistance dans le nord ont persist\u00e9 depuis son apparition en 2021. Ces efforts ont culmin\u00e9 au moment o\u00f9 le pr\u00e9sident de l&rsquo;Autorit\u00e9 palestinienne Mahmoud Abbas a annonc\u00e9 qu&rsquo;il allait visiter le camp de r\u00e9fugi\u00e9s de J\u00e9nine au lendemain de l&rsquo;agression isra\u00e9lienne de juillet 2023. Bien que ce genre de visite n&rsquo;ait aucune valeur pratique dans le renforcement de la r\u00e9silience du camp, l&rsquo;Autorit\u00e9 a estim\u00e9 que combattre la r\u00e9sistance \u00e9tait une plus grande priorit\u00e9 \u2013 ou, du moins, c&rsquo;est ce que lui ont fait savoir les administrations am\u00e9ricaine et isra\u00e9lienne.<\/p>\n<p>Le discours sur les <em>\u00ab hors-la-loi \u00bb<\/em> repr\u00e9sente le summum de cette auto-tromperie. Tout d&rsquo;abord, de quelle loi parlons-nous ? Pourquoi les colons qui incendient les villages et accaparent la terre ne sont-ils pas consid\u00e9r\u00e9s comme des<em> \u00ab hors-la-loi \u00bb<\/em> et pourquoi les v\u00e9hicules blind\u00e9s de l&rsquo;Autorit\u00e9 ne prot\u00e8gent-ils pas les B\u00e9douins de la <strong>vall\u00e9e du Jourdain<\/strong> ou de <strong>Masafer Yatta<\/strong> ? De plus, qualifier des r\u00e9fugi\u00e9s assi\u00e9g\u00e9s \u2013 dont un grand nombre sont des fugitifs et des parents de martyrs, de prisonniers et de bless\u00e9s \u2013 de <em>\u00ab hors-la-loi \u00bb<\/em> s&rsquo;aligne sur le discours isra\u00e9lien \u00e0 l&rsquo;encontre de la r\u00e9sistance. Cette rh\u00e9torique d\u00e9forme les symboles de la soci\u00e9t\u00e9 palestinienne, lesquels culminent par le martyre de <strong>Mohammed Jaber (Abu Shujaa)<\/strong>, qui fit l&rsquo;objet d&rsquo;une diffamation et d&rsquo;une propagande intensives jusqu&rsquo;au moment o\u00f9 il fut assassin\u00e9 par l&rsquo;ennemi isra\u00e9lien le 28 ao\u00fbt.<\/p>\n<p>La r\u00e9pression du journalisme \u2013 une politique de r\u00e9pression qui viole les droits humains \u2013 soul\u00e8ve la question que voici : Que peuvent couvrir les journalistes \u00e0 J\u00e9nine en ce moment ? Apr\u00e8s l&rsquo;interdiction de toute couverture m\u00e9diatique, bien des journalistes se sont pos\u00e9 la question logique : Qu&rsquo;allons-nous filmer ? La clart\u00e9 du ciel en d\u00e9pit de ces fum\u00e9es s&rsquo;\u00e9levant de nulle part ? Ou les rues vides pour des raisons inexplicables ? Condamner la r\u00e9sistance de J\u00e9nine via la rh\u00e9torique sur les <em>\u00ab hors-la-loi \u00bb<\/em> contredit le discours palestinien, particuli\u00e8rement en ce qui concerne le r\u00f4le de J\u00e9nine dans la conscience palestinienne. C&rsquo;est sur le sol de J\u00e9nine que le r\u00e9volutionnaire arabe syrien <strong>Izz al-Din al-Qassam<\/strong> et bon nombre de membres de son organisation arm\u00e9e tomb\u00e8rent en martyrs en 1935, alors qu&rsquo;ils combattaient le colonialisme britannique.<\/p>\n<p>&nbsp;<\/p>\n<p>&nbsp;<\/p>\n<div id=\"attachment_80522\" style=\"width: 905px\" class=\"wp-caption aligncenter\"><img loading=\"lazy\" decoding=\"async\" aria-describedby=\"caption-attachment-80522\" class=\"wp-image-80522 size-full\" src=\"https:\/\/charleroi-pourlapalestine.be\/wp-content\/uploads\/2025\/01\/The-guns-and-the-camps-3.png\" alt=\"La martyre Shatha al-Sabagh, 2024.\" width=\"895\" height=\"868\" srcset=\"https:\/\/charleroi-pourlapalestine.be\/wp-content\/uploads\/2025\/01\/The-guns-and-the-camps-3.png 895w, https:\/\/charleroi-pourlapalestine.be\/wp-content\/uploads\/2025\/01\/The-guns-and-the-camps-3-300x291.png 300w, https:\/\/charleroi-pourlapalestine.be\/wp-content\/uploads\/2025\/01\/The-guns-and-the-camps-3-768x745.png 768w\" sizes=\"auto, (max-width: 895px) 100vw, 895px\" \/><p id=\"caption-attachment-80522\" class=\"wp-caption-text\"><strong>La martyre Shatha al-Sabagh, 2024.<\/strong><\/p><\/div>\n<p>&nbsp;<\/p>\n<p><strong>Les r\u00e9cits du Bataillon : <em>\u00ab C&rsquo;\u00e9taient des jeunes qui croyaient en leur Seigneur, et nous les avons rendus plus forts encore en les guidant \u00bb<\/em><\/strong><\/p>\n<p>Dans sa th\u00e8se de ma\u00eetrise, <strong>Zakaria Zubeidi<\/strong> faisait remarquer que le concept de <em>\u00ab continuit\u00e9 \u00bb<\/em> est une caract\u00e9ristique permanente dans le vocabulaire de la lutte palestinienne. La continuit\u00e9 repr\u00e9sente la r\u00e9bellion contre le temps et l&rsquo;espace coloniaux en misant sur la vie m\u00eame. En ressortant des biographies et des t\u00e9moignages, Zubeidi concluait que le fugitif en tant que <em>\u00ab martyr vivant \u00bb<\/em> jouait un r\u00f4le incontournable dans la progression des mouvements r\u00e9volutionnaires du monde entier et ce, tout au long de l&rsquo;histoire. Quand Zubeidi, fugitif lui-m\u00eame, \u00e9crivit ces mots inspir\u00e9s par l&rsquo;h\u00e9ritage des martyrs et des combattants de la libert\u00e9, il n&rsquo;aurait pas imagin\u00e9 que, quelques ann\u00e9es plus tard \u00e0 peine, son jeune fils Mohammed allait devenir l&rsquo;un des fugitifs les plus \u00e9minents, finalement assassin\u00e9 sans avoir pu \u00eatre embrass\u00e9 par son p\u00e8re.<\/p>\n<p>Quand un journaliste avait interrog\u00e9 le martyr<strong> Mohammed Shalabi<\/strong> sur la volont\u00e9 f\u00e9roce des combattants de la r\u00e9sistance \u00e0 s&rsquo;engager dans le combat m\u00eame si cela devait les mener au martyre, il avait r\u00e9pondu que, en fait, la f\u00e9rocit\u00e9 \u00e9manait de l&rsquo;ennemi m\u00eame.<\/p>\n<blockquote>\n<p>\u00ab La r\u00e9sistance aujourd&rsquo;hui combat l&rsquo;ennemi le plus acharn\u00e9 de l&rsquo;histoire, \u00e9quip\u00e9 qu&rsquo;il est de capacit\u00e9s destructives sans pr\u00e9c\u00e9dent qu&rsquo;il utilise quotidiennement contre les Palestiniens \u00e0 Gaza. \u00bb<\/p>\n<\/blockquote>\n<p>Le martyr <strong>Mohammed Shalabi<\/strong>, un avocat de Silat Al-Harthiya, \u00e9tait titulaire d&rsquo;un dipl\u00f4me de droit de l&rsquo;Universit\u00e9 de Jordanie et d&rsquo;une ma\u00eetrise en droit international de l&rsquo;Universit\u00e9 am\u00e9ricaine de J\u00e9nine. Il a d\u00e9cid\u00e9 de rejoindre le bataillon et il a fini en martyr sur la route d&rsquo;al-Quds, le 3 mars de l&rsquo;an dernier.<\/p>\n<p><strong>Wissam Khazem,<\/strong> un martyr de la r\u00e9sistance de nationalit\u00e9 norv\u00e9gienne, vivait en Norv\u00e8ge depuis dix ans. Il \u00e9tait ing\u00e9nieur, mari\u00e9 et avait des enfants. Il avait d\u00e9cid\u00e9 de rallier la r\u00e9sistance sous le mot d&rsquo;ordre <strong><em>\u00ab Exister, c&rsquo;est r\u00e9sister \u00bb<\/em><\/strong>, qui \u00e9tait grav\u00e9 sur son fusil. Il est le cousin du martyr <strong>Raad Khazem,<\/strong> qui avait effectu\u00e9 l&rsquo;op\u00e9ration de Tel-Aviv le 7 avril 2022, et du martyr<strong> Nidal Khazem<\/strong>, le commandant des <strong>Brigades Qassam<\/strong>, assassin\u00e9 par une unit\u00e9 sp\u00e9ciale en compagnie de <strong>Yousef Shraim<\/strong> le 16 mars 2023. Wissam est mort en martyr le 30 ao\u00fbt 2024, apr\u00e8s que sa voiture a \u00e9t\u00e9 cibl\u00e9e dans la ville d&rsquo;Al-Zababdeh alors qu&rsquo;il \u00e9tait en compagnie du prisonnier lib\u00e9r\u00e9 <strong>Maysara Musharqa<\/strong> et d&rsquo;<strong>Arafat Al-Amer.<\/strong><\/p>\n<p>Arafat Al-Amer n&rsquo;a jamais \u00e9t\u00e9 \u00e9gal\u00e9 dans sa loyaut\u00e9 envers les martyrs. Apr\u00e8s le martyre d&rsquo;importants dirigeants et fondateurs tels <strong>Mohammed Hawashin, Mohammed Zubeidi, Islam Khamaiseh, Ahmed Barakat, Wi\u2019am Hanoun, Aysar <\/strong>et<strong> Ayham Al-Amer,<\/strong> certains se sont mis \u00e0 avoir peur et \u00e0 h\u00e9siter de continuer sur cette voie. Toutefois, la d\u00e9votion d&rsquo;Arafat Al-Amer \u00e9tait sans \u00e9gale. Quand il ravivait le souvenir d&rsquo;un ou l&rsquo;autre martyr, des larmes lui venaient aux yeux et il se disait tr\u00e8s impatient de pouvoir les rejoindre.<\/p>\n<p>Quant \u00e0 la toute jeune martyre <strong>Lujain Musleh<\/strong>, sa derni\u00e8re apparition a eu lieu \u00e0 la fen\u00eatre de son domicile \u00e0 Kafr Dan, le 4 septembre, quand les soldats ennemis l&rsquo;ont abattue d&rsquo;une balle dans la t\u00eate \u00e0 l&rsquo;\u00e2ge de 16 ans. Son p\u00e8re rappelle que, depuis l&rsquo;\u00e2ge de 10 ans, elle avait toujours souhait\u00e9 finir en martyre. Chaque fois qu&rsquo;elle voyait le cort\u00e8ge fun\u00e8bre d&rsquo;un martyr dans sa ville de Kafr Dan, \u00e0 J\u00e9nine ou \u00e0 Gaza, elle disait : <em>\u00ab J&rsquo;aimerais vraiment avoir un cort\u00e8ge comme celui-l\u00e0. \u00bb<\/em><\/p>\n<p>Les zones rurales que l&rsquo;ennemi a tent\u00e9 de neutraliser ont servi d&rsquo;environnement de soutien au bataillon, dans le camp de J\u00e9nine. Elles ont provoqu\u00e9 un tel \u00e9puisement chez l&rsquo;ennemi qu&rsquo;il a d\u00fb recourir \u00e0 l&#8217;emploi d&rsquo;armes a\u00e9riennes pour cibler le martyr <strong>Laith Shawahneh<\/strong> au village de Silat Al-Harthiya. Le <strong>Bataillon de Tubas<\/strong>, lui aussi, a sacrifi\u00e9 ses meilleurs combattants comme martyrs, parmi lesquels <strong>Mohammed Zubeidi, Ahmed Fawaz, Qusay Abdul-Razzaq, Mohammed Abu Zagha (du camp de J\u00e9nine), Mohammed Awad <\/strong>et <strong>Mohammed Abu Zeina.<\/strong> Quelques jours plus tard, plusieurs jeunes combattants de la famille Sawafteh ont suivi, dont <strong>Mohammed Sawafteh, Majd Sawafteh, Yassin Sawafteh <\/strong>et<strong> Qais Sawafteh, <\/strong>ainsi nomm\u00e9 d&rsquo;apr\u00e8s le martyr Qais Adwan \u2014 l&rsquo;un des combattants des <strong>Brigades Qassam<\/strong>, \u00e0 l&rsquo;Universit\u00e9 d&rsquo;An-Najah, devenu martyr le 4 avril 2002.<\/p>\n<p><strong>Talabah Bsharat,<\/strong> un lyc\u00e9en, a fabriqu\u00e9 quotidiennement des engins explosifs jusqu&rsquo;\u00e0 la date du 11 septembre, o\u00f9 il a \u00e9t\u00e9 tu\u00e9 par un drone qui l&rsquo;avait cibl\u00e9 en m\u00eame temps que trois autres jeunes gens, \u00e0 proximit\u00e9 de la mosqu\u00e9e Al-Tawheed de Tubas. Quant aux martyrs <strong>Mohammed Abu Talal (Harboush)<\/strong> et <strong>Amjad Al-Qanari<\/strong>, lors de l&rsquo;op\u00e9ration <em>\u00ab Camps d&rsquo;\u00e9t\u00e9 \u00bb<\/em>, ils avaient dress\u00e9 une embuscade dans le quartier d&rsquo;Al-Damj, au camp de J\u00e9nine, tuant un officier de l&rsquo;arm\u00e9e d&rsquo;invasion et blessant plusieurs autres militaires.<\/p>\n<p>&nbsp;<\/p>\n<div id=\"attachment_80523\" style=\"width: 772px\" class=\"wp-caption aligncenter\"><img loading=\"lazy\" decoding=\"async\" aria-describedby=\"caption-attachment-80523\" class=\"wp-image-80523 size-full\" src=\"https:\/\/charleroi-pourlapalestine.be\/wp-content\/uploads\/2025\/01\/The-guns-and-the-camps-4.png\" alt=\"\u00ab Le camp de J\u00e9nine restera un symbole de la d\u00e9termination palestinienne \u00bb, r\u00e9alis\u00e9 en guise d'h\u00e9ritage du si\u00e8ge du camp de Tel al-Zataar et tir\u00e9 d'une affiche originale de l'OLP, en 1976. Provient des archives digitales du Palestinian Museum.\" width=\"762\" height=\"767\" srcset=\"https:\/\/charleroi-pourlapalestine.be\/wp-content\/uploads\/2025\/01\/The-guns-and-the-camps-4.png 762w, https:\/\/charleroi-pourlapalestine.be\/wp-content\/uploads\/2025\/01\/The-guns-and-the-camps-4-298x300.png 298w, https:\/\/charleroi-pourlapalestine.be\/wp-content\/uploads\/2025\/01\/The-guns-and-the-camps-4-150x150.png 150w, https:\/\/charleroi-pourlapalestine.be\/wp-content\/uploads\/2025\/01\/The-guns-and-the-camps-4-80x80.png 80w\" sizes=\"auto, (max-width: 762px) 100vw, 762px\" \/><p id=\"caption-attachment-80523\" class=\"wp-caption-text\"><strong><em>\u00ab Le camp de J\u00e9nine restera un symbole de la d\u00e9termination palestinienne \u00bb<\/em>, r\u00e9alis\u00e9 en guise d&rsquo;h\u00e9ritage du si\u00e8ge du camp de Tel al-Zataar et tir\u00e9 d&rsquo;une affiche originale de l&rsquo;OLP, en 1976. Provient des archives digitales du Palestinian Museum.<\/strong><\/p><\/div>\n<p>&nbsp;<\/p>\n<p><strong>Conclusion<\/strong><\/p>\n<p>Dans son livre <em><a href=\"https:\/\/www.palestine-studies.org\/ar\/node\/1652903\" target=\"_blank\" rel=\"noopener\">\u00ab La grande bataille du camp de J\u00e9nine : l&rsquo;histoire vivante<\/a> \u00bb<\/em>, <strong>Jamal Huwail<\/strong> avance dans sa conclusion l&rsquo;id\u00e9e que la d\u00e9faite militaire subie \u00e0 la fin de la bataille doit \u00eatre lue \u00e0 la lumi\u00e8re de la d\u00e9faite plus large encourue en dehors du camp, et plus sp\u00e9cifiquement dans le cadre de la doctrine du projet national de l&rsquo;Autorit\u00e9 palestinienne.<\/p>\n<p>Initialement, la direction de l&rsquo;appareil s\u00e9curitaire ne participait pas \u00e0 l&rsquo;\u00e9laboration des plans de d\u00e9fense du camp. Cette responsabilit\u00e9 avait \u00e9t\u00e9 laiss\u00e9e aux combattants de la r\u00e9sistance et \u00e0 certains membres des forces s\u00e9curitaires s&rsquo;appuyant sur une exp\u00e9rience minimale d\u00e9nu\u00e9e de pr\u00e9paration scientifique. En ce qui concerne l&rsquo;armement, l&rsquo;Autorit\u00e9, m\u00eame au moment de la Seconde Intifada, n&rsquo;a pas arm\u00e9 la r\u00e9sistance au point qu&rsquo;elle emp\u00eachait les armes entrepos\u00e9es au QG des services de s\u00e9curit\u00e9 de parvenir aux combattants de la r\u00e9sistance. \u00c0 la veille de l&rsquo;invasion sioniste du camp, la r\u00e9sistance ne disposait que d&rsquo;un seul projectile RPG (pour lance-roquette, NdT).<\/p>\n<p>Durant la bataille, et au moment o\u00f9 la r\u00e9sistance a \u00e9prouv\u00e9 un sentiment de victoire \u00e0 la suite d&rsquo;une embuscade qui avait tu\u00e9 13 soldats sionistes, des appels de certains dirigeants de l&rsquo;Autorit\u00e9 avaient \u00e9t\u00e9 lanc\u00e9s en faveur de la reddition, en arguant de la futilit\u00e9 qu&rsquo;il y avait de poursuivre le combat, et m\u00eame de participer \u00e0 la guerre psychologique. \u00c0 la fin, Abu Jandal fut ex\u00e9cut\u00e9 le douzi\u00e8me jour.<\/p>\n<p>La principale diff\u00e9rence entre la bataille de 2002 et l&rsquo;actuelle exp\u00e9rience du <strong>Bataillon de J\u00e9nine<\/strong> r\u00e9side dans la r\u00e9alit\u00e9 selon laquelle la r\u00e9sistance est aujourd&rsquo;hui directement assi\u00e9g\u00e9e par l&rsquo;appareil s\u00e9curitaire palestinien. Non seulement l&rsquo;Autorit\u00e9 s&rsquo;est abstenue de soutenir la r\u00e9sistance, mais elle \u0153uvre activement pour l&rsquo;attaquer, depuis des ann\u00e9es, et cette situation a culmin\u00e9 avec l&rsquo;agression en cours, qui dure depuis plus d&rsquo;un mois et qui est marqu\u00e9e par un si\u00e8ge direct tant militaire que politique. Quant au second facteur, il consiste en la d\u00e9cision du bataillon de faire face jusqu&rsquo;\u00e0 la fin, une tactique qui provient des forces de la r\u00e9sistance \u00e0 Gaza, qui ont puis\u00e9 dans le profond h\u00e9ritage et la puissance r\u00e9gionale \u00e0 la t\u00eate de laquelle on trouve les forces arm\u00e9es y\u00e9m\u00e9nites. Le <strong>Y\u00e9men<\/strong> a d\u00e9velopp\u00e9 des technologies et des th\u00e9ories de combat capables d&rsquo;affronter les arm\u00e9es des \u00c9tats les plus puissants du monde.<\/p>\n<p style=\"text-align: center;\">*****<\/p>\n<p>Publi\u00e9 le 12 janvier 2024 sur<a href=\"https:\/\/samidoun.net\/2025\/01\/jenin-the-guns-of-the-camps\/\" target=\"_blank\" rel=\"noopener\"> Samidoun<\/a><br>Traduction : Jean-Marie Fl\u00e9mal, <a href=\"https:\/\/charleroi-pourlapalestine.be\/\" target=\"_blank\" rel=\"noopener\">Charleroi pour la Palestine<\/a><\/p>\n<p>&nbsp;<\/p>\n\n\n<p><\/p>\n","protected":false},"excerpt":{"rendered":"<p>Depuis la Palestine occup\u00e9e : Rapport sp\u00e9cial du r\u00e9seau international de solidarit\u00e9 avec les prisonniers palestiniens, Samidoun.<\/p>\n","protected":false},"author":1,"featured_media":80525,"comment_status":"closed","ping_status":"closed","sticky":false,"template":"","format":"standard","meta":{"ngg_post_thumbnail":0,"footnotes":""},"categories":[24,836,905,25],"tags":[],"class_list":["post-80519","post","type-post","status-publish","format-standard","has-post-thumbnail","hentry","category-lautorite-palestinienne","category-camps-de-refugies","category-jenine","category-la-resistance-palestinienne"],"yoast_head":"<!-- This site is optimized with the Yoast SEO plugin v27.3 - https:\/\/yoast.com\/product\/yoast-seo-wordpress\/ -->\n<title>J\u00e9nine : Les fusils des camps<\/title>\n<meta name=\"description\" content=\"&quot;J\u00e9nine, les fusils des camps&quot; : Rapport sp\u00e9cial du r\u00e9seau Samidoun depuis la Palestine occup\u00e9e\" \/>\n<meta name=\"robots\" content=\"index, follow, max-snippet:-1, max-image-preview:large, max-video-preview:-1\" \/>\n<link rel=\"canonical\" href=\"https:\/\/charleroi-pourlapalestine.be\/index.php\/2025\/01\/13\/jenine-les-fusils-des-camps\/\" \/>\n<script type=\"application\/ld+json\" class=\"yoast-schema-graph\">{\"@context\":\"https:\\\/\\\/schema.org\",\"@graph\":[{\"@type\":\"Article\",\"@id\":\"https:\\\/\\\/charleroi-pourlapalestine.be\\\/index.php\\\/2025\\\/01\\\/13\\\/jenine-les-fusils-des-camps\\\/#article\",\"isPartOf\":{\"@id\":\"https:\\\/\\\/charleroi-pourlapalestine.be\\\/index.php\\\/2025\\\/01\\\/13\\\/jenine-les-fusils-des-camps\\\/\"},\"author\":{\"name\":\"admin1873\",\"@id\":\"https:\\\/\\\/charleroi-pourlapalestine.be\\\/#\\\/schema\\\/person\\\/c19ff515112f1299d8c12671d8fe3faa\"},\"headline\":\"J\u00e9nine : Les fusils des camps\",\"datePublished\":\"2025-01-13T13:58:27+00:00\",\"dateModified\":\"2025-01-14T07:59:05+00:00\",\"mainEntityOfPage\":{\"@id\":\"https:\\\/\\\/charleroi-pourlapalestine.be\\\/index.php\\\/2025\\\/01\\\/13\\\/jenine-les-fusils-des-camps\\\/\"},\"wordCount\":3240,\"publisher\":{\"@id\":\"https:\\\/\\\/charleroi-pourlapalestine.be\\\/#organization\"},\"image\":{\"@id\":\"https:\\\/\\\/charleroi-pourlapalestine.be\\\/index.php\\\/2025\\\/01\\\/13\\\/jenine-les-fusils-des-camps\\\/#primaryimage\"},\"thumbnailUrl\":\"https:\\\/\\\/charleroi-pourlapalestine.be\\\/wp-content\\\/uploads\\\/2025\\\/01\\\/The-guns-and-the-camps-5.png\",\"articleSection\":[\"Autorit\u00e9 palestinienne\",\"Camps de r\u00e9fugi\u00e9s\",\"J\u00e9nine\",\"R\u00e9sistance\"],\"inLanguage\":\"fr-FR\"},{\"@type\":\"WebPage\",\"@id\":\"https:\\\/\\\/charleroi-pourlapalestine.be\\\/index.php\\\/2025\\\/01\\\/13\\\/jenine-les-fusils-des-camps\\\/\",\"url\":\"https:\\\/\\\/charleroi-pourlapalestine.be\\\/index.php\\\/2025\\\/01\\\/13\\\/jenine-les-fusils-des-camps\\\/\",\"name\":\"J\u00e9nine : Les fusils des camps\",\"isPartOf\":{\"@id\":\"https:\\\/\\\/charleroi-pourlapalestine.be\\\/#website\"},\"primaryImageOfPage\":{\"@id\":\"https:\\\/\\\/charleroi-pourlapalestine.be\\\/index.php\\\/2025\\\/01\\\/13\\\/jenine-les-fusils-des-camps\\\/#primaryimage\"},\"image\":{\"@id\":\"https:\\\/\\\/charleroi-pourlapalestine.be\\\/index.php\\\/2025\\\/01\\\/13\\\/jenine-les-fusils-des-camps\\\/#primaryimage\"},\"thumbnailUrl\":\"https:\\\/\\\/charleroi-pourlapalestine.be\\\/wp-content\\\/uploads\\\/2025\\\/01\\\/The-guns-and-the-camps-5.png\",\"datePublished\":\"2025-01-13T13:58:27+00:00\",\"dateModified\":\"2025-01-14T07:59:05+00:00\",\"description\":\"\\\"J\u00e9nine, les fusils des camps\\\" : Rapport sp\u00e9cial du r\u00e9seau Samidoun depuis la Palestine occup\u00e9e\",\"breadcrumb\":{\"@id\":\"https:\\\/\\\/charleroi-pourlapalestine.be\\\/index.php\\\/2025\\\/01\\\/13\\\/jenine-les-fusils-des-camps\\\/#breadcrumb\"},\"inLanguage\":\"fr-FR\",\"potentialAction\":[{\"@type\":\"ReadAction\",\"target\":[\"https:\\\/\\\/charleroi-pourlapalestine.be\\\/index.php\\\/2025\\\/01\\\/13\\\/jenine-les-fusils-des-camps\\\/\"]}]},{\"@type\":\"ImageObject\",\"inLanguage\":\"fr-FR\",\"@id\":\"https:\\\/\\\/charleroi-pourlapalestine.be\\\/index.php\\\/2025\\\/01\\\/13\\\/jenine-les-fusils-des-camps\\\/#primaryimage\",\"url\":\"https:\\\/\\\/charleroi-pourlapalestine.be\\\/wp-content\\\/uploads\\\/2025\\\/01\\\/The-guns-and-the-camps-5.png\",\"contentUrl\":\"https:\\\/\\\/charleroi-pourlapalestine.be\\\/wp-content\\\/uploads\\\/2025\\\/01\\\/The-guns-and-the-camps-5.png\",\"width\":930,\"height\":577},{\"@type\":\"BreadcrumbList\",\"@id\":\"https:\\\/\\\/charleroi-pourlapalestine.be\\\/index.php\\\/2025\\\/01\\\/13\\\/jenine-les-fusils-des-camps\\\/#breadcrumb\",\"itemListElement\":[{\"@type\":\"ListItem\",\"position\":1,\"name\":\"Accueil\",\"item\":\"https:\\\/\\\/charleroi-pourlapalestine.be\\\/\"},{\"@type\":\"ListItem\",\"position\":2,\"name\":\"J\u00e9nine : Les fusils des camps\"}]},{\"@type\":\"WebSite\",\"@id\":\"https:\\\/\\\/charleroi-pourlapalestine.be\\\/#website\",\"url\":\"https:\\\/\\\/charleroi-pourlapalestine.be\\\/\",\"name\":\"Charleroi Pour la Palestine\",\"description\":\"\",\"publisher\":{\"@id\":\"https:\\\/\\\/charleroi-pourlapalestine.be\\\/#organization\"},\"potentialAction\":[{\"@type\":\"SearchAction\",\"target\":{\"@type\":\"EntryPoint\",\"urlTemplate\":\"https:\\\/\\\/charleroi-pourlapalestine.be\\\/?s={search_term_string}\"},\"query-input\":{\"@type\":\"PropertyValueSpecification\",\"valueRequired\":true,\"valueName\":\"search_term_string\"}}],\"inLanguage\":\"fr-FR\"},{\"@type\":\"Organization\",\"@id\":\"https:\\\/\\\/charleroi-pourlapalestine.be\\\/#organization\",\"name\":\"Plate-forme Charleroi-Palestine\",\"url\":\"https:\\\/\\\/charleroi-pourlapalestine.be\\\/\",\"logo\":{\"@type\":\"ImageObject\",\"inLanguage\":\"fr-FR\",\"@id\":\"https:\\\/\\\/charleroi-pourlapalestine.be\\\/#\\\/schema\\\/logo\\\/image\\\/\",\"url\":\"https:\\\/\\\/charleroi-pourlapalestine.be\\\/wp-content\\\/uploads\\\/2020\\\/01\\\/logo-Copy.jpg\",\"contentUrl\":\"https:\\\/\\\/charleroi-pourlapalestine.be\\\/wp-content\\\/uploads\\\/2020\\\/01\\\/logo-Copy.jpg\",\"width\":180,\"height\":180,\"caption\":\"Plate-forme Charleroi-Palestine\"},\"image\":{\"@id\":\"https:\\\/\\\/charleroi-pourlapalestine.be\\\/#\\\/schema\\\/logo\\\/image\\\/\"},\"sameAs\":[\"https:\\\/\\\/www.facebook.com\\\/PlateformeCharleroiPalestine\\\/\",\"https:\\\/\\\/x.com\\\/LaCharleroi\"]},{\"@type\":\"Person\",\"@id\":\"https:\\\/\\\/charleroi-pourlapalestine.be\\\/#\\\/schema\\\/person\\\/c19ff515112f1299d8c12671d8fe3faa\",\"name\":\"admin1873\",\"url\":\"https:\\\/\\\/charleroi-pourlapalestine.be\\\/index.php\\\/author\\\/admin1873\\\/\"}]}<\/script>\n<!-- \/ Yoast SEO plugin. -->","yoast_head_json":{"title":"J\u00e9nine : Les fusils des camps","description":"\"J\u00e9nine, les fusils des camps\" : Rapport sp\u00e9cial du r\u00e9seau Samidoun depuis la Palestine occup\u00e9e","robots":{"index":"index","follow":"follow","max-snippet":"max-snippet:-1","max-image-preview":"max-image-preview:large","max-video-preview":"max-video-preview:-1"},"canonical":"https:\/\/charleroi-pourlapalestine.be\/index.php\/2025\/01\/13\/jenine-les-fusils-des-camps\/","schema":{"@context":"https:\/\/schema.org","@graph":[{"@type":"Article","@id":"https:\/\/charleroi-pourlapalestine.be\/index.php\/2025\/01\/13\/jenine-les-fusils-des-camps\/#article","isPartOf":{"@id":"https:\/\/charleroi-pourlapalestine.be\/index.php\/2025\/01\/13\/jenine-les-fusils-des-camps\/"},"author":{"name":"admin1873","@id":"https:\/\/charleroi-pourlapalestine.be\/#\/schema\/person\/c19ff515112f1299d8c12671d8fe3faa"},"headline":"J\u00e9nine : Les fusils des camps","datePublished":"2025-01-13T13:58:27+00:00","dateModified":"2025-01-14T07:59:05+00:00","mainEntityOfPage":{"@id":"https:\/\/charleroi-pourlapalestine.be\/index.php\/2025\/01\/13\/jenine-les-fusils-des-camps\/"},"wordCount":3240,"publisher":{"@id":"https:\/\/charleroi-pourlapalestine.be\/#organization"},"image":{"@id":"https:\/\/charleroi-pourlapalestine.be\/index.php\/2025\/01\/13\/jenine-les-fusils-des-camps\/#primaryimage"},"thumbnailUrl":"https:\/\/charleroi-pourlapalestine.be\/wp-content\/uploads\/2025\/01\/The-guns-and-the-camps-5.png","articleSection":["Autorit\u00e9 palestinienne","Camps de r\u00e9fugi\u00e9s","J\u00e9nine","R\u00e9sistance"],"inLanguage":"fr-FR"},{"@type":"WebPage","@id":"https:\/\/charleroi-pourlapalestine.be\/index.php\/2025\/01\/13\/jenine-les-fusils-des-camps\/","url":"https:\/\/charleroi-pourlapalestine.be\/index.php\/2025\/01\/13\/jenine-les-fusils-des-camps\/","name":"J\u00e9nine : Les fusils des camps","isPartOf":{"@id":"https:\/\/charleroi-pourlapalestine.be\/#website"},"primaryImageOfPage":{"@id":"https:\/\/charleroi-pourlapalestine.be\/index.php\/2025\/01\/13\/jenine-les-fusils-des-camps\/#primaryimage"},"image":{"@id":"https:\/\/charleroi-pourlapalestine.be\/index.php\/2025\/01\/13\/jenine-les-fusils-des-camps\/#primaryimage"},"thumbnailUrl":"https:\/\/charleroi-pourlapalestine.be\/wp-content\/uploads\/2025\/01\/The-guns-and-the-camps-5.png","datePublished":"2025-01-13T13:58:27+00:00","dateModified":"2025-01-14T07:59:05+00:00","description":"\"J\u00e9nine, les fusils des camps\" : Rapport sp\u00e9cial du r\u00e9seau Samidoun depuis la Palestine occup\u00e9e","breadcrumb":{"@id":"https:\/\/charleroi-pourlapalestine.be\/index.php\/2025\/01\/13\/jenine-les-fusils-des-camps\/#breadcrumb"},"inLanguage":"fr-FR","potentialAction":[{"@type":"ReadAction","target":["https:\/\/charleroi-pourlapalestine.be\/index.php\/2025\/01\/13\/jenine-les-fusils-des-camps\/"]}]},{"@type":"ImageObject","inLanguage":"fr-FR","@id":"https:\/\/charleroi-pourlapalestine.be\/index.php\/2025\/01\/13\/jenine-les-fusils-des-camps\/#primaryimage","url":"https:\/\/charleroi-pourlapalestine.be\/wp-content\/uploads\/2025\/01\/The-guns-and-the-camps-5.png","contentUrl":"https:\/\/charleroi-pourlapalestine.be\/wp-content\/uploads\/2025\/01\/The-guns-and-the-camps-5.png","width":930,"height":577},{"@type":"BreadcrumbList","@id":"https:\/\/charleroi-pourlapalestine.be\/index.php\/2025\/01\/13\/jenine-les-fusils-des-camps\/#breadcrumb","itemListElement":[{"@type":"ListItem","position":1,"name":"Accueil","item":"https:\/\/charleroi-pourlapalestine.be\/"},{"@type":"ListItem","position":2,"name":"J\u00e9nine : Les fusils des camps"}]},{"@type":"WebSite","@id":"https:\/\/charleroi-pourlapalestine.be\/#website","url":"https:\/\/charleroi-pourlapalestine.be\/","name":"Charleroi Pour la Palestine","description":"","publisher":{"@id":"https:\/\/charleroi-pourlapalestine.be\/#organization"},"potentialAction":[{"@type":"SearchAction","target":{"@type":"EntryPoint","urlTemplate":"https:\/\/charleroi-pourlapalestine.be\/?s={search_term_string}"},"query-input":{"@type":"PropertyValueSpecification","valueRequired":true,"valueName":"search_term_string"}}],"inLanguage":"fr-FR"},{"@type":"Organization","@id":"https:\/\/charleroi-pourlapalestine.be\/#organization","name":"Plate-forme Charleroi-Palestine","url":"https:\/\/charleroi-pourlapalestine.be\/","logo":{"@type":"ImageObject","inLanguage":"fr-FR","@id":"https:\/\/charleroi-pourlapalestine.be\/#\/schema\/logo\/image\/","url":"https:\/\/charleroi-pourlapalestine.be\/wp-content\/uploads\/2020\/01\/logo-Copy.jpg","contentUrl":"https:\/\/charleroi-pourlapalestine.be\/wp-content\/uploads\/2020\/01\/logo-Copy.jpg","width":180,"height":180,"caption":"Plate-forme Charleroi-Palestine"},"image":{"@id":"https:\/\/charleroi-pourlapalestine.be\/#\/schema\/logo\/image\/"},"sameAs":["https:\/\/www.facebook.com\/PlateformeCharleroiPalestine\/","https:\/\/x.com\/LaCharleroi"]},{"@type":"Person","@id":"https:\/\/charleroi-pourlapalestine.be\/#\/schema\/person\/c19ff515112f1299d8c12671d8fe3faa","name":"admin1873","url":"https:\/\/charleroi-pourlapalestine.be\/index.php\/author\/admin1873\/"}]}},"_links":{"self":[{"href":"https:\/\/charleroi-pourlapalestine.be\/index.php\/wp-json\/wp\/v2\/posts\/80519","targetHints":{"allow":["GET"]}}],"collection":[{"href":"https:\/\/charleroi-pourlapalestine.be\/index.php\/wp-json\/wp\/v2\/posts"}],"about":[{"href":"https:\/\/charleroi-pourlapalestine.be\/index.php\/wp-json\/wp\/v2\/types\/post"}],"author":[{"embeddable":true,"href":"https:\/\/charleroi-pourlapalestine.be\/index.php\/wp-json\/wp\/v2\/users\/1"}],"replies":[{"embeddable":true,"href":"https:\/\/charleroi-pourlapalestine.be\/index.php\/wp-json\/wp\/v2\/comments?post=80519"}],"version-history":[{"count":0,"href":"https:\/\/charleroi-pourlapalestine.be\/index.php\/wp-json\/wp\/v2\/posts\/80519\/revisions"}],"wp:featuredmedia":[{"embeddable":true,"href":"https:\/\/charleroi-pourlapalestine.be\/index.php\/wp-json\/wp\/v2\/media\/80525"}],"wp:attachment":[{"href":"https:\/\/charleroi-pourlapalestine.be\/index.php\/wp-json\/wp\/v2\/media?parent=80519"}],"wp:term":[{"taxonomy":"category","embeddable":true,"href":"https:\/\/charleroi-pourlapalestine.be\/index.php\/wp-json\/wp\/v2\/categories?post=80519"},{"taxonomy":"post_tag","embeddable":true,"href":"https:\/\/charleroi-pourlapalestine.be\/index.php\/wp-json\/wp\/v2\/tags?post=80519"}],"curies":[{"name":"wp","href":"https:\/\/api.w.org\/{rel}","templated":true}]}}