{"id":80579,"date":"2025-01-14T14:33:58","date_gmt":"2025-01-14T13:33:58","guid":{"rendered":"https:\/\/charleroi-pourlapalestine.be\/?p=80579"},"modified":"2025-01-14T14:34:00","modified_gmt":"2025-01-14T13:34:00","slug":"l-autorite-palestinienne-tue-ses-compatriotes-et-prouve-sa-servilite-envers-israel","status":"publish","type":"post","link":"https:\/\/charleroi-pourlapalestine.be\/index.php\/2025\/01\/14\/l-autorite-palestinienne-tue-ses-compatriotes-et-prouve-sa-servilite-envers-israel\/","title":{"rendered":"L&rsquo;Autorit\u00e9 palestinienne tue ses compatriotes et prouve sa servilit\u00e9 envers Isra\u00ebl"},"content":{"rendered":"<p><strong>Voil\u00e0 plus d&rsquo;un mois que l&rsquo;Autorit\u00e9 palestinienne (AP) a <a href=\"https:\/\/charleroi-pourlapalestine.be\/index.php\/2024\/12\/16\/jenine-lautorite-palestinienne-obeit-servilement-a-israel\/\" target=\"_blank\" rel=\"noopener\">lanc\u00e9 une op\u00e9ration militaire meurtri\u00e8re<\/a> contre le camp de r\u00e9fugi\u00e9s de J\u00e9nine, dans le nord de la Cisjordanie occup\u00e9e.<\/strong><\/p>\n<p>&nbsp;<\/p>\n<div id=\"attachment_80203\" style=\"width: 1050px\" class=\"wp-caption aligncenter\"><img loading=\"lazy\" decoding=\"async\" aria-describedby=\"caption-attachment-80203\" class=\"wp-image-80203 size-full\" src=\"https:\/\/charleroi-pourlapalestine.be\/wp-content\/uploads\/2025\/01\/28-12-MDL-DE-GAZA-A-JENINE-e1736852082508.jpeg\" alt=\"Lors de la manifestation contre le g\u00e9nocide \u00e0 Gaza, le 28 d\u00e9cembre 2025 \u00e0 Charleroi, la Plateforme Charleroi-Palestine a rappel\u00e9 \u00e9galement  la situation en Cisjordanie et particuli\u00e8rement \u00e0 J\u00e9nine o\u00f9 l'Autorit\u00e9 palestinienne collaboratrice m\u00e8ne actuellement des actions contre la population, la jeunesse et la r\u00e9sistance, effectuant la sale besogne de l\u2019occupant. Photo : Calicot port\u00e9 lors de la manifestation.\" width=\"1040\" height=\"650\" srcset=\"https:\/\/charleroi-pourlapalestine.be\/wp-content\/uploads\/2025\/01\/28-12-MDL-DE-GAZA-A-JENINE-e1736852082508.jpeg 1040w, https:\/\/charleroi-pourlapalestine.be\/wp-content\/uploads\/2025\/01\/28-12-MDL-DE-GAZA-A-JENINE-e1736852082508-300x188.jpeg 300w, https:\/\/charleroi-pourlapalestine.be\/wp-content\/uploads\/2025\/01\/28-12-MDL-DE-GAZA-A-JENINE-e1736852082508-1024x640.jpeg 1024w, https:\/\/charleroi-pourlapalestine.be\/wp-content\/uploads\/2025\/01\/28-12-MDL-DE-GAZA-A-JENINE-e1736852082508-768x480.jpeg 768w\" sizes=\"auto, (max-width: 1040px) 100vw, 1040px\" \/><p id=\"caption-attachment-80203\" class=\"wp-caption-text\"><strong>Lors de la manifestation contre le g\u00e9nocide \u00e0 Gaza, le 28 d\u00e9cembre 2024 \u00e0 Charleroi, la Plateforme Charleroi-Palestine a rappel\u00e9 \u00e9galement la situation en Cisjordanie et particuli\u00e8rement \u00e0 J\u00e9nine o\u00f9 l&rsquo;Autorit\u00e9 palestinienne collaboratrice m\u00e8ne actuellement des actions contre la population, la jeunesse et la r\u00e9sistance, effectuant la sale besogne de l\u2019occupant.<\/strong><\/p><\/div>\n<p>&nbsp;<\/p>\n<p><strong>Tamara Nassar<\/strong>, 12 janvier 2025<\/p>\n<p>Jusqu&rsquo;\u00e0 pr\u00e9sent, 14 personnes, dont six membres des forces de l&rsquo;AP, ont \u00e9t\u00e9 tu\u00e9es au cours de l&rsquo;op\u00e9ration, qui cible surtout les Palestiniens arm\u00e9s du camp, dans le but de les d\u00e9sarmer.<\/p>\n<p>Mais, \u00e0 l&rsquo;instar des attaques isra\u00e9liennes sur lesquelles elles semblent copi\u00e9es, la violence et les tactiques de si\u00e8ge de l&rsquo;Autorit\u00e9 palestinienne frappent sans discrimination aucune les r\u00e9sidents locaux.<\/p>\n<p>Parmi les r\u00e9sidents palestiniens du camp qui ont perdu la vie figurent un p\u00e8re et son fils adolescent, ainsi qu&rsquo;une journaliste palestinienne.<\/p>\n<p>Les camps de r\u00e9fugi\u00e9s du nord de la Cisjordanie, dont<strong> Nur Shams \u00e0 Tulkarem, al-Faraa \u00e0 Tubas, Balata \u00e0 Naplouse et le camp de J\u00e9nine<\/strong>, ont compris qu&rsquo;il \u00e9tait <a href=\"https:\/\/charleroi-pourlapalestine.be\/index.php\/2024\/09\/02\/cisjordanie-lintensification-des-tueries-disrael-ne-viendra-pas-a-bout-de-la-resistance\/\">urgent qu&rsquo;apparaissent des organisations palestiniennes arm\u00e9es<\/a> afin de contrer l&#8217;empi\u00e9tement isra\u00e9lien et les saisies de terre, ainsi que de d\u00e9fendre les r\u00e9sidents des camps contre les attaques isra\u00e9liennes.<\/p>\n<p>Depuis qu&rsquo;Isra\u00ebl a entam\u00e9 son g\u00e9nocide des Palestiniens dans la bande de Gaza le 7 octobre 2023, il a \u00e9galement men\u00e9 des raids r\u00e9p\u00e9t\u00e9s contre les camps de r\u00e9fugi\u00e9s de Cisjordanie.<\/p>\n<p>Les raids comprenaient des bombardements a\u00e9riens, la destruction de routes et d&rsquo;infrastructures essentielles comme l&rsquo;eau et l&rsquo;\u00e9lectricit\u00e9, et l&rsquo;assassinat de combattants palestiniens arm\u00e9s et de civils, dont des enfants.<\/p>\n<p>La campagne meurtri\u00e8re de J\u00e9nine a tout d&rsquo;une proposition de l&rsquo;Autorit\u00e9 palestinienne de <a href=\"https:\/\/charleroi-pourlapalestine.be\/index.php\/2024\/12\/19\/l-ap-prouve-sa-loyaute-envers-les-eu-et-israel-en-attaquant-jenine\/\">prouver sa loyaut\u00e9<\/a> et son efficacit\u00e9 \u00e0 ses suzerains isra\u00e9liens, ainsi qu&rsquo;\u00e0 la prochaine administration am\u00e9ricaine du pr\u00e9sident \u00e9lu Donald Trump.<\/p>\n<p>Depuis sa cr\u00e9ation au milieu des ann\u00e9es 1990, l&rsquo;AP a maintenu cette collaboration \u00e9troite avec les forces isra\u00e9liennes d&rsquo;occupation et ce, sous la banni\u00e8re de la <em>\u00ab coordination s\u00e9curitaire \u00bb.<\/em><\/p>\n<p>Int\u00e9gr\u00e9e aux accords d&rsquo;Oslo en fonction desquels l&rsquo;AP a \u00e9t\u00e9 cr\u00e9\u00e9e, il y a son obligation de combattre la r\u00e9sistance palestinienne \u2013 appel\u00e9e \u00ab terrorisme \u00bb par Isra\u00ebl \u2013 pour le compte m\u00eame d&rsquo;Isra\u00ebl.<\/p>\n<p>&nbsp;<\/p>\n<h3>Le fantasme de Gaza<\/h3>\n<p>La d\u00e9monstration de loyaut\u00e9 renouvel\u00e9e de l&rsquo;Autorit\u00e9 palestinienne tombe au milieu d&rsquo;informations concernant son ambition d&rsquo;\u00eatre impliqu\u00e9e dans le gouvernement de Gaza et ce, dans le cadre d&rsquo;un sc\u00e9nario d&rsquo;apr\u00e8s le cessez-le-feu.<\/p>\n<p>Apparemment, c&rsquo;est en contradiction avec des ambitions similaires que nourrissent les \u00c9mirats arabes unis (EAU).<\/p>\n<p>Les<strong> EAU<\/strong> ont discut\u00e9 avec les <strong>\u00c9tats-Unis<\/strong> de la possibilit\u00e9 de participer \u00e0 une <em>\u00ab administration provisoire \u00bb<\/em> jusqu&rsquo;\u00e0 ce qu&rsquo;une AP <em>\u00ab r\u00e9form\u00e9e \u00bb<\/em> soit \u00e0 m\u00eame de gouverner, rapportait Reuters la semaine derni\u00e8re en citant une douzaine de diplomates \u00e9trangers et de responsables occidentaux.<\/p>\n<blockquote>\n<p>\u00ab Les EAU ne participeront \u00e0 aucun plan qui n&rsquo;inclura pas l&rsquo;importante r\u00e9forme de l&rsquo;Autorit\u00e9 palestinienne, de son pouvoir et de l&rsquo;instauration d&rsquo;une feuille de route cr\u00e9dible vers la cr\u00e9ation d&rsquo;un \u00c9tat palestinien \u00bb,<\/p>\n<\/blockquote>\n<p>a <a href=\"https:\/\/www.reuters.com\/world\/uae-in-talks-with-us-israel-about-provisional-government-post-war-gaza-2025-01-07\/\" target=\"_blank\" rel=\"noopener\">expliqu\u00e9<\/a> \u00e0 Reuters un haut responsable des EAU.<\/p>\n<p>L&rsquo;AP s&rsquo;est sentie marginalis\u00e9e par les ambitions des EAU, qui se sont r\u00e9v\u00e9l\u00e9es davantage align\u00e9es sur les desiderata de <strong>Trump<\/strong>. Cette frustration a incit\u00e9 l&rsquo;AP \u00e0 lancer son raid meurtrier et \u00e0 grande \u00e9chelle contre<strong> J\u00e9nine<\/strong>, plut\u00f4t qu&rsquo;une op\u00e9ration de moindre envergure \u00e0 <strong>Tulkarem<\/strong> telle que la recommandaient initialement les EU, s&rsquo;il faut en croire la publication <a href=\"https:\/\/www.middleeasteye.net\/news\/palestinian-authority-fears-being-sidelined-gaza-trump-and-uae\" target=\"_blank\" rel=\"noopener\"><em>Middle East Eye<\/em>,<\/a> qui cite sans les nommer des responsables tant anciens que actuels de l&rsquo;\u00c9gypte, des EU et d&rsquo;Isra\u00ebl.<\/p>\n<p>Pour l&rsquo;Autorit\u00e9 palestinienne, pour que se r\u00e9alisent les ambitions \u00e9miraties ou am\u00e9ricaines \u00e0 Gaza, Isra\u00ebl devrait d&rsquo;abord concr\u00e9tiser ses objectifs militaires d\u00e9clar\u00e9s \u2013 un r\u00e9sultat toujours tr\u00e8s loin d&rsquo;\u00eatre atteint.<\/p>\n<p>De tels plans ne se d\u00e9roulent pas toujours comme on l&rsquo;esp\u00e8re et peuvent s&rsquo;av\u00e9rer de tr\u00e8s courte dur\u00e9e, \u00e0 l&rsquo;instar de l&rsquo;infortun\u00e9e jet\u00e9e de 230 millions de USD construite par les EU au large de la c\u00f4te de Gaza en fonction d&rsquo;objectifs tr\u00e8s <a href=\"https:\/\/charleroi-pourlapalestine.be\/index.php\/2024\/03\/16\/que-est-le-but-veritable-du-port-voulu-par-biden-a-gaza\/\" target=\"_blank\" rel=\"noopener\">discrets<\/a> avant que le projet ne soit abandonn\u00e9 et la jet\u00e9e en partie remorqu\u00e9e jusqu&rsquo;au rivage d&rsquo;Ashdod, dans le sud d&rsquo;Isra\u00ebl.<\/p>\n<p>Les hommes politiques extr\u00e9mistes d&rsquo;Isra\u00ebl <a href=\"https:\/\/www.middleeastmonitor.com\/20241122-smotrich-calls-for-sanctions-to-weaken-palestinian-authority\/\" target=\"_blank\" rel=\"noopener\">d\u00e9molissent<\/a> l&rsquo;AP en public, malgr\u00e9 sa collaboration \u00e9troite avec Isra\u00ebl.<\/p>\n<p>La campagne militaire de J\u00e9nine est un exemple clair d&rsquo;action au nom d&rsquo;Isra\u00ebl et Isra\u00ebl et les EU s&rsquo;av\u00e8rent contents de la performance meurtri\u00e8re de l&rsquo;AP.<\/p>\n<blockquote>\n<p>\u00ab Isra\u00ebl a \u00e9t\u00e9 surpris par la d\u00e9termination dont ont fait preuve les forces palestiniennes de s\u00e9curit\u00e9 au cours des combats \u00bb,<\/p>\n<\/blockquote>\n<p>a <a href=\"https:\/\/www.wsj.com\/world\/middle-east\/the-palestinian-authority-takes-on-hamas-militants-in-west-bank-power-struggle-f2da23d2\" target=\"_blank\" rel=\"noopener\">rapport\u00e9<\/a> The Wall Street Journal, citant un haut responsable de la \u00ab s\u00e9curit\u00e9 \u00bb isra\u00e9lienne, sans toutefois le nommer.<\/p>\n<p>Aujourd&rsquo;hui, l&rsquo;Autorit\u00e9 palestinienne demande que les EU approuvent un plan de 680 millions de USD \u00e9tal\u00e9 sur quatre ans afin de former ses forces et de donner un coup de pouce \u00e0 ses munitions et \u00e0 ses v\u00e9hicules blind\u00e9s, ont r\u00e9v\u00e9l\u00e9 des sources anonymes des EU et de l&rsquo;AP dans la publication <a href=\"https:\/\/www.middleeasteye.net\/news\/palestinian-authority-requests-security-assistance-us-amid-jenin-raids\" target=\"_blank\" rel=\"noopener\"><em>Middle East Eye.<\/em><\/a><\/p>\n<p>Tout cet armement ne pourra \u00eatre utilis\u00e9 que contre ses compatriotes palestiniens.<\/p>\n<blockquote>\n<p>\u00ab Les responsables de l&rsquo;AP ont demand\u00e9 lors de la r\u00e9union que leurs besoins en v\u00e9hicules blind\u00e9s et en munitions soient satisfaits de toute urgence, vu la difficult\u00e9 des affrontements et son incapacit\u00e9 \u00e0 r\u00e9soudre la situation dans le camp de J\u00e9nine \u00bb,<\/p>\n<\/blockquote>\n<p>a expliqu\u00e9 une source \u00e0 <em>Middle East Eye.<\/em><\/p>\n<p>La demande, introduite \u00e0 la mi-d\u00e9cembre lors d&rsquo;une r\u00e9union avec des responsables am\u00e9ricains au minist\u00e8re de l&rsquo;Int\u00e9rieur de l&rsquo;Autorit\u00e9 palestinienne \u00e0 Ramallah, r\u00e9sultait des expressions de frustration de la part du camp palestinien \u00e0 propos de l&rsquo;incapacit\u00e9 des EU de remplir leurs engagements, y compris armer les forces de l&rsquo;AP et approuver le financement des prisons de l&rsquo;AP \u00e0 Naplouse et \u00e0 Bethl\u00e9em.<\/p>\n<p>Dans les zones de territoire occup\u00e9 dont l&rsquo;AP a le contr\u00f4le nominal, les forces palestiniennes n&rsquo;ont le droit d&rsquo;arr\u00eater que des Palestiniens. Elles ne peuvent toucher ni aux soldats ni aux colons isra\u00e9liens qui agressent des Palestiniens.<\/p>\n<p>O\u00f9 que ce soit en Cisjordanie, les prisons de l&rsquo;AP sont avant tout utilis\u00e9es pour emprisonner des Palestiniens qui osent r\u00e9sister \u00e0 l&rsquo;occupation militaire isra\u00e9lienne.<\/p>\n<p>Cela signifie en pratique que l&rsquo;Autorit\u00e9 palestinienne existe dans le but de <a href=\"https:\/\/electronicintifada.net\/blogs\/tamara-nassar\/how-palestinian-authority-helps-protect-israeli-settlers\" target=\"_blank\" rel=\"noopener\">prot\u00e9ger Isra\u00ebl et ses colons<\/a> et d&rsquo;administrer la police \u00e0 l&rsquo;encontre des Palestiniens au nom d&rsquo;Isra\u00ebl. Le r\u00f4le cl\u00e9 de l&rsquo;AP dans la r\u00e9pression des protestations et de la r\u00e9sistance palestiniennes contre l&rsquo;occupation militaire isra\u00e9lienne est l&rsquo;une des raisons pour lesquelles les EU et les \u00c9tats europ\u00e9ens la financent.<\/p>\n<blockquote>\n<p>\u00ab La demande de fonds et d&rsquo;armes suppl\u00e9mentaires de l&rsquo;AP \u00e9tait sens\u00e9e du fait que les EU pressaient l&rsquo;AP depuis des mois afin qu&rsquo;elle intensifie ses op\u00e9rations s\u00e9curitaires en Cisjordanie occup\u00e9e \u00bb,<\/p>\n<\/blockquote>\n<p>a encore dit la publication, citant un ancien responsable des renseignements am\u00e9ricains.<\/p>\n<p>&nbsp;<\/p>\n<h3>Les forces de l&rsquo;Autorit\u00e9 palestinienne s&rsquo;inspirent des tactiques isra\u00e9liennes<\/h3>\n<p>Imitant les tactiques isra\u00e9liennes durant les raids, les forces de l&rsquo;AP ont ferm\u00e9 herm\u00e9tiquement les entr\u00e9es du camp et se sont positionn\u00e9es \u00e0 l&rsquo;int\u00e9rieur des maisons et d&rsquo;un h\u00f4pital dans le camp de r\u00e9fugi\u00e9s de J\u00e9nine.<\/p>\n<p>Pr\u00e8s de 2 000 r\u00e9sidents du camp ont \u00e9t\u00e9 d\u00e9plac\u00e9s de force dans des zones toutes proches.<\/p>\n<p>Les Palestiniens rest\u00e9s dans le camp <em>\u00ab ont lutt\u00e9 pour couvrir leurs besoins \u00e9l\u00e9mentaires \u00bb<\/em>, a <a href=\"https:\/\/www.ochaopt.org\/content\/humanitarian-situation-update-254-west-bank\" target=\"_blank\" rel=\"noopener\">rapport\u00e9<\/a> l&rsquo;organisation de contr\u00f4le de l&rsquo;ONU, l&rsquo;OCHA. Les \u00e9piceries tombent \u00e0 court de marchandises et les r\u00e9sidents ne disposent que d&rsquo;un acc\u00e8s limit\u00e9 \u00e0 l&rsquo;eau.<\/p>\n<p>Plus de 60 pour 100 de la population du camp de r\u00e9fugi\u00e9s de J\u00e9nine est affect\u00e9e par les coupures dans la distribution d&rsquo;eau, qui a \u00e9t\u00e9 fortement endommag\u00e9e par les attaques isra\u00e9liennes successives et l&rsquo;assaut de l&rsquo;AP a en outre retard\u00e9 les r\u00e9parations.<\/p>\n<p>L&rsquo;agence des Nations unies pour les r\u00e9fugi\u00e9s palestiniens (UNRWA) a \u00e9t\u00e9 forc\u00e9e de suspendre ses services dans le camp pendant pr\u00e8s de trois semaines.<\/p>\n<p>Quatre \u00e9coles de l&rsquo;UNRWA ont \u00e9t\u00e9 ferm\u00e9es dans le camp depuis le 9 d\u00e9cembre, ce qui laisse quelque 1 600 \u00e9coliers sans enseignement pour des semaines enti\u00e8res.<\/p>\n<p>Pendant pr\u00e8s de deux semaines, un centre de soins de sant\u00e9 de l&rsquo;UNRWA dans le camp a \u00e9t\u00e9 <a href=\"https:\/\/www.unrwa.org\/newsroom\/official-statements\/west-bank-palestinian-armed-actors-enter-and-use-unrwa-health-centre\" target=\"_blank\" rel=\"noopener\">temporairement occup\u00e9 <\/a>par des Palestiniens arm\u00e9s.<\/p>\n<p>Le raid de l&rsquo;AP a entra\u00een\u00e9 d&rsquo;importants d\u00e9g\u00e2ts aux infrastructures ; pr\u00e8s de 30 maisons ont \u00e9t\u00e9 incendi\u00e9es et des r\u00e9servoirs d&rsquo;eau ainsi que des g\u00e9n\u00e9rateurs ont \u00e9t\u00e9 endommag\u00e9s.<\/p>\n<p>L&rsquo;UNRWA a \u00e9galement \u00e9t\u00e9 forc\u00e9e de suspendre la gestion des d\u00e9chets solides, ce qui s&rsquo;est traduit par une accumulation des immondices.<\/p>\n<p>Une jeune journaliste palestinienne, <strong>Shatha Sabagh, 21 ans,<\/strong> a \u00e9t\u00e9 tu\u00e9e d&rsquo;une balle dans la t\u00eate \u00e0 l&rsquo;ext\u00e9rieur de sa maison le 28 d\u00e9cembre. L&rsquo;OCHA a d\u00e9clar\u00e9 qu&rsquo;<em>\u00ab on ne sait pas tr\u00e8s bien si elle a \u00e9t\u00e9 abattue par les forces palestiniennes ou par des Palestiniens arm\u00e9s \u00bb<\/em>, mais la famille de la journaliste a \u00e9t\u00e9 p\u00e9remptoire pour accuser l&rsquo;Autorit\u00e9 palestinienne de l&rsquo;assassinat de la jeune femme.<br><br><\/p>\n<div id=\"attachment_80522\" style=\"width: 905px\" class=\"wp-caption aligncenter\"><img loading=\"lazy\" decoding=\"async\" aria-describedby=\"caption-attachment-80522\" class=\"wp-image-80522 size-full\" src=\"https:\/\/charleroi-pourlapalestine.be\/wp-content\/uploads\/2025\/01\/The-guns-and-the-camps-3.png\" alt=\"\" width=\"895\" height=\"868\" srcset=\"https:\/\/charleroi-pourlapalestine.be\/wp-content\/uploads\/2025\/01\/The-guns-and-the-camps-3.png 895w, https:\/\/charleroi-pourlapalestine.be\/wp-content\/uploads\/2025\/01\/The-guns-and-the-camps-3-300x291.png 300w, https:\/\/charleroi-pourlapalestine.be\/wp-content\/uploads\/2025\/01\/The-guns-and-the-camps-3-768x745.png 768w\" sizes=\"auto, (max-width: 895px) 100vw, 895px\" \/><p id=\"caption-attachment-80522\" class=\"wp-caption-text\"><strong>La martyre Shatha al-Sabagh, 2024. Cette affiche a \u00e9t\u00e9 publi\u00e9 par Samidoun dans l&rsquo;article : <a href=\"https:\/\/charleroi-pourlapalestine.be\/index.php\/2025\/01\/13\/jenine-les-fusils-des-camps\/\">J\u00e9nine &#8211; les fusils des camps\u00a0\u00bb<\/a><\/strong><\/p><\/div>\n<p><em>Lawyers for Justice<\/em> rapporte que le journaliste<strong> Jarrah Khalaf<\/strong> est <a href=\"https:\/\/x.com\/QudsNen\/status\/1878392504078176392?ref_src=twsrc%5Etfw%7Ctwcamp%5Etweetembed%7Ctwterm%5E1878392504078176392%7Ctwgr%5Ebff609acdd0c1f9e9cb825dfec0d5832dd20da75%7Ctwcon%5Es1_&amp;ref_url=https%3A%2F%2Felectronicintifada.net%2Fblogs%2Ftamara-nassar%2Fpalestinian-authority-kills-its-own-people-proves-loyalty-israel\" target=\"_blank\" rel=\"noopener\">tortur\u00e9<\/a> dans les prisons de l&rsquo;Autorit\u00e9 palestinienne en raison de sa couverture de la r\u00e9pression en cours de l&rsquo;AP dans le camp de r\u00e9fugi\u00e9s de J\u00e9nine.<br><br><\/p>\n<div id=\"attachment_80623\" style=\"width: 705px\" class=\"wp-caption aligncenter\"><img loading=\"lazy\" decoding=\"async\" aria-describedby=\"caption-attachment-80623\" class=\"wp-image-80623 size-full\" src=\"https:\/\/charleroi-pourlapalestine.be\/wp-content\/uploads\/2025\/01\/Jarrah-Khalaf.png\" alt=\"Lawyers for Justice rapporte que le journaliste Jarrah Khalaf est tortur\u00e9 dans les prisons de l'Autorit\u00e9 palestinienne en raison de sa couverture de la r\u00e9pression en cours de l'AP dans le camp de r\u00e9fugi\u00e9s de J\u00e9nine.\" width=\"695\" height=\"728\" srcset=\"https:\/\/charleroi-pourlapalestine.be\/wp-content\/uploads\/2025\/01\/Jarrah-Khalaf.png 695w, https:\/\/charleroi-pourlapalestine.be\/wp-content\/uploads\/2025\/01\/Jarrah-Khalaf-286x300.png 286w\" sizes=\"auto, (max-width: 695px) 100vw, 695px\" \/><p id=\"caption-attachment-80623\" class=\"wp-caption-text\"><strong>Jarraj Khalaf<\/strong><\/p><\/div>\n<p>&nbsp;<\/p>\n<p>Durant leur raid, les forces de l&rsquo;Autorit\u00e9 palestinienne ont saisi une arme antichar et l&rsquo;ont remise \u00e0 l&rsquo;arm\u00e9e isra\u00e9lienne, a d\u00e9clar\u00e9 la cha\u00eene isra\u00e9lienne Channel 14.<\/p>\n<blockquote>\n<p>\u00ab Nous pouvons f\u00e9liciter les autorit\u00e9s s\u00e9curitaires \u00bb,<\/p>\n<\/blockquote>\n<p>a<a href=\"https:\/\/x.com\/Now14Israel\/status\/1877316291347796466\" target=\"_blank\" rel=\"noopener\"> d\u00e9clar\u00e9<\/a> la journaliste isra\u00e9lienne Hillel Biton Rosen.<\/p>\n<p>Au cours du raid, les forces de l&rsquo;AP <a href=\"https:\/\/www.timesofisrael.com\/liveblog_entry\/pa-says-it-has-arrested-247-suspects-thus-far-in-jenin-camp-counterterror-raid\/\" target=\"_blank\" rel=\"noopener\">ont dit<\/a> qu&rsquo;elles avaient arr\u00eat\u00e9 pr\u00e8s de 250 individus et d\u00e9samorc\u00e9 environ 250 engins explosifs, lesquels sont souvent plant\u00e9s en bord de route par les organisations de r\u00e9sistance.<\/p>\n<p>Ces engins <a href=\"https:\/\/charleroi-pourlapalestine.be\/index.php\/2024\/09\/05\/une-offensive-israelienne-des-plus-meurtrieres-detruit-70-pour-100-des-rues-de-jenine\/\" target=\"_blank\" rel=\"noopener\">ont \u00e9t\u00e9 plus largement utilis\u00e9s<\/a> par la r\u00e9sistance arm\u00e9e dans les zones nord afin de r\u00e9sister aux invasions isra\u00e9liennes dans ses camps de r\u00e9fugi\u00e9s et ses quartiers. Au cours des raids isra\u00e9liens successifs dans les camps, des bulldozers font des ravages dans les rues, d\u00e9truisent les infrastructures civiles, les commerces et les zones r\u00e9sidentielles.<\/p>\n<p>Ceci endommage les r\u00e9seaux d&rsquo;eau et d&rsquo;\u00e9lectricit\u00e9 et emp\u00eache tout mouvement, y compris les d\u00e9placements des ambulances qui tentent d&rsquo;atteindre les bless\u00e9s.<\/p>\n<p>Bien que ces destructions des infrastructures importantes soient commises sous le pr\u00e9texte de mettre \u00e0 jour les engins explosifs plant\u00e9s sous les routes, les Palestiniens ont interpr\u00e9t\u00e9 ces pratiques comme une politique vindicative de punition collective.<\/p>\n<p>En d\u00e9but de mois, l&rsquo;Autorit\u00e9 palestinienne a<a href=\"https:\/\/network.aljazeera.net\/en\/press-releases\/al-jazeera-deplores-palestinian-authority%E2%80%99s-decision-close-its-office-west-bank-and\" target=\"_blank\" rel=\"noopener\"> ordonn\u00e9<\/a> que soit mis un terme \u00e0 toutes les op\u00e9rations de l&rsquo;\u00e9metteur qatari<strong> Al Jazeera<\/strong> en Palestine occup\u00e9e.<\/p>\n<p>Apr\u00e8s une d\u00e9cision prise par le minist\u00e8re de la culture, de l&rsquo;int\u00e9rieur et des communications de l&rsquo;AP, plusieurs sites d&rsquo;Al Jazeera ont \u00e9galement \u00e9t\u00e9<a href=\"https:\/\/www.aljazeera.com\/news\/2025\/1\/6\/palestinian-authority-shuts-down-several-al-jazeera-websites\" target=\"_blank\" rel=\"noopener\"> ferm\u00e9s pour quatre mois.<\/a><\/p>\n<p>Le personnel s\u00e9curitaire de l&rsquo;AP a remis un ordre officiel au personnel d&rsquo;Al Jazeera avant de fermer ses bureaux de Ramallah.<\/p>\n<p>Les images de l&rsquo;interaction \u00e9taient une r\u00e9p\u00e9tition de la situation en septembre, au moment o\u00f9 les soldats isra\u00e9liens, film\u00e9s en direct, sont arriv\u00e9s aux bureaux de la cha\u00eene \u00e0 Ramallah et ont remis au chef de l&rsquo;agence, Walid al-Omari, une ordonnance de fermeture des lieux.<\/p>\n<p style=\"text-align: center;\">*****<\/p>\n<p>Publi\u00e9 le 12 janvier 2025 sur <a href=\"https:\/\/electronicintifada.net\/blogs\/tamara-nassar\/palestinian-authority-kills-its-own-people-proves-loyalty-israel\" target=\"_blank\" rel=\"noopener\">The Electronic Intifada<\/a><br>Traduction : Jean-Marie Fl\u00e9mal, <a href=\"https:\/\/charleroi-pourlapalestine.be\/\">Charleroi pour la Palestine<\/a><\/p>\n<p style=\"text-align: center;\">*****<\/p>\n<p>Lisez \u00e9galement : <a href=\"https:\/\/charleroi-pourlapalestine.be\/index.php\/2025\/01\/13\/jenine-les-fusils-des-camps\/\"><strong>J\u00e9nine &#8211; les fusils des camps<\/strong><\/a><\/p>\n<p style=\"text-align: center;\">&nbsp;<\/p>\n\n\n<p><\/p>\n","protected":false},"excerpt":{"rendered":"<p>Cela fait plus d&rsquo;un mois que l&rsquo;Autorit\u00e9 palestinienne (AP) a lanc\u00e9 une op\u00e9ration militaire meurtri\u00e8re contre le camp de r\u00e9fugi\u00e9s de J\u00e9nine, dans le nord de la Cisjordanie occup\u00e9e.<\/p>\n","protected":false},"author":1,"featured_media":80203,"comment_status":"closed","ping_status":"closed","sticky":false,"template":"","format":"standard","meta":{"ngg_post_thumbnail":0,"footnotes":""},"categories":[24,836,177,598,52,905,972,51],"tags":[],"class_list":["post-80579","post","type-post","status-publish","format-standard","has-post-thumbnail","hentry","category-lautorite-palestinienne","category-camps-de-refugies","category-collaboration","category-emirats-arabes-unis-eau","category-la-cour-penale-internationale","category-jenine","category-journalistes","category-lunrwa"],"yoast_head":"<!-- This site is optimized with the Yoast SEO plugin v27.3 - https:\/\/yoast.com\/product\/yoast-seo-wordpress\/ -->\n<title>L&#039;Autorit\u00e9 palestinienne tue ses compatriotes et prouve sa servilit\u00e9 envers Isra\u00ebl<\/title>\n<meta name=\"description\" content=\"Voil\u00e0 plus d&#039;un mois que l&#039;Autorit\u00e9 palestinienne a lanc\u00e9 une op\u00e9ration militaire meurtri\u00e8re contre le camp de r\u00e9fugi\u00e9s de J\u00e9nine\" \/>\n<meta name=\"robots\" content=\"index, follow, max-snippet:-1, max-image-preview:large, max-video-preview:-1\" \/>\n<link rel=\"canonical\" href=\"https:\/\/charleroi-pourlapalestine.be\/index.php\/2025\/01\/14\/l-autorite-palestinienne-tue-ses-compatriotes-et-prouve-sa-servilite-envers-israel\/\" \/>\n<script type=\"application\/ld+json\" class=\"yoast-schema-graph\">{\"@context\":\"https:\\\/\\\/schema.org\",\"@graph\":[{\"@type\":\"Article\",\"@id\":\"https:\\\/\\\/charleroi-pourlapalestine.be\\\/index.php\\\/2025\\\/01\\\/14\\\/l-autorite-palestinienne-tue-ses-compatriotes-et-prouve-sa-servilite-envers-israel\\\/#article\",\"isPartOf\":{\"@id\":\"https:\\\/\\\/charleroi-pourlapalestine.be\\\/index.php\\\/2025\\\/01\\\/14\\\/l-autorite-palestinienne-tue-ses-compatriotes-et-prouve-sa-servilite-envers-israel\\\/\"},\"author\":{\"name\":\"admin1873\",\"@id\":\"https:\\\/\\\/charleroi-pourlapalestine.be\\\/#\\\/schema\\\/person\\\/c19ff515112f1299d8c12671d8fe3faa\"},\"headline\":\"L&rsquo;Autorit\u00e9 palestinienne tue ses compatriotes et prouve sa servilit\u00e9 envers Isra\u00ebl\",\"datePublished\":\"2025-01-14T13:33:58+00:00\",\"dateModified\":\"2025-01-14T13:34:00+00:00\",\"mainEntityOfPage\":{\"@id\":\"https:\\\/\\\/charleroi-pourlapalestine.be\\\/index.php\\\/2025\\\/01\\\/14\\\/l-autorite-palestinienne-tue-ses-compatriotes-et-prouve-sa-servilite-envers-israel\\\/\"},\"wordCount\":2197,\"publisher\":{\"@id\":\"https:\\\/\\\/charleroi-pourlapalestine.be\\\/#organization\"},\"image\":{\"@id\":\"https:\\\/\\\/charleroi-pourlapalestine.be\\\/index.php\\\/2025\\\/01\\\/14\\\/l-autorite-palestinienne-tue-ses-compatriotes-et-prouve-sa-servilite-envers-israel\\\/#primaryimage\"},\"thumbnailUrl\":\"https:\\\/\\\/charleroi-pourlapalestine.be\\\/wp-content\\\/uploads\\\/2025\\\/01\\\/28-12-MDL-DE-GAZA-A-JENINE-e1736852082508.jpeg\",\"articleSection\":[\"Autorit\u00e9 palestinienne\",\"Camps de r\u00e9fugi\u00e9s\",\"Collaboration\",\"Emirats arabes unis (EAU)\",\"Etats-Unis\",\"J\u00e9nine\",\"Journalistes\",\"UNRWA\"],\"inLanguage\":\"fr-FR\"},{\"@type\":\"WebPage\",\"@id\":\"https:\\\/\\\/charleroi-pourlapalestine.be\\\/index.php\\\/2025\\\/01\\\/14\\\/l-autorite-palestinienne-tue-ses-compatriotes-et-prouve-sa-servilite-envers-israel\\\/\",\"url\":\"https:\\\/\\\/charleroi-pourlapalestine.be\\\/index.php\\\/2025\\\/01\\\/14\\\/l-autorite-palestinienne-tue-ses-compatriotes-et-prouve-sa-servilite-envers-israel\\\/\",\"name\":\"L'Autorit\u00e9 palestinienne tue ses compatriotes et prouve sa servilit\u00e9 envers Isra\u00ebl\",\"isPartOf\":{\"@id\":\"https:\\\/\\\/charleroi-pourlapalestine.be\\\/#website\"},\"primaryImageOfPage\":{\"@id\":\"https:\\\/\\\/charleroi-pourlapalestine.be\\\/index.php\\\/2025\\\/01\\\/14\\\/l-autorite-palestinienne-tue-ses-compatriotes-et-prouve-sa-servilite-envers-israel\\\/#primaryimage\"},\"image\":{\"@id\":\"https:\\\/\\\/charleroi-pourlapalestine.be\\\/index.php\\\/2025\\\/01\\\/14\\\/l-autorite-palestinienne-tue-ses-compatriotes-et-prouve-sa-servilite-envers-israel\\\/#primaryimage\"},\"thumbnailUrl\":\"https:\\\/\\\/charleroi-pourlapalestine.be\\\/wp-content\\\/uploads\\\/2025\\\/01\\\/28-12-MDL-DE-GAZA-A-JENINE-e1736852082508.jpeg\",\"datePublished\":\"2025-01-14T13:33:58+00:00\",\"dateModified\":\"2025-01-14T13:34:00+00:00\",\"description\":\"Voil\u00e0 plus d'un mois que l'Autorit\u00e9 palestinienne a lanc\u00e9 une op\u00e9ration militaire meurtri\u00e8re contre le camp de r\u00e9fugi\u00e9s de J\u00e9nine\",\"breadcrumb\":{\"@id\":\"https:\\\/\\\/charleroi-pourlapalestine.be\\\/index.php\\\/2025\\\/01\\\/14\\\/l-autorite-palestinienne-tue-ses-compatriotes-et-prouve-sa-servilite-envers-israel\\\/#breadcrumb\"},\"inLanguage\":\"fr-FR\",\"potentialAction\":[{\"@type\":\"ReadAction\",\"target\":[\"https:\\\/\\\/charleroi-pourlapalestine.be\\\/index.php\\\/2025\\\/01\\\/14\\\/l-autorite-palestinienne-tue-ses-compatriotes-et-prouve-sa-servilite-envers-israel\\\/\"]}]},{\"@type\":\"ImageObject\",\"inLanguage\":\"fr-FR\",\"@id\":\"https:\\\/\\\/charleroi-pourlapalestine.be\\\/index.php\\\/2025\\\/01\\\/14\\\/l-autorite-palestinienne-tue-ses-compatriotes-et-prouve-sa-servilite-envers-israel\\\/#primaryimage\",\"url\":\"https:\\\/\\\/charleroi-pourlapalestine.be\\\/wp-content\\\/uploads\\\/2025\\\/01\\\/28-12-MDL-DE-GAZA-A-JENINE-e1736852082508.jpeg\",\"contentUrl\":\"https:\\\/\\\/charleroi-pourlapalestine.be\\\/wp-content\\\/uploads\\\/2025\\\/01\\\/28-12-MDL-DE-GAZA-A-JENINE-e1736852082508.jpeg\",\"width\":1040,\"height\":650},{\"@type\":\"BreadcrumbList\",\"@id\":\"https:\\\/\\\/charleroi-pourlapalestine.be\\\/index.php\\\/2025\\\/01\\\/14\\\/l-autorite-palestinienne-tue-ses-compatriotes-et-prouve-sa-servilite-envers-israel\\\/#breadcrumb\",\"itemListElement\":[{\"@type\":\"ListItem\",\"position\":1,\"name\":\"Accueil\",\"item\":\"https:\\\/\\\/charleroi-pourlapalestine.be\\\/\"},{\"@type\":\"ListItem\",\"position\":2,\"name\":\"L&rsquo;Autorit\u00e9 palestinienne tue ses compatriotes et prouve sa servilit\u00e9 envers Isra\u00ebl\"}]},{\"@type\":\"WebSite\",\"@id\":\"https:\\\/\\\/charleroi-pourlapalestine.be\\\/#website\",\"url\":\"https:\\\/\\\/charleroi-pourlapalestine.be\\\/\",\"name\":\"Charleroi Pour la Palestine\",\"description\":\"\",\"publisher\":{\"@id\":\"https:\\\/\\\/charleroi-pourlapalestine.be\\\/#organization\"},\"potentialAction\":[{\"@type\":\"SearchAction\",\"target\":{\"@type\":\"EntryPoint\",\"urlTemplate\":\"https:\\\/\\\/charleroi-pourlapalestine.be\\\/?s={search_term_string}\"},\"query-input\":{\"@type\":\"PropertyValueSpecification\",\"valueRequired\":true,\"valueName\":\"search_term_string\"}}],\"inLanguage\":\"fr-FR\"},{\"@type\":\"Organization\",\"@id\":\"https:\\\/\\\/charleroi-pourlapalestine.be\\\/#organization\",\"name\":\"Plate-forme Charleroi-Palestine\",\"url\":\"https:\\\/\\\/charleroi-pourlapalestine.be\\\/\",\"logo\":{\"@type\":\"ImageObject\",\"inLanguage\":\"fr-FR\",\"@id\":\"https:\\\/\\\/charleroi-pourlapalestine.be\\\/#\\\/schema\\\/logo\\\/image\\\/\",\"url\":\"https:\\\/\\\/charleroi-pourlapalestine.be\\\/wp-content\\\/uploads\\\/2020\\\/01\\\/logo-Copy.jpg\",\"contentUrl\":\"https:\\\/\\\/charleroi-pourlapalestine.be\\\/wp-content\\\/uploads\\\/2020\\\/01\\\/logo-Copy.jpg\",\"width\":180,\"height\":180,\"caption\":\"Plate-forme Charleroi-Palestine\"},\"image\":{\"@id\":\"https:\\\/\\\/charleroi-pourlapalestine.be\\\/#\\\/schema\\\/logo\\\/image\\\/\"},\"sameAs\":[\"https:\\\/\\\/www.facebook.com\\\/PlateformeCharleroiPalestine\\\/\",\"https:\\\/\\\/x.com\\\/LaCharleroi\"]},{\"@type\":\"Person\",\"@id\":\"https:\\\/\\\/charleroi-pourlapalestine.be\\\/#\\\/schema\\\/person\\\/c19ff515112f1299d8c12671d8fe3faa\",\"name\":\"admin1873\",\"url\":\"https:\\\/\\\/charleroi-pourlapalestine.be\\\/index.php\\\/author\\\/admin1873\\\/\"}]}<\/script>\n<!-- \/ Yoast SEO plugin. -->","yoast_head_json":{"title":"L'Autorit\u00e9 palestinienne tue ses compatriotes et prouve sa servilit\u00e9 envers Isra\u00ebl","description":"Voil\u00e0 plus d'un mois que l'Autorit\u00e9 palestinienne a lanc\u00e9 une op\u00e9ration militaire meurtri\u00e8re contre le camp de r\u00e9fugi\u00e9s de J\u00e9nine","robots":{"index":"index","follow":"follow","max-snippet":"max-snippet:-1","max-image-preview":"max-image-preview:large","max-video-preview":"max-video-preview:-1"},"canonical":"https:\/\/charleroi-pourlapalestine.be\/index.php\/2025\/01\/14\/l-autorite-palestinienne-tue-ses-compatriotes-et-prouve-sa-servilite-envers-israel\/","schema":{"@context":"https:\/\/schema.org","@graph":[{"@type":"Article","@id":"https:\/\/charleroi-pourlapalestine.be\/index.php\/2025\/01\/14\/l-autorite-palestinienne-tue-ses-compatriotes-et-prouve-sa-servilite-envers-israel\/#article","isPartOf":{"@id":"https:\/\/charleroi-pourlapalestine.be\/index.php\/2025\/01\/14\/l-autorite-palestinienne-tue-ses-compatriotes-et-prouve-sa-servilite-envers-israel\/"},"author":{"name":"admin1873","@id":"https:\/\/charleroi-pourlapalestine.be\/#\/schema\/person\/c19ff515112f1299d8c12671d8fe3faa"},"headline":"L&rsquo;Autorit\u00e9 palestinienne tue ses compatriotes et prouve sa servilit\u00e9 envers Isra\u00ebl","datePublished":"2025-01-14T13:33:58+00:00","dateModified":"2025-01-14T13:34:00+00:00","mainEntityOfPage":{"@id":"https:\/\/charleroi-pourlapalestine.be\/index.php\/2025\/01\/14\/l-autorite-palestinienne-tue-ses-compatriotes-et-prouve-sa-servilite-envers-israel\/"},"wordCount":2197,"publisher":{"@id":"https:\/\/charleroi-pourlapalestine.be\/#organization"},"image":{"@id":"https:\/\/charleroi-pourlapalestine.be\/index.php\/2025\/01\/14\/l-autorite-palestinienne-tue-ses-compatriotes-et-prouve-sa-servilite-envers-israel\/#primaryimage"},"thumbnailUrl":"https:\/\/charleroi-pourlapalestine.be\/wp-content\/uploads\/2025\/01\/28-12-MDL-DE-GAZA-A-JENINE-e1736852082508.jpeg","articleSection":["Autorit\u00e9 palestinienne","Camps de r\u00e9fugi\u00e9s","Collaboration","Emirats arabes unis (EAU)","Etats-Unis","J\u00e9nine","Journalistes","UNRWA"],"inLanguage":"fr-FR"},{"@type":"WebPage","@id":"https:\/\/charleroi-pourlapalestine.be\/index.php\/2025\/01\/14\/l-autorite-palestinienne-tue-ses-compatriotes-et-prouve-sa-servilite-envers-israel\/","url":"https:\/\/charleroi-pourlapalestine.be\/index.php\/2025\/01\/14\/l-autorite-palestinienne-tue-ses-compatriotes-et-prouve-sa-servilite-envers-israel\/","name":"L'Autorit\u00e9 palestinienne tue ses compatriotes et prouve sa servilit\u00e9 envers Isra\u00ebl","isPartOf":{"@id":"https:\/\/charleroi-pourlapalestine.be\/#website"},"primaryImageOfPage":{"@id":"https:\/\/charleroi-pourlapalestine.be\/index.php\/2025\/01\/14\/l-autorite-palestinienne-tue-ses-compatriotes-et-prouve-sa-servilite-envers-israel\/#primaryimage"},"image":{"@id":"https:\/\/charleroi-pourlapalestine.be\/index.php\/2025\/01\/14\/l-autorite-palestinienne-tue-ses-compatriotes-et-prouve-sa-servilite-envers-israel\/#primaryimage"},"thumbnailUrl":"https:\/\/charleroi-pourlapalestine.be\/wp-content\/uploads\/2025\/01\/28-12-MDL-DE-GAZA-A-JENINE-e1736852082508.jpeg","datePublished":"2025-01-14T13:33:58+00:00","dateModified":"2025-01-14T13:34:00+00:00","description":"Voil\u00e0 plus d'un mois que l'Autorit\u00e9 palestinienne a lanc\u00e9 une op\u00e9ration militaire meurtri\u00e8re contre le camp de r\u00e9fugi\u00e9s de J\u00e9nine","breadcrumb":{"@id":"https:\/\/charleroi-pourlapalestine.be\/index.php\/2025\/01\/14\/l-autorite-palestinienne-tue-ses-compatriotes-et-prouve-sa-servilite-envers-israel\/#breadcrumb"},"inLanguage":"fr-FR","potentialAction":[{"@type":"ReadAction","target":["https:\/\/charleroi-pourlapalestine.be\/index.php\/2025\/01\/14\/l-autorite-palestinienne-tue-ses-compatriotes-et-prouve-sa-servilite-envers-israel\/"]}]},{"@type":"ImageObject","inLanguage":"fr-FR","@id":"https:\/\/charleroi-pourlapalestine.be\/index.php\/2025\/01\/14\/l-autorite-palestinienne-tue-ses-compatriotes-et-prouve-sa-servilite-envers-israel\/#primaryimage","url":"https:\/\/charleroi-pourlapalestine.be\/wp-content\/uploads\/2025\/01\/28-12-MDL-DE-GAZA-A-JENINE-e1736852082508.jpeg","contentUrl":"https:\/\/charleroi-pourlapalestine.be\/wp-content\/uploads\/2025\/01\/28-12-MDL-DE-GAZA-A-JENINE-e1736852082508.jpeg","width":1040,"height":650},{"@type":"BreadcrumbList","@id":"https:\/\/charleroi-pourlapalestine.be\/index.php\/2025\/01\/14\/l-autorite-palestinienne-tue-ses-compatriotes-et-prouve-sa-servilite-envers-israel\/#breadcrumb","itemListElement":[{"@type":"ListItem","position":1,"name":"Accueil","item":"https:\/\/charleroi-pourlapalestine.be\/"},{"@type":"ListItem","position":2,"name":"L&rsquo;Autorit\u00e9 palestinienne tue ses compatriotes et prouve sa servilit\u00e9 envers Isra\u00ebl"}]},{"@type":"WebSite","@id":"https:\/\/charleroi-pourlapalestine.be\/#website","url":"https:\/\/charleroi-pourlapalestine.be\/","name":"Charleroi Pour la Palestine","description":"","publisher":{"@id":"https:\/\/charleroi-pourlapalestine.be\/#organization"},"potentialAction":[{"@type":"SearchAction","target":{"@type":"EntryPoint","urlTemplate":"https:\/\/charleroi-pourlapalestine.be\/?s={search_term_string}"},"query-input":{"@type":"PropertyValueSpecification","valueRequired":true,"valueName":"search_term_string"}}],"inLanguage":"fr-FR"},{"@type":"Organization","@id":"https:\/\/charleroi-pourlapalestine.be\/#organization","name":"Plate-forme Charleroi-Palestine","url":"https:\/\/charleroi-pourlapalestine.be\/","logo":{"@type":"ImageObject","inLanguage":"fr-FR","@id":"https:\/\/charleroi-pourlapalestine.be\/#\/schema\/logo\/image\/","url":"https:\/\/charleroi-pourlapalestine.be\/wp-content\/uploads\/2020\/01\/logo-Copy.jpg","contentUrl":"https:\/\/charleroi-pourlapalestine.be\/wp-content\/uploads\/2020\/01\/logo-Copy.jpg","width":180,"height":180,"caption":"Plate-forme Charleroi-Palestine"},"image":{"@id":"https:\/\/charleroi-pourlapalestine.be\/#\/schema\/logo\/image\/"},"sameAs":["https:\/\/www.facebook.com\/PlateformeCharleroiPalestine\/","https:\/\/x.com\/LaCharleroi"]},{"@type":"Person","@id":"https:\/\/charleroi-pourlapalestine.be\/#\/schema\/person\/c19ff515112f1299d8c12671d8fe3faa","name":"admin1873","url":"https:\/\/charleroi-pourlapalestine.be\/index.php\/author\/admin1873\/"}]}},"_links":{"self":[{"href":"https:\/\/charleroi-pourlapalestine.be\/index.php\/wp-json\/wp\/v2\/posts\/80579","targetHints":{"allow":["GET"]}}],"collection":[{"href":"https:\/\/charleroi-pourlapalestine.be\/index.php\/wp-json\/wp\/v2\/posts"}],"about":[{"href":"https:\/\/charleroi-pourlapalestine.be\/index.php\/wp-json\/wp\/v2\/types\/post"}],"author":[{"embeddable":true,"href":"https:\/\/charleroi-pourlapalestine.be\/index.php\/wp-json\/wp\/v2\/users\/1"}],"replies":[{"embeddable":true,"href":"https:\/\/charleroi-pourlapalestine.be\/index.php\/wp-json\/wp\/v2\/comments?post=80579"}],"version-history":[{"count":0,"href":"https:\/\/charleroi-pourlapalestine.be\/index.php\/wp-json\/wp\/v2\/posts\/80579\/revisions"}],"wp:featuredmedia":[{"embeddable":true,"href":"https:\/\/charleroi-pourlapalestine.be\/index.php\/wp-json\/wp\/v2\/media\/80203"}],"wp:attachment":[{"href":"https:\/\/charleroi-pourlapalestine.be\/index.php\/wp-json\/wp\/v2\/media?parent=80579"}],"wp:term":[{"taxonomy":"category","embeddable":true,"href":"https:\/\/charleroi-pourlapalestine.be\/index.php\/wp-json\/wp\/v2\/categories?post=80579"},{"taxonomy":"post_tag","embeddable":true,"href":"https:\/\/charleroi-pourlapalestine.be\/index.php\/wp-json\/wp\/v2\/tags?post=80579"}],"curies":[{"name":"wp","href":"https:\/\/api.w.org\/{rel}","templated":true}]}}