{"id":8060,"date":"2020-03-05T10:12:11","date_gmt":"2020-03-05T09:12:11","guid":{"rendered":"https:\/\/charleroi-pourlapalestine.be\/?p=8060"},"modified":"2020-03-05T10:12:13","modified_gmt":"2020-03-05T09:12:13","slug":"lobscurcissement-de-la-solution-a-deux-etats","status":"publish","type":"post","link":"https:\/\/charleroi-pourlapalestine.be\/index.php\/2020\/03\/05\/lobscurcissement-de-la-solution-a-deux-etats\/","title":{"rendered":"L&rsquo;obscurcissement de la solution \u00e0 deux \u00c9tats"},"content":{"rendered":"<h4><strong>Critique du livre \u00ab\u00a0<\/strong><em><strong>Le paradigme perdu : De la solution \u00e0 deux \u00c9tats \u00e0 la r\u00e9alit\u00e9 \u00e0 un seul \u00c9tat\u00a0\u00bb<\/strong><\/em>, par Ian S. Lustick, University of Pennsylvania Press (2019)<\/h4>\n<div id=\"attachment_8069\" style=\"width: 208px\" class=\"wp-caption alignleft\"><img loading=\"lazy\" decoding=\"async\" aria-describedby=\"caption-attachment-8069\" class=\"wp-image-8069 size-medium\" src=\"https:\/\/charleroi-pourlapalestine.be\/wp-content\/uploads\/2020\/03\/paradigm-lost-cover-Copy-198x300.jpg\" alt=\"Couverture du livre : Le paradigme perdu&nbsp;: De la solution \u00e0 deux \u00c9tats \u00e0 la r\u00e9alit\u00e9 \u00e0 un seul \u00c9tat\" width=\"198\" height=\"300\"><p id=\"caption-attachment-8069\" class=\"wp-caption-text\">Le paradigme perdu : De la solution \u00e0 deux \u00c9tats \u00e0 la r\u00e9alit\u00e9 \u00e0 un seul \u00c9tat<\/p><\/div>\n<p>Tout Am\u00e9ricain qui a pos\u00e9 \u00e0 son repr\u00e9sentant ou s\u00e9nateur une question se rapportant aux droits des Palestiniens sait que cela ne semble susciter que la r\u00e9ponse suivante&nbsp;:<em> \u00ab&nbsp;Je soutiens la solution \u00e0 deux \u00c9tats.&nbsp;\u00bb<\/em><\/p>\n<p>Les mots jaillissent de la bo\u00eete telle une mantra, ou comme une r\u00e9action de Pavlov, ou peut-\u00eatre m\u00eame comme un <em>\u00ab&nbsp;Manchurian Candidate&nbsp;\u00bb<\/em> (*) suscit\u00e9 par une suggestion post-hypnotique. Invariablement, la r\u00e9ponse \u00e9lude elle aussi la question que l&rsquo;on a en fait pos\u00e9e.<\/p>\n<p>Comme dans tout paradigme, fait remarquer Ian S. Lustick dans <strong><em>Paradigm Lost: From Two-State Solution to One-State Reality<\/em><\/strong>, la solution \u00e0 deux \u00c9tats s&rsquo;est tellement ancr\u00e9e et enracin\u00e9e qu&rsquo;elle a fini par repr\u00e9senter un obstacle \u00e0 toute pens\u00e9e critique.<\/p>\n<p><strong>Lustick<\/strong>, professeur de sciences politiques \u00e0 l&rsquo;Universit\u00e9 de Pennsylvanie et sp\u00e9cialiste de la politique isra\u00e9lienne, a abandonn\u00e9 la solution \u00e0 deux \u00c9tats au d\u00e9but des ann\u00e9es 2010 apr\u00e8s l&rsquo;avoir pr\u00e9conis\u00e9e pendant pr\u00e8s de 50 ans.<\/p>\n<p>Il a attir\u00e9 l&rsquo;attention du public gr\u00e2ce \u00e0 un \u00e9ditorial publi\u00e9 dans The New York Times en 2013 et intitul\u00e9<em><strong> \u00ab&nbsp;Two-State illusion&nbsp;\u00bb<\/strong><\/em> <em>(L&rsquo;illusion de la solution \u00e0 deux \u00c9tats).<\/em><\/p>\n<h4>Trois obstacles<\/h4>\n<p>Dans ce petit livre, Lustick cite trois obstacles qui, accidentellement, ont contribu\u00e9 \u00e0 assurer la d\u00e9su\u00e9tude de la solution \u00e0 deux \u00c9tats, et il leur consacre un chapitre \u00e0 chacun.<\/p>\n<p>Son chapitre de conclusion, intitul\u00e9 <em><strong>\u00ab&nbsp;One-State Reality and Its Future&nbsp;\u00bb<\/strong> (La r\u00e9alit\u00e9 \u00e0 un \u00c9tat et son avenir)<\/em> met en \u00e9vidence des strat\u00e9gies en faveur d&rsquo;une approche centr\u00e9e sur les droits afin de garantir l&rsquo;\u00e9galit\u00e9 et la libert\u00e9 de tous \u2013 les Juifs isra\u00e9liens, les immigrants non juifs et les Palestiniens.<\/p>\n<p>L&rsquo;auteur identifie le premier obstacle comme une<em> \u00ab&nbsp;faille&nbsp;\u00bb<\/em> dans la fameuse strat\u00e9gie de Wall Street mise en exergue par le dirigeant sioniste r\u00e9visionniste <strong>Ze\u2019ev Jabotinsky<\/strong> en 1923 et plus tard adopt\u00e9e par <strong>David Ben-Gourion<\/strong>, le tout premier Premier ministre isra\u00e9lien.<\/p>\n<p>La strat\u00e9gie pr\u00e9conisait la d\u00e9faite militaire totale des Palestiniens et de leurs alli\u00e9s arabes avant que l&rsquo;implantation sioniste dans la <em>\u00ab&nbsp;Terre d&rsquo;Isra\u00ebl&nbsp;\u00bb<\/em> n&rsquo;\u00e9merge de fa\u00e7on triomphale et d\u00e9sormais imprenable. Et c&rsquo;est seulement \u00e0 partir de ce moment, pr\u00e9voyait Jabotinsky, qu&rsquo;Isra\u00ebl allait pouvoir proc\u00e9der \u00e0 un accord de paix avec les Arabes<em> \u00ab&nbsp;mod\u00e9r\u00e9s&nbsp;\u00bb<\/em> d\u00e9sireux d&rsquo;<em>\u00ab&nbsp;accepter un compromis&nbsp;\u00bb.<\/em><\/p>\n<p>La <em>\u00ab&nbsp;faille&nbsp;\u00bb<\/em> de cette strat\u00e9gie, affirme Lustick, c&rsquo;est que sa puissance militaire r\u00e9sultante encourageait uniquement Isra\u00ebl \u00e0 rester implacable. Lustick impute enti\u00e8rement la fin de la solution \u00e0 deux \u00c9tats aux dirigeants isra\u00e9liens qui, pr\u00e9tend-il, ont \u00e9t\u00e9 incapables de reconna\u00eetre la volont\u00e9 de l&rsquo;<strong>Organisation de lib\u00e9ration de la Palestine<\/strong> de sceller un compromis lorsqu&rsquo;elle avait accept\u00e9 officiellement une solution \u00e0 deux \u00c9tats en 1988.<\/p>\n<p>Lustick identifie le deuxi\u00e8me obstacle comme une distorsion de la m\u00e9moire collective de l&rsquo;<strong>Holocauste.<\/strong> Les dirigeants sionistes cataloguaient les Palestiniens de<em> \u00ab&nbsp;nazis&nbsp;\u00bb<\/em>, dans le cadre d&rsquo;une campagne grossi\u00e8re en vue d&rsquo;unir les juifs ashk\u00e9nazes et arabes et de renforcer l&rsquo;id\u00e9e sioniste <em>\u00ab&nbsp;un ab\u00eeme infranchissable s\u00e9parant les juifs des gentils&nbsp;\u00bb.<\/em><\/p>\n<p>Ce proc\u00e9d\u00e9 a \u00e9t\u00e9 utilis\u00e9 pour rassembler les Isra\u00e9liens autour de nombre d&rsquo;aventures militaires quand, par exemple, le Premier ministre Menahem<strong> Begin<\/strong> avait invoqu\u00e9 le camp d&rsquo;extermination de Treblinka de la Seconde Guerre mondiale pour gagner l&rsquo;approbation du public \u00e0 l&rsquo;invasion du Liban en 1982. Ou, plus r\u00e9cemment, quand l&rsquo;actuel chef de l&rsquo;\u00c9tat isra\u00e9lien, Benjamin <strong>Netanyahou<\/strong>, a proclam\u00e9 que <em>\u00ab&nbsp;c&rsquo;est 1938&nbsp;\u00bb<\/em> et \u00ab<em>&nbsp;l&rsquo;Iran c&rsquo;est Allemagne&nbsp;\u00bb.<\/em><\/p>\n<p>Pour Lustick, cette distorsion de la m\u00e9moire de l&rsquo;Holocauste ne tient pas compte des <em>\u00ab&nbsp;crimes nazis contre l&rsquo;humanit\u00e9&nbsp;\u00bb<\/em>, qui comprenait non seulement l&rsquo;exterminations des juifs, mais aussi celle des Roms, des Slaves, des homosexuels et des personnes handicap\u00e9es.<\/p>\n<p>Les invocations permanentes de l&rsquo;Holocauste a \u00e9galement op\u00e9r\u00e9 contre la direction sioniste et son objectif s\u00e9paratiste d&rsquo;un \u00c9tat exclusivement juif, fait remarquer l&rsquo;auteur.<\/p>\n<p>Bien des Isra\u00e9liens se sont mis \u00e0 comprendree <em>\u00ab&nbsp;l&rsquo;universalisme&nbsp;\u00bb<\/em> de l&rsquo;Holocauste, affirme Lustick, particuli\u00e8rement \u00e0 la suite de la publication en 1963 de<strong> Eichmann<\/strong> \u00e0 J\u00e9rusalem, de <strong>Hannah Arendt<\/strong>, et de la sortie en 2008 du film d&rsquo;animation <em>Valse avec Bashir<\/em>, qui traite des massacres des Palestiniens dans les camps de Sabra et Chatila, \u00e0 Beyrouth, en 1982.<\/p>\n<p>L&rsquo;universalisme a permis aux Isra\u00e9liens d&rsquo;appr\u00e9cier <em>\u00ab&nbsp;l&rsquo;humanit\u00e9 commune des Juifs et des Arabes palestiniens&nbsp;\u00bb<\/em>. Ce faisant, il a contribu\u00e9 \u00e0 saper l&rsquo;effort en vue de pr\u00e9senter les Palestiniens comme des nazis, bien que la propagande, malgr\u00e9 tout, soit rest\u00e9e un facteur assez fort pour emp\u00eacher une solution \u00e0 deux \u00c9tats.<\/p>\n<p>Finalement, en tant que troisi\u00e8me obstacle et clou ultime dans le cercueil de la solution \u00e0 deux \u00c9tats, Lustick accuse <strong>le lobby pro-isra\u00e9lien<\/strong> et son <em>\u00ab&nbsp;influence disproportionn\u00e9e&nbsp;\u00bb<\/em> au sein du Congr\u00e8s am\u00e9ricain. En insistant avec succ\u00e8s, une ann\u00e9e apr\u00e8s l&rsquo;autre, en faveur d&rsquo;une aide militaire \u00e0 Isra\u00ebl, le lobby a cr\u00e9\u00e9 <em>\u00ab&nbsp;un cocon de soutien am\u00e9ricain inconditionnel&nbsp;\u00bb<\/em> qui a coup\u00e9 bras et jambes aux mod\u00e9r\u00e9s isra\u00e9liens et a rendu les faucons isra\u00e9liens encore plus belliqueux.<\/p>\n<p>Du fait que l&rsquo;\u00e9lectorat isra\u00e9lien balan\u00e7ait de plus en plus vers la droite, les dirigeants isra\u00e9liens ont compris qu&rsquo;il n&rsquo;\u00e9tait pas n\u00e9cessaire de n\u00e9gocier pour une solution \u00e0 deux \u00c9tats. Une attitude de<em> \u00ab&nbsp;maximalisne intransigeant&nbsp;\u00bb<\/em> est apparue au sein du r\u00e9gime politique isra\u00e9lien, \u00e9crit Lustick, et cette version triomphaliste du sionisme <em>\u00ab&nbsp;a an\u00e9anti les possibilit\u00e9s&nbsp;\u00bb<\/em> de tout compromis historique.<\/p>\n<h4>Gagner des droits pour tous<\/h4>\n<p>Il en a r\u00e9sult\u00e9 une r\u00e9alit\u00e9 \u00e0 un seul \u00c9tat, sans d\u00e9mocratie. Lustick est partisan du <strong>mouvement boycott, d\u00e9sinvestissement et sanctions (BDS)<\/strong> comme voie vers le progr\u00e8s.<\/p>\n<p>Il pr\u00e9tend que le paradigme \u00e0 deux \u00c9tats <em>\u00ab&nbsp;s&rsquo;appuie sur une solution&nbsp;\u00bb<\/em> tandis que BDS se rapporte \u00e0 un <em>\u00ab&nbsp;processus&nbsp;\u00bb.<\/em><\/p>\n<p>Le premier se concentre sur le r\u00e9sultat \u2013 deux \u00c9tats ind\u00e9pendants \u2013 tandis que BDS traite du processus du gain de droits pour tous, qu&rsquo;importe qu&rsquo;il y ait deux \u00c9tats ou un seul.<\/p>\n<p>Dans le cadre de la solution \u00e0 deux \u00c9tats, Isra\u00ebl pourrait continuer \u00e0 op\u00e9rer une discrimination \u00e0 l&rsquo;\u00e9gard de ses citoyens palestiniens et des r\u00e9fugi\u00e9s palestiniens. BDS, par contre, affirme les droits de tous.<\/p>\n<p>Les propositions d&rsquo;une solution \u00e0 deux Etats, pr\u00e9tend Lustick, ont toujours mis<\/p>\n<blockquote><p>\u00ab&nbsp;l&rsquo;accent sur l&rsquo;ind\u00e9pendance souveraine de ces \u00c9tats, sans pratiquement la moindre consid\u00e9ration envers les droits et statuts des populations qu&rsquo;ils gouverneront&nbsp;\u00bb.<\/p><\/blockquote>\n<p>De plus, les personnes qui proposent la solution \u00e0 deux \u00c9tats ont souvent recouru \u00e0 des arguments chauvinistes pr\u00f4nant la s\u00e9paration et instillant la crainte d&rsquo;un probl\u00e8me d\u00e9mographique arabe,<\/p>\n<blockquote><p>\u00ab&nbsp;en exploitant efficacement et m\u00eame en attisant la haine et la crainte des Juifs envers les Arabes&nbsp;\u00bb.<\/p><\/blockquote>\n<p>Le mouvement BDS, par contre, se concentre sur<\/p>\n<blockquote><p>\u00ab&nbsp;la r\u00e9alisation des droits palestiniens dans le sens de l&rsquo;\u00e9galit\u00e9 et de la non-discrimination, conform\u00e9ment \u00e0 la l\u00e9gislation internationale et aux lois de l&rsquo;\u00c9tat qui les gouverne&nbsp;\u00bb,<\/p><\/blockquote>\n<p>\u00e9crit Lustick.<\/p>\n<p>Cependant, comme il examine ce \u00e0 quoi pourrait ressembler le <em>\u00ab&nbsp;processus&nbsp;\u00bb<\/em>, il soul\u00e8ve des questions sensibles concernent les droits nationaux palestiniens. Dont la question de savoir si les Palestiniens devraient boycotter les \u00e9lections municipales \u00e0 J\u00e9rusalem sous contr\u00f4le isra\u00e9lien au lieu de s&rsquo;en servir pour tenter d&rsquo;am\u00e9liorer les conditions sur place.<\/p>\n<p>Similairement, il sugg\u00e8re<em> \u00ab de ne pas s&rsquo;opposer \u00e0 l&rsquo;annexion en soi mais plut\u00f4t de lui donner forme \u00bb.<\/em> Lustick semble impliquer que, puisque BDS est un processus et que la solution \u00e0 deux \u00c9tats est morte, cela pourrait n&rsquo;avoir aucun sens que de s&rsquo;opposer \u00e0 tous les plans d&rsquo;annexion.<\/p>\n<p>Il semble \u00e9galement r\u00e9duire les revendications de la soci\u00e9t\u00e9 civile palestinienne \u00e0 une seule&nbsp;: l&rsquo;\u00e9galit\u00e9 des droits. Ce faisant, Lustick n\u00e9glige le fait que <a href=\"https:\/\/charleroi-pourlapalestine.be\/index.php\/2020\/01\/01\/bds-appel-palestinien\/\"><strong>l&rsquo;appel de la soci\u00e9t\u00e9 civile palestinienne \u00e0 BDS r\u00e9clame \u00e9galement la fin de l&rsquo;occupation et la permission pour les r\u00e9fugi\u00e9s palestiniens d&rsquo;exercer leur droit au retour.<\/strong><\/a><\/p>\n<p>Peut-\u00eatre est-ce parce que l&rsquo;auteur est un sp\u00e9cialiste de la politique isra\u00e9lienne qu&rsquo;il se concentre exag\u00e9r\u00e9ment sur ce que la gauche isra\u00e9lienne peut accomplir au pays m\u00eame et qu&rsquo;il n\u00e9glige le r\u00f4le du mouvement BDS mondial, particuli\u00e8rement aux \u00c9tats-Unis et en Europe.<\/p>\n<p>Le mouvement peut influencer directement les gouvernements ou blocs qui jouent des r\u00f4les cruciaux dans le maintien de l&rsquo;apartheid isra\u00e9lien, particuli\u00e8rement les \u00c9tats-Unis, le Royaume-Uni et l&rsquo;Union europ\u00e9enne. Le d\u00e9fi dans ce cas consiste \u00e0 mettre la pression sur les repr\u00e9sentants politiques afin qu&rsquo;ils reconnaissent qu&rsquo;adopter le soutien \u00e0 une solution \u00e0 deux \u00c9tats n&rsquo;est en aucun cas une r\u00e9ponse \u00e0 la question des droits palestiniens, mais qu&rsquo;au contraire elle l&rsquo;obscurcit.<\/p>\n<hr>\n<p>Publi\u00e9 le 17 f\u00e9vrier 2020 sur<a href=\"https:\/\/electronicintifada.net\/content\/two-state-obfuscation\/29581\" target=\"_blank\" rel=\"noopener noreferrer\"> The Electronic Intifada<\/a><\/p>\n<p>(*) Quelqu&rsquo;un dont on ne sait trop qui il est et dont il y aurait tout lieu de se m\u00e9fier, personnage tir\u00e9 du titre d&rsquo;un livre de Richard Condon et du film homonyme de John Frankenheimer, 1962. Titre en fran\u00e7ais : Un crime dans la t\u00eate. (NdT)<\/p>\n<p><strong>Rod Such<\/strong> est un ancien r\u00e9dacteur des encyclop\u00e9dies World Book et Encarta encyclopedias. Il vit \u00e0 Portland, dans l&rsquo;\u00c9tat d&rsquo;Oregon, est est actif dans la campagne Occupation-Free Portland.<\/p>\n<p><strong>Photo \u00e0 la une<\/strong> : Andrew Lichtenstein<\/p>\n<p><a href=\"https:\/\/charleroi-pourlapalestine.be\/index.php\/category\/palestine\/un-seul-etat-democratique\/\">Trouvez ici d&rsquo;autres articles sur le m\u00eame sujet, publi\u00e9s sur ce site<\/a><\/p>\n","protected":false},"excerpt":{"rendered":"<p>Critique du livre Paradigm Lost: From Two-State Solution to One-State Reality (Le paradigme perdu\u00a0: De la solution \u00e0 deux \u00c9tats \u00e0 la r\u00e9alit\u00e9 \u00e0 un seul \u00c9tat)<\/p>\n","protected":false},"author":1,"featured_media":0,"comment_status":"closed","ping_status":"closed","sticky":false,"template":"","format":"standard","meta":{"ngg_post_thumbnail":0,"footnotes":""},"categories":[90,52,110,103],"tags":[],"class_list":["post-8060","post","type-post","status-publish","format-standard","hentry","category-bds","category-la-cour-penale-internationale","category-livres","category-un-seul-etat-democratique"],"yoast_head":"<!-- This site is optimized with the Yoast SEO plugin v27.3 - https:\/\/yoast.com\/product\/yoast-seo-wordpress\/ -->\n<title>L&#039;obscurcissement de la solution \u00e0 deux \u00c9tats - Charleroi Pour la Palestine<\/title>\n<meta name=\"description\" content=\"Critique du livre Paradigm Lost: From Two-State Solution to One-State Reality (Le paradigme perdu\u00a0: De la solution \u00e0 deux \u00c9tats \u00e0 la r\u00e9alit\u00e9 \u00e0 un seul \u00c9tat)\" \/>\n<meta name=\"robots\" content=\"index, follow, max-snippet:-1, max-image-preview:large, max-video-preview:-1\" \/>\n<link rel=\"canonical\" href=\"https:\/\/charleroi-pourlapalestine.be\/index.php\/2020\/03\/05\/lobscurcissement-de-la-solution-a-deux-etats\/\" \/>\n<script type=\"application\/ld+json\" class=\"yoast-schema-graph\">{\"@context\":\"https:\\\/\\\/schema.org\",\"@graph\":[{\"@type\":\"Article\",\"@id\":\"https:\\\/\\\/charleroi-pourlapalestine.be\\\/index.php\\\/2020\\\/03\\\/05\\\/lobscurcissement-de-la-solution-a-deux-etats\\\/#article\",\"isPartOf\":{\"@id\":\"https:\\\/\\\/charleroi-pourlapalestine.be\\\/index.php\\\/2020\\\/03\\\/05\\\/lobscurcissement-de-la-solution-a-deux-etats\\\/\"},\"author\":{\"name\":\"admin1873\",\"@id\":\"https:\\\/\\\/charleroi-pourlapalestine.be\\\/#\\\/schema\\\/person\\\/c19ff515112f1299d8c12671d8fe3faa\"},\"headline\":\"L&rsquo;obscurcissement de la solution \u00e0 deux \u00c9tats\",\"datePublished\":\"2020-03-05T09:12:11+00:00\",\"dateModified\":\"2020-03-05T09:12:13+00:00\",\"mainEntityOfPage\":{\"@id\":\"https:\\\/\\\/charleroi-pourlapalestine.be\\\/index.php\\\/2020\\\/03\\\/05\\\/lobscurcissement-de-la-solution-a-deux-etats\\\/\"},\"wordCount\":1727,\"publisher\":{\"@id\":\"https:\\\/\\\/charleroi-pourlapalestine.be\\\/#organization\"},\"image\":{\"@id\":\"https:\\\/\\\/charleroi-pourlapalestine.be\\\/index.php\\\/2020\\\/03\\\/05\\\/lobscurcissement-de-la-solution-a-deux-etats\\\/#primaryimage\"},\"thumbnailUrl\":\"https:\\\/\\\/charleroi-pourlapalestine.be\\\/wp-content\\\/uploads\\\/2020\\\/03\\\/paradigm-lost-cover-Copy-198x300.jpg\",\"articleSection\":[\"BDS\",\"Etats-Unis\",\"Livres\",\"Un Etat\"],\"inLanguage\":\"fr-FR\"},{\"@type\":\"WebPage\",\"@id\":\"https:\\\/\\\/charleroi-pourlapalestine.be\\\/index.php\\\/2020\\\/03\\\/05\\\/lobscurcissement-de-la-solution-a-deux-etats\\\/\",\"url\":\"https:\\\/\\\/charleroi-pourlapalestine.be\\\/index.php\\\/2020\\\/03\\\/05\\\/lobscurcissement-de-la-solution-a-deux-etats\\\/\",\"name\":\"L'obscurcissement de la solution \u00e0 deux \u00c9tats - Charleroi Pour la Palestine\",\"isPartOf\":{\"@id\":\"https:\\\/\\\/charleroi-pourlapalestine.be\\\/#website\"},\"primaryImageOfPage\":{\"@id\":\"https:\\\/\\\/charleroi-pourlapalestine.be\\\/index.php\\\/2020\\\/03\\\/05\\\/lobscurcissement-de-la-solution-a-deux-etats\\\/#primaryimage\"},\"image\":{\"@id\":\"https:\\\/\\\/charleroi-pourlapalestine.be\\\/index.php\\\/2020\\\/03\\\/05\\\/lobscurcissement-de-la-solution-a-deux-etats\\\/#primaryimage\"},\"thumbnailUrl\":\"https:\\\/\\\/charleroi-pourlapalestine.be\\\/wp-content\\\/uploads\\\/2020\\\/03\\\/paradigm-lost-cover-Copy-198x300.jpg\",\"datePublished\":\"2020-03-05T09:12:11+00:00\",\"dateModified\":\"2020-03-05T09:12:13+00:00\",\"description\":\"Critique du livre Paradigm Lost: From Two-State Solution to One-State Reality (Le paradigme perdu\u00a0: De la solution \u00e0 deux \u00c9tats \u00e0 la r\u00e9alit\u00e9 \u00e0 un seul \u00c9tat)\",\"breadcrumb\":{\"@id\":\"https:\\\/\\\/charleroi-pourlapalestine.be\\\/index.php\\\/2020\\\/03\\\/05\\\/lobscurcissement-de-la-solution-a-deux-etats\\\/#breadcrumb\"},\"inLanguage\":\"fr-FR\",\"potentialAction\":[{\"@type\":\"ReadAction\",\"target\":[\"https:\\\/\\\/charleroi-pourlapalestine.be\\\/index.php\\\/2020\\\/03\\\/05\\\/lobscurcissement-de-la-solution-a-deux-etats\\\/\"]}]},{\"@type\":\"ImageObject\",\"inLanguage\":\"fr-FR\",\"@id\":\"https:\\\/\\\/charleroi-pourlapalestine.be\\\/index.php\\\/2020\\\/03\\\/05\\\/lobscurcissement-de-la-solution-a-deux-etats\\\/#primaryimage\",\"url\":\"\",\"contentUrl\":\"\"},{\"@type\":\"BreadcrumbList\",\"@id\":\"https:\\\/\\\/charleroi-pourlapalestine.be\\\/index.php\\\/2020\\\/03\\\/05\\\/lobscurcissement-de-la-solution-a-deux-etats\\\/#breadcrumb\",\"itemListElement\":[{\"@type\":\"ListItem\",\"position\":1,\"name\":\"Accueil\",\"item\":\"https:\\\/\\\/charleroi-pourlapalestine.be\\\/\"},{\"@type\":\"ListItem\",\"position\":2,\"name\":\"L&#8217;obscurcissement de la solution \u00e0 deux \u00c9tats\"}]},{\"@type\":\"WebSite\",\"@id\":\"https:\\\/\\\/charleroi-pourlapalestine.be\\\/#website\",\"url\":\"https:\\\/\\\/charleroi-pourlapalestine.be\\\/\",\"name\":\"Charleroi Pour la Palestine\",\"description\":\"\",\"publisher\":{\"@id\":\"https:\\\/\\\/charleroi-pourlapalestine.be\\\/#organization\"},\"potentialAction\":[{\"@type\":\"SearchAction\",\"target\":{\"@type\":\"EntryPoint\",\"urlTemplate\":\"https:\\\/\\\/charleroi-pourlapalestine.be\\\/?s={search_term_string}\"},\"query-input\":{\"@type\":\"PropertyValueSpecification\",\"valueRequired\":true,\"valueName\":\"search_term_string\"}}],\"inLanguage\":\"fr-FR\"},{\"@type\":\"Organization\",\"@id\":\"https:\\\/\\\/charleroi-pourlapalestine.be\\\/#organization\",\"name\":\"Plate-forme Charleroi-Palestine\",\"url\":\"https:\\\/\\\/charleroi-pourlapalestine.be\\\/\",\"logo\":{\"@type\":\"ImageObject\",\"inLanguage\":\"fr-FR\",\"@id\":\"https:\\\/\\\/charleroi-pourlapalestine.be\\\/#\\\/schema\\\/logo\\\/image\\\/\",\"url\":\"https:\\\/\\\/charleroi-pourlapalestine.be\\\/wp-content\\\/uploads\\\/2020\\\/01\\\/logo-Copy.jpg\",\"contentUrl\":\"https:\\\/\\\/charleroi-pourlapalestine.be\\\/wp-content\\\/uploads\\\/2020\\\/01\\\/logo-Copy.jpg\",\"width\":180,\"height\":180,\"caption\":\"Plate-forme Charleroi-Palestine\"},\"image\":{\"@id\":\"https:\\\/\\\/charleroi-pourlapalestine.be\\\/#\\\/schema\\\/logo\\\/image\\\/\"},\"sameAs\":[\"https:\\\/\\\/www.facebook.com\\\/PlateformeCharleroiPalestine\\\/\",\"https:\\\/\\\/x.com\\\/LaCharleroi\"]},{\"@type\":\"Person\",\"@id\":\"https:\\\/\\\/charleroi-pourlapalestine.be\\\/#\\\/schema\\\/person\\\/c19ff515112f1299d8c12671d8fe3faa\",\"name\":\"admin1873\",\"url\":\"https:\\\/\\\/charleroi-pourlapalestine.be\\\/index.php\\\/author\\\/admin1873\\\/\"}]}<\/script>\n<!-- \/ Yoast SEO plugin. -->","yoast_head_json":{"title":"L'obscurcissement de la solution \u00e0 deux \u00c9tats - Charleroi Pour la Palestine","description":"Critique du livre Paradigm Lost: From Two-State Solution to One-State Reality (Le paradigme perdu\u00a0: De la solution \u00e0 deux \u00c9tats \u00e0 la r\u00e9alit\u00e9 \u00e0 un seul \u00c9tat)","robots":{"index":"index","follow":"follow","max-snippet":"max-snippet:-1","max-image-preview":"max-image-preview:large","max-video-preview":"max-video-preview:-1"},"canonical":"https:\/\/charleroi-pourlapalestine.be\/index.php\/2020\/03\/05\/lobscurcissement-de-la-solution-a-deux-etats\/","schema":{"@context":"https:\/\/schema.org","@graph":[{"@type":"Article","@id":"https:\/\/charleroi-pourlapalestine.be\/index.php\/2020\/03\/05\/lobscurcissement-de-la-solution-a-deux-etats\/#article","isPartOf":{"@id":"https:\/\/charleroi-pourlapalestine.be\/index.php\/2020\/03\/05\/lobscurcissement-de-la-solution-a-deux-etats\/"},"author":{"name":"admin1873","@id":"https:\/\/charleroi-pourlapalestine.be\/#\/schema\/person\/c19ff515112f1299d8c12671d8fe3faa"},"headline":"L&rsquo;obscurcissement de la solution \u00e0 deux \u00c9tats","datePublished":"2020-03-05T09:12:11+00:00","dateModified":"2020-03-05T09:12:13+00:00","mainEntityOfPage":{"@id":"https:\/\/charleroi-pourlapalestine.be\/index.php\/2020\/03\/05\/lobscurcissement-de-la-solution-a-deux-etats\/"},"wordCount":1727,"publisher":{"@id":"https:\/\/charleroi-pourlapalestine.be\/#organization"},"image":{"@id":"https:\/\/charleroi-pourlapalestine.be\/index.php\/2020\/03\/05\/lobscurcissement-de-la-solution-a-deux-etats\/#primaryimage"},"thumbnailUrl":"https:\/\/charleroi-pourlapalestine.be\/wp-content\/uploads\/2020\/03\/paradigm-lost-cover-Copy-198x300.jpg","articleSection":["BDS","Etats-Unis","Livres","Un Etat"],"inLanguage":"fr-FR"},{"@type":"WebPage","@id":"https:\/\/charleroi-pourlapalestine.be\/index.php\/2020\/03\/05\/lobscurcissement-de-la-solution-a-deux-etats\/","url":"https:\/\/charleroi-pourlapalestine.be\/index.php\/2020\/03\/05\/lobscurcissement-de-la-solution-a-deux-etats\/","name":"L'obscurcissement de la solution \u00e0 deux \u00c9tats - Charleroi Pour la Palestine","isPartOf":{"@id":"https:\/\/charleroi-pourlapalestine.be\/#website"},"primaryImageOfPage":{"@id":"https:\/\/charleroi-pourlapalestine.be\/index.php\/2020\/03\/05\/lobscurcissement-de-la-solution-a-deux-etats\/#primaryimage"},"image":{"@id":"https:\/\/charleroi-pourlapalestine.be\/index.php\/2020\/03\/05\/lobscurcissement-de-la-solution-a-deux-etats\/#primaryimage"},"thumbnailUrl":"https:\/\/charleroi-pourlapalestine.be\/wp-content\/uploads\/2020\/03\/paradigm-lost-cover-Copy-198x300.jpg","datePublished":"2020-03-05T09:12:11+00:00","dateModified":"2020-03-05T09:12:13+00:00","description":"Critique du livre Paradigm Lost: From Two-State Solution to One-State Reality (Le paradigme perdu\u00a0: De la solution \u00e0 deux \u00c9tats \u00e0 la r\u00e9alit\u00e9 \u00e0 un seul \u00c9tat)","breadcrumb":{"@id":"https:\/\/charleroi-pourlapalestine.be\/index.php\/2020\/03\/05\/lobscurcissement-de-la-solution-a-deux-etats\/#breadcrumb"},"inLanguage":"fr-FR","potentialAction":[{"@type":"ReadAction","target":["https:\/\/charleroi-pourlapalestine.be\/index.php\/2020\/03\/05\/lobscurcissement-de-la-solution-a-deux-etats\/"]}]},{"@type":"ImageObject","inLanguage":"fr-FR","@id":"https:\/\/charleroi-pourlapalestine.be\/index.php\/2020\/03\/05\/lobscurcissement-de-la-solution-a-deux-etats\/#primaryimage","url":"","contentUrl":""},{"@type":"BreadcrumbList","@id":"https:\/\/charleroi-pourlapalestine.be\/index.php\/2020\/03\/05\/lobscurcissement-de-la-solution-a-deux-etats\/#breadcrumb","itemListElement":[{"@type":"ListItem","position":1,"name":"Accueil","item":"https:\/\/charleroi-pourlapalestine.be\/"},{"@type":"ListItem","position":2,"name":"L&#8217;obscurcissement de la solution \u00e0 deux \u00c9tats"}]},{"@type":"WebSite","@id":"https:\/\/charleroi-pourlapalestine.be\/#website","url":"https:\/\/charleroi-pourlapalestine.be\/","name":"Charleroi Pour la Palestine","description":"","publisher":{"@id":"https:\/\/charleroi-pourlapalestine.be\/#organization"},"potentialAction":[{"@type":"SearchAction","target":{"@type":"EntryPoint","urlTemplate":"https:\/\/charleroi-pourlapalestine.be\/?s={search_term_string}"},"query-input":{"@type":"PropertyValueSpecification","valueRequired":true,"valueName":"search_term_string"}}],"inLanguage":"fr-FR"},{"@type":"Organization","@id":"https:\/\/charleroi-pourlapalestine.be\/#organization","name":"Plate-forme Charleroi-Palestine","url":"https:\/\/charleroi-pourlapalestine.be\/","logo":{"@type":"ImageObject","inLanguage":"fr-FR","@id":"https:\/\/charleroi-pourlapalestine.be\/#\/schema\/logo\/image\/","url":"https:\/\/charleroi-pourlapalestine.be\/wp-content\/uploads\/2020\/01\/logo-Copy.jpg","contentUrl":"https:\/\/charleroi-pourlapalestine.be\/wp-content\/uploads\/2020\/01\/logo-Copy.jpg","width":180,"height":180,"caption":"Plate-forme Charleroi-Palestine"},"image":{"@id":"https:\/\/charleroi-pourlapalestine.be\/#\/schema\/logo\/image\/"},"sameAs":["https:\/\/www.facebook.com\/PlateformeCharleroiPalestine\/","https:\/\/x.com\/LaCharleroi"]},{"@type":"Person","@id":"https:\/\/charleroi-pourlapalestine.be\/#\/schema\/person\/c19ff515112f1299d8c12671d8fe3faa","name":"admin1873","url":"https:\/\/charleroi-pourlapalestine.be\/index.php\/author\/admin1873\/"}]}},"_links":{"self":[{"href":"https:\/\/charleroi-pourlapalestine.be\/index.php\/wp-json\/wp\/v2\/posts\/8060","targetHints":{"allow":["GET"]}}],"collection":[{"href":"https:\/\/charleroi-pourlapalestine.be\/index.php\/wp-json\/wp\/v2\/posts"}],"about":[{"href":"https:\/\/charleroi-pourlapalestine.be\/index.php\/wp-json\/wp\/v2\/types\/post"}],"author":[{"embeddable":true,"href":"https:\/\/charleroi-pourlapalestine.be\/index.php\/wp-json\/wp\/v2\/users\/1"}],"replies":[{"embeddable":true,"href":"https:\/\/charleroi-pourlapalestine.be\/index.php\/wp-json\/wp\/v2\/comments?post=8060"}],"version-history":[{"count":0,"href":"https:\/\/charleroi-pourlapalestine.be\/index.php\/wp-json\/wp\/v2\/posts\/8060\/revisions"}],"wp:attachment":[{"href":"https:\/\/charleroi-pourlapalestine.be\/index.php\/wp-json\/wp\/v2\/media?parent=8060"}],"wp:term":[{"taxonomy":"category","embeddable":true,"href":"https:\/\/charleroi-pourlapalestine.be\/index.php\/wp-json\/wp\/v2\/categories?post=8060"},{"taxonomy":"post_tag","embeddable":true,"href":"https:\/\/charleroi-pourlapalestine.be\/index.php\/wp-json\/wp\/v2\/tags?post=8060"}],"curies":[{"name":"wp","href":"https:\/\/api.w.org\/{rel}","templated":true}]}}